{"id":7183,"date":"2025-05-22T10:52:47","date_gmt":"2025-05-22T07:52:47","guid":{"rendered":"https:\/\/memurunsesi.net\/?p=7183"},"modified":"2025-05-22T10:52:47","modified_gmt":"2025-05-22T07:52:47","slug":"baskan-secer-2029-yilina-kadar-4-kavsak-yapacagiz","status":"publish","type":"post","link":"https:\/\/memurunsesi.net\/index.php\/2025\/05\/22\/baskan-secer-2029-yilina-kadar-4-kavsak-yapacagiz\/","title":{"rendered":"Ba\u015fkan Se\u00e7er: &#8220;2029 y\u0131l\u0131na kadar 4 kav\u015fak yapaca\u011f\u0131z&#8221;"},"content":{"rendered":"<figure id=\"attachment_7184\" aria-describedby=\"caption-attachment-7184\" style=\"width: 300px\" class=\"wp-caption alignnone\"><img  title=\"\" fetchpriority=\"high\" decoding=\"async\" src=\"https:\/\/memurunsesi.net\/wp-content\/uploads\/2025\/05\/AW460206_01-300x169.jpg\"  alt=\"AW460206_01-300x169 Ba\u015fkan Se\u00e7er: &quot;2029 y\u0131l\u0131na kadar 4 kav\u015fak yapaca\u011f\u0131z&quot;\"  width=\"300\" height=\"169\" class=\"size-medium wp-image-7184\" srcset=\"https:\/\/memurunsesi.net\/wp-content\/uploads\/2025\/05\/AW460206_01-300x169.jpg 300w, https:\/\/memurunsesi.net\/wp-content\/uploads\/2025\/05\/AW460206_01-1024x576.jpg 1024w, https:\/\/memurunsesi.net\/wp-content\/uploads\/2025\/05\/AW460206_01-768x432.jpg 768w, https:\/\/memurunsesi.net\/wp-content\/uploads\/2025\/05\/AW460206_01-1536x864.jpg 1536w, https:\/\/memurunsesi.net\/wp-content\/uploads\/2025\/05\/AW460206_01-2048x1152.jpg 2048w, https:\/\/memurunsesi.net\/wp-content\/uploads\/2025\/05\/AW460206_01-600x337.jpg 600w\" sizes=\"(max-width: 300px) 100vw, 300px\" \/><figcaption id=\"caption-attachment-7184\" class=\"wp-caption-text\">MERS\u0130N&#8217;DE YAPIMI TAMAMLANAN &#8217;38. CADDE YEN\u0130 YOL A\u00c7MA PROJES\u0130&#8217;N\u0130 \u0130NCELEYEN B\u00dcY\u00dcK\u015eEH\u0130R BELED\u0130YE BA\u015eKANI VAHAP SE\u00c7ER, KULLANDI\u011eI ARA\u00c7LA 38. CADDE&#8217;DEN GE\u00c7\u0130\u015e YAPTI. (\u0130HA\/MERS\u0130N-\u0130HA)<br \/>Mersin&#8217;de yap\u0131m\u0131 tamamlanan &#8217;38. Cadde Yeni Yol A\u00e7ma Projesi&#8217;ni inceleyen B\u00fcy\u00fck\u015fehir Belediye Ba\u015fkan\u0131 Vahap Se\u00e7er, kulland\u0131\u011f\u0131 ara\u00e7la 38. Cadde&#8217;den ge\u00e7i\u015f yapt\u0131. Trafi\u011fi rahatlatacak uygulamalar\u0131 h\u0131zl\u0131 bir \u015fekilde hayata ge\u00e7irmeye devam edeceklerini belirten Se\u00e7er, 2029 y\u0131l\u0131na kadar Mersin&#8217;e 4 katl\u0131 kav\u015fak kazand\u0131racaklar\u0131n\u0131 s\u00f6yledi.<\/figcaption><\/figure>\n<p><figure id=\"attachment_7185\" aria-describedby=\"caption-attachment-7185\" style=\"width: 300px\" class=\"wp-caption alignnone\"><img  title=\"\" decoding=\"async\" src=\"https:\/\/memurunsesi.net\/wp-content\/uploads\/2025\/05\/AW460206_02-300x200.jpg\"  alt=\"AW460206_02-300x200 Ba\u015fkan Se\u00e7er: &quot;2029 y\u0131l\u0131na kadar 4 kav\u015fak yapaca\u011f\u0131z&quot;\"  width=\"300\" height=\"200\" class=\"size-medium wp-image-7185\" srcset=\"https:\/\/memurunsesi.net\/wp-content\/uploads\/2025\/05\/AW460206_02-300x200.jpg 300w, https:\/\/memurunsesi.net\/wp-content\/uploads\/2025\/05\/AW460206_02-1024x683.jpg 1024w, https:\/\/memurunsesi.net\/wp-content\/uploads\/2025\/05\/AW460206_02-768x512.jpg 768w, https:\/\/memurunsesi.net\/wp-content\/uploads\/2025\/05\/AW460206_02-1536x1024.jpg 1536w, https:\/\/memurunsesi.net\/wp-content\/uploads\/2025\/05\/AW460206_02-2048x1365.jpg 2048w, https:\/\/memurunsesi.net\/wp-content\/uploads\/2025\/05\/AW460206_02-600x400.jpg 600w\" sizes=\"(max-width: 300px) 100vw, 300px\" \/><figcaption id=\"caption-attachment-7185\" class=\"wp-caption-text\">MERS\u0130N&#8217;DE YAPIMI TAMAMLANAN &#8217;38. CADDE YEN\u0130 YOL A\u00c7MA PROJES\u0130&#8217;N\u0130 \u0130NCELEYEN B\u00dcY\u00dcK\u015eEH\u0130R BELED\u0130YE BA\u015eKANI VAHAP SE\u00c7ER, KULLANDI\u011eI ARA\u00c7LA 38. CADDE&#8217;DEN GE\u00c7\u0130\u015e YAPTI. (\u0130HA\/MERS\u0130N-\u0130HA)<br \/>Mersin&#8217;de yap\u0131m\u0131 tamamlanan &#8217;38. Cadde Yeni Yol A\u00e7ma Projesi&#8217;ni inceleyen B\u00fcy\u00fck\u015fehir Belediye Ba\u015fkan\u0131 Vahap Se\u00e7er, kulland\u0131\u011f\u0131 ara\u00e7la 38. Cadde&#8217;den ge\u00e7i\u015f yapt\u0131. Trafi\u011fi rahatlatacak uygulamalar\u0131 h\u0131zl\u0131 bir \u015fekilde hayata ge\u00e7irmeye devam edeceklerini belirten Se\u00e7er, 2029 y\u0131l\u0131na kadar Mersin&#8217;e 4 katl\u0131 kav\u015fak kazand\u0131racaklar\u0131n\u0131 s\u00f6yledi.<\/figcaption><\/figure>  Mersin&#8217;de yap\u0131m\u0131 tamamlanan &#8217;38. Cadde Yeni Yol A\u00e7ma Projesi&#8217;ni inceleyen B\u00fcy\u00fck\u015fehir Belediye Ba\u015fkan\u0131 Vahap Se\u00e7er, kulland\u0131\u011f\u0131 ara\u00e7la 38. Cadde&#8217;den ge\u00e7i\u015f yapt\u0131. Trafi\u011fi rahatlatacak uygulamalar\u0131 h\u0131zl\u0131 bir \u015fekilde hayata ge\u00e7irmeye devam edeceklerini belirten Se\u00e7er, 2029 y\u0131l\u0131na kadar Mersin&#8217;e 4 katl\u0131 kav\u015fak kazand\u0131racaklar\u0131n\u0131 s\u00f6yledi.<br \/>\n  B\u00fcy\u00fck\u015fehir Belediyesi, \u015fehrin ula\u015f\u0131m sorunlar\u0131na kal\u0131c\u0131 \u00e7\u00f6z\u00fcmler \u00fcretmek ve trafik ak\u0131\u015f\u0131n\u0131 daha d\u00fczenli ve g\u00fcvenli hale getirmek amac\u0131yla \u00e7al\u0131\u015fmalar\u0131n\u0131 s\u00fcrd\u00fcr\u00fcyor. Ba\u015fkan Se\u00e7er, Yol Yap\u0131m, Bak\u0131m ve Onar\u0131m Dairesi Ba\u015fkanl\u0131\u011f\u0131 taraf\u0131ndan yap\u0131m\u0131 tamamlanan Yeni\u015fehir il\u00e7esindeki &#8217;38. Cadde Yeni Yol A\u00e7ma Projesi&#8217;ni inceledi. Daire Ba\u015fkan\u0131 Ahmet Serkan Ataman taraf\u0131ndan proje hakk\u0131nda bilgilendirme yap\u0131lan Se\u00e7er, kulland\u0131\u011f\u0131 ara\u00e7la 38. Cadde&#8217;den ge\u00e7ti.<br \/>\n  38. Cadde&#8217;nin, 4 kilometre uzunlu\u011funda, 25 metre eninde oldu\u011funu ifade eden Se\u00e7er, &#8220;21. Cadde&#8217;den bu yola giren bir ara\u00e7, 2. \u00c7evre Yolu&#8217;na kadar kesintisiz devam edebilecek. Oradan da bat\u0131 istikametinde 2. \u00c7evre Yolu&#8217;na kat\u0131lacak&#8221; dedi. Art\u0131k sar\u0131 \u00e7izgilerin Mersin&#8217;in simgesi haline geldi\u011finin alt\u0131n\u0131 \u00e7izen Se\u00e7er, &#8220;Vatanda\u015f nerede bir sar\u0131 \u00e7izgili yol g\u00f6rse; \u2018Bu Mersin B\u00fcy\u00fck\u015fehir Belediyesi&#8217;nin yapt\u0131\u011f\u0131 yol&#8217; diyor. Yapt\u0131\u011f\u0131m\u0131z yollar son derece kaliteli. \u00c7\u00fcnk\u00fc en g\u00fczel malzeme kullan\u0131l\u0131yor, en iyi m\u00fchendislerle ve ekiplerle \u00e7al\u0131\u015f\u0131yoruz&#8221; ifadesini kulland\u0131. <\/p>\n<p>  &#8220;Yeni bir cadde Mersin&#8217;e kazand\u0131r\u0131ld\u0131&#8221;<br \/>\n  3. \u00c7evre Yolu&#8217;nda yapt\u0131klar\u0131 geni\u015fletme ve yenileme \u00e7al\u0131\u015fmalar\u0131n\u0131n kent trafi\u011fine b\u00fcy\u00fck rahatl\u0131k sa\u011flad\u0131\u011f\u0131n\u0131 vurgulayan Se\u00e7er, vatanda\u015flar taraf\u0131ndan be\u011fenilen 7 adet kanalize kav\u015fa\u011f\u0131n, hem trafikteki bekleme s\u00fcrelerini azaltt\u0131\u011f\u0131n\u0131, hem de kaza oranlar\u0131n\u0131 d\u00fc\u015f\u00fcrd\u00fc\u011f\u00fcn\u00fc kaydetti.<br \/>\n  Yolun teknik standartlara uygun olarak in\u015fa edildi\u011fi vurgulayan Se\u00e7er, altyap\u0131 kalitesine dikkat \u00e7ekerek, &#8220;Bu 4 kilometre g\u00fczergah\u0131n yakla\u015f\u0131k olarak 1500 metresini yeni yol olarak a\u00e7t\u0131k. Yani daha \u00f6nce burada herhangi bir yol yoktu. Ama di\u011fer k\u0131s\u0131mlar\u0131nda yenileme \u00e7al\u0131\u015fmalar\u0131 oldu. Burada hem kamula\u015ft\u0131rma hem imar d\u00fczenlemelerinden sonra 1500 metrelik b\u00f6l\u00fcm yeni bir cadde olarak Mersin&#8217;e kazand\u0131r\u0131ld\u0131&#8221; dedi.  <\/p>\n<p>  &#8220;Hukuki altyap\u0131lar olu\u015ftuk\u00e7a yol a\u00e7\u0131m \u00e7al\u0131\u015fmalar\u0131 da ba\u015flayacak&#8221;<br \/>\n  \u0130lk 5 y\u0131ll\u0131k g\u00f6rev s\u00fcresinde 2. \u00c7evre Yolu&#8217;nun bat\u0131 istikametinde 2 bin 300 metrelik bir g\u00fczergah a\u00e7t\u0131klar\u0131n\u0131 hat\u0131rlatan Se\u00e7er, &#8220;O g\u00fczergah 9 bin 200 metre, ona devam edece\u011fiz. Hukuki altyap\u0131lar\u0131 olu\u015ftuk\u00e7a, kamula\u015ft\u0131rma ya da imar uygulama planlar\u0131 yap\u0131ld\u0131k\u00e7a yol a\u00e7\u0131m \u00e7al\u0131\u015fmalar\u0131 ba\u015flayacak&#8221; diye konu\u015ftu. Katl\u0131 kav\u015fak \u00e7al\u0131\u015fmalar\u0131na da h\u0131z kesmeden devam edeceklerini belirten Se\u00e7er, &#8220;\u015eu anda Hal Katl\u0131 Kav\u015fa\u011f\u0131&#8217;n\u0131n deplase \u00e7al\u0131\u015fmalar\u0131n\u0131 MESK\u0130 ba\u015flatt\u0131. Kas\u0131m ay\u0131nda Yol Yap\u0131m, Bak\u0131m ve Onar\u0131m Dairesi Ba\u015fkanl\u0131\u011f\u0131m\u0131z orada \u00e7al\u0131\u015fmaya ba\u015flayacak. B\u00fcy\u00fck bir katl\u0131 kav\u015fak olacak. 2026&#8217;n\u0131n ilk \u00e7eyre\u011finde oran\u0131n \u00e7al\u0131\u015fmalar\u0131n\u0131 bitirece\u011fiz&#8221; dedi. <\/p>\n<p>  &#8220;2029 y\u0131l\u0131na kadar 4 katl\u0131 kav\u015fak yapaca\u011f\u0131z&#8221;<br \/>\n  Ekiplerin sistemli \u00e7al\u0131\u015fmalar\u0131 sayesinde \u00e7al\u0131\u015fmalar\u0131n \u00e7ok k\u0131sa s\u00fcrede bitti\u011fini ifade eden Se\u00e7er, \u015f\u00f6yle devam etti: &#8220;Projelerin bitme s\u00fcresi b\u00fcy\u00fckl\u00fc\u011f\u00fcne g\u00f6re de\u011fi\u015fiyor. 2. \u00c7evre Yolu, Mersinli Ahmet Caddesi&#8217;nin kesi\u015fti\u011fi noktada bir katl\u0131 kav\u015fak \u00e7al\u0131\u015fmam\u0131z olacak. Kuyuluk Kav\u015fa\u011f\u0131&#8217;n\u0131 katl\u0131 kav\u015fa\u011fa \u00e7evirece\u011fiz, orada da trafik \u00e7ok yo\u011funla\u015f\u0131yor. Saya Kav\u015fa\u011f\u0131&#8217;nda da katl\u0131 kav\u015fak \u00e7al\u0131\u015fmalar\u0131n\u0131 ba\u015flataca\u011f\u0131z. Ancak orada yeni a\u00e7t\u0131\u011f\u0131m\u0131z yollar, baz\u0131 yapt\u0131\u011f\u0131m\u0131z d\u00fczenlemeler trafik y\u00fck\u00fcn\u00fc azalt\u0131yor. Mersinli hem\u015fehrilerime 2029&#8217;a kadar sayd\u0131\u011f\u0131m bu 4 katl\u0131 kav\u015fa\u011f\u0131n yap\u0131m\u0131 konusunda teminat verebilirim. Bunlar\u0131n hepsini programa ald\u0131k. 2029 y\u0131l\u0131na kadar 4 katl\u0131 kav\u015fak yapaca\u011f\u0131z.&#8221; <\/p>\n<p>  &#8220;4. \u00c7evre Yolu&#8217;nu Toroslar istikametine ba\u011flayaca\u011f\u0131z&#8221;<br \/>\n  4. \u00c7evre Yolu&#8217;nu Toroslar istikametine ba\u011flayacaklar\u0131n\u0131 ifade eden Se\u00e7er, &#8220;Oraya bir viyad\u00fck yapaca\u011f\u0131z. 25 metre geni\u015fli\u011findeki yolu viyad\u00fckle Mersin \u015eehir Hastanesi&#8217;ne kadar ba\u011flayaca\u011f\u0131z. Yine G\u00f6zne-Akbelen bulvar\u0131yla da o yolumuz kesi\u015fecek&#8221; diye konu\u015ftu. Akdeniz imar planlar\u0131nda OSB&#8217;ye kadar demiryoluna paralel 50 metre geni\u015fli\u011finde bir yol i\u015faretlediklerini belirten Se\u00e7er, &#8220;D-400 Karayolu, Karayollar\u0131 Genel M\u00fcd\u00fcrl\u00fc\u011f\u00fc&#8217;ne ba\u011fl\u0131. Oradaki yol, yol olmaktan \u00e7\u0131kt\u0131, vasf\u0131n\u0131 yitirdi. Oran\u0131n geni\u015fletilmesi ve yenilenmesi laz\u0131m. O da trafi\u011fi \u00e7ok aksat\u0131yor. Ona alternatif bir yol \u00e7al\u0131\u015fmam\u0131z var. Yeni imar planlar\u0131ndaki OSB&#8217;ye kadar ilk etapta 50 metre eninde bir yol planl\u0131yoruz. B\u00fct\u00fcn bu \u00e7al\u0131\u015fmalar\u0131 yapaca\u011f\u0131z&#8221; dedi. <\/p>\n<p>22.05.2025                                  <\/p>\n","protected":false},"excerpt":{"rendered":"<p>Mersin&#8217;de yap\u0131m\u0131 tamamlanan &#8217;38. Cadde Yeni Yol A\u00e7ma Projesi&#8217;ni inceleyen B\u00fcy\u00fck\u015fehir Belediye Ba\u015fkan\u0131 Vahap Se\u00e7er, kulland\u0131\u011f\u0131 ara\u00e7la 38. Cadde&#8217;den ge\u00e7i\u015f yapt\u0131. Trafi\u011fi rahatlatacak uygulamalar\u0131 h\u0131zl\u0131 bir \u015fekilde hayata ge\u00e7irmeye devam edeceklerini belirten Se\u00e7er, 2029 y\u0131l\u0131na kadar Mersin&#8217;e 4 katl\u0131 kav\u015fak kazand\u0131racaklar\u0131n\u0131 s\u00f6yledi. B\u00fcy\u00fck\u015fehir Belediyesi, \u015fehrin ula\u015f\u0131m sorunlar\u0131na kal\u0131c\u0131 \u00e7\u00f6z\u00fcmler \u00fcretmek ve trafik ak\u0131\u015f\u0131n\u0131 daha d\u00fczenli [&hellip;]<\/p>\n","protected":false},"author":1,"featured_media":7184,"comment_status":"open","ping_status":"open","sticky":false,"template":"","format":"standard","meta":{"footnotes":""},"categories":[1],"tags":[],"class_list":["post-7183","post","type-post","status-publish","format-standard","has-post-thumbnail","hentry","category-genel"],"yoast_head":"<!-- This site is optimized with the Yoast SEO plugin v27.4 - https:\/\/yoast.com\/product\/yoast-seo-wordpress\/ -->\n<title>Ba\u015fkan Se\u00e7er: &quot;2029 y\u0131l\u0131na kadar 4 kav\u015fak yapaca\u011f\u0131z&quot; - Memurun Sesi<\/title>\n<meta name=\"robots\" content=\"index, follow, max-snippet:-1, max-image-preview:large, max-video-preview:-1\" \/>\n<link rel=\"canonical\" href=\"https:\/\/memurunsesi.net\/index.php\/2025\/05\/22\/baskan-secer-2029-yilina-kadar-4-kavsak-yapacagiz\/\" \/>\n<meta property=\"og:locale\" content=\"tr_TR\" \/>\n<meta property=\"og:type\" content=\"article\" \/>\n<meta property=\"og:title\" content=\"Ba\u015fkan Se\u00e7er: &quot;2029 y\u0131l\u0131na kadar 4 kav\u015fak yapaca\u011f\u0131z&quot; - Memurun Sesi\" \/>\n<meta property=\"og:description\" content=\"Mersin&#8217;de yap\u0131m\u0131 tamamlanan &#8217;38. Cadde Yeni Yol A\u00e7ma Projesi&#8217;ni inceleyen B\u00fcy\u00fck\u015fehir Belediye Ba\u015fkan\u0131 Vahap Se\u00e7er, kulland\u0131\u011f\u0131 ara\u00e7la 38. Cadde&#8217;den ge\u00e7i\u015f yapt\u0131. Trafi\u011fi rahatlatacak uygulamalar\u0131 h\u0131zl\u0131 bir \u015fekilde hayata ge\u00e7irmeye devam edeceklerini belirten Se\u00e7er, 2029 y\u0131l\u0131na kadar Mersin&#8217;e 4 katl\u0131 kav\u015fak kazand\u0131racaklar\u0131n\u0131 s\u00f6yledi. B\u00fcy\u00fck\u015fehir Belediyesi, \u015fehrin ula\u015f\u0131m sorunlar\u0131na kal\u0131c\u0131 \u00e7\u00f6z\u00fcmler \u00fcretmek ve trafik ak\u0131\u015f\u0131n\u0131 daha d\u00fczenli [&hellip;]\" \/>\n<meta property=\"og:url\" content=\"https:\/\/memurunsesi.net\/index.php\/2025\/05\/22\/baskan-secer-2029-yilina-kadar-4-kavsak-yapacagiz\/\" \/>\n<meta property=\"og:site_name\" content=\"Memurun Sesi\" \/>\n<meta property=\"article:publisher\" content=\"https:\/\/www.facebook.com\/unipersen\/?locale=tr_TR\" \/>\n<meta property=\"article:published_time\" content=\"2025-05-22T07:52:47+00:00\" \/>\n<meta property=\"og:image\" content=\"https:\/\/memurunsesi.net\/wp-content\/uploads\/2025\/05\/AW460206_01.jpg\" \/>\n\t<meta property=\"og:image:width\" content=\"2500\" \/>\n\t<meta property=\"og:image:height\" content=\"1406\" \/>\n\t<meta property=\"og:image:type\" content=\"image\/jpeg\" \/>\n<meta name=\"author\" content=\"Memurun Sesi Haber Merkezi\" \/>\n<meta name=\"twitter:card\" content=\"summary_large_image\" \/>\n<meta name=\"twitter:creator\" content=\"@unipersen\" \/>\n<meta name=\"twitter:site\" content=\"@unipersen\" \/>\n<meta name=\"twitter:label1\" content=\"Yazan:\" \/>\n\t<meta name=\"twitter:data1\" content=\"Memurun Sesi Haber Merkezi\" \/>\n\t<meta name=\"twitter:label2\" content=\"Tahmini okuma s\u00fcresi\" \/>\n\t<meta name=\"twitter:data2\" content=\"1 dakika\" \/>\n<script type=\"application\/ld+json\" class=\"yoast-schema-graph\">{\"@context\":\"https:\\\/\\\/schema.org\",\"@graph\":[{\"@type\":\"Article\",\"@id\":\"https:\\\/\\\/memurunsesi.net\\\/index.php\\\/2025\\\/05\\\/22\\\/baskan-secer-2029-yilina-kadar-4-kavsak-yapacagiz\\\/#article\",\"isPartOf\":{\"@id\":\"https:\\\/\\\/memurunsesi.net\\\/index.php\\\/2025\\\/05\\\/22\\\/baskan-secer-2029-yilina-kadar-4-kavsak-yapacagiz\\\/\"},\"author\":{\"name\":\"Memurun Sesi Haber Merkezi\",\"@id\":\"https:\\\/\\\/memurunsesi.net\\\/#\\\/schema\\\/person\\\/f21c2d73b89f6ee1d80b0a1803e38587\"},\"headline\":\"Ba\u015fkan Se\u00e7er: &#8220;2029 y\u0131l\u0131na kadar 4 kav\u015fak yapaca\u011f\u0131z&#8221;\",\"datePublished\":\"2025-05-22T07:52:47+00:00\",\"mainEntityOfPage\":{\"@id\":\"https:\\\/\\\/memurunsesi.net\\\/index.php\\\/2025\\\/05\\\/22\\\/baskan-secer-2029-yilina-kadar-4-kavsak-yapacagiz\\\/\"},\"wordCount\":1040,\"commentCount\":0,\"publisher\":{\"@id\":\"https:\\\/\\\/memurunsesi.net\\\/#organization\"},\"image\":{\"@id\":\"https:\\\/\\\/memurunsesi.net\\\/index.php\\\/2025\\\/05\\\/22\\\/baskan-secer-2029-yilina-kadar-4-kavsak-yapacagiz\\\/#primaryimage\"},\"thumbnailUrl\":\"https:\\\/\\\/memurunsesi.net\\\/wp-content\\\/uploads\\\/2025\\\/05\\\/AW460206_01.jpg\",\"inLanguage\":\"tr\",\"potentialAction\":[{\"@type\":\"CommentAction\",\"name\":\"Comment\",\"target\":[\"https:\\\/\\\/memurunsesi.net\\\/index.php\\\/2025\\\/05\\\/22\\\/baskan-secer-2029-yilina-kadar-4-kavsak-yapacagiz\\\/#respond\"]}]},{\"@type\":\"WebPage\",\"@id\":\"https:\\\/\\\/memurunsesi.net\\\/index.php\\\/2025\\\/05\\\/22\\\/baskan-secer-2029-yilina-kadar-4-kavsak-yapacagiz\\\/\",\"url\":\"https:\\\/\\\/memurunsesi.net\\\/index.php\\\/2025\\\/05\\\/22\\\/baskan-secer-2029-yilina-kadar-4-kavsak-yapacagiz\\\/\",\"name\":\"Ba\u015fkan Se\u00e7er: \\\"2029 y\u0131l\u0131na kadar 4 kav\u015fak yapaca\u011f\u0131z\\\" - Memurun Sesi\",\"isPartOf\":{\"@id\":\"https:\\\/\\\/memurunsesi.net\\\/#website\"},\"primaryImageOfPage\":{\"@id\":\"https:\\\/\\\/memurunsesi.net\\\/index.php\\\/2025\\\/05\\\/22\\\/baskan-secer-2029-yilina-kadar-4-kavsak-yapacagiz\\\/#primaryimage\"},\"image\":{\"@id\":\"https:\\\/\\\/memurunsesi.net\\\/index.php\\\/2025\\\/05\\\/22\\\/baskan-secer-2029-yilina-kadar-4-kavsak-yapacagiz\\\/#primaryimage\"},\"thumbnailUrl\":\"https:\\\/\\\/memurunsesi.net\\\/wp-content\\\/uploads\\\/2025\\\/05\\\/AW460206_01.jpg\",\"datePublished\":\"2025-05-22T07:52:47+00:00\",\"breadcrumb\":{\"@id\":\"https:\\\/\\\/memurunsesi.net\\\/index.php\\\/2025\\\/05\\\/22\\\/baskan-secer-2029-yilina-kadar-4-kavsak-yapacagiz\\\/#breadcrumb\"},\"inLanguage\":\"tr\",\"potentialAction\":[{\"@type\":\"ReadAction\",\"target\":[\"https:\\\/\\\/memurunsesi.net\\\/index.php\\\/2025\\\/05\\\/22\\\/baskan-secer-2029-yilina-kadar-4-kavsak-yapacagiz\\\/\"]}]},{\"@type\":\"ImageObject\",\"inLanguage\":\"tr\",\"@id\":\"https:\\\/\\\/memurunsesi.net\\\/index.php\\\/2025\\\/05\\\/22\\\/baskan-secer-2029-yilina-kadar-4-kavsak-yapacagiz\\\/#primaryimage\",\"url\":\"https:\\\/\\\/memurunsesi.net\\\/wp-content\\\/uploads\\\/2025\\\/05\\\/AW460206_01.jpg\",\"contentUrl\":\"https:\\\/\\\/memurunsesi.net\\\/wp-content\\\/uploads\\\/2025\\\/05\\\/AW460206_01.jpg\",\"width\":2500,\"height\":1406,\"caption\":\"MERS\u0130N'DE YAPIMI TAMAMLANAN '38. CADDE YEN\u0130 YOL A\u00c7MA PROJES\u0130'N\u0130 \u0130NCELEYEN B\u00dcY\u00dcK\u015eEH\u0130R BELED\u0130YE BA\u015eKANI VAHAP SE\u00c7ER, KULLANDI\u011eI ARA\u00c7LA 38. CADDE'DEN GE\u00c7\u0130\u015e YAPTI. (\u0130HA\\\/MERS\u0130N-\u0130HA) Mersin'de yap\u0131m\u0131 tamamlanan '38. Cadde Yeni Yol A\u00e7ma Projesi'ni inceleyen B\u00fcy\u00fck\u015fehir Belediye Ba\u015fkan\u0131 Vahap Se\u00e7er, kulland\u0131\u011f\u0131 ara\u00e7la 38. Cadde'den ge\u00e7i\u015f yapt\u0131. Trafi\u011fi rahatlatacak uygulamalar\u0131 h\u0131zl\u0131 bir \u015fekilde hayata ge\u00e7irmeye devam edeceklerini belirten Se\u00e7er, 2029 y\u0131l\u0131na kadar Mersin'e 4 katl\u0131 kav\u015fak kazand\u0131racaklar\u0131n\u0131 s\u00f6yledi.\"},{\"@type\":\"BreadcrumbList\",\"@id\":\"https:\\\/\\\/memurunsesi.net\\\/index.php\\\/2025\\\/05\\\/22\\\/baskan-secer-2029-yilina-kadar-4-kavsak-yapacagiz\\\/#breadcrumb\",\"itemListElement\":[{\"@type\":\"ListItem\",\"position\":1,\"name\":\"Anasayfa\",\"item\":\"https:\\\/\\\/memurunsesi.net\\\/\"},{\"@type\":\"ListItem\",\"position\":2,\"name\":\"Ba\u015fkan Se\u00e7er: &#8220;2029 y\u0131l\u0131na kadar 4 kav\u015fak yapaca\u011f\u0131z&#8221;\"}]},{\"@type\":\"WebSite\",\"@id\":\"https:\\\/\\\/memurunsesi.net\\\/#website\",\"url\":\"https:\\\/\\\/memurunsesi.net\\\/\",\"name\":\"Memurun Sesi\",\"description\":\"G\u00fcncel ve Do\u011fru Haber\",\"publisher\":{\"@id\":\"https:\\\/\\\/memurunsesi.net\\\/#organization\"},\"potentialAction\":[{\"@type\":\"SearchAction\",\"target\":{\"@type\":\"EntryPoint\",\"urlTemplate\":\"https:\\\/\\\/memurunsesi.net\\\/?s={search_term_string}\"},\"query-input\":{\"@type\":\"PropertyValueSpecification\",\"valueRequired\":true,\"valueName\":\"search_term_string\"}}],\"inLanguage\":\"tr\"},{\"@type\":\"Organization\",\"@id\":\"https:\\\/\\\/memurunsesi.net\\\/#organization\",\"name\":\"Memurun Sesi\",\"url\":\"https:\\\/\\\/memurunsesi.net\\\/\",\"logo\":{\"@type\":\"ImageObject\",\"inLanguage\":\"tr\",\"@id\":\"https:\\\/\\\/memurunsesi.net\\\/#\\\/schema\\\/logo\\\/image\\\/\",\"url\":\"https:\\\/\\\/memurunsesi.net\\\/wp-content\\\/uploads\\\/2025\\\/11\\\/cropped-MEMURUN-SESI.png\",\"contentUrl\":\"https:\\\/\\\/memurunsesi.net\\\/wp-content\\\/uploads\\\/2025\\\/11\\\/cropped-MEMURUN-SESI.png\",\"width\":238,\"height\":57,\"caption\":\"Memurun Sesi\"},\"image\":{\"@id\":\"https:\\\/\\\/memurunsesi.net\\\/#\\\/schema\\\/logo\\\/image\\\/\"},\"sameAs\":[\"https:\\\/\\\/www.facebook.com\\\/unipersen\\\/?locale=tr_TR\",\"https:\\\/\\\/x.com\\\/unipersen\"]},{\"@type\":\"Person\",\"@id\":\"https:\\\/\\\/memurunsesi.net\\\/#\\\/schema\\\/person\\\/f21c2d73b89f6ee1d80b0a1803e38587\",\"name\":\"Memurun Sesi Haber Merkezi\",\"image\":{\"@type\":\"ImageObject\",\"inLanguage\":\"tr\",\"@id\":\"https:\\\/\\\/secure.gravatar.com\\\/avatar\\\/6cf0505f452ee753f485014986fab09a434671d2b919ee76fc541025c5876a70?s=96&d=mm&r=g\",\"url\":\"https:\\\/\\\/secure.gravatar.com\\\/avatar\\\/6cf0505f452ee753f485014986fab09a434671d2b919ee76fc541025c5876a70?s=96&d=mm&r=g\",\"contentUrl\":\"https:\\\/\\\/secure.gravatar.com\\\/avatar\\\/6cf0505f452ee753f485014986fab09a434671d2b919ee76fc541025c5876a70?s=96&d=mm&r=g\",\"caption\":\"Memurun Sesi Haber Merkezi\"},\"sameAs\":[\"https:\\\/\\\/memurunsesi.net\"],\"url\":\"https:\\\/\\\/memurunsesi.net\\\/index.php\\\/author\\\/uniper\\\/\"}]}<\/script>\n<!-- \/ Yoast SEO plugin. -->","yoast_head_json":{"title":"Ba\u015fkan Se\u00e7er: \"2029 y\u0131l\u0131na kadar 4 kav\u015fak yapaca\u011f\u0131z\" - Memurun Sesi","robots":{"index":"index","follow":"follow","max-snippet":"max-snippet:-1","max-image-preview":"max-image-preview:large","max-video-preview":"max-video-preview:-1"},"canonical":"https:\/\/memurunsesi.net\/index.php\/2025\/05\/22\/baskan-secer-2029-yilina-kadar-4-kavsak-yapacagiz\/","og_locale":"tr_TR","og_type":"article","og_title":"Ba\u015fkan Se\u00e7er: \"2029 y\u0131l\u0131na kadar 4 kav\u015fak yapaca\u011f\u0131z\" - Memurun Sesi","og_description":"Mersin&#8217;de yap\u0131m\u0131 tamamlanan &#8217;38. Cadde Yeni Yol A\u00e7ma Projesi&#8217;ni inceleyen B\u00fcy\u00fck\u015fehir Belediye Ba\u015fkan\u0131 Vahap Se\u00e7er, kulland\u0131\u011f\u0131 ara\u00e7la 38. Cadde&#8217;den ge\u00e7i\u015f yapt\u0131. Trafi\u011fi rahatlatacak uygulamalar\u0131 h\u0131zl\u0131 bir \u015fekilde hayata ge\u00e7irmeye devam edeceklerini belirten Se\u00e7er, 2029 y\u0131l\u0131na kadar Mersin&#8217;e 4 katl\u0131 kav\u015fak kazand\u0131racaklar\u0131n\u0131 s\u00f6yledi. B\u00fcy\u00fck\u015fehir Belediyesi, \u015fehrin ula\u015f\u0131m sorunlar\u0131na kal\u0131c\u0131 \u00e7\u00f6z\u00fcmler \u00fcretmek ve trafik ak\u0131\u015f\u0131n\u0131 daha d\u00fczenli [&hellip;]","og_url":"https:\/\/memurunsesi.net\/index.php\/2025\/05\/22\/baskan-secer-2029-yilina-kadar-4-kavsak-yapacagiz\/","og_site_name":"Memurun Sesi","article_publisher":"https:\/\/www.facebook.com\/unipersen\/?locale=tr_TR","article_published_time":"2025-05-22T07:52:47+00:00","og_image":[{"width":2500,"height":1406,"url":"https:\/\/memurunsesi.net\/wp-content\/uploads\/2025\/05\/AW460206_01.jpg","type":"image\/jpeg"}],"author":"Memurun Sesi Haber Merkezi","twitter_card":"summary_large_image","twitter_creator":"@unipersen","twitter_site":"@unipersen","twitter_misc":{"Yazan:":"Memurun Sesi Haber Merkezi","Tahmini okuma s\u00fcresi":"1 dakika"},"schema":{"@context":"https:\/\/schema.org","@graph":[{"@type":"Article","@id":"https:\/\/memurunsesi.net\/index.php\/2025\/05\/22\/baskan-secer-2029-yilina-kadar-4-kavsak-yapacagiz\/#article","isPartOf":{"@id":"https:\/\/memurunsesi.net\/index.php\/2025\/05\/22\/baskan-secer-2029-yilina-kadar-4-kavsak-yapacagiz\/"},"author":{"name":"Memurun Sesi Haber Merkezi","@id":"https:\/\/memurunsesi.net\/#\/schema\/person\/f21c2d73b89f6ee1d80b0a1803e38587"},"headline":"Ba\u015fkan Se\u00e7er: &#8220;2029 y\u0131l\u0131na kadar 4 kav\u015fak yapaca\u011f\u0131z&#8221;","datePublished":"2025-05-22T07:52:47+00:00","mainEntityOfPage":{"@id":"https:\/\/memurunsesi.net\/index.php\/2025\/05\/22\/baskan-secer-2029-yilina-kadar-4-kavsak-yapacagiz\/"},"wordCount":1040,"commentCount":0,"publisher":{"@id":"https:\/\/memurunsesi.net\/#organization"},"image":{"@id":"https:\/\/memurunsesi.net\/index.php\/2025\/05\/22\/baskan-secer-2029-yilina-kadar-4-kavsak-yapacagiz\/#primaryimage"},"thumbnailUrl":"https:\/\/memurunsesi.net\/wp-content\/uploads\/2025\/05\/AW460206_01.jpg","inLanguage":"tr","potentialAction":[{"@type":"CommentAction","name":"Comment","target":["https:\/\/memurunsesi.net\/index.php\/2025\/05\/22\/baskan-secer-2029-yilina-kadar-4-kavsak-yapacagiz\/#respond"]}]},{"@type":"WebPage","@id":"https:\/\/memurunsesi.net\/index.php\/2025\/05\/22\/baskan-secer-2029-yilina-kadar-4-kavsak-yapacagiz\/","url":"https:\/\/memurunsesi.net\/index.php\/2025\/05\/22\/baskan-secer-2029-yilina-kadar-4-kavsak-yapacagiz\/","name":"Ba\u015fkan Se\u00e7er: \"2029 y\u0131l\u0131na kadar 4 kav\u015fak yapaca\u011f\u0131z\" - Memurun Sesi","isPartOf":{"@id":"https:\/\/memurunsesi.net\/#website"},"primaryImageOfPage":{"@id":"https:\/\/memurunsesi.net\/index.php\/2025\/05\/22\/baskan-secer-2029-yilina-kadar-4-kavsak-yapacagiz\/#primaryimage"},"image":{"@id":"https:\/\/memurunsesi.net\/index.php\/2025\/05\/22\/baskan-secer-2029-yilina-kadar-4-kavsak-yapacagiz\/#primaryimage"},"thumbnailUrl":"https:\/\/memurunsesi.net\/wp-content\/uploads\/2025\/05\/AW460206_01.jpg","datePublished":"2025-05-22T07:52:47+00:00","breadcrumb":{"@id":"https:\/\/memurunsesi.net\/index.php\/2025\/05\/22\/baskan-secer-2029-yilina-kadar-4-kavsak-yapacagiz\/#breadcrumb"},"inLanguage":"tr","potentialAction":[{"@type":"ReadAction","target":["https:\/\/memurunsesi.net\/index.php\/2025\/05\/22\/baskan-secer-2029-yilina-kadar-4-kavsak-yapacagiz\/"]}]},{"@type":"ImageObject","inLanguage":"tr","@id":"https:\/\/memurunsesi.net\/index.php\/2025\/05\/22\/baskan-secer-2029-yilina-kadar-4-kavsak-yapacagiz\/#primaryimage","url":"https:\/\/memurunsesi.net\/wp-content\/uploads\/2025\/05\/AW460206_01.jpg","contentUrl":"https:\/\/memurunsesi.net\/wp-content\/uploads\/2025\/05\/AW460206_01.jpg","width":2500,"height":1406,"caption":"MERS\u0130N'DE YAPIMI TAMAMLANAN '38. CADDE YEN\u0130 YOL A\u00c7MA PROJES\u0130'N\u0130 \u0130NCELEYEN B\u00dcY\u00dcK\u015eEH\u0130R BELED\u0130YE BA\u015eKANI VAHAP SE\u00c7ER, KULLANDI\u011eI ARA\u00c7LA 38. CADDE'DEN GE\u00c7\u0130\u015e YAPTI. (\u0130HA\/MERS\u0130N-\u0130HA) Mersin'de yap\u0131m\u0131 tamamlanan '38. Cadde Yeni Yol A\u00e7ma Projesi'ni inceleyen B\u00fcy\u00fck\u015fehir Belediye Ba\u015fkan\u0131 Vahap Se\u00e7er, kulland\u0131\u011f\u0131 ara\u00e7la 38. Cadde'den ge\u00e7i\u015f yapt\u0131. Trafi\u011fi rahatlatacak uygulamalar\u0131 h\u0131zl\u0131 bir \u015fekilde hayata ge\u00e7irmeye devam edeceklerini belirten Se\u00e7er, 2029 y\u0131l\u0131na kadar Mersin'e 4 katl\u0131 kav\u015fak kazand\u0131racaklar\u0131n\u0131 s\u00f6yledi."},{"@type":"BreadcrumbList","@id":"https:\/\/memurunsesi.net\/index.php\/2025\/05\/22\/baskan-secer-2029-yilina-kadar-4-kavsak-yapacagiz\/#breadcrumb","itemListElement":[{"@type":"ListItem","position":1,"name":"Anasayfa","item":"https:\/\/memurunsesi.net\/"},{"@type":"ListItem","position":2,"name":"Ba\u015fkan Se\u00e7er: &#8220;2029 y\u0131l\u0131na kadar 4 kav\u015fak yapaca\u011f\u0131z&#8221;"}]},{"@type":"WebSite","@id":"https:\/\/memurunsesi.net\/#website","url":"https:\/\/memurunsesi.net\/","name":"Memurun Sesi","description":"G\u00fcncel ve Do\u011fru Haber","publisher":{"@id":"https:\/\/memurunsesi.net\/#organization"},"potentialAction":[{"@type":"SearchAction","target":{"@type":"EntryPoint","urlTemplate":"https:\/\/memurunsesi.net\/?s={search_term_string}"},"query-input":{"@type":"PropertyValueSpecification","valueRequired":true,"valueName":"search_term_string"}}],"inLanguage":"tr"},{"@type":"Organization","@id":"https:\/\/memurunsesi.net\/#organization","name":"Memurun Sesi","url":"https:\/\/memurunsesi.net\/","logo":{"@type":"ImageObject","inLanguage":"tr","@id":"https:\/\/memurunsesi.net\/#\/schema\/logo\/image\/","url":"https:\/\/memurunsesi.net\/wp-content\/uploads\/2025\/11\/cropped-MEMURUN-SESI.png","contentUrl":"https:\/\/memurunsesi.net\/wp-content\/uploads\/2025\/11\/cropped-MEMURUN-SESI.png","width":238,"height":57,"caption":"Memurun Sesi"},"image":{"@id":"https:\/\/memurunsesi.net\/#\/schema\/logo\/image\/"},"sameAs":["https:\/\/www.facebook.com\/unipersen\/?locale=tr_TR","https:\/\/x.com\/unipersen"]},{"@type":"Person","@id":"https:\/\/memurunsesi.net\/#\/schema\/person\/f21c2d73b89f6ee1d80b0a1803e38587","name":"Memurun Sesi Haber Merkezi","image":{"@type":"ImageObject","inLanguage":"tr","@id":"https:\/\/secure.gravatar.com\/avatar\/6cf0505f452ee753f485014986fab09a434671d2b919ee76fc541025c5876a70?s=96&d=mm&r=g","url":"https:\/\/secure.gravatar.com\/avatar\/6cf0505f452ee753f485014986fab09a434671d2b919ee76fc541025c5876a70?s=96&d=mm&r=g","contentUrl":"https:\/\/secure.gravatar.com\/avatar\/6cf0505f452ee753f485014986fab09a434671d2b919ee76fc541025c5876a70?s=96&d=mm&r=g","caption":"Memurun Sesi Haber Merkezi"},"sameAs":["https:\/\/memurunsesi.net"],"url":"https:\/\/memurunsesi.net\/index.php\/author\/uniper\/"}]}},"_links":{"self":[{"href":"https:\/\/memurunsesi.net\/index.php\/wp-json\/wp\/v2\/posts\/7183","targetHints":{"allow":["GET"]}}],"collection":[{"href":"https:\/\/memurunsesi.net\/index.php\/wp-json\/wp\/v2\/posts"}],"about":[{"href":"https:\/\/memurunsesi.net\/index.php\/wp-json\/wp\/v2\/types\/post"}],"author":[{"embeddable":true,"href":"https:\/\/memurunsesi.net\/index.php\/wp-json\/wp\/v2\/users\/1"}],"replies":[{"embeddable":true,"href":"https:\/\/memurunsesi.net\/index.php\/wp-json\/wp\/v2\/comments?post=7183"}],"version-history":[{"count":1,"href":"https:\/\/memurunsesi.net\/index.php\/wp-json\/wp\/v2\/posts\/7183\/revisions"}],"predecessor-version":[{"id":7186,"href":"https:\/\/memurunsesi.net\/index.php\/wp-json\/wp\/v2\/posts\/7183\/revisions\/7186"}],"wp:featuredmedia":[{"embeddable":true,"href":"https:\/\/memurunsesi.net\/index.php\/wp-json\/wp\/v2\/media\/7184"}],"wp:attachment":[{"href":"https:\/\/memurunsesi.net\/index.php\/wp-json\/wp\/v2\/media?parent=7183"}],"wp:term":[{"taxonomy":"category","embeddable":true,"href":"https:\/\/memurunsesi.net\/index.php\/wp-json\/wp\/v2\/categories?post=7183"},{"taxonomy":"post_tag","embeddable":true,"href":"https:\/\/memurunsesi.net\/index.php\/wp-json\/wp\/v2\/tags?post=7183"}],"curies":[{"name":"wp","href":"https:\/\/api.w.org\/{rel}","templated":true}]}}