{"id":7199,"date":"2025-05-22T11:00:32","date_gmt":"2025-05-22T08:00:32","guid":{"rendered":"https:\/\/memurunsesi.net\/?p=7199"},"modified":"2025-05-22T11:00:32","modified_gmt":"2025-05-22T08:00:32","slug":"kayserispor-u19-takimindan-fair-play-ornegi","status":"publish","type":"post","link":"https:\/\/memurunsesi.net\/index.php\/2025\/05\/22\/kayserispor-u19-takimindan-fair-play-ornegi\/","title":{"rendered":"Kayserispor U19 tak\u0131m\u0131ndan fair-play \u00f6rne\u011fi"},"content":{"rendered":"<p>  U19 Elit A Ligi&#8217;nde d\u00fcn Kayseri&#8217;de Kayserispor ile Trabzonspor tak\u0131mlar\u0131 kar\u015f\u0131 kar\u015f\u0131ya geldi.<br \/>\nKayseri Atat\u00fcrk Spor Kompleksi Yan A\u00e7\u0131k Sahada oynanan kar\u015f\u0131la\u015fma \u00f6ncesinde Kayserispor U19 tak\u0131m\u0131 \u00f6rnek bir davran\u0131\u015f\u0131 dikkat \u00e7ekti. Sar\u0131 k\u0131rm\u0131z\u0131l\u0131 ekip, sahaya \u00e7\u0131kan Trabzonspor U19 tak\u0131m\u0131n\u0131 alk\u0131\u015flarla kar\u015f\u0131larken, Kayserispor Kul\u00fcb\u00fc Ba\u015fkan Yard\u0131mc\u0131s\u0131 S\u00fcleyman Ak\u0131n; Trabzonspor Teknik Direkt\u00f6r\u00fc Ey\u00fcp Saka ve tak\u0131m kaptan\u0131na UEFA Gen\u00e7lik Ligi&#8217;ndeki ba\u015far\u0131lar\u0131ndan dolay\u0131 plaket takdim etti. Bu jest, iki kul\u00fcp aras\u0131nda fair-play ruhunu \u00f6n plana \u00e7\u0131kard\u0131.<br \/>\n  Kar\u015f\u0131la\u015fmay\u0131 izleyen futbolseverler Trabzonspor U19 tak\u0131m\u0131n\u0131 alk\u0131\u015flayarak tebrik etti. <\/p>\n<p>22.05.2025                               <\/p>\n","protected":false},"excerpt":{"rendered":"<p>U19 Elit A Ligi&#8217;nde d\u00fcn Kayseri&#8217;de Kayserispor ile Trabzonspor tak\u0131mlar\u0131 kar\u015f\u0131 kar\u015f\u0131ya geldi. Kayseri Atat\u00fcrk Spor Kompleksi Yan A\u00e7\u0131k Sahada oynanan kar\u015f\u0131la\u015fma \u00f6ncesinde Kayserispor U19 tak\u0131m\u0131 \u00f6rnek bir davran\u0131\u015f\u0131 dikkat \u00e7ekti. Sar\u0131 k\u0131rm\u0131z\u0131l\u0131 ekip, sahaya \u00e7\u0131kan Trabzonspor U19 tak\u0131m\u0131n\u0131 alk\u0131\u015flarla kar\u015f\u0131larken, Kayserispor Kul\u00fcb\u00fc Ba\u015fkan Yard\u0131mc\u0131s\u0131 S\u00fcleyman Ak\u0131n; Trabzonspor Teknik Direkt\u00f6r\u00fc Ey\u00fcp Saka ve tak\u0131m kaptan\u0131na [&hellip;]<\/p>\n","protected":false},"author":1,"featured_media":0,"comment_status":"open","ping_status":"open","sticky":false,"template":"","format":"standard","meta":{"footnotes":""},"categories":[57],"tags":[],"class_list":["post-7199","post","type-post","status-publish","format-standard","hentry","category-spor"],"yoast_head":"<!-- This site is optimized with the Yoast SEO plugin v27.4 - https:\/\/yoast.com\/product\/yoast-seo-wordpress\/ -->\n<title>Kayserispor U19 tak\u0131m\u0131ndan fair-play \u00f6rne\u011fi - Memurun Sesi<\/title>\n<meta name=\"robots\" content=\"index, follow, max-snippet:-1, max-image-preview:large, max-video-preview:-1\" \/>\n<link rel=\"canonical\" href=\"https:\/\/memurunsesi.net\/index.php\/2025\/05\/22\/kayserispor-u19-takimindan-fair-play-ornegi\/\" \/>\n<meta property=\"og:locale\" content=\"tr_TR\" \/>\n<meta property=\"og:type\" content=\"article\" \/>\n<meta property=\"og:title\" content=\"Kayserispor U19 tak\u0131m\u0131ndan fair-play \u00f6rne\u011fi - Memurun Sesi\" \/>\n<meta property=\"og:description\" content=\"U19 Elit A Ligi&#8217;nde d\u00fcn Kayseri&#8217;de Kayserispor ile Trabzonspor tak\u0131mlar\u0131 kar\u015f\u0131 kar\u015f\u0131ya geldi. Kayseri Atat\u00fcrk Spor Kompleksi Yan A\u00e7\u0131k Sahada oynanan kar\u015f\u0131la\u015fma \u00f6ncesinde Kayserispor U19 tak\u0131m\u0131 \u00f6rnek bir davran\u0131\u015f\u0131 dikkat \u00e7ekti. Sar\u0131 k\u0131rm\u0131z\u0131l\u0131 ekip, sahaya \u00e7\u0131kan Trabzonspor U19 tak\u0131m\u0131n\u0131 alk\u0131\u015flarla kar\u015f\u0131larken, Kayserispor Kul\u00fcb\u00fc Ba\u015fkan Yard\u0131mc\u0131s\u0131 S\u00fcleyman Ak\u0131n; Trabzonspor Teknik Direkt\u00f6r\u00fc Ey\u00fcp Saka ve tak\u0131m kaptan\u0131na [&hellip;]\" \/>\n<meta property=\"og:url\" content=\"https:\/\/memurunsesi.net\/index.php\/2025\/05\/22\/kayserispor-u19-takimindan-fair-play-ornegi\/\" \/>\n<meta property=\"og:site_name\" content=\"Memurun Sesi\" \/>\n<meta property=\"article:publisher\" content=\"https:\/\/www.facebook.com\/unipersen\/?locale=tr_TR\" \/>\n<meta property=\"article:published_time\" content=\"2025-05-22T08:00:32+00:00\" \/>\n<meta name=\"author\" content=\"Memurun Sesi Haber Merkezi\" \/>\n<meta name=\"twitter:card\" content=\"summary_large_image\" \/>\n<meta name=\"twitter:creator\" content=\"@unipersen\" \/>\n<meta name=\"twitter:site\" content=\"@unipersen\" \/>\n<meta name=\"twitter:label1\" content=\"Yazan:\" \/>\n\t<meta name=\"twitter:data1\" content=\"Memurun Sesi Haber Merkezi\" \/>\n<script type=\"application\/ld+json\" class=\"yoast-schema-graph\">{\"@context\":\"https:\\\/\\\/schema.org\",\"@graph\":[{\"@type\":\"Article\",\"@id\":\"https:\\\/\\\/memurunsesi.net\\\/index.php\\\/2025\\\/05\\\/22\\\/kayserispor-u19-takimindan-fair-play-ornegi\\\/#article\",\"isPartOf\":{\"@id\":\"https:\\\/\\\/memurunsesi.net\\\/index.php\\\/2025\\\/05\\\/22\\\/kayserispor-u19-takimindan-fair-play-ornegi\\\/\"},\"author\":{\"name\":\"Memurun Sesi Haber Merkezi\",\"@id\":\"https:\\\/\\\/memurunsesi.net\\\/#\\\/schema\\\/person\\\/f21c2d73b89f6ee1d80b0a1803e38587\"},\"headline\":\"Kayserispor U19 tak\u0131m\u0131ndan fair-play \u00f6rne\u011fi\",\"datePublished\":\"2025-05-22T08:00:32+00:00\",\"mainEntityOfPage\":{\"@id\":\"https:\\\/\\\/memurunsesi.net\\\/index.php\\\/2025\\\/05\\\/22\\\/kayserispor-u19-takimindan-fair-play-ornegi\\\/\"},\"wordCount\":129,\"commentCount\":0,\"publisher\":{\"@id\":\"https:\\\/\\\/memurunsesi.net\\\/#organization\"},\"articleSection\":[\"Spor\"],\"inLanguage\":\"tr\",\"potentialAction\":[{\"@type\":\"CommentAction\",\"name\":\"Comment\",\"target\":[\"https:\\\/\\\/memurunsesi.net\\\/index.php\\\/2025\\\/05\\\/22\\\/kayserispor-u19-takimindan-fair-play-ornegi\\\/#respond\"]}]},{\"@type\":\"WebPage\",\"@id\":\"https:\\\/\\\/memurunsesi.net\\\/index.php\\\/2025\\\/05\\\/22\\\/kayserispor-u19-takimindan-fair-play-ornegi\\\/\",\"url\":\"https:\\\/\\\/memurunsesi.net\\\/index.php\\\/2025\\\/05\\\/22\\\/kayserispor-u19-takimindan-fair-play-ornegi\\\/\",\"name\":\"Kayserispor U19 tak\u0131m\u0131ndan fair-play \u00f6rne\u011fi - Memurun Sesi\",\"isPartOf\":{\"@id\":\"https:\\\/\\\/memurunsesi.net\\\/#website\"},\"datePublished\":\"2025-05-22T08:00:32+00:00\",\"breadcrumb\":{\"@id\":\"https:\\\/\\\/memurunsesi.net\\\/index.php\\\/2025\\\/05\\\/22\\\/kayserispor-u19-takimindan-fair-play-ornegi\\\/#breadcrumb\"},\"inLanguage\":\"tr\",\"potentialAction\":[{\"@type\":\"ReadAction\",\"target\":[\"https:\\\/\\\/memurunsesi.net\\\/index.php\\\/2025\\\/05\\\/22\\\/kayserispor-u19-takimindan-fair-play-ornegi\\\/\"]}]},{\"@type\":\"BreadcrumbList\",\"@id\":\"https:\\\/\\\/memurunsesi.net\\\/index.php\\\/2025\\\/05\\\/22\\\/kayserispor-u19-takimindan-fair-play-ornegi\\\/#breadcrumb\",\"itemListElement\":[{\"@type\":\"ListItem\",\"position\":1,\"name\":\"Anasayfa\",\"item\":\"https:\\\/\\\/memurunsesi.net\\\/\"},{\"@type\":\"ListItem\",\"position\":2,\"name\":\"Kayserispor U19 tak\u0131m\u0131ndan fair-play \u00f6rne\u011fi\"}]},{\"@type\":\"WebSite\",\"@id\":\"https:\\\/\\\/memurunsesi.net\\\/#website\",\"url\":\"https:\\\/\\\/memurunsesi.net\\\/\",\"name\":\"Memurun Sesi\",\"description\":\"G\u00fcncel ve Do\u011fru Haber\",\"publisher\":{\"@id\":\"https:\\\/\\\/memurunsesi.net\\\/#organization\"},\"potentialAction\":[{\"@type\":\"SearchAction\",\"target\":{\"@type\":\"EntryPoint\",\"urlTemplate\":\"https:\\\/\\\/memurunsesi.net\\\/?s={search_term_string}\"},\"query-input\":{\"@type\":\"PropertyValueSpecification\",\"valueRequired\":true,\"valueName\":\"search_term_string\"}}],\"inLanguage\":\"tr\"},{\"@type\":\"Organization\",\"@id\":\"https:\\\/\\\/memurunsesi.net\\\/#organization\",\"name\":\"Memurun Sesi\",\"url\":\"https:\\\/\\\/memurunsesi.net\\\/\",\"logo\":{\"@type\":\"ImageObject\",\"inLanguage\":\"tr\",\"@id\":\"https:\\\/\\\/memurunsesi.net\\\/#\\\/schema\\\/logo\\\/image\\\/\",\"url\":\"https:\\\/\\\/memurunsesi.net\\\/wp-content\\\/uploads\\\/2025\\\/11\\\/cropped-MEMURUN-SESI.png\",\"contentUrl\":\"https:\\\/\\\/memurunsesi.net\\\/wp-content\\\/uploads\\\/2025\\\/11\\\/cropped-MEMURUN-SESI.png\",\"width\":238,\"height\":57,\"caption\":\"Memurun Sesi\"},\"image\":{\"@id\":\"https:\\\/\\\/memurunsesi.net\\\/#\\\/schema\\\/logo\\\/image\\\/\"},\"sameAs\":[\"https:\\\/\\\/www.facebook.com\\\/unipersen\\\/?locale=tr_TR\",\"https:\\\/\\\/x.com\\\/unipersen\"]},{\"@type\":\"Person\",\"@id\":\"https:\\\/\\\/memurunsesi.net\\\/#\\\/schema\\\/person\\\/f21c2d73b89f6ee1d80b0a1803e38587\",\"name\":\"Memurun Sesi Haber Merkezi\",\"image\":{\"@type\":\"ImageObject\",\"inLanguage\":\"tr\",\"@id\":\"https:\\\/\\\/secure.gravatar.com\\\/avatar\\\/6cf0505f452ee753f485014986fab09a434671d2b919ee76fc541025c5876a70?s=96&d=mm&r=g\",\"url\":\"https:\\\/\\\/secure.gravatar.com\\\/avatar\\\/6cf0505f452ee753f485014986fab09a434671d2b919ee76fc541025c5876a70?s=96&d=mm&r=g\",\"contentUrl\":\"https:\\\/\\\/secure.gravatar.com\\\/avatar\\\/6cf0505f452ee753f485014986fab09a434671d2b919ee76fc541025c5876a70?s=96&d=mm&r=g\",\"caption\":\"Memurun Sesi Haber Merkezi\"},\"sameAs\":[\"https:\\\/\\\/memurunsesi.net\"],\"url\":\"https:\\\/\\\/memurunsesi.net\\\/index.php\\\/author\\\/uniper\\\/\"}]}<\/script>\n<!-- \/ Yoast SEO plugin. -->","yoast_head_json":{"title":"Kayserispor U19 tak\u0131m\u0131ndan fair-play \u00f6rne\u011fi - Memurun Sesi","robots":{"index":"index","follow":"follow","max-snippet":"max-snippet:-1","max-image-preview":"max-image-preview:large","max-video-preview":"max-video-preview:-1"},"canonical":"https:\/\/memurunsesi.net\/index.php\/2025\/05\/22\/kayserispor-u19-takimindan-fair-play-ornegi\/","og_locale":"tr_TR","og_type":"article","og_title":"Kayserispor U19 tak\u0131m\u0131ndan fair-play \u00f6rne\u011fi - Memurun Sesi","og_description":"U19 Elit A Ligi&#8217;nde d\u00fcn Kayseri&#8217;de Kayserispor ile Trabzonspor tak\u0131mlar\u0131 kar\u015f\u0131 kar\u015f\u0131ya geldi. Kayseri Atat\u00fcrk Spor Kompleksi Yan A\u00e7\u0131k Sahada oynanan kar\u015f\u0131la\u015fma \u00f6ncesinde Kayserispor U19 tak\u0131m\u0131 \u00f6rnek bir davran\u0131\u015f\u0131 dikkat \u00e7ekti. Sar\u0131 k\u0131rm\u0131z\u0131l\u0131 ekip, sahaya \u00e7\u0131kan Trabzonspor U19 tak\u0131m\u0131n\u0131 alk\u0131\u015flarla kar\u015f\u0131larken, Kayserispor Kul\u00fcb\u00fc Ba\u015fkan Yard\u0131mc\u0131s\u0131 S\u00fcleyman Ak\u0131n; Trabzonspor Teknik Direkt\u00f6r\u00fc Ey\u00fcp Saka ve tak\u0131m kaptan\u0131na [&hellip;]","og_url":"https:\/\/memurunsesi.net\/index.php\/2025\/05\/22\/kayserispor-u19-takimindan-fair-play-ornegi\/","og_site_name":"Memurun Sesi","article_publisher":"https:\/\/www.facebook.com\/unipersen\/?locale=tr_TR","article_published_time":"2025-05-22T08:00:32+00:00","author":"Memurun Sesi Haber Merkezi","twitter_card":"summary_large_image","twitter_creator":"@unipersen","twitter_site":"@unipersen","twitter_misc":{"Yazan:":"Memurun Sesi Haber Merkezi"},"schema":{"@context":"https:\/\/schema.org","@graph":[{"@type":"Article","@id":"https:\/\/memurunsesi.net\/index.php\/2025\/05\/22\/kayserispor-u19-takimindan-fair-play-ornegi\/#article","isPartOf":{"@id":"https:\/\/memurunsesi.net\/index.php\/2025\/05\/22\/kayserispor-u19-takimindan-fair-play-ornegi\/"},"author":{"name":"Memurun Sesi Haber Merkezi","@id":"https:\/\/memurunsesi.net\/#\/schema\/person\/f21c2d73b89f6ee1d80b0a1803e38587"},"headline":"Kayserispor U19 tak\u0131m\u0131ndan fair-play \u00f6rne\u011fi","datePublished":"2025-05-22T08:00:32+00:00","mainEntityOfPage":{"@id":"https:\/\/memurunsesi.net\/index.php\/2025\/05\/22\/kayserispor-u19-takimindan-fair-play-ornegi\/"},"wordCount":129,"commentCount":0,"publisher":{"@id":"https:\/\/memurunsesi.net\/#organization"},"articleSection":["Spor"],"inLanguage":"tr","potentialAction":[{"@type":"CommentAction","name":"Comment","target":["https:\/\/memurunsesi.net\/index.php\/2025\/05\/22\/kayserispor-u19-takimindan-fair-play-ornegi\/#respond"]}]},{"@type":"WebPage","@id":"https:\/\/memurunsesi.net\/index.php\/2025\/05\/22\/kayserispor-u19-takimindan-fair-play-ornegi\/","url":"https:\/\/memurunsesi.net\/index.php\/2025\/05\/22\/kayserispor-u19-takimindan-fair-play-ornegi\/","name":"Kayserispor U19 tak\u0131m\u0131ndan fair-play \u00f6rne\u011fi - Memurun Sesi","isPartOf":{"@id":"https:\/\/memurunsesi.net\/#website"},"datePublished":"2025-05-22T08:00:32+00:00","breadcrumb":{"@id":"https:\/\/memurunsesi.net\/index.php\/2025\/05\/22\/kayserispor-u19-takimindan-fair-play-ornegi\/#breadcrumb"},"inLanguage":"tr","potentialAction":[{"@type":"ReadAction","target":["https:\/\/memurunsesi.net\/index.php\/2025\/05\/22\/kayserispor-u19-takimindan-fair-play-ornegi\/"]}]},{"@type":"BreadcrumbList","@id":"https:\/\/memurunsesi.net\/index.php\/2025\/05\/22\/kayserispor-u19-takimindan-fair-play-ornegi\/#breadcrumb","itemListElement":[{"@type":"ListItem","position":1,"name":"Anasayfa","item":"https:\/\/memurunsesi.net\/"},{"@type":"ListItem","position":2,"name":"Kayserispor U19 tak\u0131m\u0131ndan fair-play \u00f6rne\u011fi"}]},{"@type":"WebSite","@id":"https:\/\/memurunsesi.net\/#website","url":"https:\/\/memurunsesi.net\/","name":"Memurun Sesi","description":"G\u00fcncel ve Do\u011fru Haber","publisher":{"@id":"https:\/\/memurunsesi.net\/#organization"},"potentialAction":[{"@type":"SearchAction","target":{"@type":"EntryPoint","urlTemplate":"https:\/\/memurunsesi.net\/?s={search_term_string}"},"query-input":{"@type":"PropertyValueSpecification","valueRequired":true,"valueName":"search_term_string"}}],"inLanguage":"tr"},{"@type":"Organization","@id":"https:\/\/memurunsesi.net\/#organization","name":"Memurun Sesi","url":"https:\/\/memurunsesi.net\/","logo":{"@type":"ImageObject","inLanguage":"tr","@id":"https:\/\/memurunsesi.net\/#\/schema\/logo\/image\/","url":"https:\/\/memurunsesi.net\/wp-content\/uploads\/2025\/11\/cropped-MEMURUN-SESI.png","contentUrl":"https:\/\/memurunsesi.net\/wp-content\/uploads\/2025\/11\/cropped-MEMURUN-SESI.png","width":238,"height":57,"caption":"Memurun Sesi"},"image":{"@id":"https:\/\/memurunsesi.net\/#\/schema\/logo\/image\/"},"sameAs":["https:\/\/www.facebook.com\/unipersen\/?locale=tr_TR","https:\/\/x.com\/unipersen"]},{"@type":"Person","@id":"https:\/\/memurunsesi.net\/#\/schema\/person\/f21c2d73b89f6ee1d80b0a1803e38587","name":"Memurun Sesi Haber Merkezi","image":{"@type":"ImageObject","inLanguage":"tr","@id":"https:\/\/secure.gravatar.com\/avatar\/6cf0505f452ee753f485014986fab09a434671d2b919ee76fc541025c5876a70?s=96&d=mm&r=g","url":"https:\/\/secure.gravatar.com\/avatar\/6cf0505f452ee753f485014986fab09a434671d2b919ee76fc541025c5876a70?s=96&d=mm&r=g","contentUrl":"https:\/\/secure.gravatar.com\/avatar\/6cf0505f452ee753f485014986fab09a434671d2b919ee76fc541025c5876a70?s=96&d=mm&r=g","caption":"Memurun Sesi Haber Merkezi"},"sameAs":["https:\/\/memurunsesi.net"],"url":"https:\/\/memurunsesi.net\/index.php\/author\/uniper\/"}]}},"_links":{"self":[{"href":"https:\/\/memurunsesi.net\/index.php\/wp-json\/wp\/v2\/posts\/7199","targetHints":{"allow":["GET"]}}],"collection":[{"href":"https:\/\/memurunsesi.net\/index.php\/wp-json\/wp\/v2\/posts"}],"about":[{"href":"https:\/\/memurunsesi.net\/index.php\/wp-json\/wp\/v2\/types\/post"}],"author":[{"embeddable":true,"href":"https:\/\/memurunsesi.net\/index.php\/wp-json\/wp\/v2\/users\/1"}],"replies":[{"embeddable":true,"href":"https:\/\/memurunsesi.net\/index.php\/wp-json\/wp\/v2\/comments?post=7199"}],"version-history":[{"count":1,"href":"https:\/\/memurunsesi.net\/index.php\/wp-json\/wp\/v2\/posts\/7199\/revisions"}],"predecessor-version":[{"id":7200,"href":"https:\/\/memurunsesi.net\/index.php\/wp-json\/wp\/v2\/posts\/7199\/revisions\/7200"}],"wp:attachment":[{"href":"https:\/\/memurunsesi.net\/index.php\/wp-json\/wp\/v2\/media?parent=7199"}],"wp:term":[{"taxonomy":"category","embeddable":true,"href":"https:\/\/memurunsesi.net\/index.php\/wp-json\/wp\/v2\/categories?post=7199"},{"taxonomy":"post_tag","embeddable":true,"href":"https:\/\/memurunsesi.net\/index.php\/wp-json\/wp\/v2\/tags?post=7199"}],"curies":[{"name":"wp","href":"https:\/\/api.w.org\/{rel}","templated":true}]}}