{"id":7201,"date":"2025-05-22T11:01:46","date_gmt":"2025-05-22T08:01:46","guid":{"rendered":"https:\/\/memurunsesi.net\/?p=7201"},"modified":"2025-05-22T11:01:46","modified_gmt":"2025-05-22T08:01:46","slug":"altintasta-genclik-haftasinda-bisiklet-turu","status":"publish","type":"post","link":"https:\/\/memurunsesi.net\/index.php\/2025\/05\/22\/altintasta-genclik-haftasinda-bisiklet-turu\/","title":{"rendered":"Alt\u0131nta\u015f\u2019ta Gen\u00e7lik Haftas\u0131\u2019nda bisiklet turu"},"content":{"rendered":"<p> K\u00fctahya\u2019n\u0131n Alt\u0131nta\u015f il\u00e7esinde Gen\u00e7lik Haftas\u0131 etkinlikleri \u00e7er\u00e7evesinde bisiklet turu d\u00fczenlendi.<br \/>\n\u0130l\u00e7e Gen\u00e7lik ve Spor M\u00fcd\u00fcrl\u00fc\u011f\u00fc koordinesinde ger\u00e7ekle\u015ftirilen etkinli\u011fe Kaymakam Ekrem G\u00fcdek, \u0130l\u00e7e Mill\u0130 E\u011fitim M\u00fcd\u00fcr\u00fc \u0130smail \u00d6zden, kurum amirler ve \u00f6\u011frenciler kat\u0131l\u0131m sa\u011flad\u0131. \u00d6\u011frencilerin ellerinde T\u00fcrk bayraklar\u0131 ile ger\u00e7ekle\u015ftirdi\u011fi \u0130l\u00e7e bisiklet turu kaymakaml\u0131k bah\u00e7esinde sona erdi. Etkinlik sonras\u0131 toplu foto\u011fraf \u00e7ekimi yap\u0131ld\u0131. <\/p>\n<p>22.05.2025                                <\/p>\n","protected":false},"excerpt":{"rendered":"<p>K\u00fctahya\u2019n\u0131n Alt\u0131nta\u015f il\u00e7esinde Gen\u00e7lik Haftas\u0131 etkinlikleri \u00e7er\u00e7evesinde bisiklet turu d\u00fczenlendi. \u0130l\u00e7e Gen\u00e7lik ve Spor M\u00fcd\u00fcrl\u00fc\u011f\u00fc koordinesinde ger\u00e7ekle\u015ftirilen etkinli\u011fe Kaymakam Ekrem G\u00fcdek, \u0130l\u00e7e Mill\u0130 E\u011fitim M\u00fcd\u00fcr\u00fc \u0130smail \u00d6zden, kurum amirler ve \u00f6\u011frenciler kat\u0131l\u0131m sa\u011flad\u0131. \u00d6\u011frencilerin ellerinde T\u00fcrk bayraklar\u0131 ile ger\u00e7ekle\u015ftirdi\u011fi \u0130l\u00e7e bisiklet turu kaymakaml\u0131k bah\u00e7esinde sona erdi. Etkinlik sonras\u0131 toplu foto\u011fraf \u00e7ekimi yap\u0131ld\u0131. 22.05.2025<\/p>\n","protected":false},"author":1,"featured_media":7202,"comment_status":"open","ping_status":"open","sticky":false,"template":"","format":"standard","meta":{"footnotes":""},"categories":[57],"tags":[],"class_list":["post-7201","post","type-post","status-publish","format-standard","has-post-thumbnail","hentry","category-spor"],"yoast_head":"<!-- This site is optimized with the Yoast SEO plugin v27.4 - https:\/\/yoast.com\/product\/yoast-seo-wordpress\/ -->\n<title>Alt\u0131nta\u015f\u2019ta Gen\u00e7lik Haftas\u0131\u2019nda bisiklet turu - Memurun Sesi<\/title>\n<meta name=\"robots\" content=\"index, follow, max-snippet:-1, max-image-preview:large, max-video-preview:-1\" \/>\n<link rel=\"canonical\" href=\"https:\/\/memurunsesi.net\/index.php\/2025\/05\/22\/altintasta-genclik-haftasinda-bisiklet-turu\/\" \/>\n<meta property=\"og:locale\" content=\"tr_TR\" \/>\n<meta property=\"og:type\" content=\"article\" \/>\n<meta property=\"og:title\" content=\"Alt\u0131nta\u015f\u2019ta Gen\u00e7lik Haftas\u0131\u2019nda bisiklet turu - Memurun Sesi\" \/>\n<meta property=\"og:description\" content=\"K\u00fctahya\u2019n\u0131n Alt\u0131nta\u015f il\u00e7esinde Gen\u00e7lik Haftas\u0131 etkinlikleri \u00e7er\u00e7evesinde bisiklet turu d\u00fczenlendi. \u0130l\u00e7e Gen\u00e7lik ve Spor M\u00fcd\u00fcrl\u00fc\u011f\u00fc koordinesinde ger\u00e7ekle\u015ftirilen etkinli\u011fe Kaymakam Ekrem G\u00fcdek, \u0130l\u00e7e Mill\u0130 E\u011fitim M\u00fcd\u00fcr\u00fc \u0130smail \u00d6zden, kurum amirler ve \u00f6\u011frenciler kat\u0131l\u0131m sa\u011flad\u0131. \u00d6\u011frencilerin ellerinde T\u00fcrk bayraklar\u0131 ile ger\u00e7ekle\u015ftirdi\u011fi \u0130l\u00e7e bisiklet turu kaymakaml\u0131k bah\u00e7esinde sona erdi. Etkinlik sonras\u0131 toplu foto\u011fraf \u00e7ekimi yap\u0131ld\u0131. 22.05.2025\" \/>\n<meta property=\"og:url\" content=\"https:\/\/memurunsesi.net\/index.php\/2025\/05\/22\/altintasta-genclik-haftasinda-bisiklet-turu\/\" \/>\n<meta property=\"og:site_name\" content=\"Memurun Sesi\" \/>\n<meta property=\"article:publisher\" content=\"https:\/\/www.facebook.com\/unipersen\/?locale=tr_TR\" \/>\n<meta property=\"article:published_time\" content=\"2025-05-22T08:01:46+00:00\" \/>\n<meta property=\"og:image\" content=\"https:\/\/memurunsesi.net\/wp-content\/uploads\/2025\/05\/AW460221_01.jpg\" \/>\n\t<meta property=\"og:image:width\" content=\"1440\" \/>\n\t<meta property=\"og:image:height\" content=\"754\" \/>\n\t<meta property=\"og:image:type\" content=\"image\/jpeg\" \/>\n<meta name=\"author\" content=\"Memurun Sesi Haber Merkezi\" \/>\n<meta name=\"twitter:card\" content=\"summary_large_image\" \/>\n<meta name=\"twitter:creator\" content=\"@unipersen\" \/>\n<meta name=\"twitter:site\" content=\"@unipersen\" \/>\n<meta name=\"twitter:label1\" content=\"Yazan:\" \/>\n\t<meta name=\"twitter:data1\" content=\"Memurun Sesi Haber Merkezi\" \/>\n\t<meta name=\"twitter:label2\" content=\"Tahmini okuma s\u00fcresi\" \/>\n\t<meta name=\"twitter:data2\" content=\"1 dakika\" \/>\n<script type=\"application\/ld+json\" class=\"yoast-schema-graph\">{\"@context\":\"https:\\\/\\\/schema.org\",\"@graph\":[{\"@type\":\"Article\",\"@id\":\"https:\\\/\\\/memurunsesi.net\\\/index.php\\\/2025\\\/05\\\/22\\\/altintasta-genclik-haftasinda-bisiklet-turu\\\/#article\",\"isPartOf\":{\"@id\":\"https:\\\/\\\/memurunsesi.net\\\/index.php\\\/2025\\\/05\\\/22\\\/altintasta-genclik-haftasinda-bisiklet-turu\\\/\"},\"author\":{\"name\":\"Memurun Sesi Haber Merkezi\",\"@id\":\"https:\\\/\\\/memurunsesi.net\\\/#\\\/schema\\\/person\\\/f21c2d73b89f6ee1d80b0a1803e38587\"},\"headline\":\"Alt\u0131nta\u015f\u2019ta Gen\u00e7lik Haftas\u0131\u2019nda bisiklet turu\",\"datePublished\":\"2025-05-22T08:01:46+00:00\",\"mainEntityOfPage\":{\"@id\":\"https:\\\/\\\/memurunsesi.net\\\/index.php\\\/2025\\\/05\\\/22\\\/altintasta-genclik-haftasinda-bisiklet-turu\\\/\"},\"wordCount\":93,\"commentCount\":0,\"publisher\":{\"@id\":\"https:\\\/\\\/memurunsesi.net\\\/#organization\"},\"image\":{\"@id\":\"https:\\\/\\\/memurunsesi.net\\\/index.php\\\/2025\\\/05\\\/22\\\/altintasta-genclik-haftasinda-bisiklet-turu\\\/#primaryimage\"},\"thumbnailUrl\":\"https:\\\/\\\/memurunsesi.net\\\/wp-content\\\/uploads\\\/2025\\\/05\\\/AW460221_01.jpg\",\"articleSection\":[\"Spor\"],\"inLanguage\":\"tr\",\"potentialAction\":[{\"@type\":\"CommentAction\",\"name\":\"Comment\",\"target\":[\"https:\\\/\\\/memurunsesi.net\\\/index.php\\\/2025\\\/05\\\/22\\\/altintasta-genclik-haftasinda-bisiklet-turu\\\/#respond\"]}]},{\"@type\":\"WebPage\",\"@id\":\"https:\\\/\\\/memurunsesi.net\\\/index.php\\\/2025\\\/05\\\/22\\\/altintasta-genclik-haftasinda-bisiklet-turu\\\/\",\"url\":\"https:\\\/\\\/memurunsesi.net\\\/index.php\\\/2025\\\/05\\\/22\\\/altintasta-genclik-haftasinda-bisiklet-turu\\\/\",\"name\":\"Alt\u0131nta\u015f\u2019ta Gen\u00e7lik Haftas\u0131\u2019nda bisiklet turu - Memurun Sesi\",\"isPartOf\":{\"@id\":\"https:\\\/\\\/memurunsesi.net\\\/#website\"},\"primaryImageOfPage\":{\"@id\":\"https:\\\/\\\/memurunsesi.net\\\/index.php\\\/2025\\\/05\\\/22\\\/altintasta-genclik-haftasinda-bisiklet-turu\\\/#primaryimage\"},\"image\":{\"@id\":\"https:\\\/\\\/memurunsesi.net\\\/index.php\\\/2025\\\/05\\\/22\\\/altintasta-genclik-haftasinda-bisiklet-turu\\\/#primaryimage\"},\"thumbnailUrl\":\"https:\\\/\\\/memurunsesi.net\\\/wp-content\\\/uploads\\\/2025\\\/05\\\/AW460221_01.jpg\",\"datePublished\":\"2025-05-22T08:01:46+00:00\",\"breadcrumb\":{\"@id\":\"https:\\\/\\\/memurunsesi.net\\\/index.php\\\/2025\\\/05\\\/22\\\/altintasta-genclik-haftasinda-bisiklet-turu\\\/#breadcrumb\"},\"inLanguage\":\"tr\",\"potentialAction\":[{\"@type\":\"ReadAction\",\"target\":[\"https:\\\/\\\/memurunsesi.net\\\/index.php\\\/2025\\\/05\\\/22\\\/altintasta-genclik-haftasinda-bisiklet-turu\\\/\"]}]},{\"@type\":\"ImageObject\",\"inLanguage\":\"tr\",\"@id\":\"https:\\\/\\\/memurunsesi.net\\\/index.php\\\/2025\\\/05\\\/22\\\/altintasta-genclik-haftasinda-bisiklet-turu\\\/#primaryimage\",\"url\":\"https:\\\/\\\/memurunsesi.net\\\/wp-content\\\/uploads\\\/2025\\\/05\\\/AW460221_01.jpg\",\"contentUrl\":\"https:\\\/\\\/memurunsesi.net\\\/wp-content\\\/uploads\\\/2025\\\/05\\\/AW460221_01.jpg\",\"width\":1440,\"height\":754,\"caption\":\"ALTINTA\u015e'TA GEN\u00c7L\u0130K HAFTASI'NDA B\u0130S\u0130KLET TURU (MUSTAFA AK\u00c7AY\\\/K\u00dcTAHYA-\u0130HA) K\u00fctahya'n\u0131n Alt\u0131nta\u015f il\u00e7esinde Gen\u00e7lik Haftas\u0131 etkinlikleri \u00e7er\u00e7evesinde bisiklet turu d\u00fczenlendi.\"},{\"@type\":\"BreadcrumbList\",\"@id\":\"https:\\\/\\\/memurunsesi.net\\\/index.php\\\/2025\\\/05\\\/22\\\/altintasta-genclik-haftasinda-bisiklet-turu\\\/#breadcrumb\",\"itemListElement\":[{\"@type\":\"ListItem\",\"position\":1,\"name\":\"Anasayfa\",\"item\":\"https:\\\/\\\/memurunsesi.net\\\/\"},{\"@type\":\"ListItem\",\"position\":2,\"name\":\"Alt\u0131nta\u015f\u2019ta Gen\u00e7lik Haftas\u0131\u2019nda bisiklet turu\"}]},{\"@type\":\"WebSite\",\"@id\":\"https:\\\/\\\/memurunsesi.net\\\/#website\",\"url\":\"https:\\\/\\\/memurunsesi.net\\\/\",\"name\":\"Memurun Sesi\",\"description\":\"G\u00fcncel ve Do\u011fru Haber\",\"publisher\":{\"@id\":\"https:\\\/\\\/memurunsesi.net\\\/#organization\"},\"potentialAction\":[{\"@type\":\"SearchAction\",\"target\":{\"@type\":\"EntryPoint\",\"urlTemplate\":\"https:\\\/\\\/memurunsesi.net\\\/?s={search_term_string}\"},\"query-input\":{\"@type\":\"PropertyValueSpecification\",\"valueRequired\":true,\"valueName\":\"search_term_string\"}}],\"inLanguage\":\"tr\"},{\"@type\":\"Organization\",\"@id\":\"https:\\\/\\\/memurunsesi.net\\\/#organization\",\"name\":\"Memurun Sesi\",\"url\":\"https:\\\/\\\/memurunsesi.net\\\/\",\"logo\":{\"@type\":\"ImageObject\",\"inLanguage\":\"tr\",\"@id\":\"https:\\\/\\\/memurunsesi.net\\\/#\\\/schema\\\/logo\\\/image\\\/\",\"url\":\"https:\\\/\\\/memurunsesi.net\\\/wp-content\\\/uploads\\\/2025\\\/11\\\/cropped-MEMURUN-SESI.png\",\"contentUrl\":\"https:\\\/\\\/memurunsesi.net\\\/wp-content\\\/uploads\\\/2025\\\/11\\\/cropped-MEMURUN-SESI.png\",\"width\":238,\"height\":57,\"caption\":\"Memurun Sesi\"},\"image\":{\"@id\":\"https:\\\/\\\/memurunsesi.net\\\/#\\\/schema\\\/logo\\\/image\\\/\"},\"sameAs\":[\"https:\\\/\\\/www.facebook.com\\\/unipersen\\\/?locale=tr_TR\",\"https:\\\/\\\/x.com\\\/unipersen\"]},{\"@type\":\"Person\",\"@id\":\"https:\\\/\\\/memurunsesi.net\\\/#\\\/schema\\\/person\\\/f21c2d73b89f6ee1d80b0a1803e38587\",\"name\":\"Memurun Sesi Haber Merkezi\",\"image\":{\"@type\":\"ImageObject\",\"inLanguage\":\"tr\",\"@id\":\"https:\\\/\\\/secure.gravatar.com\\\/avatar\\\/6cf0505f452ee753f485014986fab09a434671d2b919ee76fc541025c5876a70?s=96&d=mm&r=g\",\"url\":\"https:\\\/\\\/secure.gravatar.com\\\/avatar\\\/6cf0505f452ee753f485014986fab09a434671d2b919ee76fc541025c5876a70?s=96&d=mm&r=g\",\"contentUrl\":\"https:\\\/\\\/secure.gravatar.com\\\/avatar\\\/6cf0505f452ee753f485014986fab09a434671d2b919ee76fc541025c5876a70?s=96&d=mm&r=g\",\"caption\":\"Memurun Sesi Haber Merkezi\"},\"sameAs\":[\"https:\\\/\\\/memurunsesi.net\"],\"url\":\"https:\\\/\\\/memurunsesi.net\\\/index.php\\\/author\\\/uniper\\\/\"}]}<\/script>\n<!-- \/ Yoast SEO plugin. -->","yoast_head_json":{"title":"Alt\u0131nta\u015f\u2019ta Gen\u00e7lik Haftas\u0131\u2019nda bisiklet turu - Memurun Sesi","robots":{"index":"index","follow":"follow","max-snippet":"max-snippet:-1","max-image-preview":"max-image-preview:large","max-video-preview":"max-video-preview:-1"},"canonical":"https:\/\/memurunsesi.net\/index.php\/2025\/05\/22\/altintasta-genclik-haftasinda-bisiklet-turu\/","og_locale":"tr_TR","og_type":"article","og_title":"Alt\u0131nta\u015f\u2019ta Gen\u00e7lik Haftas\u0131\u2019nda bisiklet turu - Memurun Sesi","og_description":"K\u00fctahya\u2019n\u0131n Alt\u0131nta\u015f il\u00e7esinde Gen\u00e7lik Haftas\u0131 etkinlikleri \u00e7er\u00e7evesinde bisiklet turu d\u00fczenlendi. \u0130l\u00e7e Gen\u00e7lik ve Spor M\u00fcd\u00fcrl\u00fc\u011f\u00fc koordinesinde ger\u00e7ekle\u015ftirilen etkinli\u011fe Kaymakam Ekrem G\u00fcdek, \u0130l\u00e7e Mill\u0130 E\u011fitim M\u00fcd\u00fcr\u00fc \u0130smail \u00d6zden, kurum amirler ve \u00f6\u011frenciler kat\u0131l\u0131m sa\u011flad\u0131. \u00d6\u011frencilerin ellerinde T\u00fcrk bayraklar\u0131 ile ger\u00e7ekle\u015ftirdi\u011fi \u0130l\u00e7e bisiklet turu kaymakaml\u0131k bah\u00e7esinde sona erdi. Etkinlik sonras\u0131 toplu foto\u011fraf \u00e7ekimi yap\u0131ld\u0131. 22.05.2025","og_url":"https:\/\/memurunsesi.net\/index.php\/2025\/05\/22\/altintasta-genclik-haftasinda-bisiklet-turu\/","og_site_name":"Memurun Sesi","article_publisher":"https:\/\/www.facebook.com\/unipersen\/?locale=tr_TR","article_published_time":"2025-05-22T08:01:46+00:00","og_image":[{"width":1440,"height":754,"url":"https:\/\/memurunsesi.net\/wp-content\/uploads\/2025\/05\/AW460221_01.jpg","type":"image\/jpeg"}],"author":"Memurun Sesi Haber Merkezi","twitter_card":"summary_large_image","twitter_creator":"@unipersen","twitter_site":"@unipersen","twitter_misc":{"Yazan:":"Memurun Sesi Haber Merkezi","Tahmini okuma s\u00fcresi":"1 dakika"},"schema":{"@context":"https:\/\/schema.org","@graph":[{"@type":"Article","@id":"https:\/\/memurunsesi.net\/index.php\/2025\/05\/22\/altintasta-genclik-haftasinda-bisiklet-turu\/#article","isPartOf":{"@id":"https:\/\/memurunsesi.net\/index.php\/2025\/05\/22\/altintasta-genclik-haftasinda-bisiklet-turu\/"},"author":{"name":"Memurun Sesi Haber Merkezi","@id":"https:\/\/memurunsesi.net\/#\/schema\/person\/f21c2d73b89f6ee1d80b0a1803e38587"},"headline":"Alt\u0131nta\u015f\u2019ta Gen\u00e7lik Haftas\u0131\u2019nda bisiklet turu","datePublished":"2025-05-22T08:01:46+00:00","mainEntityOfPage":{"@id":"https:\/\/memurunsesi.net\/index.php\/2025\/05\/22\/altintasta-genclik-haftasinda-bisiklet-turu\/"},"wordCount":93,"commentCount":0,"publisher":{"@id":"https:\/\/memurunsesi.net\/#organization"},"image":{"@id":"https:\/\/memurunsesi.net\/index.php\/2025\/05\/22\/altintasta-genclik-haftasinda-bisiklet-turu\/#primaryimage"},"thumbnailUrl":"https:\/\/memurunsesi.net\/wp-content\/uploads\/2025\/05\/AW460221_01.jpg","articleSection":["Spor"],"inLanguage":"tr","potentialAction":[{"@type":"CommentAction","name":"Comment","target":["https:\/\/memurunsesi.net\/index.php\/2025\/05\/22\/altintasta-genclik-haftasinda-bisiklet-turu\/#respond"]}]},{"@type":"WebPage","@id":"https:\/\/memurunsesi.net\/index.php\/2025\/05\/22\/altintasta-genclik-haftasinda-bisiklet-turu\/","url":"https:\/\/memurunsesi.net\/index.php\/2025\/05\/22\/altintasta-genclik-haftasinda-bisiklet-turu\/","name":"Alt\u0131nta\u015f\u2019ta Gen\u00e7lik Haftas\u0131\u2019nda bisiklet turu - Memurun Sesi","isPartOf":{"@id":"https:\/\/memurunsesi.net\/#website"},"primaryImageOfPage":{"@id":"https:\/\/memurunsesi.net\/index.php\/2025\/05\/22\/altintasta-genclik-haftasinda-bisiklet-turu\/#primaryimage"},"image":{"@id":"https:\/\/memurunsesi.net\/index.php\/2025\/05\/22\/altintasta-genclik-haftasinda-bisiklet-turu\/#primaryimage"},"thumbnailUrl":"https:\/\/memurunsesi.net\/wp-content\/uploads\/2025\/05\/AW460221_01.jpg","datePublished":"2025-05-22T08:01:46+00:00","breadcrumb":{"@id":"https:\/\/memurunsesi.net\/index.php\/2025\/05\/22\/altintasta-genclik-haftasinda-bisiklet-turu\/#breadcrumb"},"inLanguage":"tr","potentialAction":[{"@type":"ReadAction","target":["https:\/\/memurunsesi.net\/index.php\/2025\/05\/22\/altintasta-genclik-haftasinda-bisiklet-turu\/"]}]},{"@type":"ImageObject","inLanguage":"tr","@id":"https:\/\/memurunsesi.net\/index.php\/2025\/05\/22\/altintasta-genclik-haftasinda-bisiklet-turu\/#primaryimage","url":"https:\/\/memurunsesi.net\/wp-content\/uploads\/2025\/05\/AW460221_01.jpg","contentUrl":"https:\/\/memurunsesi.net\/wp-content\/uploads\/2025\/05\/AW460221_01.jpg","width":1440,"height":754,"caption":"ALTINTA\u015e'TA GEN\u00c7L\u0130K HAFTASI'NDA B\u0130S\u0130KLET TURU (MUSTAFA AK\u00c7AY\/K\u00dcTAHYA-\u0130HA) K\u00fctahya'n\u0131n Alt\u0131nta\u015f il\u00e7esinde Gen\u00e7lik Haftas\u0131 etkinlikleri \u00e7er\u00e7evesinde bisiklet turu d\u00fczenlendi."},{"@type":"BreadcrumbList","@id":"https:\/\/memurunsesi.net\/index.php\/2025\/05\/22\/altintasta-genclik-haftasinda-bisiklet-turu\/#breadcrumb","itemListElement":[{"@type":"ListItem","position":1,"name":"Anasayfa","item":"https:\/\/memurunsesi.net\/"},{"@type":"ListItem","position":2,"name":"Alt\u0131nta\u015f\u2019ta Gen\u00e7lik Haftas\u0131\u2019nda bisiklet turu"}]},{"@type":"WebSite","@id":"https:\/\/memurunsesi.net\/#website","url":"https:\/\/memurunsesi.net\/","name":"Memurun Sesi","description":"G\u00fcncel ve Do\u011fru Haber","publisher":{"@id":"https:\/\/memurunsesi.net\/#organization"},"potentialAction":[{"@type":"SearchAction","target":{"@type":"EntryPoint","urlTemplate":"https:\/\/memurunsesi.net\/?s={search_term_string}"},"query-input":{"@type":"PropertyValueSpecification","valueRequired":true,"valueName":"search_term_string"}}],"inLanguage":"tr"},{"@type":"Organization","@id":"https:\/\/memurunsesi.net\/#organization","name":"Memurun Sesi","url":"https:\/\/memurunsesi.net\/","logo":{"@type":"ImageObject","inLanguage":"tr","@id":"https:\/\/memurunsesi.net\/#\/schema\/logo\/image\/","url":"https:\/\/memurunsesi.net\/wp-content\/uploads\/2025\/11\/cropped-MEMURUN-SESI.png","contentUrl":"https:\/\/memurunsesi.net\/wp-content\/uploads\/2025\/11\/cropped-MEMURUN-SESI.png","width":238,"height":57,"caption":"Memurun Sesi"},"image":{"@id":"https:\/\/memurunsesi.net\/#\/schema\/logo\/image\/"},"sameAs":["https:\/\/www.facebook.com\/unipersen\/?locale=tr_TR","https:\/\/x.com\/unipersen"]},{"@type":"Person","@id":"https:\/\/memurunsesi.net\/#\/schema\/person\/f21c2d73b89f6ee1d80b0a1803e38587","name":"Memurun Sesi Haber Merkezi","image":{"@type":"ImageObject","inLanguage":"tr","@id":"https:\/\/secure.gravatar.com\/avatar\/6cf0505f452ee753f485014986fab09a434671d2b919ee76fc541025c5876a70?s=96&d=mm&r=g","url":"https:\/\/secure.gravatar.com\/avatar\/6cf0505f452ee753f485014986fab09a434671d2b919ee76fc541025c5876a70?s=96&d=mm&r=g","contentUrl":"https:\/\/secure.gravatar.com\/avatar\/6cf0505f452ee753f485014986fab09a434671d2b919ee76fc541025c5876a70?s=96&d=mm&r=g","caption":"Memurun Sesi Haber Merkezi"},"sameAs":["https:\/\/memurunsesi.net"],"url":"https:\/\/memurunsesi.net\/index.php\/author\/uniper\/"}]}},"_links":{"self":[{"href":"https:\/\/memurunsesi.net\/index.php\/wp-json\/wp\/v2\/posts\/7201","targetHints":{"allow":["GET"]}}],"collection":[{"href":"https:\/\/memurunsesi.net\/index.php\/wp-json\/wp\/v2\/posts"}],"about":[{"href":"https:\/\/memurunsesi.net\/index.php\/wp-json\/wp\/v2\/types\/post"}],"author":[{"embeddable":true,"href":"https:\/\/memurunsesi.net\/index.php\/wp-json\/wp\/v2\/users\/1"}],"replies":[{"embeddable":true,"href":"https:\/\/memurunsesi.net\/index.php\/wp-json\/wp\/v2\/comments?post=7201"}],"version-history":[{"count":1,"href":"https:\/\/memurunsesi.net\/index.php\/wp-json\/wp\/v2\/posts\/7201\/revisions"}],"predecessor-version":[{"id":7203,"href":"https:\/\/memurunsesi.net\/index.php\/wp-json\/wp\/v2\/posts\/7201\/revisions\/7203"}],"wp:featuredmedia":[{"embeddable":true,"href":"https:\/\/memurunsesi.net\/index.php\/wp-json\/wp\/v2\/media\/7202"}],"wp:attachment":[{"href":"https:\/\/memurunsesi.net\/index.php\/wp-json\/wp\/v2\/media?parent=7201"}],"wp:term":[{"taxonomy":"category","embeddable":true,"href":"https:\/\/memurunsesi.net\/index.php\/wp-json\/wp\/v2\/categories?post=7201"},{"taxonomy":"post_tag","embeddable":true,"href":"https:\/\/memurunsesi.net\/index.php\/wp-json\/wp\/v2\/tags?post=7201"}],"curies":[{"name":"wp","href":"https:\/\/api.w.org\/{rel}","templated":true}]}}