{"id":7205,"date":"2025-05-22T11:03:37","date_gmt":"2025-05-22T08:03:37","guid":{"rendered":"https:\/\/memurunsesi.net\/?p=7205"},"modified":"2025-05-22T11:03:37","modified_gmt":"2025-05-22T08:03:37","slug":"selcuk-universitesi-rektorlugunden","status":"publish","type":"post","link":"https:\/\/memurunsesi.net\/index.php\/2025\/05\/22\/selcuk-universitesi-rektorlugunden\/","title":{"rendered":"Sel\u00e7uk \u00dcniversitesi Rekt\u00f6rl\u00fc\u011f\u00fcnden"},"content":{"rendered":"<p>S\u00d6ZLE\u015eMEL\u0130 (4\/B) PERSONEL ALIM \u0130LANI<\/p>\n<p>Sel\u00e7uk \u00dcniversitesine, 657 say\u0131l\u0131 Devlet Memurlar\u0131 Kanunu&#8217;nun 4. maddesinin (B) f\u0131kras\u0131na g\u00f6re istihdam edilmek \u00fczere 06.06.1978 tarihli ve 7\/15754 say\u0131l\u0131 Kararnameye ekli 28.06.2007 tarihli ve 26566 say\u0131l\u0131 Resmi Gazete\u2019de yay\u0131mlanan S\u00f6zle\u015fmeli Personel \u00c7al\u0131\u015ft\u0131r\u0131lmas\u0131na \u0130li\u015fkin Esaslarda De\u011fi\u015fiklik Yap\u0131lmas\u0131na Dair Esaslar&#8217;da yer alan ek 2&#8217;nci maddenin (b) f\u0131kras\u0131na g\u00f6re a\u015fa\u011f\u0131da belirtilen pozisyonlara toplam 31 (otuz bir) adet s\u00f6zle\u015fmeli personel al\u0131nacakt\u0131r.<\/p>\n<p>\u00dcNVAN KODU\t\u00dcNVANI\t\u00d6\u011eREN\u0130M DURUMU\tKPSS<br \/>\nPUAN T\u00dcR\u00dc\tADET\tARANAN N\u0130TEL\u0130KLER<br \/>\n1\tHem\u015fire\tY\u00fcksek\u00f6\u011fretim Kurumlar\u0131n\u0131n Lisans d\u00fczeyinde e\u011fitim veren ilgili b\u00f6l\u00fcmlerinden mezun<br \/>\nolmak.\t2024<br \/>\nKPSS P3\t5\t\u00dcniversitemiz T\u0131p Fak\u00fcltesi Hastanesinde g\u00f6rev yapacakt\u0131r.<br \/>\n2\tB\u00fcro Personeli\tY\u00fcksek\u00f6\u011fretim Kurumlar\u0131n\u0131n Kamu Y\u00f6netimi, \u0130\u015fletme, \u0130ktisat, Uluslararas\u0131 \u0130li\u015fkiler Lisans b\u00f6l\u00fcmlerinden mezun<br \/>\nolmak.\t2024<br \/>\nKPSS P3\t2<br \/>\n3\tDestek Personeli (Hizmetli)\tOrta\u00f6\u011fretim (lise ve dengi) Okul mezunu olmak.\t2024<br \/>\nKPSS P94\t12\t1-657 say\u0131l\u0131 DMK Hizmetli kadrosu tan\u0131m\u0131na g\u00f6re \u00e7al\u0131\u015ft\u0131r\u0131lacakt\u0131r.<br \/>\n2- Vardiyal\u0131 \u00e7al\u0131\u015fmaya engel<br \/>\ndurumu bulunmamak.<br \/>\n4\tSa\u011fl\u0131k Teknikeri (T\u0131bbi Dok\u00fcmantasyon ve Sekreterlik Sa\u011fl\u0131k Teknikeri)\tY\u00fcksek\u00f6\u011fretim Kurumlar\u0131n\u0131n \u00d6n lisans d\u00fczeyinde e\u011fitim veren T\u0131bbi Dok\u00fcmantasyon ve Sekreterlik program\u0131ndan mezun<br \/>\nolmak.\t2024<br \/>\nKPSS P93\t2\t\u00dcniversitemiz T\u0131p Fak\u00fcltesi Hastanesinde g\u00f6rev yapacakt\u0131r.<br \/>\n5\tSa\u011fl\u0131k Teknikeri (Anestezi Sa\u011fl\u0131k Teknikeri)\tY\u00fcksek\u00f6\u011fretim Kurumlar\u0131n\u0131n \u00d6n lisans d\u00fczeyinde e\u011fitim veren ilgili b\u00f6l\u00fcmlerinden mezun<br \/>\nolmak.\t2024<br \/>\nKPSS P93\t3\t-\u00dcniversitemiz T\u0131p Fak\u00fcltesi Hastanesinde g\u00f6rev yapacakt\u0131r.<br \/>\n6\tSa\u011fl\u0131k Teknikeri (Anestezi Sa\u011fl\u0131k Teknikeri)\tY\u00fcksek\u00f6\u011fretim Kurumlar\u0131n\u0131n \u00d6n lisans d\u00fczeyinde e\u011fitim veren ilgili b\u00f6l\u00fcmlerinden mezun<br \/>\nolmak.\t2024<br \/>\nKPSS P93\t2\t&#8211; Belgelendirmek kayd\u0131yla 3. Basamak sa\u011fl\u0131k kurulu\u015flar\u0131nda alan\u0131nda en az 2 (iki) y\u0131l tecr\u00fcbe sahibi olmak.<br \/>\n7\tSa\u011fl\u0131k Teknikeri (T\u0131bbi G\u00f6r\u00fcnt\u00fcleme Teknikleri Sa\u011fl\u0131k Teknikeri)\tY\u00fcksek\u00f6\u011fretim Kurumlar\u0131n\u0131n \u00d6n lisans d\u00fczeyinde e\u011fitim veren ilgili b\u00f6l\u00fcmlerinden mezun<br \/>\nolmak.\t2024<br \/>\nKPSS P93\t2\t\u00dcniversitemiz T\u0131p Fak\u00fcltesi Hastanesinde g\u00f6rev yapacakt\u0131r.<br \/>\n8\tSa\u011fl\u0131k Teknikeri (Laborant ve Veteriner Sa\u011fl\u0131k Teknikeri)\tY\u00fcksek\u00f6\u011fretim Kurumlar\u0131n\u0131n \u00d6n lisans d\u00fczeyinde e\u011fitim veren ilgili b\u00f6l\u00fcmlerinden mezun<br \/>\nolmak.\t2024<br \/>\nKPSS P93\t1\t&#8211; \u00dcniversitemiz Veteriner Fak\u00fcltesinde g\u00f6rev yapacakt\u0131r.<br \/>\n9\tSa\u011fl\u0131k Teknikeri (Ortopedik Protez ve Ortez Sa\u011fl\u0131k Teknikeri)\t&#8211; Y\u00fcksek\u00f6\u011fretim Kurumlar\u0131n\u0131n Ortopedik Protez ve Ortez \u00f6n lisans program\u0131ndan mezun<br \/>\nolmak.\t2024<br \/>\nKPSS P93\t1\t&#8211; Endoskopik Enstr\u00fcman Kontrol Sistemi Cihaz\u0131n\u0131n kullan\u0131m\u0131 hakk\u0131nda belgelendirmek \u015fart\u0131yla e\u011fitim alm\u0131\u015f olmak.<br \/>\n-\u00dcniversitemiz T\u0131p Fak\u00fcltesi<br \/>\nHastanesinde g\u00f6rev yapacakt\u0131r.<br \/>\n10\tKoruma ve G\u00fcvenlik G\u00f6revlisi (Kad\u0131n)\tOrta\u00f6\u011fretim (lise ve dengi) okul mezunu olmak.\t2024<br \/>\nKPSS P94\t1\t1- \u00d6zel G\u00fcvenlik temel e\u011fitimini ba\u015far\u0131 ile tamamlam\u0131\u015f olmak ve son ba\u015fvuru tarihi itibar\u0131yla ge\u00e7erlilik s\u00fcresi dolmam\u0131\u015f \u00f6zel g\u00fcvenlik g\u00f6revlisi kimlik kart\u0131na sahip olmak.<br \/>\n2- G\u00fcvenlik g\u00f6revini yapmaya engel olacak sa\u011fl\u0131k sorunu bulunmamak.<br \/>\n3- Adaylarda 160 cm\u2019den k\u0131sa olmamak ve boy uzunlu\u011funun cm cinsinden son 2 rakam\u0131 ile kilosu aras\u0131nda fark\u0131n 15 den fazla, 13 ten az olmamak.<br \/>\n4- Vardiyal\u0131 \u00e7al\u0131\u015fmaya engel durumu bulunmamak.<br \/>\n5- 5188 say\u0131l\u0131 \u00d6zel G\u00fcvenlik Hizmetlerine dair Kanun\u2019un 10\u2019uncu maddesindeki \u015fartlar\u0131<br \/>\nta\u015f\u0131mak.<\/p>\n<p>GENEL \/ \u00d6ZEL KO\u015eULLAR ve A\u00c7IKLAMALAR:<br \/>\n1- \u0130lan edilen pozisyonlara ba\u015fvuracak adaylarda a\u015fa\u011f\u0131da belirtilen genel \u015fartlar ile yukar\u0131daki tabloda \u201caranan nitelikler\u201d k\u0131sm\u0131ndaki \u00f6zel \u015fartlar aranacakt\u0131r. Adaylar ilanda yer alan<br \/>\npozisyonlardan sadece birine m\u00fcracaat edebilecektir.<br \/>\na) T\u00fcrkiye Cumhuriyeti vatanda\u015f\u0131 olmak.<br \/>\nb) Kamu haklar\u0131ndan mahrum bulunmamak.<br \/>\nc) T\u00fcrk Ceza Kanununun 53\u2019\u00fcnc\u00fc maddesinde belirtilen s\u00fcreler ge\u00e7mi\u015f olsa bile; kasten i\u015flenen bir su\u00e7tan dolay\u0131 bir y\u0131l veya daha fazla s\u00fcreyle hapis cezas\u0131na ya da affa u\u011fram\u0131\u015f olsa bile<br \/>\ndevletin g\u00fcvenli\u011fine kar\u015f\u0131 su\u00e7lar, Anayasal d\u00fczene ve bu d\u00fczenin i\u015fleyi\u015fine kar\u015f\u0131 su\u00e7lar, zimmet, irtikap, r\u00fc\u015fvet, h\u0131rs\u0131zl\u0131k, doland\u0131r\u0131c\u0131l\u0131k, sahtecilik, g\u00fcveni k\u00f6t\u00fcye kullanma, hileli iflas, ihaleye<br \/>\nfesat kar\u0131\u015ft\u0131rma, edimin ifas\u0131na fesat kar\u0131\u015ft\u0131rma, su\u00e7tan kaynaklanan malvarl\u0131\u011f\u0131 de\u011ferlerini aklama veya ka\u00e7ak\u00e7\u0131l\u0131k su\u00e7lar\u0131ndan mahkum olmamak.<br \/>\nd) Erkek adaylar i\u00e7in askerlik durumu itibariyle; askerlikle ilgisi bulunmamak, askerlik \u00e7a\u011f\u0131na gelmemi\u015f veya askerlik \u00e7a\u011f\u0131na gelmi\u015f ise muvazzaf askerlik hizmetini yapm\u0131\u015f yahut<br \/>\nertelenmi\u015f veya g\u00f6reve ba\u015flamas\u0131na engel hali bulunmamak.<br \/>\ne) Ba\u015fvuru tarihi itibariyle 18 (on sekiz) ya\u015f\u0131n\u0131 tamamlam\u0131\u015f olmak, ilan\u0131n son ba\u015fvuru tarihi itibariyle 35 (otuz be\u015f) ya\u015f\u0131n\u0131 doldurmam\u0131\u015f olmak.<br \/>\nf) 657 say\u0131l\u0131 Kanunun 53\u2019\u00fcnc\u00fc maddesi h\u00fck\u00fcmleri sakl\u0131 kalmak kayd\u0131yla, g\u00f6revini devaml\u0131 yapmas\u0131na engel olabilecek ak\u0131l\/ruh sa\u011fl\u0131\u011f\u0131 ve v\u00fccut hastal\u0131\u011f\u0131 ile ilgili \u00f6zr\u00fc bulunmamak.<br \/>\n2- 657 say\u0131l\u0131 Devlet Memurlar\u0131 Kanunu\u2019nun 4\u2019\u00fcnc\u00fc maddesinin (B) f\u0131kras\u0131na 5917 say\u0131l\u0131 Kanunun 47\u2019nci maddesinin 5\u2019inci f\u0131kras\u0131 (a\/2) bendi ile eklenen \u201cS\u00f6zle\u015fmeli (4\/B) olarak<br \/>\nistihdam edilenler, hizmet s\u00f6zle\u015fmesi esaslar\u0131na ayk\u0131r\u0131 hareket etmesi nedeni ile kurumlar\u0131nca s\u00f6zle\u015fmelerinin feshedilmesi veya s\u00f6zle\u015fme d\u00f6nemi i\u00e7erisinde Bakanlar Kurulu karar\u0131 ile<br \/>\nbelirlenen istisnalar hari\u00e7 s\u00f6zle\u015fmeyi tek tarafl\u0131 feshetmeleri halinde fesih tarihinden itibaren bir y\u0131l ge\u00e7medik\u00e7e kurumlar\u0131n s\u00f6zle\u015fmeli personel pozisyonlar\u0131nda istihdam edilemezler\u201d h\u00fckm\u00fc<br \/>\nuyar\u0131nca bu maddeye ayk\u0131r\u0131 durumu tespit edilenlerin atamalar\u0131 yap\u0131lmayacakt\u0131r.<br \/>\n3- Lisans mezunlar\u0131 i\u00e7in 2024 KPSS (B) grubu P3 puan\u0131, \u00f6nlisans mezunlar\u0131 i\u00e7in 2024 KPSS (B) grubu P93 puan\u0131, orta\u00f6\u011fretim mezunlar\u0131 i\u00e7in KPSS (B) grubu P94 puan\u0131 esas<br \/>\nal\u0131nacakt\u0131r. Ayr\u0131ca aranan nitelikler k\u0131sm\u0131ndaki \u00f6zel \u015fartlara ili\u015fkin belgeler \/ sertifikalar eksiksiz olarak y\u00fcklenecektir. Adaylar\u0131n KPSS puan\u0131n\u0131n, ba\u015fvurdu\u011fu ilan kodunda aranan \u00f6\u011frenim \u015fart\u0131na<br \/>\nuygun olmas\u0131 gerekmektedir.<br \/>\n4- Herhangi bir Sosyal G\u00fcvenlik Kurumundan emeklilik veya ya\u015fl\u0131l\u0131k ayl\u0131\u011f\u0131 alm\u0131yor olmak.<br \/>\n5- N\u00f6bet usul\u00fc \u00e7al\u0131\u015fmaya engel bir durumu bulunmamak (Vardiyal\u0131 \u00e7al\u0131\u015fma sistemi bulunan pozisyonlar i\u00e7in).<br \/>\n6- \u00c7e\u015fitli Kanun H\u00fckm\u00fcnde Kararnameler ile kamu g\u00f6revinden \u00e7\u0131kar\u0131lanlar ilana ba\u015fvuruda bulunamaz.<br \/>\n7- \u0130landa belirtilen genel ve aranan nitelikler k\u0131sm\u0131ndaki \u00f6zel \u015fartlar\u0131n (E\u011fitim, Sertifika, Ehliyet vb.) ilan tarihi itibar\u0131yla sa\u011flan\u0131yor olmas\u0131 gerekmektedir.<br \/>\n8- Ba\u015fvurular incelendikten sonra nihai olarak atamaya hak kazanan as\u0131l ve yedek adaylar\u0131n isimleri, evrak teslim tarihleri ile g\u00f6revlerine ba\u015flay\u0131\u015flar\u0131 \u00dcniversitemiz<br \/>\nhttps:\/\/selcuk.edu.tr web adresi ile Personel Daire Ba\u015fkanl\u0131\u011f\u0131n\u0131n https:\/\/www.selcuk.edu.tr\/ Birim\/daire-baskanliklari\/personel\/1955 web adresinde ilan edilecektir. Adaylar ba\u015fvurular\u0131na<br \/>\nili\u015fkin bilgilere Kariyer Kap\u0131s\u0131 \u00fczerinden de ula\u015fabilecektir.<br \/>\n9- Ger\u00e7e\u011fe ayk\u0131r\u0131 belge verdi\u011fi veya beyanda bulundu\u011fu tespit edilenlerin atamalar\u0131 yap\u0131lmaz, atamalar\u0131 yap\u0131lm\u0131\u015f ise iptal edilir ve idare taraf\u0131ndan kendilerine bir bedel \u00f6denmi\u015f ise<br \/>\nbu bedel yasal faizi ile birlikte tazmin edilir.<br \/>\n10- M\u00fcracaatlar 22.05.2025 ile 09.06.2025 tarihleri aras\u0131nda e-Devlet Kap\u0131s\u0131 &#8221;Sel\u00e7uk \u00dcniversitesi-Kariyer Kap\u0131s\u0131 \u0130\u015fe Al\u0131m&#8221; veya https:\/\/isealimkariyerkapisi.cbiko.gov.tr internet<br \/>\nadresi \u00fczerinden ba\u015fvurunun son g\u00fcn\u00fc saat 17:00&#8217;ye kadar yap\u0131lacakt\u0131r. \u015eahsen veya posta yolu ile yap\u0131lan ba\u015fvurular kabul edilmeyecektir. S\u00fcresi i\u00e7inde yap\u0131lmayan veya sistemde meydana<br \/>\ngelen gecikmeler sebebiyle yap\u0131lan ba\u015fvurular dikkate al\u0131nmayacakt\u0131r.<br \/>\n11- Adaylar\u0131n ba\u015fvuru i\u015flemi tamamland\u0131ktan sonra \u201cBa\u015fvurular\u0131m\u201d ekran\u0131ndan ba\u015fvurular\u0131n\u0131n tamamlan\u0131p tamamlanmad\u0131\u011f\u0131n\u0131 kontrol etmeleri gerekmektedir. \u201cBa\u015fvurular\u0131m\u201d<br \/>\nekran\u0131nda \u201cBa\u015fvuru Tamamland\u0131\u201d ibaresi g\u00f6r\u00fclmeyen hi\u00e7bir ba\u015fvuru de\u011ferlendirilmeye al\u0131nmayacakt\u0131r. Ba\u015fvuru i\u015fleminin hatas\u0131z, eksiksiz ve bu ilanda belirtilen hususlara uygun olarak<br \/>\nyap\u0131lmas\u0131ndan, istenilen belgelerin ba\u015fvuru a\u015famas\u0131nda sisteme y\u00fcklenmesinden, ba\u015fvuruda bulunan aday sorumludur.<br \/>\n12- 2024 KPSS(B) grubu puan s\u0131ralamas\u0131nda ilgililerin puanlar\u0131n\u0131n e\u015fit olmas\u0131 halinde mezuniyet tarihi \u00f6nce olan, mezuniyet tarihlerinin de e\u015fit olmas\u0131 halinde do\u011fum tarihi b\u00fcy\u00fck olan<br \/>\nadaya \u00f6ncelik tan\u0131n\u0131r.<br \/>\n13- \u0130lan edilen kadronun 10 (on) kat\u0131 kadar yedek aday belirlenecek olup sonu\u00e7lar as\u0131l ve yedek olarak ilan edilecektir. Bu ilan tebli\u011f mahiyetinde olaca\u011f\u0131ndan adaylara ayr\u0131ca tebligat<br \/>\nyap\u0131lmayacakt\u0131r.<br \/>\n14- \u0130lk ba\u015fvuru tarihi itibar\u0131yla Y\u00fcksek\u00f6\u011frenim Kurumlar\u0131nda \u00f6rg\u00fcn e\u011fitim \u00f6\u011frencisi (Lisans \u00fcst\u00fc hari\u00e7) olarak kayd\u0131 bulunmamak.<br \/>\n15- As\u0131l olarak atanmaya hak kazanan adaylardan ba\u015fvurusunu yapmayanlar\u0131n yerine yedek olarak kazananlar s\u0131ras\u0131 ile \u00e7a\u011fr\u0131lacakt\u0131r. Yerle\u015fmeye hak kazanan adaylara ilgili mevzuat<br \/>\ngere\u011fi ar\u015fiv ara\u015ft\u0131rmas\u0131 yap\u0131lacak olup sonucun olumlu olmas\u0131 halinde g\u00f6revlerine ba\u015flay\u0131\u015f i\u015flemleri yap\u0131lacakt\u0131r. Adaylar ile hizmet s\u00f6zle\u015fmesi yap\u0131lacak olup s\u00f6zle\u015fmede belirtilen \u015fartlar\u0131<br \/>\nyerine getirmeyen aday\u0131n s\u00f6zle\u015fmesi 1 (bir) ay i\u00e7erisinde fesih edilecektir. \u0130landa bulunmayan h\u00fck\u00fcmler i\u00e7in genel mevzuat h\u00fck\u00fcmleri ge\u00e7erlidir.<br \/>\nNOT: Atanmaya hak kazanan adaylarla hizmet s\u00f6zle\u015fmesi yap\u0131lacak olup, s\u00f6zle\u015fmede belirtilen \u015fartlar\u0131 yerine getirmeyen adaylar\u0131n s\u00f6zle\u015fmeleri feshedilecektir. Ba\u015fvuracak adaylarda<br \/>\nyukar\u0131da belirtilen \u00f6zel \u015fartlar ile 657 Say\u0131l\u0131 Devlet Memurlar\u0131 Kanunu\u2019nun de\u011fi\u015fik 48.<br \/>\nMaddesinde (A f\u0131kras\u0131n\u0131n 4, 5, 6 ve 7 bentlerinde) belirtilen a\u015fa\u011f\u0131daki genel \u015fartlar aran\u0131r.<br \/>\nONL\u0130NE BA\u015eVURUDA S\u0130STEME EKLENMES\u0130 GEREKEN BELGELER:<br \/>\n1. Aranan nitelikleri kan\u0131tlay\u0131c\u0131 belgeler.(Aranan nitelikleri kan\u0131tlay\u0131c\u0131 belge istenen unvanlarda her nitelik i\u00e7in ayr\u0131 ayr\u0131 belgelendirme yap\u0131larak ilgili alana y\u00fcklenecektir.)<br \/>\n2. Son 1 (bir) y\u0131l i\u00e7erisinde 4\/B\u2019li (s\u00f6zle\u015fmeli) personel pozisyonunda \u00e7al\u0131\u015fm\u0131\u015f olanlar i\u00e7in, daha \u00f6nce 4\/B\u2019li (s\u00f6zle\u015fmeli) personel pozisyonunda \u00e7al\u0131\u015ft\u0131\u011f\u0131 kurumdan al\u0131nacak 1 (bir) y\u0131l<br \/>\nbekleme s\u00fcresine tabi olmad\u0131\u011f\u0131n\u0131 g\u00f6steren belge ve e-devlet sisteminden al\u0131nm\u0131\u015f BARKODLU<br \/>\nSGK Hizmet D\u00f6k\u00fcm\u00fc.<br \/>\n3- \u00d6zel G\u00fcvenlik G\u00f6revlisi kimlik kart\u0131 (\u00f6nl\u00fc-arkal\u0131)<br \/>\n\u0130leti\u015fim: 0-332-223 81 18 \u2013 223 81 28<br \/>\n\u0130lgililere ilanen duyurulur.<\/p>\n","protected":false},"excerpt":{"rendered":"<p>S\u00d6ZLE\u015eMEL\u0130 (4\/B) PERSONEL ALIM \u0130LANI Sel\u00e7uk \u00dcniversitesine, 657 say\u0131l\u0131 Devlet Memurlar\u0131 Kanunu&#8217;nun 4. maddesinin (B) f\u0131kras\u0131na g\u00f6re istihdam edilmek \u00fczere 06.06.1978 tarihli ve 7\/15754 say\u0131l\u0131 Kararnameye ekli 28.06.2007 tarihli ve 26566 say\u0131l\u0131 Resmi Gazete\u2019de yay\u0131mlanan S\u00f6zle\u015fmeli Personel \u00c7al\u0131\u015ft\u0131r\u0131lmas\u0131na \u0130li\u015fkin Esaslarda De\u011fi\u015fiklik Yap\u0131lmas\u0131na Dair Esaslar&#8217;da yer alan ek 2&#8217;nci maddenin (b) f\u0131kras\u0131na g\u00f6re a\u015fa\u011f\u0131da belirtilen pozisyonlara [&hellip;]<\/p>\n","protected":false},"author":1,"featured_media":7206,"comment_status":"open","ping_status":"open","sticky":false,"template":"","format":"standard","meta":{"footnotes":""},"categories":[55],"tags":[],"class_list":["post-7205","post","type-post","status-publish","format-standard","has-post-thumbnail","hentry","category-is-ilanlari"],"yoast_head":"<!-- This site is optimized with the Yoast SEO plugin v27.4 - https:\/\/yoast.com\/product\/yoast-seo-wordpress\/ -->\n<title>Sel\u00e7uk \u00dcniversitesi Rekt\u00f6rl\u00fc\u011f\u00fcnden - Memurun Sesi<\/title>\n<meta name=\"robots\" content=\"index, follow, max-snippet:-1, max-image-preview:large, max-video-preview:-1\" \/>\n<link rel=\"canonical\" href=\"https:\/\/memurunsesi.net\/index.php\/2025\/05\/22\/selcuk-universitesi-rektorlugunden\/\" \/>\n<meta property=\"og:locale\" content=\"tr_TR\" \/>\n<meta property=\"og:type\" content=\"article\" \/>\n<meta property=\"og:title\" content=\"Sel\u00e7uk \u00dcniversitesi Rekt\u00f6rl\u00fc\u011f\u00fcnden - Memurun Sesi\" \/>\n<meta property=\"og:description\" content=\"S\u00d6ZLE\u015eMEL\u0130 (4\/B) PERSONEL ALIM \u0130LANI Sel\u00e7uk \u00dcniversitesine, 657 say\u0131l\u0131 Devlet Memurlar\u0131 Kanunu&#8217;nun 4. maddesinin (B) f\u0131kras\u0131na g\u00f6re istihdam edilmek \u00fczere 06.06.1978 tarihli ve 7\/15754 say\u0131l\u0131 Kararnameye ekli 28.06.2007 tarihli ve 26566 say\u0131l\u0131 Resmi Gazete\u2019de yay\u0131mlanan S\u00f6zle\u015fmeli Personel \u00c7al\u0131\u015ft\u0131r\u0131lmas\u0131na \u0130li\u015fkin Esaslarda De\u011fi\u015fiklik Yap\u0131lmas\u0131na Dair Esaslar&#8217;da yer alan ek 2&#8217;nci maddenin (b) f\u0131kras\u0131na g\u00f6re a\u015fa\u011f\u0131da belirtilen pozisyonlara [&hellip;]\" \/>\n<meta property=\"og:url\" content=\"https:\/\/memurunsesi.net\/index.php\/2025\/05\/22\/selcuk-universitesi-rektorlugunden\/\" \/>\n<meta property=\"og:site_name\" content=\"Memurun Sesi\" \/>\n<meta property=\"article:publisher\" content=\"https:\/\/www.facebook.com\/unipersen\/?locale=tr_TR\" \/>\n<meta property=\"article:published_time\" content=\"2025-05-22T08:03:37+00:00\" \/>\n<meta property=\"og:image\" content=\"https:\/\/memurunsesi.net\/wp-content\/uploads\/2025\/05\/5f5aa22f7fbe682aa4aabae7.webp\" \/>\n\t<meta property=\"og:image:width\" content=\"124\" \/>\n\t<meta property=\"og:image:height\" content=\"124\" \/>\n\t<meta property=\"og:image:type\" content=\"image\/webp\" \/>\n<meta name=\"author\" content=\"Memurun Sesi Haber Merkezi\" \/>\n<meta name=\"twitter:card\" content=\"summary_large_image\" \/>\n<meta name=\"twitter:creator\" content=\"@unipersen\" \/>\n<meta name=\"twitter:site\" content=\"@unipersen\" \/>\n<meta name=\"twitter:label1\" content=\"Yazan:\" \/>\n\t<meta name=\"twitter:data1\" content=\"Memurun Sesi Haber Merkezi\" \/>\n\t<meta name=\"twitter:label2\" content=\"Tahmini okuma s\u00fcresi\" \/>\n\t<meta name=\"twitter:data2\" content=\"1 dakika\" \/>\n<script type=\"application\/ld+json\" class=\"yoast-schema-graph\">{\"@context\":\"https:\\\/\\\/schema.org\",\"@graph\":[{\"@type\":\"Article\",\"@id\":\"https:\\\/\\\/memurunsesi.net\\\/index.php\\\/2025\\\/05\\\/22\\\/selcuk-universitesi-rektorlugunden\\\/#article\",\"isPartOf\":{\"@id\":\"https:\\\/\\\/memurunsesi.net\\\/index.php\\\/2025\\\/05\\\/22\\\/selcuk-universitesi-rektorlugunden\\\/\"},\"author\":{\"name\":\"Memurun Sesi Haber Merkezi\",\"@id\":\"https:\\\/\\\/memurunsesi.net\\\/#\\\/schema\\\/person\\\/f21c2d73b89f6ee1d80b0a1803e38587\"},\"headline\":\"Sel\u00e7uk \u00dcniversitesi Rekt\u00f6rl\u00fc\u011f\u00fcnden\",\"datePublished\":\"2025-05-22T08:03:37+00:00\",\"mainEntityOfPage\":{\"@id\":\"https:\\\/\\\/memurunsesi.net\\\/index.php\\\/2025\\\/05\\\/22\\\/selcuk-universitesi-rektorlugunden\\\/\"},\"wordCount\":1730,\"commentCount\":0,\"publisher\":{\"@id\":\"https:\\\/\\\/memurunsesi.net\\\/#organization\"},\"image\":{\"@id\":\"https:\\\/\\\/memurunsesi.net\\\/index.php\\\/2025\\\/05\\\/22\\\/selcuk-universitesi-rektorlugunden\\\/#primaryimage\"},\"thumbnailUrl\":\"https:\\\/\\\/memurunsesi.net\\\/wp-content\\\/uploads\\\/2025\\\/05\\\/5f5aa22f7fbe682aa4aabae7.webp\",\"articleSection\":[\"\u0130\u015f \u0130lanlar\u0131\"],\"inLanguage\":\"tr\",\"potentialAction\":[{\"@type\":\"CommentAction\",\"name\":\"Comment\",\"target\":[\"https:\\\/\\\/memurunsesi.net\\\/index.php\\\/2025\\\/05\\\/22\\\/selcuk-universitesi-rektorlugunden\\\/#respond\"]}]},{\"@type\":\"WebPage\",\"@id\":\"https:\\\/\\\/memurunsesi.net\\\/index.php\\\/2025\\\/05\\\/22\\\/selcuk-universitesi-rektorlugunden\\\/\",\"url\":\"https:\\\/\\\/memurunsesi.net\\\/index.php\\\/2025\\\/05\\\/22\\\/selcuk-universitesi-rektorlugunden\\\/\",\"name\":\"Sel\u00e7uk \u00dcniversitesi Rekt\u00f6rl\u00fc\u011f\u00fcnden - Memurun Sesi\",\"isPartOf\":{\"@id\":\"https:\\\/\\\/memurunsesi.net\\\/#website\"},\"primaryImageOfPage\":{\"@id\":\"https:\\\/\\\/memurunsesi.net\\\/index.php\\\/2025\\\/05\\\/22\\\/selcuk-universitesi-rektorlugunden\\\/#primaryimage\"},\"image\":{\"@id\":\"https:\\\/\\\/memurunsesi.net\\\/index.php\\\/2025\\\/05\\\/22\\\/selcuk-universitesi-rektorlugunden\\\/#primaryimage\"},\"thumbnailUrl\":\"https:\\\/\\\/memurunsesi.net\\\/wp-content\\\/uploads\\\/2025\\\/05\\\/5f5aa22f7fbe682aa4aabae7.webp\",\"datePublished\":\"2025-05-22T08:03:37+00:00\",\"breadcrumb\":{\"@id\":\"https:\\\/\\\/memurunsesi.net\\\/index.php\\\/2025\\\/05\\\/22\\\/selcuk-universitesi-rektorlugunden\\\/#breadcrumb\"},\"inLanguage\":\"tr\",\"potentialAction\":[{\"@type\":\"ReadAction\",\"target\":[\"https:\\\/\\\/memurunsesi.net\\\/index.php\\\/2025\\\/05\\\/22\\\/selcuk-universitesi-rektorlugunden\\\/\"]}]},{\"@type\":\"ImageObject\",\"inLanguage\":\"tr\",\"@id\":\"https:\\\/\\\/memurunsesi.net\\\/index.php\\\/2025\\\/05\\\/22\\\/selcuk-universitesi-rektorlugunden\\\/#primaryimage\",\"url\":\"https:\\\/\\\/memurunsesi.net\\\/wp-content\\\/uploads\\\/2025\\\/05\\\/5f5aa22f7fbe682aa4aabae7.webp\",\"contentUrl\":\"https:\\\/\\\/memurunsesi.net\\\/wp-content\\\/uploads\\\/2025\\\/05\\\/5f5aa22f7fbe682aa4aabae7.webp\",\"width\":124,\"height\":124},{\"@type\":\"BreadcrumbList\",\"@id\":\"https:\\\/\\\/memurunsesi.net\\\/index.php\\\/2025\\\/05\\\/22\\\/selcuk-universitesi-rektorlugunden\\\/#breadcrumb\",\"itemListElement\":[{\"@type\":\"ListItem\",\"position\":1,\"name\":\"Anasayfa\",\"item\":\"https:\\\/\\\/memurunsesi.net\\\/\"},{\"@type\":\"ListItem\",\"position\":2,\"name\":\"Sel\u00e7uk \u00dcniversitesi Rekt\u00f6rl\u00fc\u011f\u00fcnden\"}]},{\"@type\":\"WebSite\",\"@id\":\"https:\\\/\\\/memurunsesi.net\\\/#website\",\"url\":\"https:\\\/\\\/memurunsesi.net\\\/\",\"name\":\"Memurun Sesi\",\"description\":\"G\u00fcncel ve Do\u011fru Haber\",\"publisher\":{\"@id\":\"https:\\\/\\\/memurunsesi.net\\\/#organization\"},\"potentialAction\":[{\"@type\":\"SearchAction\",\"target\":{\"@type\":\"EntryPoint\",\"urlTemplate\":\"https:\\\/\\\/memurunsesi.net\\\/?s={search_term_string}\"},\"query-input\":{\"@type\":\"PropertyValueSpecification\",\"valueRequired\":true,\"valueName\":\"search_term_string\"}}],\"inLanguage\":\"tr\"},{\"@type\":\"Organization\",\"@id\":\"https:\\\/\\\/memurunsesi.net\\\/#organization\",\"name\":\"Memurun Sesi\",\"url\":\"https:\\\/\\\/memurunsesi.net\\\/\",\"logo\":{\"@type\":\"ImageObject\",\"inLanguage\":\"tr\",\"@id\":\"https:\\\/\\\/memurunsesi.net\\\/#\\\/schema\\\/logo\\\/image\\\/\",\"url\":\"https:\\\/\\\/memurunsesi.net\\\/wp-content\\\/uploads\\\/2025\\\/11\\\/cropped-MEMURUN-SESI.png\",\"contentUrl\":\"https:\\\/\\\/memurunsesi.net\\\/wp-content\\\/uploads\\\/2025\\\/11\\\/cropped-MEMURUN-SESI.png\",\"width\":238,\"height\":57,\"caption\":\"Memurun Sesi\"},\"image\":{\"@id\":\"https:\\\/\\\/memurunsesi.net\\\/#\\\/schema\\\/logo\\\/image\\\/\"},\"sameAs\":[\"https:\\\/\\\/www.facebook.com\\\/unipersen\\\/?locale=tr_TR\",\"https:\\\/\\\/x.com\\\/unipersen\"]},{\"@type\":\"Person\",\"@id\":\"https:\\\/\\\/memurunsesi.net\\\/#\\\/schema\\\/person\\\/f21c2d73b89f6ee1d80b0a1803e38587\",\"name\":\"Memurun Sesi Haber Merkezi\",\"image\":{\"@type\":\"ImageObject\",\"inLanguage\":\"tr\",\"@id\":\"https:\\\/\\\/secure.gravatar.com\\\/avatar\\\/6cf0505f452ee753f485014986fab09a434671d2b919ee76fc541025c5876a70?s=96&d=mm&r=g\",\"url\":\"https:\\\/\\\/secure.gravatar.com\\\/avatar\\\/6cf0505f452ee753f485014986fab09a434671d2b919ee76fc541025c5876a70?s=96&d=mm&r=g\",\"contentUrl\":\"https:\\\/\\\/secure.gravatar.com\\\/avatar\\\/6cf0505f452ee753f485014986fab09a434671d2b919ee76fc541025c5876a70?s=96&d=mm&r=g\",\"caption\":\"Memurun Sesi Haber Merkezi\"},\"sameAs\":[\"https:\\\/\\\/memurunsesi.net\"],\"url\":\"https:\\\/\\\/memurunsesi.net\\\/index.php\\\/author\\\/uniper\\\/\"}]}<\/script>\n<!-- \/ Yoast SEO plugin. -->","yoast_head_json":{"title":"Sel\u00e7uk \u00dcniversitesi Rekt\u00f6rl\u00fc\u011f\u00fcnden - Memurun Sesi","robots":{"index":"index","follow":"follow","max-snippet":"max-snippet:-1","max-image-preview":"max-image-preview:large","max-video-preview":"max-video-preview:-1"},"canonical":"https:\/\/memurunsesi.net\/index.php\/2025\/05\/22\/selcuk-universitesi-rektorlugunden\/","og_locale":"tr_TR","og_type":"article","og_title":"Sel\u00e7uk \u00dcniversitesi Rekt\u00f6rl\u00fc\u011f\u00fcnden - Memurun Sesi","og_description":"S\u00d6ZLE\u015eMEL\u0130 (4\/B) PERSONEL ALIM \u0130LANI Sel\u00e7uk \u00dcniversitesine, 657 say\u0131l\u0131 Devlet Memurlar\u0131 Kanunu&#8217;nun 4. maddesinin (B) f\u0131kras\u0131na g\u00f6re istihdam edilmek \u00fczere 06.06.1978 tarihli ve 7\/15754 say\u0131l\u0131 Kararnameye ekli 28.06.2007 tarihli ve 26566 say\u0131l\u0131 Resmi Gazete\u2019de yay\u0131mlanan S\u00f6zle\u015fmeli Personel \u00c7al\u0131\u015ft\u0131r\u0131lmas\u0131na \u0130li\u015fkin Esaslarda De\u011fi\u015fiklik Yap\u0131lmas\u0131na Dair Esaslar&#8217;da yer alan ek 2&#8217;nci maddenin (b) f\u0131kras\u0131na g\u00f6re a\u015fa\u011f\u0131da belirtilen pozisyonlara [&hellip;]","og_url":"https:\/\/memurunsesi.net\/index.php\/2025\/05\/22\/selcuk-universitesi-rektorlugunden\/","og_site_name":"Memurun Sesi","article_publisher":"https:\/\/www.facebook.com\/unipersen\/?locale=tr_TR","article_published_time":"2025-05-22T08:03:37+00:00","og_image":[{"width":124,"height":124,"url":"https:\/\/memurunsesi.net\/wp-content\/uploads\/2025\/05\/5f5aa22f7fbe682aa4aabae7.webp","type":"image\/webp"}],"author":"Memurun Sesi Haber Merkezi","twitter_card":"summary_large_image","twitter_creator":"@unipersen","twitter_site":"@unipersen","twitter_misc":{"Yazan:":"Memurun Sesi Haber Merkezi","Tahmini okuma s\u00fcresi":"1 dakika"},"schema":{"@context":"https:\/\/schema.org","@graph":[{"@type":"Article","@id":"https:\/\/memurunsesi.net\/index.php\/2025\/05\/22\/selcuk-universitesi-rektorlugunden\/#article","isPartOf":{"@id":"https:\/\/memurunsesi.net\/index.php\/2025\/05\/22\/selcuk-universitesi-rektorlugunden\/"},"author":{"name":"Memurun Sesi Haber Merkezi","@id":"https:\/\/memurunsesi.net\/#\/schema\/person\/f21c2d73b89f6ee1d80b0a1803e38587"},"headline":"Sel\u00e7uk \u00dcniversitesi Rekt\u00f6rl\u00fc\u011f\u00fcnden","datePublished":"2025-05-22T08:03:37+00:00","mainEntityOfPage":{"@id":"https:\/\/memurunsesi.net\/index.php\/2025\/05\/22\/selcuk-universitesi-rektorlugunden\/"},"wordCount":1730,"commentCount":0,"publisher":{"@id":"https:\/\/memurunsesi.net\/#organization"},"image":{"@id":"https:\/\/memurunsesi.net\/index.php\/2025\/05\/22\/selcuk-universitesi-rektorlugunden\/#primaryimage"},"thumbnailUrl":"https:\/\/memurunsesi.net\/wp-content\/uploads\/2025\/05\/5f5aa22f7fbe682aa4aabae7.webp","articleSection":["\u0130\u015f \u0130lanlar\u0131"],"inLanguage":"tr","potentialAction":[{"@type":"CommentAction","name":"Comment","target":["https:\/\/memurunsesi.net\/index.php\/2025\/05\/22\/selcuk-universitesi-rektorlugunden\/#respond"]}]},{"@type":"WebPage","@id":"https:\/\/memurunsesi.net\/index.php\/2025\/05\/22\/selcuk-universitesi-rektorlugunden\/","url":"https:\/\/memurunsesi.net\/index.php\/2025\/05\/22\/selcuk-universitesi-rektorlugunden\/","name":"Sel\u00e7uk \u00dcniversitesi Rekt\u00f6rl\u00fc\u011f\u00fcnden - Memurun Sesi","isPartOf":{"@id":"https:\/\/memurunsesi.net\/#website"},"primaryImageOfPage":{"@id":"https:\/\/memurunsesi.net\/index.php\/2025\/05\/22\/selcuk-universitesi-rektorlugunden\/#primaryimage"},"image":{"@id":"https:\/\/memurunsesi.net\/index.php\/2025\/05\/22\/selcuk-universitesi-rektorlugunden\/#primaryimage"},"thumbnailUrl":"https:\/\/memurunsesi.net\/wp-content\/uploads\/2025\/05\/5f5aa22f7fbe682aa4aabae7.webp","datePublished":"2025-05-22T08:03:37+00:00","breadcrumb":{"@id":"https:\/\/memurunsesi.net\/index.php\/2025\/05\/22\/selcuk-universitesi-rektorlugunden\/#breadcrumb"},"inLanguage":"tr","potentialAction":[{"@type":"ReadAction","target":["https:\/\/memurunsesi.net\/index.php\/2025\/05\/22\/selcuk-universitesi-rektorlugunden\/"]}]},{"@type":"ImageObject","inLanguage":"tr","@id":"https:\/\/memurunsesi.net\/index.php\/2025\/05\/22\/selcuk-universitesi-rektorlugunden\/#primaryimage","url":"https:\/\/memurunsesi.net\/wp-content\/uploads\/2025\/05\/5f5aa22f7fbe682aa4aabae7.webp","contentUrl":"https:\/\/memurunsesi.net\/wp-content\/uploads\/2025\/05\/5f5aa22f7fbe682aa4aabae7.webp","width":124,"height":124},{"@type":"BreadcrumbList","@id":"https:\/\/memurunsesi.net\/index.php\/2025\/05\/22\/selcuk-universitesi-rektorlugunden\/#breadcrumb","itemListElement":[{"@type":"ListItem","position":1,"name":"Anasayfa","item":"https:\/\/memurunsesi.net\/"},{"@type":"ListItem","position":2,"name":"Sel\u00e7uk \u00dcniversitesi Rekt\u00f6rl\u00fc\u011f\u00fcnden"}]},{"@type":"WebSite","@id":"https:\/\/memurunsesi.net\/#website","url":"https:\/\/memurunsesi.net\/","name":"Memurun Sesi","description":"G\u00fcncel ve Do\u011fru Haber","publisher":{"@id":"https:\/\/memurunsesi.net\/#organization"},"potentialAction":[{"@type":"SearchAction","target":{"@type":"EntryPoint","urlTemplate":"https:\/\/memurunsesi.net\/?s={search_term_string}"},"query-input":{"@type":"PropertyValueSpecification","valueRequired":true,"valueName":"search_term_string"}}],"inLanguage":"tr"},{"@type":"Organization","@id":"https:\/\/memurunsesi.net\/#organization","name":"Memurun Sesi","url":"https:\/\/memurunsesi.net\/","logo":{"@type":"ImageObject","inLanguage":"tr","@id":"https:\/\/memurunsesi.net\/#\/schema\/logo\/image\/","url":"https:\/\/memurunsesi.net\/wp-content\/uploads\/2025\/11\/cropped-MEMURUN-SESI.png","contentUrl":"https:\/\/memurunsesi.net\/wp-content\/uploads\/2025\/11\/cropped-MEMURUN-SESI.png","width":238,"height":57,"caption":"Memurun Sesi"},"image":{"@id":"https:\/\/memurunsesi.net\/#\/schema\/logo\/image\/"},"sameAs":["https:\/\/www.facebook.com\/unipersen\/?locale=tr_TR","https:\/\/x.com\/unipersen"]},{"@type":"Person","@id":"https:\/\/memurunsesi.net\/#\/schema\/person\/f21c2d73b89f6ee1d80b0a1803e38587","name":"Memurun Sesi Haber Merkezi","image":{"@type":"ImageObject","inLanguage":"tr","@id":"https:\/\/secure.gravatar.com\/avatar\/6cf0505f452ee753f485014986fab09a434671d2b919ee76fc541025c5876a70?s=96&d=mm&r=g","url":"https:\/\/secure.gravatar.com\/avatar\/6cf0505f452ee753f485014986fab09a434671d2b919ee76fc541025c5876a70?s=96&d=mm&r=g","contentUrl":"https:\/\/secure.gravatar.com\/avatar\/6cf0505f452ee753f485014986fab09a434671d2b919ee76fc541025c5876a70?s=96&d=mm&r=g","caption":"Memurun Sesi Haber Merkezi"},"sameAs":["https:\/\/memurunsesi.net"],"url":"https:\/\/memurunsesi.net\/index.php\/author\/uniper\/"}]}},"_links":{"self":[{"href":"https:\/\/memurunsesi.net\/index.php\/wp-json\/wp\/v2\/posts\/7205","targetHints":{"allow":["GET"]}}],"collection":[{"href":"https:\/\/memurunsesi.net\/index.php\/wp-json\/wp\/v2\/posts"}],"about":[{"href":"https:\/\/memurunsesi.net\/index.php\/wp-json\/wp\/v2\/types\/post"}],"author":[{"embeddable":true,"href":"https:\/\/memurunsesi.net\/index.php\/wp-json\/wp\/v2\/users\/1"}],"replies":[{"embeddable":true,"href":"https:\/\/memurunsesi.net\/index.php\/wp-json\/wp\/v2\/comments?post=7205"}],"version-history":[{"count":1,"href":"https:\/\/memurunsesi.net\/index.php\/wp-json\/wp\/v2\/posts\/7205\/revisions"}],"predecessor-version":[{"id":7207,"href":"https:\/\/memurunsesi.net\/index.php\/wp-json\/wp\/v2\/posts\/7205\/revisions\/7207"}],"wp:featuredmedia":[{"embeddable":true,"href":"https:\/\/memurunsesi.net\/index.php\/wp-json\/wp\/v2\/media\/7206"}],"wp:attachment":[{"href":"https:\/\/memurunsesi.net\/index.php\/wp-json\/wp\/v2\/media?parent=7205"}],"wp:term":[{"taxonomy":"category","embeddable":true,"href":"https:\/\/memurunsesi.net\/index.php\/wp-json\/wp\/v2\/categories?post=7205"},{"taxonomy":"post_tag","embeddable":true,"href":"https:\/\/memurunsesi.net\/index.php\/wp-json\/wp\/v2\/tags?post=7205"}],"curies":[{"name":"wp","href":"https:\/\/api.w.org\/{rel}","templated":true}]}}