{"id":7208,"date":"2025-05-22T11:04:59","date_gmt":"2025-05-22T08:04:59","guid":{"rendered":"https:\/\/memurunsesi.net\/?p=7208"},"modified":"2025-05-22T11:04:59","modified_gmt":"2025-05-22T08:04:59","slug":"suleyman-demirel-universitesi-rektorlugunden","status":"publish","type":"post","link":"https:\/\/memurunsesi.net\/index.php\/2025\/05\/22\/suleyman-demirel-universitesi-rektorlugunden\/","title":{"rendered":"S\u00fcleyman Demirel \u00dcniversitesi Rekt\u00f6rl\u00fc\u011f\u00fcnden"},"content":{"rendered":"<p>\u00d6\u011eRET\u0130M \u00dcYES\u0130 ALIM \u0130LANI<\/p>\n<p>2 Kas\u0131m 2018 tarihli ve 30583 say\u0131l\u0131 Resm\u00ee Gazete\u2019de yay\u0131mlanan \u201cDevlet Y\u00fcksek\u00f6\u011fretim Kurumlar\u0131nda \u00d6\u011fretim Eleman\u0131 Norm Kadrolar\u0131n\u0131n Belirlenmesine ve Kullan\u0131lmas\u0131na \u0130li\u015fkin Y\u00f6netmelik\u201d kapsam\u0131nda \u00dcniversitemizin \u00e7e\u015fitli birimlerine 657 say\u0131l\u0131 Devlet Memurlar\u0131 Kanunu&#8217;nun 48 inci maddesi, 2547 say\u0131l\u0131 Y\u00fcksek\u00f6\u011fretim Kanunu, \u00d6\u011fretim \u00dcyeli\u011fine Y\u00fckseltilme ve Atanma Y\u00f6netmeli\u011fi ve S\u00fcleyman Demirel \u00dcniversitesi \u00d6\u011fretim \u00dcyeli\u011fi<br \/>\nKadrolar\u0131na Ba\u015fvurma, Atanma ve Y\u00fckseltilme Kriterlerine \u0130li\u015fkin Y\u00f6nerge h\u00fck\u00fcmlerine g\u00f6re a\u015fa\u011f\u0131da belirtilen kadrolara \u00f6\u011fretim \u00fcyesi al\u0131nacakt\u0131r.<\/p>\n<p>A-BA\u015eVURU \u015eEKL\u0130, YER\u0130 VE ZAMANI:<br \/>\n1- Ba\u015fvurular \u00dcniversitemiz \u0130nsan Kaynaklar\u0131 Ba\u015fvuru Sistemi&#8217;nden (https:\/\/ikbasvuru.sdu.edu.tr) \u00e7evrimi\u00e7i (online) yap\u0131lacakt\u0131r.<br \/>\n2- Ba\u015fvuru s\u00fcresi ilan\u0131n Resm\u00ee Gazete\u2019de yay\u0131m tarihi itibariyle 15 (on be\u015f) g\u00fcn olup, ba\u015fvuru s\u00fcresi son ba\u015fvuru g\u00fcn\u00fc saat 17.30\u2019da bitecektir.<br \/>\n3- Adaylar \u00f6ncelikle \u0130nsan Kaynaklar\u0131 Ba\u015fvuru Sistemi&#8217;ne \u00e7evrimi\u00e7i (online) kay\u0131t olduktan sonra ki\u015fisel bilgilerini doldurup \u00d6\u011fretim \u00dcyesi Personel Al\u0131m\u0131 \u0130lan\u0131 i\u00e7in ba\u015fvuru i\u015flemlerini ba\u015flatacakt\u0131r. Ba\u015fvuru istemine kay\u0131t olan adaylar ba\u015fvurmak istedi\u011fi ilan numaras\u0131n\u0131 se\u00e7ip B bendinde belirtilen belgeleri ilgili alanlara y\u00fckleyip \u201cBa\u015fvuru Yap\u201d butonuna t\u0131klad\u0131\u011f\u0131nda \u00e7evrimi\u00e7i (online) ba\u015fvurular\u0131n\u0131 tamamlam\u0131\u015f olacaklard\u0131r.<br \/>\n4- Ba\u015fvurular \u00fczerinde g\u00fcncelleme yapmak istenildi\u011finde mevcut ba\u015fvuru silinerek, \u201c\u0130\u015flemler-Ba\u015fvuru S\u00fcrecindekiler\u201d men\u00fcs\u00fcnden yeniden ba\u015fvuru olu\u015fturulabilecek olup, t\u00fcm sorumluluk adaylara aittir. (Yanl\u0131\u015f\/eksik belge y\u00fckleme, farkl\u0131 mezuniyetle ba\u015fvurma, yanl\u0131\u015f ilana ba\u015fvurma vb.) Ger\u00e7e\u011fe ayk\u0131r\u0131 belge verenler ya da beyanda bulunanlar herhangi bir hak iddia edemeyecek olup haklar\u0131nda yasal i\u015flem ba\u015flat\u0131lacakt\u0131r. Atamalar\u0131 yap\u0131lm\u0131\u015f<br \/>\nolsa bile atamalar\u0131 iptal edilecektir. Kurumumuzca kendilerine bir \u00fccret \u00f6denmi\u015f ise bu \u00fccret yasal faizi ile birlikte tazmin edilecektir.<br \/>\n5- S\u00fcleyman Demirel \u00dcniversitesi \u00d6\u011fretim \u00dcyeli\u011fi Kadrolar\u0131na Ba\u015fvurma, Atanma ve Y\u00fckseltilme Kriterlerine \u0130li\u015fkin Y\u00f6nerge&#8217;ye, Bas\u0131l\u0131 Dosya Dizi Pusulas\u0131na (FR-094, FR-095, FR-096) ve FR-007 \u00d6\u011fretim \u00dcyesi Aday\u0131 \u00d6zge\u00e7mi\u015f Formu&#8217;na Personel Daire Ba\u015fkanl\u0131\u011f\u0131n\u0131n internet adresi (http:\/\/persdb.sdu.edu.tr) dok\u00fcman ar\u015fivinden ula\u015f\u0131labilir.<br \/>\n6- S\u00fcleyman Demirel \u00dcniversitesi \u00d6\u011fretim \u00dcyeli\u011fi Kadrolar\u0131na Ba\u015fvurma, Atanma ve Y\u00fckseltilme Kriterlerine \u0130li\u015fkin Y\u00f6nerge&#8217;nin 6 nc\u0131 maddesinin<br \/>\n\u00fc\u00e7\u00fcnc\u00fc f\u0131kras\u0131 uyar\u0131nca elektronik ortama y\u00fcklenen dosyan\u0131n bas\u0131l\u0131 n\u00fcshas\u0131n\u0131 ilan\u0131m\u0131z\u0131n s\u00fcresi i\u00e7inde do\u00e7ent ve profes\u00f6r kadrolar\u0131na ba\u015fvuracak adaylar \u015fahsen veya posta ile Personel Daire Ba\u015fkanl\u0131\u011f\u0131na, doktor \u00f6\u011fretim \u00fcyesi kadrolar\u0131na ba\u015fvuracak adaylar \u015fahsen veya posta ile ilgili birime, Personel Daire Ba\u015fkanl\u0131\u011f\u0131n\u0131n internet adresi (http:\/\/persdb.sdu.edu.tr) dok\u00fcman ar\u015fivinde bulunan FR-003 \u00d6\u011fretim \u00dcyesi Dilek\u00e7e Formu ile teslim etmeleri gerekmektedir.<br \/>\nB-KADROLARA BA\u015eVURACAK ADAYLARIN TESL\u0130M EDECE\u011e\u0130 VE S\u0130STEME Y\u00dcKLEYECE\u011e\u0130 BELGELER<br \/>\n1- Foto\u011fraf (Son alt\u0131 ay i\u00e7erisinde \u00e7ekilmi\u015f vesikal\u0131k veya biyometrik) (Sisteme y\u00fcklenmelidir.)<br \/>\n2- FR-007 \u00d6\u011fretim \u00dcyesi Aday\u0131 \u00d6zge\u00e7mi\u015f Formu &#8220;Ki\u015fisel-Kimlik Bilgileri- Cv&#8221; b\u00f6l\u00fcm\u00fcne pdf format\u0131nda y\u00fcklenmelidir.<br \/>\n3- Ba\u015fvuru sistemi \u00f6\u011frenim ve s\u0131nav bilgilerini ilgili web servisler arac\u0131l\u0131\u011f\u0131 ile otomatik \u00e7ekmektedir. \u00d6\u011frenim ve s\u0131nav bilgisi otomatik \u00e7ekilmeyen adaylar\u0131n ba\u015fvuru sistemine onayl\u0131 \u00f6\u011frenim belgesi ve transkriptlerini \u201cKi\u015fisel-E\u011fitim B\u00f6l\u00fcm\u00fc-E\u011fitim Bilgisi Ekleme\u201d butonundan manuel olarak y\u00fcklemesi gerekmektedir. Yurt d\u0131\u015f\u0131ndan al\u0131nan diplomalar\u0131n Y\u00fcksek\u00f6\u011fretim Kurulu Ba\u015fkanl\u0131\u011f\u0131nca onayl\u0131 denklik belgesinin Ba\u015fvuru sisteminin \u201cKi\u015fisel-Deneyim<br \/>\nBilgilerim\u201d b\u00f6l\u00fcm\u00fcne y\u00fcklenmesi gerekmektedir.<br \/>\n4- Askerlik bilgisi ilgili web servisten otomatik olarak gelmektedir. Aday askerlik bilgisinin eksik oldu\u011funu d\u00fc\u015f\u00fcn\u00fcyor ise buna ili\u015fkin belgeyi &#8220;Ki\u015fisel-Askerlik Bilgilerim&#8221; b\u00f6l\u00fcm\u00fcne y\u00fckleyecektir.<br \/>\n5- Adli sicil kayd\u0131 bilgisi ilgili web servisten otomatik olarak gelmektedir. Aday adli sicil bilgisinin eksik oldu\u011funu d\u00fc\u015f\u00fcn\u00fcyor ise buna ili\u015fkin belgeyi &#8220;Ki\u015fisel-Sab\u0131ka Kayd\u0131 Bilgilerim&#8221; b\u00f6l\u00fcm\u00fcne y\u00fckleyecektir.<br \/>\n6- Yabanc\u0131 Dil bilgisi (Y\u00fcksek\u00f6\u011fretim Kurulu Ba\u015fkanl\u0131\u011f\u0131 taraf\u0131ndan kabul edilen dil belgesi) ilgili servislerden otomatik olarak gelmektedir. Aday,<br \/>\nYabanc\u0131 Dil bilgisinin eksik oldu\u011funu d\u00fc\u015f\u00fcn\u00fcyor ise buna ili\u015fkin belgeleri y\u00fckleyecektir.<br \/>\n7- Bilimsel \u00e7al\u0131\u015fma ve yay\u0131nlar\u0131n\u0131 i\u00e7eren listeyi \u201cKi\u015fisel-\u00d6\u011fretim \u00dcyesi Yay\u0131n Dosyas\u0131&#8221; b\u00f6l\u00fcm\u00fcne y\u00fcklemesi gerekmektedir.<br \/>\nC-GENEL A\u00c7IKLAMALAR<br \/>\n1- \u00dcniversitemiz, ilan\u0131n herhangi bir a\u015famas\u0131nda iptal ve\/veya de\u011fi\u015fiklik yapma hakk\u0131na sahiptir.<br \/>\n2- Adaylar sadece bir ilan numaras\u0131 ile ilan edilen kadrolardan sadece bir kadroya ba\u015fvuru yapabilir. Birden fazla kadroya ba\u015fvuran adaylar\u0131n ba\u015fvurular\u0131 de\u011ferlendirmeye al\u0131nmayacakt\u0131r.<br \/>\n3- \u0130stenilen bilgi ve belgelerin ba\u015fvuru s\u00fcresi i\u00e7inde ba\u015fvuru sistemine girmesi esast\u0131r. Ba\u015fvuru s\u00fcresi sonras\u0131nda sisteme y\u00fcklenen bilgi ve belgeler dikkate al\u0131nmayacakt\u0131r.<br \/>\n4- https:\/\/ikbasvuru.sdu.edu.tr sistemine kay\u0131t ve ba\u015fvuru yap\u0131lmas\u0131 hakk\u0131ndaki \u00f6\u011fretici videolar &#8220;&#8221;https:\/\/www.youtube.com\/watch?v= hf70Qp2W3RA&#8221;&#8221; ve &#8220;&#8221;https:\/\/www.youtube.com\/watch?v=zBSszCcjVLg&#8221;&#8221; adreslerinden izlenebilecektir.<br \/>\n5- 2547 say\u0131l\u0131 Y\u00fcksek\u00f6\u011fretim Kanun&#8217;un Ek 38 inci maddesi uyar\u0131nca belirlenen % 30&#8217;luk kota kapsam\u0131nda ba\u015fvuru yap\u0131labilecek doktor \u00f6\u011fretim<br \/>\n\u00fcyesi kadrosu bulunmamaktad\u0131r.<br \/>\n6- T\u0131p Fak\u00fcltesine ait kadrolara ba\u015fvuracak \u00d6\u011fretim \u00dcyesi adaylar\u0131n T\u0131p Fak\u00fcltesi mezunu olmas\u0131 zorunludur. (\u00d6zel \u015fartlar hari\u00e7)<br \/>\n*** T\u0131p Fak\u00fcltesi mezunu olma \u015fart\u0131 aranmaz.<\/p>\n<p>\u0130LAN<br \/>\nSIRA NO\tB\u0130R\u0130M\tB\u00d6L\u00dcM\tABD\/ASD\/PRG\t\u00dcNVAN\tDER.\tAD.\tN\u0130TEL\u0130\u011e\u0130<br \/>\n3477\t\u0130nsan ve Toplum<br \/>\nBilimleri Fak\u00fcltesi\tSanat Tarihi\tT\u00fcrk D\u00fcnyas\u0131 ve Orta<br \/>\n\u00c7a\u011f K\u00fclt\u00fcrleri Arkeolojisi\tProfes\u00f6r\t1\t1\tAnadolu Beylikleri ve Osmanl\u0131 D\u00f6nemi Sanat\u0131 alanlar\u0131nda \u00e7al\u0131\u015fmalar<br \/>\nyapm\u0131\u015f olmak.<br \/>\n3478\tM\u00fchendislik ve Do\u011fa Bilimleri Fak\u00fcltesi\tKimya\tFizikokimya\tProfes\u00f6r\t1\t1\tKimya alan\u0131nda do\u00e7entlik \u00fcnvan\u0131na sahip olmak. Su Hidratlar\u0131 alan\u0131nda \u00e7al\u0131\u015fmalar yapm\u0131\u015f olmak.<br \/>\n3479\tM\u00fchendislik ve Do\u011fa<br \/>\nBilimleri Fak\u00fcltesi\tKimya\tAnalitik Kimya\tProfes\u00f6r\t1\t1\tKimya alan\u0131nda do\u00e7entlik \u00fcnvan\u0131na sahip olmak. Analitik Kimya ve<br \/>\nKemometri alanlar\u0131nda \u00e7al\u0131\u015fmalar yapm\u0131\u015f olmak.<br \/>\n3480\tM\u00fchendislik ve Do\u011fa Bilimleri Fak\u00fcltesi\t\u0130n\u015faat M\u00fchendisli\u011fi\tHidrolik\tProfes\u00f6r\t1\t1\t\u0130n\u015faat M\u00fchendisli\u011fi alan\u0131nda do\u00e7entlik \u00fcnvan\u0131na sahip olmak. Su Yap\u0131lar\u0131n\u0131n Optimizasyon ile Boyutland\u0131rmas\u0131 alan\u0131nda \u00e7al\u0131\u015fmalar<br \/>\nyapm\u0131\u015f olmak.<br \/>\n3481\tE\u011fitim Fak\u00fcltesi\tMatematik ve Fen<br \/>\nBilimleri E\u011fitimi\tFen Bilgisi E\u011fitimi\tDo\u00e7ent\t1\t1\tBiyoloji e\u011fitimi alan\u0131nda do\u00e7entlik \u00fcnvan\u0131na sahip olmak. Kavram<br \/>\nkarikat\u00fcrleri \u00fczerine \u00e7al\u0131\u015fmalar yapm\u0131\u015f olmak.<br \/>\n3482\tG\u00fczel Sanatlar Fak\u00fcltesi\tSahne Sanatlar\u0131\tDramatik Yazarl\u0131k\tDo\u00e7ent\t1\t1\tSahne Sanatlar\u0131 Bilim\/Sanat alan\u0131nda do\u00e7entlik \u00fcnvan\u0131na sahip olmak. Radyo tiyatrosu alan\u0131nda \u00e7al\u0131\u015fmalar yapm\u0131\u015f olmak.<br \/>\n3483\tHukuk Fak\u00fcltesi\tKamu Hukuku\tHukuk Tarihi\tDo\u00e7ent\t1\t1\tHukuk Fak\u00fcltesi lisans mezunu olmak. Hukuk Tarihi alan\u0131nda do\u00e7entlik \u00fcnvan\u0131na sahip olmak.<br \/>\n3484\t\u0130leti\u015fim Fak\u00fcltesi\tHalkla \u0130li\u015fkiler ve Tan\u0131t\u0131m\tHalkla \u0130li\u015fkiler\tDo\u00e7ent\t1\t1\tHalkla ili\u015fkiler alan\u0131nda do\u00e7entlik \u00fcnvan\u0131na sahip olmak. Halkla ili\u015fkiler e\u011fitimi ve finansal halkla ili\u015fkiler alanlar\u0131nda \u00e7al\u0131\u015fma yapm\u0131\u015f olmak.<br \/>\n3485\t\u0130ktisadi ve \u0130dari Bilimler Fak\u00fcltesi\tEkonometri\t\u0130statistik\tDo\u00e7ent\t1\t1\tEkonometri alan\u0131nda do\u00e7entlik \u00fcnvan\u0131na sahip olmak. Enflasyon ve yat\u0131r\u0131mc\u0131 duyarl\u0131l\u0131\u011f\u0131 alanlar\u0131nda \u00e7al\u0131\u015fmalar yapm\u0131\u015f olmak.<br \/>\n3486\t\u0130nsan ve Toplum Bilimleri Fak\u00fcltesi\tCo\u011frafya\tB\u00f6lgesel Co\u011frafya\tDo\u00e7ent\t1\t1\tPaleoco\u011frafya ve polen analizi alan\u0131nda \u00e7al\u0131\u015fmalar yapm\u0131\u015f olmak.<br \/>\n3487\t\u0130lahiyat Fak\u00fcltesi\tFelsefe ve Din Bilimleri\tDinler Tarihi\tDo\u00e7ent\t1\t1\tFelsefe ve Din Bilimleri alan\u0131nda doktora yapm\u0131\u015f olmak. Kutsal<br \/>\nmek\u00e2nlar ve kutsal ki\u015filer ile erken d\u00f6nem Hristiyanl\u0131k alanlar\u0131nda \u00e7al\u0131\u015fmalar yapm\u0131\u015f olmak.<br \/>\n3488\tM\u00fchendislik ve Do\u011fa Bilimleri Fak\u00fcltesi\tElektrik-Elektronik M\u00fchendisli\u011fi\tKontrol ve Kumanda Sistemleri\tDo\u00e7ent\t1\t1\tElektrik-Elektronik ve Haberle\u015fme M\u00fchendisli\u011fi alan\u0131nda do\u00e7entlik \u00fcnvan\u0131na sahip olmak. Robotik sistemler ve kayan kipli kontrol alan\u0131nda \u00e7al\u0131\u015fmalar yapm\u0131\u015f olmak.<br \/>\n3489\tM\u00fchendislik ve Do\u011fa Bilimleri Fak\u00fcltesi\tElektrik-Elektronik M\u00fchendisli\u011fi\tElektrik Makineleri\tDo\u00e7ent\t1\t1\tElektrik-Elektronik ve Haberle\u015fme M\u00fchendisli\u011fi alan\u0131nda do\u00e7entlik \u00fcnvan\u0131na sahip olmak. End\u00fcktif kuplajl\u0131 bobin tasar\u0131m\u0131 alan\u0131nda \u00e7al\u0131\u015fmalar yapm\u0131\u015f olmak.<br \/>\n3490\tSa\u011fl\u0131k Bilimleri Fak\u00fcltesi\tFizyoterapi ve Rehabilitasyon\tFizyoterapi ve Rehabilitasyon\tDo\u00e7ent\t1\t1\tFizyoterapi ve Rehabilitasyon alan\u0131nda do\u00e7entlik \u00fcnvan\u0131na sahip<br \/>\nolmak. Farkl\u0131 pop\u00fclasyonlarda g\u00f6vde kontrol\u00fc alan\u0131nda \u00e7al\u0131\u015fmalar yapm\u0131\u015f olmak.<br \/>\n3491\tSa\u011fl\u0131k Bilimleri Fak\u00fcltesi\tFizyoterapi ve Rehabilitasyon\tFizyoterapi ve Rehabilitasyon\tDo\u00e7ent\t1\t1\tFizyoterapi ve Rehabilitasyon alan\u0131nda do\u00e7entlik \u00fcnvan\u0131na sahip olmak. N\u00f6rolojik ve pediatrik rehabilitasyon alan\u0131nda \u00e7al\u0131\u015fmalar yapm\u0131\u015f olmak.<br \/>\n3492\tAtayalva\u00e7 Sa\u011fl\u0131k Hizmetleri Meslek Y\u00fcksekokulu\tTerapi ve Rehabilitasyon\tFizyoterapi\tDr. \u00d6\u011fr. \u00dcyesi\t1\t1\tFizyoterapi ve Rehabilitasyon alan\u0131nda lisans, tezli y\u00fcksek lisans ve doktora yapm\u0131\u015f olmak. Ortopedik rehabilitasyon, geriatrik rehabilitasyon ve telerehabilitasyon alanlar\u0131nda \u00e7al\u0131\u015fmalar yapm\u0131\u015f olmak.<br \/>\n3493\tE\u011firdir Sa\u011fl\u0131k Hizmetleri<br \/>\nMeslek Y\u00fcksekokulu\tSosyal Hizmet ve<br \/>\nDan\u0131\u015fmanl\u0131k\tSosyal Hizmetler\tDr. \u00d6\u011fr. \u00dcyesi\t1\t1\tSosyoloji veya Sosyal Hizmet alan\u0131nda doktora yapm\u0131\u015f olmak.<br \/>\nSosyal hizmet tarihi alan\u0131nda \u00e7al\u0131\u015fma yapm\u0131\u015f olmak.<br \/>\n3494\tE\u011fitim Fak\u00fcltesi\tE\u011fitim Bilimleri\tE\u011fitim Programlar\u0131 ve \u00d6\u011fretim\tDr. \u00d6\u011fr. \u00dcyesi\t1\t1\tE\u011fitim Programlar\u0131 ve \u00d6\u011fretimi alan\u0131nda tezli y\u00fcksek lisans ve doktora yapm\u0131\u015f olmak. Kar\u015f\u0131la\u015ft\u0131rmal\u0131 g\u00f6\u00e7men e\u011fitimi konusunda \u00e7al\u0131\u015fma yapm\u0131\u015f olmak.<br \/>\n3495\tG\u00fczel Sanatlar Fak\u00fcltesi\tM\u00fczik\tSolo- \u015eark\u0131, \u015ean\tDr. \u00d6\u011fr. \u00dcyesi\t1\t1\tOpera \u015eark\u0131c\u0131l\u0131\u011f\u0131 ve Rejis\u00f6rl\u00fc\u011f\u00fc Sanat Dal\u0131nda Sanatta Yeterlik yapm\u0131\u015f olmak. Opera ve \u015ean E\u011fitimi alan\u0131nda \u00e7al\u0131\u015fmalar yapm\u0131\u015f olmak.<br \/>\n3496\tIsparta Sa\u011fl\u0131k Hizmetleri Meslek Y\u00fcksekokulu\tT\u0131bbi Hizmetler ve Teknikler\tT\u0131bbi Laboratuar Teknikleri\tDr. \u00d6\u011fr. \u00dcyesi\t1\t1\tBiyom\u00fchendislik alan\u0131nda doktora yapm\u0131\u015f olmak. Nanomotor ve mikromotor ila\u00e7 iletim ve sal\u0131m sistemleri alanlar\u0131nda \u00e7al\u0131\u015fmalar yapm\u0131\u015f olmak.<br \/>\n3497\tIsparta Sa\u011fl\u0131k Hizmetleri Meslek Y\u00fcksekokulu\tTerapi ve Rehabilitasyon\tFizyoterapi\tDr. \u00d6\u011fr. \u00dcyesi\t1\t1\tFizyoterapi ve Rehabilitasyon alan\u0131nda doktora yapm\u0131\u015f olmak. Sporcu rehabilitasyonu ve fibromiyalji alanlar\u0131nda \u00e7al\u0131\u015fmalar yapm\u0131\u015f<br \/>\nolmak.<br \/>\n3498\t\u0130lahiyat Fak\u00fcltesi\tFelsefe ve Din Bilimleri\tMant\u0131k\tDr. \u00d6\u011fr. \u00dcyesi\t1\t1\t\u0130lahiyat Fak\u00fcltesi mezunu olmak. Felsefe ve Din Bilimleri alan\u0131nda tezli y\u00fcksek lisans ve doktora yapm\u0131\u015f olmak. Klasik ve modern mant\u0131k alanlar\u0131nda \u00e7al\u0131\u015fmalar yapm\u0131\u015f olmak.<br \/>\n3499\tMimarl\u0131k Fak\u00fcltesi\tMimarl\u0131k\tBina Bilgisi\tDr. \u00d6\u011fr. \u00dcyesi\t1\t1\tMimarl\u0131k alan\u0131nda lisans, tezli y\u00fcksek lisans ve doktora yapm\u0131\u015f olmak. Binalarda fiziksel \u00e7evre kontrol\u00fc alan\u0131nda \u00e7al\u0131\u015fmalar yapm\u0131\u015f<br \/>\nolmak.<br \/>\n3500\tM\u00fchendislik ve Do\u011fa Bilimleri Fak\u00fcltesi\tKimya\tOrganik Kimya\tDr. \u00d6\u011fr. \u00dcyesi\t1\t1\tOrganik Kimya alan\u0131nda doktora yapm\u0131\u015f olmak. Foto aktif s\u0131v\u0131 kristal sistemler ve biyoaktif organik bile\u015fikler alanlar\u0131nda \u00e7al\u0131\u015fmalar<br \/>\nyapm\u0131\u015f olmak.<br \/>\n3501\tSa\u011fl\u0131k Bilimleri Fak\u00fcltesi\tEbelik\tEbelik\tDr. \u00d6\u011fr. \u00dcyesi\t1\t1\tEbelik Anabilim dal\u0131nda doktora yapm\u0131\u015f olmak. Tuba uterina alan\u0131nda \u00e7al\u0131\u015fma yapm\u0131\u015f olmak.<br \/>\n3502\tSa\u011fl\u0131k Bilimleri Fak\u00fcltesi\tBeslenme ve Diyetetik\tBeslenme Bilimleri\tDr. \u00d6\u011fr. \u00dcyesi\t1\t1\tBeslenme ve Diyetetik alan\u0131nda doktora yapm\u0131\u015f olmak. Teknoloji destekli beslenme uygulamas\u0131 ve s\u00fcrd\u00fcr\u00fclebilirlik alan\u0131nda \u00e7al\u0131\u015fma yapm\u0131\u015f olmak.<\/p>\n","protected":false},"excerpt":{"rendered":"<p>\u00d6\u011eRET\u0130M \u00dcYES\u0130 ALIM \u0130LANI 2 Kas\u0131m 2018 tarihli ve 30583 say\u0131l\u0131 Resm\u00ee Gazete\u2019de yay\u0131mlanan \u201cDevlet Y\u00fcksek\u00f6\u011fretim Kurumlar\u0131nda \u00d6\u011fretim Eleman\u0131 Norm Kadrolar\u0131n\u0131n Belirlenmesine ve Kullan\u0131lmas\u0131na \u0130li\u015fkin Y\u00f6netmelik\u201d kapsam\u0131nda \u00dcniversitemizin \u00e7e\u015fitli birimlerine 657 say\u0131l\u0131 Devlet Memurlar\u0131 Kanunu&#8217;nun 48 inci maddesi, 2547 say\u0131l\u0131 Y\u00fcksek\u00f6\u011fretim Kanunu, \u00d6\u011fretim \u00dcyeli\u011fine Y\u00fckseltilme ve Atanma Y\u00f6netmeli\u011fi ve S\u00fcleyman Demirel \u00dcniversitesi \u00d6\u011fretim \u00dcyeli\u011fi Kadrolar\u0131na [&hellip;]<\/p>\n","protected":false},"author":1,"featured_media":7209,"comment_status":"open","ping_status":"open","sticky":false,"template":"","format":"standard","meta":{"footnotes":""},"categories":[55],"tags":[],"class_list":["post-7208","post","type-post","status-publish","format-standard","has-post-thumbnail","hentry","category-is-ilanlari"],"yoast_head":"<!-- This site is optimized with the Yoast SEO plugin v27.4 - https:\/\/yoast.com\/product\/yoast-seo-wordpress\/ -->\n<title>S\u00fcleyman Demirel \u00dcniversitesi Rekt\u00f6rl\u00fc\u011f\u00fcnden - Memurun Sesi<\/title>\n<meta name=\"robots\" content=\"index, follow, max-snippet:-1, max-image-preview:large, max-video-preview:-1\" \/>\n<link rel=\"canonical\" href=\"https:\/\/memurunsesi.net\/index.php\/2025\/05\/22\/suleyman-demirel-universitesi-rektorlugunden\/\" \/>\n<meta property=\"og:locale\" content=\"tr_TR\" \/>\n<meta property=\"og:type\" content=\"article\" \/>\n<meta property=\"og:title\" content=\"S\u00fcleyman Demirel \u00dcniversitesi Rekt\u00f6rl\u00fc\u011f\u00fcnden - Memurun Sesi\" \/>\n<meta property=\"og:description\" content=\"\u00d6\u011eRET\u0130M \u00dcYES\u0130 ALIM \u0130LANI 2 Kas\u0131m 2018 tarihli ve 30583 say\u0131l\u0131 Resm\u00ee Gazete\u2019de yay\u0131mlanan \u201cDevlet Y\u00fcksek\u00f6\u011fretim Kurumlar\u0131nda \u00d6\u011fretim Eleman\u0131 Norm Kadrolar\u0131n\u0131n Belirlenmesine ve Kullan\u0131lmas\u0131na \u0130li\u015fkin Y\u00f6netmelik\u201d kapsam\u0131nda \u00dcniversitemizin \u00e7e\u015fitli birimlerine 657 say\u0131l\u0131 Devlet Memurlar\u0131 Kanunu&#8217;nun 48 inci maddesi, 2547 say\u0131l\u0131 Y\u00fcksek\u00f6\u011fretim Kanunu, \u00d6\u011fretim \u00dcyeli\u011fine Y\u00fckseltilme ve Atanma Y\u00f6netmeli\u011fi ve S\u00fcleyman Demirel \u00dcniversitesi \u00d6\u011fretim \u00dcyeli\u011fi Kadrolar\u0131na [&hellip;]\" \/>\n<meta property=\"og:url\" content=\"https:\/\/memurunsesi.net\/index.php\/2025\/05\/22\/suleyman-demirel-universitesi-rektorlugunden\/\" \/>\n<meta property=\"og:site_name\" content=\"Memurun Sesi\" \/>\n<meta property=\"article:publisher\" content=\"https:\/\/www.facebook.com\/unipersen\/?locale=tr_TR\" \/>\n<meta property=\"article:published_time\" content=\"2025-05-22T08:04:59+00:00\" \/>\n<meta property=\"og:image\" content=\"https:\/\/memurunsesi.net\/wp-content\/uploads\/2025\/05\/XXXX6.webp\" \/>\n\t<meta property=\"og:image:width\" content=\"203\" \/>\n\t<meta property=\"og:image:height\" content=\"203\" \/>\n\t<meta property=\"og:image:type\" content=\"image\/webp\" \/>\n<meta name=\"author\" content=\"Memurun Sesi Haber Merkezi\" \/>\n<meta name=\"twitter:card\" content=\"summary_large_image\" \/>\n<meta name=\"twitter:creator\" content=\"@unipersen\" \/>\n<meta name=\"twitter:site\" content=\"@unipersen\" \/>\n<meta name=\"twitter:label1\" content=\"Yazan:\" \/>\n\t<meta name=\"twitter:data1\" content=\"Memurun Sesi Haber Merkezi\" \/>\n\t<meta name=\"twitter:label2\" content=\"Tahmini okuma s\u00fcresi\" \/>\n\t<meta name=\"twitter:data2\" content=\"1 dakika\" \/>\n<script type=\"application\/ld+json\" class=\"yoast-schema-graph\">{\"@context\":\"https:\\\/\\\/schema.org\",\"@graph\":[{\"@type\":\"Article\",\"@id\":\"https:\\\/\\\/memurunsesi.net\\\/index.php\\\/2025\\\/05\\\/22\\\/suleyman-demirel-universitesi-rektorlugunden\\\/#article\",\"isPartOf\":{\"@id\":\"https:\\\/\\\/memurunsesi.net\\\/index.php\\\/2025\\\/05\\\/22\\\/suleyman-demirel-universitesi-rektorlugunden\\\/\"},\"author\":{\"name\":\"Memurun Sesi Haber Merkezi\",\"@id\":\"https:\\\/\\\/memurunsesi.net\\\/#\\\/schema\\\/person\\\/f21c2d73b89f6ee1d80b0a1803e38587\"},\"headline\":\"S\u00fcleyman Demirel \u00dcniversitesi Rekt\u00f6rl\u00fc\u011f\u00fcnden\",\"datePublished\":\"2025-05-22T08:04:59+00:00\",\"mainEntityOfPage\":{\"@id\":\"https:\\\/\\\/memurunsesi.net\\\/index.php\\\/2025\\\/05\\\/22\\\/suleyman-demirel-universitesi-rektorlugunden\\\/\"},\"wordCount\":1908,\"commentCount\":0,\"publisher\":{\"@id\":\"https:\\\/\\\/memurunsesi.net\\\/#organization\"},\"image\":{\"@id\":\"https:\\\/\\\/memurunsesi.net\\\/index.php\\\/2025\\\/05\\\/22\\\/suleyman-demirel-universitesi-rektorlugunden\\\/#primaryimage\"},\"thumbnailUrl\":\"https:\\\/\\\/memurunsesi.net\\\/wp-content\\\/uploads\\\/2025\\\/05\\\/XXXX6.webp\",\"articleSection\":[\"\u0130\u015f \u0130lanlar\u0131\"],\"inLanguage\":\"tr\",\"potentialAction\":[{\"@type\":\"CommentAction\",\"name\":\"Comment\",\"target\":[\"https:\\\/\\\/memurunsesi.net\\\/index.php\\\/2025\\\/05\\\/22\\\/suleyman-demirel-universitesi-rektorlugunden\\\/#respond\"]}]},{\"@type\":\"WebPage\",\"@id\":\"https:\\\/\\\/memurunsesi.net\\\/index.php\\\/2025\\\/05\\\/22\\\/suleyman-demirel-universitesi-rektorlugunden\\\/\",\"url\":\"https:\\\/\\\/memurunsesi.net\\\/index.php\\\/2025\\\/05\\\/22\\\/suleyman-demirel-universitesi-rektorlugunden\\\/\",\"name\":\"S\u00fcleyman Demirel \u00dcniversitesi Rekt\u00f6rl\u00fc\u011f\u00fcnden - Memurun Sesi\",\"isPartOf\":{\"@id\":\"https:\\\/\\\/memurunsesi.net\\\/#website\"},\"primaryImageOfPage\":{\"@id\":\"https:\\\/\\\/memurunsesi.net\\\/index.php\\\/2025\\\/05\\\/22\\\/suleyman-demirel-universitesi-rektorlugunden\\\/#primaryimage\"},\"image\":{\"@id\":\"https:\\\/\\\/memurunsesi.net\\\/index.php\\\/2025\\\/05\\\/22\\\/suleyman-demirel-universitesi-rektorlugunden\\\/#primaryimage\"},\"thumbnailUrl\":\"https:\\\/\\\/memurunsesi.net\\\/wp-content\\\/uploads\\\/2025\\\/05\\\/XXXX6.webp\",\"datePublished\":\"2025-05-22T08:04:59+00:00\",\"breadcrumb\":{\"@id\":\"https:\\\/\\\/memurunsesi.net\\\/index.php\\\/2025\\\/05\\\/22\\\/suleyman-demirel-universitesi-rektorlugunden\\\/#breadcrumb\"},\"inLanguage\":\"tr\",\"potentialAction\":[{\"@type\":\"ReadAction\",\"target\":[\"https:\\\/\\\/memurunsesi.net\\\/index.php\\\/2025\\\/05\\\/22\\\/suleyman-demirel-universitesi-rektorlugunden\\\/\"]}]},{\"@type\":\"ImageObject\",\"inLanguage\":\"tr\",\"@id\":\"https:\\\/\\\/memurunsesi.net\\\/index.php\\\/2025\\\/05\\\/22\\\/suleyman-demirel-universitesi-rektorlugunden\\\/#primaryimage\",\"url\":\"https:\\\/\\\/memurunsesi.net\\\/wp-content\\\/uploads\\\/2025\\\/05\\\/XXXX6.webp\",\"contentUrl\":\"https:\\\/\\\/memurunsesi.net\\\/wp-content\\\/uploads\\\/2025\\\/05\\\/XXXX6.webp\",\"width\":203,\"height\":203},{\"@type\":\"BreadcrumbList\",\"@id\":\"https:\\\/\\\/memurunsesi.net\\\/index.php\\\/2025\\\/05\\\/22\\\/suleyman-demirel-universitesi-rektorlugunden\\\/#breadcrumb\",\"itemListElement\":[{\"@type\":\"ListItem\",\"position\":1,\"name\":\"Anasayfa\",\"item\":\"https:\\\/\\\/memurunsesi.net\\\/\"},{\"@type\":\"ListItem\",\"position\":2,\"name\":\"S\u00fcleyman Demirel \u00dcniversitesi Rekt\u00f6rl\u00fc\u011f\u00fcnden\"}]},{\"@type\":\"WebSite\",\"@id\":\"https:\\\/\\\/memurunsesi.net\\\/#website\",\"url\":\"https:\\\/\\\/memurunsesi.net\\\/\",\"name\":\"Memurun Sesi\",\"description\":\"G\u00fcncel ve Do\u011fru Haber\",\"publisher\":{\"@id\":\"https:\\\/\\\/memurunsesi.net\\\/#organization\"},\"potentialAction\":[{\"@type\":\"SearchAction\",\"target\":{\"@type\":\"EntryPoint\",\"urlTemplate\":\"https:\\\/\\\/memurunsesi.net\\\/?s={search_term_string}\"},\"query-input\":{\"@type\":\"PropertyValueSpecification\",\"valueRequired\":true,\"valueName\":\"search_term_string\"}}],\"inLanguage\":\"tr\"},{\"@type\":\"Organization\",\"@id\":\"https:\\\/\\\/memurunsesi.net\\\/#organization\",\"name\":\"Memurun Sesi\",\"url\":\"https:\\\/\\\/memurunsesi.net\\\/\",\"logo\":{\"@type\":\"ImageObject\",\"inLanguage\":\"tr\",\"@id\":\"https:\\\/\\\/memurunsesi.net\\\/#\\\/schema\\\/logo\\\/image\\\/\",\"url\":\"https:\\\/\\\/memurunsesi.net\\\/wp-content\\\/uploads\\\/2025\\\/11\\\/cropped-MEMURUN-SESI.png\",\"contentUrl\":\"https:\\\/\\\/memurunsesi.net\\\/wp-content\\\/uploads\\\/2025\\\/11\\\/cropped-MEMURUN-SESI.png\",\"width\":238,\"height\":57,\"caption\":\"Memurun Sesi\"},\"image\":{\"@id\":\"https:\\\/\\\/memurunsesi.net\\\/#\\\/schema\\\/logo\\\/image\\\/\"},\"sameAs\":[\"https:\\\/\\\/www.facebook.com\\\/unipersen\\\/?locale=tr_TR\",\"https:\\\/\\\/x.com\\\/unipersen\"]},{\"@type\":\"Person\",\"@id\":\"https:\\\/\\\/memurunsesi.net\\\/#\\\/schema\\\/person\\\/f21c2d73b89f6ee1d80b0a1803e38587\",\"name\":\"Memurun Sesi Haber Merkezi\",\"image\":{\"@type\":\"ImageObject\",\"inLanguage\":\"tr\",\"@id\":\"https:\\\/\\\/secure.gravatar.com\\\/avatar\\\/6cf0505f452ee753f485014986fab09a434671d2b919ee76fc541025c5876a70?s=96&d=mm&r=g\",\"url\":\"https:\\\/\\\/secure.gravatar.com\\\/avatar\\\/6cf0505f452ee753f485014986fab09a434671d2b919ee76fc541025c5876a70?s=96&d=mm&r=g\",\"contentUrl\":\"https:\\\/\\\/secure.gravatar.com\\\/avatar\\\/6cf0505f452ee753f485014986fab09a434671d2b919ee76fc541025c5876a70?s=96&d=mm&r=g\",\"caption\":\"Memurun Sesi Haber Merkezi\"},\"sameAs\":[\"https:\\\/\\\/memurunsesi.net\"],\"url\":\"https:\\\/\\\/memurunsesi.net\\\/index.php\\\/author\\\/uniper\\\/\"}]}<\/script>\n<!-- \/ Yoast SEO plugin. -->","yoast_head_json":{"title":"S\u00fcleyman Demirel \u00dcniversitesi Rekt\u00f6rl\u00fc\u011f\u00fcnden - Memurun Sesi","robots":{"index":"index","follow":"follow","max-snippet":"max-snippet:-1","max-image-preview":"max-image-preview:large","max-video-preview":"max-video-preview:-1"},"canonical":"https:\/\/memurunsesi.net\/index.php\/2025\/05\/22\/suleyman-demirel-universitesi-rektorlugunden\/","og_locale":"tr_TR","og_type":"article","og_title":"S\u00fcleyman Demirel \u00dcniversitesi Rekt\u00f6rl\u00fc\u011f\u00fcnden - Memurun Sesi","og_description":"\u00d6\u011eRET\u0130M \u00dcYES\u0130 ALIM \u0130LANI 2 Kas\u0131m 2018 tarihli ve 30583 say\u0131l\u0131 Resm\u00ee Gazete\u2019de yay\u0131mlanan \u201cDevlet Y\u00fcksek\u00f6\u011fretim Kurumlar\u0131nda \u00d6\u011fretim Eleman\u0131 Norm Kadrolar\u0131n\u0131n Belirlenmesine ve Kullan\u0131lmas\u0131na \u0130li\u015fkin Y\u00f6netmelik\u201d kapsam\u0131nda \u00dcniversitemizin \u00e7e\u015fitli birimlerine 657 say\u0131l\u0131 Devlet Memurlar\u0131 Kanunu&#8217;nun 48 inci maddesi, 2547 say\u0131l\u0131 Y\u00fcksek\u00f6\u011fretim Kanunu, \u00d6\u011fretim \u00dcyeli\u011fine Y\u00fckseltilme ve Atanma Y\u00f6netmeli\u011fi ve S\u00fcleyman Demirel \u00dcniversitesi \u00d6\u011fretim \u00dcyeli\u011fi Kadrolar\u0131na [&hellip;]","og_url":"https:\/\/memurunsesi.net\/index.php\/2025\/05\/22\/suleyman-demirel-universitesi-rektorlugunden\/","og_site_name":"Memurun Sesi","article_publisher":"https:\/\/www.facebook.com\/unipersen\/?locale=tr_TR","article_published_time":"2025-05-22T08:04:59+00:00","og_image":[{"width":203,"height":203,"url":"https:\/\/memurunsesi.net\/wp-content\/uploads\/2025\/05\/XXXX6.webp","type":"image\/webp"}],"author":"Memurun Sesi Haber Merkezi","twitter_card":"summary_large_image","twitter_creator":"@unipersen","twitter_site":"@unipersen","twitter_misc":{"Yazan:":"Memurun Sesi Haber Merkezi","Tahmini okuma s\u00fcresi":"1 dakika"},"schema":{"@context":"https:\/\/schema.org","@graph":[{"@type":"Article","@id":"https:\/\/memurunsesi.net\/index.php\/2025\/05\/22\/suleyman-demirel-universitesi-rektorlugunden\/#article","isPartOf":{"@id":"https:\/\/memurunsesi.net\/index.php\/2025\/05\/22\/suleyman-demirel-universitesi-rektorlugunden\/"},"author":{"name":"Memurun Sesi Haber Merkezi","@id":"https:\/\/memurunsesi.net\/#\/schema\/person\/f21c2d73b89f6ee1d80b0a1803e38587"},"headline":"S\u00fcleyman Demirel \u00dcniversitesi Rekt\u00f6rl\u00fc\u011f\u00fcnden","datePublished":"2025-05-22T08:04:59+00:00","mainEntityOfPage":{"@id":"https:\/\/memurunsesi.net\/index.php\/2025\/05\/22\/suleyman-demirel-universitesi-rektorlugunden\/"},"wordCount":1908,"commentCount":0,"publisher":{"@id":"https:\/\/memurunsesi.net\/#organization"},"image":{"@id":"https:\/\/memurunsesi.net\/index.php\/2025\/05\/22\/suleyman-demirel-universitesi-rektorlugunden\/#primaryimage"},"thumbnailUrl":"https:\/\/memurunsesi.net\/wp-content\/uploads\/2025\/05\/XXXX6.webp","articleSection":["\u0130\u015f \u0130lanlar\u0131"],"inLanguage":"tr","potentialAction":[{"@type":"CommentAction","name":"Comment","target":["https:\/\/memurunsesi.net\/index.php\/2025\/05\/22\/suleyman-demirel-universitesi-rektorlugunden\/#respond"]}]},{"@type":"WebPage","@id":"https:\/\/memurunsesi.net\/index.php\/2025\/05\/22\/suleyman-demirel-universitesi-rektorlugunden\/","url":"https:\/\/memurunsesi.net\/index.php\/2025\/05\/22\/suleyman-demirel-universitesi-rektorlugunden\/","name":"S\u00fcleyman Demirel \u00dcniversitesi Rekt\u00f6rl\u00fc\u011f\u00fcnden - Memurun Sesi","isPartOf":{"@id":"https:\/\/memurunsesi.net\/#website"},"primaryImageOfPage":{"@id":"https:\/\/memurunsesi.net\/index.php\/2025\/05\/22\/suleyman-demirel-universitesi-rektorlugunden\/#primaryimage"},"image":{"@id":"https:\/\/memurunsesi.net\/index.php\/2025\/05\/22\/suleyman-demirel-universitesi-rektorlugunden\/#primaryimage"},"thumbnailUrl":"https:\/\/memurunsesi.net\/wp-content\/uploads\/2025\/05\/XXXX6.webp","datePublished":"2025-05-22T08:04:59+00:00","breadcrumb":{"@id":"https:\/\/memurunsesi.net\/index.php\/2025\/05\/22\/suleyman-demirel-universitesi-rektorlugunden\/#breadcrumb"},"inLanguage":"tr","potentialAction":[{"@type":"ReadAction","target":["https:\/\/memurunsesi.net\/index.php\/2025\/05\/22\/suleyman-demirel-universitesi-rektorlugunden\/"]}]},{"@type":"ImageObject","inLanguage":"tr","@id":"https:\/\/memurunsesi.net\/index.php\/2025\/05\/22\/suleyman-demirel-universitesi-rektorlugunden\/#primaryimage","url":"https:\/\/memurunsesi.net\/wp-content\/uploads\/2025\/05\/XXXX6.webp","contentUrl":"https:\/\/memurunsesi.net\/wp-content\/uploads\/2025\/05\/XXXX6.webp","width":203,"height":203},{"@type":"BreadcrumbList","@id":"https:\/\/memurunsesi.net\/index.php\/2025\/05\/22\/suleyman-demirel-universitesi-rektorlugunden\/#breadcrumb","itemListElement":[{"@type":"ListItem","position":1,"name":"Anasayfa","item":"https:\/\/memurunsesi.net\/"},{"@type":"ListItem","position":2,"name":"S\u00fcleyman Demirel \u00dcniversitesi Rekt\u00f6rl\u00fc\u011f\u00fcnden"}]},{"@type":"WebSite","@id":"https:\/\/memurunsesi.net\/#website","url":"https:\/\/memurunsesi.net\/","name":"Memurun Sesi","description":"G\u00fcncel ve Do\u011fru Haber","publisher":{"@id":"https:\/\/memurunsesi.net\/#organization"},"potentialAction":[{"@type":"SearchAction","target":{"@type":"EntryPoint","urlTemplate":"https:\/\/memurunsesi.net\/?s={search_term_string}"},"query-input":{"@type":"PropertyValueSpecification","valueRequired":true,"valueName":"search_term_string"}}],"inLanguage":"tr"},{"@type":"Organization","@id":"https:\/\/memurunsesi.net\/#organization","name":"Memurun Sesi","url":"https:\/\/memurunsesi.net\/","logo":{"@type":"ImageObject","inLanguage":"tr","@id":"https:\/\/memurunsesi.net\/#\/schema\/logo\/image\/","url":"https:\/\/memurunsesi.net\/wp-content\/uploads\/2025\/11\/cropped-MEMURUN-SESI.png","contentUrl":"https:\/\/memurunsesi.net\/wp-content\/uploads\/2025\/11\/cropped-MEMURUN-SESI.png","width":238,"height":57,"caption":"Memurun Sesi"},"image":{"@id":"https:\/\/memurunsesi.net\/#\/schema\/logo\/image\/"},"sameAs":["https:\/\/www.facebook.com\/unipersen\/?locale=tr_TR","https:\/\/x.com\/unipersen"]},{"@type":"Person","@id":"https:\/\/memurunsesi.net\/#\/schema\/person\/f21c2d73b89f6ee1d80b0a1803e38587","name":"Memurun Sesi Haber Merkezi","image":{"@type":"ImageObject","inLanguage":"tr","@id":"https:\/\/secure.gravatar.com\/avatar\/6cf0505f452ee753f485014986fab09a434671d2b919ee76fc541025c5876a70?s=96&d=mm&r=g","url":"https:\/\/secure.gravatar.com\/avatar\/6cf0505f452ee753f485014986fab09a434671d2b919ee76fc541025c5876a70?s=96&d=mm&r=g","contentUrl":"https:\/\/secure.gravatar.com\/avatar\/6cf0505f452ee753f485014986fab09a434671d2b919ee76fc541025c5876a70?s=96&d=mm&r=g","caption":"Memurun Sesi Haber Merkezi"},"sameAs":["https:\/\/memurunsesi.net"],"url":"https:\/\/memurunsesi.net\/index.php\/author\/uniper\/"}]}},"_links":{"self":[{"href":"https:\/\/memurunsesi.net\/index.php\/wp-json\/wp\/v2\/posts\/7208","targetHints":{"allow":["GET"]}}],"collection":[{"href":"https:\/\/memurunsesi.net\/index.php\/wp-json\/wp\/v2\/posts"}],"about":[{"href":"https:\/\/memurunsesi.net\/index.php\/wp-json\/wp\/v2\/types\/post"}],"author":[{"embeddable":true,"href":"https:\/\/memurunsesi.net\/index.php\/wp-json\/wp\/v2\/users\/1"}],"replies":[{"embeddable":true,"href":"https:\/\/memurunsesi.net\/index.php\/wp-json\/wp\/v2\/comments?post=7208"}],"version-history":[{"count":1,"href":"https:\/\/memurunsesi.net\/index.php\/wp-json\/wp\/v2\/posts\/7208\/revisions"}],"predecessor-version":[{"id":7210,"href":"https:\/\/memurunsesi.net\/index.php\/wp-json\/wp\/v2\/posts\/7208\/revisions\/7210"}],"wp:featuredmedia":[{"embeddable":true,"href":"https:\/\/memurunsesi.net\/index.php\/wp-json\/wp\/v2\/media\/7209"}],"wp:attachment":[{"href":"https:\/\/memurunsesi.net\/index.php\/wp-json\/wp\/v2\/media?parent=7208"}],"wp:term":[{"taxonomy":"category","embeddable":true,"href":"https:\/\/memurunsesi.net\/index.php\/wp-json\/wp\/v2\/categories?post=7208"},{"taxonomy":"post_tag","embeddable":true,"href":"https:\/\/memurunsesi.net\/index.php\/wp-json\/wp\/v2\/tags?post=7208"}],"curies":[{"name":"wp","href":"https:\/\/api.w.org\/{rel}","templated":true}]}}