{"id":7215,"date":"2025-05-22T11:07:53","date_gmt":"2025-05-22T08:07:53","guid":{"rendered":"https:\/\/memurunsesi.net\/?p=7215"},"modified":"2025-05-22T11:07:53","modified_gmt":"2025-05-22T08:07:53","slug":"necmettin-erbakan-universitesi-rektorlugunden","status":"publish","type":"post","link":"https:\/\/memurunsesi.net\/index.php\/2025\/05\/22\/necmettin-erbakan-universitesi-rektorlugunden\/","title":{"rendered":"Necmettin Erbakan \u00dcniversitesi Rekt\u00f6rl\u00fc\u011f\u00fcnden:"},"content":{"rendered":"<p>\u00dcniversitemizin a\u015fa\u011f\u0131da belirtilen birimlerinde bo\u015f bulunan kadrolar\u0131na 2547 say\u0131l\u0131 Y\u00fcksek\u00f6\u011fretim Kanunu ve \u00d6\u011fretim \u00dcyeli\u011fine Y\u00fckseltilme ve Atanma Y\u00f6netmeli\u011fi\u2019nin ilgili maddeleri ile \u00dcniversitemiz \u00d6\u011fretim \u00dcyeli\u011fine Y\u00fckseltilme ve Atanma Y\u00f6nergesi\u2019nde belirtilen kriterler do\u011frultusunda \u00f6\u011fretim \u00fcyesi al\u0131nacakt\u0131r. \u0130lana ba\u015fvuracak adaylar\u0131n 657 say\u0131l\u0131 Devlet Memurlar\u0131 Kanunu\u2019nun 48. maddesindeki genel \u015fartlar\u0131, ilanda belirtilen \u00f6zel \u015fartlar\u0131<br \/>\nta\u015f\u0131malar\u0131 gerekmektedir. Adaylar; http:\/\/www.erbakan.edu.tr internet adresinden eri\u015febilecekleri \u00dcniversitemiz \u00d6\u011fretim \u00dcyeli\u011fine Y\u00fckseltilme ve Atanma Y\u00f6nergesi\u2019ne g\u00f6re haz\u0131rlayacaklar\u0131 puan tablolar\u0131n\u0131 dosyalar\u0131na eklemelidir.<br \/>\n1.Profes\u00f6r adaylar\u0131n\u0131n; http:\/\/www.erbakan.edu.tr internet adresinde yer alan dilek\u00e7e ve istenen belgeler ile birlikte bilimsel yay\u0131nlar\u0131n\u0131, kongre ve konferans tebli\u011fleri ile bunlara yap\u0131lan at\u0131flar\u0131, y\u00f6netimlerinde devam eden ve biten doktora ve y\u00fcksek lisans \u00e7al\u0131\u015fmalar\u0131n\u0131, \u00fcniversite y\u00f6netimine katk\u0131lar\u0131n\u0131 da kapsayan belge ve bilgileri, 6 adet dosya veya 1 adet dosya ile bu dosyadaki belgeleri i\u00e7eren 6 adet fla\u015f bellek ile Rekt\u00f6rl\u00fck Personel Daire Ba\u015fkanl\u0131\u011f\u0131na<br \/>\nba\u015fvurmalar\u0131 gerekmektedir. Not: Bilimsel dosyalar ve puanlama tablosu haz\u0131rlan\u0131rken do\u00e7entlik \u00f6ncesi ve do\u00e7entlik sonras\u0131 \u015feklinde d\u00fczenlenmelidir.<br \/>\n2.Do\u00e7ent adaylar\u0131n\u0131n; http:\/\/www.erbakan.edu.tr internet adresinde yer alan dilek\u00e7e ve istenen belgeler ile bilimsel \u00e7al\u0131\u015fma ve yay\u0131nlar\u0131n\u0131 kapsayan 4 adet dosya veya 1 adet dosya ile bu dosyadaki belgeleri i\u00e7eren 4 adet fla\u015f bellek ile Rekt\u00f6rl\u00fck Personel Daire Ba\u015fkanl\u0131\u011f\u0131na ba\u015fvurmalar\u0131 gerekmektedir. Not: Bilimsel dosyalar ve puanlama tablosu haz\u0131rlan\u0131rken doktora \u00f6ncesi ve doktora sonras\u0131 \u015feklinde d\u00fczenlenmelidir.<br \/>\n3.Doktor \u00d6\u011fretim \u00dcyesi adaylar\u0131n\u0131n; http:\/\/www.erbakan.edu.tr internet adresinde yer alan dilek\u00e7e ve istenen belgeler ile bilimsel \u00e7al\u0131\u015fma ve yay\u0131nlar\u0131n\u0131 kapsayan 4 adet dosya veya 1 adet dosya ile bu dosyadaki belgeleri i\u00e7eren 4 adet fla\u015f bellek ile ilgili birimlerine ba\u015fvurmalar\u0131 gerekmektedir.<br \/>\n4.Profes\u00f6r veya Do\u00e7ent \u00fcnvan\u0131na sahip \u00f6\u011fretim \u00fcyeleri sahip oldu\u011fu \u00fcnvanlardan daha alt \u00fcnvanl\u0131 kadrolara ba\u015fvuru yapamazlar.<br \/>\n5.Yabanc\u0131 \u00fclkelerden al\u0131nan diplomalar\u0131n denkli\u011finin \u00dcniversiteleraras\u0131 Kurul Ba\u015fkanl\u0131\u011f\u0131 taraf\u0131ndan onaylanm\u0131\u015f olmas\u0131 gerekir.<br \/>\n6.Mecburi hizmet y\u00fck\u00fcml\u00fcl\u00fckleri olanlar\u0131n e\u015f durumu ve sa\u011fl\u0131k mazeretlerine ili\u015fkin belgeleri teslim etmeleri gerekmektedir.<br \/>\n7.\u0130lan edilen kadrolara m\u00fcracaat eden adaylardan, ilan edilen kadronun anabilim dal\u0131 ile do\u00e7entlik, doktora, uzmanl\u0131k veya sanatta yeterlik alanlar\u0131<br \/>\nfarkl\u0131 olan adaylar\u0131n ba\u015fvurular\u0131 \u00dcniversite Y\u00f6netim Kurulunda g\u00f6r\u00fc\u015f\u00fcld\u00fckten sonra nihai karar verilecek olup, uygun g\u00f6r\u00fclmeyenlerin ba\u015fvurular\u0131 ge\u00e7ersiz<br \/>\nsay\u0131lacakt\u0131r.<br \/>\n8.Yabanc\u0131 dilde e\u011fitim veren b\u00f6l\u00fcm ve anabilim dallar\u0131 i\u00e7in Y\u00fcksek\u00f6\u011fretim Kurumlar\u0131nda Yabanc\u0131 Dil \u00d6\u011fretimi ve Yabanc\u0131 Dille \u00d6\u011fretim Yap\u0131lmas\u0131nda Uyulacak Esaslara \u0130li\u015fkin Y\u00f6netmeli\u011fin 8. maddesinin 7. f\u0131kras\u0131nda belirtilen \u015fartlara sahip olmak(*).<br \/>\n9.Profes\u00f6r ve Do\u00e7ent adaylar\u0131n\u0131n ilan\u0131n yay\u0131mland\u0131\u011f\u0131 tarihten itibaren 15 (on be\u015f) g\u00fcn i\u00e7erisinde \u00dcniversitemiz Personel Daire Ba\u015fkanl\u0131\u011f\u0131na, Doktor \u00d6\u011fretim \u00dcyesi adaylar\u0131n\u0131n ise ilgili birimlere \u015fahsen veya posta yolu ile ba\u015fvurmalar\u0131 gerekmektedir. S\u00fcresi i\u00e7inde yap\u0131lmayan ba\u015fvurular ge\u00e7erli kabul edilmeyecektir. \u0130lan \u015fartlar\u0131na uygun olmad\u0131\u011f\u0131 anla\u015f\u0131lan ba\u015fvurular ge\u00e7ersiz say\u0131lacakt\u0131r.<br \/>\n10. \u00dcniversitemiz Rekt\u00f6rl\u00fc\u011f\u00fc uygun g\u00f6rd\u00fc\u011f\u00fc takdirde ilan\u0131 her a\u015famas\u0131nda de\u011fi\u015ftirebilir ya da iptal edebilir.<br \/>\n11. \u00d6\u011fretim \u00fcyesi kadrolar\u0131na ba\u015fvuran adaylardan \u201cE\u011fiticilerin E\u011fitim Sertifikas\u0131\u201d belgesinin teslim etmeleri gerekmektedir. Bu sertifikaya sahip<br \/>\nolmayan adaylar, atanmalar\u0131ndan itibaren bir y\u0131ll\u0131k s\u00fcre i\u00e7inde bu e\u011fitimi almalar\u0131 zorunludur.<br \/>\nADRES: Necmettin Erbakan \u00dcniversitesi Personel Daire Ba\u015fkanl\u0131\u011f\u0131 Yaka Mah. Kas\u0131m Halife Sok. No: 11\/1 (A Blok) Pk: 42090 Meram\/KONYA<br \/>\nTelefon: (0 332) 221 06 22-28<\/p>\n<p>SN\tB\u0130R\u0130M\tB\u00d6L\u00dcM\tANAB\u0130L\u0130M<br \/>\nDALI\/PROGRAM\tKADRO \u00dcNVANI\tDERECE\tADET\t\u00d6ZEL \u015eARTLAR<br \/>\n1\tAhmet Kele\u015fo\u011flu E\u011fitim<br \/>\nFak\u00fcltesi\tG\u00fczel Sanatlar E\u011fitimi\tM\u00fczik E\u011fitimi\tProfes\u00f6r\t1\t1\tM\u00fczik e\u011fitiminde yap\u0131land\u0131rmac\u0131 \u00f6\u011frenme, yarat\u0131c\u0131 drama, keman ve piyano e\u011fitimi alanlar\u0131nda \u00e7al\u0131\u015fmalar yapm\u0131\u015f olmak.<br \/>\n2\tAhmet Kele\u015fo\u011flu E\u011fitim<br \/>\nFak\u00fcltesi\tMatematik ve Fen<br \/>\nBilimleri E\u011fitimi\tMatematik E\u011fitimi\tDr.\u00d6\u011fr. \u00dcyesi\t5\t1\tDoktora e\u011fitimini Matematik E\u011fitimi alan\u0131nda yapm\u0131\u015f olmak. Matematiksel y\u0131lmazl\u0131k, sanat temelli etkinliklerle matematik e\u011fitimi, \u00fcst\u00fcn yetenekli \u00f6\u011frencilerle matematik e\u011fitimi ve matematik okuryazarl\u0131\u011f\u0131 konular\u0131nda \u00e7al\u0131\u015fmalar<br \/>\nyapm\u0131\u015f olmak.<br \/>\n3\tAhmet Kele\u015fo\u011flu \u0130lahiyat Fak\u00fcltesi\tFelsefe ve Din Bilimleri\tDin E\u011fitimi\tDo\u00e7ent\t1\t1\tDo\u00e7entlik \u00fcnvan\u0131n\u0131 Din E\u011fitimi alan\u0131nda alm\u0131\u015f olmak. Disiplinleraras\u0131 \u00f6\u011frenme ve mahremiyet<br \/>\ne\u011fitimi hakk\u0131nda \u00e7al\u0131\u015fmalar yapm\u0131\u015f olmak.<br \/>\n4\tDi\u015f Hekimli\u011fi Fak\u00fcltesi\tKlinik Bilimler\tA\u011f\u0131z, Di\u015f ve \u00c7ene<br \/>\nRadyolojisi\tProfes\u00f6r\t1\t1\tDo\u00e7entlik \u00fcnvan\u0131n\u0131 A\u011f\u0131z, Di\u015f ve \u00c7ene Radyolojisi alan\u0131nda alm\u0131\u015f olmak. Farkl\u0131 sistemik hastal\u0131klar\u0131n \u00e7ene kemikleri \u00fczerindeki etkilerinin fraktal analizle incelenmesi ve yapay zek\u00e2<br \/>\ndestekli dental tan\u0131 \u00fczerine \u00e7al\u0131\u015fmalar\u0131 olmak.<br \/>\n5\tDi\u015f Hekimli\u011fi Fak\u00fcltesi\tKlinik Bilimler\tA\u011f\u0131z, Di\u015f ve \u00c7ene<br \/>\nRadyolojisi\tDo\u00e7ent\t1\t1\tDo\u00e7entlik \u00fcnvan\u0131n\u0131 A\u011f\u0131z, Di\u015f ve \u00c7ene Radyolojisi alan\u0131nda alm\u0131\u015f olmak. Radyasyon dozu \u00e7al\u0131\u015fmas\u0131 ve bitewing g\u00f6r\u00fcnt\u00fcler \u00fczerinde yapay zek\u00e2 ile<br \/>\n\u00e7al\u0131\u015fmalar yapm\u0131\u015f olmak.<br \/>\n6\tEre\u011fli E\u011fitim Fak\u00fcltesi\tMatematik ve Fen<br \/>\nBilimleri E\u011fitimi\tMatematik E\u011fitimi\tProfes\u00f6r\t1\t1\tDo\u00e7entlik \u00fcnvan\u0131n\u0131 Matematik ve Fen Bilimleri E\u011fitimi (Matematik E\u011fitimi) alan\u0131nda alm\u0131\u015f olmak. G\u00f6rme ve i\u015fitme engelli \u00f6\u011frencilere matematik \u00f6\u011fretimi, de\u011ferler ve etnomatematik<br \/>\nkonular\u0131nda \u00e7al\u0131\u015fmalar\u0131 olmak.<br \/>\n7\tFen Fak\u00fcltesi\tBiyoteknoloji\tBiyoteknoloji\tDo\u00e7ent\t1\t1\tMikrokriyojellerin ila\u00e7 sal\u0131m\u0131nda kullan\u0131m\u0131, iletken kriyojeller, nanofiberler ve manyetik nanopartik\u00fcller \u00fczerine \u00e7al\u0131\u015fmalar\u0131 olmak.<br \/>\n8\tG\u00fczel Sanatlar ve<br \/>\nMimarl\u0131k Fak\u00fcltesi\tRadyo, Televizyon ve Sinema\tKurgu Ses ve G\u00f6r\u00fcnt\u00fc<br \/>\nY\u00f6netmenli\u011fi\tDo\u00e7ent\t3\t1\tDo\u00e7entlik \u00fcnvan\u0131n\u0131 Sinema alan\u0131nda alm\u0131\u015f olmak. Sinema ve k\u0131sa filmlerde g\u00f6rsel efekt alan\u0131nda \u00e7al\u0131\u015fmalar yapm\u0131\u015f olmak. Deepfake, derin \u00f6\u011frenme konusunda \u00e7al\u0131\u015fmas\u0131 bulunmak.<br \/>\n9\tG\u00fczel Sanatlar ve<br \/>\nMimarl\u0131k Fak\u00fcltesi\tRadyo, Televizyon ve Sinema\tSinema ve Televizyon\tDr.\u00d6\u011fr. \u00dcyesi\t3\t1\tDoktora e\u011fitimini Radyo, Televizyon ve Sinema alan\u0131nda yapm\u0131\u015f olmak. Yeni T\u00fcrk sinemas\u0131 \u00fczerine y\u00f6ntembilim temelli analitik film \u00e7al\u0131\u015fmas\u0131 yapm\u0131\u015f olmak; izleyici ara\u015ft\u0131rmalar\u0131 alan\u0131nda ara\u015ft\u0131rmalar\u0131 bulunmak.<br \/>\n10\tHukuk Fak\u00fcltesi\t\u00d6zel Hukuk\tMedeni Hukuk\tDr.\u00d6\u011fr. \u00dcyesi\t5\t1\tDoktora e\u011fitimini \u00d6zel Hukuk alan\u0131nda yapm\u0131\u015f olmak. Bor\u00e7lar hukuku, uluslararas\u0131 sat\u0131m hukuku ve yapay zek\u00e2 hukuku alan\u0131nda \u00e7al\u0131\u015fmalar yapm\u0131\u015f olmak.<br \/>\n11\tKonya Ere\u011fli Kemal Akman Meslek Y\u00fcksekokulu\tY\u00f6netim ve Organizasyon\t\u0130\u015fletme Y\u00f6netimi\tDo\u00e7ent\t1\t1\tDo\u00e7entlik \u00fcnvan\u0131n\u0131 Y\u00f6netim ve Organizasyon alan\u0131nda alm\u0131\u015f olmak. Kooperatif\u00e7ilik, giri\u015fimcilik ve zaman y\u00f6netimi \u00fczerine bilimsel<br \/>\n\u00e7al\u0131\u015fmalar yapm\u0131\u015f olmak.<br \/>\n12\tM\u00fchendislik Fak\u00fcltesi\tBilgisayar<br \/>\nM\u00fchendisli\u011fi\tBilgisayar Yaz\u0131l\u0131m\u0131\tDr.\u00d6\u011fr. \u00dcyesi\t5\t1\tDoktora e\u011fitimini Bilgisayar M\u00fchendisli\u011fi alan\u0131nda yapm\u0131\u015f olmak. Biyoenformatik konusunda bilimsel \u00e7al\u0131\u015fmalar\u0131 bulunmak.<br \/>\n13\tM\u00fchendislik Fak\u00fcltesi\tElektrik-Elektronik<br \/>\nM\u00fchendisli\u011fi\tDevreler ve Sistemler\tDo\u00e7ent\t1\t1\tDo\u00e7entlik \u00fcnvan\u0131n\u0131 Elektrik-Elektronik ve Haberle\u015fme M\u00fchendisli\u011fi alan\u0131nda alm\u0131\u015f olmak. G\u00f6r\u00fcnt\u00fc \u015fifreleme ve ses \u015fifreleme algoritmalar\u0131<br \/>\n\u00fczerinde \u00e7al\u0131\u015fma yapm\u0131\u015f olmak.<br \/>\n14\tM\u00fchendislik Fak\u00fcltesi\tElektrik-Elektronik<br \/>\nM\u00fchendisli\u011fi\tElektrik Makinalar\u0131\tProfes\u00f6r\t1\t1\tDo\u00e7entlik \u00fcnvan\u0131n\u0131 Elektrik-Elektronik M\u00fchendisli\u011fi alan\u0131nda alm\u0131\u015f olmak. Batarya y\u00f6netim sistemleri \u00fczerine \u00e7al\u0131\u015fmalar\u0131 olmak. R\u00fczg\u00e2r t\u00fcrbini generat\u00f6rlerinde hidrolik ar\u0131za tahmini \u00fczerine \u00e7al\u0131\u015fmalar\u0131 olmak.<br \/>\n15\tM\u00fchendislik Fak\u00fcltesi\tEnd\u00fcstri M\u00fchendisli\u011fi\tEnd\u00fcstri M\u00fchendisli\u011fi\tDo\u00e7ent\t1\t1\tGiri\u015fimcilik, yapay zek\u00e2, inovasyon k\u00fclt\u00fcr\u00fc ve inovasyon stratejileri \u00fczerine \u00e7al\u0131\u015fmalar yapm\u0131\u015f<br \/>\nolmak.(*)<br \/>\n16\tSiyasal Bilgiler Fak\u00fcltesi\t\u0130\u015fletme\tSay\u0131sal Y\u00f6ntemler\tDo\u00e7ent\t2\t1\tDo\u00e7entlik \u00fcnvan\u0131n\u0131 Nicel Karar Y\u00f6ntemleri alan\u0131ndan alm\u0131\u015f olmak. Regresyonda alternatif y\u00f6ntemler, genelle\u015ftirilmi\u015f lineer karma modeller, do\u011frusal olmayan zaman serileri ve panel veri<br \/>\nanalizi ile \u00e7al\u0131\u015fmalar yapm\u0131\u015f olmak.<br \/>\n17\tSiyasal Bilgiler Fak\u00fcltesi\tSiyaset Bilimi ve<br \/>\nUluslararas\u0131 \u0130li\u015fkiler\tAvrupa Birli\u011fi\tProfes\u00f6r\t1\t1\tDo\u00e7entlik \u00fcnvan\u0131n\u0131 Uluslararas\u0131 \u0130li\u015fkiler alan\u0131nda alm\u0131\u015f olmak. AB d\u0131\u015f politikas\u0131, NATO&#8217;nun ter\u00f6rle m\u00fccadelesi, yabanc\u0131 sava\u015f\u00e7\u0131lar alanlar\u0131nda<br \/>\n\u00e7al\u0131\u015fmalar yapm\u0131\u015f olmak.(*)<br \/>\n18\tSosyal ve Be\u015feri Bilimler<br \/>\nFak\u00fcltesi\tDilbilimi\tUygulamal\u0131 Dil Bilimi\tDr.\u00d6\u011fr. \u00dcyesi\t5\t1\tDoktora e\u011fitimini Genel Dilbilim alan\u0131nda yapm\u0131\u015f olmak. S\u00f6zdizim, bi\u00e7im-s\u00f6zdizim, toplumdilbilim ve psikodilbilim konular\u0131nda<br \/>\n\u00e7al\u0131\u015fmalar yapm\u0131\u015f olmak.<br \/>\n19\tSosyal ve Be\u015feri Bilimler Fak\u00fcltesi\tSanat Tarihi\tErken Hristiyan ve<br \/>\nBizans Sanatlar\u0131\tDo\u00e7ent\t1\t1\tDo\u00e7entlik \u00fcnvan\u0131n\u0131 Sanat Tarihi alan\u0131ndan alm\u0131\u015f olmak. Konya, Karaman illerinde ve Do\u011fu Karadeniz B\u00f6lgesinde Hristiyan mimarisi ve sanat\u0131yla, Sille ve Kilistra Tarihi Yerle\u015fimleriyle<br \/>\nilgili \u00e7al\u0131\u015fmalar yapm\u0131\u015f olmak.<br \/>\n20\tSosyal ve Be\u015feri Bilimler<br \/>\nFak\u00fcltesi\tSosyoloji\tGenel Sosyoloji ve Metodoloji\tDr.\u00d6\u011fr. \u00dcyesi\t1\t1\tDoktora e\u011fitimini Sosyoloji alan\u0131nda yapm\u0131\u015f<br \/>\nolmak. Demokrasi k\u00fclt\u00fcr\u00fc, Alevi-Bekta\u015fi k\u00fclt\u00fcr\u00fc<br \/>\nve g\u00f6\u00e7 sosyolojisi konular\u0131nda \u00e7al\u0131\u015fmalar\u0131 olmak.<br \/>\n21\tSosyal ve Be\u015feri Bilimler<br \/>\nFak\u00fcltesi\tSosyoloji\tUygulamal\u0131 Sosyoloji\tProfes\u00f6r\t1\t1\tDo\u00e7entlik \u00fcnvan\u0131n\u0131 Sosyoloji alan\u0131nda alm\u0131\u015f<br \/>\nolmak. Toplumsal haf\u0131za, kent sosyolojisi ve modernizm konular\u0131nda \u00e7al\u0131\u015fmalar yapm\u0131\u015f olmak.<br \/>\n22\tT\u0131p Fak\u00fcltesi\tCerrahi T\u0131p Bilimleri\tG\u00f6z Hastal\u0131klar\u0131\tDr.\u00d6\u011fr. \u00dcyesi\t1\t1\tPRK sonras\u0131 a\u011fr\u0131 y\u00f6netiminde ketorolak<br \/>\nemdirilmi\u015f bandaj kontakt lens kullan\u0131m\u0131 ile ilgili \u00e7al\u0131\u015fmalar\u0131 olmak.<br \/>\n23\tT\u0131p Fak\u00fcltesi\tCerrahi T\u0131p Bilimleri\tOrtopedi ve Travmatoloji\tDo\u00e7ent\t1\t1\tDo\u00e7entlik \u00fcnvan\u0131n\u0131 Ortopedi ve Travmatoloji alan\u0131nda alm\u0131\u015f olmak. \u00c7ocuklarda alt ekstremite<br \/>\nhemimelialar ile ilgili \u00e7al\u0131\u015fmalar yapm\u0131\u015f olmak.<br \/>\n24\tT\u0131p Fak\u00fcltesi\tCerrahi T\u0131p Bilimleri\tT\u0131bbi Patoloji\tProfes\u00f6r\t1\t1\tDo\u00e7entlik \u00fcnvan\u0131n\u0131 T\u0131bbi Patoloji alan\u0131nda alm\u0131\u015f olmak. Dermatopatoloji alan\u0131nda psoriasis ve discoid lupus eritematozus hastal\u0131klar\u0131nda inflamatuar sitokinlerin ekspresyonu ile ilgili<br \/>\n\u00e7al\u0131\u015fmalar yapmak.<br \/>\n25\tT\u0131p Fak\u00fcltesi\tDahili T\u0131p Bilimleri\tAcil T\u0131p\tDr.\u00d6\u011fr. \u00dcyesi\t1\t1\tAkut iskemik inme y\u00f6netimi ve tiplendirmesi, acil serviste yan\u0131k hastalar\u0131n\u0131n y\u00f6netimi, acil serviste USG kullan\u0131m\u0131 ve res\u00fcsitatif USG<br \/>\nkonular\u0131nda \u00e7al\u0131\u015fmalar yapm\u0131\u015f olmak.<br \/>\n26\tT\u0131p Fak\u00fcltesi\tDahili T\u0131p Bilimleri\tHalk Sa\u011fl\u0131\u011f\u0131\tProfes\u00f6r\t1\t1\tDo\u00e7entlik \u00fcnvan\u0131n\u0131 Halk Sa\u011fl\u0131\u011f\u0131 alan\u0131nda alm\u0131\u015f olmak. COVID-19 a\u015f\u0131s\u0131na yakla\u015f\u0131m, geriatrik hastalarda evde sa\u011fl\u0131k hizmetleri, oryantasyon<br \/>\ne\u011fitimine y\u00f6nelik \u00e7al\u0131\u015fmalar yapm\u0131\u015f olmak.<br \/>\n27\tT\u0131p Fak\u00fcltesi\tDahili T\u0131p Bilimleri\tHalk Sa\u011fl\u0131\u011f\u0131\tDr.\u00d6\u011fr. \u00dcyesi\t1\t1\tUzaktan sa\u011fl\u0131k hizmetlerinin kullan\u0131lmas\u0131na<br \/>\ny\u00f6nelik \u00f6l\u00e7ek geli\u015ftirme ve a\u015f\u0131 teredd\u00fct\u00fc ile ilgili \u00e7al\u0131\u015fma yapm\u0131\u015f olmak.<br \/>\n28\tT\u0131p Fak\u00fcltesi\tDahili T\u0131p Bilimleri\t\u0130\u00e7 Hastal\u0131klar\u0131\tProfes\u00f6r\t1\t1\tDo\u00e7entlik \u00fcnvan\u0131n\u0131 T\u0131bbi Onkoloji alan\u0131nda alm\u0131\u015f olmak. Akci\u011fer kanserlerinin m\u00fcsin\u00f6z adenokarsinom alt tipinde tedavi etkinli\u011fi ile ilgili<br \/>\n\u00e7al\u0131\u015fma yapm\u0131\u015f olmak.<br \/>\n29\tT\u0131p Fak\u00fcltesi\tDahili T\u0131p Bilimleri\t\u0130\u00e7 Hastal\u0131klar\u0131\tProfes\u00f6r\t1\t1\tDo\u00e7entlik \u00fcnvan\u0131n\u0131 Endokrinoloji ve Metabolizma Hastal\u0131klar\u0131 alan\u0131nda alm\u0131\u015f olmak. Akromegali ve adrenal t\u00fcm\u00f6rler ile ilgili<br \/>\n\u00e7al\u0131\u015fmalar yapm\u0131\u015f olmak.<br \/>\n30\tT\u0131p Fak\u00fcltesi\tDahili T\u0131p Bilimleri\t\u0130\u00e7 Hastal\u0131klar\u0131\tDo\u00e7ent\t1\t1\tRomatoloji alan\u0131nda inflamasyonun bilinmeyen nedenlerinin de\u011ferlendirilmesinde 18F-FDG PET&#8217;in rol\u00fc, b\u00fcy\u00fck damar vask\u00fclitlerinde serum biyomarkerlerinin PET ile ili\u015fkisi ve Ailevi Akdeniz Ate\u015fi konular\u0131nda \u00e7al\u0131\u015fmalar yapm\u0131\u015f<br \/>\nolmak.<br \/>\n31\tT\u0131p Fak\u00fcltesi\tDahili T\u0131p Bilimleri\tN\u00fckleer T\u0131p\tDr.\u00d6\u011fr. \u00dcyesi\t1\t1\tOnkoloji hastalar\u0131nda beyin metabolizmas\u0131n\u0131n<br \/>\nde\u011ferlendirilmesinde FDG PET\/BT g\u00f6r\u00fcnt\u00fcleme ile ilgili \u00e7al\u0131\u015fma yapm\u0131\u015f olmak.<br \/>\n32\tTurizm Fak\u00fcltesi\tTurizm Rehberli\u011fi\tTurizm Rehberli\u011fi\tDo\u00e7ent\t2\t1\tDo\u00e7entlik \u00fcnvan\u0131n\u0131 Turizm alan\u0131nda alm\u0131\u015f olmak. Kruvaziyer turizmi, gastrorehberlik, iklim de\u011fi\u015fikli\u011fi ve k\u00fclt\u00fcrel miras konular\u0131nda<br \/>\n\u00e7al\u0131\u015fmalar\u0131 olmak.<br \/>\n33\tTurizm Fak\u00fcltesi\tTurizm Rehberli\u011fi\tTurizm Rehberli\u011fi\tDo\u00e7ent\t3\t1\tDo\u00e7entlik \u00fcnvan\u0131n\u0131 Turizm alan\u0131nda alm\u0131\u015f olmak. K\u00fclt\u00fcrel miras turizmi ile kalk\u0131nma stratejileri, k\u00fclt\u00fcr temelli yarat\u0131c\u0131 end\u00fcstriler ve turizm ili\u015fkisi, arkeolojik k\u00fclt\u00fcrel miras alanlar\u0131nda turizm planlamas\u0131 ve turist rehberlerinin turizm planlamas\u0131ndaki rol\u00fc konular\u0131nda<br \/>\n\u00e7al\u0131\u015fmalar\u0131 olmak.<br \/>\n34\tUygulamal\u0131 Bilimler<br \/>\nFak\u00fcltesi\tLojistik Y\u00f6netimi\tLojistik Y\u00f6netimi\tDo\u00e7ent\t1\t1\tLojistik, \u00f6rg\u00fctsel demokrasi, i\u015f tatmini, de\u011ferlerle y\u00f6netim, \u00f6l\u00e7ek geli\u015ftirme \u00e7al\u0131\u015fmalar\u0131 ile giri\u015fimci ve yenilik\u00e7i \u00fcniversiteler konular\u0131nda \u00e7al\u0131\u015fmalar<br \/>\nyapm\u0131\u015f olmak.<\/p>\n","protected":false},"excerpt":{"rendered":"<p>\u00dcniversitemizin a\u015fa\u011f\u0131da belirtilen birimlerinde bo\u015f bulunan kadrolar\u0131na 2547 say\u0131l\u0131 Y\u00fcksek\u00f6\u011fretim Kanunu ve \u00d6\u011fretim \u00dcyeli\u011fine Y\u00fckseltilme ve Atanma Y\u00f6netmeli\u011fi\u2019nin ilgili maddeleri ile \u00dcniversitemiz \u00d6\u011fretim \u00dcyeli\u011fine Y\u00fckseltilme ve Atanma Y\u00f6nergesi\u2019nde belirtilen kriterler do\u011frultusunda \u00f6\u011fretim \u00fcyesi al\u0131nacakt\u0131r. \u0130lana ba\u015fvuracak adaylar\u0131n 657 say\u0131l\u0131 Devlet Memurlar\u0131 Kanunu\u2019nun 48. maddesindeki genel \u015fartlar\u0131, ilanda belirtilen \u00f6zel \u015fartlar\u0131 ta\u015f\u0131malar\u0131 gerekmektedir. Adaylar; http:\/\/www.erbakan.edu.tr internet [&hellip;]<\/p>\n","protected":false},"author":1,"featured_media":7216,"comment_status":"open","ping_status":"open","sticky":false,"template":"","format":"standard","meta":{"footnotes":""},"categories":[55],"tags":[],"class_list":["post-7215","post","type-post","status-publish","format-standard","has-post-thumbnail","hentry","category-is-ilanlari"],"yoast_head":"<!-- This site is optimized with the Yoast SEO plugin v27.4 - https:\/\/yoast.com\/product\/yoast-seo-wordpress\/ -->\n<title>Necmettin Erbakan \u00dcniversitesi Rekt\u00f6rl\u00fc\u011f\u00fcnden: - Memurun Sesi<\/title>\n<meta name=\"robots\" content=\"index, follow, max-snippet:-1, max-image-preview:large, max-video-preview:-1\" \/>\n<link rel=\"canonical\" href=\"https:\/\/memurunsesi.net\/index.php\/2025\/05\/22\/necmettin-erbakan-universitesi-rektorlugunden\/\" \/>\n<meta property=\"og:locale\" content=\"tr_TR\" \/>\n<meta property=\"og:type\" content=\"article\" \/>\n<meta property=\"og:title\" content=\"Necmettin Erbakan \u00dcniversitesi Rekt\u00f6rl\u00fc\u011f\u00fcnden: - Memurun Sesi\" \/>\n<meta property=\"og:description\" content=\"\u00dcniversitemizin a\u015fa\u011f\u0131da belirtilen birimlerinde bo\u015f bulunan kadrolar\u0131na 2547 say\u0131l\u0131 Y\u00fcksek\u00f6\u011fretim Kanunu ve \u00d6\u011fretim \u00dcyeli\u011fine Y\u00fckseltilme ve Atanma Y\u00f6netmeli\u011fi\u2019nin ilgili maddeleri ile \u00dcniversitemiz \u00d6\u011fretim \u00dcyeli\u011fine Y\u00fckseltilme ve Atanma Y\u00f6nergesi\u2019nde belirtilen kriterler do\u011frultusunda \u00f6\u011fretim \u00fcyesi al\u0131nacakt\u0131r. \u0130lana ba\u015fvuracak adaylar\u0131n 657 say\u0131l\u0131 Devlet Memurlar\u0131 Kanunu\u2019nun 48. maddesindeki genel \u015fartlar\u0131, ilanda belirtilen \u00f6zel \u015fartlar\u0131 ta\u015f\u0131malar\u0131 gerekmektedir. Adaylar; http:\/\/www.erbakan.edu.tr internet [&hellip;]\" \/>\n<meta property=\"og:url\" content=\"https:\/\/memurunsesi.net\/index.php\/2025\/05\/22\/necmettin-erbakan-universitesi-rektorlugunden\/\" \/>\n<meta property=\"og:site_name\" content=\"Memurun Sesi\" \/>\n<meta property=\"article:publisher\" content=\"https:\/\/www.facebook.com\/unipersen\/?locale=tr_TR\" \/>\n<meta property=\"article:published_time\" content=\"2025-05-22T08:07:53+00:00\" \/>\n<meta property=\"og:image\" content=\"https:\/\/memurunsesi.net\/wp-content\/uploads\/2025\/05\/YYY-1.webp\" \/>\n\t<meta property=\"og:image:width\" content=\"416\" \/>\n\t<meta property=\"og:image:height\" content=\"417\" \/>\n\t<meta property=\"og:image:type\" content=\"image\/webp\" \/>\n<meta name=\"author\" content=\"Memurun Sesi Haber Merkezi\" \/>\n<meta name=\"twitter:card\" content=\"summary_large_image\" \/>\n<meta name=\"twitter:creator\" content=\"@unipersen\" \/>\n<meta name=\"twitter:site\" content=\"@unipersen\" \/>\n<meta name=\"twitter:label1\" content=\"Yazan:\" \/>\n\t<meta name=\"twitter:data1\" content=\"Memurun Sesi Haber Merkezi\" \/>\n\t<meta name=\"twitter:label2\" content=\"Tahmini okuma s\u00fcresi\" \/>\n\t<meta name=\"twitter:data2\" content=\"1 dakika\" \/>\n<script type=\"application\/ld+json\" class=\"yoast-schema-graph\">{\"@context\":\"https:\\\/\\\/schema.org\",\"@graph\":[{\"@type\":\"Article\",\"@id\":\"https:\\\/\\\/memurunsesi.net\\\/index.php\\\/2025\\\/05\\\/22\\\/necmettin-erbakan-universitesi-rektorlugunden\\\/#article\",\"isPartOf\":{\"@id\":\"https:\\\/\\\/memurunsesi.net\\\/index.php\\\/2025\\\/05\\\/22\\\/necmettin-erbakan-universitesi-rektorlugunden\\\/\"},\"author\":{\"name\":\"Memurun Sesi Haber Merkezi\",\"@id\":\"https:\\\/\\\/memurunsesi.net\\\/#\\\/schema\\\/person\\\/f21c2d73b89f6ee1d80b0a1803e38587\"},\"headline\":\"Necmettin Erbakan \u00dcniversitesi Rekt\u00f6rl\u00fc\u011f\u00fcnden:\",\"datePublished\":\"2025-05-22T08:07:53+00:00\",\"mainEntityOfPage\":{\"@id\":\"https:\\\/\\\/memurunsesi.net\\\/index.php\\\/2025\\\/05\\\/22\\\/necmettin-erbakan-universitesi-rektorlugunden\\\/\"},\"wordCount\":2097,\"commentCount\":0,\"publisher\":{\"@id\":\"https:\\\/\\\/memurunsesi.net\\\/#organization\"},\"image\":{\"@id\":\"https:\\\/\\\/memurunsesi.net\\\/index.php\\\/2025\\\/05\\\/22\\\/necmettin-erbakan-universitesi-rektorlugunden\\\/#primaryimage\"},\"thumbnailUrl\":\"https:\\\/\\\/memurunsesi.net\\\/wp-content\\\/uploads\\\/2025\\\/05\\\/YYY-1.webp\",\"articleSection\":[\"\u0130\u015f \u0130lanlar\u0131\"],\"inLanguage\":\"tr\",\"potentialAction\":[{\"@type\":\"CommentAction\",\"name\":\"Comment\",\"target\":[\"https:\\\/\\\/memurunsesi.net\\\/index.php\\\/2025\\\/05\\\/22\\\/necmettin-erbakan-universitesi-rektorlugunden\\\/#respond\"]}]},{\"@type\":\"WebPage\",\"@id\":\"https:\\\/\\\/memurunsesi.net\\\/index.php\\\/2025\\\/05\\\/22\\\/necmettin-erbakan-universitesi-rektorlugunden\\\/\",\"url\":\"https:\\\/\\\/memurunsesi.net\\\/index.php\\\/2025\\\/05\\\/22\\\/necmettin-erbakan-universitesi-rektorlugunden\\\/\",\"name\":\"Necmettin Erbakan \u00dcniversitesi Rekt\u00f6rl\u00fc\u011f\u00fcnden: - Memurun Sesi\",\"isPartOf\":{\"@id\":\"https:\\\/\\\/memurunsesi.net\\\/#website\"},\"primaryImageOfPage\":{\"@id\":\"https:\\\/\\\/memurunsesi.net\\\/index.php\\\/2025\\\/05\\\/22\\\/necmettin-erbakan-universitesi-rektorlugunden\\\/#primaryimage\"},\"image\":{\"@id\":\"https:\\\/\\\/memurunsesi.net\\\/index.php\\\/2025\\\/05\\\/22\\\/necmettin-erbakan-universitesi-rektorlugunden\\\/#primaryimage\"},\"thumbnailUrl\":\"https:\\\/\\\/memurunsesi.net\\\/wp-content\\\/uploads\\\/2025\\\/05\\\/YYY-1.webp\",\"datePublished\":\"2025-05-22T08:07:53+00:00\",\"breadcrumb\":{\"@id\":\"https:\\\/\\\/memurunsesi.net\\\/index.php\\\/2025\\\/05\\\/22\\\/necmettin-erbakan-universitesi-rektorlugunden\\\/#breadcrumb\"},\"inLanguage\":\"tr\",\"potentialAction\":[{\"@type\":\"ReadAction\",\"target\":[\"https:\\\/\\\/memurunsesi.net\\\/index.php\\\/2025\\\/05\\\/22\\\/necmettin-erbakan-universitesi-rektorlugunden\\\/\"]}]},{\"@type\":\"ImageObject\",\"inLanguage\":\"tr\",\"@id\":\"https:\\\/\\\/memurunsesi.net\\\/index.php\\\/2025\\\/05\\\/22\\\/necmettin-erbakan-universitesi-rektorlugunden\\\/#primaryimage\",\"url\":\"https:\\\/\\\/memurunsesi.net\\\/wp-content\\\/uploads\\\/2025\\\/05\\\/YYY-1.webp\",\"contentUrl\":\"https:\\\/\\\/memurunsesi.net\\\/wp-content\\\/uploads\\\/2025\\\/05\\\/YYY-1.webp\",\"width\":416,\"height\":417},{\"@type\":\"BreadcrumbList\",\"@id\":\"https:\\\/\\\/memurunsesi.net\\\/index.php\\\/2025\\\/05\\\/22\\\/necmettin-erbakan-universitesi-rektorlugunden\\\/#breadcrumb\",\"itemListElement\":[{\"@type\":\"ListItem\",\"position\":1,\"name\":\"Anasayfa\",\"item\":\"https:\\\/\\\/memurunsesi.net\\\/\"},{\"@type\":\"ListItem\",\"position\":2,\"name\":\"Necmettin Erbakan \u00dcniversitesi Rekt\u00f6rl\u00fc\u011f\u00fcnden:\"}]},{\"@type\":\"WebSite\",\"@id\":\"https:\\\/\\\/memurunsesi.net\\\/#website\",\"url\":\"https:\\\/\\\/memurunsesi.net\\\/\",\"name\":\"Memurun Sesi\",\"description\":\"G\u00fcncel ve Do\u011fru Haber\",\"publisher\":{\"@id\":\"https:\\\/\\\/memurunsesi.net\\\/#organization\"},\"potentialAction\":[{\"@type\":\"SearchAction\",\"target\":{\"@type\":\"EntryPoint\",\"urlTemplate\":\"https:\\\/\\\/memurunsesi.net\\\/?s={search_term_string}\"},\"query-input\":{\"@type\":\"PropertyValueSpecification\",\"valueRequired\":true,\"valueName\":\"search_term_string\"}}],\"inLanguage\":\"tr\"},{\"@type\":\"Organization\",\"@id\":\"https:\\\/\\\/memurunsesi.net\\\/#organization\",\"name\":\"Memurun Sesi\",\"url\":\"https:\\\/\\\/memurunsesi.net\\\/\",\"logo\":{\"@type\":\"ImageObject\",\"inLanguage\":\"tr\",\"@id\":\"https:\\\/\\\/memurunsesi.net\\\/#\\\/schema\\\/logo\\\/image\\\/\",\"url\":\"https:\\\/\\\/memurunsesi.net\\\/wp-content\\\/uploads\\\/2025\\\/11\\\/cropped-MEMURUN-SESI.png\",\"contentUrl\":\"https:\\\/\\\/memurunsesi.net\\\/wp-content\\\/uploads\\\/2025\\\/11\\\/cropped-MEMURUN-SESI.png\",\"width\":238,\"height\":57,\"caption\":\"Memurun Sesi\"},\"image\":{\"@id\":\"https:\\\/\\\/memurunsesi.net\\\/#\\\/schema\\\/logo\\\/image\\\/\"},\"sameAs\":[\"https:\\\/\\\/www.facebook.com\\\/unipersen\\\/?locale=tr_TR\",\"https:\\\/\\\/x.com\\\/unipersen\"]},{\"@type\":\"Person\",\"@id\":\"https:\\\/\\\/memurunsesi.net\\\/#\\\/schema\\\/person\\\/f21c2d73b89f6ee1d80b0a1803e38587\",\"name\":\"Memurun Sesi Haber Merkezi\",\"image\":{\"@type\":\"ImageObject\",\"inLanguage\":\"tr\",\"@id\":\"https:\\\/\\\/secure.gravatar.com\\\/avatar\\\/6cf0505f452ee753f485014986fab09a434671d2b919ee76fc541025c5876a70?s=96&d=mm&r=g\",\"url\":\"https:\\\/\\\/secure.gravatar.com\\\/avatar\\\/6cf0505f452ee753f485014986fab09a434671d2b919ee76fc541025c5876a70?s=96&d=mm&r=g\",\"contentUrl\":\"https:\\\/\\\/secure.gravatar.com\\\/avatar\\\/6cf0505f452ee753f485014986fab09a434671d2b919ee76fc541025c5876a70?s=96&d=mm&r=g\",\"caption\":\"Memurun Sesi Haber Merkezi\"},\"sameAs\":[\"https:\\\/\\\/memurunsesi.net\"],\"url\":\"https:\\\/\\\/memurunsesi.net\\\/index.php\\\/author\\\/uniper\\\/\"}]}<\/script>\n<!-- \/ Yoast SEO plugin. -->","yoast_head_json":{"title":"Necmettin Erbakan \u00dcniversitesi Rekt\u00f6rl\u00fc\u011f\u00fcnden: - Memurun Sesi","robots":{"index":"index","follow":"follow","max-snippet":"max-snippet:-1","max-image-preview":"max-image-preview:large","max-video-preview":"max-video-preview:-1"},"canonical":"https:\/\/memurunsesi.net\/index.php\/2025\/05\/22\/necmettin-erbakan-universitesi-rektorlugunden\/","og_locale":"tr_TR","og_type":"article","og_title":"Necmettin Erbakan \u00dcniversitesi Rekt\u00f6rl\u00fc\u011f\u00fcnden: - Memurun Sesi","og_description":"\u00dcniversitemizin a\u015fa\u011f\u0131da belirtilen birimlerinde bo\u015f bulunan kadrolar\u0131na 2547 say\u0131l\u0131 Y\u00fcksek\u00f6\u011fretim Kanunu ve \u00d6\u011fretim \u00dcyeli\u011fine Y\u00fckseltilme ve Atanma Y\u00f6netmeli\u011fi\u2019nin ilgili maddeleri ile \u00dcniversitemiz \u00d6\u011fretim \u00dcyeli\u011fine Y\u00fckseltilme ve Atanma Y\u00f6nergesi\u2019nde belirtilen kriterler do\u011frultusunda \u00f6\u011fretim \u00fcyesi al\u0131nacakt\u0131r. \u0130lana ba\u015fvuracak adaylar\u0131n 657 say\u0131l\u0131 Devlet Memurlar\u0131 Kanunu\u2019nun 48. maddesindeki genel \u015fartlar\u0131, ilanda belirtilen \u00f6zel \u015fartlar\u0131 ta\u015f\u0131malar\u0131 gerekmektedir. Adaylar; http:\/\/www.erbakan.edu.tr internet [&hellip;]","og_url":"https:\/\/memurunsesi.net\/index.php\/2025\/05\/22\/necmettin-erbakan-universitesi-rektorlugunden\/","og_site_name":"Memurun Sesi","article_publisher":"https:\/\/www.facebook.com\/unipersen\/?locale=tr_TR","article_published_time":"2025-05-22T08:07:53+00:00","og_image":[{"width":416,"height":417,"url":"https:\/\/memurunsesi.net\/wp-content\/uploads\/2025\/05\/YYY-1.webp","type":"image\/webp"}],"author":"Memurun Sesi Haber Merkezi","twitter_card":"summary_large_image","twitter_creator":"@unipersen","twitter_site":"@unipersen","twitter_misc":{"Yazan:":"Memurun Sesi Haber Merkezi","Tahmini okuma s\u00fcresi":"1 dakika"},"schema":{"@context":"https:\/\/schema.org","@graph":[{"@type":"Article","@id":"https:\/\/memurunsesi.net\/index.php\/2025\/05\/22\/necmettin-erbakan-universitesi-rektorlugunden\/#article","isPartOf":{"@id":"https:\/\/memurunsesi.net\/index.php\/2025\/05\/22\/necmettin-erbakan-universitesi-rektorlugunden\/"},"author":{"name":"Memurun Sesi Haber Merkezi","@id":"https:\/\/memurunsesi.net\/#\/schema\/person\/f21c2d73b89f6ee1d80b0a1803e38587"},"headline":"Necmettin Erbakan \u00dcniversitesi Rekt\u00f6rl\u00fc\u011f\u00fcnden:","datePublished":"2025-05-22T08:07:53+00:00","mainEntityOfPage":{"@id":"https:\/\/memurunsesi.net\/index.php\/2025\/05\/22\/necmettin-erbakan-universitesi-rektorlugunden\/"},"wordCount":2097,"commentCount":0,"publisher":{"@id":"https:\/\/memurunsesi.net\/#organization"},"image":{"@id":"https:\/\/memurunsesi.net\/index.php\/2025\/05\/22\/necmettin-erbakan-universitesi-rektorlugunden\/#primaryimage"},"thumbnailUrl":"https:\/\/memurunsesi.net\/wp-content\/uploads\/2025\/05\/YYY-1.webp","articleSection":["\u0130\u015f \u0130lanlar\u0131"],"inLanguage":"tr","potentialAction":[{"@type":"CommentAction","name":"Comment","target":["https:\/\/memurunsesi.net\/index.php\/2025\/05\/22\/necmettin-erbakan-universitesi-rektorlugunden\/#respond"]}]},{"@type":"WebPage","@id":"https:\/\/memurunsesi.net\/index.php\/2025\/05\/22\/necmettin-erbakan-universitesi-rektorlugunden\/","url":"https:\/\/memurunsesi.net\/index.php\/2025\/05\/22\/necmettin-erbakan-universitesi-rektorlugunden\/","name":"Necmettin Erbakan \u00dcniversitesi Rekt\u00f6rl\u00fc\u011f\u00fcnden: - Memurun Sesi","isPartOf":{"@id":"https:\/\/memurunsesi.net\/#website"},"primaryImageOfPage":{"@id":"https:\/\/memurunsesi.net\/index.php\/2025\/05\/22\/necmettin-erbakan-universitesi-rektorlugunden\/#primaryimage"},"image":{"@id":"https:\/\/memurunsesi.net\/index.php\/2025\/05\/22\/necmettin-erbakan-universitesi-rektorlugunden\/#primaryimage"},"thumbnailUrl":"https:\/\/memurunsesi.net\/wp-content\/uploads\/2025\/05\/YYY-1.webp","datePublished":"2025-05-22T08:07:53+00:00","breadcrumb":{"@id":"https:\/\/memurunsesi.net\/index.php\/2025\/05\/22\/necmettin-erbakan-universitesi-rektorlugunden\/#breadcrumb"},"inLanguage":"tr","potentialAction":[{"@type":"ReadAction","target":["https:\/\/memurunsesi.net\/index.php\/2025\/05\/22\/necmettin-erbakan-universitesi-rektorlugunden\/"]}]},{"@type":"ImageObject","inLanguage":"tr","@id":"https:\/\/memurunsesi.net\/index.php\/2025\/05\/22\/necmettin-erbakan-universitesi-rektorlugunden\/#primaryimage","url":"https:\/\/memurunsesi.net\/wp-content\/uploads\/2025\/05\/YYY-1.webp","contentUrl":"https:\/\/memurunsesi.net\/wp-content\/uploads\/2025\/05\/YYY-1.webp","width":416,"height":417},{"@type":"BreadcrumbList","@id":"https:\/\/memurunsesi.net\/index.php\/2025\/05\/22\/necmettin-erbakan-universitesi-rektorlugunden\/#breadcrumb","itemListElement":[{"@type":"ListItem","position":1,"name":"Anasayfa","item":"https:\/\/memurunsesi.net\/"},{"@type":"ListItem","position":2,"name":"Necmettin Erbakan \u00dcniversitesi Rekt\u00f6rl\u00fc\u011f\u00fcnden:"}]},{"@type":"WebSite","@id":"https:\/\/memurunsesi.net\/#website","url":"https:\/\/memurunsesi.net\/","name":"Memurun Sesi","description":"G\u00fcncel ve Do\u011fru Haber","publisher":{"@id":"https:\/\/memurunsesi.net\/#organization"},"potentialAction":[{"@type":"SearchAction","target":{"@type":"EntryPoint","urlTemplate":"https:\/\/memurunsesi.net\/?s={search_term_string}"},"query-input":{"@type":"PropertyValueSpecification","valueRequired":true,"valueName":"search_term_string"}}],"inLanguage":"tr"},{"@type":"Organization","@id":"https:\/\/memurunsesi.net\/#organization","name":"Memurun Sesi","url":"https:\/\/memurunsesi.net\/","logo":{"@type":"ImageObject","inLanguage":"tr","@id":"https:\/\/memurunsesi.net\/#\/schema\/logo\/image\/","url":"https:\/\/memurunsesi.net\/wp-content\/uploads\/2025\/11\/cropped-MEMURUN-SESI.png","contentUrl":"https:\/\/memurunsesi.net\/wp-content\/uploads\/2025\/11\/cropped-MEMURUN-SESI.png","width":238,"height":57,"caption":"Memurun Sesi"},"image":{"@id":"https:\/\/memurunsesi.net\/#\/schema\/logo\/image\/"},"sameAs":["https:\/\/www.facebook.com\/unipersen\/?locale=tr_TR","https:\/\/x.com\/unipersen"]},{"@type":"Person","@id":"https:\/\/memurunsesi.net\/#\/schema\/person\/f21c2d73b89f6ee1d80b0a1803e38587","name":"Memurun Sesi Haber Merkezi","image":{"@type":"ImageObject","inLanguage":"tr","@id":"https:\/\/secure.gravatar.com\/avatar\/6cf0505f452ee753f485014986fab09a434671d2b919ee76fc541025c5876a70?s=96&d=mm&r=g","url":"https:\/\/secure.gravatar.com\/avatar\/6cf0505f452ee753f485014986fab09a434671d2b919ee76fc541025c5876a70?s=96&d=mm&r=g","contentUrl":"https:\/\/secure.gravatar.com\/avatar\/6cf0505f452ee753f485014986fab09a434671d2b919ee76fc541025c5876a70?s=96&d=mm&r=g","caption":"Memurun Sesi Haber Merkezi"},"sameAs":["https:\/\/memurunsesi.net"],"url":"https:\/\/memurunsesi.net\/index.php\/author\/uniper\/"}]}},"_links":{"self":[{"href":"https:\/\/memurunsesi.net\/index.php\/wp-json\/wp\/v2\/posts\/7215","targetHints":{"allow":["GET"]}}],"collection":[{"href":"https:\/\/memurunsesi.net\/index.php\/wp-json\/wp\/v2\/posts"}],"about":[{"href":"https:\/\/memurunsesi.net\/index.php\/wp-json\/wp\/v2\/types\/post"}],"author":[{"embeddable":true,"href":"https:\/\/memurunsesi.net\/index.php\/wp-json\/wp\/v2\/users\/1"}],"replies":[{"embeddable":true,"href":"https:\/\/memurunsesi.net\/index.php\/wp-json\/wp\/v2\/comments?post=7215"}],"version-history":[{"count":1,"href":"https:\/\/memurunsesi.net\/index.php\/wp-json\/wp\/v2\/posts\/7215\/revisions"}],"predecessor-version":[{"id":7217,"href":"https:\/\/memurunsesi.net\/index.php\/wp-json\/wp\/v2\/posts\/7215\/revisions\/7217"}],"wp:featuredmedia":[{"embeddable":true,"href":"https:\/\/memurunsesi.net\/index.php\/wp-json\/wp\/v2\/media\/7216"}],"wp:attachment":[{"href":"https:\/\/memurunsesi.net\/index.php\/wp-json\/wp\/v2\/media?parent=7215"}],"wp:term":[{"taxonomy":"category","embeddable":true,"href":"https:\/\/memurunsesi.net\/index.php\/wp-json\/wp\/v2\/categories?post=7215"},{"taxonomy":"post_tag","embeddable":true,"href":"https:\/\/memurunsesi.net\/index.php\/wp-json\/wp\/v2\/tags?post=7215"}],"curies":[{"name":"wp","href":"https:\/\/api.w.org\/{rel}","templated":true}]}}