{"id":7347,"date":"2025-05-26T22:23:33","date_gmt":"2025-05-26T19:23:33","guid":{"rendered":"https:\/\/memurunsesi.net\/?p=7347"},"modified":"2025-05-26T22:23:33","modified_gmt":"2025-05-26T19:23:33","slug":"narin-guran-cinayeti-davasinda-4-saniga-verilen-hapis-cezalari-hukuka-uygun-bulundu","status":"publish","type":"post","link":"https:\/\/memurunsesi.net\/index.php\/2025\/05\/26\/narin-guran-cinayeti-davasinda-4-saniga-verilen-hapis-cezalari-hukuka-uygun-bulundu\/","title":{"rendered":"Narin G\u00fcran cinayeti davas\u0131nda 4 san\u0131\u011fa verilen hapis cezalar\u0131 hukuka uygun bulundu"},"content":{"rendered":"<p> Diyarbak\u0131r B\u00f6lge Adliye Mahkemesi 1. Ceza Dairesi, Narin G\u00fcran cinayeti davas\u0131nda ilk derece mahkemesinin san\u0131klar a\u011fabey Enes, anne Y\u00fcksel ve amca Salim G\u00fcran ile Nevzat Bahtiyar&#8217;a verdi\u011fi hapis cezalar\u0131n\u0131 hukuka uygun buldu.<br \/>\n  1. Ceza Dairesi, Diyarbak\u0131r 8. A\u011f\u0131r Ceza Mahkemesince 28 Aral\u0131k 2024&#8217;teki karar duru\u015fmas\u0131nda tutuklu san\u0131klar a\u011fabey Enes, anne Y\u00fcksel ve amca Salim G\u00fcran&#8217;a &#8220;i\u015ftirak halinde \u00e7ocu\u011fa kar\u015f\u0131 kasten \u00f6ld\u00fcrme&#8221; su\u00e7undan ayr\u0131 ayr\u0131 a\u011f\u0131rla\u015ft\u0131r\u0131lm\u0131\u015f m\u00fcebbet, Nevzat Bahtiyar&#8217;a ise &#8220;su\u00e7 delillerini yok etme, gizleme veya de\u011fi\u015ftirme&#8221; su\u00e7undan 4 y\u0131l 6 ay hapis cezas\u0131 verilmesine ili\u015fkin istinaf ba\u015fvurular\u0131yla ilgili incelemeyi tamamlad\u0131.<br \/>\n  \u0130lk derece mahkemesince san\u0131klara verilen hapis cezalar\u0131n\u0131 oy \u00e7oklu\u011fuyla hukuka uygun bulan Ceza Dairesi, istinaf ba\u015fvurular\u0131n\u0131n ayr\u0131 ayr\u0131 reddine, san\u0131klar\u0131n tutukluluk hallerinin devam\u0131na karar verdi.<br \/>\n  Diyarbak\u0131r Cumhuriyet Ba\u015fsavc\u0131l\u0131\u011f\u0131, &#8220;kat\u0131lan&#8221; s\u0131fat\u0131yla Aile ve Sosyal Hizmetler Bakanl\u0131\u011f\u0131 ile Diyarbak\u0131r Barosu, &#8220;m\u00fc\u015fteki&#8221; s\u0131fat\u0131yla da baba Arif G\u00fcran ve san\u0131k avukatlar\u0131 taraf\u0131ndan Diyarbak\u0131r B\u00f6lge Adliye Mahkemesine g\u00f6nderilmek \u00fczere yarg\u0131laman\u0131n yap\u0131ld\u0131\u011f\u0131 8. A\u011f\u0131r Ceza Mahkemesi&#8217;ne g\u00f6nderilen istinaf ba\u015fvuru dilek\u00e7elerine ili\u015fkin \u00e7al\u0131\u015fmalar\u0131 tamamlam\u0131\u015ft\u0131.<br \/>\n  Mahkeme, 17 klas\u00f6rden olu\u015fan dava dosyas\u0131 ile istinaf ba\u015fvurular\u0131 dilek\u00e7elerini de\u011ferlendirme yap\u0131lmas\u0131 i\u00e7in Diyarbak\u0131r B\u00f6lge Adliye Mahkemesi 1. Ceza Dairesine g\u00f6ndermi\u015fti.<br \/>\n  Aile ve Sosyal Hizmetler Bakanl\u0131\u011f\u0131, Diyarbak\u0131r Cumhuriyet Ba\u015fsavc\u0131l\u0131\u011f\u0131 ve Diyarbak\u0131r Barosu taraf\u0131ndan Nevzat Bahtiyar&#8217;a &#8220;su\u00e7 delillerini yok etme, gizleme veya de\u011fi\u015ftirme&#8221; su\u00e7undan verilen 4 y\u0131l 6 ay hapis cezas\u0131 ile ilgili B\u00f6lge Adliye Mahkemesine istinaf ba\u015fvurusu yap\u0131lm\u0131\u015f, sunulan dilek\u00e7elerde san\u0131\u011f\u0131n &#8220;i\u015ftirak halinde \u00e7ocu\u011fa kar\u015f\u0131 kasten \u00f6ld\u00fcrme&#8221; su\u00e7undan cezaland\u0131r\u0131lmas\u0131 talep edilmi\u015fti.<br \/>\n  Tutuklu san\u0131k Nevzat Bahtiyar&#8217;\u0131n avukatlar\u0131 da istinaf ba\u015fvurular\u0131nda, m\u00fcvekkillerinin aleyhine yap\u0131lan istinaf ba\u015fvurular\u0131n\u0131n esastan reddine karar verilmesi ve Diyarbak\u0131r 8. A\u011f\u0131r Ceza Mahkemesi&#8217;nin verdi\u011fi 4 y\u0131l 6 ay hapis cezas\u0131n\u0131n m\u00fcvekkil lehine kald\u0131r\u0131lmas\u0131 ve tahliyesine karar verilmesi talebinde bulunmu\u015ftu.<br \/>\n  Narin G\u00fcran&#8217;\u0131n babas\u0131 Arif G\u00fcran ad\u0131na avukat\u0131 da san\u0131k Nevzat Bahtiyar&#8217;\u0131n &#8220;su\u00e7 delillerini yok etme, gizleme veya de\u011fi\u015ftirme&#8221; su\u00e7undan \u00e7arpt\u0131r\u0131ld\u0131\u011f\u0131 4 y\u0131l 6 ay hapis cezas\u0131n\u0131n kald\u0131r\u0131larak, san\u0131\u011f\u0131n TCK&#8217;nin 82\/1-e maddesi uyar\u0131nca &#8220;i\u015ftirak halinde \u00e7ocu\u011fa kar\u015f\u0131 kasten \u00f6ld\u00fcrme&#8221; su\u00e7undan cezaland\u0131r\u0131lmas\u0131n\u0131 talep etmi\u015fti.<br \/>\n  San\u0131klar anne Y\u00fcksel, a\u011fabey Enes ve amca Salim G\u00fcran&#8217;\u0131n avukatlar\u0131 ise m\u00fcvekkillerinin &#8220;i\u015ftirak halinde \u00e7ocu\u011fa kar\u015f\u0131 kasten \u00f6ld\u00fcrme&#8221; su\u00e7undan \u00e7arpt\u0131r\u0131ld\u0131klar\u0131 h\u00fckm\u00fcn kald\u0131r\u0131larak, tahliye ve beraat karar\u0131 verilmesini talep etmi\u015f, ayr\u0131ca amca Salim G\u00fcran&#8217;\u0131n avukat\u0131, san\u0131k Nevzat Bahtiyar&#8217;\u0131n &#8220;\u00e7ocu\u011fun kasten \u00f6ld\u00fcr\u00fclmesi, \u00e7ocu\u011fun cinsel istismar\u0131 ve h\u00fcrriyeti tahdit&#8221; su\u00e7lar\u0131ndan ayr\u0131 ayr\u0131 cezaland\u0131r\u0131lmas\u0131na karar verilmesi talebinde bulunmu\u015ftu. <\/p>\n<p>26.05.2025                                 <\/p>\n","protected":false},"excerpt":{"rendered":"<p>Diyarbak\u0131r B\u00f6lge Adliye Mahkemesi 1. Ceza Dairesi, Narin G\u00fcran cinayeti davas\u0131nda ilk derece mahkemesinin san\u0131klar a\u011fabey Enes, anne Y\u00fcksel ve amca Salim G\u00fcran ile Nevzat Bahtiyar&#8217;a verdi\u011fi hapis cezalar\u0131n\u0131 hukuka uygun buldu. 1. Ceza Dairesi, Diyarbak\u0131r 8. A\u011f\u0131r Ceza Mahkemesince 28 Aral\u0131k 2024&#8217;teki karar duru\u015fmas\u0131nda tutuklu san\u0131klar a\u011fabey Enes, anne Y\u00fcksel ve amca Salim G\u00fcran&#8217;a [&hellip;]<\/p>\n","protected":false},"author":1,"featured_media":7348,"comment_status":"open","ping_status":"open","sticky":false,"template":"","format":"standard","meta":{"footnotes":""},"categories":[50],"tags":[],"class_list":["post-7347","post","type-post","status-publish","format-standard","has-post-thumbnail","hentry","category-tum-haberler"],"yoast_head":"<!-- This site is optimized with the Yoast SEO plugin v27.4 - https:\/\/yoast.com\/product\/yoast-seo-wordpress\/ -->\n<title>Narin G\u00fcran cinayeti davas\u0131nda 4 san\u0131\u011fa verilen hapis cezalar\u0131 hukuka uygun bulundu - Memurun Sesi<\/title>\n<meta name=\"robots\" content=\"index, follow, max-snippet:-1, max-image-preview:large, max-video-preview:-1\" \/>\n<link rel=\"canonical\" href=\"https:\/\/memurunsesi.net\/index.php\/2025\/05\/26\/narin-guran-cinayeti-davasinda-4-saniga-verilen-hapis-cezalari-hukuka-uygun-bulundu\/\" \/>\n<meta property=\"og:locale\" content=\"tr_TR\" \/>\n<meta property=\"og:type\" content=\"article\" \/>\n<meta property=\"og:title\" content=\"Narin G\u00fcran cinayeti davas\u0131nda 4 san\u0131\u011fa verilen hapis cezalar\u0131 hukuka uygun bulundu - Memurun Sesi\" \/>\n<meta property=\"og:description\" content=\"Diyarbak\u0131r B\u00f6lge Adliye Mahkemesi 1. Ceza Dairesi, Narin G\u00fcran cinayeti davas\u0131nda ilk derece mahkemesinin san\u0131klar a\u011fabey Enes, anne Y\u00fcksel ve amca Salim G\u00fcran ile Nevzat Bahtiyar&#8217;a verdi\u011fi hapis cezalar\u0131n\u0131 hukuka uygun buldu. 1. Ceza Dairesi, Diyarbak\u0131r 8. A\u011f\u0131r Ceza Mahkemesince 28 Aral\u0131k 2024&#8217;teki karar duru\u015fmas\u0131nda tutuklu san\u0131klar a\u011fabey Enes, anne Y\u00fcksel ve amca Salim G\u00fcran&#8217;a [&hellip;]\" \/>\n<meta property=\"og:url\" content=\"https:\/\/memurunsesi.net\/index.php\/2025\/05\/26\/narin-guran-cinayeti-davasinda-4-saniga-verilen-hapis-cezalari-hukuka-uygun-bulundu\/\" \/>\n<meta property=\"og:site_name\" content=\"Memurun Sesi\" \/>\n<meta property=\"article:publisher\" content=\"https:\/\/www.facebook.com\/unipersen\/?locale=tr_TR\" \/>\n<meta property=\"article:published_time\" content=\"2025-05-26T19:23:33+00:00\" \/>\n<meta property=\"og:image\" content=\"https:\/\/memurunsesi.net\/wp-content\/uploads\/2025\/05\/AW463499_01-scaled.jpg\" \/>\n\t<meta property=\"og:image:width\" content=\"2560\" \/>\n\t<meta property=\"og:image:height\" content=\"1440\" \/>\n\t<meta property=\"og:image:type\" content=\"image\/jpeg\" \/>\n<meta name=\"author\" content=\"Memurun Sesi Haber Merkezi\" \/>\n<meta name=\"twitter:card\" content=\"summary_large_image\" \/>\n<meta name=\"twitter:creator\" content=\"@unipersen\" \/>\n<meta name=\"twitter:site\" content=\"@unipersen\" \/>\n<meta name=\"twitter:label1\" content=\"Yazan:\" \/>\n\t<meta name=\"twitter:data1\" content=\"Memurun Sesi Haber Merkezi\" \/>\n\t<meta name=\"twitter:label2\" content=\"Tahmini okuma s\u00fcresi\" \/>\n\t<meta name=\"twitter:data2\" content=\"1 dakika\" \/>\n<script type=\"application\/ld+json\" class=\"yoast-schema-graph\">{\"@context\":\"https:\\\/\\\/schema.org\",\"@graph\":[{\"@type\":\"Article\",\"@id\":\"https:\\\/\\\/memurunsesi.net\\\/index.php\\\/2025\\\/05\\\/26\\\/narin-guran-cinayeti-davasinda-4-saniga-verilen-hapis-cezalari-hukuka-uygun-bulundu\\\/#article\",\"isPartOf\":{\"@id\":\"https:\\\/\\\/memurunsesi.net\\\/index.php\\\/2025\\\/05\\\/26\\\/narin-guran-cinayeti-davasinda-4-saniga-verilen-hapis-cezalari-hukuka-uygun-bulundu\\\/\"},\"author\":{\"name\":\"Memurun Sesi Haber Merkezi\",\"@id\":\"https:\\\/\\\/memurunsesi.net\\\/#\\\/schema\\\/person\\\/f21c2d73b89f6ee1d80b0a1803e38587\"},\"headline\":\"Narin G\u00fcran cinayeti davas\u0131nda 4 san\u0131\u011fa verilen hapis cezalar\u0131 hukuka uygun bulundu\",\"datePublished\":\"2025-05-26T19:23:33+00:00\",\"mainEntityOfPage\":{\"@id\":\"https:\\\/\\\/memurunsesi.net\\\/index.php\\\/2025\\\/05\\\/26\\\/narin-guran-cinayeti-davasinda-4-saniga-verilen-hapis-cezalari-hukuka-uygun-bulundu\\\/\"},\"wordCount\":548,\"commentCount\":0,\"publisher\":{\"@id\":\"https:\\\/\\\/memurunsesi.net\\\/#organization\"},\"image\":{\"@id\":\"https:\\\/\\\/memurunsesi.net\\\/index.php\\\/2025\\\/05\\\/26\\\/narin-guran-cinayeti-davasinda-4-saniga-verilen-hapis-cezalari-hukuka-uygun-bulundu\\\/#primaryimage\"},\"thumbnailUrl\":\"https:\\\/\\\/memurunsesi.net\\\/wp-content\\\/uploads\\\/2025\\\/05\\\/AW463499_01-scaled.jpg\",\"articleSection\":[\"T\u00fcm Haberler\"],\"inLanguage\":\"tr\",\"potentialAction\":[{\"@type\":\"CommentAction\",\"name\":\"Comment\",\"target\":[\"https:\\\/\\\/memurunsesi.net\\\/index.php\\\/2025\\\/05\\\/26\\\/narin-guran-cinayeti-davasinda-4-saniga-verilen-hapis-cezalari-hukuka-uygun-bulundu\\\/#respond\"]}]},{\"@type\":\"WebPage\",\"@id\":\"https:\\\/\\\/memurunsesi.net\\\/index.php\\\/2025\\\/05\\\/26\\\/narin-guran-cinayeti-davasinda-4-saniga-verilen-hapis-cezalari-hukuka-uygun-bulundu\\\/\",\"url\":\"https:\\\/\\\/memurunsesi.net\\\/index.php\\\/2025\\\/05\\\/26\\\/narin-guran-cinayeti-davasinda-4-saniga-verilen-hapis-cezalari-hukuka-uygun-bulundu\\\/\",\"name\":\"Narin G\u00fcran cinayeti davas\u0131nda 4 san\u0131\u011fa verilen hapis cezalar\u0131 hukuka uygun bulundu - Memurun Sesi\",\"isPartOf\":{\"@id\":\"https:\\\/\\\/memurunsesi.net\\\/#website\"},\"primaryImageOfPage\":{\"@id\":\"https:\\\/\\\/memurunsesi.net\\\/index.php\\\/2025\\\/05\\\/26\\\/narin-guran-cinayeti-davasinda-4-saniga-verilen-hapis-cezalari-hukuka-uygun-bulundu\\\/#primaryimage\"},\"image\":{\"@id\":\"https:\\\/\\\/memurunsesi.net\\\/index.php\\\/2025\\\/05\\\/26\\\/narin-guran-cinayeti-davasinda-4-saniga-verilen-hapis-cezalari-hukuka-uygun-bulundu\\\/#primaryimage\"},\"thumbnailUrl\":\"https:\\\/\\\/memurunsesi.net\\\/wp-content\\\/uploads\\\/2025\\\/05\\\/AW463499_01-scaled.jpg\",\"datePublished\":\"2025-05-26T19:23:33+00:00\",\"breadcrumb\":{\"@id\":\"https:\\\/\\\/memurunsesi.net\\\/index.php\\\/2025\\\/05\\\/26\\\/narin-guran-cinayeti-davasinda-4-saniga-verilen-hapis-cezalari-hukuka-uygun-bulundu\\\/#breadcrumb\"},\"inLanguage\":\"tr\",\"potentialAction\":[{\"@type\":\"ReadAction\",\"target\":[\"https:\\\/\\\/memurunsesi.net\\\/index.php\\\/2025\\\/05\\\/26\\\/narin-guran-cinayeti-davasinda-4-saniga-verilen-hapis-cezalari-hukuka-uygun-bulundu\\\/\"]}]},{\"@type\":\"ImageObject\",\"inLanguage\":\"tr\",\"@id\":\"https:\\\/\\\/memurunsesi.net\\\/index.php\\\/2025\\\/05\\\/26\\\/narin-guran-cinayeti-davasinda-4-saniga-verilen-hapis-cezalari-hukuka-uygun-bulundu\\\/#primaryimage\",\"url\":\"https:\\\/\\\/memurunsesi.net\\\/wp-content\\\/uploads\\\/2025\\\/05\\\/AW463499_01-scaled.jpg\",\"contentUrl\":\"https:\\\/\\\/memurunsesi.net\\\/wp-content\\\/uploads\\\/2025\\\/05\\\/AW463499_01-scaled.jpg\",\"width\":2560,\"height\":1440,\"caption\":\"D\u0130YARBAKIR B\u00d6LGE ADL\u0130YE MAHKEMES\u0130 1. CEZA DA\u0130RES\u0130, NAR\u0130N G\u00dcRAN C\u0130NAYET\u0130 DAVASINDA \u0130LK DERECE MAHKEMES\u0130N\u0130N SANIKLAR A\u011eABEY ENES, ANNE Y\u00dcKSEL VE AMCA SAL\u0130M G\u00dcRAN \u0130LE NEVZAT BAHT\u0130YAR'A VERD\u0130\u011e\u0130 HAP\u0130S CEZALARINI HUKUKA UYGUN BULDU. (RIDVAN KILI\u00c7\\\/D\u0130YARBAKIR-\u0130HA) Diyarbak\u0131r B\u00f6lge Adliye Mahkemesi 1. Ceza Dairesi, Narin G\u00fcran cinayeti davas\u0131nda ilk derece mahkemesinin san\u0131klar a\u011fabey Enes, anne Y\u00fcksel ve amca Salim G\u00fcran ile Nevzat Bahtiyar'a verdi\u011fi hapis cezalar\u0131n\u0131 hukuka uygun buldu.\"},{\"@type\":\"BreadcrumbList\",\"@id\":\"https:\\\/\\\/memurunsesi.net\\\/index.php\\\/2025\\\/05\\\/26\\\/narin-guran-cinayeti-davasinda-4-saniga-verilen-hapis-cezalari-hukuka-uygun-bulundu\\\/#breadcrumb\",\"itemListElement\":[{\"@type\":\"ListItem\",\"position\":1,\"name\":\"Anasayfa\",\"item\":\"https:\\\/\\\/memurunsesi.net\\\/\"},{\"@type\":\"ListItem\",\"position\":2,\"name\":\"Narin G\u00fcran cinayeti davas\u0131nda 4 san\u0131\u011fa verilen hapis cezalar\u0131 hukuka uygun bulundu\"}]},{\"@type\":\"WebSite\",\"@id\":\"https:\\\/\\\/memurunsesi.net\\\/#website\",\"url\":\"https:\\\/\\\/memurunsesi.net\\\/\",\"name\":\"Memurun Sesi\",\"description\":\"G\u00fcncel ve Do\u011fru Haber\",\"publisher\":{\"@id\":\"https:\\\/\\\/memurunsesi.net\\\/#organization\"},\"potentialAction\":[{\"@type\":\"SearchAction\",\"target\":{\"@type\":\"EntryPoint\",\"urlTemplate\":\"https:\\\/\\\/memurunsesi.net\\\/?s={search_term_string}\"},\"query-input\":{\"@type\":\"PropertyValueSpecification\",\"valueRequired\":true,\"valueName\":\"search_term_string\"}}],\"inLanguage\":\"tr\"},{\"@type\":\"Organization\",\"@id\":\"https:\\\/\\\/memurunsesi.net\\\/#organization\",\"name\":\"Memurun Sesi\",\"url\":\"https:\\\/\\\/memurunsesi.net\\\/\",\"logo\":{\"@type\":\"ImageObject\",\"inLanguage\":\"tr\",\"@id\":\"https:\\\/\\\/memurunsesi.net\\\/#\\\/schema\\\/logo\\\/image\\\/\",\"url\":\"https:\\\/\\\/memurunsesi.net\\\/wp-content\\\/uploads\\\/2025\\\/11\\\/cropped-MEMURUN-SESI.png\",\"contentUrl\":\"https:\\\/\\\/memurunsesi.net\\\/wp-content\\\/uploads\\\/2025\\\/11\\\/cropped-MEMURUN-SESI.png\",\"width\":238,\"height\":57,\"caption\":\"Memurun Sesi\"},\"image\":{\"@id\":\"https:\\\/\\\/memurunsesi.net\\\/#\\\/schema\\\/logo\\\/image\\\/\"},\"sameAs\":[\"https:\\\/\\\/www.facebook.com\\\/unipersen\\\/?locale=tr_TR\",\"https:\\\/\\\/x.com\\\/unipersen\"]},{\"@type\":\"Person\",\"@id\":\"https:\\\/\\\/memurunsesi.net\\\/#\\\/schema\\\/person\\\/f21c2d73b89f6ee1d80b0a1803e38587\",\"name\":\"Memurun Sesi Haber Merkezi\",\"image\":{\"@type\":\"ImageObject\",\"inLanguage\":\"tr\",\"@id\":\"https:\\\/\\\/secure.gravatar.com\\\/avatar\\\/6cf0505f452ee753f485014986fab09a434671d2b919ee76fc541025c5876a70?s=96&d=mm&r=g\",\"url\":\"https:\\\/\\\/secure.gravatar.com\\\/avatar\\\/6cf0505f452ee753f485014986fab09a434671d2b919ee76fc541025c5876a70?s=96&d=mm&r=g\",\"contentUrl\":\"https:\\\/\\\/secure.gravatar.com\\\/avatar\\\/6cf0505f452ee753f485014986fab09a434671d2b919ee76fc541025c5876a70?s=96&d=mm&r=g\",\"caption\":\"Memurun Sesi Haber Merkezi\"},\"sameAs\":[\"https:\\\/\\\/memurunsesi.net\"],\"url\":\"https:\\\/\\\/memurunsesi.net\\\/index.php\\\/author\\\/uniper\\\/\"}]}<\/script>\n<!-- \/ Yoast SEO plugin. -->","yoast_head_json":{"title":"Narin G\u00fcran cinayeti davas\u0131nda 4 san\u0131\u011fa verilen hapis cezalar\u0131 hukuka uygun bulundu - Memurun Sesi","robots":{"index":"index","follow":"follow","max-snippet":"max-snippet:-1","max-image-preview":"max-image-preview:large","max-video-preview":"max-video-preview:-1"},"canonical":"https:\/\/memurunsesi.net\/index.php\/2025\/05\/26\/narin-guran-cinayeti-davasinda-4-saniga-verilen-hapis-cezalari-hukuka-uygun-bulundu\/","og_locale":"tr_TR","og_type":"article","og_title":"Narin G\u00fcran cinayeti davas\u0131nda 4 san\u0131\u011fa verilen hapis cezalar\u0131 hukuka uygun bulundu - Memurun Sesi","og_description":"Diyarbak\u0131r B\u00f6lge Adliye Mahkemesi 1. Ceza Dairesi, Narin G\u00fcran cinayeti davas\u0131nda ilk derece mahkemesinin san\u0131klar a\u011fabey Enes, anne Y\u00fcksel ve amca Salim G\u00fcran ile Nevzat Bahtiyar&#8217;a verdi\u011fi hapis cezalar\u0131n\u0131 hukuka uygun buldu. 1. Ceza Dairesi, Diyarbak\u0131r 8. A\u011f\u0131r Ceza Mahkemesince 28 Aral\u0131k 2024&#8217;teki karar duru\u015fmas\u0131nda tutuklu san\u0131klar a\u011fabey Enes, anne Y\u00fcksel ve amca Salim G\u00fcran&#8217;a [&hellip;]","og_url":"https:\/\/memurunsesi.net\/index.php\/2025\/05\/26\/narin-guran-cinayeti-davasinda-4-saniga-verilen-hapis-cezalari-hukuka-uygun-bulundu\/","og_site_name":"Memurun Sesi","article_publisher":"https:\/\/www.facebook.com\/unipersen\/?locale=tr_TR","article_published_time":"2025-05-26T19:23:33+00:00","og_image":[{"width":2560,"height":1440,"url":"https:\/\/memurunsesi.net\/wp-content\/uploads\/2025\/05\/AW463499_01-scaled.jpg","type":"image\/jpeg"}],"author":"Memurun Sesi Haber Merkezi","twitter_card":"summary_large_image","twitter_creator":"@unipersen","twitter_site":"@unipersen","twitter_misc":{"Yazan:":"Memurun Sesi Haber Merkezi","Tahmini okuma s\u00fcresi":"1 dakika"},"schema":{"@context":"https:\/\/schema.org","@graph":[{"@type":"Article","@id":"https:\/\/memurunsesi.net\/index.php\/2025\/05\/26\/narin-guran-cinayeti-davasinda-4-saniga-verilen-hapis-cezalari-hukuka-uygun-bulundu\/#article","isPartOf":{"@id":"https:\/\/memurunsesi.net\/index.php\/2025\/05\/26\/narin-guran-cinayeti-davasinda-4-saniga-verilen-hapis-cezalari-hukuka-uygun-bulundu\/"},"author":{"name":"Memurun Sesi Haber Merkezi","@id":"https:\/\/memurunsesi.net\/#\/schema\/person\/f21c2d73b89f6ee1d80b0a1803e38587"},"headline":"Narin G\u00fcran cinayeti davas\u0131nda 4 san\u0131\u011fa verilen hapis cezalar\u0131 hukuka uygun bulundu","datePublished":"2025-05-26T19:23:33+00:00","mainEntityOfPage":{"@id":"https:\/\/memurunsesi.net\/index.php\/2025\/05\/26\/narin-guran-cinayeti-davasinda-4-saniga-verilen-hapis-cezalari-hukuka-uygun-bulundu\/"},"wordCount":548,"commentCount":0,"publisher":{"@id":"https:\/\/memurunsesi.net\/#organization"},"image":{"@id":"https:\/\/memurunsesi.net\/index.php\/2025\/05\/26\/narin-guran-cinayeti-davasinda-4-saniga-verilen-hapis-cezalari-hukuka-uygun-bulundu\/#primaryimage"},"thumbnailUrl":"https:\/\/memurunsesi.net\/wp-content\/uploads\/2025\/05\/AW463499_01-scaled.jpg","articleSection":["T\u00fcm Haberler"],"inLanguage":"tr","potentialAction":[{"@type":"CommentAction","name":"Comment","target":["https:\/\/memurunsesi.net\/index.php\/2025\/05\/26\/narin-guran-cinayeti-davasinda-4-saniga-verilen-hapis-cezalari-hukuka-uygun-bulundu\/#respond"]}]},{"@type":"WebPage","@id":"https:\/\/memurunsesi.net\/index.php\/2025\/05\/26\/narin-guran-cinayeti-davasinda-4-saniga-verilen-hapis-cezalari-hukuka-uygun-bulundu\/","url":"https:\/\/memurunsesi.net\/index.php\/2025\/05\/26\/narin-guran-cinayeti-davasinda-4-saniga-verilen-hapis-cezalari-hukuka-uygun-bulundu\/","name":"Narin G\u00fcran cinayeti davas\u0131nda 4 san\u0131\u011fa verilen hapis cezalar\u0131 hukuka uygun bulundu - Memurun Sesi","isPartOf":{"@id":"https:\/\/memurunsesi.net\/#website"},"primaryImageOfPage":{"@id":"https:\/\/memurunsesi.net\/index.php\/2025\/05\/26\/narin-guran-cinayeti-davasinda-4-saniga-verilen-hapis-cezalari-hukuka-uygun-bulundu\/#primaryimage"},"image":{"@id":"https:\/\/memurunsesi.net\/index.php\/2025\/05\/26\/narin-guran-cinayeti-davasinda-4-saniga-verilen-hapis-cezalari-hukuka-uygun-bulundu\/#primaryimage"},"thumbnailUrl":"https:\/\/memurunsesi.net\/wp-content\/uploads\/2025\/05\/AW463499_01-scaled.jpg","datePublished":"2025-05-26T19:23:33+00:00","breadcrumb":{"@id":"https:\/\/memurunsesi.net\/index.php\/2025\/05\/26\/narin-guran-cinayeti-davasinda-4-saniga-verilen-hapis-cezalari-hukuka-uygun-bulundu\/#breadcrumb"},"inLanguage":"tr","potentialAction":[{"@type":"ReadAction","target":["https:\/\/memurunsesi.net\/index.php\/2025\/05\/26\/narin-guran-cinayeti-davasinda-4-saniga-verilen-hapis-cezalari-hukuka-uygun-bulundu\/"]}]},{"@type":"ImageObject","inLanguage":"tr","@id":"https:\/\/memurunsesi.net\/index.php\/2025\/05\/26\/narin-guran-cinayeti-davasinda-4-saniga-verilen-hapis-cezalari-hukuka-uygun-bulundu\/#primaryimage","url":"https:\/\/memurunsesi.net\/wp-content\/uploads\/2025\/05\/AW463499_01-scaled.jpg","contentUrl":"https:\/\/memurunsesi.net\/wp-content\/uploads\/2025\/05\/AW463499_01-scaled.jpg","width":2560,"height":1440,"caption":"D\u0130YARBAKIR B\u00d6LGE ADL\u0130YE MAHKEMES\u0130 1. CEZA DA\u0130RES\u0130, NAR\u0130N G\u00dcRAN C\u0130NAYET\u0130 DAVASINDA \u0130LK DERECE MAHKEMES\u0130N\u0130N SANIKLAR A\u011eABEY ENES, ANNE Y\u00dcKSEL VE AMCA SAL\u0130M G\u00dcRAN \u0130LE NEVZAT BAHT\u0130YAR'A VERD\u0130\u011e\u0130 HAP\u0130S CEZALARINI HUKUKA UYGUN BULDU. (RIDVAN KILI\u00c7\/D\u0130YARBAKIR-\u0130HA) Diyarbak\u0131r B\u00f6lge Adliye Mahkemesi 1. Ceza Dairesi, Narin G\u00fcran cinayeti davas\u0131nda ilk derece mahkemesinin san\u0131klar a\u011fabey Enes, anne Y\u00fcksel ve amca Salim G\u00fcran ile Nevzat Bahtiyar'a verdi\u011fi hapis cezalar\u0131n\u0131 hukuka uygun buldu."},{"@type":"BreadcrumbList","@id":"https:\/\/memurunsesi.net\/index.php\/2025\/05\/26\/narin-guran-cinayeti-davasinda-4-saniga-verilen-hapis-cezalari-hukuka-uygun-bulundu\/#breadcrumb","itemListElement":[{"@type":"ListItem","position":1,"name":"Anasayfa","item":"https:\/\/memurunsesi.net\/"},{"@type":"ListItem","position":2,"name":"Narin G\u00fcran cinayeti davas\u0131nda 4 san\u0131\u011fa verilen hapis cezalar\u0131 hukuka uygun bulundu"}]},{"@type":"WebSite","@id":"https:\/\/memurunsesi.net\/#website","url":"https:\/\/memurunsesi.net\/","name":"Memurun Sesi","description":"G\u00fcncel ve Do\u011fru Haber","publisher":{"@id":"https:\/\/memurunsesi.net\/#organization"},"potentialAction":[{"@type":"SearchAction","target":{"@type":"EntryPoint","urlTemplate":"https:\/\/memurunsesi.net\/?s={search_term_string}"},"query-input":{"@type":"PropertyValueSpecification","valueRequired":true,"valueName":"search_term_string"}}],"inLanguage":"tr"},{"@type":"Organization","@id":"https:\/\/memurunsesi.net\/#organization","name":"Memurun Sesi","url":"https:\/\/memurunsesi.net\/","logo":{"@type":"ImageObject","inLanguage":"tr","@id":"https:\/\/memurunsesi.net\/#\/schema\/logo\/image\/","url":"https:\/\/memurunsesi.net\/wp-content\/uploads\/2025\/11\/cropped-MEMURUN-SESI.png","contentUrl":"https:\/\/memurunsesi.net\/wp-content\/uploads\/2025\/11\/cropped-MEMURUN-SESI.png","width":238,"height":57,"caption":"Memurun Sesi"},"image":{"@id":"https:\/\/memurunsesi.net\/#\/schema\/logo\/image\/"},"sameAs":["https:\/\/www.facebook.com\/unipersen\/?locale=tr_TR","https:\/\/x.com\/unipersen"]},{"@type":"Person","@id":"https:\/\/memurunsesi.net\/#\/schema\/person\/f21c2d73b89f6ee1d80b0a1803e38587","name":"Memurun Sesi Haber Merkezi","image":{"@type":"ImageObject","inLanguage":"tr","@id":"https:\/\/secure.gravatar.com\/avatar\/6cf0505f452ee753f485014986fab09a434671d2b919ee76fc541025c5876a70?s=96&d=mm&r=g","url":"https:\/\/secure.gravatar.com\/avatar\/6cf0505f452ee753f485014986fab09a434671d2b919ee76fc541025c5876a70?s=96&d=mm&r=g","contentUrl":"https:\/\/secure.gravatar.com\/avatar\/6cf0505f452ee753f485014986fab09a434671d2b919ee76fc541025c5876a70?s=96&d=mm&r=g","caption":"Memurun Sesi Haber Merkezi"},"sameAs":["https:\/\/memurunsesi.net"],"url":"https:\/\/memurunsesi.net\/index.php\/author\/uniper\/"}]}},"_links":{"self":[{"href":"https:\/\/memurunsesi.net\/index.php\/wp-json\/wp\/v2\/posts\/7347","targetHints":{"allow":["GET"]}}],"collection":[{"href":"https:\/\/memurunsesi.net\/index.php\/wp-json\/wp\/v2\/posts"}],"about":[{"href":"https:\/\/memurunsesi.net\/index.php\/wp-json\/wp\/v2\/types\/post"}],"author":[{"embeddable":true,"href":"https:\/\/memurunsesi.net\/index.php\/wp-json\/wp\/v2\/users\/1"}],"replies":[{"embeddable":true,"href":"https:\/\/memurunsesi.net\/index.php\/wp-json\/wp\/v2\/comments?post=7347"}],"version-history":[{"count":1,"href":"https:\/\/memurunsesi.net\/index.php\/wp-json\/wp\/v2\/posts\/7347\/revisions"}],"predecessor-version":[{"id":7349,"href":"https:\/\/memurunsesi.net\/index.php\/wp-json\/wp\/v2\/posts\/7347\/revisions\/7349"}],"wp:featuredmedia":[{"embeddable":true,"href":"https:\/\/memurunsesi.net\/index.php\/wp-json\/wp\/v2\/media\/7348"}],"wp:attachment":[{"href":"https:\/\/memurunsesi.net\/index.php\/wp-json\/wp\/v2\/media?parent=7347"}],"wp:term":[{"taxonomy":"category","embeddable":true,"href":"https:\/\/memurunsesi.net\/index.php\/wp-json\/wp\/v2\/categories?post=7347"},{"taxonomy":"post_tag","embeddable":true,"href":"https:\/\/memurunsesi.net\/index.php\/wp-json\/wp\/v2\/tags?post=7347"}],"curies":[{"name":"wp","href":"https:\/\/api.w.org\/{rel}","templated":true}]}}