{"id":7350,"date":"2025-05-26T22:24:48","date_gmt":"2025-05-26T19:24:48","guid":{"rendered":"https:\/\/memurunsesi.net\/?p=7350"},"modified":"2025-05-26T22:24:48","modified_gmt":"2025-05-26T19:24:48","slug":"tei-en-gozde-sirketler-arastirmasinda-savunma-sanayii-kategorisinde-2nci-oldu","status":"publish","type":"post","link":"https:\/\/memurunsesi.net\/index.php\/2025\/05\/26\/tei-en-gozde-sirketler-arastirmasinda-savunma-sanayii-kategorisinde-2nci-oldu\/","title":{"rendered":"TEI, &#8220;En G\u00f6zde \u015eirketler&#8221; Ara\u015ft\u0131rmas\u0131nda Savunma Sanayii Kategorisinde 2\u2019nci oldu"},"content":{"rendered":"<p> T\u00fcrkiye\u2019nin havac\u0131l\u0131k motorlar\u0131ndaki lider \u015firketi TEI, \u00f6\u011frenci ve gen\u00e7 profesyonellerin kat\u0131l\u0131m\u0131yla ger\u00e7ekle\u015ftirilen &#8220;En G\u00f6zde \u015eirketler 2025&#8221; ara\u015ft\u0131rmas\u0131nda \u00f6nemli bir ba\u015far\u0131ya imza att\u0131. D\u00fczenlenen ara\u015ft\u0131rmada TEI, &#8220;Savunma Sanayii&#8221; kategorisinde 2\u2019nci s\u0131rada, genel s\u0131ralamada ise ilk 10 \u015firket aras\u0131nda yer ald\u0131.<br \/>\n  T\u00fcrkiye\u2019de i\u015fveren markas\u0131na y\u00f6nelik ger\u00e7ekle\u015ftirilen en kapsaml\u0131 alg\u0131 ara\u015ft\u0131rmas\u0131 olma \u00f6zelli\u011fini ta\u015f\u0131yan En G\u00f6zde \u015eirketler, bu y\u0131l 16\u2019nc\u0131 kez d\u00fczenlendi. Ara\u015ft\u0131rmaya T\u00fcrkiye genelinden 91.342 \u00fcniversite \u00f6\u011frencisi ve 39.533 gen\u00e7 profesyonel kat\u0131ld\u0131. 130 binin \u00fczerinde kat\u0131l\u0131mc\u0131n\u0131n oylar\u0131yla olu\u015fturulan listede TEI\u2019nin elde etti\u011fi konum, kurumsal itibar\u0131, gen\u00e7 yetenekler nezdindeki marka alg\u0131s\u0131 ve i\u015fveren olarak tercih edilirli\u011fini bir kez daha g\u00f6zler \u00f6n\u00fcne serdi.<br \/>\n  Realta Dan\u0131\u015fmanl\u0131k taraf\u0131ndan y\u00fcr\u00fct\u00fclen ara\u015ft\u0131rmada \u015firketler; kurum k\u00fclt\u00fcr\u00fc, kariyer f\u0131rsatlar\u0131, inovasyon yetkinli\u011fi, aday ileti\u015fimi gibi 74 farkl\u0131 ba\u015fl\u0131kta de\u011ferlendirildi. TEI, sahip oldu\u011fu kurumsal de\u011ferler, geli\u015fim odakl\u0131 insan kaynaklar\u0131 uygulamalar\u0131 ve &#8220;Mill\u00ee Yetkinlik Hamlesi&#8221; vizyonu do\u011frultusunda yapt\u0131\u011f\u0131 \u00e7al\u0131\u015fmalar ile gen\u00e7ler aras\u0131nda dikkat \u00e7ekti. <\/p>\n<p>26.05.2025                                <\/p>\n","protected":false},"excerpt":{"rendered":"<p>T\u00fcrkiye\u2019nin havac\u0131l\u0131k motorlar\u0131ndaki lider \u015firketi TEI, \u00f6\u011frenci ve gen\u00e7 profesyonellerin kat\u0131l\u0131m\u0131yla ger\u00e7ekle\u015ftirilen &#8220;En G\u00f6zde \u015eirketler 2025&#8221; ara\u015ft\u0131rmas\u0131nda \u00f6nemli bir ba\u015far\u0131ya imza att\u0131. D\u00fczenlenen ara\u015ft\u0131rmada TEI, &#8220;Savunma Sanayii&#8221; kategorisinde 2\u2019nci s\u0131rada, genel s\u0131ralamada ise ilk 10 \u015firket aras\u0131nda yer ald\u0131. T\u00fcrkiye\u2019de i\u015fveren markas\u0131na y\u00f6nelik ger\u00e7ekle\u015ftirilen en kapsaml\u0131 alg\u0131 ara\u015ft\u0131rmas\u0131 olma \u00f6zelli\u011fini ta\u015f\u0131yan En G\u00f6zde \u015eirketler, bu [&hellip;]<\/p>\n","protected":false},"author":1,"featured_media":7351,"comment_status":"open","ping_status":"open","sticky":false,"template":"","format":"standard","meta":{"footnotes":""},"categories":[51],"tags":[],"class_list":["post-7350","post","type-post","status-publish","format-standard","has-post-thumbnail","hentry","category-teknoloji"],"yoast_head":"<!-- This site is optimized with the Yoast SEO plugin v27.4 - https:\/\/yoast.com\/product\/yoast-seo-wordpress\/ -->\n<title>TEI, &quot;En G\u00f6zde \u015eirketler&quot; Ara\u015ft\u0131rmas\u0131nda Savunma Sanayii Kategorisinde 2\u2019nci oldu - Memurun Sesi<\/title>\n<meta name=\"robots\" content=\"index, follow, max-snippet:-1, max-image-preview:large, max-video-preview:-1\" \/>\n<link rel=\"canonical\" href=\"https:\/\/memurunsesi.net\/index.php\/2025\/05\/26\/tei-en-gozde-sirketler-arastirmasinda-savunma-sanayii-kategorisinde-2nci-oldu\/\" \/>\n<meta property=\"og:locale\" content=\"tr_TR\" \/>\n<meta property=\"og:type\" content=\"article\" \/>\n<meta property=\"og:title\" content=\"TEI, &quot;En G\u00f6zde \u015eirketler&quot; Ara\u015ft\u0131rmas\u0131nda Savunma Sanayii Kategorisinde 2\u2019nci oldu - Memurun Sesi\" \/>\n<meta property=\"og:description\" content=\"T\u00fcrkiye\u2019nin havac\u0131l\u0131k motorlar\u0131ndaki lider \u015firketi TEI, \u00f6\u011frenci ve gen\u00e7 profesyonellerin kat\u0131l\u0131m\u0131yla ger\u00e7ekle\u015ftirilen &#8220;En G\u00f6zde \u015eirketler 2025&#8221; ara\u015ft\u0131rmas\u0131nda \u00f6nemli bir ba\u015far\u0131ya imza att\u0131. D\u00fczenlenen ara\u015ft\u0131rmada TEI, &#8220;Savunma Sanayii&#8221; kategorisinde 2\u2019nci s\u0131rada, genel s\u0131ralamada ise ilk 10 \u015firket aras\u0131nda yer ald\u0131. T\u00fcrkiye\u2019de i\u015fveren markas\u0131na y\u00f6nelik ger\u00e7ekle\u015ftirilen en kapsaml\u0131 alg\u0131 ara\u015ft\u0131rmas\u0131 olma \u00f6zelli\u011fini ta\u015f\u0131yan En G\u00f6zde \u015eirketler, bu [&hellip;]\" \/>\n<meta property=\"og:url\" content=\"https:\/\/memurunsesi.net\/index.php\/2025\/05\/26\/tei-en-gozde-sirketler-arastirmasinda-savunma-sanayii-kategorisinde-2nci-oldu\/\" \/>\n<meta property=\"og:site_name\" content=\"Memurun Sesi\" \/>\n<meta property=\"article:publisher\" content=\"https:\/\/www.facebook.com\/unipersen\/?locale=tr_TR\" \/>\n<meta property=\"article:published_time\" content=\"2025-05-26T19:24:48+00:00\" \/>\n<meta property=\"og:image\" content=\"https:\/\/memurunsesi.net\/wp-content\/uploads\/2025\/05\/AW463344_01-scaled.jpg\" \/>\n\t<meta property=\"og:image:width\" content=\"2560\" \/>\n\t<meta property=\"og:image:height\" content=\"1707\" \/>\n\t<meta property=\"og:image:type\" content=\"image\/jpeg\" \/>\n<meta name=\"author\" content=\"Memurun Sesi Haber Merkezi\" \/>\n<meta name=\"twitter:card\" content=\"summary_large_image\" \/>\n<meta name=\"twitter:creator\" content=\"@unipersen\" \/>\n<meta name=\"twitter:site\" content=\"@unipersen\" \/>\n<meta name=\"twitter:label1\" content=\"Yazan:\" \/>\n\t<meta name=\"twitter:data1\" content=\"Memurun Sesi Haber Merkezi\" \/>\n<script type=\"application\/ld+json\" class=\"yoast-schema-graph\">{\"@context\":\"https:\\\/\\\/schema.org\",\"@graph\":[{\"@type\":\"Article\",\"@id\":\"https:\\\/\\\/memurunsesi.net\\\/index.php\\\/2025\\\/05\\\/26\\\/tei-en-gozde-sirketler-arastirmasinda-savunma-sanayii-kategorisinde-2nci-oldu\\\/#article\",\"isPartOf\":{\"@id\":\"https:\\\/\\\/memurunsesi.net\\\/index.php\\\/2025\\\/05\\\/26\\\/tei-en-gozde-sirketler-arastirmasinda-savunma-sanayii-kategorisinde-2nci-oldu\\\/\"},\"author\":{\"name\":\"Memurun Sesi Haber Merkezi\",\"@id\":\"https:\\\/\\\/memurunsesi.net\\\/#\\\/schema\\\/person\\\/f21c2d73b89f6ee1d80b0a1803e38587\"},\"headline\":\"TEI, &#8220;En G\u00f6zde \u015eirketler&#8221; Ara\u015ft\u0131rmas\u0131nda Savunma Sanayii Kategorisinde 2\u2019nci oldu\",\"datePublished\":\"2025-05-26T19:24:48+00:00\",\"mainEntityOfPage\":{\"@id\":\"https:\\\/\\\/memurunsesi.net\\\/index.php\\\/2025\\\/05\\\/26\\\/tei-en-gozde-sirketler-arastirmasinda-savunma-sanayii-kategorisinde-2nci-oldu\\\/\"},\"wordCount\":225,\"commentCount\":0,\"publisher\":{\"@id\":\"https:\\\/\\\/memurunsesi.net\\\/#organization\"},\"image\":{\"@id\":\"https:\\\/\\\/memurunsesi.net\\\/index.php\\\/2025\\\/05\\\/26\\\/tei-en-gozde-sirketler-arastirmasinda-savunma-sanayii-kategorisinde-2nci-oldu\\\/#primaryimage\"},\"thumbnailUrl\":\"https:\\\/\\\/memurunsesi.net\\\/wp-content\\\/uploads\\\/2025\\\/05\\\/AW463344_01-scaled.jpg\",\"articleSection\":[\"Teknoloji\"],\"inLanguage\":\"tr\",\"potentialAction\":[{\"@type\":\"CommentAction\",\"name\":\"Comment\",\"target\":[\"https:\\\/\\\/memurunsesi.net\\\/index.php\\\/2025\\\/05\\\/26\\\/tei-en-gozde-sirketler-arastirmasinda-savunma-sanayii-kategorisinde-2nci-oldu\\\/#respond\"]}]},{\"@type\":\"WebPage\",\"@id\":\"https:\\\/\\\/memurunsesi.net\\\/index.php\\\/2025\\\/05\\\/26\\\/tei-en-gozde-sirketler-arastirmasinda-savunma-sanayii-kategorisinde-2nci-oldu\\\/\",\"url\":\"https:\\\/\\\/memurunsesi.net\\\/index.php\\\/2025\\\/05\\\/26\\\/tei-en-gozde-sirketler-arastirmasinda-savunma-sanayii-kategorisinde-2nci-oldu\\\/\",\"name\":\"TEI, \\\"En G\u00f6zde \u015eirketler\\\" Ara\u015ft\u0131rmas\u0131nda Savunma Sanayii Kategorisinde 2\u2019nci oldu - Memurun Sesi\",\"isPartOf\":{\"@id\":\"https:\\\/\\\/memurunsesi.net\\\/#website\"},\"primaryImageOfPage\":{\"@id\":\"https:\\\/\\\/memurunsesi.net\\\/index.php\\\/2025\\\/05\\\/26\\\/tei-en-gozde-sirketler-arastirmasinda-savunma-sanayii-kategorisinde-2nci-oldu\\\/#primaryimage\"},\"image\":{\"@id\":\"https:\\\/\\\/memurunsesi.net\\\/index.php\\\/2025\\\/05\\\/26\\\/tei-en-gozde-sirketler-arastirmasinda-savunma-sanayii-kategorisinde-2nci-oldu\\\/#primaryimage\"},\"thumbnailUrl\":\"https:\\\/\\\/memurunsesi.net\\\/wp-content\\\/uploads\\\/2025\\\/05\\\/AW463344_01-scaled.jpg\",\"datePublished\":\"2025-05-26T19:24:48+00:00\",\"breadcrumb\":{\"@id\":\"https:\\\/\\\/memurunsesi.net\\\/index.php\\\/2025\\\/05\\\/26\\\/tei-en-gozde-sirketler-arastirmasinda-savunma-sanayii-kategorisinde-2nci-oldu\\\/#breadcrumb\"},\"inLanguage\":\"tr\",\"potentialAction\":[{\"@type\":\"ReadAction\",\"target\":[\"https:\\\/\\\/memurunsesi.net\\\/index.php\\\/2025\\\/05\\\/26\\\/tei-en-gozde-sirketler-arastirmasinda-savunma-sanayii-kategorisinde-2nci-oldu\\\/\"]}]},{\"@type\":\"ImageObject\",\"inLanguage\":\"tr\",\"@id\":\"https:\\\/\\\/memurunsesi.net\\\/index.php\\\/2025\\\/05\\\/26\\\/tei-en-gozde-sirketler-arastirmasinda-savunma-sanayii-kategorisinde-2nci-oldu\\\/#primaryimage\",\"url\":\"https:\\\/\\\/memurunsesi.net\\\/wp-content\\\/uploads\\\/2025\\\/05\\\/AW463344_01-scaled.jpg\",\"contentUrl\":\"https:\\\/\\\/memurunsesi.net\\\/wp-content\\\/uploads\\\/2025\\\/05\\\/AW463344_01-scaled.jpg\",\"width\":2560,\"height\":1707,\"caption\":\"TEI, \\\"EN G\u00d6ZDE \u015e\u0130RKETLER\\\" ARA\u015eTIRMASINDA SAVUNMA SANAY\u0130\u0130 KATEGOR\u0130S\u0130NDE 2'NC\u0130 OLDU (\u0130HA\\\/ESK\u0130\u015eEH\u0130R-\u0130HA) T\u00fcrkiye'nin havac\u0131l\u0131k motorlar\u0131ndaki lider \u015firketi TEI, \u00f6\u011frenci ve gen\u00e7 profesyonellerin kat\u0131l\u0131m\u0131yla ger\u00e7ekle\u015ftirilen \\\"En G\u00f6zde \u015eirketler 2025\\\" ara\u015ft\u0131rmas\u0131nda \u00f6nemli bir ba\u015far\u0131ya imza att\u0131. D\u00fczenlenen ara\u015ft\u0131rmada TEI, \\\"Savunma Sanayii\\\" kategorisinde 2'nci s\u0131rada, genel s\u0131ralamada ise ilk 10 \u015firket aras\u0131nda yer ald\u0131.\"},{\"@type\":\"BreadcrumbList\",\"@id\":\"https:\\\/\\\/memurunsesi.net\\\/index.php\\\/2025\\\/05\\\/26\\\/tei-en-gozde-sirketler-arastirmasinda-savunma-sanayii-kategorisinde-2nci-oldu\\\/#breadcrumb\",\"itemListElement\":[{\"@type\":\"ListItem\",\"position\":1,\"name\":\"Anasayfa\",\"item\":\"https:\\\/\\\/memurunsesi.net\\\/\"},{\"@type\":\"ListItem\",\"position\":2,\"name\":\"TEI, &#8220;En G\u00f6zde \u015eirketler&#8221; Ara\u015ft\u0131rmas\u0131nda Savunma Sanayii Kategorisinde 2\u2019nci oldu\"}]},{\"@type\":\"WebSite\",\"@id\":\"https:\\\/\\\/memurunsesi.net\\\/#website\",\"url\":\"https:\\\/\\\/memurunsesi.net\\\/\",\"name\":\"Memurun Sesi\",\"description\":\"G\u00fcncel ve Do\u011fru Haber\",\"publisher\":{\"@id\":\"https:\\\/\\\/memurunsesi.net\\\/#organization\"},\"potentialAction\":[{\"@type\":\"SearchAction\",\"target\":{\"@type\":\"EntryPoint\",\"urlTemplate\":\"https:\\\/\\\/memurunsesi.net\\\/?s={search_term_string}\"},\"query-input\":{\"@type\":\"PropertyValueSpecification\",\"valueRequired\":true,\"valueName\":\"search_term_string\"}}],\"inLanguage\":\"tr\"},{\"@type\":\"Organization\",\"@id\":\"https:\\\/\\\/memurunsesi.net\\\/#organization\",\"name\":\"Memurun Sesi\",\"url\":\"https:\\\/\\\/memurunsesi.net\\\/\",\"logo\":{\"@type\":\"ImageObject\",\"inLanguage\":\"tr\",\"@id\":\"https:\\\/\\\/memurunsesi.net\\\/#\\\/schema\\\/logo\\\/image\\\/\",\"url\":\"https:\\\/\\\/memurunsesi.net\\\/wp-content\\\/uploads\\\/2025\\\/11\\\/cropped-MEMURUN-SESI.png\",\"contentUrl\":\"https:\\\/\\\/memurunsesi.net\\\/wp-content\\\/uploads\\\/2025\\\/11\\\/cropped-MEMURUN-SESI.png\",\"width\":238,\"height\":57,\"caption\":\"Memurun Sesi\"},\"image\":{\"@id\":\"https:\\\/\\\/memurunsesi.net\\\/#\\\/schema\\\/logo\\\/image\\\/\"},\"sameAs\":[\"https:\\\/\\\/www.facebook.com\\\/unipersen\\\/?locale=tr_TR\",\"https:\\\/\\\/x.com\\\/unipersen\"]},{\"@type\":\"Person\",\"@id\":\"https:\\\/\\\/memurunsesi.net\\\/#\\\/schema\\\/person\\\/f21c2d73b89f6ee1d80b0a1803e38587\",\"name\":\"Memurun Sesi Haber Merkezi\",\"image\":{\"@type\":\"ImageObject\",\"inLanguage\":\"tr\",\"@id\":\"https:\\\/\\\/secure.gravatar.com\\\/avatar\\\/6cf0505f452ee753f485014986fab09a434671d2b919ee76fc541025c5876a70?s=96&d=mm&r=g\",\"url\":\"https:\\\/\\\/secure.gravatar.com\\\/avatar\\\/6cf0505f452ee753f485014986fab09a434671d2b919ee76fc541025c5876a70?s=96&d=mm&r=g\",\"contentUrl\":\"https:\\\/\\\/secure.gravatar.com\\\/avatar\\\/6cf0505f452ee753f485014986fab09a434671d2b919ee76fc541025c5876a70?s=96&d=mm&r=g\",\"caption\":\"Memurun Sesi Haber Merkezi\"},\"sameAs\":[\"https:\\\/\\\/memurunsesi.net\"],\"url\":\"https:\\\/\\\/memurunsesi.net\\\/index.php\\\/author\\\/uniper\\\/\"}]}<\/script>\n<!-- \/ Yoast SEO plugin. -->","yoast_head_json":{"title":"TEI, \"En G\u00f6zde \u015eirketler\" Ara\u015ft\u0131rmas\u0131nda Savunma Sanayii Kategorisinde 2\u2019nci oldu - Memurun Sesi","robots":{"index":"index","follow":"follow","max-snippet":"max-snippet:-1","max-image-preview":"max-image-preview:large","max-video-preview":"max-video-preview:-1"},"canonical":"https:\/\/memurunsesi.net\/index.php\/2025\/05\/26\/tei-en-gozde-sirketler-arastirmasinda-savunma-sanayii-kategorisinde-2nci-oldu\/","og_locale":"tr_TR","og_type":"article","og_title":"TEI, \"En G\u00f6zde \u015eirketler\" Ara\u015ft\u0131rmas\u0131nda Savunma Sanayii Kategorisinde 2\u2019nci oldu - Memurun Sesi","og_description":"T\u00fcrkiye\u2019nin havac\u0131l\u0131k motorlar\u0131ndaki lider \u015firketi TEI, \u00f6\u011frenci ve gen\u00e7 profesyonellerin kat\u0131l\u0131m\u0131yla ger\u00e7ekle\u015ftirilen &#8220;En G\u00f6zde \u015eirketler 2025&#8221; ara\u015ft\u0131rmas\u0131nda \u00f6nemli bir ba\u015far\u0131ya imza att\u0131. D\u00fczenlenen ara\u015ft\u0131rmada TEI, &#8220;Savunma Sanayii&#8221; kategorisinde 2\u2019nci s\u0131rada, genel s\u0131ralamada ise ilk 10 \u015firket aras\u0131nda yer ald\u0131. T\u00fcrkiye\u2019de i\u015fveren markas\u0131na y\u00f6nelik ger\u00e7ekle\u015ftirilen en kapsaml\u0131 alg\u0131 ara\u015ft\u0131rmas\u0131 olma \u00f6zelli\u011fini ta\u015f\u0131yan En G\u00f6zde \u015eirketler, bu [&hellip;]","og_url":"https:\/\/memurunsesi.net\/index.php\/2025\/05\/26\/tei-en-gozde-sirketler-arastirmasinda-savunma-sanayii-kategorisinde-2nci-oldu\/","og_site_name":"Memurun Sesi","article_publisher":"https:\/\/www.facebook.com\/unipersen\/?locale=tr_TR","article_published_time":"2025-05-26T19:24:48+00:00","og_image":[{"width":2560,"height":1707,"url":"https:\/\/memurunsesi.net\/wp-content\/uploads\/2025\/05\/AW463344_01-scaled.jpg","type":"image\/jpeg"}],"author":"Memurun Sesi Haber Merkezi","twitter_card":"summary_large_image","twitter_creator":"@unipersen","twitter_site":"@unipersen","twitter_misc":{"Yazan:":"Memurun Sesi Haber Merkezi"},"schema":{"@context":"https:\/\/schema.org","@graph":[{"@type":"Article","@id":"https:\/\/memurunsesi.net\/index.php\/2025\/05\/26\/tei-en-gozde-sirketler-arastirmasinda-savunma-sanayii-kategorisinde-2nci-oldu\/#article","isPartOf":{"@id":"https:\/\/memurunsesi.net\/index.php\/2025\/05\/26\/tei-en-gozde-sirketler-arastirmasinda-savunma-sanayii-kategorisinde-2nci-oldu\/"},"author":{"name":"Memurun Sesi Haber Merkezi","@id":"https:\/\/memurunsesi.net\/#\/schema\/person\/f21c2d73b89f6ee1d80b0a1803e38587"},"headline":"TEI, &#8220;En G\u00f6zde \u015eirketler&#8221; Ara\u015ft\u0131rmas\u0131nda Savunma Sanayii Kategorisinde 2\u2019nci oldu","datePublished":"2025-05-26T19:24:48+00:00","mainEntityOfPage":{"@id":"https:\/\/memurunsesi.net\/index.php\/2025\/05\/26\/tei-en-gozde-sirketler-arastirmasinda-savunma-sanayii-kategorisinde-2nci-oldu\/"},"wordCount":225,"commentCount":0,"publisher":{"@id":"https:\/\/memurunsesi.net\/#organization"},"image":{"@id":"https:\/\/memurunsesi.net\/index.php\/2025\/05\/26\/tei-en-gozde-sirketler-arastirmasinda-savunma-sanayii-kategorisinde-2nci-oldu\/#primaryimage"},"thumbnailUrl":"https:\/\/memurunsesi.net\/wp-content\/uploads\/2025\/05\/AW463344_01-scaled.jpg","articleSection":["Teknoloji"],"inLanguage":"tr","potentialAction":[{"@type":"CommentAction","name":"Comment","target":["https:\/\/memurunsesi.net\/index.php\/2025\/05\/26\/tei-en-gozde-sirketler-arastirmasinda-savunma-sanayii-kategorisinde-2nci-oldu\/#respond"]}]},{"@type":"WebPage","@id":"https:\/\/memurunsesi.net\/index.php\/2025\/05\/26\/tei-en-gozde-sirketler-arastirmasinda-savunma-sanayii-kategorisinde-2nci-oldu\/","url":"https:\/\/memurunsesi.net\/index.php\/2025\/05\/26\/tei-en-gozde-sirketler-arastirmasinda-savunma-sanayii-kategorisinde-2nci-oldu\/","name":"TEI, \"En G\u00f6zde \u015eirketler\" Ara\u015ft\u0131rmas\u0131nda Savunma Sanayii Kategorisinde 2\u2019nci oldu - Memurun Sesi","isPartOf":{"@id":"https:\/\/memurunsesi.net\/#website"},"primaryImageOfPage":{"@id":"https:\/\/memurunsesi.net\/index.php\/2025\/05\/26\/tei-en-gozde-sirketler-arastirmasinda-savunma-sanayii-kategorisinde-2nci-oldu\/#primaryimage"},"image":{"@id":"https:\/\/memurunsesi.net\/index.php\/2025\/05\/26\/tei-en-gozde-sirketler-arastirmasinda-savunma-sanayii-kategorisinde-2nci-oldu\/#primaryimage"},"thumbnailUrl":"https:\/\/memurunsesi.net\/wp-content\/uploads\/2025\/05\/AW463344_01-scaled.jpg","datePublished":"2025-05-26T19:24:48+00:00","breadcrumb":{"@id":"https:\/\/memurunsesi.net\/index.php\/2025\/05\/26\/tei-en-gozde-sirketler-arastirmasinda-savunma-sanayii-kategorisinde-2nci-oldu\/#breadcrumb"},"inLanguage":"tr","potentialAction":[{"@type":"ReadAction","target":["https:\/\/memurunsesi.net\/index.php\/2025\/05\/26\/tei-en-gozde-sirketler-arastirmasinda-savunma-sanayii-kategorisinde-2nci-oldu\/"]}]},{"@type":"ImageObject","inLanguage":"tr","@id":"https:\/\/memurunsesi.net\/index.php\/2025\/05\/26\/tei-en-gozde-sirketler-arastirmasinda-savunma-sanayii-kategorisinde-2nci-oldu\/#primaryimage","url":"https:\/\/memurunsesi.net\/wp-content\/uploads\/2025\/05\/AW463344_01-scaled.jpg","contentUrl":"https:\/\/memurunsesi.net\/wp-content\/uploads\/2025\/05\/AW463344_01-scaled.jpg","width":2560,"height":1707,"caption":"TEI, \"EN G\u00d6ZDE \u015e\u0130RKETLER\" ARA\u015eTIRMASINDA SAVUNMA SANAY\u0130\u0130 KATEGOR\u0130S\u0130NDE 2'NC\u0130 OLDU (\u0130HA\/ESK\u0130\u015eEH\u0130R-\u0130HA) T\u00fcrkiye'nin havac\u0131l\u0131k motorlar\u0131ndaki lider \u015firketi TEI, \u00f6\u011frenci ve gen\u00e7 profesyonellerin kat\u0131l\u0131m\u0131yla ger\u00e7ekle\u015ftirilen \"En G\u00f6zde \u015eirketler 2025\" ara\u015ft\u0131rmas\u0131nda \u00f6nemli bir ba\u015far\u0131ya imza att\u0131. D\u00fczenlenen ara\u015ft\u0131rmada TEI, \"Savunma Sanayii\" kategorisinde 2'nci s\u0131rada, genel s\u0131ralamada ise ilk 10 \u015firket aras\u0131nda yer ald\u0131."},{"@type":"BreadcrumbList","@id":"https:\/\/memurunsesi.net\/index.php\/2025\/05\/26\/tei-en-gozde-sirketler-arastirmasinda-savunma-sanayii-kategorisinde-2nci-oldu\/#breadcrumb","itemListElement":[{"@type":"ListItem","position":1,"name":"Anasayfa","item":"https:\/\/memurunsesi.net\/"},{"@type":"ListItem","position":2,"name":"TEI, &#8220;En G\u00f6zde \u015eirketler&#8221; Ara\u015ft\u0131rmas\u0131nda Savunma Sanayii Kategorisinde 2\u2019nci oldu"}]},{"@type":"WebSite","@id":"https:\/\/memurunsesi.net\/#website","url":"https:\/\/memurunsesi.net\/","name":"Memurun Sesi","description":"G\u00fcncel ve Do\u011fru Haber","publisher":{"@id":"https:\/\/memurunsesi.net\/#organization"},"potentialAction":[{"@type":"SearchAction","target":{"@type":"EntryPoint","urlTemplate":"https:\/\/memurunsesi.net\/?s={search_term_string}"},"query-input":{"@type":"PropertyValueSpecification","valueRequired":true,"valueName":"search_term_string"}}],"inLanguage":"tr"},{"@type":"Organization","@id":"https:\/\/memurunsesi.net\/#organization","name":"Memurun Sesi","url":"https:\/\/memurunsesi.net\/","logo":{"@type":"ImageObject","inLanguage":"tr","@id":"https:\/\/memurunsesi.net\/#\/schema\/logo\/image\/","url":"https:\/\/memurunsesi.net\/wp-content\/uploads\/2025\/11\/cropped-MEMURUN-SESI.png","contentUrl":"https:\/\/memurunsesi.net\/wp-content\/uploads\/2025\/11\/cropped-MEMURUN-SESI.png","width":238,"height":57,"caption":"Memurun Sesi"},"image":{"@id":"https:\/\/memurunsesi.net\/#\/schema\/logo\/image\/"},"sameAs":["https:\/\/www.facebook.com\/unipersen\/?locale=tr_TR","https:\/\/x.com\/unipersen"]},{"@type":"Person","@id":"https:\/\/memurunsesi.net\/#\/schema\/person\/f21c2d73b89f6ee1d80b0a1803e38587","name":"Memurun Sesi Haber Merkezi","image":{"@type":"ImageObject","inLanguage":"tr","@id":"https:\/\/secure.gravatar.com\/avatar\/6cf0505f452ee753f485014986fab09a434671d2b919ee76fc541025c5876a70?s=96&d=mm&r=g","url":"https:\/\/secure.gravatar.com\/avatar\/6cf0505f452ee753f485014986fab09a434671d2b919ee76fc541025c5876a70?s=96&d=mm&r=g","contentUrl":"https:\/\/secure.gravatar.com\/avatar\/6cf0505f452ee753f485014986fab09a434671d2b919ee76fc541025c5876a70?s=96&d=mm&r=g","caption":"Memurun Sesi Haber Merkezi"},"sameAs":["https:\/\/memurunsesi.net"],"url":"https:\/\/memurunsesi.net\/index.php\/author\/uniper\/"}]}},"_links":{"self":[{"href":"https:\/\/memurunsesi.net\/index.php\/wp-json\/wp\/v2\/posts\/7350","targetHints":{"allow":["GET"]}}],"collection":[{"href":"https:\/\/memurunsesi.net\/index.php\/wp-json\/wp\/v2\/posts"}],"about":[{"href":"https:\/\/memurunsesi.net\/index.php\/wp-json\/wp\/v2\/types\/post"}],"author":[{"embeddable":true,"href":"https:\/\/memurunsesi.net\/index.php\/wp-json\/wp\/v2\/users\/1"}],"replies":[{"embeddable":true,"href":"https:\/\/memurunsesi.net\/index.php\/wp-json\/wp\/v2\/comments?post=7350"}],"version-history":[{"count":1,"href":"https:\/\/memurunsesi.net\/index.php\/wp-json\/wp\/v2\/posts\/7350\/revisions"}],"predecessor-version":[{"id":7352,"href":"https:\/\/memurunsesi.net\/index.php\/wp-json\/wp\/v2\/posts\/7350\/revisions\/7352"}],"wp:featuredmedia":[{"embeddable":true,"href":"https:\/\/memurunsesi.net\/index.php\/wp-json\/wp\/v2\/media\/7351"}],"wp:attachment":[{"href":"https:\/\/memurunsesi.net\/index.php\/wp-json\/wp\/v2\/media?parent=7350"}],"wp:term":[{"taxonomy":"category","embeddable":true,"href":"https:\/\/memurunsesi.net\/index.php\/wp-json\/wp\/v2\/categories?post=7350"},{"taxonomy":"post_tag","embeddable":true,"href":"https:\/\/memurunsesi.net\/index.php\/wp-json\/wp\/v2\/tags?post=7350"}],"curies":[{"name":"wp","href":"https:\/\/api.w.org\/{rel}","templated":true}]}}