{"id":7354,"date":"2025-05-27T08:19:44","date_gmt":"2025-05-27T05:19:44","guid":{"rendered":"https:\/\/memurunsesi.net\/?p=7354"},"modified":"2025-05-27T08:19:44","modified_gmt":"2025-05-27T05:19:44","slug":"anda-gonullulerinden-kocadagda-arama-kurtarma-egitimi","status":"publish","type":"post","link":"https:\/\/memurunsesi.net\/index.php\/2025\/05\/27\/anda-gonullulerinden-kocadagda-arama-kurtarma-egitimi\/","title":{"rendered":"ANDA g\u00f6n\u00fcll\u00fclerinden Kocada\u011f&#8217;da arama-kurtarma e\u011fitimi"},"content":{"rendered":"<p>  &#8211; Samsun&#8217;da ANDA ekibi iz s\u00fcrd\u00fc, telsizle y\u00f6n buldu, mankeni ba\u015far\u0131yla kurtard\u0131 <\/p>\n<p>Samsun E\u011fitim Ara\u015ft\u0131rma Yard\u0131mla\u015fma ve Arama Kurtarma (ANDA) Derne\u011fi, arama kurtarma kapasitesini art\u0131rmak amac\u0131yla Kocada\u011f&#8217;da geni\u015f \u00e7apl\u0131 saha e\u011fitimi ger\u00e7ekle\u015ftirdi. 121 bin metrekarelik alanda d\u00fczenlenen zorlu parkurda g\u00f6n\u00fcll\u00fcler, ger\u00e7ek bir kurtarma senaryosu \u00fczerinden tatbikat yapt\u0131.<br \/>\n  E\u011fitime, 23 ki\u015filik ANDA g\u00f6n\u00fcll\u00fc ekibiyle birlikte, telsiz ileti\u015fimi deste\u011fi sa\u011flayan T\u00fcrkiye Afet ve Acil Durum Haberle\u015fme Derne\u011fi(TRAC) Samsun \u015eubesi de kat\u0131ld\u0131. Senaryo gere\u011fi ormanl\u0131k alana saklanan manken, sabah saatlerinde ba\u015flat\u0131lan arama \u00e7al\u0131\u015fmalar\u0131yla iz s\u00fcr\u00fclerek arand\u0131.<br \/>\n  \u0130ki ayr\u0131 ekip \u00f6nce kendi g\u00fczergahlar\u0131nda &#8220;iz takibi ve iz okuma&#8221; y\u00f6ntemleriyle arama yaparken, sonras\u0131nda ekiplerin birle\u015fmesiyle birlikte t\u00fcm alan &#8220;grid arama tekni\u011fi&#8221; ile tarand\u0131. Engebeli arazide telsiz ileti\u015fimi TRAC taraf\u0131ndan kurulan r\u00f6le sistemiyle sa\u011flanarak, saha ile kriz masas\u0131 aras\u0131nda kesintisiz ba\u011flant\u0131 kuruldu.<br \/>\n  Yakla\u015f\u0131k 3 saat s\u00fcren arama sonunda, kayal\u0131k alandaki bir oyukta bulunan manken telsizle kriz merkezine bildirildi. G\u00f6n\u00fcll\u00fcler, sedye yard\u0131m\u0131yla mankeni g\u00fcvenli alana ta\u015f\u0131yarak tatbikat\u0131 ba\u015far\u0131yla tamamlad\u0131.<br \/>\n  ANDA yetkilileri, bu t\u00fcr uygulamal\u0131 e\u011fitimlerin afetlere haz\u0131rl\u0131k a\u00e7\u0131s\u0131ndan b\u00fcy\u00fck \u00f6nem ta\u015f\u0131d\u0131\u011f\u0131n\u0131 vurgularken, e\u011fitime destek veren t\u00fcm g\u00f6n\u00fcll\u00fc ve kurumlara te\u015fekk\u00fcr etti. <\/p>\n<p>27.05.2025                              <\/p>\n","protected":false},"excerpt":{"rendered":"<p>&#8211; Samsun&#8217;da ANDA ekibi iz s\u00fcrd\u00fc, telsizle y\u00f6n buldu, mankeni ba\u015far\u0131yla kurtard\u0131 Samsun E\u011fitim Ara\u015ft\u0131rma Yard\u0131mla\u015fma ve Arama Kurtarma (ANDA) Derne\u011fi, arama kurtarma kapasitesini art\u0131rmak amac\u0131yla Kocada\u011f&#8217;da geni\u015f \u00e7apl\u0131 saha e\u011fitimi ger\u00e7ekle\u015ftirdi. 121 bin metrekarelik alanda d\u00fczenlenen zorlu parkurda g\u00f6n\u00fcll\u00fcler, ger\u00e7ek bir kurtarma senaryosu \u00fczerinden tatbikat yapt\u0131. E\u011fitime, 23 ki\u015filik ANDA g\u00f6n\u00fcll\u00fc ekibiyle birlikte, telsiz [&hellip;]<\/p>\n","protected":false},"author":1,"featured_media":7355,"comment_status":"open","ping_status":"open","sticky":false,"template":"","format":"standard","meta":{"footnotes":""},"categories":[1],"tags":[],"class_list":["post-7354","post","type-post","status-publish","format-standard","has-post-thumbnail","hentry","category-genel"],"yoast_head":"<!-- This site is optimized with the Yoast SEO plugin v27.4 - https:\/\/yoast.com\/product\/yoast-seo-wordpress\/ -->\n<title>ANDA g\u00f6n\u00fcll\u00fclerinden Kocada\u011f&#039;da arama-kurtarma e\u011fitimi - Memurun Sesi<\/title>\n<meta name=\"robots\" content=\"index, follow, max-snippet:-1, max-image-preview:large, max-video-preview:-1\" \/>\n<link rel=\"canonical\" href=\"https:\/\/memurunsesi.net\/index.php\/2025\/05\/27\/anda-gonullulerinden-kocadagda-arama-kurtarma-egitimi\/\" \/>\n<meta property=\"og:locale\" content=\"tr_TR\" \/>\n<meta property=\"og:type\" content=\"article\" \/>\n<meta property=\"og:title\" content=\"ANDA g\u00f6n\u00fcll\u00fclerinden Kocada\u011f&#039;da arama-kurtarma e\u011fitimi - Memurun Sesi\" \/>\n<meta property=\"og:description\" content=\"&#8211; Samsun&#8217;da ANDA ekibi iz s\u00fcrd\u00fc, telsizle y\u00f6n buldu, mankeni ba\u015far\u0131yla kurtard\u0131 Samsun E\u011fitim Ara\u015ft\u0131rma Yard\u0131mla\u015fma ve Arama Kurtarma (ANDA) Derne\u011fi, arama kurtarma kapasitesini art\u0131rmak amac\u0131yla Kocada\u011f&#8217;da geni\u015f \u00e7apl\u0131 saha e\u011fitimi ger\u00e7ekle\u015ftirdi. 121 bin metrekarelik alanda d\u00fczenlenen zorlu parkurda g\u00f6n\u00fcll\u00fcler, ger\u00e7ek bir kurtarma senaryosu \u00fczerinden tatbikat yapt\u0131. E\u011fitime, 23 ki\u015filik ANDA g\u00f6n\u00fcll\u00fc ekibiyle birlikte, telsiz [&hellip;]\" \/>\n<meta property=\"og:url\" content=\"https:\/\/memurunsesi.net\/index.php\/2025\/05\/27\/anda-gonullulerinden-kocadagda-arama-kurtarma-egitimi\/\" \/>\n<meta property=\"og:site_name\" content=\"Memurun Sesi\" \/>\n<meta property=\"article:publisher\" content=\"https:\/\/www.facebook.com\/unipersen\/?locale=tr_TR\" \/>\n<meta property=\"article:published_time\" content=\"2025-05-27T05:19:44+00:00\" \/>\n<meta property=\"og:image\" content=\"https:\/\/memurunsesi.net\/wp-content\/uploads\/2025\/05\/AW463572_01-scaled.jpg\" \/>\n\t<meta property=\"og:image:width\" content=\"2560\" \/>\n\t<meta property=\"og:image:height\" content=\"1707\" \/>\n\t<meta property=\"og:image:type\" content=\"image\/jpeg\" \/>\n<meta name=\"author\" content=\"Memurun Sesi Haber Merkezi\" \/>\n<meta name=\"twitter:card\" content=\"summary_large_image\" \/>\n<meta name=\"twitter:creator\" content=\"@unipersen\" \/>\n<meta name=\"twitter:site\" content=\"@unipersen\" \/>\n<meta name=\"twitter:label1\" content=\"Yazan:\" \/>\n\t<meta name=\"twitter:data1\" content=\"Memurun Sesi Haber Merkezi\" \/>\n\t<meta name=\"twitter:label2\" content=\"Tahmini okuma s\u00fcresi\" \/>\n\t<meta name=\"twitter:data2\" content=\"1 dakika\" \/>\n<script type=\"application\/ld+json\" class=\"yoast-schema-graph\">{\"@context\":\"https:\\\/\\\/schema.org\",\"@graph\":[{\"@type\":\"Article\",\"@id\":\"https:\\\/\\\/memurunsesi.net\\\/index.php\\\/2025\\\/05\\\/27\\\/anda-gonullulerinden-kocadagda-arama-kurtarma-egitimi\\\/#article\",\"isPartOf\":{\"@id\":\"https:\\\/\\\/memurunsesi.net\\\/index.php\\\/2025\\\/05\\\/27\\\/anda-gonullulerinden-kocadagda-arama-kurtarma-egitimi\\\/\"},\"author\":{\"name\":\"Memurun Sesi Haber Merkezi\",\"@id\":\"https:\\\/\\\/memurunsesi.net\\\/#\\\/schema\\\/person\\\/f21c2d73b89f6ee1d80b0a1803e38587\"},\"headline\":\"ANDA g\u00f6n\u00fcll\u00fclerinden Kocada\u011f&#8217;da arama-kurtarma e\u011fitimi\",\"datePublished\":\"2025-05-27T05:19:44+00:00\",\"mainEntityOfPage\":{\"@id\":\"https:\\\/\\\/memurunsesi.net\\\/index.php\\\/2025\\\/05\\\/27\\\/anda-gonullulerinden-kocadagda-arama-kurtarma-egitimi\\\/\"},\"wordCount\":264,\"commentCount\":0,\"publisher\":{\"@id\":\"https:\\\/\\\/memurunsesi.net\\\/#organization\"},\"image\":{\"@id\":\"https:\\\/\\\/memurunsesi.net\\\/index.php\\\/2025\\\/05\\\/27\\\/anda-gonullulerinden-kocadagda-arama-kurtarma-egitimi\\\/#primaryimage\"},\"thumbnailUrl\":\"https:\\\/\\\/memurunsesi.net\\\/wp-content\\\/uploads\\\/2025\\\/05\\\/AW463572_01-scaled.jpg\",\"inLanguage\":\"tr\",\"potentialAction\":[{\"@type\":\"CommentAction\",\"name\":\"Comment\",\"target\":[\"https:\\\/\\\/memurunsesi.net\\\/index.php\\\/2025\\\/05\\\/27\\\/anda-gonullulerinden-kocadagda-arama-kurtarma-egitimi\\\/#respond\"]}]},{\"@type\":\"WebPage\",\"@id\":\"https:\\\/\\\/memurunsesi.net\\\/index.php\\\/2025\\\/05\\\/27\\\/anda-gonullulerinden-kocadagda-arama-kurtarma-egitimi\\\/\",\"url\":\"https:\\\/\\\/memurunsesi.net\\\/index.php\\\/2025\\\/05\\\/27\\\/anda-gonullulerinden-kocadagda-arama-kurtarma-egitimi\\\/\",\"name\":\"ANDA g\u00f6n\u00fcll\u00fclerinden Kocada\u011f'da arama-kurtarma e\u011fitimi - Memurun Sesi\",\"isPartOf\":{\"@id\":\"https:\\\/\\\/memurunsesi.net\\\/#website\"},\"primaryImageOfPage\":{\"@id\":\"https:\\\/\\\/memurunsesi.net\\\/index.php\\\/2025\\\/05\\\/27\\\/anda-gonullulerinden-kocadagda-arama-kurtarma-egitimi\\\/#primaryimage\"},\"image\":{\"@id\":\"https:\\\/\\\/memurunsesi.net\\\/index.php\\\/2025\\\/05\\\/27\\\/anda-gonullulerinden-kocadagda-arama-kurtarma-egitimi\\\/#primaryimage\"},\"thumbnailUrl\":\"https:\\\/\\\/memurunsesi.net\\\/wp-content\\\/uploads\\\/2025\\\/05\\\/AW463572_01-scaled.jpg\",\"datePublished\":\"2025-05-27T05:19:44+00:00\",\"breadcrumb\":{\"@id\":\"https:\\\/\\\/memurunsesi.net\\\/index.php\\\/2025\\\/05\\\/27\\\/anda-gonullulerinden-kocadagda-arama-kurtarma-egitimi\\\/#breadcrumb\"},\"inLanguage\":\"tr\",\"potentialAction\":[{\"@type\":\"ReadAction\",\"target\":[\"https:\\\/\\\/memurunsesi.net\\\/index.php\\\/2025\\\/05\\\/27\\\/anda-gonullulerinden-kocadagda-arama-kurtarma-egitimi\\\/\"]}]},{\"@type\":\"ImageObject\",\"inLanguage\":\"tr\",\"@id\":\"https:\\\/\\\/memurunsesi.net\\\/index.php\\\/2025\\\/05\\\/27\\\/anda-gonullulerinden-kocadagda-arama-kurtarma-egitimi\\\/#primaryimage\",\"url\":\"https:\\\/\\\/memurunsesi.net\\\/wp-content\\\/uploads\\\/2025\\\/05\\\/AW463572_01-scaled.jpg\",\"contentUrl\":\"https:\\\/\\\/memurunsesi.net\\\/wp-content\\\/uploads\\\/2025\\\/05\\\/AW463572_01-scaled.jpg\",\"width\":2560,\"height\":1707,\"caption\":\"B\u0130LG\u0130LEND\u0130RME TOPLANTISI (EMRE UZUN\\\/SAMSUN-\u0130HA) Samsun E\u011fitim Ara\u015ft\u0131rma Yard\u0131mla\u015fma ve Arama Kurtarma (ANDA) Derne\u011fi, arama kurtarma kapasitesini art\u0131rmak amac\u0131yla Kocada\u011f'da geni\u015f \u00e7apl\u0131 saha e\u011fitimi ger\u00e7ekle\u015ftirdi. 121 bin metrekarelik alanda d\u00fczenlenen zorlu parkurda g\u00f6n\u00fcll\u00fcler, ger\u00e7ek bir kurtarma senaryosu \u00fczerinden tatbikat yapt\u0131.\"},{\"@type\":\"BreadcrumbList\",\"@id\":\"https:\\\/\\\/memurunsesi.net\\\/index.php\\\/2025\\\/05\\\/27\\\/anda-gonullulerinden-kocadagda-arama-kurtarma-egitimi\\\/#breadcrumb\",\"itemListElement\":[{\"@type\":\"ListItem\",\"position\":1,\"name\":\"Anasayfa\",\"item\":\"https:\\\/\\\/memurunsesi.net\\\/\"},{\"@type\":\"ListItem\",\"position\":2,\"name\":\"ANDA g\u00f6n\u00fcll\u00fclerinden Kocada\u011f&#8217;da arama-kurtarma e\u011fitimi\"}]},{\"@type\":\"WebSite\",\"@id\":\"https:\\\/\\\/memurunsesi.net\\\/#website\",\"url\":\"https:\\\/\\\/memurunsesi.net\\\/\",\"name\":\"Memurun Sesi\",\"description\":\"G\u00fcncel ve Do\u011fru Haber\",\"publisher\":{\"@id\":\"https:\\\/\\\/memurunsesi.net\\\/#organization\"},\"potentialAction\":[{\"@type\":\"SearchAction\",\"target\":{\"@type\":\"EntryPoint\",\"urlTemplate\":\"https:\\\/\\\/memurunsesi.net\\\/?s={search_term_string}\"},\"query-input\":{\"@type\":\"PropertyValueSpecification\",\"valueRequired\":true,\"valueName\":\"search_term_string\"}}],\"inLanguage\":\"tr\"},{\"@type\":\"Organization\",\"@id\":\"https:\\\/\\\/memurunsesi.net\\\/#organization\",\"name\":\"Memurun Sesi\",\"url\":\"https:\\\/\\\/memurunsesi.net\\\/\",\"logo\":{\"@type\":\"ImageObject\",\"inLanguage\":\"tr\",\"@id\":\"https:\\\/\\\/memurunsesi.net\\\/#\\\/schema\\\/logo\\\/image\\\/\",\"url\":\"https:\\\/\\\/memurunsesi.net\\\/wp-content\\\/uploads\\\/2025\\\/11\\\/cropped-MEMURUN-SESI.png\",\"contentUrl\":\"https:\\\/\\\/memurunsesi.net\\\/wp-content\\\/uploads\\\/2025\\\/11\\\/cropped-MEMURUN-SESI.png\",\"width\":238,\"height\":57,\"caption\":\"Memurun Sesi\"},\"image\":{\"@id\":\"https:\\\/\\\/memurunsesi.net\\\/#\\\/schema\\\/logo\\\/image\\\/\"},\"sameAs\":[\"https:\\\/\\\/www.facebook.com\\\/unipersen\\\/?locale=tr_TR\",\"https:\\\/\\\/x.com\\\/unipersen\"]},{\"@type\":\"Person\",\"@id\":\"https:\\\/\\\/memurunsesi.net\\\/#\\\/schema\\\/person\\\/f21c2d73b89f6ee1d80b0a1803e38587\",\"name\":\"Memurun Sesi Haber Merkezi\",\"image\":{\"@type\":\"ImageObject\",\"inLanguage\":\"tr\",\"@id\":\"https:\\\/\\\/secure.gravatar.com\\\/avatar\\\/6cf0505f452ee753f485014986fab09a434671d2b919ee76fc541025c5876a70?s=96&d=mm&r=g\",\"url\":\"https:\\\/\\\/secure.gravatar.com\\\/avatar\\\/6cf0505f452ee753f485014986fab09a434671d2b919ee76fc541025c5876a70?s=96&d=mm&r=g\",\"contentUrl\":\"https:\\\/\\\/secure.gravatar.com\\\/avatar\\\/6cf0505f452ee753f485014986fab09a434671d2b919ee76fc541025c5876a70?s=96&d=mm&r=g\",\"caption\":\"Memurun Sesi Haber Merkezi\"},\"sameAs\":[\"https:\\\/\\\/memurunsesi.net\"],\"url\":\"https:\\\/\\\/memurunsesi.net\\\/index.php\\\/author\\\/uniper\\\/\"}]}<\/script>\n<!-- \/ Yoast SEO plugin. -->","yoast_head_json":{"title":"ANDA g\u00f6n\u00fcll\u00fclerinden Kocada\u011f'da arama-kurtarma e\u011fitimi - Memurun Sesi","robots":{"index":"index","follow":"follow","max-snippet":"max-snippet:-1","max-image-preview":"max-image-preview:large","max-video-preview":"max-video-preview:-1"},"canonical":"https:\/\/memurunsesi.net\/index.php\/2025\/05\/27\/anda-gonullulerinden-kocadagda-arama-kurtarma-egitimi\/","og_locale":"tr_TR","og_type":"article","og_title":"ANDA g\u00f6n\u00fcll\u00fclerinden Kocada\u011f'da arama-kurtarma e\u011fitimi - Memurun Sesi","og_description":"&#8211; Samsun&#8217;da ANDA ekibi iz s\u00fcrd\u00fc, telsizle y\u00f6n buldu, mankeni ba\u015far\u0131yla kurtard\u0131 Samsun E\u011fitim Ara\u015ft\u0131rma Yard\u0131mla\u015fma ve Arama Kurtarma (ANDA) Derne\u011fi, arama kurtarma kapasitesini art\u0131rmak amac\u0131yla Kocada\u011f&#8217;da geni\u015f \u00e7apl\u0131 saha e\u011fitimi ger\u00e7ekle\u015ftirdi. 121 bin metrekarelik alanda d\u00fczenlenen zorlu parkurda g\u00f6n\u00fcll\u00fcler, ger\u00e7ek bir kurtarma senaryosu \u00fczerinden tatbikat yapt\u0131. E\u011fitime, 23 ki\u015filik ANDA g\u00f6n\u00fcll\u00fc ekibiyle birlikte, telsiz [&hellip;]","og_url":"https:\/\/memurunsesi.net\/index.php\/2025\/05\/27\/anda-gonullulerinden-kocadagda-arama-kurtarma-egitimi\/","og_site_name":"Memurun Sesi","article_publisher":"https:\/\/www.facebook.com\/unipersen\/?locale=tr_TR","article_published_time":"2025-05-27T05:19:44+00:00","og_image":[{"width":2560,"height":1707,"url":"https:\/\/memurunsesi.net\/wp-content\/uploads\/2025\/05\/AW463572_01-scaled.jpg","type":"image\/jpeg"}],"author":"Memurun Sesi Haber Merkezi","twitter_card":"summary_large_image","twitter_creator":"@unipersen","twitter_site":"@unipersen","twitter_misc":{"Yazan:":"Memurun Sesi Haber Merkezi","Tahmini okuma s\u00fcresi":"1 dakika"},"schema":{"@context":"https:\/\/schema.org","@graph":[{"@type":"Article","@id":"https:\/\/memurunsesi.net\/index.php\/2025\/05\/27\/anda-gonullulerinden-kocadagda-arama-kurtarma-egitimi\/#article","isPartOf":{"@id":"https:\/\/memurunsesi.net\/index.php\/2025\/05\/27\/anda-gonullulerinden-kocadagda-arama-kurtarma-egitimi\/"},"author":{"name":"Memurun Sesi Haber Merkezi","@id":"https:\/\/memurunsesi.net\/#\/schema\/person\/f21c2d73b89f6ee1d80b0a1803e38587"},"headline":"ANDA g\u00f6n\u00fcll\u00fclerinden Kocada\u011f&#8217;da arama-kurtarma e\u011fitimi","datePublished":"2025-05-27T05:19:44+00:00","mainEntityOfPage":{"@id":"https:\/\/memurunsesi.net\/index.php\/2025\/05\/27\/anda-gonullulerinden-kocadagda-arama-kurtarma-egitimi\/"},"wordCount":264,"commentCount":0,"publisher":{"@id":"https:\/\/memurunsesi.net\/#organization"},"image":{"@id":"https:\/\/memurunsesi.net\/index.php\/2025\/05\/27\/anda-gonullulerinden-kocadagda-arama-kurtarma-egitimi\/#primaryimage"},"thumbnailUrl":"https:\/\/memurunsesi.net\/wp-content\/uploads\/2025\/05\/AW463572_01-scaled.jpg","inLanguage":"tr","potentialAction":[{"@type":"CommentAction","name":"Comment","target":["https:\/\/memurunsesi.net\/index.php\/2025\/05\/27\/anda-gonullulerinden-kocadagda-arama-kurtarma-egitimi\/#respond"]}]},{"@type":"WebPage","@id":"https:\/\/memurunsesi.net\/index.php\/2025\/05\/27\/anda-gonullulerinden-kocadagda-arama-kurtarma-egitimi\/","url":"https:\/\/memurunsesi.net\/index.php\/2025\/05\/27\/anda-gonullulerinden-kocadagda-arama-kurtarma-egitimi\/","name":"ANDA g\u00f6n\u00fcll\u00fclerinden Kocada\u011f'da arama-kurtarma e\u011fitimi - Memurun Sesi","isPartOf":{"@id":"https:\/\/memurunsesi.net\/#website"},"primaryImageOfPage":{"@id":"https:\/\/memurunsesi.net\/index.php\/2025\/05\/27\/anda-gonullulerinden-kocadagda-arama-kurtarma-egitimi\/#primaryimage"},"image":{"@id":"https:\/\/memurunsesi.net\/index.php\/2025\/05\/27\/anda-gonullulerinden-kocadagda-arama-kurtarma-egitimi\/#primaryimage"},"thumbnailUrl":"https:\/\/memurunsesi.net\/wp-content\/uploads\/2025\/05\/AW463572_01-scaled.jpg","datePublished":"2025-05-27T05:19:44+00:00","breadcrumb":{"@id":"https:\/\/memurunsesi.net\/index.php\/2025\/05\/27\/anda-gonullulerinden-kocadagda-arama-kurtarma-egitimi\/#breadcrumb"},"inLanguage":"tr","potentialAction":[{"@type":"ReadAction","target":["https:\/\/memurunsesi.net\/index.php\/2025\/05\/27\/anda-gonullulerinden-kocadagda-arama-kurtarma-egitimi\/"]}]},{"@type":"ImageObject","inLanguage":"tr","@id":"https:\/\/memurunsesi.net\/index.php\/2025\/05\/27\/anda-gonullulerinden-kocadagda-arama-kurtarma-egitimi\/#primaryimage","url":"https:\/\/memurunsesi.net\/wp-content\/uploads\/2025\/05\/AW463572_01-scaled.jpg","contentUrl":"https:\/\/memurunsesi.net\/wp-content\/uploads\/2025\/05\/AW463572_01-scaled.jpg","width":2560,"height":1707,"caption":"B\u0130LG\u0130LEND\u0130RME TOPLANTISI (EMRE UZUN\/SAMSUN-\u0130HA) Samsun E\u011fitim Ara\u015ft\u0131rma Yard\u0131mla\u015fma ve Arama Kurtarma (ANDA) Derne\u011fi, arama kurtarma kapasitesini art\u0131rmak amac\u0131yla Kocada\u011f'da geni\u015f \u00e7apl\u0131 saha e\u011fitimi ger\u00e7ekle\u015ftirdi. 121 bin metrekarelik alanda d\u00fczenlenen zorlu parkurda g\u00f6n\u00fcll\u00fcler, ger\u00e7ek bir kurtarma senaryosu \u00fczerinden tatbikat yapt\u0131."},{"@type":"BreadcrumbList","@id":"https:\/\/memurunsesi.net\/index.php\/2025\/05\/27\/anda-gonullulerinden-kocadagda-arama-kurtarma-egitimi\/#breadcrumb","itemListElement":[{"@type":"ListItem","position":1,"name":"Anasayfa","item":"https:\/\/memurunsesi.net\/"},{"@type":"ListItem","position":2,"name":"ANDA g\u00f6n\u00fcll\u00fclerinden Kocada\u011f&#8217;da arama-kurtarma e\u011fitimi"}]},{"@type":"WebSite","@id":"https:\/\/memurunsesi.net\/#website","url":"https:\/\/memurunsesi.net\/","name":"Memurun Sesi","description":"G\u00fcncel ve Do\u011fru Haber","publisher":{"@id":"https:\/\/memurunsesi.net\/#organization"},"potentialAction":[{"@type":"SearchAction","target":{"@type":"EntryPoint","urlTemplate":"https:\/\/memurunsesi.net\/?s={search_term_string}"},"query-input":{"@type":"PropertyValueSpecification","valueRequired":true,"valueName":"search_term_string"}}],"inLanguage":"tr"},{"@type":"Organization","@id":"https:\/\/memurunsesi.net\/#organization","name":"Memurun Sesi","url":"https:\/\/memurunsesi.net\/","logo":{"@type":"ImageObject","inLanguage":"tr","@id":"https:\/\/memurunsesi.net\/#\/schema\/logo\/image\/","url":"https:\/\/memurunsesi.net\/wp-content\/uploads\/2025\/11\/cropped-MEMURUN-SESI.png","contentUrl":"https:\/\/memurunsesi.net\/wp-content\/uploads\/2025\/11\/cropped-MEMURUN-SESI.png","width":238,"height":57,"caption":"Memurun Sesi"},"image":{"@id":"https:\/\/memurunsesi.net\/#\/schema\/logo\/image\/"},"sameAs":["https:\/\/www.facebook.com\/unipersen\/?locale=tr_TR","https:\/\/x.com\/unipersen"]},{"@type":"Person","@id":"https:\/\/memurunsesi.net\/#\/schema\/person\/f21c2d73b89f6ee1d80b0a1803e38587","name":"Memurun Sesi Haber Merkezi","image":{"@type":"ImageObject","inLanguage":"tr","@id":"https:\/\/secure.gravatar.com\/avatar\/6cf0505f452ee753f485014986fab09a434671d2b919ee76fc541025c5876a70?s=96&d=mm&r=g","url":"https:\/\/secure.gravatar.com\/avatar\/6cf0505f452ee753f485014986fab09a434671d2b919ee76fc541025c5876a70?s=96&d=mm&r=g","contentUrl":"https:\/\/secure.gravatar.com\/avatar\/6cf0505f452ee753f485014986fab09a434671d2b919ee76fc541025c5876a70?s=96&d=mm&r=g","caption":"Memurun Sesi Haber Merkezi"},"sameAs":["https:\/\/memurunsesi.net"],"url":"https:\/\/memurunsesi.net\/index.php\/author\/uniper\/"}]}},"_links":{"self":[{"href":"https:\/\/memurunsesi.net\/index.php\/wp-json\/wp\/v2\/posts\/7354","targetHints":{"allow":["GET"]}}],"collection":[{"href":"https:\/\/memurunsesi.net\/index.php\/wp-json\/wp\/v2\/posts"}],"about":[{"href":"https:\/\/memurunsesi.net\/index.php\/wp-json\/wp\/v2\/types\/post"}],"author":[{"embeddable":true,"href":"https:\/\/memurunsesi.net\/index.php\/wp-json\/wp\/v2\/users\/1"}],"replies":[{"embeddable":true,"href":"https:\/\/memurunsesi.net\/index.php\/wp-json\/wp\/v2\/comments?post=7354"}],"version-history":[{"count":1,"href":"https:\/\/memurunsesi.net\/index.php\/wp-json\/wp\/v2\/posts\/7354\/revisions"}],"predecessor-version":[{"id":7356,"href":"https:\/\/memurunsesi.net\/index.php\/wp-json\/wp\/v2\/posts\/7354\/revisions\/7356"}],"wp:featuredmedia":[{"embeddable":true,"href":"https:\/\/memurunsesi.net\/index.php\/wp-json\/wp\/v2\/media\/7355"}],"wp:attachment":[{"href":"https:\/\/memurunsesi.net\/index.php\/wp-json\/wp\/v2\/media?parent=7354"}],"wp:term":[{"taxonomy":"category","embeddable":true,"href":"https:\/\/memurunsesi.net\/index.php\/wp-json\/wp\/v2\/categories?post=7354"},{"taxonomy":"post_tag","embeddable":true,"href":"https:\/\/memurunsesi.net\/index.php\/wp-json\/wp\/v2\/tags?post=7354"}],"curies":[{"name":"wp","href":"https:\/\/api.w.org\/{rel}","templated":true}]}}