{"id":7399,"date":"2025-05-27T17:41:56","date_gmt":"2025-05-27T14:41:56","guid":{"rendered":"https:\/\/memurunsesi.net\/?p=7399"},"modified":"2025-05-27T17:41:56","modified_gmt":"2025-05-27T14:41:56","slug":"agrida-geleneksel-bilim-dolu-gunler-bilim-senligi-buyuk-bir-coskuyla-basladi","status":"publish","type":"post","link":"https:\/\/memurunsesi.net\/index.php\/2025\/05\/27\/agrida-geleneksel-bilim-dolu-gunler-bilim-senligi-buyuk-bir-coskuyla-basladi\/","title":{"rendered":"A\u011fr\u0131&#8217;da &#8220;Geleneksel Bilim Dolu G\u00fcnler&#8221; bilim \u015fenli\u011fi b\u00fcy\u00fck bir co\u015fkuyla ba\u015flad\u0131"},"content":{"rendered":"<p>  A\u011fr\u0131&#8217;da 3 g\u00fcn s\u00fcrecek &#8220;Geleneksel Bilim Dolu G\u00fcnler&#8221; \u015fenli\u011fi b\u00fcy\u00fck bir co\u015fkuyla ba\u015flad\u0131.<br \/>\nA\u011fr\u0131 Valili\u011fi himayesinde \u0130l Milli E\u011fitim M\u00fcd\u00fcrl\u00fc\u011f\u00fc ve \u0130brahim \u00c7e\u00e7en Vakf\u0131 i\u015fbirli\u011fi ile d\u00fczenlenen &#8220;Geleneksel Bilim Dolu G\u00fcnler&#8221; bilim \u015fenli\u011fi, Abide Meydan\u0131&#8217;nda kortej y\u00fcr\u00fcy\u00fc\u015f\u00fc ile ba\u015flad\u0131. Buradan Millet Bah\u00e7esi&#8217;ne kadar y\u00fcr\u00fcyen il protokol \u00fcyeleri ve \u00f6\u011frenciler a\u00e7\u0131l\u0131\u015f t\u00f6renine kat\u0131ld\u0131. Sayg\u0131 duru\u015fu ve \u0130stiklal Mar\u015f\u0131&#8217;n\u0131n okunmas\u0131yla ba\u015flayan program, \u00f6\u011frencilerin halk oyunlar\u0131 g\u00f6sterisiyle devam etti.<br \/>\n  Burada konu\u015fan Vali Mustafa Ko\u00e7, insan kayna\u011f\u0131 fakt\u00f6r\u00fcn\u00fcn, g\u00fc\u00e7l\u00fc toplumlar\u0131n ve devletlerin in\u015fa edilmesinde \u00f6nemli bir etkiye sahip oldu\u011funu belirterek, &#8220;Bug\u00fcn burada bir bilim \u015fenli\u011fini ba\u015flatman\u0131n \u00f6tesinde merak\u0131, sorgulamay\u0131, \u00fcretmeyi ve gelece\u011fe olan umudu hep birlikte y\u00fcceltiyoruz. \u00d6n\u00fcm\u00fczdeki \u00fc\u00e7 g\u00fcn boyunca Millet Bah\u00e7emiz yaln\u0131zca bir dinlenme alan\u0131 de\u011fil, ayn\u0131 zamanda bilgiyle bulu\u015fanlar\u0131n, hayal kuranlar\u0131n, ke\u015ffedenlerin ve payla\u015fanlar\u0131n merkezi h\u00e2line gelecek. Bu alanda bilgi, kitap sayfalar\u0131ndan \u00e7\u0131k\u0131p hayat\u0131n i\u00e7ine kar\u0131\u015facak. Gen\u00e7lerimiz \u00f6\u011frendiklerini hissedecek, deneyecek, \u00fcretecek. Her ad\u0131mda \u00f6\u011frenme, bir zorunluluktan \u00e7ok bir ser\u00fcven h\u00e2lini alacak. Bilim \u015fenli\u011fimiz, bilimi hayattan ay\u0131rm\u0131yor; tam tersine, ya\u015fam\u0131n tam ortas\u0131nda ya\u015fat\u0131yor. \u00c7\u00fcnk\u00fc biz biliyoruz ki; ger\u00e7ek \u00f6\u011frenme g\u00f6zlemle, dokunu\u015fla, uygulamayla g\u00fc\u00e7 kazan\u0131yor. Bu kapsamda, \u015fenli\u011fimiz okul \u00f6ncesinden ba\u015flayarak her ya\u015ftan bireyin kat\u0131labilece\u011fi, kimyadan uzay bilimine, nanoteknolojiden psikolojiye kadar \u00e7ok geni\u015f bir yelpazeyi kapsamaktad\u0131r. Ve her biri, bilimin eri\u015filebilir, anla\u015f\u0131labilir ve sevilebilir oldu\u011funu g\u00f6stermektedir. \u00d6\u011frencilerimiz, kendi emekleriyle haz\u0131rlad\u0131klar\u0131 projeleri burada sergiliyor; sadece teknolojiyle de\u011fil, ayn\u0131 zamanda \u00f6z g\u00fcvenle, azimle ve bilimsel d\u00fc\u015f\u00fcnceyle donand\u0131klar\u0131n\u0131 da ortaya koyuyorlar. Bu projeler, gelece\u011fin bilim insanlar\u0131n\u0131, m\u00fchendislerini, ara\u015ft\u0131rmac\u0131lar\u0131n\u0131 yeti\u015ftirdi\u011fimizin somut bir g\u00f6stergesidir&#8221; ifadelerine yer verdi.<br \/>\n  Program, protokol \u00fcyelerinin projelerin sergilendi\u011fi stantlar\u0131 gezmesinin ard\u0131ndan sona erdi. <\/p>\n<p>27.05.2025                           <\/p>\n","protected":false},"excerpt":{"rendered":"<p>A\u011fr\u0131&#8217;da 3 g\u00fcn s\u00fcrecek &#8220;Geleneksel Bilim Dolu G\u00fcnler&#8221; \u015fenli\u011fi b\u00fcy\u00fck bir co\u015fkuyla ba\u015flad\u0131. A\u011fr\u0131 Valili\u011fi himayesinde \u0130l Milli E\u011fitim M\u00fcd\u00fcrl\u00fc\u011f\u00fc ve \u0130brahim \u00c7e\u00e7en Vakf\u0131 i\u015fbirli\u011fi ile d\u00fczenlenen &#8220;Geleneksel Bilim Dolu G\u00fcnler&#8221; bilim \u015fenli\u011fi, Abide Meydan\u0131&#8217;nda kortej y\u00fcr\u00fcy\u00fc\u015f\u00fc ile ba\u015flad\u0131. Buradan Millet Bah\u00e7esi&#8217;ne kadar y\u00fcr\u00fcyen il protokol \u00fcyeleri ve \u00f6\u011frenciler a\u00e7\u0131l\u0131\u015f t\u00f6renine kat\u0131ld\u0131. Sayg\u0131 duru\u015fu ve [&hellip;]<\/p>\n","protected":false},"author":1,"featured_media":7400,"comment_status":"open","ping_status":"open","sticky":false,"template":"","format":"standard","meta":{"footnotes":""},"categories":[51],"tags":[],"class_list":["post-7399","post","type-post","status-publish","format-standard","has-post-thumbnail","hentry","category-teknoloji"],"yoast_head":"<!-- This site is optimized with the Yoast SEO plugin v27.4 - https:\/\/yoast.com\/product\/yoast-seo-wordpress\/ -->\n<title>A\u011fr\u0131&#039;da &quot;Geleneksel Bilim Dolu G\u00fcnler&quot; bilim \u015fenli\u011fi b\u00fcy\u00fck bir co\u015fkuyla ba\u015flad\u0131 - Memurun Sesi<\/title>\n<meta name=\"robots\" content=\"index, follow, max-snippet:-1, max-image-preview:large, max-video-preview:-1\" \/>\n<link rel=\"canonical\" href=\"https:\/\/memurunsesi.net\/index.php\/2025\/05\/27\/agrida-geleneksel-bilim-dolu-gunler-bilim-senligi-buyuk-bir-coskuyla-basladi\/\" \/>\n<meta property=\"og:locale\" content=\"tr_TR\" \/>\n<meta property=\"og:type\" content=\"article\" \/>\n<meta property=\"og:title\" content=\"A\u011fr\u0131&#039;da &quot;Geleneksel Bilim Dolu G\u00fcnler&quot; bilim \u015fenli\u011fi b\u00fcy\u00fck bir co\u015fkuyla ba\u015flad\u0131 - Memurun Sesi\" \/>\n<meta property=\"og:description\" content=\"A\u011fr\u0131&#8217;da 3 g\u00fcn s\u00fcrecek &#8220;Geleneksel Bilim Dolu G\u00fcnler&#8221; \u015fenli\u011fi b\u00fcy\u00fck bir co\u015fkuyla ba\u015flad\u0131. A\u011fr\u0131 Valili\u011fi himayesinde \u0130l Milli E\u011fitim M\u00fcd\u00fcrl\u00fc\u011f\u00fc ve \u0130brahim \u00c7e\u00e7en Vakf\u0131 i\u015fbirli\u011fi ile d\u00fczenlenen &#8220;Geleneksel Bilim Dolu G\u00fcnler&#8221; bilim \u015fenli\u011fi, Abide Meydan\u0131&#8217;nda kortej y\u00fcr\u00fcy\u00fc\u015f\u00fc ile ba\u015flad\u0131. Buradan Millet Bah\u00e7esi&#8217;ne kadar y\u00fcr\u00fcyen il protokol \u00fcyeleri ve \u00f6\u011frenciler a\u00e7\u0131l\u0131\u015f t\u00f6renine kat\u0131ld\u0131. Sayg\u0131 duru\u015fu ve [&hellip;]\" \/>\n<meta property=\"og:url\" content=\"https:\/\/memurunsesi.net\/index.php\/2025\/05\/27\/agrida-geleneksel-bilim-dolu-gunler-bilim-senligi-buyuk-bir-coskuyla-basladi\/\" \/>\n<meta property=\"og:site_name\" content=\"Memurun Sesi\" \/>\n<meta property=\"article:publisher\" content=\"https:\/\/www.facebook.com\/unipersen\/?locale=tr_TR\" \/>\n<meta property=\"article:published_time\" content=\"2025-05-27T14:41:56+00:00\" \/>\n<meta property=\"og:image\" content=\"https:\/\/memurunsesi.net\/wp-content\/uploads\/2025\/05\/AW464119_03.jpg\" \/>\n\t<meta property=\"og:image:width\" content=\"1300\" \/>\n\t<meta property=\"og:image:height\" content=\"867\" \/>\n\t<meta property=\"og:image:type\" content=\"image\/jpeg\" \/>\n<meta name=\"author\" content=\"Memurun Sesi Haber Merkezi\" \/>\n<meta name=\"twitter:card\" content=\"summary_large_image\" \/>\n<meta name=\"twitter:creator\" content=\"@unipersen\" \/>\n<meta name=\"twitter:site\" content=\"@unipersen\" \/>\n<meta name=\"twitter:label1\" content=\"Yazan:\" \/>\n\t<meta name=\"twitter:data1\" content=\"Memurun Sesi Haber Merkezi\" \/>\n\t<meta name=\"twitter:label2\" content=\"Tahmini okuma s\u00fcresi\" \/>\n\t<meta name=\"twitter:data2\" content=\"1 dakika\" \/>\n<script type=\"application\/ld+json\" class=\"yoast-schema-graph\">{\"@context\":\"https:\\\/\\\/schema.org\",\"@graph\":[{\"@type\":\"Article\",\"@id\":\"https:\\\/\\\/memurunsesi.net\\\/index.php\\\/2025\\\/05\\\/27\\\/agrida-geleneksel-bilim-dolu-gunler-bilim-senligi-buyuk-bir-coskuyla-basladi\\\/#article\",\"isPartOf\":{\"@id\":\"https:\\\/\\\/memurunsesi.net\\\/index.php\\\/2025\\\/05\\\/27\\\/agrida-geleneksel-bilim-dolu-gunler-bilim-senligi-buyuk-bir-coskuyla-basladi\\\/\"},\"author\":{\"name\":\"Memurun Sesi Haber Merkezi\",\"@id\":\"https:\\\/\\\/memurunsesi.net\\\/#\\\/schema\\\/person\\\/f21c2d73b89f6ee1d80b0a1803e38587\"},\"headline\":\"A\u011fr\u0131&#8217;da &#8220;Geleneksel Bilim Dolu G\u00fcnler&#8221; bilim \u015fenli\u011fi b\u00fcy\u00fck bir co\u015fkuyla ba\u015flad\u0131\",\"datePublished\":\"2025-05-27T14:41:56+00:00\",\"mainEntityOfPage\":{\"@id\":\"https:\\\/\\\/memurunsesi.net\\\/index.php\\\/2025\\\/05\\\/27\\\/agrida-geleneksel-bilim-dolu-gunler-bilim-senligi-buyuk-bir-coskuyla-basladi\\\/\"},\"wordCount\":381,\"commentCount\":0,\"publisher\":{\"@id\":\"https:\\\/\\\/memurunsesi.net\\\/#organization\"},\"image\":{\"@id\":\"https:\\\/\\\/memurunsesi.net\\\/index.php\\\/2025\\\/05\\\/27\\\/agrida-geleneksel-bilim-dolu-gunler-bilim-senligi-buyuk-bir-coskuyla-basladi\\\/#primaryimage\"},\"thumbnailUrl\":\"https:\\\/\\\/memurunsesi.net\\\/wp-content\\\/uploads\\\/2025\\\/05\\\/AW464119_03.jpg\",\"articleSection\":[\"Teknoloji\"],\"inLanguage\":\"tr\",\"potentialAction\":[{\"@type\":\"CommentAction\",\"name\":\"Comment\",\"target\":[\"https:\\\/\\\/memurunsesi.net\\\/index.php\\\/2025\\\/05\\\/27\\\/agrida-geleneksel-bilim-dolu-gunler-bilim-senligi-buyuk-bir-coskuyla-basladi\\\/#respond\"]}]},{\"@type\":\"WebPage\",\"@id\":\"https:\\\/\\\/memurunsesi.net\\\/index.php\\\/2025\\\/05\\\/27\\\/agrida-geleneksel-bilim-dolu-gunler-bilim-senligi-buyuk-bir-coskuyla-basladi\\\/\",\"url\":\"https:\\\/\\\/memurunsesi.net\\\/index.php\\\/2025\\\/05\\\/27\\\/agrida-geleneksel-bilim-dolu-gunler-bilim-senligi-buyuk-bir-coskuyla-basladi\\\/\",\"name\":\"A\u011fr\u0131'da \\\"Geleneksel Bilim Dolu G\u00fcnler\\\" bilim \u015fenli\u011fi b\u00fcy\u00fck bir co\u015fkuyla ba\u015flad\u0131 - Memurun Sesi\",\"isPartOf\":{\"@id\":\"https:\\\/\\\/memurunsesi.net\\\/#website\"},\"primaryImageOfPage\":{\"@id\":\"https:\\\/\\\/memurunsesi.net\\\/index.php\\\/2025\\\/05\\\/27\\\/agrida-geleneksel-bilim-dolu-gunler-bilim-senligi-buyuk-bir-coskuyla-basladi\\\/#primaryimage\"},\"image\":{\"@id\":\"https:\\\/\\\/memurunsesi.net\\\/index.php\\\/2025\\\/05\\\/27\\\/agrida-geleneksel-bilim-dolu-gunler-bilim-senligi-buyuk-bir-coskuyla-basladi\\\/#primaryimage\"},\"thumbnailUrl\":\"https:\\\/\\\/memurunsesi.net\\\/wp-content\\\/uploads\\\/2025\\\/05\\\/AW464119_03.jpg\",\"datePublished\":\"2025-05-27T14:41:56+00:00\",\"breadcrumb\":{\"@id\":\"https:\\\/\\\/memurunsesi.net\\\/index.php\\\/2025\\\/05\\\/27\\\/agrida-geleneksel-bilim-dolu-gunler-bilim-senligi-buyuk-bir-coskuyla-basladi\\\/#breadcrumb\"},\"inLanguage\":\"tr\",\"potentialAction\":[{\"@type\":\"ReadAction\",\"target\":[\"https:\\\/\\\/memurunsesi.net\\\/index.php\\\/2025\\\/05\\\/27\\\/agrida-geleneksel-bilim-dolu-gunler-bilim-senligi-buyuk-bir-coskuyla-basladi\\\/\"]}]},{\"@type\":\"ImageObject\",\"inLanguage\":\"tr\",\"@id\":\"https:\\\/\\\/memurunsesi.net\\\/index.php\\\/2025\\\/05\\\/27\\\/agrida-geleneksel-bilim-dolu-gunler-bilim-senligi-buyuk-bir-coskuyla-basladi\\\/#primaryimage\",\"url\":\"https:\\\/\\\/memurunsesi.net\\\/wp-content\\\/uploads\\\/2025\\\/05\\\/AW464119_03.jpg\",\"contentUrl\":\"https:\\\/\\\/memurunsesi.net\\\/wp-content\\\/uploads\\\/2025\\\/05\\\/AW464119_03.jpg\",\"width\":1300,\"height\":867,\"caption\":\"A\u011eRI'DA \\\"GELENEKSEL B\u0130L\u0130M DOLU G\u00dcNLER\\\" B\u0130L\u0130M \u015eENL\u0130\u011e\u0130 B\u00dcY\u00dcK B\u0130R CO\u015eKUYLA BA\u015eLADI (MERVE G\u00d6KBAKAN\\\/A\u011eRI-\u0130HA) A\u011fr\u0131'da 3 g\u00fcn s\u00fcrecek \\\"Geleneksel Bilim Dolu G\u00fcnler\\\" \u015fenli\u011fi b\u00fcy\u00fck bir co\u015fkuyla ba\u015flad\u0131.\"},{\"@type\":\"BreadcrumbList\",\"@id\":\"https:\\\/\\\/memurunsesi.net\\\/index.php\\\/2025\\\/05\\\/27\\\/agrida-geleneksel-bilim-dolu-gunler-bilim-senligi-buyuk-bir-coskuyla-basladi\\\/#breadcrumb\",\"itemListElement\":[{\"@type\":\"ListItem\",\"position\":1,\"name\":\"Anasayfa\",\"item\":\"https:\\\/\\\/memurunsesi.net\\\/\"},{\"@type\":\"ListItem\",\"position\":2,\"name\":\"A\u011fr\u0131&#8217;da &#8220;Geleneksel Bilim Dolu G\u00fcnler&#8221; bilim \u015fenli\u011fi b\u00fcy\u00fck bir co\u015fkuyla ba\u015flad\u0131\"}]},{\"@type\":\"WebSite\",\"@id\":\"https:\\\/\\\/memurunsesi.net\\\/#website\",\"url\":\"https:\\\/\\\/memurunsesi.net\\\/\",\"name\":\"Memurun Sesi\",\"description\":\"G\u00fcncel ve Do\u011fru Haber\",\"publisher\":{\"@id\":\"https:\\\/\\\/memurunsesi.net\\\/#organization\"},\"potentialAction\":[{\"@type\":\"SearchAction\",\"target\":{\"@type\":\"EntryPoint\",\"urlTemplate\":\"https:\\\/\\\/memurunsesi.net\\\/?s={search_term_string}\"},\"query-input\":{\"@type\":\"PropertyValueSpecification\",\"valueRequired\":true,\"valueName\":\"search_term_string\"}}],\"inLanguage\":\"tr\"},{\"@type\":\"Organization\",\"@id\":\"https:\\\/\\\/memurunsesi.net\\\/#organization\",\"name\":\"Memurun Sesi\",\"url\":\"https:\\\/\\\/memurunsesi.net\\\/\",\"logo\":{\"@type\":\"ImageObject\",\"inLanguage\":\"tr\",\"@id\":\"https:\\\/\\\/memurunsesi.net\\\/#\\\/schema\\\/logo\\\/image\\\/\",\"url\":\"https:\\\/\\\/memurunsesi.net\\\/wp-content\\\/uploads\\\/2025\\\/11\\\/cropped-MEMURUN-SESI.png\",\"contentUrl\":\"https:\\\/\\\/memurunsesi.net\\\/wp-content\\\/uploads\\\/2025\\\/11\\\/cropped-MEMURUN-SESI.png\",\"width\":238,\"height\":57,\"caption\":\"Memurun Sesi\"},\"image\":{\"@id\":\"https:\\\/\\\/memurunsesi.net\\\/#\\\/schema\\\/logo\\\/image\\\/\"},\"sameAs\":[\"https:\\\/\\\/www.facebook.com\\\/unipersen\\\/?locale=tr_TR\",\"https:\\\/\\\/x.com\\\/unipersen\"]},{\"@type\":\"Person\",\"@id\":\"https:\\\/\\\/memurunsesi.net\\\/#\\\/schema\\\/person\\\/f21c2d73b89f6ee1d80b0a1803e38587\",\"name\":\"Memurun Sesi Haber Merkezi\",\"image\":{\"@type\":\"ImageObject\",\"inLanguage\":\"tr\",\"@id\":\"https:\\\/\\\/secure.gravatar.com\\\/avatar\\\/6cf0505f452ee753f485014986fab09a434671d2b919ee76fc541025c5876a70?s=96&d=mm&r=g\",\"url\":\"https:\\\/\\\/secure.gravatar.com\\\/avatar\\\/6cf0505f452ee753f485014986fab09a434671d2b919ee76fc541025c5876a70?s=96&d=mm&r=g\",\"contentUrl\":\"https:\\\/\\\/secure.gravatar.com\\\/avatar\\\/6cf0505f452ee753f485014986fab09a434671d2b919ee76fc541025c5876a70?s=96&d=mm&r=g\",\"caption\":\"Memurun Sesi Haber Merkezi\"},\"sameAs\":[\"https:\\\/\\\/memurunsesi.net\"],\"url\":\"https:\\\/\\\/memurunsesi.net\\\/index.php\\\/author\\\/uniper\\\/\"}]}<\/script>\n<!-- \/ Yoast SEO plugin. -->","yoast_head_json":{"title":"A\u011fr\u0131'da \"Geleneksel Bilim Dolu G\u00fcnler\" bilim \u015fenli\u011fi b\u00fcy\u00fck bir co\u015fkuyla ba\u015flad\u0131 - Memurun Sesi","robots":{"index":"index","follow":"follow","max-snippet":"max-snippet:-1","max-image-preview":"max-image-preview:large","max-video-preview":"max-video-preview:-1"},"canonical":"https:\/\/memurunsesi.net\/index.php\/2025\/05\/27\/agrida-geleneksel-bilim-dolu-gunler-bilim-senligi-buyuk-bir-coskuyla-basladi\/","og_locale":"tr_TR","og_type":"article","og_title":"A\u011fr\u0131'da \"Geleneksel Bilim Dolu G\u00fcnler\" bilim \u015fenli\u011fi b\u00fcy\u00fck bir co\u015fkuyla ba\u015flad\u0131 - Memurun Sesi","og_description":"A\u011fr\u0131&#8217;da 3 g\u00fcn s\u00fcrecek &#8220;Geleneksel Bilim Dolu G\u00fcnler&#8221; \u015fenli\u011fi b\u00fcy\u00fck bir co\u015fkuyla ba\u015flad\u0131. A\u011fr\u0131 Valili\u011fi himayesinde \u0130l Milli E\u011fitim M\u00fcd\u00fcrl\u00fc\u011f\u00fc ve \u0130brahim \u00c7e\u00e7en Vakf\u0131 i\u015fbirli\u011fi ile d\u00fczenlenen &#8220;Geleneksel Bilim Dolu G\u00fcnler&#8221; bilim \u015fenli\u011fi, Abide Meydan\u0131&#8217;nda kortej y\u00fcr\u00fcy\u00fc\u015f\u00fc ile ba\u015flad\u0131. Buradan Millet Bah\u00e7esi&#8217;ne kadar y\u00fcr\u00fcyen il protokol \u00fcyeleri ve \u00f6\u011frenciler a\u00e7\u0131l\u0131\u015f t\u00f6renine kat\u0131ld\u0131. Sayg\u0131 duru\u015fu ve [&hellip;]","og_url":"https:\/\/memurunsesi.net\/index.php\/2025\/05\/27\/agrida-geleneksel-bilim-dolu-gunler-bilim-senligi-buyuk-bir-coskuyla-basladi\/","og_site_name":"Memurun Sesi","article_publisher":"https:\/\/www.facebook.com\/unipersen\/?locale=tr_TR","article_published_time":"2025-05-27T14:41:56+00:00","og_image":[{"width":1300,"height":867,"url":"https:\/\/memurunsesi.net\/wp-content\/uploads\/2025\/05\/AW464119_03.jpg","type":"image\/jpeg"}],"author":"Memurun Sesi Haber Merkezi","twitter_card":"summary_large_image","twitter_creator":"@unipersen","twitter_site":"@unipersen","twitter_misc":{"Yazan:":"Memurun Sesi Haber Merkezi","Tahmini okuma s\u00fcresi":"1 dakika"},"schema":{"@context":"https:\/\/schema.org","@graph":[{"@type":"Article","@id":"https:\/\/memurunsesi.net\/index.php\/2025\/05\/27\/agrida-geleneksel-bilim-dolu-gunler-bilim-senligi-buyuk-bir-coskuyla-basladi\/#article","isPartOf":{"@id":"https:\/\/memurunsesi.net\/index.php\/2025\/05\/27\/agrida-geleneksel-bilim-dolu-gunler-bilim-senligi-buyuk-bir-coskuyla-basladi\/"},"author":{"name":"Memurun Sesi Haber Merkezi","@id":"https:\/\/memurunsesi.net\/#\/schema\/person\/f21c2d73b89f6ee1d80b0a1803e38587"},"headline":"A\u011fr\u0131&#8217;da &#8220;Geleneksel Bilim Dolu G\u00fcnler&#8221; bilim \u015fenli\u011fi b\u00fcy\u00fck bir co\u015fkuyla ba\u015flad\u0131","datePublished":"2025-05-27T14:41:56+00:00","mainEntityOfPage":{"@id":"https:\/\/memurunsesi.net\/index.php\/2025\/05\/27\/agrida-geleneksel-bilim-dolu-gunler-bilim-senligi-buyuk-bir-coskuyla-basladi\/"},"wordCount":381,"commentCount":0,"publisher":{"@id":"https:\/\/memurunsesi.net\/#organization"},"image":{"@id":"https:\/\/memurunsesi.net\/index.php\/2025\/05\/27\/agrida-geleneksel-bilim-dolu-gunler-bilim-senligi-buyuk-bir-coskuyla-basladi\/#primaryimage"},"thumbnailUrl":"https:\/\/memurunsesi.net\/wp-content\/uploads\/2025\/05\/AW464119_03.jpg","articleSection":["Teknoloji"],"inLanguage":"tr","potentialAction":[{"@type":"CommentAction","name":"Comment","target":["https:\/\/memurunsesi.net\/index.php\/2025\/05\/27\/agrida-geleneksel-bilim-dolu-gunler-bilim-senligi-buyuk-bir-coskuyla-basladi\/#respond"]}]},{"@type":"WebPage","@id":"https:\/\/memurunsesi.net\/index.php\/2025\/05\/27\/agrida-geleneksel-bilim-dolu-gunler-bilim-senligi-buyuk-bir-coskuyla-basladi\/","url":"https:\/\/memurunsesi.net\/index.php\/2025\/05\/27\/agrida-geleneksel-bilim-dolu-gunler-bilim-senligi-buyuk-bir-coskuyla-basladi\/","name":"A\u011fr\u0131'da \"Geleneksel Bilim Dolu G\u00fcnler\" bilim \u015fenli\u011fi b\u00fcy\u00fck bir co\u015fkuyla ba\u015flad\u0131 - Memurun Sesi","isPartOf":{"@id":"https:\/\/memurunsesi.net\/#website"},"primaryImageOfPage":{"@id":"https:\/\/memurunsesi.net\/index.php\/2025\/05\/27\/agrida-geleneksel-bilim-dolu-gunler-bilim-senligi-buyuk-bir-coskuyla-basladi\/#primaryimage"},"image":{"@id":"https:\/\/memurunsesi.net\/index.php\/2025\/05\/27\/agrida-geleneksel-bilim-dolu-gunler-bilim-senligi-buyuk-bir-coskuyla-basladi\/#primaryimage"},"thumbnailUrl":"https:\/\/memurunsesi.net\/wp-content\/uploads\/2025\/05\/AW464119_03.jpg","datePublished":"2025-05-27T14:41:56+00:00","breadcrumb":{"@id":"https:\/\/memurunsesi.net\/index.php\/2025\/05\/27\/agrida-geleneksel-bilim-dolu-gunler-bilim-senligi-buyuk-bir-coskuyla-basladi\/#breadcrumb"},"inLanguage":"tr","potentialAction":[{"@type":"ReadAction","target":["https:\/\/memurunsesi.net\/index.php\/2025\/05\/27\/agrida-geleneksel-bilim-dolu-gunler-bilim-senligi-buyuk-bir-coskuyla-basladi\/"]}]},{"@type":"ImageObject","inLanguage":"tr","@id":"https:\/\/memurunsesi.net\/index.php\/2025\/05\/27\/agrida-geleneksel-bilim-dolu-gunler-bilim-senligi-buyuk-bir-coskuyla-basladi\/#primaryimage","url":"https:\/\/memurunsesi.net\/wp-content\/uploads\/2025\/05\/AW464119_03.jpg","contentUrl":"https:\/\/memurunsesi.net\/wp-content\/uploads\/2025\/05\/AW464119_03.jpg","width":1300,"height":867,"caption":"A\u011eRI'DA \"GELENEKSEL B\u0130L\u0130M DOLU G\u00dcNLER\" B\u0130L\u0130M \u015eENL\u0130\u011e\u0130 B\u00dcY\u00dcK B\u0130R CO\u015eKUYLA BA\u015eLADI (MERVE G\u00d6KBAKAN\/A\u011eRI-\u0130HA) A\u011fr\u0131'da 3 g\u00fcn s\u00fcrecek \"Geleneksel Bilim Dolu G\u00fcnler\" \u015fenli\u011fi b\u00fcy\u00fck bir co\u015fkuyla ba\u015flad\u0131."},{"@type":"BreadcrumbList","@id":"https:\/\/memurunsesi.net\/index.php\/2025\/05\/27\/agrida-geleneksel-bilim-dolu-gunler-bilim-senligi-buyuk-bir-coskuyla-basladi\/#breadcrumb","itemListElement":[{"@type":"ListItem","position":1,"name":"Anasayfa","item":"https:\/\/memurunsesi.net\/"},{"@type":"ListItem","position":2,"name":"A\u011fr\u0131&#8217;da &#8220;Geleneksel Bilim Dolu G\u00fcnler&#8221; bilim \u015fenli\u011fi b\u00fcy\u00fck bir co\u015fkuyla ba\u015flad\u0131"}]},{"@type":"WebSite","@id":"https:\/\/memurunsesi.net\/#website","url":"https:\/\/memurunsesi.net\/","name":"Memurun Sesi","description":"G\u00fcncel ve Do\u011fru Haber","publisher":{"@id":"https:\/\/memurunsesi.net\/#organization"},"potentialAction":[{"@type":"SearchAction","target":{"@type":"EntryPoint","urlTemplate":"https:\/\/memurunsesi.net\/?s={search_term_string}"},"query-input":{"@type":"PropertyValueSpecification","valueRequired":true,"valueName":"search_term_string"}}],"inLanguage":"tr"},{"@type":"Organization","@id":"https:\/\/memurunsesi.net\/#organization","name":"Memurun Sesi","url":"https:\/\/memurunsesi.net\/","logo":{"@type":"ImageObject","inLanguage":"tr","@id":"https:\/\/memurunsesi.net\/#\/schema\/logo\/image\/","url":"https:\/\/memurunsesi.net\/wp-content\/uploads\/2025\/11\/cropped-MEMURUN-SESI.png","contentUrl":"https:\/\/memurunsesi.net\/wp-content\/uploads\/2025\/11\/cropped-MEMURUN-SESI.png","width":238,"height":57,"caption":"Memurun Sesi"},"image":{"@id":"https:\/\/memurunsesi.net\/#\/schema\/logo\/image\/"},"sameAs":["https:\/\/www.facebook.com\/unipersen\/?locale=tr_TR","https:\/\/x.com\/unipersen"]},{"@type":"Person","@id":"https:\/\/memurunsesi.net\/#\/schema\/person\/f21c2d73b89f6ee1d80b0a1803e38587","name":"Memurun Sesi Haber Merkezi","image":{"@type":"ImageObject","inLanguage":"tr","@id":"https:\/\/secure.gravatar.com\/avatar\/6cf0505f452ee753f485014986fab09a434671d2b919ee76fc541025c5876a70?s=96&d=mm&r=g","url":"https:\/\/secure.gravatar.com\/avatar\/6cf0505f452ee753f485014986fab09a434671d2b919ee76fc541025c5876a70?s=96&d=mm&r=g","contentUrl":"https:\/\/secure.gravatar.com\/avatar\/6cf0505f452ee753f485014986fab09a434671d2b919ee76fc541025c5876a70?s=96&d=mm&r=g","caption":"Memurun Sesi Haber Merkezi"},"sameAs":["https:\/\/memurunsesi.net"],"url":"https:\/\/memurunsesi.net\/index.php\/author\/uniper\/"}]}},"_links":{"self":[{"href":"https:\/\/memurunsesi.net\/index.php\/wp-json\/wp\/v2\/posts\/7399","targetHints":{"allow":["GET"]}}],"collection":[{"href":"https:\/\/memurunsesi.net\/index.php\/wp-json\/wp\/v2\/posts"}],"about":[{"href":"https:\/\/memurunsesi.net\/index.php\/wp-json\/wp\/v2\/types\/post"}],"author":[{"embeddable":true,"href":"https:\/\/memurunsesi.net\/index.php\/wp-json\/wp\/v2\/users\/1"}],"replies":[{"embeddable":true,"href":"https:\/\/memurunsesi.net\/index.php\/wp-json\/wp\/v2\/comments?post=7399"}],"version-history":[{"count":1,"href":"https:\/\/memurunsesi.net\/index.php\/wp-json\/wp\/v2\/posts\/7399\/revisions"}],"predecessor-version":[{"id":7401,"href":"https:\/\/memurunsesi.net\/index.php\/wp-json\/wp\/v2\/posts\/7399\/revisions\/7401"}],"wp:featuredmedia":[{"embeddable":true,"href":"https:\/\/memurunsesi.net\/index.php\/wp-json\/wp\/v2\/media\/7400"}],"wp:attachment":[{"href":"https:\/\/memurunsesi.net\/index.php\/wp-json\/wp\/v2\/media?parent=7399"}],"wp:term":[{"taxonomy":"category","embeddable":true,"href":"https:\/\/memurunsesi.net\/index.php\/wp-json\/wp\/v2\/categories?post=7399"},{"taxonomy":"post_tag","embeddable":true,"href":"https:\/\/memurunsesi.net\/index.php\/wp-json\/wp\/v2\/tags?post=7399"}],"curies":[{"name":"wp","href":"https:\/\/api.w.org\/{rel}","templated":true}]}}