{"id":7426,"date":"2025-05-28T08:58:03","date_gmt":"2025-05-28T05:58:03","guid":{"rendered":"https:\/\/memurunsesi.net\/?p=7426"},"modified":"2025-05-28T08:58:03","modified_gmt":"2025-05-28T05:58:03","slug":"ayvalikin-maden-adasinda-mahsur-kalan-vatandaslari-sahil-guvenlik-kurtardi","status":"publish","type":"post","link":"https:\/\/memurunsesi.net\/index.php\/2025\/05\/28\/ayvalikin-maden-adasinda-mahsur-kalan-vatandaslari-sahil-guvenlik-kurtardi\/","title":{"rendered":"Ayval\u0131k\u2019\u0131n Maden Adas\u0131\u2019nda mahsur kalan vatanda\u015flar\u0131 Sahil G\u00fcvenlik kurtard\u0131"},"content":{"rendered":"<p>  Bal\u0131kesir\u2019in Ayval\u0131k il\u00e7esinin 22 adas\u0131ndan biri olan Maden Adas\u0131\u2019na denizin ortas\u0131ndaki s\u0131\u011fl\u0131ktan y\u00fcr\u00fcyerek ge\u00e7erek do\u011fa y\u00fcr\u00fcy\u00fc\u015f\u00fcne \u00e7\u0131kan ancak ge\u00e7i\u015f yolunun olumsuz hava \u015fartlar\u0131 nedeniyle kapanmas\u0131ndan dolay\u0131 mahsur kalan vatanda\u015flar\u0131 Sahil G\u00fcvenlik ekipleri kurtard\u0131.<br \/>\n  Mahsur kalan vatanda\u015flar\u0131n bilgisini alan Sahil G\u00fcvenlik hemen harekete ge\u00e7erek KB-11 ve KB-4305 ve bir dal\u0131\u015f timiyle olay yerine gitti. Sahil G\u00fcvenlik Botlar\u0131 taraf\u0131ndan b\u00f6lgede mahsur kalan ve geri d\u00f6nemeyen 27 do\u011fa y\u00fcr\u00fcy\u00fc\u015f\u00e7\u00fcs\u00fc vatanda\u015f, Alibey Adas\u0131 Sahil G\u00fcvenlik Komutanl\u0131\u011f\u0131 \u0130skelesi\u2019ne getirilerek operasyon sonland\u0131r\u0131ld\u0131.<br \/>\n  Kurtar\u0131lan vatanda\u015flar Sahil G\u00fcvenlik ekiplerine te\u015fekk\u00fcr ederek, evlerine d\u00f6nd\u00fc. <\/p>\n<p>28.05.2025                               <\/p>\n","protected":false},"excerpt":{"rendered":"<p>Bal\u0131kesir\u2019in Ayval\u0131k il\u00e7esinin 22 adas\u0131ndan biri olan Maden Adas\u0131\u2019na denizin ortas\u0131ndaki s\u0131\u011fl\u0131ktan y\u00fcr\u00fcyerek ge\u00e7erek do\u011fa y\u00fcr\u00fcy\u00fc\u015f\u00fcne \u00e7\u0131kan ancak ge\u00e7i\u015f yolunun olumsuz hava \u015fartlar\u0131 nedeniyle kapanmas\u0131ndan dolay\u0131 mahsur kalan vatanda\u015flar\u0131 Sahil G\u00fcvenlik ekipleri kurtard\u0131. Mahsur kalan vatanda\u015flar\u0131n bilgisini alan Sahil G\u00fcvenlik hemen harekete ge\u00e7erek KB-11 ve KB-4305 ve bir dal\u0131\u015f timiyle olay yerine gitti. Sahil G\u00fcvenlik [&hellip;]<\/p>\n","protected":false},"author":1,"featured_media":7427,"comment_status":"open","ping_status":"open","sticky":false,"template":"","format":"standard","meta":{"footnotes":""},"categories":[1],"tags":[],"class_list":["post-7426","post","type-post","status-publish","format-standard","has-post-thumbnail","hentry","category-genel"],"yoast_head":"<!-- This site is optimized with the Yoast SEO plugin v27.4 - https:\/\/yoast.com\/product\/yoast-seo-wordpress\/ -->\n<title>Ayval\u0131k\u2019\u0131n Maden Adas\u0131\u2019nda mahsur kalan vatanda\u015flar\u0131 Sahil G\u00fcvenlik kurtard\u0131 - Memurun Sesi<\/title>\n<meta name=\"robots\" content=\"index, follow, max-snippet:-1, max-image-preview:large, max-video-preview:-1\" \/>\n<link rel=\"canonical\" href=\"https:\/\/memurunsesi.net\/index.php\/2025\/05\/28\/ayvalikin-maden-adasinda-mahsur-kalan-vatandaslari-sahil-guvenlik-kurtardi\/\" \/>\n<meta property=\"og:locale\" content=\"tr_TR\" \/>\n<meta property=\"og:type\" content=\"article\" \/>\n<meta property=\"og:title\" content=\"Ayval\u0131k\u2019\u0131n Maden Adas\u0131\u2019nda mahsur kalan vatanda\u015flar\u0131 Sahil G\u00fcvenlik kurtard\u0131 - Memurun Sesi\" \/>\n<meta property=\"og:description\" content=\"Bal\u0131kesir\u2019in Ayval\u0131k il\u00e7esinin 22 adas\u0131ndan biri olan Maden Adas\u0131\u2019na denizin ortas\u0131ndaki s\u0131\u011fl\u0131ktan y\u00fcr\u00fcyerek ge\u00e7erek do\u011fa y\u00fcr\u00fcy\u00fc\u015f\u00fcne \u00e7\u0131kan ancak ge\u00e7i\u015f yolunun olumsuz hava \u015fartlar\u0131 nedeniyle kapanmas\u0131ndan dolay\u0131 mahsur kalan vatanda\u015flar\u0131 Sahil G\u00fcvenlik ekipleri kurtard\u0131. Mahsur kalan vatanda\u015flar\u0131n bilgisini alan Sahil G\u00fcvenlik hemen harekete ge\u00e7erek KB-11 ve KB-4305 ve bir dal\u0131\u015f timiyle olay yerine gitti. Sahil G\u00fcvenlik [&hellip;]\" \/>\n<meta property=\"og:url\" content=\"https:\/\/memurunsesi.net\/index.php\/2025\/05\/28\/ayvalikin-maden-adasinda-mahsur-kalan-vatandaslari-sahil-guvenlik-kurtardi\/\" \/>\n<meta property=\"og:site_name\" content=\"Memurun Sesi\" \/>\n<meta property=\"article:publisher\" content=\"https:\/\/www.facebook.com\/unipersen\/?locale=tr_TR\" \/>\n<meta property=\"article:published_time\" content=\"2025-05-28T05:58:03+00:00\" \/>\n<meta property=\"og:image\" content=\"https:\/\/memurunsesi.net\/wp-content\/uploads\/2025\/05\/AW464379_01.jpg\" \/>\n\t<meta property=\"og:image:width\" content=\"800\" \/>\n\t<meta property=\"og:image:height\" content=\"450\" \/>\n\t<meta property=\"og:image:type\" content=\"image\/jpeg\" \/>\n<meta name=\"author\" content=\"Memurun Sesi Haber Merkezi\" \/>\n<meta name=\"twitter:card\" content=\"summary_large_image\" \/>\n<meta name=\"twitter:creator\" content=\"@unipersen\" \/>\n<meta name=\"twitter:site\" content=\"@unipersen\" \/>\n<meta name=\"twitter:label1\" content=\"Yazan:\" \/>\n\t<meta name=\"twitter:data1\" content=\"Memurun Sesi Haber Merkezi\" \/>\n\t<meta name=\"twitter:label2\" content=\"Tahmini okuma s\u00fcresi\" \/>\n\t<meta name=\"twitter:data2\" content=\"1 dakika\" \/>\n<script type=\"application\/ld+json\" class=\"yoast-schema-graph\">{\"@context\":\"https:\\\/\\\/schema.org\",\"@graph\":[{\"@type\":\"Article\",\"@id\":\"https:\\\/\\\/memurunsesi.net\\\/index.php\\\/2025\\\/05\\\/28\\\/ayvalikin-maden-adasinda-mahsur-kalan-vatandaslari-sahil-guvenlik-kurtardi\\\/#article\",\"isPartOf\":{\"@id\":\"https:\\\/\\\/memurunsesi.net\\\/index.php\\\/2025\\\/05\\\/28\\\/ayvalikin-maden-adasinda-mahsur-kalan-vatandaslari-sahil-guvenlik-kurtardi\\\/\"},\"author\":{\"name\":\"Memurun Sesi Haber Merkezi\",\"@id\":\"https:\\\/\\\/memurunsesi.net\\\/#\\\/schema\\\/person\\\/f21c2d73b89f6ee1d80b0a1803e38587\"},\"headline\":\"Ayval\u0131k\u2019\u0131n Maden Adas\u0131\u2019nda mahsur kalan vatanda\u015flar\u0131 Sahil G\u00fcvenlik kurtard\u0131\",\"datePublished\":\"2025-05-28T05:58:03+00:00\",\"mainEntityOfPage\":{\"@id\":\"https:\\\/\\\/memurunsesi.net\\\/index.php\\\/2025\\\/05\\\/28\\\/ayvalikin-maden-adasinda-mahsur-kalan-vatandaslari-sahil-guvenlik-kurtardi\\\/\"},\"wordCount\":139,\"commentCount\":0,\"publisher\":{\"@id\":\"https:\\\/\\\/memurunsesi.net\\\/#organization\"},\"image\":{\"@id\":\"https:\\\/\\\/memurunsesi.net\\\/index.php\\\/2025\\\/05\\\/28\\\/ayvalikin-maden-adasinda-mahsur-kalan-vatandaslari-sahil-guvenlik-kurtardi\\\/#primaryimage\"},\"thumbnailUrl\":\"https:\\\/\\\/memurunsesi.net\\\/wp-content\\\/uploads\\\/2025\\\/05\\\/AW464379_01.jpg\",\"inLanguage\":\"tr\",\"potentialAction\":[{\"@type\":\"CommentAction\",\"name\":\"Comment\",\"target\":[\"https:\\\/\\\/memurunsesi.net\\\/index.php\\\/2025\\\/05\\\/28\\\/ayvalikin-maden-adasinda-mahsur-kalan-vatandaslari-sahil-guvenlik-kurtardi\\\/#respond\"]}]},{\"@type\":\"WebPage\",\"@id\":\"https:\\\/\\\/memurunsesi.net\\\/index.php\\\/2025\\\/05\\\/28\\\/ayvalikin-maden-adasinda-mahsur-kalan-vatandaslari-sahil-guvenlik-kurtardi\\\/\",\"url\":\"https:\\\/\\\/memurunsesi.net\\\/index.php\\\/2025\\\/05\\\/28\\\/ayvalikin-maden-adasinda-mahsur-kalan-vatandaslari-sahil-guvenlik-kurtardi\\\/\",\"name\":\"Ayval\u0131k\u2019\u0131n Maden Adas\u0131\u2019nda mahsur kalan vatanda\u015flar\u0131 Sahil G\u00fcvenlik kurtard\u0131 - Memurun Sesi\",\"isPartOf\":{\"@id\":\"https:\\\/\\\/memurunsesi.net\\\/#website\"},\"primaryImageOfPage\":{\"@id\":\"https:\\\/\\\/memurunsesi.net\\\/index.php\\\/2025\\\/05\\\/28\\\/ayvalikin-maden-adasinda-mahsur-kalan-vatandaslari-sahil-guvenlik-kurtardi\\\/#primaryimage\"},\"image\":{\"@id\":\"https:\\\/\\\/memurunsesi.net\\\/index.php\\\/2025\\\/05\\\/28\\\/ayvalikin-maden-adasinda-mahsur-kalan-vatandaslari-sahil-guvenlik-kurtardi\\\/#primaryimage\"},\"thumbnailUrl\":\"https:\\\/\\\/memurunsesi.net\\\/wp-content\\\/uploads\\\/2025\\\/05\\\/AW464379_01.jpg\",\"datePublished\":\"2025-05-28T05:58:03+00:00\",\"breadcrumb\":{\"@id\":\"https:\\\/\\\/memurunsesi.net\\\/index.php\\\/2025\\\/05\\\/28\\\/ayvalikin-maden-adasinda-mahsur-kalan-vatandaslari-sahil-guvenlik-kurtardi\\\/#breadcrumb\"},\"inLanguage\":\"tr\",\"potentialAction\":[{\"@type\":\"ReadAction\",\"target\":[\"https:\\\/\\\/memurunsesi.net\\\/index.php\\\/2025\\\/05\\\/28\\\/ayvalikin-maden-adasinda-mahsur-kalan-vatandaslari-sahil-guvenlik-kurtardi\\\/\"]}]},{\"@type\":\"ImageObject\",\"inLanguage\":\"tr\",\"@id\":\"https:\\\/\\\/memurunsesi.net\\\/index.php\\\/2025\\\/05\\\/28\\\/ayvalikin-maden-adasinda-mahsur-kalan-vatandaslari-sahil-guvenlik-kurtardi\\\/#primaryimage\",\"url\":\"https:\\\/\\\/memurunsesi.net\\\/wp-content\\\/uploads\\\/2025\\\/05\\\/AW464379_01.jpg\",\"contentUrl\":\"https:\\\/\\\/memurunsesi.net\\\/wp-content\\\/uploads\\\/2025\\\/05\\\/AW464379_01.jpg\",\"width\":800,\"height\":450,\"caption\":\"MADEN ADASI'NDA MAHSUR KALAN VATANDA\u015eLARI SAH\u0130L G\u00dcVENL\u0130K KURTARDI (\\\/BALIKES\u0130R-\u0130HA) Bal\u0131kesir'in Ayval\u0131k il\u00e7esinin 22 adas\u0131ndan biri olan Maden Adas\u0131'na denizin ortas\u0131ndaki s\u0131\u011fl\u0131ktan y\u00fcr\u00fcyerek ge\u00e7erek do\u011fa y\u00fcr\u00fcy\u00fc\u015f\u00fcne \u00e7\u0131kan ancak ge\u00e7i\u015f yolunun olumsuz hava \u015fartlar\u0131 nedeniyle kapanmas\u0131ndan dolay\u0131 mahsur kalan vatanda\u015flar\u0131 Sahil G\u00fcvenlik ekipleri kurtard\u0131.\"},{\"@type\":\"BreadcrumbList\",\"@id\":\"https:\\\/\\\/memurunsesi.net\\\/index.php\\\/2025\\\/05\\\/28\\\/ayvalikin-maden-adasinda-mahsur-kalan-vatandaslari-sahil-guvenlik-kurtardi\\\/#breadcrumb\",\"itemListElement\":[{\"@type\":\"ListItem\",\"position\":1,\"name\":\"Anasayfa\",\"item\":\"https:\\\/\\\/memurunsesi.net\\\/\"},{\"@type\":\"ListItem\",\"position\":2,\"name\":\"Ayval\u0131k\u2019\u0131n Maden Adas\u0131\u2019nda mahsur kalan vatanda\u015flar\u0131 Sahil G\u00fcvenlik kurtard\u0131\"}]},{\"@type\":\"WebSite\",\"@id\":\"https:\\\/\\\/memurunsesi.net\\\/#website\",\"url\":\"https:\\\/\\\/memurunsesi.net\\\/\",\"name\":\"Memurun Sesi\",\"description\":\"G\u00fcncel ve Do\u011fru Haber\",\"publisher\":{\"@id\":\"https:\\\/\\\/memurunsesi.net\\\/#organization\"},\"potentialAction\":[{\"@type\":\"SearchAction\",\"target\":{\"@type\":\"EntryPoint\",\"urlTemplate\":\"https:\\\/\\\/memurunsesi.net\\\/?s={search_term_string}\"},\"query-input\":{\"@type\":\"PropertyValueSpecification\",\"valueRequired\":true,\"valueName\":\"search_term_string\"}}],\"inLanguage\":\"tr\"},{\"@type\":\"Organization\",\"@id\":\"https:\\\/\\\/memurunsesi.net\\\/#organization\",\"name\":\"Memurun Sesi\",\"url\":\"https:\\\/\\\/memurunsesi.net\\\/\",\"logo\":{\"@type\":\"ImageObject\",\"inLanguage\":\"tr\",\"@id\":\"https:\\\/\\\/memurunsesi.net\\\/#\\\/schema\\\/logo\\\/image\\\/\",\"url\":\"https:\\\/\\\/memurunsesi.net\\\/wp-content\\\/uploads\\\/2025\\\/11\\\/cropped-MEMURUN-SESI.png\",\"contentUrl\":\"https:\\\/\\\/memurunsesi.net\\\/wp-content\\\/uploads\\\/2025\\\/11\\\/cropped-MEMURUN-SESI.png\",\"width\":238,\"height\":57,\"caption\":\"Memurun Sesi\"},\"image\":{\"@id\":\"https:\\\/\\\/memurunsesi.net\\\/#\\\/schema\\\/logo\\\/image\\\/\"},\"sameAs\":[\"https:\\\/\\\/www.facebook.com\\\/unipersen\\\/?locale=tr_TR\",\"https:\\\/\\\/x.com\\\/unipersen\"]},{\"@type\":\"Person\",\"@id\":\"https:\\\/\\\/memurunsesi.net\\\/#\\\/schema\\\/person\\\/f21c2d73b89f6ee1d80b0a1803e38587\",\"name\":\"Memurun Sesi Haber Merkezi\",\"image\":{\"@type\":\"ImageObject\",\"inLanguage\":\"tr\",\"@id\":\"https:\\\/\\\/secure.gravatar.com\\\/avatar\\\/6cf0505f452ee753f485014986fab09a434671d2b919ee76fc541025c5876a70?s=96&d=mm&r=g\",\"url\":\"https:\\\/\\\/secure.gravatar.com\\\/avatar\\\/6cf0505f452ee753f485014986fab09a434671d2b919ee76fc541025c5876a70?s=96&d=mm&r=g\",\"contentUrl\":\"https:\\\/\\\/secure.gravatar.com\\\/avatar\\\/6cf0505f452ee753f485014986fab09a434671d2b919ee76fc541025c5876a70?s=96&d=mm&r=g\",\"caption\":\"Memurun Sesi Haber Merkezi\"},\"sameAs\":[\"https:\\\/\\\/memurunsesi.net\"],\"url\":\"https:\\\/\\\/memurunsesi.net\\\/index.php\\\/author\\\/uniper\\\/\"}]}<\/script>\n<!-- \/ Yoast SEO plugin. -->","yoast_head_json":{"title":"Ayval\u0131k\u2019\u0131n Maden Adas\u0131\u2019nda mahsur kalan vatanda\u015flar\u0131 Sahil G\u00fcvenlik kurtard\u0131 - Memurun Sesi","robots":{"index":"index","follow":"follow","max-snippet":"max-snippet:-1","max-image-preview":"max-image-preview:large","max-video-preview":"max-video-preview:-1"},"canonical":"https:\/\/memurunsesi.net\/index.php\/2025\/05\/28\/ayvalikin-maden-adasinda-mahsur-kalan-vatandaslari-sahil-guvenlik-kurtardi\/","og_locale":"tr_TR","og_type":"article","og_title":"Ayval\u0131k\u2019\u0131n Maden Adas\u0131\u2019nda mahsur kalan vatanda\u015flar\u0131 Sahil G\u00fcvenlik kurtard\u0131 - Memurun Sesi","og_description":"Bal\u0131kesir\u2019in Ayval\u0131k il\u00e7esinin 22 adas\u0131ndan biri olan Maden Adas\u0131\u2019na denizin ortas\u0131ndaki s\u0131\u011fl\u0131ktan y\u00fcr\u00fcyerek ge\u00e7erek do\u011fa y\u00fcr\u00fcy\u00fc\u015f\u00fcne \u00e7\u0131kan ancak ge\u00e7i\u015f yolunun olumsuz hava \u015fartlar\u0131 nedeniyle kapanmas\u0131ndan dolay\u0131 mahsur kalan vatanda\u015flar\u0131 Sahil G\u00fcvenlik ekipleri kurtard\u0131. Mahsur kalan vatanda\u015flar\u0131n bilgisini alan Sahil G\u00fcvenlik hemen harekete ge\u00e7erek KB-11 ve KB-4305 ve bir dal\u0131\u015f timiyle olay yerine gitti. Sahil G\u00fcvenlik [&hellip;]","og_url":"https:\/\/memurunsesi.net\/index.php\/2025\/05\/28\/ayvalikin-maden-adasinda-mahsur-kalan-vatandaslari-sahil-guvenlik-kurtardi\/","og_site_name":"Memurun Sesi","article_publisher":"https:\/\/www.facebook.com\/unipersen\/?locale=tr_TR","article_published_time":"2025-05-28T05:58:03+00:00","og_image":[{"width":800,"height":450,"url":"https:\/\/memurunsesi.net\/wp-content\/uploads\/2025\/05\/AW464379_01.jpg","type":"image\/jpeg"}],"author":"Memurun Sesi Haber Merkezi","twitter_card":"summary_large_image","twitter_creator":"@unipersen","twitter_site":"@unipersen","twitter_misc":{"Yazan:":"Memurun Sesi Haber Merkezi","Tahmini okuma s\u00fcresi":"1 dakika"},"schema":{"@context":"https:\/\/schema.org","@graph":[{"@type":"Article","@id":"https:\/\/memurunsesi.net\/index.php\/2025\/05\/28\/ayvalikin-maden-adasinda-mahsur-kalan-vatandaslari-sahil-guvenlik-kurtardi\/#article","isPartOf":{"@id":"https:\/\/memurunsesi.net\/index.php\/2025\/05\/28\/ayvalikin-maden-adasinda-mahsur-kalan-vatandaslari-sahil-guvenlik-kurtardi\/"},"author":{"name":"Memurun Sesi Haber Merkezi","@id":"https:\/\/memurunsesi.net\/#\/schema\/person\/f21c2d73b89f6ee1d80b0a1803e38587"},"headline":"Ayval\u0131k\u2019\u0131n Maden Adas\u0131\u2019nda mahsur kalan vatanda\u015flar\u0131 Sahil G\u00fcvenlik kurtard\u0131","datePublished":"2025-05-28T05:58:03+00:00","mainEntityOfPage":{"@id":"https:\/\/memurunsesi.net\/index.php\/2025\/05\/28\/ayvalikin-maden-adasinda-mahsur-kalan-vatandaslari-sahil-guvenlik-kurtardi\/"},"wordCount":139,"commentCount":0,"publisher":{"@id":"https:\/\/memurunsesi.net\/#organization"},"image":{"@id":"https:\/\/memurunsesi.net\/index.php\/2025\/05\/28\/ayvalikin-maden-adasinda-mahsur-kalan-vatandaslari-sahil-guvenlik-kurtardi\/#primaryimage"},"thumbnailUrl":"https:\/\/memurunsesi.net\/wp-content\/uploads\/2025\/05\/AW464379_01.jpg","inLanguage":"tr","potentialAction":[{"@type":"CommentAction","name":"Comment","target":["https:\/\/memurunsesi.net\/index.php\/2025\/05\/28\/ayvalikin-maden-adasinda-mahsur-kalan-vatandaslari-sahil-guvenlik-kurtardi\/#respond"]}]},{"@type":"WebPage","@id":"https:\/\/memurunsesi.net\/index.php\/2025\/05\/28\/ayvalikin-maden-adasinda-mahsur-kalan-vatandaslari-sahil-guvenlik-kurtardi\/","url":"https:\/\/memurunsesi.net\/index.php\/2025\/05\/28\/ayvalikin-maden-adasinda-mahsur-kalan-vatandaslari-sahil-guvenlik-kurtardi\/","name":"Ayval\u0131k\u2019\u0131n Maden Adas\u0131\u2019nda mahsur kalan vatanda\u015flar\u0131 Sahil G\u00fcvenlik kurtard\u0131 - Memurun Sesi","isPartOf":{"@id":"https:\/\/memurunsesi.net\/#website"},"primaryImageOfPage":{"@id":"https:\/\/memurunsesi.net\/index.php\/2025\/05\/28\/ayvalikin-maden-adasinda-mahsur-kalan-vatandaslari-sahil-guvenlik-kurtardi\/#primaryimage"},"image":{"@id":"https:\/\/memurunsesi.net\/index.php\/2025\/05\/28\/ayvalikin-maden-adasinda-mahsur-kalan-vatandaslari-sahil-guvenlik-kurtardi\/#primaryimage"},"thumbnailUrl":"https:\/\/memurunsesi.net\/wp-content\/uploads\/2025\/05\/AW464379_01.jpg","datePublished":"2025-05-28T05:58:03+00:00","breadcrumb":{"@id":"https:\/\/memurunsesi.net\/index.php\/2025\/05\/28\/ayvalikin-maden-adasinda-mahsur-kalan-vatandaslari-sahil-guvenlik-kurtardi\/#breadcrumb"},"inLanguage":"tr","potentialAction":[{"@type":"ReadAction","target":["https:\/\/memurunsesi.net\/index.php\/2025\/05\/28\/ayvalikin-maden-adasinda-mahsur-kalan-vatandaslari-sahil-guvenlik-kurtardi\/"]}]},{"@type":"ImageObject","inLanguage":"tr","@id":"https:\/\/memurunsesi.net\/index.php\/2025\/05\/28\/ayvalikin-maden-adasinda-mahsur-kalan-vatandaslari-sahil-guvenlik-kurtardi\/#primaryimage","url":"https:\/\/memurunsesi.net\/wp-content\/uploads\/2025\/05\/AW464379_01.jpg","contentUrl":"https:\/\/memurunsesi.net\/wp-content\/uploads\/2025\/05\/AW464379_01.jpg","width":800,"height":450,"caption":"MADEN ADASI'NDA MAHSUR KALAN VATANDA\u015eLARI SAH\u0130L G\u00dcVENL\u0130K KURTARDI (\/BALIKES\u0130R-\u0130HA) Bal\u0131kesir'in Ayval\u0131k il\u00e7esinin 22 adas\u0131ndan biri olan Maden Adas\u0131'na denizin ortas\u0131ndaki s\u0131\u011fl\u0131ktan y\u00fcr\u00fcyerek ge\u00e7erek do\u011fa y\u00fcr\u00fcy\u00fc\u015f\u00fcne \u00e7\u0131kan ancak ge\u00e7i\u015f yolunun olumsuz hava \u015fartlar\u0131 nedeniyle kapanmas\u0131ndan dolay\u0131 mahsur kalan vatanda\u015flar\u0131 Sahil G\u00fcvenlik ekipleri kurtard\u0131."},{"@type":"BreadcrumbList","@id":"https:\/\/memurunsesi.net\/index.php\/2025\/05\/28\/ayvalikin-maden-adasinda-mahsur-kalan-vatandaslari-sahil-guvenlik-kurtardi\/#breadcrumb","itemListElement":[{"@type":"ListItem","position":1,"name":"Anasayfa","item":"https:\/\/memurunsesi.net\/"},{"@type":"ListItem","position":2,"name":"Ayval\u0131k\u2019\u0131n Maden Adas\u0131\u2019nda mahsur kalan vatanda\u015flar\u0131 Sahil G\u00fcvenlik kurtard\u0131"}]},{"@type":"WebSite","@id":"https:\/\/memurunsesi.net\/#website","url":"https:\/\/memurunsesi.net\/","name":"Memurun Sesi","description":"G\u00fcncel ve Do\u011fru Haber","publisher":{"@id":"https:\/\/memurunsesi.net\/#organization"},"potentialAction":[{"@type":"SearchAction","target":{"@type":"EntryPoint","urlTemplate":"https:\/\/memurunsesi.net\/?s={search_term_string}"},"query-input":{"@type":"PropertyValueSpecification","valueRequired":true,"valueName":"search_term_string"}}],"inLanguage":"tr"},{"@type":"Organization","@id":"https:\/\/memurunsesi.net\/#organization","name":"Memurun Sesi","url":"https:\/\/memurunsesi.net\/","logo":{"@type":"ImageObject","inLanguage":"tr","@id":"https:\/\/memurunsesi.net\/#\/schema\/logo\/image\/","url":"https:\/\/memurunsesi.net\/wp-content\/uploads\/2025\/11\/cropped-MEMURUN-SESI.png","contentUrl":"https:\/\/memurunsesi.net\/wp-content\/uploads\/2025\/11\/cropped-MEMURUN-SESI.png","width":238,"height":57,"caption":"Memurun Sesi"},"image":{"@id":"https:\/\/memurunsesi.net\/#\/schema\/logo\/image\/"},"sameAs":["https:\/\/www.facebook.com\/unipersen\/?locale=tr_TR","https:\/\/x.com\/unipersen"]},{"@type":"Person","@id":"https:\/\/memurunsesi.net\/#\/schema\/person\/f21c2d73b89f6ee1d80b0a1803e38587","name":"Memurun Sesi Haber Merkezi","image":{"@type":"ImageObject","inLanguage":"tr","@id":"https:\/\/secure.gravatar.com\/avatar\/6cf0505f452ee753f485014986fab09a434671d2b919ee76fc541025c5876a70?s=96&d=mm&r=g","url":"https:\/\/secure.gravatar.com\/avatar\/6cf0505f452ee753f485014986fab09a434671d2b919ee76fc541025c5876a70?s=96&d=mm&r=g","contentUrl":"https:\/\/secure.gravatar.com\/avatar\/6cf0505f452ee753f485014986fab09a434671d2b919ee76fc541025c5876a70?s=96&d=mm&r=g","caption":"Memurun Sesi Haber Merkezi"},"sameAs":["https:\/\/memurunsesi.net"],"url":"https:\/\/memurunsesi.net\/index.php\/author\/uniper\/"}]}},"_links":{"self":[{"href":"https:\/\/memurunsesi.net\/index.php\/wp-json\/wp\/v2\/posts\/7426","targetHints":{"allow":["GET"]}}],"collection":[{"href":"https:\/\/memurunsesi.net\/index.php\/wp-json\/wp\/v2\/posts"}],"about":[{"href":"https:\/\/memurunsesi.net\/index.php\/wp-json\/wp\/v2\/types\/post"}],"author":[{"embeddable":true,"href":"https:\/\/memurunsesi.net\/index.php\/wp-json\/wp\/v2\/users\/1"}],"replies":[{"embeddable":true,"href":"https:\/\/memurunsesi.net\/index.php\/wp-json\/wp\/v2\/comments?post=7426"}],"version-history":[{"count":1,"href":"https:\/\/memurunsesi.net\/index.php\/wp-json\/wp\/v2\/posts\/7426\/revisions"}],"predecessor-version":[{"id":7428,"href":"https:\/\/memurunsesi.net\/index.php\/wp-json\/wp\/v2\/posts\/7426\/revisions\/7428"}],"wp:featuredmedia":[{"embeddable":true,"href":"https:\/\/memurunsesi.net\/index.php\/wp-json\/wp\/v2\/media\/7427"}],"wp:attachment":[{"href":"https:\/\/memurunsesi.net\/index.php\/wp-json\/wp\/v2\/media?parent=7426"}],"wp:term":[{"taxonomy":"category","embeddable":true,"href":"https:\/\/memurunsesi.net\/index.php\/wp-json\/wp\/v2\/categories?post=7426"},{"taxonomy":"post_tag","embeddable":true,"href":"https:\/\/memurunsesi.net\/index.php\/wp-json\/wp\/v2\/tags?post=7426"}],"curies":[{"name":"wp","href":"https:\/\/api.w.org\/{rel}","templated":true}]}}