{"id":7432,"date":"2025-05-28T09:03:18","date_gmt":"2025-05-28T06:03:18","guid":{"rendered":"https:\/\/memurunsesi.net\/?p=7432"},"modified":"2025-05-28T09:03:18","modified_gmt":"2025-05-28T06:03:18","slug":"ogrenmenin-yasinin-olmadigini-gosterdiler","status":"publish","type":"post","link":"https:\/\/memurunsesi.net\/index.php\/2025\/05\/28\/ogrenmenin-yasinin-olmadigini-gosterdiler\/","title":{"rendered":"\u00d6\u011frenmenin ya\u015f\u0131n\u0131n olmad\u0131\u011f\u0131n\u0131 g\u00f6sterdiler"},"content":{"rendered":"<p> Sar\u0131g\u00f6l Halk E\u011fitim Merkezi M\u00fcd\u00fcrl\u00fc\u011f\u00fc taraf\u0131ndan &#8216;Hayat Boyu \u00d6\u011frenme Haftas\u0131&#8217; etkinlikleri kapsam\u0131nda d\u00fczenlenen sergi \u00f6\u011frenmenin ya\u015f\u0131n\u0131n olmad\u0131\u011f\u0131n\u0131 g\u00f6zler \u00f6n\u00fcne serdi.<br \/>\n  Sar\u0131g\u00f6l Mesleki ve Teknik Anadolu Lisesi&#8217;nde ger\u00e7ekle\u015ftirilen programa, Sar\u0131g\u00f6l Kaymakam\u0131 Halil Dalak, \u0130l\u00e7e Milli E\u011fitim M\u00fcd\u00fcr\u00fc Cezmi Y\u0131ld\u0131rak, okul m\u00fcd\u00fcrleri, \u00f6\u011fretmenler, \u00f6\u011frenciler ve veliler kat\u0131ld\u0131.<br \/>\n  Program kapsam\u0131nda a\u00e7\u0131lan serginin a\u00e7\u0131l\u0131\u015f\u0131n\u0131 Sar\u0131g\u00f6l Kaymakam\u0131 Halil Dalak yapt\u0131. Sergiyi gezen Kaymakam Dalak, kurs \u00f6\u011fretmenlerine ve kursiyerlere \u00e7al\u0131\u015fmalar\u0131ndan dolay\u0131 te\u015fekk\u00fcr etti.<br \/>\n  Etkinlikte halk oyunlar\u0131 g\u00f6sterileri, mini konserler ve kursiyerlerin el eme\u011fi g\u00f6z nuru \u00fcr\u00fcnlerinin yer ald\u0131\u011f\u0131 stantlar b\u00fcy\u00fck be\u011feni toplad\u0131. Ayr\u0131ca Halk E\u011fitimi Merkezi taraf\u0131ndan a\u00e7\u0131lan kurslar\u0131n tan\u0131t\u0131m\u0131 yap\u0131larak hayat boyu \u00f6\u011frenmenin \u00f6nemi vurguland\u0131.<br \/>\n  Kat\u0131l\u0131mc\u0131lar, etkinlikler boyunca hem e\u011flenceli hem de \u00f6\u011fretici anlar ya\u015fad\u0131. <\/p>\n<p>28.05.2025                               <\/p>\n","protected":false},"excerpt":{"rendered":"<p>Sar\u0131g\u00f6l Halk E\u011fitim Merkezi M\u00fcd\u00fcrl\u00fc\u011f\u00fc taraf\u0131ndan &#8216;Hayat Boyu \u00d6\u011frenme Haftas\u0131&#8217; etkinlikleri kapsam\u0131nda d\u00fczenlenen sergi \u00f6\u011frenmenin ya\u015f\u0131n\u0131n olmad\u0131\u011f\u0131n\u0131 g\u00f6zler \u00f6n\u00fcne serdi. Sar\u0131g\u00f6l Mesleki ve Teknik Anadolu Lisesi&#8217;nde ger\u00e7ekle\u015ftirilen programa, Sar\u0131g\u00f6l Kaymakam\u0131 Halil Dalak, \u0130l\u00e7e Milli E\u011fitim M\u00fcd\u00fcr\u00fc Cezmi Y\u0131ld\u0131rak, okul m\u00fcd\u00fcrleri, \u00f6\u011fretmenler, \u00f6\u011frenciler ve veliler kat\u0131ld\u0131. Program kapsam\u0131nda a\u00e7\u0131lan serginin a\u00e7\u0131l\u0131\u015f\u0131n\u0131 Sar\u0131g\u00f6l Kaymakam\u0131 Halil Dalak yapt\u0131. [&hellip;]<\/p>\n","protected":false},"author":1,"featured_media":7433,"comment_status":"open","ping_status":"open","sticky":false,"template":"","format":"standard","meta":{"footnotes":""},"categories":[1],"tags":[],"class_list":["post-7432","post","type-post","status-publish","format-standard","has-post-thumbnail","hentry","category-genel"],"yoast_head":"<!-- This site is optimized with the Yoast SEO plugin v27.4 - https:\/\/yoast.com\/product\/yoast-seo-wordpress\/ -->\n<title>\u00d6\u011frenmenin ya\u015f\u0131n\u0131n olmad\u0131\u011f\u0131n\u0131 g\u00f6sterdiler - Memurun Sesi<\/title>\n<meta name=\"robots\" content=\"index, follow, max-snippet:-1, max-image-preview:large, max-video-preview:-1\" \/>\n<link rel=\"canonical\" href=\"https:\/\/memurunsesi.net\/index.php\/2025\/05\/28\/ogrenmenin-yasinin-olmadigini-gosterdiler\/\" \/>\n<meta property=\"og:locale\" content=\"tr_TR\" \/>\n<meta property=\"og:type\" content=\"article\" \/>\n<meta property=\"og:title\" content=\"\u00d6\u011frenmenin ya\u015f\u0131n\u0131n olmad\u0131\u011f\u0131n\u0131 g\u00f6sterdiler - Memurun Sesi\" \/>\n<meta property=\"og:description\" content=\"Sar\u0131g\u00f6l Halk E\u011fitim Merkezi M\u00fcd\u00fcrl\u00fc\u011f\u00fc taraf\u0131ndan &#8216;Hayat Boyu \u00d6\u011frenme Haftas\u0131&#8217; etkinlikleri kapsam\u0131nda d\u00fczenlenen sergi \u00f6\u011frenmenin ya\u015f\u0131n\u0131n olmad\u0131\u011f\u0131n\u0131 g\u00f6zler \u00f6n\u00fcne serdi. Sar\u0131g\u00f6l Mesleki ve Teknik Anadolu Lisesi&#8217;nde ger\u00e7ekle\u015ftirilen programa, Sar\u0131g\u00f6l Kaymakam\u0131 Halil Dalak, \u0130l\u00e7e Milli E\u011fitim M\u00fcd\u00fcr\u00fc Cezmi Y\u0131ld\u0131rak, okul m\u00fcd\u00fcrleri, \u00f6\u011fretmenler, \u00f6\u011frenciler ve veliler kat\u0131ld\u0131. Program kapsam\u0131nda a\u00e7\u0131lan serginin a\u00e7\u0131l\u0131\u015f\u0131n\u0131 Sar\u0131g\u00f6l Kaymakam\u0131 Halil Dalak yapt\u0131. [&hellip;]\" \/>\n<meta property=\"og:url\" content=\"https:\/\/memurunsesi.net\/index.php\/2025\/05\/28\/ogrenmenin-yasinin-olmadigini-gosterdiler\/\" \/>\n<meta property=\"og:site_name\" content=\"Memurun Sesi\" \/>\n<meta property=\"article:publisher\" content=\"https:\/\/www.facebook.com\/unipersen\/?locale=tr_TR\" \/>\n<meta property=\"article:published_time\" content=\"2025-05-28T06:03:18+00:00\" \/>\n<meta property=\"og:image\" content=\"https:\/\/memurunsesi.net\/wp-content\/uploads\/2025\/05\/AW464376_01-scaled.jpg\" \/>\n\t<meta property=\"og:image:width\" content=\"2560\" \/>\n\t<meta property=\"og:image:height\" content=\"1920\" \/>\n\t<meta property=\"og:image:type\" content=\"image\/jpeg\" \/>\n<meta name=\"author\" content=\"Memurun Sesi Haber Merkezi\" \/>\n<meta name=\"twitter:card\" content=\"summary_large_image\" \/>\n<meta name=\"twitter:creator\" content=\"@unipersen\" \/>\n<meta name=\"twitter:site\" content=\"@unipersen\" \/>\n<meta name=\"twitter:label1\" content=\"Yazan:\" \/>\n\t<meta name=\"twitter:data1\" content=\"Memurun Sesi Haber Merkezi\" \/>\n\t<meta name=\"twitter:label2\" content=\"Tahmini okuma s\u00fcresi\" \/>\n\t<meta name=\"twitter:data2\" content=\"1 dakika\" \/>\n<script type=\"application\/ld+json\" class=\"yoast-schema-graph\">{\"@context\":\"https:\\\/\\\/schema.org\",\"@graph\":[{\"@type\":\"Article\",\"@id\":\"https:\\\/\\\/memurunsesi.net\\\/index.php\\\/2025\\\/05\\\/28\\\/ogrenmenin-yasinin-olmadigini-gosterdiler\\\/#article\",\"isPartOf\":{\"@id\":\"https:\\\/\\\/memurunsesi.net\\\/index.php\\\/2025\\\/05\\\/28\\\/ogrenmenin-yasinin-olmadigini-gosterdiler\\\/\"},\"author\":{\"name\":\"Memurun Sesi Haber Merkezi\",\"@id\":\"https:\\\/\\\/memurunsesi.net\\\/#\\\/schema\\\/person\\\/f21c2d73b89f6ee1d80b0a1803e38587\"},\"headline\":\"\u00d6\u011frenmenin ya\u015f\u0131n\u0131n olmad\u0131\u011f\u0131n\u0131 g\u00f6sterdiler\",\"datePublished\":\"2025-05-28T06:03:18+00:00\",\"mainEntityOfPage\":{\"@id\":\"https:\\\/\\\/memurunsesi.net\\\/index.php\\\/2025\\\/05\\\/28\\\/ogrenmenin-yasinin-olmadigini-gosterdiler\\\/\"},\"wordCount\":177,\"commentCount\":0,\"publisher\":{\"@id\":\"https:\\\/\\\/memurunsesi.net\\\/#organization\"},\"image\":{\"@id\":\"https:\\\/\\\/memurunsesi.net\\\/index.php\\\/2025\\\/05\\\/28\\\/ogrenmenin-yasinin-olmadigini-gosterdiler\\\/#primaryimage\"},\"thumbnailUrl\":\"https:\\\/\\\/memurunsesi.net\\\/wp-content\\\/uploads\\\/2025\\\/05\\\/AW464376_01-scaled.jpg\",\"inLanguage\":\"tr\",\"potentialAction\":[{\"@type\":\"CommentAction\",\"name\":\"Comment\",\"target\":[\"https:\\\/\\\/memurunsesi.net\\\/index.php\\\/2025\\\/05\\\/28\\\/ogrenmenin-yasinin-olmadigini-gosterdiler\\\/#respond\"]}]},{\"@type\":\"WebPage\",\"@id\":\"https:\\\/\\\/memurunsesi.net\\\/index.php\\\/2025\\\/05\\\/28\\\/ogrenmenin-yasinin-olmadigini-gosterdiler\\\/\",\"url\":\"https:\\\/\\\/memurunsesi.net\\\/index.php\\\/2025\\\/05\\\/28\\\/ogrenmenin-yasinin-olmadigini-gosterdiler\\\/\",\"name\":\"\u00d6\u011frenmenin ya\u015f\u0131n\u0131n olmad\u0131\u011f\u0131n\u0131 g\u00f6sterdiler - Memurun Sesi\",\"isPartOf\":{\"@id\":\"https:\\\/\\\/memurunsesi.net\\\/#website\"},\"primaryImageOfPage\":{\"@id\":\"https:\\\/\\\/memurunsesi.net\\\/index.php\\\/2025\\\/05\\\/28\\\/ogrenmenin-yasinin-olmadigini-gosterdiler\\\/#primaryimage\"},\"image\":{\"@id\":\"https:\\\/\\\/memurunsesi.net\\\/index.php\\\/2025\\\/05\\\/28\\\/ogrenmenin-yasinin-olmadigini-gosterdiler\\\/#primaryimage\"},\"thumbnailUrl\":\"https:\\\/\\\/memurunsesi.net\\\/wp-content\\\/uploads\\\/2025\\\/05\\\/AW464376_01-scaled.jpg\",\"datePublished\":\"2025-05-28T06:03:18+00:00\",\"breadcrumb\":{\"@id\":\"https:\\\/\\\/memurunsesi.net\\\/index.php\\\/2025\\\/05\\\/28\\\/ogrenmenin-yasinin-olmadigini-gosterdiler\\\/#breadcrumb\"},\"inLanguage\":\"tr\",\"potentialAction\":[{\"@type\":\"ReadAction\",\"target\":[\"https:\\\/\\\/memurunsesi.net\\\/index.php\\\/2025\\\/05\\\/28\\\/ogrenmenin-yasinin-olmadigini-gosterdiler\\\/\"]}]},{\"@type\":\"ImageObject\",\"inLanguage\":\"tr\",\"@id\":\"https:\\\/\\\/memurunsesi.net\\\/index.php\\\/2025\\\/05\\\/28\\\/ogrenmenin-yasinin-olmadigini-gosterdiler\\\/#primaryimage\",\"url\":\"https:\\\/\\\/memurunsesi.net\\\/wp-content\\\/uploads\\\/2025\\\/05\\\/AW464376_01-scaled.jpg\",\"contentUrl\":\"https:\\\/\\\/memurunsesi.net\\\/wp-content\\\/uploads\\\/2025\\\/05\\\/AW464376_01-scaled.jpg\",\"width\":2560,\"height\":1920,\"caption\":\"SARIG\u00d6L HALK E\u011e\u0130T\u0130M MERKEZ\u0130 M\u00dcD\u00dcRL\u00dc\u011e\u00dc TARAFINDAN 'HAYAT BOYU \u00d6\u011eRENME HAFTASI' ETK\u0130NL\u0130KLER\u0130 KAPSAMINDA D\u00dcZENLENEN SERG\u0130 \u00d6\u011eRENMEN\u0130N YA\u015eININ OLMADI\u011eINI G\u00d6ZLER \u00d6N\u00dcNE SERD\u0130. (H\u0130MMET VEHB\u0130 SARIHAN\\\/MAN\u0130SA-\u0130HA) Sar\u0131g\u00f6l Halk E\u011fitim Merkezi M\u00fcd\u00fcrl\u00fc\u011f\u00fc taraf\u0131ndan 'Hayat Boyu \u00d6\u011frenme Haftas\u0131' etkinlikleri kapsam\u0131nda d\u00fczenlenen sergi \u00f6\u011frenmenin ya\u015f\u0131n\u0131n olmad\u0131\u011f\u0131n\u0131 g\u00f6zler \u00f6n\u00fcne serdi.\"},{\"@type\":\"BreadcrumbList\",\"@id\":\"https:\\\/\\\/memurunsesi.net\\\/index.php\\\/2025\\\/05\\\/28\\\/ogrenmenin-yasinin-olmadigini-gosterdiler\\\/#breadcrumb\",\"itemListElement\":[{\"@type\":\"ListItem\",\"position\":1,\"name\":\"Anasayfa\",\"item\":\"https:\\\/\\\/memurunsesi.net\\\/\"},{\"@type\":\"ListItem\",\"position\":2,\"name\":\"\u00d6\u011frenmenin ya\u015f\u0131n\u0131n olmad\u0131\u011f\u0131n\u0131 g\u00f6sterdiler\"}]},{\"@type\":\"WebSite\",\"@id\":\"https:\\\/\\\/memurunsesi.net\\\/#website\",\"url\":\"https:\\\/\\\/memurunsesi.net\\\/\",\"name\":\"Memurun Sesi\",\"description\":\"G\u00fcncel ve Do\u011fru Haber\",\"publisher\":{\"@id\":\"https:\\\/\\\/memurunsesi.net\\\/#organization\"},\"potentialAction\":[{\"@type\":\"SearchAction\",\"target\":{\"@type\":\"EntryPoint\",\"urlTemplate\":\"https:\\\/\\\/memurunsesi.net\\\/?s={search_term_string}\"},\"query-input\":{\"@type\":\"PropertyValueSpecification\",\"valueRequired\":true,\"valueName\":\"search_term_string\"}}],\"inLanguage\":\"tr\"},{\"@type\":\"Organization\",\"@id\":\"https:\\\/\\\/memurunsesi.net\\\/#organization\",\"name\":\"Memurun Sesi\",\"url\":\"https:\\\/\\\/memurunsesi.net\\\/\",\"logo\":{\"@type\":\"ImageObject\",\"inLanguage\":\"tr\",\"@id\":\"https:\\\/\\\/memurunsesi.net\\\/#\\\/schema\\\/logo\\\/image\\\/\",\"url\":\"https:\\\/\\\/memurunsesi.net\\\/wp-content\\\/uploads\\\/2025\\\/11\\\/cropped-MEMURUN-SESI.png\",\"contentUrl\":\"https:\\\/\\\/memurunsesi.net\\\/wp-content\\\/uploads\\\/2025\\\/11\\\/cropped-MEMURUN-SESI.png\",\"width\":238,\"height\":57,\"caption\":\"Memurun Sesi\"},\"image\":{\"@id\":\"https:\\\/\\\/memurunsesi.net\\\/#\\\/schema\\\/logo\\\/image\\\/\"},\"sameAs\":[\"https:\\\/\\\/www.facebook.com\\\/unipersen\\\/?locale=tr_TR\",\"https:\\\/\\\/x.com\\\/unipersen\"]},{\"@type\":\"Person\",\"@id\":\"https:\\\/\\\/memurunsesi.net\\\/#\\\/schema\\\/person\\\/f21c2d73b89f6ee1d80b0a1803e38587\",\"name\":\"Memurun Sesi Haber Merkezi\",\"image\":{\"@type\":\"ImageObject\",\"inLanguage\":\"tr\",\"@id\":\"https:\\\/\\\/secure.gravatar.com\\\/avatar\\\/6cf0505f452ee753f485014986fab09a434671d2b919ee76fc541025c5876a70?s=96&d=mm&r=g\",\"url\":\"https:\\\/\\\/secure.gravatar.com\\\/avatar\\\/6cf0505f452ee753f485014986fab09a434671d2b919ee76fc541025c5876a70?s=96&d=mm&r=g\",\"contentUrl\":\"https:\\\/\\\/secure.gravatar.com\\\/avatar\\\/6cf0505f452ee753f485014986fab09a434671d2b919ee76fc541025c5876a70?s=96&d=mm&r=g\",\"caption\":\"Memurun Sesi Haber Merkezi\"},\"sameAs\":[\"https:\\\/\\\/memurunsesi.net\"],\"url\":\"https:\\\/\\\/memurunsesi.net\\\/index.php\\\/author\\\/uniper\\\/\"}]}<\/script>\n<!-- \/ Yoast SEO plugin. -->","yoast_head_json":{"title":"\u00d6\u011frenmenin ya\u015f\u0131n\u0131n olmad\u0131\u011f\u0131n\u0131 g\u00f6sterdiler - Memurun Sesi","robots":{"index":"index","follow":"follow","max-snippet":"max-snippet:-1","max-image-preview":"max-image-preview:large","max-video-preview":"max-video-preview:-1"},"canonical":"https:\/\/memurunsesi.net\/index.php\/2025\/05\/28\/ogrenmenin-yasinin-olmadigini-gosterdiler\/","og_locale":"tr_TR","og_type":"article","og_title":"\u00d6\u011frenmenin ya\u015f\u0131n\u0131n olmad\u0131\u011f\u0131n\u0131 g\u00f6sterdiler - Memurun Sesi","og_description":"Sar\u0131g\u00f6l Halk E\u011fitim Merkezi M\u00fcd\u00fcrl\u00fc\u011f\u00fc taraf\u0131ndan &#8216;Hayat Boyu \u00d6\u011frenme Haftas\u0131&#8217; etkinlikleri kapsam\u0131nda d\u00fczenlenen sergi \u00f6\u011frenmenin ya\u015f\u0131n\u0131n olmad\u0131\u011f\u0131n\u0131 g\u00f6zler \u00f6n\u00fcne serdi. Sar\u0131g\u00f6l Mesleki ve Teknik Anadolu Lisesi&#8217;nde ger\u00e7ekle\u015ftirilen programa, Sar\u0131g\u00f6l Kaymakam\u0131 Halil Dalak, \u0130l\u00e7e Milli E\u011fitim M\u00fcd\u00fcr\u00fc Cezmi Y\u0131ld\u0131rak, okul m\u00fcd\u00fcrleri, \u00f6\u011fretmenler, \u00f6\u011frenciler ve veliler kat\u0131ld\u0131. Program kapsam\u0131nda a\u00e7\u0131lan serginin a\u00e7\u0131l\u0131\u015f\u0131n\u0131 Sar\u0131g\u00f6l Kaymakam\u0131 Halil Dalak yapt\u0131. [&hellip;]","og_url":"https:\/\/memurunsesi.net\/index.php\/2025\/05\/28\/ogrenmenin-yasinin-olmadigini-gosterdiler\/","og_site_name":"Memurun Sesi","article_publisher":"https:\/\/www.facebook.com\/unipersen\/?locale=tr_TR","article_published_time":"2025-05-28T06:03:18+00:00","og_image":[{"width":2560,"height":1920,"url":"https:\/\/memurunsesi.net\/wp-content\/uploads\/2025\/05\/AW464376_01-scaled.jpg","type":"image\/jpeg"}],"author":"Memurun Sesi Haber Merkezi","twitter_card":"summary_large_image","twitter_creator":"@unipersen","twitter_site":"@unipersen","twitter_misc":{"Yazan:":"Memurun Sesi Haber Merkezi","Tahmini okuma s\u00fcresi":"1 dakika"},"schema":{"@context":"https:\/\/schema.org","@graph":[{"@type":"Article","@id":"https:\/\/memurunsesi.net\/index.php\/2025\/05\/28\/ogrenmenin-yasinin-olmadigini-gosterdiler\/#article","isPartOf":{"@id":"https:\/\/memurunsesi.net\/index.php\/2025\/05\/28\/ogrenmenin-yasinin-olmadigini-gosterdiler\/"},"author":{"name":"Memurun Sesi Haber Merkezi","@id":"https:\/\/memurunsesi.net\/#\/schema\/person\/f21c2d73b89f6ee1d80b0a1803e38587"},"headline":"\u00d6\u011frenmenin ya\u015f\u0131n\u0131n olmad\u0131\u011f\u0131n\u0131 g\u00f6sterdiler","datePublished":"2025-05-28T06:03:18+00:00","mainEntityOfPage":{"@id":"https:\/\/memurunsesi.net\/index.php\/2025\/05\/28\/ogrenmenin-yasinin-olmadigini-gosterdiler\/"},"wordCount":177,"commentCount":0,"publisher":{"@id":"https:\/\/memurunsesi.net\/#organization"},"image":{"@id":"https:\/\/memurunsesi.net\/index.php\/2025\/05\/28\/ogrenmenin-yasinin-olmadigini-gosterdiler\/#primaryimage"},"thumbnailUrl":"https:\/\/memurunsesi.net\/wp-content\/uploads\/2025\/05\/AW464376_01-scaled.jpg","inLanguage":"tr","potentialAction":[{"@type":"CommentAction","name":"Comment","target":["https:\/\/memurunsesi.net\/index.php\/2025\/05\/28\/ogrenmenin-yasinin-olmadigini-gosterdiler\/#respond"]}]},{"@type":"WebPage","@id":"https:\/\/memurunsesi.net\/index.php\/2025\/05\/28\/ogrenmenin-yasinin-olmadigini-gosterdiler\/","url":"https:\/\/memurunsesi.net\/index.php\/2025\/05\/28\/ogrenmenin-yasinin-olmadigini-gosterdiler\/","name":"\u00d6\u011frenmenin ya\u015f\u0131n\u0131n olmad\u0131\u011f\u0131n\u0131 g\u00f6sterdiler - Memurun Sesi","isPartOf":{"@id":"https:\/\/memurunsesi.net\/#website"},"primaryImageOfPage":{"@id":"https:\/\/memurunsesi.net\/index.php\/2025\/05\/28\/ogrenmenin-yasinin-olmadigini-gosterdiler\/#primaryimage"},"image":{"@id":"https:\/\/memurunsesi.net\/index.php\/2025\/05\/28\/ogrenmenin-yasinin-olmadigini-gosterdiler\/#primaryimage"},"thumbnailUrl":"https:\/\/memurunsesi.net\/wp-content\/uploads\/2025\/05\/AW464376_01-scaled.jpg","datePublished":"2025-05-28T06:03:18+00:00","breadcrumb":{"@id":"https:\/\/memurunsesi.net\/index.php\/2025\/05\/28\/ogrenmenin-yasinin-olmadigini-gosterdiler\/#breadcrumb"},"inLanguage":"tr","potentialAction":[{"@type":"ReadAction","target":["https:\/\/memurunsesi.net\/index.php\/2025\/05\/28\/ogrenmenin-yasinin-olmadigini-gosterdiler\/"]}]},{"@type":"ImageObject","inLanguage":"tr","@id":"https:\/\/memurunsesi.net\/index.php\/2025\/05\/28\/ogrenmenin-yasinin-olmadigini-gosterdiler\/#primaryimage","url":"https:\/\/memurunsesi.net\/wp-content\/uploads\/2025\/05\/AW464376_01-scaled.jpg","contentUrl":"https:\/\/memurunsesi.net\/wp-content\/uploads\/2025\/05\/AW464376_01-scaled.jpg","width":2560,"height":1920,"caption":"SARIG\u00d6L HALK E\u011e\u0130T\u0130M MERKEZ\u0130 M\u00dcD\u00dcRL\u00dc\u011e\u00dc TARAFINDAN 'HAYAT BOYU \u00d6\u011eRENME HAFTASI' ETK\u0130NL\u0130KLER\u0130 KAPSAMINDA D\u00dcZENLENEN SERG\u0130 \u00d6\u011eRENMEN\u0130N YA\u015eININ OLMADI\u011eINI G\u00d6ZLER \u00d6N\u00dcNE SERD\u0130. (H\u0130MMET VEHB\u0130 SARIHAN\/MAN\u0130SA-\u0130HA) Sar\u0131g\u00f6l Halk E\u011fitim Merkezi M\u00fcd\u00fcrl\u00fc\u011f\u00fc taraf\u0131ndan 'Hayat Boyu \u00d6\u011frenme Haftas\u0131' etkinlikleri kapsam\u0131nda d\u00fczenlenen sergi \u00f6\u011frenmenin ya\u015f\u0131n\u0131n olmad\u0131\u011f\u0131n\u0131 g\u00f6zler \u00f6n\u00fcne serdi."},{"@type":"BreadcrumbList","@id":"https:\/\/memurunsesi.net\/index.php\/2025\/05\/28\/ogrenmenin-yasinin-olmadigini-gosterdiler\/#breadcrumb","itemListElement":[{"@type":"ListItem","position":1,"name":"Anasayfa","item":"https:\/\/memurunsesi.net\/"},{"@type":"ListItem","position":2,"name":"\u00d6\u011frenmenin ya\u015f\u0131n\u0131n olmad\u0131\u011f\u0131n\u0131 g\u00f6sterdiler"}]},{"@type":"WebSite","@id":"https:\/\/memurunsesi.net\/#website","url":"https:\/\/memurunsesi.net\/","name":"Memurun Sesi","description":"G\u00fcncel ve Do\u011fru Haber","publisher":{"@id":"https:\/\/memurunsesi.net\/#organization"},"potentialAction":[{"@type":"SearchAction","target":{"@type":"EntryPoint","urlTemplate":"https:\/\/memurunsesi.net\/?s={search_term_string}"},"query-input":{"@type":"PropertyValueSpecification","valueRequired":true,"valueName":"search_term_string"}}],"inLanguage":"tr"},{"@type":"Organization","@id":"https:\/\/memurunsesi.net\/#organization","name":"Memurun Sesi","url":"https:\/\/memurunsesi.net\/","logo":{"@type":"ImageObject","inLanguage":"tr","@id":"https:\/\/memurunsesi.net\/#\/schema\/logo\/image\/","url":"https:\/\/memurunsesi.net\/wp-content\/uploads\/2025\/11\/cropped-MEMURUN-SESI.png","contentUrl":"https:\/\/memurunsesi.net\/wp-content\/uploads\/2025\/11\/cropped-MEMURUN-SESI.png","width":238,"height":57,"caption":"Memurun Sesi"},"image":{"@id":"https:\/\/memurunsesi.net\/#\/schema\/logo\/image\/"},"sameAs":["https:\/\/www.facebook.com\/unipersen\/?locale=tr_TR","https:\/\/x.com\/unipersen"]},{"@type":"Person","@id":"https:\/\/memurunsesi.net\/#\/schema\/person\/f21c2d73b89f6ee1d80b0a1803e38587","name":"Memurun Sesi Haber Merkezi","image":{"@type":"ImageObject","inLanguage":"tr","@id":"https:\/\/secure.gravatar.com\/avatar\/6cf0505f452ee753f485014986fab09a434671d2b919ee76fc541025c5876a70?s=96&d=mm&r=g","url":"https:\/\/secure.gravatar.com\/avatar\/6cf0505f452ee753f485014986fab09a434671d2b919ee76fc541025c5876a70?s=96&d=mm&r=g","contentUrl":"https:\/\/secure.gravatar.com\/avatar\/6cf0505f452ee753f485014986fab09a434671d2b919ee76fc541025c5876a70?s=96&d=mm&r=g","caption":"Memurun Sesi Haber Merkezi"},"sameAs":["https:\/\/memurunsesi.net"],"url":"https:\/\/memurunsesi.net\/index.php\/author\/uniper\/"}]}},"_links":{"self":[{"href":"https:\/\/memurunsesi.net\/index.php\/wp-json\/wp\/v2\/posts\/7432","targetHints":{"allow":["GET"]}}],"collection":[{"href":"https:\/\/memurunsesi.net\/index.php\/wp-json\/wp\/v2\/posts"}],"about":[{"href":"https:\/\/memurunsesi.net\/index.php\/wp-json\/wp\/v2\/types\/post"}],"author":[{"embeddable":true,"href":"https:\/\/memurunsesi.net\/index.php\/wp-json\/wp\/v2\/users\/1"}],"replies":[{"embeddable":true,"href":"https:\/\/memurunsesi.net\/index.php\/wp-json\/wp\/v2\/comments?post=7432"}],"version-history":[{"count":1,"href":"https:\/\/memurunsesi.net\/index.php\/wp-json\/wp\/v2\/posts\/7432\/revisions"}],"predecessor-version":[{"id":7434,"href":"https:\/\/memurunsesi.net\/index.php\/wp-json\/wp\/v2\/posts\/7432\/revisions\/7434"}],"wp:featuredmedia":[{"embeddable":true,"href":"https:\/\/memurunsesi.net\/index.php\/wp-json\/wp\/v2\/media\/7433"}],"wp:attachment":[{"href":"https:\/\/memurunsesi.net\/index.php\/wp-json\/wp\/v2\/media?parent=7432"}],"wp:term":[{"taxonomy":"category","embeddable":true,"href":"https:\/\/memurunsesi.net\/index.php\/wp-json\/wp\/v2\/categories?post=7432"},{"taxonomy":"post_tag","embeddable":true,"href":"https:\/\/memurunsesi.net\/index.php\/wp-json\/wp\/v2\/tags?post=7432"}],"curies":[{"name":"wp","href":"https:\/\/api.w.org\/{rel}","templated":true}]}}