{"id":7584,"date":"2025-06-03T08:18:45","date_gmt":"2025-06-03T05:18:45","guid":{"rendered":"https:\/\/memurunsesi.net\/?p=7584"},"modified":"2025-06-03T08:18:45","modified_gmt":"2025-06-03T05:18:45","slug":"mugla-sitki-kocman-universitesi-rektorlugunden","status":"publish","type":"post","link":"https:\/\/memurunsesi.net\/index.php\/2025\/06\/03\/mugla-sitki-kocman-universitesi-rektorlugunden\/","title":{"rendered":"Mu\u011fla S\u0131tk\u0131 Ko\u00e7man \u00dcniversitesi Rekt\u00f6rl\u00fc\u011f\u00fcnden:"},"content":{"rendered":"<p>\u00d6\u011eRET\u0130M \u00dcYES\u0130 ALIM \u0130LANI<\/p>\n<p>\u00dcniversitemizin a\u015fa\u011f\u0131da belirtilen bo\u015f kadrolar\u0131na 2547 say\u0131l\u0131 Kanun, \u00d6\u011fretim \u00dcyeli\u011fine Y\u00fckseltilme ve Atanma Y\u00f6netmeli\u011fi ile Mu\u011fla S\u0131tk\u0131 Ko\u00e7man \u00dcniversitesi \u00d6\u011fretim \u00dcyeli\u011fine Y\u00fckseltilme ve Atanma Ko\u015fullar\u0131 Y\u00f6nergesi (bak\u0131n\u0131z: (https:\/\/personel.mu.edu.tr\/) h\u00fck\u00fcmleri  do\u011frultusunda \u00f6\u011fretim \u00fcyesi al\u0131nacakt\u0131r.<br \/>\n\u00dcniversitemiz \u00f6\u011fretim \u00fcyesi kadrolar\u0131na t\u00fcm ba\u015fvurular https:\/\/muybis.mu.edu.tr\/atama\/ilanlar adresi \u00fczerinden &#8220;\u00dcniversitemiz \u00d6\u011fretim \u00dcyesi Kadrolar\u0131 Elektronik Ba\u015fvuru K\u0131lavuzu&#8221; do\u011frultusunda haz\u0131rlanarak elektronik ortamda al\u0131nacakt\u0131r.<\/p>\n<p>GENEL A\u00c7IKLAMALAR:<br \/>\n1) Adaylar\u0131n 657 say\u0131l\u0131 Devlet Memurlar\u0131 Kanunu&#8217;nun 48 inci maddesinde belirtilen \u015fartlar\u0131 ta\u015f\u0131malar\u0131 gerekir.<br \/>\n2) Ba\u015fvuru s\u00fcresi ilan\u0131n Resm\u00ee Gazete&#8217;de yay\u0131n tarihinden itibaren en az 15 (on be\u015f) g\u00fcnd\u00fcr. (Islak imzal\u0131 dilek\u00e7elerin ilan ba\u015fvuru s\u00fcresi i\u00e7erisinde \u00dcniversitemiz kay\u0131tlar\u0131na al\u0131nm\u0131\u015f olmas\u0131 gerekmektedir. Postada ya\u015fanan gecikmelerden dolay\u0131, s\u00fcresi i\u00e7inde \u00dcniversitemize ula\u015fmayan ba\u015fvurular kabul edilmeyecektir.)<br \/>\n3) Sistem \u00fczerinden tamamlanmayan taslak durumundaki ba\u015fvurular ve eksik bilgi\/belgesi olan adaylar\u0131n ba\u015fvurular\u0131 kabul edilmeyecektir. (Elektronik ortamda yap\u0131lan ba\u015fvurularda istenen t\u00fcm bilgi ve belgeler gerekti\u011finde adaylardan fiziki olarak istenebilecektir.)<br \/>\n4) Yabanc\u0131 \u00fclkelerden al\u0131nan diplomalar\u0131n \u00dcniversiteleraras\u0131 Kurul Ba\u015fkanl\u0131\u011f\u0131 taraf\u0131ndan denkli\u011finin onaylanm\u0131\u015f olmas\u0131 \u015fartt\u0131r.<br \/>\n5) Dr.\u00d6\u011fr.\u00dcyesi kadrolar\u0131na, do\u00e7ent \u00fcnvan\u0131n\u0131 alm\u0131\u015f olanlar ile profes\u00f6rler ba\u015fvuru yapamazlar.<br \/>\n6) Hizmet Belgesi \u00dcniversitemiz d\u0131\u015f\u0131ndan m\u00fcracaat edecekler i\u00e7in istenmektedir.<br \/>\n7) (*) Adaylar\u0131n &#8220;Y\u00fcksek\u00f6\u011fretim Kurumlar\u0131nda Yabanc\u0131 Dil \u00d6\u011fretimi ve Yabanc\u0131 Dille \u00d6\u011fretim Yap\u0131lmas\u0131nda Uyulacak Esaslara \u0130li\u015fkin Y\u00f6netmelik&#8221;in ilgili maddelerinde belirtilen yabanc\u0131 dil \u015fart\u0131n\u0131 yerine getirmesi gerekmektedir.<br \/>\n8) Mecburi hizmet y\u00fck\u00fcml\u00fcl\u00fckleri olanlar\u0131n 2547 say\u0131l\u0131 Kanun\u2019un 35 inci maddesinin \u00fc\u00e7\u00fcnc\u00fc f\u0131kras\u0131nda belirtilen e\u015f durumu veya sa\u011fl\u0131k mazeretlerine ili\u015fkin belgeleri teslim etmeleri gerekmektedir.<br \/>\n9) \u00dcniversite uygun g\u00f6rd\u00fc\u011f\u00fc takdirde ilan\u0131n her a\u015famas\u0131 iptal edilebilir.<br \/>\n10) Ba\u015fvuruda istenen a\u015fa\u011f\u0131da belirtilen t\u00fcm belgelerin https:\/\/muybis.mu.edu.tr\/atama\/ilanlar adresi \u00fczerinden elektronik olarak y\u00fcklenmesi gerekmektedir. Ba\u015fvuru yapacak adaylar, \u00d6\u011fretim \u00dcyesi Kadrolar\u0131 Elektronik Ba\u015fvuru K\u0131lavuzuna sisteme giri\u015f yapt\u0131klar\u0131 takdirde eri\u015febileceklerdir.<\/p>\n<p>BA\u015eVURUDA \u0130STENEN BELGELER:<br \/>\n1-\u00d6\u011fretim \u00dcyesi Ba\u015fvuru Dilek\u00e7esi (https:\/\/personel.mu.edu.tr\/tr\/dokuman adresindeki Atama Belgeleri sekmesi alt\u0131nda yer alan \u00d6\u011fretim \u00dcyesi Ba\u015fvuru Dilek\u00e7e \u00d6rne\u011fi), (\u0130lgili sekmeden indirilecek dilek\u00e7e \u00f6rne\u011finin, doldurulduktan sonra \u0131slak olarak imzalanmas\u0131 ve bu \u015fekliyle taranarak sisteme y\u00fcklenmesi gerekmektedir.) Ayr\u0131ca dilek\u00e7enin asl\u0131n\u0131n ba\u015fvuru s\u00fcresi i\u00e7erisinde; Profes\u00f6r ve Do\u00e7ent kadrolar\u0131na ba\u015fvuracak adaylar i\u00e7in \u00dcniversitemiz Personel Dairesi Ba\u015fkanl\u0131\u011f\u0131na, Dr. \u00d6\u011fr.\u00dcyesi kadrosuna ba\u015fvuracak adaylar i\u00e7in ilgili Fak\u00fclte Dekanl\u0131\u011f\u0131na iletilmesi gerekmektedir. Elektronik ba\u015fvuruyu tamamlayan adaylar\u0131n dilek\u00e7e haricinde elden\/posta ile belge g\u00f6ndermelerine gerek yoktur.<br \/>\n2- \u00d6zge\u00e7mi\u015f ve Yay\u0131n Listesi<br \/>\n3- Diploma ve Mezuniyet Belgeleri (e-Devlet \u00fczerinden do\u011frulanabilir karekodlu al\u0131nan belgeler de ge\u00e7erlidir.)<br \/>\n4- Foto\u011fraf (G\u00fcncel olmak kayd\u0131yla, dijital ortamda bulunan vesikal\u0131k bir adet foto\u011fraf\u0131n veya fiziki vesikal\u0131k bir adet foto\u011fraf\u0131n taranarak sisteme y\u00fcklenmesi gerekmektedir.)<br \/>\n5- T.C. Kimlik Kart\u0131 Fotokopisi<br \/>\n6- Do\u00e7entlik Belgesi ( e-Devlet \u00fczerinden do\u011frulanabilir karekodlu al\u0131nan belge de ge\u00e7erlidir.)<br \/>\n7- Hizmet Belgesi ( \u00dcniversitemiz d\u0131\u015f\u0131nda herhangi bir kamu kurulu\u015funda \u00e7al\u0131\u015fanlar, daha \u00f6nce \u00e7al\u0131\u015f\u0131p ayr\u0131lsalar dahi bu belgeyi y\u00fckleyeceklerdir.<br \/>\n\u00dcniversitemiz i\u00e7inden ba\u015fvuru yapacaklar\u0131n bu belgeyi y\u00fcklemelerine gerek yoktur.<br \/>\n(e-Devlet sisteminde bulunan H\u0130TAP Hizmet D\u00f6k\u00fcm\u00fc \u00fczerinden al\u0131nacak belgeler de ge\u00e7erlidir.) 8-Bilimsel Ara\u015ft\u0131rma ve Yay\u0131n Dosyas\u0131 (K\u0131lavuzda belirtildi\u011fi \u015fekilde ekleyiniz)<br \/>\n9- a) Ba\u015fvuru Formu [Ba\u015fvurulacak kadronun Temel alan\u0131na ait Ba\u015fvuru Formunun doldurulduktan sonra \u0131slak olarak imzalanmas\u0131 ve bu \u015fekliyle taranarak sisteme y\u00fcklenmesi gerekmektedir. (https:\/\/personel.mu.edu.tr\/tr\/dokuman adresinde yer alan Ba\u015fvuru Formu)]<br \/>\nb) Profes\u00f6rl\u00fck takdim \u00e7al\u0131\u015fmas\u0131 (Sisteme y\u00fcklenmesi gerekmektedir.)<br \/>\n10- a) Do\u00e7entlik S\u00f6zl\u00fc S\u0131nav\u0131 Ba\u015fvuru Dilek\u00e7esi Do\u00e7entli\u011fini s\u00f6zl\u00fc s\u0131nava girerek alanlar hari\u00e7, [Bu dilek\u00e7enin doldurulduktan sonra \u0131slak olarak imzalanmas\u0131 ve bu \u015fekliyle taranarak sisteme y\u00fcklenmesi gerekmektedir. (Profes\u00f6r ve do\u00e7ent kadrosuna ba\u015fvuru yapan ve s\u00f6zl\u00fc s\u0131nava girecek adaylar i\u00e7in)] Do\u00e7entlik Eser \u0130ncelemesinden ge\u00e7erek do\u00e7ent \u00fcnvan\u0131 alm\u0131\u015f ancak s\u00f6zl\u00fc s\u0131nava girmemi\u015f profes\u00f6r ve do\u00e7ent adaylar\u0131n\u0131n; s\u00f6zl\u00fc s\u0131navlar\u0131 ilan ba\u015fvuru  s\u00fcresi  tamamland\u0131ktan  sonra  \u00dcniversiteleraras\u0131  Kurul  (\u00dcAK)  taraf\u0131ndan  belirlenecek  j\u00fcriler  taraf\u0131ndan  yap\u0131lacakt\u0131r.  (Mu\u011fla  S\u0131tk\u0131    Ko\u00e7man \u00dcniversitesi \u00d6\u011fretim \u00dcyeli\u011fine Y\u00fckseltilme ve Atanma Ko\u015fullar\u0131 Y\u00f6nergesi&#8217;nin 5 inci maddesi)<br \/>\nb) 06 Mart 2018 tarihli ve 30352 say\u0131l\u0131 Resm\u00ee Gazete&#8217;de yay\u0131mlanan 7100 say\u0131l\u0131 Kanunla \u00dcniversiteleraras\u0131 Kurul taraf\u0131ndan yap\u0131lan do\u00e7entlikte s\u00f6zl\u00fc s\u0131nav\u0131n kald\u0131r\u0131lm\u0131\u015f olmas\u0131 nedeniyle, bu tarihten sonra do\u00e7entlik \u00fcnvan\u0131 alan ve s\u00f6zl\u00fc s\u0131nava girerek ba\u015far\u0131l\u0131 olan adaylar\u0131n, e-Devlet \u00fczerinden do\u011frulanabilir karekodlu al\u0131nan \u201cDO\u00c7ENTL\u0130K S\u00d6ZL\u00dc SINAV BA\u015eARI BELGES\u0130\u201dni Do\u00e7entlik Belgesi ile birlikte y\u00fcklemeleri gerekmektedir.<br \/>\nc) Yabanc\u0131 Dil Belgesi (e-Devlet \u00fczerinden do\u011frulanabilir karekodlu al\u0131nan belgeler de ge\u00e7erlidir.)<br \/>\n11- Deneme Dersi Dilek\u00e7esi (*Genel a\u00e7\u0131klamalar 7. madde kapsam\u0131nda ba\u015fvuru yapacak adaylar i\u00e7in) (Bu dilek\u00e7enin doldurulduktan sonra \u0131slak olarak imzalanmas\u0131 ve bu \u015fekliyle taranarak sisteme y\u00fcklenmesi gerekmektedir.)<\/p>\n<p>\u0130LAN NO<\/p>\n<p>B\u0130R\u0130M<\/p>\n<p>B\u00d6L\u00dcM<\/p>\n<p>ABD\/ PROGRAM<\/p>\n<p>\u00dcNVAN<\/p>\n<p>DER.<\/p>\n<p>A\u00c7IKLAMA<\/p>\n<p>\u00d6\u00dc202501<\/p>\n<p>Bodrum G\u00fczel Sanatlar Fak\u00fcltesi (*)<\/p>\n<p>Dijital Oyun Tasar\u0131m\u0131<\/p>\n<p>Dijital Oyun Tasar\u0131m\u0131<\/p>\n<p>Do\u00e7ent<\/p>\n<p>3<\/p>\n<p>Do\u00e7entli\u011fini Sosyal, Be\u015feri ve \u0130dari Bilimler temel alan\u0131, \u0130leti\u015fim \u00c7al\u0131\u015fmalar\u0131 Bilim alan\u0131nda alm\u0131\u015f olmak. Dijital ileti\u015fim ve yeni ileti\u015fim teknolojileri alan\u0131nda \u00e7al\u0131\u015fmalar\u0131 olmak. (A\u00e7\u0131klamalar 7. madde)<\/p>\n<p>\u00d6\u00dc202502<\/p>\n<p>Edebiyat Fak\u00fcltesi<\/p>\n<p>Tarih<\/p>\n<p>Yak\u0131n \u00c7a\u011f Tarihi<\/p>\n<p>Do\u00e7ent<\/p>\n<p>1<\/p>\n<p>Do\u00e7entli\u011fini Yak\u0131n\u00e7a\u011f Tarihi bilim alan\u0131nda alm\u0131\u015f olmak. Osmanl\u0131 tarihi, asker\u00ee tarih, te\u015fkilat tarihi, denizcilik tarihi ve yenile\u015fme tarihi alanlar\u0131nda bilimsel \u00e7al\u0131\u015fmalar\u0131 bulunmak.<\/p>\n<p>\u00d6\u00dc202503<\/p>\n<p>Edebiyat Fak\u00fcltesi<\/p>\n<p>Felsefe<\/p>\n<p>Bilim Tarihi<\/p>\n<p>Dr. \u00d6\u011fr. \u00dcyesi<\/p>\n<p>2<\/p>\n<p>Y\u00fcksek lisans ve doktoras\u0131n\u0131 Felsefe Anabilim Dal\u0131nda yapm\u0131\u015f olmak. Bilim felsefesi ile ilgili \u00e7al\u0131\u015fmalar\u0131 olmak.<\/p>\n<p>\u00d6\u00dc202504<\/p>\n<p>Edebiyat Fak\u00fcltesi<\/p>\n<p>Arkeoloji<\/p>\n<p>Klasik Arkeoloji<\/p>\n<p>Do\u00e7ent<\/p>\n<p>1<\/p>\n<p>Do\u00e7entli\u011fini Arkeoloji alan\u0131nda alm\u0131\u015f olmak. Hellenistik d\u00f6nem arkeolojisi \u00fczerine \u00e7al\u0131\u015fmalar\u0131 olmak.<\/p>\n<p>\u00d6\u00dc202505<\/p>\n<p>Edebiyat Fak\u00fcltesi<\/p>\n<p>\u00c7a\u011fda\u015f T\u00fcrk Leh\u00e7eleri ve Edebiyatlar\u0131<\/p>\n<p>Kuzey-Do\u011fu T\u00fcrk Leh\u00e7eleri ve Edebiyatlar\u0131<\/p>\n<p>Profes\u00f6r<\/p>\n<p>1<\/p>\n<p>Do\u00e7entli\u011fini \u00c7a\u011fda\u015f T\u00fcrk Leh\u00e7eleri ve Edebiyatlar\u0131 bilim alan\u0131nda alm\u0131\u015f olmak. \u00c7a\u011fda\u015f T\u00fcrk Leh\u00e7eleri ve Kuzey-Do\u011fu (Sibirya) T\u00fcrk Leh\u00e7eleriyle ilgili \u00e7al\u0131\u015fmalar\u0131 olmak.<\/p>\n<p>\u00d6\u00dc202506<\/p>\n<p>E\u011fitim Fak\u00fcltesi<\/p>\n<p>E\u011fitim Bilimleri<\/p>\n<p>E\u011fitim Programlar\u0131 ve \u00d6\u011fretim<\/p>\n<p>Profes\u00f6r<\/p>\n<p>1<\/p>\n<p>Do\u00e7entli\u011fini E\u011fitim Programlar\u0131 ve \u00d6\u011fretim alan\u0131nda alm\u0131\u015f olmak. Yarat\u0131c\u0131 drama ve insan haklar\u0131 e\u011fitimi gibi konularda \u00e7al\u0131\u015fmalar\u0131 olmak.<\/p>\n<p>\u00d6\u00dc202507<\/p>\n<p>E\u011fitim Fak\u00fcltesi<\/p>\n<p>Matematik ve Fen Bilimleri E\u011fitimi<\/p>\n<p>Fen Bilgisi E\u011fitimi<\/p>\n<p>Do\u00e7ent<\/p>\n<p>1<\/p>\n<p>Do\u00e7entli\u011fini Temel E\u011fitim (Fen Bilgisi E\u011fitimi) alan\u0131nda alm\u0131\u015f olmak. Fen e\u011fitiminde yapay zek\u00e2 destekli \u00e7al\u0131\u015fmalar\u0131 olmak.<\/p>\n<p>\u00d6\u00dc202508<\/p>\n<p>Fen Fak\u00fcltesi<\/p>\n<p>Biyoloji<\/p>\n<p>Biyoteknoloji<\/p>\n<p>Profes\u00f6r<\/p>\n<p>1<\/p>\n<p>Do\u00e7entli\u011fini Biyoloji alan\u0131nda alm\u0131\u015f olmak. Mikrobiyal genomik ve bakteriyoloji gibi konularda \u00e7al\u0131\u015fmalar\u0131 olmak.<\/p>\n<p>\u00d6\u00dc202509<\/p>\n<p>Fen Fak\u00fcltesi<\/p>\n<p>Fizik<\/p>\n<p>Yo\u011fun Madde Fizi\u011fi<\/p>\n<p>Do\u00e7ent<\/p>\n<p>1<\/p>\n<p>Do\u00e7entli\u011fini Fizik alan\u0131nda alm\u0131\u015f olmak. Yar\u0131 iletken ayg\u0131tlar ve s\u0131v\u0131 kristaller konular\u0131nda \u00e7al\u0131\u015fmalar\u0131 olmak.<\/p>\n<p>\u00d6\u00dc202510<\/p>\n<p>Fen Fak\u00fcltesi<\/p>\n<p>Matematik<\/p>\n<p>Topoloji<\/p>\n<p>Profes\u00f6r<\/p>\n<p>1<\/p>\n<p>Do\u00e7entli\u011fini Matematik alan\u0131nda alm\u0131\u015f olmak. Topoloji, graf etiketleme ve yar\u0131-topolojik gruplar gibi konular \u00e7al\u0131\u015fmalar\u0131 olmak.<\/p>\n<p>\u00d6\u00dc202511<\/p>\n<p>Fen Fak\u00fcltesi<\/p>\n<p>Molek\u00fcler Biyoloji ve Genetik<\/p>\n<p>Genetik<\/p>\n<p>Profes\u00f6r<\/p>\n<p>1<\/p>\n<p>Doktoras\u0131n\u0131 ve Do\u00e7entli\u011fini Biyoloji alan\u0131nda alm\u0131\u015f olmak. Bal\u0131klarda populasyon geneti\u011fi ve b\u00f6ceklerde diren\u00e7 geneti\u011fi gibi konularda \u00e7al\u0131\u015fmalar\u0131 olmak.<\/p>\n<p>\u00d6\u00dc202512<\/p>\n<p>Fethiye \u0130\u015fletme Fak\u00fcltesi<\/p>\n<p>\u0130\u015fletme<\/p>\n<p>\u00dcretim Y\u00f6netimi ve Pazarlama<\/p>\n<p>Do\u00e7ent<\/p>\n<p>1<\/p>\n<p>Do\u00e7entli\u011fini Pazarlama alan\u0131nda alm\u0131\u015f olmak. T\u00fcketici davran\u0131\u015flar\u0131, s\u00fcrd\u00fcr\u00fclebilir t\u00fcketim, sat\u0131\u015f y\u00f6netimi ve mental muhasebe gibi konularda \u00e7al\u0131\u015fmalar\u0131 olmak.<\/p>\n<p>\u00d6\u00dc202513<\/p>\n<p>Fethiye \u0130\u015fletme Fak\u00fcltesi<\/p>\n<p>Uluslararas\u0131 Ticaret ve Lojistik<\/p>\n<p>Uluslararas\u0131 Ticaret<\/p>\n<p>Dr. \u00d6\u011fr. \u00dcyesi<\/p>\n<p>4<\/p>\n<p>Uluslararas\u0131 \u0130\u015fletmecilik anabilim dal\u0131nda y\u00fcksek lisans, \u0130\u015fletme anabilim dal\u0131nda doktora yapm\u0131\u015f olmak. T\u00fcketici davran\u0131\u015flar\u0131 ve s\u00fcrd\u00fcr\u00fclebilirlik alanlar\u0131nda payla\u015f\u0131m ekonomisi ve ye\u015fil pazarlama gibi konularda \u00e7al\u0131\u015fmalar\u0131 olmak.<\/p>\n<p>\u00d6\u00dc202514<\/p>\n<p>Fethiye Sa\u011fl\u0131k Bilimleri Fak\u00fcltesi<\/p>\n<p>Hem\u015firelik<\/p>\n<p>Psikiyatri Hem\u015fireli\u011fi<\/p>\n<p>Do\u00e7ent<\/p>\n<p>1<\/p>\n<p>Do\u00e7entli\u011fini Psikiyatri Hem\u015fireli\u011fi alan\u0131nda alm\u0131\u015f olmak. Farkl\u0131 gruplarda beslenme ve yeme bozukluklar\u0131, psikolojik dayan\u0131kl\u0131l\u0131k gibi konularda \u00e7al\u0131\u015fmalar\u0131 olmak.<\/p>\n<p>\u00d6\u00dc202515<\/p>\n<p>\u0130ktisadi ve \u0130dari Bilimler Fak\u00fcltesi<\/p>\n<p>\u0130\u015fletme<\/p>\n<p>\u00dcretim Y\u00f6netimi ve Pazarlama<\/p>\n<p>Profes\u00f6r<\/p>\n<p>1<\/p>\n<p>Do\u00e7entli\u011fini Pazarlama alan\u0131nda alm\u0131\u015f olmak. Giri\u015fimcilik, t\u00fcketim, \u00fcr\u00fcn tasar\u0131m\u0131 ve da\u011f\u0131t\u0131m kanallar\u0131 gibi konularda \u00e7al\u0131\u015fmalar\u0131 olmak.<\/p>\n<p>\u00d6\u00dc202516<\/p>\n<p>\u0130ktisadi ve \u0130dari Bilimler Fak\u00fcltesi (*)<\/p>\n<p>Siyaset Bilimi ve Uluslararas\u0131 \u0130li\u015fkiler<\/p>\n<p>Uluslararas\u0131<br \/>\n\u0130li\u015fkiler<\/p>\n<p>Do\u00e7ent<\/p>\n<p>1<\/p>\n<p>Siyaset Bilimi ve Uluslararas\u0131 \u0130li\u015fkiler alan\u0131nda doktora yapm\u0131\u015f olmak ve do\u00e7entli\u011fini Uluslararas\u0131 \u0130li\u015fkiler alan\u0131nda alm\u0131\u015f olmak. Uluslararas\u0131 projelerde g\u00f6rev alm\u0131\u015f olmak ve Y\u00fcksek\u00f6\u011fretim kurumlar\u0131nda alan\u0131nda en az 5 y\u0131l ingilizce ders verme deneyimine sahip olmak. (A\u00e7\u0131klamalar 7. madde)<\/p>\n<p>\u00d6\u00dc202517<\/p>\n<p>\u0130ktisadi ve \u0130dari Bilimler Fak\u00fcltesi<\/p>\n<p>\u0130ktisat<\/p>\n<p>\u0130ktisat Politikas\u0131<\/p>\n<p>Profes\u00f6r<\/p>\n<p>1<\/p>\n<p>Do\u00e7entli\u011fini Mikro \u0130ktisat bilim alan\u0131nda alm\u0131\u015f olmak. Yenilik iktisad\u0131, imalat sanayinde emek verimlili\u011fi ve kent ekonomisi gibi konularda \u00e7al\u0131\u015fmalar\u0131 olmak. Uluslararas\u0131 projelerde g\u00f6rev alm\u0131\u015f olmak.<\/p>\n<p>\u00d6\u00dc202518<\/p>\n<p>\u0130lahiyat Fak\u00fcltesi<\/p>\n<p>Temel \u0130slam Bilimleri<\/p>\n<p>\u0130slam Hukuku<\/p>\n<p>Profes\u00f6r<\/p>\n<p>1<\/p>\n<p>Do\u00e7entli\u011fini Temel \u0130slam Bilimleri alan\u0131nda alm\u0131\u015f olmak. \u0130slam hukuk usul\u00fc ve \u0130slam aile hukukuna ili\u015fkin akademik \u00e7al\u0131\u015fmalar\u0131 olmak.<\/p>\n<p>\u00d6\u00dc202519<\/p>\n<p>Kavakl\u0131dere \u015eehit Mustafa Alper Meslek Y\u00fcksekokulu<\/p>\n<p>M\u00fclkiyet Koruma ve G\u00fcvenlik<\/p>\n<p>\u0130\u015f Sa\u011fl\u0131\u011f\u0131 ve G\u00fcvenli\u011fi<\/p>\n<p>Dr. \u00d6\u011fr. \u00dcyesi<\/p>\n<p>1<\/p>\n<p>Lisans ve doktoras\u0131n\u0131 Kimya alan\u0131nda yapm\u0131\u015f olmak. B S\u0131n\u0131f\u0131 \u0130\u015f Sa\u011fl\u0131\u011f\u0131 ve G\u00fcvenli\u011fi Uzmanl\u0131\u011f\u0131 belgesine sahip olmak.<br \/>\nY\u00fcksek\u00f6\u011fretim kurumlar\u0131nda i\u015f sa\u011fl\u0131\u011f\u0131 ve g\u00fcvenli\u011fi alan\u0131nda en az 5 y\u0131l ders verme deneyimine sahip olmak.<\/p>\n<p>\u00d6\u00dc202520<\/p>\n<p>Mu\u011fla Meslek Y\u00fcksekokulu<\/p>\n<p>Elektrik ve Enerji<\/p>\n<p>Alternatif Enerji Kaynaklar\u0131 Teknolojisi<\/p>\n<p>Profes\u00f6r<\/p>\n<p>1<\/p>\n<p>Do\u00e7entli\u011fini \u00c7evre Bilimleri ve M\u00fchendisli\u011fi alan\u0131nda alm\u0131\u015f olmak. Biyok\u00fctle ve yenilenebilir enerji konular\u0131nda \u00e7al\u0131\u015fmalar\u0131 olmak. \u0130klim de\u011fi\u015fikli\u011fi konusunda uluslararas\u0131 proje yapm\u0131\u015f olmak.<\/p>\n<p>\u00d6\u00dc202521<\/p>\n<p>M\u00fchendislik Fak\u00fcltesi (*)<\/p>\n<p>Yaz\u0131l\u0131m M\u00fchendisli\u011fi<\/p>\n<p>Yaz\u0131l\u0131m M\u00fchendisli\u011fi<\/p>\n<p>Do\u00e7ent<\/p>\n<p>3<\/p>\n<p>Do\u00e7entli\u011fini Bilgisayar Bilimleri ve M\u00fchendisli\u011fi alan\u0131nda alm\u0131\u015f olmak. \u0130nsan-Bilgisayar etkile\u015fimi ve makine \u00f6\u011frenmesi alanlar\u0131nda \u00e7al\u0131\u015fmalar\u0131 olmak. (A\u00e7\u0131klamalar 7. madde)<\/p>\n<p>\u00d6\u00dc202522<\/p>\n<p>M\u00fchendislik Fak\u00fcltesi (*)<\/p>\n<p>Elektrik- Elektronik M\u00fchendisli\u011fi<\/p>\n<p>Devreler ve Sistemler<\/p>\n<p>Dr. \u00d6\u011fr. \u00dcyesi<\/p>\n<p>1<\/p>\n<p>Elektrik-Elektronik M\u00fchendisli\u011fi veya Matematik lisans mezunu olmak. Lisans\u00fcst\u00fc veya sonras\u0131nda bilgi teorisi ve istatistiksel uygulamalar alan\u0131nda \u00e7al\u0131\u015fmalar\u0131 bulunmak. Y\u00fcksek\u00f6\u011fretim kurumlar\u0131nda ders verme deneyimine sahip olmak. (A\u00e7\u0131klamalar 7. madde)<\/p>\n<p>\u00d6\u00dc202523<\/p>\n<p>Sa\u011fl\u0131k Bilimleri Fak\u00fcltesi<\/p>\n<p>Hem\u015firelik<\/p>\n<p>\u00c7ocuk Sa\u011fl\u0131\u011f\u0131 Hem\u015fireli\u011fi<\/p>\n<p>Do\u00e7ent<\/p>\n<p>1<\/p>\n<p>Doktoras\u0131n\u0131 \u00c7ocuk Sa\u011fl\u0131\u011f\u0131 ve Hastal\u0131klar\u0131, Alerji ve \u0130mm\u00fcnoloji alan\u0131nda yapm\u0131\u015f olmak. Do\u00e7entli\u011fini Temel \u0130mm\u00fcnoloji alan\u0131nda alm\u0131\u015f olmak.<\/p>\n<p>\u00d6\u00dc202524<\/p>\n<p>Sa\u011fl\u0131k Bilimleri Fak\u00fcltesi<\/p>\n<p>Hem\u015firelik<\/p>\n<p>\u0130\u00e7 Hastal\u0131klar\u0131 Hem\u015fireli\u011fi<\/p>\n<p>Profes\u00f6r<\/p>\n<p>1<\/p>\n<p>Do\u00e7entli\u011fini Dahili Hastal\u0131klar Hem\u015fireli\u011fi alan\u0131nda alm\u0131\u015f olmak. Diyabet, diyabetik yaralar, ya\u015fl\u0131l\u0131k, geleneksel ve tamamlay\u0131c\u0131 t\u0131p uygulamalar\u0131 gibi konularda \u00e7al\u0131\u015fmalar\u0131 olmak.<\/p>\n<p>\u00d6\u00dc202525<\/p>\n<p>Su \u00dcr\u00fcnleri Fak\u00fcltesi<\/p>\n<p>Su \u00dcr\u00fcnleri Temel Bilimleri<\/p>\n<p>Bal\u0131k\u00e7\u0131l\u0131k Temel Bilimleri<\/p>\n<p>Do\u00e7ent<\/p>\n<p>1<\/p>\n<p>Su \u00dcr\u00fcnleri M\u00fchendisi olmak. Su \u00dcr\u00fcnleri M\u00fchendisli\u011fi Anabilim Dal\u0131nda doktora yapm\u0131\u015f olmak. Do\u00e7entli\u011fini Su \u00dcr\u00fcnleri alan\u0131nda alm\u0131\u015f olmak. Su \u00dcr\u00fcnleri Temel Bilimler alan\u0131nda ve sucul ekosistemde yabanc\u0131 bal\u0131k t\u00fcrleri gibi konularda \u00e7al\u0131\u015fmalar\u0131 olmak.<\/p>\n<p>\u00d6\u00dc202526<\/p>\n<p>Su \u00dcr\u00fcnleri Fak\u00fcltesi<\/p>\n<p>Su \u00dcr\u00fcnleri Yeti\u015ftiricili\u011fi<\/p>\n<p>Yeti\u015ftiricilik<\/p>\n<p>Dr. \u00d6\u011fr. \u00dcyesi<\/p>\n<p>1<\/p>\n<p>Su \u00dcr\u00fcnleri M\u00fchendisi olmak. Y\u00fcksek lisans ve doktoras\u0131n\u0131 Su \u00dcr\u00fcnleri M\u00fchendisli\u011fi Anabilim Dal\u0131nda yapm\u0131\u015f olmak. Su \u00dcr\u00fcnleri Yeti\u015ftiricili\u011fi alan\u0131nda ve bal\u0131k besleme gibi konularda \u00e7al\u0131\u015fmalar\u0131 olmak.<\/p>\n<p>\u00d6\u00dc202527<\/p>\n<p>Teknoloji Fak\u00fcltesi<\/p>\n<p>A\u011fa\u00e7 \u0130\u015fleri End\u00fcstri M\u00fchendisli\u011fi<\/p>\n<p>A\u011fa\u00e7 \u0130\u015fleri End\u00fcstri M\u00fchendisli\u011fi<\/p>\n<p>Profes\u00f6r<\/p>\n<p>1<\/p>\n<p>Do\u00e7entli\u011fini Orman End\u00fcstri M\u00fchendisli\u011fi bilim alan\u0131nda alm\u0131\u015f olmak. Odun koruma teknolojisi ve ah\u015fap esasl\u0131 kompozitler gibi konularda \u00e7al\u0131\u015fmalar\u0131 olmak.<\/p>\n<p>\u00d6\u00dc202528<\/p>\n<p>Teknoloji Fak\u00fcltesi<\/p>\n<p>Bili\u015fim Sistemleri M\u00fchendisli\u011fi<\/p>\n<p>Bilgisayar Donan\u0131m\u0131<\/p>\n<p>Profes\u00f6r<\/p>\n<p>1<\/p>\n<p>Do\u00e7entli\u011fini Elektrik-Elektronik M\u00fchendisli\u011fi bilim alan\u0131nda alm\u0131\u015f olmak. Yapay zeka ve yenilenebilir enerji sistemleri konular\u0131nda \u00e7al\u0131\u015fmalar\u0131 olmak.<\/p>\n<p>\u00d6\u00dc202529<\/p>\n<p>T\u0131p Fak\u00fcltesi<\/p>\n<p>Cerrahi T\u0131p Bilimleri<\/p>\n<p>Ortopedi ve Travmatoloji<\/p>\n<p>Profes\u00f6r<\/p>\n<p>1<\/p>\n<p>Ortopedi ve Travmatoloji uzman\u0131 olmak ve ayn\u0131 alanda do\u00e7entli\u011fini alm\u0131\u015f olmak. Kal\u00e7a protez cerrahisi sonras\u0131 olu\u015fan komplikasyonlar ve atipik femur k\u0131r\u0131klar\u0131n te\u015fhisi ve tedavisi ile ilgili \u00e7al\u0131\u015fmalar\u0131 olmak.<\/p>\n<p>\u00d6\u00dc202530<\/p>\n<p>T\u0131p Fak\u00fcltesi<\/p>\n<p>Cerrahi T\u0131p Bilimleri<\/p>\n<p>Ortopedi ve Travmatoloji<\/p>\n<p>Profes\u00f6r<\/p>\n<p>1<\/p>\n<p>Ortopedi ve Travmatoloji uzman\u0131 olmak ve ayn\u0131 alanda do\u00e7entli\u011fini alm\u0131\u015f olmak. Pediatrik ortopedi konusunda e\u011fitimi ve \u00e7al\u0131\u015fmalar\u0131 olmak.<\/p>\n<p>\u00d6\u00dc202531<\/p>\n<p>T\u0131p Fak\u00fcltesi<\/p>\n<p>Cerrahi T\u0131p Bilimleri<\/p>\n<p>Genel Cerrahi<\/p>\n<p>Profes\u00f6r<\/p>\n<p>1<\/p>\n<p>Genel Cerrahi uzman\u0131 olmak ve ayn\u0131 alanda do\u00e7entli\u011fini alm\u0131\u015f olmak. Hepato-pankreotiko-biliyer cerrahi konusunda e\u011fitim alm\u0131\u015f olmak. Organ nakli konusunda deneyimi olmak.<\/p>\n<p>\u00d6\u00dc202532<\/p>\n<p>T\u0131p Fak\u00fcltesi (*)<\/p>\n<p>Cerrahi T\u0131p Bilimleri<\/p>\n<p>Genel Cerrahi<\/p>\n<p>Do\u00e7ent<\/p>\n<p>1<\/p>\n<p>Genel Cerrahi uzman\u0131 olmak ve ayn\u0131 alanda do\u00e7entli\u011fini alm\u0131\u015f olmak. Endoskopi sertifikas\u0131 olmak. Organ nakli konusunda deneyimi olmak. (A\u00e7\u0131klamalar 7. madde)<\/p>\n<p>\u00d6\u00dc202533<\/p>\n<p>T\u0131p Fak\u00fcltesi (*)<\/p>\n<p>Cerrahi T\u0131p Bilimleri<\/p>\n<p>T\u0131bbi Patoloji<\/p>\n<p>Profes\u00f6r<\/p>\n<p>1<\/p>\n<p>T\u0131bbi Patoloji uzman\u0131 olmak ve ayn\u0131 alanda do\u00e7entli\u011fini alm\u0131\u015f olmak. N\u00f6ropatoloji alan\u0131nda yurt i\u00e7i ve yurt d\u0131\u015f\u0131 deneyimi ve \u00e7al\u0131\u015fmalar\u0131 olmak. (A\u00e7\u0131klamalar 7. madde)<\/p>\n<p>\u00d6\u00dc202534<\/p>\n<p>T\u0131p Fak\u00fcltesi<\/p>\n<p>Cerrahi T\u0131p Bilimleri<\/p>\n<p>Beyin ve Sinir Cerrahisi<\/p>\n<p>Profes\u00f6r<\/p>\n<p>1<\/p>\n<p>Beyin ve Sinir Cerrahisi uzman\u0131 olmak ve ayn\u0131 alanda do\u00e7entli\u011fini alm\u0131\u015f olmak. Pediatrik n\u00f6ro\u015fir\u00fcrji alan\u0131nda yurt i\u00e7i ve yurt d\u0131\u015f\u0131 deneyimi ve \u00e7al\u0131\u015fmalar\u0131 olmak.<\/p>\n<p>\u00d6\u00dc202535<\/p>\n<p>T\u0131p Fak\u00fcltesi<\/p>\n<p>Cerrahi T\u0131p Bilimleri<\/p>\n<p>G\u00f6z Hastal\u0131klar\u0131<\/p>\n<p>Dr. \u00d6\u011fr. \u00dcyesi<\/p>\n<p>3<\/p>\n<p>G\u00f6z Hastal\u0131klar\u0131 uzman\u0131 olmak ve European Board of Ophthalmology sertifikas\u0131na sahip olmak. \u00c7ocuklarda refraksiyon kusurlar\u0131 ve ambliyopi konusunda \u00e7al\u0131\u015fmas\u0131 olmak.<\/p>\n<p>\u00d6\u00dc202536<\/p>\n<p>Turizm Fak\u00fcltesi (*)<\/p>\n<p>Turizm<br \/>\n\u0130\u015fletmecili\u011fi<\/p>\n<p>Turizm<br \/>\n\u0130\u015fletmecili\u011fi<\/p>\n<p>Profes\u00f6r<\/p>\n<p>1<\/p>\n<p>Doktoras\u0131n\u0131 Turizm \u0130\u015fletmecili\u011fi alan\u0131nda yapm\u0131\u015f olmak. Do\u00e7entli\u011fini Turizm bilim alan\u0131ndan alm\u0131\u015f olmak. Turizm planlamas\u0131, s\u00fcrd\u00fcr\u00fclebilir turizm ile yerel halk\u0131n turizme y\u00f6nelik alg\u0131 ve tutumlar\u0131 ve turizmin yerel toplumlar\u0131n \u00fczerindeki etkileri gibi konularda \u00e7al\u0131\u015fmalar\u0131 olmak. (A\u00e7\u0131klamalar 7. madde)<\/p>\n<p>\u00d6\u00dc202537<\/p>\n<p>Turizm Fak\u00fcltesi (*)<\/p>\n<p>Turizm Rehberli\u011fi<\/p>\n<p>Turizm Rehberli\u011fi<\/p>\n<p>Do\u00e7ent<\/p>\n<p>1<\/p>\n<p>Doktoras\u0131n\u0131 Turizm \u0130\u015fletmecili\u011fi alan\u0131nda yapm\u0131\u015f olmak. Do\u00e7entli\u011fini Turizm bilim alan\u0131ndan alm\u0131\u015f olmak. Profesyonel Turist Rehberli\u011fi Ruhsatnamesine sahip olmak. Turizm rehberli\u011fi, turizmde \u00e7al\u0131\u015fan davran\u0131\u015flar\u0131 ve film turizmi gibi konularda \u00e7al\u0131\u015fmalar\u0131 olmak. (A\u00e7\u0131klamalar 7. madde)<\/p>\n","protected":false},"excerpt":{"rendered":"<p>\u00d6\u011eRET\u0130M \u00dcYES\u0130 ALIM \u0130LANI \u00dcniversitemizin a\u015fa\u011f\u0131da belirtilen bo\u015f kadrolar\u0131na 2547 say\u0131l\u0131 Kanun, \u00d6\u011fretim \u00dcyeli\u011fine Y\u00fckseltilme ve Atanma Y\u00f6netmeli\u011fi ile Mu\u011fla S\u0131tk\u0131 Ko\u00e7man \u00dcniversitesi \u00d6\u011fretim \u00dcyeli\u011fine Y\u00fckseltilme ve Atanma Ko\u015fullar\u0131 Y\u00f6nergesi (bak\u0131n\u0131z: (https:\/\/personel.mu.edu.tr\/) h\u00fck\u00fcmleri do\u011frultusunda \u00f6\u011fretim \u00fcyesi al\u0131nacakt\u0131r. \u00dcniversitemiz \u00f6\u011fretim \u00fcyesi kadrolar\u0131na t\u00fcm ba\u015fvurular https:\/\/muybis.mu.edu.tr\/atama\/ilanlar adresi \u00fczerinden &#8220;\u00dcniversitemiz \u00d6\u011fretim \u00dcyesi Kadrolar\u0131 Elektronik Ba\u015fvuru K\u0131lavuzu&#8221; do\u011frultusunda haz\u0131rlanarak [&hellip;]<\/p>\n","protected":false},"author":1,"featured_media":7585,"comment_status":"open","ping_status":"open","sticky":false,"template":"","format":"standard","meta":{"footnotes":""},"categories":[55],"tags":[],"class_list":["post-7584","post","type-post","status-publish","format-standard","has-post-thumbnail","hentry","category-is-ilanlari"],"yoast_head":"<!-- This site is optimized with the Yoast SEO plugin v27.4 - https:\/\/yoast.com\/product\/yoast-seo-wordpress\/ -->\n<title>Mu\u011fla S\u0131tk\u0131 Ko\u00e7man \u00dcniversitesi Rekt\u00f6rl\u00fc\u011f\u00fcnden: - Memurun Sesi<\/title>\n<meta name=\"robots\" content=\"index, follow, max-snippet:-1, max-image-preview:large, max-video-preview:-1\" \/>\n<link rel=\"canonical\" href=\"https:\/\/memurunsesi.net\/index.php\/2025\/06\/03\/mugla-sitki-kocman-universitesi-rektorlugunden\/\" \/>\n<meta property=\"og:locale\" content=\"tr_TR\" \/>\n<meta property=\"og:type\" content=\"article\" \/>\n<meta property=\"og:title\" content=\"Mu\u011fla S\u0131tk\u0131 Ko\u00e7man \u00dcniversitesi Rekt\u00f6rl\u00fc\u011f\u00fcnden: - Memurun Sesi\" \/>\n<meta property=\"og:description\" content=\"\u00d6\u011eRET\u0130M \u00dcYES\u0130 ALIM \u0130LANI \u00dcniversitemizin a\u015fa\u011f\u0131da belirtilen bo\u015f kadrolar\u0131na 2547 say\u0131l\u0131 Kanun, \u00d6\u011fretim \u00dcyeli\u011fine Y\u00fckseltilme ve Atanma Y\u00f6netmeli\u011fi ile Mu\u011fla S\u0131tk\u0131 Ko\u00e7man \u00dcniversitesi \u00d6\u011fretim \u00dcyeli\u011fine Y\u00fckseltilme ve Atanma Ko\u015fullar\u0131 Y\u00f6nergesi (bak\u0131n\u0131z: (https:\/\/personel.mu.edu.tr\/) h\u00fck\u00fcmleri do\u011frultusunda \u00f6\u011fretim \u00fcyesi al\u0131nacakt\u0131r. \u00dcniversitemiz \u00f6\u011fretim \u00fcyesi kadrolar\u0131na t\u00fcm ba\u015fvurular https:\/\/muybis.mu.edu.tr\/atama\/ilanlar adresi \u00fczerinden &#8220;\u00dcniversitemiz \u00d6\u011fretim \u00dcyesi Kadrolar\u0131 Elektronik Ba\u015fvuru K\u0131lavuzu&#8221; do\u011frultusunda haz\u0131rlanarak [&hellip;]\" \/>\n<meta property=\"og:url\" content=\"https:\/\/memurunsesi.net\/index.php\/2025\/06\/03\/mugla-sitki-kocman-universitesi-rektorlugunden\/\" \/>\n<meta property=\"og:site_name\" content=\"Memurun Sesi\" \/>\n<meta property=\"article:publisher\" content=\"https:\/\/www.facebook.com\/unipersen\/?locale=tr_TR\" \/>\n<meta property=\"article:published_time\" content=\"2025-06-03T05:18:45+00:00\" \/>\n<meta property=\"og:image\" content=\"https:\/\/memurunsesi.net\/wp-content\/uploads\/2025\/06\/5f5aa2317fbe682aa4aabc05.webp\" \/>\n\t<meta property=\"og:image:width\" content=\"203\" \/>\n\t<meta property=\"og:image:height\" content=\"203\" \/>\n\t<meta property=\"og:image:type\" content=\"image\/webp\" \/>\n<meta name=\"author\" content=\"Memurun Sesi Haber Merkezi\" \/>\n<meta name=\"twitter:card\" content=\"summary_large_image\" \/>\n<meta name=\"twitter:creator\" content=\"@unipersen\" \/>\n<meta name=\"twitter:site\" content=\"@unipersen\" \/>\n<meta name=\"twitter:label1\" content=\"Yazan:\" \/>\n\t<meta name=\"twitter:data1\" content=\"Memurun Sesi Haber Merkezi\" \/>\n\t<meta name=\"twitter:label2\" content=\"Tahmini okuma s\u00fcresi\" \/>\n\t<meta name=\"twitter:data2\" content=\"1 dakika\" \/>\n<script type=\"application\/ld+json\" class=\"yoast-schema-graph\">{\"@context\":\"https:\\\/\\\/schema.org\",\"@graph\":[{\"@type\":\"Article\",\"@id\":\"https:\\\/\\\/memurunsesi.net\\\/index.php\\\/2025\\\/06\\\/03\\\/mugla-sitki-kocman-universitesi-rektorlugunden\\\/#article\",\"isPartOf\":{\"@id\":\"https:\\\/\\\/memurunsesi.net\\\/index.php\\\/2025\\\/06\\\/03\\\/mugla-sitki-kocman-universitesi-rektorlugunden\\\/\"},\"author\":{\"name\":\"Memurun Sesi Haber Merkezi\",\"@id\":\"https:\\\/\\\/memurunsesi.net\\\/#\\\/schema\\\/person\\\/f21c2d73b89f6ee1d80b0a1803e38587\"},\"headline\":\"Mu\u011fla S\u0131tk\u0131 Ko\u00e7man \u00dcniversitesi Rekt\u00f6rl\u00fc\u011f\u00fcnden:\",\"datePublished\":\"2025-06-03T05:18:45+00:00\",\"mainEntityOfPage\":{\"@id\":\"https:\\\/\\\/memurunsesi.net\\\/index.php\\\/2025\\\/06\\\/03\\\/mugla-sitki-kocman-universitesi-rektorlugunden\\\/\"},\"wordCount\":2587,\"commentCount\":0,\"publisher\":{\"@id\":\"https:\\\/\\\/memurunsesi.net\\\/#organization\"},\"image\":{\"@id\":\"https:\\\/\\\/memurunsesi.net\\\/index.php\\\/2025\\\/06\\\/03\\\/mugla-sitki-kocman-universitesi-rektorlugunden\\\/#primaryimage\"},\"thumbnailUrl\":\"https:\\\/\\\/memurunsesi.net\\\/wp-content\\\/uploads\\\/2025\\\/06\\\/5f5aa2317fbe682aa4aabc05.webp\",\"articleSection\":[\"\u0130\u015f \u0130lanlar\u0131\"],\"inLanguage\":\"tr\",\"potentialAction\":[{\"@type\":\"CommentAction\",\"name\":\"Comment\",\"target\":[\"https:\\\/\\\/memurunsesi.net\\\/index.php\\\/2025\\\/06\\\/03\\\/mugla-sitki-kocman-universitesi-rektorlugunden\\\/#respond\"]}]},{\"@type\":\"WebPage\",\"@id\":\"https:\\\/\\\/memurunsesi.net\\\/index.php\\\/2025\\\/06\\\/03\\\/mugla-sitki-kocman-universitesi-rektorlugunden\\\/\",\"url\":\"https:\\\/\\\/memurunsesi.net\\\/index.php\\\/2025\\\/06\\\/03\\\/mugla-sitki-kocman-universitesi-rektorlugunden\\\/\",\"name\":\"Mu\u011fla S\u0131tk\u0131 Ko\u00e7man \u00dcniversitesi Rekt\u00f6rl\u00fc\u011f\u00fcnden: - Memurun Sesi\",\"isPartOf\":{\"@id\":\"https:\\\/\\\/memurunsesi.net\\\/#website\"},\"primaryImageOfPage\":{\"@id\":\"https:\\\/\\\/memurunsesi.net\\\/index.php\\\/2025\\\/06\\\/03\\\/mugla-sitki-kocman-universitesi-rektorlugunden\\\/#primaryimage\"},\"image\":{\"@id\":\"https:\\\/\\\/memurunsesi.net\\\/index.php\\\/2025\\\/06\\\/03\\\/mugla-sitki-kocman-universitesi-rektorlugunden\\\/#primaryimage\"},\"thumbnailUrl\":\"https:\\\/\\\/memurunsesi.net\\\/wp-content\\\/uploads\\\/2025\\\/06\\\/5f5aa2317fbe682aa4aabc05.webp\",\"datePublished\":\"2025-06-03T05:18:45+00:00\",\"breadcrumb\":{\"@id\":\"https:\\\/\\\/memurunsesi.net\\\/index.php\\\/2025\\\/06\\\/03\\\/mugla-sitki-kocman-universitesi-rektorlugunden\\\/#breadcrumb\"},\"inLanguage\":\"tr\",\"potentialAction\":[{\"@type\":\"ReadAction\",\"target\":[\"https:\\\/\\\/memurunsesi.net\\\/index.php\\\/2025\\\/06\\\/03\\\/mugla-sitki-kocman-universitesi-rektorlugunden\\\/\"]}]},{\"@type\":\"ImageObject\",\"inLanguage\":\"tr\",\"@id\":\"https:\\\/\\\/memurunsesi.net\\\/index.php\\\/2025\\\/06\\\/03\\\/mugla-sitki-kocman-universitesi-rektorlugunden\\\/#primaryimage\",\"url\":\"https:\\\/\\\/memurunsesi.net\\\/wp-content\\\/uploads\\\/2025\\\/06\\\/5f5aa2317fbe682aa4aabc05.webp\",\"contentUrl\":\"https:\\\/\\\/memurunsesi.net\\\/wp-content\\\/uploads\\\/2025\\\/06\\\/5f5aa2317fbe682aa4aabc05.webp\",\"width\":203,\"height\":203},{\"@type\":\"BreadcrumbList\",\"@id\":\"https:\\\/\\\/memurunsesi.net\\\/index.php\\\/2025\\\/06\\\/03\\\/mugla-sitki-kocman-universitesi-rektorlugunden\\\/#breadcrumb\",\"itemListElement\":[{\"@type\":\"ListItem\",\"position\":1,\"name\":\"Anasayfa\",\"item\":\"https:\\\/\\\/memurunsesi.net\\\/\"},{\"@type\":\"ListItem\",\"position\":2,\"name\":\"Mu\u011fla S\u0131tk\u0131 Ko\u00e7man \u00dcniversitesi Rekt\u00f6rl\u00fc\u011f\u00fcnden:\"}]},{\"@type\":\"WebSite\",\"@id\":\"https:\\\/\\\/memurunsesi.net\\\/#website\",\"url\":\"https:\\\/\\\/memurunsesi.net\\\/\",\"name\":\"Memurun Sesi\",\"description\":\"G\u00fcncel ve Do\u011fru Haber\",\"publisher\":{\"@id\":\"https:\\\/\\\/memurunsesi.net\\\/#organization\"},\"potentialAction\":[{\"@type\":\"SearchAction\",\"target\":{\"@type\":\"EntryPoint\",\"urlTemplate\":\"https:\\\/\\\/memurunsesi.net\\\/?s={search_term_string}\"},\"query-input\":{\"@type\":\"PropertyValueSpecification\",\"valueRequired\":true,\"valueName\":\"search_term_string\"}}],\"inLanguage\":\"tr\"},{\"@type\":\"Organization\",\"@id\":\"https:\\\/\\\/memurunsesi.net\\\/#organization\",\"name\":\"Memurun Sesi\",\"url\":\"https:\\\/\\\/memurunsesi.net\\\/\",\"logo\":{\"@type\":\"ImageObject\",\"inLanguage\":\"tr\",\"@id\":\"https:\\\/\\\/memurunsesi.net\\\/#\\\/schema\\\/logo\\\/image\\\/\",\"url\":\"https:\\\/\\\/memurunsesi.net\\\/wp-content\\\/uploads\\\/2025\\\/11\\\/cropped-MEMURUN-SESI.png\",\"contentUrl\":\"https:\\\/\\\/memurunsesi.net\\\/wp-content\\\/uploads\\\/2025\\\/11\\\/cropped-MEMURUN-SESI.png\",\"width\":238,\"height\":57,\"caption\":\"Memurun Sesi\"},\"image\":{\"@id\":\"https:\\\/\\\/memurunsesi.net\\\/#\\\/schema\\\/logo\\\/image\\\/\"},\"sameAs\":[\"https:\\\/\\\/www.facebook.com\\\/unipersen\\\/?locale=tr_TR\",\"https:\\\/\\\/x.com\\\/unipersen\"]},{\"@type\":\"Person\",\"@id\":\"https:\\\/\\\/memurunsesi.net\\\/#\\\/schema\\\/person\\\/f21c2d73b89f6ee1d80b0a1803e38587\",\"name\":\"Memurun Sesi Haber Merkezi\",\"image\":{\"@type\":\"ImageObject\",\"inLanguage\":\"tr\",\"@id\":\"https:\\\/\\\/secure.gravatar.com\\\/avatar\\\/6cf0505f452ee753f485014986fab09a434671d2b919ee76fc541025c5876a70?s=96&d=mm&r=g\",\"url\":\"https:\\\/\\\/secure.gravatar.com\\\/avatar\\\/6cf0505f452ee753f485014986fab09a434671d2b919ee76fc541025c5876a70?s=96&d=mm&r=g\",\"contentUrl\":\"https:\\\/\\\/secure.gravatar.com\\\/avatar\\\/6cf0505f452ee753f485014986fab09a434671d2b919ee76fc541025c5876a70?s=96&d=mm&r=g\",\"caption\":\"Memurun Sesi Haber Merkezi\"},\"sameAs\":[\"https:\\\/\\\/memurunsesi.net\"],\"url\":\"https:\\\/\\\/memurunsesi.net\\\/index.php\\\/author\\\/uniper\\\/\"}]}<\/script>\n<!-- \/ Yoast SEO plugin. -->","yoast_head_json":{"title":"Mu\u011fla S\u0131tk\u0131 Ko\u00e7man \u00dcniversitesi Rekt\u00f6rl\u00fc\u011f\u00fcnden: - Memurun Sesi","robots":{"index":"index","follow":"follow","max-snippet":"max-snippet:-1","max-image-preview":"max-image-preview:large","max-video-preview":"max-video-preview:-1"},"canonical":"https:\/\/memurunsesi.net\/index.php\/2025\/06\/03\/mugla-sitki-kocman-universitesi-rektorlugunden\/","og_locale":"tr_TR","og_type":"article","og_title":"Mu\u011fla S\u0131tk\u0131 Ko\u00e7man \u00dcniversitesi Rekt\u00f6rl\u00fc\u011f\u00fcnden: - Memurun Sesi","og_description":"\u00d6\u011eRET\u0130M \u00dcYES\u0130 ALIM \u0130LANI \u00dcniversitemizin a\u015fa\u011f\u0131da belirtilen bo\u015f kadrolar\u0131na 2547 say\u0131l\u0131 Kanun, \u00d6\u011fretim \u00dcyeli\u011fine Y\u00fckseltilme ve Atanma Y\u00f6netmeli\u011fi ile Mu\u011fla S\u0131tk\u0131 Ko\u00e7man \u00dcniversitesi \u00d6\u011fretim \u00dcyeli\u011fine Y\u00fckseltilme ve Atanma Ko\u015fullar\u0131 Y\u00f6nergesi (bak\u0131n\u0131z: (https:\/\/personel.mu.edu.tr\/) h\u00fck\u00fcmleri do\u011frultusunda \u00f6\u011fretim \u00fcyesi al\u0131nacakt\u0131r. \u00dcniversitemiz \u00f6\u011fretim \u00fcyesi kadrolar\u0131na t\u00fcm ba\u015fvurular https:\/\/muybis.mu.edu.tr\/atama\/ilanlar adresi \u00fczerinden &#8220;\u00dcniversitemiz \u00d6\u011fretim \u00dcyesi Kadrolar\u0131 Elektronik Ba\u015fvuru K\u0131lavuzu&#8221; do\u011frultusunda haz\u0131rlanarak [&hellip;]","og_url":"https:\/\/memurunsesi.net\/index.php\/2025\/06\/03\/mugla-sitki-kocman-universitesi-rektorlugunden\/","og_site_name":"Memurun Sesi","article_publisher":"https:\/\/www.facebook.com\/unipersen\/?locale=tr_TR","article_published_time":"2025-06-03T05:18:45+00:00","og_image":[{"width":203,"height":203,"url":"https:\/\/memurunsesi.net\/wp-content\/uploads\/2025\/06\/5f5aa2317fbe682aa4aabc05.webp","type":"image\/webp"}],"author":"Memurun Sesi Haber Merkezi","twitter_card":"summary_large_image","twitter_creator":"@unipersen","twitter_site":"@unipersen","twitter_misc":{"Yazan:":"Memurun Sesi Haber Merkezi","Tahmini okuma s\u00fcresi":"1 dakika"},"schema":{"@context":"https:\/\/schema.org","@graph":[{"@type":"Article","@id":"https:\/\/memurunsesi.net\/index.php\/2025\/06\/03\/mugla-sitki-kocman-universitesi-rektorlugunden\/#article","isPartOf":{"@id":"https:\/\/memurunsesi.net\/index.php\/2025\/06\/03\/mugla-sitki-kocman-universitesi-rektorlugunden\/"},"author":{"name":"Memurun Sesi Haber Merkezi","@id":"https:\/\/memurunsesi.net\/#\/schema\/person\/f21c2d73b89f6ee1d80b0a1803e38587"},"headline":"Mu\u011fla S\u0131tk\u0131 Ko\u00e7man \u00dcniversitesi Rekt\u00f6rl\u00fc\u011f\u00fcnden:","datePublished":"2025-06-03T05:18:45+00:00","mainEntityOfPage":{"@id":"https:\/\/memurunsesi.net\/index.php\/2025\/06\/03\/mugla-sitki-kocman-universitesi-rektorlugunden\/"},"wordCount":2587,"commentCount":0,"publisher":{"@id":"https:\/\/memurunsesi.net\/#organization"},"image":{"@id":"https:\/\/memurunsesi.net\/index.php\/2025\/06\/03\/mugla-sitki-kocman-universitesi-rektorlugunden\/#primaryimage"},"thumbnailUrl":"https:\/\/memurunsesi.net\/wp-content\/uploads\/2025\/06\/5f5aa2317fbe682aa4aabc05.webp","articleSection":["\u0130\u015f \u0130lanlar\u0131"],"inLanguage":"tr","potentialAction":[{"@type":"CommentAction","name":"Comment","target":["https:\/\/memurunsesi.net\/index.php\/2025\/06\/03\/mugla-sitki-kocman-universitesi-rektorlugunden\/#respond"]}]},{"@type":"WebPage","@id":"https:\/\/memurunsesi.net\/index.php\/2025\/06\/03\/mugla-sitki-kocman-universitesi-rektorlugunden\/","url":"https:\/\/memurunsesi.net\/index.php\/2025\/06\/03\/mugla-sitki-kocman-universitesi-rektorlugunden\/","name":"Mu\u011fla S\u0131tk\u0131 Ko\u00e7man \u00dcniversitesi Rekt\u00f6rl\u00fc\u011f\u00fcnden: - Memurun Sesi","isPartOf":{"@id":"https:\/\/memurunsesi.net\/#website"},"primaryImageOfPage":{"@id":"https:\/\/memurunsesi.net\/index.php\/2025\/06\/03\/mugla-sitki-kocman-universitesi-rektorlugunden\/#primaryimage"},"image":{"@id":"https:\/\/memurunsesi.net\/index.php\/2025\/06\/03\/mugla-sitki-kocman-universitesi-rektorlugunden\/#primaryimage"},"thumbnailUrl":"https:\/\/memurunsesi.net\/wp-content\/uploads\/2025\/06\/5f5aa2317fbe682aa4aabc05.webp","datePublished":"2025-06-03T05:18:45+00:00","breadcrumb":{"@id":"https:\/\/memurunsesi.net\/index.php\/2025\/06\/03\/mugla-sitki-kocman-universitesi-rektorlugunden\/#breadcrumb"},"inLanguage":"tr","potentialAction":[{"@type":"ReadAction","target":["https:\/\/memurunsesi.net\/index.php\/2025\/06\/03\/mugla-sitki-kocman-universitesi-rektorlugunden\/"]}]},{"@type":"ImageObject","inLanguage":"tr","@id":"https:\/\/memurunsesi.net\/index.php\/2025\/06\/03\/mugla-sitki-kocman-universitesi-rektorlugunden\/#primaryimage","url":"https:\/\/memurunsesi.net\/wp-content\/uploads\/2025\/06\/5f5aa2317fbe682aa4aabc05.webp","contentUrl":"https:\/\/memurunsesi.net\/wp-content\/uploads\/2025\/06\/5f5aa2317fbe682aa4aabc05.webp","width":203,"height":203},{"@type":"BreadcrumbList","@id":"https:\/\/memurunsesi.net\/index.php\/2025\/06\/03\/mugla-sitki-kocman-universitesi-rektorlugunden\/#breadcrumb","itemListElement":[{"@type":"ListItem","position":1,"name":"Anasayfa","item":"https:\/\/memurunsesi.net\/"},{"@type":"ListItem","position":2,"name":"Mu\u011fla S\u0131tk\u0131 Ko\u00e7man \u00dcniversitesi Rekt\u00f6rl\u00fc\u011f\u00fcnden:"}]},{"@type":"WebSite","@id":"https:\/\/memurunsesi.net\/#website","url":"https:\/\/memurunsesi.net\/","name":"Memurun Sesi","description":"G\u00fcncel ve Do\u011fru Haber","publisher":{"@id":"https:\/\/memurunsesi.net\/#organization"},"potentialAction":[{"@type":"SearchAction","target":{"@type":"EntryPoint","urlTemplate":"https:\/\/memurunsesi.net\/?s={search_term_string}"},"query-input":{"@type":"PropertyValueSpecification","valueRequired":true,"valueName":"search_term_string"}}],"inLanguage":"tr"},{"@type":"Organization","@id":"https:\/\/memurunsesi.net\/#organization","name":"Memurun Sesi","url":"https:\/\/memurunsesi.net\/","logo":{"@type":"ImageObject","inLanguage":"tr","@id":"https:\/\/memurunsesi.net\/#\/schema\/logo\/image\/","url":"https:\/\/memurunsesi.net\/wp-content\/uploads\/2025\/11\/cropped-MEMURUN-SESI.png","contentUrl":"https:\/\/memurunsesi.net\/wp-content\/uploads\/2025\/11\/cropped-MEMURUN-SESI.png","width":238,"height":57,"caption":"Memurun Sesi"},"image":{"@id":"https:\/\/memurunsesi.net\/#\/schema\/logo\/image\/"},"sameAs":["https:\/\/www.facebook.com\/unipersen\/?locale=tr_TR","https:\/\/x.com\/unipersen"]},{"@type":"Person","@id":"https:\/\/memurunsesi.net\/#\/schema\/person\/f21c2d73b89f6ee1d80b0a1803e38587","name":"Memurun Sesi Haber Merkezi","image":{"@type":"ImageObject","inLanguage":"tr","@id":"https:\/\/secure.gravatar.com\/avatar\/6cf0505f452ee753f485014986fab09a434671d2b919ee76fc541025c5876a70?s=96&d=mm&r=g","url":"https:\/\/secure.gravatar.com\/avatar\/6cf0505f452ee753f485014986fab09a434671d2b919ee76fc541025c5876a70?s=96&d=mm&r=g","contentUrl":"https:\/\/secure.gravatar.com\/avatar\/6cf0505f452ee753f485014986fab09a434671d2b919ee76fc541025c5876a70?s=96&d=mm&r=g","caption":"Memurun Sesi Haber Merkezi"},"sameAs":["https:\/\/memurunsesi.net"],"url":"https:\/\/memurunsesi.net\/index.php\/author\/uniper\/"}]}},"_links":{"self":[{"href":"https:\/\/memurunsesi.net\/index.php\/wp-json\/wp\/v2\/posts\/7584","targetHints":{"allow":["GET"]}}],"collection":[{"href":"https:\/\/memurunsesi.net\/index.php\/wp-json\/wp\/v2\/posts"}],"about":[{"href":"https:\/\/memurunsesi.net\/index.php\/wp-json\/wp\/v2\/types\/post"}],"author":[{"embeddable":true,"href":"https:\/\/memurunsesi.net\/index.php\/wp-json\/wp\/v2\/users\/1"}],"replies":[{"embeddable":true,"href":"https:\/\/memurunsesi.net\/index.php\/wp-json\/wp\/v2\/comments?post=7584"}],"version-history":[{"count":1,"href":"https:\/\/memurunsesi.net\/index.php\/wp-json\/wp\/v2\/posts\/7584\/revisions"}],"predecessor-version":[{"id":7586,"href":"https:\/\/memurunsesi.net\/index.php\/wp-json\/wp\/v2\/posts\/7584\/revisions\/7586"}],"wp:featuredmedia":[{"embeddable":true,"href":"https:\/\/memurunsesi.net\/index.php\/wp-json\/wp\/v2\/media\/7585"}],"wp:attachment":[{"href":"https:\/\/memurunsesi.net\/index.php\/wp-json\/wp\/v2\/media?parent=7584"}],"wp:term":[{"taxonomy":"category","embeddable":true,"href":"https:\/\/memurunsesi.net\/index.php\/wp-json\/wp\/v2\/categories?post=7584"},{"taxonomy":"post_tag","embeddable":true,"href":"https:\/\/memurunsesi.net\/index.php\/wp-json\/wp\/v2\/tags?post=7584"}],"curies":[{"name":"wp","href":"https:\/\/api.w.org\/{rel}","templated":true}]}}