{"id":7587,"date":"2025-06-03T08:21:10","date_gmt":"2025-06-03T05:21:10","guid":{"rendered":"https:\/\/memurunsesi.net\/?p=7587"},"modified":"2025-06-03T08:21:10","modified_gmt":"2025-06-03T05:21:10","slug":"kirklareli-universitesi-rektorlugunden","status":"publish","type":"post","link":"https:\/\/memurunsesi.net\/index.php\/2025\/06\/03\/kirklareli-universitesi-rektorlugunden\/","title":{"rendered":"K\u0131rklareli \u00dcniversitesi Rekt\u00f6rl\u00fc\u011f\u00fcnden:"},"content":{"rendered":"<p>S\u00d6ZLE\u015eMEL\u0130 PERSONEL ALIM \u0130LANI<\/p>\n<p>1- GENEL B\u0130LG\u0130LER<br \/>\n\u00dcniversitemiz \u00e7e\u015fitli birimlerinde 657 say\u0131l\u0131 Devlet Memurlar\u0131 Kanunu\u2019nun 4\u2019\u00fcnc\u00fc maddesinin (B) f\u0131kras\u0131na g\u00f6re istihdam edilmek \u00fczere, 06.06.1978 tarihli ve 7\/15754 say\u0131l\u0131 Bakanlar Kurulu Karar\u0131 ile y\u00fcr\u00fcrl\u00fc\u011fe konulan \u201cS\u00f6zle\u015fmeli Personel \u00c7al\u0131\u015ft\u0131r\u0131lmas\u0131na \u0130li\u015fkin Esaslar\u201d\u0131n Ek 2\u2019inci maddesinin (b) f\u0131kras\u0131na g\u00f6re \u201cYaz\u0131l\u0131 ve\/veya s\u00f6zl\u00fc s\u0131nav yap\u0131lmaks\u0131z\u0131n, KPSS 2024 (B) grubu puan s\u0131ralamas\u0131 esas al\u0131nmak suretiyle\u201d s\u00f6zle\u015fmeli personel al\u0131nacakt\u0131r. \u0130stihdam edilecek s\u00f6zle\u015fmeli pozisyonlar\u0131na ili\u015fkin unvan, say\u0131, nitelikler ve di\u011fer hususlar a\u015fa\u011f\u0131da belirtilmi\u015ftir.<\/p>\n<p>2- BA\u015eVURU \u015eEKL\u0130, YER\u0130 VE ZAMANI<br \/>\nAdaylar ilan\u0131n Resmi Gazete\u2019de yay\u0131mland\u0131\u011f\u0131 tarihten itibaren 15 (on be\u015f) g\u00fcn i\u00e7inde e-Devlet Kap\u0131s\u0131 \u00fczerinden \u201cK\u0131rklareli \u00dcniversitesi-Kariyer Kap\u0131s\u0131 \u0130\u015fe Al\u0131m\u201d veya \u201cKariyer Kap\u0131s\u0131\u201d (https:\/\/isealimkariyerkapisi.cbiko.gov.tr) internet adresi \u00fczerinden 02.06.2025-16.06.2025 tarihleri aras\u0131nda yap\u0131lacakt\u0131r. \u015eahsen ve posta yolu ile yap\u0131lan ba\u015fvurular kabul edilmeyecektir. S\u00fcresinde yap\u0131lamayan veya sistemde meydana gelen gecikmeler sebebiyle ge\u00e7 yap\u0131lan ba\u015fvurular dikkate al\u0131nmayacakt\u0131r. Ba\u015fvuru i\u015fleminin s\u00fcresi i\u00e7erisinde hatas\u0131z ve eksiksiz olarak yap\u0131lmas\u0131ndan, istenilen belgelerin s\u00fcresi i\u00e7erisinde sisteme y\u00fcklenmesinden ve belgelerde vermi\u015f olduklar\u0131 beyanlardan adaylar sorumludur. Bu hususlara riayet etmeyen adaylar herhangi bir hak talebinde bulunamayacakt\u0131r. Bu sebeple adaylar\u0131n ba\u015fvuru i\u015fleminin tamamlan\u0131p tamamlanmad\u0131\u011f\u0131n\u0131 kontrol etmeleri \u00f6nem arz etmektedir.<\/p>\n<p>3- GENEL KO\u015eULLAR<br \/>\n1. 657 say\u0131l\u0131 Kanun\u2019un 48\u2019inci maddesinin birinci f\u0131kras\u0131n\u0131n (A) bendinin (4), (5), (6) ve (7) numaral\u0131 alt bentlerinde belirtilen ko\u015fullar\u0131 ta\u015f\u0131mak.<br \/>\n2. 65 ya\u015f\u0131n\u0131 tamamlamam\u0131\u015f olmak.<br \/>\n3. 5510 say\u0131l\u0131 Kanun gere\u011fince s\u00fcrekli tam i\u015f g\u00f6remezlik geliri, malull\u00fck veya ya\u015fl\u0131l\u0131k ayl\u0131\u011f\u0131 ba\u011flanmam\u0131\u015f veya toptan \u00f6deme yap\u0131lmam\u0131\u015f olmas\u0131. (e-Devlet \u00fczerinden al\u0131nan aktif olarak emekli ayl\u0131\u011f\u0131 ve toptan \u00f6deme almad\u0131\u011f\u0131n\u0131 g\u00f6sterir karekodlu SGK Tescil ve Hizmet D\u00f6k\u00fcm\u00fc veya SGK\u2019dan al\u0131nan belge ile belgelenecektir)<br \/>\n4. 7315 say\u0131l\u0131 Kanun uyar\u0131nca yap\u0131lacak g\u00fcvenlik ve ar\u015fiv ara\u015ft\u0131rmas\u0131 olumlu sonu\u00e7lanmak.<br \/>\n5. Aday\u0131n ba\u015fvurdu\u011fu unvan niteli\u011fine g\u00f6re KPSS (B) grubu s\u0131nav\u0131na girmi\u015f olmak. Orta\u00f6\u011fretim mezunlar\u0131 i\u00e7in 2024 KPSS (P94), \u00f6nlisans mezunlar\u0131 i\u00e7in 2024 KPSS (P93) ve lisans mezunlar\u0131 i\u00e7in 2024 KPSS (P3) puan t\u00fcr\u00fc esas al\u0131nacakt\u0131r.<br \/>\n6. KHK ile kamu g\u00f6revinden \u00e7\u0131kar\u0131lanlar ba\u015fvuru yapamayacaklard\u0131r.<br \/>\n7. \u0130\u015f deneyimi \u015fart\u0131n\u0131n ilgili \u00f6\u011frenimden sonra sa\u011flanmas\u0131 gerekmektedir.(Tecr\u00fcbe \u015fart\u0131 aranan pozisyonlar i\u00e7in)<\/p>\n<p>4- BA\u015eVURU \u0130\u00c7\u0130N GEREKL\u0130 BELGELER<br \/>\n1. Bir adet vesikal\u0131k foto\u011fraf (Sistemden aktar\u0131lacak olup, aktar\u0131lmamas\u0131 veya hata\/eksik\/g\u00fcncel olmamas\u0131 halinde aday taraf\u0131ndan y\u00fcklenecektir)<br \/>\n2. Diploma veya mezuniyet belgesi (Sistemden aktar\u0131lacak olup, aktar\u0131lmamas\u0131 veya hata\/eksik\/g\u00fcncel olmamas\u0131 ya da denklik belgesi olmas\u0131 halinde aday taraf\u0131ndan y\u00fcklenecektir.)<br \/>\n3. Erkek adaylar\u0131n askerlik ile ili\u015fi\u011fi bulunmad\u0131\u011f\u0131na ili\u015fkin belge(Sistemden aktar\u0131lacak olup, aktar\u0131lmamas\u0131 veya hata\/eksik\/g\u00fcncel olmamas\u0131 halinde aday taraf\u0131ndan y\u00fcklenecektir)<br \/>\n4. KPSS puan\u0131n\u0131 g\u00f6sterir belge (Sistemden aktar\u0131lacak olup, aktar\u0131lmamas\u0131 veya hata\/eksik\/g\u00fcncel olmamas\u0131 olmas\u0131 halinde aday taraf\u0131ndan y\u00fcklenecektir)<br \/>\n5. Sertifika (Talep edilen ilanlar i\u00e7in aday taraf\u0131ndan y\u00fcklenecektir)<br \/>\n6. \u00d6zge\u00e7mi\u015f (Aday taraf\u0131ndan y\u00fcklenecektir)<br \/>\n7. \u00d6zel g\u00fcvenlik kimlik kart\u0131 (Koruma ve G\u00fcvenlik G\u00f6revlisi ilanlar\u0131 i\u00e7in aday taraf\u0131ndan y\u00fcklenecektir)<br \/>\n8. Karekodlu SGK Tescil ve Hizmet D\u00f6k\u00fcm\u00fc veya SGK\u2019dan al\u0131nan belge (Aday taraf\u0131ndan y\u00fcklenecektir)<\/p>\n<p>5- BA\u015eVURULARIN DE\u011eERLEND\u0130R\u0130LMES\u0130, ATANMAYA HAK KAZANMA VE SONU\u00c7LARIN \u0130LANI<br \/>\nKPSS puan s\u0131ralamas\u0131na g\u00f6re atanmaya hak kazanan asil ve yedek adaylar\u0131n isimleri ile atama i\u00e7in talep edilen belgeler, atanma i\u00e7in son ba\u015fvuru tarihi ve yeri ile ilgili bilgiler www.klu.edu.tr internet adresinde yay\u0131mlanacakt\u0131r. Ayr\u0131ca adaylar, sonu\u00e7 bilgilerine Kariyer Kap\u0131s\u0131 \u00fczerinden ula\u015fabilecektir Bu duyuru, tebli\u011f mahiyetinde kabul edilecek olup ilgililerin adresine posta yolu ile tebligat yap\u0131lmayacakt\u0131r. Asil kazananlardan son ba\u015fvuru tarihine kadar ba\u015fvuran olmad\u0131\u011f\u0131 veya aranan \u015fartlar\u0131 ta\u015f\u0131mad\u0131\u011f\u0131 tespit edilenlerin yerine yedek adaylardan s\u0131ras\u0131yla yerle\u015ftirme yap\u0131lacakt\u0131r.<\/p>\n<p>6- D\u0130\u011eER HUSUSLAR<br \/>\nGer\u00e7e\u011fe ayk\u0131r\u0131 belge verenler ya da beyanda bulunanlar hakk\u0131nda yasal i\u015flem yap\u0131lacak, atamalar\u0131 yap\u0131lm\u0131\u015f ise atamalar\u0131 iptal edilecek, idare taraf\u0131ndan kendilerine bir bedel \u00f6denmi\u015f ise bu bedel yasal faizi ile birlikte tazmin edilecektir. \u0130landa bulunmayan h\u00fck\u00fcmler i\u00e7in genel mevzuat h\u00fck\u00fcmleri ge\u00e7erlidir. 657 say\u0131l\u0131 Devlet Memurlar\u0131 Kanunu\u2019nun 4\u2019\u00fcnc\u00fc maddesinin (B) f\u0131kras\u0131na g\u00f6re daha \u00f6nce istihdam edilmi\u015f olup yeniden istihdam edilmek \u00fczere ba\u015fvuru yapanlar\u0131n ba\u015fvurusu 06.06.1978 tarihli ve 7\/15754 say\u0131l\u0131 Bakanlar Kurulu Karar\u0131 ile y\u00fcr\u00fcrl\u00fc\u011fe konulan \u201cS\u00f6zle\u015fmeli Personel \u00c7al\u0131\u015ft\u0131r\u0131lmas\u0131na  \u0130li\u015fkin Esaslar\u201d\u0131n Yeniden Hizmete Al\u0131nma ba\u015fl\u0131kl\u0131 Ek 1\u2019inci maddesinin \u00fc\u00e7\u00fcnc\u00fc, d\u00f6rd\u00fcnc\u00fc ve be\u015finci f\u0131kralar\u0131 uyar\u0131nca de\u011ferlendirilecektir.<\/p>\n<p>SIRA NO<\/p>\n<p>G\u00d6REV YER\u0130<\/p>\n<p>POZ\u0130SYON \u00dcNVANI<\/p>\n<p>ADET<\/p>\n<p>\u00d6\u011eREN\u0130M D\u00dcZEY\u0130<\/p>\n<p>KPSS PUAN T\u00dcR\u00dc<\/p>\n<p>\u00d6ZEL KO\u015eULLAR\/N\u0130TEL\u0130KLER<\/p>\n<p>1<\/p>\n<p>Merkez\/ T\u00fcm \u0130l\u00e7eler<\/p>\n<p>B\u00fcro Personeli<\/p>\n<p>1<\/p>\n<p>\u00d6nlisans<\/p>\n<p>KPSSP93<\/p>\n<p>-Y\u00fcksek\u00f6\u011fretim Kurumlar\u0131n\u0131n B\u00fcro Y\u00f6netimi, B\u00fcro Y\u00f6netimi ve Sekreterlik, B\u00fcro Y\u00f6netimi ve Y\u00f6netici Asistanl\u0131\u011f\u0131, Ofis Teknolojileri ve Y\u00f6netimi, B\u00fcro Hizmetleri ve Y\u00f6netici Asistanl\u0131\u011f\u0131 \u00f6nlisans programlar\u0131n\u0131n birinden mezun olmak.<br \/>\n-Son ba\u015fvuru tarihi itibariyle 35 ya\u015f\u0131n\u0131 doldurmam\u0131\u015f olmak.<br \/>\n-G\u00f6revini devaml\u0131 yapmas\u0131na engel olabilecek herhangi bir sa\u011fl\u0131k ve benzeri engelleri bulunmamak.<br \/>\n-2024 Kamu Personeli Se\u00e7me S\u0131nav\u0131ndan KPSS P93 puan t\u00fcr\u00fcnden en az 70 puan alm\u0131\u015f olmak.<\/p>\n<p>2<\/p>\n<p>Merkez\/ T\u00fcm \u0130l\u00e7eler<\/p>\n<p>Tekniker<\/p>\n<p>1<\/p>\n<p>\u00d6nlisans<\/p>\n<p>KPSSP93<\/p>\n<p>-Y\u00fcksek\u00f6\u011fretim Kurumlar\u0131n\u0131n Biyomedikal Cihaz Teknolojisi \u00f6nlisans program\u0131ndan mezun olmak.<br \/>\n-Son ba\u015fvuru tarihi itibariyle 35 ya\u015f\u0131n\u0131 doldurmam\u0131\u015f olmak.<br \/>\n-G\u00f6revini devaml\u0131 yapmas\u0131na engel olabilecek herhangi bir sa\u011fl\u0131k ve benzeri engelleri bulunmamak.<br \/>\n-2024 Kamu Personeli Se\u00e7me S\u0131nav\u0131ndan KPSS P93 puan t\u00fcr\u00fcnden en az 65 puan alm\u0131\u015f olmak.<\/p>\n<p>3<\/p>\n<p>Merkez\/ T\u00fcm \u0130l\u00e7eler<\/p>\n<p>Koruma ve G\u00fcvenlik G\u00f6revlisi (Erkek)<\/p>\n<p>1<\/p>\n<p>Lise<\/p>\n<p>KPSSP94<\/p>\n<p>-Lise ve dengi okul mezunu olmak.<br \/>\n-2024 Kamu Personeli Se\u00e7me S\u0131nav\u0131ndan KPSS P94 puan t\u00fcr\u00fcnden 70 puan alm\u0131\u015f olmak.<br \/>\n-Son ba\u015fvuru tarihi itibariyle 35 ya\u015f\u0131n\u0131 doldurmam\u0131\u015f olmak.<br \/>\n-G\u00f6revini devaml\u0131 yapmas\u0131na engel olabilecek herhangi bir sa\u011fl\u0131k ve benzeri engelleri bulunmamak.<br \/>\n-5188 say\u0131l\u0131 \u00d6zel G\u00fcvenlik Hizmetlerine Dair Kanunun 14.maddesinde belirtilen \u00d6zel G\u00fcvenlik Temel E\u011fitimini ba\u015far\u0131l\u0131 ile tamamlam\u0131\u015f olmak. \u00d6zel G\u00fcvenlik (Silahl\u0131\/Silahs\u0131z) kart\u0131na sahip olmak. (Kimlik ge\u00e7erlilik s\u00fcresi dolanlar i\u00e7in yenileme e\u011fitiminin yap\u0131lm\u0131\u015f olmas\u0131 gerekmektedir.)<br \/>\n-5188 say\u0131l\u0131 \u00d6zel G\u00fcvenlik Hizmetlerine Dair Kanunun 10. maddesinde yer alan \u015fartlar\u0131 ta\u015f\u0131mak.<br \/>\n-\u0130\u00e7 ve d\u0131\u015f mekan vardiyal\u0131 sistemde \u00e7al\u0131\u015fmaya engel hali bulunmamak.<br \/>\n-Askerlik ile ili\u015fi\u011fi bulunmamak.<br \/>\n-En az 1.70 cm boyunda olmak. Boy uzunlu\u011funun cm cinsinden son iki rakam\u0131 ile kilosu aras\u0131ndaki fark 15 ten fazla 13 ten az olmamak. (\u00d6rnek:170 cm. boyunda olan bir aday\u0131n kilosunun 70+15=85\u2019ten fazla, 70-13=57\u2019den az olmamas\u0131 gerekmektedir.) Yerle\u015fmeye hak kazanan adaylar bu durumu sa\u011fl\u0131k kurulu raporu ile belgelendireceklerdir.<br \/>\n-\u00dcniversitemizin K\u0131rklareli ili merkez ve il\u00e7elerinde (Babaeski, L\u00fcleburgaz, P\u0131narhisar, Vize Yerle\u015fkeleri) bulunan t\u00fcm yerle\u015fkelerinde \u00e7al\u0131\u015fma \u015fartlar\u0131n\u0131 kabul etmek.<\/p>\n<p>4<\/p>\n<p>Merkez\/ T\u00fcm \u0130l\u00e7eler<\/p>\n<p>Destek Personeli (Erkek)<\/p>\n<p>6<\/p>\n<p>Lise<\/p>\n<p>KPSSP94<\/p>\n<p>-En az orta\u00f6\u011fretim kurumlar\u0131ndan mezun olmak.<br \/>\n-G\u00f6revini devaml\u0131 yapmas\u0131na engel olabilecek herhangi bir sa\u011fl\u0131k ve benzeri engelleri bulunmamak.<br \/>\n-2024 Kamu Personeli Se\u00e7me S\u0131nav\u0131ndan KPSS P94 puan t\u00fcr\u00fcnden en az 70 puan alm\u0131\u015f olmak.<br \/>\n-Bu pozisyonda istihdam edilecekler \u201cHizmetli\u201d kadrosuna ait g\u00f6revlerin tamam\u0131n\u0131 y\u00fcr\u00fcteceklerdir.<\/p>\n<p>5<\/p>\n<p>Merkez\/ T\u00fcm \u0130l\u00e7eler<\/p>\n<p>Teknisyen (Erkek)<\/p>\n<p>1<\/p>\n<p>Lise<\/p>\n<p>KPSSP94<\/p>\n<p>&#8211; Orta\u00f6\u011fretim kurumlar\u0131n\u0131n Elektrik ve Elektronik Teknolojisi alan\u0131ndan mezun olmak.<br \/>\n-2024 Kamu Personeli Se\u00e7me S\u0131nav\u0131ndan KPSS P94 puan t\u00fcr\u00fcnden 70 puan alm\u0131\u015f olmak.<br \/>\n-Son ba\u015fvuru tarihi itibariyle 35 ya\u015f\u0131n\u0131 doldurmam\u0131\u015f olmak.<br \/>\n-G\u00f6revini devaml\u0131 yapmas\u0131na engel olabilecek herhangi bir sa\u011fl\u0131k ve benzeri engelleri bulunmamak.<\/p>\n<p>6<\/p>\n<p>Merkez\/ T\u00fcm \u0130l\u00e7eler<\/p>\n<p>Teknisyen (Erkek)<\/p>\n<p>1<\/p>\n<p>Lise<\/p>\n<p>KPSSP94<\/p>\n<p>&#8211; Orta\u00f6\u011fretim kurumlar\u0131n\u0131n Ah\u015fap Teknolojisi veya Mobilya ve \u0130\u00e7 Mekan Tasar\u0131m\u0131 alan\u0131ndan mezun olmak.<br \/>\n-2024 Kamu Personeli Se\u00e7me S\u0131nav\u0131ndan KPSS P94 puan t\u00fcr\u00fcnden 70 puan alm\u0131\u015f olmak.<br \/>\n-Son ba\u015fvuru tarihi itibariyle 35 ya\u015f\u0131n\u0131 doldurmam\u0131\u015f olmak.<br \/>\n-G\u00f6revini devaml\u0131 yapmas\u0131na engel olabilecek herhangi bir sa\u011fl\u0131k ve benzeri engelleri bulunmamak.<\/p>\n","protected":false},"excerpt":{"rendered":"<p>S\u00d6ZLE\u015eMEL\u0130 PERSONEL ALIM \u0130LANI 1- GENEL B\u0130LG\u0130LER \u00dcniversitemiz \u00e7e\u015fitli birimlerinde 657 say\u0131l\u0131 Devlet Memurlar\u0131 Kanunu\u2019nun 4\u2019\u00fcnc\u00fc maddesinin (B) f\u0131kras\u0131na g\u00f6re istihdam edilmek \u00fczere, 06.06.1978 tarihli ve 7\/15754 say\u0131l\u0131 Bakanlar Kurulu Karar\u0131 ile y\u00fcr\u00fcrl\u00fc\u011fe konulan \u201cS\u00f6zle\u015fmeli Personel \u00c7al\u0131\u015ft\u0131r\u0131lmas\u0131na \u0130li\u015fkin Esaslar\u201d\u0131n Ek 2\u2019inci maddesinin (b) f\u0131kras\u0131na g\u00f6re \u201cYaz\u0131l\u0131 ve\/veya s\u00f6zl\u00fc s\u0131nav yap\u0131lmaks\u0131z\u0131n, KPSS 2024 (B) grubu puan [&hellip;]<\/p>\n","protected":false},"author":1,"featured_media":7588,"comment_status":"open","ping_status":"open","sticky":false,"template":"","format":"standard","meta":{"footnotes":""},"categories":[55],"tags":[],"class_list":["post-7587","post","type-post","status-publish","format-standard","has-post-thumbnail","hentry","category-is-ilanlari"],"yoast_head":"<!-- This site is optimized with the Yoast SEO plugin v27.4 - https:\/\/yoast.com\/product\/yoast-seo-wordpress\/ -->\n<title>K\u0131rklareli \u00dcniversitesi Rekt\u00f6rl\u00fc\u011f\u00fcnden: - Memurun Sesi<\/title>\n<meta name=\"robots\" content=\"index, follow, max-snippet:-1, max-image-preview:large, max-video-preview:-1\" \/>\n<link rel=\"canonical\" href=\"https:\/\/memurunsesi.net\/index.php\/2025\/06\/03\/kirklareli-universitesi-rektorlugunden\/\" \/>\n<meta property=\"og:locale\" content=\"tr_TR\" \/>\n<meta property=\"og:type\" content=\"article\" \/>\n<meta property=\"og:title\" content=\"K\u0131rklareli \u00dcniversitesi Rekt\u00f6rl\u00fc\u011f\u00fcnden: - Memurun Sesi\" \/>\n<meta property=\"og:description\" content=\"S\u00d6ZLE\u015eMEL\u0130 PERSONEL ALIM \u0130LANI 1- GENEL B\u0130LG\u0130LER \u00dcniversitemiz \u00e7e\u015fitli birimlerinde 657 say\u0131l\u0131 Devlet Memurlar\u0131 Kanunu\u2019nun 4\u2019\u00fcnc\u00fc maddesinin (B) f\u0131kras\u0131na g\u00f6re istihdam edilmek \u00fczere, 06.06.1978 tarihli ve 7\/15754 say\u0131l\u0131 Bakanlar Kurulu Karar\u0131 ile y\u00fcr\u00fcrl\u00fc\u011fe konulan \u201cS\u00f6zle\u015fmeli Personel \u00c7al\u0131\u015ft\u0131r\u0131lmas\u0131na \u0130li\u015fkin Esaslar\u201d\u0131n Ek 2\u2019inci maddesinin (b) f\u0131kras\u0131na g\u00f6re \u201cYaz\u0131l\u0131 ve\/veya s\u00f6zl\u00fc s\u0131nav yap\u0131lmaks\u0131z\u0131n, KPSS 2024 (B) grubu puan [&hellip;]\" \/>\n<meta property=\"og:url\" content=\"https:\/\/memurunsesi.net\/index.php\/2025\/06\/03\/kirklareli-universitesi-rektorlugunden\/\" \/>\n<meta property=\"og:site_name\" content=\"Memurun Sesi\" \/>\n<meta property=\"article:publisher\" content=\"https:\/\/www.facebook.com\/unipersen\/?locale=tr_TR\" \/>\n<meta property=\"article:published_time\" content=\"2025-06-03T05:21:10+00:00\" \/>\n<meta property=\"og:image\" content=\"https:\/\/memurunsesi.net\/wp-content\/uploads\/2025\/06\/be2b.webp\" \/>\n\t<meta property=\"og:image:width\" content=\"124\" \/>\n\t<meta property=\"og:image:height\" content=\"124\" \/>\n\t<meta property=\"og:image:type\" content=\"image\/webp\" \/>\n<meta name=\"author\" content=\"Memurun Sesi Haber Merkezi\" \/>\n<meta name=\"twitter:card\" content=\"summary_large_image\" \/>\n<meta name=\"twitter:creator\" content=\"@unipersen\" \/>\n<meta name=\"twitter:site\" content=\"@unipersen\" \/>\n<meta name=\"twitter:label1\" content=\"Yazan:\" \/>\n\t<meta name=\"twitter:data1\" content=\"Memurun Sesi Haber Merkezi\" \/>\n\t<meta name=\"twitter:label2\" content=\"Tahmini okuma s\u00fcresi\" \/>\n\t<meta name=\"twitter:data2\" content=\"1 dakika\" \/>\n<script type=\"application\/ld+json\" class=\"yoast-schema-graph\">{\"@context\":\"https:\\\/\\\/schema.org\",\"@graph\":[{\"@type\":\"Article\",\"@id\":\"https:\\\/\\\/memurunsesi.net\\\/index.php\\\/2025\\\/06\\\/03\\\/kirklareli-universitesi-rektorlugunden\\\/#article\",\"isPartOf\":{\"@id\":\"https:\\\/\\\/memurunsesi.net\\\/index.php\\\/2025\\\/06\\\/03\\\/kirklareli-universitesi-rektorlugunden\\\/\"},\"author\":{\"name\":\"Memurun Sesi Haber Merkezi\",\"@id\":\"https:\\\/\\\/memurunsesi.net\\\/#\\\/schema\\\/person\\\/f21c2d73b89f6ee1d80b0a1803e38587\"},\"headline\":\"K\u0131rklareli \u00dcniversitesi Rekt\u00f6rl\u00fc\u011f\u00fcnden:\",\"datePublished\":\"2025-06-03T05:21:10+00:00\",\"mainEntityOfPage\":{\"@id\":\"https:\\\/\\\/memurunsesi.net\\\/index.php\\\/2025\\\/06\\\/03\\\/kirklareli-universitesi-rektorlugunden\\\/\"},\"wordCount\":1476,\"commentCount\":0,\"publisher\":{\"@id\":\"https:\\\/\\\/memurunsesi.net\\\/#organization\"},\"image\":{\"@id\":\"https:\\\/\\\/memurunsesi.net\\\/index.php\\\/2025\\\/06\\\/03\\\/kirklareli-universitesi-rektorlugunden\\\/#primaryimage\"},\"thumbnailUrl\":\"https:\\\/\\\/memurunsesi.net\\\/wp-content\\\/uploads\\\/2025\\\/06\\\/be2b.webp\",\"articleSection\":[\"\u0130\u015f \u0130lanlar\u0131\"],\"inLanguage\":\"tr\",\"potentialAction\":[{\"@type\":\"CommentAction\",\"name\":\"Comment\",\"target\":[\"https:\\\/\\\/memurunsesi.net\\\/index.php\\\/2025\\\/06\\\/03\\\/kirklareli-universitesi-rektorlugunden\\\/#respond\"]}]},{\"@type\":\"WebPage\",\"@id\":\"https:\\\/\\\/memurunsesi.net\\\/index.php\\\/2025\\\/06\\\/03\\\/kirklareli-universitesi-rektorlugunden\\\/\",\"url\":\"https:\\\/\\\/memurunsesi.net\\\/index.php\\\/2025\\\/06\\\/03\\\/kirklareli-universitesi-rektorlugunden\\\/\",\"name\":\"K\u0131rklareli \u00dcniversitesi Rekt\u00f6rl\u00fc\u011f\u00fcnden: - Memurun Sesi\",\"isPartOf\":{\"@id\":\"https:\\\/\\\/memurunsesi.net\\\/#website\"},\"primaryImageOfPage\":{\"@id\":\"https:\\\/\\\/memurunsesi.net\\\/index.php\\\/2025\\\/06\\\/03\\\/kirklareli-universitesi-rektorlugunden\\\/#primaryimage\"},\"image\":{\"@id\":\"https:\\\/\\\/memurunsesi.net\\\/index.php\\\/2025\\\/06\\\/03\\\/kirklareli-universitesi-rektorlugunden\\\/#primaryimage\"},\"thumbnailUrl\":\"https:\\\/\\\/memurunsesi.net\\\/wp-content\\\/uploads\\\/2025\\\/06\\\/be2b.webp\",\"datePublished\":\"2025-06-03T05:21:10+00:00\",\"breadcrumb\":{\"@id\":\"https:\\\/\\\/memurunsesi.net\\\/index.php\\\/2025\\\/06\\\/03\\\/kirklareli-universitesi-rektorlugunden\\\/#breadcrumb\"},\"inLanguage\":\"tr\",\"potentialAction\":[{\"@type\":\"ReadAction\",\"target\":[\"https:\\\/\\\/memurunsesi.net\\\/index.php\\\/2025\\\/06\\\/03\\\/kirklareli-universitesi-rektorlugunden\\\/\"]}]},{\"@type\":\"ImageObject\",\"inLanguage\":\"tr\",\"@id\":\"https:\\\/\\\/memurunsesi.net\\\/index.php\\\/2025\\\/06\\\/03\\\/kirklareli-universitesi-rektorlugunden\\\/#primaryimage\",\"url\":\"https:\\\/\\\/memurunsesi.net\\\/wp-content\\\/uploads\\\/2025\\\/06\\\/be2b.webp\",\"contentUrl\":\"https:\\\/\\\/memurunsesi.net\\\/wp-content\\\/uploads\\\/2025\\\/06\\\/be2b.webp\",\"width\":124,\"height\":124},{\"@type\":\"BreadcrumbList\",\"@id\":\"https:\\\/\\\/memurunsesi.net\\\/index.php\\\/2025\\\/06\\\/03\\\/kirklareli-universitesi-rektorlugunden\\\/#breadcrumb\",\"itemListElement\":[{\"@type\":\"ListItem\",\"position\":1,\"name\":\"Anasayfa\",\"item\":\"https:\\\/\\\/memurunsesi.net\\\/\"},{\"@type\":\"ListItem\",\"position\":2,\"name\":\"K\u0131rklareli \u00dcniversitesi Rekt\u00f6rl\u00fc\u011f\u00fcnden:\"}]},{\"@type\":\"WebSite\",\"@id\":\"https:\\\/\\\/memurunsesi.net\\\/#website\",\"url\":\"https:\\\/\\\/memurunsesi.net\\\/\",\"name\":\"Memurun Sesi\",\"description\":\"G\u00fcncel ve Do\u011fru Haber\",\"publisher\":{\"@id\":\"https:\\\/\\\/memurunsesi.net\\\/#organization\"},\"potentialAction\":[{\"@type\":\"SearchAction\",\"target\":{\"@type\":\"EntryPoint\",\"urlTemplate\":\"https:\\\/\\\/memurunsesi.net\\\/?s={search_term_string}\"},\"query-input\":{\"@type\":\"PropertyValueSpecification\",\"valueRequired\":true,\"valueName\":\"search_term_string\"}}],\"inLanguage\":\"tr\"},{\"@type\":\"Organization\",\"@id\":\"https:\\\/\\\/memurunsesi.net\\\/#organization\",\"name\":\"Memurun Sesi\",\"url\":\"https:\\\/\\\/memurunsesi.net\\\/\",\"logo\":{\"@type\":\"ImageObject\",\"inLanguage\":\"tr\",\"@id\":\"https:\\\/\\\/memurunsesi.net\\\/#\\\/schema\\\/logo\\\/image\\\/\",\"url\":\"https:\\\/\\\/memurunsesi.net\\\/wp-content\\\/uploads\\\/2025\\\/11\\\/cropped-MEMURUN-SESI.png\",\"contentUrl\":\"https:\\\/\\\/memurunsesi.net\\\/wp-content\\\/uploads\\\/2025\\\/11\\\/cropped-MEMURUN-SESI.png\",\"width\":238,\"height\":57,\"caption\":\"Memurun Sesi\"},\"image\":{\"@id\":\"https:\\\/\\\/memurunsesi.net\\\/#\\\/schema\\\/logo\\\/image\\\/\"},\"sameAs\":[\"https:\\\/\\\/www.facebook.com\\\/unipersen\\\/?locale=tr_TR\",\"https:\\\/\\\/x.com\\\/unipersen\"]},{\"@type\":\"Person\",\"@id\":\"https:\\\/\\\/memurunsesi.net\\\/#\\\/schema\\\/person\\\/f21c2d73b89f6ee1d80b0a1803e38587\",\"name\":\"Memurun Sesi Haber Merkezi\",\"image\":{\"@type\":\"ImageObject\",\"inLanguage\":\"tr\",\"@id\":\"https:\\\/\\\/secure.gravatar.com\\\/avatar\\\/6cf0505f452ee753f485014986fab09a434671d2b919ee76fc541025c5876a70?s=96&d=mm&r=g\",\"url\":\"https:\\\/\\\/secure.gravatar.com\\\/avatar\\\/6cf0505f452ee753f485014986fab09a434671d2b919ee76fc541025c5876a70?s=96&d=mm&r=g\",\"contentUrl\":\"https:\\\/\\\/secure.gravatar.com\\\/avatar\\\/6cf0505f452ee753f485014986fab09a434671d2b919ee76fc541025c5876a70?s=96&d=mm&r=g\",\"caption\":\"Memurun Sesi Haber Merkezi\"},\"sameAs\":[\"https:\\\/\\\/memurunsesi.net\"],\"url\":\"https:\\\/\\\/memurunsesi.net\\\/index.php\\\/author\\\/uniper\\\/\"}]}<\/script>\n<!-- \/ Yoast SEO plugin. -->","yoast_head_json":{"title":"K\u0131rklareli \u00dcniversitesi Rekt\u00f6rl\u00fc\u011f\u00fcnden: - Memurun Sesi","robots":{"index":"index","follow":"follow","max-snippet":"max-snippet:-1","max-image-preview":"max-image-preview:large","max-video-preview":"max-video-preview:-1"},"canonical":"https:\/\/memurunsesi.net\/index.php\/2025\/06\/03\/kirklareli-universitesi-rektorlugunden\/","og_locale":"tr_TR","og_type":"article","og_title":"K\u0131rklareli \u00dcniversitesi Rekt\u00f6rl\u00fc\u011f\u00fcnden: - Memurun Sesi","og_description":"S\u00d6ZLE\u015eMEL\u0130 PERSONEL ALIM \u0130LANI 1- GENEL B\u0130LG\u0130LER \u00dcniversitemiz \u00e7e\u015fitli birimlerinde 657 say\u0131l\u0131 Devlet Memurlar\u0131 Kanunu\u2019nun 4\u2019\u00fcnc\u00fc maddesinin (B) f\u0131kras\u0131na g\u00f6re istihdam edilmek \u00fczere, 06.06.1978 tarihli ve 7\/15754 say\u0131l\u0131 Bakanlar Kurulu Karar\u0131 ile y\u00fcr\u00fcrl\u00fc\u011fe konulan \u201cS\u00f6zle\u015fmeli Personel \u00c7al\u0131\u015ft\u0131r\u0131lmas\u0131na \u0130li\u015fkin Esaslar\u201d\u0131n Ek 2\u2019inci maddesinin (b) f\u0131kras\u0131na g\u00f6re \u201cYaz\u0131l\u0131 ve\/veya s\u00f6zl\u00fc s\u0131nav yap\u0131lmaks\u0131z\u0131n, KPSS 2024 (B) grubu puan [&hellip;]","og_url":"https:\/\/memurunsesi.net\/index.php\/2025\/06\/03\/kirklareli-universitesi-rektorlugunden\/","og_site_name":"Memurun Sesi","article_publisher":"https:\/\/www.facebook.com\/unipersen\/?locale=tr_TR","article_published_time":"2025-06-03T05:21:10+00:00","og_image":[{"width":124,"height":124,"url":"https:\/\/memurunsesi.net\/wp-content\/uploads\/2025\/06\/be2b.webp","type":"image\/webp"}],"author":"Memurun Sesi Haber Merkezi","twitter_card":"summary_large_image","twitter_creator":"@unipersen","twitter_site":"@unipersen","twitter_misc":{"Yazan:":"Memurun Sesi Haber Merkezi","Tahmini okuma s\u00fcresi":"1 dakika"},"schema":{"@context":"https:\/\/schema.org","@graph":[{"@type":"Article","@id":"https:\/\/memurunsesi.net\/index.php\/2025\/06\/03\/kirklareli-universitesi-rektorlugunden\/#article","isPartOf":{"@id":"https:\/\/memurunsesi.net\/index.php\/2025\/06\/03\/kirklareli-universitesi-rektorlugunden\/"},"author":{"name":"Memurun Sesi Haber Merkezi","@id":"https:\/\/memurunsesi.net\/#\/schema\/person\/f21c2d73b89f6ee1d80b0a1803e38587"},"headline":"K\u0131rklareli \u00dcniversitesi Rekt\u00f6rl\u00fc\u011f\u00fcnden:","datePublished":"2025-06-03T05:21:10+00:00","mainEntityOfPage":{"@id":"https:\/\/memurunsesi.net\/index.php\/2025\/06\/03\/kirklareli-universitesi-rektorlugunden\/"},"wordCount":1476,"commentCount":0,"publisher":{"@id":"https:\/\/memurunsesi.net\/#organization"},"image":{"@id":"https:\/\/memurunsesi.net\/index.php\/2025\/06\/03\/kirklareli-universitesi-rektorlugunden\/#primaryimage"},"thumbnailUrl":"https:\/\/memurunsesi.net\/wp-content\/uploads\/2025\/06\/be2b.webp","articleSection":["\u0130\u015f \u0130lanlar\u0131"],"inLanguage":"tr","potentialAction":[{"@type":"CommentAction","name":"Comment","target":["https:\/\/memurunsesi.net\/index.php\/2025\/06\/03\/kirklareli-universitesi-rektorlugunden\/#respond"]}]},{"@type":"WebPage","@id":"https:\/\/memurunsesi.net\/index.php\/2025\/06\/03\/kirklareli-universitesi-rektorlugunden\/","url":"https:\/\/memurunsesi.net\/index.php\/2025\/06\/03\/kirklareli-universitesi-rektorlugunden\/","name":"K\u0131rklareli \u00dcniversitesi Rekt\u00f6rl\u00fc\u011f\u00fcnden: - Memurun Sesi","isPartOf":{"@id":"https:\/\/memurunsesi.net\/#website"},"primaryImageOfPage":{"@id":"https:\/\/memurunsesi.net\/index.php\/2025\/06\/03\/kirklareli-universitesi-rektorlugunden\/#primaryimage"},"image":{"@id":"https:\/\/memurunsesi.net\/index.php\/2025\/06\/03\/kirklareli-universitesi-rektorlugunden\/#primaryimage"},"thumbnailUrl":"https:\/\/memurunsesi.net\/wp-content\/uploads\/2025\/06\/be2b.webp","datePublished":"2025-06-03T05:21:10+00:00","breadcrumb":{"@id":"https:\/\/memurunsesi.net\/index.php\/2025\/06\/03\/kirklareli-universitesi-rektorlugunden\/#breadcrumb"},"inLanguage":"tr","potentialAction":[{"@type":"ReadAction","target":["https:\/\/memurunsesi.net\/index.php\/2025\/06\/03\/kirklareli-universitesi-rektorlugunden\/"]}]},{"@type":"ImageObject","inLanguage":"tr","@id":"https:\/\/memurunsesi.net\/index.php\/2025\/06\/03\/kirklareli-universitesi-rektorlugunden\/#primaryimage","url":"https:\/\/memurunsesi.net\/wp-content\/uploads\/2025\/06\/be2b.webp","contentUrl":"https:\/\/memurunsesi.net\/wp-content\/uploads\/2025\/06\/be2b.webp","width":124,"height":124},{"@type":"BreadcrumbList","@id":"https:\/\/memurunsesi.net\/index.php\/2025\/06\/03\/kirklareli-universitesi-rektorlugunden\/#breadcrumb","itemListElement":[{"@type":"ListItem","position":1,"name":"Anasayfa","item":"https:\/\/memurunsesi.net\/"},{"@type":"ListItem","position":2,"name":"K\u0131rklareli \u00dcniversitesi Rekt\u00f6rl\u00fc\u011f\u00fcnden:"}]},{"@type":"WebSite","@id":"https:\/\/memurunsesi.net\/#website","url":"https:\/\/memurunsesi.net\/","name":"Memurun Sesi","description":"G\u00fcncel ve Do\u011fru Haber","publisher":{"@id":"https:\/\/memurunsesi.net\/#organization"},"potentialAction":[{"@type":"SearchAction","target":{"@type":"EntryPoint","urlTemplate":"https:\/\/memurunsesi.net\/?s={search_term_string}"},"query-input":{"@type":"PropertyValueSpecification","valueRequired":true,"valueName":"search_term_string"}}],"inLanguage":"tr"},{"@type":"Organization","@id":"https:\/\/memurunsesi.net\/#organization","name":"Memurun Sesi","url":"https:\/\/memurunsesi.net\/","logo":{"@type":"ImageObject","inLanguage":"tr","@id":"https:\/\/memurunsesi.net\/#\/schema\/logo\/image\/","url":"https:\/\/memurunsesi.net\/wp-content\/uploads\/2025\/11\/cropped-MEMURUN-SESI.png","contentUrl":"https:\/\/memurunsesi.net\/wp-content\/uploads\/2025\/11\/cropped-MEMURUN-SESI.png","width":238,"height":57,"caption":"Memurun Sesi"},"image":{"@id":"https:\/\/memurunsesi.net\/#\/schema\/logo\/image\/"},"sameAs":["https:\/\/www.facebook.com\/unipersen\/?locale=tr_TR","https:\/\/x.com\/unipersen"]},{"@type":"Person","@id":"https:\/\/memurunsesi.net\/#\/schema\/person\/f21c2d73b89f6ee1d80b0a1803e38587","name":"Memurun Sesi Haber Merkezi","image":{"@type":"ImageObject","inLanguage":"tr","@id":"https:\/\/secure.gravatar.com\/avatar\/6cf0505f452ee753f485014986fab09a434671d2b919ee76fc541025c5876a70?s=96&d=mm&r=g","url":"https:\/\/secure.gravatar.com\/avatar\/6cf0505f452ee753f485014986fab09a434671d2b919ee76fc541025c5876a70?s=96&d=mm&r=g","contentUrl":"https:\/\/secure.gravatar.com\/avatar\/6cf0505f452ee753f485014986fab09a434671d2b919ee76fc541025c5876a70?s=96&d=mm&r=g","caption":"Memurun Sesi Haber Merkezi"},"sameAs":["https:\/\/memurunsesi.net"],"url":"https:\/\/memurunsesi.net\/index.php\/author\/uniper\/"}]}},"_links":{"self":[{"href":"https:\/\/memurunsesi.net\/index.php\/wp-json\/wp\/v2\/posts\/7587","targetHints":{"allow":["GET"]}}],"collection":[{"href":"https:\/\/memurunsesi.net\/index.php\/wp-json\/wp\/v2\/posts"}],"about":[{"href":"https:\/\/memurunsesi.net\/index.php\/wp-json\/wp\/v2\/types\/post"}],"author":[{"embeddable":true,"href":"https:\/\/memurunsesi.net\/index.php\/wp-json\/wp\/v2\/users\/1"}],"replies":[{"embeddable":true,"href":"https:\/\/memurunsesi.net\/index.php\/wp-json\/wp\/v2\/comments?post=7587"}],"version-history":[{"count":1,"href":"https:\/\/memurunsesi.net\/index.php\/wp-json\/wp\/v2\/posts\/7587\/revisions"}],"predecessor-version":[{"id":7589,"href":"https:\/\/memurunsesi.net\/index.php\/wp-json\/wp\/v2\/posts\/7587\/revisions\/7589"}],"wp:featuredmedia":[{"embeddable":true,"href":"https:\/\/memurunsesi.net\/index.php\/wp-json\/wp\/v2\/media\/7588"}],"wp:attachment":[{"href":"https:\/\/memurunsesi.net\/index.php\/wp-json\/wp\/v2\/media?parent=7587"}],"wp:term":[{"taxonomy":"category","embeddable":true,"href":"https:\/\/memurunsesi.net\/index.php\/wp-json\/wp\/v2\/categories?post=7587"},{"taxonomy":"post_tag","embeddable":true,"href":"https:\/\/memurunsesi.net\/index.php\/wp-json\/wp\/v2\/tags?post=7587"}],"curies":[{"name":"wp","href":"https:\/\/api.w.org\/{rel}","templated":true}]}}