{"id":7590,"date":"2025-06-03T08:23:06","date_gmt":"2025-06-03T05:23:06","guid":{"rendered":"https:\/\/memurunsesi.net\/?p=7590"},"modified":"2025-06-03T08:23:06","modified_gmt":"2025-06-03T05:23:06","slug":"ataturk-universitesi-rektorlugunden","status":"publish","type":"post","link":"https:\/\/memurunsesi.net\/index.php\/2025\/06\/03\/ataturk-universitesi-rektorlugunden\/","title":{"rendered":"Atat\u00fcrk \u00dcniversitesi Rekt\u00f6rl\u00fc\u011f\u00fcnden:"},"content":{"rendered":"<p>S\u00d6ZLE\u015eMEL\u0130 PERSONEL ALIM \u0130LANI<\/p>\n<p>657 say\u0131l\u0131 Devlet Memurlar\u0131 Kanununun 4&#8217;\u00fcnc\u00fc maddesinin B f\u0131kras\u0131na g\u00f6re \u00dcniversitemiz Sa\u011fl\u0131k Ara\u015ft\u0131rma ve Uygulama Merkezi M\u00fcd\u00fcrl\u00fc\u011f\u00fc (Hastane) emrinde istihdam edilmek ve giderleri \u00dcniversitemiz \u00d6zel B\u00fct\u00e7esinden kar\u015f\u0131lanmak \u00fczere 06.06.1978 tarihli ve 7\/15754 say\u0131l\u0131 Bakanlar Kurulu Karar\u0131na ekli &#8220;S\u00f6zle\u015fmeli Personel \u00c7al\u0131\u015ft\u0131r\u0131lmas\u0131na \u0130li\u015fkin Esaslar&#8221;\u0131n Ek 2&#8217;nci maddesinin (b) f\u0131kras\u0131na g\u00f6re 2024 y\u0131l\u0131 KPSS (B) grubu puan s\u0131ralamas\u0131 esas al\u0131nmak suretiyle, a\u015fa\u011f\u0131da belirtilen pozisyonlara 202 (\u0130kiy\u00fcziki) adet s\u00f6zle\u015fmeli personel al\u0131nacakt\u0131r.<\/p>\n<p>\u0130LAN NO<br \/>\n(Ba\u015fvuruda Mutlaka Belirtilecektir)<\/p>\n<p>\u00dcNVAN VE C\u0130NS\u0130YET<\/p>\n<p>\u00d6\u011eREN\u0130M<\/p>\n<p>ADET<\/p>\n<p>KPSS YILI<\/p>\n<p>KPSS PUAN T\u00dcR\u00dc<\/p>\n<p>ARANILAN \u015eARTLAR VE D\u0130\u011eER HUSUSLAR<\/p>\n<p>M\u00dcRACAT YER\u0130<\/p>\n<p>ECZ 01<\/p>\n<p>Eczac\u0131* (Kad\u0131n\/Erkek)<\/p>\n<p>Lisans<\/p>\n<p>1<\/p>\n<p>KPSS<br \/>\n\u015eart\u0131 Yok<\/p>\n<p>Eczac\u0131l\u0131k Fak\u00fcltesi Lisans Mezunu Olmak<\/p>\n<p>M\u00fcracaat: Atat\u00fcrk \u00dcniversitesi Sa\u011fl\u0131k Ara\u015ft\u0131rma ve Uygulama Merkezi M\u00fcd\u00fcrl\u00fc\u011f\u00fc (Hastane)<\/p>\n<p>HM 01<\/p>\n<p>Hem\u015fire (Kad\u0131n\/Erkek)<\/p>\n<p>Lisans<\/p>\n<p>50<\/p>\n<p>2024<\/p>\n<p>P3<\/p>\n<p>Fak\u00fclte veya Y\u00fcksekokullar\u0131n Hem\u015firelik B\u00f6l\u00fcm\u00fc Lisans Mezunu Olmak.<\/p>\n<p>M\u00fcracaat: Atat\u00fcrk \u00dcniversitesi Sa\u011fl\u0131k Ara\u015ft\u0131rma ve Uygulama Merkezi M\u00fcd\u00fcrl\u00fc\u011f\u00fc (Hastane)<\/p>\n<p>HM 02<\/p>\n<p>Hem\u015fire (Kad\u0131n\/Erkek)<\/p>\n<p>Orta\u00f6\u011fretim<\/p>\n<p>50<\/p>\n<p>2024<\/p>\n<p>P94<\/p>\n<p>Orta\u00f6\u011fretim Kurumlar\u0131n\u0131n Hem\u015firelik B\u00f6l\u00fcm\u00fcnden Mezun Olmak.<\/p>\n<p>M\u00fcracaat: Atat\u00fcrk \u00dcniversitesi Sa\u011fl\u0131k Ara\u015ft\u0131rma ve Uygulama Merkezi M\u00fcd\u00fcrl\u00fc\u011f\u00fc (Hastane)<\/p>\n<p>FZT 01<\/p>\n<p>Fizyoterapist (Kad\u0131n\/Erkek)<\/p>\n<p>Lisans<\/p>\n<p>5<\/p>\n<p>2024<\/p>\n<p>P3<\/p>\n<p>Y\u00fcksek\u00f6\u011fretim Kurumlar\u0131n\u0131n Fizik Tedavi ve Rehabilitasyon B\u00f6l\u00fcm\u00fc Lisans Mezunu Olmak.<\/p>\n<p>M\u00fcracaat: Atat\u00fcrk \u00dcniversitesi Sa\u011fl\u0131k Ara\u015ft\u0131rma ve Uygulama Merkezi M\u00fcd\u00fcrl\u00fc\u011f\u00fc (Hastane)<\/p>\n<p>B\u0130O 01<\/p>\n<p>Biolog (Kad\u0131n\/Erkek)<\/p>\n<p>Lisans<\/p>\n<p>1<\/p>\n<p>2024<\/p>\n<p>P3<\/p>\n<p>Fak\u00fcltelerin Biyoloji B\u00f6l\u00fcm\u00fc Lisans Mezunu Olmak<\/p>\n<p>M\u00fcracaat: Atat\u00fcrk \u00dcniversitesi Sa\u011fl\u0131k Ara\u015ft\u0131rma ve Uygulama Merkezi M\u00fcd\u00fcrl\u00fc\u011f\u00fc (Hastane)<\/p>\n<p>D\u0130Y 01<\/p>\n<p>Diyetisyen (Kad\u0131n\/Erkek)<\/p>\n<p>Lisans<\/p>\n<p>1<\/p>\n<p>2024<\/p>\n<p>P3<\/p>\n<p>Y\u00fcksek\u00f6\u011fretim Kurumlar\u0131n\u0131n Beslenme ve Diyetetik B\u00f6l\u00fcm\u00fc Lisans Mezunu Olmak<\/p>\n<p>M\u00fcracaat: Atat\u00fcrk \u00dcniversitesi Sa\u011fl\u0131k Ara\u015ft\u0131rma ve Uygulama Merkezi M\u00fcd\u00fcrl\u00fc\u011f\u00fc (Hastane)<\/p>\n<p>PSK 01<\/p>\n<p>Psikolog (Kad\u0131n\/Erkek)<\/p>\n<p>Lisans<\/p>\n<p>2<\/p>\n<p>2024<\/p>\n<p>P3<\/p>\n<p>Fak\u00fcltelerin Psikoloji B\u00f6l\u00fcm\u00fc Lisans Mezunu Olmak<\/p>\n<p>M\u00fcracaat: Atat\u00fcrk \u00dcniversitesi Sa\u011fl\u0131k Ara\u015ft\u0131rma ve Uygulama Merkezi M\u00fcd\u00fcrl\u00fc\u011f\u00fc (Hastane)<\/p>\n<p>DSP 01<\/p>\n<p>Di\u011fer Sa\u011fl\u0131k Personeli (Dil ve Konu\u015fma Terapisti) (Kad\u0131n\/Erkek)<\/p>\n<p>Lisans<\/p>\n<p>1<\/p>\n<p>2024<\/p>\n<p>P3<\/p>\n<p>Y\u00fcksek\u00f6\u011fretim Kurumlar\u0131n\u0131n Dil ve Konu\u015fma Terapisi Program\u0131 Lisans Mezun Olmak<\/p>\n<p>M\u00fcracaat: Atat\u00fcrk \u00dcniversitesi Sa\u011fl\u0131k Ara\u015ft\u0131rma ve Uygulama Merkezi M\u00fcd\u00fcrl\u00fc\u011f\u00fc (Hastane)<\/p>\n<p>DSP 02<\/p>\n<p>Di\u011fer Sa\u011fl\u0131k Personeli (Odyolog) (Kad\u0131n\/Erkek)<\/p>\n<p>Lisans<\/p>\n<p>1<\/p>\n<p>2024<\/p>\n<p>P3<\/p>\n<p>Y\u00fcksek\u00f6\u011fretim Kurumlar\u0131n\u0131n Odyoloji B\u00f6l\u00fcm\u00fc Lisans Mezun Olmak.<\/p>\n<p>M\u00fcracaat: Atat\u00fcrk \u00dcniversitesi Sa\u011fl\u0131k Ara\u015ft\u0131rma ve Uygulama Merkezi M\u00fcd\u00fcrl\u00fc\u011f\u00fc (Hastane)<\/p>\n<p>ST 01<\/p>\n<p>Sa\u011fl\u0131k Teknikeri (Ameliyathane Hizmetleri Teknikeri) (Kad\u0131n\/Erkek)<\/p>\n<p>\u00d6n Lisans<\/p>\n<p>1<\/p>\n<p>2024<\/p>\n<p>P93<\/p>\n<p>Y\u00fcksek\u00f6\u011fretim Kurumlar\u0131n\u0131n Ameliyathane Hizmetleri Program\u0131ndan Mezun Olmak.<\/p>\n<p>M\u00fcracaat: Atat\u00fcrk \u00dcniversitesi Sa\u011fl\u0131k Ara\u015ft\u0131rma ve Uygulama Merkezi M\u00fcd\u00fcrl\u00fc\u011f\u00fc (Hastane)<\/p>\n<p>ST 02<\/p>\n<p>Sa\u011fl\u0131k Teknikeri (T\u0131bbi G\u00f6r\u00fcnt\u00fcleme Teknikeri) (Kad\u0131n\/Erkek)<\/p>\n<p>\u00d6n Lisans<\/p>\n<p>15<\/p>\n<p>2024<\/p>\n<p>P93<\/p>\n<p>Y\u00fcksek\u00f6\u011fretim Kurumlar\u0131n\u0131n T\u0131bbi G\u00f6r\u00fcnt\u00fcleme Teknikleri Program\u0131 Mezunu Olmak.<\/p>\n<p>M\u00fcracaat: Atat\u00fcrk \u00dcniversitesi Sa\u011fl\u0131k Ara\u015ft\u0131rma ve Uygulama Merkezi M\u00fcd\u00fcrl\u00fc\u011f\u00fc (Hastane)<\/p>\n<p>ST 03<\/p>\n<p>Sa\u011fl\u0131k Teknikeri (T\u0131bbi Laboratuvar Teknikeri) (Kad\u0131n\/Erkek)<\/p>\n<p>\u00d6n Lisans<\/p>\n<p>15<\/p>\n<p>2024<\/p>\n<p>P93<\/p>\n<p>Y\u00fcksek\u00f6\u011fretim Kurumlar\u0131n\u0131n T\u0131bbi Laboratuvar Teknikleri Program\u0131 Mezunu Olmak.<\/p>\n<p>M\u00fcracaat: Atat\u00fcrk \u00dcniversitesi Sa\u011fl\u0131k Ara\u015ft\u0131rma ve Uygulama Merkezi M\u00fcd\u00fcrl\u00fc\u011f\u00fc (Hastane)<\/p>\n<p>ST 04<\/p>\n<p>Sa\u011fl\u0131k Teknikeri (\u0130lk ve Acil Yard\u0131m Teknikeri) (Kad\u0131n\/Erkek)<\/p>\n<p>\u00d6n Lisans<\/p>\n<p>1<\/p>\n<p>2024<\/p>\n<p>P93<\/p>\n<p>Y\u00fcksek\u00f6\u011fretim Kurumlar\u0131n\u0131n \u0130lk ve Acil Yard\u0131m Program\u0131 Mezunu Olmak.<\/p>\n<p>M\u00fcracaat: Atat\u00fcrk \u00dcniversitesi Sa\u011fl\u0131k Ara\u015ft\u0131rma ve Uygulama Merkezi M\u00fcd\u00fcrl\u00fc\u011f\u00fc (Hastane)<\/p>\n<p>ST 05<\/p>\n<p>Sa\u011fl\u0131k Teknikeri (Anestezi Teknikeri) (Kad\u0131n\/Erkek)<\/p>\n<p>\u00d6n Lisans<\/p>\n<p>1<\/p>\n<p>2024<\/p>\n<p>P93<\/p>\n<p>Y\u00fcksek\u00f6\u011fretim Kurumlar\u0131n\u0131n Anestezi Program\u0131 Mezunu Olmak.<\/p>\n<p>M\u00fcracaat: Atat\u00fcrk \u00dcniversitesi Sa\u011fl\u0131k Ara\u015ft\u0131rma ve Uygulama Merkezi M\u00fcd\u00fcrl\u00fc\u011f\u00fc (Hastane)<\/p>\n<p>ST 06<\/p>\n<p>Sa\u011fl\u0131k Teknikeri (Eczane Hizmetleri Teknikeri) (Kad\u0131n\/Erkek)<\/p>\n<p>\u00d6n Lisans<\/p>\n<p>3<\/p>\n<p>2024<\/p>\n<p>P93<\/p>\n<p>Y\u00fcksek\u00f6\u011fretim Kurumlar\u0131n\u0131n Eczane Hizmetleri Program\u0131 Mezunu Olmak.<\/p>\n<p>M\u00fcracaat: Atat\u00fcrk \u00dcniversitesi Sa\u011fl\u0131k Ara\u015ft\u0131rma ve Uygulama Merkezi M\u00fcd\u00fcrl\u00fc\u011f\u00fc (Hastane)<\/p>\n<p>ST 07<\/p>\n<p>Sa\u011fl\u0131k Teknikeri (Elektron\u00f6rofizyoloji Teknikeri) (Kad\u0131n\/Erkek)<\/p>\n<p>\u00d6n Lisans<\/p>\n<p>1<\/p>\n<p>2024<\/p>\n<p>P93<\/p>\n<p>Y\u00fcksek\u00f6\u011fretim Kurumlar\u0131n\u0131n Elektron\u00f6rofizyoloji Program\u0131 Mezunu Olmak.<\/p>\n<p>M\u00fcracaat: Atat\u00fcrk \u00dcniversitesi Sa\u011fl\u0131k Ara\u015ft\u0131rma ve Uygulama Merkezi M\u00fcd\u00fcrl\u00fc\u011f\u00fc (Hastane)<\/p>\n<p>ST 08<\/p>\n<p>Sa\u011fl\u0131k Teknikeri (Patoloji Laboratuvar Teknikeri) (Kad\u0131n\/Erkek)<\/p>\n<p>\u00d6n Lisans<\/p>\n<p>3<\/p>\n<p>2024<\/p>\n<p>P93<\/p>\n<p>Y\u00fcksek\u00f6\u011fretim Kurumlar\u0131n\u0131n Patoloji Laboratuvar Teknikleri Program\u0131 Mezunu Olmak.<\/p>\n<p>M\u00fcracaat: Atat\u00fcrk \u00dcniversitesi Sa\u011fl\u0131k Ara\u015ft\u0131rma ve Uygulama Merkezi M\u00fcd\u00fcrl\u00fc\u011f\u00fc (Hastane)<\/p>\n<p>KGG 01<\/p>\n<p>Koruma ve G\u00fcvenlik G\u00f6revlisi (Erkek)<\/p>\n<p>\u00d6n Lisans<\/p>\n<p>4<\/p>\n<p>2024<\/p>\n<p>P93<\/p>\n<p>-Y\u00fcksek\u00f6\u011fretim Kurumlar\u0131n\u0131n herhangi bir \u00f6n lisans program\u0131ndan mezun olmak.<br \/>\n-2024 y\u0131l\u0131 Kamu Personeli Se\u00e7me S\u0131nav\u0131ndan (P93) en az 60 puan alm\u0131\u015f olmak.<br \/>\n-Son ba\u015fvuru tarihi itibar\u0131yla ge\u00e7erlilik s\u00fcresi dolmam\u0131\u015f silahl\u0131\/silahs\u0131z \u00f6zel g\u00fcvenlik g\u00f6revlisi kimlik kart\u0131na sahip olmak.<br \/>\n-5188 say\u0131l\u0131 \u00d6zel G\u00fcvenlik Hizmetlerine Dair Kanunun 10 uncu maddesinde say\u0131lan \u015fartlara haiz olmak.<br \/>\n-5188 say\u0131l\u0131 yasan\u0131n uygulamas\u0131na ili\u015fkin \u00d6ZEL G\u00dcVENL\u0130K SA\u011eLIK \u015eARTLARI ba\u015fl\u0131kl\u0131<br \/>\ny\u00f6netmeli\u011fin g\u00fcvenlik g\u00f6revini yapmaya engel sa\u011fl\u0131k sorunu bulunmad\u0131\u011f\u0131n\u0131 sa\u011fl\u0131k kurulu raporuyla belgelendirmek. (Atanmaya hak kazanma durumunda istenecektir.)<br \/>\n-Mesai giri\u015f\/\u00e7\u0131k\u0131\u015f saatlerine engel olacak yerle\u015fim b\u00f6lgesinde oturuyor olmamak.<br \/>\n-Son ba\u015fvuru tarihi itibariyle 18 ya\u015f\u0131n\u0131 doldurmu\u015f ve 35 ya\u015f\u0131n\u0131 bitirmemi\u015f olmak.<br \/>\n-V\u00fccutta g\u00f6r\u00fcnecek \u015fekilde d\u00f6vmesi bulunmamak.<br \/>\n-\u00dcniversitemiz t\u00fcm birimlerinde ve il\u00e7elerde 24 saat esas\u0131na g\u00f6re vardiyal\u0131 ve i\u00e7\/d\u0131\u015f mek\u00e2nda \u00e7al\u0131\u015fmas\u0131na engel durumu olmamak.<br \/>\n-\u0130lan tarihinden sonra al\u0131nan sertifika belgeleri ge\u00e7erli say\u0131lmayacakt\u0131r.<\/p>\n<p>M\u00fcracaat: Atat\u00fcrk \u00dcniversitesi Sa\u011fl\u0131k Ara\u015ft\u0131rma ve Uygulama Merkezi M\u00fcd\u00fcrl\u00fc\u011f\u00fc (Hastane)<\/p>\n<p>DP 01<\/p>\n<p>Destek Personeli (Erkek)<\/p>\n<p>Orta\u00f6\u011fretim<\/p>\n<p>32<\/p>\n<p>2024<\/p>\n<p>P94<\/p>\n<p>-Orta\u00f6\u011fretim kurumlar\u0131n\u0131n herhangi bir b\u00f6l\u00fcm\u00fcnden mezun olmak.<br \/>\n-2024 y\u0131l\u0131 KPSS s\u0131nav\u0131ndan (P94) en az 50 (elli) puan alm\u0131\u015f olmak.<br \/>\n-Son ba\u015fvuru tarihi itibariyle 18 ya\u015f\u0131n\u0131 doldurmu\u015f ve 35 ya\u015f\u0131n\u0131 bitirmemi\u015f olmak.<br \/>\n-Temizlik, basit bak\u0131m-onar\u0131m, \u0131s\u0131tma so\u011futma sistemlerinin kullan\u0131m\u0131 ve ta\u015f\u0131ma hizmeti i\u015flerini devaml\u0131 yapmas\u0131na engel olabilecek hastal\u0131k ve engeli bulunmamak.<br \/>\n-Bu pozisyonda istihdam edilecekler 657 say\u0131l\u0131 Kanunun kapsam\u0131nda Hizmetli kadrosuna ait g\u00f6revlerin tamam\u0131n\u0131 veya benzeri i\u015fleri yapacakt\u0131r.<br \/>\n-\u0130htiyaca binaen \u00dcniversitemiz yerle\u015fkelerinde (il\/il\u00e7e) g\u00f6revlendirme yap\u0131labilecektir.<br \/>\n-\u0130htiya\u00e7 halinde vardiyal\u0131 \u00e7al\u0131\u015fma d\u00fczenine uyum sa\u011flamak.<\/p>\n<p>M\u00fcracaat: Atat\u00fcrk \u00dcniversitesi Sa\u011fl\u0131k Ara\u015ft\u0131rma ve Uygulama Merkezi M\u00fcd\u00fcrl\u00fc\u011f\u00fc (Hastane)<\/p>\n<p>DP 02<\/p>\n<p>Destek Personeli (Kad\u0131n)<\/p>\n<p>Orta\u00f6\u011fretim<\/p>\n<p>5<\/p>\n<p>2024<\/p>\n<p>P94<\/p>\n<p>-Orta\u00f6\u011fretim kurumlar\u0131n\u0131n herhangi bir b\u00f6l\u00fcm\u00fcnden mezun olmak.<br \/>\n-2024 y\u0131l\u0131 KPSS s\u0131nav\u0131ndan (P94) en az 50 (elli) puan alm\u0131\u015f olmak.<br \/>\n-Son ba\u015fvuru tarihi itibariyle 18 ya\u015f\u0131n\u0131 doldurmu\u015f ve 35 ya\u015f\u0131n\u0131 bitirmemi\u015f olmak.<br \/>\n-Temizlik, basit bak\u0131m-onar\u0131m, \u0131s\u0131tma so\u011futma sistemlerinin kullan\u0131m\u0131 ve ta\u015f\u0131ma hizmeti i\u015flerini devaml\u0131 yapmas\u0131na engel olabilecek hastal\u0131k ve engeli bulunmamak.<br \/>\n-Bu pozisyonda istihdam edilecekler 657 say\u0131l\u0131 Kanunun kapsam\u0131nda Hizmetli kadrosuna ait g\u00f6revlerin tamam\u0131n\u0131 veya benzeri i\u015fleri yapacakt\u0131r.<br \/>\n-\u0130htiyaca binaen \u00dcniversitemiz yerle\u015fkelerinde (il\/il\u00e7e) g\u00f6revlendirme yap\u0131labilecektir.<br \/>\n-\u0130htiya\u00e7 halinde vardiyal\u0131 \u00e7al\u0131\u015fma d\u00fczenine uyum sa\u011flamak.<\/p>\n<p>M\u00fcracaat: Atat\u00fcrk \u00dcniversitesi Sa\u011fl\u0131k Ara\u015ft\u0131rma ve Uygulama Merkezi M\u00fcd\u00fcrl\u00fc\u011f\u00fc (Hastane)<\/p>\n<p>DP 03<\/p>\n<p>Destek Personeli (Kad\u0131n)<\/p>\n<p>Orta\u00f6\u011fretim<\/p>\n<p>3<\/p>\n<p>2024<\/p>\n<p>P94<\/p>\n<p>-Orta\u00f6\u011fretim kurumlar\u0131n\u0131n Hasta ve Ya\u015fl\u0131 Hizmetleri b\u00f6l\u00fcm\u00fcnden mezun olmak.<br \/>\n-2024 y\u0131l\u0131 KPSS s\u0131nav\u0131ndan (P94) en az 50 (elli) puan alm\u0131\u015f olmak.<br \/>\n-Son ba\u015fvuru tarihi itibariyle 18 ya\u015f\u0131n\u0131 doldurmu\u015f ve 35 ya\u015f\u0131n\u0131 bitirmemi\u015f olmak.<br \/>\n-\u0130htiya\u00e7 halinde vardiyal\u0131 \u00e7al\u0131\u015fma d\u00fczenine uyum sa\u011flamak.<\/p>\n<p>M\u00fcracaat: Atat\u00fcrk \u00dcniversitesi Sa\u011fl\u0131k Ara\u015ft\u0131rma ve Uygulama Merkezi M\u00fcd\u00fcrl\u00fc\u011f\u00fc (Hastane)<\/p>\n<p>DP 04<\/p>\n<p>Destek Personeli (Erkek)<\/p>\n<p>Orta\u00f6\u011fretim<\/p>\n<p>2<\/p>\n<p>2024<\/p>\n<p>P94<\/p>\n<p>-Orta\u00f6\u011fretim kurumlar\u0131n\u0131n Hasta ve Ya\u015fl\u0131 Hizmetleri b\u00f6l\u00fcm\u00fcnden mezun olmak.<br \/>\n-2024 y\u0131l\u0131 KPSS s\u0131nav\u0131ndan (P94) en az 50 (elli) puan alm\u0131\u015f olmak.<br \/>\n-Son ba\u015fvuru tarihi itibariyle 18 ya\u015f\u0131n\u0131 doldurmu\u015f ve 35 ya\u015f\u0131n\u0131 bitirmemi\u015f olmak.<br \/>\n-\u0130htiya\u00e7 halinde vardiyal\u0131 \u00e7al\u0131\u015fma d\u00fczenine uyum sa\u011flamak.<\/p>\n<p>M\u00fcracaat: Atat\u00fcrk \u00dcniversitesi Sa\u011fl\u0131k Ara\u015ft\u0131rma ve Uygulama Merkezi M\u00fcd\u00fcrl\u00fc\u011f\u00fc (Hastane)<\/p>\n<p>DP 05<\/p>\n<p>Destek Personeli (Erkek)<\/p>\n<p>Orta\u00f6\u011fretim<\/p>\n<p>3<\/p>\n<p>2024<\/p>\n<p>P94<\/p>\n<p>-Orta\u00f6\u011fretim kurumlar\u0131n\u0131n herhangi bir b\u00f6l\u00fcm\u00fcnden mezun olmak.<br \/>\n-2024 y\u0131l\u0131 KPSS s\u0131nav\u0131ndan (P94) en az 50 (elli) puan alm\u0131\u015f olmak.<br \/>\n&#8211; Son ba\u015fvuru tarihi itibariyle 18 ya\u015f\u0131n\u0131 doldurmu\u015f ve 35 ya\u015f\u0131n\u0131 bitirmemi\u015f olmak.<br \/>\n&#8211; Temizlik, basit bak\u0131m-onar\u0131m, \u0131s\u0131tma so\u011futma sistemlerinin kullan\u0131m\u0131 ve ta\u015f\u0131ma hizmeti i\u015flerini devaml\u0131 yapmas\u0131na engel olabilecek hastal\u0131k ve engeli bulunmamak.<br \/>\n&#8211; Bu pozisyonda istihdam edilecekler 657 say\u0131l\u0131 Kanunun kapsam\u0131nda Hizmetli kadrosuna ait g\u00f6revlerin tamam\u0131n\u0131 veya benzeri i\u015fleri yapacakt\u0131r.<br \/>\n-\u0130htiyaca binaen \u00dcniversitemiz yerle\u015fkelerinde (il\/il\u00e7e) g\u00f6revlendirme yap\u0131labilecektir.<br \/>\n-\u0130htiya\u00e7 halinde vardiyal\u0131 \u00e7al\u0131\u015fma d\u00fczenine uyum sa\u011flamak.<\/p>\n<p>M\u00fcracaat: Atat\u00fcrk \u00dcniversitesi Sa\u011fl\u0131k Ara\u015ft\u0131rma ve Uygulama Merkezi M\u00fcd\u00fcrl\u00fc\u011f\u00fc<br \/>\n(Hastane)<\/p>\n<p>TKN 01<\/p>\n<p>Teknisyen (Erkek)<\/p>\n<p>Orta\u00f6\u011fretim<\/p>\n<p>1<\/p>\n<p>2024<\/p>\n<p>P94<\/p>\n<p>-Orta\u00f6\u011fretim kurumlar\u0131n\u0131n Tesisat Teknolojisi ve \u0130klimlendirme b\u00f6l\u00fcm\u00fcnden mezun olmak.<br \/>\n-2024 y\u0131l\u0131 Kamu Personeli Se\u00e7me S\u0131nav\u0131ndan (P94) en az 60 puan alm\u0131\u015f olmak.<\/p>\n<p>M\u00fcracaat: Atat\u00fcrk \u00dcniversitesi Sa\u011fl\u0131k Ara\u015ft\u0131rma ve Uygulama Merkezi M\u00fcd\u00fcrl\u00fc\u011f\u00fc (Hastane)<\/p>\n<p>* Eczac\u0131 pozisyonuna ba\u015fvuracak adaylarda S\u00f6zle\u015fmeli Personel \u00c7al\u0131\u015ft\u0131r\u0131lmas\u0131na \u0130li\u015fkin Esaslar uyar\u0131nca KPSS puan \u015fart\u0131 aranmamaktad\u0131r. Aday say\u0131s\u0131n\u0131n pozisyon say\u0131s\u0131ndan fazla olmas\u0131 durumunda bu pozisyon i\u00e7in s\u00f6zl\u00fc s\u0131nav yap\u0131lacak olup, ayr\u0131ca duyuru yap\u0131lacakt\u0131r.<\/p>\n<p>1. GENEL VE \u00d6ZEL \u015eARTLAR<br \/>\n1.1. 657 say\u0131l\u0131 Devlet Memurlar\u0131 Kanunu\u2019nun 48\u2019 inci maddesinde belirtilen \u015fartlar\u0131 ta\u015f\u0131mak zorunludur.<br \/>\n1.2. 7315 say\u0131l\u0131 G\u00fcvenlik Soru\u015fturmas\u0131 ve Ar\u015fiv Ara\u015ft\u0131rmas\u0131 Kanunu uyar\u0131nca yapt\u0131r\u0131lacak olan ar\u015fiv ara\u015ft\u0131rmas\u0131 sonucu olumlu olmak.<br \/>\n1.3. 2024-KPSS lisans mezunlar\u0131 i\u00e7in KPSS P3, \u00f6n lisans mezunlar\u0131 i\u00e7in KPSS P93, orta\u00f6\u011fretim mezunlar\u0131 i\u00e7in ise KPSS P94 puan\u0131na sahip olmak.<br \/>\n1.4. Erkek adaylar i\u00e7in askerli\u011fini yapm\u0131\u015f, muaf veya tecilli olmak.<br \/>\n1.5. Ba\u015fvuru yap\u0131lan kadroya ili\u015fkin hizmetleri ve kurumun verece\u011fi benzeri ve di\u011fer g\u00f6revleri s\u00fcrekli yapmas\u0131na mani olabilecek hastal\u0131k ve benzeri engeli bulunmamak.<br \/>\n1.6. Vazifesini yerine getirmeye engel olabilecek zihinsel ya da fiziksel herhangi bir engele sahip olmad\u0131\u011f\u0131n\u0131 kan\u0131tlayan nitelikte bir sa\u011fl\u0131k belgesine sahip olmak. (bu belge adaylar yerle\u015ftikten sonra i\u015fe yerle\u015fmeye hak kazanan adaylardan istenecektir.)<\/p>\n<p>2. BA\u015eVURUDA \u0130STEN\u0130LEN BELGELER<br \/>\n&#8211; Eksiksiz doldurulmu\u015f Ba\u015fvuru Formu<br \/>\n&#8211; 2024 KPSS Sonu\u00e7 Belgesi<br \/>\n&#8211; Foto\u011fraf 1 (bir) adet (Ba\u015fvuru formuna yap\u0131\u015ft\u0131r\u0131lacakt\u0131r.)<br \/>\n&#8211; Adli Sicil Belgesi, (e-Devletten al\u0131nan karekodlu belgeler kabul edilir.)<br \/>\n&#8211; G\u00fcvenlik personeli i\u00e7in ge\u00e7erli \u00f6zel g\u00fcvenlik g\u00f6revlisi kimlik kart\u0131 fotokopisi<br \/>\n&#8211; Sertifika ve belge istenilen pozisyonlar i\u00e7in ilgili belgenin asl\u0131 veya onayl\u0131 sureti<br \/>\n&#8211; Askerlik Durum Belgesi (e-Devletten al\u0131nan karekodlu belgeler kabul edilir.)<br \/>\n&#8211; Kimlik Fotokopisi<br \/>\n&#8211; Diploma Fotokopisi veya Mezuniyet Belgesi, (e-Devletten al\u0131nan karekodlu belgeler kabul edilir.)<\/p>\n<p>3. BA\u015eVURU YER\u0130, \u015eEKL\u0130 VE ZAMANI<br \/>\nBa\u015fvuru yapacak adaylar\u0131n, https:\/\/www.atauni.edu.tr\/\/ web adresinde &#8220;Duyurular&#8221; k\u0131sm\u0131nda bulunan Ba\u015fvuru Formunu indirerek eksiksiz bir  \u015fekilde doldurmas\u0131, istenilen belgelerle birlikte ilan\u0131n Resmi Gazete\u2019de yay\u0131mland\u0131\u011f\u0131 g\u00fcnden itibaren 15 g\u00fcn i\u00e7inde (mesai saati bitimine kadar) Atat\u00fcrk \u00dcniversitesi Sa\u011fl\u0131k Ara\u015ft\u0131rma ve Uygulama Merkezi M\u00fcd\u00fcrl\u00fc\u011f\u00fcne (Hastane) \u015fahsen veya posta yolu ile ba\u015fvuru yap\u0131lacakt\u0131r. S\u00fcresi i\u00e7erisinde yap\u0131lmayan ya da eksik belge ile yap\u0131lan ba\u015fvurular ile internet, faks, e-mail vb. y\u00f6ntemlerle yap\u0131lan ba\u015fvurular i\u015fleme al\u0131nmayacakt\u0131r. Postada ya\u015fanan gecikmelerden dolay\u0131 \u00dcniversitemiz sorumlu olmayacakt\u0131r.<br \/>\nBa\u015fvuru tarihini geciktiren veya nitelikleri uygun olmayan adaylar\u0131n m\u00fcracaatlar\u0131na i\u015flem yap\u0131lmayacakt\u0131r. Sonu\u00e7lar son ba\u015fvuru tarihini takiben 2024 Kamu Personeli Se\u00e7me S\u0131nav\u0131 (B) Grubu puan s\u0131ralamas\u0131 dikkate al\u0131narak, https:\/\/www.atauni.edu.tr\/\/ web adresinde yay\u0131mlanacakt\u0131r. Adaylara yaz\u0131l\u0131 ya da s\u00f6zl\u00fc ayr\u0131ca tebligat yap\u0131lmayacakt\u0131r.<\/p>\n<p>4. D\u0130\u011eER A\u00c7IKLAMALAR VE \u00d6NEML\u0130 HUSUSLAR<br \/>\n&#8211; Adaylarla hizmet s\u00f6zle\u015fmesi yap\u0131lacak olup, s\u00f6zle\u015fmede belirtilen \u015fartlar\u0131 yerine getirmeyen adaylar\u0131n s\u00f6zle\u015fmeleri feshedilecektir.<br \/>\n&#8211; \u201cS\u00f6zle\u015fmeli Personel \u00c7al\u0131\u015ft\u0131r\u0131lmas\u0131na \u0130li\u015fkin Esaslar\u201d\u0131n Yeniden \u0130\u015fe Al\u0131nma ba\u015fl\u0131kl\u0131 Ek 1 inci maddesinin (b) f\u0131kras\u0131na eklenen; \u201cS\u00f6zle\u015fmeli personelin, hizmet s\u00f6zle\u015fmesi esaslar\u0131na ayk\u0131r\u0131 hareket etmesi nedeniyle kurumlar\u0131nca s\u00f6zle\u015fmesinin feshedilmesi veya s\u00f6zle\u015fme d\u00f6nemi i\u00e7inde s\u00f6zle\u015fmeyi tek tarafl\u0131 feshetmesi halinde, fesih tarihinden itibaren bir y\u0131l ge\u00e7medik\u00e7e kamu kurum ve kurulu\u015flar\u0131n\u0131n s\u00f6zle\u015fmeli personel pozisyonlar\u0131nda yeniden istihdam edilemez.\u201d h\u00fckm\u00fcne ayk\u0131r\u0131 durumu tespit edilenler atanmaya hak kazansalar dahi atamalar\u0131 yap\u0131lmayacakt\u0131r (S\u00f6zle\u015fme imzalama a\u015famas\u0131nda ilgili belgenin ibraz\u0131 istenecektir.)<br \/>\n&#8211; Adaylar\u0131n herhangi bir sosyal g\u00fcvenlik kurumundan emeklilik veya ya\u015fl\u0131l\u0131k ayl\u0131\u011f\u0131 almamalar\u0131 gerekmektedir.<br \/>\n&#8211; S\u00f6zle\u015fme yapmaya hak kazanan adaylar s\u00f6zle\u015fmede belirtilen g\u00f6rev yerinde ikamet etmek zorundad\u0131r.<br \/>\n&#8211; \u0130dare ihtiyaca ba\u011fl\u0131 olarak e\u011fitim \u00f6\u011fretimin verildi\u011fi Merkez\/Ta\u015fra birimlerimizde kurum i\u00e7i g\u00f6revlendirme hakk\u0131na sahiptir.<br \/>\n&#8211; Adaylar ayn\u0131 ilan d\u00f6nemi i\u00e7erisinde \u00f6zel \u015fartlar\u0131n\u0131 ta\u015f\u0131d\u0131\u011f\u0131 sadece bir ilana (pozisyona) ba\u015fvurabilecektir. Birden fazla ilana (pozisyona) ba\u015fvurusu tespit edilen adaylar\u0131n ba\u015fvurular\u0131 iptal edilecektir.<br \/>\n&#8211; Yurtd\u0131\u015f\u0131ndan al\u0131nm\u0131\u015f diplomalar\u0131n Y\u00fcksek\u00f6\u011fretim Kurulu Ba\u015fkanl\u0131\u011f\u0131nca denkli\u011finin onayland\u0131\u011f\u0131n\u0131 g\u00f6sterir belge ba\u015fvuru formuna eklenecektir.<br \/>\n&#8211; \u00dcniversitemiz gerekli durumlarda ilan\u0131n her a\u015famas\u0131nda iptal veya de\u011fi\u015fiklik yapma hakk\u0131na sahiptir.<\/p>\n<p>5. YERLE\u015eT\u0130RME \u0130\u015eLEMLER\u0130<br \/>\n&#8211; 657 say\u0131l\u0131 Devlet Memurlar\u0131 Kanunu\u2019nun 4\u2019\u00fcnc\u00fc maddesinin (B) f\u0131kras\u0131 ve 06.06.1978 tarihli ve 7\/15754 say\u0131l\u0131 Bakanlar Kurulu Karar\u0131 eki S\u00f6zle\u015fmeli Personel \u00c7al\u0131\u015ft\u0131r\u0131lmas\u0131na \u0130li\u015fkin Esaslar \u00e7er\u00e7evesinde, yaz\u0131l\u0131 ve s\u00f6zl\u00fc s\u0131nav yap\u0131lmaks\u0131z\u0131n, genel \u015fartlar ile pozisyonla ilgili aranan \u00f6zel \u015fartlar\u0131 ta\u015f\u0131yan adaylar aras\u0131ndan 2024 y\u0131l\u0131na ait KPSS (B) grubu olmak \u00fczere puan s\u0131ralamas\u0131 esas al\u0131nmak suretiyle yerle\u015ftirme i\u015flemi yap\u0131lacakt\u0131r.<br \/>\n&#8211; Adaylar\u0131n puanlar\u0131n\u0131n e\u015fit olmas\u0131 halinde mezuniyet tarihi \u00f6nce olan, bunun da e\u015fit olmas\u0131 halinde do\u011fum tarihi \u00f6nce olan adaya \u00f6ncelik tan\u0131nacakt\u0131r.<br \/>\n&#8211; \u00c7e\u015fitli KHK ile kamu g\u00f6revinden \u00e7\u0131kar\u0131lanlar ba\u015fvuruda bulunamazlar.<br \/>\n&#8211; \u0130lan edilen pozisyon say\u0131s\u0131n\u0131n \u00fc\u00e7 kat\u0131 kadar yedek aday belirlenecektir.<br \/>\n&#8211; As\u0131l olarak atanmaya hak kazanan adaylar\u0131n ba\u015fvuru yapmad\u0131\u011f\u0131, feragat etti\u011fi veya aday\u0131n \u015fartlar\u0131 ta\u015f\u0131mad\u0131\u011f\u0131n\u0131n tespit edilmesi halinde yerine ilan edilen yedek adaylardan \u015fartlar\u0131 tutanlar\u0131n s\u0131ras\u0131yla atamas\u0131 yap\u0131lacakt\u0131r.<br \/>\n&#8211; KPSS&#8217; de y\u00fcksek puan almak, ilanda yer alan s\u00f6zle\u015fmeli pozisyona yerle\u015ftirmede tek ba\u015f\u0131na hak kazand\u0131rmaz. Pozisyon i\u00e7in belirtilen genel ve \u00f6zel \u015fartlara sahip olmayan adaylar de\u011ferlendirmeye al\u0131nmayacakt\u0131r.<br \/>\n&#8211; Eksik evrak, yanl\u0131\u015f, yan\u0131lt\u0131c\u0131 veya yalan beyanda bulunanlar ile bilgilerindeki tutars\u0131zl\u0131klar y\u00fcz\u00fcnden de\u011ferlendirmeye al\u0131nmayan adaylar bu durumdan dolay\u0131 bir hak iddia edemeyecektir.<br \/>\n&#8211; Ger\u00e7e\u011fe ayk\u0131r\u0131 belge verenler ya da beyanda bulunanlar hakk\u0131nda yasal i\u015flem ba\u015flat\u0131lacak olup atamalar\u0131 yap\u0131lm\u0131\u015f ise de atamalar\u0131 iptal edilecektir.<br \/>\nBu ki\u015filere kurumumuzca bir \u00fccret \u00f6denmi\u015f ise bu \u00fccret yasal faizi ile birlikte tazmin edilecektir.<br \/>\n&#8211; \u00dcniversitemiz web sayfas\u0131ndan yap\u0131lan t\u00fcm duyurular tebligat mahiyetinde olup ki\u015filere ayr\u0131ca yaz\u0131l\u0131 tebligat yap\u0131lmayacakt\u0131r.<br \/>\n&#8211; \u0130landa bulunmayan h\u00fck\u00fcmler i\u00e7in genel mevzuat h\u00fck\u00fcmleri uygulan\u0131r.<\/p>\n","protected":false},"excerpt":{"rendered":"<p>S\u00d6ZLE\u015eMEL\u0130 PERSONEL ALIM \u0130LANI 657 say\u0131l\u0131 Devlet Memurlar\u0131 Kanununun 4&#8217;\u00fcnc\u00fc maddesinin B f\u0131kras\u0131na g\u00f6re \u00dcniversitemiz Sa\u011fl\u0131k Ara\u015ft\u0131rma ve Uygulama Merkezi M\u00fcd\u00fcrl\u00fc\u011f\u00fc (Hastane) emrinde istihdam edilmek ve giderleri \u00dcniversitemiz \u00d6zel B\u00fct\u00e7esinden kar\u015f\u0131lanmak \u00fczere 06.06.1978 tarihli ve 7\/15754 say\u0131l\u0131 Bakanlar Kurulu Karar\u0131na ekli &#8220;S\u00f6zle\u015fmeli Personel \u00c7al\u0131\u015ft\u0131r\u0131lmas\u0131na \u0130li\u015fkin Esaslar&#8221;\u0131n Ek 2&#8217;nci maddesinin (b) f\u0131kras\u0131na g\u00f6re 2024 y\u0131l\u0131 KPSS [&hellip;]<\/p>\n","protected":false},"author":1,"featured_media":7591,"comment_status":"open","ping_status":"open","sticky":false,"template":"","format":"standard","meta":{"footnotes":""},"categories":[55],"tags":[],"class_list":["post-7590","post","type-post","status-publish","format-standard","has-post-thumbnail","hentry","category-is-ilanlari"],"yoast_head":"<!-- This site is optimized with the Yoast SEO plugin v27.4 - https:\/\/yoast.com\/product\/yoast-seo-wordpress\/ -->\n<title>Atat\u00fcrk \u00dcniversitesi Rekt\u00f6rl\u00fc\u011f\u00fcnden: - Memurun Sesi<\/title>\n<meta name=\"robots\" content=\"index, follow, max-snippet:-1, max-image-preview:large, max-video-preview:-1\" \/>\n<link rel=\"canonical\" href=\"https:\/\/memurunsesi.net\/index.php\/2025\/06\/03\/ataturk-universitesi-rektorlugunden\/\" \/>\n<meta property=\"og:locale\" content=\"tr_TR\" \/>\n<meta property=\"og:type\" content=\"article\" \/>\n<meta property=\"og:title\" content=\"Atat\u00fcrk \u00dcniversitesi Rekt\u00f6rl\u00fc\u011f\u00fcnden: - Memurun Sesi\" \/>\n<meta property=\"og:description\" content=\"S\u00d6ZLE\u015eMEL\u0130 PERSONEL ALIM \u0130LANI 657 say\u0131l\u0131 Devlet Memurlar\u0131 Kanununun 4&#8217;\u00fcnc\u00fc maddesinin B f\u0131kras\u0131na g\u00f6re \u00dcniversitemiz Sa\u011fl\u0131k Ara\u015ft\u0131rma ve Uygulama Merkezi M\u00fcd\u00fcrl\u00fc\u011f\u00fc (Hastane) emrinde istihdam edilmek ve giderleri \u00dcniversitemiz \u00d6zel B\u00fct\u00e7esinden kar\u015f\u0131lanmak \u00fczere 06.06.1978 tarihli ve 7\/15754 say\u0131l\u0131 Bakanlar Kurulu Karar\u0131na ekli &#8220;S\u00f6zle\u015fmeli Personel \u00c7al\u0131\u015ft\u0131r\u0131lmas\u0131na \u0130li\u015fkin Esaslar&#8221;\u0131n Ek 2&#8217;nci maddesinin (b) f\u0131kras\u0131na g\u00f6re 2024 y\u0131l\u0131 KPSS [&hellip;]\" \/>\n<meta property=\"og:url\" content=\"https:\/\/memurunsesi.net\/index.php\/2025\/06\/03\/ataturk-universitesi-rektorlugunden\/\" \/>\n<meta property=\"og:site_name\" content=\"Memurun Sesi\" \/>\n<meta property=\"article:publisher\" content=\"https:\/\/www.facebook.com\/unipersen\/?locale=tr_TR\" \/>\n<meta property=\"article:published_time\" content=\"2025-06-03T05:23:06+00:00\" \/>\n<meta property=\"og:image\" content=\"https:\/\/memurunsesi.net\/wp-content\/uploads\/2025\/06\/9.webp\" \/>\n\t<meta property=\"og:image:width\" content=\"124\" \/>\n\t<meta property=\"og:image:height\" content=\"124\" \/>\n\t<meta property=\"og:image:type\" content=\"image\/webp\" \/>\n<meta name=\"author\" content=\"Memurun Sesi Haber Merkezi\" \/>\n<meta name=\"twitter:card\" content=\"summary_large_image\" \/>\n<meta name=\"twitter:creator\" content=\"@unipersen\" \/>\n<meta name=\"twitter:site\" content=\"@unipersen\" \/>\n<meta name=\"twitter:label1\" content=\"Yazan:\" \/>\n\t<meta name=\"twitter:data1\" content=\"Memurun Sesi Haber Merkezi\" \/>\n\t<meta name=\"twitter:label2\" content=\"Tahmini okuma s\u00fcresi\" \/>\n\t<meta name=\"twitter:data2\" content=\"1 dakika\" \/>\n<script type=\"application\/ld+json\" class=\"yoast-schema-graph\">{\"@context\":\"https:\\\/\\\/schema.org\",\"@graph\":[{\"@type\":\"Article\",\"@id\":\"https:\\\/\\\/memurunsesi.net\\\/index.php\\\/2025\\\/06\\\/03\\\/ataturk-universitesi-rektorlugunden\\\/#article\",\"isPartOf\":{\"@id\":\"https:\\\/\\\/memurunsesi.net\\\/index.php\\\/2025\\\/06\\\/03\\\/ataturk-universitesi-rektorlugunden\\\/\"},\"author\":{\"name\":\"Memurun Sesi Haber Merkezi\",\"@id\":\"https:\\\/\\\/memurunsesi.net\\\/#\\\/schema\\\/person\\\/f21c2d73b89f6ee1d80b0a1803e38587\"},\"headline\":\"Atat\u00fcrk \u00dcniversitesi Rekt\u00f6rl\u00fc\u011f\u00fcnden:\",\"datePublished\":\"2025-06-03T05:23:06+00:00\",\"mainEntityOfPage\":{\"@id\":\"https:\\\/\\\/memurunsesi.net\\\/index.php\\\/2025\\\/06\\\/03\\\/ataturk-universitesi-rektorlugunden\\\/\"},\"wordCount\":2810,\"commentCount\":0,\"publisher\":{\"@id\":\"https:\\\/\\\/memurunsesi.net\\\/#organization\"},\"image\":{\"@id\":\"https:\\\/\\\/memurunsesi.net\\\/index.php\\\/2025\\\/06\\\/03\\\/ataturk-universitesi-rektorlugunden\\\/#primaryimage\"},\"thumbnailUrl\":\"https:\\\/\\\/memurunsesi.net\\\/wp-content\\\/uploads\\\/2025\\\/06\\\/9.webp\",\"articleSection\":[\"\u0130\u015f \u0130lanlar\u0131\"],\"inLanguage\":\"tr\",\"potentialAction\":[{\"@type\":\"CommentAction\",\"name\":\"Comment\",\"target\":[\"https:\\\/\\\/memurunsesi.net\\\/index.php\\\/2025\\\/06\\\/03\\\/ataturk-universitesi-rektorlugunden\\\/#respond\"]}]},{\"@type\":\"WebPage\",\"@id\":\"https:\\\/\\\/memurunsesi.net\\\/index.php\\\/2025\\\/06\\\/03\\\/ataturk-universitesi-rektorlugunden\\\/\",\"url\":\"https:\\\/\\\/memurunsesi.net\\\/index.php\\\/2025\\\/06\\\/03\\\/ataturk-universitesi-rektorlugunden\\\/\",\"name\":\"Atat\u00fcrk \u00dcniversitesi Rekt\u00f6rl\u00fc\u011f\u00fcnden: - Memurun Sesi\",\"isPartOf\":{\"@id\":\"https:\\\/\\\/memurunsesi.net\\\/#website\"},\"primaryImageOfPage\":{\"@id\":\"https:\\\/\\\/memurunsesi.net\\\/index.php\\\/2025\\\/06\\\/03\\\/ataturk-universitesi-rektorlugunden\\\/#primaryimage\"},\"image\":{\"@id\":\"https:\\\/\\\/memurunsesi.net\\\/index.php\\\/2025\\\/06\\\/03\\\/ataturk-universitesi-rektorlugunden\\\/#primaryimage\"},\"thumbnailUrl\":\"https:\\\/\\\/memurunsesi.net\\\/wp-content\\\/uploads\\\/2025\\\/06\\\/9.webp\",\"datePublished\":\"2025-06-03T05:23:06+00:00\",\"breadcrumb\":{\"@id\":\"https:\\\/\\\/memurunsesi.net\\\/index.php\\\/2025\\\/06\\\/03\\\/ataturk-universitesi-rektorlugunden\\\/#breadcrumb\"},\"inLanguage\":\"tr\",\"potentialAction\":[{\"@type\":\"ReadAction\",\"target\":[\"https:\\\/\\\/memurunsesi.net\\\/index.php\\\/2025\\\/06\\\/03\\\/ataturk-universitesi-rektorlugunden\\\/\"]}]},{\"@type\":\"ImageObject\",\"inLanguage\":\"tr\",\"@id\":\"https:\\\/\\\/memurunsesi.net\\\/index.php\\\/2025\\\/06\\\/03\\\/ataturk-universitesi-rektorlugunden\\\/#primaryimage\",\"url\":\"https:\\\/\\\/memurunsesi.net\\\/wp-content\\\/uploads\\\/2025\\\/06\\\/9.webp\",\"contentUrl\":\"https:\\\/\\\/memurunsesi.net\\\/wp-content\\\/uploads\\\/2025\\\/06\\\/9.webp\",\"width\":124,\"height\":124},{\"@type\":\"BreadcrumbList\",\"@id\":\"https:\\\/\\\/memurunsesi.net\\\/index.php\\\/2025\\\/06\\\/03\\\/ataturk-universitesi-rektorlugunden\\\/#breadcrumb\",\"itemListElement\":[{\"@type\":\"ListItem\",\"position\":1,\"name\":\"Anasayfa\",\"item\":\"https:\\\/\\\/memurunsesi.net\\\/\"},{\"@type\":\"ListItem\",\"position\":2,\"name\":\"Atat\u00fcrk \u00dcniversitesi Rekt\u00f6rl\u00fc\u011f\u00fcnden:\"}]},{\"@type\":\"WebSite\",\"@id\":\"https:\\\/\\\/memurunsesi.net\\\/#website\",\"url\":\"https:\\\/\\\/memurunsesi.net\\\/\",\"name\":\"Memurun Sesi\",\"description\":\"G\u00fcncel ve Do\u011fru Haber\",\"publisher\":{\"@id\":\"https:\\\/\\\/memurunsesi.net\\\/#organization\"},\"potentialAction\":[{\"@type\":\"SearchAction\",\"target\":{\"@type\":\"EntryPoint\",\"urlTemplate\":\"https:\\\/\\\/memurunsesi.net\\\/?s={search_term_string}\"},\"query-input\":{\"@type\":\"PropertyValueSpecification\",\"valueRequired\":true,\"valueName\":\"search_term_string\"}}],\"inLanguage\":\"tr\"},{\"@type\":\"Organization\",\"@id\":\"https:\\\/\\\/memurunsesi.net\\\/#organization\",\"name\":\"Memurun Sesi\",\"url\":\"https:\\\/\\\/memurunsesi.net\\\/\",\"logo\":{\"@type\":\"ImageObject\",\"inLanguage\":\"tr\",\"@id\":\"https:\\\/\\\/memurunsesi.net\\\/#\\\/schema\\\/logo\\\/image\\\/\",\"url\":\"https:\\\/\\\/memurunsesi.net\\\/wp-content\\\/uploads\\\/2025\\\/11\\\/cropped-MEMURUN-SESI.png\",\"contentUrl\":\"https:\\\/\\\/memurunsesi.net\\\/wp-content\\\/uploads\\\/2025\\\/11\\\/cropped-MEMURUN-SESI.png\",\"width\":238,\"height\":57,\"caption\":\"Memurun Sesi\"},\"image\":{\"@id\":\"https:\\\/\\\/memurunsesi.net\\\/#\\\/schema\\\/logo\\\/image\\\/\"},\"sameAs\":[\"https:\\\/\\\/www.facebook.com\\\/unipersen\\\/?locale=tr_TR\",\"https:\\\/\\\/x.com\\\/unipersen\"]},{\"@type\":\"Person\",\"@id\":\"https:\\\/\\\/memurunsesi.net\\\/#\\\/schema\\\/person\\\/f21c2d73b89f6ee1d80b0a1803e38587\",\"name\":\"Memurun Sesi Haber Merkezi\",\"image\":{\"@type\":\"ImageObject\",\"inLanguage\":\"tr\",\"@id\":\"https:\\\/\\\/secure.gravatar.com\\\/avatar\\\/6cf0505f452ee753f485014986fab09a434671d2b919ee76fc541025c5876a70?s=96&d=mm&r=g\",\"url\":\"https:\\\/\\\/secure.gravatar.com\\\/avatar\\\/6cf0505f452ee753f485014986fab09a434671d2b919ee76fc541025c5876a70?s=96&d=mm&r=g\",\"contentUrl\":\"https:\\\/\\\/secure.gravatar.com\\\/avatar\\\/6cf0505f452ee753f485014986fab09a434671d2b919ee76fc541025c5876a70?s=96&d=mm&r=g\",\"caption\":\"Memurun Sesi Haber Merkezi\"},\"sameAs\":[\"https:\\\/\\\/memurunsesi.net\"],\"url\":\"https:\\\/\\\/memurunsesi.net\\\/index.php\\\/author\\\/uniper\\\/\"}]}<\/script>\n<!-- \/ Yoast SEO plugin. -->","yoast_head_json":{"title":"Atat\u00fcrk \u00dcniversitesi Rekt\u00f6rl\u00fc\u011f\u00fcnden: - Memurun Sesi","robots":{"index":"index","follow":"follow","max-snippet":"max-snippet:-1","max-image-preview":"max-image-preview:large","max-video-preview":"max-video-preview:-1"},"canonical":"https:\/\/memurunsesi.net\/index.php\/2025\/06\/03\/ataturk-universitesi-rektorlugunden\/","og_locale":"tr_TR","og_type":"article","og_title":"Atat\u00fcrk \u00dcniversitesi Rekt\u00f6rl\u00fc\u011f\u00fcnden: - Memurun Sesi","og_description":"S\u00d6ZLE\u015eMEL\u0130 PERSONEL ALIM \u0130LANI 657 say\u0131l\u0131 Devlet Memurlar\u0131 Kanununun 4&#8217;\u00fcnc\u00fc maddesinin B f\u0131kras\u0131na g\u00f6re \u00dcniversitemiz Sa\u011fl\u0131k Ara\u015ft\u0131rma ve Uygulama Merkezi M\u00fcd\u00fcrl\u00fc\u011f\u00fc (Hastane) emrinde istihdam edilmek ve giderleri \u00dcniversitemiz \u00d6zel B\u00fct\u00e7esinden kar\u015f\u0131lanmak \u00fczere 06.06.1978 tarihli ve 7\/15754 say\u0131l\u0131 Bakanlar Kurulu Karar\u0131na ekli &#8220;S\u00f6zle\u015fmeli Personel \u00c7al\u0131\u015ft\u0131r\u0131lmas\u0131na \u0130li\u015fkin Esaslar&#8221;\u0131n Ek 2&#8217;nci maddesinin (b) f\u0131kras\u0131na g\u00f6re 2024 y\u0131l\u0131 KPSS [&hellip;]","og_url":"https:\/\/memurunsesi.net\/index.php\/2025\/06\/03\/ataturk-universitesi-rektorlugunden\/","og_site_name":"Memurun Sesi","article_publisher":"https:\/\/www.facebook.com\/unipersen\/?locale=tr_TR","article_published_time":"2025-06-03T05:23:06+00:00","og_image":[{"width":124,"height":124,"url":"https:\/\/memurunsesi.net\/wp-content\/uploads\/2025\/06\/9.webp","type":"image\/webp"}],"author":"Memurun Sesi Haber Merkezi","twitter_card":"summary_large_image","twitter_creator":"@unipersen","twitter_site":"@unipersen","twitter_misc":{"Yazan:":"Memurun Sesi Haber Merkezi","Tahmini okuma s\u00fcresi":"1 dakika"},"schema":{"@context":"https:\/\/schema.org","@graph":[{"@type":"Article","@id":"https:\/\/memurunsesi.net\/index.php\/2025\/06\/03\/ataturk-universitesi-rektorlugunden\/#article","isPartOf":{"@id":"https:\/\/memurunsesi.net\/index.php\/2025\/06\/03\/ataturk-universitesi-rektorlugunden\/"},"author":{"name":"Memurun Sesi Haber Merkezi","@id":"https:\/\/memurunsesi.net\/#\/schema\/person\/f21c2d73b89f6ee1d80b0a1803e38587"},"headline":"Atat\u00fcrk \u00dcniversitesi Rekt\u00f6rl\u00fc\u011f\u00fcnden:","datePublished":"2025-06-03T05:23:06+00:00","mainEntityOfPage":{"@id":"https:\/\/memurunsesi.net\/index.php\/2025\/06\/03\/ataturk-universitesi-rektorlugunden\/"},"wordCount":2810,"commentCount":0,"publisher":{"@id":"https:\/\/memurunsesi.net\/#organization"},"image":{"@id":"https:\/\/memurunsesi.net\/index.php\/2025\/06\/03\/ataturk-universitesi-rektorlugunden\/#primaryimage"},"thumbnailUrl":"https:\/\/memurunsesi.net\/wp-content\/uploads\/2025\/06\/9.webp","articleSection":["\u0130\u015f \u0130lanlar\u0131"],"inLanguage":"tr","potentialAction":[{"@type":"CommentAction","name":"Comment","target":["https:\/\/memurunsesi.net\/index.php\/2025\/06\/03\/ataturk-universitesi-rektorlugunden\/#respond"]}]},{"@type":"WebPage","@id":"https:\/\/memurunsesi.net\/index.php\/2025\/06\/03\/ataturk-universitesi-rektorlugunden\/","url":"https:\/\/memurunsesi.net\/index.php\/2025\/06\/03\/ataturk-universitesi-rektorlugunden\/","name":"Atat\u00fcrk \u00dcniversitesi Rekt\u00f6rl\u00fc\u011f\u00fcnden: - Memurun Sesi","isPartOf":{"@id":"https:\/\/memurunsesi.net\/#website"},"primaryImageOfPage":{"@id":"https:\/\/memurunsesi.net\/index.php\/2025\/06\/03\/ataturk-universitesi-rektorlugunden\/#primaryimage"},"image":{"@id":"https:\/\/memurunsesi.net\/index.php\/2025\/06\/03\/ataturk-universitesi-rektorlugunden\/#primaryimage"},"thumbnailUrl":"https:\/\/memurunsesi.net\/wp-content\/uploads\/2025\/06\/9.webp","datePublished":"2025-06-03T05:23:06+00:00","breadcrumb":{"@id":"https:\/\/memurunsesi.net\/index.php\/2025\/06\/03\/ataturk-universitesi-rektorlugunden\/#breadcrumb"},"inLanguage":"tr","potentialAction":[{"@type":"ReadAction","target":["https:\/\/memurunsesi.net\/index.php\/2025\/06\/03\/ataturk-universitesi-rektorlugunden\/"]}]},{"@type":"ImageObject","inLanguage":"tr","@id":"https:\/\/memurunsesi.net\/index.php\/2025\/06\/03\/ataturk-universitesi-rektorlugunden\/#primaryimage","url":"https:\/\/memurunsesi.net\/wp-content\/uploads\/2025\/06\/9.webp","contentUrl":"https:\/\/memurunsesi.net\/wp-content\/uploads\/2025\/06\/9.webp","width":124,"height":124},{"@type":"BreadcrumbList","@id":"https:\/\/memurunsesi.net\/index.php\/2025\/06\/03\/ataturk-universitesi-rektorlugunden\/#breadcrumb","itemListElement":[{"@type":"ListItem","position":1,"name":"Anasayfa","item":"https:\/\/memurunsesi.net\/"},{"@type":"ListItem","position":2,"name":"Atat\u00fcrk \u00dcniversitesi Rekt\u00f6rl\u00fc\u011f\u00fcnden:"}]},{"@type":"WebSite","@id":"https:\/\/memurunsesi.net\/#website","url":"https:\/\/memurunsesi.net\/","name":"Memurun Sesi","description":"G\u00fcncel ve Do\u011fru Haber","publisher":{"@id":"https:\/\/memurunsesi.net\/#organization"},"potentialAction":[{"@type":"SearchAction","target":{"@type":"EntryPoint","urlTemplate":"https:\/\/memurunsesi.net\/?s={search_term_string}"},"query-input":{"@type":"PropertyValueSpecification","valueRequired":true,"valueName":"search_term_string"}}],"inLanguage":"tr"},{"@type":"Organization","@id":"https:\/\/memurunsesi.net\/#organization","name":"Memurun Sesi","url":"https:\/\/memurunsesi.net\/","logo":{"@type":"ImageObject","inLanguage":"tr","@id":"https:\/\/memurunsesi.net\/#\/schema\/logo\/image\/","url":"https:\/\/memurunsesi.net\/wp-content\/uploads\/2025\/11\/cropped-MEMURUN-SESI.png","contentUrl":"https:\/\/memurunsesi.net\/wp-content\/uploads\/2025\/11\/cropped-MEMURUN-SESI.png","width":238,"height":57,"caption":"Memurun Sesi"},"image":{"@id":"https:\/\/memurunsesi.net\/#\/schema\/logo\/image\/"},"sameAs":["https:\/\/www.facebook.com\/unipersen\/?locale=tr_TR","https:\/\/x.com\/unipersen"]},{"@type":"Person","@id":"https:\/\/memurunsesi.net\/#\/schema\/person\/f21c2d73b89f6ee1d80b0a1803e38587","name":"Memurun Sesi Haber Merkezi","image":{"@type":"ImageObject","inLanguage":"tr","@id":"https:\/\/secure.gravatar.com\/avatar\/6cf0505f452ee753f485014986fab09a434671d2b919ee76fc541025c5876a70?s=96&d=mm&r=g","url":"https:\/\/secure.gravatar.com\/avatar\/6cf0505f452ee753f485014986fab09a434671d2b919ee76fc541025c5876a70?s=96&d=mm&r=g","contentUrl":"https:\/\/secure.gravatar.com\/avatar\/6cf0505f452ee753f485014986fab09a434671d2b919ee76fc541025c5876a70?s=96&d=mm&r=g","caption":"Memurun Sesi Haber Merkezi"},"sameAs":["https:\/\/memurunsesi.net"],"url":"https:\/\/memurunsesi.net\/index.php\/author\/uniper\/"}]}},"_links":{"self":[{"href":"https:\/\/memurunsesi.net\/index.php\/wp-json\/wp\/v2\/posts\/7590","targetHints":{"allow":["GET"]}}],"collection":[{"href":"https:\/\/memurunsesi.net\/index.php\/wp-json\/wp\/v2\/posts"}],"about":[{"href":"https:\/\/memurunsesi.net\/index.php\/wp-json\/wp\/v2\/types\/post"}],"author":[{"embeddable":true,"href":"https:\/\/memurunsesi.net\/index.php\/wp-json\/wp\/v2\/users\/1"}],"replies":[{"embeddable":true,"href":"https:\/\/memurunsesi.net\/index.php\/wp-json\/wp\/v2\/comments?post=7590"}],"version-history":[{"count":1,"href":"https:\/\/memurunsesi.net\/index.php\/wp-json\/wp\/v2\/posts\/7590\/revisions"}],"predecessor-version":[{"id":7592,"href":"https:\/\/memurunsesi.net\/index.php\/wp-json\/wp\/v2\/posts\/7590\/revisions\/7592"}],"wp:featuredmedia":[{"embeddable":true,"href":"https:\/\/memurunsesi.net\/index.php\/wp-json\/wp\/v2\/media\/7591"}],"wp:attachment":[{"href":"https:\/\/memurunsesi.net\/index.php\/wp-json\/wp\/v2\/media?parent=7590"}],"wp:term":[{"taxonomy":"category","embeddable":true,"href":"https:\/\/memurunsesi.net\/index.php\/wp-json\/wp\/v2\/categories?post=7590"},{"taxonomy":"post_tag","embeddable":true,"href":"https:\/\/memurunsesi.net\/index.php\/wp-json\/wp\/v2\/tags?post=7590"}],"curies":[{"name":"wp","href":"https:\/\/api.w.org\/{rel}","templated":true}]}}