{"id":7603,"date":"2025-06-03T08:50:56","date_gmt":"2025-06-03T05:50:56","guid":{"rendered":"https:\/\/memurunsesi.net\/?p=7603"},"modified":"2025-06-03T08:50:56","modified_gmt":"2025-06-03T05:50:56","slug":"sarigolde-tarim-icin-dijital-hamle","status":"publish","type":"post","link":"https:\/\/memurunsesi.net\/index.php\/2025\/06\/03\/sarigolde-tarim-icin-dijital-hamle\/","title":{"rendered":"Sar\u0131g\u00f6l&#8217;de tar\u0131m i\u00e7in dijital hamle"},"content":{"rendered":"<p> Manisa&#8217;n\u0131n Sar\u0131g\u00f6l il\u00e7esinde, tar\u0131m alanlar\u0131n\u0131n izlenmesi ve tar\u0131msal \u00fcretim planlamas\u0131n\u0131n etkin \u015fekilde yap\u0131labilmesi amac\u0131yla dijital tar\u0131m uygulamalar\u0131 kapsam\u0131nda referans parsel veri toplama \u00e7al\u0131\u015fmalar\u0131na ba\u015fland\u0131.<br \/>\n  Sar\u0131g\u00f6l \u0130l\u00e7e Tar\u0131m ve Orman M\u00fcd\u00fcrl\u00fc\u011f\u00fc ekipleri, \u00fcr\u00fcn belirleme (s\u0131n\u0131flama) analizlerinde kullan\u0131lmak \u00fczere referans parsel veri toplama \u00e7al\u0131\u015fmalar\u0131na ba\u015flad\u0131.<br \/>\n  \u0130l\u00e7e genelinde s\u00fcrd\u00fcr\u00fclen \u00e7al\u0131\u015fmalarda, tar\u0131m arazileri tek tek incelenerek dijital verilerle kay\u0131t alt\u0131na al\u0131n\u0131yor. Yap\u0131lan \u00f6l\u00e7\u00fcm ve analizlerin, gelecekteki \u00fcretim planlamalar\u0131 i\u00e7in b\u00fcy\u00fck \u00f6nem ta\u015f\u0131d\u0131\u011f\u0131 belirtildi.<br \/>\n  \u00c7al\u0131\u015fmalar hakk\u0131nda bilgi veren Sar\u0131g\u00f6l \u0130l\u00e7e Tar\u0131m ve Orman M\u00fcd\u00fcr\u00fc Ahmet Akar, &#8220;Ekip arkada\u015flar\u0131m\u0131z sahada b\u00fcy\u00fck bir \u00f6zveriyle \u00e7al\u0131\u015f\u0131yor. Tar\u0131m alanlar\u0131n\u0131n do\u011fru \u015fekilde izlenmesi ve \u00fcretimin verimli \u015fekilde planlanabilmesi i\u00e7in referans parsel verileri topluyoruz. Bu s\u00fcre\u00e7, dijital tar\u0131m altyap\u0131s\u0131n\u0131n olu\u015fturulmas\u0131 a\u00e7\u0131s\u0131ndan \u00e7ok de\u011ferli.&#8221; dedi. <\/p>\n<p>3.06.2025                                 <\/p>\n","protected":false},"excerpt":{"rendered":"<p>Manisa&#8217;n\u0131n Sar\u0131g\u00f6l il\u00e7esinde, tar\u0131m alanlar\u0131n\u0131n izlenmesi ve tar\u0131msal \u00fcretim planlamas\u0131n\u0131n etkin \u015fekilde yap\u0131labilmesi amac\u0131yla dijital tar\u0131m uygulamalar\u0131 kapsam\u0131nda referans parsel veri toplama \u00e7al\u0131\u015fmalar\u0131na ba\u015fland\u0131. Sar\u0131g\u00f6l \u0130l\u00e7e Tar\u0131m ve Orman M\u00fcd\u00fcrl\u00fc\u011f\u00fc ekipleri, \u00fcr\u00fcn belirleme (s\u0131n\u0131flama) analizlerinde kullan\u0131lmak \u00fczere referans parsel veri toplama \u00e7al\u0131\u015fmalar\u0131na ba\u015flad\u0131. \u0130l\u00e7e genelinde s\u00fcrd\u00fcr\u00fclen \u00e7al\u0131\u015fmalarda, tar\u0131m arazileri tek tek incelenerek dijital verilerle kay\u0131t [&hellip;]<\/p>\n","protected":false},"author":1,"featured_media":0,"comment_status":"open","ping_status":"open","sticky":false,"template":"","format":"standard","meta":{"footnotes":""},"categories":[45],"tags":[],"class_list":["post-7603","post","type-post","status-publish","format-standard","hentry","category-gundem"],"yoast_head":"<!-- This site is optimized with the Yoast SEO plugin v27.4 - https:\/\/yoast.com\/product\/yoast-seo-wordpress\/ -->\n<title>Sar\u0131g\u00f6l&#039;de tar\u0131m i\u00e7in dijital hamle - Memurun Sesi<\/title>\n<meta name=\"robots\" content=\"index, follow, max-snippet:-1, max-image-preview:large, max-video-preview:-1\" \/>\n<link rel=\"canonical\" href=\"https:\/\/memurunsesi.net\/index.php\/2025\/06\/03\/sarigolde-tarim-icin-dijital-hamle\/\" \/>\n<meta property=\"og:locale\" content=\"tr_TR\" \/>\n<meta property=\"og:type\" content=\"article\" \/>\n<meta property=\"og:title\" content=\"Sar\u0131g\u00f6l&#039;de tar\u0131m i\u00e7in dijital hamle - Memurun Sesi\" \/>\n<meta property=\"og:description\" content=\"Manisa&#8217;n\u0131n Sar\u0131g\u00f6l il\u00e7esinde, tar\u0131m alanlar\u0131n\u0131n izlenmesi ve tar\u0131msal \u00fcretim planlamas\u0131n\u0131n etkin \u015fekilde yap\u0131labilmesi amac\u0131yla dijital tar\u0131m uygulamalar\u0131 kapsam\u0131nda referans parsel veri toplama \u00e7al\u0131\u015fmalar\u0131na ba\u015fland\u0131. Sar\u0131g\u00f6l \u0130l\u00e7e Tar\u0131m ve Orman M\u00fcd\u00fcrl\u00fc\u011f\u00fc ekipleri, \u00fcr\u00fcn belirleme (s\u0131n\u0131flama) analizlerinde kullan\u0131lmak \u00fczere referans parsel veri toplama \u00e7al\u0131\u015fmalar\u0131na ba\u015flad\u0131. \u0130l\u00e7e genelinde s\u00fcrd\u00fcr\u00fclen \u00e7al\u0131\u015fmalarda, tar\u0131m arazileri tek tek incelenerek dijital verilerle kay\u0131t [&hellip;]\" \/>\n<meta property=\"og:url\" content=\"https:\/\/memurunsesi.net\/index.php\/2025\/06\/03\/sarigolde-tarim-icin-dijital-hamle\/\" \/>\n<meta property=\"og:site_name\" content=\"Memurun Sesi\" \/>\n<meta property=\"article:publisher\" content=\"https:\/\/www.facebook.com\/unipersen\/?locale=tr_TR\" \/>\n<meta property=\"article:published_time\" content=\"2025-06-03T05:50:56+00:00\" \/>\n<meta name=\"author\" content=\"Memurun Sesi Haber Merkezi\" \/>\n<meta name=\"twitter:card\" content=\"summary_large_image\" \/>\n<meta name=\"twitter:creator\" content=\"@unipersen\" \/>\n<meta name=\"twitter:site\" content=\"@unipersen\" \/>\n<meta name=\"twitter:label1\" content=\"Yazan:\" \/>\n\t<meta name=\"twitter:data1\" content=\"Memurun Sesi Haber Merkezi\" \/>\n\t<meta name=\"twitter:label2\" content=\"Tahmini okuma s\u00fcresi\" \/>\n\t<meta name=\"twitter:data2\" content=\"1 dakika\" \/>\n<script type=\"application\/ld+json\" class=\"yoast-schema-graph\">{\"@context\":\"https:\\\/\\\/schema.org\",\"@graph\":[{\"@type\":\"Article\",\"@id\":\"https:\\\/\\\/memurunsesi.net\\\/index.php\\\/2025\\\/06\\\/03\\\/sarigolde-tarim-icin-dijital-hamle\\\/#article\",\"isPartOf\":{\"@id\":\"https:\\\/\\\/memurunsesi.net\\\/index.php\\\/2025\\\/06\\\/03\\\/sarigolde-tarim-icin-dijital-hamle\\\/\"},\"author\":{\"name\":\"Memurun Sesi Haber Merkezi\",\"@id\":\"https:\\\/\\\/memurunsesi.net\\\/#\\\/schema\\\/person\\\/f21c2d73b89f6ee1d80b0a1803e38587\"},\"headline\":\"Sar\u0131g\u00f6l&#8217;de tar\u0131m i\u00e7in dijital hamle\",\"datePublished\":\"2025-06-03T05:50:56+00:00\",\"mainEntityOfPage\":{\"@id\":\"https:\\\/\\\/memurunsesi.net\\\/index.php\\\/2025\\\/06\\\/03\\\/sarigolde-tarim-icin-dijital-hamle\\\/\"},\"wordCount\":198,\"commentCount\":0,\"publisher\":{\"@id\":\"https:\\\/\\\/memurunsesi.net\\\/#organization\"},\"articleSection\":[\"G\u00fcndem\"],\"inLanguage\":\"tr\",\"potentialAction\":[{\"@type\":\"CommentAction\",\"name\":\"Comment\",\"target\":[\"https:\\\/\\\/memurunsesi.net\\\/index.php\\\/2025\\\/06\\\/03\\\/sarigolde-tarim-icin-dijital-hamle\\\/#respond\"]}]},{\"@type\":\"WebPage\",\"@id\":\"https:\\\/\\\/memurunsesi.net\\\/index.php\\\/2025\\\/06\\\/03\\\/sarigolde-tarim-icin-dijital-hamle\\\/\",\"url\":\"https:\\\/\\\/memurunsesi.net\\\/index.php\\\/2025\\\/06\\\/03\\\/sarigolde-tarim-icin-dijital-hamle\\\/\",\"name\":\"Sar\u0131g\u00f6l'de tar\u0131m i\u00e7in dijital hamle - Memurun Sesi\",\"isPartOf\":{\"@id\":\"https:\\\/\\\/memurunsesi.net\\\/#website\"},\"datePublished\":\"2025-06-03T05:50:56+00:00\",\"breadcrumb\":{\"@id\":\"https:\\\/\\\/memurunsesi.net\\\/index.php\\\/2025\\\/06\\\/03\\\/sarigolde-tarim-icin-dijital-hamle\\\/#breadcrumb\"},\"inLanguage\":\"tr\",\"potentialAction\":[{\"@type\":\"ReadAction\",\"target\":[\"https:\\\/\\\/memurunsesi.net\\\/index.php\\\/2025\\\/06\\\/03\\\/sarigolde-tarim-icin-dijital-hamle\\\/\"]}]},{\"@type\":\"BreadcrumbList\",\"@id\":\"https:\\\/\\\/memurunsesi.net\\\/index.php\\\/2025\\\/06\\\/03\\\/sarigolde-tarim-icin-dijital-hamle\\\/#breadcrumb\",\"itemListElement\":[{\"@type\":\"ListItem\",\"position\":1,\"name\":\"Anasayfa\",\"item\":\"https:\\\/\\\/memurunsesi.net\\\/\"},{\"@type\":\"ListItem\",\"position\":2,\"name\":\"Sar\u0131g\u00f6l&#8217;de tar\u0131m i\u00e7in dijital hamle\"}]},{\"@type\":\"WebSite\",\"@id\":\"https:\\\/\\\/memurunsesi.net\\\/#website\",\"url\":\"https:\\\/\\\/memurunsesi.net\\\/\",\"name\":\"Memurun Sesi\",\"description\":\"G\u00fcncel ve Do\u011fru Haber\",\"publisher\":{\"@id\":\"https:\\\/\\\/memurunsesi.net\\\/#organization\"},\"potentialAction\":[{\"@type\":\"SearchAction\",\"target\":{\"@type\":\"EntryPoint\",\"urlTemplate\":\"https:\\\/\\\/memurunsesi.net\\\/?s={search_term_string}\"},\"query-input\":{\"@type\":\"PropertyValueSpecification\",\"valueRequired\":true,\"valueName\":\"search_term_string\"}}],\"inLanguage\":\"tr\"},{\"@type\":\"Organization\",\"@id\":\"https:\\\/\\\/memurunsesi.net\\\/#organization\",\"name\":\"Memurun Sesi\",\"url\":\"https:\\\/\\\/memurunsesi.net\\\/\",\"logo\":{\"@type\":\"ImageObject\",\"inLanguage\":\"tr\",\"@id\":\"https:\\\/\\\/memurunsesi.net\\\/#\\\/schema\\\/logo\\\/image\\\/\",\"url\":\"https:\\\/\\\/memurunsesi.net\\\/wp-content\\\/uploads\\\/2025\\\/11\\\/cropped-MEMURUN-SESI.png\",\"contentUrl\":\"https:\\\/\\\/memurunsesi.net\\\/wp-content\\\/uploads\\\/2025\\\/11\\\/cropped-MEMURUN-SESI.png\",\"width\":238,\"height\":57,\"caption\":\"Memurun Sesi\"},\"image\":{\"@id\":\"https:\\\/\\\/memurunsesi.net\\\/#\\\/schema\\\/logo\\\/image\\\/\"},\"sameAs\":[\"https:\\\/\\\/www.facebook.com\\\/unipersen\\\/?locale=tr_TR\",\"https:\\\/\\\/x.com\\\/unipersen\"]},{\"@type\":\"Person\",\"@id\":\"https:\\\/\\\/memurunsesi.net\\\/#\\\/schema\\\/person\\\/f21c2d73b89f6ee1d80b0a1803e38587\",\"name\":\"Memurun Sesi Haber Merkezi\",\"image\":{\"@type\":\"ImageObject\",\"inLanguage\":\"tr\",\"@id\":\"https:\\\/\\\/secure.gravatar.com\\\/avatar\\\/6cf0505f452ee753f485014986fab09a434671d2b919ee76fc541025c5876a70?s=96&d=mm&r=g\",\"url\":\"https:\\\/\\\/secure.gravatar.com\\\/avatar\\\/6cf0505f452ee753f485014986fab09a434671d2b919ee76fc541025c5876a70?s=96&d=mm&r=g\",\"contentUrl\":\"https:\\\/\\\/secure.gravatar.com\\\/avatar\\\/6cf0505f452ee753f485014986fab09a434671d2b919ee76fc541025c5876a70?s=96&d=mm&r=g\",\"caption\":\"Memurun Sesi Haber Merkezi\"},\"sameAs\":[\"https:\\\/\\\/memurunsesi.net\"],\"url\":\"https:\\\/\\\/memurunsesi.net\\\/index.php\\\/author\\\/uniper\\\/\"}]}<\/script>\n<!-- \/ Yoast SEO plugin. -->","yoast_head_json":{"title":"Sar\u0131g\u00f6l'de tar\u0131m i\u00e7in dijital hamle - Memurun Sesi","robots":{"index":"index","follow":"follow","max-snippet":"max-snippet:-1","max-image-preview":"max-image-preview:large","max-video-preview":"max-video-preview:-1"},"canonical":"https:\/\/memurunsesi.net\/index.php\/2025\/06\/03\/sarigolde-tarim-icin-dijital-hamle\/","og_locale":"tr_TR","og_type":"article","og_title":"Sar\u0131g\u00f6l'de tar\u0131m i\u00e7in dijital hamle - Memurun Sesi","og_description":"Manisa&#8217;n\u0131n Sar\u0131g\u00f6l il\u00e7esinde, tar\u0131m alanlar\u0131n\u0131n izlenmesi ve tar\u0131msal \u00fcretim planlamas\u0131n\u0131n etkin \u015fekilde yap\u0131labilmesi amac\u0131yla dijital tar\u0131m uygulamalar\u0131 kapsam\u0131nda referans parsel veri toplama \u00e7al\u0131\u015fmalar\u0131na ba\u015fland\u0131. Sar\u0131g\u00f6l \u0130l\u00e7e Tar\u0131m ve Orman M\u00fcd\u00fcrl\u00fc\u011f\u00fc ekipleri, \u00fcr\u00fcn belirleme (s\u0131n\u0131flama) analizlerinde kullan\u0131lmak \u00fczere referans parsel veri toplama \u00e7al\u0131\u015fmalar\u0131na ba\u015flad\u0131. \u0130l\u00e7e genelinde s\u00fcrd\u00fcr\u00fclen \u00e7al\u0131\u015fmalarda, tar\u0131m arazileri tek tek incelenerek dijital verilerle kay\u0131t [&hellip;]","og_url":"https:\/\/memurunsesi.net\/index.php\/2025\/06\/03\/sarigolde-tarim-icin-dijital-hamle\/","og_site_name":"Memurun Sesi","article_publisher":"https:\/\/www.facebook.com\/unipersen\/?locale=tr_TR","article_published_time":"2025-06-03T05:50:56+00:00","author":"Memurun Sesi Haber Merkezi","twitter_card":"summary_large_image","twitter_creator":"@unipersen","twitter_site":"@unipersen","twitter_misc":{"Yazan:":"Memurun Sesi Haber Merkezi","Tahmini okuma s\u00fcresi":"1 dakika"},"schema":{"@context":"https:\/\/schema.org","@graph":[{"@type":"Article","@id":"https:\/\/memurunsesi.net\/index.php\/2025\/06\/03\/sarigolde-tarim-icin-dijital-hamle\/#article","isPartOf":{"@id":"https:\/\/memurunsesi.net\/index.php\/2025\/06\/03\/sarigolde-tarim-icin-dijital-hamle\/"},"author":{"name":"Memurun Sesi Haber Merkezi","@id":"https:\/\/memurunsesi.net\/#\/schema\/person\/f21c2d73b89f6ee1d80b0a1803e38587"},"headline":"Sar\u0131g\u00f6l&#8217;de tar\u0131m i\u00e7in dijital hamle","datePublished":"2025-06-03T05:50:56+00:00","mainEntityOfPage":{"@id":"https:\/\/memurunsesi.net\/index.php\/2025\/06\/03\/sarigolde-tarim-icin-dijital-hamle\/"},"wordCount":198,"commentCount":0,"publisher":{"@id":"https:\/\/memurunsesi.net\/#organization"},"articleSection":["G\u00fcndem"],"inLanguage":"tr","potentialAction":[{"@type":"CommentAction","name":"Comment","target":["https:\/\/memurunsesi.net\/index.php\/2025\/06\/03\/sarigolde-tarim-icin-dijital-hamle\/#respond"]}]},{"@type":"WebPage","@id":"https:\/\/memurunsesi.net\/index.php\/2025\/06\/03\/sarigolde-tarim-icin-dijital-hamle\/","url":"https:\/\/memurunsesi.net\/index.php\/2025\/06\/03\/sarigolde-tarim-icin-dijital-hamle\/","name":"Sar\u0131g\u00f6l'de tar\u0131m i\u00e7in dijital hamle - Memurun Sesi","isPartOf":{"@id":"https:\/\/memurunsesi.net\/#website"},"datePublished":"2025-06-03T05:50:56+00:00","breadcrumb":{"@id":"https:\/\/memurunsesi.net\/index.php\/2025\/06\/03\/sarigolde-tarim-icin-dijital-hamle\/#breadcrumb"},"inLanguage":"tr","potentialAction":[{"@type":"ReadAction","target":["https:\/\/memurunsesi.net\/index.php\/2025\/06\/03\/sarigolde-tarim-icin-dijital-hamle\/"]}]},{"@type":"BreadcrumbList","@id":"https:\/\/memurunsesi.net\/index.php\/2025\/06\/03\/sarigolde-tarim-icin-dijital-hamle\/#breadcrumb","itemListElement":[{"@type":"ListItem","position":1,"name":"Anasayfa","item":"https:\/\/memurunsesi.net\/"},{"@type":"ListItem","position":2,"name":"Sar\u0131g\u00f6l&#8217;de tar\u0131m i\u00e7in dijital hamle"}]},{"@type":"WebSite","@id":"https:\/\/memurunsesi.net\/#website","url":"https:\/\/memurunsesi.net\/","name":"Memurun Sesi","description":"G\u00fcncel ve Do\u011fru Haber","publisher":{"@id":"https:\/\/memurunsesi.net\/#organization"},"potentialAction":[{"@type":"SearchAction","target":{"@type":"EntryPoint","urlTemplate":"https:\/\/memurunsesi.net\/?s={search_term_string}"},"query-input":{"@type":"PropertyValueSpecification","valueRequired":true,"valueName":"search_term_string"}}],"inLanguage":"tr"},{"@type":"Organization","@id":"https:\/\/memurunsesi.net\/#organization","name":"Memurun Sesi","url":"https:\/\/memurunsesi.net\/","logo":{"@type":"ImageObject","inLanguage":"tr","@id":"https:\/\/memurunsesi.net\/#\/schema\/logo\/image\/","url":"https:\/\/memurunsesi.net\/wp-content\/uploads\/2025\/11\/cropped-MEMURUN-SESI.png","contentUrl":"https:\/\/memurunsesi.net\/wp-content\/uploads\/2025\/11\/cropped-MEMURUN-SESI.png","width":238,"height":57,"caption":"Memurun Sesi"},"image":{"@id":"https:\/\/memurunsesi.net\/#\/schema\/logo\/image\/"},"sameAs":["https:\/\/www.facebook.com\/unipersen\/?locale=tr_TR","https:\/\/x.com\/unipersen"]},{"@type":"Person","@id":"https:\/\/memurunsesi.net\/#\/schema\/person\/f21c2d73b89f6ee1d80b0a1803e38587","name":"Memurun Sesi Haber Merkezi","image":{"@type":"ImageObject","inLanguage":"tr","@id":"https:\/\/secure.gravatar.com\/avatar\/6cf0505f452ee753f485014986fab09a434671d2b919ee76fc541025c5876a70?s=96&d=mm&r=g","url":"https:\/\/secure.gravatar.com\/avatar\/6cf0505f452ee753f485014986fab09a434671d2b919ee76fc541025c5876a70?s=96&d=mm&r=g","contentUrl":"https:\/\/secure.gravatar.com\/avatar\/6cf0505f452ee753f485014986fab09a434671d2b919ee76fc541025c5876a70?s=96&d=mm&r=g","caption":"Memurun Sesi Haber Merkezi"},"sameAs":["https:\/\/memurunsesi.net"],"url":"https:\/\/memurunsesi.net\/index.php\/author\/uniper\/"}]}},"_links":{"self":[{"href":"https:\/\/memurunsesi.net\/index.php\/wp-json\/wp\/v2\/posts\/7603","targetHints":{"allow":["GET"]}}],"collection":[{"href":"https:\/\/memurunsesi.net\/index.php\/wp-json\/wp\/v2\/posts"}],"about":[{"href":"https:\/\/memurunsesi.net\/index.php\/wp-json\/wp\/v2\/types\/post"}],"author":[{"embeddable":true,"href":"https:\/\/memurunsesi.net\/index.php\/wp-json\/wp\/v2\/users\/1"}],"replies":[{"embeddable":true,"href":"https:\/\/memurunsesi.net\/index.php\/wp-json\/wp\/v2\/comments?post=7603"}],"version-history":[{"count":1,"href":"https:\/\/memurunsesi.net\/index.php\/wp-json\/wp\/v2\/posts\/7603\/revisions"}],"predecessor-version":[{"id":7605,"href":"https:\/\/memurunsesi.net\/index.php\/wp-json\/wp\/v2\/posts\/7603\/revisions\/7605"}],"wp:attachment":[{"href":"https:\/\/memurunsesi.net\/index.php\/wp-json\/wp\/v2\/media?parent=7603"}],"wp:term":[{"taxonomy":"category","embeddable":true,"href":"https:\/\/memurunsesi.net\/index.php\/wp-json\/wp\/v2\/categories?post=7603"},{"taxonomy":"post_tag","embeddable":true,"href":"https:\/\/memurunsesi.net\/index.php\/wp-json\/wp\/v2\/tags?post=7603"}],"curies":[{"name":"wp","href":"https:\/\/api.w.org\/{rel}","templated":true}]}}