{"id":7607,"date":"2025-06-03T16:25:04","date_gmt":"2025-06-03T13:25:04","guid":{"rendered":"https:\/\/memurunsesi.net\/?p=7607"},"modified":"2025-06-03T16:25:04","modified_gmt":"2025-06-03T13:25:04","slug":"kurbanlarin-satis-ve-kesim-yerleri-mercek-altinda","status":"publish","type":"post","link":"https:\/\/memurunsesi.net\/index.php\/2025\/06\/03\/kurbanlarin-satis-ve-kesim-yerleri-mercek-altinda\/","title":{"rendered":"Kurbanlar\u0131n sat\u0131\u015f ve kesim yerleri mercek alt\u0131nda"},"content":{"rendered":"<p> Kartepe\u2019de bayram\u0131 \u00f6ncesi kurban kesim ve sat\u0131\u015f yerlerinde s\u0131k\u0131 denetim ba\u015flad\u0131. K\u00fcpesiz, eksik uzuvlu ya da dam\u0131zl\u0131k de\u011feri ta\u015f\u0131yan hayvanlar\u0131n kesimine izin verilmiyor.   <\/p>\n<p>  Kurban Bayram\u0131 \u00f6ncesinde Kartepe Belediyesi b\u00fcnyesinde kurban hizmet komisyonu olu\u015fturuldu. Olu\u015fturulan komisyonda Kartepe Belediyesi Zab\u0131ta M\u00fcd\u00fcrl\u00fc\u011f\u00fc, Kartepe \u0130l\u00e7e G\u0131da, Tar\u0131m ve Hayvanc\u0131l\u0131k M\u00fcd\u00fcrl\u00fc\u011f\u00fc, Kartepe \u0130l\u00e7e Sa\u011fl\u0131k M\u00fcd\u00fcrl\u00fc\u011f\u00fc ve Kartepe \u0130l\u00e7e M\u00fcft\u00fcl\u00fc\u011f\u00fc yer al\u0131yor. Kartepe il\u00e7e s\u0131n\u0131rlar\u0131 i\u00e7erisinde 100 kesim yerinde Kurban Bayram\u0131&#8217;nda 4 bin 100 b\u00fcy\u00fck ba\u015f hayvan\u0131n kesiminin yap\u0131lmas\u0131 bekleniyor. \u0130l\u00e7e s\u0131n\u0131rlar\u0131nda 7 bin dolay\u0131nda hayvan bulunurken, d\u0131\u015far\u0131dan gelen hayvanlarla birlikte bu say\u0131 13 bini buluyor. Kurban Hizmet Komisyon \u00fcyeleri, kurban kesim ve sat\u0131\u015f yerlerinde yapt\u0131klar\u0131 kontrollerde hayvanlar\u0131n k\u00fcpelerini, pasaportlar\u0131n\u0131 ve sa\u011fl\u0131k raporlar\u0131n\u0131 kontrol ediyor. \u0130ki ya\u015f\u0131n\u0131 doldurmam\u0131\u015f, uzuvlar\u0131nda eksik olan, dam\u0131zl\u0131k de\u011feri ta\u015f\u0131yan di\u015fi hayvanlar\u0131n kesimine izin verilmiyor. <\/p>\n<p>  Aranan \u015fartlar\u0131n uygun olmayanlara ceza kesilecek<br \/>\n  Kurban sat\u0131\u015f ve kesim yerlerinin veteriner hekim ile s\u00f6zle\u015fmesinin olmas\u0131 gerekiyor. Kesim yerlerinde hijyen, temizlik kurallar\u0131na dikkat edilirken, kesim s\u0131ras\u0131nda ise kan \u00e7ukuru, at\u0131klar\u0131n uygun \u015fekilde paketlenip, kesim sonras\u0131nda paketlenen at\u0131klar Kartepe Belediyesi Temizlik ekiplerine teslim edilmesi gerekiyor. Kurban Bayram\u0131 s\u00fcresince Kartepe Kurban Hizmet Komisyonu \u00fcyeleri denetimlerine devam edecek. Komisyon taraf\u0131ndan aranan \u015fartlar\u0131n uygun olmad\u0131\u011f\u0131 yerlere Kartepe \u0130l\u00e7e G\u0131da, Tar\u0131m ve Hayvanc\u0131l\u0131k M\u00fcd\u00fcrl\u00fc\u011f\u00fc taraf\u0131ndan idari para cezas\u0131 kesilecek.<br \/>\n  Kurban Bayram\u0131 \u00f6ncesinde Zab\u0131ta M\u00fcd\u00fcrl\u00fc\u011f\u00fc ekipleri kurban sat\u0131c\u0131lar\u0131n\u0131 bilgilendirmeye devam ediyor. Kurbanl\u0131k hayvanlar\u0131n ya\u015flar\u0131, hayvanlar\u0131n sevki, bak\u0131m ve beslenmesi, besi durumlar\u0131n\u0131n tespiti, nakliye ve dinlendirme, kesim, y\u00fczme, par\u00e7alama, muayene ve kontrol, derinin tuzlanmas\u0131 ve \u00e7evre ve g\u00f6r\u00fcnt\u00fc kirli\u011fi yap\u0131lmamas\u0131 i\u00e7in bilgilendirmeler yap\u0131l\u0131yor. <\/p>\n<p>3.06.2025                                <\/p>\n","protected":false},"excerpt":{"rendered":"<p>Kartepe\u2019de bayram\u0131 \u00f6ncesi kurban kesim ve sat\u0131\u015f yerlerinde s\u0131k\u0131 denetim ba\u015flad\u0131. K\u00fcpesiz, eksik uzuvlu ya da dam\u0131zl\u0131k de\u011feri ta\u015f\u0131yan hayvanlar\u0131n kesimine izin verilmiyor. Kurban Bayram\u0131 \u00f6ncesinde Kartepe Belediyesi b\u00fcnyesinde kurban hizmet komisyonu olu\u015fturuldu. Olu\u015fturulan komisyonda Kartepe Belediyesi Zab\u0131ta M\u00fcd\u00fcrl\u00fc\u011f\u00fc, Kartepe \u0130l\u00e7e G\u0131da, Tar\u0131m ve Hayvanc\u0131l\u0131k M\u00fcd\u00fcrl\u00fc\u011f\u00fc, Kartepe \u0130l\u00e7e Sa\u011fl\u0131k M\u00fcd\u00fcrl\u00fc\u011f\u00fc ve Kartepe \u0130l\u00e7e M\u00fcft\u00fcl\u00fc\u011f\u00fc yer [&hellip;]<\/p>\n","protected":false},"author":1,"featured_media":7608,"comment_status":"open","ping_status":"open","sticky":false,"template":"","format":"standard","meta":{"footnotes":""},"categories":[1],"tags":[],"class_list":["post-7607","post","type-post","status-publish","format-standard","has-post-thumbnail","hentry","category-genel"],"yoast_head":"<!-- This site is optimized with the Yoast SEO plugin v27.4 - https:\/\/yoast.com\/product\/yoast-seo-wordpress\/ -->\n<title>Kurbanlar\u0131n sat\u0131\u015f ve kesim yerleri mercek alt\u0131nda - Memurun Sesi<\/title>\n<meta name=\"robots\" content=\"index, follow, max-snippet:-1, max-image-preview:large, max-video-preview:-1\" \/>\n<link rel=\"canonical\" href=\"https:\/\/memurunsesi.net\/index.php\/2025\/06\/03\/kurbanlarin-satis-ve-kesim-yerleri-mercek-altinda\/\" \/>\n<meta property=\"og:locale\" content=\"tr_TR\" \/>\n<meta property=\"og:type\" content=\"article\" \/>\n<meta property=\"og:title\" content=\"Kurbanlar\u0131n sat\u0131\u015f ve kesim yerleri mercek alt\u0131nda - Memurun Sesi\" \/>\n<meta property=\"og:description\" content=\"Kartepe\u2019de bayram\u0131 \u00f6ncesi kurban kesim ve sat\u0131\u015f yerlerinde s\u0131k\u0131 denetim ba\u015flad\u0131. K\u00fcpesiz, eksik uzuvlu ya da dam\u0131zl\u0131k de\u011feri ta\u015f\u0131yan hayvanlar\u0131n kesimine izin verilmiyor. Kurban Bayram\u0131 \u00f6ncesinde Kartepe Belediyesi b\u00fcnyesinde kurban hizmet komisyonu olu\u015fturuldu. Olu\u015fturulan komisyonda Kartepe Belediyesi Zab\u0131ta M\u00fcd\u00fcrl\u00fc\u011f\u00fc, Kartepe \u0130l\u00e7e G\u0131da, Tar\u0131m ve Hayvanc\u0131l\u0131k M\u00fcd\u00fcrl\u00fc\u011f\u00fc, Kartepe \u0130l\u00e7e Sa\u011fl\u0131k M\u00fcd\u00fcrl\u00fc\u011f\u00fc ve Kartepe \u0130l\u00e7e M\u00fcft\u00fcl\u00fc\u011f\u00fc yer [&hellip;]\" \/>\n<meta property=\"og:url\" content=\"https:\/\/memurunsesi.net\/index.php\/2025\/06\/03\/kurbanlarin-satis-ve-kesim-yerleri-mercek-altinda\/\" \/>\n<meta property=\"og:site_name\" content=\"Memurun Sesi\" \/>\n<meta property=\"article:publisher\" content=\"https:\/\/www.facebook.com\/unipersen\/?locale=tr_TR\" \/>\n<meta property=\"article:published_time\" content=\"2025-06-03T13:25:04+00:00\" \/>\n<meta property=\"og:image\" content=\"https:\/\/memurunsesi.net\/wp-content\/uploads\/2025\/06\/AW469426_01.jpg\" \/>\n\t<meta property=\"og:image:width\" content=\"786\" \/>\n\t<meta property=\"og:image:height\" content=\"768\" \/>\n\t<meta property=\"og:image:type\" content=\"image\/jpeg\" \/>\n<meta name=\"author\" content=\"Memurun Sesi Haber Merkezi\" \/>\n<meta name=\"twitter:card\" content=\"summary_large_image\" \/>\n<meta name=\"twitter:creator\" content=\"@unipersen\" \/>\n<meta name=\"twitter:site\" content=\"@unipersen\" \/>\n<meta name=\"twitter:label1\" content=\"Yazan:\" \/>\n\t<meta name=\"twitter:data1\" content=\"Memurun Sesi Haber Merkezi\" \/>\n\t<meta name=\"twitter:label2\" content=\"Tahmini okuma s\u00fcresi\" \/>\n\t<meta name=\"twitter:data2\" content=\"1 dakika\" \/>\n<script type=\"application\/ld+json\" class=\"yoast-schema-graph\">{\"@context\":\"https:\\\/\\\/schema.org\",\"@graph\":[{\"@type\":\"Article\",\"@id\":\"https:\\\/\\\/memurunsesi.net\\\/index.php\\\/2025\\\/06\\\/03\\\/kurbanlarin-satis-ve-kesim-yerleri-mercek-altinda\\\/#article\",\"isPartOf\":{\"@id\":\"https:\\\/\\\/memurunsesi.net\\\/index.php\\\/2025\\\/06\\\/03\\\/kurbanlarin-satis-ve-kesim-yerleri-mercek-altinda\\\/\"},\"author\":{\"name\":\"Memurun Sesi Haber Merkezi\",\"@id\":\"https:\\\/\\\/memurunsesi.net\\\/#\\\/schema\\\/person\\\/f21c2d73b89f6ee1d80b0a1803e38587\"},\"headline\":\"Kurbanlar\u0131n sat\u0131\u015f ve kesim yerleri mercek alt\u0131nda\",\"datePublished\":\"2025-06-03T13:25:04+00:00\",\"mainEntityOfPage\":{\"@id\":\"https:\\\/\\\/memurunsesi.net\\\/index.php\\\/2025\\\/06\\\/03\\\/kurbanlarin-satis-ve-kesim-yerleri-mercek-altinda\\\/\"},\"wordCount\":348,\"commentCount\":0,\"publisher\":{\"@id\":\"https:\\\/\\\/memurunsesi.net\\\/#organization\"},\"image\":{\"@id\":\"https:\\\/\\\/memurunsesi.net\\\/index.php\\\/2025\\\/06\\\/03\\\/kurbanlarin-satis-ve-kesim-yerleri-mercek-altinda\\\/#primaryimage\"},\"thumbnailUrl\":\"https:\\\/\\\/memurunsesi.net\\\/wp-content\\\/uploads\\\/2025\\\/06\\\/AW469426_01.jpg\",\"inLanguage\":\"tr\",\"potentialAction\":[{\"@type\":\"CommentAction\",\"name\":\"Comment\",\"target\":[\"https:\\\/\\\/memurunsesi.net\\\/index.php\\\/2025\\\/06\\\/03\\\/kurbanlarin-satis-ve-kesim-yerleri-mercek-altinda\\\/#respond\"]}]},{\"@type\":\"WebPage\",\"@id\":\"https:\\\/\\\/memurunsesi.net\\\/index.php\\\/2025\\\/06\\\/03\\\/kurbanlarin-satis-ve-kesim-yerleri-mercek-altinda\\\/\",\"url\":\"https:\\\/\\\/memurunsesi.net\\\/index.php\\\/2025\\\/06\\\/03\\\/kurbanlarin-satis-ve-kesim-yerleri-mercek-altinda\\\/\",\"name\":\"Kurbanlar\u0131n sat\u0131\u015f ve kesim yerleri mercek alt\u0131nda - Memurun Sesi\",\"isPartOf\":{\"@id\":\"https:\\\/\\\/memurunsesi.net\\\/#website\"},\"primaryImageOfPage\":{\"@id\":\"https:\\\/\\\/memurunsesi.net\\\/index.php\\\/2025\\\/06\\\/03\\\/kurbanlarin-satis-ve-kesim-yerleri-mercek-altinda\\\/#primaryimage\"},\"image\":{\"@id\":\"https:\\\/\\\/memurunsesi.net\\\/index.php\\\/2025\\\/06\\\/03\\\/kurbanlarin-satis-ve-kesim-yerleri-mercek-altinda\\\/#primaryimage\"},\"thumbnailUrl\":\"https:\\\/\\\/memurunsesi.net\\\/wp-content\\\/uploads\\\/2025\\\/06\\\/AW469426_01.jpg\",\"datePublished\":\"2025-06-03T13:25:04+00:00\",\"breadcrumb\":{\"@id\":\"https:\\\/\\\/memurunsesi.net\\\/index.php\\\/2025\\\/06\\\/03\\\/kurbanlarin-satis-ve-kesim-yerleri-mercek-altinda\\\/#breadcrumb\"},\"inLanguage\":\"tr\",\"potentialAction\":[{\"@type\":\"ReadAction\",\"target\":[\"https:\\\/\\\/memurunsesi.net\\\/index.php\\\/2025\\\/06\\\/03\\\/kurbanlarin-satis-ve-kesim-yerleri-mercek-altinda\\\/\"]}]},{\"@type\":\"ImageObject\",\"inLanguage\":\"tr\",\"@id\":\"https:\\\/\\\/memurunsesi.net\\\/index.php\\\/2025\\\/06\\\/03\\\/kurbanlarin-satis-ve-kesim-yerleri-mercek-altinda\\\/#primaryimage\",\"url\":\"https:\\\/\\\/memurunsesi.net\\\/wp-content\\\/uploads\\\/2025\\\/06\\\/AW469426_01.jpg\",\"contentUrl\":\"https:\\\/\\\/memurunsesi.net\\\/wp-content\\\/uploads\\\/2025\\\/06\\\/AW469426_01.jpg\",\"width\":786,\"height\":768,\"caption\":\"KARTEPE'DE BAYRAMI \u00d6NCES\u0130 KURBAN KES\u0130M VE SATI\u015e YERLER\u0130NDE SIKI DENET\u0130M BA\u015eLADI. K\u00dcPES\u0130Z, EKS\u0130K UZUVLU YA DA DAMIZLIK DE\u011eER\u0130 TA\u015eIYAN HAYVANLARIN KES\u0130M\u0130NE \u0130Z\u0130N VER\u0130LM\u0130YOR. (TAYYAR \u00d6ZTOPRAK\\\/KOCAEL\u0130-\u0130HA) Kartepe'de bayram\u0131 \u00f6ncesi kurban kesim ve sat\u0131\u015f yerlerinde s\u0131k\u0131 denetim ba\u015flad\u0131. K\u00fcpesiz, eksik uzuvlu ya da dam\u0131zl\u0131k de\u011feri ta\u015f\u0131yan hayvanlar\u0131n kesimine izin verilmiyor.\"},{\"@type\":\"BreadcrumbList\",\"@id\":\"https:\\\/\\\/memurunsesi.net\\\/index.php\\\/2025\\\/06\\\/03\\\/kurbanlarin-satis-ve-kesim-yerleri-mercek-altinda\\\/#breadcrumb\",\"itemListElement\":[{\"@type\":\"ListItem\",\"position\":1,\"name\":\"Anasayfa\",\"item\":\"https:\\\/\\\/memurunsesi.net\\\/\"},{\"@type\":\"ListItem\",\"position\":2,\"name\":\"Kurbanlar\u0131n sat\u0131\u015f ve kesim yerleri mercek alt\u0131nda\"}]},{\"@type\":\"WebSite\",\"@id\":\"https:\\\/\\\/memurunsesi.net\\\/#website\",\"url\":\"https:\\\/\\\/memurunsesi.net\\\/\",\"name\":\"Memurun Sesi\",\"description\":\"G\u00fcncel ve Do\u011fru Haber\",\"publisher\":{\"@id\":\"https:\\\/\\\/memurunsesi.net\\\/#organization\"},\"potentialAction\":[{\"@type\":\"SearchAction\",\"target\":{\"@type\":\"EntryPoint\",\"urlTemplate\":\"https:\\\/\\\/memurunsesi.net\\\/?s={search_term_string}\"},\"query-input\":{\"@type\":\"PropertyValueSpecification\",\"valueRequired\":true,\"valueName\":\"search_term_string\"}}],\"inLanguage\":\"tr\"},{\"@type\":\"Organization\",\"@id\":\"https:\\\/\\\/memurunsesi.net\\\/#organization\",\"name\":\"Memurun Sesi\",\"url\":\"https:\\\/\\\/memurunsesi.net\\\/\",\"logo\":{\"@type\":\"ImageObject\",\"inLanguage\":\"tr\",\"@id\":\"https:\\\/\\\/memurunsesi.net\\\/#\\\/schema\\\/logo\\\/image\\\/\",\"url\":\"https:\\\/\\\/memurunsesi.net\\\/wp-content\\\/uploads\\\/2025\\\/11\\\/cropped-MEMURUN-SESI.png\",\"contentUrl\":\"https:\\\/\\\/memurunsesi.net\\\/wp-content\\\/uploads\\\/2025\\\/11\\\/cropped-MEMURUN-SESI.png\",\"width\":238,\"height\":57,\"caption\":\"Memurun Sesi\"},\"image\":{\"@id\":\"https:\\\/\\\/memurunsesi.net\\\/#\\\/schema\\\/logo\\\/image\\\/\"},\"sameAs\":[\"https:\\\/\\\/www.facebook.com\\\/unipersen\\\/?locale=tr_TR\",\"https:\\\/\\\/x.com\\\/unipersen\"]},{\"@type\":\"Person\",\"@id\":\"https:\\\/\\\/memurunsesi.net\\\/#\\\/schema\\\/person\\\/f21c2d73b89f6ee1d80b0a1803e38587\",\"name\":\"Memurun Sesi Haber Merkezi\",\"image\":{\"@type\":\"ImageObject\",\"inLanguage\":\"tr\",\"@id\":\"https:\\\/\\\/secure.gravatar.com\\\/avatar\\\/6cf0505f452ee753f485014986fab09a434671d2b919ee76fc541025c5876a70?s=96&d=mm&r=g\",\"url\":\"https:\\\/\\\/secure.gravatar.com\\\/avatar\\\/6cf0505f452ee753f485014986fab09a434671d2b919ee76fc541025c5876a70?s=96&d=mm&r=g\",\"contentUrl\":\"https:\\\/\\\/secure.gravatar.com\\\/avatar\\\/6cf0505f452ee753f485014986fab09a434671d2b919ee76fc541025c5876a70?s=96&d=mm&r=g\",\"caption\":\"Memurun Sesi Haber Merkezi\"},\"sameAs\":[\"https:\\\/\\\/memurunsesi.net\"],\"url\":\"https:\\\/\\\/memurunsesi.net\\\/index.php\\\/author\\\/uniper\\\/\"}]}<\/script>\n<!-- \/ Yoast SEO plugin. -->","yoast_head_json":{"title":"Kurbanlar\u0131n sat\u0131\u015f ve kesim yerleri mercek alt\u0131nda - Memurun Sesi","robots":{"index":"index","follow":"follow","max-snippet":"max-snippet:-1","max-image-preview":"max-image-preview:large","max-video-preview":"max-video-preview:-1"},"canonical":"https:\/\/memurunsesi.net\/index.php\/2025\/06\/03\/kurbanlarin-satis-ve-kesim-yerleri-mercek-altinda\/","og_locale":"tr_TR","og_type":"article","og_title":"Kurbanlar\u0131n sat\u0131\u015f ve kesim yerleri mercek alt\u0131nda - Memurun Sesi","og_description":"Kartepe\u2019de bayram\u0131 \u00f6ncesi kurban kesim ve sat\u0131\u015f yerlerinde s\u0131k\u0131 denetim ba\u015flad\u0131. K\u00fcpesiz, eksik uzuvlu ya da dam\u0131zl\u0131k de\u011feri ta\u015f\u0131yan hayvanlar\u0131n kesimine izin verilmiyor. Kurban Bayram\u0131 \u00f6ncesinde Kartepe Belediyesi b\u00fcnyesinde kurban hizmet komisyonu olu\u015fturuldu. Olu\u015fturulan komisyonda Kartepe Belediyesi Zab\u0131ta M\u00fcd\u00fcrl\u00fc\u011f\u00fc, Kartepe \u0130l\u00e7e G\u0131da, Tar\u0131m ve Hayvanc\u0131l\u0131k M\u00fcd\u00fcrl\u00fc\u011f\u00fc, Kartepe \u0130l\u00e7e Sa\u011fl\u0131k M\u00fcd\u00fcrl\u00fc\u011f\u00fc ve Kartepe \u0130l\u00e7e M\u00fcft\u00fcl\u00fc\u011f\u00fc yer [&hellip;]","og_url":"https:\/\/memurunsesi.net\/index.php\/2025\/06\/03\/kurbanlarin-satis-ve-kesim-yerleri-mercek-altinda\/","og_site_name":"Memurun Sesi","article_publisher":"https:\/\/www.facebook.com\/unipersen\/?locale=tr_TR","article_published_time":"2025-06-03T13:25:04+00:00","og_image":[{"width":786,"height":768,"url":"https:\/\/memurunsesi.net\/wp-content\/uploads\/2025\/06\/AW469426_01.jpg","type":"image\/jpeg"}],"author":"Memurun Sesi Haber Merkezi","twitter_card":"summary_large_image","twitter_creator":"@unipersen","twitter_site":"@unipersen","twitter_misc":{"Yazan:":"Memurun Sesi Haber Merkezi","Tahmini okuma s\u00fcresi":"1 dakika"},"schema":{"@context":"https:\/\/schema.org","@graph":[{"@type":"Article","@id":"https:\/\/memurunsesi.net\/index.php\/2025\/06\/03\/kurbanlarin-satis-ve-kesim-yerleri-mercek-altinda\/#article","isPartOf":{"@id":"https:\/\/memurunsesi.net\/index.php\/2025\/06\/03\/kurbanlarin-satis-ve-kesim-yerleri-mercek-altinda\/"},"author":{"name":"Memurun Sesi Haber Merkezi","@id":"https:\/\/memurunsesi.net\/#\/schema\/person\/f21c2d73b89f6ee1d80b0a1803e38587"},"headline":"Kurbanlar\u0131n sat\u0131\u015f ve kesim yerleri mercek alt\u0131nda","datePublished":"2025-06-03T13:25:04+00:00","mainEntityOfPage":{"@id":"https:\/\/memurunsesi.net\/index.php\/2025\/06\/03\/kurbanlarin-satis-ve-kesim-yerleri-mercek-altinda\/"},"wordCount":348,"commentCount":0,"publisher":{"@id":"https:\/\/memurunsesi.net\/#organization"},"image":{"@id":"https:\/\/memurunsesi.net\/index.php\/2025\/06\/03\/kurbanlarin-satis-ve-kesim-yerleri-mercek-altinda\/#primaryimage"},"thumbnailUrl":"https:\/\/memurunsesi.net\/wp-content\/uploads\/2025\/06\/AW469426_01.jpg","inLanguage":"tr","potentialAction":[{"@type":"CommentAction","name":"Comment","target":["https:\/\/memurunsesi.net\/index.php\/2025\/06\/03\/kurbanlarin-satis-ve-kesim-yerleri-mercek-altinda\/#respond"]}]},{"@type":"WebPage","@id":"https:\/\/memurunsesi.net\/index.php\/2025\/06\/03\/kurbanlarin-satis-ve-kesim-yerleri-mercek-altinda\/","url":"https:\/\/memurunsesi.net\/index.php\/2025\/06\/03\/kurbanlarin-satis-ve-kesim-yerleri-mercek-altinda\/","name":"Kurbanlar\u0131n sat\u0131\u015f ve kesim yerleri mercek alt\u0131nda - Memurun Sesi","isPartOf":{"@id":"https:\/\/memurunsesi.net\/#website"},"primaryImageOfPage":{"@id":"https:\/\/memurunsesi.net\/index.php\/2025\/06\/03\/kurbanlarin-satis-ve-kesim-yerleri-mercek-altinda\/#primaryimage"},"image":{"@id":"https:\/\/memurunsesi.net\/index.php\/2025\/06\/03\/kurbanlarin-satis-ve-kesim-yerleri-mercek-altinda\/#primaryimage"},"thumbnailUrl":"https:\/\/memurunsesi.net\/wp-content\/uploads\/2025\/06\/AW469426_01.jpg","datePublished":"2025-06-03T13:25:04+00:00","breadcrumb":{"@id":"https:\/\/memurunsesi.net\/index.php\/2025\/06\/03\/kurbanlarin-satis-ve-kesim-yerleri-mercek-altinda\/#breadcrumb"},"inLanguage":"tr","potentialAction":[{"@type":"ReadAction","target":["https:\/\/memurunsesi.net\/index.php\/2025\/06\/03\/kurbanlarin-satis-ve-kesim-yerleri-mercek-altinda\/"]}]},{"@type":"ImageObject","inLanguage":"tr","@id":"https:\/\/memurunsesi.net\/index.php\/2025\/06\/03\/kurbanlarin-satis-ve-kesim-yerleri-mercek-altinda\/#primaryimage","url":"https:\/\/memurunsesi.net\/wp-content\/uploads\/2025\/06\/AW469426_01.jpg","contentUrl":"https:\/\/memurunsesi.net\/wp-content\/uploads\/2025\/06\/AW469426_01.jpg","width":786,"height":768,"caption":"KARTEPE'DE BAYRAMI \u00d6NCES\u0130 KURBAN KES\u0130M VE SATI\u015e YERLER\u0130NDE SIKI DENET\u0130M BA\u015eLADI. K\u00dcPES\u0130Z, EKS\u0130K UZUVLU YA DA DAMIZLIK DE\u011eER\u0130 TA\u015eIYAN HAYVANLARIN KES\u0130M\u0130NE \u0130Z\u0130N VER\u0130LM\u0130YOR. (TAYYAR \u00d6ZTOPRAK\/KOCAEL\u0130-\u0130HA) Kartepe'de bayram\u0131 \u00f6ncesi kurban kesim ve sat\u0131\u015f yerlerinde s\u0131k\u0131 denetim ba\u015flad\u0131. K\u00fcpesiz, eksik uzuvlu ya da dam\u0131zl\u0131k de\u011feri ta\u015f\u0131yan hayvanlar\u0131n kesimine izin verilmiyor."},{"@type":"BreadcrumbList","@id":"https:\/\/memurunsesi.net\/index.php\/2025\/06\/03\/kurbanlarin-satis-ve-kesim-yerleri-mercek-altinda\/#breadcrumb","itemListElement":[{"@type":"ListItem","position":1,"name":"Anasayfa","item":"https:\/\/memurunsesi.net\/"},{"@type":"ListItem","position":2,"name":"Kurbanlar\u0131n sat\u0131\u015f ve kesim yerleri mercek alt\u0131nda"}]},{"@type":"WebSite","@id":"https:\/\/memurunsesi.net\/#website","url":"https:\/\/memurunsesi.net\/","name":"Memurun Sesi","description":"G\u00fcncel ve Do\u011fru Haber","publisher":{"@id":"https:\/\/memurunsesi.net\/#organization"},"potentialAction":[{"@type":"SearchAction","target":{"@type":"EntryPoint","urlTemplate":"https:\/\/memurunsesi.net\/?s={search_term_string}"},"query-input":{"@type":"PropertyValueSpecification","valueRequired":true,"valueName":"search_term_string"}}],"inLanguage":"tr"},{"@type":"Organization","@id":"https:\/\/memurunsesi.net\/#organization","name":"Memurun Sesi","url":"https:\/\/memurunsesi.net\/","logo":{"@type":"ImageObject","inLanguage":"tr","@id":"https:\/\/memurunsesi.net\/#\/schema\/logo\/image\/","url":"https:\/\/memurunsesi.net\/wp-content\/uploads\/2025\/11\/cropped-MEMURUN-SESI.png","contentUrl":"https:\/\/memurunsesi.net\/wp-content\/uploads\/2025\/11\/cropped-MEMURUN-SESI.png","width":238,"height":57,"caption":"Memurun Sesi"},"image":{"@id":"https:\/\/memurunsesi.net\/#\/schema\/logo\/image\/"},"sameAs":["https:\/\/www.facebook.com\/unipersen\/?locale=tr_TR","https:\/\/x.com\/unipersen"]},{"@type":"Person","@id":"https:\/\/memurunsesi.net\/#\/schema\/person\/f21c2d73b89f6ee1d80b0a1803e38587","name":"Memurun Sesi Haber Merkezi","image":{"@type":"ImageObject","inLanguage":"tr","@id":"https:\/\/secure.gravatar.com\/avatar\/6cf0505f452ee753f485014986fab09a434671d2b919ee76fc541025c5876a70?s=96&d=mm&r=g","url":"https:\/\/secure.gravatar.com\/avatar\/6cf0505f452ee753f485014986fab09a434671d2b919ee76fc541025c5876a70?s=96&d=mm&r=g","contentUrl":"https:\/\/secure.gravatar.com\/avatar\/6cf0505f452ee753f485014986fab09a434671d2b919ee76fc541025c5876a70?s=96&d=mm&r=g","caption":"Memurun Sesi Haber Merkezi"},"sameAs":["https:\/\/memurunsesi.net"],"url":"https:\/\/memurunsesi.net\/index.php\/author\/uniper\/"}]}},"_links":{"self":[{"href":"https:\/\/memurunsesi.net\/index.php\/wp-json\/wp\/v2\/posts\/7607","targetHints":{"allow":["GET"]}}],"collection":[{"href":"https:\/\/memurunsesi.net\/index.php\/wp-json\/wp\/v2\/posts"}],"about":[{"href":"https:\/\/memurunsesi.net\/index.php\/wp-json\/wp\/v2\/types\/post"}],"author":[{"embeddable":true,"href":"https:\/\/memurunsesi.net\/index.php\/wp-json\/wp\/v2\/users\/1"}],"replies":[{"embeddable":true,"href":"https:\/\/memurunsesi.net\/index.php\/wp-json\/wp\/v2\/comments?post=7607"}],"version-history":[{"count":1,"href":"https:\/\/memurunsesi.net\/index.php\/wp-json\/wp\/v2\/posts\/7607\/revisions"}],"predecessor-version":[{"id":7609,"href":"https:\/\/memurunsesi.net\/index.php\/wp-json\/wp\/v2\/posts\/7607\/revisions\/7609"}],"wp:featuredmedia":[{"embeddable":true,"href":"https:\/\/memurunsesi.net\/index.php\/wp-json\/wp\/v2\/media\/7608"}],"wp:attachment":[{"href":"https:\/\/memurunsesi.net\/index.php\/wp-json\/wp\/v2\/media?parent=7607"}],"wp:term":[{"taxonomy":"category","embeddable":true,"href":"https:\/\/memurunsesi.net\/index.php\/wp-json\/wp\/v2\/categories?post=7607"},{"taxonomy":"post_tag","embeddable":true,"href":"https:\/\/memurunsesi.net\/index.php\/wp-json\/wp\/v2\/tags?post=7607"}],"curies":[{"name":"wp","href":"https:\/\/api.w.org\/{rel}","templated":true}]}}