{"id":7613,"date":"2025-06-03T21:12:35","date_gmt":"2025-06-03T18:12:35","guid":{"rendered":"https:\/\/memurunsesi.net\/?p=7613"},"modified":"2025-06-03T21:12:35","modified_gmt":"2025-06-03T18:12:35","slug":"ters-yone-girip-kadin-sofore-hakaret-etti-ehliyetsiz-cikti-43-bin-tl-ceza-kesildi","status":"publish","type":"post","link":"https:\/\/memurunsesi.net\/index.php\/2025\/06\/03\/ters-yone-girip-kadin-sofore-hakaret-etti-ehliyetsiz-cikti-43-bin-tl-ceza-kesildi\/","title":{"rendered":"Ters y\u00f6ne girip kad\u0131n \u015fof\u00f6re hakaret etti, ehliyetsiz \u00e7\u0131kt\u0131: 43 bin TL ceza kesildi"},"content":{"rendered":"<p> Adana\u2019da ters y\u00f6ne girerek toplu ta\u015f\u0131ma otob\u00fcs\u00fcn\u00fcn kad\u0131n \u015fof\u00f6r\u00fcyle tart\u0131\u015fan ve k\u00fcf\u00fcrler savuran kamyonet s\u00fcr\u00fcc\u00fcs\u00fcn\u00fcn ehliyetsiz oldu\u011fu ortaya \u00e7\u0131kt\u0131. Trafik g\u00fcvenli\u011fini tehlikeye atan s\u00fcr\u00fcc\u00fcye toplam 43 bin 852 lira para cezas\u0131 kesildi. Ara\u00e7 ise yediemin otopark\u0131na \u00e7ekildi.<br \/>\n  Olay, merkez Seyhan il\u00e7esindeki K\u0131br\u0131s Caddesi\u2019nde meydana geldi. 01 AVY 520 plakal\u0131 kamyonetle ters y\u00f6ne giren s\u00fcr\u00fcc\u00fc, kar\u015f\u0131 y\u00f6nden gelen belediyeye ait toplu ta\u015f\u0131ma otob\u00fcs\u00fcyle kar\u015f\u0131la\u015ft\u0131. Yol isteyen s\u00fcr\u00fcc\u00fc, arac\u0131ndan inerek kad\u0131n otob\u00fcs \u015fof\u00f6r\u00fcne hakaretler savurdu ve cep telefonuyla hem kad\u0131n\u0131 hem otob\u00fcs\u00fc g\u00f6r\u00fcnt\u00fclemeye ba\u015flad\u0131. Olay anlar\u0131 \u00e7evredeki vatanda\u015flar\u0131n cep telefonuyla saniye saniye kaydedildi.<br \/>\n  Yap\u0131lan inceleme sonucunda s\u00fcr\u00fcc\u00fcn\u00fcn N.B. isimli \u015fah\u0131s oldu\u011fu ve ehliyetsiz ara\u00e7 kulland\u0131\u011f\u0131 belirlendi. Trafik kurallar\u0131n\u0131 hi\u00e7e sayan ve kamu d\u00fczenini tehlikeye atan N.B.\u2019ye, Karayollar\u0131 Trafik Kanunu\u2019nun ilgili maddeleri uyar\u0131nca toplam 20 bin 663 TL, ara\u00e7 sahibine ise 23 bin 489 TL olmak \u00fczere toplam 43 bin 852 TL idari para cezas\u0131 uyguland\u0131. Kamyonet ise yediemin otopark\u0131na \u00e7ekildi. <\/p>\n<p>3.06.2025                               <\/p>\n","protected":false},"excerpt":{"rendered":"<p>Adana\u2019da ters y\u00f6ne girerek toplu ta\u015f\u0131ma otob\u00fcs\u00fcn\u00fcn kad\u0131n \u015fof\u00f6r\u00fcyle tart\u0131\u015fan ve k\u00fcf\u00fcrler savuran kamyonet s\u00fcr\u00fcc\u00fcs\u00fcn\u00fcn ehliyetsiz oldu\u011fu ortaya \u00e7\u0131kt\u0131. Trafik g\u00fcvenli\u011fini tehlikeye atan s\u00fcr\u00fcc\u00fcye toplam 43 bin 852 lira para cezas\u0131 kesildi. Ara\u00e7 ise yediemin otopark\u0131na \u00e7ekildi. Olay, merkez Seyhan il\u00e7esindeki K\u0131br\u0131s Caddesi\u2019nde meydana geldi. 01 AVY 520 plakal\u0131 kamyonetle ters y\u00f6ne giren s\u00fcr\u00fcc\u00fc, kar\u015f\u0131 [&hellip;]<\/p>\n","protected":false},"author":1,"featured_media":7614,"comment_status":"open","ping_status":"open","sticky":false,"template":"","format":"standard","meta":{"footnotes":""},"categories":[1],"tags":[],"class_list":["post-7613","post","type-post","status-publish","format-standard","has-post-thumbnail","hentry","category-genel"],"yoast_head":"<!-- This site is optimized with the Yoast SEO plugin v27.4 - https:\/\/yoast.com\/product\/yoast-seo-wordpress\/ -->\n<title>Ters y\u00f6ne girip kad\u0131n \u015fof\u00f6re hakaret etti, ehliyetsiz \u00e7\u0131kt\u0131: 43 bin TL ceza kesildi - Memurun Sesi<\/title>\n<meta name=\"robots\" content=\"index, follow, max-snippet:-1, max-image-preview:large, max-video-preview:-1\" \/>\n<link rel=\"canonical\" href=\"https:\/\/memurunsesi.net\/index.php\/2025\/06\/03\/ters-yone-girip-kadin-sofore-hakaret-etti-ehliyetsiz-cikti-43-bin-tl-ceza-kesildi\/\" \/>\n<meta property=\"og:locale\" content=\"tr_TR\" \/>\n<meta property=\"og:type\" content=\"article\" \/>\n<meta property=\"og:title\" content=\"Ters y\u00f6ne girip kad\u0131n \u015fof\u00f6re hakaret etti, ehliyetsiz \u00e7\u0131kt\u0131: 43 bin TL ceza kesildi - Memurun Sesi\" \/>\n<meta property=\"og:description\" content=\"Adana\u2019da ters y\u00f6ne girerek toplu ta\u015f\u0131ma otob\u00fcs\u00fcn\u00fcn kad\u0131n \u015fof\u00f6r\u00fcyle tart\u0131\u015fan ve k\u00fcf\u00fcrler savuran kamyonet s\u00fcr\u00fcc\u00fcs\u00fcn\u00fcn ehliyetsiz oldu\u011fu ortaya \u00e7\u0131kt\u0131. Trafik g\u00fcvenli\u011fini tehlikeye atan s\u00fcr\u00fcc\u00fcye toplam 43 bin 852 lira para cezas\u0131 kesildi. Ara\u00e7 ise yediemin otopark\u0131na \u00e7ekildi. Olay, merkez Seyhan il\u00e7esindeki K\u0131br\u0131s Caddesi\u2019nde meydana geldi. 01 AVY 520 plakal\u0131 kamyonetle ters y\u00f6ne giren s\u00fcr\u00fcc\u00fc, kar\u015f\u0131 [&hellip;]\" \/>\n<meta property=\"og:url\" content=\"https:\/\/memurunsesi.net\/index.php\/2025\/06\/03\/ters-yone-girip-kadin-sofore-hakaret-etti-ehliyetsiz-cikti-43-bin-tl-ceza-kesildi\/\" \/>\n<meta property=\"og:site_name\" content=\"Memurun Sesi\" \/>\n<meta property=\"article:publisher\" content=\"https:\/\/www.facebook.com\/unipersen\/?locale=tr_TR\" \/>\n<meta property=\"article:published_time\" content=\"2025-06-03T18:12:35+00:00\" \/>\n<meta property=\"og:image\" content=\"https:\/\/memurunsesi.net\/wp-content\/uploads\/2025\/06\/AW469579_01.jpg\" \/>\n\t<meta property=\"og:image:width\" content=\"1080\" \/>\n\t<meta property=\"og:image:height\" content=\"1598\" \/>\n\t<meta property=\"og:image:type\" content=\"image\/jpeg\" \/>\n<meta name=\"author\" content=\"Memurun Sesi Haber Merkezi\" \/>\n<meta name=\"twitter:card\" content=\"summary_large_image\" \/>\n<meta name=\"twitter:creator\" content=\"@unipersen\" \/>\n<meta name=\"twitter:site\" content=\"@unipersen\" \/>\n<meta name=\"twitter:label1\" content=\"Yazan:\" \/>\n\t<meta name=\"twitter:data1\" content=\"Memurun Sesi Haber Merkezi\" \/>\n\t<meta name=\"twitter:label2\" content=\"Tahmini okuma s\u00fcresi\" \/>\n\t<meta name=\"twitter:data2\" content=\"1 dakika\" \/>\n<script type=\"application\/ld+json\" class=\"yoast-schema-graph\">{\"@context\":\"https:\\\/\\\/schema.org\",\"@graph\":[{\"@type\":\"Article\",\"@id\":\"https:\\\/\\\/memurunsesi.net\\\/index.php\\\/2025\\\/06\\\/03\\\/ters-yone-girip-kadin-sofore-hakaret-etti-ehliyetsiz-cikti-43-bin-tl-ceza-kesildi\\\/#article\",\"isPartOf\":{\"@id\":\"https:\\\/\\\/memurunsesi.net\\\/index.php\\\/2025\\\/06\\\/03\\\/ters-yone-girip-kadin-sofore-hakaret-etti-ehliyetsiz-cikti-43-bin-tl-ceza-kesildi\\\/\"},\"author\":{\"name\":\"Memurun Sesi Haber Merkezi\",\"@id\":\"https:\\\/\\\/memurunsesi.net\\\/#\\\/schema\\\/person\\\/f21c2d73b89f6ee1d80b0a1803e38587\"},\"headline\":\"Ters y\u00f6ne girip kad\u0131n \u015fof\u00f6re hakaret etti, ehliyetsiz \u00e7\u0131kt\u0131: 43 bin TL ceza kesildi\",\"datePublished\":\"2025-06-03T18:12:35+00:00\",\"mainEntityOfPage\":{\"@id\":\"https:\\\/\\\/memurunsesi.net\\\/index.php\\\/2025\\\/06\\\/03\\\/ters-yone-girip-kadin-sofore-hakaret-etti-ehliyetsiz-cikti-43-bin-tl-ceza-kesildi\\\/\"},\"wordCount\":222,\"commentCount\":0,\"publisher\":{\"@id\":\"https:\\\/\\\/memurunsesi.net\\\/#organization\"},\"image\":{\"@id\":\"https:\\\/\\\/memurunsesi.net\\\/index.php\\\/2025\\\/06\\\/03\\\/ters-yone-girip-kadin-sofore-hakaret-etti-ehliyetsiz-cikti-43-bin-tl-ceza-kesildi\\\/#primaryimage\"},\"thumbnailUrl\":\"https:\\\/\\\/memurunsesi.net\\\/wp-content\\\/uploads\\\/2025\\\/06\\\/AW469579_01.jpg\",\"inLanguage\":\"tr\",\"potentialAction\":[{\"@type\":\"CommentAction\",\"name\":\"Comment\",\"target\":[\"https:\\\/\\\/memurunsesi.net\\\/index.php\\\/2025\\\/06\\\/03\\\/ters-yone-girip-kadin-sofore-hakaret-etti-ehliyetsiz-cikti-43-bin-tl-ceza-kesildi\\\/#respond\"]}]},{\"@type\":\"WebPage\",\"@id\":\"https:\\\/\\\/memurunsesi.net\\\/index.php\\\/2025\\\/06\\\/03\\\/ters-yone-girip-kadin-sofore-hakaret-etti-ehliyetsiz-cikti-43-bin-tl-ceza-kesildi\\\/\",\"url\":\"https:\\\/\\\/memurunsesi.net\\\/index.php\\\/2025\\\/06\\\/03\\\/ters-yone-girip-kadin-sofore-hakaret-etti-ehliyetsiz-cikti-43-bin-tl-ceza-kesildi\\\/\",\"name\":\"Ters y\u00f6ne girip kad\u0131n \u015fof\u00f6re hakaret etti, ehliyetsiz \u00e7\u0131kt\u0131: 43 bin TL ceza kesildi - Memurun Sesi\",\"isPartOf\":{\"@id\":\"https:\\\/\\\/memurunsesi.net\\\/#website\"},\"primaryImageOfPage\":{\"@id\":\"https:\\\/\\\/memurunsesi.net\\\/index.php\\\/2025\\\/06\\\/03\\\/ters-yone-girip-kadin-sofore-hakaret-etti-ehliyetsiz-cikti-43-bin-tl-ceza-kesildi\\\/#primaryimage\"},\"image\":{\"@id\":\"https:\\\/\\\/memurunsesi.net\\\/index.php\\\/2025\\\/06\\\/03\\\/ters-yone-girip-kadin-sofore-hakaret-etti-ehliyetsiz-cikti-43-bin-tl-ceza-kesildi\\\/#primaryimage\"},\"thumbnailUrl\":\"https:\\\/\\\/memurunsesi.net\\\/wp-content\\\/uploads\\\/2025\\\/06\\\/AW469579_01.jpg\",\"datePublished\":\"2025-06-03T18:12:35+00:00\",\"breadcrumb\":{\"@id\":\"https:\\\/\\\/memurunsesi.net\\\/index.php\\\/2025\\\/06\\\/03\\\/ters-yone-girip-kadin-sofore-hakaret-etti-ehliyetsiz-cikti-43-bin-tl-ceza-kesildi\\\/#breadcrumb\"},\"inLanguage\":\"tr\",\"potentialAction\":[{\"@type\":\"ReadAction\",\"target\":[\"https:\\\/\\\/memurunsesi.net\\\/index.php\\\/2025\\\/06\\\/03\\\/ters-yone-girip-kadin-sofore-hakaret-etti-ehliyetsiz-cikti-43-bin-tl-ceza-kesildi\\\/\"]}]},{\"@type\":\"ImageObject\",\"inLanguage\":\"tr\",\"@id\":\"https:\\\/\\\/memurunsesi.net\\\/index.php\\\/2025\\\/06\\\/03\\\/ters-yone-girip-kadin-sofore-hakaret-etti-ehliyetsiz-cikti-43-bin-tl-ceza-kesildi\\\/#primaryimage\",\"url\":\"https:\\\/\\\/memurunsesi.net\\\/wp-content\\\/uploads\\\/2025\\\/06\\\/AW469579_01.jpg\",\"contentUrl\":\"https:\\\/\\\/memurunsesi.net\\\/wp-content\\\/uploads\\\/2025\\\/06\\\/AW469579_01.jpg\",\"width\":1080,\"height\":1598,\"caption\":\"ADANA'DA TERS Y\u00d6NE G\u0130REREK TOPLU TA\u015eIMA OTOB\u00dcS\u00dcN\u00dcN KADIN \u015eOF\u00d6R\u00dcYLE TARTI\u015eAN VE K\u00dcF\u00dcRLER SAVURAN KAMYONET S\u00dcR\u00dcC\u00dcS\u00dcN\u00dcN EHL\u0130YETS\u0130Z OLDU\u011eU ORTAYA \u00c7IKTI. TRAF\u0130K G\u00dcVENL\u0130\u011e\u0130N\u0130 TEHL\u0130KEYE ATAN S\u00dcR\u00dcC\u00dcYE TOPLAM 43 B\u0130N 852 L\u0130RA PARA CEZASI KES\u0130LD\u0130. ARA\u00c7 \u0130SE YED\u0130EM\u0130N OTOPARKINA \u00c7EK\u0130LD\u0130. (S\u00dcLEYMAN CENK \u0130DAYE\\\/ADANA-\u0130HA) Adana'da ters y\u00f6ne girerek toplu ta\u015f\u0131ma otob\u00fcs\u00fcn\u00fcn kad\u0131n \u015fof\u00f6r\u00fcyle tart\u0131\u015fan ve k\u00fcf\u00fcrler savuran kamyonet s\u00fcr\u00fcc\u00fcs\u00fcn\u00fcn ehliyetsiz oldu\u011fu ortaya \u00e7\u0131kt\u0131. Trafik g\u00fcvenli\u011fini tehlikeye atan s\u00fcr\u00fcc\u00fcye toplam 43 bin 852 lira para cezas\u0131 kesildi. Ara\u00e7 ise yediemin otopark\u0131na \u00e7ekildi.\"},{\"@type\":\"BreadcrumbList\",\"@id\":\"https:\\\/\\\/memurunsesi.net\\\/index.php\\\/2025\\\/06\\\/03\\\/ters-yone-girip-kadin-sofore-hakaret-etti-ehliyetsiz-cikti-43-bin-tl-ceza-kesildi\\\/#breadcrumb\",\"itemListElement\":[{\"@type\":\"ListItem\",\"position\":1,\"name\":\"Anasayfa\",\"item\":\"https:\\\/\\\/memurunsesi.net\\\/\"},{\"@type\":\"ListItem\",\"position\":2,\"name\":\"Ters y\u00f6ne girip kad\u0131n \u015fof\u00f6re hakaret etti, ehliyetsiz \u00e7\u0131kt\u0131: 43 bin TL ceza kesildi\"}]},{\"@type\":\"WebSite\",\"@id\":\"https:\\\/\\\/memurunsesi.net\\\/#website\",\"url\":\"https:\\\/\\\/memurunsesi.net\\\/\",\"name\":\"Memurun Sesi\",\"description\":\"G\u00fcncel ve Do\u011fru Haber\",\"publisher\":{\"@id\":\"https:\\\/\\\/memurunsesi.net\\\/#organization\"},\"potentialAction\":[{\"@type\":\"SearchAction\",\"target\":{\"@type\":\"EntryPoint\",\"urlTemplate\":\"https:\\\/\\\/memurunsesi.net\\\/?s={search_term_string}\"},\"query-input\":{\"@type\":\"PropertyValueSpecification\",\"valueRequired\":true,\"valueName\":\"search_term_string\"}}],\"inLanguage\":\"tr\"},{\"@type\":\"Organization\",\"@id\":\"https:\\\/\\\/memurunsesi.net\\\/#organization\",\"name\":\"Memurun Sesi\",\"url\":\"https:\\\/\\\/memurunsesi.net\\\/\",\"logo\":{\"@type\":\"ImageObject\",\"inLanguage\":\"tr\",\"@id\":\"https:\\\/\\\/memurunsesi.net\\\/#\\\/schema\\\/logo\\\/image\\\/\",\"url\":\"https:\\\/\\\/memurunsesi.net\\\/wp-content\\\/uploads\\\/2025\\\/11\\\/cropped-MEMURUN-SESI.png\",\"contentUrl\":\"https:\\\/\\\/memurunsesi.net\\\/wp-content\\\/uploads\\\/2025\\\/11\\\/cropped-MEMURUN-SESI.png\",\"width\":238,\"height\":57,\"caption\":\"Memurun Sesi\"},\"image\":{\"@id\":\"https:\\\/\\\/memurunsesi.net\\\/#\\\/schema\\\/logo\\\/image\\\/\"},\"sameAs\":[\"https:\\\/\\\/www.facebook.com\\\/unipersen\\\/?locale=tr_TR\",\"https:\\\/\\\/x.com\\\/unipersen\"]},{\"@type\":\"Person\",\"@id\":\"https:\\\/\\\/memurunsesi.net\\\/#\\\/schema\\\/person\\\/f21c2d73b89f6ee1d80b0a1803e38587\",\"name\":\"Memurun Sesi Haber Merkezi\",\"image\":{\"@type\":\"ImageObject\",\"inLanguage\":\"tr\",\"@id\":\"https:\\\/\\\/secure.gravatar.com\\\/avatar\\\/6cf0505f452ee753f485014986fab09a434671d2b919ee76fc541025c5876a70?s=96&d=mm&r=g\",\"url\":\"https:\\\/\\\/secure.gravatar.com\\\/avatar\\\/6cf0505f452ee753f485014986fab09a434671d2b919ee76fc541025c5876a70?s=96&d=mm&r=g\",\"contentUrl\":\"https:\\\/\\\/secure.gravatar.com\\\/avatar\\\/6cf0505f452ee753f485014986fab09a434671d2b919ee76fc541025c5876a70?s=96&d=mm&r=g\",\"caption\":\"Memurun Sesi Haber Merkezi\"},\"sameAs\":[\"https:\\\/\\\/memurunsesi.net\"],\"url\":\"https:\\\/\\\/memurunsesi.net\\\/index.php\\\/author\\\/uniper\\\/\"}]}<\/script>\n<!-- \/ Yoast SEO plugin. -->","yoast_head_json":{"title":"Ters y\u00f6ne girip kad\u0131n \u015fof\u00f6re hakaret etti, ehliyetsiz \u00e7\u0131kt\u0131: 43 bin TL ceza kesildi - Memurun Sesi","robots":{"index":"index","follow":"follow","max-snippet":"max-snippet:-1","max-image-preview":"max-image-preview:large","max-video-preview":"max-video-preview:-1"},"canonical":"https:\/\/memurunsesi.net\/index.php\/2025\/06\/03\/ters-yone-girip-kadin-sofore-hakaret-etti-ehliyetsiz-cikti-43-bin-tl-ceza-kesildi\/","og_locale":"tr_TR","og_type":"article","og_title":"Ters y\u00f6ne girip kad\u0131n \u015fof\u00f6re hakaret etti, ehliyetsiz \u00e7\u0131kt\u0131: 43 bin TL ceza kesildi - Memurun Sesi","og_description":"Adana\u2019da ters y\u00f6ne girerek toplu ta\u015f\u0131ma otob\u00fcs\u00fcn\u00fcn kad\u0131n \u015fof\u00f6r\u00fcyle tart\u0131\u015fan ve k\u00fcf\u00fcrler savuran kamyonet s\u00fcr\u00fcc\u00fcs\u00fcn\u00fcn ehliyetsiz oldu\u011fu ortaya \u00e7\u0131kt\u0131. Trafik g\u00fcvenli\u011fini tehlikeye atan s\u00fcr\u00fcc\u00fcye toplam 43 bin 852 lira para cezas\u0131 kesildi. Ara\u00e7 ise yediemin otopark\u0131na \u00e7ekildi. Olay, merkez Seyhan il\u00e7esindeki K\u0131br\u0131s Caddesi\u2019nde meydana geldi. 01 AVY 520 plakal\u0131 kamyonetle ters y\u00f6ne giren s\u00fcr\u00fcc\u00fc, kar\u015f\u0131 [&hellip;]","og_url":"https:\/\/memurunsesi.net\/index.php\/2025\/06\/03\/ters-yone-girip-kadin-sofore-hakaret-etti-ehliyetsiz-cikti-43-bin-tl-ceza-kesildi\/","og_site_name":"Memurun Sesi","article_publisher":"https:\/\/www.facebook.com\/unipersen\/?locale=tr_TR","article_published_time":"2025-06-03T18:12:35+00:00","og_image":[{"width":1080,"height":1598,"url":"https:\/\/memurunsesi.net\/wp-content\/uploads\/2025\/06\/AW469579_01.jpg","type":"image\/jpeg"}],"author":"Memurun Sesi Haber Merkezi","twitter_card":"summary_large_image","twitter_creator":"@unipersen","twitter_site":"@unipersen","twitter_misc":{"Yazan:":"Memurun Sesi Haber Merkezi","Tahmini okuma s\u00fcresi":"1 dakika"},"schema":{"@context":"https:\/\/schema.org","@graph":[{"@type":"Article","@id":"https:\/\/memurunsesi.net\/index.php\/2025\/06\/03\/ters-yone-girip-kadin-sofore-hakaret-etti-ehliyetsiz-cikti-43-bin-tl-ceza-kesildi\/#article","isPartOf":{"@id":"https:\/\/memurunsesi.net\/index.php\/2025\/06\/03\/ters-yone-girip-kadin-sofore-hakaret-etti-ehliyetsiz-cikti-43-bin-tl-ceza-kesildi\/"},"author":{"name":"Memurun Sesi Haber Merkezi","@id":"https:\/\/memurunsesi.net\/#\/schema\/person\/f21c2d73b89f6ee1d80b0a1803e38587"},"headline":"Ters y\u00f6ne girip kad\u0131n \u015fof\u00f6re hakaret etti, ehliyetsiz \u00e7\u0131kt\u0131: 43 bin TL ceza kesildi","datePublished":"2025-06-03T18:12:35+00:00","mainEntityOfPage":{"@id":"https:\/\/memurunsesi.net\/index.php\/2025\/06\/03\/ters-yone-girip-kadin-sofore-hakaret-etti-ehliyetsiz-cikti-43-bin-tl-ceza-kesildi\/"},"wordCount":222,"commentCount":0,"publisher":{"@id":"https:\/\/memurunsesi.net\/#organization"},"image":{"@id":"https:\/\/memurunsesi.net\/index.php\/2025\/06\/03\/ters-yone-girip-kadin-sofore-hakaret-etti-ehliyetsiz-cikti-43-bin-tl-ceza-kesildi\/#primaryimage"},"thumbnailUrl":"https:\/\/memurunsesi.net\/wp-content\/uploads\/2025\/06\/AW469579_01.jpg","inLanguage":"tr","potentialAction":[{"@type":"CommentAction","name":"Comment","target":["https:\/\/memurunsesi.net\/index.php\/2025\/06\/03\/ters-yone-girip-kadin-sofore-hakaret-etti-ehliyetsiz-cikti-43-bin-tl-ceza-kesildi\/#respond"]}]},{"@type":"WebPage","@id":"https:\/\/memurunsesi.net\/index.php\/2025\/06\/03\/ters-yone-girip-kadin-sofore-hakaret-etti-ehliyetsiz-cikti-43-bin-tl-ceza-kesildi\/","url":"https:\/\/memurunsesi.net\/index.php\/2025\/06\/03\/ters-yone-girip-kadin-sofore-hakaret-etti-ehliyetsiz-cikti-43-bin-tl-ceza-kesildi\/","name":"Ters y\u00f6ne girip kad\u0131n \u015fof\u00f6re hakaret etti, ehliyetsiz \u00e7\u0131kt\u0131: 43 bin TL ceza kesildi - Memurun Sesi","isPartOf":{"@id":"https:\/\/memurunsesi.net\/#website"},"primaryImageOfPage":{"@id":"https:\/\/memurunsesi.net\/index.php\/2025\/06\/03\/ters-yone-girip-kadin-sofore-hakaret-etti-ehliyetsiz-cikti-43-bin-tl-ceza-kesildi\/#primaryimage"},"image":{"@id":"https:\/\/memurunsesi.net\/index.php\/2025\/06\/03\/ters-yone-girip-kadin-sofore-hakaret-etti-ehliyetsiz-cikti-43-bin-tl-ceza-kesildi\/#primaryimage"},"thumbnailUrl":"https:\/\/memurunsesi.net\/wp-content\/uploads\/2025\/06\/AW469579_01.jpg","datePublished":"2025-06-03T18:12:35+00:00","breadcrumb":{"@id":"https:\/\/memurunsesi.net\/index.php\/2025\/06\/03\/ters-yone-girip-kadin-sofore-hakaret-etti-ehliyetsiz-cikti-43-bin-tl-ceza-kesildi\/#breadcrumb"},"inLanguage":"tr","potentialAction":[{"@type":"ReadAction","target":["https:\/\/memurunsesi.net\/index.php\/2025\/06\/03\/ters-yone-girip-kadin-sofore-hakaret-etti-ehliyetsiz-cikti-43-bin-tl-ceza-kesildi\/"]}]},{"@type":"ImageObject","inLanguage":"tr","@id":"https:\/\/memurunsesi.net\/index.php\/2025\/06\/03\/ters-yone-girip-kadin-sofore-hakaret-etti-ehliyetsiz-cikti-43-bin-tl-ceza-kesildi\/#primaryimage","url":"https:\/\/memurunsesi.net\/wp-content\/uploads\/2025\/06\/AW469579_01.jpg","contentUrl":"https:\/\/memurunsesi.net\/wp-content\/uploads\/2025\/06\/AW469579_01.jpg","width":1080,"height":1598,"caption":"ADANA'DA TERS Y\u00d6NE G\u0130REREK TOPLU TA\u015eIMA OTOB\u00dcS\u00dcN\u00dcN KADIN \u015eOF\u00d6R\u00dcYLE TARTI\u015eAN VE K\u00dcF\u00dcRLER SAVURAN KAMYONET S\u00dcR\u00dcC\u00dcS\u00dcN\u00dcN EHL\u0130YETS\u0130Z OLDU\u011eU ORTAYA \u00c7IKTI. TRAF\u0130K G\u00dcVENL\u0130\u011e\u0130N\u0130 TEHL\u0130KEYE ATAN S\u00dcR\u00dcC\u00dcYE TOPLAM 43 B\u0130N 852 L\u0130RA PARA CEZASI KES\u0130LD\u0130. ARA\u00c7 \u0130SE YED\u0130EM\u0130N OTOPARKINA \u00c7EK\u0130LD\u0130. (S\u00dcLEYMAN CENK \u0130DAYE\/ADANA-\u0130HA) Adana'da ters y\u00f6ne girerek toplu ta\u015f\u0131ma otob\u00fcs\u00fcn\u00fcn kad\u0131n \u015fof\u00f6r\u00fcyle tart\u0131\u015fan ve k\u00fcf\u00fcrler savuran kamyonet s\u00fcr\u00fcc\u00fcs\u00fcn\u00fcn ehliyetsiz oldu\u011fu ortaya \u00e7\u0131kt\u0131. Trafik g\u00fcvenli\u011fini tehlikeye atan s\u00fcr\u00fcc\u00fcye toplam 43 bin 852 lira para cezas\u0131 kesildi. Ara\u00e7 ise yediemin otopark\u0131na \u00e7ekildi."},{"@type":"BreadcrumbList","@id":"https:\/\/memurunsesi.net\/index.php\/2025\/06\/03\/ters-yone-girip-kadin-sofore-hakaret-etti-ehliyetsiz-cikti-43-bin-tl-ceza-kesildi\/#breadcrumb","itemListElement":[{"@type":"ListItem","position":1,"name":"Anasayfa","item":"https:\/\/memurunsesi.net\/"},{"@type":"ListItem","position":2,"name":"Ters y\u00f6ne girip kad\u0131n \u015fof\u00f6re hakaret etti, ehliyetsiz \u00e7\u0131kt\u0131: 43 bin TL ceza kesildi"}]},{"@type":"WebSite","@id":"https:\/\/memurunsesi.net\/#website","url":"https:\/\/memurunsesi.net\/","name":"Memurun Sesi","description":"G\u00fcncel ve Do\u011fru Haber","publisher":{"@id":"https:\/\/memurunsesi.net\/#organization"},"potentialAction":[{"@type":"SearchAction","target":{"@type":"EntryPoint","urlTemplate":"https:\/\/memurunsesi.net\/?s={search_term_string}"},"query-input":{"@type":"PropertyValueSpecification","valueRequired":true,"valueName":"search_term_string"}}],"inLanguage":"tr"},{"@type":"Organization","@id":"https:\/\/memurunsesi.net\/#organization","name":"Memurun Sesi","url":"https:\/\/memurunsesi.net\/","logo":{"@type":"ImageObject","inLanguage":"tr","@id":"https:\/\/memurunsesi.net\/#\/schema\/logo\/image\/","url":"https:\/\/memurunsesi.net\/wp-content\/uploads\/2025\/11\/cropped-MEMURUN-SESI.png","contentUrl":"https:\/\/memurunsesi.net\/wp-content\/uploads\/2025\/11\/cropped-MEMURUN-SESI.png","width":238,"height":57,"caption":"Memurun Sesi"},"image":{"@id":"https:\/\/memurunsesi.net\/#\/schema\/logo\/image\/"},"sameAs":["https:\/\/www.facebook.com\/unipersen\/?locale=tr_TR","https:\/\/x.com\/unipersen"]},{"@type":"Person","@id":"https:\/\/memurunsesi.net\/#\/schema\/person\/f21c2d73b89f6ee1d80b0a1803e38587","name":"Memurun Sesi Haber Merkezi","image":{"@type":"ImageObject","inLanguage":"tr","@id":"https:\/\/secure.gravatar.com\/avatar\/6cf0505f452ee753f485014986fab09a434671d2b919ee76fc541025c5876a70?s=96&d=mm&r=g","url":"https:\/\/secure.gravatar.com\/avatar\/6cf0505f452ee753f485014986fab09a434671d2b919ee76fc541025c5876a70?s=96&d=mm&r=g","contentUrl":"https:\/\/secure.gravatar.com\/avatar\/6cf0505f452ee753f485014986fab09a434671d2b919ee76fc541025c5876a70?s=96&d=mm&r=g","caption":"Memurun Sesi Haber Merkezi"},"sameAs":["https:\/\/memurunsesi.net"],"url":"https:\/\/memurunsesi.net\/index.php\/author\/uniper\/"}]}},"_links":{"self":[{"href":"https:\/\/memurunsesi.net\/index.php\/wp-json\/wp\/v2\/posts\/7613","targetHints":{"allow":["GET"]}}],"collection":[{"href":"https:\/\/memurunsesi.net\/index.php\/wp-json\/wp\/v2\/posts"}],"about":[{"href":"https:\/\/memurunsesi.net\/index.php\/wp-json\/wp\/v2\/types\/post"}],"author":[{"embeddable":true,"href":"https:\/\/memurunsesi.net\/index.php\/wp-json\/wp\/v2\/users\/1"}],"replies":[{"embeddable":true,"href":"https:\/\/memurunsesi.net\/index.php\/wp-json\/wp\/v2\/comments?post=7613"}],"version-history":[{"count":1,"href":"https:\/\/memurunsesi.net\/index.php\/wp-json\/wp\/v2\/posts\/7613\/revisions"}],"predecessor-version":[{"id":7615,"href":"https:\/\/memurunsesi.net\/index.php\/wp-json\/wp\/v2\/posts\/7613\/revisions\/7615"}],"wp:featuredmedia":[{"embeddable":true,"href":"https:\/\/memurunsesi.net\/index.php\/wp-json\/wp\/v2\/media\/7614"}],"wp:attachment":[{"href":"https:\/\/memurunsesi.net\/index.php\/wp-json\/wp\/v2\/media?parent=7613"}],"wp:term":[{"taxonomy":"category","embeddable":true,"href":"https:\/\/memurunsesi.net\/index.php\/wp-json\/wp\/v2\/categories?post=7613"},{"taxonomy":"post_tag","embeddable":true,"href":"https:\/\/memurunsesi.net\/index.php\/wp-json\/wp\/v2\/tags?post=7613"}],"curies":[{"name":"wp","href":"https:\/\/api.w.org\/{rel}","templated":true}]}}