{"id":7624,"date":"2025-06-03T21:24:28","date_gmt":"2025-06-03T18:24:28","guid":{"rendered":"https:\/\/memurunsesi.net\/?p=7624"},"modified":"2025-06-03T21:24:28","modified_gmt":"2025-06-03T18:24:28","slug":"lise-ogrenciler-tasarladiklari-endustriyel-kol-ile-uluslararasi-yarismada-birinci-oldu","status":"publish","type":"post","link":"https:\/\/memurunsesi.net\/index.php\/2025\/06\/03\/lise-ogrenciler-tasarladiklari-endustriyel-kol-ile-uluslararasi-yarismada-birinci-oldu\/","title":{"rendered":"Lise \u00f6\u011frenciler tasarlad\u0131klar\u0131 end\u00fcstriyel kol ile uluslararas\u0131 yar\u0131\u015fmada birinci oldu"},"content":{"rendered":"<p> Samsun Atakum Mesleki ve Teknik Anadolu Lisesi dan\u0131\u015fman \u00f6\u011fretmen ve \u00f6\u011frencileri, tasarlad\u0131klar\u0131 end\u00fcstriyel robotik kol ile 17. Uluslararas\u0131 MEB Robot Yar\u0131\u015fmas\u0131\u2019nda birinci oldu.<br \/>\n  Samsun Atakum Mesleki ve Teknik Anadolu Lisesi, Dan\u0131\u015fman \u00d6\u011fretmen Hasan \u00d6ner, \u00f6\u011frenciler Kerem K\u00f6se, Yunus Emre \u00dcnal taraf\u0131ndan yap\u0131lan end\u00fcstriyel robotik kol, yar\u0131\u015fmada verilen rastgele renklerde dizilmi\u015f olan k\u00fcpleri alarak uygun k\u00fcplere b\u0131rakmak g\u00f6revini en iyi derece ile bitirerek 42 kat\u0131l\u0131mc\u0131 aras\u0131nda birincilik elde etti.<br \/>\n  Dan\u0131\u015fman \u00d6\u011fretmen Hasan \u00d6ner, &#8220;End\u00fcstriyel kolun \u00fcretimi, i\u015flemesi, tasar\u0131m\u0131, kodlamas\u0131 tamamen bize aittir. \u00d6\u011frencileri g\u00f6rd\u00fckleri derslerde kulland\u0131klar\u0131 yaz\u0131l\u0131mlarla yap\u0131ld\u0131. Okulun kendi imkanlar\u0131 kullan\u0131ld\u0131. 3 boyutlu yaz\u0131c\u0131 kullan\u0131ld\u0131. Yerli ve milli olarak \u00fcretildi&#8221; dedi.  <\/p>\n<p>3.06.2025                                  <\/p>\n","protected":false},"excerpt":{"rendered":"<p>Samsun Atakum Mesleki ve Teknik Anadolu Lisesi dan\u0131\u015fman \u00f6\u011fretmen ve \u00f6\u011frencileri, tasarlad\u0131klar\u0131 end\u00fcstriyel robotik kol ile 17. Uluslararas\u0131 MEB Robot Yar\u0131\u015fmas\u0131\u2019nda birinci oldu. Samsun Atakum Mesleki ve Teknik Anadolu Lisesi, Dan\u0131\u015fman \u00d6\u011fretmen Hasan \u00d6ner, \u00f6\u011frenciler Kerem K\u00f6se, Yunus Emre \u00dcnal taraf\u0131ndan yap\u0131lan end\u00fcstriyel robotik kol, yar\u0131\u015fmada verilen rastgele renklerde dizilmi\u015f olan k\u00fcpleri alarak uygun k\u00fcplere [&hellip;]<\/p>\n","protected":false},"author":1,"featured_media":7625,"comment_status":"open","ping_status":"open","sticky":false,"template":"","format":"standard","meta":{"footnotes":""},"categories":[1],"tags":[],"class_list":["post-7624","post","type-post","status-publish","format-standard","has-post-thumbnail","hentry","category-genel"],"yoast_head":"<!-- This site is optimized with the Yoast SEO plugin v27.4 - https:\/\/yoast.com\/product\/yoast-seo-wordpress\/ -->\n<title>Lise \u00f6\u011frenciler tasarlad\u0131klar\u0131 end\u00fcstriyel kol ile uluslararas\u0131 yar\u0131\u015fmada birinci oldu - Memurun Sesi<\/title>\n<meta name=\"robots\" content=\"index, follow, max-snippet:-1, max-image-preview:large, max-video-preview:-1\" \/>\n<link rel=\"canonical\" href=\"https:\/\/memurunsesi.net\/index.php\/2025\/06\/03\/lise-ogrenciler-tasarladiklari-endustriyel-kol-ile-uluslararasi-yarismada-birinci-oldu\/\" \/>\n<meta property=\"og:locale\" content=\"tr_TR\" \/>\n<meta property=\"og:type\" content=\"article\" \/>\n<meta property=\"og:title\" content=\"Lise \u00f6\u011frenciler tasarlad\u0131klar\u0131 end\u00fcstriyel kol ile uluslararas\u0131 yar\u0131\u015fmada birinci oldu - Memurun Sesi\" \/>\n<meta property=\"og:description\" content=\"Samsun Atakum Mesleki ve Teknik Anadolu Lisesi dan\u0131\u015fman \u00f6\u011fretmen ve \u00f6\u011frencileri, tasarlad\u0131klar\u0131 end\u00fcstriyel robotik kol ile 17. Uluslararas\u0131 MEB Robot Yar\u0131\u015fmas\u0131\u2019nda birinci oldu. Samsun Atakum Mesleki ve Teknik Anadolu Lisesi, Dan\u0131\u015fman \u00d6\u011fretmen Hasan \u00d6ner, \u00f6\u011frenciler Kerem K\u00f6se, Yunus Emre \u00dcnal taraf\u0131ndan yap\u0131lan end\u00fcstriyel robotik kol, yar\u0131\u015fmada verilen rastgele renklerde dizilmi\u015f olan k\u00fcpleri alarak uygun k\u00fcplere [&hellip;]\" \/>\n<meta property=\"og:url\" content=\"https:\/\/memurunsesi.net\/index.php\/2025\/06\/03\/lise-ogrenciler-tasarladiklari-endustriyel-kol-ile-uluslararasi-yarismada-birinci-oldu\/\" \/>\n<meta property=\"og:site_name\" content=\"Memurun Sesi\" \/>\n<meta property=\"article:publisher\" content=\"https:\/\/www.facebook.com\/unipersen\/?locale=tr_TR\" \/>\n<meta property=\"article:published_time\" content=\"2025-06-03T18:24:28+00:00\" \/>\n<meta property=\"og:image\" content=\"https:\/\/memurunsesi.net\/wp-content\/uploads\/2025\/06\/AW469434_05-scaled.jpg\" \/>\n\t<meta property=\"og:image:width\" content=\"2560\" \/>\n\t<meta property=\"og:image:height\" content=\"1707\" \/>\n\t<meta property=\"og:image:type\" content=\"image\/jpeg\" \/>\n<meta name=\"author\" content=\"Memurun Sesi Haber Merkezi\" \/>\n<meta name=\"twitter:card\" content=\"summary_large_image\" \/>\n<meta name=\"twitter:creator\" content=\"@unipersen\" \/>\n<meta name=\"twitter:site\" content=\"@unipersen\" \/>\n<meta name=\"twitter:label1\" content=\"Yazan:\" \/>\n\t<meta name=\"twitter:data1\" content=\"Memurun Sesi Haber Merkezi\" \/>\n\t<meta name=\"twitter:label2\" content=\"Tahmini okuma s\u00fcresi\" \/>\n\t<meta name=\"twitter:data2\" content=\"1 dakika\" \/>\n<script type=\"application\/ld+json\" class=\"yoast-schema-graph\">{\"@context\":\"https:\\\/\\\/schema.org\",\"@graph\":[{\"@type\":\"Article\",\"@id\":\"https:\\\/\\\/memurunsesi.net\\\/index.php\\\/2025\\\/06\\\/03\\\/lise-ogrenciler-tasarladiklari-endustriyel-kol-ile-uluslararasi-yarismada-birinci-oldu\\\/#article\",\"isPartOf\":{\"@id\":\"https:\\\/\\\/memurunsesi.net\\\/index.php\\\/2025\\\/06\\\/03\\\/lise-ogrenciler-tasarladiklari-endustriyel-kol-ile-uluslararasi-yarismada-birinci-oldu\\\/\"},\"author\":{\"name\":\"Memurun Sesi Haber Merkezi\",\"@id\":\"https:\\\/\\\/memurunsesi.net\\\/#\\\/schema\\\/person\\\/f21c2d73b89f6ee1d80b0a1803e38587\"},\"headline\":\"Lise \u00f6\u011frenciler tasarlad\u0131klar\u0131 end\u00fcstriyel kol ile uluslararas\u0131 yar\u0131\u015fmada birinci oldu\",\"datePublished\":\"2025-06-03T18:24:28+00:00\",\"mainEntityOfPage\":{\"@id\":\"https:\\\/\\\/memurunsesi.net\\\/index.php\\\/2025\\\/06\\\/03\\\/lise-ogrenciler-tasarladiklari-endustriyel-kol-ile-uluslararasi-yarismada-birinci-oldu\\\/\"},\"wordCount\":142,\"commentCount\":0,\"publisher\":{\"@id\":\"https:\\\/\\\/memurunsesi.net\\\/#organization\"},\"image\":{\"@id\":\"https:\\\/\\\/memurunsesi.net\\\/index.php\\\/2025\\\/06\\\/03\\\/lise-ogrenciler-tasarladiklari-endustriyel-kol-ile-uluslararasi-yarismada-birinci-oldu\\\/#primaryimage\"},\"thumbnailUrl\":\"https:\\\/\\\/memurunsesi.net\\\/wp-content\\\/uploads\\\/2025\\\/06\\\/AW469434_05-scaled.jpg\",\"inLanguage\":\"tr\",\"potentialAction\":[{\"@type\":\"CommentAction\",\"name\":\"Comment\",\"target\":[\"https:\\\/\\\/memurunsesi.net\\\/index.php\\\/2025\\\/06\\\/03\\\/lise-ogrenciler-tasarladiklari-endustriyel-kol-ile-uluslararasi-yarismada-birinci-oldu\\\/#respond\"]}]},{\"@type\":\"WebPage\",\"@id\":\"https:\\\/\\\/memurunsesi.net\\\/index.php\\\/2025\\\/06\\\/03\\\/lise-ogrenciler-tasarladiklari-endustriyel-kol-ile-uluslararasi-yarismada-birinci-oldu\\\/\",\"url\":\"https:\\\/\\\/memurunsesi.net\\\/index.php\\\/2025\\\/06\\\/03\\\/lise-ogrenciler-tasarladiklari-endustriyel-kol-ile-uluslararasi-yarismada-birinci-oldu\\\/\",\"name\":\"Lise \u00f6\u011frenciler tasarlad\u0131klar\u0131 end\u00fcstriyel kol ile uluslararas\u0131 yar\u0131\u015fmada birinci oldu - Memurun Sesi\",\"isPartOf\":{\"@id\":\"https:\\\/\\\/memurunsesi.net\\\/#website\"},\"primaryImageOfPage\":{\"@id\":\"https:\\\/\\\/memurunsesi.net\\\/index.php\\\/2025\\\/06\\\/03\\\/lise-ogrenciler-tasarladiklari-endustriyel-kol-ile-uluslararasi-yarismada-birinci-oldu\\\/#primaryimage\"},\"image\":{\"@id\":\"https:\\\/\\\/memurunsesi.net\\\/index.php\\\/2025\\\/06\\\/03\\\/lise-ogrenciler-tasarladiklari-endustriyel-kol-ile-uluslararasi-yarismada-birinci-oldu\\\/#primaryimage\"},\"thumbnailUrl\":\"https:\\\/\\\/memurunsesi.net\\\/wp-content\\\/uploads\\\/2025\\\/06\\\/AW469434_05-scaled.jpg\",\"datePublished\":\"2025-06-03T18:24:28+00:00\",\"breadcrumb\":{\"@id\":\"https:\\\/\\\/memurunsesi.net\\\/index.php\\\/2025\\\/06\\\/03\\\/lise-ogrenciler-tasarladiklari-endustriyel-kol-ile-uluslararasi-yarismada-birinci-oldu\\\/#breadcrumb\"},\"inLanguage\":\"tr\",\"potentialAction\":[{\"@type\":\"ReadAction\",\"target\":[\"https:\\\/\\\/memurunsesi.net\\\/index.php\\\/2025\\\/06\\\/03\\\/lise-ogrenciler-tasarladiklari-endustriyel-kol-ile-uluslararasi-yarismada-birinci-oldu\\\/\"]}]},{\"@type\":\"ImageObject\",\"inLanguage\":\"tr\",\"@id\":\"https:\\\/\\\/memurunsesi.net\\\/index.php\\\/2025\\\/06\\\/03\\\/lise-ogrenciler-tasarladiklari-endustriyel-kol-ile-uluslararasi-yarismada-birinci-oldu\\\/#primaryimage\",\"url\":\"https:\\\/\\\/memurunsesi.net\\\/wp-content\\\/uploads\\\/2025\\\/06\\\/AW469434_05-scaled.jpg\",\"contentUrl\":\"https:\\\/\\\/memurunsesi.net\\\/wp-content\\\/uploads\\\/2025\\\/06\\\/AW469434_05-scaled.jpg\",\"width\":2560,\"height\":1707,\"caption\":\"SAMSUN ATAKUM MESLEK\u0130 VE TEKN\u0130K ANADOLU L\u0130SES\u0130 DANI\u015eMAN \u00d6\u011eRETMEN VE \u00d6\u011eRENC\u0130LER\u0130, TASARLADIKLARI END\u00dcSTR\u0130YEL ROBOT\u0130K KOL \u0130LE 17. ULUSLARARASI MEB ROBOT YARI\u015eMASI'NDA B\u0130R\u0130NC\u0130 OLDU. (FURKAN ABREK \u00dcNAL\\\/SAMSUN-\u0130HA) Samsun Atakum Mesleki ve Teknik Anadolu Lisesi dan\u0131\u015fman \u00f6\u011fretmen ve \u00f6\u011frencileri, tasarlad\u0131klar\u0131 end\u00fcstriyel robotik kol ile 17. Uluslararas\u0131 MEB Robot Yar\u0131\u015fmas\u0131'nda birinci oldu.\"},{\"@type\":\"BreadcrumbList\",\"@id\":\"https:\\\/\\\/memurunsesi.net\\\/index.php\\\/2025\\\/06\\\/03\\\/lise-ogrenciler-tasarladiklari-endustriyel-kol-ile-uluslararasi-yarismada-birinci-oldu\\\/#breadcrumb\",\"itemListElement\":[{\"@type\":\"ListItem\",\"position\":1,\"name\":\"Anasayfa\",\"item\":\"https:\\\/\\\/memurunsesi.net\\\/\"},{\"@type\":\"ListItem\",\"position\":2,\"name\":\"Lise \u00f6\u011frenciler tasarlad\u0131klar\u0131 end\u00fcstriyel kol ile uluslararas\u0131 yar\u0131\u015fmada birinci oldu\"}]},{\"@type\":\"WebSite\",\"@id\":\"https:\\\/\\\/memurunsesi.net\\\/#website\",\"url\":\"https:\\\/\\\/memurunsesi.net\\\/\",\"name\":\"Memurun Sesi\",\"description\":\"G\u00fcncel ve Do\u011fru Haber\",\"publisher\":{\"@id\":\"https:\\\/\\\/memurunsesi.net\\\/#organization\"},\"potentialAction\":[{\"@type\":\"SearchAction\",\"target\":{\"@type\":\"EntryPoint\",\"urlTemplate\":\"https:\\\/\\\/memurunsesi.net\\\/?s={search_term_string}\"},\"query-input\":{\"@type\":\"PropertyValueSpecification\",\"valueRequired\":true,\"valueName\":\"search_term_string\"}}],\"inLanguage\":\"tr\"},{\"@type\":\"Organization\",\"@id\":\"https:\\\/\\\/memurunsesi.net\\\/#organization\",\"name\":\"Memurun Sesi\",\"url\":\"https:\\\/\\\/memurunsesi.net\\\/\",\"logo\":{\"@type\":\"ImageObject\",\"inLanguage\":\"tr\",\"@id\":\"https:\\\/\\\/memurunsesi.net\\\/#\\\/schema\\\/logo\\\/image\\\/\",\"url\":\"https:\\\/\\\/memurunsesi.net\\\/wp-content\\\/uploads\\\/2025\\\/11\\\/cropped-MEMURUN-SESI.png\",\"contentUrl\":\"https:\\\/\\\/memurunsesi.net\\\/wp-content\\\/uploads\\\/2025\\\/11\\\/cropped-MEMURUN-SESI.png\",\"width\":238,\"height\":57,\"caption\":\"Memurun Sesi\"},\"image\":{\"@id\":\"https:\\\/\\\/memurunsesi.net\\\/#\\\/schema\\\/logo\\\/image\\\/\"},\"sameAs\":[\"https:\\\/\\\/www.facebook.com\\\/unipersen\\\/?locale=tr_TR\",\"https:\\\/\\\/x.com\\\/unipersen\"]},{\"@type\":\"Person\",\"@id\":\"https:\\\/\\\/memurunsesi.net\\\/#\\\/schema\\\/person\\\/f21c2d73b89f6ee1d80b0a1803e38587\",\"name\":\"Memurun Sesi Haber Merkezi\",\"image\":{\"@type\":\"ImageObject\",\"inLanguage\":\"tr\",\"@id\":\"https:\\\/\\\/secure.gravatar.com\\\/avatar\\\/6cf0505f452ee753f485014986fab09a434671d2b919ee76fc541025c5876a70?s=96&d=mm&r=g\",\"url\":\"https:\\\/\\\/secure.gravatar.com\\\/avatar\\\/6cf0505f452ee753f485014986fab09a434671d2b919ee76fc541025c5876a70?s=96&d=mm&r=g\",\"contentUrl\":\"https:\\\/\\\/secure.gravatar.com\\\/avatar\\\/6cf0505f452ee753f485014986fab09a434671d2b919ee76fc541025c5876a70?s=96&d=mm&r=g\",\"caption\":\"Memurun Sesi Haber Merkezi\"},\"sameAs\":[\"https:\\\/\\\/memurunsesi.net\"],\"url\":\"https:\\\/\\\/memurunsesi.net\\\/index.php\\\/author\\\/uniper\\\/\"}]}<\/script>\n<!-- \/ Yoast SEO plugin. -->","yoast_head_json":{"title":"Lise \u00f6\u011frenciler tasarlad\u0131klar\u0131 end\u00fcstriyel kol ile uluslararas\u0131 yar\u0131\u015fmada birinci oldu - Memurun Sesi","robots":{"index":"index","follow":"follow","max-snippet":"max-snippet:-1","max-image-preview":"max-image-preview:large","max-video-preview":"max-video-preview:-1"},"canonical":"https:\/\/memurunsesi.net\/index.php\/2025\/06\/03\/lise-ogrenciler-tasarladiklari-endustriyel-kol-ile-uluslararasi-yarismada-birinci-oldu\/","og_locale":"tr_TR","og_type":"article","og_title":"Lise \u00f6\u011frenciler tasarlad\u0131klar\u0131 end\u00fcstriyel kol ile uluslararas\u0131 yar\u0131\u015fmada birinci oldu - Memurun Sesi","og_description":"Samsun Atakum Mesleki ve Teknik Anadolu Lisesi dan\u0131\u015fman \u00f6\u011fretmen ve \u00f6\u011frencileri, tasarlad\u0131klar\u0131 end\u00fcstriyel robotik kol ile 17. Uluslararas\u0131 MEB Robot Yar\u0131\u015fmas\u0131\u2019nda birinci oldu. Samsun Atakum Mesleki ve Teknik Anadolu Lisesi, Dan\u0131\u015fman \u00d6\u011fretmen Hasan \u00d6ner, \u00f6\u011frenciler Kerem K\u00f6se, Yunus Emre \u00dcnal taraf\u0131ndan yap\u0131lan end\u00fcstriyel robotik kol, yar\u0131\u015fmada verilen rastgele renklerde dizilmi\u015f olan k\u00fcpleri alarak uygun k\u00fcplere [&hellip;]","og_url":"https:\/\/memurunsesi.net\/index.php\/2025\/06\/03\/lise-ogrenciler-tasarladiklari-endustriyel-kol-ile-uluslararasi-yarismada-birinci-oldu\/","og_site_name":"Memurun Sesi","article_publisher":"https:\/\/www.facebook.com\/unipersen\/?locale=tr_TR","article_published_time":"2025-06-03T18:24:28+00:00","og_image":[{"width":2560,"height":1707,"url":"https:\/\/memurunsesi.net\/wp-content\/uploads\/2025\/06\/AW469434_05-scaled.jpg","type":"image\/jpeg"}],"author":"Memurun Sesi Haber Merkezi","twitter_card":"summary_large_image","twitter_creator":"@unipersen","twitter_site":"@unipersen","twitter_misc":{"Yazan:":"Memurun Sesi Haber Merkezi","Tahmini okuma s\u00fcresi":"1 dakika"},"schema":{"@context":"https:\/\/schema.org","@graph":[{"@type":"Article","@id":"https:\/\/memurunsesi.net\/index.php\/2025\/06\/03\/lise-ogrenciler-tasarladiklari-endustriyel-kol-ile-uluslararasi-yarismada-birinci-oldu\/#article","isPartOf":{"@id":"https:\/\/memurunsesi.net\/index.php\/2025\/06\/03\/lise-ogrenciler-tasarladiklari-endustriyel-kol-ile-uluslararasi-yarismada-birinci-oldu\/"},"author":{"name":"Memurun Sesi Haber Merkezi","@id":"https:\/\/memurunsesi.net\/#\/schema\/person\/f21c2d73b89f6ee1d80b0a1803e38587"},"headline":"Lise \u00f6\u011frenciler tasarlad\u0131klar\u0131 end\u00fcstriyel kol ile uluslararas\u0131 yar\u0131\u015fmada birinci oldu","datePublished":"2025-06-03T18:24:28+00:00","mainEntityOfPage":{"@id":"https:\/\/memurunsesi.net\/index.php\/2025\/06\/03\/lise-ogrenciler-tasarladiklari-endustriyel-kol-ile-uluslararasi-yarismada-birinci-oldu\/"},"wordCount":142,"commentCount":0,"publisher":{"@id":"https:\/\/memurunsesi.net\/#organization"},"image":{"@id":"https:\/\/memurunsesi.net\/index.php\/2025\/06\/03\/lise-ogrenciler-tasarladiklari-endustriyel-kol-ile-uluslararasi-yarismada-birinci-oldu\/#primaryimage"},"thumbnailUrl":"https:\/\/memurunsesi.net\/wp-content\/uploads\/2025\/06\/AW469434_05-scaled.jpg","inLanguage":"tr","potentialAction":[{"@type":"CommentAction","name":"Comment","target":["https:\/\/memurunsesi.net\/index.php\/2025\/06\/03\/lise-ogrenciler-tasarladiklari-endustriyel-kol-ile-uluslararasi-yarismada-birinci-oldu\/#respond"]}]},{"@type":"WebPage","@id":"https:\/\/memurunsesi.net\/index.php\/2025\/06\/03\/lise-ogrenciler-tasarladiklari-endustriyel-kol-ile-uluslararasi-yarismada-birinci-oldu\/","url":"https:\/\/memurunsesi.net\/index.php\/2025\/06\/03\/lise-ogrenciler-tasarladiklari-endustriyel-kol-ile-uluslararasi-yarismada-birinci-oldu\/","name":"Lise \u00f6\u011frenciler tasarlad\u0131klar\u0131 end\u00fcstriyel kol ile uluslararas\u0131 yar\u0131\u015fmada birinci oldu - Memurun Sesi","isPartOf":{"@id":"https:\/\/memurunsesi.net\/#website"},"primaryImageOfPage":{"@id":"https:\/\/memurunsesi.net\/index.php\/2025\/06\/03\/lise-ogrenciler-tasarladiklari-endustriyel-kol-ile-uluslararasi-yarismada-birinci-oldu\/#primaryimage"},"image":{"@id":"https:\/\/memurunsesi.net\/index.php\/2025\/06\/03\/lise-ogrenciler-tasarladiklari-endustriyel-kol-ile-uluslararasi-yarismada-birinci-oldu\/#primaryimage"},"thumbnailUrl":"https:\/\/memurunsesi.net\/wp-content\/uploads\/2025\/06\/AW469434_05-scaled.jpg","datePublished":"2025-06-03T18:24:28+00:00","breadcrumb":{"@id":"https:\/\/memurunsesi.net\/index.php\/2025\/06\/03\/lise-ogrenciler-tasarladiklari-endustriyel-kol-ile-uluslararasi-yarismada-birinci-oldu\/#breadcrumb"},"inLanguage":"tr","potentialAction":[{"@type":"ReadAction","target":["https:\/\/memurunsesi.net\/index.php\/2025\/06\/03\/lise-ogrenciler-tasarladiklari-endustriyel-kol-ile-uluslararasi-yarismada-birinci-oldu\/"]}]},{"@type":"ImageObject","inLanguage":"tr","@id":"https:\/\/memurunsesi.net\/index.php\/2025\/06\/03\/lise-ogrenciler-tasarladiklari-endustriyel-kol-ile-uluslararasi-yarismada-birinci-oldu\/#primaryimage","url":"https:\/\/memurunsesi.net\/wp-content\/uploads\/2025\/06\/AW469434_05-scaled.jpg","contentUrl":"https:\/\/memurunsesi.net\/wp-content\/uploads\/2025\/06\/AW469434_05-scaled.jpg","width":2560,"height":1707,"caption":"SAMSUN ATAKUM MESLEK\u0130 VE TEKN\u0130K ANADOLU L\u0130SES\u0130 DANI\u015eMAN \u00d6\u011eRETMEN VE \u00d6\u011eRENC\u0130LER\u0130, TASARLADIKLARI END\u00dcSTR\u0130YEL ROBOT\u0130K KOL \u0130LE 17. ULUSLARARASI MEB ROBOT YARI\u015eMASI'NDA B\u0130R\u0130NC\u0130 OLDU. (FURKAN ABREK \u00dcNAL\/SAMSUN-\u0130HA) Samsun Atakum Mesleki ve Teknik Anadolu Lisesi dan\u0131\u015fman \u00f6\u011fretmen ve \u00f6\u011frencileri, tasarlad\u0131klar\u0131 end\u00fcstriyel robotik kol ile 17. Uluslararas\u0131 MEB Robot Yar\u0131\u015fmas\u0131'nda birinci oldu."},{"@type":"BreadcrumbList","@id":"https:\/\/memurunsesi.net\/index.php\/2025\/06\/03\/lise-ogrenciler-tasarladiklari-endustriyel-kol-ile-uluslararasi-yarismada-birinci-oldu\/#breadcrumb","itemListElement":[{"@type":"ListItem","position":1,"name":"Anasayfa","item":"https:\/\/memurunsesi.net\/"},{"@type":"ListItem","position":2,"name":"Lise \u00f6\u011frenciler tasarlad\u0131klar\u0131 end\u00fcstriyel kol ile uluslararas\u0131 yar\u0131\u015fmada birinci oldu"}]},{"@type":"WebSite","@id":"https:\/\/memurunsesi.net\/#website","url":"https:\/\/memurunsesi.net\/","name":"Memurun Sesi","description":"G\u00fcncel ve Do\u011fru Haber","publisher":{"@id":"https:\/\/memurunsesi.net\/#organization"},"potentialAction":[{"@type":"SearchAction","target":{"@type":"EntryPoint","urlTemplate":"https:\/\/memurunsesi.net\/?s={search_term_string}"},"query-input":{"@type":"PropertyValueSpecification","valueRequired":true,"valueName":"search_term_string"}}],"inLanguage":"tr"},{"@type":"Organization","@id":"https:\/\/memurunsesi.net\/#organization","name":"Memurun Sesi","url":"https:\/\/memurunsesi.net\/","logo":{"@type":"ImageObject","inLanguage":"tr","@id":"https:\/\/memurunsesi.net\/#\/schema\/logo\/image\/","url":"https:\/\/memurunsesi.net\/wp-content\/uploads\/2025\/11\/cropped-MEMURUN-SESI.png","contentUrl":"https:\/\/memurunsesi.net\/wp-content\/uploads\/2025\/11\/cropped-MEMURUN-SESI.png","width":238,"height":57,"caption":"Memurun Sesi"},"image":{"@id":"https:\/\/memurunsesi.net\/#\/schema\/logo\/image\/"},"sameAs":["https:\/\/www.facebook.com\/unipersen\/?locale=tr_TR","https:\/\/x.com\/unipersen"]},{"@type":"Person","@id":"https:\/\/memurunsesi.net\/#\/schema\/person\/f21c2d73b89f6ee1d80b0a1803e38587","name":"Memurun Sesi Haber Merkezi","image":{"@type":"ImageObject","inLanguage":"tr","@id":"https:\/\/secure.gravatar.com\/avatar\/6cf0505f452ee753f485014986fab09a434671d2b919ee76fc541025c5876a70?s=96&d=mm&r=g","url":"https:\/\/secure.gravatar.com\/avatar\/6cf0505f452ee753f485014986fab09a434671d2b919ee76fc541025c5876a70?s=96&d=mm&r=g","contentUrl":"https:\/\/secure.gravatar.com\/avatar\/6cf0505f452ee753f485014986fab09a434671d2b919ee76fc541025c5876a70?s=96&d=mm&r=g","caption":"Memurun Sesi Haber Merkezi"},"sameAs":["https:\/\/memurunsesi.net"],"url":"https:\/\/memurunsesi.net\/index.php\/author\/uniper\/"}]}},"_links":{"self":[{"href":"https:\/\/memurunsesi.net\/index.php\/wp-json\/wp\/v2\/posts\/7624","targetHints":{"allow":["GET"]}}],"collection":[{"href":"https:\/\/memurunsesi.net\/index.php\/wp-json\/wp\/v2\/posts"}],"about":[{"href":"https:\/\/memurunsesi.net\/index.php\/wp-json\/wp\/v2\/types\/post"}],"author":[{"embeddable":true,"href":"https:\/\/memurunsesi.net\/index.php\/wp-json\/wp\/v2\/users\/1"}],"replies":[{"embeddable":true,"href":"https:\/\/memurunsesi.net\/index.php\/wp-json\/wp\/v2\/comments?post=7624"}],"version-history":[{"count":1,"href":"https:\/\/memurunsesi.net\/index.php\/wp-json\/wp\/v2\/posts\/7624\/revisions"}],"predecessor-version":[{"id":7626,"href":"https:\/\/memurunsesi.net\/index.php\/wp-json\/wp\/v2\/posts\/7624\/revisions\/7626"}],"wp:featuredmedia":[{"embeddable":true,"href":"https:\/\/memurunsesi.net\/index.php\/wp-json\/wp\/v2\/media\/7625"}],"wp:attachment":[{"href":"https:\/\/memurunsesi.net\/index.php\/wp-json\/wp\/v2\/media?parent=7624"}],"wp:term":[{"taxonomy":"category","embeddable":true,"href":"https:\/\/memurunsesi.net\/index.php\/wp-json\/wp\/v2\/categories?post=7624"},{"taxonomy":"post_tag","embeddable":true,"href":"https:\/\/memurunsesi.net\/index.php\/wp-json\/wp\/v2\/tags?post=7624"}],"curies":[{"name":"wp","href":"https:\/\/api.w.org\/{rel}","templated":true}]}}