{"id":7627,"date":"2025-06-04T08:01:38","date_gmt":"2025-06-04T05:01:38","guid":{"rendered":"https:\/\/memurunsesi.net\/?p=7627"},"modified":"2025-06-04T08:01:38","modified_gmt":"2025-06-04T05:01:38","slug":"10-yargi-paketi-kabul-edildi-ve-yasalasti","status":"publish","type":"post","link":"https:\/\/memurunsesi.net\/index.php\/2025\/06\/04\/10-yargi-paketi-kabul-edildi-ve-yasalasti\/","title":{"rendered":"10. Yarg\u0131 Paketi kabul edildi ve yasala\u015ft\u0131"},"content":{"rendered":"<p> 10. Yarg\u0131 Paketi olarak bilinen Ceza ve G\u00fcvenlik Tedbirlerinin \u0130nfaz\u0131 Hakk\u0131nda Kanun ve Baz\u0131 Kanunlarda De\u011fi\u015fiklik Yap\u0131lmas\u0131na dair Kanun Teklifi TBMM Genel Kurulu\u2019nda kabul edildi ve yasala\u015ft\u0131.<br \/>\n  Teklife g\u00f6re, noterlerin s\u0131fat ve g\u00f6revlerinin gereklerinin uymayan hal ve hareketlerinin tesit edilmesi halinde durumun niteli\u011fine g\u00f6re ceza verilmesi \u00f6ng\u00f6r\u00fcl\u00fcyor. Eylemin niteli\u011fine g\u00f6re uyarma, k\u0131nama, para cezas\u0131, ge\u00e7ici olarak i\u015ften \u00e7\u0131karma ve meslekten \u00e7\u0131karma olarak s\u0131ralan\u0131yor.<br \/>\n  Su\u00e7a te\u015febb\u00fcs halinde faile, a\u011f\u0131rla\u015ft\u0131r\u0131lm\u0131\u015f m\u00fcebbet yerine 13 y\u0131ldan 20 y\u0131la kadar hapis cezas\u0131 verilirken, bu s\u00fcre 14 y\u0131ldan 21 y\u0131la kadar; m\u00fcebbet yerine 9 y\u0131ldan 15 y\u0131la kadar hapis cezas\u0131 \u00f6ng\u00f6ren h\u00fck\u00fcmdeki s\u00fcre ise 10 y\u0131ldan 18 y\u0131la kadar \u015feklinde d\u00fczenleniyor.<br \/>\n  Kasten adam yaralama su\u00e7u 1 y\u0131l 6 aydan 3 y\u0131la kadar ceza alacak<br \/>\n  Kasten adam yaralama ma\u011fdurun duyular\u0131ndan veya organlar\u0131ndan birinin i\u015flevinin s\u00fcrekli zay\u0131flamas\u0131na, konu\u015fmas\u0131nda s\u00fcrekli zorlu\u011fa, y\u00fcz\u00fcnde sabit ize, ya\u015fam\u0131n\u0131 tehlikeye sokan bir duruma ve gebe bir kad\u0131na kar\u015f\u0131 i\u015flenip de \u00e7ocu\u011funun vaktinden \u00f6nce do\u011fmas\u0131na neden olmu\u015fsa verilecek hapis cezas\u0131n\u0131n alt s\u0131n\u0131r\u0131 3 y\u0131ldan 4 y\u0131la; kasten yaralaman\u0131n v\u00fccutta kemik k\u0131r\u0131lmas\u0131na veya \u00e7\u0131k\u0131\u011f\u0131na neden olmas\u0131 sonucu k\u0131r\u0131k veya \u00e7\u0131k\u0131\u011f\u0131n hayat fonksiyonlar\u0131ndaki etkisine g\u00f6re uygulanacak hapis cezas\u0131n\u0131n alt s\u0131n\u0131r\u0131 ise 5 y\u0131ldan 6 y\u0131la \u00e7\u0131kar\u0131l\u0131yor.<br \/>\n  Kasten yaralama fiili, ma\u011fdurun iyile\u015fme olana\u011f\u0131 bulunmayan bir hastal\u0131\u011fa veya bitkisel hayata girmesine, duyular\u0131ndan veya organlar\u0131ndan birinin i\u015flevinin yitirilmesine, konu\u015fma ya da \u00e7ocuk yapma yeteneklerinin kaybolmas\u0131na, y\u00fcz\u00fcn\u00fcn s\u00fcrekli de\u011fi\u015fikli\u011fine ve gebe bir kad\u0131na kar\u015f\u0131 i\u015flenip de \u00e7ocu\u011funun d\u00fc\u015fmesine neden olmas\u0131 halinde verilecek hapis cezas\u0131n\u0131n alt s\u0131n\u0131r\u0131 5 y\u0131ldan 6 y\u0131la; fiilin v\u00fccutta kemik k\u0131r\u0131lmas\u0131na veya \u00e7\u0131k\u0131\u011f\u0131na neden olmas\u0131 sonucu k\u0131r\u0131k veya \u00e7\u0131k\u0131\u011f\u0131n hayat fonksiyonlar\u0131ndaki etkisine g\u00f6re verilecek hapis cezas\u0131n\u0131n alt s\u0131n\u0131r\u0131 ise 8 y\u0131ldan 9 y\u0131la y\u00fckseltiliyor.<br \/>\n  Tehdit cezalar\u0131 alt\u0131 aydan iki y\u0131la kadar hapis cezas\u0131 olacak. Kad\u0131na kar\u015f\u0131 i\u015flenmesi halinde dokuz aydan az olamaz. Tehdidin silahla, su\u00e7 \u00f6rg\u00fct\u00fc veya benzeri olursa hapis cezas\u0131n\u0131n \u00fcst s\u0131n\u0131r\u0131 5 y\u0131ldan 7 y\u0131la \u00e7\u0131kar\u0131l\u0131yor.<br \/>\n  H\u00fck\u00fcml\u00fcn\u00fcn ko\u015fullu sal\u0131vermeden yararlanabilmesi i\u00e7in be\u015f g\u00fcnden az olmamak \u00fczere ko\u015fullu sal\u0131verme tarihine kadar infaz kurumunda ge\u00e7irmesi gereken s\u00fcrenin en az onda birini infaz kurumunda ge\u00e7irmesi gerekecek.<br \/>\n  Kad\u0131n, \u00e7ocuk veya 65 ya\u015f\u0131n\u0131 bitirmi\u015f ki\u015filer i\u00e7in bir y\u0131l olarak uygulanan konutta infaz s\u0131n\u0131r\u0131 \u00fc\u00e7 y\u0131la, 70 ya\u015f\u0131n\u0131 bitirenler i\u00e7in iki y\u0131l olarak uygulanan s\u00fcre d\u00f6rt y\u0131la, 75 ya\u015f\u0131n\u0131 bitirmi\u015f olan ki\u015filer i\u00e7in uygulanan d\u00f6rt y\u0131ll\u0131k s\u00fcre ise be\u015f y\u0131la y\u00fckseltilecek. Ayr\u0131ca 80 ya\u015f\u0131n\u0131 bitirmi\u015f ki\u015filerin cezalar\u0131n\u0131n alt\u0131 y\u0131l\u0131n\u0131 konutlar\u0131nda infaz edebilmesi de mevzuata girecek.<br \/>\n  A\u011f\u0131rla\u015ft\u0131r\u0131\u015fm\u0131\u015f m\u00fcebbet hapis cezas\u0131na mahkum olanlar hari\u00e7 olmak \u00fczere h\u00fck\u00fcml\u00fclerden, ceza infaz kurumu ko\u015fullar\u0131nda hayat\u0131n\u0131 yaln\u0131z idame ettiremeyece\u011fi tespit edilenlerin cezas\u0131n\u0131 konutunda \u00e7ekebilece\u011fine infaz hakimi taraf\u0131ndan karar verilecek.<br \/>\n  \u0130\u015f s\u00f6zle\u015fmeleri, i\u015f\u00e7inin mutad i\u015f yeri hukukunun emredici h\u00fck\u00fcmleri uyar\u0131nca sahip olaca\u011f\u0131 asgar\u00ee koruma sakl\u0131 kalmak \u00fczere, taraflar\u0131n s\u00f6zle\u015fmeyle belirledikleri hukuka t\u00e2bi olacak. <\/p>\n<p>  \u00c7ekilen maddeler<br \/>\n  Ses ve gaz fi\u015fe\u011fi atabilenler dahil silahla ate\u015f eden veya patlay\u0131c\u0131 madde kullananlar 1 y\u0131ldan 5 y\u0131la kadar hapis cezas\u0131yla cezaland\u0131r\u0131lacak.<br \/>\n  Trafikte yol kesme ve ula\u015f\u0131m ara\u00e7lar\u0131n\u0131n hareketini engelleme fiilleri daha etkin \u015fekilde cezaland\u0131r\u0131lacak. Cebir ve tehdit su\u00e7un unsuru olmaktan \u00e7\u0131kar\u0131larak, hukuka ayk\u0131r\u0131 her t\u00fcrl\u00fc yol kesme, ara\u00e7 durdurma, ka\u00e7\u0131rma veya al\u0131koyma eylemleri bu madde kapsam\u0131nda su\u00e7 say\u0131lacak.<br \/>\n  Genel g\u00fcvenli\u011fin kasten tehlikeye sokulmas\u0131 su\u00e7unun toplu alanlarda i\u015flenmesi h\u00e2li seri muhakeme usul\u00fc kapsam\u0131 d\u0131\u015f\u0131na \u00e7\u0131kar\u0131larak bu nitelikli fiillere daha ciddi ve cayd\u0131r\u0131c\u0131 \u015fekilde m\u00fcdahale edilmesi sa\u011flan\u0131yor.<br \/>\n  \u00c7ocuk h\u00fck\u00fcml\u00fclerin cezalar\u0131n\u0131n \u00f6nce \u00e7ocuk kapal\u0131 ceza infaz kurumlar\u0131nda infaz\u0131na ba\u015flanmas\u0131, ard\u0131ndan \u00e7ocuk e\u011fitim evlerine g\u00f6nderilmeleri \u00f6ng\u00f6r\u00fclerek infaz s\u00fcrecinde \u00e7ocuklara uygun bir ge\u00e7i\u015f s\u00fcreci sa\u011flan\u0131yor.<br \/>\n  \u00c7ocuk h\u00fck\u00fcml\u00fclerin cezalar\u0131na \u00e7ocuk kapal\u0131 ceza infaz kurumlar\u0131nda ba\u015flanmas\u0131 ve iyi h\u00e2l de\u011ferlendirmesi sonucuna g\u00f6re \u00e7ocuk e\u011fitim evine ge\u00e7i\u015fleri sa\u011flan\u0131yor.<br \/>\n  Bilgi Teknolojileri Kurumu\u2019nun yetkilerine ili\u015fkin maddeler bulunuyor. Payla\u015f\u0131lan bir i\u00e7eri\u011fin internet ortam\u0131ndan \u00e7\u0131kar\u0131lmas\u0131n\u0131 ihtiva ediyor.<br \/>\n  Yay\u0131n i\u00e7eri\u011fi nedeniyle ki\u015filik haklar\u0131n\u0131n ihlal edildi\u011fini iddia eden ki\u015filer taraf\u0131ndan i\u00e7eri\u011fin \u00e7\u0131kar\u0131lmas\u0131 i\u00e7in sulh ceza hakimli\u011fine ba\u015fvurabilir. Sulh ceza h\u00e2kimli\u011fince, ayr\u0131nt\u0131l\u0131 bir inceleme yap\u0131lmas\u0131na gerek olmaks\u0131z\u0131n ihlalin ilk ve\/veya eri\u015fimin engellenmesi karar\u0131 verilir. Yay\u0131n i\u00e7eri\u011fi nedeniyle ki\u015filik haklar\u0131n\u0131n ihlal edildi\u011fini iddia eden ki\u015filerin talep etmesi durumunda sulh ceza h\u00e2kimli\u011fince, ayr\u0131nt\u0131l\u0131 bir inceleme yap\u0131lmas\u0131na gerek olmaks\u0131z\u0131n ihlalin ilk bak\u0131\u015fta anla\u015f\u0131labildi\u011fi h\u00e2llerde ba\u015fvuran\u0131n ad\u0131n\u0131n ihlale konu internet adresleriyle ili\u015fkilendirilmemesine karar verilir. Kararda bildirim yap\u0131lacak arama motorlar\u0131na yer verilir.  <\/p>\n<p>4.06.2025                           <\/p>\n","protected":false},"excerpt":{"rendered":"<p>10. Yarg\u0131 Paketi olarak bilinen Ceza ve G\u00fcvenlik Tedbirlerinin \u0130nfaz\u0131 Hakk\u0131nda Kanun ve Baz\u0131 Kanunlarda De\u011fi\u015fiklik Yap\u0131lmas\u0131na dair Kanun Teklifi TBMM Genel Kurulu\u2019nda kabul edildi ve yasala\u015ft\u0131. Teklife g\u00f6re, noterlerin s\u0131fat ve g\u00f6revlerinin gereklerinin uymayan hal ve hareketlerinin tesit edilmesi halinde durumun niteli\u011fine g\u00f6re ceza verilmesi \u00f6ng\u00f6r\u00fcl\u00fcyor. Eylemin niteli\u011fine g\u00f6re uyarma, k\u0131nama, para cezas\u0131, ge\u00e7ici [&hellip;]<\/p>\n","protected":false},"author":1,"featured_media":0,"comment_status":"open","ping_status":"open","sticky":false,"template":"","format":"standard","meta":{"footnotes":""},"categories":[50],"tags":[],"class_list":["post-7627","post","type-post","status-publish","format-standard","hentry","category-tum-haberler"],"yoast_head":"<!-- This site is optimized with the Yoast SEO plugin v27.4 - https:\/\/yoast.com\/product\/yoast-seo-wordpress\/ -->\n<title>10. Yarg\u0131 Paketi kabul edildi ve yasala\u015ft\u0131 - Memurun Sesi<\/title>\n<meta name=\"robots\" content=\"index, follow, max-snippet:-1, max-image-preview:large, max-video-preview:-1\" \/>\n<link rel=\"canonical\" href=\"https:\/\/memurunsesi.net\/index.php\/2025\/06\/04\/10-yargi-paketi-kabul-edildi-ve-yasalasti\/\" \/>\n<meta property=\"og:locale\" content=\"tr_TR\" \/>\n<meta property=\"og:type\" content=\"article\" \/>\n<meta property=\"og:title\" content=\"10. Yarg\u0131 Paketi kabul edildi ve yasala\u015ft\u0131 - Memurun Sesi\" \/>\n<meta property=\"og:description\" content=\"10. Yarg\u0131 Paketi olarak bilinen Ceza ve G\u00fcvenlik Tedbirlerinin \u0130nfaz\u0131 Hakk\u0131nda Kanun ve Baz\u0131 Kanunlarda De\u011fi\u015fiklik Yap\u0131lmas\u0131na dair Kanun Teklifi TBMM Genel Kurulu\u2019nda kabul edildi ve yasala\u015ft\u0131. Teklife g\u00f6re, noterlerin s\u0131fat ve g\u00f6revlerinin gereklerinin uymayan hal ve hareketlerinin tesit edilmesi halinde durumun niteli\u011fine g\u00f6re ceza verilmesi \u00f6ng\u00f6r\u00fcl\u00fcyor. Eylemin niteli\u011fine g\u00f6re uyarma, k\u0131nama, para cezas\u0131, ge\u00e7ici [&hellip;]\" \/>\n<meta property=\"og:url\" content=\"https:\/\/memurunsesi.net\/index.php\/2025\/06\/04\/10-yargi-paketi-kabul-edildi-ve-yasalasti\/\" \/>\n<meta property=\"og:site_name\" content=\"Memurun Sesi\" \/>\n<meta property=\"article:publisher\" content=\"https:\/\/www.facebook.com\/unipersen\/?locale=tr_TR\" \/>\n<meta property=\"article:published_time\" content=\"2025-06-04T05:01:38+00:00\" \/>\n<meta name=\"author\" content=\"Memurun Sesi Haber Merkezi\" \/>\n<meta name=\"twitter:card\" content=\"summary_large_image\" \/>\n<meta name=\"twitter:creator\" content=\"@unipersen\" \/>\n<meta name=\"twitter:site\" content=\"@unipersen\" \/>\n<meta name=\"twitter:label1\" content=\"Yazan:\" \/>\n\t<meta name=\"twitter:data1\" content=\"Memurun Sesi Haber Merkezi\" \/>\n<script type=\"application\/ld+json\" class=\"yoast-schema-graph\">{\"@context\":\"https:\\\/\\\/schema.org\",\"@graph\":[{\"@type\":\"Article\",\"@id\":\"https:\\\/\\\/memurunsesi.net\\\/index.php\\\/2025\\\/06\\\/04\\\/10-yargi-paketi-kabul-edildi-ve-yasalasti\\\/#article\",\"isPartOf\":{\"@id\":\"https:\\\/\\\/memurunsesi.net\\\/index.php\\\/2025\\\/06\\\/04\\\/10-yargi-paketi-kabul-edildi-ve-yasalasti\\\/\"},\"author\":{\"name\":\"Memurun Sesi Haber Merkezi\",\"@id\":\"https:\\\/\\\/memurunsesi.net\\\/#\\\/schema\\\/person\\\/f21c2d73b89f6ee1d80b0a1803e38587\"},\"headline\":\"10. Yarg\u0131 Paketi kabul edildi ve yasala\u015ft\u0131\",\"datePublished\":\"2025-06-04T05:01:38+00:00\",\"mainEntityOfPage\":{\"@id\":\"https:\\\/\\\/memurunsesi.net\\\/index.php\\\/2025\\\/06\\\/04\\\/10-yargi-paketi-kabul-edildi-ve-yasalasti\\\/\"},\"wordCount\":982,\"commentCount\":0,\"publisher\":{\"@id\":\"https:\\\/\\\/memurunsesi.net\\\/#organization\"},\"articleSection\":[\"T\u00fcm Haberler\"],\"inLanguage\":\"tr\",\"potentialAction\":[{\"@type\":\"CommentAction\",\"name\":\"Comment\",\"target\":[\"https:\\\/\\\/memurunsesi.net\\\/index.php\\\/2025\\\/06\\\/04\\\/10-yargi-paketi-kabul-edildi-ve-yasalasti\\\/#respond\"]}]},{\"@type\":\"WebPage\",\"@id\":\"https:\\\/\\\/memurunsesi.net\\\/index.php\\\/2025\\\/06\\\/04\\\/10-yargi-paketi-kabul-edildi-ve-yasalasti\\\/\",\"url\":\"https:\\\/\\\/memurunsesi.net\\\/index.php\\\/2025\\\/06\\\/04\\\/10-yargi-paketi-kabul-edildi-ve-yasalasti\\\/\",\"name\":\"10. Yarg\u0131 Paketi kabul edildi ve yasala\u015ft\u0131 - Memurun Sesi\",\"isPartOf\":{\"@id\":\"https:\\\/\\\/memurunsesi.net\\\/#website\"},\"datePublished\":\"2025-06-04T05:01:38+00:00\",\"breadcrumb\":{\"@id\":\"https:\\\/\\\/memurunsesi.net\\\/index.php\\\/2025\\\/06\\\/04\\\/10-yargi-paketi-kabul-edildi-ve-yasalasti\\\/#breadcrumb\"},\"inLanguage\":\"tr\",\"potentialAction\":[{\"@type\":\"ReadAction\",\"target\":[\"https:\\\/\\\/memurunsesi.net\\\/index.php\\\/2025\\\/06\\\/04\\\/10-yargi-paketi-kabul-edildi-ve-yasalasti\\\/\"]}]},{\"@type\":\"BreadcrumbList\",\"@id\":\"https:\\\/\\\/memurunsesi.net\\\/index.php\\\/2025\\\/06\\\/04\\\/10-yargi-paketi-kabul-edildi-ve-yasalasti\\\/#breadcrumb\",\"itemListElement\":[{\"@type\":\"ListItem\",\"position\":1,\"name\":\"Anasayfa\",\"item\":\"https:\\\/\\\/memurunsesi.net\\\/\"},{\"@type\":\"ListItem\",\"position\":2,\"name\":\"10. Yarg\u0131 Paketi kabul edildi ve yasala\u015ft\u0131\"}]},{\"@type\":\"WebSite\",\"@id\":\"https:\\\/\\\/memurunsesi.net\\\/#website\",\"url\":\"https:\\\/\\\/memurunsesi.net\\\/\",\"name\":\"Memurun Sesi\",\"description\":\"G\u00fcncel ve Do\u011fru Haber\",\"publisher\":{\"@id\":\"https:\\\/\\\/memurunsesi.net\\\/#organization\"},\"potentialAction\":[{\"@type\":\"SearchAction\",\"target\":{\"@type\":\"EntryPoint\",\"urlTemplate\":\"https:\\\/\\\/memurunsesi.net\\\/?s={search_term_string}\"},\"query-input\":{\"@type\":\"PropertyValueSpecification\",\"valueRequired\":true,\"valueName\":\"search_term_string\"}}],\"inLanguage\":\"tr\"},{\"@type\":\"Organization\",\"@id\":\"https:\\\/\\\/memurunsesi.net\\\/#organization\",\"name\":\"Memurun Sesi\",\"url\":\"https:\\\/\\\/memurunsesi.net\\\/\",\"logo\":{\"@type\":\"ImageObject\",\"inLanguage\":\"tr\",\"@id\":\"https:\\\/\\\/memurunsesi.net\\\/#\\\/schema\\\/logo\\\/image\\\/\",\"url\":\"https:\\\/\\\/memurunsesi.net\\\/wp-content\\\/uploads\\\/2025\\\/11\\\/cropped-MEMURUN-SESI.png\",\"contentUrl\":\"https:\\\/\\\/memurunsesi.net\\\/wp-content\\\/uploads\\\/2025\\\/11\\\/cropped-MEMURUN-SESI.png\",\"width\":238,\"height\":57,\"caption\":\"Memurun Sesi\"},\"image\":{\"@id\":\"https:\\\/\\\/memurunsesi.net\\\/#\\\/schema\\\/logo\\\/image\\\/\"},\"sameAs\":[\"https:\\\/\\\/www.facebook.com\\\/unipersen\\\/?locale=tr_TR\",\"https:\\\/\\\/x.com\\\/unipersen\"]},{\"@type\":\"Person\",\"@id\":\"https:\\\/\\\/memurunsesi.net\\\/#\\\/schema\\\/person\\\/f21c2d73b89f6ee1d80b0a1803e38587\",\"name\":\"Memurun Sesi Haber Merkezi\",\"image\":{\"@type\":\"ImageObject\",\"inLanguage\":\"tr\",\"@id\":\"https:\\\/\\\/secure.gravatar.com\\\/avatar\\\/6cf0505f452ee753f485014986fab09a434671d2b919ee76fc541025c5876a70?s=96&d=mm&r=g\",\"url\":\"https:\\\/\\\/secure.gravatar.com\\\/avatar\\\/6cf0505f452ee753f485014986fab09a434671d2b919ee76fc541025c5876a70?s=96&d=mm&r=g\",\"contentUrl\":\"https:\\\/\\\/secure.gravatar.com\\\/avatar\\\/6cf0505f452ee753f485014986fab09a434671d2b919ee76fc541025c5876a70?s=96&d=mm&r=g\",\"caption\":\"Memurun Sesi Haber Merkezi\"},\"sameAs\":[\"https:\\\/\\\/memurunsesi.net\"],\"url\":\"https:\\\/\\\/memurunsesi.net\\\/index.php\\\/author\\\/uniper\\\/\"}]}<\/script>\n<!-- \/ Yoast SEO plugin. -->","yoast_head_json":{"title":"10. Yarg\u0131 Paketi kabul edildi ve yasala\u015ft\u0131 - Memurun Sesi","robots":{"index":"index","follow":"follow","max-snippet":"max-snippet:-1","max-image-preview":"max-image-preview:large","max-video-preview":"max-video-preview:-1"},"canonical":"https:\/\/memurunsesi.net\/index.php\/2025\/06\/04\/10-yargi-paketi-kabul-edildi-ve-yasalasti\/","og_locale":"tr_TR","og_type":"article","og_title":"10. Yarg\u0131 Paketi kabul edildi ve yasala\u015ft\u0131 - Memurun Sesi","og_description":"10. Yarg\u0131 Paketi olarak bilinen Ceza ve G\u00fcvenlik Tedbirlerinin \u0130nfaz\u0131 Hakk\u0131nda Kanun ve Baz\u0131 Kanunlarda De\u011fi\u015fiklik Yap\u0131lmas\u0131na dair Kanun Teklifi TBMM Genel Kurulu\u2019nda kabul edildi ve yasala\u015ft\u0131. Teklife g\u00f6re, noterlerin s\u0131fat ve g\u00f6revlerinin gereklerinin uymayan hal ve hareketlerinin tesit edilmesi halinde durumun niteli\u011fine g\u00f6re ceza verilmesi \u00f6ng\u00f6r\u00fcl\u00fcyor. Eylemin niteli\u011fine g\u00f6re uyarma, k\u0131nama, para cezas\u0131, ge\u00e7ici [&hellip;]","og_url":"https:\/\/memurunsesi.net\/index.php\/2025\/06\/04\/10-yargi-paketi-kabul-edildi-ve-yasalasti\/","og_site_name":"Memurun Sesi","article_publisher":"https:\/\/www.facebook.com\/unipersen\/?locale=tr_TR","article_published_time":"2025-06-04T05:01:38+00:00","author":"Memurun Sesi Haber Merkezi","twitter_card":"summary_large_image","twitter_creator":"@unipersen","twitter_site":"@unipersen","twitter_misc":{"Yazan:":"Memurun Sesi Haber Merkezi"},"schema":{"@context":"https:\/\/schema.org","@graph":[{"@type":"Article","@id":"https:\/\/memurunsesi.net\/index.php\/2025\/06\/04\/10-yargi-paketi-kabul-edildi-ve-yasalasti\/#article","isPartOf":{"@id":"https:\/\/memurunsesi.net\/index.php\/2025\/06\/04\/10-yargi-paketi-kabul-edildi-ve-yasalasti\/"},"author":{"name":"Memurun Sesi Haber Merkezi","@id":"https:\/\/memurunsesi.net\/#\/schema\/person\/f21c2d73b89f6ee1d80b0a1803e38587"},"headline":"10. Yarg\u0131 Paketi kabul edildi ve yasala\u015ft\u0131","datePublished":"2025-06-04T05:01:38+00:00","mainEntityOfPage":{"@id":"https:\/\/memurunsesi.net\/index.php\/2025\/06\/04\/10-yargi-paketi-kabul-edildi-ve-yasalasti\/"},"wordCount":982,"commentCount":0,"publisher":{"@id":"https:\/\/memurunsesi.net\/#organization"},"articleSection":["T\u00fcm Haberler"],"inLanguage":"tr","potentialAction":[{"@type":"CommentAction","name":"Comment","target":["https:\/\/memurunsesi.net\/index.php\/2025\/06\/04\/10-yargi-paketi-kabul-edildi-ve-yasalasti\/#respond"]}]},{"@type":"WebPage","@id":"https:\/\/memurunsesi.net\/index.php\/2025\/06\/04\/10-yargi-paketi-kabul-edildi-ve-yasalasti\/","url":"https:\/\/memurunsesi.net\/index.php\/2025\/06\/04\/10-yargi-paketi-kabul-edildi-ve-yasalasti\/","name":"10. Yarg\u0131 Paketi kabul edildi ve yasala\u015ft\u0131 - Memurun Sesi","isPartOf":{"@id":"https:\/\/memurunsesi.net\/#website"},"datePublished":"2025-06-04T05:01:38+00:00","breadcrumb":{"@id":"https:\/\/memurunsesi.net\/index.php\/2025\/06\/04\/10-yargi-paketi-kabul-edildi-ve-yasalasti\/#breadcrumb"},"inLanguage":"tr","potentialAction":[{"@type":"ReadAction","target":["https:\/\/memurunsesi.net\/index.php\/2025\/06\/04\/10-yargi-paketi-kabul-edildi-ve-yasalasti\/"]}]},{"@type":"BreadcrumbList","@id":"https:\/\/memurunsesi.net\/index.php\/2025\/06\/04\/10-yargi-paketi-kabul-edildi-ve-yasalasti\/#breadcrumb","itemListElement":[{"@type":"ListItem","position":1,"name":"Anasayfa","item":"https:\/\/memurunsesi.net\/"},{"@type":"ListItem","position":2,"name":"10. Yarg\u0131 Paketi kabul edildi ve yasala\u015ft\u0131"}]},{"@type":"WebSite","@id":"https:\/\/memurunsesi.net\/#website","url":"https:\/\/memurunsesi.net\/","name":"Memurun Sesi","description":"G\u00fcncel ve Do\u011fru Haber","publisher":{"@id":"https:\/\/memurunsesi.net\/#organization"},"potentialAction":[{"@type":"SearchAction","target":{"@type":"EntryPoint","urlTemplate":"https:\/\/memurunsesi.net\/?s={search_term_string}"},"query-input":{"@type":"PropertyValueSpecification","valueRequired":true,"valueName":"search_term_string"}}],"inLanguage":"tr"},{"@type":"Organization","@id":"https:\/\/memurunsesi.net\/#organization","name":"Memurun Sesi","url":"https:\/\/memurunsesi.net\/","logo":{"@type":"ImageObject","inLanguage":"tr","@id":"https:\/\/memurunsesi.net\/#\/schema\/logo\/image\/","url":"https:\/\/memurunsesi.net\/wp-content\/uploads\/2025\/11\/cropped-MEMURUN-SESI.png","contentUrl":"https:\/\/memurunsesi.net\/wp-content\/uploads\/2025\/11\/cropped-MEMURUN-SESI.png","width":238,"height":57,"caption":"Memurun Sesi"},"image":{"@id":"https:\/\/memurunsesi.net\/#\/schema\/logo\/image\/"},"sameAs":["https:\/\/www.facebook.com\/unipersen\/?locale=tr_TR","https:\/\/x.com\/unipersen"]},{"@type":"Person","@id":"https:\/\/memurunsesi.net\/#\/schema\/person\/f21c2d73b89f6ee1d80b0a1803e38587","name":"Memurun Sesi Haber Merkezi","image":{"@type":"ImageObject","inLanguage":"tr","@id":"https:\/\/secure.gravatar.com\/avatar\/6cf0505f452ee753f485014986fab09a434671d2b919ee76fc541025c5876a70?s=96&d=mm&r=g","url":"https:\/\/secure.gravatar.com\/avatar\/6cf0505f452ee753f485014986fab09a434671d2b919ee76fc541025c5876a70?s=96&d=mm&r=g","contentUrl":"https:\/\/secure.gravatar.com\/avatar\/6cf0505f452ee753f485014986fab09a434671d2b919ee76fc541025c5876a70?s=96&d=mm&r=g","caption":"Memurun Sesi Haber Merkezi"},"sameAs":["https:\/\/memurunsesi.net"],"url":"https:\/\/memurunsesi.net\/index.php\/author\/uniper\/"}]}},"_links":{"self":[{"href":"https:\/\/memurunsesi.net\/index.php\/wp-json\/wp\/v2\/posts\/7627","targetHints":{"allow":["GET"]}}],"collection":[{"href":"https:\/\/memurunsesi.net\/index.php\/wp-json\/wp\/v2\/posts"}],"about":[{"href":"https:\/\/memurunsesi.net\/index.php\/wp-json\/wp\/v2\/types\/post"}],"author":[{"embeddable":true,"href":"https:\/\/memurunsesi.net\/index.php\/wp-json\/wp\/v2\/users\/1"}],"replies":[{"embeddable":true,"href":"https:\/\/memurunsesi.net\/index.php\/wp-json\/wp\/v2\/comments?post=7627"}],"version-history":[{"count":1,"href":"https:\/\/memurunsesi.net\/index.php\/wp-json\/wp\/v2\/posts\/7627\/revisions"}],"predecessor-version":[{"id":7628,"href":"https:\/\/memurunsesi.net\/index.php\/wp-json\/wp\/v2\/posts\/7627\/revisions\/7628"}],"wp:attachment":[{"href":"https:\/\/memurunsesi.net\/index.php\/wp-json\/wp\/v2\/media?parent=7627"}],"wp:term":[{"taxonomy":"category","embeddable":true,"href":"https:\/\/memurunsesi.net\/index.php\/wp-json\/wp\/v2\/categories?post=7627"},{"taxonomy":"post_tag","embeddable":true,"href":"https:\/\/memurunsesi.net\/index.php\/wp-json\/wp\/v2\/tags?post=7627"}],"curies":[{"name":"wp","href":"https:\/\/api.w.org\/{rel}","templated":true}]}}