{"id":7750,"date":"2025-06-07T09:21:57","date_gmt":"2025-06-07T06:21:57","guid":{"rendered":"https:\/\/memurunsesi.net\/?p=7750"},"modified":"2025-06-07T09:21:57","modified_gmt":"2025-06-07T06:21:57","slug":"bayram-tatilini-firsat-bilen-vatandaslar-dogal-kaynak-suyunda-yuzerek-serinledi","status":"publish","type":"post","link":"https:\/\/memurunsesi.net\/index.php\/2025\/06\/07\/bayram-tatilini-firsat-bilen-vatandaslar-dogal-kaynak-suyunda-yuzerek-serinledi\/","title":{"rendered":"Bayram tatilini f\u0131rsat bilen vatanda\u015flar, do\u011fal kaynak suyunda y\u00fczerek serinledi"},"content":{"rendered":"<p>  Hatay&#8217;da a\u015f\u0131r\u0131 s\u0131caktan ka\u00e7an ve bayram tatilini f\u0131rsat bilen vatanda\u015flar, do\u011fal kaynak suyunda y\u00fczerek serinledi.<br \/>\nS\u0131cak havalar\u0131n etkili oldu\u011fu Hatay&#8217;da termometreler g\u00fcn i\u00e7erisinde 40 dereceyi buluyor. Kurban Bayram\u0131 tatilinde s\u0131cak havadan bunalan vatanda\u015flar, \u0130skenderun il\u00e7esi Sar\u0131seki Mahallesi&#8217;ndeki do\u011fal kaynak suyunda serinledi. Y\u0131llardan beri akmaya devam eden kaynak suyu, s\u0131caktan bunalanlar\u0131n u\u011frak noktas\u0131 oluyor. <\/p>\n<p>  &#8220;Bilmeyenler varsa gelmelerini tavsiye ederim&#8221;<br \/>\n  S\u0131caktan ka\u00e7arak do\u011fal kaynak suyunda serinleyen 21 ya\u015f\u0131ndaki Kaan \u00d6zen, &#8220;\u0130stanbul&#8217;dan geliyorum. Sabah bayram namaz\u0131n\u0131 k\u0131ld\u0131ktan sonra kurban kesmeye gittik. Oradan da malum, hava \u00e7ok s\u0131cak oldu\u011fu i\u00e7in Hatay&#8217;a, buraya y\u00fczmeye geldik. Buras\u0131 Sar\u0131seki \u0131l\u0131ca ger\u00e7ekten \u00e7ok g\u00fczel. Bilmeyenler varsa gelmelerini tavsiye ederim. Hava ger\u00e7ekten \u00e7ok s\u0131cak&#8221; ifadelerini kulland\u0131. <\/p>\n<p>7.06.2025                               <\/p>\n","protected":false},"excerpt":{"rendered":"<p>Hatay&#8217;da a\u015f\u0131r\u0131 s\u0131caktan ka\u00e7an ve bayram tatilini f\u0131rsat bilen vatanda\u015flar, do\u011fal kaynak suyunda y\u00fczerek serinledi. S\u0131cak havalar\u0131n etkili oldu\u011fu Hatay&#8217;da termometreler g\u00fcn i\u00e7erisinde 40 dereceyi buluyor. Kurban Bayram\u0131 tatilinde s\u0131cak havadan bunalan vatanda\u015flar, \u0130skenderun il\u00e7esi Sar\u0131seki Mahallesi&#8217;ndeki do\u011fal kaynak suyunda serinledi. Y\u0131llardan beri akmaya devam eden kaynak suyu, s\u0131caktan bunalanlar\u0131n u\u011frak noktas\u0131 oluyor. &#8220;Bilmeyenler varsa [&hellip;]<\/p>\n","protected":false},"author":1,"featured_media":7751,"comment_status":"open","ping_status":"open","sticky":false,"template":"","format":"standard","meta":{"footnotes":""},"categories":[1],"tags":[],"class_list":["post-7750","post","type-post","status-publish","format-standard","has-post-thumbnail","hentry","category-genel"],"yoast_head":"<!-- This site is optimized with the Yoast SEO plugin v27.4 - https:\/\/yoast.com\/product\/yoast-seo-wordpress\/ -->\n<title>Bayram tatilini f\u0131rsat bilen vatanda\u015flar, do\u011fal kaynak suyunda y\u00fczerek serinledi - Memurun Sesi<\/title>\n<meta name=\"robots\" content=\"index, follow, max-snippet:-1, max-image-preview:large, max-video-preview:-1\" \/>\n<link rel=\"canonical\" href=\"https:\/\/memurunsesi.net\/index.php\/2025\/06\/07\/bayram-tatilini-firsat-bilen-vatandaslar-dogal-kaynak-suyunda-yuzerek-serinledi\/\" \/>\n<meta property=\"og:locale\" content=\"tr_TR\" \/>\n<meta property=\"og:type\" content=\"article\" \/>\n<meta property=\"og:title\" content=\"Bayram tatilini f\u0131rsat bilen vatanda\u015flar, do\u011fal kaynak suyunda y\u00fczerek serinledi - Memurun Sesi\" \/>\n<meta property=\"og:description\" content=\"Hatay&#8217;da a\u015f\u0131r\u0131 s\u0131caktan ka\u00e7an ve bayram tatilini f\u0131rsat bilen vatanda\u015flar, do\u011fal kaynak suyunda y\u00fczerek serinledi. S\u0131cak havalar\u0131n etkili oldu\u011fu Hatay&#8217;da termometreler g\u00fcn i\u00e7erisinde 40 dereceyi buluyor. Kurban Bayram\u0131 tatilinde s\u0131cak havadan bunalan vatanda\u015flar, \u0130skenderun il\u00e7esi Sar\u0131seki Mahallesi&#8217;ndeki do\u011fal kaynak suyunda serinledi. Y\u0131llardan beri akmaya devam eden kaynak suyu, s\u0131caktan bunalanlar\u0131n u\u011frak noktas\u0131 oluyor. &#8220;Bilmeyenler varsa [&hellip;]\" \/>\n<meta property=\"og:url\" content=\"https:\/\/memurunsesi.net\/index.php\/2025\/06\/07\/bayram-tatilini-firsat-bilen-vatandaslar-dogal-kaynak-suyunda-yuzerek-serinledi\/\" \/>\n<meta property=\"og:site_name\" content=\"Memurun Sesi\" \/>\n<meta property=\"article:publisher\" content=\"https:\/\/www.facebook.com\/unipersen\/?locale=tr_TR\" \/>\n<meta property=\"article:published_time\" content=\"2025-06-07T06:21:57+00:00\" \/>\n<meta property=\"og:image\" content=\"https:\/\/memurunsesi.net\/wp-content\/uploads\/2025\/06\/AW471759_01-scaled.jpg\" \/>\n\t<meta property=\"og:image:width\" content=\"2560\" \/>\n\t<meta property=\"og:image:height\" content=\"1440\" \/>\n\t<meta property=\"og:image:type\" content=\"image\/jpeg\" \/>\n<meta name=\"author\" content=\"Memurun Sesi Haber Merkezi\" \/>\n<meta name=\"twitter:card\" content=\"summary_large_image\" \/>\n<meta name=\"twitter:creator\" content=\"@unipersen\" \/>\n<meta name=\"twitter:site\" content=\"@unipersen\" \/>\n<meta name=\"twitter:label1\" content=\"Yazan:\" \/>\n\t<meta name=\"twitter:data1\" content=\"Memurun Sesi Haber Merkezi\" \/>\n\t<meta name=\"twitter:label2\" content=\"Tahmini okuma s\u00fcresi\" \/>\n\t<meta name=\"twitter:data2\" content=\"1 dakika\" \/>\n<script type=\"application\/ld+json\" class=\"yoast-schema-graph\">{\"@context\":\"https:\\\/\\\/schema.org\",\"@graph\":[{\"@type\":\"Article\",\"@id\":\"https:\\\/\\\/memurunsesi.net\\\/index.php\\\/2025\\\/06\\\/07\\\/bayram-tatilini-firsat-bilen-vatandaslar-dogal-kaynak-suyunda-yuzerek-serinledi\\\/#article\",\"isPartOf\":{\"@id\":\"https:\\\/\\\/memurunsesi.net\\\/index.php\\\/2025\\\/06\\\/07\\\/bayram-tatilini-firsat-bilen-vatandaslar-dogal-kaynak-suyunda-yuzerek-serinledi\\\/\"},\"author\":{\"name\":\"Memurun Sesi Haber Merkezi\",\"@id\":\"https:\\\/\\\/memurunsesi.net\\\/#\\\/schema\\\/person\\\/f21c2d73b89f6ee1d80b0a1803e38587\"},\"headline\":\"Bayram tatilini f\u0131rsat bilen vatanda\u015flar, do\u011fal kaynak suyunda y\u00fczerek serinledi\",\"datePublished\":\"2025-06-07T06:21:57+00:00\",\"mainEntityOfPage\":{\"@id\":\"https:\\\/\\\/memurunsesi.net\\\/index.php\\\/2025\\\/06\\\/07\\\/bayram-tatilini-firsat-bilen-vatandaslar-dogal-kaynak-suyunda-yuzerek-serinledi\\\/\"},\"wordCount\":162,\"commentCount\":0,\"publisher\":{\"@id\":\"https:\\\/\\\/memurunsesi.net\\\/#organization\"},\"image\":{\"@id\":\"https:\\\/\\\/memurunsesi.net\\\/index.php\\\/2025\\\/06\\\/07\\\/bayram-tatilini-firsat-bilen-vatandaslar-dogal-kaynak-suyunda-yuzerek-serinledi\\\/#primaryimage\"},\"thumbnailUrl\":\"https:\\\/\\\/memurunsesi.net\\\/wp-content\\\/uploads\\\/2025\\\/06\\\/AW471759_01-scaled.jpg\",\"inLanguage\":\"tr\",\"potentialAction\":[{\"@type\":\"CommentAction\",\"name\":\"Comment\",\"target\":[\"https:\\\/\\\/memurunsesi.net\\\/index.php\\\/2025\\\/06\\\/07\\\/bayram-tatilini-firsat-bilen-vatandaslar-dogal-kaynak-suyunda-yuzerek-serinledi\\\/#respond\"]}]},{\"@type\":\"WebPage\",\"@id\":\"https:\\\/\\\/memurunsesi.net\\\/index.php\\\/2025\\\/06\\\/07\\\/bayram-tatilini-firsat-bilen-vatandaslar-dogal-kaynak-suyunda-yuzerek-serinledi\\\/\",\"url\":\"https:\\\/\\\/memurunsesi.net\\\/index.php\\\/2025\\\/06\\\/07\\\/bayram-tatilini-firsat-bilen-vatandaslar-dogal-kaynak-suyunda-yuzerek-serinledi\\\/\",\"name\":\"Bayram tatilini f\u0131rsat bilen vatanda\u015flar, do\u011fal kaynak suyunda y\u00fczerek serinledi - Memurun Sesi\",\"isPartOf\":{\"@id\":\"https:\\\/\\\/memurunsesi.net\\\/#website\"},\"primaryImageOfPage\":{\"@id\":\"https:\\\/\\\/memurunsesi.net\\\/index.php\\\/2025\\\/06\\\/07\\\/bayram-tatilini-firsat-bilen-vatandaslar-dogal-kaynak-suyunda-yuzerek-serinledi\\\/#primaryimage\"},\"image\":{\"@id\":\"https:\\\/\\\/memurunsesi.net\\\/index.php\\\/2025\\\/06\\\/07\\\/bayram-tatilini-firsat-bilen-vatandaslar-dogal-kaynak-suyunda-yuzerek-serinledi\\\/#primaryimage\"},\"thumbnailUrl\":\"https:\\\/\\\/memurunsesi.net\\\/wp-content\\\/uploads\\\/2025\\\/06\\\/AW471759_01-scaled.jpg\",\"datePublished\":\"2025-06-07T06:21:57+00:00\",\"breadcrumb\":{\"@id\":\"https:\\\/\\\/memurunsesi.net\\\/index.php\\\/2025\\\/06\\\/07\\\/bayram-tatilini-firsat-bilen-vatandaslar-dogal-kaynak-suyunda-yuzerek-serinledi\\\/#breadcrumb\"},\"inLanguage\":\"tr\",\"potentialAction\":[{\"@type\":\"ReadAction\",\"target\":[\"https:\\\/\\\/memurunsesi.net\\\/index.php\\\/2025\\\/06\\\/07\\\/bayram-tatilini-firsat-bilen-vatandaslar-dogal-kaynak-suyunda-yuzerek-serinledi\\\/\"]}]},{\"@type\":\"ImageObject\",\"inLanguage\":\"tr\",\"@id\":\"https:\\\/\\\/memurunsesi.net\\\/index.php\\\/2025\\\/06\\\/07\\\/bayram-tatilini-firsat-bilen-vatandaslar-dogal-kaynak-suyunda-yuzerek-serinledi\\\/#primaryimage\",\"url\":\"https:\\\/\\\/memurunsesi.net\\\/wp-content\\\/uploads\\\/2025\\\/06\\\/AW471759_01-scaled.jpg\",\"contentUrl\":\"https:\\\/\\\/memurunsesi.net\\\/wp-content\\\/uploads\\\/2025\\\/06\\\/AW471759_01-scaled.jpg\",\"width\":2560,\"height\":1440,\"caption\":\"HAVA SICAKLI\u011eININ G\u00dcN \u0130\u00c7ER\u0130S\u0130NDE 37 DERECEN\u0130N \u00dcZER\u0130NE \u00c7IKTI\u011eI HATAY'DA BAYRAM TAT\u0130L\u0130N\u0130 FIRSAT B\u0130LEN VATANDA\u015eLAR, DO\u011eAL KAYNAK SUYUNA G\u0130REREK SER\u0130NLEMEKTE BULDU. (OG\u00dcN ASLAN\\\/HATAY-\u0130HA) Hatay'da a\u015f\u0131r\u0131 s\u0131caktan ka\u00e7an ve bayram tatilini f\u0131rsat bilen vatanda\u015flar, do\u011fal kaynak suyunda y\u00fczerek serinledi.\"},{\"@type\":\"BreadcrumbList\",\"@id\":\"https:\\\/\\\/memurunsesi.net\\\/index.php\\\/2025\\\/06\\\/07\\\/bayram-tatilini-firsat-bilen-vatandaslar-dogal-kaynak-suyunda-yuzerek-serinledi\\\/#breadcrumb\",\"itemListElement\":[{\"@type\":\"ListItem\",\"position\":1,\"name\":\"Anasayfa\",\"item\":\"https:\\\/\\\/memurunsesi.net\\\/\"},{\"@type\":\"ListItem\",\"position\":2,\"name\":\"Bayram tatilini f\u0131rsat bilen vatanda\u015flar, do\u011fal kaynak suyunda y\u00fczerek serinledi\"}]},{\"@type\":\"WebSite\",\"@id\":\"https:\\\/\\\/memurunsesi.net\\\/#website\",\"url\":\"https:\\\/\\\/memurunsesi.net\\\/\",\"name\":\"Memurun Sesi\",\"description\":\"G\u00fcncel ve Do\u011fru Haber\",\"publisher\":{\"@id\":\"https:\\\/\\\/memurunsesi.net\\\/#organization\"},\"potentialAction\":[{\"@type\":\"SearchAction\",\"target\":{\"@type\":\"EntryPoint\",\"urlTemplate\":\"https:\\\/\\\/memurunsesi.net\\\/?s={search_term_string}\"},\"query-input\":{\"@type\":\"PropertyValueSpecification\",\"valueRequired\":true,\"valueName\":\"search_term_string\"}}],\"inLanguage\":\"tr\"},{\"@type\":\"Organization\",\"@id\":\"https:\\\/\\\/memurunsesi.net\\\/#organization\",\"name\":\"Memurun Sesi\",\"url\":\"https:\\\/\\\/memurunsesi.net\\\/\",\"logo\":{\"@type\":\"ImageObject\",\"inLanguage\":\"tr\",\"@id\":\"https:\\\/\\\/memurunsesi.net\\\/#\\\/schema\\\/logo\\\/image\\\/\",\"url\":\"https:\\\/\\\/memurunsesi.net\\\/wp-content\\\/uploads\\\/2025\\\/11\\\/cropped-MEMURUN-SESI.png\",\"contentUrl\":\"https:\\\/\\\/memurunsesi.net\\\/wp-content\\\/uploads\\\/2025\\\/11\\\/cropped-MEMURUN-SESI.png\",\"width\":238,\"height\":57,\"caption\":\"Memurun Sesi\"},\"image\":{\"@id\":\"https:\\\/\\\/memurunsesi.net\\\/#\\\/schema\\\/logo\\\/image\\\/\"},\"sameAs\":[\"https:\\\/\\\/www.facebook.com\\\/unipersen\\\/?locale=tr_TR\",\"https:\\\/\\\/x.com\\\/unipersen\"]},{\"@type\":\"Person\",\"@id\":\"https:\\\/\\\/memurunsesi.net\\\/#\\\/schema\\\/person\\\/f21c2d73b89f6ee1d80b0a1803e38587\",\"name\":\"Memurun Sesi Haber Merkezi\",\"image\":{\"@type\":\"ImageObject\",\"inLanguage\":\"tr\",\"@id\":\"https:\\\/\\\/secure.gravatar.com\\\/avatar\\\/6cf0505f452ee753f485014986fab09a434671d2b919ee76fc541025c5876a70?s=96&d=mm&r=g\",\"url\":\"https:\\\/\\\/secure.gravatar.com\\\/avatar\\\/6cf0505f452ee753f485014986fab09a434671d2b919ee76fc541025c5876a70?s=96&d=mm&r=g\",\"contentUrl\":\"https:\\\/\\\/secure.gravatar.com\\\/avatar\\\/6cf0505f452ee753f485014986fab09a434671d2b919ee76fc541025c5876a70?s=96&d=mm&r=g\",\"caption\":\"Memurun Sesi Haber Merkezi\"},\"sameAs\":[\"https:\\\/\\\/memurunsesi.net\"],\"url\":\"https:\\\/\\\/memurunsesi.net\\\/index.php\\\/author\\\/uniper\\\/\"}]}<\/script>\n<!-- \/ Yoast SEO plugin. -->","yoast_head_json":{"title":"Bayram tatilini f\u0131rsat bilen vatanda\u015flar, do\u011fal kaynak suyunda y\u00fczerek serinledi - Memurun Sesi","robots":{"index":"index","follow":"follow","max-snippet":"max-snippet:-1","max-image-preview":"max-image-preview:large","max-video-preview":"max-video-preview:-1"},"canonical":"https:\/\/memurunsesi.net\/index.php\/2025\/06\/07\/bayram-tatilini-firsat-bilen-vatandaslar-dogal-kaynak-suyunda-yuzerek-serinledi\/","og_locale":"tr_TR","og_type":"article","og_title":"Bayram tatilini f\u0131rsat bilen vatanda\u015flar, do\u011fal kaynak suyunda y\u00fczerek serinledi - Memurun Sesi","og_description":"Hatay&#8217;da a\u015f\u0131r\u0131 s\u0131caktan ka\u00e7an ve bayram tatilini f\u0131rsat bilen vatanda\u015flar, do\u011fal kaynak suyunda y\u00fczerek serinledi. S\u0131cak havalar\u0131n etkili oldu\u011fu Hatay&#8217;da termometreler g\u00fcn i\u00e7erisinde 40 dereceyi buluyor. Kurban Bayram\u0131 tatilinde s\u0131cak havadan bunalan vatanda\u015flar, \u0130skenderun il\u00e7esi Sar\u0131seki Mahallesi&#8217;ndeki do\u011fal kaynak suyunda serinledi. Y\u0131llardan beri akmaya devam eden kaynak suyu, s\u0131caktan bunalanlar\u0131n u\u011frak noktas\u0131 oluyor. &#8220;Bilmeyenler varsa [&hellip;]","og_url":"https:\/\/memurunsesi.net\/index.php\/2025\/06\/07\/bayram-tatilini-firsat-bilen-vatandaslar-dogal-kaynak-suyunda-yuzerek-serinledi\/","og_site_name":"Memurun Sesi","article_publisher":"https:\/\/www.facebook.com\/unipersen\/?locale=tr_TR","article_published_time":"2025-06-07T06:21:57+00:00","og_image":[{"width":2560,"height":1440,"url":"https:\/\/memurunsesi.net\/wp-content\/uploads\/2025\/06\/AW471759_01-scaled.jpg","type":"image\/jpeg"}],"author":"Memurun Sesi Haber Merkezi","twitter_card":"summary_large_image","twitter_creator":"@unipersen","twitter_site":"@unipersen","twitter_misc":{"Yazan:":"Memurun Sesi Haber Merkezi","Tahmini okuma s\u00fcresi":"1 dakika"},"schema":{"@context":"https:\/\/schema.org","@graph":[{"@type":"Article","@id":"https:\/\/memurunsesi.net\/index.php\/2025\/06\/07\/bayram-tatilini-firsat-bilen-vatandaslar-dogal-kaynak-suyunda-yuzerek-serinledi\/#article","isPartOf":{"@id":"https:\/\/memurunsesi.net\/index.php\/2025\/06\/07\/bayram-tatilini-firsat-bilen-vatandaslar-dogal-kaynak-suyunda-yuzerek-serinledi\/"},"author":{"name":"Memurun Sesi Haber Merkezi","@id":"https:\/\/memurunsesi.net\/#\/schema\/person\/f21c2d73b89f6ee1d80b0a1803e38587"},"headline":"Bayram tatilini f\u0131rsat bilen vatanda\u015flar, do\u011fal kaynak suyunda y\u00fczerek serinledi","datePublished":"2025-06-07T06:21:57+00:00","mainEntityOfPage":{"@id":"https:\/\/memurunsesi.net\/index.php\/2025\/06\/07\/bayram-tatilini-firsat-bilen-vatandaslar-dogal-kaynak-suyunda-yuzerek-serinledi\/"},"wordCount":162,"commentCount":0,"publisher":{"@id":"https:\/\/memurunsesi.net\/#organization"},"image":{"@id":"https:\/\/memurunsesi.net\/index.php\/2025\/06\/07\/bayram-tatilini-firsat-bilen-vatandaslar-dogal-kaynak-suyunda-yuzerek-serinledi\/#primaryimage"},"thumbnailUrl":"https:\/\/memurunsesi.net\/wp-content\/uploads\/2025\/06\/AW471759_01-scaled.jpg","inLanguage":"tr","potentialAction":[{"@type":"CommentAction","name":"Comment","target":["https:\/\/memurunsesi.net\/index.php\/2025\/06\/07\/bayram-tatilini-firsat-bilen-vatandaslar-dogal-kaynak-suyunda-yuzerek-serinledi\/#respond"]}]},{"@type":"WebPage","@id":"https:\/\/memurunsesi.net\/index.php\/2025\/06\/07\/bayram-tatilini-firsat-bilen-vatandaslar-dogal-kaynak-suyunda-yuzerek-serinledi\/","url":"https:\/\/memurunsesi.net\/index.php\/2025\/06\/07\/bayram-tatilini-firsat-bilen-vatandaslar-dogal-kaynak-suyunda-yuzerek-serinledi\/","name":"Bayram tatilini f\u0131rsat bilen vatanda\u015flar, do\u011fal kaynak suyunda y\u00fczerek serinledi - Memurun Sesi","isPartOf":{"@id":"https:\/\/memurunsesi.net\/#website"},"primaryImageOfPage":{"@id":"https:\/\/memurunsesi.net\/index.php\/2025\/06\/07\/bayram-tatilini-firsat-bilen-vatandaslar-dogal-kaynak-suyunda-yuzerek-serinledi\/#primaryimage"},"image":{"@id":"https:\/\/memurunsesi.net\/index.php\/2025\/06\/07\/bayram-tatilini-firsat-bilen-vatandaslar-dogal-kaynak-suyunda-yuzerek-serinledi\/#primaryimage"},"thumbnailUrl":"https:\/\/memurunsesi.net\/wp-content\/uploads\/2025\/06\/AW471759_01-scaled.jpg","datePublished":"2025-06-07T06:21:57+00:00","breadcrumb":{"@id":"https:\/\/memurunsesi.net\/index.php\/2025\/06\/07\/bayram-tatilini-firsat-bilen-vatandaslar-dogal-kaynak-suyunda-yuzerek-serinledi\/#breadcrumb"},"inLanguage":"tr","potentialAction":[{"@type":"ReadAction","target":["https:\/\/memurunsesi.net\/index.php\/2025\/06\/07\/bayram-tatilini-firsat-bilen-vatandaslar-dogal-kaynak-suyunda-yuzerek-serinledi\/"]}]},{"@type":"ImageObject","inLanguage":"tr","@id":"https:\/\/memurunsesi.net\/index.php\/2025\/06\/07\/bayram-tatilini-firsat-bilen-vatandaslar-dogal-kaynak-suyunda-yuzerek-serinledi\/#primaryimage","url":"https:\/\/memurunsesi.net\/wp-content\/uploads\/2025\/06\/AW471759_01-scaled.jpg","contentUrl":"https:\/\/memurunsesi.net\/wp-content\/uploads\/2025\/06\/AW471759_01-scaled.jpg","width":2560,"height":1440,"caption":"HAVA SICAKLI\u011eININ G\u00dcN \u0130\u00c7ER\u0130S\u0130NDE 37 DERECEN\u0130N \u00dcZER\u0130NE \u00c7IKTI\u011eI HATAY'DA BAYRAM TAT\u0130L\u0130N\u0130 FIRSAT B\u0130LEN VATANDA\u015eLAR, DO\u011eAL KAYNAK SUYUNA G\u0130REREK SER\u0130NLEMEKTE BULDU. (OG\u00dcN ASLAN\/HATAY-\u0130HA) Hatay'da a\u015f\u0131r\u0131 s\u0131caktan ka\u00e7an ve bayram tatilini f\u0131rsat bilen vatanda\u015flar, do\u011fal kaynak suyunda y\u00fczerek serinledi."},{"@type":"BreadcrumbList","@id":"https:\/\/memurunsesi.net\/index.php\/2025\/06\/07\/bayram-tatilini-firsat-bilen-vatandaslar-dogal-kaynak-suyunda-yuzerek-serinledi\/#breadcrumb","itemListElement":[{"@type":"ListItem","position":1,"name":"Anasayfa","item":"https:\/\/memurunsesi.net\/"},{"@type":"ListItem","position":2,"name":"Bayram tatilini f\u0131rsat bilen vatanda\u015flar, do\u011fal kaynak suyunda y\u00fczerek serinledi"}]},{"@type":"WebSite","@id":"https:\/\/memurunsesi.net\/#website","url":"https:\/\/memurunsesi.net\/","name":"Memurun Sesi","description":"G\u00fcncel ve Do\u011fru Haber","publisher":{"@id":"https:\/\/memurunsesi.net\/#organization"},"potentialAction":[{"@type":"SearchAction","target":{"@type":"EntryPoint","urlTemplate":"https:\/\/memurunsesi.net\/?s={search_term_string}"},"query-input":{"@type":"PropertyValueSpecification","valueRequired":true,"valueName":"search_term_string"}}],"inLanguage":"tr"},{"@type":"Organization","@id":"https:\/\/memurunsesi.net\/#organization","name":"Memurun Sesi","url":"https:\/\/memurunsesi.net\/","logo":{"@type":"ImageObject","inLanguage":"tr","@id":"https:\/\/memurunsesi.net\/#\/schema\/logo\/image\/","url":"https:\/\/memurunsesi.net\/wp-content\/uploads\/2025\/11\/cropped-MEMURUN-SESI.png","contentUrl":"https:\/\/memurunsesi.net\/wp-content\/uploads\/2025\/11\/cropped-MEMURUN-SESI.png","width":238,"height":57,"caption":"Memurun Sesi"},"image":{"@id":"https:\/\/memurunsesi.net\/#\/schema\/logo\/image\/"},"sameAs":["https:\/\/www.facebook.com\/unipersen\/?locale=tr_TR","https:\/\/x.com\/unipersen"]},{"@type":"Person","@id":"https:\/\/memurunsesi.net\/#\/schema\/person\/f21c2d73b89f6ee1d80b0a1803e38587","name":"Memurun Sesi Haber Merkezi","image":{"@type":"ImageObject","inLanguage":"tr","@id":"https:\/\/secure.gravatar.com\/avatar\/6cf0505f452ee753f485014986fab09a434671d2b919ee76fc541025c5876a70?s=96&d=mm&r=g","url":"https:\/\/secure.gravatar.com\/avatar\/6cf0505f452ee753f485014986fab09a434671d2b919ee76fc541025c5876a70?s=96&d=mm&r=g","contentUrl":"https:\/\/secure.gravatar.com\/avatar\/6cf0505f452ee753f485014986fab09a434671d2b919ee76fc541025c5876a70?s=96&d=mm&r=g","caption":"Memurun Sesi Haber Merkezi"},"sameAs":["https:\/\/memurunsesi.net"],"url":"https:\/\/memurunsesi.net\/index.php\/author\/uniper\/"}]}},"_links":{"self":[{"href":"https:\/\/memurunsesi.net\/index.php\/wp-json\/wp\/v2\/posts\/7750","targetHints":{"allow":["GET"]}}],"collection":[{"href":"https:\/\/memurunsesi.net\/index.php\/wp-json\/wp\/v2\/posts"}],"about":[{"href":"https:\/\/memurunsesi.net\/index.php\/wp-json\/wp\/v2\/types\/post"}],"author":[{"embeddable":true,"href":"https:\/\/memurunsesi.net\/index.php\/wp-json\/wp\/v2\/users\/1"}],"replies":[{"embeddable":true,"href":"https:\/\/memurunsesi.net\/index.php\/wp-json\/wp\/v2\/comments?post=7750"}],"version-history":[{"count":1,"href":"https:\/\/memurunsesi.net\/index.php\/wp-json\/wp\/v2\/posts\/7750\/revisions"}],"predecessor-version":[{"id":7752,"href":"https:\/\/memurunsesi.net\/index.php\/wp-json\/wp\/v2\/posts\/7750\/revisions\/7752"}],"wp:featuredmedia":[{"embeddable":true,"href":"https:\/\/memurunsesi.net\/index.php\/wp-json\/wp\/v2\/media\/7751"}],"wp:attachment":[{"href":"https:\/\/memurunsesi.net\/index.php\/wp-json\/wp\/v2\/media?parent=7750"}],"wp:term":[{"taxonomy":"category","embeddable":true,"href":"https:\/\/memurunsesi.net\/index.php\/wp-json\/wp\/v2\/categories?post=7750"},{"taxonomy":"post_tag","embeddable":true,"href":"https:\/\/memurunsesi.net\/index.php\/wp-json\/wp\/v2\/tags?post=7750"}],"curies":[{"name":"wp","href":"https:\/\/api.w.org\/{rel}","templated":true}]}}