{"id":7753,"date":"2025-06-07T09:24:12","date_gmt":"2025-06-07T06:24:12","guid":{"rendered":"https:\/\/memurunsesi.net\/?p=7753"},"modified":"2025-06-07T09:24:12","modified_gmt":"2025-06-07T06:24:12","slug":"turkiyede-kesfedilen-endemik-anason-turune-prof-dr-baserin-adi-verildi","status":"publish","type":"post","link":"https:\/\/memurunsesi.net\/index.php\/2025\/06\/07\/turkiyede-kesfedilen-endemik-anason-turune-prof-dr-baserin-adi-verildi\/","title":{"rendered":"T\u00fcrkiye\u2019de ke\u015ffedilen endemik anason t\u00fcr\u00fcne Prof. Dr. Ba\u015fer\u2019in ad\u0131 verildi"},"content":{"rendered":"<p>  T\u00fcrkiye\u2019de ke\u015ffedilen endemik bir anason t\u00fcr\u00fc, Prof. Dr. H\u00fcsn\u00fc Can Ba\u015fer\u2019in ad\u0131yla literat\u00fcre ge\u00e7ti. Son ke\u015fifle Prof. Dr. Ba\u015fer\u2019in ismi T\u00fcrkiye\u2019de be\u015finci kez, yeni ke\u015ffedilen bir bitkiye verilmi\u015f oldu.<br \/>\n  T\u0131bbi ve aromatik bitkiler alan\u0131nda yapt\u0131\u011f\u0131 bilimsel \u00e7al\u0131\u015fmalarla tan\u0131nan Yak\u0131n Do\u011fu \u00dcniversitesi Eczac\u0131l\u0131k Fak\u00fcltesi Farmakognozi Anabilim Dal\u0131 Ba\u015fkan\u0131  Prof. Dr. H\u00fcsn\u00fc Can Ba\u015fer\u2019in ad\u0131, T\u00fcrkiye floras\u0131na yeni kazand\u0131r\u0131lan endemik bir bitki t\u00fcr\u00fcne verildi. Konya\u2019da ke\u015ffedilen ve maydanozgiller (Apiaceae) familyas\u0131na ait olan bu yeni anason t\u00fcr\u00fc, bilim d\u00fcnyas\u0131nda &#8220;Pimpinella husnucan-baseri, Can Anasonu&#8221; ad\u0131 ile literat\u00fcre ge\u00e7ti.<br \/>\n  Bitkinin ke\u015ffi, D\u00fcnya Biyo\u00e7e\u015fitlilik G\u00fcn\u00fc olan 22 May\u0131s\u2019ta kamuoyuna duyuruldu. Yeni t\u00fcr\u00fc bilim d\u00fcnyas\u0131na kazand\u0131ran Prof. Dr. Ahmet Duran, anason t\u00fcr\u00fcn\u00fc, bilimsel katk\u0131lar\u0131yla KKTC, T\u00fcrkiye ve d\u00fcnyada sayg\u0131 g\u00f6ren Prof. Dr. H\u00fcsn\u00fc Can Ba\u015fer\u2019e ithaf etti. Bu adland\u0131rma ile Prof. Dr. Ba\u015fer\u2019in ismi T\u00fcrkiye floras\u0131nda be\u015finci kez bir bitki t\u00fcr\u00fcne verilmi\u015f oldu. <\/p>\n<p>  Yeni endemik t\u00fcr\u00fcn ila\u00e7 ham maddesi potansiyeli ara\u015ft\u0131r\u0131lacak<br \/>\n  Konya\u2019n\u0131n Hadim il\u00e7esinde dar bir alanda yeti\u015fen &#8220;Can anasonu&#8221;, do\u011fal ya\u015fam alan\u0131n\u0131n yerle\u015fim yerleri ve tar\u0131m alanlar\u0131yla \u00e7evrili olmas\u0131 nedeniyle yok olma tehlikesiyle kar\u015f\u0131 kar\u015f\u0131ya. Bu durum ise bitkiyi T\u00fcrkiye\u2019nin \u00f6ncelikli korunmas\u0131 gereken endemik t\u00fcrlerinden biri haline getiriyor. Tehlike alt\u0131ndaki bu endemik t\u00fcr, ta\u015f\u0131d\u0131\u011f\u0131 t\u0131bbi ve aromatik \u00f6zellikler sayesinde ila\u00e7 hammaddesi olarak de\u011ferlendirilmek \u00fczere bilimsel ara\u015ft\u0131rmalara da konu olacak. <\/p>\n<p>  Ad\u0131n\u0131 do\u011faya yazd\u0131rd\u0131: Be\u015f bitki t\u00fcr\u00fcne ad\u0131 verildi<br \/>\n  Yeni ke\u015fifle Prof. Dr. H\u00fcsn\u00fc Can Ba\u015fer\u2019in ad\u0131 be\u015finci kez bir bitki t\u00fcr\u00fcne ismi verildi. Farmas\u00f6tik bilimlere ve botanik alan\u0131na yapt\u0131\u011f\u0131 bilimsel katk\u0131lar ile \u00f6n plana \u00e7\u0131kan Prof. Dr. H\u00fcsn\u00fc Can Ba\u015fer\u2019in ad\u0131 b\u00f6ylece T\u00fcrkiye floras\u0131nda \u00f6nemli bir yer edindi. Bu t\u00fcrlerden biri; &#8220;Ba\u015fer Lohusaotu (Aristolochia baseri)&#8221; olurken, bir di\u011feri ise do\u011frudan Prof. Dr. H\u00fcsn\u00fc Can Ba\u015fer\u2019in ad\u0131n\u0131 ta\u015f\u0131yan &#8220;H\u00fcsn\u00fc Can Ba\u015fer Keki\u011fi (Origanum husnucan-baseri)&#8221; oldu. &#8220;Ba\u015fer Peygamber \u00c7i\u00e7e\u011fi (Centaurea baseri)&#8221; ile ta\u015fl\u0131k alanlarda yeti\u015fen &#8220;Ba\u015fer Kaya Keki\u011fi (Thymus baseri)&#8221; de bu listede yer ald\u0131. Son olarak ise; anason t\u00fcrlerinden biri &#8220;Can Anasonu (Pimpinella husnucan-baseri)&#8221; olarak adland\u0131r\u0131ld\u0131. <\/p>\n<p>  \u00d6d\u00fcllerle ta\u00e7lanan akademik kariyer<br \/>\n  Uluslararas\u0131 bilim \u00e7evresinde farmakognozi, fitokimya, botanik ve etnofarmakoloji alanlar\u0131ndaki \u00e7al\u0131\u015fmalar\u0131 ile bilinen Prof. Dr. H\u00fcsn\u00fc Can Ba\u015fer, birikimini \u00f6\u011frencilerine aktarmaya devam ediyor. &#8220;Handbook of Essential Oils&#8221; adl\u0131 eseriyle 2016 y\u0131l\u0131nda ABC James A. Duke M\u00fckemmeliyet \u00d6d\u00fcl\u00fc\u2019n\u00fc kazanan Prof. Dr. Ba\u015fer, kariyeri boyunca T\u00dcB\u0130TAK Bilim \u00d6d\u00fcl\u00fc, IFEAT Hizmet Madalyas\u0131 ve T\u00fcrk Eczac\u0131lar\u0131 Birli\u011fi Ya\u015fam Boyu Onur \u00d6d\u00fcl\u00fc gibi prestijli \u00f6d\u00fcllere de lay\u0131k g\u00f6r\u00fcld\u00fc. Prof. Dr. Ba\u015fer, binden fazla makale, 61 kitap ve 142 kongre bildirisi yay\u0131mlayarak, 19 y\u00fcksek lisans ve 10 doktora tezine de dan\u0131\u015fmanl\u0131k yapt\u0131. <\/p>\n<p>6.06.2025                                <\/p>\n","protected":false},"excerpt":{"rendered":"<p>T\u00fcrkiye\u2019de ke\u015ffedilen endemik bir anason t\u00fcr\u00fc, Prof. Dr. H\u00fcsn\u00fc Can Ba\u015fer\u2019in ad\u0131yla literat\u00fcre ge\u00e7ti. Son ke\u015fifle Prof. Dr. Ba\u015fer\u2019in ismi T\u00fcrkiye\u2019de be\u015finci kez, yeni ke\u015ffedilen bir bitkiye verilmi\u015f oldu. T\u0131bbi ve aromatik bitkiler alan\u0131nda yapt\u0131\u011f\u0131 bilimsel \u00e7al\u0131\u015fmalarla tan\u0131nan Yak\u0131n Do\u011fu \u00dcniversitesi Eczac\u0131l\u0131k Fak\u00fcltesi Farmakognozi Anabilim Dal\u0131 Ba\u015fkan\u0131 Prof. Dr. H\u00fcsn\u00fc Can Ba\u015fer\u2019in ad\u0131, T\u00fcrkiye floras\u0131na [&hellip;]<\/p>\n","protected":false},"author":1,"featured_media":7754,"comment_status":"open","ping_status":"open","sticky":false,"template":"","format":"standard","meta":{"footnotes":""},"categories":[51],"tags":[],"class_list":["post-7753","post","type-post","status-publish","format-standard","has-post-thumbnail","hentry","category-teknoloji"],"yoast_head":"<!-- This site is optimized with the Yoast SEO plugin v27.4 - https:\/\/yoast.com\/product\/yoast-seo-wordpress\/ -->\n<title>T\u00fcrkiye\u2019de ke\u015ffedilen endemik anason t\u00fcr\u00fcne Prof. Dr. Ba\u015fer\u2019in ad\u0131 verildi - Memurun Sesi<\/title>\n<meta name=\"robots\" content=\"index, follow, max-snippet:-1, max-image-preview:large, max-video-preview:-1\" \/>\n<link rel=\"canonical\" href=\"https:\/\/memurunsesi.net\/index.php\/2025\/06\/07\/turkiyede-kesfedilen-endemik-anason-turune-prof-dr-baserin-adi-verildi\/\" \/>\n<meta property=\"og:locale\" content=\"tr_TR\" \/>\n<meta property=\"og:type\" content=\"article\" \/>\n<meta property=\"og:title\" content=\"T\u00fcrkiye\u2019de ke\u015ffedilen endemik anason t\u00fcr\u00fcne Prof. Dr. Ba\u015fer\u2019in ad\u0131 verildi - Memurun Sesi\" \/>\n<meta property=\"og:description\" content=\"T\u00fcrkiye\u2019de ke\u015ffedilen endemik bir anason t\u00fcr\u00fc, Prof. Dr. H\u00fcsn\u00fc Can Ba\u015fer\u2019in ad\u0131yla literat\u00fcre ge\u00e7ti. Son ke\u015fifle Prof. Dr. Ba\u015fer\u2019in ismi T\u00fcrkiye\u2019de be\u015finci kez, yeni ke\u015ffedilen bir bitkiye verilmi\u015f oldu. T\u0131bbi ve aromatik bitkiler alan\u0131nda yapt\u0131\u011f\u0131 bilimsel \u00e7al\u0131\u015fmalarla tan\u0131nan Yak\u0131n Do\u011fu \u00dcniversitesi Eczac\u0131l\u0131k Fak\u00fcltesi Farmakognozi Anabilim Dal\u0131 Ba\u015fkan\u0131 Prof. Dr. H\u00fcsn\u00fc Can Ba\u015fer\u2019in ad\u0131, T\u00fcrkiye floras\u0131na [&hellip;]\" \/>\n<meta property=\"og:url\" content=\"https:\/\/memurunsesi.net\/index.php\/2025\/06\/07\/turkiyede-kesfedilen-endemik-anason-turune-prof-dr-baserin-adi-verildi\/\" \/>\n<meta property=\"og:site_name\" content=\"Memurun Sesi\" \/>\n<meta property=\"article:publisher\" content=\"https:\/\/www.facebook.com\/unipersen\/?locale=tr_TR\" \/>\n<meta property=\"article:published_time\" content=\"2025-06-07T06:24:12+00:00\" \/>\n<meta property=\"og:image\" content=\"https:\/\/memurunsesi.net\/wp-content\/uploads\/2025\/06\/AW471505_01.jpg\" \/>\n\t<meta property=\"og:image:width\" content=\"1948\" \/>\n\t<meta property=\"og:image:height\" content=\"1448\" \/>\n\t<meta property=\"og:image:type\" content=\"image\/jpeg\" \/>\n<meta name=\"author\" content=\"Memurun Sesi Haber Merkezi\" \/>\n<meta name=\"twitter:card\" content=\"summary_large_image\" \/>\n<meta name=\"twitter:creator\" content=\"@unipersen\" \/>\n<meta name=\"twitter:site\" content=\"@unipersen\" \/>\n<meta name=\"twitter:label1\" content=\"Yazan:\" \/>\n\t<meta name=\"twitter:data1\" content=\"Memurun Sesi Haber Merkezi\" \/>\n\t<meta name=\"twitter:label2\" content=\"Tahmini okuma s\u00fcresi\" \/>\n\t<meta name=\"twitter:data2\" content=\"1 dakika\" \/>\n<script type=\"application\/ld+json\" class=\"yoast-schema-graph\">{\"@context\":\"https:\\\/\\\/schema.org\",\"@graph\":[{\"@type\":\"Article\",\"@id\":\"https:\\\/\\\/memurunsesi.net\\\/index.php\\\/2025\\\/06\\\/07\\\/turkiyede-kesfedilen-endemik-anason-turune-prof-dr-baserin-adi-verildi\\\/#article\",\"isPartOf\":{\"@id\":\"https:\\\/\\\/memurunsesi.net\\\/index.php\\\/2025\\\/06\\\/07\\\/turkiyede-kesfedilen-endemik-anason-turune-prof-dr-baserin-adi-verildi\\\/\"},\"author\":{\"name\":\"Memurun Sesi Haber Merkezi\",\"@id\":\"https:\\\/\\\/memurunsesi.net\\\/#\\\/schema\\\/person\\\/f21c2d73b89f6ee1d80b0a1803e38587\"},\"headline\":\"T\u00fcrkiye\u2019de ke\u015ffedilen endemik anason t\u00fcr\u00fcne Prof. Dr. Ba\u015fer\u2019in ad\u0131 verildi\",\"datePublished\":\"2025-06-07T06:24:12+00:00\",\"mainEntityOfPage\":{\"@id\":\"https:\\\/\\\/memurunsesi.net\\\/index.php\\\/2025\\\/06\\\/07\\\/turkiyede-kesfedilen-endemik-anason-turune-prof-dr-baserin-adi-verildi\\\/\"},\"wordCount\":581,\"commentCount\":0,\"publisher\":{\"@id\":\"https:\\\/\\\/memurunsesi.net\\\/#organization\"},\"image\":{\"@id\":\"https:\\\/\\\/memurunsesi.net\\\/index.php\\\/2025\\\/06\\\/07\\\/turkiyede-kesfedilen-endemik-anason-turune-prof-dr-baserin-adi-verildi\\\/#primaryimage\"},\"thumbnailUrl\":\"https:\\\/\\\/memurunsesi.net\\\/wp-content\\\/uploads\\\/2025\\\/06\\\/AW471505_01.jpg\",\"articleSection\":[\"Teknoloji\"],\"inLanguage\":\"tr\",\"potentialAction\":[{\"@type\":\"CommentAction\",\"name\":\"Comment\",\"target\":[\"https:\\\/\\\/memurunsesi.net\\\/index.php\\\/2025\\\/06\\\/07\\\/turkiyede-kesfedilen-endemik-anason-turune-prof-dr-baserin-adi-verildi\\\/#respond\"]}]},{\"@type\":\"WebPage\",\"@id\":\"https:\\\/\\\/memurunsesi.net\\\/index.php\\\/2025\\\/06\\\/07\\\/turkiyede-kesfedilen-endemik-anason-turune-prof-dr-baserin-adi-verildi\\\/\",\"url\":\"https:\\\/\\\/memurunsesi.net\\\/index.php\\\/2025\\\/06\\\/07\\\/turkiyede-kesfedilen-endemik-anason-turune-prof-dr-baserin-adi-verildi\\\/\",\"name\":\"T\u00fcrkiye\u2019de ke\u015ffedilen endemik anason t\u00fcr\u00fcne Prof. Dr. Ba\u015fer\u2019in ad\u0131 verildi - Memurun Sesi\",\"isPartOf\":{\"@id\":\"https:\\\/\\\/memurunsesi.net\\\/#website\"},\"primaryImageOfPage\":{\"@id\":\"https:\\\/\\\/memurunsesi.net\\\/index.php\\\/2025\\\/06\\\/07\\\/turkiyede-kesfedilen-endemik-anason-turune-prof-dr-baserin-adi-verildi\\\/#primaryimage\"},\"image\":{\"@id\":\"https:\\\/\\\/memurunsesi.net\\\/index.php\\\/2025\\\/06\\\/07\\\/turkiyede-kesfedilen-endemik-anason-turune-prof-dr-baserin-adi-verildi\\\/#primaryimage\"},\"thumbnailUrl\":\"https:\\\/\\\/memurunsesi.net\\\/wp-content\\\/uploads\\\/2025\\\/06\\\/AW471505_01.jpg\",\"datePublished\":\"2025-06-07T06:24:12+00:00\",\"breadcrumb\":{\"@id\":\"https:\\\/\\\/memurunsesi.net\\\/index.php\\\/2025\\\/06\\\/07\\\/turkiyede-kesfedilen-endemik-anason-turune-prof-dr-baserin-adi-verildi\\\/#breadcrumb\"},\"inLanguage\":\"tr\",\"potentialAction\":[{\"@type\":\"ReadAction\",\"target\":[\"https:\\\/\\\/memurunsesi.net\\\/index.php\\\/2025\\\/06\\\/07\\\/turkiyede-kesfedilen-endemik-anason-turune-prof-dr-baserin-adi-verildi\\\/\"]}]},{\"@type\":\"ImageObject\",\"inLanguage\":\"tr\",\"@id\":\"https:\\\/\\\/memurunsesi.net\\\/index.php\\\/2025\\\/06\\\/07\\\/turkiyede-kesfedilen-endemik-anason-turune-prof-dr-baserin-adi-verildi\\\/#primaryimage\",\"url\":\"https:\\\/\\\/memurunsesi.net\\\/wp-content\\\/uploads\\\/2025\\\/06\\\/AW471505_01.jpg\",\"contentUrl\":\"https:\\\/\\\/memurunsesi.net\\\/wp-content\\\/uploads\\\/2025\\\/06\\\/AW471505_01.jpg\",\"width\":1948,\"height\":1448,\"caption\":\"T\u00dcRK\u0130YE'DE KE\u015eFED\u0130LEN ENDEM\u0130K B\u0130R ANASON T\u00dcR\u00dc, PROF. DR. H\u00dcSN\u00dc CAN BA\u015eER'\u0130N ADIYLA L\u0130TERAT\u00dcRE GE\u00c7T\u0130. SON KE\u015e\u0130FLE PROF. DR. BA\u015eER'\u0130N \u0130SM\u0130 T\u00dcRK\u0130YE'DE BE\u015e\u0130NC\u0130 KEZ, YEN\u0130 KE\u015eFED\u0130LEN B\u0130R B\u0130TK\u0130YE VER\u0130LM\u0130\u015e OLDU. (\u0130HA\\\/\u0130STANBUL-\u0130HA) T\u00fcrkiye'de ke\u015ffedilen endemik bir anason t\u00fcr\u00fc, Prof. Dr. H\u00fcsn\u00fc Can Ba\u015fer'in ad\u0131yla literat\u00fcre ge\u00e7ti. Son ke\u015fifle Prof. Dr. Ba\u015fer'in ismi T\u00fcrkiye'de be\u015finci kez, yeni ke\u015ffedilen bir bitkiye verilmi\u015f oldu.\"},{\"@type\":\"BreadcrumbList\",\"@id\":\"https:\\\/\\\/memurunsesi.net\\\/index.php\\\/2025\\\/06\\\/07\\\/turkiyede-kesfedilen-endemik-anason-turune-prof-dr-baserin-adi-verildi\\\/#breadcrumb\",\"itemListElement\":[{\"@type\":\"ListItem\",\"position\":1,\"name\":\"Anasayfa\",\"item\":\"https:\\\/\\\/memurunsesi.net\\\/\"},{\"@type\":\"ListItem\",\"position\":2,\"name\":\"T\u00fcrkiye\u2019de ke\u015ffedilen endemik anason t\u00fcr\u00fcne Prof. Dr. Ba\u015fer\u2019in ad\u0131 verildi\"}]},{\"@type\":\"WebSite\",\"@id\":\"https:\\\/\\\/memurunsesi.net\\\/#website\",\"url\":\"https:\\\/\\\/memurunsesi.net\\\/\",\"name\":\"Memurun Sesi\",\"description\":\"G\u00fcncel ve Do\u011fru Haber\",\"publisher\":{\"@id\":\"https:\\\/\\\/memurunsesi.net\\\/#organization\"},\"potentialAction\":[{\"@type\":\"SearchAction\",\"target\":{\"@type\":\"EntryPoint\",\"urlTemplate\":\"https:\\\/\\\/memurunsesi.net\\\/?s={search_term_string}\"},\"query-input\":{\"@type\":\"PropertyValueSpecification\",\"valueRequired\":true,\"valueName\":\"search_term_string\"}}],\"inLanguage\":\"tr\"},{\"@type\":\"Organization\",\"@id\":\"https:\\\/\\\/memurunsesi.net\\\/#organization\",\"name\":\"Memurun Sesi\",\"url\":\"https:\\\/\\\/memurunsesi.net\\\/\",\"logo\":{\"@type\":\"ImageObject\",\"inLanguage\":\"tr\",\"@id\":\"https:\\\/\\\/memurunsesi.net\\\/#\\\/schema\\\/logo\\\/image\\\/\",\"url\":\"https:\\\/\\\/memurunsesi.net\\\/wp-content\\\/uploads\\\/2025\\\/11\\\/cropped-MEMURUN-SESI.png\",\"contentUrl\":\"https:\\\/\\\/memurunsesi.net\\\/wp-content\\\/uploads\\\/2025\\\/11\\\/cropped-MEMURUN-SESI.png\",\"width\":238,\"height\":57,\"caption\":\"Memurun Sesi\"},\"image\":{\"@id\":\"https:\\\/\\\/memurunsesi.net\\\/#\\\/schema\\\/logo\\\/image\\\/\"},\"sameAs\":[\"https:\\\/\\\/www.facebook.com\\\/unipersen\\\/?locale=tr_TR\",\"https:\\\/\\\/x.com\\\/unipersen\"]},{\"@type\":\"Person\",\"@id\":\"https:\\\/\\\/memurunsesi.net\\\/#\\\/schema\\\/person\\\/f21c2d73b89f6ee1d80b0a1803e38587\",\"name\":\"Memurun Sesi Haber Merkezi\",\"image\":{\"@type\":\"ImageObject\",\"inLanguage\":\"tr\",\"@id\":\"https:\\\/\\\/secure.gravatar.com\\\/avatar\\\/6cf0505f452ee753f485014986fab09a434671d2b919ee76fc541025c5876a70?s=96&d=mm&r=g\",\"url\":\"https:\\\/\\\/secure.gravatar.com\\\/avatar\\\/6cf0505f452ee753f485014986fab09a434671d2b919ee76fc541025c5876a70?s=96&d=mm&r=g\",\"contentUrl\":\"https:\\\/\\\/secure.gravatar.com\\\/avatar\\\/6cf0505f452ee753f485014986fab09a434671d2b919ee76fc541025c5876a70?s=96&d=mm&r=g\",\"caption\":\"Memurun Sesi Haber Merkezi\"},\"sameAs\":[\"https:\\\/\\\/memurunsesi.net\"],\"url\":\"https:\\\/\\\/memurunsesi.net\\\/index.php\\\/author\\\/uniper\\\/\"}]}<\/script>\n<!-- \/ Yoast SEO plugin. -->","yoast_head_json":{"title":"T\u00fcrkiye\u2019de ke\u015ffedilen endemik anason t\u00fcr\u00fcne Prof. Dr. Ba\u015fer\u2019in ad\u0131 verildi - Memurun Sesi","robots":{"index":"index","follow":"follow","max-snippet":"max-snippet:-1","max-image-preview":"max-image-preview:large","max-video-preview":"max-video-preview:-1"},"canonical":"https:\/\/memurunsesi.net\/index.php\/2025\/06\/07\/turkiyede-kesfedilen-endemik-anason-turune-prof-dr-baserin-adi-verildi\/","og_locale":"tr_TR","og_type":"article","og_title":"T\u00fcrkiye\u2019de ke\u015ffedilen endemik anason t\u00fcr\u00fcne Prof. Dr. Ba\u015fer\u2019in ad\u0131 verildi - Memurun Sesi","og_description":"T\u00fcrkiye\u2019de ke\u015ffedilen endemik bir anason t\u00fcr\u00fc, Prof. Dr. H\u00fcsn\u00fc Can Ba\u015fer\u2019in ad\u0131yla literat\u00fcre ge\u00e7ti. Son ke\u015fifle Prof. Dr. Ba\u015fer\u2019in ismi T\u00fcrkiye\u2019de be\u015finci kez, yeni ke\u015ffedilen bir bitkiye verilmi\u015f oldu. T\u0131bbi ve aromatik bitkiler alan\u0131nda yapt\u0131\u011f\u0131 bilimsel \u00e7al\u0131\u015fmalarla tan\u0131nan Yak\u0131n Do\u011fu \u00dcniversitesi Eczac\u0131l\u0131k Fak\u00fcltesi Farmakognozi Anabilim Dal\u0131 Ba\u015fkan\u0131 Prof. Dr. H\u00fcsn\u00fc Can Ba\u015fer\u2019in ad\u0131, T\u00fcrkiye floras\u0131na [&hellip;]","og_url":"https:\/\/memurunsesi.net\/index.php\/2025\/06\/07\/turkiyede-kesfedilen-endemik-anason-turune-prof-dr-baserin-adi-verildi\/","og_site_name":"Memurun Sesi","article_publisher":"https:\/\/www.facebook.com\/unipersen\/?locale=tr_TR","article_published_time":"2025-06-07T06:24:12+00:00","og_image":[{"width":1948,"height":1448,"url":"https:\/\/memurunsesi.net\/wp-content\/uploads\/2025\/06\/AW471505_01.jpg","type":"image\/jpeg"}],"author":"Memurun Sesi Haber Merkezi","twitter_card":"summary_large_image","twitter_creator":"@unipersen","twitter_site":"@unipersen","twitter_misc":{"Yazan:":"Memurun Sesi Haber Merkezi","Tahmini okuma s\u00fcresi":"1 dakika"},"schema":{"@context":"https:\/\/schema.org","@graph":[{"@type":"Article","@id":"https:\/\/memurunsesi.net\/index.php\/2025\/06\/07\/turkiyede-kesfedilen-endemik-anason-turune-prof-dr-baserin-adi-verildi\/#article","isPartOf":{"@id":"https:\/\/memurunsesi.net\/index.php\/2025\/06\/07\/turkiyede-kesfedilen-endemik-anason-turune-prof-dr-baserin-adi-verildi\/"},"author":{"name":"Memurun Sesi Haber Merkezi","@id":"https:\/\/memurunsesi.net\/#\/schema\/person\/f21c2d73b89f6ee1d80b0a1803e38587"},"headline":"T\u00fcrkiye\u2019de ke\u015ffedilen endemik anason t\u00fcr\u00fcne Prof. Dr. Ba\u015fer\u2019in ad\u0131 verildi","datePublished":"2025-06-07T06:24:12+00:00","mainEntityOfPage":{"@id":"https:\/\/memurunsesi.net\/index.php\/2025\/06\/07\/turkiyede-kesfedilen-endemik-anason-turune-prof-dr-baserin-adi-verildi\/"},"wordCount":581,"commentCount":0,"publisher":{"@id":"https:\/\/memurunsesi.net\/#organization"},"image":{"@id":"https:\/\/memurunsesi.net\/index.php\/2025\/06\/07\/turkiyede-kesfedilen-endemik-anason-turune-prof-dr-baserin-adi-verildi\/#primaryimage"},"thumbnailUrl":"https:\/\/memurunsesi.net\/wp-content\/uploads\/2025\/06\/AW471505_01.jpg","articleSection":["Teknoloji"],"inLanguage":"tr","potentialAction":[{"@type":"CommentAction","name":"Comment","target":["https:\/\/memurunsesi.net\/index.php\/2025\/06\/07\/turkiyede-kesfedilen-endemik-anason-turune-prof-dr-baserin-adi-verildi\/#respond"]}]},{"@type":"WebPage","@id":"https:\/\/memurunsesi.net\/index.php\/2025\/06\/07\/turkiyede-kesfedilen-endemik-anason-turune-prof-dr-baserin-adi-verildi\/","url":"https:\/\/memurunsesi.net\/index.php\/2025\/06\/07\/turkiyede-kesfedilen-endemik-anason-turune-prof-dr-baserin-adi-verildi\/","name":"T\u00fcrkiye\u2019de ke\u015ffedilen endemik anason t\u00fcr\u00fcne Prof. Dr. Ba\u015fer\u2019in ad\u0131 verildi - Memurun Sesi","isPartOf":{"@id":"https:\/\/memurunsesi.net\/#website"},"primaryImageOfPage":{"@id":"https:\/\/memurunsesi.net\/index.php\/2025\/06\/07\/turkiyede-kesfedilen-endemik-anason-turune-prof-dr-baserin-adi-verildi\/#primaryimage"},"image":{"@id":"https:\/\/memurunsesi.net\/index.php\/2025\/06\/07\/turkiyede-kesfedilen-endemik-anason-turune-prof-dr-baserin-adi-verildi\/#primaryimage"},"thumbnailUrl":"https:\/\/memurunsesi.net\/wp-content\/uploads\/2025\/06\/AW471505_01.jpg","datePublished":"2025-06-07T06:24:12+00:00","breadcrumb":{"@id":"https:\/\/memurunsesi.net\/index.php\/2025\/06\/07\/turkiyede-kesfedilen-endemik-anason-turune-prof-dr-baserin-adi-verildi\/#breadcrumb"},"inLanguage":"tr","potentialAction":[{"@type":"ReadAction","target":["https:\/\/memurunsesi.net\/index.php\/2025\/06\/07\/turkiyede-kesfedilen-endemik-anason-turune-prof-dr-baserin-adi-verildi\/"]}]},{"@type":"ImageObject","inLanguage":"tr","@id":"https:\/\/memurunsesi.net\/index.php\/2025\/06\/07\/turkiyede-kesfedilen-endemik-anason-turune-prof-dr-baserin-adi-verildi\/#primaryimage","url":"https:\/\/memurunsesi.net\/wp-content\/uploads\/2025\/06\/AW471505_01.jpg","contentUrl":"https:\/\/memurunsesi.net\/wp-content\/uploads\/2025\/06\/AW471505_01.jpg","width":1948,"height":1448,"caption":"T\u00dcRK\u0130YE'DE KE\u015eFED\u0130LEN ENDEM\u0130K B\u0130R ANASON T\u00dcR\u00dc, PROF. DR. H\u00dcSN\u00dc CAN BA\u015eER'\u0130N ADIYLA L\u0130TERAT\u00dcRE GE\u00c7T\u0130. SON KE\u015e\u0130FLE PROF. DR. BA\u015eER'\u0130N \u0130SM\u0130 T\u00dcRK\u0130YE'DE BE\u015e\u0130NC\u0130 KEZ, YEN\u0130 KE\u015eFED\u0130LEN B\u0130R B\u0130TK\u0130YE VER\u0130LM\u0130\u015e OLDU. (\u0130HA\/\u0130STANBUL-\u0130HA) T\u00fcrkiye'de ke\u015ffedilen endemik bir anason t\u00fcr\u00fc, Prof. Dr. H\u00fcsn\u00fc Can Ba\u015fer'in ad\u0131yla literat\u00fcre ge\u00e7ti. Son ke\u015fifle Prof. Dr. Ba\u015fer'in ismi T\u00fcrkiye'de be\u015finci kez, yeni ke\u015ffedilen bir bitkiye verilmi\u015f oldu."},{"@type":"BreadcrumbList","@id":"https:\/\/memurunsesi.net\/index.php\/2025\/06\/07\/turkiyede-kesfedilen-endemik-anason-turune-prof-dr-baserin-adi-verildi\/#breadcrumb","itemListElement":[{"@type":"ListItem","position":1,"name":"Anasayfa","item":"https:\/\/memurunsesi.net\/"},{"@type":"ListItem","position":2,"name":"T\u00fcrkiye\u2019de ke\u015ffedilen endemik anason t\u00fcr\u00fcne Prof. Dr. Ba\u015fer\u2019in ad\u0131 verildi"}]},{"@type":"WebSite","@id":"https:\/\/memurunsesi.net\/#website","url":"https:\/\/memurunsesi.net\/","name":"Memurun Sesi","description":"G\u00fcncel ve Do\u011fru Haber","publisher":{"@id":"https:\/\/memurunsesi.net\/#organization"},"potentialAction":[{"@type":"SearchAction","target":{"@type":"EntryPoint","urlTemplate":"https:\/\/memurunsesi.net\/?s={search_term_string}"},"query-input":{"@type":"PropertyValueSpecification","valueRequired":true,"valueName":"search_term_string"}}],"inLanguage":"tr"},{"@type":"Organization","@id":"https:\/\/memurunsesi.net\/#organization","name":"Memurun Sesi","url":"https:\/\/memurunsesi.net\/","logo":{"@type":"ImageObject","inLanguage":"tr","@id":"https:\/\/memurunsesi.net\/#\/schema\/logo\/image\/","url":"https:\/\/memurunsesi.net\/wp-content\/uploads\/2025\/11\/cropped-MEMURUN-SESI.png","contentUrl":"https:\/\/memurunsesi.net\/wp-content\/uploads\/2025\/11\/cropped-MEMURUN-SESI.png","width":238,"height":57,"caption":"Memurun Sesi"},"image":{"@id":"https:\/\/memurunsesi.net\/#\/schema\/logo\/image\/"},"sameAs":["https:\/\/www.facebook.com\/unipersen\/?locale=tr_TR","https:\/\/x.com\/unipersen"]},{"@type":"Person","@id":"https:\/\/memurunsesi.net\/#\/schema\/person\/f21c2d73b89f6ee1d80b0a1803e38587","name":"Memurun Sesi Haber Merkezi","image":{"@type":"ImageObject","inLanguage":"tr","@id":"https:\/\/secure.gravatar.com\/avatar\/6cf0505f452ee753f485014986fab09a434671d2b919ee76fc541025c5876a70?s=96&d=mm&r=g","url":"https:\/\/secure.gravatar.com\/avatar\/6cf0505f452ee753f485014986fab09a434671d2b919ee76fc541025c5876a70?s=96&d=mm&r=g","contentUrl":"https:\/\/secure.gravatar.com\/avatar\/6cf0505f452ee753f485014986fab09a434671d2b919ee76fc541025c5876a70?s=96&d=mm&r=g","caption":"Memurun Sesi Haber Merkezi"},"sameAs":["https:\/\/memurunsesi.net"],"url":"https:\/\/memurunsesi.net\/index.php\/author\/uniper\/"}]}},"_links":{"self":[{"href":"https:\/\/memurunsesi.net\/index.php\/wp-json\/wp\/v2\/posts\/7753","targetHints":{"allow":["GET"]}}],"collection":[{"href":"https:\/\/memurunsesi.net\/index.php\/wp-json\/wp\/v2\/posts"}],"about":[{"href":"https:\/\/memurunsesi.net\/index.php\/wp-json\/wp\/v2\/types\/post"}],"author":[{"embeddable":true,"href":"https:\/\/memurunsesi.net\/index.php\/wp-json\/wp\/v2\/users\/1"}],"replies":[{"embeddable":true,"href":"https:\/\/memurunsesi.net\/index.php\/wp-json\/wp\/v2\/comments?post=7753"}],"version-history":[{"count":1,"href":"https:\/\/memurunsesi.net\/index.php\/wp-json\/wp\/v2\/posts\/7753\/revisions"}],"predecessor-version":[{"id":7755,"href":"https:\/\/memurunsesi.net\/index.php\/wp-json\/wp\/v2\/posts\/7753\/revisions\/7755"}],"wp:featuredmedia":[{"embeddable":true,"href":"https:\/\/memurunsesi.net\/index.php\/wp-json\/wp\/v2\/media\/7754"}],"wp:attachment":[{"href":"https:\/\/memurunsesi.net\/index.php\/wp-json\/wp\/v2\/media?parent=7753"}],"wp:term":[{"taxonomy":"category","embeddable":true,"href":"https:\/\/memurunsesi.net\/index.php\/wp-json\/wp\/v2\/categories?post=7753"},{"taxonomy":"post_tag","embeddable":true,"href":"https:\/\/memurunsesi.net\/index.php\/wp-json\/wp\/v2\/tags?post=7753"}],"curies":[{"name":"wp","href":"https:\/\/api.w.org\/{rel}","templated":true}]}}