{"id":7756,"date":"2025-06-08T09:34:20","date_gmt":"2025-06-08T06:34:20","guid":{"rendered":"https:\/\/memurunsesi.net\/?p=7756"},"modified":"2025-06-08T09:34:20","modified_gmt":"2025-06-08T06:34:20","slug":"tortum-selalesi-costu-ziyaretci-akinina-ugradi","status":"publish","type":"post","link":"https:\/\/memurunsesi.net\/index.php\/2025\/06\/08\/tortum-selalesi-costu-ziyaretci-akinina-ugradi\/","title":{"rendered":"Tortum \u015eelalesi co\u015ftu, ziyaret\u00e7i ak\u0131n\u0131na u\u011frad\u0131"},"content":{"rendered":"<p>  &#8211; Do\u011faseverler yaz\u0131n co\u015fkusunu Uzundere&#8217;de ya\u015f\u0131yor<br \/>\n  Erzurum&#8217;un Uzundere il\u00e7esinde bulunan ve Avrupa&#8217;n\u0131n en y\u00fcksek \u00fc\u00e7\u00fcnc\u00fc, T\u00fcrkiye&#8217;nin ise en b\u00fcy\u00fck \u015felalesi olma \u00f6zelli\u011fini ta\u015f\u0131yan Tortum \u015eelalesi, kar sular\u0131n\u0131n erimesiyle birlikte co\u015farak ziyaret\u00e7ileri kendine hayran b\u0131rak\u0131yor.<br \/>\n  K\u0131\u015f mevsiminin ard\u0131ndan da\u011flardaki karlar\u0131n erimesi ve ya\u011f\u0131\u015flardan dolup ta\u015fan Tortum G\u00f6l\u00fc, \u015felaleye hayat vererek muhte\u015fem bir do\u011fa \u015f\u00f6leni sunuyor. G\u00f6l\u00fcn ta\u015fmas\u0131yla birlikte debisi artan Tortum \u015eelalesi, hem g\u00f6rsel bir \u015f\u00f6len sunuyor hem de yerli ve yabanc\u0131 binlerce turisti kendine \u00e7ekiyor. Havalar\u0131n \u0131s\u0131nmas\u0131yla beraber a\u00e7an rengarenk \u00e7i\u00e7ekler ve yemye\u015fil do\u011fayla b\u00fct\u00fcnle\u015fen \u015felale manzaras\u0131, \u00f6zellikle foto\u011fraf tutkunlar\u0131n\u0131n ilgisini \u00e7ekiyor. Do\u011fayla i\u00e7 i\u00e7e vakit ge\u00e7irmek isteyenler, Tortum&#8217;un serin sular\u0131nda huzur buluyor. Kurban Bayram\u0131&#8217;nda da ilgi oda\u011f\u0131 olmaya devam eden Tortum \u015eelalesi \u00e7evresindeki esnaf da artan turist say\u0131s\u0131yla birlikte hareketlilikten memnun. Yetkililer, Tortum \u015eelalesi&#8217;ni ziyaret edecek do\u011faseverlerin \u00e7evreyi korumalar\u0131 ve do\u011faya zarar vermemeleri konusunda da uyar\u0131larda bulunuyor.<br \/>\n  Erzurum&#8217;un do\u011fa harikas\u0131 Tortum \u015eelalesi, yaz d\u00f6neminde de ziyaret\u00e7ilerini bekliyor. <\/p>\n<p>8.06.2025                                 <\/p>\n","protected":false},"excerpt":{"rendered":"<p>&#8211; Do\u011faseverler yaz\u0131n co\u015fkusunu Uzundere&#8217;de ya\u015f\u0131yor Erzurum&#8217;un Uzundere il\u00e7esinde bulunan ve Avrupa&#8217;n\u0131n en y\u00fcksek \u00fc\u00e7\u00fcnc\u00fc, T\u00fcrkiye&#8217;nin ise en b\u00fcy\u00fck \u015felalesi olma \u00f6zelli\u011fini ta\u015f\u0131yan Tortum \u015eelalesi, kar sular\u0131n\u0131n erimesiyle birlikte co\u015farak ziyaret\u00e7ileri kendine hayran b\u0131rak\u0131yor. K\u0131\u015f mevsiminin ard\u0131ndan da\u011flardaki karlar\u0131n erimesi ve ya\u011f\u0131\u015flardan dolup ta\u015fan Tortum G\u00f6l\u00fc, \u015felaleye hayat vererek muhte\u015fem bir do\u011fa \u015f\u00f6leni sunuyor. G\u00f6l\u00fcn [&hellip;]<\/p>\n","protected":false},"author":1,"featured_media":7757,"comment_status":"open","ping_status":"open","sticky":false,"template":"","format":"standard","meta":{"footnotes":""},"categories":[50],"tags":[],"class_list":["post-7756","post","type-post","status-publish","format-standard","has-post-thumbnail","hentry","category-tum-haberler"],"yoast_head":"<!-- This site is optimized with the Yoast SEO plugin v27.4 - https:\/\/yoast.com\/product\/yoast-seo-wordpress\/ -->\n<title>Tortum \u015eelalesi co\u015ftu, ziyaret\u00e7i ak\u0131n\u0131na u\u011frad\u0131 - Memurun Sesi<\/title>\n<meta name=\"robots\" content=\"index, follow, max-snippet:-1, max-image-preview:large, max-video-preview:-1\" \/>\n<link rel=\"canonical\" href=\"https:\/\/memurunsesi.net\/index.php\/2025\/06\/08\/tortum-selalesi-costu-ziyaretci-akinina-ugradi\/\" \/>\n<meta property=\"og:locale\" content=\"tr_TR\" \/>\n<meta property=\"og:type\" content=\"article\" \/>\n<meta property=\"og:title\" content=\"Tortum \u015eelalesi co\u015ftu, ziyaret\u00e7i ak\u0131n\u0131na u\u011frad\u0131 - Memurun Sesi\" \/>\n<meta property=\"og:description\" content=\"&#8211; Do\u011faseverler yaz\u0131n co\u015fkusunu Uzundere&#8217;de ya\u015f\u0131yor Erzurum&#8217;un Uzundere il\u00e7esinde bulunan ve Avrupa&#8217;n\u0131n en y\u00fcksek \u00fc\u00e7\u00fcnc\u00fc, T\u00fcrkiye&#8217;nin ise en b\u00fcy\u00fck \u015felalesi olma \u00f6zelli\u011fini ta\u015f\u0131yan Tortum \u015eelalesi, kar sular\u0131n\u0131n erimesiyle birlikte co\u015farak ziyaret\u00e7ileri kendine hayran b\u0131rak\u0131yor. K\u0131\u015f mevsiminin ard\u0131ndan da\u011flardaki karlar\u0131n erimesi ve ya\u011f\u0131\u015flardan dolup ta\u015fan Tortum G\u00f6l\u00fc, \u015felaleye hayat vererek muhte\u015fem bir do\u011fa \u015f\u00f6leni sunuyor. G\u00f6l\u00fcn [&hellip;]\" \/>\n<meta property=\"og:url\" content=\"https:\/\/memurunsesi.net\/index.php\/2025\/06\/08\/tortum-selalesi-costu-ziyaretci-akinina-ugradi\/\" \/>\n<meta property=\"og:site_name\" content=\"Memurun Sesi\" \/>\n<meta property=\"article:publisher\" content=\"https:\/\/www.facebook.com\/unipersen\/?locale=tr_TR\" \/>\n<meta property=\"article:published_time\" content=\"2025-06-08T06:34:20+00:00\" \/>\n<meta property=\"og:image\" content=\"https:\/\/memurunsesi.net\/wp-content\/uploads\/2025\/06\/AW472175_03.jpg\" \/>\n\t<meta property=\"og:image:width\" content=\"1920\" \/>\n\t<meta property=\"og:image:height\" content=\"1080\" \/>\n\t<meta property=\"og:image:type\" content=\"image\/jpeg\" \/>\n<meta name=\"author\" content=\"Memurun Sesi Haber Merkezi\" \/>\n<meta name=\"twitter:card\" content=\"summary_large_image\" \/>\n<meta name=\"twitter:creator\" content=\"@unipersen\" \/>\n<meta name=\"twitter:site\" content=\"@unipersen\" \/>\n<meta name=\"twitter:label1\" content=\"Yazan:\" \/>\n\t<meta name=\"twitter:data1\" content=\"Memurun Sesi Haber Merkezi\" \/>\n\t<meta name=\"twitter:label2\" content=\"Tahmini okuma s\u00fcresi\" \/>\n\t<meta name=\"twitter:data2\" content=\"1 dakika\" \/>\n<script type=\"application\/ld+json\" class=\"yoast-schema-graph\">{\"@context\":\"https:\\\/\\\/schema.org\",\"@graph\":[{\"@type\":\"Article\",\"@id\":\"https:\\\/\\\/memurunsesi.net\\\/index.php\\\/2025\\\/06\\\/08\\\/tortum-selalesi-costu-ziyaretci-akinina-ugradi\\\/#article\",\"isPartOf\":{\"@id\":\"https:\\\/\\\/memurunsesi.net\\\/index.php\\\/2025\\\/06\\\/08\\\/tortum-selalesi-costu-ziyaretci-akinina-ugradi\\\/\"},\"author\":{\"name\":\"Memurun Sesi Haber Merkezi\",\"@id\":\"https:\\\/\\\/memurunsesi.net\\\/#\\\/schema\\\/person\\\/f21c2d73b89f6ee1d80b0a1803e38587\"},\"headline\":\"Tortum \u015eelalesi co\u015ftu, ziyaret\u00e7i ak\u0131n\u0131na u\u011frad\u0131\",\"datePublished\":\"2025-06-08T06:34:20+00:00\",\"mainEntityOfPage\":{\"@id\":\"https:\\\/\\\/memurunsesi.net\\\/index.php\\\/2025\\\/06\\\/08\\\/tortum-selalesi-costu-ziyaretci-akinina-ugradi\\\/\"},\"wordCount\":223,\"commentCount\":0,\"publisher\":{\"@id\":\"https:\\\/\\\/memurunsesi.net\\\/#organization\"},\"image\":{\"@id\":\"https:\\\/\\\/memurunsesi.net\\\/index.php\\\/2025\\\/06\\\/08\\\/tortum-selalesi-costu-ziyaretci-akinina-ugradi\\\/#primaryimage\"},\"thumbnailUrl\":\"https:\\\/\\\/memurunsesi.net\\\/wp-content\\\/uploads\\\/2025\\\/06\\\/AW472175_03.jpg\",\"articleSection\":[\"T\u00fcm Haberler\"],\"inLanguage\":\"tr\",\"potentialAction\":[{\"@type\":\"CommentAction\",\"name\":\"Comment\",\"target\":[\"https:\\\/\\\/memurunsesi.net\\\/index.php\\\/2025\\\/06\\\/08\\\/tortum-selalesi-costu-ziyaretci-akinina-ugradi\\\/#respond\"]}]},{\"@type\":\"WebPage\",\"@id\":\"https:\\\/\\\/memurunsesi.net\\\/index.php\\\/2025\\\/06\\\/08\\\/tortum-selalesi-costu-ziyaretci-akinina-ugradi\\\/\",\"url\":\"https:\\\/\\\/memurunsesi.net\\\/index.php\\\/2025\\\/06\\\/08\\\/tortum-selalesi-costu-ziyaretci-akinina-ugradi\\\/\",\"name\":\"Tortum \u015eelalesi co\u015ftu, ziyaret\u00e7i ak\u0131n\u0131na u\u011frad\u0131 - Memurun Sesi\",\"isPartOf\":{\"@id\":\"https:\\\/\\\/memurunsesi.net\\\/#website\"},\"primaryImageOfPage\":{\"@id\":\"https:\\\/\\\/memurunsesi.net\\\/index.php\\\/2025\\\/06\\\/08\\\/tortum-selalesi-costu-ziyaretci-akinina-ugradi\\\/#primaryimage\"},\"image\":{\"@id\":\"https:\\\/\\\/memurunsesi.net\\\/index.php\\\/2025\\\/06\\\/08\\\/tortum-selalesi-costu-ziyaretci-akinina-ugradi\\\/#primaryimage\"},\"thumbnailUrl\":\"https:\\\/\\\/memurunsesi.net\\\/wp-content\\\/uploads\\\/2025\\\/06\\\/AW472175_03.jpg\",\"datePublished\":\"2025-06-08T06:34:20+00:00\",\"breadcrumb\":{\"@id\":\"https:\\\/\\\/memurunsesi.net\\\/index.php\\\/2025\\\/06\\\/08\\\/tortum-selalesi-costu-ziyaretci-akinina-ugradi\\\/#breadcrumb\"},\"inLanguage\":\"tr\",\"potentialAction\":[{\"@type\":\"ReadAction\",\"target\":[\"https:\\\/\\\/memurunsesi.net\\\/index.php\\\/2025\\\/06\\\/08\\\/tortum-selalesi-costu-ziyaretci-akinina-ugradi\\\/\"]}]},{\"@type\":\"ImageObject\",\"inLanguage\":\"tr\",\"@id\":\"https:\\\/\\\/memurunsesi.net\\\/index.php\\\/2025\\\/06\\\/08\\\/tortum-selalesi-costu-ziyaretci-akinina-ugradi\\\/#primaryimage\",\"url\":\"https:\\\/\\\/memurunsesi.net\\\/wp-content\\\/uploads\\\/2025\\\/06\\\/AW472175_03.jpg\",\"contentUrl\":\"https:\\\/\\\/memurunsesi.net\\\/wp-content\\\/uploads\\\/2025\\\/06\\\/AW472175_03.jpg\",\"width\":1920,\"height\":1080,\"caption\":\"ERZURUM'UN UZUNDERE \u0130L\u00c7ES\u0130NDE BULUNAN VE AVRUPA'NIN EN Y\u00dcKSEK \u00dc\u00c7\u00dcNC\u00dc, T\u00dcRK\u0130YE'N\u0130N \u0130SE EN B\u00dcY\u00dcK \u015eELALES\u0130 OLMA \u00d6ZELL\u0130\u011e\u0130N\u0130 TA\u015eIYAN TORTUM \u015eELALES\u0130, KAR SULARININ ER\u0130MES\u0130YLE B\u0130RL\u0130KTE CO\u015eARAK Z\u0130YARET\u00c7\u0130LER\u0130 KEND\u0130NE HAYRAN BIRAKIYOR. (TANER SARI\\\/ERZURUM-\u0130HA) Erzurum'un Uzundere il\u00e7esinde bulunan ve Avrupa'n\u0131n en y\u00fcksek \u00fc\u00e7\u00fcnc\u00fc, T\u00fcrkiye'nin ise en b\u00fcy\u00fck \u015felalesi olma \u00f6zelli\u011fini ta\u015f\u0131yan Tortum \u015eelalesi, kar sular\u0131n\u0131n erimesiyle birlikte co\u015farak ziyaret\u00e7ileri kendine hayran b\u0131rak\u0131yor.\"},{\"@type\":\"BreadcrumbList\",\"@id\":\"https:\\\/\\\/memurunsesi.net\\\/index.php\\\/2025\\\/06\\\/08\\\/tortum-selalesi-costu-ziyaretci-akinina-ugradi\\\/#breadcrumb\",\"itemListElement\":[{\"@type\":\"ListItem\",\"position\":1,\"name\":\"Anasayfa\",\"item\":\"https:\\\/\\\/memurunsesi.net\\\/\"},{\"@type\":\"ListItem\",\"position\":2,\"name\":\"Tortum \u015eelalesi co\u015ftu, ziyaret\u00e7i ak\u0131n\u0131na u\u011frad\u0131\"}]},{\"@type\":\"WebSite\",\"@id\":\"https:\\\/\\\/memurunsesi.net\\\/#website\",\"url\":\"https:\\\/\\\/memurunsesi.net\\\/\",\"name\":\"Memurun Sesi\",\"description\":\"G\u00fcncel ve Do\u011fru Haber\",\"publisher\":{\"@id\":\"https:\\\/\\\/memurunsesi.net\\\/#organization\"},\"potentialAction\":[{\"@type\":\"SearchAction\",\"target\":{\"@type\":\"EntryPoint\",\"urlTemplate\":\"https:\\\/\\\/memurunsesi.net\\\/?s={search_term_string}\"},\"query-input\":{\"@type\":\"PropertyValueSpecification\",\"valueRequired\":true,\"valueName\":\"search_term_string\"}}],\"inLanguage\":\"tr\"},{\"@type\":\"Organization\",\"@id\":\"https:\\\/\\\/memurunsesi.net\\\/#organization\",\"name\":\"Memurun Sesi\",\"url\":\"https:\\\/\\\/memurunsesi.net\\\/\",\"logo\":{\"@type\":\"ImageObject\",\"inLanguage\":\"tr\",\"@id\":\"https:\\\/\\\/memurunsesi.net\\\/#\\\/schema\\\/logo\\\/image\\\/\",\"url\":\"https:\\\/\\\/memurunsesi.net\\\/wp-content\\\/uploads\\\/2025\\\/11\\\/cropped-MEMURUN-SESI.png\",\"contentUrl\":\"https:\\\/\\\/memurunsesi.net\\\/wp-content\\\/uploads\\\/2025\\\/11\\\/cropped-MEMURUN-SESI.png\",\"width\":238,\"height\":57,\"caption\":\"Memurun Sesi\"},\"image\":{\"@id\":\"https:\\\/\\\/memurunsesi.net\\\/#\\\/schema\\\/logo\\\/image\\\/\"},\"sameAs\":[\"https:\\\/\\\/www.facebook.com\\\/unipersen\\\/?locale=tr_TR\",\"https:\\\/\\\/x.com\\\/unipersen\"]},{\"@type\":\"Person\",\"@id\":\"https:\\\/\\\/memurunsesi.net\\\/#\\\/schema\\\/person\\\/f21c2d73b89f6ee1d80b0a1803e38587\",\"name\":\"Memurun Sesi Haber Merkezi\",\"image\":{\"@type\":\"ImageObject\",\"inLanguage\":\"tr\",\"@id\":\"https:\\\/\\\/secure.gravatar.com\\\/avatar\\\/6cf0505f452ee753f485014986fab09a434671d2b919ee76fc541025c5876a70?s=96&d=mm&r=g\",\"url\":\"https:\\\/\\\/secure.gravatar.com\\\/avatar\\\/6cf0505f452ee753f485014986fab09a434671d2b919ee76fc541025c5876a70?s=96&d=mm&r=g\",\"contentUrl\":\"https:\\\/\\\/secure.gravatar.com\\\/avatar\\\/6cf0505f452ee753f485014986fab09a434671d2b919ee76fc541025c5876a70?s=96&d=mm&r=g\",\"caption\":\"Memurun Sesi Haber Merkezi\"},\"sameAs\":[\"https:\\\/\\\/memurunsesi.net\"],\"url\":\"https:\\\/\\\/memurunsesi.net\\\/index.php\\\/author\\\/uniper\\\/\"}]}<\/script>\n<!-- \/ Yoast SEO plugin. -->","yoast_head_json":{"title":"Tortum \u015eelalesi co\u015ftu, ziyaret\u00e7i ak\u0131n\u0131na u\u011frad\u0131 - Memurun Sesi","robots":{"index":"index","follow":"follow","max-snippet":"max-snippet:-1","max-image-preview":"max-image-preview:large","max-video-preview":"max-video-preview:-1"},"canonical":"https:\/\/memurunsesi.net\/index.php\/2025\/06\/08\/tortum-selalesi-costu-ziyaretci-akinina-ugradi\/","og_locale":"tr_TR","og_type":"article","og_title":"Tortum \u015eelalesi co\u015ftu, ziyaret\u00e7i ak\u0131n\u0131na u\u011frad\u0131 - Memurun Sesi","og_description":"&#8211; Do\u011faseverler yaz\u0131n co\u015fkusunu Uzundere&#8217;de ya\u015f\u0131yor Erzurum&#8217;un Uzundere il\u00e7esinde bulunan ve Avrupa&#8217;n\u0131n en y\u00fcksek \u00fc\u00e7\u00fcnc\u00fc, T\u00fcrkiye&#8217;nin ise en b\u00fcy\u00fck \u015felalesi olma \u00f6zelli\u011fini ta\u015f\u0131yan Tortum \u015eelalesi, kar sular\u0131n\u0131n erimesiyle birlikte co\u015farak ziyaret\u00e7ileri kendine hayran b\u0131rak\u0131yor. K\u0131\u015f mevsiminin ard\u0131ndan da\u011flardaki karlar\u0131n erimesi ve ya\u011f\u0131\u015flardan dolup ta\u015fan Tortum G\u00f6l\u00fc, \u015felaleye hayat vererek muhte\u015fem bir do\u011fa \u015f\u00f6leni sunuyor. G\u00f6l\u00fcn [&hellip;]","og_url":"https:\/\/memurunsesi.net\/index.php\/2025\/06\/08\/tortum-selalesi-costu-ziyaretci-akinina-ugradi\/","og_site_name":"Memurun Sesi","article_publisher":"https:\/\/www.facebook.com\/unipersen\/?locale=tr_TR","article_published_time":"2025-06-08T06:34:20+00:00","og_image":[{"width":1920,"height":1080,"url":"https:\/\/memurunsesi.net\/wp-content\/uploads\/2025\/06\/AW472175_03.jpg","type":"image\/jpeg"}],"author":"Memurun Sesi Haber Merkezi","twitter_card":"summary_large_image","twitter_creator":"@unipersen","twitter_site":"@unipersen","twitter_misc":{"Yazan:":"Memurun Sesi Haber Merkezi","Tahmini okuma s\u00fcresi":"1 dakika"},"schema":{"@context":"https:\/\/schema.org","@graph":[{"@type":"Article","@id":"https:\/\/memurunsesi.net\/index.php\/2025\/06\/08\/tortum-selalesi-costu-ziyaretci-akinina-ugradi\/#article","isPartOf":{"@id":"https:\/\/memurunsesi.net\/index.php\/2025\/06\/08\/tortum-selalesi-costu-ziyaretci-akinina-ugradi\/"},"author":{"name":"Memurun Sesi Haber Merkezi","@id":"https:\/\/memurunsesi.net\/#\/schema\/person\/f21c2d73b89f6ee1d80b0a1803e38587"},"headline":"Tortum \u015eelalesi co\u015ftu, ziyaret\u00e7i ak\u0131n\u0131na u\u011frad\u0131","datePublished":"2025-06-08T06:34:20+00:00","mainEntityOfPage":{"@id":"https:\/\/memurunsesi.net\/index.php\/2025\/06\/08\/tortum-selalesi-costu-ziyaretci-akinina-ugradi\/"},"wordCount":223,"commentCount":0,"publisher":{"@id":"https:\/\/memurunsesi.net\/#organization"},"image":{"@id":"https:\/\/memurunsesi.net\/index.php\/2025\/06\/08\/tortum-selalesi-costu-ziyaretci-akinina-ugradi\/#primaryimage"},"thumbnailUrl":"https:\/\/memurunsesi.net\/wp-content\/uploads\/2025\/06\/AW472175_03.jpg","articleSection":["T\u00fcm Haberler"],"inLanguage":"tr","potentialAction":[{"@type":"CommentAction","name":"Comment","target":["https:\/\/memurunsesi.net\/index.php\/2025\/06\/08\/tortum-selalesi-costu-ziyaretci-akinina-ugradi\/#respond"]}]},{"@type":"WebPage","@id":"https:\/\/memurunsesi.net\/index.php\/2025\/06\/08\/tortum-selalesi-costu-ziyaretci-akinina-ugradi\/","url":"https:\/\/memurunsesi.net\/index.php\/2025\/06\/08\/tortum-selalesi-costu-ziyaretci-akinina-ugradi\/","name":"Tortum \u015eelalesi co\u015ftu, ziyaret\u00e7i ak\u0131n\u0131na u\u011frad\u0131 - Memurun Sesi","isPartOf":{"@id":"https:\/\/memurunsesi.net\/#website"},"primaryImageOfPage":{"@id":"https:\/\/memurunsesi.net\/index.php\/2025\/06\/08\/tortum-selalesi-costu-ziyaretci-akinina-ugradi\/#primaryimage"},"image":{"@id":"https:\/\/memurunsesi.net\/index.php\/2025\/06\/08\/tortum-selalesi-costu-ziyaretci-akinina-ugradi\/#primaryimage"},"thumbnailUrl":"https:\/\/memurunsesi.net\/wp-content\/uploads\/2025\/06\/AW472175_03.jpg","datePublished":"2025-06-08T06:34:20+00:00","breadcrumb":{"@id":"https:\/\/memurunsesi.net\/index.php\/2025\/06\/08\/tortum-selalesi-costu-ziyaretci-akinina-ugradi\/#breadcrumb"},"inLanguage":"tr","potentialAction":[{"@type":"ReadAction","target":["https:\/\/memurunsesi.net\/index.php\/2025\/06\/08\/tortum-selalesi-costu-ziyaretci-akinina-ugradi\/"]}]},{"@type":"ImageObject","inLanguage":"tr","@id":"https:\/\/memurunsesi.net\/index.php\/2025\/06\/08\/tortum-selalesi-costu-ziyaretci-akinina-ugradi\/#primaryimage","url":"https:\/\/memurunsesi.net\/wp-content\/uploads\/2025\/06\/AW472175_03.jpg","contentUrl":"https:\/\/memurunsesi.net\/wp-content\/uploads\/2025\/06\/AW472175_03.jpg","width":1920,"height":1080,"caption":"ERZURUM'UN UZUNDERE \u0130L\u00c7ES\u0130NDE BULUNAN VE AVRUPA'NIN EN Y\u00dcKSEK \u00dc\u00c7\u00dcNC\u00dc, T\u00dcRK\u0130YE'N\u0130N \u0130SE EN B\u00dcY\u00dcK \u015eELALES\u0130 OLMA \u00d6ZELL\u0130\u011e\u0130N\u0130 TA\u015eIYAN TORTUM \u015eELALES\u0130, KAR SULARININ ER\u0130MES\u0130YLE B\u0130RL\u0130KTE CO\u015eARAK Z\u0130YARET\u00c7\u0130LER\u0130 KEND\u0130NE HAYRAN BIRAKIYOR. (TANER SARI\/ERZURUM-\u0130HA) Erzurum'un Uzundere il\u00e7esinde bulunan ve Avrupa'n\u0131n en y\u00fcksek \u00fc\u00e7\u00fcnc\u00fc, T\u00fcrkiye'nin ise en b\u00fcy\u00fck \u015felalesi olma \u00f6zelli\u011fini ta\u015f\u0131yan Tortum \u015eelalesi, kar sular\u0131n\u0131n erimesiyle birlikte co\u015farak ziyaret\u00e7ileri kendine hayran b\u0131rak\u0131yor."},{"@type":"BreadcrumbList","@id":"https:\/\/memurunsesi.net\/index.php\/2025\/06\/08\/tortum-selalesi-costu-ziyaretci-akinina-ugradi\/#breadcrumb","itemListElement":[{"@type":"ListItem","position":1,"name":"Anasayfa","item":"https:\/\/memurunsesi.net\/"},{"@type":"ListItem","position":2,"name":"Tortum \u015eelalesi co\u015ftu, ziyaret\u00e7i ak\u0131n\u0131na u\u011frad\u0131"}]},{"@type":"WebSite","@id":"https:\/\/memurunsesi.net\/#website","url":"https:\/\/memurunsesi.net\/","name":"Memurun Sesi","description":"G\u00fcncel ve Do\u011fru Haber","publisher":{"@id":"https:\/\/memurunsesi.net\/#organization"},"potentialAction":[{"@type":"SearchAction","target":{"@type":"EntryPoint","urlTemplate":"https:\/\/memurunsesi.net\/?s={search_term_string}"},"query-input":{"@type":"PropertyValueSpecification","valueRequired":true,"valueName":"search_term_string"}}],"inLanguage":"tr"},{"@type":"Organization","@id":"https:\/\/memurunsesi.net\/#organization","name":"Memurun Sesi","url":"https:\/\/memurunsesi.net\/","logo":{"@type":"ImageObject","inLanguage":"tr","@id":"https:\/\/memurunsesi.net\/#\/schema\/logo\/image\/","url":"https:\/\/memurunsesi.net\/wp-content\/uploads\/2025\/11\/cropped-MEMURUN-SESI.png","contentUrl":"https:\/\/memurunsesi.net\/wp-content\/uploads\/2025\/11\/cropped-MEMURUN-SESI.png","width":238,"height":57,"caption":"Memurun Sesi"},"image":{"@id":"https:\/\/memurunsesi.net\/#\/schema\/logo\/image\/"},"sameAs":["https:\/\/www.facebook.com\/unipersen\/?locale=tr_TR","https:\/\/x.com\/unipersen"]},{"@type":"Person","@id":"https:\/\/memurunsesi.net\/#\/schema\/person\/f21c2d73b89f6ee1d80b0a1803e38587","name":"Memurun Sesi Haber Merkezi","image":{"@type":"ImageObject","inLanguage":"tr","@id":"https:\/\/secure.gravatar.com\/avatar\/6cf0505f452ee753f485014986fab09a434671d2b919ee76fc541025c5876a70?s=96&d=mm&r=g","url":"https:\/\/secure.gravatar.com\/avatar\/6cf0505f452ee753f485014986fab09a434671d2b919ee76fc541025c5876a70?s=96&d=mm&r=g","contentUrl":"https:\/\/secure.gravatar.com\/avatar\/6cf0505f452ee753f485014986fab09a434671d2b919ee76fc541025c5876a70?s=96&d=mm&r=g","caption":"Memurun Sesi Haber Merkezi"},"sameAs":["https:\/\/memurunsesi.net"],"url":"https:\/\/memurunsesi.net\/index.php\/author\/uniper\/"}]}},"_links":{"self":[{"href":"https:\/\/memurunsesi.net\/index.php\/wp-json\/wp\/v2\/posts\/7756","targetHints":{"allow":["GET"]}}],"collection":[{"href":"https:\/\/memurunsesi.net\/index.php\/wp-json\/wp\/v2\/posts"}],"about":[{"href":"https:\/\/memurunsesi.net\/index.php\/wp-json\/wp\/v2\/types\/post"}],"author":[{"embeddable":true,"href":"https:\/\/memurunsesi.net\/index.php\/wp-json\/wp\/v2\/users\/1"}],"replies":[{"embeddable":true,"href":"https:\/\/memurunsesi.net\/index.php\/wp-json\/wp\/v2\/comments?post=7756"}],"version-history":[{"count":1,"href":"https:\/\/memurunsesi.net\/index.php\/wp-json\/wp\/v2\/posts\/7756\/revisions"}],"predecessor-version":[{"id":7758,"href":"https:\/\/memurunsesi.net\/index.php\/wp-json\/wp\/v2\/posts\/7756\/revisions\/7758"}],"wp:featuredmedia":[{"embeddable":true,"href":"https:\/\/memurunsesi.net\/index.php\/wp-json\/wp\/v2\/media\/7757"}],"wp:attachment":[{"href":"https:\/\/memurunsesi.net\/index.php\/wp-json\/wp\/v2\/media?parent=7756"}],"wp:term":[{"taxonomy":"category","embeddable":true,"href":"https:\/\/memurunsesi.net\/index.php\/wp-json\/wp\/v2\/categories?post=7756"},{"taxonomy":"post_tag","embeddable":true,"href":"https:\/\/memurunsesi.net\/index.php\/wp-json\/wp\/v2\/tags?post=7756"}],"curies":[{"name":"wp","href":"https:\/\/api.w.org\/{rel}","templated":true}]}}