{"id":7850,"date":"2025-06-09T21:02:35","date_gmt":"2025-06-09T18:02:35","guid":{"rendered":"https:\/\/memurunsesi.net\/?p=7850"},"modified":"2025-06-09T21:02:35","modified_gmt":"2025-06-09T18:02:35","slug":"baskan-zeyrekin-annesi-tedavi-altina-alindi","status":"publish","type":"post","link":"https:\/\/memurunsesi.net\/index.php\/2025\/06\/09\/baskan-zeyrekin-annesi-tedavi-altina-alindi\/","title":{"rendered":"Ba\u015fkan Zeyrek&#8217;in annesi tedavi alt\u0131na al\u0131nd\u0131"},"content":{"rendered":"<p> Manisa B\u00fcy\u00fck\u015fehir Belediye Ba\u015fkan\u0131 Ferdi Zeyrek&#8217;in \u00f6l\u00fcm haberinin ard\u0131ndan, ayn\u0131 hastanede kardiyoloji servisinde yatan annesi G\u00fclten Zeyrek&#8217;in fenala\u015ft\u0131\u011f\u0131 ve tedavi alt\u0131na al\u0131nd\u0131\u011f\u0131 \u00f6\u011frenildi.<br \/>\n  Manisa B\u00fcy\u00fck\u015fehir Belediye Ba\u015fkan\u0131 Ferdi Zeyrek&#8217;in 6 Haziran&#8217;da evinde elektrik ak\u0131m\u0131na kap\u0131larak a\u011f\u0131r yaralanmas\u0131 \u00fczerine fenala\u015fan annesi G\u00fclten Zeyrek de o\u011fluyla ayn\u0131 hastanede tedavi alt\u0131na al\u0131nm\u0131\u015ft\u0131. Manisa Celal Bayar \u00dcniversitesi Hafsa Sultan Hastanesi Kardiyoloji servisinde tedavi alt\u0131na al\u0131nan G\u00fclten Zeyrek&#8217;in, o\u011flu Ferdi Zeyrek&#8217;in \u00f6l\u00fcm haberini ald\u0131ktan sonra fenala\u015ft\u0131\u011f\u0131 ve doktorlar\u0131n m\u00fcdahalede bulundu\u011fu bildirildi. G\u00fclten Zeyrek&#8217;in tedavisinin s\u00fcrd\u00fc\u011f\u00fc \u00f6\u011frenildi.  <\/p>\n<p>9.06.2025                                <\/p>\n","protected":false},"excerpt":{"rendered":"<p>Manisa B\u00fcy\u00fck\u015fehir Belediye Ba\u015fkan\u0131 Ferdi Zeyrek&#8217;in \u00f6l\u00fcm haberinin ard\u0131ndan, ayn\u0131 hastanede kardiyoloji servisinde yatan annesi G\u00fclten Zeyrek&#8217;in fenala\u015ft\u0131\u011f\u0131 ve tedavi alt\u0131na al\u0131nd\u0131\u011f\u0131 \u00f6\u011frenildi. Manisa B\u00fcy\u00fck\u015fehir Belediye Ba\u015fkan\u0131 Ferdi Zeyrek&#8217;in 6 Haziran&#8217;da evinde elektrik ak\u0131m\u0131na kap\u0131larak a\u011f\u0131r yaralanmas\u0131 \u00fczerine fenala\u015fan annesi G\u00fclten Zeyrek de o\u011fluyla ayn\u0131 hastanede tedavi alt\u0131na al\u0131nm\u0131\u015ft\u0131. Manisa Celal Bayar \u00dcniversitesi Hafsa Sultan [&hellip;]<\/p>\n","protected":false},"author":1,"featured_media":7851,"comment_status":"open","ping_status":"open","sticky":false,"template":"","format":"standard","meta":{"footnotes":""},"categories":[45],"tags":[],"class_list":["post-7850","post","type-post","status-publish","format-standard","has-post-thumbnail","hentry","category-gundem"],"yoast_head":"<!-- This site is optimized with the Yoast SEO plugin v27.4 - https:\/\/yoast.com\/product\/yoast-seo-wordpress\/ -->\n<title>Ba\u015fkan Zeyrek&#039;in annesi tedavi alt\u0131na al\u0131nd\u0131 - Memurun Sesi<\/title>\n<meta name=\"robots\" content=\"index, follow, max-snippet:-1, max-image-preview:large, max-video-preview:-1\" \/>\n<link rel=\"canonical\" href=\"https:\/\/memurunsesi.net\/index.php\/2025\/06\/09\/baskan-zeyrekin-annesi-tedavi-altina-alindi\/\" \/>\n<meta property=\"og:locale\" content=\"tr_TR\" \/>\n<meta property=\"og:type\" content=\"article\" \/>\n<meta property=\"og:title\" content=\"Ba\u015fkan Zeyrek&#039;in annesi tedavi alt\u0131na al\u0131nd\u0131 - Memurun Sesi\" \/>\n<meta property=\"og:description\" content=\"Manisa B\u00fcy\u00fck\u015fehir Belediye Ba\u015fkan\u0131 Ferdi Zeyrek&#8217;in \u00f6l\u00fcm haberinin ard\u0131ndan, ayn\u0131 hastanede kardiyoloji servisinde yatan annesi G\u00fclten Zeyrek&#8217;in fenala\u015ft\u0131\u011f\u0131 ve tedavi alt\u0131na al\u0131nd\u0131\u011f\u0131 \u00f6\u011frenildi. Manisa B\u00fcy\u00fck\u015fehir Belediye Ba\u015fkan\u0131 Ferdi Zeyrek&#8217;in 6 Haziran&#8217;da evinde elektrik ak\u0131m\u0131na kap\u0131larak a\u011f\u0131r yaralanmas\u0131 \u00fczerine fenala\u015fan annesi G\u00fclten Zeyrek de o\u011fluyla ayn\u0131 hastanede tedavi alt\u0131na al\u0131nm\u0131\u015ft\u0131. Manisa Celal Bayar \u00dcniversitesi Hafsa Sultan [&hellip;]\" \/>\n<meta property=\"og:url\" content=\"https:\/\/memurunsesi.net\/index.php\/2025\/06\/09\/baskan-zeyrekin-annesi-tedavi-altina-alindi\/\" \/>\n<meta property=\"og:site_name\" content=\"Memurun Sesi\" \/>\n<meta property=\"article:publisher\" content=\"https:\/\/www.facebook.com\/unipersen\/?locale=tr_TR\" \/>\n<meta property=\"article:published_time\" content=\"2025-06-09T18:02:35+00:00\" \/>\n<meta property=\"og:image\" content=\"https:\/\/memurunsesi.net\/wp-content\/uploads\/2025\/06\/AW472892_01.jpg\" \/>\n\t<meta property=\"og:image:width\" content=\"720\" \/>\n\t<meta property=\"og:image:height\" content=\"960\" \/>\n\t<meta property=\"og:image:type\" content=\"image\/jpeg\" \/>\n<meta name=\"author\" content=\"Memurun Sesi Haber Merkezi\" \/>\n<meta name=\"twitter:card\" content=\"summary_large_image\" \/>\n<meta name=\"twitter:creator\" content=\"@unipersen\" \/>\n<meta name=\"twitter:site\" content=\"@unipersen\" \/>\n<meta name=\"twitter:label1\" content=\"Yazan:\" \/>\n\t<meta name=\"twitter:data1\" content=\"Memurun Sesi Haber Merkezi\" \/>\n\t<meta name=\"twitter:label2\" content=\"Tahmini okuma s\u00fcresi\" \/>\n\t<meta name=\"twitter:data2\" content=\"1 dakika\" \/>\n<script type=\"application\/ld+json\" class=\"yoast-schema-graph\">{\"@context\":\"https:\\\/\\\/schema.org\",\"@graph\":[{\"@type\":\"Article\",\"@id\":\"https:\\\/\\\/memurunsesi.net\\\/index.php\\\/2025\\\/06\\\/09\\\/baskan-zeyrekin-annesi-tedavi-altina-alindi\\\/#article\",\"isPartOf\":{\"@id\":\"https:\\\/\\\/memurunsesi.net\\\/index.php\\\/2025\\\/06\\\/09\\\/baskan-zeyrekin-annesi-tedavi-altina-alindi\\\/\"},\"author\":{\"name\":\"Memurun Sesi Haber Merkezi\",\"@id\":\"https:\\\/\\\/memurunsesi.net\\\/#\\\/schema\\\/person\\\/f21c2d73b89f6ee1d80b0a1803e38587\"},\"headline\":\"Ba\u015fkan Zeyrek&#8217;in annesi tedavi alt\u0131na al\u0131nd\u0131\",\"datePublished\":\"2025-06-09T18:02:35+00:00\",\"mainEntityOfPage\":{\"@id\":\"https:\\\/\\\/memurunsesi.net\\\/index.php\\\/2025\\\/06\\\/09\\\/baskan-zeyrekin-annesi-tedavi-altina-alindi\\\/\"},\"wordCount\":133,\"commentCount\":0,\"publisher\":{\"@id\":\"https:\\\/\\\/memurunsesi.net\\\/#organization\"},\"image\":{\"@id\":\"https:\\\/\\\/memurunsesi.net\\\/index.php\\\/2025\\\/06\\\/09\\\/baskan-zeyrekin-annesi-tedavi-altina-alindi\\\/#primaryimage\"},\"thumbnailUrl\":\"https:\\\/\\\/memurunsesi.net\\\/wp-content\\\/uploads\\\/2025\\\/06\\\/AW472892_01.jpg\",\"articleSection\":[\"G\u00fcndem\"],\"inLanguage\":\"tr\",\"potentialAction\":[{\"@type\":\"CommentAction\",\"name\":\"Comment\",\"target\":[\"https:\\\/\\\/memurunsesi.net\\\/index.php\\\/2025\\\/06\\\/09\\\/baskan-zeyrekin-annesi-tedavi-altina-alindi\\\/#respond\"]}]},{\"@type\":\"WebPage\",\"@id\":\"https:\\\/\\\/memurunsesi.net\\\/index.php\\\/2025\\\/06\\\/09\\\/baskan-zeyrekin-annesi-tedavi-altina-alindi\\\/\",\"url\":\"https:\\\/\\\/memurunsesi.net\\\/index.php\\\/2025\\\/06\\\/09\\\/baskan-zeyrekin-annesi-tedavi-altina-alindi\\\/\",\"name\":\"Ba\u015fkan Zeyrek'in annesi tedavi alt\u0131na al\u0131nd\u0131 - Memurun Sesi\",\"isPartOf\":{\"@id\":\"https:\\\/\\\/memurunsesi.net\\\/#website\"},\"primaryImageOfPage\":{\"@id\":\"https:\\\/\\\/memurunsesi.net\\\/index.php\\\/2025\\\/06\\\/09\\\/baskan-zeyrekin-annesi-tedavi-altina-alindi\\\/#primaryimage\"},\"image\":{\"@id\":\"https:\\\/\\\/memurunsesi.net\\\/index.php\\\/2025\\\/06\\\/09\\\/baskan-zeyrekin-annesi-tedavi-altina-alindi\\\/#primaryimage\"},\"thumbnailUrl\":\"https:\\\/\\\/memurunsesi.net\\\/wp-content\\\/uploads\\\/2025\\\/06\\\/AW472892_01.jpg\",\"datePublished\":\"2025-06-09T18:02:35+00:00\",\"breadcrumb\":{\"@id\":\"https:\\\/\\\/memurunsesi.net\\\/index.php\\\/2025\\\/06\\\/09\\\/baskan-zeyrekin-annesi-tedavi-altina-alindi\\\/#breadcrumb\"},\"inLanguage\":\"tr\",\"potentialAction\":[{\"@type\":\"ReadAction\",\"target\":[\"https:\\\/\\\/memurunsesi.net\\\/index.php\\\/2025\\\/06\\\/09\\\/baskan-zeyrekin-annesi-tedavi-altina-alindi\\\/\"]}]},{\"@type\":\"ImageObject\",\"inLanguage\":\"tr\",\"@id\":\"https:\\\/\\\/memurunsesi.net\\\/index.php\\\/2025\\\/06\\\/09\\\/baskan-zeyrekin-annesi-tedavi-altina-alindi\\\/#primaryimage\",\"url\":\"https:\\\/\\\/memurunsesi.net\\\/wp-content\\\/uploads\\\/2025\\\/06\\\/AW472892_01.jpg\",\"contentUrl\":\"https:\\\/\\\/memurunsesi.net\\\/wp-content\\\/uploads\\\/2025\\\/06\\\/AW472892_01.jpg\",\"width\":720,\"height\":960,\"caption\":\"ELEKTR\u0130K AKIMINA KAPILARAK A\u011eIR YARALANAN VE MAN\u0130SA CELAL BAYAR \u00dcN\u0130VERS\u0130TES\u0130 HAFSA SULTAN HASTANES\u0130 YO\u011eUN BAKIMINDA 3 G\u00dcNL\u00dcK YA\u015eAM SAVA\u015eINI KAYBEDEN 48 YA\u015eINDAK\u0130 MAN\u0130SA B\u00dcY\u00dcK\u015eEH\u0130R BELED\u0130YE BA\u015eKANI FERD\u0130 ZEYREK'\u0130N \u00d6L\u00dcM HABER\u0130N\u0130N ARDINDAN AYNI HASTANEDE KARD\u0130YOLOJ\u0130 SERV\u0130S\u0130NDE YATAN ANNES\u0130 G\u00dcLTEN ZEYREK'\u0130N DE FENALA\u015eTI\u011eI \u00d6\u011eREN\u0130LD\u0130. (\u0130HA\\\/MAN\u0130SA-\u0130HA) Manisa B\u00fcy\u00fck\u015fehir Belediye Ba\u015fkan\u0131 Ferdi Zeyrek'in \u00f6l\u00fcm haberinin ard\u0131ndan, ayn\u0131 hastanede kardiyoloji servisinde yatan annesi G\u00fclten Zeyrek'in fenala\u015ft\u0131\u011f\u0131 ve tedavi alt\u0131na al\u0131nd\u0131\u011f\u0131 \u00f6\u011frenildi.\"},{\"@type\":\"BreadcrumbList\",\"@id\":\"https:\\\/\\\/memurunsesi.net\\\/index.php\\\/2025\\\/06\\\/09\\\/baskan-zeyrekin-annesi-tedavi-altina-alindi\\\/#breadcrumb\",\"itemListElement\":[{\"@type\":\"ListItem\",\"position\":1,\"name\":\"Anasayfa\",\"item\":\"https:\\\/\\\/memurunsesi.net\\\/\"},{\"@type\":\"ListItem\",\"position\":2,\"name\":\"Ba\u015fkan Zeyrek&#8217;in annesi tedavi alt\u0131na al\u0131nd\u0131\"}]},{\"@type\":\"WebSite\",\"@id\":\"https:\\\/\\\/memurunsesi.net\\\/#website\",\"url\":\"https:\\\/\\\/memurunsesi.net\\\/\",\"name\":\"Memurun Sesi\",\"description\":\"G\u00fcncel ve Do\u011fru Haber\",\"publisher\":{\"@id\":\"https:\\\/\\\/memurunsesi.net\\\/#organization\"},\"potentialAction\":[{\"@type\":\"SearchAction\",\"target\":{\"@type\":\"EntryPoint\",\"urlTemplate\":\"https:\\\/\\\/memurunsesi.net\\\/?s={search_term_string}\"},\"query-input\":{\"@type\":\"PropertyValueSpecification\",\"valueRequired\":true,\"valueName\":\"search_term_string\"}}],\"inLanguage\":\"tr\"},{\"@type\":\"Organization\",\"@id\":\"https:\\\/\\\/memurunsesi.net\\\/#organization\",\"name\":\"Memurun Sesi\",\"url\":\"https:\\\/\\\/memurunsesi.net\\\/\",\"logo\":{\"@type\":\"ImageObject\",\"inLanguage\":\"tr\",\"@id\":\"https:\\\/\\\/memurunsesi.net\\\/#\\\/schema\\\/logo\\\/image\\\/\",\"url\":\"https:\\\/\\\/memurunsesi.net\\\/wp-content\\\/uploads\\\/2025\\\/11\\\/cropped-MEMURUN-SESI.png\",\"contentUrl\":\"https:\\\/\\\/memurunsesi.net\\\/wp-content\\\/uploads\\\/2025\\\/11\\\/cropped-MEMURUN-SESI.png\",\"width\":238,\"height\":57,\"caption\":\"Memurun Sesi\"},\"image\":{\"@id\":\"https:\\\/\\\/memurunsesi.net\\\/#\\\/schema\\\/logo\\\/image\\\/\"},\"sameAs\":[\"https:\\\/\\\/www.facebook.com\\\/unipersen\\\/?locale=tr_TR\",\"https:\\\/\\\/x.com\\\/unipersen\"]},{\"@type\":\"Person\",\"@id\":\"https:\\\/\\\/memurunsesi.net\\\/#\\\/schema\\\/person\\\/f21c2d73b89f6ee1d80b0a1803e38587\",\"name\":\"Memurun Sesi Haber Merkezi\",\"image\":{\"@type\":\"ImageObject\",\"inLanguage\":\"tr\",\"@id\":\"https:\\\/\\\/secure.gravatar.com\\\/avatar\\\/6cf0505f452ee753f485014986fab09a434671d2b919ee76fc541025c5876a70?s=96&d=mm&r=g\",\"url\":\"https:\\\/\\\/secure.gravatar.com\\\/avatar\\\/6cf0505f452ee753f485014986fab09a434671d2b919ee76fc541025c5876a70?s=96&d=mm&r=g\",\"contentUrl\":\"https:\\\/\\\/secure.gravatar.com\\\/avatar\\\/6cf0505f452ee753f485014986fab09a434671d2b919ee76fc541025c5876a70?s=96&d=mm&r=g\",\"caption\":\"Memurun Sesi Haber Merkezi\"},\"sameAs\":[\"https:\\\/\\\/memurunsesi.net\"],\"url\":\"https:\\\/\\\/memurunsesi.net\\\/index.php\\\/author\\\/uniper\\\/\"}]}<\/script>\n<!-- \/ Yoast SEO plugin. -->","yoast_head_json":{"title":"Ba\u015fkan Zeyrek'in annesi tedavi alt\u0131na al\u0131nd\u0131 - Memurun Sesi","robots":{"index":"index","follow":"follow","max-snippet":"max-snippet:-1","max-image-preview":"max-image-preview:large","max-video-preview":"max-video-preview:-1"},"canonical":"https:\/\/memurunsesi.net\/index.php\/2025\/06\/09\/baskan-zeyrekin-annesi-tedavi-altina-alindi\/","og_locale":"tr_TR","og_type":"article","og_title":"Ba\u015fkan Zeyrek'in annesi tedavi alt\u0131na al\u0131nd\u0131 - Memurun Sesi","og_description":"Manisa B\u00fcy\u00fck\u015fehir Belediye Ba\u015fkan\u0131 Ferdi Zeyrek&#8217;in \u00f6l\u00fcm haberinin ard\u0131ndan, ayn\u0131 hastanede kardiyoloji servisinde yatan annesi G\u00fclten Zeyrek&#8217;in fenala\u015ft\u0131\u011f\u0131 ve tedavi alt\u0131na al\u0131nd\u0131\u011f\u0131 \u00f6\u011frenildi. Manisa B\u00fcy\u00fck\u015fehir Belediye Ba\u015fkan\u0131 Ferdi Zeyrek&#8217;in 6 Haziran&#8217;da evinde elektrik ak\u0131m\u0131na kap\u0131larak a\u011f\u0131r yaralanmas\u0131 \u00fczerine fenala\u015fan annesi G\u00fclten Zeyrek de o\u011fluyla ayn\u0131 hastanede tedavi alt\u0131na al\u0131nm\u0131\u015ft\u0131. Manisa Celal Bayar \u00dcniversitesi Hafsa Sultan [&hellip;]","og_url":"https:\/\/memurunsesi.net\/index.php\/2025\/06\/09\/baskan-zeyrekin-annesi-tedavi-altina-alindi\/","og_site_name":"Memurun Sesi","article_publisher":"https:\/\/www.facebook.com\/unipersen\/?locale=tr_TR","article_published_time":"2025-06-09T18:02:35+00:00","og_image":[{"width":720,"height":960,"url":"https:\/\/memurunsesi.net\/wp-content\/uploads\/2025\/06\/AW472892_01.jpg","type":"image\/jpeg"}],"author":"Memurun Sesi Haber Merkezi","twitter_card":"summary_large_image","twitter_creator":"@unipersen","twitter_site":"@unipersen","twitter_misc":{"Yazan:":"Memurun Sesi Haber Merkezi","Tahmini okuma s\u00fcresi":"1 dakika"},"schema":{"@context":"https:\/\/schema.org","@graph":[{"@type":"Article","@id":"https:\/\/memurunsesi.net\/index.php\/2025\/06\/09\/baskan-zeyrekin-annesi-tedavi-altina-alindi\/#article","isPartOf":{"@id":"https:\/\/memurunsesi.net\/index.php\/2025\/06\/09\/baskan-zeyrekin-annesi-tedavi-altina-alindi\/"},"author":{"name":"Memurun Sesi Haber Merkezi","@id":"https:\/\/memurunsesi.net\/#\/schema\/person\/f21c2d73b89f6ee1d80b0a1803e38587"},"headline":"Ba\u015fkan Zeyrek&#8217;in annesi tedavi alt\u0131na al\u0131nd\u0131","datePublished":"2025-06-09T18:02:35+00:00","mainEntityOfPage":{"@id":"https:\/\/memurunsesi.net\/index.php\/2025\/06\/09\/baskan-zeyrekin-annesi-tedavi-altina-alindi\/"},"wordCount":133,"commentCount":0,"publisher":{"@id":"https:\/\/memurunsesi.net\/#organization"},"image":{"@id":"https:\/\/memurunsesi.net\/index.php\/2025\/06\/09\/baskan-zeyrekin-annesi-tedavi-altina-alindi\/#primaryimage"},"thumbnailUrl":"https:\/\/memurunsesi.net\/wp-content\/uploads\/2025\/06\/AW472892_01.jpg","articleSection":["G\u00fcndem"],"inLanguage":"tr","potentialAction":[{"@type":"CommentAction","name":"Comment","target":["https:\/\/memurunsesi.net\/index.php\/2025\/06\/09\/baskan-zeyrekin-annesi-tedavi-altina-alindi\/#respond"]}]},{"@type":"WebPage","@id":"https:\/\/memurunsesi.net\/index.php\/2025\/06\/09\/baskan-zeyrekin-annesi-tedavi-altina-alindi\/","url":"https:\/\/memurunsesi.net\/index.php\/2025\/06\/09\/baskan-zeyrekin-annesi-tedavi-altina-alindi\/","name":"Ba\u015fkan Zeyrek'in annesi tedavi alt\u0131na al\u0131nd\u0131 - Memurun Sesi","isPartOf":{"@id":"https:\/\/memurunsesi.net\/#website"},"primaryImageOfPage":{"@id":"https:\/\/memurunsesi.net\/index.php\/2025\/06\/09\/baskan-zeyrekin-annesi-tedavi-altina-alindi\/#primaryimage"},"image":{"@id":"https:\/\/memurunsesi.net\/index.php\/2025\/06\/09\/baskan-zeyrekin-annesi-tedavi-altina-alindi\/#primaryimage"},"thumbnailUrl":"https:\/\/memurunsesi.net\/wp-content\/uploads\/2025\/06\/AW472892_01.jpg","datePublished":"2025-06-09T18:02:35+00:00","breadcrumb":{"@id":"https:\/\/memurunsesi.net\/index.php\/2025\/06\/09\/baskan-zeyrekin-annesi-tedavi-altina-alindi\/#breadcrumb"},"inLanguage":"tr","potentialAction":[{"@type":"ReadAction","target":["https:\/\/memurunsesi.net\/index.php\/2025\/06\/09\/baskan-zeyrekin-annesi-tedavi-altina-alindi\/"]}]},{"@type":"ImageObject","inLanguage":"tr","@id":"https:\/\/memurunsesi.net\/index.php\/2025\/06\/09\/baskan-zeyrekin-annesi-tedavi-altina-alindi\/#primaryimage","url":"https:\/\/memurunsesi.net\/wp-content\/uploads\/2025\/06\/AW472892_01.jpg","contentUrl":"https:\/\/memurunsesi.net\/wp-content\/uploads\/2025\/06\/AW472892_01.jpg","width":720,"height":960,"caption":"ELEKTR\u0130K AKIMINA KAPILARAK A\u011eIR YARALANAN VE MAN\u0130SA CELAL BAYAR \u00dcN\u0130VERS\u0130TES\u0130 HAFSA SULTAN HASTANES\u0130 YO\u011eUN BAKIMINDA 3 G\u00dcNL\u00dcK YA\u015eAM SAVA\u015eINI KAYBEDEN 48 YA\u015eINDAK\u0130 MAN\u0130SA B\u00dcY\u00dcK\u015eEH\u0130R BELED\u0130YE BA\u015eKANI FERD\u0130 ZEYREK'\u0130N \u00d6L\u00dcM HABER\u0130N\u0130N ARDINDAN AYNI HASTANEDE KARD\u0130YOLOJ\u0130 SERV\u0130S\u0130NDE YATAN ANNES\u0130 G\u00dcLTEN ZEYREK'\u0130N DE FENALA\u015eTI\u011eI \u00d6\u011eREN\u0130LD\u0130. (\u0130HA\/MAN\u0130SA-\u0130HA) Manisa B\u00fcy\u00fck\u015fehir Belediye Ba\u015fkan\u0131 Ferdi Zeyrek'in \u00f6l\u00fcm haberinin ard\u0131ndan, ayn\u0131 hastanede kardiyoloji servisinde yatan annesi G\u00fclten Zeyrek'in fenala\u015ft\u0131\u011f\u0131 ve tedavi alt\u0131na al\u0131nd\u0131\u011f\u0131 \u00f6\u011frenildi."},{"@type":"BreadcrumbList","@id":"https:\/\/memurunsesi.net\/index.php\/2025\/06\/09\/baskan-zeyrekin-annesi-tedavi-altina-alindi\/#breadcrumb","itemListElement":[{"@type":"ListItem","position":1,"name":"Anasayfa","item":"https:\/\/memurunsesi.net\/"},{"@type":"ListItem","position":2,"name":"Ba\u015fkan Zeyrek&#8217;in annesi tedavi alt\u0131na al\u0131nd\u0131"}]},{"@type":"WebSite","@id":"https:\/\/memurunsesi.net\/#website","url":"https:\/\/memurunsesi.net\/","name":"Memurun Sesi","description":"G\u00fcncel ve Do\u011fru Haber","publisher":{"@id":"https:\/\/memurunsesi.net\/#organization"},"potentialAction":[{"@type":"SearchAction","target":{"@type":"EntryPoint","urlTemplate":"https:\/\/memurunsesi.net\/?s={search_term_string}"},"query-input":{"@type":"PropertyValueSpecification","valueRequired":true,"valueName":"search_term_string"}}],"inLanguage":"tr"},{"@type":"Organization","@id":"https:\/\/memurunsesi.net\/#organization","name":"Memurun Sesi","url":"https:\/\/memurunsesi.net\/","logo":{"@type":"ImageObject","inLanguage":"tr","@id":"https:\/\/memurunsesi.net\/#\/schema\/logo\/image\/","url":"https:\/\/memurunsesi.net\/wp-content\/uploads\/2025\/11\/cropped-MEMURUN-SESI.png","contentUrl":"https:\/\/memurunsesi.net\/wp-content\/uploads\/2025\/11\/cropped-MEMURUN-SESI.png","width":238,"height":57,"caption":"Memurun Sesi"},"image":{"@id":"https:\/\/memurunsesi.net\/#\/schema\/logo\/image\/"},"sameAs":["https:\/\/www.facebook.com\/unipersen\/?locale=tr_TR","https:\/\/x.com\/unipersen"]},{"@type":"Person","@id":"https:\/\/memurunsesi.net\/#\/schema\/person\/f21c2d73b89f6ee1d80b0a1803e38587","name":"Memurun Sesi Haber Merkezi","image":{"@type":"ImageObject","inLanguage":"tr","@id":"https:\/\/secure.gravatar.com\/avatar\/6cf0505f452ee753f485014986fab09a434671d2b919ee76fc541025c5876a70?s=96&d=mm&r=g","url":"https:\/\/secure.gravatar.com\/avatar\/6cf0505f452ee753f485014986fab09a434671d2b919ee76fc541025c5876a70?s=96&d=mm&r=g","contentUrl":"https:\/\/secure.gravatar.com\/avatar\/6cf0505f452ee753f485014986fab09a434671d2b919ee76fc541025c5876a70?s=96&d=mm&r=g","caption":"Memurun Sesi Haber Merkezi"},"sameAs":["https:\/\/memurunsesi.net"],"url":"https:\/\/memurunsesi.net\/index.php\/author\/uniper\/"}]}},"_links":{"self":[{"href":"https:\/\/memurunsesi.net\/index.php\/wp-json\/wp\/v2\/posts\/7850","targetHints":{"allow":["GET"]}}],"collection":[{"href":"https:\/\/memurunsesi.net\/index.php\/wp-json\/wp\/v2\/posts"}],"about":[{"href":"https:\/\/memurunsesi.net\/index.php\/wp-json\/wp\/v2\/types\/post"}],"author":[{"embeddable":true,"href":"https:\/\/memurunsesi.net\/index.php\/wp-json\/wp\/v2\/users\/1"}],"replies":[{"embeddable":true,"href":"https:\/\/memurunsesi.net\/index.php\/wp-json\/wp\/v2\/comments?post=7850"}],"version-history":[{"count":1,"href":"https:\/\/memurunsesi.net\/index.php\/wp-json\/wp\/v2\/posts\/7850\/revisions"}],"predecessor-version":[{"id":7852,"href":"https:\/\/memurunsesi.net\/index.php\/wp-json\/wp\/v2\/posts\/7850\/revisions\/7852"}],"wp:featuredmedia":[{"embeddable":true,"href":"https:\/\/memurunsesi.net\/index.php\/wp-json\/wp\/v2\/media\/7851"}],"wp:attachment":[{"href":"https:\/\/memurunsesi.net\/index.php\/wp-json\/wp\/v2\/media?parent=7850"}],"wp:term":[{"taxonomy":"category","embeddable":true,"href":"https:\/\/memurunsesi.net\/index.php\/wp-json\/wp\/v2\/categories?post=7850"},{"taxonomy":"post_tag","embeddable":true,"href":"https:\/\/memurunsesi.net\/index.php\/wp-json\/wp\/v2\/tags?post=7850"}],"curies":[{"name":"wp","href":"https:\/\/api.w.org\/{rel}","templated":true}]}}