{"id":7853,"date":"2025-06-09T21:06:35","date_gmt":"2025-06-09T18:06:35","guid":{"rendered":"https:\/\/memurunsesi.net\/?p=7853"},"modified":"2025-06-09T21:06:35","modified_gmt":"2025-06-09T18:06:35","slug":"manisa-buyuksehir-belediye-baskani-ferdi-zeyrek-hayatini-kaybetti","status":"publish","type":"post","link":"https:\/\/memurunsesi.net\/index.php\/2025\/06\/09\/manisa-buyuksehir-belediye-baskani-ferdi-zeyrek-hayatini-kaybetti\/","title":{"rendered":"Manisa B\u00fcy\u00fck\u015fehir Belediye Ba\u015fkan\u0131 Ferdi Zeyrek hayat\u0131n\u0131 kaybetti"},"content":{"rendered":"<p>  Elektrik ak\u0131m\u0131na kap\u0131larak a\u011f\u0131r yaralanan Manisa B\u00fcy\u00fck\u015fehir Belediye Ba\u015fkan\u0131 Ferdi Zeyrek, hastanedeki tedavisinin<br \/>\n3. g\u00fcn\u00fcnde yap\u0131lan t\u00fcm m\u00fcdahalelere ra\u011fmen hayat\u0131n\u0131 kaybetti.<br \/>\n  Manisa&#8217;n\u0131n Yunusemre il\u00e7esi Ke\u00e7ilik\u00f6y Mahallesi&#8217;ndeki evinde bayram\u0131n ilk g\u00fcn\u00fc saat 23.30&#8217;da havuzun yan\u0131ndaki makine b\u00f6l\u00fcm\u00fcnde elektrik ak\u0131m\u0131na kap\u0131larak a\u011f\u0131r yaralanan ve 70 dakikal\u0131k kalp masaj\u0131yla hayata d\u00f6nd\u00fcr\u00fclerek yo\u011fun bak\u0131mda tedavisine devam edilen Manisa B\u00fcy\u00fck\u015fehir Belediye Ba\u015fkan\u0131 Ferdi Zeyrek, hastanedeki tedavisinin 3. g\u00fcn\u00fcnde yap\u0131lan t\u00fcm m\u00fcdahalelere ra\u011fmen ya\u015fam sava\u015f\u0131n\u0131 kaybetti. Nurcan Zeyrek ile evli olan 48 ya\u015f\u0131ndaki Ferdi Zeyrek, 3 \u00e7ocuk babas\u0131yd\u0131.<br \/>\n  Ferdi Zeyrek&#8217;in vefat haberini X hesab\u0131ndan duyuran Sa\u011fl\u0131k Bakan\u0131 Kemal Memi\u015fo\u011flu, &#8220;Ya\u015fad\u0131\u011f\u0131 kaza sonucu kald\u0131r\u0131ld\u0131\u011f\u0131 hastanede bir s\u00fcredir tedavi g\u00f6ren Manisa B\u00fcy\u00fck\u015fehir Belediye Ba\u015fkan\u0131 Ferdi Zeyrek, yap\u0131lan t\u00fcm m\u00fcdahalelere ra\u011fmen hayat\u0131n\u0131 kaybetmi\u015ftir. Kendisine Allah&#8217;tan rahmet; ailesine, yak\u0131nlar\u0131na ve sevenlerine ba\u015fsa\u011fl\u0131\u011f\u0131 diliyoruz&#8221; dedi.<br \/>\n  Haberi alan ve hastane bah\u00e7esine gelen vatanda\u015flar, g\u00f6zya\u015flar\u0131 i\u00e7inde dualar etti.  <\/p>\n<p>9.06.2025                                 <\/p>\n","protected":false},"excerpt":{"rendered":"<p>Elektrik ak\u0131m\u0131na kap\u0131larak a\u011f\u0131r yaralanan Manisa B\u00fcy\u00fck\u015fehir Belediye Ba\u015fkan\u0131 Ferdi Zeyrek, hastanedeki tedavisinin 3. g\u00fcn\u00fcnde yap\u0131lan t\u00fcm m\u00fcdahalelere ra\u011fmen hayat\u0131n\u0131 kaybetti. Manisa&#8217;n\u0131n Yunusemre il\u00e7esi Ke\u00e7ilik\u00f6y Mahallesi&#8217;ndeki evinde bayram\u0131n ilk g\u00fcn\u00fc saat 23.30&#8217;da havuzun yan\u0131ndaki makine b\u00f6l\u00fcm\u00fcnde elektrik ak\u0131m\u0131na kap\u0131larak a\u011f\u0131r yaralanan ve 70 dakikal\u0131k kalp masaj\u0131yla hayata d\u00f6nd\u00fcr\u00fclerek yo\u011fun bak\u0131mda tedavisine devam edilen Manisa B\u00fcy\u00fck\u015fehir [&hellip;]<\/p>\n","protected":false},"author":1,"featured_media":7854,"comment_status":"open","ping_status":"open","sticky":false,"template":"","format":"standard","meta":{"footnotes":""},"categories":[1],"tags":[],"class_list":["post-7853","post","type-post","status-publish","format-standard","has-post-thumbnail","hentry","category-genel"],"yoast_head":"<!-- This site is optimized with the Yoast SEO plugin v27.4 - https:\/\/yoast.com\/product\/yoast-seo-wordpress\/ -->\n<title>Manisa B\u00fcy\u00fck\u015fehir Belediye Ba\u015fkan\u0131 Ferdi Zeyrek hayat\u0131n\u0131 kaybetti - Memurun Sesi<\/title>\n<meta name=\"robots\" content=\"index, follow, max-snippet:-1, max-image-preview:large, max-video-preview:-1\" \/>\n<link rel=\"canonical\" href=\"https:\/\/memurunsesi.net\/index.php\/2025\/06\/09\/manisa-buyuksehir-belediye-baskani-ferdi-zeyrek-hayatini-kaybetti\/\" \/>\n<meta property=\"og:locale\" content=\"tr_TR\" \/>\n<meta property=\"og:type\" content=\"article\" \/>\n<meta property=\"og:title\" content=\"Manisa B\u00fcy\u00fck\u015fehir Belediye Ba\u015fkan\u0131 Ferdi Zeyrek hayat\u0131n\u0131 kaybetti - Memurun Sesi\" \/>\n<meta property=\"og:description\" content=\"Elektrik ak\u0131m\u0131na kap\u0131larak a\u011f\u0131r yaralanan Manisa B\u00fcy\u00fck\u015fehir Belediye Ba\u015fkan\u0131 Ferdi Zeyrek, hastanedeki tedavisinin 3. g\u00fcn\u00fcnde yap\u0131lan t\u00fcm m\u00fcdahalelere ra\u011fmen hayat\u0131n\u0131 kaybetti. Manisa&#8217;n\u0131n Yunusemre il\u00e7esi Ke\u00e7ilik\u00f6y Mahallesi&#8217;ndeki evinde bayram\u0131n ilk g\u00fcn\u00fc saat 23.30&#8217;da havuzun yan\u0131ndaki makine b\u00f6l\u00fcm\u00fcnde elektrik ak\u0131m\u0131na kap\u0131larak a\u011f\u0131r yaralanan ve 70 dakikal\u0131k kalp masaj\u0131yla hayata d\u00f6nd\u00fcr\u00fclerek yo\u011fun bak\u0131mda tedavisine devam edilen Manisa B\u00fcy\u00fck\u015fehir [&hellip;]\" \/>\n<meta property=\"og:url\" content=\"https:\/\/memurunsesi.net\/index.php\/2025\/06\/09\/manisa-buyuksehir-belediye-baskani-ferdi-zeyrek-hayatini-kaybetti\/\" \/>\n<meta property=\"og:site_name\" content=\"Memurun Sesi\" \/>\n<meta property=\"article:publisher\" content=\"https:\/\/www.facebook.com\/unipersen\/?locale=tr_TR\" \/>\n<meta property=\"article:published_time\" content=\"2025-06-09T18:06:35+00:00\" \/>\n<meta property=\"og:image\" content=\"https:\/\/memurunsesi.net\/wp-content\/uploads\/2025\/06\/AW472876_02-scaled.jpg\" \/>\n\t<meta property=\"og:image:width\" content=\"2560\" \/>\n\t<meta property=\"og:image:height\" content=\"1920\" \/>\n\t<meta property=\"og:image:type\" content=\"image\/jpeg\" \/>\n<meta name=\"author\" content=\"Memurun Sesi Haber Merkezi\" \/>\n<meta name=\"twitter:card\" content=\"summary_large_image\" \/>\n<meta name=\"twitter:creator\" content=\"@unipersen\" \/>\n<meta name=\"twitter:site\" content=\"@unipersen\" \/>\n<meta name=\"twitter:label1\" content=\"Yazan:\" \/>\n\t<meta name=\"twitter:data1\" content=\"Memurun Sesi Haber Merkezi\" \/>\n\t<meta name=\"twitter:label2\" content=\"Tahmini okuma s\u00fcresi\" \/>\n\t<meta name=\"twitter:data2\" content=\"1 dakika\" \/>\n<script type=\"application\/ld+json\" class=\"yoast-schema-graph\">{\"@context\":\"https:\\\/\\\/schema.org\",\"@graph\":[{\"@type\":\"Article\",\"@id\":\"https:\\\/\\\/memurunsesi.net\\\/index.php\\\/2025\\\/06\\\/09\\\/manisa-buyuksehir-belediye-baskani-ferdi-zeyrek-hayatini-kaybetti\\\/#article\",\"isPartOf\":{\"@id\":\"https:\\\/\\\/memurunsesi.net\\\/index.php\\\/2025\\\/06\\\/09\\\/manisa-buyuksehir-belediye-baskani-ferdi-zeyrek-hayatini-kaybetti\\\/\"},\"author\":{\"name\":\"Memurun Sesi Haber Merkezi\",\"@id\":\"https:\\\/\\\/memurunsesi.net\\\/#\\\/schema\\\/person\\\/f21c2d73b89f6ee1d80b0a1803e38587\"},\"headline\":\"Manisa B\u00fcy\u00fck\u015fehir Belediye Ba\u015fkan\u0131 Ferdi Zeyrek hayat\u0131n\u0131 kaybetti\",\"datePublished\":\"2025-06-09T18:06:35+00:00\",\"mainEntityOfPage\":{\"@id\":\"https:\\\/\\\/memurunsesi.net\\\/index.php\\\/2025\\\/06\\\/09\\\/manisa-buyuksehir-belediye-baskani-ferdi-zeyrek-hayatini-kaybetti\\\/\"},\"wordCount\":226,\"commentCount\":0,\"publisher\":{\"@id\":\"https:\\\/\\\/memurunsesi.net\\\/#organization\"},\"image\":{\"@id\":\"https:\\\/\\\/memurunsesi.net\\\/index.php\\\/2025\\\/06\\\/09\\\/manisa-buyuksehir-belediye-baskani-ferdi-zeyrek-hayatini-kaybetti\\\/#primaryimage\"},\"thumbnailUrl\":\"https:\\\/\\\/memurunsesi.net\\\/wp-content\\\/uploads\\\/2025\\\/06\\\/AW472876_02-scaled.jpg\",\"inLanguage\":\"tr\",\"potentialAction\":[{\"@type\":\"CommentAction\",\"name\":\"Comment\",\"target\":[\"https:\\\/\\\/memurunsesi.net\\\/index.php\\\/2025\\\/06\\\/09\\\/manisa-buyuksehir-belediye-baskani-ferdi-zeyrek-hayatini-kaybetti\\\/#respond\"]}]},{\"@type\":\"WebPage\",\"@id\":\"https:\\\/\\\/memurunsesi.net\\\/index.php\\\/2025\\\/06\\\/09\\\/manisa-buyuksehir-belediye-baskani-ferdi-zeyrek-hayatini-kaybetti\\\/\",\"url\":\"https:\\\/\\\/memurunsesi.net\\\/index.php\\\/2025\\\/06\\\/09\\\/manisa-buyuksehir-belediye-baskani-ferdi-zeyrek-hayatini-kaybetti\\\/\",\"name\":\"Manisa B\u00fcy\u00fck\u015fehir Belediye Ba\u015fkan\u0131 Ferdi Zeyrek hayat\u0131n\u0131 kaybetti - Memurun Sesi\",\"isPartOf\":{\"@id\":\"https:\\\/\\\/memurunsesi.net\\\/#website\"},\"primaryImageOfPage\":{\"@id\":\"https:\\\/\\\/memurunsesi.net\\\/index.php\\\/2025\\\/06\\\/09\\\/manisa-buyuksehir-belediye-baskani-ferdi-zeyrek-hayatini-kaybetti\\\/#primaryimage\"},\"image\":{\"@id\":\"https:\\\/\\\/memurunsesi.net\\\/index.php\\\/2025\\\/06\\\/09\\\/manisa-buyuksehir-belediye-baskani-ferdi-zeyrek-hayatini-kaybetti\\\/#primaryimage\"},\"thumbnailUrl\":\"https:\\\/\\\/memurunsesi.net\\\/wp-content\\\/uploads\\\/2025\\\/06\\\/AW472876_02-scaled.jpg\",\"datePublished\":\"2025-06-09T18:06:35+00:00\",\"breadcrumb\":{\"@id\":\"https:\\\/\\\/memurunsesi.net\\\/index.php\\\/2025\\\/06\\\/09\\\/manisa-buyuksehir-belediye-baskani-ferdi-zeyrek-hayatini-kaybetti\\\/#breadcrumb\"},\"inLanguage\":\"tr\",\"potentialAction\":[{\"@type\":\"ReadAction\",\"target\":[\"https:\\\/\\\/memurunsesi.net\\\/index.php\\\/2025\\\/06\\\/09\\\/manisa-buyuksehir-belediye-baskani-ferdi-zeyrek-hayatini-kaybetti\\\/\"]}]},{\"@type\":\"ImageObject\",\"inLanguage\":\"tr\",\"@id\":\"https:\\\/\\\/memurunsesi.net\\\/index.php\\\/2025\\\/06\\\/09\\\/manisa-buyuksehir-belediye-baskani-ferdi-zeyrek-hayatini-kaybetti\\\/#primaryimage\",\"url\":\"https:\\\/\\\/memurunsesi.net\\\/wp-content\\\/uploads\\\/2025\\\/06\\\/AW472876_02-scaled.jpg\",\"contentUrl\":\"https:\\\/\\\/memurunsesi.net\\\/wp-content\\\/uploads\\\/2025\\\/06\\\/AW472876_02-scaled.jpg\",\"width\":2560,\"height\":1920,\"caption\":\"ELEKTR\u0130K AKIMINA KAPILARAK A\u011eIR YARALANAN VE MAN\u0130SA CELAL BAYAR \u00dcN\u0130VERS\u0130TES\u0130 HAFSA SULTAN HASTANES\u0130'NDE TEDAV\u0130 G\u00d6REN MAN\u0130SA B\u00dcY\u00dcK\u015eEH\u0130R BELED\u0130YE BA\u015eKANI FERD\u0130 ZEYREK, HAYATINI KAYBETT\u0130. (AYKUT YEN\u0130\u00c7A\u011e - SADIK CANGEL - TURGAY DUYAR\\\/MAN\u0130SA-\u0130HA) Elektrik ak\u0131m\u0131na kap\u0131larak a\u011f\u0131r yaralanan Manisa B\u00fcy\u00fck\u015fehir Belediye Ba\u015fkan\u0131 Ferdi Zeyrek, hastanedeki tedavisinin\"},{\"@type\":\"BreadcrumbList\",\"@id\":\"https:\\\/\\\/memurunsesi.net\\\/index.php\\\/2025\\\/06\\\/09\\\/manisa-buyuksehir-belediye-baskani-ferdi-zeyrek-hayatini-kaybetti\\\/#breadcrumb\",\"itemListElement\":[{\"@type\":\"ListItem\",\"position\":1,\"name\":\"Anasayfa\",\"item\":\"https:\\\/\\\/memurunsesi.net\\\/\"},{\"@type\":\"ListItem\",\"position\":2,\"name\":\"Manisa B\u00fcy\u00fck\u015fehir Belediye Ba\u015fkan\u0131 Ferdi Zeyrek hayat\u0131n\u0131 kaybetti\"}]},{\"@type\":\"WebSite\",\"@id\":\"https:\\\/\\\/memurunsesi.net\\\/#website\",\"url\":\"https:\\\/\\\/memurunsesi.net\\\/\",\"name\":\"Memurun Sesi\",\"description\":\"G\u00fcncel ve Do\u011fru Haber\",\"publisher\":{\"@id\":\"https:\\\/\\\/memurunsesi.net\\\/#organization\"},\"potentialAction\":[{\"@type\":\"SearchAction\",\"target\":{\"@type\":\"EntryPoint\",\"urlTemplate\":\"https:\\\/\\\/memurunsesi.net\\\/?s={search_term_string}\"},\"query-input\":{\"@type\":\"PropertyValueSpecification\",\"valueRequired\":true,\"valueName\":\"search_term_string\"}}],\"inLanguage\":\"tr\"},{\"@type\":\"Organization\",\"@id\":\"https:\\\/\\\/memurunsesi.net\\\/#organization\",\"name\":\"Memurun Sesi\",\"url\":\"https:\\\/\\\/memurunsesi.net\\\/\",\"logo\":{\"@type\":\"ImageObject\",\"inLanguage\":\"tr\",\"@id\":\"https:\\\/\\\/memurunsesi.net\\\/#\\\/schema\\\/logo\\\/image\\\/\",\"url\":\"https:\\\/\\\/memurunsesi.net\\\/wp-content\\\/uploads\\\/2025\\\/11\\\/cropped-MEMURUN-SESI.png\",\"contentUrl\":\"https:\\\/\\\/memurunsesi.net\\\/wp-content\\\/uploads\\\/2025\\\/11\\\/cropped-MEMURUN-SESI.png\",\"width\":238,\"height\":57,\"caption\":\"Memurun Sesi\"},\"image\":{\"@id\":\"https:\\\/\\\/memurunsesi.net\\\/#\\\/schema\\\/logo\\\/image\\\/\"},\"sameAs\":[\"https:\\\/\\\/www.facebook.com\\\/unipersen\\\/?locale=tr_TR\",\"https:\\\/\\\/x.com\\\/unipersen\"]},{\"@type\":\"Person\",\"@id\":\"https:\\\/\\\/memurunsesi.net\\\/#\\\/schema\\\/person\\\/f21c2d73b89f6ee1d80b0a1803e38587\",\"name\":\"Memurun Sesi Haber Merkezi\",\"image\":{\"@type\":\"ImageObject\",\"inLanguage\":\"tr\",\"@id\":\"https:\\\/\\\/secure.gravatar.com\\\/avatar\\\/6cf0505f452ee753f485014986fab09a434671d2b919ee76fc541025c5876a70?s=96&d=mm&r=g\",\"url\":\"https:\\\/\\\/secure.gravatar.com\\\/avatar\\\/6cf0505f452ee753f485014986fab09a434671d2b919ee76fc541025c5876a70?s=96&d=mm&r=g\",\"contentUrl\":\"https:\\\/\\\/secure.gravatar.com\\\/avatar\\\/6cf0505f452ee753f485014986fab09a434671d2b919ee76fc541025c5876a70?s=96&d=mm&r=g\",\"caption\":\"Memurun Sesi Haber Merkezi\"},\"sameAs\":[\"https:\\\/\\\/memurunsesi.net\"],\"url\":\"https:\\\/\\\/memurunsesi.net\\\/index.php\\\/author\\\/uniper\\\/\"}]}<\/script>\n<!-- \/ Yoast SEO plugin. -->","yoast_head_json":{"title":"Manisa B\u00fcy\u00fck\u015fehir Belediye Ba\u015fkan\u0131 Ferdi Zeyrek hayat\u0131n\u0131 kaybetti - Memurun Sesi","robots":{"index":"index","follow":"follow","max-snippet":"max-snippet:-1","max-image-preview":"max-image-preview:large","max-video-preview":"max-video-preview:-1"},"canonical":"https:\/\/memurunsesi.net\/index.php\/2025\/06\/09\/manisa-buyuksehir-belediye-baskani-ferdi-zeyrek-hayatini-kaybetti\/","og_locale":"tr_TR","og_type":"article","og_title":"Manisa B\u00fcy\u00fck\u015fehir Belediye Ba\u015fkan\u0131 Ferdi Zeyrek hayat\u0131n\u0131 kaybetti - Memurun Sesi","og_description":"Elektrik ak\u0131m\u0131na kap\u0131larak a\u011f\u0131r yaralanan Manisa B\u00fcy\u00fck\u015fehir Belediye Ba\u015fkan\u0131 Ferdi Zeyrek, hastanedeki tedavisinin 3. g\u00fcn\u00fcnde yap\u0131lan t\u00fcm m\u00fcdahalelere ra\u011fmen hayat\u0131n\u0131 kaybetti. Manisa&#8217;n\u0131n Yunusemre il\u00e7esi Ke\u00e7ilik\u00f6y Mahallesi&#8217;ndeki evinde bayram\u0131n ilk g\u00fcn\u00fc saat 23.30&#8217;da havuzun yan\u0131ndaki makine b\u00f6l\u00fcm\u00fcnde elektrik ak\u0131m\u0131na kap\u0131larak a\u011f\u0131r yaralanan ve 70 dakikal\u0131k kalp masaj\u0131yla hayata d\u00f6nd\u00fcr\u00fclerek yo\u011fun bak\u0131mda tedavisine devam edilen Manisa B\u00fcy\u00fck\u015fehir [&hellip;]","og_url":"https:\/\/memurunsesi.net\/index.php\/2025\/06\/09\/manisa-buyuksehir-belediye-baskani-ferdi-zeyrek-hayatini-kaybetti\/","og_site_name":"Memurun Sesi","article_publisher":"https:\/\/www.facebook.com\/unipersen\/?locale=tr_TR","article_published_time":"2025-06-09T18:06:35+00:00","og_image":[{"width":2560,"height":1920,"url":"https:\/\/memurunsesi.net\/wp-content\/uploads\/2025\/06\/AW472876_02-scaled.jpg","type":"image\/jpeg"}],"author":"Memurun Sesi Haber Merkezi","twitter_card":"summary_large_image","twitter_creator":"@unipersen","twitter_site":"@unipersen","twitter_misc":{"Yazan:":"Memurun Sesi Haber Merkezi","Tahmini okuma s\u00fcresi":"1 dakika"},"schema":{"@context":"https:\/\/schema.org","@graph":[{"@type":"Article","@id":"https:\/\/memurunsesi.net\/index.php\/2025\/06\/09\/manisa-buyuksehir-belediye-baskani-ferdi-zeyrek-hayatini-kaybetti\/#article","isPartOf":{"@id":"https:\/\/memurunsesi.net\/index.php\/2025\/06\/09\/manisa-buyuksehir-belediye-baskani-ferdi-zeyrek-hayatini-kaybetti\/"},"author":{"name":"Memurun Sesi Haber Merkezi","@id":"https:\/\/memurunsesi.net\/#\/schema\/person\/f21c2d73b89f6ee1d80b0a1803e38587"},"headline":"Manisa B\u00fcy\u00fck\u015fehir Belediye Ba\u015fkan\u0131 Ferdi Zeyrek hayat\u0131n\u0131 kaybetti","datePublished":"2025-06-09T18:06:35+00:00","mainEntityOfPage":{"@id":"https:\/\/memurunsesi.net\/index.php\/2025\/06\/09\/manisa-buyuksehir-belediye-baskani-ferdi-zeyrek-hayatini-kaybetti\/"},"wordCount":226,"commentCount":0,"publisher":{"@id":"https:\/\/memurunsesi.net\/#organization"},"image":{"@id":"https:\/\/memurunsesi.net\/index.php\/2025\/06\/09\/manisa-buyuksehir-belediye-baskani-ferdi-zeyrek-hayatini-kaybetti\/#primaryimage"},"thumbnailUrl":"https:\/\/memurunsesi.net\/wp-content\/uploads\/2025\/06\/AW472876_02-scaled.jpg","inLanguage":"tr","potentialAction":[{"@type":"CommentAction","name":"Comment","target":["https:\/\/memurunsesi.net\/index.php\/2025\/06\/09\/manisa-buyuksehir-belediye-baskani-ferdi-zeyrek-hayatini-kaybetti\/#respond"]}]},{"@type":"WebPage","@id":"https:\/\/memurunsesi.net\/index.php\/2025\/06\/09\/manisa-buyuksehir-belediye-baskani-ferdi-zeyrek-hayatini-kaybetti\/","url":"https:\/\/memurunsesi.net\/index.php\/2025\/06\/09\/manisa-buyuksehir-belediye-baskani-ferdi-zeyrek-hayatini-kaybetti\/","name":"Manisa B\u00fcy\u00fck\u015fehir Belediye Ba\u015fkan\u0131 Ferdi Zeyrek hayat\u0131n\u0131 kaybetti - Memurun Sesi","isPartOf":{"@id":"https:\/\/memurunsesi.net\/#website"},"primaryImageOfPage":{"@id":"https:\/\/memurunsesi.net\/index.php\/2025\/06\/09\/manisa-buyuksehir-belediye-baskani-ferdi-zeyrek-hayatini-kaybetti\/#primaryimage"},"image":{"@id":"https:\/\/memurunsesi.net\/index.php\/2025\/06\/09\/manisa-buyuksehir-belediye-baskani-ferdi-zeyrek-hayatini-kaybetti\/#primaryimage"},"thumbnailUrl":"https:\/\/memurunsesi.net\/wp-content\/uploads\/2025\/06\/AW472876_02-scaled.jpg","datePublished":"2025-06-09T18:06:35+00:00","breadcrumb":{"@id":"https:\/\/memurunsesi.net\/index.php\/2025\/06\/09\/manisa-buyuksehir-belediye-baskani-ferdi-zeyrek-hayatini-kaybetti\/#breadcrumb"},"inLanguage":"tr","potentialAction":[{"@type":"ReadAction","target":["https:\/\/memurunsesi.net\/index.php\/2025\/06\/09\/manisa-buyuksehir-belediye-baskani-ferdi-zeyrek-hayatini-kaybetti\/"]}]},{"@type":"ImageObject","inLanguage":"tr","@id":"https:\/\/memurunsesi.net\/index.php\/2025\/06\/09\/manisa-buyuksehir-belediye-baskani-ferdi-zeyrek-hayatini-kaybetti\/#primaryimage","url":"https:\/\/memurunsesi.net\/wp-content\/uploads\/2025\/06\/AW472876_02-scaled.jpg","contentUrl":"https:\/\/memurunsesi.net\/wp-content\/uploads\/2025\/06\/AW472876_02-scaled.jpg","width":2560,"height":1920,"caption":"ELEKTR\u0130K AKIMINA KAPILARAK A\u011eIR YARALANAN VE MAN\u0130SA CELAL BAYAR \u00dcN\u0130VERS\u0130TES\u0130 HAFSA SULTAN HASTANES\u0130'NDE TEDAV\u0130 G\u00d6REN MAN\u0130SA B\u00dcY\u00dcK\u015eEH\u0130R BELED\u0130YE BA\u015eKANI FERD\u0130 ZEYREK, HAYATINI KAYBETT\u0130. (AYKUT YEN\u0130\u00c7A\u011e - SADIK CANGEL - TURGAY DUYAR\/MAN\u0130SA-\u0130HA) Elektrik ak\u0131m\u0131na kap\u0131larak a\u011f\u0131r yaralanan Manisa B\u00fcy\u00fck\u015fehir Belediye Ba\u015fkan\u0131 Ferdi Zeyrek, hastanedeki tedavisinin"},{"@type":"BreadcrumbList","@id":"https:\/\/memurunsesi.net\/index.php\/2025\/06\/09\/manisa-buyuksehir-belediye-baskani-ferdi-zeyrek-hayatini-kaybetti\/#breadcrumb","itemListElement":[{"@type":"ListItem","position":1,"name":"Anasayfa","item":"https:\/\/memurunsesi.net\/"},{"@type":"ListItem","position":2,"name":"Manisa B\u00fcy\u00fck\u015fehir Belediye Ba\u015fkan\u0131 Ferdi Zeyrek hayat\u0131n\u0131 kaybetti"}]},{"@type":"WebSite","@id":"https:\/\/memurunsesi.net\/#website","url":"https:\/\/memurunsesi.net\/","name":"Memurun Sesi","description":"G\u00fcncel ve Do\u011fru Haber","publisher":{"@id":"https:\/\/memurunsesi.net\/#organization"},"potentialAction":[{"@type":"SearchAction","target":{"@type":"EntryPoint","urlTemplate":"https:\/\/memurunsesi.net\/?s={search_term_string}"},"query-input":{"@type":"PropertyValueSpecification","valueRequired":true,"valueName":"search_term_string"}}],"inLanguage":"tr"},{"@type":"Organization","@id":"https:\/\/memurunsesi.net\/#organization","name":"Memurun Sesi","url":"https:\/\/memurunsesi.net\/","logo":{"@type":"ImageObject","inLanguage":"tr","@id":"https:\/\/memurunsesi.net\/#\/schema\/logo\/image\/","url":"https:\/\/memurunsesi.net\/wp-content\/uploads\/2025\/11\/cropped-MEMURUN-SESI.png","contentUrl":"https:\/\/memurunsesi.net\/wp-content\/uploads\/2025\/11\/cropped-MEMURUN-SESI.png","width":238,"height":57,"caption":"Memurun Sesi"},"image":{"@id":"https:\/\/memurunsesi.net\/#\/schema\/logo\/image\/"},"sameAs":["https:\/\/www.facebook.com\/unipersen\/?locale=tr_TR","https:\/\/x.com\/unipersen"]},{"@type":"Person","@id":"https:\/\/memurunsesi.net\/#\/schema\/person\/f21c2d73b89f6ee1d80b0a1803e38587","name":"Memurun Sesi Haber Merkezi","image":{"@type":"ImageObject","inLanguage":"tr","@id":"https:\/\/secure.gravatar.com\/avatar\/6cf0505f452ee753f485014986fab09a434671d2b919ee76fc541025c5876a70?s=96&d=mm&r=g","url":"https:\/\/secure.gravatar.com\/avatar\/6cf0505f452ee753f485014986fab09a434671d2b919ee76fc541025c5876a70?s=96&d=mm&r=g","contentUrl":"https:\/\/secure.gravatar.com\/avatar\/6cf0505f452ee753f485014986fab09a434671d2b919ee76fc541025c5876a70?s=96&d=mm&r=g","caption":"Memurun Sesi Haber Merkezi"},"sameAs":["https:\/\/memurunsesi.net"],"url":"https:\/\/memurunsesi.net\/index.php\/author\/uniper\/"}]}},"_links":{"self":[{"href":"https:\/\/memurunsesi.net\/index.php\/wp-json\/wp\/v2\/posts\/7853","targetHints":{"allow":["GET"]}}],"collection":[{"href":"https:\/\/memurunsesi.net\/index.php\/wp-json\/wp\/v2\/posts"}],"about":[{"href":"https:\/\/memurunsesi.net\/index.php\/wp-json\/wp\/v2\/types\/post"}],"author":[{"embeddable":true,"href":"https:\/\/memurunsesi.net\/index.php\/wp-json\/wp\/v2\/users\/1"}],"replies":[{"embeddable":true,"href":"https:\/\/memurunsesi.net\/index.php\/wp-json\/wp\/v2\/comments?post=7853"}],"version-history":[{"count":1,"href":"https:\/\/memurunsesi.net\/index.php\/wp-json\/wp\/v2\/posts\/7853\/revisions"}],"predecessor-version":[{"id":7855,"href":"https:\/\/memurunsesi.net\/index.php\/wp-json\/wp\/v2\/posts\/7853\/revisions\/7855"}],"wp:featuredmedia":[{"embeddable":true,"href":"https:\/\/memurunsesi.net\/index.php\/wp-json\/wp\/v2\/media\/7854"}],"wp:attachment":[{"href":"https:\/\/memurunsesi.net\/index.php\/wp-json\/wp\/v2\/media?parent=7853"}],"wp:term":[{"taxonomy":"category","embeddable":true,"href":"https:\/\/memurunsesi.net\/index.php\/wp-json\/wp\/v2\/categories?post=7853"},{"taxonomy":"post_tag","embeddable":true,"href":"https:\/\/memurunsesi.net\/index.php\/wp-json\/wp\/v2\/tags?post=7853"}],"curies":[{"name":"wp","href":"https:\/\/api.w.org\/{rel}","templated":true}]}}