{"id":7856,"date":"2025-06-09T22:12:41","date_gmt":"2025-06-09T19:12:41","guid":{"rendered":"https:\/\/memurunsesi.net\/?p=7856"},"modified":"2025-06-09T22:12:41","modified_gmt":"2025-06-09T19:12:41","slug":"amasyada-4-ahsap-ev-yandi","status":"publish","type":"post","link":"https:\/\/memurunsesi.net\/index.php\/2025\/06\/09\/amasyada-4-ahsap-ev-yandi\/","title":{"rendered":"Amasya\u2019da 4 ah\u015fap ev yand\u0131"},"content":{"rendered":"<p>   Amasya&#8217;n\u0131n Suluova il\u00e7esinde bir k\u00f6yde \u00e7\u0131kan yang\u0131nda 4 ah\u015fap ev yanarak kullan\u0131lmaz hale geldi.<br \/>\nEdinilen bilgiye g\u00f6re, Soku k\u00f6y\u00fcnde bir evde ba\u015flayan yang\u0131n k\u0131sa s\u00fcrede \u00e7evredeki evlere s\u0131\u00e7rad\u0131. \u0130hbar \u00fczerine k\u00f6ye itfaiye, acil sa\u011fl\u0131k ve jandarma ekipleri sevk edildi. Alevler ekiplerin m\u00fcdahalesiyle g\u00fc\u00e7l\u00fckle kontrol alt\u0131na al\u0131narak s\u00f6nd\u00fcr\u00fcld\u00fc. Yang\u0131nda, Celal G\u00f6nc\u00fc ve \u0130smail Bolat&#8217;a ait evler ile bo\u015f durumda olan 2 ah\u015fap ev olmak \u00fczere toplam 4 ev yanarak kullan\u0131lmaz hale geldi. Yang\u0131n\u0131n \u00e7\u0131k\u0131\u015f nedenine ili\u015fkin inceleme ba\u015flat\u0131ld\u0131.<br \/>\n  Suluova Kaymakam\u0131 \u015eafak G\u00fcr\u00e7am ve Belediye Ba\u015fkan\u0131 R\u0131fat Uzun da, yang\u0131n\u0131 s\u00f6nd\u00fcrme \u00e7al\u0131\u015fmalar\u0131n\u0131 takip etti.  <\/p>\n<p>9.06.2025                                  <\/p>\n","protected":false},"excerpt":{"rendered":"<p>Amasya&#8217;n\u0131n Suluova il\u00e7esinde bir k\u00f6yde \u00e7\u0131kan yang\u0131nda 4 ah\u015fap ev yanarak kullan\u0131lmaz hale geldi. Edinilen bilgiye g\u00f6re, Soku k\u00f6y\u00fcnde bir evde ba\u015flayan yang\u0131n k\u0131sa s\u00fcrede \u00e7evredeki evlere s\u0131\u00e7rad\u0131. \u0130hbar \u00fczerine k\u00f6ye itfaiye, acil sa\u011fl\u0131k ve jandarma ekipleri sevk edildi. Alevler ekiplerin m\u00fcdahalesiyle g\u00fc\u00e7l\u00fckle kontrol alt\u0131na al\u0131narak s\u00f6nd\u00fcr\u00fcld\u00fc. Yang\u0131nda, Celal G\u00f6nc\u00fc ve \u0130smail Bolat&#8217;a ait evler [&hellip;]<\/p>\n","protected":false},"author":1,"featured_media":7857,"comment_status":"open","ping_status":"open","sticky":false,"template":"","format":"standard","meta":{"footnotes":""},"categories":[1],"tags":[],"class_list":["post-7856","post","type-post","status-publish","format-standard","has-post-thumbnail","hentry","category-genel"],"yoast_head":"<!-- This site is optimized with the Yoast SEO plugin v27.4 - https:\/\/yoast.com\/product\/yoast-seo-wordpress\/ -->\n<title>Amasya\u2019da 4 ah\u015fap ev yand\u0131 - Memurun Sesi<\/title>\n<meta name=\"robots\" content=\"index, follow, max-snippet:-1, max-image-preview:large, max-video-preview:-1\" \/>\n<link rel=\"canonical\" href=\"https:\/\/memurunsesi.net\/index.php\/2025\/06\/09\/amasyada-4-ahsap-ev-yandi\/\" \/>\n<meta property=\"og:locale\" content=\"tr_TR\" \/>\n<meta property=\"og:type\" content=\"article\" \/>\n<meta property=\"og:title\" content=\"Amasya\u2019da 4 ah\u015fap ev yand\u0131 - Memurun Sesi\" \/>\n<meta property=\"og:description\" content=\"Amasya&#8217;n\u0131n Suluova il\u00e7esinde bir k\u00f6yde \u00e7\u0131kan yang\u0131nda 4 ah\u015fap ev yanarak kullan\u0131lmaz hale geldi. Edinilen bilgiye g\u00f6re, Soku k\u00f6y\u00fcnde bir evde ba\u015flayan yang\u0131n k\u0131sa s\u00fcrede \u00e7evredeki evlere s\u0131\u00e7rad\u0131. \u0130hbar \u00fczerine k\u00f6ye itfaiye, acil sa\u011fl\u0131k ve jandarma ekipleri sevk edildi. Alevler ekiplerin m\u00fcdahalesiyle g\u00fc\u00e7l\u00fckle kontrol alt\u0131na al\u0131narak s\u00f6nd\u00fcr\u00fcld\u00fc. Yang\u0131nda, Celal G\u00f6nc\u00fc ve \u0130smail Bolat&#8217;a ait evler [&hellip;]\" \/>\n<meta property=\"og:url\" content=\"https:\/\/memurunsesi.net\/index.php\/2025\/06\/09\/amasyada-4-ahsap-ev-yandi\/\" \/>\n<meta property=\"og:site_name\" content=\"Memurun Sesi\" \/>\n<meta property=\"article:publisher\" content=\"https:\/\/www.facebook.com\/unipersen\/?locale=tr_TR\" \/>\n<meta property=\"article:published_time\" content=\"2025-06-09T19:12:41+00:00\" \/>\n<meta property=\"og:image\" content=\"https:\/\/memurunsesi.net\/wp-content\/uploads\/2025\/06\/AW472912_01.jpg\" \/>\n\t<meta property=\"og:image:width\" content=\"540\" \/>\n\t<meta property=\"og:image:height\" content=\"960\" \/>\n\t<meta property=\"og:image:type\" content=\"image\/jpeg\" \/>\n<meta name=\"author\" content=\"Memurun Sesi Haber Merkezi\" \/>\n<meta name=\"twitter:card\" content=\"summary_large_image\" \/>\n<meta name=\"twitter:creator\" content=\"@unipersen\" \/>\n<meta name=\"twitter:site\" content=\"@unipersen\" \/>\n<meta name=\"twitter:label1\" content=\"Yazan:\" \/>\n\t<meta name=\"twitter:data1\" content=\"Memurun Sesi Haber Merkezi\" \/>\n\t<meta name=\"twitter:label2\" content=\"Tahmini okuma s\u00fcresi\" \/>\n\t<meta name=\"twitter:data2\" content=\"1 dakika\" \/>\n<script type=\"application\/ld+json\" class=\"yoast-schema-graph\">{\"@context\":\"https:\\\/\\\/schema.org\",\"@graph\":[{\"@type\":\"Article\",\"@id\":\"https:\\\/\\\/memurunsesi.net\\\/index.php\\\/2025\\\/06\\\/09\\\/amasyada-4-ahsap-ev-yandi\\\/#article\",\"isPartOf\":{\"@id\":\"https:\\\/\\\/memurunsesi.net\\\/index.php\\\/2025\\\/06\\\/09\\\/amasyada-4-ahsap-ev-yandi\\\/\"},\"author\":{\"name\":\"Memurun Sesi Haber Merkezi\",\"@id\":\"https:\\\/\\\/memurunsesi.net\\\/#\\\/schema\\\/person\\\/f21c2d73b89f6ee1d80b0a1803e38587\"},\"headline\":\"Amasya\u2019da 4 ah\u015fap ev yand\u0131\",\"datePublished\":\"2025-06-09T19:12:41+00:00\",\"mainEntityOfPage\":{\"@id\":\"https:\\\/\\\/memurunsesi.net\\\/index.php\\\/2025\\\/06\\\/09\\\/amasyada-4-ahsap-ev-yandi\\\/\"},\"wordCount\":140,\"commentCount\":0,\"publisher\":{\"@id\":\"https:\\\/\\\/memurunsesi.net\\\/#organization\"},\"image\":{\"@id\":\"https:\\\/\\\/memurunsesi.net\\\/index.php\\\/2025\\\/06\\\/09\\\/amasyada-4-ahsap-ev-yandi\\\/#primaryimage\"},\"thumbnailUrl\":\"https:\\\/\\\/memurunsesi.net\\\/wp-content\\\/uploads\\\/2025\\\/06\\\/AW472912_01.jpg\",\"inLanguage\":\"tr\",\"potentialAction\":[{\"@type\":\"CommentAction\",\"name\":\"Comment\",\"target\":[\"https:\\\/\\\/memurunsesi.net\\\/index.php\\\/2025\\\/06\\\/09\\\/amasyada-4-ahsap-ev-yandi\\\/#respond\"]}]},{\"@type\":\"WebPage\",\"@id\":\"https:\\\/\\\/memurunsesi.net\\\/index.php\\\/2025\\\/06\\\/09\\\/amasyada-4-ahsap-ev-yandi\\\/\",\"url\":\"https:\\\/\\\/memurunsesi.net\\\/index.php\\\/2025\\\/06\\\/09\\\/amasyada-4-ahsap-ev-yandi\\\/\",\"name\":\"Amasya\u2019da 4 ah\u015fap ev yand\u0131 - Memurun Sesi\",\"isPartOf\":{\"@id\":\"https:\\\/\\\/memurunsesi.net\\\/#website\"},\"primaryImageOfPage\":{\"@id\":\"https:\\\/\\\/memurunsesi.net\\\/index.php\\\/2025\\\/06\\\/09\\\/amasyada-4-ahsap-ev-yandi\\\/#primaryimage\"},\"image\":{\"@id\":\"https:\\\/\\\/memurunsesi.net\\\/index.php\\\/2025\\\/06\\\/09\\\/amasyada-4-ahsap-ev-yandi\\\/#primaryimage\"},\"thumbnailUrl\":\"https:\\\/\\\/memurunsesi.net\\\/wp-content\\\/uploads\\\/2025\\\/06\\\/AW472912_01.jpg\",\"datePublished\":\"2025-06-09T19:12:41+00:00\",\"breadcrumb\":{\"@id\":\"https:\\\/\\\/memurunsesi.net\\\/index.php\\\/2025\\\/06\\\/09\\\/amasyada-4-ahsap-ev-yandi\\\/#breadcrumb\"},\"inLanguage\":\"tr\",\"potentialAction\":[{\"@type\":\"ReadAction\",\"target\":[\"https:\\\/\\\/memurunsesi.net\\\/index.php\\\/2025\\\/06\\\/09\\\/amasyada-4-ahsap-ev-yandi\\\/\"]}]},{\"@type\":\"ImageObject\",\"inLanguage\":\"tr\",\"@id\":\"https:\\\/\\\/memurunsesi.net\\\/index.php\\\/2025\\\/06\\\/09\\\/amasyada-4-ahsap-ev-yandi\\\/#primaryimage\",\"url\":\"https:\\\/\\\/memurunsesi.net\\\/wp-content\\\/uploads\\\/2025\\\/06\\\/AW472912_01.jpg\",\"contentUrl\":\"https:\\\/\\\/memurunsesi.net\\\/wp-content\\\/uploads\\\/2025\\\/06\\\/AW472912_01.jpg\",\"width\":540,\"height\":960,\"caption\":\"AMASYA'NIN SULUOVA \u0130L\u00c7ES\u0130NDE B\u0130R K\u00d6YDE \u00c7IKAN YANGINDA 4 AH\u015eAP EV YANARAK KULLANILMAZ HALE GELD\u0130. (SEYFULLAH UZUN\\\/AMASYA-\u0130HA) Amasya'n\u0131n Suluova il\u00e7esinde bir k\u00f6yde \u00e7\u0131kan yang\u0131nda 4 ah\u015fap ev yanarak kullan\u0131lmaz hale geldi.\"},{\"@type\":\"BreadcrumbList\",\"@id\":\"https:\\\/\\\/memurunsesi.net\\\/index.php\\\/2025\\\/06\\\/09\\\/amasyada-4-ahsap-ev-yandi\\\/#breadcrumb\",\"itemListElement\":[{\"@type\":\"ListItem\",\"position\":1,\"name\":\"Anasayfa\",\"item\":\"https:\\\/\\\/memurunsesi.net\\\/\"},{\"@type\":\"ListItem\",\"position\":2,\"name\":\"Amasya\u2019da 4 ah\u015fap ev yand\u0131\"}]},{\"@type\":\"WebSite\",\"@id\":\"https:\\\/\\\/memurunsesi.net\\\/#website\",\"url\":\"https:\\\/\\\/memurunsesi.net\\\/\",\"name\":\"Memurun Sesi\",\"description\":\"G\u00fcncel ve Do\u011fru Haber\",\"publisher\":{\"@id\":\"https:\\\/\\\/memurunsesi.net\\\/#organization\"},\"potentialAction\":[{\"@type\":\"SearchAction\",\"target\":{\"@type\":\"EntryPoint\",\"urlTemplate\":\"https:\\\/\\\/memurunsesi.net\\\/?s={search_term_string}\"},\"query-input\":{\"@type\":\"PropertyValueSpecification\",\"valueRequired\":true,\"valueName\":\"search_term_string\"}}],\"inLanguage\":\"tr\"},{\"@type\":\"Organization\",\"@id\":\"https:\\\/\\\/memurunsesi.net\\\/#organization\",\"name\":\"Memurun Sesi\",\"url\":\"https:\\\/\\\/memurunsesi.net\\\/\",\"logo\":{\"@type\":\"ImageObject\",\"inLanguage\":\"tr\",\"@id\":\"https:\\\/\\\/memurunsesi.net\\\/#\\\/schema\\\/logo\\\/image\\\/\",\"url\":\"https:\\\/\\\/memurunsesi.net\\\/wp-content\\\/uploads\\\/2025\\\/11\\\/cropped-MEMURUN-SESI.png\",\"contentUrl\":\"https:\\\/\\\/memurunsesi.net\\\/wp-content\\\/uploads\\\/2025\\\/11\\\/cropped-MEMURUN-SESI.png\",\"width\":238,\"height\":57,\"caption\":\"Memurun Sesi\"},\"image\":{\"@id\":\"https:\\\/\\\/memurunsesi.net\\\/#\\\/schema\\\/logo\\\/image\\\/\"},\"sameAs\":[\"https:\\\/\\\/www.facebook.com\\\/unipersen\\\/?locale=tr_TR\",\"https:\\\/\\\/x.com\\\/unipersen\"]},{\"@type\":\"Person\",\"@id\":\"https:\\\/\\\/memurunsesi.net\\\/#\\\/schema\\\/person\\\/f21c2d73b89f6ee1d80b0a1803e38587\",\"name\":\"Memurun Sesi Haber Merkezi\",\"image\":{\"@type\":\"ImageObject\",\"inLanguage\":\"tr\",\"@id\":\"https:\\\/\\\/secure.gravatar.com\\\/avatar\\\/6cf0505f452ee753f485014986fab09a434671d2b919ee76fc541025c5876a70?s=96&d=mm&r=g\",\"url\":\"https:\\\/\\\/secure.gravatar.com\\\/avatar\\\/6cf0505f452ee753f485014986fab09a434671d2b919ee76fc541025c5876a70?s=96&d=mm&r=g\",\"contentUrl\":\"https:\\\/\\\/secure.gravatar.com\\\/avatar\\\/6cf0505f452ee753f485014986fab09a434671d2b919ee76fc541025c5876a70?s=96&d=mm&r=g\",\"caption\":\"Memurun Sesi Haber Merkezi\"},\"sameAs\":[\"https:\\\/\\\/memurunsesi.net\"],\"url\":\"https:\\\/\\\/memurunsesi.net\\\/index.php\\\/author\\\/uniper\\\/\"}]}<\/script>\n<!-- \/ Yoast SEO plugin. -->","yoast_head_json":{"title":"Amasya\u2019da 4 ah\u015fap ev yand\u0131 - Memurun Sesi","robots":{"index":"index","follow":"follow","max-snippet":"max-snippet:-1","max-image-preview":"max-image-preview:large","max-video-preview":"max-video-preview:-1"},"canonical":"https:\/\/memurunsesi.net\/index.php\/2025\/06\/09\/amasyada-4-ahsap-ev-yandi\/","og_locale":"tr_TR","og_type":"article","og_title":"Amasya\u2019da 4 ah\u015fap ev yand\u0131 - Memurun Sesi","og_description":"Amasya&#8217;n\u0131n Suluova il\u00e7esinde bir k\u00f6yde \u00e7\u0131kan yang\u0131nda 4 ah\u015fap ev yanarak kullan\u0131lmaz hale geldi. Edinilen bilgiye g\u00f6re, Soku k\u00f6y\u00fcnde bir evde ba\u015flayan yang\u0131n k\u0131sa s\u00fcrede \u00e7evredeki evlere s\u0131\u00e7rad\u0131. \u0130hbar \u00fczerine k\u00f6ye itfaiye, acil sa\u011fl\u0131k ve jandarma ekipleri sevk edildi. Alevler ekiplerin m\u00fcdahalesiyle g\u00fc\u00e7l\u00fckle kontrol alt\u0131na al\u0131narak s\u00f6nd\u00fcr\u00fcld\u00fc. Yang\u0131nda, Celal G\u00f6nc\u00fc ve \u0130smail Bolat&#8217;a ait evler [&hellip;]","og_url":"https:\/\/memurunsesi.net\/index.php\/2025\/06\/09\/amasyada-4-ahsap-ev-yandi\/","og_site_name":"Memurun Sesi","article_publisher":"https:\/\/www.facebook.com\/unipersen\/?locale=tr_TR","article_published_time":"2025-06-09T19:12:41+00:00","og_image":[{"width":540,"height":960,"url":"https:\/\/memurunsesi.net\/wp-content\/uploads\/2025\/06\/AW472912_01.jpg","type":"image\/jpeg"}],"author":"Memurun Sesi Haber Merkezi","twitter_card":"summary_large_image","twitter_creator":"@unipersen","twitter_site":"@unipersen","twitter_misc":{"Yazan:":"Memurun Sesi Haber Merkezi","Tahmini okuma s\u00fcresi":"1 dakika"},"schema":{"@context":"https:\/\/schema.org","@graph":[{"@type":"Article","@id":"https:\/\/memurunsesi.net\/index.php\/2025\/06\/09\/amasyada-4-ahsap-ev-yandi\/#article","isPartOf":{"@id":"https:\/\/memurunsesi.net\/index.php\/2025\/06\/09\/amasyada-4-ahsap-ev-yandi\/"},"author":{"name":"Memurun Sesi Haber Merkezi","@id":"https:\/\/memurunsesi.net\/#\/schema\/person\/f21c2d73b89f6ee1d80b0a1803e38587"},"headline":"Amasya\u2019da 4 ah\u015fap ev yand\u0131","datePublished":"2025-06-09T19:12:41+00:00","mainEntityOfPage":{"@id":"https:\/\/memurunsesi.net\/index.php\/2025\/06\/09\/amasyada-4-ahsap-ev-yandi\/"},"wordCount":140,"commentCount":0,"publisher":{"@id":"https:\/\/memurunsesi.net\/#organization"},"image":{"@id":"https:\/\/memurunsesi.net\/index.php\/2025\/06\/09\/amasyada-4-ahsap-ev-yandi\/#primaryimage"},"thumbnailUrl":"https:\/\/memurunsesi.net\/wp-content\/uploads\/2025\/06\/AW472912_01.jpg","inLanguage":"tr","potentialAction":[{"@type":"CommentAction","name":"Comment","target":["https:\/\/memurunsesi.net\/index.php\/2025\/06\/09\/amasyada-4-ahsap-ev-yandi\/#respond"]}]},{"@type":"WebPage","@id":"https:\/\/memurunsesi.net\/index.php\/2025\/06\/09\/amasyada-4-ahsap-ev-yandi\/","url":"https:\/\/memurunsesi.net\/index.php\/2025\/06\/09\/amasyada-4-ahsap-ev-yandi\/","name":"Amasya\u2019da 4 ah\u015fap ev yand\u0131 - Memurun Sesi","isPartOf":{"@id":"https:\/\/memurunsesi.net\/#website"},"primaryImageOfPage":{"@id":"https:\/\/memurunsesi.net\/index.php\/2025\/06\/09\/amasyada-4-ahsap-ev-yandi\/#primaryimage"},"image":{"@id":"https:\/\/memurunsesi.net\/index.php\/2025\/06\/09\/amasyada-4-ahsap-ev-yandi\/#primaryimage"},"thumbnailUrl":"https:\/\/memurunsesi.net\/wp-content\/uploads\/2025\/06\/AW472912_01.jpg","datePublished":"2025-06-09T19:12:41+00:00","breadcrumb":{"@id":"https:\/\/memurunsesi.net\/index.php\/2025\/06\/09\/amasyada-4-ahsap-ev-yandi\/#breadcrumb"},"inLanguage":"tr","potentialAction":[{"@type":"ReadAction","target":["https:\/\/memurunsesi.net\/index.php\/2025\/06\/09\/amasyada-4-ahsap-ev-yandi\/"]}]},{"@type":"ImageObject","inLanguage":"tr","@id":"https:\/\/memurunsesi.net\/index.php\/2025\/06\/09\/amasyada-4-ahsap-ev-yandi\/#primaryimage","url":"https:\/\/memurunsesi.net\/wp-content\/uploads\/2025\/06\/AW472912_01.jpg","contentUrl":"https:\/\/memurunsesi.net\/wp-content\/uploads\/2025\/06\/AW472912_01.jpg","width":540,"height":960,"caption":"AMASYA'NIN SULUOVA \u0130L\u00c7ES\u0130NDE B\u0130R K\u00d6YDE \u00c7IKAN YANGINDA 4 AH\u015eAP EV YANARAK KULLANILMAZ HALE GELD\u0130. (SEYFULLAH UZUN\/AMASYA-\u0130HA) Amasya'n\u0131n Suluova il\u00e7esinde bir k\u00f6yde \u00e7\u0131kan yang\u0131nda 4 ah\u015fap ev yanarak kullan\u0131lmaz hale geldi."},{"@type":"BreadcrumbList","@id":"https:\/\/memurunsesi.net\/index.php\/2025\/06\/09\/amasyada-4-ahsap-ev-yandi\/#breadcrumb","itemListElement":[{"@type":"ListItem","position":1,"name":"Anasayfa","item":"https:\/\/memurunsesi.net\/"},{"@type":"ListItem","position":2,"name":"Amasya\u2019da 4 ah\u015fap ev yand\u0131"}]},{"@type":"WebSite","@id":"https:\/\/memurunsesi.net\/#website","url":"https:\/\/memurunsesi.net\/","name":"Memurun Sesi","description":"G\u00fcncel ve Do\u011fru Haber","publisher":{"@id":"https:\/\/memurunsesi.net\/#organization"},"potentialAction":[{"@type":"SearchAction","target":{"@type":"EntryPoint","urlTemplate":"https:\/\/memurunsesi.net\/?s={search_term_string}"},"query-input":{"@type":"PropertyValueSpecification","valueRequired":true,"valueName":"search_term_string"}}],"inLanguage":"tr"},{"@type":"Organization","@id":"https:\/\/memurunsesi.net\/#organization","name":"Memurun Sesi","url":"https:\/\/memurunsesi.net\/","logo":{"@type":"ImageObject","inLanguage":"tr","@id":"https:\/\/memurunsesi.net\/#\/schema\/logo\/image\/","url":"https:\/\/memurunsesi.net\/wp-content\/uploads\/2025\/11\/cropped-MEMURUN-SESI.png","contentUrl":"https:\/\/memurunsesi.net\/wp-content\/uploads\/2025\/11\/cropped-MEMURUN-SESI.png","width":238,"height":57,"caption":"Memurun Sesi"},"image":{"@id":"https:\/\/memurunsesi.net\/#\/schema\/logo\/image\/"},"sameAs":["https:\/\/www.facebook.com\/unipersen\/?locale=tr_TR","https:\/\/x.com\/unipersen"]},{"@type":"Person","@id":"https:\/\/memurunsesi.net\/#\/schema\/person\/f21c2d73b89f6ee1d80b0a1803e38587","name":"Memurun Sesi Haber Merkezi","image":{"@type":"ImageObject","inLanguage":"tr","@id":"https:\/\/secure.gravatar.com\/avatar\/6cf0505f452ee753f485014986fab09a434671d2b919ee76fc541025c5876a70?s=96&d=mm&r=g","url":"https:\/\/secure.gravatar.com\/avatar\/6cf0505f452ee753f485014986fab09a434671d2b919ee76fc541025c5876a70?s=96&d=mm&r=g","contentUrl":"https:\/\/secure.gravatar.com\/avatar\/6cf0505f452ee753f485014986fab09a434671d2b919ee76fc541025c5876a70?s=96&d=mm&r=g","caption":"Memurun Sesi Haber Merkezi"},"sameAs":["https:\/\/memurunsesi.net"],"url":"https:\/\/memurunsesi.net\/index.php\/author\/uniper\/"}]}},"_links":{"self":[{"href":"https:\/\/memurunsesi.net\/index.php\/wp-json\/wp\/v2\/posts\/7856","targetHints":{"allow":["GET"]}}],"collection":[{"href":"https:\/\/memurunsesi.net\/index.php\/wp-json\/wp\/v2\/posts"}],"about":[{"href":"https:\/\/memurunsesi.net\/index.php\/wp-json\/wp\/v2\/types\/post"}],"author":[{"embeddable":true,"href":"https:\/\/memurunsesi.net\/index.php\/wp-json\/wp\/v2\/users\/1"}],"replies":[{"embeddable":true,"href":"https:\/\/memurunsesi.net\/index.php\/wp-json\/wp\/v2\/comments?post=7856"}],"version-history":[{"count":1,"href":"https:\/\/memurunsesi.net\/index.php\/wp-json\/wp\/v2\/posts\/7856\/revisions"}],"predecessor-version":[{"id":7858,"href":"https:\/\/memurunsesi.net\/index.php\/wp-json\/wp\/v2\/posts\/7856\/revisions\/7858"}],"wp:featuredmedia":[{"embeddable":true,"href":"https:\/\/memurunsesi.net\/index.php\/wp-json\/wp\/v2\/media\/7857"}],"wp:attachment":[{"href":"https:\/\/memurunsesi.net\/index.php\/wp-json\/wp\/v2\/media?parent=7856"}],"wp:term":[{"taxonomy":"category","embeddable":true,"href":"https:\/\/memurunsesi.net\/index.php\/wp-json\/wp\/v2\/categories?post=7856"},{"taxonomy":"post_tag","embeddable":true,"href":"https:\/\/memurunsesi.net\/index.php\/wp-json\/wp\/v2\/tags?post=7856"}],"curies":[{"name":"wp","href":"https:\/\/api.w.org\/{rel}","templated":true}]}}