{"id":7862,"date":"2025-06-09T22:17:14","date_gmt":"2025-06-09T19:17:14","guid":{"rendered":"https:\/\/memurunsesi.net\/?p=7862"},"modified":"2025-06-09T22:17:14","modified_gmt":"2025-06-09T19:17:14","slug":"araban-ovasinda-hasada-hazir-50-donum-bugday-yandi","status":"publish","type":"post","link":"https:\/\/memurunsesi.net\/index.php\/2025\/06\/09\/araban-ovasinda-hasada-hazir-50-donum-bugday-yandi\/","title":{"rendered":"Araban Ovas\u0131\u2019nda hasada haz\u0131r 50 d\u00f6n\u00fcm bu\u011fday yand\u0131"},"content":{"rendered":"<p>   Gaziantep\u2019in Araban il\u00e7esinde hasada haz\u0131r 50 d\u00f6n\u00fcm bu\u011fday tarlas\u0131 yand\u0131.<br \/>\nEdinilen bilgiye g\u00f6re, Araban il\u00e7esi Yeni Alt\u0131nta\u015f Mahallesi mevkiinde Babl\u0131 Keser ile Kemal K\u00fcpe iki \u00e7ift\u00e7iye ait bu\u011fday tarlas\u0131nda bilinmeyen bir nedenle yang\u0131n \u00e7\u0131kt\u0131. 50 d\u00f6n\u00fcm hasada haz\u0131r makarnal\u0131k sert durum bu\u011fday\u0131 tarlas\u0131nda \u00e7\u0131kan yang\u0131na \u00f6nce vatanda\u015flar sonra da itfaiye ekipleri m\u00fcdahale etti.<br \/>\n  Yang\u0131n vatanda\u015flar ve ekiplerin m\u00fcdahalesi sonucu s\u00f6nd\u00fcr\u00fcld\u00fc. Araban Ziraat Odas\u0131 Ba\u015fkan\u0131 Hasan Altun, b\u00f6lgede incelemelerde bulundu. \u00c7ift\u00e7ilere ge\u00e7mi\u015f olsun dile\u011finde bulunan Altun, &#8220;Araban Ovas\u0131\u2019nda hasada haz\u0131r b\u00f6lgelerde seyahat eden vatanda\u015flar\u0131m\u0131zdan ricam\u0131z var. L\u00fctfen hasada haz\u0131r b\u00f6lgelerden ge\u00e7erken \u00e7evreye yan\u0131c\u0131 ve yak\u0131c\u0131 madde atmamalar\u0131n\u0131 rica ediyorum. Hasada haz\u0131r bu\u011fday sahibi \u00e7ift\u00e7ilerimiz de en k\u0131sa zamanda hasadlar\u0131n\u0131 yaps\u0131nlar&#8221; ifadelerini kulland\u0131.<br \/>\n  Yang\u0131n\u0131n \u00e7\u0131k\u0131\u015f nedeni ile ilgili soru\u015fturma ba\u015flat\u0131ld\u0131.  <\/p>\n<p>9.06.2025                           <\/p>\n","protected":false},"excerpt":{"rendered":"<p>Gaziantep\u2019in Araban il\u00e7esinde hasada haz\u0131r 50 d\u00f6n\u00fcm bu\u011fday tarlas\u0131 yand\u0131. Edinilen bilgiye g\u00f6re, Araban il\u00e7esi Yeni Alt\u0131nta\u015f Mahallesi mevkiinde Babl\u0131 Keser ile Kemal K\u00fcpe iki \u00e7ift\u00e7iye ait bu\u011fday tarlas\u0131nda bilinmeyen bir nedenle yang\u0131n \u00e7\u0131kt\u0131. 50 d\u00f6n\u00fcm hasada haz\u0131r makarnal\u0131k sert durum bu\u011fday\u0131 tarlas\u0131nda \u00e7\u0131kan yang\u0131na \u00f6nce vatanda\u015flar sonra da itfaiye ekipleri m\u00fcdahale etti. Yang\u0131n vatanda\u015flar [&hellip;]<\/p>\n","protected":false},"author":1,"featured_media":7863,"comment_status":"open","ping_status":"open","sticky":false,"template":"","format":"standard","meta":{"footnotes":""},"categories":[1],"tags":[],"class_list":["post-7862","post","type-post","status-publish","format-standard","has-post-thumbnail","hentry","category-genel"],"yoast_head":"<!-- This site is optimized with the Yoast SEO plugin v27.4 - https:\/\/yoast.com\/product\/yoast-seo-wordpress\/ -->\n<title>Araban Ovas\u0131\u2019nda hasada haz\u0131r 50 d\u00f6n\u00fcm bu\u011fday yand\u0131 - Memurun Sesi<\/title>\n<meta name=\"robots\" content=\"index, follow, max-snippet:-1, max-image-preview:large, max-video-preview:-1\" \/>\n<link rel=\"canonical\" href=\"https:\/\/memurunsesi.net\/index.php\/2025\/06\/09\/araban-ovasinda-hasada-hazir-50-donum-bugday-yandi\/\" \/>\n<meta property=\"og:locale\" content=\"tr_TR\" \/>\n<meta property=\"og:type\" content=\"article\" \/>\n<meta property=\"og:title\" content=\"Araban Ovas\u0131\u2019nda hasada haz\u0131r 50 d\u00f6n\u00fcm bu\u011fday yand\u0131 - Memurun Sesi\" \/>\n<meta property=\"og:description\" content=\"Gaziantep\u2019in Araban il\u00e7esinde hasada haz\u0131r 50 d\u00f6n\u00fcm bu\u011fday tarlas\u0131 yand\u0131. Edinilen bilgiye g\u00f6re, Araban il\u00e7esi Yeni Alt\u0131nta\u015f Mahallesi mevkiinde Babl\u0131 Keser ile Kemal K\u00fcpe iki \u00e7ift\u00e7iye ait bu\u011fday tarlas\u0131nda bilinmeyen bir nedenle yang\u0131n \u00e7\u0131kt\u0131. 50 d\u00f6n\u00fcm hasada haz\u0131r makarnal\u0131k sert durum bu\u011fday\u0131 tarlas\u0131nda \u00e7\u0131kan yang\u0131na \u00f6nce vatanda\u015flar sonra da itfaiye ekipleri m\u00fcdahale etti. Yang\u0131n vatanda\u015flar [&hellip;]\" \/>\n<meta property=\"og:url\" content=\"https:\/\/memurunsesi.net\/index.php\/2025\/06\/09\/araban-ovasinda-hasada-hazir-50-donum-bugday-yandi\/\" \/>\n<meta property=\"og:site_name\" content=\"Memurun Sesi\" \/>\n<meta property=\"article:publisher\" content=\"https:\/\/www.facebook.com\/unipersen\/?locale=tr_TR\" \/>\n<meta property=\"article:published_time\" content=\"2025-06-09T19:17:14+00:00\" \/>\n<meta property=\"og:image\" content=\"https:\/\/memurunsesi.net\/wp-content\/uploads\/2025\/06\/AW472907_01.jpg\" \/>\n\t<meta property=\"og:image:width\" content=\"850\" \/>\n\t<meta property=\"og:image:height\" content=\"479\" \/>\n\t<meta property=\"og:image:type\" content=\"image\/jpeg\" \/>\n<meta name=\"author\" content=\"Memurun Sesi Haber Merkezi\" \/>\n<meta name=\"twitter:card\" content=\"summary_large_image\" \/>\n<meta name=\"twitter:creator\" content=\"@unipersen\" \/>\n<meta name=\"twitter:site\" content=\"@unipersen\" \/>\n<meta name=\"twitter:label1\" content=\"Yazan:\" \/>\n\t<meta name=\"twitter:data1\" content=\"Memurun Sesi Haber Merkezi\" \/>\n\t<meta name=\"twitter:label2\" content=\"Tahmini okuma s\u00fcresi\" \/>\n\t<meta name=\"twitter:data2\" content=\"1 dakika\" \/>\n<script type=\"application\/ld+json\" class=\"yoast-schema-graph\">{\"@context\":\"https:\\\/\\\/schema.org\",\"@graph\":[{\"@type\":\"Article\",\"@id\":\"https:\\\/\\\/memurunsesi.net\\\/index.php\\\/2025\\\/06\\\/09\\\/araban-ovasinda-hasada-hazir-50-donum-bugday-yandi\\\/#article\",\"isPartOf\":{\"@id\":\"https:\\\/\\\/memurunsesi.net\\\/index.php\\\/2025\\\/06\\\/09\\\/araban-ovasinda-hasada-hazir-50-donum-bugday-yandi\\\/\"},\"author\":{\"name\":\"Memurun Sesi Haber Merkezi\",\"@id\":\"https:\\\/\\\/memurunsesi.net\\\/#\\\/schema\\\/person\\\/f21c2d73b89f6ee1d80b0a1803e38587\"},\"headline\":\"Araban Ovas\u0131\u2019nda hasada haz\u0131r 50 d\u00f6n\u00fcm bu\u011fday yand\u0131\",\"datePublished\":\"2025-06-09T19:17:14+00:00\",\"mainEntityOfPage\":{\"@id\":\"https:\\\/\\\/memurunsesi.net\\\/index.php\\\/2025\\\/06\\\/09\\\/araban-ovasinda-hasada-hazir-50-donum-bugday-yandi\\\/\"},\"wordCount\":187,\"commentCount\":0,\"publisher\":{\"@id\":\"https:\\\/\\\/memurunsesi.net\\\/#organization\"},\"image\":{\"@id\":\"https:\\\/\\\/memurunsesi.net\\\/index.php\\\/2025\\\/06\\\/09\\\/araban-ovasinda-hasada-hazir-50-donum-bugday-yandi\\\/#primaryimage\"},\"thumbnailUrl\":\"https:\\\/\\\/memurunsesi.net\\\/wp-content\\\/uploads\\\/2025\\\/06\\\/AW472907_01.jpg\",\"inLanguage\":\"tr\",\"potentialAction\":[{\"@type\":\"CommentAction\",\"name\":\"Comment\",\"target\":[\"https:\\\/\\\/memurunsesi.net\\\/index.php\\\/2025\\\/06\\\/09\\\/araban-ovasinda-hasada-hazir-50-donum-bugday-yandi\\\/#respond\"]}]},{\"@type\":\"WebPage\",\"@id\":\"https:\\\/\\\/memurunsesi.net\\\/index.php\\\/2025\\\/06\\\/09\\\/araban-ovasinda-hasada-hazir-50-donum-bugday-yandi\\\/\",\"url\":\"https:\\\/\\\/memurunsesi.net\\\/index.php\\\/2025\\\/06\\\/09\\\/araban-ovasinda-hasada-hazir-50-donum-bugday-yandi\\\/\",\"name\":\"Araban Ovas\u0131\u2019nda hasada haz\u0131r 50 d\u00f6n\u00fcm bu\u011fday yand\u0131 - Memurun Sesi\",\"isPartOf\":{\"@id\":\"https:\\\/\\\/memurunsesi.net\\\/#website\"},\"primaryImageOfPage\":{\"@id\":\"https:\\\/\\\/memurunsesi.net\\\/index.php\\\/2025\\\/06\\\/09\\\/araban-ovasinda-hasada-hazir-50-donum-bugday-yandi\\\/#primaryimage\"},\"image\":{\"@id\":\"https:\\\/\\\/memurunsesi.net\\\/index.php\\\/2025\\\/06\\\/09\\\/araban-ovasinda-hasada-hazir-50-donum-bugday-yandi\\\/#primaryimage\"},\"thumbnailUrl\":\"https:\\\/\\\/memurunsesi.net\\\/wp-content\\\/uploads\\\/2025\\\/06\\\/AW472907_01.jpg\",\"datePublished\":\"2025-06-09T19:17:14+00:00\",\"breadcrumb\":{\"@id\":\"https:\\\/\\\/memurunsesi.net\\\/index.php\\\/2025\\\/06\\\/09\\\/araban-ovasinda-hasada-hazir-50-donum-bugday-yandi\\\/#breadcrumb\"},\"inLanguage\":\"tr\",\"potentialAction\":[{\"@type\":\"ReadAction\",\"target\":[\"https:\\\/\\\/memurunsesi.net\\\/index.php\\\/2025\\\/06\\\/09\\\/araban-ovasinda-hasada-hazir-50-donum-bugday-yandi\\\/\"]}]},{\"@type\":\"ImageObject\",\"inLanguage\":\"tr\",\"@id\":\"https:\\\/\\\/memurunsesi.net\\\/index.php\\\/2025\\\/06\\\/09\\\/araban-ovasinda-hasada-hazir-50-donum-bugday-yandi\\\/#primaryimage\",\"url\":\"https:\\\/\\\/memurunsesi.net\\\/wp-content\\\/uploads\\\/2025\\\/06\\\/AW472907_01.jpg\",\"contentUrl\":\"https:\\\/\\\/memurunsesi.net\\\/wp-content\\\/uploads\\\/2025\\\/06\\\/AW472907_01.jpg\",\"width\":850,\"height\":479,\"caption\":\"GAZ\u0130ANTEP'\u0130N ARABAN \u0130L\u00c7ES\u0130NDE HASADA HAZIR 50 D\u00d6N\u00dcM BU\u011eDAY TARLASI YANDI. (AYTEN I\u015eIK\\\/GAZ\u0130ANTEP-\u0130HA) Gaziantep'in Araban il\u00e7esinde hasada haz\u0131r 50 d\u00f6n\u00fcm bu\u011fday tarlas\u0131 yand\u0131.\"},{\"@type\":\"BreadcrumbList\",\"@id\":\"https:\\\/\\\/memurunsesi.net\\\/index.php\\\/2025\\\/06\\\/09\\\/araban-ovasinda-hasada-hazir-50-donum-bugday-yandi\\\/#breadcrumb\",\"itemListElement\":[{\"@type\":\"ListItem\",\"position\":1,\"name\":\"Anasayfa\",\"item\":\"https:\\\/\\\/memurunsesi.net\\\/\"},{\"@type\":\"ListItem\",\"position\":2,\"name\":\"Araban Ovas\u0131\u2019nda hasada haz\u0131r 50 d\u00f6n\u00fcm bu\u011fday yand\u0131\"}]},{\"@type\":\"WebSite\",\"@id\":\"https:\\\/\\\/memurunsesi.net\\\/#website\",\"url\":\"https:\\\/\\\/memurunsesi.net\\\/\",\"name\":\"Memurun Sesi\",\"description\":\"G\u00fcncel ve Do\u011fru Haber\",\"publisher\":{\"@id\":\"https:\\\/\\\/memurunsesi.net\\\/#organization\"},\"potentialAction\":[{\"@type\":\"SearchAction\",\"target\":{\"@type\":\"EntryPoint\",\"urlTemplate\":\"https:\\\/\\\/memurunsesi.net\\\/?s={search_term_string}\"},\"query-input\":{\"@type\":\"PropertyValueSpecification\",\"valueRequired\":true,\"valueName\":\"search_term_string\"}}],\"inLanguage\":\"tr\"},{\"@type\":\"Organization\",\"@id\":\"https:\\\/\\\/memurunsesi.net\\\/#organization\",\"name\":\"Memurun Sesi\",\"url\":\"https:\\\/\\\/memurunsesi.net\\\/\",\"logo\":{\"@type\":\"ImageObject\",\"inLanguage\":\"tr\",\"@id\":\"https:\\\/\\\/memurunsesi.net\\\/#\\\/schema\\\/logo\\\/image\\\/\",\"url\":\"https:\\\/\\\/memurunsesi.net\\\/wp-content\\\/uploads\\\/2025\\\/11\\\/cropped-MEMURUN-SESI.png\",\"contentUrl\":\"https:\\\/\\\/memurunsesi.net\\\/wp-content\\\/uploads\\\/2025\\\/11\\\/cropped-MEMURUN-SESI.png\",\"width\":238,\"height\":57,\"caption\":\"Memurun Sesi\"},\"image\":{\"@id\":\"https:\\\/\\\/memurunsesi.net\\\/#\\\/schema\\\/logo\\\/image\\\/\"},\"sameAs\":[\"https:\\\/\\\/www.facebook.com\\\/unipersen\\\/?locale=tr_TR\",\"https:\\\/\\\/x.com\\\/unipersen\"]},{\"@type\":\"Person\",\"@id\":\"https:\\\/\\\/memurunsesi.net\\\/#\\\/schema\\\/person\\\/f21c2d73b89f6ee1d80b0a1803e38587\",\"name\":\"Memurun Sesi Haber Merkezi\",\"image\":{\"@type\":\"ImageObject\",\"inLanguage\":\"tr\",\"@id\":\"https:\\\/\\\/secure.gravatar.com\\\/avatar\\\/6cf0505f452ee753f485014986fab09a434671d2b919ee76fc541025c5876a70?s=96&d=mm&r=g\",\"url\":\"https:\\\/\\\/secure.gravatar.com\\\/avatar\\\/6cf0505f452ee753f485014986fab09a434671d2b919ee76fc541025c5876a70?s=96&d=mm&r=g\",\"contentUrl\":\"https:\\\/\\\/secure.gravatar.com\\\/avatar\\\/6cf0505f452ee753f485014986fab09a434671d2b919ee76fc541025c5876a70?s=96&d=mm&r=g\",\"caption\":\"Memurun Sesi Haber Merkezi\"},\"sameAs\":[\"https:\\\/\\\/memurunsesi.net\"],\"url\":\"https:\\\/\\\/memurunsesi.net\\\/index.php\\\/author\\\/uniper\\\/\"}]}<\/script>\n<!-- \/ Yoast SEO plugin. -->","yoast_head_json":{"title":"Araban Ovas\u0131\u2019nda hasada haz\u0131r 50 d\u00f6n\u00fcm bu\u011fday yand\u0131 - Memurun Sesi","robots":{"index":"index","follow":"follow","max-snippet":"max-snippet:-1","max-image-preview":"max-image-preview:large","max-video-preview":"max-video-preview:-1"},"canonical":"https:\/\/memurunsesi.net\/index.php\/2025\/06\/09\/araban-ovasinda-hasada-hazir-50-donum-bugday-yandi\/","og_locale":"tr_TR","og_type":"article","og_title":"Araban Ovas\u0131\u2019nda hasada haz\u0131r 50 d\u00f6n\u00fcm bu\u011fday yand\u0131 - Memurun Sesi","og_description":"Gaziantep\u2019in Araban il\u00e7esinde hasada haz\u0131r 50 d\u00f6n\u00fcm bu\u011fday tarlas\u0131 yand\u0131. Edinilen bilgiye g\u00f6re, Araban il\u00e7esi Yeni Alt\u0131nta\u015f Mahallesi mevkiinde Babl\u0131 Keser ile Kemal K\u00fcpe iki \u00e7ift\u00e7iye ait bu\u011fday tarlas\u0131nda bilinmeyen bir nedenle yang\u0131n \u00e7\u0131kt\u0131. 50 d\u00f6n\u00fcm hasada haz\u0131r makarnal\u0131k sert durum bu\u011fday\u0131 tarlas\u0131nda \u00e7\u0131kan yang\u0131na \u00f6nce vatanda\u015flar sonra da itfaiye ekipleri m\u00fcdahale etti. Yang\u0131n vatanda\u015flar [&hellip;]","og_url":"https:\/\/memurunsesi.net\/index.php\/2025\/06\/09\/araban-ovasinda-hasada-hazir-50-donum-bugday-yandi\/","og_site_name":"Memurun Sesi","article_publisher":"https:\/\/www.facebook.com\/unipersen\/?locale=tr_TR","article_published_time":"2025-06-09T19:17:14+00:00","og_image":[{"width":850,"height":479,"url":"https:\/\/memurunsesi.net\/wp-content\/uploads\/2025\/06\/AW472907_01.jpg","type":"image\/jpeg"}],"author":"Memurun Sesi Haber Merkezi","twitter_card":"summary_large_image","twitter_creator":"@unipersen","twitter_site":"@unipersen","twitter_misc":{"Yazan:":"Memurun Sesi Haber Merkezi","Tahmini okuma s\u00fcresi":"1 dakika"},"schema":{"@context":"https:\/\/schema.org","@graph":[{"@type":"Article","@id":"https:\/\/memurunsesi.net\/index.php\/2025\/06\/09\/araban-ovasinda-hasada-hazir-50-donum-bugday-yandi\/#article","isPartOf":{"@id":"https:\/\/memurunsesi.net\/index.php\/2025\/06\/09\/araban-ovasinda-hasada-hazir-50-donum-bugday-yandi\/"},"author":{"name":"Memurun Sesi Haber Merkezi","@id":"https:\/\/memurunsesi.net\/#\/schema\/person\/f21c2d73b89f6ee1d80b0a1803e38587"},"headline":"Araban Ovas\u0131\u2019nda hasada haz\u0131r 50 d\u00f6n\u00fcm bu\u011fday yand\u0131","datePublished":"2025-06-09T19:17:14+00:00","mainEntityOfPage":{"@id":"https:\/\/memurunsesi.net\/index.php\/2025\/06\/09\/araban-ovasinda-hasada-hazir-50-donum-bugday-yandi\/"},"wordCount":187,"commentCount":0,"publisher":{"@id":"https:\/\/memurunsesi.net\/#organization"},"image":{"@id":"https:\/\/memurunsesi.net\/index.php\/2025\/06\/09\/araban-ovasinda-hasada-hazir-50-donum-bugday-yandi\/#primaryimage"},"thumbnailUrl":"https:\/\/memurunsesi.net\/wp-content\/uploads\/2025\/06\/AW472907_01.jpg","inLanguage":"tr","potentialAction":[{"@type":"CommentAction","name":"Comment","target":["https:\/\/memurunsesi.net\/index.php\/2025\/06\/09\/araban-ovasinda-hasada-hazir-50-donum-bugday-yandi\/#respond"]}]},{"@type":"WebPage","@id":"https:\/\/memurunsesi.net\/index.php\/2025\/06\/09\/araban-ovasinda-hasada-hazir-50-donum-bugday-yandi\/","url":"https:\/\/memurunsesi.net\/index.php\/2025\/06\/09\/araban-ovasinda-hasada-hazir-50-donum-bugday-yandi\/","name":"Araban Ovas\u0131\u2019nda hasada haz\u0131r 50 d\u00f6n\u00fcm bu\u011fday yand\u0131 - Memurun Sesi","isPartOf":{"@id":"https:\/\/memurunsesi.net\/#website"},"primaryImageOfPage":{"@id":"https:\/\/memurunsesi.net\/index.php\/2025\/06\/09\/araban-ovasinda-hasada-hazir-50-donum-bugday-yandi\/#primaryimage"},"image":{"@id":"https:\/\/memurunsesi.net\/index.php\/2025\/06\/09\/araban-ovasinda-hasada-hazir-50-donum-bugday-yandi\/#primaryimage"},"thumbnailUrl":"https:\/\/memurunsesi.net\/wp-content\/uploads\/2025\/06\/AW472907_01.jpg","datePublished":"2025-06-09T19:17:14+00:00","breadcrumb":{"@id":"https:\/\/memurunsesi.net\/index.php\/2025\/06\/09\/araban-ovasinda-hasada-hazir-50-donum-bugday-yandi\/#breadcrumb"},"inLanguage":"tr","potentialAction":[{"@type":"ReadAction","target":["https:\/\/memurunsesi.net\/index.php\/2025\/06\/09\/araban-ovasinda-hasada-hazir-50-donum-bugday-yandi\/"]}]},{"@type":"ImageObject","inLanguage":"tr","@id":"https:\/\/memurunsesi.net\/index.php\/2025\/06\/09\/araban-ovasinda-hasada-hazir-50-donum-bugday-yandi\/#primaryimage","url":"https:\/\/memurunsesi.net\/wp-content\/uploads\/2025\/06\/AW472907_01.jpg","contentUrl":"https:\/\/memurunsesi.net\/wp-content\/uploads\/2025\/06\/AW472907_01.jpg","width":850,"height":479,"caption":"GAZ\u0130ANTEP'\u0130N ARABAN \u0130L\u00c7ES\u0130NDE HASADA HAZIR 50 D\u00d6N\u00dcM BU\u011eDAY TARLASI YANDI. (AYTEN I\u015eIK\/GAZ\u0130ANTEP-\u0130HA) Gaziantep'in Araban il\u00e7esinde hasada haz\u0131r 50 d\u00f6n\u00fcm bu\u011fday tarlas\u0131 yand\u0131."},{"@type":"BreadcrumbList","@id":"https:\/\/memurunsesi.net\/index.php\/2025\/06\/09\/araban-ovasinda-hasada-hazir-50-donum-bugday-yandi\/#breadcrumb","itemListElement":[{"@type":"ListItem","position":1,"name":"Anasayfa","item":"https:\/\/memurunsesi.net\/"},{"@type":"ListItem","position":2,"name":"Araban Ovas\u0131\u2019nda hasada haz\u0131r 50 d\u00f6n\u00fcm bu\u011fday yand\u0131"}]},{"@type":"WebSite","@id":"https:\/\/memurunsesi.net\/#website","url":"https:\/\/memurunsesi.net\/","name":"Memurun Sesi","description":"G\u00fcncel ve Do\u011fru Haber","publisher":{"@id":"https:\/\/memurunsesi.net\/#organization"},"potentialAction":[{"@type":"SearchAction","target":{"@type":"EntryPoint","urlTemplate":"https:\/\/memurunsesi.net\/?s={search_term_string}"},"query-input":{"@type":"PropertyValueSpecification","valueRequired":true,"valueName":"search_term_string"}}],"inLanguage":"tr"},{"@type":"Organization","@id":"https:\/\/memurunsesi.net\/#organization","name":"Memurun Sesi","url":"https:\/\/memurunsesi.net\/","logo":{"@type":"ImageObject","inLanguage":"tr","@id":"https:\/\/memurunsesi.net\/#\/schema\/logo\/image\/","url":"https:\/\/memurunsesi.net\/wp-content\/uploads\/2025\/11\/cropped-MEMURUN-SESI.png","contentUrl":"https:\/\/memurunsesi.net\/wp-content\/uploads\/2025\/11\/cropped-MEMURUN-SESI.png","width":238,"height":57,"caption":"Memurun Sesi"},"image":{"@id":"https:\/\/memurunsesi.net\/#\/schema\/logo\/image\/"},"sameAs":["https:\/\/www.facebook.com\/unipersen\/?locale=tr_TR","https:\/\/x.com\/unipersen"]},{"@type":"Person","@id":"https:\/\/memurunsesi.net\/#\/schema\/person\/f21c2d73b89f6ee1d80b0a1803e38587","name":"Memurun Sesi Haber Merkezi","image":{"@type":"ImageObject","inLanguage":"tr","@id":"https:\/\/secure.gravatar.com\/avatar\/6cf0505f452ee753f485014986fab09a434671d2b919ee76fc541025c5876a70?s=96&d=mm&r=g","url":"https:\/\/secure.gravatar.com\/avatar\/6cf0505f452ee753f485014986fab09a434671d2b919ee76fc541025c5876a70?s=96&d=mm&r=g","contentUrl":"https:\/\/secure.gravatar.com\/avatar\/6cf0505f452ee753f485014986fab09a434671d2b919ee76fc541025c5876a70?s=96&d=mm&r=g","caption":"Memurun Sesi Haber Merkezi"},"sameAs":["https:\/\/memurunsesi.net"],"url":"https:\/\/memurunsesi.net\/index.php\/author\/uniper\/"}]}},"_links":{"self":[{"href":"https:\/\/memurunsesi.net\/index.php\/wp-json\/wp\/v2\/posts\/7862","targetHints":{"allow":["GET"]}}],"collection":[{"href":"https:\/\/memurunsesi.net\/index.php\/wp-json\/wp\/v2\/posts"}],"about":[{"href":"https:\/\/memurunsesi.net\/index.php\/wp-json\/wp\/v2\/types\/post"}],"author":[{"embeddable":true,"href":"https:\/\/memurunsesi.net\/index.php\/wp-json\/wp\/v2\/users\/1"}],"replies":[{"embeddable":true,"href":"https:\/\/memurunsesi.net\/index.php\/wp-json\/wp\/v2\/comments?post=7862"}],"version-history":[{"count":1,"href":"https:\/\/memurunsesi.net\/index.php\/wp-json\/wp\/v2\/posts\/7862\/revisions"}],"predecessor-version":[{"id":7864,"href":"https:\/\/memurunsesi.net\/index.php\/wp-json\/wp\/v2\/posts\/7862\/revisions\/7864"}],"wp:featuredmedia":[{"embeddable":true,"href":"https:\/\/memurunsesi.net\/index.php\/wp-json\/wp\/v2\/media\/7863"}],"wp:attachment":[{"href":"https:\/\/memurunsesi.net\/index.php\/wp-json\/wp\/v2\/media?parent=7862"}],"wp:term":[{"taxonomy":"category","embeddable":true,"href":"https:\/\/memurunsesi.net\/index.php\/wp-json\/wp\/v2\/categories?post=7862"},{"taxonomy":"post_tag","embeddable":true,"href":"https:\/\/memurunsesi.net\/index.php\/wp-json\/wp\/v2\/tags?post=7862"}],"curies":[{"name":"wp","href":"https:\/\/api.w.org\/{rel}","templated":true}]}}