{"id":7869,"date":"2025-06-10T08:49:03","date_gmt":"2025-06-10T05:49:03","guid":{"rendered":"https:\/\/memurunsesi.net\/?p=7869"},"modified":"2025-06-10T08:49:03","modified_gmt":"2025-06-10T05:49:03","slug":"a-milli-takim-meksika-maci-oncesi-chapel-hillde-sahaya-cikti","status":"publish","type":"post","link":"https:\/\/memurunsesi.net\/index.php\/2025\/06\/10\/a-milli-takim-meksika-maci-oncesi-chapel-hillde-sahaya-cikti\/","title":{"rendered":"A Milli Tak\u0131m, Meksika ma\u00e7\u0131 \u00f6ncesi Chapel Hill&#8217;de sahaya \u00e7\u0131kt\u0131"},"content":{"rendered":"<p>   A Milli Futbol Tak\u0131m\u0131, Meksika ma\u00e7\u0131n\u0131n son haz\u0131rl\u0131klar\u0131n\u0131 kar\u015f\u0131la\u015fman\u0131n oynanaca\u011f\u0131 stadyumda bas\u0131na a\u00e7\u0131k ger\u00e7ekle\u015ftirdi.<br \/>\nA Milli Futbol Tak\u0131m\u0131, Amerika Birle\u015fik Devletleri\u2019nde (ABD) s\u00fcrd\u00fcrd\u00fc\u011f\u00fc kamp \u00e7al\u0131\u015fmalar\u0131 kapsam\u0131nda, 11 Haziran \u00c7ar\u015famba g\u00fcn\u00fc TS\u0130 04.00\u2019te Meksika ile oynayaca\u011f\u0131 haz\u0131rl\u0131k ma\u00e7\u0131 \u00f6ncesi son antrenman\u0131n\u0131 yapt\u0131. Ay-y\u0131ld\u0131zl\u0131 ekip, kar\u015f\u0131la\u015fman\u0131n oynanaca\u011f\u0131 Chapel Hill kentindeki Kenan Memorial Stadyumu&#8217;nda resmi antrenman\u0131n\u0131 ger\u00e7ekle\u015ftirdi. Is\u0131nma hareketleriyle ba\u015flayan idman, pas \u00e7al\u0131\u015fmalar\u0131 ve taktik organizasyonlarla devam etti. Ma\u00e7 \u00f6ncesi son taktik denemelerin yap\u0131ld\u0131\u011f\u0131 \u00e7al\u0131\u015fmaya t\u00fcm oyuncular kat\u0131ld\u0131. <\/p>\n<p>  Meksika ile ilk randevu<br \/>\n  T\u00fcrkiye ve Meksika, A Milli Tak\u0131m d\u00fczeyinde tarihinde ilk kez kar\u015f\u0131 kar\u015f\u0131ya gelecek. Her iki \u00fclkenin futbol ge\u00e7mi\u015finde k\u00f6kl\u00fc ba\u015far\u0131lar bulunurken, bu kar\u015f\u0131la\u015fma 2026 FIFA D\u00fcnya Kupas\u0131\u2019na ev sahipli\u011fi yapacak ABD\u2019de, ev sahibi \u00fclkenin seyircileri \u00f6n\u00fcnde oynanacak olmas\u0131yla da ayr\u0131 bir \u00f6nem ta\u015f\u0131yor. <\/p>\n<p>  ABD kamp\u0131 tamamlan\u0131yor<br \/>\n  Amerika kamp\u0131 boyunca hem fiziksel y\u00fckleme hem de oyun sisteminin test edilmesi a\u00e7\u0131s\u0131ndan verimli bir d\u00f6nem ge\u00e7iren A Milli Tak\u0131m, Meksika kar\u015f\u0131la\u015fmas\u0131n\u0131n ard\u0131ndan yurda d\u00f6necek. Teknik heyet, kamp de\u011ferlendirmesinin ard\u0131ndan eyl\u00fcl ay\u0131nda ba\u015flayacak resmi ma\u00e7lara y\u00f6nelik kadro yap\u0131land\u0131rmas\u0131na son \u015feklini verecek. <\/p>\n<p>10.06.2025                             <\/p>\n","protected":false},"excerpt":{"rendered":"<p>A Milli Futbol Tak\u0131m\u0131, Meksika ma\u00e7\u0131n\u0131n son haz\u0131rl\u0131klar\u0131n\u0131 kar\u015f\u0131la\u015fman\u0131n oynanaca\u011f\u0131 stadyumda bas\u0131na a\u00e7\u0131k ger\u00e7ekle\u015ftirdi. A Milli Futbol Tak\u0131m\u0131, Amerika Birle\u015fik Devletleri\u2019nde (ABD) s\u00fcrd\u00fcrd\u00fc\u011f\u00fc kamp \u00e7al\u0131\u015fmalar\u0131 kapsam\u0131nda, 11 Haziran \u00c7ar\u015famba g\u00fcn\u00fc TS\u0130 04.00\u2019te Meksika ile oynayaca\u011f\u0131 haz\u0131rl\u0131k ma\u00e7\u0131 \u00f6ncesi son antrenman\u0131n\u0131 yapt\u0131. Ay-y\u0131ld\u0131zl\u0131 ekip, kar\u015f\u0131la\u015fman\u0131n oynanaca\u011f\u0131 Chapel Hill kentindeki Kenan Memorial Stadyumu&#8217;nda resmi antrenman\u0131n\u0131 ger\u00e7ekle\u015ftirdi. Is\u0131nma [&hellip;]<\/p>\n","protected":false},"author":1,"featured_media":7870,"comment_status":"open","ping_status":"open","sticky":false,"template":"","format":"standard","meta":{"footnotes":""},"categories":[57],"tags":[],"class_list":["post-7869","post","type-post","status-publish","format-standard","has-post-thumbnail","hentry","category-spor"],"yoast_head":"<!-- This site is optimized with the Yoast SEO plugin v27.4 - https:\/\/yoast.com\/product\/yoast-seo-wordpress\/ -->\n<title>A Milli Tak\u0131m, Meksika ma\u00e7\u0131 \u00f6ncesi Chapel Hill&#039;de sahaya \u00e7\u0131kt\u0131 - Memurun Sesi<\/title>\n<meta name=\"robots\" content=\"index, follow, max-snippet:-1, max-image-preview:large, max-video-preview:-1\" \/>\n<link rel=\"canonical\" href=\"https:\/\/memurunsesi.net\/index.php\/2025\/06\/10\/a-milli-takim-meksika-maci-oncesi-chapel-hillde-sahaya-cikti\/\" \/>\n<meta property=\"og:locale\" content=\"tr_TR\" \/>\n<meta property=\"og:type\" content=\"article\" \/>\n<meta property=\"og:title\" content=\"A Milli Tak\u0131m, Meksika ma\u00e7\u0131 \u00f6ncesi Chapel Hill&#039;de sahaya \u00e7\u0131kt\u0131 - Memurun Sesi\" \/>\n<meta property=\"og:description\" content=\"A Milli Futbol Tak\u0131m\u0131, Meksika ma\u00e7\u0131n\u0131n son haz\u0131rl\u0131klar\u0131n\u0131 kar\u015f\u0131la\u015fman\u0131n oynanaca\u011f\u0131 stadyumda bas\u0131na a\u00e7\u0131k ger\u00e7ekle\u015ftirdi. A Milli Futbol Tak\u0131m\u0131, Amerika Birle\u015fik Devletleri\u2019nde (ABD) s\u00fcrd\u00fcrd\u00fc\u011f\u00fc kamp \u00e7al\u0131\u015fmalar\u0131 kapsam\u0131nda, 11 Haziran \u00c7ar\u015famba g\u00fcn\u00fc TS\u0130 04.00\u2019te Meksika ile oynayaca\u011f\u0131 haz\u0131rl\u0131k ma\u00e7\u0131 \u00f6ncesi son antrenman\u0131n\u0131 yapt\u0131. Ay-y\u0131ld\u0131zl\u0131 ekip, kar\u015f\u0131la\u015fman\u0131n oynanaca\u011f\u0131 Chapel Hill kentindeki Kenan Memorial Stadyumu&#8217;nda resmi antrenman\u0131n\u0131 ger\u00e7ekle\u015ftirdi. Is\u0131nma [&hellip;]\" \/>\n<meta property=\"og:url\" content=\"https:\/\/memurunsesi.net\/index.php\/2025\/06\/10\/a-milli-takim-meksika-maci-oncesi-chapel-hillde-sahaya-cikti\/\" \/>\n<meta property=\"og:site_name\" content=\"Memurun Sesi\" \/>\n<meta property=\"article:publisher\" content=\"https:\/\/www.facebook.com\/unipersen\/?locale=tr_TR\" \/>\n<meta property=\"article:published_time\" content=\"2025-06-10T05:49:03+00:00\" \/>\n<meta property=\"og:image\" content=\"https:\/\/memurunsesi.net\/wp-content\/uploads\/2025\/06\/AW472950_01-scaled.jpg\" \/>\n\t<meta property=\"og:image:width\" content=\"2560\" \/>\n\t<meta property=\"og:image:height\" content=\"1920\" \/>\n\t<meta property=\"og:image:type\" content=\"image\/jpeg\" \/>\n<meta name=\"author\" content=\"Memurun Sesi Haber Merkezi\" \/>\n<meta name=\"twitter:card\" content=\"summary_large_image\" \/>\n<meta name=\"twitter:creator\" content=\"@unipersen\" \/>\n<meta name=\"twitter:site\" content=\"@unipersen\" \/>\n<meta name=\"twitter:label1\" content=\"Yazan:\" \/>\n\t<meta name=\"twitter:data1\" content=\"Memurun Sesi Haber Merkezi\" \/>\n\t<meta name=\"twitter:label2\" content=\"Tahmini okuma s\u00fcresi\" \/>\n\t<meta name=\"twitter:data2\" content=\"1 dakika\" \/>\n<script type=\"application\/ld+json\" class=\"yoast-schema-graph\">{\"@context\":\"https:\\\/\\\/schema.org\",\"@graph\":[{\"@type\":\"Article\",\"@id\":\"https:\\\/\\\/memurunsesi.net\\\/index.php\\\/2025\\\/06\\\/10\\\/a-milli-takim-meksika-maci-oncesi-chapel-hillde-sahaya-cikti\\\/#article\",\"isPartOf\":{\"@id\":\"https:\\\/\\\/memurunsesi.net\\\/index.php\\\/2025\\\/06\\\/10\\\/a-milli-takim-meksika-maci-oncesi-chapel-hillde-sahaya-cikti\\\/\"},\"author\":{\"name\":\"Memurun Sesi Haber Merkezi\",\"@id\":\"https:\\\/\\\/memurunsesi.net\\\/#\\\/schema\\\/person\\\/f21c2d73b89f6ee1d80b0a1803e38587\"},\"headline\":\"A Milli Tak\u0131m, Meksika ma\u00e7\u0131 \u00f6ncesi Chapel Hill&#8217;de sahaya \u00e7\u0131kt\u0131\",\"datePublished\":\"2025-06-10T05:49:03+00:00\",\"mainEntityOfPage\":{\"@id\":\"https:\\\/\\\/memurunsesi.net\\\/index.php\\\/2025\\\/06\\\/10\\\/a-milli-takim-meksika-maci-oncesi-chapel-hillde-sahaya-cikti\\\/\"},\"wordCount\":258,\"commentCount\":0,\"publisher\":{\"@id\":\"https:\\\/\\\/memurunsesi.net\\\/#organization\"},\"image\":{\"@id\":\"https:\\\/\\\/memurunsesi.net\\\/index.php\\\/2025\\\/06\\\/10\\\/a-milli-takim-meksika-maci-oncesi-chapel-hillde-sahaya-cikti\\\/#primaryimage\"},\"thumbnailUrl\":\"https:\\\/\\\/memurunsesi.net\\\/wp-content\\\/uploads\\\/2025\\\/06\\\/AW472950_01-scaled.jpg\",\"articleSection\":[\"Spor\"],\"inLanguage\":\"tr\",\"potentialAction\":[{\"@type\":\"CommentAction\",\"name\":\"Comment\",\"target\":[\"https:\\\/\\\/memurunsesi.net\\\/index.php\\\/2025\\\/06\\\/10\\\/a-milli-takim-meksika-maci-oncesi-chapel-hillde-sahaya-cikti\\\/#respond\"]}]},{\"@type\":\"WebPage\",\"@id\":\"https:\\\/\\\/memurunsesi.net\\\/index.php\\\/2025\\\/06\\\/10\\\/a-milli-takim-meksika-maci-oncesi-chapel-hillde-sahaya-cikti\\\/\",\"url\":\"https:\\\/\\\/memurunsesi.net\\\/index.php\\\/2025\\\/06\\\/10\\\/a-milli-takim-meksika-maci-oncesi-chapel-hillde-sahaya-cikti\\\/\",\"name\":\"A Milli Tak\u0131m, Meksika ma\u00e7\u0131 \u00f6ncesi Chapel Hill'de sahaya \u00e7\u0131kt\u0131 - Memurun Sesi\",\"isPartOf\":{\"@id\":\"https:\\\/\\\/memurunsesi.net\\\/#website\"},\"primaryImageOfPage\":{\"@id\":\"https:\\\/\\\/memurunsesi.net\\\/index.php\\\/2025\\\/06\\\/10\\\/a-milli-takim-meksika-maci-oncesi-chapel-hillde-sahaya-cikti\\\/#primaryimage\"},\"image\":{\"@id\":\"https:\\\/\\\/memurunsesi.net\\\/index.php\\\/2025\\\/06\\\/10\\\/a-milli-takim-meksika-maci-oncesi-chapel-hillde-sahaya-cikti\\\/#primaryimage\"},\"thumbnailUrl\":\"https:\\\/\\\/memurunsesi.net\\\/wp-content\\\/uploads\\\/2025\\\/06\\\/AW472950_01-scaled.jpg\",\"datePublished\":\"2025-06-10T05:49:03+00:00\",\"breadcrumb\":{\"@id\":\"https:\\\/\\\/memurunsesi.net\\\/index.php\\\/2025\\\/06\\\/10\\\/a-milli-takim-meksika-maci-oncesi-chapel-hillde-sahaya-cikti\\\/#breadcrumb\"},\"inLanguage\":\"tr\",\"potentialAction\":[{\"@type\":\"ReadAction\",\"target\":[\"https:\\\/\\\/memurunsesi.net\\\/index.php\\\/2025\\\/06\\\/10\\\/a-milli-takim-meksika-maci-oncesi-chapel-hillde-sahaya-cikti\\\/\"]}]},{\"@type\":\"ImageObject\",\"inLanguage\":\"tr\",\"@id\":\"https:\\\/\\\/memurunsesi.net\\\/index.php\\\/2025\\\/06\\\/10\\\/a-milli-takim-meksika-maci-oncesi-chapel-hillde-sahaya-cikti\\\/#primaryimage\",\"url\":\"https:\\\/\\\/memurunsesi.net\\\/wp-content\\\/uploads\\\/2025\\\/06\\\/AW472950_01-scaled.jpg\",\"contentUrl\":\"https:\\\/\\\/memurunsesi.net\\\/wp-content\\\/uploads\\\/2025\\\/06\\\/AW472950_01-scaled.jpg\",\"width\":2560,\"height\":1920,\"caption\":\"A M\u0130LL\u0130 TAKIM, MEKS\u0130KA MA\u00c7I \u00d6NCES\u0130 CHAPEL H\u0130LL'DE SAHAYA \u00c7IKTI (D\u0130LEK KAYA\\\/CAROLINA-\u0130HA) A Milli Futbol Tak\u0131m\u0131, Meksika ma\u00e7\u0131n\u0131n son haz\u0131rl\u0131klar\u0131n\u0131 kar\u015f\u0131la\u015fman\u0131n oynanaca\u011f\u0131 stadyumda bas\u0131na a\u00e7\u0131k ger\u00e7ekle\u015ftirdi.\"},{\"@type\":\"BreadcrumbList\",\"@id\":\"https:\\\/\\\/memurunsesi.net\\\/index.php\\\/2025\\\/06\\\/10\\\/a-milli-takim-meksika-maci-oncesi-chapel-hillde-sahaya-cikti\\\/#breadcrumb\",\"itemListElement\":[{\"@type\":\"ListItem\",\"position\":1,\"name\":\"Anasayfa\",\"item\":\"https:\\\/\\\/memurunsesi.net\\\/\"},{\"@type\":\"ListItem\",\"position\":2,\"name\":\"A Milli Tak\u0131m, Meksika ma\u00e7\u0131 \u00f6ncesi Chapel Hill&#8217;de sahaya \u00e7\u0131kt\u0131\"}]},{\"@type\":\"WebSite\",\"@id\":\"https:\\\/\\\/memurunsesi.net\\\/#website\",\"url\":\"https:\\\/\\\/memurunsesi.net\\\/\",\"name\":\"Memurun Sesi\",\"description\":\"G\u00fcncel ve Do\u011fru Haber\",\"publisher\":{\"@id\":\"https:\\\/\\\/memurunsesi.net\\\/#organization\"},\"potentialAction\":[{\"@type\":\"SearchAction\",\"target\":{\"@type\":\"EntryPoint\",\"urlTemplate\":\"https:\\\/\\\/memurunsesi.net\\\/?s={search_term_string}\"},\"query-input\":{\"@type\":\"PropertyValueSpecification\",\"valueRequired\":true,\"valueName\":\"search_term_string\"}}],\"inLanguage\":\"tr\"},{\"@type\":\"Organization\",\"@id\":\"https:\\\/\\\/memurunsesi.net\\\/#organization\",\"name\":\"Memurun Sesi\",\"url\":\"https:\\\/\\\/memurunsesi.net\\\/\",\"logo\":{\"@type\":\"ImageObject\",\"inLanguage\":\"tr\",\"@id\":\"https:\\\/\\\/memurunsesi.net\\\/#\\\/schema\\\/logo\\\/image\\\/\",\"url\":\"https:\\\/\\\/memurunsesi.net\\\/wp-content\\\/uploads\\\/2025\\\/11\\\/cropped-MEMURUN-SESI.png\",\"contentUrl\":\"https:\\\/\\\/memurunsesi.net\\\/wp-content\\\/uploads\\\/2025\\\/11\\\/cropped-MEMURUN-SESI.png\",\"width\":238,\"height\":57,\"caption\":\"Memurun Sesi\"},\"image\":{\"@id\":\"https:\\\/\\\/memurunsesi.net\\\/#\\\/schema\\\/logo\\\/image\\\/\"},\"sameAs\":[\"https:\\\/\\\/www.facebook.com\\\/unipersen\\\/?locale=tr_TR\",\"https:\\\/\\\/x.com\\\/unipersen\"]},{\"@type\":\"Person\",\"@id\":\"https:\\\/\\\/memurunsesi.net\\\/#\\\/schema\\\/person\\\/f21c2d73b89f6ee1d80b0a1803e38587\",\"name\":\"Memurun Sesi Haber Merkezi\",\"image\":{\"@type\":\"ImageObject\",\"inLanguage\":\"tr\",\"@id\":\"https:\\\/\\\/secure.gravatar.com\\\/avatar\\\/6cf0505f452ee753f485014986fab09a434671d2b919ee76fc541025c5876a70?s=96&d=mm&r=g\",\"url\":\"https:\\\/\\\/secure.gravatar.com\\\/avatar\\\/6cf0505f452ee753f485014986fab09a434671d2b919ee76fc541025c5876a70?s=96&d=mm&r=g\",\"contentUrl\":\"https:\\\/\\\/secure.gravatar.com\\\/avatar\\\/6cf0505f452ee753f485014986fab09a434671d2b919ee76fc541025c5876a70?s=96&d=mm&r=g\",\"caption\":\"Memurun Sesi Haber Merkezi\"},\"sameAs\":[\"https:\\\/\\\/memurunsesi.net\"],\"url\":\"https:\\\/\\\/memurunsesi.net\\\/index.php\\\/author\\\/uniper\\\/\"}]}<\/script>\n<!-- \/ Yoast SEO plugin. -->","yoast_head_json":{"title":"A Milli Tak\u0131m, Meksika ma\u00e7\u0131 \u00f6ncesi Chapel Hill'de sahaya \u00e7\u0131kt\u0131 - Memurun Sesi","robots":{"index":"index","follow":"follow","max-snippet":"max-snippet:-1","max-image-preview":"max-image-preview:large","max-video-preview":"max-video-preview:-1"},"canonical":"https:\/\/memurunsesi.net\/index.php\/2025\/06\/10\/a-milli-takim-meksika-maci-oncesi-chapel-hillde-sahaya-cikti\/","og_locale":"tr_TR","og_type":"article","og_title":"A Milli Tak\u0131m, Meksika ma\u00e7\u0131 \u00f6ncesi Chapel Hill'de sahaya \u00e7\u0131kt\u0131 - Memurun Sesi","og_description":"A Milli Futbol Tak\u0131m\u0131, Meksika ma\u00e7\u0131n\u0131n son haz\u0131rl\u0131klar\u0131n\u0131 kar\u015f\u0131la\u015fman\u0131n oynanaca\u011f\u0131 stadyumda bas\u0131na a\u00e7\u0131k ger\u00e7ekle\u015ftirdi. A Milli Futbol Tak\u0131m\u0131, Amerika Birle\u015fik Devletleri\u2019nde (ABD) s\u00fcrd\u00fcrd\u00fc\u011f\u00fc kamp \u00e7al\u0131\u015fmalar\u0131 kapsam\u0131nda, 11 Haziran \u00c7ar\u015famba g\u00fcn\u00fc TS\u0130 04.00\u2019te Meksika ile oynayaca\u011f\u0131 haz\u0131rl\u0131k ma\u00e7\u0131 \u00f6ncesi son antrenman\u0131n\u0131 yapt\u0131. Ay-y\u0131ld\u0131zl\u0131 ekip, kar\u015f\u0131la\u015fman\u0131n oynanaca\u011f\u0131 Chapel Hill kentindeki Kenan Memorial Stadyumu&#8217;nda resmi antrenman\u0131n\u0131 ger\u00e7ekle\u015ftirdi. Is\u0131nma [&hellip;]","og_url":"https:\/\/memurunsesi.net\/index.php\/2025\/06\/10\/a-milli-takim-meksika-maci-oncesi-chapel-hillde-sahaya-cikti\/","og_site_name":"Memurun Sesi","article_publisher":"https:\/\/www.facebook.com\/unipersen\/?locale=tr_TR","article_published_time":"2025-06-10T05:49:03+00:00","og_image":[{"width":2560,"height":1920,"url":"https:\/\/memurunsesi.net\/wp-content\/uploads\/2025\/06\/AW472950_01-scaled.jpg","type":"image\/jpeg"}],"author":"Memurun Sesi Haber Merkezi","twitter_card":"summary_large_image","twitter_creator":"@unipersen","twitter_site":"@unipersen","twitter_misc":{"Yazan:":"Memurun Sesi Haber Merkezi","Tahmini okuma s\u00fcresi":"1 dakika"},"schema":{"@context":"https:\/\/schema.org","@graph":[{"@type":"Article","@id":"https:\/\/memurunsesi.net\/index.php\/2025\/06\/10\/a-milli-takim-meksika-maci-oncesi-chapel-hillde-sahaya-cikti\/#article","isPartOf":{"@id":"https:\/\/memurunsesi.net\/index.php\/2025\/06\/10\/a-milli-takim-meksika-maci-oncesi-chapel-hillde-sahaya-cikti\/"},"author":{"name":"Memurun Sesi Haber Merkezi","@id":"https:\/\/memurunsesi.net\/#\/schema\/person\/f21c2d73b89f6ee1d80b0a1803e38587"},"headline":"A Milli Tak\u0131m, Meksika ma\u00e7\u0131 \u00f6ncesi Chapel Hill&#8217;de sahaya \u00e7\u0131kt\u0131","datePublished":"2025-06-10T05:49:03+00:00","mainEntityOfPage":{"@id":"https:\/\/memurunsesi.net\/index.php\/2025\/06\/10\/a-milli-takim-meksika-maci-oncesi-chapel-hillde-sahaya-cikti\/"},"wordCount":258,"commentCount":0,"publisher":{"@id":"https:\/\/memurunsesi.net\/#organization"},"image":{"@id":"https:\/\/memurunsesi.net\/index.php\/2025\/06\/10\/a-milli-takim-meksika-maci-oncesi-chapel-hillde-sahaya-cikti\/#primaryimage"},"thumbnailUrl":"https:\/\/memurunsesi.net\/wp-content\/uploads\/2025\/06\/AW472950_01-scaled.jpg","articleSection":["Spor"],"inLanguage":"tr","potentialAction":[{"@type":"CommentAction","name":"Comment","target":["https:\/\/memurunsesi.net\/index.php\/2025\/06\/10\/a-milli-takim-meksika-maci-oncesi-chapel-hillde-sahaya-cikti\/#respond"]}]},{"@type":"WebPage","@id":"https:\/\/memurunsesi.net\/index.php\/2025\/06\/10\/a-milli-takim-meksika-maci-oncesi-chapel-hillde-sahaya-cikti\/","url":"https:\/\/memurunsesi.net\/index.php\/2025\/06\/10\/a-milli-takim-meksika-maci-oncesi-chapel-hillde-sahaya-cikti\/","name":"A Milli Tak\u0131m, Meksika ma\u00e7\u0131 \u00f6ncesi Chapel Hill'de sahaya \u00e7\u0131kt\u0131 - Memurun Sesi","isPartOf":{"@id":"https:\/\/memurunsesi.net\/#website"},"primaryImageOfPage":{"@id":"https:\/\/memurunsesi.net\/index.php\/2025\/06\/10\/a-milli-takim-meksika-maci-oncesi-chapel-hillde-sahaya-cikti\/#primaryimage"},"image":{"@id":"https:\/\/memurunsesi.net\/index.php\/2025\/06\/10\/a-milli-takim-meksika-maci-oncesi-chapel-hillde-sahaya-cikti\/#primaryimage"},"thumbnailUrl":"https:\/\/memurunsesi.net\/wp-content\/uploads\/2025\/06\/AW472950_01-scaled.jpg","datePublished":"2025-06-10T05:49:03+00:00","breadcrumb":{"@id":"https:\/\/memurunsesi.net\/index.php\/2025\/06\/10\/a-milli-takim-meksika-maci-oncesi-chapel-hillde-sahaya-cikti\/#breadcrumb"},"inLanguage":"tr","potentialAction":[{"@type":"ReadAction","target":["https:\/\/memurunsesi.net\/index.php\/2025\/06\/10\/a-milli-takim-meksika-maci-oncesi-chapel-hillde-sahaya-cikti\/"]}]},{"@type":"ImageObject","inLanguage":"tr","@id":"https:\/\/memurunsesi.net\/index.php\/2025\/06\/10\/a-milli-takim-meksika-maci-oncesi-chapel-hillde-sahaya-cikti\/#primaryimage","url":"https:\/\/memurunsesi.net\/wp-content\/uploads\/2025\/06\/AW472950_01-scaled.jpg","contentUrl":"https:\/\/memurunsesi.net\/wp-content\/uploads\/2025\/06\/AW472950_01-scaled.jpg","width":2560,"height":1920,"caption":"A M\u0130LL\u0130 TAKIM, MEKS\u0130KA MA\u00c7I \u00d6NCES\u0130 CHAPEL H\u0130LL'DE SAHAYA \u00c7IKTI (D\u0130LEK KAYA\/CAROLINA-\u0130HA) A Milli Futbol Tak\u0131m\u0131, Meksika ma\u00e7\u0131n\u0131n son haz\u0131rl\u0131klar\u0131n\u0131 kar\u015f\u0131la\u015fman\u0131n oynanaca\u011f\u0131 stadyumda bas\u0131na a\u00e7\u0131k ger\u00e7ekle\u015ftirdi."},{"@type":"BreadcrumbList","@id":"https:\/\/memurunsesi.net\/index.php\/2025\/06\/10\/a-milli-takim-meksika-maci-oncesi-chapel-hillde-sahaya-cikti\/#breadcrumb","itemListElement":[{"@type":"ListItem","position":1,"name":"Anasayfa","item":"https:\/\/memurunsesi.net\/"},{"@type":"ListItem","position":2,"name":"A Milli Tak\u0131m, Meksika ma\u00e7\u0131 \u00f6ncesi Chapel Hill&#8217;de sahaya \u00e7\u0131kt\u0131"}]},{"@type":"WebSite","@id":"https:\/\/memurunsesi.net\/#website","url":"https:\/\/memurunsesi.net\/","name":"Memurun Sesi","description":"G\u00fcncel ve Do\u011fru Haber","publisher":{"@id":"https:\/\/memurunsesi.net\/#organization"},"potentialAction":[{"@type":"SearchAction","target":{"@type":"EntryPoint","urlTemplate":"https:\/\/memurunsesi.net\/?s={search_term_string}"},"query-input":{"@type":"PropertyValueSpecification","valueRequired":true,"valueName":"search_term_string"}}],"inLanguage":"tr"},{"@type":"Organization","@id":"https:\/\/memurunsesi.net\/#organization","name":"Memurun Sesi","url":"https:\/\/memurunsesi.net\/","logo":{"@type":"ImageObject","inLanguage":"tr","@id":"https:\/\/memurunsesi.net\/#\/schema\/logo\/image\/","url":"https:\/\/memurunsesi.net\/wp-content\/uploads\/2025\/11\/cropped-MEMURUN-SESI.png","contentUrl":"https:\/\/memurunsesi.net\/wp-content\/uploads\/2025\/11\/cropped-MEMURUN-SESI.png","width":238,"height":57,"caption":"Memurun Sesi"},"image":{"@id":"https:\/\/memurunsesi.net\/#\/schema\/logo\/image\/"},"sameAs":["https:\/\/www.facebook.com\/unipersen\/?locale=tr_TR","https:\/\/x.com\/unipersen"]},{"@type":"Person","@id":"https:\/\/memurunsesi.net\/#\/schema\/person\/f21c2d73b89f6ee1d80b0a1803e38587","name":"Memurun Sesi Haber Merkezi","image":{"@type":"ImageObject","inLanguage":"tr","@id":"https:\/\/secure.gravatar.com\/avatar\/6cf0505f452ee753f485014986fab09a434671d2b919ee76fc541025c5876a70?s=96&d=mm&r=g","url":"https:\/\/secure.gravatar.com\/avatar\/6cf0505f452ee753f485014986fab09a434671d2b919ee76fc541025c5876a70?s=96&d=mm&r=g","contentUrl":"https:\/\/secure.gravatar.com\/avatar\/6cf0505f452ee753f485014986fab09a434671d2b919ee76fc541025c5876a70?s=96&d=mm&r=g","caption":"Memurun Sesi Haber Merkezi"},"sameAs":["https:\/\/memurunsesi.net"],"url":"https:\/\/memurunsesi.net\/index.php\/author\/uniper\/"}]}},"_links":{"self":[{"href":"https:\/\/memurunsesi.net\/index.php\/wp-json\/wp\/v2\/posts\/7869","targetHints":{"allow":["GET"]}}],"collection":[{"href":"https:\/\/memurunsesi.net\/index.php\/wp-json\/wp\/v2\/posts"}],"about":[{"href":"https:\/\/memurunsesi.net\/index.php\/wp-json\/wp\/v2\/types\/post"}],"author":[{"embeddable":true,"href":"https:\/\/memurunsesi.net\/index.php\/wp-json\/wp\/v2\/users\/1"}],"replies":[{"embeddable":true,"href":"https:\/\/memurunsesi.net\/index.php\/wp-json\/wp\/v2\/comments?post=7869"}],"version-history":[{"count":1,"href":"https:\/\/memurunsesi.net\/index.php\/wp-json\/wp\/v2\/posts\/7869\/revisions"}],"predecessor-version":[{"id":7871,"href":"https:\/\/memurunsesi.net\/index.php\/wp-json\/wp\/v2\/posts\/7869\/revisions\/7871"}],"wp:featuredmedia":[{"embeddable":true,"href":"https:\/\/memurunsesi.net\/index.php\/wp-json\/wp\/v2\/media\/7870"}],"wp:attachment":[{"href":"https:\/\/memurunsesi.net\/index.php\/wp-json\/wp\/v2\/media?parent=7869"}],"wp:term":[{"taxonomy":"category","embeddable":true,"href":"https:\/\/memurunsesi.net\/index.php\/wp-json\/wp\/v2\/categories?post=7869"},{"taxonomy":"post_tag","embeddable":true,"href":"https:\/\/memurunsesi.net\/index.php\/wp-json\/wp\/v2\/tags?post=7869"}],"curies":[{"name":"wp","href":"https:\/\/api.w.org\/{rel}","templated":true}]}}