{"id":7872,"date":"2025-06-10T08:52:32","date_gmt":"2025-06-10T05:52:32","guid":{"rendered":"https:\/\/memurunsesi.net\/?p=7872"},"modified":"2025-06-10T08:52:32","modified_gmt":"2025-06-10T05:52:32","slug":"alkollu-surucu-park-halindeki-araca-carpti","status":"publish","type":"post","link":"https:\/\/memurunsesi.net\/index.php\/2025\/06\/10\/alkollu-surucu-park-halindeki-araca-carpti\/","title":{"rendered":"Alkoll\u00fc s\u00fcr\u00fcc\u00fc park halindeki araca \u00e7arpt\u0131"},"content":{"rendered":"<p>  Tekirda\u011f \u00c7orlu\u2019da park halindeki otomobile \u00e7arpan alkoll\u00fc s\u00fcr\u00fcc\u00fc yaraland\u0131.<br \/>\nKaza, gece saatlerinde Nusratiye Mahallesi Halit Ziya U\u015fakl\u0131gil Caddesi\u2019nde meydana geldi. Silahtara\u011fa Mahallesi y\u00f6n\u00fcnden \u00c7imen 2. K\u00fcmeevler istikametine seyreden \u00c7.D. idaresindeki otomobil, s\u00fcr\u00fcc\u00fcs\u00fcn\u00fcn direksiyon hakimiyetini kaybetmesi sonucu park halindeki otomobile \u00e7arpt\u0131.<br \/>\n  Kaza sonras\u0131 yaralanan s\u00fcr\u00fcc\u00fc \u00c7.D., olay yerine gelen sa\u011fl\u0131k ekiplerinin ilk m\u00fcdahalesinin ard\u0131ndan ambulansla \u00c7orlu Devlet Hastanesi\u2019ne kald\u0131r\u0131ld\u0131.<br \/>\n  S\u00fcr\u00fcc\u00fc \u00c7.D.\u2019nin trafik polisi taraf\u0131ndan yap\u0131lan alkol muayenesinde 3.08 promil alkoll\u00fc oldu\u011fu tespit edildi.<br \/>\n  Kaza nedeniyle ara\u00e7larda maddi hasar meydana geldi. Kazayla ilgili polis taraf\u0131ndan inceleme ba\u015flat\u0131ld\u0131. <\/p>\n<p>10.06.2025                               <\/p>\n","protected":false},"excerpt":{"rendered":"<p>Tekirda\u011f \u00c7orlu\u2019da park halindeki otomobile \u00e7arpan alkoll\u00fc s\u00fcr\u00fcc\u00fc yaraland\u0131. Kaza, gece saatlerinde Nusratiye Mahallesi Halit Ziya U\u015fakl\u0131gil Caddesi\u2019nde meydana geldi. Silahtara\u011fa Mahallesi y\u00f6n\u00fcnden \u00c7imen 2. K\u00fcmeevler istikametine seyreden \u00c7.D. idaresindeki otomobil, s\u00fcr\u00fcc\u00fcs\u00fcn\u00fcn direksiyon hakimiyetini kaybetmesi sonucu park halindeki otomobile \u00e7arpt\u0131. Kaza sonras\u0131 yaralanan s\u00fcr\u00fcc\u00fc \u00c7.D., olay yerine gelen sa\u011fl\u0131k ekiplerinin ilk m\u00fcdahalesinin ard\u0131ndan ambulansla \u00c7orlu [&hellip;]<\/p>\n","protected":false},"author":1,"featured_media":7873,"comment_status":"open","ping_status":"open","sticky":false,"template":"","format":"standard","meta":{"footnotes":""},"categories":[1],"tags":[],"class_list":["post-7872","post","type-post","status-publish","format-standard","has-post-thumbnail","hentry","category-genel"],"yoast_head":"<!-- This site is optimized with the Yoast SEO plugin v27.4 - https:\/\/yoast.com\/product\/yoast-seo-wordpress\/ -->\n<title>Alkoll\u00fc s\u00fcr\u00fcc\u00fc park halindeki araca \u00e7arpt\u0131 - Memurun Sesi<\/title>\n<meta name=\"robots\" content=\"index, follow, max-snippet:-1, max-image-preview:large, max-video-preview:-1\" \/>\n<link rel=\"canonical\" href=\"https:\/\/memurunsesi.net\/index.php\/2025\/06\/10\/alkollu-surucu-park-halindeki-araca-carpti\/\" \/>\n<meta property=\"og:locale\" content=\"tr_TR\" \/>\n<meta property=\"og:type\" content=\"article\" \/>\n<meta property=\"og:title\" content=\"Alkoll\u00fc s\u00fcr\u00fcc\u00fc park halindeki araca \u00e7arpt\u0131 - Memurun Sesi\" \/>\n<meta property=\"og:description\" content=\"Tekirda\u011f \u00c7orlu\u2019da park halindeki otomobile \u00e7arpan alkoll\u00fc s\u00fcr\u00fcc\u00fc yaraland\u0131. Kaza, gece saatlerinde Nusratiye Mahallesi Halit Ziya U\u015fakl\u0131gil Caddesi\u2019nde meydana geldi. Silahtara\u011fa Mahallesi y\u00f6n\u00fcnden \u00c7imen 2. K\u00fcmeevler istikametine seyreden \u00c7.D. idaresindeki otomobil, s\u00fcr\u00fcc\u00fcs\u00fcn\u00fcn direksiyon hakimiyetini kaybetmesi sonucu park halindeki otomobile \u00e7arpt\u0131. Kaza sonras\u0131 yaralanan s\u00fcr\u00fcc\u00fc \u00c7.D., olay yerine gelen sa\u011fl\u0131k ekiplerinin ilk m\u00fcdahalesinin ard\u0131ndan ambulansla \u00c7orlu [&hellip;]\" \/>\n<meta property=\"og:url\" content=\"https:\/\/memurunsesi.net\/index.php\/2025\/06\/10\/alkollu-surucu-park-halindeki-araca-carpti\/\" \/>\n<meta property=\"og:site_name\" content=\"Memurun Sesi\" \/>\n<meta property=\"article:publisher\" content=\"https:\/\/www.facebook.com\/unipersen\/?locale=tr_TR\" \/>\n<meta property=\"article:published_time\" content=\"2025-06-10T05:52:32+00:00\" \/>\n<meta property=\"og:image\" content=\"https:\/\/memurunsesi.net\/wp-content\/uploads\/2025\/06\/AW472957_01-scaled.jpg\" \/>\n\t<meta property=\"og:image:width\" content=\"2560\" \/>\n\t<meta property=\"og:image:height\" content=\"1440\" \/>\n\t<meta property=\"og:image:type\" content=\"image\/jpeg\" \/>\n<meta name=\"author\" content=\"Memurun Sesi Haber Merkezi\" \/>\n<meta name=\"twitter:card\" content=\"summary_large_image\" \/>\n<meta name=\"twitter:creator\" content=\"@unipersen\" \/>\n<meta name=\"twitter:site\" content=\"@unipersen\" \/>\n<meta name=\"twitter:label1\" content=\"Yazan:\" \/>\n\t<meta name=\"twitter:data1\" content=\"Memurun Sesi Haber Merkezi\" \/>\n\t<meta name=\"twitter:label2\" content=\"Tahmini okuma s\u00fcresi\" \/>\n\t<meta name=\"twitter:data2\" content=\"1 dakika\" \/>\n<script type=\"application\/ld+json\" class=\"yoast-schema-graph\">{\"@context\":\"https:\\\/\\\/schema.org\",\"@graph\":[{\"@type\":\"Article\",\"@id\":\"https:\\\/\\\/memurunsesi.net\\\/index.php\\\/2025\\\/06\\\/10\\\/alkollu-surucu-park-halindeki-araca-carpti\\\/#article\",\"isPartOf\":{\"@id\":\"https:\\\/\\\/memurunsesi.net\\\/index.php\\\/2025\\\/06\\\/10\\\/alkollu-surucu-park-halindeki-araca-carpti\\\/\"},\"author\":{\"name\":\"Memurun Sesi Haber Merkezi\",\"@id\":\"https:\\\/\\\/memurunsesi.net\\\/#\\\/schema\\\/person\\\/f21c2d73b89f6ee1d80b0a1803e38587\"},\"headline\":\"Alkoll\u00fc s\u00fcr\u00fcc\u00fc park halindeki araca \u00e7arpt\u0131\",\"datePublished\":\"2025-06-10T05:52:32+00:00\",\"mainEntityOfPage\":{\"@id\":\"https:\\\/\\\/memurunsesi.net\\\/index.php\\\/2025\\\/06\\\/10\\\/alkollu-surucu-park-halindeki-araca-carpti\\\/\"},\"wordCount\":125,\"commentCount\":0,\"publisher\":{\"@id\":\"https:\\\/\\\/memurunsesi.net\\\/#organization\"},\"image\":{\"@id\":\"https:\\\/\\\/memurunsesi.net\\\/index.php\\\/2025\\\/06\\\/10\\\/alkollu-surucu-park-halindeki-araca-carpti\\\/#primaryimage\"},\"thumbnailUrl\":\"https:\\\/\\\/memurunsesi.net\\\/wp-content\\\/uploads\\\/2025\\\/06\\\/AW472957_01-scaled.jpg\",\"inLanguage\":\"tr\",\"potentialAction\":[{\"@type\":\"CommentAction\",\"name\":\"Comment\",\"target\":[\"https:\\\/\\\/memurunsesi.net\\\/index.php\\\/2025\\\/06\\\/10\\\/alkollu-surucu-park-halindeki-araca-carpti\\\/#respond\"]}]},{\"@type\":\"WebPage\",\"@id\":\"https:\\\/\\\/memurunsesi.net\\\/index.php\\\/2025\\\/06\\\/10\\\/alkollu-surucu-park-halindeki-araca-carpti\\\/\",\"url\":\"https:\\\/\\\/memurunsesi.net\\\/index.php\\\/2025\\\/06\\\/10\\\/alkollu-surucu-park-halindeki-araca-carpti\\\/\",\"name\":\"Alkoll\u00fc s\u00fcr\u00fcc\u00fc park halindeki araca \u00e7arpt\u0131 - Memurun Sesi\",\"isPartOf\":{\"@id\":\"https:\\\/\\\/memurunsesi.net\\\/#website\"},\"primaryImageOfPage\":{\"@id\":\"https:\\\/\\\/memurunsesi.net\\\/index.php\\\/2025\\\/06\\\/10\\\/alkollu-surucu-park-halindeki-araca-carpti\\\/#primaryimage\"},\"image\":{\"@id\":\"https:\\\/\\\/memurunsesi.net\\\/index.php\\\/2025\\\/06\\\/10\\\/alkollu-surucu-park-halindeki-araca-carpti\\\/#primaryimage\"},\"thumbnailUrl\":\"https:\\\/\\\/memurunsesi.net\\\/wp-content\\\/uploads\\\/2025\\\/06\\\/AW472957_01-scaled.jpg\",\"datePublished\":\"2025-06-10T05:52:32+00:00\",\"breadcrumb\":{\"@id\":\"https:\\\/\\\/memurunsesi.net\\\/index.php\\\/2025\\\/06\\\/10\\\/alkollu-surucu-park-halindeki-araca-carpti\\\/#breadcrumb\"},\"inLanguage\":\"tr\",\"potentialAction\":[{\"@type\":\"ReadAction\",\"target\":[\"https:\\\/\\\/memurunsesi.net\\\/index.php\\\/2025\\\/06\\\/10\\\/alkollu-surucu-park-halindeki-araca-carpti\\\/\"]}]},{\"@type\":\"ImageObject\",\"inLanguage\":\"tr\",\"@id\":\"https:\\\/\\\/memurunsesi.net\\\/index.php\\\/2025\\\/06\\\/10\\\/alkollu-surucu-park-halindeki-araca-carpti\\\/#primaryimage\",\"url\":\"https:\\\/\\\/memurunsesi.net\\\/wp-content\\\/uploads\\\/2025\\\/06\\\/AW472957_01-scaled.jpg\",\"contentUrl\":\"https:\\\/\\\/memurunsesi.net\\\/wp-content\\\/uploads\\\/2025\\\/06\\\/AW472957_01-scaled.jpg\",\"width\":2560,\"height\":1440,\"caption\":\"\u00c7ORLU'DA PARK HAL\u0130NDEK\u0130 OTOMOB\u0130LE \u00c7ARPAN ALKOLL\u00dc S\u00dcR\u00dcC\u00dc YARALANDI. (H\u00dcSEY\u0130N TAYYAR\\\/TEK\u0130RDA\u011e-\u0130HA) Tekirda\u011f \u00c7orlu'da park halindeki otomobile \u00e7arpan alkoll\u00fc s\u00fcr\u00fcc\u00fc yaraland\u0131.\"},{\"@type\":\"BreadcrumbList\",\"@id\":\"https:\\\/\\\/memurunsesi.net\\\/index.php\\\/2025\\\/06\\\/10\\\/alkollu-surucu-park-halindeki-araca-carpti\\\/#breadcrumb\",\"itemListElement\":[{\"@type\":\"ListItem\",\"position\":1,\"name\":\"Anasayfa\",\"item\":\"https:\\\/\\\/memurunsesi.net\\\/\"},{\"@type\":\"ListItem\",\"position\":2,\"name\":\"Alkoll\u00fc s\u00fcr\u00fcc\u00fc park halindeki araca \u00e7arpt\u0131\"}]},{\"@type\":\"WebSite\",\"@id\":\"https:\\\/\\\/memurunsesi.net\\\/#website\",\"url\":\"https:\\\/\\\/memurunsesi.net\\\/\",\"name\":\"Memurun Sesi\",\"description\":\"G\u00fcncel ve Do\u011fru Haber\",\"publisher\":{\"@id\":\"https:\\\/\\\/memurunsesi.net\\\/#organization\"},\"potentialAction\":[{\"@type\":\"SearchAction\",\"target\":{\"@type\":\"EntryPoint\",\"urlTemplate\":\"https:\\\/\\\/memurunsesi.net\\\/?s={search_term_string}\"},\"query-input\":{\"@type\":\"PropertyValueSpecification\",\"valueRequired\":true,\"valueName\":\"search_term_string\"}}],\"inLanguage\":\"tr\"},{\"@type\":\"Organization\",\"@id\":\"https:\\\/\\\/memurunsesi.net\\\/#organization\",\"name\":\"Memurun Sesi\",\"url\":\"https:\\\/\\\/memurunsesi.net\\\/\",\"logo\":{\"@type\":\"ImageObject\",\"inLanguage\":\"tr\",\"@id\":\"https:\\\/\\\/memurunsesi.net\\\/#\\\/schema\\\/logo\\\/image\\\/\",\"url\":\"https:\\\/\\\/memurunsesi.net\\\/wp-content\\\/uploads\\\/2025\\\/11\\\/cropped-MEMURUN-SESI.png\",\"contentUrl\":\"https:\\\/\\\/memurunsesi.net\\\/wp-content\\\/uploads\\\/2025\\\/11\\\/cropped-MEMURUN-SESI.png\",\"width\":238,\"height\":57,\"caption\":\"Memurun Sesi\"},\"image\":{\"@id\":\"https:\\\/\\\/memurunsesi.net\\\/#\\\/schema\\\/logo\\\/image\\\/\"},\"sameAs\":[\"https:\\\/\\\/www.facebook.com\\\/unipersen\\\/?locale=tr_TR\",\"https:\\\/\\\/x.com\\\/unipersen\"]},{\"@type\":\"Person\",\"@id\":\"https:\\\/\\\/memurunsesi.net\\\/#\\\/schema\\\/person\\\/f21c2d73b89f6ee1d80b0a1803e38587\",\"name\":\"Memurun Sesi Haber Merkezi\",\"image\":{\"@type\":\"ImageObject\",\"inLanguage\":\"tr\",\"@id\":\"https:\\\/\\\/secure.gravatar.com\\\/avatar\\\/6cf0505f452ee753f485014986fab09a434671d2b919ee76fc541025c5876a70?s=96&d=mm&r=g\",\"url\":\"https:\\\/\\\/secure.gravatar.com\\\/avatar\\\/6cf0505f452ee753f485014986fab09a434671d2b919ee76fc541025c5876a70?s=96&d=mm&r=g\",\"contentUrl\":\"https:\\\/\\\/secure.gravatar.com\\\/avatar\\\/6cf0505f452ee753f485014986fab09a434671d2b919ee76fc541025c5876a70?s=96&d=mm&r=g\",\"caption\":\"Memurun Sesi Haber Merkezi\"},\"sameAs\":[\"https:\\\/\\\/memurunsesi.net\"],\"url\":\"https:\\\/\\\/memurunsesi.net\\\/index.php\\\/author\\\/uniper\\\/\"}]}<\/script>\n<!-- \/ Yoast SEO plugin. -->","yoast_head_json":{"title":"Alkoll\u00fc s\u00fcr\u00fcc\u00fc park halindeki araca \u00e7arpt\u0131 - Memurun Sesi","robots":{"index":"index","follow":"follow","max-snippet":"max-snippet:-1","max-image-preview":"max-image-preview:large","max-video-preview":"max-video-preview:-1"},"canonical":"https:\/\/memurunsesi.net\/index.php\/2025\/06\/10\/alkollu-surucu-park-halindeki-araca-carpti\/","og_locale":"tr_TR","og_type":"article","og_title":"Alkoll\u00fc s\u00fcr\u00fcc\u00fc park halindeki araca \u00e7arpt\u0131 - Memurun Sesi","og_description":"Tekirda\u011f \u00c7orlu\u2019da park halindeki otomobile \u00e7arpan alkoll\u00fc s\u00fcr\u00fcc\u00fc yaraland\u0131. Kaza, gece saatlerinde Nusratiye Mahallesi Halit Ziya U\u015fakl\u0131gil Caddesi\u2019nde meydana geldi. Silahtara\u011fa Mahallesi y\u00f6n\u00fcnden \u00c7imen 2. K\u00fcmeevler istikametine seyreden \u00c7.D. idaresindeki otomobil, s\u00fcr\u00fcc\u00fcs\u00fcn\u00fcn direksiyon hakimiyetini kaybetmesi sonucu park halindeki otomobile \u00e7arpt\u0131. Kaza sonras\u0131 yaralanan s\u00fcr\u00fcc\u00fc \u00c7.D., olay yerine gelen sa\u011fl\u0131k ekiplerinin ilk m\u00fcdahalesinin ard\u0131ndan ambulansla \u00c7orlu [&hellip;]","og_url":"https:\/\/memurunsesi.net\/index.php\/2025\/06\/10\/alkollu-surucu-park-halindeki-araca-carpti\/","og_site_name":"Memurun Sesi","article_publisher":"https:\/\/www.facebook.com\/unipersen\/?locale=tr_TR","article_published_time":"2025-06-10T05:52:32+00:00","og_image":[{"width":2560,"height":1440,"url":"https:\/\/memurunsesi.net\/wp-content\/uploads\/2025\/06\/AW472957_01-scaled.jpg","type":"image\/jpeg"}],"author":"Memurun Sesi Haber Merkezi","twitter_card":"summary_large_image","twitter_creator":"@unipersen","twitter_site":"@unipersen","twitter_misc":{"Yazan:":"Memurun Sesi Haber Merkezi","Tahmini okuma s\u00fcresi":"1 dakika"},"schema":{"@context":"https:\/\/schema.org","@graph":[{"@type":"Article","@id":"https:\/\/memurunsesi.net\/index.php\/2025\/06\/10\/alkollu-surucu-park-halindeki-araca-carpti\/#article","isPartOf":{"@id":"https:\/\/memurunsesi.net\/index.php\/2025\/06\/10\/alkollu-surucu-park-halindeki-araca-carpti\/"},"author":{"name":"Memurun Sesi Haber Merkezi","@id":"https:\/\/memurunsesi.net\/#\/schema\/person\/f21c2d73b89f6ee1d80b0a1803e38587"},"headline":"Alkoll\u00fc s\u00fcr\u00fcc\u00fc park halindeki araca \u00e7arpt\u0131","datePublished":"2025-06-10T05:52:32+00:00","mainEntityOfPage":{"@id":"https:\/\/memurunsesi.net\/index.php\/2025\/06\/10\/alkollu-surucu-park-halindeki-araca-carpti\/"},"wordCount":125,"commentCount":0,"publisher":{"@id":"https:\/\/memurunsesi.net\/#organization"},"image":{"@id":"https:\/\/memurunsesi.net\/index.php\/2025\/06\/10\/alkollu-surucu-park-halindeki-araca-carpti\/#primaryimage"},"thumbnailUrl":"https:\/\/memurunsesi.net\/wp-content\/uploads\/2025\/06\/AW472957_01-scaled.jpg","inLanguage":"tr","potentialAction":[{"@type":"CommentAction","name":"Comment","target":["https:\/\/memurunsesi.net\/index.php\/2025\/06\/10\/alkollu-surucu-park-halindeki-araca-carpti\/#respond"]}]},{"@type":"WebPage","@id":"https:\/\/memurunsesi.net\/index.php\/2025\/06\/10\/alkollu-surucu-park-halindeki-araca-carpti\/","url":"https:\/\/memurunsesi.net\/index.php\/2025\/06\/10\/alkollu-surucu-park-halindeki-araca-carpti\/","name":"Alkoll\u00fc s\u00fcr\u00fcc\u00fc park halindeki araca \u00e7arpt\u0131 - Memurun Sesi","isPartOf":{"@id":"https:\/\/memurunsesi.net\/#website"},"primaryImageOfPage":{"@id":"https:\/\/memurunsesi.net\/index.php\/2025\/06\/10\/alkollu-surucu-park-halindeki-araca-carpti\/#primaryimage"},"image":{"@id":"https:\/\/memurunsesi.net\/index.php\/2025\/06\/10\/alkollu-surucu-park-halindeki-araca-carpti\/#primaryimage"},"thumbnailUrl":"https:\/\/memurunsesi.net\/wp-content\/uploads\/2025\/06\/AW472957_01-scaled.jpg","datePublished":"2025-06-10T05:52:32+00:00","breadcrumb":{"@id":"https:\/\/memurunsesi.net\/index.php\/2025\/06\/10\/alkollu-surucu-park-halindeki-araca-carpti\/#breadcrumb"},"inLanguage":"tr","potentialAction":[{"@type":"ReadAction","target":["https:\/\/memurunsesi.net\/index.php\/2025\/06\/10\/alkollu-surucu-park-halindeki-araca-carpti\/"]}]},{"@type":"ImageObject","inLanguage":"tr","@id":"https:\/\/memurunsesi.net\/index.php\/2025\/06\/10\/alkollu-surucu-park-halindeki-araca-carpti\/#primaryimage","url":"https:\/\/memurunsesi.net\/wp-content\/uploads\/2025\/06\/AW472957_01-scaled.jpg","contentUrl":"https:\/\/memurunsesi.net\/wp-content\/uploads\/2025\/06\/AW472957_01-scaled.jpg","width":2560,"height":1440,"caption":"\u00c7ORLU'DA PARK HAL\u0130NDEK\u0130 OTOMOB\u0130LE \u00c7ARPAN ALKOLL\u00dc S\u00dcR\u00dcC\u00dc YARALANDI. (H\u00dcSEY\u0130N TAYYAR\/TEK\u0130RDA\u011e-\u0130HA) Tekirda\u011f \u00c7orlu'da park halindeki otomobile \u00e7arpan alkoll\u00fc s\u00fcr\u00fcc\u00fc yaraland\u0131."},{"@type":"BreadcrumbList","@id":"https:\/\/memurunsesi.net\/index.php\/2025\/06\/10\/alkollu-surucu-park-halindeki-araca-carpti\/#breadcrumb","itemListElement":[{"@type":"ListItem","position":1,"name":"Anasayfa","item":"https:\/\/memurunsesi.net\/"},{"@type":"ListItem","position":2,"name":"Alkoll\u00fc s\u00fcr\u00fcc\u00fc park halindeki araca \u00e7arpt\u0131"}]},{"@type":"WebSite","@id":"https:\/\/memurunsesi.net\/#website","url":"https:\/\/memurunsesi.net\/","name":"Memurun Sesi","description":"G\u00fcncel ve Do\u011fru Haber","publisher":{"@id":"https:\/\/memurunsesi.net\/#organization"},"potentialAction":[{"@type":"SearchAction","target":{"@type":"EntryPoint","urlTemplate":"https:\/\/memurunsesi.net\/?s={search_term_string}"},"query-input":{"@type":"PropertyValueSpecification","valueRequired":true,"valueName":"search_term_string"}}],"inLanguage":"tr"},{"@type":"Organization","@id":"https:\/\/memurunsesi.net\/#organization","name":"Memurun Sesi","url":"https:\/\/memurunsesi.net\/","logo":{"@type":"ImageObject","inLanguage":"tr","@id":"https:\/\/memurunsesi.net\/#\/schema\/logo\/image\/","url":"https:\/\/memurunsesi.net\/wp-content\/uploads\/2025\/11\/cropped-MEMURUN-SESI.png","contentUrl":"https:\/\/memurunsesi.net\/wp-content\/uploads\/2025\/11\/cropped-MEMURUN-SESI.png","width":238,"height":57,"caption":"Memurun Sesi"},"image":{"@id":"https:\/\/memurunsesi.net\/#\/schema\/logo\/image\/"},"sameAs":["https:\/\/www.facebook.com\/unipersen\/?locale=tr_TR","https:\/\/x.com\/unipersen"]},{"@type":"Person","@id":"https:\/\/memurunsesi.net\/#\/schema\/person\/f21c2d73b89f6ee1d80b0a1803e38587","name":"Memurun Sesi Haber Merkezi","image":{"@type":"ImageObject","inLanguage":"tr","@id":"https:\/\/secure.gravatar.com\/avatar\/6cf0505f452ee753f485014986fab09a434671d2b919ee76fc541025c5876a70?s=96&d=mm&r=g","url":"https:\/\/secure.gravatar.com\/avatar\/6cf0505f452ee753f485014986fab09a434671d2b919ee76fc541025c5876a70?s=96&d=mm&r=g","contentUrl":"https:\/\/secure.gravatar.com\/avatar\/6cf0505f452ee753f485014986fab09a434671d2b919ee76fc541025c5876a70?s=96&d=mm&r=g","caption":"Memurun Sesi Haber Merkezi"},"sameAs":["https:\/\/memurunsesi.net"],"url":"https:\/\/memurunsesi.net\/index.php\/author\/uniper\/"}]}},"_links":{"self":[{"href":"https:\/\/memurunsesi.net\/index.php\/wp-json\/wp\/v2\/posts\/7872","targetHints":{"allow":["GET"]}}],"collection":[{"href":"https:\/\/memurunsesi.net\/index.php\/wp-json\/wp\/v2\/posts"}],"about":[{"href":"https:\/\/memurunsesi.net\/index.php\/wp-json\/wp\/v2\/types\/post"}],"author":[{"embeddable":true,"href":"https:\/\/memurunsesi.net\/index.php\/wp-json\/wp\/v2\/users\/1"}],"replies":[{"embeddable":true,"href":"https:\/\/memurunsesi.net\/index.php\/wp-json\/wp\/v2\/comments?post=7872"}],"version-history":[{"count":1,"href":"https:\/\/memurunsesi.net\/index.php\/wp-json\/wp\/v2\/posts\/7872\/revisions"}],"predecessor-version":[{"id":7874,"href":"https:\/\/memurunsesi.net\/index.php\/wp-json\/wp\/v2\/posts\/7872\/revisions\/7874"}],"wp:featuredmedia":[{"embeddable":true,"href":"https:\/\/memurunsesi.net\/index.php\/wp-json\/wp\/v2\/media\/7873"}],"wp:attachment":[{"href":"https:\/\/memurunsesi.net\/index.php\/wp-json\/wp\/v2\/media?parent=7872"}],"wp:term":[{"taxonomy":"category","embeddable":true,"href":"https:\/\/memurunsesi.net\/index.php\/wp-json\/wp\/v2\/categories?post=7872"},{"taxonomy":"post_tag","embeddable":true,"href":"https:\/\/memurunsesi.net\/index.php\/wp-json\/wp\/v2\/tags?post=7872"}],"curies":[{"name":"wp","href":"https:\/\/api.w.org\/{rel}","templated":true}]}}