{"id":7875,"date":"2025-06-10T08:54:10","date_gmt":"2025-06-10T05:54:10","guid":{"rendered":"https:\/\/memurunsesi.net\/?p=7875"},"modified":"2025-06-10T08:54:10","modified_gmt":"2025-06-10T05:54:10","slug":"corluda-ciftlikten-kacan-20-keciyi-polis-buldu","status":"publish","type":"post","link":"https:\/\/memurunsesi.net\/index.php\/2025\/06\/10\/corluda-ciftlikten-kacan-20-keciyi-polis-buldu\/","title":{"rendered":"\u00c7orlu\u2019da \u00e7iftlikten ka\u00e7an 20 ke\u00e7iyi polis buldu"},"content":{"rendered":"<p>  Tekirda\u011f \u00c7orlu\u2019da \u00e7iftlikten ka\u00e7an yakla\u015f\u0131k 20 ke\u00e7i ile 1 \u00e7oban k\u00f6pe\u011fi gece yar\u0131s\u0131 polis taraf\u0131ndan \u00c7orlu \u00c7evre Yolu \u00fczerinde bulundu.<br \/>\nZafer Mahallesi\u2019nde bulunan besi \u00e7iftli\u011findeki bir \u00e7ift\u00e7iye ait ke\u00e7iler kayboldu. Vatanda\u015f, ke\u00e7ilerini bulmak i\u00e7in aramaya \u00e7\u0131kt\u0131. Ke\u00e7ilerin \u00e7evre yolunda g\u00f6r\u00fcld\u00fc\u011f\u00fc ihbarlar\u0131 \u00fczerine b\u00f6lgeye \u00e7\u0131kan \u00e7ok say\u0131da polis ekibi ke\u00e7ileri ve ba\u015flar\u0131nda bekleyen \u00e7oban k\u00f6pe\u011fini Esentepe Mahallesi \u00c7orlu \u00c7evre Yolu \u00fczerinde sa\u011f salim buldu. \u00c7orlu polisi, zaman\u0131nda m\u00fcdahale ederek hayvana \u00e7arpma \u015feklinde meydana gelebilecek trafik kazas\u0131n\u0131n da \u00f6n\u00fcne ge\u00e7ti.<br \/>\n  Yol kenar\u0131nda bekletilen ke\u00e7iler, olay yerine gelen sahibine teslim edildi. Hayvan sahibi, ke\u00e7ilerin bulunmas\u0131nda duyarl\u0131l\u0131k g\u00f6steren \u00c7orlu emniyetine te\u015fekk\u00fcr etti. <\/p>\n<p>10.06.2025                                <\/p>\n","protected":false},"excerpt":{"rendered":"<p>Tekirda\u011f \u00c7orlu\u2019da \u00e7iftlikten ka\u00e7an yakla\u015f\u0131k 20 ke\u00e7i ile 1 \u00e7oban k\u00f6pe\u011fi gece yar\u0131s\u0131 polis taraf\u0131ndan \u00c7orlu \u00c7evre Yolu \u00fczerinde bulundu. Zafer Mahallesi\u2019nde bulunan besi \u00e7iftli\u011findeki bir \u00e7ift\u00e7iye ait ke\u00e7iler kayboldu. Vatanda\u015f, ke\u00e7ilerini bulmak i\u00e7in aramaya \u00e7\u0131kt\u0131. Ke\u00e7ilerin \u00e7evre yolunda g\u00f6r\u00fcld\u00fc\u011f\u00fc ihbarlar\u0131 \u00fczerine b\u00f6lgeye \u00e7\u0131kan \u00e7ok say\u0131da polis ekibi ke\u00e7ileri ve ba\u015flar\u0131nda bekleyen \u00e7oban k\u00f6pe\u011fini Esentepe [&hellip;]<\/p>\n","protected":false},"author":1,"featured_media":7876,"comment_status":"open","ping_status":"open","sticky":false,"template":"","format":"standard","meta":{"footnotes":""},"categories":[45],"tags":[],"class_list":["post-7875","post","type-post","status-publish","format-standard","has-post-thumbnail","hentry","category-gundem"],"yoast_head":"<!-- This site is optimized with the Yoast SEO plugin v27.4 - https:\/\/yoast.com\/product\/yoast-seo-wordpress\/ -->\n<title>\u00c7orlu\u2019da \u00e7iftlikten ka\u00e7an 20 ke\u00e7iyi polis buldu - Memurun Sesi<\/title>\n<meta name=\"robots\" content=\"index, follow, max-snippet:-1, max-image-preview:large, max-video-preview:-1\" \/>\n<link rel=\"canonical\" href=\"https:\/\/memurunsesi.net\/index.php\/2025\/06\/10\/corluda-ciftlikten-kacan-20-keciyi-polis-buldu\/\" \/>\n<meta property=\"og:locale\" content=\"tr_TR\" \/>\n<meta property=\"og:type\" content=\"article\" \/>\n<meta property=\"og:title\" content=\"\u00c7orlu\u2019da \u00e7iftlikten ka\u00e7an 20 ke\u00e7iyi polis buldu - Memurun Sesi\" \/>\n<meta property=\"og:description\" content=\"Tekirda\u011f \u00c7orlu\u2019da \u00e7iftlikten ka\u00e7an yakla\u015f\u0131k 20 ke\u00e7i ile 1 \u00e7oban k\u00f6pe\u011fi gece yar\u0131s\u0131 polis taraf\u0131ndan \u00c7orlu \u00c7evre Yolu \u00fczerinde bulundu. Zafer Mahallesi\u2019nde bulunan besi \u00e7iftli\u011findeki bir \u00e7ift\u00e7iye ait ke\u00e7iler kayboldu. Vatanda\u015f, ke\u00e7ilerini bulmak i\u00e7in aramaya \u00e7\u0131kt\u0131. Ke\u00e7ilerin \u00e7evre yolunda g\u00f6r\u00fcld\u00fc\u011f\u00fc ihbarlar\u0131 \u00fczerine b\u00f6lgeye \u00e7\u0131kan \u00e7ok say\u0131da polis ekibi ke\u00e7ileri ve ba\u015flar\u0131nda bekleyen \u00e7oban k\u00f6pe\u011fini Esentepe [&hellip;]\" \/>\n<meta property=\"og:url\" content=\"https:\/\/memurunsesi.net\/index.php\/2025\/06\/10\/corluda-ciftlikten-kacan-20-keciyi-polis-buldu\/\" \/>\n<meta property=\"og:site_name\" content=\"Memurun Sesi\" \/>\n<meta property=\"article:publisher\" content=\"https:\/\/www.facebook.com\/unipersen\/?locale=tr_TR\" \/>\n<meta property=\"article:published_time\" content=\"2025-06-10T05:54:10+00:00\" \/>\n<meta property=\"og:image\" content=\"https:\/\/memurunsesi.net\/wp-content\/uploads\/2025\/06\/AW472956_02-scaled.jpg\" \/>\n\t<meta property=\"og:image:width\" content=\"2560\" \/>\n\t<meta property=\"og:image:height\" content=\"1920\" \/>\n\t<meta property=\"og:image:type\" content=\"image\/jpeg\" \/>\n<meta name=\"author\" content=\"Memurun Sesi Haber Merkezi\" \/>\n<meta name=\"twitter:card\" content=\"summary_large_image\" \/>\n<meta name=\"twitter:creator\" content=\"@unipersen\" \/>\n<meta name=\"twitter:site\" content=\"@unipersen\" \/>\n<meta name=\"twitter:label1\" content=\"Yazan:\" \/>\n\t<meta name=\"twitter:data1\" content=\"Memurun Sesi Haber Merkezi\" \/>\n\t<meta name=\"twitter:label2\" content=\"Tahmini okuma s\u00fcresi\" \/>\n\t<meta name=\"twitter:data2\" content=\"1 dakika\" \/>\n<script type=\"application\/ld+json\" class=\"yoast-schema-graph\">{\"@context\":\"https:\\\/\\\/schema.org\",\"@graph\":[{\"@type\":\"Article\",\"@id\":\"https:\\\/\\\/memurunsesi.net\\\/index.php\\\/2025\\\/06\\\/10\\\/corluda-ciftlikten-kacan-20-keciyi-polis-buldu\\\/#article\",\"isPartOf\":{\"@id\":\"https:\\\/\\\/memurunsesi.net\\\/index.php\\\/2025\\\/06\\\/10\\\/corluda-ciftlikten-kacan-20-keciyi-polis-buldu\\\/\"},\"author\":{\"name\":\"Memurun Sesi Haber Merkezi\",\"@id\":\"https:\\\/\\\/memurunsesi.net\\\/#\\\/schema\\\/person\\\/f21c2d73b89f6ee1d80b0a1803e38587\"},\"headline\":\"\u00c7orlu\u2019da \u00e7iftlikten ka\u00e7an 20 ke\u00e7iyi polis buldu\",\"datePublished\":\"2025-06-10T05:54:10+00:00\",\"mainEntityOfPage\":{\"@id\":\"https:\\\/\\\/memurunsesi.net\\\/index.php\\\/2025\\\/06\\\/10\\\/corluda-ciftlikten-kacan-20-keciyi-polis-buldu\\\/\"},\"wordCount\":144,\"commentCount\":0,\"publisher\":{\"@id\":\"https:\\\/\\\/memurunsesi.net\\\/#organization\"},\"image\":{\"@id\":\"https:\\\/\\\/memurunsesi.net\\\/index.php\\\/2025\\\/06\\\/10\\\/corluda-ciftlikten-kacan-20-keciyi-polis-buldu\\\/#primaryimage\"},\"thumbnailUrl\":\"https:\\\/\\\/memurunsesi.net\\\/wp-content\\\/uploads\\\/2025\\\/06\\\/AW472956_02-scaled.jpg\",\"articleSection\":[\"G\u00fcndem\"],\"inLanguage\":\"tr\",\"potentialAction\":[{\"@type\":\"CommentAction\",\"name\":\"Comment\",\"target\":[\"https:\\\/\\\/memurunsesi.net\\\/index.php\\\/2025\\\/06\\\/10\\\/corluda-ciftlikten-kacan-20-keciyi-polis-buldu\\\/#respond\"]}]},{\"@type\":\"WebPage\",\"@id\":\"https:\\\/\\\/memurunsesi.net\\\/index.php\\\/2025\\\/06\\\/10\\\/corluda-ciftlikten-kacan-20-keciyi-polis-buldu\\\/\",\"url\":\"https:\\\/\\\/memurunsesi.net\\\/index.php\\\/2025\\\/06\\\/10\\\/corluda-ciftlikten-kacan-20-keciyi-polis-buldu\\\/\",\"name\":\"\u00c7orlu\u2019da \u00e7iftlikten ka\u00e7an 20 ke\u00e7iyi polis buldu - Memurun Sesi\",\"isPartOf\":{\"@id\":\"https:\\\/\\\/memurunsesi.net\\\/#website\"},\"primaryImageOfPage\":{\"@id\":\"https:\\\/\\\/memurunsesi.net\\\/index.php\\\/2025\\\/06\\\/10\\\/corluda-ciftlikten-kacan-20-keciyi-polis-buldu\\\/#primaryimage\"},\"image\":{\"@id\":\"https:\\\/\\\/memurunsesi.net\\\/index.php\\\/2025\\\/06\\\/10\\\/corluda-ciftlikten-kacan-20-keciyi-polis-buldu\\\/#primaryimage\"},\"thumbnailUrl\":\"https:\\\/\\\/memurunsesi.net\\\/wp-content\\\/uploads\\\/2025\\\/06\\\/AW472956_02-scaled.jpg\",\"datePublished\":\"2025-06-10T05:54:10+00:00\",\"breadcrumb\":{\"@id\":\"https:\\\/\\\/memurunsesi.net\\\/index.php\\\/2025\\\/06\\\/10\\\/corluda-ciftlikten-kacan-20-keciyi-polis-buldu\\\/#breadcrumb\"},\"inLanguage\":\"tr\",\"potentialAction\":[{\"@type\":\"ReadAction\",\"target\":[\"https:\\\/\\\/memurunsesi.net\\\/index.php\\\/2025\\\/06\\\/10\\\/corluda-ciftlikten-kacan-20-keciyi-polis-buldu\\\/\"]}]},{\"@type\":\"ImageObject\",\"inLanguage\":\"tr\",\"@id\":\"https:\\\/\\\/memurunsesi.net\\\/index.php\\\/2025\\\/06\\\/10\\\/corluda-ciftlikten-kacan-20-keciyi-polis-buldu\\\/#primaryimage\",\"url\":\"https:\\\/\\\/memurunsesi.net\\\/wp-content\\\/uploads\\\/2025\\\/06\\\/AW472956_02-scaled.jpg\",\"contentUrl\":\"https:\\\/\\\/memurunsesi.net\\\/wp-content\\\/uploads\\\/2025\\\/06\\\/AW472956_02-scaled.jpg\",\"width\":2560,\"height\":1920,\"caption\":\"\u00c7ORLU'DA \u00c7\u0130FTL\u0130KTEN KA\u00c7AN YAKLA\u015eIK 20 KE\u00c7\u0130 \u0130LE 1 \u00c7OBAN K\u00d6PE\u011e\u0130 GECE YARISI POL\u0130S TARAFINDAN \u00c7ORLU \u00c7EVRE YOLU \u00dcZER\u0130NDE BULUNDU (H\u00dcSEY\u0130N TAYYAR\\\/TEK\u0130RDA\u011e-\u0130HA) Tekirda\u011f \u00c7orlu'da \u00e7iftlikten ka\u00e7an yakla\u015f\u0131k 20 ke\u00e7i ile 1 \u00e7oban k\u00f6pe\u011fi gece yar\u0131s\u0131 polis taraf\u0131ndan \u00c7orlu \u00c7evre Yolu \u00fczerinde bulundu.\"},{\"@type\":\"BreadcrumbList\",\"@id\":\"https:\\\/\\\/memurunsesi.net\\\/index.php\\\/2025\\\/06\\\/10\\\/corluda-ciftlikten-kacan-20-keciyi-polis-buldu\\\/#breadcrumb\",\"itemListElement\":[{\"@type\":\"ListItem\",\"position\":1,\"name\":\"Anasayfa\",\"item\":\"https:\\\/\\\/memurunsesi.net\\\/\"},{\"@type\":\"ListItem\",\"position\":2,\"name\":\"\u00c7orlu\u2019da \u00e7iftlikten ka\u00e7an 20 ke\u00e7iyi polis buldu\"}]},{\"@type\":\"WebSite\",\"@id\":\"https:\\\/\\\/memurunsesi.net\\\/#website\",\"url\":\"https:\\\/\\\/memurunsesi.net\\\/\",\"name\":\"Memurun Sesi\",\"description\":\"G\u00fcncel ve Do\u011fru Haber\",\"publisher\":{\"@id\":\"https:\\\/\\\/memurunsesi.net\\\/#organization\"},\"potentialAction\":[{\"@type\":\"SearchAction\",\"target\":{\"@type\":\"EntryPoint\",\"urlTemplate\":\"https:\\\/\\\/memurunsesi.net\\\/?s={search_term_string}\"},\"query-input\":{\"@type\":\"PropertyValueSpecification\",\"valueRequired\":true,\"valueName\":\"search_term_string\"}}],\"inLanguage\":\"tr\"},{\"@type\":\"Organization\",\"@id\":\"https:\\\/\\\/memurunsesi.net\\\/#organization\",\"name\":\"Memurun Sesi\",\"url\":\"https:\\\/\\\/memurunsesi.net\\\/\",\"logo\":{\"@type\":\"ImageObject\",\"inLanguage\":\"tr\",\"@id\":\"https:\\\/\\\/memurunsesi.net\\\/#\\\/schema\\\/logo\\\/image\\\/\",\"url\":\"https:\\\/\\\/memurunsesi.net\\\/wp-content\\\/uploads\\\/2025\\\/11\\\/cropped-MEMURUN-SESI.png\",\"contentUrl\":\"https:\\\/\\\/memurunsesi.net\\\/wp-content\\\/uploads\\\/2025\\\/11\\\/cropped-MEMURUN-SESI.png\",\"width\":238,\"height\":57,\"caption\":\"Memurun Sesi\"},\"image\":{\"@id\":\"https:\\\/\\\/memurunsesi.net\\\/#\\\/schema\\\/logo\\\/image\\\/\"},\"sameAs\":[\"https:\\\/\\\/www.facebook.com\\\/unipersen\\\/?locale=tr_TR\",\"https:\\\/\\\/x.com\\\/unipersen\"]},{\"@type\":\"Person\",\"@id\":\"https:\\\/\\\/memurunsesi.net\\\/#\\\/schema\\\/person\\\/f21c2d73b89f6ee1d80b0a1803e38587\",\"name\":\"Memurun Sesi Haber Merkezi\",\"image\":{\"@type\":\"ImageObject\",\"inLanguage\":\"tr\",\"@id\":\"https:\\\/\\\/secure.gravatar.com\\\/avatar\\\/6cf0505f452ee753f485014986fab09a434671d2b919ee76fc541025c5876a70?s=96&d=mm&r=g\",\"url\":\"https:\\\/\\\/secure.gravatar.com\\\/avatar\\\/6cf0505f452ee753f485014986fab09a434671d2b919ee76fc541025c5876a70?s=96&d=mm&r=g\",\"contentUrl\":\"https:\\\/\\\/secure.gravatar.com\\\/avatar\\\/6cf0505f452ee753f485014986fab09a434671d2b919ee76fc541025c5876a70?s=96&d=mm&r=g\",\"caption\":\"Memurun Sesi Haber Merkezi\"},\"sameAs\":[\"https:\\\/\\\/memurunsesi.net\"],\"url\":\"https:\\\/\\\/memurunsesi.net\\\/index.php\\\/author\\\/uniper\\\/\"}]}<\/script>\n<!-- \/ Yoast SEO plugin. -->","yoast_head_json":{"title":"\u00c7orlu\u2019da \u00e7iftlikten ka\u00e7an 20 ke\u00e7iyi polis buldu - Memurun Sesi","robots":{"index":"index","follow":"follow","max-snippet":"max-snippet:-1","max-image-preview":"max-image-preview:large","max-video-preview":"max-video-preview:-1"},"canonical":"https:\/\/memurunsesi.net\/index.php\/2025\/06\/10\/corluda-ciftlikten-kacan-20-keciyi-polis-buldu\/","og_locale":"tr_TR","og_type":"article","og_title":"\u00c7orlu\u2019da \u00e7iftlikten ka\u00e7an 20 ke\u00e7iyi polis buldu - Memurun Sesi","og_description":"Tekirda\u011f \u00c7orlu\u2019da \u00e7iftlikten ka\u00e7an yakla\u015f\u0131k 20 ke\u00e7i ile 1 \u00e7oban k\u00f6pe\u011fi gece yar\u0131s\u0131 polis taraf\u0131ndan \u00c7orlu \u00c7evre Yolu \u00fczerinde bulundu. Zafer Mahallesi\u2019nde bulunan besi \u00e7iftli\u011findeki bir \u00e7ift\u00e7iye ait ke\u00e7iler kayboldu. Vatanda\u015f, ke\u00e7ilerini bulmak i\u00e7in aramaya \u00e7\u0131kt\u0131. Ke\u00e7ilerin \u00e7evre yolunda g\u00f6r\u00fcld\u00fc\u011f\u00fc ihbarlar\u0131 \u00fczerine b\u00f6lgeye \u00e7\u0131kan \u00e7ok say\u0131da polis ekibi ke\u00e7ileri ve ba\u015flar\u0131nda bekleyen \u00e7oban k\u00f6pe\u011fini Esentepe [&hellip;]","og_url":"https:\/\/memurunsesi.net\/index.php\/2025\/06\/10\/corluda-ciftlikten-kacan-20-keciyi-polis-buldu\/","og_site_name":"Memurun Sesi","article_publisher":"https:\/\/www.facebook.com\/unipersen\/?locale=tr_TR","article_published_time":"2025-06-10T05:54:10+00:00","og_image":[{"width":2560,"height":1920,"url":"https:\/\/memurunsesi.net\/wp-content\/uploads\/2025\/06\/AW472956_02-scaled.jpg","type":"image\/jpeg"}],"author":"Memurun Sesi Haber Merkezi","twitter_card":"summary_large_image","twitter_creator":"@unipersen","twitter_site":"@unipersen","twitter_misc":{"Yazan:":"Memurun Sesi Haber Merkezi","Tahmini okuma s\u00fcresi":"1 dakika"},"schema":{"@context":"https:\/\/schema.org","@graph":[{"@type":"Article","@id":"https:\/\/memurunsesi.net\/index.php\/2025\/06\/10\/corluda-ciftlikten-kacan-20-keciyi-polis-buldu\/#article","isPartOf":{"@id":"https:\/\/memurunsesi.net\/index.php\/2025\/06\/10\/corluda-ciftlikten-kacan-20-keciyi-polis-buldu\/"},"author":{"name":"Memurun Sesi Haber Merkezi","@id":"https:\/\/memurunsesi.net\/#\/schema\/person\/f21c2d73b89f6ee1d80b0a1803e38587"},"headline":"\u00c7orlu\u2019da \u00e7iftlikten ka\u00e7an 20 ke\u00e7iyi polis buldu","datePublished":"2025-06-10T05:54:10+00:00","mainEntityOfPage":{"@id":"https:\/\/memurunsesi.net\/index.php\/2025\/06\/10\/corluda-ciftlikten-kacan-20-keciyi-polis-buldu\/"},"wordCount":144,"commentCount":0,"publisher":{"@id":"https:\/\/memurunsesi.net\/#organization"},"image":{"@id":"https:\/\/memurunsesi.net\/index.php\/2025\/06\/10\/corluda-ciftlikten-kacan-20-keciyi-polis-buldu\/#primaryimage"},"thumbnailUrl":"https:\/\/memurunsesi.net\/wp-content\/uploads\/2025\/06\/AW472956_02-scaled.jpg","articleSection":["G\u00fcndem"],"inLanguage":"tr","potentialAction":[{"@type":"CommentAction","name":"Comment","target":["https:\/\/memurunsesi.net\/index.php\/2025\/06\/10\/corluda-ciftlikten-kacan-20-keciyi-polis-buldu\/#respond"]}]},{"@type":"WebPage","@id":"https:\/\/memurunsesi.net\/index.php\/2025\/06\/10\/corluda-ciftlikten-kacan-20-keciyi-polis-buldu\/","url":"https:\/\/memurunsesi.net\/index.php\/2025\/06\/10\/corluda-ciftlikten-kacan-20-keciyi-polis-buldu\/","name":"\u00c7orlu\u2019da \u00e7iftlikten ka\u00e7an 20 ke\u00e7iyi polis buldu - Memurun Sesi","isPartOf":{"@id":"https:\/\/memurunsesi.net\/#website"},"primaryImageOfPage":{"@id":"https:\/\/memurunsesi.net\/index.php\/2025\/06\/10\/corluda-ciftlikten-kacan-20-keciyi-polis-buldu\/#primaryimage"},"image":{"@id":"https:\/\/memurunsesi.net\/index.php\/2025\/06\/10\/corluda-ciftlikten-kacan-20-keciyi-polis-buldu\/#primaryimage"},"thumbnailUrl":"https:\/\/memurunsesi.net\/wp-content\/uploads\/2025\/06\/AW472956_02-scaled.jpg","datePublished":"2025-06-10T05:54:10+00:00","breadcrumb":{"@id":"https:\/\/memurunsesi.net\/index.php\/2025\/06\/10\/corluda-ciftlikten-kacan-20-keciyi-polis-buldu\/#breadcrumb"},"inLanguage":"tr","potentialAction":[{"@type":"ReadAction","target":["https:\/\/memurunsesi.net\/index.php\/2025\/06\/10\/corluda-ciftlikten-kacan-20-keciyi-polis-buldu\/"]}]},{"@type":"ImageObject","inLanguage":"tr","@id":"https:\/\/memurunsesi.net\/index.php\/2025\/06\/10\/corluda-ciftlikten-kacan-20-keciyi-polis-buldu\/#primaryimage","url":"https:\/\/memurunsesi.net\/wp-content\/uploads\/2025\/06\/AW472956_02-scaled.jpg","contentUrl":"https:\/\/memurunsesi.net\/wp-content\/uploads\/2025\/06\/AW472956_02-scaled.jpg","width":2560,"height":1920,"caption":"\u00c7ORLU'DA \u00c7\u0130FTL\u0130KTEN KA\u00c7AN YAKLA\u015eIK 20 KE\u00c7\u0130 \u0130LE 1 \u00c7OBAN K\u00d6PE\u011e\u0130 GECE YARISI POL\u0130S TARAFINDAN \u00c7ORLU \u00c7EVRE YOLU \u00dcZER\u0130NDE BULUNDU (H\u00dcSEY\u0130N TAYYAR\/TEK\u0130RDA\u011e-\u0130HA) Tekirda\u011f \u00c7orlu'da \u00e7iftlikten ka\u00e7an yakla\u015f\u0131k 20 ke\u00e7i ile 1 \u00e7oban k\u00f6pe\u011fi gece yar\u0131s\u0131 polis taraf\u0131ndan \u00c7orlu \u00c7evre Yolu \u00fczerinde bulundu."},{"@type":"BreadcrumbList","@id":"https:\/\/memurunsesi.net\/index.php\/2025\/06\/10\/corluda-ciftlikten-kacan-20-keciyi-polis-buldu\/#breadcrumb","itemListElement":[{"@type":"ListItem","position":1,"name":"Anasayfa","item":"https:\/\/memurunsesi.net\/"},{"@type":"ListItem","position":2,"name":"\u00c7orlu\u2019da \u00e7iftlikten ka\u00e7an 20 ke\u00e7iyi polis buldu"}]},{"@type":"WebSite","@id":"https:\/\/memurunsesi.net\/#website","url":"https:\/\/memurunsesi.net\/","name":"Memurun Sesi","description":"G\u00fcncel ve Do\u011fru Haber","publisher":{"@id":"https:\/\/memurunsesi.net\/#organization"},"potentialAction":[{"@type":"SearchAction","target":{"@type":"EntryPoint","urlTemplate":"https:\/\/memurunsesi.net\/?s={search_term_string}"},"query-input":{"@type":"PropertyValueSpecification","valueRequired":true,"valueName":"search_term_string"}}],"inLanguage":"tr"},{"@type":"Organization","@id":"https:\/\/memurunsesi.net\/#organization","name":"Memurun Sesi","url":"https:\/\/memurunsesi.net\/","logo":{"@type":"ImageObject","inLanguage":"tr","@id":"https:\/\/memurunsesi.net\/#\/schema\/logo\/image\/","url":"https:\/\/memurunsesi.net\/wp-content\/uploads\/2025\/11\/cropped-MEMURUN-SESI.png","contentUrl":"https:\/\/memurunsesi.net\/wp-content\/uploads\/2025\/11\/cropped-MEMURUN-SESI.png","width":238,"height":57,"caption":"Memurun Sesi"},"image":{"@id":"https:\/\/memurunsesi.net\/#\/schema\/logo\/image\/"},"sameAs":["https:\/\/www.facebook.com\/unipersen\/?locale=tr_TR","https:\/\/x.com\/unipersen"]},{"@type":"Person","@id":"https:\/\/memurunsesi.net\/#\/schema\/person\/f21c2d73b89f6ee1d80b0a1803e38587","name":"Memurun Sesi Haber Merkezi","image":{"@type":"ImageObject","inLanguage":"tr","@id":"https:\/\/secure.gravatar.com\/avatar\/6cf0505f452ee753f485014986fab09a434671d2b919ee76fc541025c5876a70?s=96&d=mm&r=g","url":"https:\/\/secure.gravatar.com\/avatar\/6cf0505f452ee753f485014986fab09a434671d2b919ee76fc541025c5876a70?s=96&d=mm&r=g","contentUrl":"https:\/\/secure.gravatar.com\/avatar\/6cf0505f452ee753f485014986fab09a434671d2b919ee76fc541025c5876a70?s=96&d=mm&r=g","caption":"Memurun Sesi Haber Merkezi"},"sameAs":["https:\/\/memurunsesi.net"],"url":"https:\/\/memurunsesi.net\/index.php\/author\/uniper\/"}]}},"_links":{"self":[{"href":"https:\/\/memurunsesi.net\/index.php\/wp-json\/wp\/v2\/posts\/7875","targetHints":{"allow":["GET"]}}],"collection":[{"href":"https:\/\/memurunsesi.net\/index.php\/wp-json\/wp\/v2\/posts"}],"about":[{"href":"https:\/\/memurunsesi.net\/index.php\/wp-json\/wp\/v2\/types\/post"}],"author":[{"embeddable":true,"href":"https:\/\/memurunsesi.net\/index.php\/wp-json\/wp\/v2\/users\/1"}],"replies":[{"embeddable":true,"href":"https:\/\/memurunsesi.net\/index.php\/wp-json\/wp\/v2\/comments?post=7875"}],"version-history":[{"count":1,"href":"https:\/\/memurunsesi.net\/index.php\/wp-json\/wp\/v2\/posts\/7875\/revisions"}],"predecessor-version":[{"id":7877,"href":"https:\/\/memurunsesi.net\/index.php\/wp-json\/wp\/v2\/posts\/7875\/revisions\/7877"}],"wp:featuredmedia":[{"embeddable":true,"href":"https:\/\/memurunsesi.net\/index.php\/wp-json\/wp\/v2\/media\/7876"}],"wp:attachment":[{"href":"https:\/\/memurunsesi.net\/index.php\/wp-json\/wp\/v2\/media?parent=7875"}],"wp:term":[{"taxonomy":"category","embeddable":true,"href":"https:\/\/memurunsesi.net\/index.php\/wp-json\/wp\/v2\/categories?post=7875"},{"taxonomy":"post_tag","embeddable":true,"href":"https:\/\/memurunsesi.net\/index.php\/wp-json\/wp\/v2\/tags?post=7875"}],"curies":[{"name":"wp","href":"https:\/\/api.w.org\/{rel}","templated":true}]}}