{"id":7881,"date":"2025-06-10T08:59:49","date_gmt":"2025-06-10T05:59:49","guid":{"rendered":"https:\/\/memurunsesi.net\/?p=7881"},"modified":"2025-06-10T08:59:49","modified_gmt":"2025-06-10T05:59:49","slug":"kazdaglarinda-cikan-arac-yanginina-itfaiye-mudahale-etti","status":"publish","type":"post","link":"https:\/\/memurunsesi.net\/index.php\/2025\/06\/10\/kazdaglarinda-cikan-arac-yanginina-itfaiye-mudahale-etti\/","title":{"rendered":"Kazda\u011flar\u0131&#8217;nda \u00e7\u0131kan ara\u00e7 yang\u0131n\u0131na itfaiye m\u00fcdahale etti"},"content":{"rendered":"<p>  Bal\u0131kesir&#8217;in Edremit il\u00e7esinde Kalk\u0131m yolu \u00fczerinde seyir halindeki bir ara\u00e7ta yang\u0131n \u00e7\u0131kt\u0131. Olay yerine k\u0131sa s\u00fcrede ula\u015fan Edremit \u0130tfaiye Grup Amirli\u011fi ekipleri yang\u0131na m\u00fcdahale etti.<br \/>\n  Edinilen bilgiye g\u00f6re, Hac\u0131arslanlar Mahallesi&#8217;ni yakla\u015f\u0131k 3 kilometre ge\u00e7tikten sonra Kazda\u011flar\u0131&#8217;nda Kalk\u0131m yolu \u00fczerinde 17 AFG 443 plakal\u0131 ara\u00e7 hen\u00fcz bilinmeyen bir nedenle alev ald\u0131. Yang\u0131n\u0131 g\u00f6ren vatanda\u015flar\u0131n ihbar\u0131 \u00fczerine olay yerine itfaiye ve jandarma ekipleri sevk edildi. Edremit \u0130tfaiye Grup Amirli\u011fi personelleri k\u0131sa s\u00fcrede yang\u0131na m\u00fcdahale ederek kontrol alt\u0131na ald\u0131. Ara\u00e7ta maddi hasar meydana gelirken, olayla ilgili inceleme ba\u015flat\u0131ld\u0131. <\/p>\n<p>10.06.2025                               <\/p>\n","protected":false},"excerpt":{"rendered":"<p>Bal\u0131kesir&#8217;in Edremit il\u00e7esinde Kalk\u0131m yolu \u00fczerinde seyir halindeki bir ara\u00e7ta yang\u0131n \u00e7\u0131kt\u0131. Olay yerine k\u0131sa s\u00fcrede ula\u015fan Edremit \u0130tfaiye Grup Amirli\u011fi ekipleri yang\u0131na m\u00fcdahale etti. Edinilen bilgiye g\u00f6re, Hac\u0131arslanlar Mahallesi&#8217;ni yakla\u015f\u0131k 3 kilometre ge\u00e7tikten sonra Kazda\u011flar\u0131&#8217;nda Kalk\u0131m yolu \u00fczerinde 17 AFG 443 plakal\u0131 ara\u00e7 hen\u00fcz bilinmeyen bir nedenle alev ald\u0131. Yang\u0131n\u0131 g\u00f6ren vatanda\u015flar\u0131n ihbar\u0131 \u00fczerine [&hellip;]<\/p>\n","protected":false},"author":1,"featured_media":7882,"comment_status":"open","ping_status":"open","sticky":false,"template":"","format":"standard","meta":{"footnotes":""},"categories":[45],"tags":[],"class_list":["post-7881","post","type-post","status-publish","format-standard","has-post-thumbnail","hentry","category-gundem"],"yoast_head":"<!-- This site is optimized with the Yoast SEO plugin v27.4 - https:\/\/yoast.com\/product\/yoast-seo-wordpress\/ -->\n<title>Kazda\u011flar\u0131&#039;nda \u00e7\u0131kan ara\u00e7 yang\u0131n\u0131na itfaiye m\u00fcdahale etti - Memurun Sesi<\/title>\n<meta name=\"robots\" content=\"index, follow, max-snippet:-1, max-image-preview:large, max-video-preview:-1\" \/>\n<link rel=\"canonical\" href=\"https:\/\/memurunsesi.net\/index.php\/2025\/06\/10\/kazdaglarinda-cikan-arac-yanginina-itfaiye-mudahale-etti\/\" \/>\n<meta property=\"og:locale\" content=\"tr_TR\" \/>\n<meta property=\"og:type\" content=\"article\" \/>\n<meta property=\"og:title\" content=\"Kazda\u011flar\u0131&#039;nda \u00e7\u0131kan ara\u00e7 yang\u0131n\u0131na itfaiye m\u00fcdahale etti - Memurun Sesi\" \/>\n<meta property=\"og:description\" content=\"Bal\u0131kesir&#8217;in Edremit il\u00e7esinde Kalk\u0131m yolu \u00fczerinde seyir halindeki bir ara\u00e7ta yang\u0131n \u00e7\u0131kt\u0131. Olay yerine k\u0131sa s\u00fcrede ula\u015fan Edremit \u0130tfaiye Grup Amirli\u011fi ekipleri yang\u0131na m\u00fcdahale etti. Edinilen bilgiye g\u00f6re, Hac\u0131arslanlar Mahallesi&#8217;ni yakla\u015f\u0131k 3 kilometre ge\u00e7tikten sonra Kazda\u011flar\u0131&#8217;nda Kalk\u0131m yolu \u00fczerinde 17 AFG 443 plakal\u0131 ara\u00e7 hen\u00fcz bilinmeyen bir nedenle alev ald\u0131. Yang\u0131n\u0131 g\u00f6ren vatanda\u015flar\u0131n ihbar\u0131 \u00fczerine [&hellip;]\" \/>\n<meta property=\"og:url\" content=\"https:\/\/memurunsesi.net\/index.php\/2025\/06\/10\/kazdaglarinda-cikan-arac-yanginina-itfaiye-mudahale-etti\/\" \/>\n<meta property=\"og:site_name\" content=\"Memurun Sesi\" \/>\n<meta property=\"article:publisher\" content=\"https:\/\/www.facebook.com\/unipersen\/?locale=tr_TR\" \/>\n<meta property=\"article:published_time\" content=\"2025-06-10T05:59:49+00:00\" \/>\n<meta property=\"og:image\" content=\"https:\/\/memurunsesi.net\/wp-content\/uploads\/2025\/06\/AW472945_04.jpg\" \/>\n\t<meta property=\"og:image:width\" content=\"2048\" \/>\n\t<meta property=\"og:image:height\" content=\"1536\" \/>\n\t<meta property=\"og:image:type\" content=\"image\/jpeg\" \/>\n<meta name=\"author\" content=\"Memurun Sesi Haber Merkezi\" \/>\n<meta name=\"twitter:card\" content=\"summary_large_image\" \/>\n<meta name=\"twitter:creator\" content=\"@unipersen\" \/>\n<meta name=\"twitter:site\" content=\"@unipersen\" \/>\n<meta name=\"twitter:label1\" content=\"Yazan:\" \/>\n\t<meta name=\"twitter:data1\" content=\"Memurun Sesi Haber Merkezi\" \/>\n\t<meta name=\"twitter:label2\" content=\"Tahmini okuma s\u00fcresi\" \/>\n\t<meta name=\"twitter:data2\" content=\"1 dakika\" \/>\n<script type=\"application\/ld+json\" class=\"yoast-schema-graph\">{\"@context\":\"https:\\\/\\\/schema.org\",\"@graph\":[{\"@type\":\"Article\",\"@id\":\"https:\\\/\\\/memurunsesi.net\\\/index.php\\\/2025\\\/06\\\/10\\\/kazdaglarinda-cikan-arac-yanginina-itfaiye-mudahale-etti\\\/#article\",\"isPartOf\":{\"@id\":\"https:\\\/\\\/memurunsesi.net\\\/index.php\\\/2025\\\/06\\\/10\\\/kazdaglarinda-cikan-arac-yanginina-itfaiye-mudahale-etti\\\/\"},\"author\":{\"name\":\"Memurun Sesi Haber Merkezi\",\"@id\":\"https:\\\/\\\/memurunsesi.net\\\/#\\\/schema\\\/person\\\/f21c2d73b89f6ee1d80b0a1803e38587\"},\"headline\":\"Kazda\u011flar\u0131&#8217;nda \u00e7\u0131kan ara\u00e7 yang\u0131n\u0131na itfaiye m\u00fcdahale etti\",\"datePublished\":\"2025-06-10T05:59:49+00:00\",\"mainEntityOfPage\":{\"@id\":\"https:\\\/\\\/memurunsesi.net\\\/index.php\\\/2025\\\/06\\\/10\\\/kazdaglarinda-cikan-arac-yanginina-itfaiye-mudahale-etti\\\/\"},\"wordCount\":128,\"commentCount\":0,\"publisher\":{\"@id\":\"https:\\\/\\\/memurunsesi.net\\\/#organization\"},\"image\":{\"@id\":\"https:\\\/\\\/memurunsesi.net\\\/index.php\\\/2025\\\/06\\\/10\\\/kazdaglarinda-cikan-arac-yanginina-itfaiye-mudahale-etti\\\/#primaryimage\"},\"thumbnailUrl\":\"https:\\\/\\\/memurunsesi.net\\\/wp-content\\\/uploads\\\/2025\\\/06\\\/AW472945_04.jpg\",\"articleSection\":[\"G\u00fcndem\"],\"inLanguage\":\"tr\",\"potentialAction\":[{\"@type\":\"CommentAction\",\"name\":\"Comment\",\"target\":[\"https:\\\/\\\/memurunsesi.net\\\/index.php\\\/2025\\\/06\\\/10\\\/kazdaglarinda-cikan-arac-yanginina-itfaiye-mudahale-etti\\\/#respond\"]}]},{\"@type\":\"WebPage\",\"@id\":\"https:\\\/\\\/memurunsesi.net\\\/index.php\\\/2025\\\/06\\\/10\\\/kazdaglarinda-cikan-arac-yanginina-itfaiye-mudahale-etti\\\/\",\"url\":\"https:\\\/\\\/memurunsesi.net\\\/index.php\\\/2025\\\/06\\\/10\\\/kazdaglarinda-cikan-arac-yanginina-itfaiye-mudahale-etti\\\/\",\"name\":\"Kazda\u011flar\u0131'nda \u00e7\u0131kan ara\u00e7 yang\u0131n\u0131na itfaiye m\u00fcdahale etti - Memurun Sesi\",\"isPartOf\":{\"@id\":\"https:\\\/\\\/memurunsesi.net\\\/#website\"},\"primaryImageOfPage\":{\"@id\":\"https:\\\/\\\/memurunsesi.net\\\/index.php\\\/2025\\\/06\\\/10\\\/kazdaglarinda-cikan-arac-yanginina-itfaiye-mudahale-etti\\\/#primaryimage\"},\"image\":{\"@id\":\"https:\\\/\\\/memurunsesi.net\\\/index.php\\\/2025\\\/06\\\/10\\\/kazdaglarinda-cikan-arac-yanginina-itfaiye-mudahale-etti\\\/#primaryimage\"},\"thumbnailUrl\":\"https:\\\/\\\/memurunsesi.net\\\/wp-content\\\/uploads\\\/2025\\\/06\\\/AW472945_04.jpg\",\"datePublished\":\"2025-06-10T05:59:49+00:00\",\"breadcrumb\":{\"@id\":\"https:\\\/\\\/memurunsesi.net\\\/index.php\\\/2025\\\/06\\\/10\\\/kazdaglarinda-cikan-arac-yanginina-itfaiye-mudahale-etti\\\/#breadcrumb\"},\"inLanguage\":\"tr\",\"potentialAction\":[{\"@type\":\"ReadAction\",\"target\":[\"https:\\\/\\\/memurunsesi.net\\\/index.php\\\/2025\\\/06\\\/10\\\/kazdaglarinda-cikan-arac-yanginina-itfaiye-mudahale-etti\\\/\"]}]},{\"@type\":\"ImageObject\",\"inLanguage\":\"tr\",\"@id\":\"https:\\\/\\\/memurunsesi.net\\\/index.php\\\/2025\\\/06\\\/10\\\/kazdaglarinda-cikan-arac-yanginina-itfaiye-mudahale-etti\\\/#primaryimage\",\"url\":\"https:\\\/\\\/memurunsesi.net\\\/wp-content\\\/uploads\\\/2025\\\/06\\\/AW472945_04.jpg\",\"contentUrl\":\"https:\\\/\\\/memurunsesi.net\\\/wp-content\\\/uploads\\\/2025\\\/06\\\/AW472945_04.jpg\",\"width\":2048,\"height\":1536,\"caption\":\"BALIKES\u0130R'\u0130N EDREM\u0130T \u0130L\u00c7ES\u0130NDE KALKIM YOLU \u00dcZER\u0130NDE SEY\u0130R HAL\u0130NDEK\u0130 B\u0130R ARA\u00c7TA YANGIN \u00c7IKTI. OLAY YER\u0130NE KISA S\u00dcREDE ULA\u015eAN EDREM\u0130T \u0130TFA\u0130YE GRUP AM\u0130RL\u0130\u011e\u0130 EK\u0130PLER\u0130 YANGINA M\u00dcDAHALE ETT\u0130. (EMRAH ELMAS\\\/BALIKES\u0130R-\u0130HA) Bal\u0131kesir'in Edremit il\u00e7esinde Kalk\u0131m yolu \u00fczerinde seyir halindeki bir ara\u00e7ta yang\u0131n \u00e7\u0131kt\u0131. Olay yerine k\u0131sa s\u00fcrede ula\u015fan Edremit \u0130tfaiye Grup Amirli\u011fi ekipleri yang\u0131na m\u00fcdahale etti.\"},{\"@type\":\"BreadcrumbList\",\"@id\":\"https:\\\/\\\/memurunsesi.net\\\/index.php\\\/2025\\\/06\\\/10\\\/kazdaglarinda-cikan-arac-yanginina-itfaiye-mudahale-etti\\\/#breadcrumb\",\"itemListElement\":[{\"@type\":\"ListItem\",\"position\":1,\"name\":\"Anasayfa\",\"item\":\"https:\\\/\\\/memurunsesi.net\\\/\"},{\"@type\":\"ListItem\",\"position\":2,\"name\":\"Kazda\u011flar\u0131&#8217;nda \u00e7\u0131kan ara\u00e7 yang\u0131n\u0131na itfaiye m\u00fcdahale etti\"}]},{\"@type\":\"WebSite\",\"@id\":\"https:\\\/\\\/memurunsesi.net\\\/#website\",\"url\":\"https:\\\/\\\/memurunsesi.net\\\/\",\"name\":\"Memurun Sesi\",\"description\":\"G\u00fcncel ve Do\u011fru Haber\",\"publisher\":{\"@id\":\"https:\\\/\\\/memurunsesi.net\\\/#organization\"},\"potentialAction\":[{\"@type\":\"SearchAction\",\"target\":{\"@type\":\"EntryPoint\",\"urlTemplate\":\"https:\\\/\\\/memurunsesi.net\\\/?s={search_term_string}\"},\"query-input\":{\"@type\":\"PropertyValueSpecification\",\"valueRequired\":true,\"valueName\":\"search_term_string\"}}],\"inLanguage\":\"tr\"},{\"@type\":\"Organization\",\"@id\":\"https:\\\/\\\/memurunsesi.net\\\/#organization\",\"name\":\"Memurun Sesi\",\"url\":\"https:\\\/\\\/memurunsesi.net\\\/\",\"logo\":{\"@type\":\"ImageObject\",\"inLanguage\":\"tr\",\"@id\":\"https:\\\/\\\/memurunsesi.net\\\/#\\\/schema\\\/logo\\\/image\\\/\",\"url\":\"https:\\\/\\\/memurunsesi.net\\\/wp-content\\\/uploads\\\/2025\\\/11\\\/cropped-MEMURUN-SESI.png\",\"contentUrl\":\"https:\\\/\\\/memurunsesi.net\\\/wp-content\\\/uploads\\\/2025\\\/11\\\/cropped-MEMURUN-SESI.png\",\"width\":238,\"height\":57,\"caption\":\"Memurun Sesi\"},\"image\":{\"@id\":\"https:\\\/\\\/memurunsesi.net\\\/#\\\/schema\\\/logo\\\/image\\\/\"},\"sameAs\":[\"https:\\\/\\\/www.facebook.com\\\/unipersen\\\/?locale=tr_TR\",\"https:\\\/\\\/x.com\\\/unipersen\"]},{\"@type\":\"Person\",\"@id\":\"https:\\\/\\\/memurunsesi.net\\\/#\\\/schema\\\/person\\\/f21c2d73b89f6ee1d80b0a1803e38587\",\"name\":\"Memurun Sesi Haber Merkezi\",\"image\":{\"@type\":\"ImageObject\",\"inLanguage\":\"tr\",\"@id\":\"https:\\\/\\\/secure.gravatar.com\\\/avatar\\\/6cf0505f452ee753f485014986fab09a434671d2b919ee76fc541025c5876a70?s=96&d=mm&r=g\",\"url\":\"https:\\\/\\\/secure.gravatar.com\\\/avatar\\\/6cf0505f452ee753f485014986fab09a434671d2b919ee76fc541025c5876a70?s=96&d=mm&r=g\",\"contentUrl\":\"https:\\\/\\\/secure.gravatar.com\\\/avatar\\\/6cf0505f452ee753f485014986fab09a434671d2b919ee76fc541025c5876a70?s=96&d=mm&r=g\",\"caption\":\"Memurun Sesi Haber Merkezi\"},\"sameAs\":[\"https:\\\/\\\/memurunsesi.net\"],\"url\":\"https:\\\/\\\/memurunsesi.net\\\/index.php\\\/author\\\/uniper\\\/\"}]}<\/script>\n<!-- \/ Yoast SEO plugin. -->","yoast_head_json":{"title":"Kazda\u011flar\u0131'nda \u00e7\u0131kan ara\u00e7 yang\u0131n\u0131na itfaiye m\u00fcdahale etti - Memurun Sesi","robots":{"index":"index","follow":"follow","max-snippet":"max-snippet:-1","max-image-preview":"max-image-preview:large","max-video-preview":"max-video-preview:-1"},"canonical":"https:\/\/memurunsesi.net\/index.php\/2025\/06\/10\/kazdaglarinda-cikan-arac-yanginina-itfaiye-mudahale-etti\/","og_locale":"tr_TR","og_type":"article","og_title":"Kazda\u011flar\u0131'nda \u00e7\u0131kan ara\u00e7 yang\u0131n\u0131na itfaiye m\u00fcdahale etti - Memurun Sesi","og_description":"Bal\u0131kesir&#8217;in Edremit il\u00e7esinde Kalk\u0131m yolu \u00fczerinde seyir halindeki bir ara\u00e7ta yang\u0131n \u00e7\u0131kt\u0131. Olay yerine k\u0131sa s\u00fcrede ula\u015fan Edremit \u0130tfaiye Grup Amirli\u011fi ekipleri yang\u0131na m\u00fcdahale etti. Edinilen bilgiye g\u00f6re, Hac\u0131arslanlar Mahallesi&#8217;ni yakla\u015f\u0131k 3 kilometre ge\u00e7tikten sonra Kazda\u011flar\u0131&#8217;nda Kalk\u0131m yolu \u00fczerinde 17 AFG 443 plakal\u0131 ara\u00e7 hen\u00fcz bilinmeyen bir nedenle alev ald\u0131. Yang\u0131n\u0131 g\u00f6ren vatanda\u015flar\u0131n ihbar\u0131 \u00fczerine [&hellip;]","og_url":"https:\/\/memurunsesi.net\/index.php\/2025\/06\/10\/kazdaglarinda-cikan-arac-yanginina-itfaiye-mudahale-etti\/","og_site_name":"Memurun Sesi","article_publisher":"https:\/\/www.facebook.com\/unipersen\/?locale=tr_TR","article_published_time":"2025-06-10T05:59:49+00:00","og_image":[{"width":2048,"height":1536,"url":"https:\/\/memurunsesi.net\/wp-content\/uploads\/2025\/06\/AW472945_04.jpg","type":"image\/jpeg"}],"author":"Memurun Sesi Haber Merkezi","twitter_card":"summary_large_image","twitter_creator":"@unipersen","twitter_site":"@unipersen","twitter_misc":{"Yazan:":"Memurun Sesi Haber Merkezi","Tahmini okuma s\u00fcresi":"1 dakika"},"schema":{"@context":"https:\/\/schema.org","@graph":[{"@type":"Article","@id":"https:\/\/memurunsesi.net\/index.php\/2025\/06\/10\/kazdaglarinda-cikan-arac-yanginina-itfaiye-mudahale-etti\/#article","isPartOf":{"@id":"https:\/\/memurunsesi.net\/index.php\/2025\/06\/10\/kazdaglarinda-cikan-arac-yanginina-itfaiye-mudahale-etti\/"},"author":{"name":"Memurun Sesi Haber Merkezi","@id":"https:\/\/memurunsesi.net\/#\/schema\/person\/f21c2d73b89f6ee1d80b0a1803e38587"},"headline":"Kazda\u011flar\u0131&#8217;nda \u00e7\u0131kan ara\u00e7 yang\u0131n\u0131na itfaiye m\u00fcdahale etti","datePublished":"2025-06-10T05:59:49+00:00","mainEntityOfPage":{"@id":"https:\/\/memurunsesi.net\/index.php\/2025\/06\/10\/kazdaglarinda-cikan-arac-yanginina-itfaiye-mudahale-etti\/"},"wordCount":128,"commentCount":0,"publisher":{"@id":"https:\/\/memurunsesi.net\/#organization"},"image":{"@id":"https:\/\/memurunsesi.net\/index.php\/2025\/06\/10\/kazdaglarinda-cikan-arac-yanginina-itfaiye-mudahale-etti\/#primaryimage"},"thumbnailUrl":"https:\/\/memurunsesi.net\/wp-content\/uploads\/2025\/06\/AW472945_04.jpg","articleSection":["G\u00fcndem"],"inLanguage":"tr","potentialAction":[{"@type":"CommentAction","name":"Comment","target":["https:\/\/memurunsesi.net\/index.php\/2025\/06\/10\/kazdaglarinda-cikan-arac-yanginina-itfaiye-mudahale-etti\/#respond"]}]},{"@type":"WebPage","@id":"https:\/\/memurunsesi.net\/index.php\/2025\/06\/10\/kazdaglarinda-cikan-arac-yanginina-itfaiye-mudahale-etti\/","url":"https:\/\/memurunsesi.net\/index.php\/2025\/06\/10\/kazdaglarinda-cikan-arac-yanginina-itfaiye-mudahale-etti\/","name":"Kazda\u011flar\u0131'nda \u00e7\u0131kan ara\u00e7 yang\u0131n\u0131na itfaiye m\u00fcdahale etti - Memurun Sesi","isPartOf":{"@id":"https:\/\/memurunsesi.net\/#website"},"primaryImageOfPage":{"@id":"https:\/\/memurunsesi.net\/index.php\/2025\/06\/10\/kazdaglarinda-cikan-arac-yanginina-itfaiye-mudahale-etti\/#primaryimage"},"image":{"@id":"https:\/\/memurunsesi.net\/index.php\/2025\/06\/10\/kazdaglarinda-cikan-arac-yanginina-itfaiye-mudahale-etti\/#primaryimage"},"thumbnailUrl":"https:\/\/memurunsesi.net\/wp-content\/uploads\/2025\/06\/AW472945_04.jpg","datePublished":"2025-06-10T05:59:49+00:00","breadcrumb":{"@id":"https:\/\/memurunsesi.net\/index.php\/2025\/06\/10\/kazdaglarinda-cikan-arac-yanginina-itfaiye-mudahale-etti\/#breadcrumb"},"inLanguage":"tr","potentialAction":[{"@type":"ReadAction","target":["https:\/\/memurunsesi.net\/index.php\/2025\/06\/10\/kazdaglarinda-cikan-arac-yanginina-itfaiye-mudahale-etti\/"]}]},{"@type":"ImageObject","inLanguage":"tr","@id":"https:\/\/memurunsesi.net\/index.php\/2025\/06\/10\/kazdaglarinda-cikan-arac-yanginina-itfaiye-mudahale-etti\/#primaryimage","url":"https:\/\/memurunsesi.net\/wp-content\/uploads\/2025\/06\/AW472945_04.jpg","contentUrl":"https:\/\/memurunsesi.net\/wp-content\/uploads\/2025\/06\/AW472945_04.jpg","width":2048,"height":1536,"caption":"BALIKES\u0130R'\u0130N EDREM\u0130T \u0130L\u00c7ES\u0130NDE KALKIM YOLU \u00dcZER\u0130NDE SEY\u0130R HAL\u0130NDEK\u0130 B\u0130R ARA\u00c7TA YANGIN \u00c7IKTI. OLAY YER\u0130NE KISA S\u00dcREDE ULA\u015eAN EDREM\u0130T \u0130TFA\u0130YE GRUP AM\u0130RL\u0130\u011e\u0130 EK\u0130PLER\u0130 YANGINA M\u00dcDAHALE ETT\u0130. (EMRAH ELMAS\/BALIKES\u0130R-\u0130HA) Bal\u0131kesir'in Edremit il\u00e7esinde Kalk\u0131m yolu \u00fczerinde seyir halindeki bir ara\u00e7ta yang\u0131n \u00e7\u0131kt\u0131. Olay yerine k\u0131sa s\u00fcrede ula\u015fan Edremit \u0130tfaiye Grup Amirli\u011fi ekipleri yang\u0131na m\u00fcdahale etti."},{"@type":"BreadcrumbList","@id":"https:\/\/memurunsesi.net\/index.php\/2025\/06\/10\/kazdaglarinda-cikan-arac-yanginina-itfaiye-mudahale-etti\/#breadcrumb","itemListElement":[{"@type":"ListItem","position":1,"name":"Anasayfa","item":"https:\/\/memurunsesi.net\/"},{"@type":"ListItem","position":2,"name":"Kazda\u011flar\u0131&#8217;nda \u00e7\u0131kan ara\u00e7 yang\u0131n\u0131na itfaiye m\u00fcdahale etti"}]},{"@type":"WebSite","@id":"https:\/\/memurunsesi.net\/#website","url":"https:\/\/memurunsesi.net\/","name":"Memurun Sesi","description":"G\u00fcncel ve Do\u011fru Haber","publisher":{"@id":"https:\/\/memurunsesi.net\/#organization"},"potentialAction":[{"@type":"SearchAction","target":{"@type":"EntryPoint","urlTemplate":"https:\/\/memurunsesi.net\/?s={search_term_string}"},"query-input":{"@type":"PropertyValueSpecification","valueRequired":true,"valueName":"search_term_string"}}],"inLanguage":"tr"},{"@type":"Organization","@id":"https:\/\/memurunsesi.net\/#organization","name":"Memurun Sesi","url":"https:\/\/memurunsesi.net\/","logo":{"@type":"ImageObject","inLanguage":"tr","@id":"https:\/\/memurunsesi.net\/#\/schema\/logo\/image\/","url":"https:\/\/memurunsesi.net\/wp-content\/uploads\/2025\/11\/cropped-MEMURUN-SESI.png","contentUrl":"https:\/\/memurunsesi.net\/wp-content\/uploads\/2025\/11\/cropped-MEMURUN-SESI.png","width":238,"height":57,"caption":"Memurun Sesi"},"image":{"@id":"https:\/\/memurunsesi.net\/#\/schema\/logo\/image\/"},"sameAs":["https:\/\/www.facebook.com\/unipersen\/?locale=tr_TR","https:\/\/x.com\/unipersen"]},{"@type":"Person","@id":"https:\/\/memurunsesi.net\/#\/schema\/person\/f21c2d73b89f6ee1d80b0a1803e38587","name":"Memurun Sesi Haber Merkezi","image":{"@type":"ImageObject","inLanguage":"tr","@id":"https:\/\/secure.gravatar.com\/avatar\/6cf0505f452ee753f485014986fab09a434671d2b919ee76fc541025c5876a70?s=96&d=mm&r=g","url":"https:\/\/secure.gravatar.com\/avatar\/6cf0505f452ee753f485014986fab09a434671d2b919ee76fc541025c5876a70?s=96&d=mm&r=g","contentUrl":"https:\/\/secure.gravatar.com\/avatar\/6cf0505f452ee753f485014986fab09a434671d2b919ee76fc541025c5876a70?s=96&d=mm&r=g","caption":"Memurun Sesi Haber Merkezi"},"sameAs":["https:\/\/memurunsesi.net"],"url":"https:\/\/memurunsesi.net\/index.php\/author\/uniper\/"}]}},"_links":{"self":[{"href":"https:\/\/memurunsesi.net\/index.php\/wp-json\/wp\/v2\/posts\/7881","targetHints":{"allow":["GET"]}}],"collection":[{"href":"https:\/\/memurunsesi.net\/index.php\/wp-json\/wp\/v2\/posts"}],"about":[{"href":"https:\/\/memurunsesi.net\/index.php\/wp-json\/wp\/v2\/types\/post"}],"author":[{"embeddable":true,"href":"https:\/\/memurunsesi.net\/index.php\/wp-json\/wp\/v2\/users\/1"}],"replies":[{"embeddable":true,"href":"https:\/\/memurunsesi.net\/index.php\/wp-json\/wp\/v2\/comments?post=7881"}],"version-history":[{"count":1,"href":"https:\/\/memurunsesi.net\/index.php\/wp-json\/wp\/v2\/posts\/7881\/revisions"}],"predecessor-version":[{"id":7883,"href":"https:\/\/memurunsesi.net\/index.php\/wp-json\/wp\/v2\/posts\/7881\/revisions\/7883"}],"wp:featuredmedia":[{"embeddable":true,"href":"https:\/\/memurunsesi.net\/index.php\/wp-json\/wp\/v2\/media\/7882"}],"wp:attachment":[{"href":"https:\/\/memurunsesi.net\/index.php\/wp-json\/wp\/v2\/media?parent=7881"}],"wp:term":[{"taxonomy":"category","embeddable":true,"href":"https:\/\/memurunsesi.net\/index.php\/wp-json\/wp\/v2\/categories?post=7881"},{"taxonomy":"post_tag","embeddable":true,"href":"https:\/\/memurunsesi.net\/index.php\/wp-json\/wp\/v2\/tags?post=7881"}],"curies":[{"name":"wp","href":"https:\/\/api.w.org\/{rel}","templated":true}]}}