{"id":7884,"date":"2025-06-10T09:01:25","date_gmt":"2025-06-10T06:01:25","guid":{"rendered":"https:\/\/memurunsesi.net\/?p=7884"},"modified":"2025-06-10T09:01:25","modified_gmt":"2025-06-10T06:01:25","slug":"tokatta-kontrolden-cikan-otomobil-evin-duvarina-carparak-takla-atti-2-yarali","status":"publish","type":"post","link":"https:\/\/memurunsesi.net\/index.php\/2025\/06\/10\/tokatta-kontrolden-cikan-otomobil-evin-duvarina-carparak-takla-atti-2-yarali\/","title":{"rendered":"Tokat\u2019ta kontrolden \u00e7\u0131kan otomobil evin duvar\u0131na \u00e7arparak takla att\u0131: 2 yaral\u0131"},"content":{"rendered":"<p>   Tokat\u2019\u0131n Erbaa il\u00e7esinde kontrolden \u00e7\u0131kan otomobil, evin duvar\u0131na \u00e7arparak takla att\u0131. Kazada 2 ki\u015fi yaraland\u0131.<br \/>\nKaza, \u0130smet Pa\u015fa Mahallesi Dik Sokak\u2019ta ger\u00e7ekle\u015fti. Edinilen bilgilere g\u00f6re, S.Y. idaresindeki 34 RA 7803 plakal\u0131 Fiat marka otomobil, hen\u00fcz belirlenemeyen bir nedenle h\u0131z\u0131n\u0131 alamay\u0131p kontrolden \u00e7\u0131karak \u00f6nce bir evin duvar\u0131na \u00e7arparak ard\u0131ndan takla att\u0131. Kazada ara\u00e7ta yolcu olarak bulunan E.K. ve H.K. yaraland\u0131. Mahalle sakinlerinin ihbar\u0131 \u00fczerine olay yerine sa\u011fl\u0131k ve polis ekipleri sevk edildi. Yaral\u0131lar, olay yerindeki ilk m\u00fcdahalenin ard\u0131ndan ambulanslarla Erbaa Devlet Hastanesi\u2019ne kald\u0131r\u0131ld\u0131. E.K. ve H.K.\u2019nin sa\u011fl\u0131k durumlar\u0131n\u0131n iyi oldu\u011fu \u00f6\u011frenildi. Kazay\u0131 yara almadan atlatan s\u00fcr\u00fcc\u00fc S.Y., ifadesi al\u0131nmak \u00fczere Erbaa \u0130l\u00e7e Emniyet M\u00fcd\u00fcrl\u00fc\u011f\u00fc\u2019ne g\u00f6t\u00fcr\u00fcld\u00fc. <\/p>\n<p>9.06.2025                                  <\/p>\n","protected":false},"excerpt":{"rendered":"<p>Tokat\u2019\u0131n Erbaa il\u00e7esinde kontrolden \u00e7\u0131kan otomobil, evin duvar\u0131na \u00e7arparak takla att\u0131. Kazada 2 ki\u015fi yaraland\u0131. Kaza, \u0130smet Pa\u015fa Mahallesi Dik Sokak\u2019ta ger\u00e7ekle\u015fti. Edinilen bilgilere g\u00f6re, S.Y. idaresindeki 34 RA 7803 plakal\u0131 Fiat marka otomobil, hen\u00fcz belirlenemeyen bir nedenle h\u0131z\u0131n\u0131 alamay\u0131p kontrolden \u00e7\u0131karak \u00f6nce bir evin duvar\u0131na \u00e7arparak ard\u0131ndan takla att\u0131. Kazada ara\u00e7ta yolcu olarak bulunan [&hellip;]<\/p>\n","protected":false},"author":1,"featured_media":7885,"comment_status":"open","ping_status":"open","sticky":false,"template":"","format":"standard","meta":{"footnotes":""},"categories":[1],"tags":[],"class_list":["post-7884","post","type-post","status-publish","format-standard","has-post-thumbnail","hentry","category-genel"],"yoast_head":"<!-- This site is optimized with the Yoast SEO plugin v27.4 - https:\/\/yoast.com\/product\/yoast-seo-wordpress\/ -->\n<title>Tokat\u2019ta kontrolden \u00e7\u0131kan otomobil evin duvar\u0131na \u00e7arparak takla att\u0131: 2 yaral\u0131 - Memurun Sesi<\/title>\n<meta name=\"robots\" content=\"index, follow, max-snippet:-1, max-image-preview:large, max-video-preview:-1\" \/>\n<link rel=\"canonical\" href=\"https:\/\/memurunsesi.net\/index.php\/2025\/06\/10\/tokatta-kontrolden-cikan-otomobil-evin-duvarina-carparak-takla-atti-2-yarali\/\" \/>\n<meta property=\"og:locale\" content=\"tr_TR\" \/>\n<meta property=\"og:type\" content=\"article\" \/>\n<meta property=\"og:title\" content=\"Tokat\u2019ta kontrolden \u00e7\u0131kan otomobil evin duvar\u0131na \u00e7arparak takla att\u0131: 2 yaral\u0131 - Memurun Sesi\" \/>\n<meta property=\"og:description\" content=\"Tokat\u2019\u0131n Erbaa il\u00e7esinde kontrolden \u00e7\u0131kan otomobil, evin duvar\u0131na \u00e7arparak takla att\u0131. Kazada 2 ki\u015fi yaraland\u0131. Kaza, \u0130smet Pa\u015fa Mahallesi Dik Sokak\u2019ta ger\u00e7ekle\u015fti. Edinilen bilgilere g\u00f6re, S.Y. idaresindeki 34 RA 7803 plakal\u0131 Fiat marka otomobil, hen\u00fcz belirlenemeyen bir nedenle h\u0131z\u0131n\u0131 alamay\u0131p kontrolden \u00e7\u0131karak \u00f6nce bir evin duvar\u0131na \u00e7arparak ard\u0131ndan takla att\u0131. Kazada ara\u00e7ta yolcu olarak bulunan [&hellip;]\" \/>\n<meta property=\"og:url\" content=\"https:\/\/memurunsesi.net\/index.php\/2025\/06\/10\/tokatta-kontrolden-cikan-otomobil-evin-duvarina-carparak-takla-atti-2-yarali\/\" \/>\n<meta property=\"og:site_name\" content=\"Memurun Sesi\" \/>\n<meta property=\"article:publisher\" content=\"https:\/\/www.facebook.com\/unipersen\/?locale=tr_TR\" \/>\n<meta property=\"article:published_time\" content=\"2025-06-10T06:01:25+00:00\" \/>\n<meta property=\"og:image\" content=\"https:\/\/memurunsesi.net\/wp-content\/uploads\/2025\/06\/AW472943_01-scaled.jpg\" \/>\n\t<meta property=\"og:image:width\" content=\"2560\" \/>\n\t<meta property=\"og:image:height\" content=\"1920\" \/>\n\t<meta property=\"og:image:type\" content=\"image\/jpeg\" \/>\n<meta name=\"author\" content=\"Memurun Sesi Haber Merkezi\" \/>\n<meta name=\"twitter:card\" content=\"summary_large_image\" \/>\n<meta name=\"twitter:creator\" content=\"@unipersen\" \/>\n<meta name=\"twitter:site\" content=\"@unipersen\" \/>\n<meta name=\"twitter:label1\" content=\"Yazan:\" \/>\n\t<meta name=\"twitter:data1\" content=\"Memurun Sesi Haber Merkezi\" \/>\n\t<meta name=\"twitter:label2\" content=\"Tahmini okuma s\u00fcresi\" \/>\n\t<meta name=\"twitter:data2\" content=\"1 dakika\" \/>\n<script type=\"application\/ld+json\" class=\"yoast-schema-graph\">{\"@context\":\"https:\\\/\\\/schema.org\",\"@graph\":[{\"@type\":\"Article\",\"@id\":\"https:\\\/\\\/memurunsesi.net\\\/index.php\\\/2025\\\/06\\\/10\\\/tokatta-kontrolden-cikan-otomobil-evin-duvarina-carparak-takla-atti-2-yarali\\\/#article\",\"isPartOf\":{\"@id\":\"https:\\\/\\\/memurunsesi.net\\\/index.php\\\/2025\\\/06\\\/10\\\/tokatta-kontrolden-cikan-otomobil-evin-duvarina-carparak-takla-atti-2-yarali\\\/\"},\"author\":{\"name\":\"Memurun Sesi Haber Merkezi\",\"@id\":\"https:\\\/\\\/memurunsesi.net\\\/#\\\/schema\\\/person\\\/f21c2d73b89f6ee1d80b0a1803e38587\"},\"headline\":\"Tokat\u2019ta kontrolden \u00e7\u0131kan otomobil evin duvar\u0131na \u00e7arparak takla att\u0131: 2 yaral\u0131\",\"datePublished\":\"2025-06-10T06:01:25+00:00\",\"mainEntityOfPage\":{\"@id\":\"https:\\\/\\\/memurunsesi.net\\\/index.php\\\/2025\\\/06\\\/10\\\/tokatta-kontrolden-cikan-otomobil-evin-duvarina-carparak-takla-atti-2-yarali\\\/\"},\"wordCount\":159,\"commentCount\":0,\"publisher\":{\"@id\":\"https:\\\/\\\/memurunsesi.net\\\/#organization\"},\"image\":{\"@id\":\"https:\\\/\\\/memurunsesi.net\\\/index.php\\\/2025\\\/06\\\/10\\\/tokatta-kontrolden-cikan-otomobil-evin-duvarina-carparak-takla-atti-2-yarali\\\/#primaryimage\"},\"thumbnailUrl\":\"https:\\\/\\\/memurunsesi.net\\\/wp-content\\\/uploads\\\/2025\\\/06\\\/AW472943_01-scaled.jpg\",\"inLanguage\":\"tr\",\"potentialAction\":[{\"@type\":\"CommentAction\",\"name\":\"Comment\",\"target\":[\"https:\\\/\\\/memurunsesi.net\\\/index.php\\\/2025\\\/06\\\/10\\\/tokatta-kontrolden-cikan-otomobil-evin-duvarina-carparak-takla-atti-2-yarali\\\/#respond\"]}]},{\"@type\":\"WebPage\",\"@id\":\"https:\\\/\\\/memurunsesi.net\\\/index.php\\\/2025\\\/06\\\/10\\\/tokatta-kontrolden-cikan-otomobil-evin-duvarina-carparak-takla-atti-2-yarali\\\/\",\"url\":\"https:\\\/\\\/memurunsesi.net\\\/index.php\\\/2025\\\/06\\\/10\\\/tokatta-kontrolden-cikan-otomobil-evin-duvarina-carparak-takla-atti-2-yarali\\\/\",\"name\":\"Tokat\u2019ta kontrolden \u00e7\u0131kan otomobil evin duvar\u0131na \u00e7arparak takla att\u0131: 2 yaral\u0131 - Memurun Sesi\",\"isPartOf\":{\"@id\":\"https:\\\/\\\/memurunsesi.net\\\/#website\"},\"primaryImageOfPage\":{\"@id\":\"https:\\\/\\\/memurunsesi.net\\\/index.php\\\/2025\\\/06\\\/10\\\/tokatta-kontrolden-cikan-otomobil-evin-duvarina-carparak-takla-atti-2-yarali\\\/#primaryimage\"},\"image\":{\"@id\":\"https:\\\/\\\/memurunsesi.net\\\/index.php\\\/2025\\\/06\\\/10\\\/tokatta-kontrolden-cikan-otomobil-evin-duvarina-carparak-takla-atti-2-yarali\\\/#primaryimage\"},\"thumbnailUrl\":\"https:\\\/\\\/memurunsesi.net\\\/wp-content\\\/uploads\\\/2025\\\/06\\\/AW472943_01-scaled.jpg\",\"datePublished\":\"2025-06-10T06:01:25+00:00\",\"breadcrumb\":{\"@id\":\"https:\\\/\\\/memurunsesi.net\\\/index.php\\\/2025\\\/06\\\/10\\\/tokatta-kontrolden-cikan-otomobil-evin-duvarina-carparak-takla-atti-2-yarali\\\/#breadcrumb\"},\"inLanguage\":\"tr\",\"potentialAction\":[{\"@type\":\"ReadAction\",\"target\":[\"https:\\\/\\\/memurunsesi.net\\\/index.php\\\/2025\\\/06\\\/10\\\/tokatta-kontrolden-cikan-otomobil-evin-duvarina-carparak-takla-atti-2-yarali\\\/\"]}]},{\"@type\":\"ImageObject\",\"inLanguage\":\"tr\",\"@id\":\"https:\\\/\\\/memurunsesi.net\\\/index.php\\\/2025\\\/06\\\/10\\\/tokatta-kontrolden-cikan-otomobil-evin-duvarina-carparak-takla-atti-2-yarali\\\/#primaryimage\",\"url\":\"https:\\\/\\\/memurunsesi.net\\\/wp-content\\\/uploads\\\/2025\\\/06\\\/AW472943_01-scaled.jpg\",\"contentUrl\":\"https:\\\/\\\/memurunsesi.net\\\/wp-content\\\/uploads\\\/2025\\\/06\\\/AW472943_01-scaled.jpg\",\"width\":2560,\"height\":1920,\"caption\":\"TOKAT'IN ERBAA \u0130L\u00c7ES\u0130NDE MEYDANA GELEN TRAF\u0130K KAZASINDA B\u0130R OTOMOB\u0130L, KONTROLDEN \u00c7IKARAK EV\u0130N DUVARINA \u00c7ARPARAK TAKLA ATTI. KAZADA 2 K\u0130\u015e\u0130 YARALANDI. (AYLA KALE\\\/TOKAT-\u0130HA) Tokat'\u0131n Erbaa il\u00e7esinde kontrolden \u00e7\u0131kan otomobil, evin duvar\u0131na \u00e7arparak takla att\u0131. Kazada 2 ki\u015fi yaraland\u0131.\"},{\"@type\":\"BreadcrumbList\",\"@id\":\"https:\\\/\\\/memurunsesi.net\\\/index.php\\\/2025\\\/06\\\/10\\\/tokatta-kontrolden-cikan-otomobil-evin-duvarina-carparak-takla-atti-2-yarali\\\/#breadcrumb\",\"itemListElement\":[{\"@type\":\"ListItem\",\"position\":1,\"name\":\"Anasayfa\",\"item\":\"https:\\\/\\\/memurunsesi.net\\\/\"},{\"@type\":\"ListItem\",\"position\":2,\"name\":\"Tokat\u2019ta kontrolden \u00e7\u0131kan otomobil evin duvar\u0131na \u00e7arparak takla att\u0131: 2 yaral\u0131\"}]},{\"@type\":\"WebSite\",\"@id\":\"https:\\\/\\\/memurunsesi.net\\\/#website\",\"url\":\"https:\\\/\\\/memurunsesi.net\\\/\",\"name\":\"Memurun Sesi\",\"description\":\"G\u00fcncel ve Do\u011fru Haber\",\"publisher\":{\"@id\":\"https:\\\/\\\/memurunsesi.net\\\/#organization\"},\"potentialAction\":[{\"@type\":\"SearchAction\",\"target\":{\"@type\":\"EntryPoint\",\"urlTemplate\":\"https:\\\/\\\/memurunsesi.net\\\/?s={search_term_string}\"},\"query-input\":{\"@type\":\"PropertyValueSpecification\",\"valueRequired\":true,\"valueName\":\"search_term_string\"}}],\"inLanguage\":\"tr\"},{\"@type\":\"Organization\",\"@id\":\"https:\\\/\\\/memurunsesi.net\\\/#organization\",\"name\":\"Memurun Sesi\",\"url\":\"https:\\\/\\\/memurunsesi.net\\\/\",\"logo\":{\"@type\":\"ImageObject\",\"inLanguage\":\"tr\",\"@id\":\"https:\\\/\\\/memurunsesi.net\\\/#\\\/schema\\\/logo\\\/image\\\/\",\"url\":\"https:\\\/\\\/memurunsesi.net\\\/wp-content\\\/uploads\\\/2025\\\/11\\\/cropped-MEMURUN-SESI.png\",\"contentUrl\":\"https:\\\/\\\/memurunsesi.net\\\/wp-content\\\/uploads\\\/2025\\\/11\\\/cropped-MEMURUN-SESI.png\",\"width\":238,\"height\":57,\"caption\":\"Memurun Sesi\"},\"image\":{\"@id\":\"https:\\\/\\\/memurunsesi.net\\\/#\\\/schema\\\/logo\\\/image\\\/\"},\"sameAs\":[\"https:\\\/\\\/www.facebook.com\\\/unipersen\\\/?locale=tr_TR\",\"https:\\\/\\\/x.com\\\/unipersen\"]},{\"@type\":\"Person\",\"@id\":\"https:\\\/\\\/memurunsesi.net\\\/#\\\/schema\\\/person\\\/f21c2d73b89f6ee1d80b0a1803e38587\",\"name\":\"Memurun Sesi Haber Merkezi\",\"image\":{\"@type\":\"ImageObject\",\"inLanguage\":\"tr\",\"@id\":\"https:\\\/\\\/secure.gravatar.com\\\/avatar\\\/6cf0505f452ee753f485014986fab09a434671d2b919ee76fc541025c5876a70?s=96&d=mm&r=g\",\"url\":\"https:\\\/\\\/secure.gravatar.com\\\/avatar\\\/6cf0505f452ee753f485014986fab09a434671d2b919ee76fc541025c5876a70?s=96&d=mm&r=g\",\"contentUrl\":\"https:\\\/\\\/secure.gravatar.com\\\/avatar\\\/6cf0505f452ee753f485014986fab09a434671d2b919ee76fc541025c5876a70?s=96&d=mm&r=g\",\"caption\":\"Memurun Sesi Haber Merkezi\"},\"sameAs\":[\"https:\\\/\\\/memurunsesi.net\"],\"url\":\"https:\\\/\\\/memurunsesi.net\\\/index.php\\\/author\\\/uniper\\\/\"}]}<\/script>\n<!-- \/ Yoast SEO plugin. -->","yoast_head_json":{"title":"Tokat\u2019ta kontrolden \u00e7\u0131kan otomobil evin duvar\u0131na \u00e7arparak takla att\u0131: 2 yaral\u0131 - Memurun Sesi","robots":{"index":"index","follow":"follow","max-snippet":"max-snippet:-1","max-image-preview":"max-image-preview:large","max-video-preview":"max-video-preview:-1"},"canonical":"https:\/\/memurunsesi.net\/index.php\/2025\/06\/10\/tokatta-kontrolden-cikan-otomobil-evin-duvarina-carparak-takla-atti-2-yarali\/","og_locale":"tr_TR","og_type":"article","og_title":"Tokat\u2019ta kontrolden \u00e7\u0131kan otomobil evin duvar\u0131na \u00e7arparak takla att\u0131: 2 yaral\u0131 - Memurun Sesi","og_description":"Tokat\u2019\u0131n Erbaa il\u00e7esinde kontrolden \u00e7\u0131kan otomobil, evin duvar\u0131na \u00e7arparak takla att\u0131. Kazada 2 ki\u015fi yaraland\u0131. Kaza, \u0130smet Pa\u015fa Mahallesi Dik Sokak\u2019ta ger\u00e7ekle\u015fti. Edinilen bilgilere g\u00f6re, S.Y. idaresindeki 34 RA 7803 plakal\u0131 Fiat marka otomobil, hen\u00fcz belirlenemeyen bir nedenle h\u0131z\u0131n\u0131 alamay\u0131p kontrolden \u00e7\u0131karak \u00f6nce bir evin duvar\u0131na \u00e7arparak ard\u0131ndan takla att\u0131. Kazada ara\u00e7ta yolcu olarak bulunan [&hellip;]","og_url":"https:\/\/memurunsesi.net\/index.php\/2025\/06\/10\/tokatta-kontrolden-cikan-otomobil-evin-duvarina-carparak-takla-atti-2-yarali\/","og_site_name":"Memurun Sesi","article_publisher":"https:\/\/www.facebook.com\/unipersen\/?locale=tr_TR","article_published_time":"2025-06-10T06:01:25+00:00","og_image":[{"width":2560,"height":1920,"url":"https:\/\/memurunsesi.net\/wp-content\/uploads\/2025\/06\/AW472943_01-scaled.jpg","type":"image\/jpeg"}],"author":"Memurun Sesi Haber Merkezi","twitter_card":"summary_large_image","twitter_creator":"@unipersen","twitter_site":"@unipersen","twitter_misc":{"Yazan:":"Memurun Sesi Haber Merkezi","Tahmini okuma s\u00fcresi":"1 dakika"},"schema":{"@context":"https:\/\/schema.org","@graph":[{"@type":"Article","@id":"https:\/\/memurunsesi.net\/index.php\/2025\/06\/10\/tokatta-kontrolden-cikan-otomobil-evin-duvarina-carparak-takla-atti-2-yarali\/#article","isPartOf":{"@id":"https:\/\/memurunsesi.net\/index.php\/2025\/06\/10\/tokatta-kontrolden-cikan-otomobil-evin-duvarina-carparak-takla-atti-2-yarali\/"},"author":{"name":"Memurun Sesi Haber Merkezi","@id":"https:\/\/memurunsesi.net\/#\/schema\/person\/f21c2d73b89f6ee1d80b0a1803e38587"},"headline":"Tokat\u2019ta kontrolden \u00e7\u0131kan otomobil evin duvar\u0131na \u00e7arparak takla att\u0131: 2 yaral\u0131","datePublished":"2025-06-10T06:01:25+00:00","mainEntityOfPage":{"@id":"https:\/\/memurunsesi.net\/index.php\/2025\/06\/10\/tokatta-kontrolden-cikan-otomobil-evin-duvarina-carparak-takla-atti-2-yarali\/"},"wordCount":159,"commentCount":0,"publisher":{"@id":"https:\/\/memurunsesi.net\/#organization"},"image":{"@id":"https:\/\/memurunsesi.net\/index.php\/2025\/06\/10\/tokatta-kontrolden-cikan-otomobil-evin-duvarina-carparak-takla-atti-2-yarali\/#primaryimage"},"thumbnailUrl":"https:\/\/memurunsesi.net\/wp-content\/uploads\/2025\/06\/AW472943_01-scaled.jpg","inLanguage":"tr","potentialAction":[{"@type":"CommentAction","name":"Comment","target":["https:\/\/memurunsesi.net\/index.php\/2025\/06\/10\/tokatta-kontrolden-cikan-otomobil-evin-duvarina-carparak-takla-atti-2-yarali\/#respond"]}]},{"@type":"WebPage","@id":"https:\/\/memurunsesi.net\/index.php\/2025\/06\/10\/tokatta-kontrolden-cikan-otomobil-evin-duvarina-carparak-takla-atti-2-yarali\/","url":"https:\/\/memurunsesi.net\/index.php\/2025\/06\/10\/tokatta-kontrolden-cikan-otomobil-evin-duvarina-carparak-takla-atti-2-yarali\/","name":"Tokat\u2019ta kontrolden \u00e7\u0131kan otomobil evin duvar\u0131na \u00e7arparak takla att\u0131: 2 yaral\u0131 - Memurun Sesi","isPartOf":{"@id":"https:\/\/memurunsesi.net\/#website"},"primaryImageOfPage":{"@id":"https:\/\/memurunsesi.net\/index.php\/2025\/06\/10\/tokatta-kontrolden-cikan-otomobil-evin-duvarina-carparak-takla-atti-2-yarali\/#primaryimage"},"image":{"@id":"https:\/\/memurunsesi.net\/index.php\/2025\/06\/10\/tokatta-kontrolden-cikan-otomobil-evin-duvarina-carparak-takla-atti-2-yarali\/#primaryimage"},"thumbnailUrl":"https:\/\/memurunsesi.net\/wp-content\/uploads\/2025\/06\/AW472943_01-scaled.jpg","datePublished":"2025-06-10T06:01:25+00:00","breadcrumb":{"@id":"https:\/\/memurunsesi.net\/index.php\/2025\/06\/10\/tokatta-kontrolden-cikan-otomobil-evin-duvarina-carparak-takla-atti-2-yarali\/#breadcrumb"},"inLanguage":"tr","potentialAction":[{"@type":"ReadAction","target":["https:\/\/memurunsesi.net\/index.php\/2025\/06\/10\/tokatta-kontrolden-cikan-otomobil-evin-duvarina-carparak-takla-atti-2-yarali\/"]}]},{"@type":"ImageObject","inLanguage":"tr","@id":"https:\/\/memurunsesi.net\/index.php\/2025\/06\/10\/tokatta-kontrolden-cikan-otomobil-evin-duvarina-carparak-takla-atti-2-yarali\/#primaryimage","url":"https:\/\/memurunsesi.net\/wp-content\/uploads\/2025\/06\/AW472943_01-scaled.jpg","contentUrl":"https:\/\/memurunsesi.net\/wp-content\/uploads\/2025\/06\/AW472943_01-scaled.jpg","width":2560,"height":1920,"caption":"TOKAT'IN ERBAA \u0130L\u00c7ES\u0130NDE MEYDANA GELEN TRAF\u0130K KAZASINDA B\u0130R OTOMOB\u0130L, KONTROLDEN \u00c7IKARAK EV\u0130N DUVARINA \u00c7ARPARAK TAKLA ATTI. KAZADA 2 K\u0130\u015e\u0130 YARALANDI. (AYLA KALE\/TOKAT-\u0130HA) Tokat'\u0131n Erbaa il\u00e7esinde kontrolden \u00e7\u0131kan otomobil, evin duvar\u0131na \u00e7arparak takla att\u0131. Kazada 2 ki\u015fi yaraland\u0131."},{"@type":"BreadcrumbList","@id":"https:\/\/memurunsesi.net\/index.php\/2025\/06\/10\/tokatta-kontrolden-cikan-otomobil-evin-duvarina-carparak-takla-atti-2-yarali\/#breadcrumb","itemListElement":[{"@type":"ListItem","position":1,"name":"Anasayfa","item":"https:\/\/memurunsesi.net\/"},{"@type":"ListItem","position":2,"name":"Tokat\u2019ta kontrolden \u00e7\u0131kan otomobil evin duvar\u0131na \u00e7arparak takla att\u0131: 2 yaral\u0131"}]},{"@type":"WebSite","@id":"https:\/\/memurunsesi.net\/#website","url":"https:\/\/memurunsesi.net\/","name":"Memurun Sesi","description":"G\u00fcncel ve Do\u011fru Haber","publisher":{"@id":"https:\/\/memurunsesi.net\/#organization"},"potentialAction":[{"@type":"SearchAction","target":{"@type":"EntryPoint","urlTemplate":"https:\/\/memurunsesi.net\/?s={search_term_string}"},"query-input":{"@type":"PropertyValueSpecification","valueRequired":true,"valueName":"search_term_string"}}],"inLanguage":"tr"},{"@type":"Organization","@id":"https:\/\/memurunsesi.net\/#organization","name":"Memurun Sesi","url":"https:\/\/memurunsesi.net\/","logo":{"@type":"ImageObject","inLanguage":"tr","@id":"https:\/\/memurunsesi.net\/#\/schema\/logo\/image\/","url":"https:\/\/memurunsesi.net\/wp-content\/uploads\/2025\/11\/cropped-MEMURUN-SESI.png","contentUrl":"https:\/\/memurunsesi.net\/wp-content\/uploads\/2025\/11\/cropped-MEMURUN-SESI.png","width":238,"height":57,"caption":"Memurun Sesi"},"image":{"@id":"https:\/\/memurunsesi.net\/#\/schema\/logo\/image\/"},"sameAs":["https:\/\/www.facebook.com\/unipersen\/?locale=tr_TR","https:\/\/x.com\/unipersen"]},{"@type":"Person","@id":"https:\/\/memurunsesi.net\/#\/schema\/person\/f21c2d73b89f6ee1d80b0a1803e38587","name":"Memurun Sesi Haber Merkezi","image":{"@type":"ImageObject","inLanguage":"tr","@id":"https:\/\/secure.gravatar.com\/avatar\/6cf0505f452ee753f485014986fab09a434671d2b919ee76fc541025c5876a70?s=96&d=mm&r=g","url":"https:\/\/secure.gravatar.com\/avatar\/6cf0505f452ee753f485014986fab09a434671d2b919ee76fc541025c5876a70?s=96&d=mm&r=g","contentUrl":"https:\/\/secure.gravatar.com\/avatar\/6cf0505f452ee753f485014986fab09a434671d2b919ee76fc541025c5876a70?s=96&d=mm&r=g","caption":"Memurun Sesi Haber Merkezi"},"sameAs":["https:\/\/memurunsesi.net"],"url":"https:\/\/memurunsesi.net\/index.php\/author\/uniper\/"}]}},"_links":{"self":[{"href":"https:\/\/memurunsesi.net\/index.php\/wp-json\/wp\/v2\/posts\/7884","targetHints":{"allow":["GET"]}}],"collection":[{"href":"https:\/\/memurunsesi.net\/index.php\/wp-json\/wp\/v2\/posts"}],"about":[{"href":"https:\/\/memurunsesi.net\/index.php\/wp-json\/wp\/v2\/types\/post"}],"author":[{"embeddable":true,"href":"https:\/\/memurunsesi.net\/index.php\/wp-json\/wp\/v2\/users\/1"}],"replies":[{"embeddable":true,"href":"https:\/\/memurunsesi.net\/index.php\/wp-json\/wp\/v2\/comments?post=7884"}],"version-history":[{"count":1,"href":"https:\/\/memurunsesi.net\/index.php\/wp-json\/wp\/v2\/posts\/7884\/revisions"}],"predecessor-version":[{"id":7886,"href":"https:\/\/memurunsesi.net\/index.php\/wp-json\/wp\/v2\/posts\/7884\/revisions\/7886"}],"wp:featuredmedia":[{"embeddable":true,"href":"https:\/\/memurunsesi.net\/index.php\/wp-json\/wp\/v2\/media\/7885"}],"wp:attachment":[{"href":"https:\/\/memurunsesi.net\/index.php\/wp-json\/wp\/v2\/media?parent=7884"}],"wp:term":[{"taxonomy":"category","embeddable":true,"href":"https:\/\/memurunsesi.net\/index.php\/wp-json\/wp\/v2\/categories?post=7884"},{"taxonomy":"post_tag","embeddable":true,"href":"https:\/\/memurunsesi.net\/index.php\/wp-json\/wp\/v2\/tags?post=7884"}],"curies":[{"name":"wp","href":"https:\/\/api.w.org\/{rel}","templated":true}]}}