{"id":7888,"date":"2025-06-11T12:39:58","date_gmt":"2025-06-11T09:39:58","guid":{"rendered":"https:\/\/memurunsesi.net\/?p=7888"},"modified":"2025-06-11T12:39:58","modified_gmt":"2025-06-11T09:39:58","slug":"anahtarini-unutunca-catidan-eve-girmeye-calisirken-dusen-emekli-polis-hayatini-kaybetti","status":"publish","type":"post","link":"https:\/\/memurunsesi.net\/index.php\/2025\/06\/11\/anahtarini-unutunca-catidan-eve-girmeye-calisirken-dusen-emekli-polis-hayatini-kaybetti\/","title":{"rendered":"Anahtar\u0131n\u0131 unutunca \u00e7at\u0131dan eve girmeye \u00e7al\u0131\u015f\u0131rken d\u00fc\u015fen emekli polis hayat\u0131n\u0131 kaybetti"},"content":{"rendered":"<p>   Mu\u011fla\u2019n\u0131n Bodrum il\u00e7esinde, anahtar\u0131n\u0131 evde unutan emekli polis memuru H\u00fcseyin Demir (55), \u00e7at\u0131dan girmeye \u00e7al\u0131\u015ft\u0131\u011f\u0131 evine ula\u015famadan metrelerce y\u00fckseklikten d\u00fc\u015ferek hayat\u0131n\u0131 kaybetti.<br \/>\n  Olay, sabah saatlerinde Konac\u0131k Mahallesi Turan Sokak\u2019ta meydana geldi. Edinilen bilgiye g\u00f6re, evine anahtars\u0131z gelen H\u00fcseyin Demir, ikinci kattaki dairesine ula\u015fmak i\u00e7in apartman\u0131n \u00e7at\u0131s\u0131na \u00e7\u0131kt\u0131. \u00c7at\u0131dan evin penceresine ula\u015fmaya \u00e7al\u0131\u015fan Demir, dengesini kaybederek beton zemine \u00e7ak\u0131ld\u0131.<br \/>\n  \u00c7evredeki vatanda\u015flar\u0131n ihbar\u0131 \u00fczerine olay yerine polis ve sa\u011fl\u0131k ekipleri sevk edildi. Sa\u011fl\u0131k g\u00f6revlilerinin yapt\u0131\u011f\u0131 kontrolde emekli polis memurunun olay yerinde ya\u015fam\u0131n\u0131 yitirdi\u011fi belirlendi. Olay yeri inceleme ekipleri ve savc\u0131l\u0131k b\u00f6lgede detayl\u0131 \u00e7al\u0131\u015fma yapt\u0131. Ac\u0131 haberi alan yak\u0131nlar\u0131 olay yerine ko\u015farken, b\u00fcy\u00fck \u00fcz\u00fcnt\u00fc ya\u015fand\u0131. H\u00fcseyin Demir\u2019in cenazesi, otopsi i\u015flemleri i\u00e7in Mu\u011fla Adli T\u0131p Kurumu\u2019na g\u00f6nderildi.<br \/>\n  Olayla ilgili ba\u015flat\u0131lan soru\u015fturma devam ediyor. <\/p>\n<p>11.06.2025                                <\/p>\n","protected":false},"excerpt":{"rendered":"<p>Mu\u011fla\u2019n\u0131n Bodrum il\u00e7esinde, anahtar\u0131n\u0131 evde unutan emekli polis memuru H\u00fcseyin Demir (55), \u00e7at\u0131dan girmeye \u00e7al\u0131\u015ft\u0131\u011f\u0131 evine ula\u015famadan metrelerce y\u00fckseklikten d\u00fc\u015ferek hayat\u0131n\u0131 kaybetti. Olay, sabah saatlerinde Konac\u0131k Mahallesi Turan Sokak\u2019ta meydana geldi. Edinilen bilgiye g\u00f6re, evine anahtars\u0131z gelen H\u00fcseyin Demir, ikinci kattaki dairesine ula\u015fmak i\u00e7in apartman\u0131n \u00e7at\u0131s\u0131na \u00e7\u0131kt\u0131. \u00c7at\u0131dan evin penceresine ula\u015fmaya \u00e7al\u0131\u015fan Demir, dengesini kaybederek [&hellip;]<\/p>\n","protected":false},"author":1,"featured_media":7889,"comment_status":"open","ping_status":"open","sticky":false,"template":"","format":"standard","meta":{"footnotes":""},"categories":[1],"tags":[],"class_list":["post-7888","post","type-post","status-publish","format-standard","has-post-thumbnail","hentry","category-genel"],"yoast_head":"<!-- This site is optimized with the Yoast SEO plugin v27.4 - https:\/\/yoast.com\/product\/yoast-seo-wordpress\/ -->\n<title>Anahtar\u0131n\u0131 unutunca \u00e7at\u0131dan eve girmeye \u00e7al\u0131\u015f\u0131rken d\u00fc\u015fen emekli polis hayat\u0131n\u0131 kaybetti - Memurun Sesi<\/title>\n<meta name=\"robots\" content=\"index, follow, max-snippet:-1, max-image-preview:large, max-video-preview:-1\" \/>\n<link rel=\"canonical\" href=\"https:\/\/memurunsesi.net\/index.php\/2025\/06\/11\/anahtarini-unutunca-catidan-eve-girmeye-calisirken-dusen-emekli-polis-hayatini-kaybetti\/\" \/>\n<meta property=\"og:locale\" content=\"tr_TR\" \/>\n<meta property=\"og:type\" content=\"article\" \/>\n<meta property=\"og:title\" content=\"Anahtar\u0131n\u0131 unutunca \u00e7at\u0131dan eve girmeye \u00e7al\u0131\u015f\u0131rken d\u00fc\u015fen emekli polis hayat\u0131n\u0131 kaybetti - Memurun Sesi\" \/>\n<meta property=\"og:description\" content=\"Mu\u011fla\u2019n\u0131n Bodrum il\u00e7esinde, anahtar\u0131n\u0131 evde unutan emekli polis memuru H\u00fcseyin Demir (55), \u00e7at\u0131dan girmeye \u00e7al\u0131\u015ft\u0131\u011f\u0131 evine ula\u015famadan metrelerce y\u00fckseklikten d\u00fc\u015ferek hayat\u0131n\u0131 kaybetti. Olay, sabah saatlerinde Konac\u0131k Mahallesi Turan Sokak\u2019ta meydana geldi. Edinilen bilgiye g\u00f6re, evine anahtars\u0131z gelen H\u00fcseyin Demir, ikinci kattaki dairesine ula\u015fmak i\u00e7in apartman\u0131n \u00e7at\u0131s\u0131na \u00e7\u0131kt\u0131. \u00c7at\u0131dan evin penceresine ula\u015fmaya \u00e7al\u0131\u015fan Demir, dengesini kaybederek [&hellip;]\" \/>\n<meta property=\"og:url\" content=\"https:\/\/memurunsesi.net\/index.php\/2025\/06\/11\/anahtarini-unutunca-catidan-eve-girmeye-calisirken-dusen-emekli-polis-hayatini-kaybetti\/\" \/>\n<meta property=\"og:site_name\" content=\"Memurun Sesi\" \/>\n<meta property=\"article:publisher\" content=\"https:\/\/www.facebook.com\/unipersen\/?locale=tr_TR\" \/>\n<meta property=\"article:published_time\" content=\"2025-06-11T09:39:58+00:00\" \/>\n<meta property=\"og:image\" content=\"https:\/\/memurunsesi.net\/wp-content\/uploads\/2025\/06\/AW473855_01-scaled.jpg\" \/>\n\t<meta property=\"og:image:width\" content=\"2560\" \/>\n\t<meta property=\"og:image:height\" content=\"1440\" \/>\n\t<meta property=\"og:image:type\" content=\"image\/jpeg\" \/>\n<meta name=\"author\" content=\"Memurun Sesi Haber Merkezi\" \/>\n<meta name=\"twitter:card\" content=\"summary_large_image\" \/>\n<meta name=\"twitter:creator\" content=\"@unipersen\" \/>\n<meta name=\"twitter:site\" content=\"@unipersen\" \/>\n<meta name=\"twitter:label1\" content=\"Yazan:\" \/>\n\t<meta name=\"twitter:data1\" content=\"Memurun Sesi Haber Merkezi\" \/>\n\t<meta name=\"twitter:label2\" content=\"Tahmini okuma s\u00fcresi\" \/>\n\t<meta name=\"twitter:data2\" content=\"1 dakika\" \/>\n<script type=\"application\/ld+json\" class=\"yoast-schema-graph\">{\"@context\":\"https:\\\/\\\/schema.org\",\"@graph\":[{\"@type\":\"Article\",\"@id\":\"https:\\\/\\\/memurunsesi.net\\\/index.php\\\/2025\\\/06\\\/11\\\/anahtarini-unutunca-catidan-eve-girmeye-calisirken-dusen-emekli-polis-hayatini-kaybetti\\\/#article\",\"isPartOf\":{\"@id\":\"https:\\\/\\\/memurunsesi.net\\\/index.php\\\/2025\\\/06\\\/11\\\/anahtarini-unutunca-catidan-eve-girmeye-calisirken-dusen-emekli-polis-hayatini-kaybetti\\\/\"},\"author\":{\"name\":\"Memurun Sesi Haber Merkezi\",\"@id\":\"https:\\\/\\\/memurunsesi.net\\\/#\\\/schema\\\/person\\\/f21c2d73b89f6ee1d80b0a1803e38587\"},\"headline\":\"Anahtar\u0131n\u0131 unutunca \u00e7at\u0131dan eve girmeye \u00e7al\u0131\u015f\u0131rken d\u00fc\u015fen emekli polis hayat\u0131n\u0131 kaybetti\",\"datePublished\":\"2025-06-11T09:39:58+00:00\",\"mainEntityOfPage\":{\"@id\":\"https:\\\/\\\/memurunsesi.net\\\/index.php\\\/2025\\\/06\\\/11\\\/anahtarini-unutunca-catidan-eve-girmeye-calisirken-dusen-emekli-polis-hayatini-kaybetti\\\/\"},\"wordCount\":191,\"commentCount\":0,\"publisher\":{\"@id\":\"https:\\\/\\\/memurunsesi.net\\\/#organization\"},\"image\":{\"@id\":\"https:\\\/\\\/memurunsesi.net\\\/index.php\\\/2025\\\/06\\\/11\\\/anahtarini-unutunca-catidan-eve-girmeye-calisirken-dusen-emekli-polis-hayatini-kaybetti\\\/#primaryimage\"},\"thumbnailUrl\":\"https:\\\/\\\/memurunsesi.net\\\/wp-content\\\/uploads\\\/2025\\\/06\\\/AW473855_01-scaled.jpg\",\"inLanguage\":\"tr\",\"potentialAction\":[{\"@type\":\"CommentAction\",\"name\":\"Comment\",\"target\":[\"https:\\\/\\\/memurunsesi.net\\\/index.php\\\/2025\\\/06\\\/11\\\/anahtarini-unutunca-catidan-eve-girmeye-calisirken-dusen-emekli-polis-hayatini-kaybetti\\\/#respond\"]}]},{\"@type\":\"WebPage\",\"@id\":\"https:\\\/\\\/memurunsesi.net\\\/index.php\\\/2025\\\/06\\\/11\\\/anahtarini-unutunca-catidan-eve-girmeye-calisirken-dusen-emekli-polis-hayatini-kaybetti\\\/\",\"url\":\"https:\\\/\\\/memurunsesi.net\\\/index.php\\\/2025\\\/06\\\/11\\\/anahtarini-unutunca-catidan-eve-girmeye-calisirken-dusen-emekli-polis-hayatini-kaybetti\\\/\",\"name\":\"Anahtar\u0131n\u0131 unutunca \u00e7at\u0131dan eve girmeye \u00e7al\u0131\u015f\u0131rken d\u00fc\u015fen emekli polis hayat\u0131n\u0131 kaybetti - Memurun Sesi\",\"isPartOf\":{\"@id\":\"https:\\\/\\\/memurunsesi.net\\\/#website\"},\"primaryImageOfPage\":{\"@id\":\"https:\\\/\\\/memurunsesi.net\\\/index.php\\\/2025\\\/06\\\/11\\\/anahtarini-unutunca-catidan-eve-girmeye-calisirken-dusen-emekli-polis-hayatini-kaybetti\\\/#primaryimage\"},\"image\":{\"@id\":\"https:\\\/\\\/memurunsesi.net\\\/index.php\\\/2025\\\/06\\\/11\\\/anahtarini-unutunca-catidan-eve-girmeye-calisirken-dusen-emekli-polis-hayatini-kaybetti\\\/#primaryimage\"},\"thumbnailUrl\":\"https:\\\/\\\/memurunsesi.net\\\/wp-content\\\/uploads\\\/2025\\\/06\\\/AW473855_01-scaled.jpg\",\"datePublished\":\"2025-06-11T09:39:58+00:00\",\"breadcrumb\":{\"@id\":\"https:\\\/\\\/memurunsesi.net\\\/index.php\\\/2025\\\/06\\\/11\\\/anahtarini-unutunca-catidan-eve-girmeye-calisirken-dusen-emekli-polis-hayatini-kaybetti\\\/#breadcrumb\"},\"inLanguage\":\"tr\",\"potentialAction\":[{\"@type\":\"ReadAction\",\"target\":[\"https:\\\/\\\/memurunsesi.net\\\/index.php\\\/2025\\\/06\\\/11\\\/anahtarini-unutunca-catidan-eve-girmeye-calisirken-dusen-emekli-polis-hayatini-kaybetti\\\/\"]}]},{\"@type\":\"ImageObject\",\"inLanguage\":\"tr\",\"@id\":\"https:\\\/\\\/memurunsesi.net\\\/index.php\\\/2025\\\/06\\\/11\\\/anahtarini-unutunca-catidan-eve-girmeye-calisirken-dusen-emekli-polis-hayatini-kaybetti\\\/#primaryimage\",\"url\":\"https:\\\/\\\/memurunsesi.net\\\/wp-content\\\/uploads\\\/2025\\\/06\\\/AW473855_01-scaled.jpg\",\"contentUrl\":\"https:\\\/\\\/memurunsesi.net\\\/wp-content\\\/uploads\\\/2025\\\/06\\\/AW473855_01-scaled.jpg\",\"width\":2560,\"height\":1440,\"caption\":\"ANAHTARINI UNUTUNCA \u00c7ATIDAN EVE G\u0130RMEYE \u00c7ALI\u015eTI, FEC\u0130 \u015eEK\u0130LDE CAN VERD\u0130 (BEK\u0130R TOSUN - HAMD\u0130 Y\u00d6R\u00dcR\\\/MU\u011eLA-\u0130HA) Mu\u011fla'n\u0131n Bodrum il\u00e7esinde, anahtar\u0131n\u0131 evde unutan emekli polis memuru H\u00fcseyin Demir (55), \u00e7at\u0131dan girmeye \u00e7al\u0131\u015ft\u0131\u011f\u0131 evine ula\u015famadan metrelerce y\u00fckseklikten d\u00fc\u015ferek hayat\u0131n\u0131 kaybetti.\"},{\"@type\":\"BreadcrumbList\",\"@id\":\"https:\\\/\\\/memurunsesi.net\\\/index.php\\\/2025\\\/06\\\/11\\\/anahtarini-unutunca-catidan-eve-girmeye-calisirken-dusen-emekli-polis-hayatini-kaybetti\\\/#breadcrumb\",\"itemListElement\":[{\"@type\":\"ListItem\",\"position\":1,\"name\":\"Anasayfa\",\"item\":\"https:\\\/\\\/memurunsesi.net\\\/\"},{\"@type\":\"ListItem\",\"position\":2,\"name\":\"Anahtar\u0131n\u0131 unutunca \u00e7at\u0131dan eve girmeye \u00e7al\u0131\u015f\u0131rken d\u00fc\u015fen emekli polis hayat\u0131n\u0131 kaybetti\"}]},{\"@type\":\"WebSite\",\"@id\":\"https:\\\/\\\/memurunsesi.net\\\/#website\",\"url\":\"https:\\\/\\\/memurunsesi.net\\\/\",\"name\":\"Memurun Sesi\",\"description\":\"G\u00fcncel ve Do\u011fru Haber\",\"publisher\":{\"@id\":\"https:\\\/\\\/memurunsesi.net\\\/#organization\"},\"potentialAction\":[{\"@type\":\"SearchAction\",\"target\":{\"@type\":\"EntryPoint\",\"urlTemplate\":\"https:\\\/\\\/memurunsesi.net\\\/?s={search_term_string}\"},\"query-input\":{\"@type\":\"PropertyValueSpecification\",\"valueRequired\":true,\"valueName\":\"search_term_string\"}}],\"inLanguage\":\"tr\"},{\"@type\":\"Organization\",\"@id\":\"https:\\\/\\\/memurunsesi.net\\\/#organization\",\"name\":\"Memurun Sesi\",\"url\":\"https:\\\/\\\/memurunsesi.net\\\/\",\"logo\":{\"@type\":\"ImageObject\",\"inLanguage\":\"tr\",\"@id\":\"https:\\\/\\\/memurunsesi.net\\\/#\\\/schema\\\/logo\\\/image\\\/\",\"url\":\"https:\\\/\\\/memurunsesi.net\\\/wp-content\\\/uploads\\\/2025\\\/11\\\/cropped-MEMURUN-SESI.png\",\"contentUrl\":\"https:\\\/\\\/memurunsesi.net\\\/wp-content\\\/uploads\\\/2025\\\/11\\\/cropped-MEMURUN-SESI.png\",\"width\":238,\"height\":57,\"caption\":\"Memurun Sesi\"},\"image\":{\"@id\":\"https:\\\/\\\/memurunsesi.net\\\/#\\\/schema\\\/logo\\\/image\\\/\"},\"sameAs\":[\"https:\\\/\\\/www.facebook.com\\\/unipersen\\\/?locale=tr_TR\",\"https:\\\/\\\/x.com\\\/unipersen\"]},{\"@type\":\"Person\",\"@id\":\"https:\\\/\\\/memurunsesi.net\\\/#\\\/schema\\\/person\\\/f21c2d73b89f6ee1d80b0a1803e38587\",\"name\":\"Memurun Sesi Haber Merkezi\",\"image\":{\"@type\":\"ImageObject\",\"inLanguage\":\"tr\",\"@id\":\"https:\\\/\\\/secure.gravatar.com\\\/avatar\\\/6cf0505f452ee753f485014986fab09a434671d2b919ee76fc541025c5876a70?s=96&d=mm&r=g\",\"url\":\"https:\\\/\\\/secure.gravatar.com\\\/avatar\\\/6cf0505f452ee753f485014986fab09a434671d2b919ee76fc541025c5876a70?s=96&d=mm&r=g\",\"contentUrl\":\"https:\\\/\\\/secure.gravatar.com\\\/avatar\\\/6cf0505f452ee753f485014986fab09a434671d2b919ee76fc541025c5876a70?s=96&d=mm&r=g\",\"caption\":\"Memurun Sesi Haber Merkezi\"},\"sameAs\":[\"https:\\\/\\\/memurunsesi.net\"],\"url\":\"https:\\\/\\\/memurunsesi.net\\\/index.php\\\/author\\\/uniper\\\/\"}]}<\/script>\n<!-- \/ Yoast SEO plugin. -->","yoast_head_json":{"title":"Anahtar\u0131n\u0131 unutunca \u00e7at\u0131dan eve girmeye \u00e7al\u0131\u015f\u0131rken d\u00fc\u015fen emekli polis hayat\u0131n\u0131 kaybetti - Memurun Sesi","robots":{"index":"index","follow":"follow","max-snippet":"max-snippet:-1","max-image-preview":"max-image-preview:large","max-video-preview":"max-video-preview:-1"},"canonical":"https:\/\/memurunsesi.net\/index.php\/2025\/06\/11\/anahtarini-unutunca-catidan-eve-girmeye-calisirken-dusen-emekli-polis-hayatini-kaybetti\/","og_locale":"tr_TR","og_type":"article","og_title":"Anahtar\u0131n\u0131 unutunca \u00e7at\u0131dan eve girmeye \u00e7al\u0131\u015f\u0131rken d\u00fc\u015fen emekli polis hayat\u0131n\u0131 kaybetti - Memurun Sesi","og_description":"Mu\u011fla\u2019n\u0131n Bodrum il\u00e7esinde, anahtar\u0131n\u0131 evde unutan emekli polis memuru H\u00fcseyin Demir (55), \u00e7at\u0131dan girmeye \u00e7al\u0131\u015ft\u0131\u011f\u0131 evine ula\u015famadan metrelerce y\u00fckseklikten d\u00fc\u015ferek hayat\u0131n\u0131 kaybetti. Olay, sabah saatlerinde Konac\u0131k Mahallesi Turan Sokak\u2019ta meydana geldi. Edinilen bilgiye g\u00f6re, evine anahtars\u0131z gelen H\u00fcseyin Demir, ikinci kattaki dairesine ula\u015fmak i\u00e7in apartman\u0131n \u00e7at\u0131s\u0131na \u00e7\u0131kt\u0131. \u00c7at\u0131dan evin penceresine ula\u015fmaya \u00e7al\u0131\u015fan Demir, dengesini kaybederek [&hellip;]","og_url":"https:\/\/memurunsesi.net\/index.php\/2025\/06\/11\/anahtarini-unutunca-catidan-eve-girmeye-calisirken-dusen-emekli-polis-hayatini-kaybetti\/","og_site_name":"Memurun Sesi","article_publisher":"https:\/\/www.facebook.com\/unipersen\/?locale=tr_TR","article_published_time":"2025-06-11T09:39:58+00:00","og_image":[{"width":2560,"height":1440,"url":"https:\/\/memurunsesi.net\/wp-content\/uploads\/2025\/06\/AW473855_01-scaled.jpg","type":"image\/jpeg"}],"author":"Memurun Sesi Haber Merkezi","twitter_card":"summary_large_image","twitter_creator":"@unipersen","twitter_site":"@unipersen","twitter_misc":{"Yazan:":"Memurun Sesi Haber Merkezi","Tahmini okuma s\u00fcresi":"1 dakika"},"schema":{"@context":"https:\/\/schema.org","@graph":[{"@type":"Article","@id":"https:\/\/memurunsesi.net\/index.php\/2025\/06\/11\/anahtarini-unutunca-catidan-eve-girmeye-calisirken-dusen-emekli-polis-hayatini-kaybetti\/#article","isPartOf":{"@id":"https:\/\/memurunsesi.net\/index.php\/2025\/06\/11\/anahtarini-unutunca-catidan-eve-girmeye-calisirken-dusen-emekli-polis-hayatini-kaybetti\/"},"author":{"name":"Memurun Sesi Haber Merkezi","@id":"https:\/\/memurunsesi.net\/#\/schema\/person\/f21c2d73b89f6ee1d80b0a1803e38587"},"headline":"Anahtar\u0131n\u0131 unutunca \u00e7at\u0131dan eve girmeye \u00e7al\u0131\u015f\u0131rken d\u00fc\u015fen emekli polis hayat\u0131n\u0131 kaybetti","datePublished":"2025-06-11T09:39:58+00:00","mainEntityOfPage":{"@id":"https:\/\/memurunsesi.net\/index.php\/2025\/06\/11\/anahtarini-unutunca-catidan-eve-girmeye-calisirken-dusen-emekli-polis-hayatini-kaybetti\/"},"wordCount":191,"commentCount":0,"publisher":{"@id":"https:\/\/memurunsesi.net\/#organization"},"image":{"@id":"https:\/\/memurunsesi.net\/index.php\/2025\/06\/11\/anahtarini-unutunca-catidan-eve-girmeye-calisirken-dusen-emekli-polis-hayatini-kaybetti\/#primaryimage"},"thumbnailUrl":"https:\/\/memurunsesi.net\/wp-content\/uploads\/2025\/06\/AW473855_01-scaled.jpg","inLanguage":"tr","potentialAction":[{"@type":"CommentAction","name":"Comment","target":["https:\/\/memurunsesi.net\/index.php\/2025\/06\/11\/anahtarini-unutunca-catidan-eve-girmeye-calisirken-dusen-emekli-polis-hayatini-kaybetti\/#respond"]}]},{"@type":"WebPage","@id":"https:\/\/memurunsesi.net\/index.php\/2025\/06\/11\/anahtarini-unutunca-catidan-eve-girmeye-calisirken-dusen-emekli-polis-hayatini-kaybetti\/","url":"https:\/\/memurunsesi.net\/index.php\/2025\/06\/11\/anahtarini-unutunca-catidan-eve-girmeye-calisirken-dusen-emekli-polis-hayatini-kaybetti\/","name":"Anahtar\u0131n\u0131 unutunca \u00e7at\u0131dan eve girmeye \u00e7al\u0131\u015f\u0131rken d\u00fc\u015fen emekli polis hayat\u0131n\u0131 kaybetti - Memurun Sesi","isPartOf":{"@id":"https:\/\/memurunsesi.net\/#website"},"primaryImageOfPage":{"@id":"https:\/\/memurunsesi.net\/index.php\/2025\/06\/11\/anahtarini-unutunca-catidan-eve-girmeye-calisirken-dusen-emekli-polis-hayatini-kaybetti\/#primaryimage"},"image":{"@id":"https:\/\/memurunsesi.net\/index.php\/2025\/06\/11\/anahtarini-unutunca-catidan-eve-girmeye-calisirken-dusen-emekli-polis-hayatini-kaybetti\/#primaryimage"},"thumbnailUrl":"https:\/\/memurunsesi.net\/wp-content\/uploads\/2025\/06\/AW473855_01-scaled.jpg","datePublished":"2025-06-11T09:39:58+00:00","breadcrumb":{"@id":"https:\/\/memurunsesi.net\/index.php\/2025\/06\/11\/anahtarini-unutunca-catidan-eve-girmeye-calisirken-dusen-emekli-polis-hayatini-kaybetti\/#breadcrumb"},"inLanguage":"tr","potentialAction":[{"@type":"ReadAction","target":["https:\/\/memurunsesi.net\/index.php\/2025\/06\/11\/anahtarini-unutunca-catidan-eve-girmeye-calisirken-dusen-emekli-polis-hayatini-kaybetti\/"]}]},{"@type":"ImageObject","inLanguage":"tr","@id":"https:\/\/memurunsesi.net\/index.php\/2025\/06\/11\/anahtarini-unutunca-catidan-eve-girmeye-calisirken-dusen-emekli-polis-hayatini-kaybetti\/#primaryimage","url":"https:\/\/memurunsesi.net\/wp-content\/uploads\/2025\/06\/AW473855_01-scaled.jpg","contentUrl":"https:\/\/memurunsesi.net\/wp-content\/uploads\/2025\/06\/AW473855_01-scaled.jpg","width":2560,"height":1440,"caption":"ANAHTARINI UNUTUNCA \u00c7ATIDAN EVE G\u0130RMEYE \u00c7ALI\u015eTI, FEC\u0130 \u015eEK\u0130LDE CAN VERD\u0130 (BEK\u0130R TOSUN - HAMD\u0130 Y\u00d6R\u00dcR\/MU\u011eLA-\u0130HA) Mu\u011fla'n\u0131n Bodrum il\u00e7esinde, anahtar\u0131n\u0131 evde unutan emekli polis memuru H\u00fcseyin Demir (55), \u00e7at\u0131dan girmeye \u00e7al\u0131\u015ft\u0131\u011f\u0131 evine ula\u015famadan metrelerce y\u00fckseklikten d\u00fc\u015ferek hayat\u0131n\u0131 kaybetti."},{"@type":"BreadcrumbList","@id":"https:\/\/memurunsesi.net\/index.php\/2025\/06\/11\/anahtarini-unutunca-catidan-eve-girmeye-calisirken-dusen-emekli-polis-hayatini-kaybetti\/#breadcrumb","itemListElement":[{"@type":"ListItem","position":1,"name":"Anasayfa","item":"https:\/\/memurunsesi.net\/"},{"@type":"ListItem","position":2,"name":"Anahtar\u0131n\u0131 unutunca \u00e7at\u0131dan eve girmeye \u00e7al\u0131\u015f\u0131rken d\u00fc\u015fen emekli polis hayat\u0131n\u0131 kaybetti"}]},{"@type":"WebSite","@id":"https:\/\/memurunsesi.net\/#website","url":"https:\/\/memurunsesi.net\/","name":"Memurun Sesi","description":"G\u00fcncel ve Do\u011fru Haber","publisher":{"@id":"https:\/\/memurunsesi.net\/#organization"},"potentialAction":[{"@type":"SearchAction","target":{"@type":"EntryPoint","urlTemplate":"https:\/\/memurunsesi.net\/?s={search_term_string}"},"query-input":{"@type":"PropertyValueSpecification","valueRequired":true,"valueName":"search_term_string"}}],"inLanguage":"tr"},{"@type":"Organization","@id":"https:\/\/memurunsesi.net\/#organization","name":"Memurun Sesi","url":"https:\/\/memurunsesi.net\/","logo":{"@type":"ImageObject","inLanguage":"tr","@id":"https:\/\/memurunsesi.net\/#\/schema\/logo\/image\/","url":"https:\/\/memurunsesi.net\/wp-content\/uploads\/2025\/11\/cropped-MEMURUN-SESI.png","contentUrl":"https:\/\/memurunsesi.net\/wp-content\/uploads\/2025\/11\/cropped-MEMURUN-SESI.png","width":238,"height":57,"caption":"Memurun Sesi"},"image":{"@id":"https:\/\/memurunsesi.net\/#\/schema\/logo\/image\/"},"sameAs":["https:\/\/www.facebook.com\/unipersen\/?locale=tr_TR","https:\/\/x.com\/unipersen"]},{"@type":"Person","@id":"https:\/\/memurunsesi.net\/#\/schema\/person\/f21c2d73b89f6ee1d80b0a1803e38587","name":"Memurun Sesi Haber Merkezi","image":{"@type":"ImageObject","inLanguage":"tr","@id":"https:\/\/secure.gravatar.com\/avatar\/6cf0505f452ee753f485014986fab09a434671d2b919ee76fc541025c5876a70?s=96&d=mm&r=g","url":"https:\/\/secure.gravatar.com\/avatar\/6cf0505f452ee753f485014986fab09a434671d2b919ee76fc541025c5876a70?s=96&d=mm&r=g","contentUrl":"https:\/\/secure.gravatar.com\/avatar\/6cf0505f452ee753f485014986fab09a434671d2b919ee76fc541025c5876a70?s=96&d=mm&r=g","caption":"Memurun Sesi Haber Merkezi"},"sameAs":["https:\/\/memurunsesi.net"],"url":"https:\/\/memurunsesi.net\/index.php\/author\/uniper\/"}]}},"_links":{"self":[{"href":"https:\/\/memurunsesi.net\/index.php\/wp-json\/wp\/v2\/posts\/7888","targetHints":{"allow":["GET"]}}],"collection":[{"href":"https:\/\/memurunsesi.net\/index.php\/wp-json\/wp\/v2\/posts"}],"about":[{"href":"https:\/\/memurunsesi.net\/index.php\/wp-json\/wp\/v2\/types\/post"}],"author":[{"embeddable":true,"href":"https:\/\/memurunsesi.net\/index.php\/wp-json\/wp\/v2\/users\/1"}],"replies":[{"embeddable":true,"href":"https:\/\/memurunsesi.net\/index.php\/wp-json\/wp\/v2\/comments?post=7888"}],"version-history":[{"count":1,"href":"https:\/\/memurunsesi.net\/index.php\/wp-json\/wp\/v2\/posts\/7888\/revisions"}],"predecessor-version":[{"id":7890,"href":"https:\/\/memurunsesi.net\/index.php\/wp-json\/wp\/v2\/posts\/7888\/revisions\/7890"}],"wp:featuredmedia":[{"embeddable":true,"href":"https:\/\/memurunsesi.net\/index.php\/wp-json\/wp\/v2\/media\/7889"}],"wp:attachment":[{"href":"https:\/\/memurunsesi.net\/index.php\/wp-json\/wp\/v2\/media?parent=7888"}],"wp:term":[{"taxonomy":"category","embeddable":true,"href":"https:\/\/memurunsesi.net\/index.php\/wp-json\/wp\/v2\/categories?post=7888"},{"taxonomy":"post_tag","embeddable":true,"href":"https:\/\/memurunsesi.net\/index.php\/wp-json\/wp\/v2\/tags?post=7888"}],"curies":[{"name":"wp","href":"https:\/\/api.w.org\/{rel}","templated":true}]}}