{"id":7891,"date":"2025-06-11T12:41:19","date_gmt":"2025-06-11T09:41:19","guid":{"rendered":"https:\/\/memurunsesi.net\/?p=7891"},"modified":"2025-06-11T12:41:19","modified_gmt":"2025-06-11T09:41:19","slug":"sokakta-esini-bicakla-rehin-aldi-vatandas-tek-hamleyle-kurtardi-o-anlar-kamerada","status":"publish","type":"post","link":"https:\/\/memurunsesi.net\/index.php\/2025\/06\/11\/sokakta-esini-bicakla-rehin-aldi-vatandas-tek-hamleyle-kurtardi-o-anlar-kamerada\/","title":{"rendered":"Sokakta e\u015fini b\u0131\u00e7akla rehin ald\u0131, vatanda\u015f tek hamleyle kurtard\u0131: O anlar kamerada"},"content":{"rendered":"<p> Mersin&#8217;de bir \u015fah\u0131s ayr\u0131lma a\u015famas\u0131nda oldu\u011fu e\u015fini sokak ortas\u0131nda yere yat\u0131r\u0131p b\u0131\u00e7ak \u00e7ekerek rehin ald\u0131. Sivil polisin h\u0131zla olaya m\u00fcdahale edip g\u00f6r\u00fc\u015ft\u00fc\u011f\u00fc s\u0131rada bir vatanda\u015f b\u0131\u00e7akl\u0131 \u015fahs\u0131 arkadan iterek yere d\u00fc\u015f\u00fcrd\u00fc. Kad\u0131n\u0131n kurtuldu\u011fu olay an\u0131 cep telefonu kameras\u0131na saniye saniye yans\u0131d\u0131.<br \/>\n  Olay, merkez Akdeniz \u0130l\u00e7esi Yeni Mahalle 5331 nolu Sokak&#8217;ta meydana geldi. Al\u0131nan bilgiye g\u00f6re, \u015f\u00fcpheli M.E. bo\u015fanma a\u015famas\u0131ndaki kar\u0131s\u0131 M.E.&#8217;yi sokakta yere yat\u0131r\u0131p b\u0131\u00e7ak \u00e7ekti. Olay polise bildirilirken \u00e7evre sakinleri duruma tepki g\u00f6sterip m\u00fcdahale etmek istedi. B\u00f6lgeye yak\u0131n olan sivil polis ekipleri olaya k\u0131sa s\u00fcrede m\u00fcdahale etti. Polis b\u0131\u00e7akl\u0131 koca ile g\u00f6r\u00fc\u015f\u00fcrken vatanda\u015flardan G\u00fcnay T., birden \u015fahs\u0131n arkas\u0131ndan yakla\u015farak onu iteleyip d\u00fc\u015f\u00fcrd\u00fc. Hem sivil polislerin hem de vatanda\u015flardan G\u00fcnay T.&#8217;nin m\u00fcdahalesiyle  kad\u0131n kurtar\u0131ld\u0131. Yerden elinde b\u0131\u00e7akla kalk\u0131p beklemeye devam eden M.E.&#8217;ye vatanda\u015flar tepki g\u00f6sterdi. Bir s\u00fcre sonra \u015f\u00fcpheli koca polis taraf\u0131ndan g\u00f6zalt\u0131na al\u0131nd\u0131. <\/p>\n<p>  &#8220;Kad\u0131n\u0131n \u00fczerinde kan vard\u0131 dayanamad\u0131m&#8221;<br \/>\n  Ya\u015fananlar\u0131 \u0130HA Muhabirine anlatan G\u00fcnay T., &#8220;Motorumu servise g\u00f6t\u00fcrm\u00fc\u015ft\u00fcm, o esnada ba\u011f\u0131rma sesleri duydum. Hemen sesin geldi\u011fi yere gittim. Bir \u015fah\u0131s silahla havaya 3 el ate\u015f etti. Elinde b\u0131\u00e7ak olan \u015fah\u0131s, kad\u0131n\u0131 yere yat\u0131r\u0131p \u00fcst\u00fcnde bekliyordu. Kad\u0131n\u0131n \u00fczerinde kan vard\u0131 bende dayanamad\u0131m ve adam\u0131n arkas\u0131na dolan\u0131p arkadan ittim&#8221; dedi.<br \/>\n  Olay an\u0131 ise ise cep telefonu kamaras\u0131na saniye saniye yans\u0131d\u0131. G\u00f6r\u00fcnt\u00fclerde elinde b\u0131\u00e7akla bekleyen \u015fahs\u0131, G\u00fcnay T.&#8217;nin iteleyerek d\u00fc\u015f\u00fcrme anlar\u0131 yer ald\u0131. G\u00f6r\u00fcnt\u00fclerin devam\u0131nda ise G\u00fcnay T.&#8217;nin \u015fahsa tepki g\u00f6stermesi ve sivil polisin b\u0131\u00e7akl\u0131 \u015fahs\u0131 etkisiz hale getirmek i\u00e7in g\u00f6r\u00fc\u015fme anlar\u0131 yans\u0131d\u0131.<br \/>\n  Olayla ilgili soru\u015fturma s\u00fcr\u00fcyor. <\/p>\n<p>11.06.2025                              <\/p>\n","protected":false},"excerpt":{"rendered":"<p>Mersin&#8217;de bir \u015fah\u0131s ayr\u0131lma a\u015famas\u0131nda oldu\u011fu e\u015fini sokak ortas\u0131nda yere yat\u0131r\u0131p b\u0131\u00e7ak \u00e7ekerek rehin ald\u0131. Sivil polisin h\u0131zla olaya m\u00fcdahale edip g\u00f6r\u00fc\u015ft\u00fc\u011f\u00fc s\u0131rada bir vatanda\u015f b\u0131\u00e7akl\u0131 \u015fahs\u0131 arkadan iterek yere d\u00fc\u015f\u00fcrd\u00fc. Kad\u0131n\u0131n kurtuldu\u011fu olay an\u0131 cep telefonu kameras\u0131na saniye saniye yans\u0131d\u0131. Olay, merkez Akdeniz \u0130l\u00e7esi Yeni Mahalle 5331 nolu Sokak&#8217;ta meydana geldi. Al\u0131nan bilgiye g\u00f6re, [&hellip;]<\/p>\n","protected":false},"author":1,"featured_media":7892,"comment_status":"open","ping_status":"open","sticky":false,"template":"","format":"standard","meta":{"footnotes":""},"categories":[45],"tags":[],"class_list":["post-7891","post","type-post","status-publish","format-standard","has-post-thumbnail","hentry","category-gundem"],"yoast_head":"<!-- This site is optimized with the Yoast SEO plugin v27.4 - https:\/\/yoast.com\/product\/yoast-seo-wordpress\/ -->\n<title>Sokakta e\u015fini b\u0131\u00e7akla rehin ald\u0131, vatanda\u015f tek hamleyle kurtard\u0131: O anlar kamerada - Memurun Sesi<\/title>\n<meta name=\"robots\" content=\"index, follow, max-snippet:-1, max-image-preview:large, max-video-preview:-1\" \/>\n<link rel=\"canonical\" href=\"https:\/\/memurunsesi.net\/index.php\/2025\/06\/11\/sokakta-esini-bicakla-rehin-aldi-vatandas-tek-hamleyle-kurtardi-o-anlar-kamerada\/\" \/>\n<meta property=\"og:locale\" content=\"tr_TR\" \/>\n<meta property=\"og:type\" content=\"article\" \/>\n<meta property=\"og:title\" content=\"Sokakta e\u015fini b\u0131\u00e7akla rehin ald\u0131, vatanda\u015f tek hamleyle kurtard\u0131: O anlar kamerada - Memurun Sesi\" \/>\n<meta property=\"og:description\" content=\"Mersin&#8217;de bir \u015fah\u0131s ayr\u0131lma a\u015famas\u0131nda oldu\u011fu e\u015fini sokak ortas\u0131nda yere yat\u0131r\u0131p b\u0131\u00e7ak \u00e7ekerek rehin ald\u0131. Sivil polisin h\u0131zla olaya m\u00fcdahale edip g\u00f6r\u00fc\u015ft\u00fc\u011f\u00fc s\u0131rada bir vatanda\u015f b\u0131\u00e7akl\u0131 \u015fahs\u0131 arkadan iterek yere d\u00fc\u015f\u00fcrd\u00fc. Kad\u0131n\u0131n kurtuldu\u011fu olay an\u0131 cep telefonu kameras\u0131na saniye saniye yans\u0131d\u0131. Olay, merkez Akdeniz \u0130l\u00e7esi Yeni Mahalle 5331 nolu Sokak&#8217;ta meydana geldi. Al\u0131nan bilgiye g\u00f6re, [&hellip;]\" \/>\n<meta property=\"og:url\" content=\"https:\/\/memurunsesi.net\/index.php\/2025\/06\/11\/sokakta-esini-bicakla-rehin-aldi-vatandas-tek-hamleyle-kurtardi-o-anlar-kamerada\/\" \/>\n<meta property=\"og:site_name\" content=\"Memurun Sesi\" \/>\n<meta property=\"article:publisher\" content=\"https:\/\/www.facebook.com\/unipersen\/?locale=tr_TR\" \/>\n<meta property=\"article:published_time\" content=\"2025-06-11T09:41:19+00:00\" \/>\n<meta property=\"og:image\" content=\"https:\/\/memurunsesi.net\/wp-content\/uploads\/2025\/06\/AW473854_03.jpg\" \/>\n\t<meta property=\"og:image:width\" content=\"811\" \/>\n\t<meta property=\"og:image:height\" content=\"703\" \/>\n\t<meta property=\"og:image:type\" content=\"image\/jpeg\" \/>\n<meta name=\"author\" content=\"Memurun Sesi Haber Merkezi\" \/>\n<meta name=\"twitter:card\" content=\"summary_large_image\" \/>\n<meta name=\"twitter:creator\" content=\"@unipersen\" \/>\n<meta name=\"twitter:site\" content=\"@unipersen\" \/>\n<meta name=\"twitter:label1\" content=\"Yazan:\" \/>\n\t<meta name=\"twitter:data1\" content=\"Memurun Sesi Haber Merkezi\" \/>\n\t<meta name=\"twitter:label2\" content=\"Tahmini okuma s\u00fcresi\" \/>\n\t<meta name=\"twitter:data2\" content=\"1 dakika\" \/>\n<script type=\"application\/ld+json\" class=\"yoast-schema-graph\">{\"@context\":\"https:\\\/\\\/schema.org\",\"@graph\":[{\"@type\":\"Article\",\"@id\":\"https:\\\/\\\/memurunsesi.net\\\/index.php\\\/2025\\\/06\\\/11\\\/sokakta-esini-bicakla-rehin-aldi-vatandas-tek-hamleyle-kurtardi-o-anlar-kamerada\\\/#article\",\"isPartOf\":{\"@id\":\"https:\\\/\\\/memurunsesi.net\\\/index.php\\\/2025\\\/06\\\/11\\\/sokakta-esini-bicakla-rehin-aldi-vatandas-tek-hamleyle-kurtardi-o-anlar-kamerada\\\/\"},\"author\":{\"name\":\"Memurun Sesi Haber Merkezi\",\"@id\":\"https:\\\/\\\/memurunsesi.net\\\/#\\\/schema\\\/person\\\/f21c2d73b89f6ee1d80b0a1803e38587\"},\"headline\":\"Sokakta e\u015fini b\u0131\u00e7akla rehin ald\u0131, vatanda\u015f tek hamleyle kurtard\u0131: O anlar kamerada\",\"datePublished\":\"2025-06-11T09:41:19+00:00\",\"mainEntityOfPage\":{\"@id\":\"https:\\\/\\\/memurunsesi.net\\\/index.php\\\/2025\\\/06\\\/11\\\/sokakta-esini-bicakla-rehin-aldi-vatandas-tek-hamleyle-kurtardi-o-anlar-kamerada\\\/\"},\"wordCount\":364,\"commentCount\":0,\"publisher\":{\"@id\":\"https:\\\/\\\/memurunsesi.net\\\/#organization\"},\"image\":{\"@id\":\"https:\\\/\\\/memurunsesi.net\\\/index.php\\\/2025\\\/06\\\/11\\\/sokakta-esini-bicakla-rehin-aldi-vatandas-tek-hamleyle-kurtardi-o-anlar-kamerada\\\/#primaryimage\"},\"thumbnailUrl\":\"https:\\\/\\\/memurunsesi.net\\\/wp-content\\\/uploads\\\/2025\\\/06\\\/AW473854_03.jpg\",\"articleSection\":[\"G\u00fcndem\"],\"inLanguage\":\"tr\",\"potentialAction\":[{\"@type\":\"CommentAction\",\"name\":\"Comment\",\"target\":[\"https:\\\/\\\/memurunsesi.net\\\/index.php\\\/2025\\\/06\\\/11\\\/sokakta-esini-bicakla-rehin-aldi-vatandas-tek-hamleyle-kurtardi-o-anlar-kamerada\\\/#respond\"]}]},{\"@type\":\"WebPage\",\"@id\":\"https:\\\/\\\/memurunsesi.net\\\/index.php\\\/2025\\\/06\\\/11\\\/sokakta-esini-bicakla-rehin-aldi-vatandas-tek-hamleyle-kurtardi-o-anlar-kamerada\\\/\",\"url\":\"https:\\\/\\\/memurunsesi.net\\\/index.php\\\/2025\\\/06\\\/11\\\/sokakta-esini-bicakla-rehin-aldi-vatandas-tek-hamleyle-kurtardi-o-anlar-kamerada\\\/\",\"name\":\"Sokakta e\u015fini b\u0131\u00e7akla rehin ald\u0131, vatanda\u015f tek hamleyle kurtard\u0131: O anlar kamerada - Memurun Sesi\",\"isPartOf\":{\"@id\":\"https:\\\/\\\/memurunsesi.net\\\/#website\"},\"primaryImageOfPage\":{\"@id\":\"https:\\\/\\\/memurunsesi.net\\\/index.php\\\/2025\\\/06\\\/11\\\/sokakta-esini-bicakla-rehin-aldi-vatandas-tek-hamleyle-kurtardi-o-anlar-kamerada\\\/#primaryimage\"},\"image\":{\"@id\":\"https:\\\/\\\/memurunsesi.net\\\/index.php\\\/2025\\\/06\\\/11\\\/sokakta-esini-bicakla-rehin-aldi-vatandas-tek-hamleyle-kurtardi-o-anlar-kamerada\\\/#primaryimage\"},\"thumbnailUrl\":\"https:\\\/\\\/memurunsesi.net\\\/wp-content\\\/uploads\\\/2025\\\/06\\\/AW473854_03.jpg\",\"datePublished\":\"2025-06-11T09:41:19+00:00\",\"breadcrumb\":{\"@id\":\"https:\\\/\\\/memurunsesi.net\\\/index.php\\\/2025\\\/06\\\/11\\\/sokakta-esini-bicakla-rehin-aldi-vatandas-tek-hamleyle-kurtardi-o-anlar-kamerada\\\/#breadcrumb\"},\"inLanguage\":\"tr\",\"potentialAction\":[{\"@type\":\"ReadAction\",\"target\":[\"https:\\\/\\\/memurunsesi.net\\\/index.php\\\/2025\\\/06\\\/11\\\/sokakta-esini-bicakla-rehin-aldi-vatandas-tek-hamleyle-kurtardi-o-anlar-kamerada\\\/\"]}]},{\"@type\":\"ImageObject\",\"inLanguage\":\"tr\",\"@id\":\"https:\\\/\\\/memurunsesi.net\\\/index.php\\\/2025\\\/06\\\/11\\\/sokakta-esini-bicakla-rehin-aldi-vatandas-tek-hamleyle-kurtardi-o-anlar-kamerada\\\/#primaryimage\",\"url\":\"https:\\\/\\\/memurunsesi.net\\\/wp-content\\\/uploads\\\/2025\\\/06\\\/AW473854_03.jpg\",\"contentUrl\":\"https:\\\/\\\/memurunsesi.net\\\/wp-content\\\/uploads\\\/2025\\\/06\\\/AW473854_03.jpg\",\"width\":811,\"height\":703,\"caption\":\"MERS\u0130N'DE B\u0130R \u015eAHIS AYRILMA A\u015eAMASINDA OLDU\u011eU E\u015e\u0130N\u0130 SOKAK ORTASINDA YERE YATIRIP BI\u00c7AK \u00c7EKEREK REH\u0130N ALDI. O SIRADA B\u0130R K\u0130\u015e\u0130 BI\u00c7AKLI \u015eAHSI \u0130TEREK YERE D\u00dc\u015e\u00dcRD\u00dc, KADIN KURTULDU O ANLAR DA CEP TELEFONU KAMERASINA YANSIDI. (FEVZ\u0130 DEM\u0130RCAN\\\/MERS\u0130N-\u0130HA) Mersin'de bir \u015fah\u0131s ayr\u0131lma a\u015famas\u0131nda oldu\u011fu e\u015fini sokak ortas\u0131nda yere yat\u0131r\u0131p b\u0131\u00e7ak \u00e7ekerek rehin ald\u0131. Sivil polisin h\u0131zla olaya m\u00fcdahale edip g\u00f6r\u00fc\u015ft\u00fc\u011f\u00fc s\u0131rada bir vatanda\u015f b\u0131\u00e7akl\u0131 \u015fahs\u0131 arkadan iterek yere d\u00fc\u015f\u00fcrd\u00fc. Kad\u0131n\u0131n kurtuldu\u011fu olay an\u0131 cep telefonu kameras\u0131na saniye saniye yans\u0131d\u0131.\"},{\"@type\":\"BreadcrumbList\",\"@id\":\"https:\\\/\\\/memurunsesi.net\\\/index.php\\\/2025\\\/06\\\/11\\\/sokakta-esini-bicakla-rehin-aldi-vatandas-tek-hamleyle-kurtardi-o-anlar-kamerada\\\/#breadcrumb\",\"itemListElement\":[{\"@type\":\"ListItem\",\"position\":1,\"name\":\"Anasayfa\",\"item\":\"https:\\\/\\\/memurunsesi.net\\\/\"},{\"@type\":\"ListItem\",\"position\":2,\"name\":\"Sokakta e\u015fini b\u0131\u00e7akla rehin ald\u0131, vatanda\u015f tek hamleyle kurtard\u0131: O anlar kamerada\"}]},{\"@type\":\"WebSite\",\"@id\":\"https:\\\/\\\/memurunsesi.net\\\/#website\",\"url\":\"https:\\\/\\\/memurunsesi.net\\\/\",\"name\":\"Memurun Sesi\",\"description\":\"G\u00fcncel ve Do\u011fru Haber\",\"publisher\":{\"@id\":\"https:\\\/\\\/memurunsesi.net\\\/#organization\"},\"potentialAction\":[{\"@type\":\"SearchAction\",\"target\":{\"@type\":\"EntryPoint\",\"urlTemplate\":\"https:\\\/\\\/memurunsesi.net\\\/?s={search_term_string}\"},\"query-input\":{\"@type\":\"PropertyValueSpecification\",\"valueRequired\":true,\"valueName\":\"search_term_string\"}}],\"inLanguage\":\"tr\"},{\"@type\":\"Organization\",\"@id\":\"https:\\\/\\\/memurunsesi.net\\\/#organization\",\"name\":\"Memurun Sesi\",\"url\":\"https:\\\/\\\/memurunsesi.net\\\/\",\"logo\":{\"@type\":\"ImageObject\",\"inLanguage\":\"tr\",\"@id\":\"https:\\\/\\\/memurunsesi.net\\\/#\\\/schema\\\/logo\\\/image\\\/\",\"url\":\"https:\\\/\\\/memurunsesi.net\\\/wp-content\\\/uploads\\\/2025\\\/11\\\/cropped-MEMURUN-SESI.png\",\"contentUrl\":\"https:\\\/\\\/memurunsesi.net\\\/wp-content\\\/uploads\\\/2025\\\/11\\\/cropped-MEMURUN-SESI.png\",\"width\":238,\"height\":57,\"caption\":\"Memurun Sesi\"},\"image\":{\"@id\":\"https:\\\/\\\/memurunsesi.net\\\/#\\\/schema\\\/logo\\\/image\\\/\"},\"sameAs\":[\"https:\\\/\\\/www.facebook.com\\\/unipersen\\\/?locale=tr_TR\",\"https:\\\/\\\/x.com\\\/unipersen\"]},{\"@type\":\"Person\",\"@id\":\"https:\\\/\\\/memurunsesi.net\\\/#\\\/schema\\\/person\\\/f21c2d73b89f6ee1d80b0a1803e38587\",\"name\":\"Memurun Sesi Haber Merkezi\",\"image\":{\"@type\":\"ImageObject\",\"inLanguage\":\"tr\",\"@id\":\"https:\\\/\\\/secure.gravatar.com\\\/avatar\\\/6cf0505f452ee753f485014986fab09a434671d2b919ee76fc541025c5876a70?s=96&d=mm&r=g\",\"url\":\"https:\\\/\\\/secure.gravatar.com\\\/avatar\\\/6cf0505f452ee753f485014986fab09a434671d2b919ee76fc541025c5876a70?s=96&d=mm&r=g\",\"contentUrl\":\"https:\\\/\\\/secure.gravatar.com\\\/avatar\\\/6cf0505f452ee753f485014986fab09a434671d2b919ee76fc541025c5876a70?s=96&d=mm&r=g\",\"caption\":\"Memurun Sesi Haber Merkezi\"},\"sameAs\":[\"https:\\\/\\\/memurunsesi.net\"],\"url\":\"https:\\\/\\\/memurunsesi.net\\\/index.php\\\/author\\\/uniper\\\/\"}]}<\/script>\n<!-- \/ Yoast SEO plugin. -->","yoast_head_json":{"title":"Sokakta e\u015fini b\u0131\u00e7akla rehin ald\u0131, vatanda\u015f tek hamleyle kurtard\u0131: O anlar kamerada - Memurun Sesi","robots":{"index":"index","follow":"follow","max-snippet":"max-snippet:-1","max-image-preview":"max-image-preview:large","max-video-preview":"max-video-preview:-1"},"canonical":"https:\/\/memurunsesi.net\/index.php\/2025\/06\/11\/sokakta-esini-bicakla-rehin-aldi-vatandas-tek-hamleyle-kurtardi-o-anlar-kamerada\/","og_locale":"tr_TR","og_type":"article","og_title":"Sokakta e\u015fini b\u0131\u00e7akla rehin ald\u0131, vatanda\u015f tek hamleyle kurtard\u0131: O anlar kamerada - Memurun Sesi","og_description":"Mersin&#8217;de bir \u015fah\u0131s ayr\u0131lma a\u015famas\u0131nda oldu\u011fu e\u015fini sokak ortas\u0131nda yere yat\u0131r\u0131p b\u0131\u00e7ak \u00e7ekerek rehin ald\u0131. Sivil polisin h\u0131zla olaya m\u00fcdahale edip g\u00f6r\u00fc\u015ft\u00fc\u011f\u00fc s\u0131rada bir vatanda\u015f b\u0131\u00e7akl\u0131 \u015fahs\u0131 arkadan iterek yere d\u00fc\u015f\u00fcrd\u00fc. Kad\u0131n\u0131n kurtuldu\u011fu olay an\u0131 cep telefonu kameras\u0131na saniye saniye yans\u0131d\u0131. Olay, merkez Akdeniz \u0130l\u00e7esi Yeni Mahalle 5331 nolu Sokak&#8217;ta meydana geldi. Al\u0131nan bilgiye g\u00f6re, [&hellip;]","og_url":"https:\/\/memurunsesi.net\/index.php\/2025\/06\/11\/sokakta-esini-bicakla-rehin-aldi-vatandas-tek-hamleyle-kurtardi-o-anlar-kamerada\/","og_site_name":"Memurun Sesi","article_publisher":"https:\/\/www.facebook.com\/unipersen\/?locale=tr_TR","article_published_time":"2025-06-11T09:41:19+00:00","og_image":[{"width":811,"height":703,"url":"https:\/\/memurunsesi.net\/wp-content\/uploads\/2025\/06\/AW473854_03.jpg","type":"image\/jpeg"}],"author":"Memurun Sesi Haber Merkezi","twitter_card":"summary_large_image","twitter_creator":"@unipersen","twitter_site":"@unipersen","twitter_misc":{"Yazan:":"Memurun Sesi Haber Merkezi","Tahmini okuma s\u00fcresi":"1 dakika"},"schema":{"@context":"https:\/\/schema.org","@graph":[{"@type":"Article","@id":"https:\/\/memurunsesi.net\/index.php\/2025\/06\/11\/sokakta-esini-bicakla-rehin-aldi-vatandas-tek-hamleyle-kurtardi-o-anlar-kamerada\/#article","isPartOf":{"@id":"https:\/\/memurunsesi.net\/index.php\/2025\/06\/11\/sokakta-esini-bicakla-rehin-aldi-vatandas-tek-hamleyle-kurtardi-o-anlar-kamerada\/"},"author":{"name":"Memurun Sesi Haber Merkezi","@id":"https:\/\/memurunsesi.net\/#\/schema\/person\/f21c2d73b89f6ee1d80b0a1803e38587"},"headline":"Sokakta e\u015fini b\u0131\u00e7akla rehin ald\u0131, vatanda\u015f tek hamleyle kurtard\u0131: O anlar kamerada","datePublished":"2025-06-11T09:41:19+00:00","mainEntityOfPage":{"@id":"https:\/\/memurunsesi.net\/index.php\/2025\/06\/11\/sokakta-esini-bicakla-rehin-aldi-vatandas-tek-hamleyle-kurtardi-o-anlar-kamerada\/"},"wordCount":364,"commentCount":0,"publisher":{"@id":"https:\/\/memurunsesi.net\/#organization"},"image":{"@id":"https:\/\/memurunsesi.net\/index.php\/2025\/06\/11\/sokakta-esini-bicakla-rehin-aldi-vatandas-tek-hamleyle-kurtardi-o-anlar-kamerada\/#primaryimage"},"thumbnailUrl":"https:\/\/memurunsesi.net\/wp-content\/uploads\/2025\/06\/AW473854_03.jpg","articleSection":["G\u00fcndem"],"inLanguage":"tr","potentialAction":[{"@type":"CommentAction","name":"Comment","target":["https:\/\/memurunsesi.net\/index.php\/2025\/06\/11\/sokakta-esini-bicakla-rehin-aldi-vatandas-tek-hamleyle-kurtardi-o-anlar-kamerada\/#respond"]}]},{"@type":"WebPage","@id":"https:\/\/memurunsesi.net\/index.php\/2025\/06\/11\/sokakta-esini-bicakla-rehin-aldi-vatandas-tek-hamleyle-kurtardi-o-anlar-kamerada\/","url":"https:\/\/memurunsesi.net\/index.php\/2025\/06\/11\/sokakta-esini-bicakla-rehin-aldi-vatandas-tek-hamleyle-kurtardi-o-anlar-kamerada\/","name":"Sokakta e\u015fini b\u0131\u00e7akla rehin ald\u0131, vatanda\u015f tek hamleyle kurtard\u0131: O anlar kamerada - Memurun Sesi","isPartOf":{"@id":"https:\/\/memurunsesi.net\/#website"},"primaryImageOfPage":{"@id":"https:\/\/memurunsesi.net\/index.php\/2025\/06\/11\/sokakta-esini-bicakla-rehin-aldi-vatandas-tek-hamleyle-kurtardi-o-anlar-kamerada\/#primaryimage"},"image":{"@id":"https:\/\/memurunsesi.net\/index.php\/2025\/06\/11\/sokakta-esini-bicakla-rehin-aldi-vatandas-tek-hamleyle-kurtardi-o-anlar-kamerada\/#primaryimage"},"thumbnailUrl":"https:\/\/memurunsesi.net\/wp-content\/uploads\/2025\/06\/AW473854_03.jpg","datePublished":"2025-06-11T09:41:19+00:00","breadcrumb":{"@id":"https:\/\/memurunsesi.net\/index.php\/2025\/06\/11\/sokakta-esini-bicakla-rehin-aldi-vatandas-tek-hamleyle-kurtardi-o-anlar-kamerada\/#breadcrumb"},"inLanguage":"tr","potentialAction":[{"@type":"ReadAction","target":["https:\/\/memurunsesi.net\/index.php\/2025\/06\/11\/sokakta-esini-bicakla-rehin-aldi-vatandas-tek-hamleyle-kurtardi-o-anlar-kamerada\/"]}]},{"@type":"ImageObject","inLanguage":"tr","@id":"https:\/\/memurunsesi.net\/index.php\/2025\/06\/11\/sokakta-esini-bicakla-rehin-aldi-vatandas-tek-hamleyle-kurtardi-o-anlar-kamerada\/#primaryimage","url":"https:\/\/memurunsesi.net\/wp-content\/uploads\/2025\/06\/AW473854_03.jpg","contentUrl":"https:\/\/memurunsesi.net\/wp-content\/uploads\/2025\/06\/AW473854_03.jpg","width":811,"height":703,"caption":"MERS\u0130N'DE B\u0130R \u015eAHIS AYRILMA A\u015eAMASINDA OLDU\u011eU E\u015e\u0130N\u0130 SOKAK ORTASINDA YERE YATIRIP BI\u00c7AK \u00c7EKEREK REH\u0130N ALDI. O SIRADA B\u0130R K\u0130\u015e\u0130 BI\u00c7AKLI \u015eAHSI \u0130TEREK YERE D\u00dc\u015e\u00dcRD\u00dc, KADIN KURTULDU O ANLAR DA CEP TELEFONU KAMERASINA YANSIDI. (FEVZ\u0130 DEM\u0130RCAN\/MERS\u0130N-\u0130HA) Mersin'de bir \u015fah\u0131s ayr\u0131lma a\u015famas\u0131nda oldu\u011fu e\u015fini sokak ortas\u0131nda yere yat\u0131r\u0131p b\u0131\u00e7ak \u00e7ekerek rehin ald\u0131. Sivil polisin h\u0131zla olaya m\u00fcdahale edip g\u00f6r\u00fc\u015ft\u00fc\u011f\u00fc s\u0131rada bir vatanda\u015f b\u0131\u00e7akl\u0131 \u015fahs\u0131 arkadan iterek yere d\u00fc\u015f\u00fcrd\u00fc. Kad\u0131n\u0131n kurtuldu\u011fu olay an\u0131 cep telefonu kameras\u0131na saniye saniye yans\u0131d\u0131."},{"@type":"BreadcrumbList","@id":"https:\/\/memurunsesi.net\/index.php\/2025\/06\/11\/sokakta-esini-bicakla-rehin-aldi-vatandas-tek-hamleyle-kurtardi-o-anlar-kamerada\/#breadcrumb","itemListElement":[{"@type":"ListItem","position":1,"name":"Anasayfa","item":"https:\/\/memurunsesi.net\/"},{"@type":"ListItem","position":2,"name":"Sokakta e\u015fini b\u0131\u00e7akla rehin ald\u0131, vatanda\u015f tek hamleyle kurtard\u0131: O anlar kamerada"}]},{"@type":"WebSite","@id":"https:\/\/memurunsesi.net\/#website","url":"https:\/\/memurunsesi.net\/","name":"Memurun Sesi","description":"G\u00fcncel ve Do\u011fru Haber","publisher":{"@id":"https:\/\/memurunsesi.net\/#organization"},"potentialAction":[{"@type":"SearchAction","target":{"@type":"EntryPoint","urlTemplate":"https:\/\/memurunsesi.net\/?s={search_term_string}"},"query-input":{"@type":"PropertyValueSpecification","valueRequired":true,"valueName":"search_term_string"}}],"inLanguage":"tr"},{"@type":"Organization","@id":"https:\/\/memurunsesi.net\/#organization","name":"Memurun Sesi","url":"https:\/\/memurunsesi.net\/","logo":{"@type":"ImageObject","inLanguage":"tr","@id":"https:\/\/memurunsesi.net\/#\/schema\/logo\/image\/","url":"https:\/\/memurunsesi.net\/wp-content\/uploads\/2025\/11\/cropped-MEMURUN-SESI.png","contentUrl":"https:\/\/memurunsesi.net\/wp-content\/uploads\/2025\/11\/cropped-MEMURUN-SESI.png","width":238,"height":57,"caption":"Memurun Sesi"},"image":{"@id":"https:\/\/memurunsesi.net\/#\/schema\/logo\/image\/"},"sameAs":["https:\/\/www.facebook.com\/unipersen\/?locale=tr_TR","https:\/\/x.com\/unipersen"]},{"@type":"Person","@id":"https:\/\/memurunsesi.net\/#\/schema\/person\/f21c2d73b89f6ee1d80b0a1803e38587","name":"Memurun Sesi Haber Merkezi","image":{"@type":"ImageObject","inLanguage":"tr","@id":"https:\/\/secure.gravatar.com\/avatar\/6cf0505f452ee753f485014986fab09a434671d2b919ee76fc541025c5876a70?s=96&d=mm&r=g","url":"https:\/\/secure.gravatar.com\/avatar\/6cf0505f452ee753f485014986fab09a434671d2b919ee76fc541025c5876a70?s=96&d=mm&r=g","contentUrl":"https:\/\/secure.gravatar.com\/avatar\/6cf0505f452ee753f485014986fab09a434671d2b919ee76fc541025c5876a70?s=96&d=mm&r=g","caption":"Memurun Sesi Haber Merkezi"},"sameAs":["https:\/\/memurunsesi.net"],"url":"https:\/\/memurunsesi.net\/index.php\/author\/uniper\/"}]}},"_links":{"self":[{"href":"https:\/\/memurunsesi.net\/index.php\/wp-json\/wp\/v2\/posts\/7891","targetHints":{"allow":["GET"]}}],"collection":[{"href":"https:\/\/memurunsesi.net\/index.php\/wp-json\/wp\/v2\/posts"}],"about":[{"href":"https:\/\/memurunsesi.net\/index.php\/wp-json\/wp\/v2\/types\/post"}],"author":[{"embeddable":true,"href":"https:\/\/memurunsesi.net\/index.php\/wp-json\/wp\/v2\/users\/1"}],"replies":[{"embeddable":true,"href":"https:\/\/memurunsesi.net\/index.php\/wp-json\/wp\/v2\/comments?post=7891"}],"version-history":[{"count":1,"href":"https:\/\/memurunsesi.net\/index.php\/wp-json\/wp\/v2\/posts\/7891\/revisions"}],"predecessor-version":[{"id":7893,"href":"https:\/\/memurunsesi.net\/index.php\/wp-json\/wp\/v2\/posts\/7891\/revisions\/7893"}],"wp:featuredmedia":[{"embeddable":true,"href":"https:\/\/memurunsesi.net\/index.php\/wp-json\/wp\/v2\/media\/7892"}],"wp:attachment":[{"href":"https:\/\/memurunsesi.net\/index.php\/wp-json\/wp\/v2\/media?parent=7891"}],"wp:term":[{"taxonomy":"category","embeddable":true,"href":"https:\/\/memurunsesi.net\/index.php\/wp-json\/wp\/v2\/categories?post=7891"},{"taxonomy":"post_tag","embeddable":true,"href":"https:\/\/memurunsesi.net\/index.php\/wp-json\/wp\/v2\/tags?post=7891"}],"curies":[{"name":"wp","href":"https:\/\/api.w.org\/{rel}","templated":true}]}}