{"id":7894,"date":"2025-06-11T12:52:32","date_gmt":"2025-06-11T09:52:32","guid":{"rendered":"https:\/\/memurunsesi.net\/?p=7894"},"modified":"2025-06-11T12:52:32","modified_gmt":"2025-06-11T09:52:32","slug":"silahli-saldirida-agir-yaralanan-sahis-hayatini-kaybetti","status":"publish","type":"post","link":"https:\/\/memurunsesi.net\/index.php\/2025\/06\/11\/silahli-saldirida-agir-yaralanan-sahis-hayatini-kaybetti\/","title":{"rendered":"Silahl\u0131 sald\u0131r\u0131da a\u011f\u0131r yaralanan \u015fah\u0131s hayat\u0131n\u0131 kaybetti"},"content":{"rendered":"<p>   K\u0131r\u0131kkale&#8217;de iki y\u0131l \u00f6nce bacaklar\u0131ndan vurdu\u011fu husumetlisinin silahl\u0131 sald\u0131r\u0131s\u0131na u\u011frayan \u015fah\u0131s, bir s\u00fcredir tedavi g\u00f6rd\u00fc\u011f\u00fc hastanede hayat\u0131n\u0131 kaybetti.<br \/>\n  Olay, 8 Haziran&#8217;da Kaletepe Mahallesi Ey\u00fcp Sultan Camii \u00f6n\u00fcnde meydana geldi. Edinilen bilgiye g\u00f6re, iki y\u0131l \u00f6nce pompal\u0131 t\u00fcfekle yaralad\u0131\u011f\u0131 H.M. ile aras\u0131nda husumet bulunan M.\u00d6., sokak ortas\u0131nda silahl\u0131 sald\u0131r\u0131ya u\u011frad\u0131. H.M., tabancayla Muhammed \u00d6zdo\u011fan&#8217;a defalarca ate\u015f etti. V\u00fccuduna 4 kur\u015fun isabet eden \u00d6zdo\u011fan, a\u011f\u0131r yaral\u0131 olarak hastaneye kald\u0131r\u0131ld\u0131.<br \/>\n  Hastanede tedavi g\u00f6ren Muhammed \u00d6zdo\u011fan, doktorlar\u0131n t\u00fcm m\u00fcdahalelerine ra\u011fmen hayat\u0131n\u0131 kaybetti. Cinayet B\u00fcro Amirli\u011fi ekipleri taraf\u0131ndan k\u0131sa s\u00fcrede yakalanan \u015f\u00fcpheli H.M. ise \u00e7\u0131kar\u0131ld\u0131\u011f\u0131 mahkemece tutukland\u0131. <\/p>\n<p>11.06.2025                                <\/p>\n","protected":false},"excerpt":{"rendered":"<p>K\u0131r\u0131kkale&#8217;de iki y\u0131l \u00f6nce bacaklar\u0131ndan vurdu\u011fu husumetlisinin silahl\u0131 sald\u0131r\u0131s\u0131na u\u011frayan \u015fah\u0131s, bir s\u00fcredir tedavi g\u00f6rd\u00fc\u011f\u00fc hastanede hayat\u0131n\u0131 kaybetti. Olay, 8 Haziran&#8217;da Kaletepe Mahallesi Ey\u00fcp Sultan Camii \u00f6n\u00fcnde meydana geldi. Edinilen bilgiye g\u00f6re, iki y\u0131l \u00f6nce pompal\u0131 t\u00fcfekle yaralad\u0131\u011f\u0131 H.M. ile aras\u0131nda husumet bulunan M.\u00d6., sokak ortas\u0131nda silahl\u0131 sald\u0131r\u0131ya u\u011frad\u0131. H.M., tabancayla Muhammed \u00d6zdo\u011fan&#8217;a defalarca ate\u015f [&hellip;]<\/p>\n","protected":false},"author":1,"featured_media":7895,"comment_status":"open","ping_status":"open","sticky":false,"template":"","format":"standard","meta":{"footnotes":""},"categories":[50],"tags":[],"class_list":["post-7894","post","type-post","status-publish","format-standard","has-post-thumbnail","hentry","category-tum-haberler"],"yoast_head":"<!-- This site is optimized with the Yoast SEO plugin v27.4 - https:\/\/yoast.com\/product\/yoast-seo-wordpress\/ -->\n<title>Silahl\u0131 sald\u0131r\u0131da a\u011f\u0131r yaralanan \u015fah\u0131s hayat\u0131n\u0131 kaybetti - Memurun Sesi<\/title>\n<meta name=\"robots\" content=\"index, follow, max-snippet:-1, max-image-preview:large, max-video-preview:-1\" \/>\n<link rel=\"canonical\" href=\"https:\/\/memurunsesi.net\/index.php\/2025\/06\/11\/silahli-saldirida-agir-yaralanan-sahis-hayatini-kaybetti\/\" \/>\n<meta property=\"og:locale\" content=\"tr_TR\" \/>\n<meta property=\"og:type\" content=\"article\" \/>\n<meta property=\"og:title\" content=\"Silahl\u0131 sald\u0131r\u0131da a\u011f\u0131r yaralanan \u015fah\u0131s hayat\u0131n\u0131 kaybetti - Memurun Sesi\" \/>\n<meta property=\"og:description\" content=\"K\u0131r\u0131kkale&#8217;de iki y\u0131l \u00f6nce bacaklar\u0131ndan vurdu\u011fu husumetlisinin silahl\u0131 sald\u0131r\u0131s\u0131na u\u011frayan \u015fah\u0131s, bir s\u00fcredir tedavi g\u00f6rd\u00fc\u011f\u00fc hastanede hayat\u0131n\u0131 kaybetti. Olay, 8 Haziran&#8217;da Kaletepe Mahallesi Ey\u00fcp Sultan Camii \u00f6n\u00fcnde meydana geldi. Edinilen bilgiye g\u00f6re, iki y\u0131l \u00f6nce pompal\u0131 t\u00fcfekle yaralad\u0131\u011f\u0131 H.M. ile aras\u0131nda husumet bulunan M.\u00d6., sokak ortas\u0131nda silahl\u0131 sald\u0131r\u0131ya u\u011frad\u0131. H.M., tabancayla Muhammed \u00d6zdo\u011fan&#8217;a defalarca ate\u015f [&hellip;]\" \/>\n<meta property=\"og:url\" content=\"https:\/\/memurunsesi.net\/index.php\/2025\/06\/11\/silahli-saldirida-agir-yaralanan-sahis-hayatini-kaybetti\/\" \/>\n<meta property=\"og:site_name\" content=\"Memurun Sesi\" \/>\n<meta property=\"article:publisher\" content=\"https:\/\/www.facebook.com\/unipersen\/?locale=tr_TR\" \/>\n<meta property=\"article:published_time\" content=\"2025-06-11T09:52:32+00:00\" \/>\n<meta property=\"og:image\" content=\"https:\/\/memurunsesi.net\/wp-content\/uploads\/2025\/06\/AW473874_01-scaled.jpg\" \/>\n\t<meta property=\"og:image:width\" content=\"2560\" \/>\n\t<meta property=\"og:image:height\" content=\"1441\" \/>\n\t<meta property=\"og:image:type\" content=\"image\/jpeg\" \/>\n<meta name=\"author\" content=\"Memurun Sesi Haber Merkezi\" \/>\n<meta name=\"twitter:card\" content=\"summary_large_image\" \/>\n<meta name=\"twitter:creator\" content=\"@unipersen\" \/>\n<meta name=\"twitter:site\" content=\"@unipersen\" \/>\n<meta name=\"twitter:label1\" content=\"Yazan:\" \/>\n\t<meta name=\"twitter:data1\" content=\"Memurun Sesi Haber Merkezi\" \/>\n\t<meta name=\"twitter:label2\" content=\"Tahmini okuma s\u00fcresi\" \/>\n\t<meta name=\"twitter:data2\" content=\"1 dakika\" \/>\n<script type=\"application\/ld+json\" class=\"yoast-schema-graph\">{\"@context\":\"https:\\\/\\\/schema.org\",\"@graph\":[{\"@type\":\"Article\",\"@id\":\"https:\\\/\\\/memurunsesi.net\\\/index.php\\\/2025\\\/06\\\/11\\\/silahli-saldirida-agir-yaralanan-sahis-hayatini-kaybetti\\\/#article\",\"isPartOf\":{\"@id\":\"https:\\\/\\\/memurunsesi.net\\\/index.php\\\/2025\\\/06\\\/11\\\/silahli-saldirida-agir-yaralanan-sahis-hayatini-kaybetti\\\/\"},\"author\":{\"name\":\"Memurun Sesi Haber Merkezi\",\"@id\":\"https:\\\/\\\/memurunsesi.net\\\/#\\\/schema\\\/person\\\/f21c2d73b89f6ee1d80b0a1803e38587\"},\"headline\":\"Silahl\u0131 sald\u0131r\u0131da a\u011f\u0131r yaralanan \u015fah\u0131s hayat\u0131n\u0131 kaybetti\",\"datePublished\":\"2025-06-11T09:52:32+00:00\",\"mainEntityOfPage\":{\"@id\":\"https:\\\/\\\/memurunsesi.net\\\/index.php\\\/2025\\\/06\\\/11\\\/silahli-saldirida-agir-yaralanan-sahis-hayatini-kaybetti\\\/\"},\"wordCount\":151,\"commentCount\":0,\"publisher\":{\"@id\":\"https:\\\/\\\/memurunsesi.net\\\/#organization\"},\"image\":{\"@id\":\"https:\\\/\\\/memurunsesi.net\\\/index.php\\\/2025\\\/06\\\/11\\\/silahli-saldirida-agir-yaralanan-sahis-hayatini-kaybetti\\\/#primaryimage\"},\"thumbnailUrl\":\"https:\\\/\\\/memurunsesi.net\\\/wp-content\\\/uploads\\\/2025\\\/06\\\/AW473874_01-scaled.jpg\",\"articleSection\":[\"T\u00fcm Haberler\"],\"inLanguage\":\"tr\",\"potentialAction\":[{\"@type\":\"CommentAction\",\"name\":\"Comment\",\"target\":[\"https:\\\/\\\/memurunsesi.net\\\/index.php\\\/2025\\\/06\\\/11\\\/silahli-saldirida-agir-yaralanan-sahis-hayatini-kaybetti\\\/#respond\"]}]},{\"@type\":\"WebPage\",\"@id\":\"https:\\\/\\\/memurunsesi.net\\\/index.php\\\/2025\\\/06\\\/11\\\/silahli-saldirida-agir-yaralanan-sahis-hayatini-kaybetti\\\/\",\"url\":\"https:\\\/\\\/memurunsesi.net\\\/index.php\\\/2025\\\/06\\\/11\\\/silahli-saldirida-agir-yaralanan-sahis-hayatini-kaybetti\\\/\",\"name\":\"Silahl\u0131 sald\u0131r\u0131da a\u011f\u0131r yaralanan \u015fah\u0131s hayat\u0131n\u0131 kaybetti - Memurun Sesi\",\"isPartOf\":{\"@id\":\"https:\\\/\\\/memurunsesi.net\\\/#website\"},\"primaryImageOfPage\":{\"@id\":\"https:\\\/\\\/memurunsesi.net\\\/index.php\\\/2025\\\/06\\\/11\\\/silahli-saldirida-agir-yaralanan-sahis-hayatini-kaybetti\\\/#primaryimage\"},\"image\":{\"@id\":\"https:\\\/\\\/memurunsesi.net\\\/index.php\\\/2025\\\/06\\\/11\\\/silahli-saldirida-agir-yaralanan-sahis-hayatini-kaybetti\\\/#primaryimage\"},\"thumbnailUrl\":\"https:\\\/\\\/memurunsesi.net\\\/wp-content\\\/uploads\\\/2025\\\/06\\\/AW473874_01-scaled.jpg\",\"datePublished\":\"2025-06-11T09:52:32+00:00\",\"breadcrumb\":{\"@id\":\"https:\\\/\\\/memurunsesi.net\\\/index.php\\\/2025\\\/06\\\/11\\\/silahli-saldirida-agir-yaralanan-sahis-hayatini-kaybetti\\\/#breadcrumb\"},\"inLanguage\":\"tr\",\"potentialAction\":[{\"@type\":\"ReadAction\",\"target\":[\"https:\\\/\\\/memurunsesi.net\\\/index.php\\\/2025\\\/06\\\/11\\\/silahli-saldirida-agir-yaralanan-sahis-hayatini-kaybetti\\\/\"]}]},{\"@type\":\"ImageObject\",\"inLanguage\":\"tr\",\"@id\":\"https:\\\/\\\/memurunsesi.net\\\/index.php\\\/2025\\\/06\\\/11\\\/silahli-saldirida-agir-yaralanan-sahis-hayatini-kaybetti\\\/#primaryimage\",\"url\":\"https:\\\/\\\/memurunsesi.net\\\/wp-content\\\/uploads\\\/2025\\\/06\\\/AW473874_01-scaled.jpg\",\"contentUrl\":\"https:\\\/\\\/memurunsesi.net\\\/wp-content\\\/uploads\\\/2025\\\/06\\\/AW473874_01-scaled.jpg\",\"width\":2560,\"height\":1441,\"caption\":\"Y\u00dcKSEK \u0130HT\u0130SAS HASTANES\u0130 (HASAN AY\\\/KIRIKKALE-\u0130HA) K\u0131r\u0131kkale'de iki y\u0131l \u00f6nce bacaklar\u0131ndan vurdu\u011fu husumetlisinin silahl\u0131 sald\u0131r\u0131s\u0131na u\u011frayan \u015fah\u0131s, bir s\u00fcredir tedavi g\u00f6rd\u00fc\u011f\u00fc hastanede hayat\u0131n\u0131 kaybetti.\"},{\"@type\":\"BreadcrumbList\",\"@id\":\"https:\\\/\\\/memurunsesi.net\\\/index.php\\\/2025\\\/06\\\/11\\\/silahli-saldirida-agir-yaralanan-sahis-hayatini-kaybetti\\\/#breadcrumb\",\"itemListElement\":[{\"@type\":\"ListItem\",\"position\":1,\"name\":\"Anasayfa\",\"item\":\"https:\\\/\\\/memurunsesi.net\\\/\"},{\"@type\":\"ListItem\",\"position\":2,\"name\":\"Silahl\u0131 sald\u0131r\u0131da a\u011f\u0131r yaralanan \u015fah\u0131s hayat\u0131n\u0131 kaybetti\"}]},{\"@type\":\"WebSite\",\"@id\":\"https:\\\/\\\/memurunsesi.net\\\/#website\",\"url\":\"https:\\\/\\\/memurunsesi.net\\\/\",\"name\":\"Memurun Sesi\",\"description\":\"G\u00fcncel ve Do\u011fru Haber\",\"publisher\":{\"@id\":\"https:\\\/\\\/memurunsesi.net\\\/#organization\"},\"potentialAction\":[{\"@type\":\"SearchAction\",\"target\":{\"@type\":\"EntryPoint\",\"urlTemplate\":\"https:\\\/\\\/memurunsesi.net\\\/?s={search_term_string}\"},\"query-input\":{\"@type\":\"PropertyValueSpecification\",\"valueRequired\":true,\"valueName\":\"search_term_string\"}}],\"inLanguage\":\"tr\"},{\"@type\":\"Organization\",\"@id\":\"https:\\\/\\\/memurunsesi.net\\\/#organization\",\"name\":\"Memurun Sesi\",\"url\":\"https:\\\/\\\/memurunsesi.net\\\/\",\"logo\":{\"@type\":\"ImageObject\",\"inLanguage\":\"tr\",\"@id\":\"https:\\\/\\\/memurunsesi.net\\\/#\\\/schema\\\/logo\\\/image\\\/\",\"url\":\"https:\\\/\\\/memurunsesi.net\\\/wp-content\\\/uploads\\\/2025\\\/11\\\/cropped-MEMURUN-SESI.png\",\"contentUrl\":\"https:\\\/\\\/memurunsesi.net\\\/wp-content\\\/uploads\\\/2025\\\/11\\\/cropped-MEMURUN-SESI.png\",\"width\":238,\"height\":57,\"caption\":\"Memurun Sesi\"},\"image\":{\"@id\":\"https:\\\/\\\/memurunsesi.net\\\/#\\\/schema\\\/logo\\\/image\\\/\"},\"sameAs\":[\"https:\\\/\\\/www.facebook.com\\\/unipersen\\\/?locale=tr_TR\",\"https:\\\/\\\/x.com\\\/unipersen\"]},{\"@type\":\"Person\",\"@id\":\"https:\\\/\\\/memurunsesi.net\\\/#\\\/schema\\\/person\\\/f21c2d73b89f6ee1d80b0a1803e38587\",\"name\":\"Memurun Sesi Haber Merkezi\",\"image\":{\"@type\":\"ImageObject\",\"inLanguage\":\"tr\",\"@id\":\"https:\\\/\\\/secure.gravatar.com\\\/avatar\\\/6cf0505f452ee753f485014986fab09a434671d2b919ee76fc541025c5876a70?s=96&d=mm&r=g\",\"url\":\"https:\\\/\\\/secure.gravatar.com\\\/avatar\\\/6cf0505f452ee753f485014986fab09a434671d2b919ee76fc541025c5876a70?s=96&d=mm&r=g\",\"contentUrl\":\"https:\\\/\\\/secure.gravatar.com\\\/avatar\\\/6cf0505f452ee753f485014986fab09a434671d2b919ee76fc541025c5876a70?s=96&d=mm&r=g\",\"caption\":\"Memurun Sesi Haber Merkezi\"},\"sameAs\":[\"https:\\\/\\\/memurunsesi.net\"],\"url\":\"https:\\\/\\\/memurunsesi.net\\\/index.php\\\/author\\\/uniper\\\/\"}]}<\/script>\n<!-- \/ Yoast SEO plugin. -->","yoast_head_json":{"title":"Silahl\u0131 sald\u0131r\u0131da a\u011f\u0131r yaralanan \u015fah\u0131s hayat\u0131n\u0131 kaybetti - Memurun Sesi","robots":{"index":"index","follow":"follow","max-snippet":"max-snippet:-1","max-image-preview":"max-image-preview:large","max-video-preview":"max-video-preview:-1"},"canonical":"https:\/\/memurunsesi.net\/index.php\/2025\/06\/11\/silahli-saldirida-agir-yaralanan-sahis-hayatini-kaybetti\/","og_locale":"tr_TR","og_type":"article","og_title":"Silahl\u0131 sald\u0131r\u0131da a\u011f\u0131r yaralanan \u015fah\u0131s hayat\u0131n\u0131 kaybetti - Memurun Sesi","og_description":"K\u0131r\u0131kkale&#8217;de iki y\u0131l \u00f6nce bacaklar\u0131ndan vurdu\u011fu husumetlisinin silahl\u0131 sald\u0131r\u0131s\u0131na u\u011frayan \u015fah\u0131s, bir s\u00fcredir tedavi g\u00f6rd\u00fc\u011f\u00fc hastanede hayat\u0131n\u0131 kaybetti. Olay, 8 Haziran&#8217;da Kaletepe Mahallesi Ey\u00fcp Sultan Camii \u00f6n\u00fcnde meydana geldi. Edinilen bilgiye g\u00f6re, iki y\u0131l \u00f6nce pompal\u0131 t\u00fcfekle yaralad\u0131\u011f\u0131 H.M. ile aras\u0131nda husumet bulunan M.\u00d6., sokak ortas\u0131nda silahl\u0131 sald\u0131r\u0131ya u\u011frad\u0131. H.M., tabancayla Muhammed \u00d6zdo\u011fan&#8217;a defalarca ate\u015f [&hellip;]","og_url":"https:\/\/memurunsesi.net\/index.php\/2025\/06\/11\/silahli-saldirida-agir-yaralanan-sahis-hayatini-kaybetti\/","og_site_name":"Memurun Sesi","article_publisher":"https:\/\/www.facebook.com\/unipersen\/?locale=tr_TR","article_published_time":"2025-06-11T09:52:32+00:00","og_image":[{"width":2560,"height":1441,"url":"https:\/\/memurunsesi.net\/wp-content\/uploads\/2025\/06\/AW473874_01-scaled.jpg","type":"image\/jpeg"}],"author":"Memurun Sesi Haber Merkezi","twitter_card":"summary_large_image","twitter_creator":"@unipersen","twitter_site":"@unipersen","twitter_misc":{"Yazan:":"Memurun Sesi Haber Merkezi","Tahmini okuma s\u00fcresi":"1 dakika"},"schema":{"@context":"https:\/\/schema.org","@graph":[{"@type":"Article","@id":"https:\/\/memurunsesi.net\/index.php\/2025\/06\/11\/silahli-saldirida-agir-yaralanan-sahis-hayatini-kaybetti\/#article","isPartOf":{"@id":"https:\/\/memurunsesi.net\/index.php\/2025\/06\/11\/silahli-saldirida-agir-yaralanan-sahis-hayatini-kaybetti\/"},"author":{"name":"Memurun Sesi Haber Merkezi","@id":"https:\/\/memurunsesi.net\/#\/schema\/person\/f21c2d73b89f6ee1d80b0a1803e38587"},"headline":"Silahl\u0131 sald\u0131r\u0131da a\u011f\u0131r yaralanan \u015fah\u0131s hayat\u0131n\u0131 kaybetti","datePublished":"2025-06-11T09:52:32+00:00","mainEntityOfPage":{"@id":"https:\/\/memurunsesi.net\/index.php\/2025\/06\/11\/silahli-saldirida-agir-yaralanan-sahis-hayatini-kaybetti\/"},"wordCount":151,"commentCount":0,"publisher":{"@id":"https:\/\/memurunsesi.net\/#organization"},"image":{"@id":"https:\/\/memurunsesi.net\/index.php\/2025\/06\/11\/silahli-saldirida-agir-yaralanan-sahis-hayatini-kaybetti\/#primaryimage"},"thumbnailUrl":"https:\/\/memurunsesi.net\/wp-content\/uploads\/2025\/06\/AW473874_01-scaled.jpg","articleSection":["T\u00fcm Haberler"],"inLanguage":"tr","potentialAction":[{"@type":"CommentAction","name":"Comment","target":["https:\/\/memurunsesi.net\/index.php\/2025\/06\/11\/silahli-saldirida-agir-yaralanan-sahis-hayatini-kaybetti\/#respond"]}]},{"@type":"WebPage","@id":"https:\/\/memurunsesi.net\/index.php\/2025\/06\/11\/silahli-saldirida-agir-yaralanan-sahis-hayatini-kaybetti\/","url":"https:\/\/memurunsesi.net\/index.php\/2025\/06\/11\/silahli-saldirida-agir-yaralanan-sahis-hayatini-kaybetti\/","name":"Silahl\u0131 sald\u0131r\u0131da a\u011f\u0131r yaralanan \u015fah\u0131s hayat\u0131n\u0131 kaybetti - Memurun Sesi","isPartOf":{"@id":"https:\/\/memurunsesi.net\/#website"},"primaryImageOfPage":{"@id":"https:\/\/memurunsesi.net\/index.php\/2025\/06\/11\/silahli-saldirida-agir-yaralanan-sahis-hayatini-kaybetti\/#primaryimage"},"image":{"@id":"https:\/\/memurunsesi.net\/index.php\/2025\/06\/11\/silahli-saldirida-agir-yaralanan-sahis-hayatini-kaybetti\/#primaryimage"},"thumbnailUrl":"https:\/\/memurunsesi.net\/wp-content\/uploads\/2025\/06\/AW473874_01-scaled.jpg","datePublished":"2025-06-11T09:52:32+00:00","breadcrumb":{"@id":"https:\/\/memurunsesi.net\/index.php\/2025\/06\/11\/silahli-saldirida-agir-yaralanan-sahis-hayatini-kaybetti\/#breadcrumb"},"inLanguage":"tr","potentialAction":[{"@type":"ReadAction","target":["https:\/\/memurunsesi.net\/index.php\/2025\/06\/11\/silahli-saldirida-agir-yaralanan-sahis-hayatini-kaybetti\/"]}]},{"@type":"ImageObject","inLanguage":"tr","@id":"https:\/\/memurunsesi.net\/index.php\/2025\/06\/11\/silahli-saldirida-agir-yaralanan-sahis-hayatini-kaybetti\/#primaryimage","url":"https:\/\/memurunsesi.net\/wp-content\/uploads\/2025\/06\/AW473874_01-scaled.jpg","contentUrl":"https:\/\/memurunsesi.net\/wp-content\/uploads\/2025\/06\/AW473874_01-scaled.jpg","width":2560,"height":1441,"caption":"Y\u00dcKSEK \u0130HT\u0130SAS HASTANES\u0130 (HASAN AY\/KIRIKKALE-\u0130HA) K\u0131r\u0131kkale'de iki y\u0131l \u00f6nce bacaklar\u0131ndan vurdu\u011fu husumetlisinin silahl\u0131 sald\u0131r\u0131s\u0131na u\u011frayan \u015fah\u0131s, bir s\u00fcredir tedavi g\u00f6rd\u00fc\u011f\u00fc hastanede hayat\u0131n\u0131 kaybetti."},{"@type":"BreadcrumbList","@id":"https:\/\/memurunsesi.net\/index.php\/2025\/06\/11\/silahli-saldirida-agir-yaralanan-sahis-hayatini-kaybetti\/#breadcrumb","itemListElement":[{"@type":"ListItem","position":1,"name":"Anasayfa","item":"https:\/\/memurunsesi.net\/"},{"@type":"ListItem","position":2,"name":"Silahl\u0131 sald\u0131r\u0131da a\u011f\u0131r yaralanan \u015fah\u0131s hayat\u0131n\u0131 kaybetti"}]},{"@type":"WebSite","@id":"https:\/\/memurunsesi.net\/#website","url":"https:\/\/memurunsesi.net\/","name":"Memurun Sesi","description":"G\u00fcncel ve Do\u011fru Haber","publisher":{"@id":"https:\/\/memurunsesi.net\/#organization"},"potentialAction":[{"@type":"SearchAction","target":{"@type":"EntryPoint","urlTemplate":"https:\/\/memurunsesi.net\/?s={search_term_string}"},"query-input":{"@type":"PropertyValueSpecification","valueRequired":true,"valueName":"search_term_string"}}],"inLanguage":"tr"},{"@type":"Organization","@id":"https:\/\/memurunsesi.net\/#organization","name":"Memurun Sesi","url":"https:\/\/memurunsesi.net\/","logo":{"@type":"ImageObject","inLanguage":"tr","@id":"https:\/\/memurunsesi.net\/#\/schema\/logo\/image\/","url":"https:\/\/memurunsesi.net\/wp-content\/uploads\/2025\/11\/cropped-MEMURUN-SESI.png","contentUrl":"https:\/\/memurunsesi.net\/wp-content\/uploads\/2025\/11\/cropped-MEMURUN-SESI.png","width":238,"height":57,"caption":"Memurun Sesi"},"image":{"@id":"https:\/\/memurunsesi.net\/#\/schema\/logo\/image\/"},"sameAs":["https:\/\/www.facebook.com\/unipersen\/?locale=tr_TR","https:\/\/x.com\/unipersen"]},{"@type":"Person","@id":"https:\/\/memurunsesi.net\/#\/schema\/person\/f21c2d73b89f6ee1d80b0a1803e38587","name":"Memurun Sesi Haber Merkezi","image":{"@type":"ImageObject","inLanguage":"tr","@id":"https:\/\/secure.gravatar.com\/avatar\/6cf0505f452ee753f485014986fab09a434671d2b919ee76fc541025c5876a70?s=96&d=mm&r=g","url":"https:\/\/secure.gravatar.com\/avatar\/6cf0505f452ee753f485014986fab09a434671d2b919ee76fc541025c5876a70?s=96&d=mm&r=g","contentUrl":"https:\/\/secure.gravatar.com\/avatar\/6cf0505f452ee753f485014986fab09a434671d2b919ee76fc541025c5876a70?s=96&d=mm&r=g","caption":"Memurun Sesi Haber Merkezi"},"sameAs":["https:\/\/memurunsesi.net"],"url":"https:\/\/memurunsesi.net\/index.php\/author\/uniper\/"}]}},"_links":{"self":[{"href":"https:\/\/memurunsesi.net\/index.php\/wp-json\/wp\/v2\/posts\/7894","targetHints":{"allow":["GET"]}}],"collection":[{"href":"https:\/\/memurunsesi.net\/index.php\/wp-json\/wp\/v2\/posts"}],"about":[{"href":"https:\/\/memurunsesi.net\/index.php\/wp-json\/wp\/v2\/types\/post"}],"author":[{"embeddable":true,"href":"https:\/\/memurunsesi.net\/index.php\/wp-json\/wp\/v2\/users\/1"}],"replies":[{"embeddable":true,"href":"https:\/\/memurunsesi.net\/index.php\/wp-json\/wp\/v2\/comments?post=7894"}],"version-history":[{"count":1,"href":"https:\/\/memurunsesi.net\/index.php\/wp-json\/wp\/v2\/posts\/7894\/revisions"}],"predecessor-version":[{"id":7896,"href":"https:\/\/memurunsesi.net\/index.php\/wp-json\/wp\/v2\/posts\/7894\/revisions\/7896"}],"wp:featuredmedia":[{"embeddable":true,"href":"https:\/\/memurunsesi.net\/index.php\/wp-json\/wp\/v2\/media\/7895"}],"wp:attachment":[{"href":"https:\/\/memurunsesi.net\/index.php\/wp-json\/wp\/v2\/media?parent=7894"}],"wp:term":[{"taxonomy":"category","embeddable":true,"href":"https:\/\/memurunsesi.net\/index.php\/wp-json\/wp\/v2\/categories?post=7894"},{"taxonomy":"post_tag","embeddable":true,"href":"https:\/\/memurunsesi.net\/index.php\/wp-json\/wp\/v2\/tags?post=7894"}],"curies":[{"name":"wp","href":"https:\/\/api.w.org\/{rel}","templated":true}]}}