{"id":7897,"date":"2025-06-11T12:54:00","date_gmt":"2025-06-11T09:54:00","guid":{"rendered":"https:\/\/memurunsesi.net\/?p=7897"},"modified":"2025-06-11T12:54:00","modified_gmt":"2025-06-11T09:54:00","slug":"koreli-turistlerden-dugun-yemegi-karsiliginda-para-istendigi-iddiasi-hakkim-olan-parayi-aldim-zorla-verdiler","status":"publish","type":"post","link":"https:\/\/memurunsesi.net\/index.php\/2025\/06\/11\/koreli-turistlerden-dugun-yemegi-karsiliginda-para-istendigi-iddiasi-hakkim-olan-parayi-aldim-zorla-verdiler\/","title":{"rendered":"Koreli turistlerden d\u00fc\u011f\u00fcn yeme\u011fi kar\u015f\u0131l\u0131\u011f\u0131nda para istendi\u011fi iddias\u0131: &#8220;Hakk\u0131m olan paray\u0131 ald\u0131m, zorla verdiler&#8221;"},"content":{"rendered":"<p>  &#8211; Koreli turistlerden, d\u00fc\u011f\u00fcn yeme\u011fi kar\u015f\u0131l\u0131\u011f\u0131 para istendi iddialar\u0131na muhtar tepkisi: &#8220;Roman halk\u0131n\u0131 k\u00f6t\u00fcleyenleri Allah\u2019a havale ediyorum&#8221;   <\/p>\n<p>   Bolu\u2019da bir sokak d\u00fc\u011f\u00fcn\u00fcne denk gelen Koreli turist kafilesinden yemek kar\u015f\u0131l\u0131\u011f\u0131nda para istendi\u011fi iddialar\u0131 sosyal medyada g\u00fcndem oldu. Olaya ili\u015fkin para ald\u0131\u011f\u0131n\u0131 s\u00f6yleyen gen\u00e7 kad\u0131n, &#8220;videolar\u0131n\u0131 \u00e7ekmi\u015ftim, ben hakk\u0131m olan paray\u0131 ald\u0131m, zorla vermek istediler&#8221; dedi.<br \/>\n  Karavanla T\u00fcrkiye turuna \u00e7\u0131kan sosyal medya fenomeni Aram Solkim, beraberindeki Koreli turist kafilesiyle birlikte Bolu\u2019nun Mudurnu il\u00e7esine ba\u011fl\u0131 Ala\u00e7am k\u00f6y\u00fcnde d\u00fczenlenen bir k\u00f6y d\u00fc\u011f\u00fcn\u00fcne denk geldi. \u0130ddiaya g\u00f6re d\u00fc\u011f\u00fcnde bulunan ki\u015filer yemek yemeleri i\u00e7in i\u00e7eri davet etti. Solkim ve Koreli turistler ikram edilen yemekleri yedikten sonra beklenmedik bir taleple kar\u015f\u0131la\u015ft\u0131. Kendilerini yeme\u011fe davet eden ki\u015filer Solkim\u2019den yedikleri ikram \u00fccretleri kar\u015f\u0131l\u0131\u011f\u0131nda 5 bin lira istedi. Ya\u015fananlar\u0131 kendi sosyal medya hesab\u0131ndan payla\u015fan Aram Solkim, &#8220;\u2018Karn\u0131n\u0131z\u0131 doyurdunuz, kar\u015f\u0131l\u0131\u011f\u0131nda 5 bin lira \u00f6demeniz laz\u0131m\u2019 dedi. Biz de olmaz deyip 3 bin lira verdik&#8221; dedi. Konuya ili\u015fkin paray\u0131 ald\u0131\u011f\u0131n\u0131 s\u00f6yleyen ve D\u00fczce\u2019de ikamet etti\u011fi \u00f6\u011frenilen gen\u00e7 kad\u0131n, &#8220;onlar\u0131n videolar\u0131n\u0131 \u00e7ektim. Hakk\u0131m olan paray\u0131 istedim. Zaten ben almak istemedim zorla verdiler&#8221; ifadelerini kulland\u0131. <\/p>\n<p>  &#8220;Zorla almad\u0131m, eme\u011fimin kar\u015f\u0131l\u0131\u011f\u0131n\u0131 istedim&#8221;<br \/>\n  Koreli turistlerin videolar\u0131n\u0131 \u00e7ekti\u011fini ve bunun kar\u015f\u0131l\u0131\u011f\u0131nda para talebinde bulundu\u011funu s\u00f6yleyen gen\u00e7 kad\u0131n, &#8220;Ben bir D\u00fczceli olarak Mudurnu Ala\u00e7am K\u00f6y\u00fc&#8217;ne misafir olarak bir d\u00fc\u011f\u00fcne gitmi\u015ftim. Ala\u00e7am\u2019da d\u00fc\u011f\u00fcne Koreli arkada\u015flar\u0131m\u0131z kat\u0131ld\u0131 ve onlara ben de birka\u00e7 saat yard\u0131mc\u0131 oldum. Videolar\u0131n\u0131 \u00e7ekmelerine vesaire konularda yard\u0131mc\u0131 oldum. Kendim, \u015fahsi olarak \u00e7ok yak\u0131ndan ilgilendim. Ben de bunun kar\u015f\u0131l\u0131\u011f\u0131nda bir \u00fccret talep ettim. Ne kadar istedi\u011fimi sordular ve ben de 5.000 bin lira dedim. Sonra 2.000 bin lira vermeyi teklif ettiler. Ben de kabul ettim. D\u00fc\u011f\u00fcn sahibinin hi\u00e7bir alakas\u0131 yok. Romanlar asla k\u00f6t\u00fc insanlar de\u011fildir. Payla\u015fmay\u0131 \u00e7ok severler. Romanlar\u0131n d\u00fc\u011f\u00fcnlerinde asla yemek paras\u0131 al\u0131nmaz. Ben de yemek paras\u0131 almad\u0131m. Sadece \u00e7ekim yapt\u0131\u011f\u0131m ve onlara yard\u0131mc\u0131 oldu\u011fum i\u00e7in, kendi hakk\u0131m olan paray\u0131 istedim. Ke\u015fke istemeseydim, ke\u015fke almasayd\u0131m&#8221; dedi. <\/p>\n<p>  &#8220;Bu paray\u0131 geri istiyorlarsa da zaten gerekeni yapaca\u011f\u0131m&#8221;<br \/>\n  Koreli vatanda\u015flar\u0131n paray\u0131 geri istemeleri halinde, geri iade edebilece\u011fini s\u00f6yleyen gen\u00e7 kad\u0131n, &#8220;Sizden de \u00f6z\u00fcr diliyorum. E\u011fer bu paray\u0131 geri istiyorsan\u0131z da zaten gerekeni yapaca\u011f\u0131m. Muhtar\u0131m\u0131za gidip s\u00f6yleyece\u011fim. Paray\u0131 \u00fccretsiz \u015fekilde teslim ettirece\u011fim. Bu tamamen \u015fahsi bir konuydu, kendi ad\u0131ma, kendi \u00fczerimden, kendim para talep ettim. Bu, hakk\u0131m olan bir \u015feydi. Videolar\u0131n \u00e7ekimine yard\u0131mc\u0131 oldum. Fakat asla yemek konusu ge\u00e7medi. Romanlarda yemek para ile olmaz. Ya da sadece e\u011flendikleri i\u00e7in para al\u0131nmaz. Zaten paray\u0131 zorla da almad\u0131m. Kendileri verdiler. Ama kalk\u0131p da b\u00f6yle konu\u015fmalar yap\u0131lmas\u0131 hi\u00e7 ho\u015f de\u011fil. O yorumlar\u0131 yapan insanlara da hi\u00e7bir \u015fey s\u00f6ylemiyorum. Ger\u00e7ekten yaz\u0131k. Romanlar\u0131 bu \u015fekilde tan\u0131malar\u0131 \u00e7ok \u00fcz\u00fcc\u00fc bir durum&#8221; diye konu\u015ftu. <\/p>\n<p>  &#8220;Roman halk\u0131n\u0131 k\u00f6t\u00fcleyen herkesi Allah\u2019a havale ediyorum&#8221;<br \/>\n  Karamurat K\u00f6y\u00fc\u2019ne ba\u011fl\u0131 Ala\u00e7am Mahallesi Muhtar\u0131 Hasan Kurt, k\u00f6y d\u0131\u015f\u0131ndan birisinin para ald\u0131\u011f\u0131n\u0131 belirterek, &#8220;D\u00fc\u011f\u00fcn\u00fcm\u00fcze, kendi b\u00f6lgemizden ve farkl\u0131 \u015fehirlerden pek \u00e7ok misafir kat\u0131lm\u0131\u015ft\u0131r. K\u00f6y\u00fcm\u00fcz, \u015fehirler aras\u0131 yol \u00fczerinde bulundu\u011fu i\u00e7in seyahat eden ki\u015filer, kendi istekleriyle e\u011flencemize zaman zaman kat\u0131lmaktad\u0131rlar. Yap\u0131lan bu d\u00fc\u011f\u00fcn\u00fcm\u00fczde de seyahat eden Koreli karde\u015flerimiz, tamamen kendi istekleriyle kat\u0131lmak istemi\u015flerdir. Bizler de her misafirimize g\u00f6sterdi\u011fimiz ilgi ve alaka ile kendilerini e\u011flencemize dahil ettik. Sonras\u0131nda, k\u00f6y\u00fcm\u00fczde ya\u015famayan ve D\u00fczce ilimizde ikamet etti\u011fini \u00f6\u011frendi\u011fimiz misafirimiz, k\u0131z \u00e7ocu\u011fumuz, Ala\u00e7am K\u00f6y\u00fc halk\u0131n\u0131n bilgisi d\u0131\u015f\u0131nda, yak\u0131\u015f\u0131ks\u0131z ve kendi tabiriyle sadece &#8220;e\u011flenmek ve yard\u0131mc\u0131 olmak&#8221; amac\u0131yla nitelendirdi\u011fi bir olay\u0131 ger\u00e7ekle\u015ftirmi\u015ftir. Yarg\u0131s\u0131z infaz yapan \u015fahs\u0131m\u0131 ve Roman halk\u0131n\u0131 k\u00f6t\u00fcleyen herkesi Allah\u2019a havale ediyorum&#8221; ifadelerini kulland\u0131. <\/p>\n<p>11.06.2025                               <\/p>\n","protected":false},"excerpt":{"rendered":"<p>&#8211; Koreli turistlerden, d\u00fc\u011f\u00fcn yeme\u011fi kar\u015f\u0131l\u0131\u011f\u0131 para istendi iddialar\u0131na muhtar tepkisi: &#8220;Roman halk\u0131n\u0131 k\u00f6t\u00fcleyenleri Allah\u2019a havale ediyorum&#8221; Bolu\u2019da bir sokak d\u00fc\u011f\u00fcn\u00fcne denk gelen Koreli turist kafilesinden yemek kar\u015f\u0131l\u0131\u011f\u0131nda para istendi\u011fi iddialar\u0131 sosyal medyada g\u00fcndem oldu. Olaya ili\u015fkin para ald\u0131\u011f\u0131n\u0131 s\u00f6yleyen gen\u00e7 kad\u0131n, &#8220;videolar\u0131n\u0131 \u00e7ekmi\u015ftim, ben hakk\u0131m olan paray\u0131 ald\u0131m, zorla vermek istediler&#8221; dedi. Karavanla T\u00fcrkiye [&hellip;]<\/p>\n","protected":false},"author":1,"featured_media":7898,"comment_status":"open","ping_status":"open","sticky":false,"template":"","format":"standard","meta":{"footnotes":""},"categories":[1],"tags":[],"class_list":["post-7897","post","type-post","status-publish","format-standard","has-post-thumbnail","hentry","category-genel"],"yoast_head":"<!-- This site is optimized with the Yoast SEO plugin v27.4 - https:\/\/yoast.com\/product\/yoast-seo-wordpress\/ -->\n<title>Koreli turistlerden d\u00fc\u011f\u00fcn yeme\u011fi kar\u015f\u0131l\u0131\u011f\u0131nda para istendi\u011fi iddias\u0131: &quot;Hakk\u0131m olan paray\u0131 ald\u0131m, zorla verdiler&quot; - Memurun Sesi<\/title>\n<meta name=\"robots\" content=\"index, follow, max-snippet:-1, max-image-preview:large, max-video-preview:-1\" \/>\n<link rel=\"canonical\" href=\"https:\/\/memurunsesi.net\/index.php\/2025\/06\/11\/koreli-turistlerden-dugun-yemegi-karsiliginda-para-istendigi-iddiasi-hakkim-olan-parayi-aldim-zorla-verdiler\/\" \/>\n<meta property=\"og:locale\" content=\"tr_TR\" \/>\n<meta property=\"og:type\" content=\"article\" \/>\n<meta property=\"og:title\" content=\"Koreli turistlerden d\u00fc\u011f\u00fcn yeme\u011fi kar\u015f\u0131l\u0131\u011f\u0131nda para istendi\u011fi iddias\u0131: &quot;Hakk\u0131m olan paray\u0131 ald\u0131m, zorla verdiler&quot; - Memurun Sesi\" \/>\n<meta property=\"og:description\" content=\"&#8211; Koreli turistlerden, d\u00fc\u011f\u00fcn yeme\u011fi kar\u015f\u0131l\u0131\u011f\u0131 para istendi iddialar\u0131na muhtar tepkisi: &#8220;Roman halk\u0131n\u0131 k\u00f6t\u00fcleyenleri Allah\u2019a havale ediyorum&#8221; Bolu\u2019da bir sokak d\u00fc\u011f\u00fcn\u00fcne denk gelen Koreli turist kafilesinden yemek kar\u015f\u0131l\u0131\u011f\u0131nda para istendi\u011fi iddialar\u0131 sosyal medyada g\u00fcndem oldu. Olaya ili\u015fkin para ald\u0131\u011f\u0131n\u0131 s\u00f6yleyen gen\u00e7 kad\u0131n, &#8220;videolar\u0131n\u0131 \u00e7ekmi\u015ftim, ben hakk\u0131m olan paray\u0131 ald\u0131m, zorla vermek istediler&#8221; dedi. Karavanla T\u00fcrkiye [&hellip;]\" \/>\n<meta property=\"og:url\" content=\"https:\/\/memurunsesi.net\/index.php\/2025\/06\/11\/koreli-turistlerden-dugun-yemegi-karsiliginda-para-istendigi-iddiasi-hakkim-olan-parayi-aldim-zorla-verdiler\/\" \/>\n<meta property=\"og:site_name\" content=\"Memurun Sesi\" \/>\n<meta property=\"article:publisher\" content=\"https:\/\/www.facebook.com\/unipersen\/?locale=tr_TR\" \/>\n<meta property=\"article:published_time\" content=\"2025-06-11T09:54:00+00:00\" \/>\n<meta property=\"og:image\" content=\"https:\/\/memurunsesi.net\/wp-content\/uploads\/2025\/06\/AW473872_02.jpg\" \/>\n\t<meta property=\"og:image:width\" content=\"667\" \/>\n\t<meta property=\"og:image:height\" content=\"1444\" \/>\n\t<meta property=\"og:image:type\" content=\"image\/jpeg\" \/>\n<meta name=\"author\" content=\"Memurun Sesi Haber Merkezi\" \/>\n<meta name=\"twitter:card\" content=\"summary_large_image\" \/>\n<meta name=\"twitter:creator\" content=\"@unipersen\" \/>\n<meta name=\"twitter:site\" content=\"@unipersen\" \/>\n<meta name=\"twitter:label1\" content=\"Yazan:\" \/>\n\t<meta name=\"twitter:data1\" content=\"Memurun Sesi Haber Merkezi\" \/>\n\t<meta name=\"twitter:label2\" content=\"Tahmini okuma s\u00fcresi\" \/>\n\t<meta name=\"twitter:data2\" content=\"1 dakika\" \/>\n<script type=\"application\/ld+json\" class=\"yoast-schema-graph\">{\"@context\":\"https:\\\/\\\/schema.org\",\"@graph\":[{\"@type\":\"Article\",\"@id\":\"https:\\\/\\\/memurunsesi.net\\\/index.php\\\/2025\\\/06\\\/11\\\/koreli-turistlerden-dugun-yemegi-karsiliginda-para-istendigi-iddiasi-hakkim-olan-parayi-aldim-zorla-verdiler\\\/#article\",\"isPartOf\":{\"@id\":\"https:\\\/\\\/memurunsesi.net\\\/index.php\\\/2025\\\/06\\\/11\\\/koreli-turistlerden-dugun-yemegi-karsiliginda-para-istendigi-iddiasi-hakkim-olan-parayi-aldim-zorla-verdiler\\\/\"},\"author\":{\"name\":\"Memurun Sesi Haber Merkezi\",\"@id\":\"https:\\\/\\\/memurunsesi.net\\\/#\\\/schema\\\/person\\\/f21c2d73b89f6ee1d80b0a1803e38587\"},\"headline\":\"Koreli turistlerden d\u00fc\u011f\u00fcn yeme\u011fi kar\u015f\u0131l\u0131\u011f\u0131nda para istendi\u011fi iddias\u0131: &#8220;Hakk\u0131m olan paray\u0131 ald\u0131m, zorla verdiler&#8221;\",\"datePublished\":\"2025-06-11T09:54:00+00:00\",\"mainEntityOfPage\":{\"@id\":\"https:\\\/\\\/memurunsesi.net\\\/index.php\\\/2025\\\/06\\\/11\\\/koreli-turistlerden-dugun-yemegi-karsiliginda-para-istendigi-iddiasi-hakkim-olan-parayi-aldim-zorla-verdiler\\\/\"},\"wordCount\":763,\"commentCount\":0,\"publisher\":{\"@id\":\"https:\\\/\\\/memurunsesi.net\\\/#organization\"},\"image\":{\"@id\":\"https:\\\/\\\/memurunsesi.net\\\/index.php\\\/2025\\\/06\\\/11\\\/koreli-turistlerden-dugun-yemegi-karsiliginda-para-istendigi-iddiasi-hakkim-olan-parayi-aldim-zorla-verdiler\\\/#primaryimage\"},\"thumbnailUrl\":\"https:\\\/\\\/memurunsesi.net\\\/wp-content\\\/uploads\\\/2025\\\/06\\\/AW473872_02.jpg\",\"inLanguage\":\"tr\",\"potentialAction\":[{\"@type\":\"CommentAction\",\"name\":\"Comment\",\"target\":[\"https:\\\/\\\/memurunsesi.net\\\/index.php\\\/2025\\\/06\\\/11\\\/koreli-turistlerden-dugun-yemegi-karsiliginda-para-istendigi-iddiasi-hakkim-olan-parayi-aldim-zorla-verdiler\\\/#respond\"]}]},{\"@type\":\"WebPage\",\"@id\":\"https:\\\/\\\/memurunsesi.net\\\/index.php\\\/2025\\\/06\\\/11\\\/koreli-turistlerden-dugun-yemegi-karsiliginda-para-istendigi-iddiasi-hakkim-olan-parayi-aldim-zorla-verdiler\\\/\",\"url\":\"https:\\\/\\\/memurunsesi.net\\\/index.php\\\/2025\\\/06\\\/11\\\/koreli-turistlerden-dugun-yemegi-karsiliginda-para-istendigi-iddiasi-hakkim-olan-parayi-aldim-zorla-verdiler\\\/\",\"name\":\"Koreli turistlerden d\u00fc\u011f\u00fcn yeme\u011fi kar\u015f\u0131l\u0131\u011f\u0131nda para istendi\u011fi iddias\u0131: \\\"Hakk\u0131m olan paray\u0131 ald\u0131m, zorla verdiler\\\" - Memurun Sesi\",\"isPartOf\":{\"@id\":\"https:\\\/\\\/memurunsesi.net\\\/#website\"},\"primaryImageOfPage\":{\"@id\":\"https:\\\/\\\/memurunsesi.net\\\/index.php\\\/2025\\\/06\\\/11\\\/koreli-turistlerden-dugun-yemegi-karsiliginda-para-istendigi-iddiasi-hakkim-olan-parayi-aldim-zorla-verdiler\\\/#primaryimage\"},\"image\":{\"@id\":\"https:\\\/\\\/memurunsesi.net\\\/index.php\\\/2025\\\/06\\\/11\\\/koreli-turistlerden-dugun-yemegi-karsiliginda-para-istendigi-iddiasi-hakkim-olan-parayi-aldim-zorla-verdiler\\\/#primaryimage\"},\"thumbnailUrl\":\"https:\\\/\\\/memurunsesi.net\\\/wp-content\\\/uploads\\\/2025\\\/06\\\/AW473872_02.jpg\",\"datePublished\":\"2025-06-11T09:54:00+00:00\",\"breadcrumb\":{\"@id\":\"https:\\\/\\\/memurunsesi.net\\\/index.php\\\/2025\\\/06\\\/11\\\/koreli-turistlerden-dugun-yemegi-karsiliginda-para-istendigi-iddiasi-hakkim-olan-parayi-aldim-zorla-verdiler\\\/#breadcrumb\"},\"inLanguage\":\"tr\",\"potentialAction\":[{\"@type\":\"ReadAction\",\"target\":[\"https:\\\/\\\/memurunsesi.net\\\/index.php\\\/2025\\\/06\\\/11\\\/koreli-turistlerden-dugun-yemegi-karsiliginda-para-istendigi-iddiasi-hakkim-olan-parayi-aldim-zorla-verdiler\\\/\"]}]},{\"@type\":\"ImageObject\",\"inLanguage\":\"tr\",\"@id\":\"https:\\\/\\\/memurunsesi.net\\\/index.php\\\/2025\\\/06\\\/11\\\/koreli-turistlerden-dugun-yemegi-karsiliginda-para-istendigi-iddiasi-hakkim-olan-parayi-aldim-zorla-verdiler\\\/#primaryimage\",\"url\":\"https:\\\/\\\/memurunsesi.net\\\/wp-content\\\/uploads\\\/2025\\\/06\\\/AW473872_02.jpg\",\"contentUrl\":\"https:\\\/\\\/memurunsesi.net\\\/wp-content\\\/uploads\\\/2025\\\/06\\\/AW473872_02.jpg\",\"width\":667,\"height\":1444,\"caption\":\"BOLU'DA B\u0130R SOKAK D\u00dc\u011e\u00dcN\u00dcNE DENK GELEN KOREL\u0130 TUR\u0130ST KAF\u0130LES\u0130NDEN YEMEK KAR\u015eILI\u011eINDA PARA \u0130STEND\u0130\u011e\u0130 \u0130DD\u0130ALARI SOSYAL MEDYADA G\u00dcNDEM OLDU. OLAYA \u0130L\u0130\u015eK\u0130N PARA ALDI\u011eINI S\u00d6YLEYEN GEN\u00c7 KADIN, \\\"V\u0130DEOLARINI \u00c7EKM\u0130\u015eT\u0130M, BEN HAKKIM OLAN PARAYI ALDIM, ZORLA VERMEK \u0130STED\u0130LER\\\" DED\u0130. (EMRAH SA\u011eIT - ENES \u00d6ZKAN\\\/BOLU-\u0130HA) Bolu'da bir sokak d\u00fc\u011f\u00fcn\u00fcne denk gelen Koreli turist kafilesinden yemek kar\u015f\u0131l\u0131\u011f\u0131nda para istendi\u011fi iddialar\u0131 sosyal medyada g\u00fcndem oldu. Olaya ili\u015fkin para ald\u0131\u011f\u0131n\u0131 s\u00f6yleyen gen\u00e7 kad\u0131n, \\\"videolar\u0131n\u0131 \u00e7ekmi\u015ftim, ben hakk\u0131m olan paray\u0131 ald\u0131m, zorla vermek istediler\\\" dedi.\"},{\"@type\":\"BreadcrumbList\",\"@id\":\"https:\\\/\\\/memurunsesi.net\\\/index.php\\\/2025\\\/06\\\/11\\\/koreli-turistlerden-dugun-yemegi-karsiliginda-para-istendigi-iddiasi-hakkim-olan-parayi-aldim-zorla-verdiler\\\/#breadcrumb\",\"itemListElement\":[{\"@type\":\"ListItem\",\"position\":1,\"name\":\"Anasayfa\",\"item\":\"https:\\\/\\\/memurunsesi.net\\\/\"},{\"@type\":\"ListItem\",\"position\":2,\"name\":\"Koreli turistlerden d\u00fc\u011f\u00fcn yeme\u011fi kar\u015f\u0131l\u0131\u011f\u0131nda para istendi\u011fi iddias\u0131: &#8220;Hakk\u0131m olan paray\u0131 ald\u0131m, zorla verdiler&#8221;\"}]},{\"@type\":\"WebSite\",\"@id\":\"https:\\\/\\\/memurunsesi.net\\\/#website\",\"url\":\"https:\\\/\\\/memurunsesi.net\\\/\",\"name\":\"Memurun Sesi\",\"description\":\"G\u00fcncel ve Do\u011fru Haber\",\"publisher\":{\"@id\":\"https:\\\/\\\/memurunsesi.net\\\/#organization\"},\"potentialAction\":[{\"@type\":\"SearchAction\",\"target\":{\"@type\":\"EntryPoint\",\"urlTemplate\":\"https:\\\/\\\/memurunsesi.net\\\/?s={search_term_string}\"},\"query-input\":{\"@type\":\"PropertyValueSpecification\",\"valueRequired\":true,\"valueName\":\"search_term_string\"}}],\"inLanguage\":\"tr\"},{\"@type\":\"Organization\",\"@id\":\"https:\\\/\\\/memurunsesi.net\\\/#organization\",\"name\":\"Memurun Sesi\",\"url\":\"https:\\\/\\\/memurunsesi.net\\\/\",\"logo\":{\"@type\":\"ImageObject\",\"inLanguage\":\"tr\",\"@id\":\"https:\\\/\\\/memurunsesi.net\\\/#\\\/schema\\\/logo\\\/image\\\/\",\"url\":\"https:\\\/\\\/memurunsesi.net\\\/wp-content\\\/uploads\\\/2025\\\/11\\\/cropped-MEMURUN-SESI.png\",\"contentUrl\":\"https:\\\/\\\/memurunsesi.net\\\/wp-content\\\/uploads\\\/2025\\\/11\\\/cropped-MEMURUN-SESI.png\",\"width\":238,\"height\":57,\"caption\":\"Memurun Sesi\"},\"image\":{\"@id\":\"https:\\\/\\\/memurunsesi.net\\\/#\\\/schema\\\/logo\\\/image\\\/\"},\"sameAs\":[\"https:\\\/\\\/www.facebook.com\\\/unipersen\\\/?locale=tr_TR\",\"https:\\\/\\\/x.com\\\/unipersen\"]},{\"@type\":\"Person\",\"@id\":\"https:\\\/\\\/memurunsesi.net\\\/#\\\/schema\\\/person\\\/f21c2d73b89f6ee1d80b0a1803e38587\",\"name\":\"Memurun Sesi Haber Merkezi\",\"image\":{\"@type\":\"ImageObject\",\"inLanguage\":\"tr\",\"@id\":\"https:\\\/\\\/secure.gravatar.com\\\/avatar\\\/6cf0505f452ee753f485014986fab09a434671d2b919ee76fc541025c5876a70?s=96&d=mm&r=g\",\"url\":\"https:\\\/\\\/secure.gravatar.com\\\/avatar\\\/6cf0505f452ee753f485014986fab09a434671d2b919ee76fc541025c5876a70?s=96&d=mm&r=g\",\"contentUrl\":\"https:\\\/\\\/secure.gravatar.com\\\/avatar\\\/6cf0505f452ee753f485014986fab09a434671d2b919ee76fc541025c5876a70?s=96&d=mm&r=g\",\"caption\":\"Memurun Sesi Haber Merkezi\"},\"sameAs\":[\"https:\\\/\\\/memurunsesi.net\"],\"url\":\"https:\\\/\\\/memurunsesi.net\\\/index.php\\\/author\\\/uniper\\\/\"}]}<\/script>\n<!-- \/ Yoast SEO plugin. -->","yoast_head_json":{"title":"Koreli turistlerden d\u00fc\u011f\u00fcn yeme\u011fi kar\u015f\u0131l\u0131\u011f\u0131nda para istendi\u011fi iddias\u0131: \"Hakk\u0131m olan paray\u0131 ald\u0131m, zorla verdiler\" - Memurun Sesi","robots":{"index":"index","follow":"follow","max-snippet":"max-snippet:-1","max-image-preview":"max-image-preview:large","max-video-preview":"max-video-preview:-1"},"canonical":"https:\/\/memurunsesi.net\/index.php\/2025\/06\/11\/koreli-turistlerden-dugun-yemegi-karsiliginda-para-istendigi-iddiasi-hakkim-olan-parayi-aldim-zorla-verdiler\/","og_locale":"tr_TR","og_type":"article","og_title":"Koreli turistlerden d\u00fc\u011f\u00fcn yeme\u011fi kar\u015f\u0131l\u0131\u011f\u0131nda para istendi\u011fi iddias\u0131: \"Hakk\u0131m olan paray\u0131 ald\u0131m, zorla verdiler\" - Memurun Sesi","og_description":"&#8211; Koreli turistlerden, d\u00fc\u011f\u00fcn yeme\u011fi kar\u015f\u0131l\u0131\u011f\u0131 para istendi iddialar\u0131na muhtar tepkisi: &#8220;Roman halk\u0131n\u0131 k\u00f6t\u00fcleyenleri Allah\u2019a havale ediyorum&#8221; Bolu\u2019da bir sokak d\u00fc\u011f\u00fcn\u00fcne denk gelen Koreli turist kafilesinden yemek kar\u015f\u0131l\u0131\u011f\u0131nda para istendi\u011fi iddialar\u0131 sosyal medyada g\u00fcndem oldu. Olaya ili\u015fkin para ald\u0131\u011f\u0131n\u0131 s\u00f6yleyen gen\u00e7 kad\u0131n, &#8220;videolar\u0131n\u0131 \u00e7ekmi\u015ftim, ben hakk\u0131m olan paray\u0131 ald\u0131m, zorla vermek istediler&#8221; dedi. Karavanla T\u00fcrkiye [&hellip;]","og_url":"https:\/\/memurunsesi.net\/index.php\/2025\/06\/11\/koreli-turistlerden-dugun-yemegi-karsiliginda-para-istendigi-iddiasi-hakkim-olan-parayi-aldim-zorla-verdiler\/","og_site_name":"Memurun Sesi","article_publisher":"https:\/\/www.facebook.com\/unipersen\/?locale=tr_TR","article_published_time":"2025-06-11T09:54:00+00:00","og_image":[{"width":667,"height":1444,"url":"https:\/\/memurunsesi.net\/wp-content\/uploads\/2025\/06\/AW473872_02.jpg","type":"image\/jpeg"}],"author":"Memurun Sesi Haber Merkezi","twitter_card":"summary_large_image","twitter_creator":"@unipersen","twitter_site":"@unipersen","twitter_misc":{"Yazan:":"Memurun Sesi Haber Merkezi","Tahmini okuma s\u00fcresi":"1 dakika"},"schema":{"@context":"https:\/\/schema.org","@graph":[{"@type":"Article","@id":"https:\/\/memurunsesi.net\/index.php\/2025\/06\/11\/koreli-turistlerden-dugun-yemegi-karsiliginda-para-istendigi-iddiasi-hakkim-olan-parayi-aldim-zorla-verdiler\/#article","isPartOf":{"@id":"https:\/\/memurunsesi.net\/index.php\/2025\/06\/11\/koreli-turistlerden-dugun-yemegi-karsiliginda-para-istendigi-iddiasi-hakkim-olan-parayi-aldim-zorla-verdiler\/"},"author":{"name":"Memurun Sesi Haber Merkezi","@id":"https:\/\/memurunsesi.net\/#\/schema\/person\/f21c2d73b89f6ee1d80b0a1803e38587"},"headline":"Koreli turistlerden d\u00fc\u011f\u00fcn yeme\u011fi kar\u015f\u0131l\u0131\u011f\u0131nda para istendi\u011fi iddias\u0131: &#8220;Hakk\u0131m olan paray\u0131 ald\u0131m, zorla verdiler&#8221;","datePublished":"2025-06-11T09:54:00+00:00","mainEntityOfPage":{"@id":"https:\/\/memurunsesi.net\/index.php\/2025\/06\/11\/koreli-turistlerden-dugun-yemegi-karsiliginda-para-istendigi-iddiasi-hakkim-olan-parayi-aldim-zorla-verdiler\/"},"wordCount":763,"commentCount":0,"publisher":{"@id":"https:\/\/memurunsesi.net\/#organization"},"image":{"@id":"https:\/\/memurunsesi.net\/index.php\/2025\/06\/11\/koreli-turistlerden-dugun-yemegi-karsiliginda-para-istendigi-iddiasi-hakkim-olan-parayi-aldim-zorla-verdiler\/#primaryimage"},"thumbnailUrl":"https:\/\/memurunsesi.net\/wp-content\/uploads\/2025\/06\/AW473872_02.jpg","inLanguage":"tr","potentialAction":[{"@type":"CommentAction","name":"Comment","target":["https:\/\/memurunsesi.net\/index.php\/2025\/06\/11\/koreli-turistlerden-dugun-yemegi-karsiliginda-para-istendigi-iddiasi-hakkim-olan-parayi-aldim-zorla-verdiler\/#respond"]}]},{"@type":"WebPage","@id":"https:\/\/memurunsesi.net\/index.php\/2025\/06\/11\/koreli-turistlerden-dugun-yemegi-karsiliginda-para-istendigi-iddiasi-hakkim-olan-parayi-aldim-zorla-verdiler\/","url":"https:\/\/memurunsesi.net\/index.php\/2025\/06\/11\/koreli-turistlerden-dugun-yemegi-karsiliginda-para-istendigi-iddiasi-hakkim-olan-parayi-aldim-zorla-verdiler\/","name":"Koreli turistlerden d\u00fc\u011f\u00fcn yeme\u011fi kar\u015f\u0131l\u0131\u011f\u0131nda para istendi\u011fi iddias\u0131: \"Hakk\u0131m olan paray\u0131 ald\u0131m, zorla verdiler\" - Memurun Sesi","isPartOf":{"@id":"https:\/\/memurunsesi.net\/#website"},"primaryImageOfPage":{"@id":"https:\/\/memurunsesi.net\/index.php\/2025\/06\/11\/koreli-turistlerden-dugun-yemegi-karsiliginda-para-istendigi-iddiasi-hakkim-olan-parayi-aldim-zorla-verdiler\/#primaryimage"},"image":{"@id":"https:\/\/memurunsesi.net\/index.php\/2025\/06\/11\/koreli-turistlerden-dugun-yemegi-karsiliginda-para-istendigi-iddiasi-hakkim-olan-parayi-aldim-zorla-verdiler\/#primaryimage"},"thumbnailUrl":"https:\/\/memurunsesi.net\/wp-content\/uploads\/2025\/06\/AW473872_02.jpg","datePublished":"2025-06-11T09:54:00+00:00","breadcrumb":{"@id":"https:\/\/memurunsesi.net\/index.php\/2025\/06\/11\/koreli-turistlerden-dugun-yemegi-karsiliginda-para-istendigi-iddiasi-hakkim-olan-parayi-aldim-zorla-verdiler\/#breadcrumb"},"inLanguage":"tr","potentialAction":[{"@type":"ReadAction","target":["https:\/\/memurunsesi.net\/index.php\/2025\/06\/11\/koreli-turistlerden-dugun-yemegi-karsiliginda-para-istendigi-iddiasi-hakkim-olan-parayi-aldim-zorla-verdiler\/"]}]},{"@type":"ImageObject","inLanguage":"tr","@id":"https:\/\/memurunsesi.net\/index.php\/2025\/06\/11\/koreli-turistlerden-dugun-yemegi-karsiliginda-para-istendigi-iddiasi-hakkim-olan-parayi-aldim-zorla-verdiler\/#primaryimage","url":"https:\/\/memurunsesi.net\/wp-content\/uploads\/2025\/06\/AW473872_02.jpg","contentUrl":"https:\/\/memurunsesi.net\/wp-content\/uploads\/2025\/06\/AW473872_02.jpg","width":667,"height":1444,"caption":"BOLU'DA B\u0130R SOKAK D\u00dc\u011e\u00dcN\u00dcNE DENK GELEN KOREL\u0130 TUR\u0130ST KAF\u0130LES\u0130NDEN YEMEK KAR\u015eILI\u011eINDA PARA \u0130STEND\u0130\u011e\u0130 \u0130DD\u0130ALARI SOSYAL MEDYADA G\u00dcNDEM OLDU. OLAYA \u0130L\u0130\u015eK\u0130N PARA ALDI\u011eINI S\u00d6YLEYEN GEN\u00c7 KADIN, \"V\u0130DEOLARINI \u00c7EKM\u0130\u015eT\u0130M, BEN HAKKIM OLAN PARAYI ALDIM, ZORLA VERMEK \u0130STED\u0130LER\" DED\u0130. (EMRAH SA\u011eIT - ENES \u00d6ZKAN\/BOLU-\u0130HA) Bolu'da bir sokak d\u00fc\u011f\u00fcn\u00fcne denk gelen Koreli turist kafilesinden yemek kar\u015f\u0131l\u0131\u011f\u0131nda para istendi\u011fi iddialar\u0131 sosyal medyada g\u00fcndem oldu. Olaya ili\u015fkin para ald\u0131\u011f\u0131n\u0131 s\u00f6yleyen gen\u00e7 kad\u0131n, \"videolar\u0131n\u0131 \u00e7ekmi\u015ftim, ben hakk\u0131m olan paray\u0131 ald\u0131m, zorla vermek istediler\" dedi."},{"@type":"BreadcrumbList","@id":"https:\/\/memurunsesi.net\/index.php\/2025\/06\/11\/koreli-turistlerden-dugun-yemegi-karsiliginda-para-istendigi-iddiasi-hakkim-olan-parayi-aldim-zorla-verdiler\/#breadcrumb","itemListElement":[{"@type":"ListItem","position":1,"name":"Anasayfa","item":"https:\/\/memurunsesi.net\/"},{"@type":"ListItem","position":2,"name":"Koreli turistlerden d\u00fc\u011f\u00fcn yeme\u011fi kar\u015f\u0131l\u0131\u011f\u0131nda para istendi\u011fi iddias\u0131: &#8220;Hakk\u0131m olan paray\u0131 ald\u0131m, zorla verdiler&#8221;"}]},{"@type":"WebSite","@id":"https:\/\/memurunsesi.net\/#website","url":"https:\/\/memurunsesi.net\/","name":"Memurun Sesi","description":"G\u00fcncel ve Do\u011fru Haber","publisher":{"@id":"https:\/\/memurunsesi.net\/#organization"},"potentialAction":[{"@type":"SearchAction","target":{"@type":"EntryPoint","urlTemplate":"https:\/\/memurunsesi.net\/?s={search_term_string}"},"query-input":{"@type":"PropertyValueSpecification","valueRequired":true,"valueName":"search_term_string"}}],"inLanguage":"tr"},{"@type":"Organization","@id":"https:\/\/memurunsesi.net\/#organization","name":"Memurun Sesi","url":"https:\/\/memurunsesi.net\/","logo":{"@type":"ImageObject","inLanguage":"tr","@id":"https:\/\/memurunsesi.net\/#\/schema\/logo\/image\/","url":"https:\/\/memurunsesi.net\/wp-content\/uploads\/2025\/11\/cropped-MEMURUN-SESI.png","contentUrl":"https:\/\/memurunsesi.net\/wp-content\/uploads\/2025\/11\/cropped-MEMURUN-SESI.png","width":238,"height":57,"caption":"Memurun Sesi"},"image":{"@id":"https:\/\/memurunsesi.net\/#\/schema\/logo\/image\/"},"sameAs":["https:\/\/www.facebook.com\/unipersen\/?locale=tr_TR","https:\/\/x.com\/unipersen"]},{"@type":"Person","@id":"https:\/\/memurunsesi.net\/#\/schema\/person\/f21c2d73b89f6ee1d80b0a1803e38587","name":"Memurun Sesi Haber Merkezi","image":{"@type":"ImageObject","inLanguage":"tr","@id":"https:\/\/secure.gravatar.com\/avatar\/6cf0505f452ee753f485014986fab09a434671d2b919ee76fc541025c5876a70?s=96&d=mm&r=g","url":"https:\/\/secure.gravatar.com\/avatar\/6cf0505f452ee753f485014986fab09a434671d2b919ee76fc541025c5876a70?s=96&d=mm&r=g","contentUrl":"https:\/\/secure.gravatar.com\/avatar\/6cf0505f452ee753f485014986fab09a434671d2b919ee76fc541025c5876a70?s=96&d=mm&r=g","caption":"Memurun Sesi Haber Merkezi"},"sameAs":["https:\/\/memurunsesi.net"],"url":"https:\/\/memurunsesi.net\/index.php\/author\/uniper\/"}]}},"_links":{"self":[{"href":"https:\/\/memurunsesi.net\/index.php\/wp-json\/wp\/v2\/posts\/7897","targetHints":{"allow":["GET"]}}],"collection":[{"href":"https:\/\/memurunsesi.net\/index.php\/wp-json\/wp\/v2\/posts"}],"about":[{"href":"https:\/\/memurunsesi.net\/index.php\/wp-json\/wp\/v2\/types\/post"}],"author":[{"embeddable":true,"href":"https:\/\/memurunsesi.net\/index.php\/wp-json\/wp\/v2\/users\/1"}],"replies":[{"embeddable":true,"href":"https:\/\/memurunsesi.net\/index.php\/wp-json\/wp\/v2\/comments?post=7897"}],"version-history":[{"count":1,"href":"https:\/\/memurunsesi.net\/index.php\/wp-json\/wp\/v2\/posts\/7897\/revisions"}],"predecessor-version":[{"id":7899,"href":"https:\/\/memurunsesi.net\/index.php\/wp-json\/wp\/v2\/posts\/7897\/revisions\/7899"}],"wp:featuredmedia":[{"embeddable":true,"href":"https:\/\/memurunsesi.net\/index.php\/wp-json\/wp\/v2\/media\/7898"}],"wp:attachment":[{"href":"https:\/\/memurunsesi.net\/index.php\/wp-json\/wp\/v2\/media?parent=7897"}],"wp:term":[{"taxonomy":"category","embeddable":true,"href":"https:\/\/memurunsesi.net\/index.php\/wp-json\/wp\/v2\/categories?post=7897"},{"taxonomy":"post_tag","embeddable":true,"href":"https:\/\/memurunsesi.net\/index.php\/wp-json\/wp\/v2\/tags?post=7897"}],"curies":[{"name":"wp","href":"https:\/\/api.w.org\/{rel}","templated":true}]}}