{"id":7905,"date":"2025-06-11T22:15:36","date_gmt":"2025-06-11T19:15:36","guid":{"rendered":"https:\/\/memurunsesi.net\/?p=7905"},"modified":"2025-06-11T22:15:36","modified_gmt":"2025-06-11T19:15:36","slug":"yuksekovada-surunun-uzerine-yildirim-dustu-8-koyun-telef-oldu-coban-yaralandi","status":"publish","type":"post","link":"https:\/\/memurunsesi.net\/index.php\/2025\/06\/11\/yuksekovada-surunun-uzerine-yildirim-dustu-8-koyun-telef-oldu-coban-yaralandi\/","title":{"rendered":"Y\u00fcksekova\u2019da s\u00fcr\u00fcn\u00fcn \u00fczerine y\u0131ld\u0131r\u0131m d\u00fc\u015ft\u00fc: 8 koyun telef oldu, \u00e7oban yaraland\u0131"},"content":{"rendered":"<p>  Hakkari\u2019nin Y\u00fcksekova il\u00e7esinde y\u0131ld\u0131r\u0131m\u0131n isabet etti\u011fi s\u00fcr\u00fcdeki 8 koyun telef oldu, \u00e7oban yaraland\u0131.<br \/>\nOlay, G\u00fcldal\u0131 k\u00f6y\u00fc k\u0131rsal\u0131nda saat 16.00 s\u0131ralar\u0131nda hayvanlar\u0131n\u0131 otlatan Hozan Yurtseven isimli \u00e7oban\u0131n bulundu\u011fu b\u00f6lgeye y\u0131ld\u0131r\u0131m isabet etti. Y\u0131ld\u0131r\u0131m\u0131n etkisiyle 8 koyun telef olurken, Hozan Yurtseven yaraland\u0131. \u00c7evrede bulunan vatanda\u015flar\u0131n ihbar\u0131 \u00fczerine olay yerine sa\u011fl\u0131k ekipleri sevk edildi.<br \/>\n  Yaral\u0131 \u00e7oban, sa\u011fl\u0131k ekiplerinin ilk m\u00fcdahalesinin ard\u0131ndan Y\u00fcksekova Devlet Hastanesi\u2019ne kald\u0131r\u0131ld\u0131. Tedavi alt\u0131na al\u0131nan Yurtseven\u2019in sa\u011fl\u0131k durumunun iyiye gitti\u011fi \u00f6\u011frenildi.<br \/>\n  Yetkililer, \u00f6zellikle ilkbahar ve yaz aylar\u0131nda artan y\u0131ld\u0131r\u0131m d\u00fc\u015fmelerine kar\u015f\u0131 vatanda\u015flar\u0131 uyard\u0131. A\u00e7\u0131k arazide bulunanlar\u0131n ya\u011f\u0131\u015fl\u0131 havalarda dikkatli olmalar\u0131 ve m\u00fcmk\u00fcnse kapal\u0131 alanlara y\u00f6nelmeleri istendi. <\/p>\n<p>11.06.2025                             <\/p>\n","protected":false},"excerpt":{"rendered":"<p>Hakkari\u2019nin Y\u00fcksekova il\u00e7esinde y\u0131ld\u0131r\u0131m\u0131n isabet etti\u011fi s\u00fcr\u00fcdeki 8 koyun telef oldu, \u00e7oban yaraland\u0131. Olay, G\u00fcldal\u0131 k\u00f6y\u00fc k\u0131rsal\u0131nda saat 16.00 s\u0131ralar\u0131nda hayvanlar\u0131n\u0131 otlatan Hozan Yurtseven isimli \u00e7oban\u0131n bulundu\u011fu b\u00f6lgeye y\u0131ld\u0131r\u0131m isabet etti. Y\u0131ld\u0131r\u0131m\u0131n etkisiyle 8 koyun telef olurken, Hozan Yurtseven yaraland\u0131. \u00c7evrede bulunan vatanda\u015flar\u0131n ihbar\u0131 \u00fczerine olay yerine sa\u011fl\u0131k ekipleri sevk edildi. Yaral\u0131 \u00e7oban, sa\u011fl\u0131k ekiplerinin [&hellip;]<\/p>\n","protected":false},"author":1,"featured_media":7906,"comment_status":"open","ping_status":"open","sticky":false,"template":"","format":"standard","meta":{"footnotes":""},"categories":[1],"tags":[],"class_list":["post-7905","post","type-post","status-publish","format-standard","has-post-thumbnail","hentry","category-genel"],"yoast_head":"<!-- This site is optimized with the Yoast SEO plugin v27.4 - https:\/\/yoast.com\/product\/yoast-seo-wordpress\/ -->\n<title>Y\u00fcksekova\u2019da s\u00fcr\u00fcn\u00fcn \u00fczerine y\u0131ld\u0131r\u0131m d\u00fc\u015ft\u00fc: 8 koyun telef oldu, \u00e7oban yaraland\u0131 - Memurun Sesi<\/title>\n<meta name=\"robots\" content=\"index, follow, max-snippet:-1, max-image-preview:large, max-video-preview:-1\" \/>\n<link rel=\"canonical\" href=\"https:\/\/memurunsesi.net\/index.php\/2025\/06\/11\/yuksekovada-surunun-uzerine-yildirim-dustu-8-koyun-telef-oldu-coban-yaralandi\/\" \/>\n<meta property=\"og:locale\" content=\"tr_TR\" \/>\n<meta property=\"og:type\" content=\"article\" \/>\n<meta property=\"og:title\" content=\"Y\u00fcksekova\u2019da s\u00fcr\u00fcn\u00fcn \u00fczerine y\u0131ld\u0131r\u0131m d\u00fc\u015ft\u00fc: 8 koyun telef oldu, \u00e7oban yaraland\u0131 - Memurun Sesi\" \/>\n<meta property=\"og:description\" content=\"Hakkari\u2019nin Y\u00fcksekova il\u00e7esinde y\u0131ld\u0131r\u0131m\u0131n isabet etti\u011fi s\u00fcr\u00fcdeki 8 koyun telef oldu, \u00e7oban yaraland\u0131. Olay, G\u00fcldal\u0131 k\u00f6y\u00fc k\u0131rsal\u0131nda saat 16.00 s\u0131ralar\u0131nda hayvanlar\u0131n\u0131 otlatan Hozan Yurtseven isimli \u00e7oban\u0131n bulundu\u011fu b\u00f6lgeye y\u0131ld\u0131r\u0131m isabet etti. Y\u0131ld\u0131r\u0131m\u0131n etkisiyle 8 koyun telef olurken, Hozan Yurtseven yaraland\u0131. \u00c7evrede bulunan vatanda\u015flar\u0131n ihbar\u0131 \u00fczerine olay yerine sa\u011fl\u0131k ekipleri sevk edildi. Yaral\u0131 \u00e7oban, sa\u011fl\u0131k ekiplerinin [&hellip;]\" \/>\n<meta property=\"og:url\" content=\"https:\/\/memurunsesi.net\/index.php\/2025\/06\/11\/yuksekovada-surunun-uzerine-yildirim-dustu-8-koyun-telef-oldu-coban-yaralandi\/\" \/>\n<meta property=\"og:site_name\" content=\"Memurun Sesi\" \/>\n<meta property=\"article:publisher\" content=\"https:\/\/www.facebook.com\/unipersen\/?locale=tr_TR\" \/>\n<meta property=\"article:published_time\" content=\"2025-06-11T19:15:36+00:00\" \/>\n<meta property=\"og:image\" content=\"https:\/\/memurunsesi.net\/wp-content\/uploads\/2025\/06\/AW474208_01-scaled.jpg\" \/>\n\t<meta property=\"og:image:width\" content=\"2560\" \/>\n\t<meta property=\"og:image:height\" content=\"1652\" \/>\n\t<meta property=\"og:image:type\" content=\"image\/jpeg\" \/>\n<meta name=\"author\" content=\"Memurun Sesi Haber Merkezi\" \/>\n<meta name=\"twitter:card\" content=\"summary_large_image\" \/>\n<meta name=\"twitter:creator\" content=\"@unipersen\" \/>\n<meta name=\"twitter:site\" content=\"@unipersen\" \/>\n<meta name=\"twitter:label1\" content=\"Yazan:\" \/>\n\t<meta name=\"twitter:data1\" content=\"Memurun Sesi Haber Merkezi\" \/>\n\t<meta name=\"twitter:label2\" content=\"Tahmini okuma s\u00fcresi\" \/>\n\t<meta name=\"twitter:data2\" content=\"1 dakika\" \/>\n<script type=\"application\/ld+json\" class=\"yoast-schema-graph\">{\"@context\":\"https:\\\/\\\/schema.org\",\"@graph\":[{\"@type\":\"Article\",\"@id\":\"https:\\\/\\\/memurunsesi.net\\\/index.php\\\/2025\\\/06\\\/11\\\/yuksekovada-surunun-uzerine-yildirim-dustu-8-koyun-telef-oldu-coban-yaralandi\\\/#article\",\"isPartOf\":{\"@id\":\"https:\\\/\\\/memurunsesi.net\\\/index.php\\\/2025\\\/06\\\/11\\\/yuksekovada-surunun-uzerine-yildirim-dustu-8-koyun-telef-oldu-coban-yaralandi\\\/\"},\"author\":{\"name\":\"Memurun Sesi Haber Merkezi\",\"@id\":\"https:\\\/\\\/memurunsesi.net\\\/#\\\/schema\\\/person\\\/f21c2d73b89f6ee1d80b0a1803e38587\"},\"headline\":\"Y\u00fcksekova\u2019da s\u00fcr\u00fcn\u00fcn \u00fczerine y\u0131ld\u0131r\u0131m d\u00fc\u015ft\u00fc: 8 koyun telef oldu, \u00e7oban yaraland\u0131\",\"datePublished\":\"2025-06-11T19:15:36+00:00\",\"mainEntityOfPage\":{\"@id\":\"https:\\\/\\\/memurunsesi.net\\\/index.php\\\/2025\\\/06\\\/11\\\/yuksekovada-surunun-uzerine-yildirim-dustu-8-koyun-telef-oldu-coban-yaralandi\\\/\"},\"wordCount\":169,\"commentCount\":0,\"publisher\":{\"@id\":\"https:\\\/\\\/memurunsesi.net\\\/#organization\"},\"image\":{\"@id\":\"https:\\\/\\\/memurunsesi.net\\\/index.php\\\/2025\\\/06\\\/11\\\/yuksekovada-surunun-uzerine-yildirim-dustu-8-koyun-telef-oldu-coban-yaralandi\\\/#primaryimage\"},\"thumbnailUrl\":\"https:\\\/\\\/memurunsesi.net\\\/wp-content\\\/uploads\\\/2025\\\/06\\\/AW474208_01-scaled.jpg\",\"inLanguage\":\"tr\",\"potentialAction\":[{\"@type\":\"CommentAction\",\"name\":\"Comment\",\"target\":[\"https:\\\/\\\/memurunsesi.net\\\/index.php\\\/2025\\\/06\\\/11\\\/yuksekovada-surunun-uzerine-yildirim-dustu-8-koyun-telef-oldu-coban-yaralandi\\\/#respond\"]}]},{\"@type\":\"WebPage\",\"@id\":\"https:\\\/\\\/memurunsesi.net\\\/index.php\\\/2025\\\/06\\\/11\\\/yuksekovada-surunun-uzerine-yildirim-dustu-8-koyun-telef-oldu-coban-yaralandi\\\/\",\"url\":\"https:\\\/\\\/memurunsesi.net\\\/index.php\\\/2025\\\/06\\\/11\\\/yuksekovada-surunun-uzerine-yildirim-dustu-8-koyun-telef-oldu-coban-yaralandi\\\/\",\"name\":\"Y\u00fcksekova\u2019da s\u00fcr\u00fcn\u00fcn \u00fczerine y\u0131ld\u0131r\u0131m d\u00fc\u015ft\u00fc: 8 koyun telef oldu, \u00e7oban yaraland\u0131 - Memurun Sesi\",\"isPartOf\":{\"@id\":\"https:\\\/\\\/memurunsesi.net\\\/#website\"},\"primaryImageOfPage\":{\"@id\":\"https:\\\/\\\/memurunsesi.net\\\/index.php\\\/2025\\\/06\\\/11\\\/yuksekovada-surunun-uzerine-yildirim-dustu-8-koyun-telef-oldu-coban-yaralandi\\\/#primaryimage\"},\"image\":{\"@id\":\"https:\\\/\\\/memurunsesi.net\\\/index.php\\\/2025\\\/06\\\/11\\\/yuksekovada-surunun-uzerine-yildirim-dustu-8-koyun-telef-oldu-coban-yaralandi\\\/#primaryimage\"},\"thumbnailUrl\":\"https:\\\/\\\/memurunsesi.net\\\/wp-content\\\/uploads\\\/2025\\\/06\\\/AW474208_01-scaled.jpg\",\"datePublished\":\"2025-06-11T19:15:36+00:00\",\"breadcrumb\":{\"@id\":\"https:\\\/\\\/memurunsesi.net\\\/index.php\\\/2025\\\/06\\\/11\\\/yuksekovada-surunun-uzerine-yildirim-dustu-8-koyun-telef-oldu-coban-yaralandi\\\/#breadcrumb\"},\"inLanguage\":\"tr\",\"potentialAction\":[{\"@type\":\"ReadAction\",\"target\":[\"https:\\\/\\\/memurunsesi.net\\\/index.php\\\/2025\\\/06\\\/11\\\/yuksekovada-surunun-uzerine-yildirim-dustu-8-koyun-telef-oldu-coban-yaralandi\\\/\"]}]},{\"@type\":\"ImageObject\",\"inLanguage\":\"tr\",\"@id\":\"https:\\\/\\\/memurunsesi.net\\\/index.php\\\/2025\\\/06\\\/11\\\/yuksekovada-surunun-uzerine-yildirim-dustu-8-koyun-telef-oldu-coban-yaralandi\\\/#primaryimage\",\"url\":\"https:\\\/\\\/memurunsesi.net\\\/wp-content\\\/uploads\\\/2025\\\/06\\\/AW474208_01-scaled.jpg\",\"contentUrl\":\"https:\\\/\\\/memurunsesi.net\\\/wp-content\\\/uploads\\\/2025\\\/06\\\/AW474208_01-scaled.jpg\",\"width\":2560,\"height\":1652,\"caption\":\"HAKKAR\u0130'N\u0130N Y\u00dcKSEKOVA \u0130L\u00c7ES\u0130NDE KOYUN OTLATAN B\u0130R \u00c7OBANIN S\u00dcR\u00dcS\u00dcNE YILDIRIM \u0130SABET ETT\u0130. OLAYDA 8 KOYUN TELEF OLURKEN, \u00c7OBAN YARALANDI. (MET\u0130N TEK\\\/HAKKAR\u0130-\u0130HA) Hakkari'nin Y\u00fcksekova il\u00e7esinde y\u0131ld\u0131r\u0131m\u0131n isabet etti\u011fi s\u00fcr\u00fcdeki 8 koyun telef oldu, \u00e7oban yaraland\u0131.\"},{\"@type\":\"BreadcrumbList\",\"@id\":\"https:\\\/\\\/memurunsesi.net\\\/index.php\\\/2025\\\/06\\\/11\\\/yuksekovada-surunun-uzerine-yildirim-dustu-8-koyun-telef-oldu-coban-yaralandi\\\/#breadcrumb\",\"itemListElement\":[{\"@type\":\"ListItem\",\"position\":1,\"name\":\"Anasayfa\",\"item\":\"https:\\\/\\\/memurunsesi.net\\\/\"},{\"@type\":\"ListItem\",\"position\":2,\"name\":\"Y\u00fcksekova\u2019da s\u00fcr\u00fcn\u00fcn \u00fczerine y\u0131ld\u0131r\u0131m d\u00fc\u015ft\u00fc: 8 koyun telef oldu, \u00e7oban yaraland\u0131\"}]},{\"@type\":\"WebSite\",\"@id\":\"https:\\\/\\\/memurunsesi.net\\\/#website\",\"url\":\"https:\\\/\\\/memurunsesi.net\\\/\",\"name\":\"Memurun Sesi\",\"description\":\"G\u00fcncel ve Do\u011fru Haber\",\"publisher\":{\"@id\":\"https:\\\/\\\/memurunsesi.net\\\/#organization\"},\"potentialAction\":[{\"@type\":\"SearchAction\",\"target\":{\"@type\":\"EntryPoint\",\"urlTemplate\":\"https:\\\/\\\/memurunsesi.net\\\/?s={search_term_string}\"},\"query-input\":{\"@type\":\"PropertyValueSpecification\",\"valueRequired\":true,\"valueName\":\"search_term_string\"}}],\"inLanguage\":\"tr\"},{\"@type\":\"Organization\",\"@id\":\"https:\\\/\\\/memurunsesi.net\\\/#organization\",\"name\":\"Memurun Sesi\",\"url\":\"https:\\\/\\\/memurunsesi.net\\\/\",\"logo\":{\"@type\":\"ImageObject\",\"inLanguage\":\"tr\",\"@id\":\"https:\\\/\\\/memurunsesi.net\\\/#\\\/schema\\\/logo\\\/image\\\/\",\"url\":\"https:\\\/\\\/memurunsesi.net\\\/wp-content\\\/uploads\\\/2025\\\/11\\\/cropped-MEMURUN-SESI.png\",\"contentUrl\":\"https:\\\/\\\/memurunsesi.net\\\/wp-content\\\/uploads\\\/2025\\\/11\\\/cropped-MEMURUN-SESI.png\",\"width\":238,\"height\":57,\"caption\":\"Memurun Sesi\"},\"image\":{\"@id\":\"https:\\\/\\\/memurunsesi.net\\\/#\\\/schema\\\/logo\\\/image\\\/\"},\"sameAs\":[\"https:\\\/\\\/www.facebook.com\\\/unipersen\\\/?locale=tr_TR\",\"https:\\\/\\\/x.com\\\/unipersen\"]},{\"@type\":\"Person\",\"@id\":\"https:\\\/\\\/memurunsesi.net\\\/#\\\/schema\\\/person\\\/f21c2d73b89f6ee1d80b0a1803e38587\",\"name\":\"Memurun Sesi Haber Merkezi\",\"image\":{\"@type\":\"ImageObject\",\"inLanguage\":\"tr\",\"@id\":\"https:\\\/\\\/secure.gravatar.com\\\/avatar\\\/6cf0505f452ee753f485014986fab09a434671d2b919ee76fc541025c5876a70?s=96&d=mm&r=g\",\"url\":\"https:\\\/\\\/secure.gravatar.com\\\/avatar\\\/6cf0505f452ee753f485014986fab09a434671d2b919ee76fc541025c5876a70?s=96&d=mm&r=g\",\"contentUrl\":\"https:\\\/\\\/secure.gravatar.com\\\/avatar\\\/6cf0505f452ee753f485014986fab09a434671d2b919ee76fc541025c5876a70?s=96&d=mm&r=g\",\"caption\":\"Memurun Sesi Haber Merkezi\"},\"sameAs\":[\"https:\\\/\\\/memurunsesi.net\"],\"url\":\"https:\\\/\\\/memurunsesi.net\\\/index.php\\\/author\\\/uniper\\\/\"}]}<\/script>\n<!-- \/ Yoast SEO plugin. -->","yoast_head_json":{"title":"Y\u00fcksekova\u2019da s\u00fcr\u00fcn\u00fcn \u00fczerine y\u0131ld\u0131r\u0131m d\u00fc\u015ft\u00fc: 8 koyun telef oldu, \u00e7oban yaraland\u0131 - Memurun Sesi","robots":{"index":"index","follow":"follow","max-snippet":"max-snippet:-1","max-image-preview":"max-image-preview:large","max-video-preview":"max-video-preview:-1"},"canonical":"https:\/\/memurunsesi.net\/index.php\/2025\/06\/11\/yuksekovada-surunun-uzerine-yildirim-dustu-8-koyun-telef-oldu-coban-yaralandi\/","og_locale":"tr_TR","og_type":"article","og_title":"Y\u00fcksekova\u2019da s\u00fcr\u00fcn\u00fcn \u00fczerine y\u0131ld\u0131r\u0131m d\u00fc\u015ft\u00fc: 8 koyun telef oldu, \u00e7oban yaraland\u0131 - Memurun Sesi","og_description":"Hakkari\u2019nin Y\u00fcksekova il\u00e7esinde y\u0131ld\u0131r\u0131m\u0131n isabet etti\u011fi s\u00fcr\u00fcdeki 8 koyun telef oldu, \u00e7oban yaraland\u0131. Olay, G\u00fcldal\u0131 k\u00f6y\u00fc k\u0131rsal\u0131nda saat 16.00 s\u0131ralar\u0131nda hayvanlar\u0131n\u0131 otlatan Hozan Yurtseven isimli \u00e7oban\u0131n bulundu\u011fu b\u00f6lgeye y\u0131ld\u0131r\u0131m isabet etti. Y\u0131ld\u0131r\u0131m\u0131n etkisiyle 8 koyun telef olurken, Hozan Yurtseven yaraland\u0131. \u00c7evrede bulunan vatanda\u015flar\u0131n ihbar\u0131 \u00fczerine olay yerine sa\u011fl\u0131k ekipleri sevk edildi. Yaral\u0131 \u00e7oban, sa\u011fl\u0131k ekiplerinin [&hellip;]","og_url":"https:\/\/memurunsesi.net\/index.php\/2025\/06\/11\/yuksekovada-surunun-uzerine-yildirim-dustu-8-koyun-telef-oldu-coban-yaralandi\/","og_site_name":"Memurun Sesi","article_publisher":"https:\/\/www.facebook.com\/unipersen\/?locale=tr_TR","article_published_time":"2025-06-11T19:15:36+00:00","og_image":[{"width":2560,"height":1652,"url":"https:\/\/memurunsesi.net\/wp-content\/uploads\/2025\/06\/AW474208_01-scaled.jpg","type":"image\/jpeg"}],"author":"Memurun Sesi Haber Merkezi","twitter_card":"summary_large_image","twitter_creator":"@unipersen","twitter_site":"@unipersen","twitter_misc":{"Yazan:":"Memurun Sesi Haber Merkezi","Tahmini okuma s\u00fcresi":"1 dakika"},"schema":{"@context":"https:\/\/schema.org","@graph":[{"@type":"Article","@id":"https:\/\/memurunsesi.net\/index.php\/2025\/06\/11\/yuksekovada-surunun-uzerine-yildirim-dustu-8-koyun-telef-oldu-coban-yaralandi\/#article","isPartOf":{"@id":"https:\/\/memurunsesi.net\/index.php\/2025\/06\/11\/yuksekovada-surunun-uzerine-yildirim-dustu-8-koyun-telef-oldu-coban-yaralandi\/"},"author":{"name":"Memurun Sesi Haber Merkezi","@id":"https:\/\/memurunsesi.net\/#\/schema\/person\/f21c2d73b89f6ee1d80b0a1803e38587"},"headline":"Y\u00fcksekova\u2019da s\u00fcr\u00fcn\u00fcn \u00fczerine y\u0131ld\u0131r\u0131m d\u00fc\u015ft\u00fc: 8 koyun telef oldu, \u00e7oban yaraland\u0131","datePublished":"2025-06-11T19:15:36+00:00","mainEntityOfPage":{"@id":"https:\/\/memurunsesi.net\/index.php\/2025\/06\/11\/yuksekovada-surunun-uzerine-yildirim-dustu-8-koyun-telef-oldu-coban-yaralandi\/"},"wordCount":169,"commentCount":0,"publisher":{"@id":"https:\/\/memurunsesi.net\/#organization"},"image":{"@id":"https:\/\/memurunsesi.net\/index.php\/2025\/06\/11\/yuksekovada-surunun-uzerine-yildirim-dustu-8-koyun-telef-oldu-coban-yaralandi\/#primaryimage"},"thumbnailUrl":"https:\/\/memurunsesi.net\/wp-content\/uploads\/2025\/06\/AW474208_01-scaled.jpg","inLanguage":"tr","potentialAction":[{"@type":"CommentAction","name":"Comment","target":["https:\/\/memurunsesi.net\/index.php\/2025\/06\/11\/yuksekovada-surunun-uzerine-yildirim-dustu-8-koyun-telef-oldu-coban-yaralandi\/#respond"]}]},{"@type":"WebPage","@id":"https:\/\/memurunsesi.net\/index.php\/2025\/06\/11\/yuksekovada-surunun-uzerine-yildirim-dustu-8-koyun-telef-oldu-coban-yaralandi\/","url":"https:\/\/memurunsesi.net\/index.php\/2025\/06\/11\/yuksekovada-surunun-uzerine-yildirim-dustu-8-koyun-telef-oldu-coban-yaralandi\/","name":"Y\u00fcksekova\u2019da s\u00fcr\u00fcn\u00fcn \u00fczerine y\u0131ld\u0131r\u0131m d\u00fc\u015ft\u00fc: 8 koyun telef oldu, \u00e7oban yaraland\u0131 - Memurun Sesi","isPartOf":{"@id":"https:\/\/memurunsesi.net\/#website"},"primaryImageOfPage":{"@id":"https:\/\/memurunsesi.net\/index.php\/2025\/06\/11\/yuksekovada-surunun-uzerine-yildirim-dustu-8-koyun-telef-oldu-coban-yaralandi\/#primaryimage"},"image":{"@id":"https:\/\/memurunsesi.net\/index.php\/2025\/06\/11\/yuksekovada-surunun-uzerine-yildirim-dustu-8-koyun-telef-oldu-coban-yaralandi\/#primaryimage"},"thumbnailUrl":"https:\/\/memurunsesi.net\/wp-content\/uploads\/2025\/06\/AW474208_01-scaled.jpg","datePublished":"2025-06-11T19:15:36+00:00","breadcrumb":{"@id":"https:\/\/memurunsesi.net\/index.php\/2025\/06\/11\/yuksekovada-surunun-uzerine-yildirim-dustu-8-koyun-telef-oldu-coban-yaralandi\/#breadcrumb"},"inLanguage":"tr","potentialAction":[{"@type":"ReadAction","target":["https:\/\/memurunsesi.net\/index.php\/2025\/06\/11\/yuksekovada-surunun-uzerine-yildirim-dustu-8-koyun-telef-oldu-coban-yaralandi\/"]}]},{"@type":"ImageObject","inLanguage":"tr","@id":"https:\/\/memurunsesi.net\/index.php\/2025\/06\/11\/yuksekovada-surunun-uzerine-yildirim-dustu-8-koyun-telef-oldu-coban-yaralandi\/#primaryimage","url":"https:\/\/memurunsesi.net\/wp-content\/uploads\/2025\/06\/AW474208_01-scaled.jpg","contentUrl":"https:\/\/memurunsesi.net\/wp-content\/uploads\/2025\/06\/AW474208_01-scaled.jpg","width":2560,"height":1652,"caption":"HAKKAR\u0130'N\u0130N Y\u00dcKSEKOVA \u0130L\u00c7ES\u0130NDE KOYUN OTLATAN B\u0130R \u00c7OBANIN S\u00dcR\u00dcS\u00dcNE YILDIRIM \u0130SABET ETT\u0130. OLAYDA 8 KOYUN TELEF OLURKEN, \u00c7OBAN YARALANDI. (MET\u0130N TEK\/HAKKAR\u0130-\u0130HA) Hakkari'nin Y\u00fcksekova il\u00e7esinde y\u0131ld\u0131r\u0131m\u0131n isabet etti\u011fi s\u00fcr\u00fcdeki 8 koyun telef oldu, \u00e7oban yaraland\u0131."},{"@type":"BreadcrumbList","@id":"https:\/\/memurunsesi.net\/index.php\/2025\/06\/11\/yuksekovada-surunun-uzerine-yildirim-dustu-8-koyun-telef-oldu-coban-yaralandi\/#breadcrumb","itemListElement":[{"@type":"ListItem","position":1,"name":"Anasayfa","item":"https:\/\/memurunsesi.net\/"},{"@type":"ListItem","position":2,"name":"Y\u00fcksekova\u2019da s\u00fcr\u00fcn\u00fcn \u00fczerine y\u0131ld\u0131r\u0131m d\u00fc\u015ft\u00fc: 8 koyun telef oldu, \u00e7oban yaraland\u0131"}]},{"@type":"WebSite","@id":"https:\/\/memurunsesi.net\/#website","url":"https:\/\/memurunsesi.net\/","name":"Memurun Sesi","description":"G\u00fcncel ve Do\u011fru Haber","publisher":{"@id":"https:\/\/memurunsesi.net\/#organization"},"potentialAction":[{"@type":"SearchAction","target":{"@type":"EntryPoint","urlTemplate":"https:\/\/memurunsesi.net\/?s={search_term_string}"},"query-input":{"@type":"PropertyValueSpecification","valueRequired":true,"valueName":"search_term_string"}}],"inLanguage":"tr"},{"@type":"Organization","@id":"https:\/\/memurunsesi.net\/#organization","name":"Memurun Sesi","url":"https:\/\/memurunsesi.net\/","logo":{"@type":"ImageObject","inLanguage":"tr","@id":"https:\/\/memurunsesi.net\/#\/schema\/logo\/image\/","url":"https:\/\/memurunsesi.net\/wp-content\/uploads\/2025\/11\/cropped-MEMURUN-SESI.png","contentUrl":"https:\/\/memurunsesi.net\/wp-content\/uploads\/2025\/11\/cropped-MEMURUN-SESI.png","width":238,"height":57,"caption":"Memurun Sesi"},"image":{"@id":"https:\/\/memurunsesi.net\/#\/schema\/logo\/image\/"},"sameAs":["https:\/\/www.facebook.com\/unipersen\/?locale=tr_TR","https:\/\/x.com\/unipersen"]},{"@type":"Person","@id":"https:\/\/memurunsesi.net\/#\/schema\/person\/f21c2d73b89f6ee1d80b0a1803e38587","name":"Memurun Sesi Haber Merkezi","image":{"@type":"ImageObject","inLanguage":"tr","@id":"https:\/\/secure.gravatar.com\/avatar\/6cf0505f452ee753f485014986fab09a434671d2b919ee76fc541025c5876a70?s=96&d=mm&r=g","url":"https:\/\/secure.gravatar.com\/avatar\/6cf0505f452ee753f485014986fab09a434671d2b919ee76fc541025c5876a70?s=96&d=mm&r=g","contentUrl":"https:\/\/secure.gravatar.com\/avatar\/6cf0505f452ee753f485014986fab09a434671d2b919ee76fc541025c5876a70?s=96&d=mm&r=g","caption":"Memurun Sesi Haber Merkezi"},"sameAs":["https:\/\/memurunsesi.net"],"url":"https:\/\/memurunsesi.net\/index.php\/author\/uniper\/"}]}},"_links":{"self":[{"href":"https:\/\/memurunsesi.net\/index.php\/wp-json\/wp\/v2\/posts\/7905","targetHints":{"allow":["GET"]}}],"collection":[{"href":"https:\/\/memurunsesi.net\/index.php\/wp-json\/wp\/v2\/posts"}],"about":[{"href":"https:\/\/memurunsesi.net\/index.php\/wp-json\/wp\/v2\/types\/post"}],"author":[{"embeddable":true,"href":"https:\/\/memurunsesi.net\/index.php\/wp-json\/wp\/v2\/users\/1"}],"replies":[{"embeddable":true,"href":"https:\/\/memurunsesi.net\/index.php\/wp-json\/wp\/v2\/comments?post=7905"}],"version-history":[{"count":1,"href":"https:\/\/memurunsesi.net\/index.php\/wp-json\/wp\/v2\/posts\/7905\/revisions"}],"predecessor-version":[{"id":7907,"href":"https:\/\/memurunsesi.net\/index.php\/wp-json\/wp\/v2\/posts\/7905\/revisions\/7907"}],"wp:featuredmedia":[{"embeddable":true,"href":"https:\/\/memurunsesi.net\/index.php\/wp-json\/wp\/v2\/media\/7906"}],"wp:attachment":[{"href":"https:\/\/memurunsesi.net\/index.php\/wp-json\/wp\/v2\/media?parent=7905"}],"wp:term":[{"taxonomy":"category","embeddable":true,"href":"https:\/\/memurunsesi.net\/index.php\/wp-json\/wp\/v2\/categories?post=7905"},{"taxonomy":"post_tag","embeddable":true,"href":"https:\/\/memurunsesi.net\/index.php\/wp-json\/wp\/v2\/tags?post=7905"}],"curies":[{"name":"wp","href":"https:\/\/api.w.org\/{rel}","templated":true}]}}