{"id":7908,"date":"2025-06-11T22:20:30","date_gmt":"2025-06-11T19:20:30","guid":{"rendered":"https:\/\/memurunsesi.net\/?p=7908"},"modified":"2025-06-11T22:20:30","modified_gmt":"2025-06-11T19:20:30","slug":"diyarbakirda-akrabalar-arasinda-silahli-kavga-baba-oldu-oglu-yaralandi","status":"publish","type":"post","link":"https:\/\/memurunsesi.net\/index.php\/2025\/06\/11\/diyarbakirda-akrabalar-arasinda-silahli-kavga-baba-oldu-oglu-yaralandi\/","title":{"rendered":"Diyarbak\u0131r&#8217;da akrabalar aras\u0131nda silahl\u0131 kavga: Baba \u00f6ld\u00fc, o\u011flu yaraland\u0131"},"content":{"rendered":"<p>   Diyarbak\u0131r&#8217;\u0131n Bismil il\u00e7esinde akrabalar aras\u0131nda \u00e7\u0131kan silahl\u0131 kavgada baba hayat\u0131n\u0131 kaybetti, o\u011flu yaraland\u0131.<br \/>\nEdinilen bilgilere g\u00f6re, I\u015f\u0131klar Mahallesi&#8217;nde R.A., hen\u00fcz belirlenemeyen nedenle tart\u0131\u015ft\u0131\u011f\u0131 halas\u0131n\u0131n o\u011flu \u015e.S. (57) ile o\u011flu R.S&#8217;yi silahla yaralad\u0131. \u0130hbar \u00fczerine olay yerine jandarma ve sa\u011fl\u0131k ekibi sevk edildi. Yaral\u0131lar, sa\u011fl\u0131k ekiplerinin ilk m\u00fcdahalesinin ard\u0131ndan hastaneye sevk edildi. \u0130hbarla olay yerine sa\u011fl\u0131k ve jandarma ekipleri sevk edildi. Yaral\u0131lar, ilk m\u00fcdahalenin ard\u0131ndan hastaneye sevk edildi. Yaral\u0131lardan \u015e.S. hayat\u0131n\u0131 kaybetti, o\u011flunun tedavisi devam ediyor.<br \/>\n  Mahallede geni\u015f g\u00fcvenlik \u00f6nlemleri al\u0131n\u0131rken, olayla ilgili soru\u015fturma s\u00fcr\u00fcyor. <\/p>\n<p>11.06.2025                                  <\/p>\n","protected":false},"excerpt":{"rendered":"<p>Diyarbak\u0131r&#8217;\u0131n Bismil il\u00e7esinde akrabalar aras\u0131nda \u00e7\u0131kan silahl\u0131 kavgada baba hayat\u0131n\u0131 kaybetti, o\u011flu yaraland\u0131. Edinilen bilgilere g\u00f6re, I\u015f\u0131klar Mahallesi&#8217;nde R.A., hen\u00fcz belirlenemeyen nedenle tart\u0131\u015ft\u0131\u011f\u0131 halas\u0131n\u0131n o\u011flu \u015e.S. (57) ile o\u011flu R.S&#8217;yi silahla yaralad\u0131. \u0130hbar \u00fczerine olay yerine jandarma ve sa\u011fl\u0131k ekibi sevk edildi. Yaral\u0131lar, sa\u011fl\u0131k ekiplerinin ilk m\u00fcdahalesinin ard\u0131ndan hastaneye sevk edildi. \u0130hbarla olay yerine sa\u011fl\u0131k [&hellip;]<\/p>\n","protected":false},"author":1,"featured_media":7910,"comment_status":"open","ping_status":"open","sticky":false,"template":"","format":"standard","meta":{"footnotes":""},"categories":[45],"tags":[],"class_list":["post-7908","post","type-post","status-publish","format-standard","has-post-thumbnail","hentry","category-gundem"],"yoast_head":"<!-- This site is optimized with the Yoast SEO plugin v27.4 - https:\/\/yoast.com\/product\/yoast-seo-wordpress\/ -->\n<title>Diyarbak\u0131r&#039;da akrabalar aras\u0131nda silahl\u0131 kavga: Baba \u00f6ld\u00fc, o\u011flu yaraland\u0131 - Memurun Sesi<\/title>\n<meta name=\"robots\" content=\"index, follow, max-snippet:-1, max-image-preview:large, max-video-preview:-1\" \/>\n<link rel=\"canonical\" href=\"https:\/\/memurunsesi.net\/index.php\/2025\/06\/11\/diyarbakirda-akrabalar-arasinda-silahli-kavga-baba-oldu-oglu-yaralandi\/\" \/>\n<meta property=\"og:locale\" content=\"tr_TR\" \/>\n<meta property=\"og:type\" content=\"article\" \/>\n<meta property=\"og:title\" content=\"Diyarbak\u0131r&#039;da akrabalar aras\u0131nda silahl\u0131 kavga: Baba \u00f6ld\u00fc, o\u011flu yaraland\u0131 - Memurun Sesi\" \/>\n<meta property=\"og:description\" content=\"Diyarbak\u0131r&#8217;\u0131n Bismil il\u00e7esinde akrabalar aras\u0131nda \u00e7\u0131kan silahl\u0131 kavgada baba hayat\u0131n\u0131 kaybetti, o\u011flu yaraland\u0131. Edinilen bilgilere g\u00f6re, I\u015f\u0131klar Mahallesi&#8217;nde R.A., hen\u00fcz belirlenemeyen nedenle tart\u0131\u015ft\u0131\u011f\u0131 halas\u0131n\u0131n o\u011flu \u015e.S. (57) ile o\u011flu R.S&#8217;yi silahla yaralad\u0131. \u0130hbar \u00fczerine olay yerine jandarma ve sa\u011fl\u0131k ekibi sevk edildi. Yaral\u0131lar, sa\u011fl\u0131k ekiplerinin ilk m\u00fcdahalesinin ard\u0131ndan hastaneye sevk edildi. \u0130hbarla olay yerine sa\u011fl\u0131k [&hellip;]\" \/>\n<meta property=\"og:url\" content=\"https:\/\/memurunsesi.net\/index.php\/2025\/06\/11\/diyarbakirda-akrabalar-arasinda-silahli-kavga-baba-oldu-oglu-yaralandi\/\" \/>\n<meta property=\"og:site_name\" content=\"Memurun Sesi\" \/>\n<meta property=\"article:publisher\" content=\"https:\/\/www.facebook.com\/unipersen\/?locale=tr_TR\" \/>\n<meta property=\"article:published_time\" content=\"2025-06-11T19:20:30+00:00\" \/>\n<meta property=\"og:image\" content=\"https:\/\/memurunsesi.net\/wp-content\/uploads\/2025\/06\/AW474198_01-1.jpg\" \/>\n\t<meta property=\"og:image:width\" content=\"640\" \/>\n\t<meta property=\"og:image:height\" content=\"480\" \/>\n\t<meta property=\"og:image:type\" content=\"image\/jpeg\" \/>\n<meta name=\"author\" content=\"Memurun Sesi Haber Merkezi\" \/>\n<meta name=\"twitter:card\" content=\"summary_large_image\" \/>\n<meta name=\"twitter:creator\" content=\"@unipersen\" \/>\n<meta name=\"twitter:site\" content=\"@unipersen\" \/>\n<meta name=\"twitter:label1\" content=\"Yazan:\" \/>\n\t<meta name=\"twitter:data1\" content=\"Memurun Sesi Haber Merkezi\" \/>\n\t<meta name=\"twitter:label2\" content=\"Tahmini okuma s\u00fcresi\" \/>\n\t<meta name=\"twitter:data2\" content=\"1 dakika\" \/>\n<script type=\"application\/ld+json\" class=\"yoast-schema-graph\">{\"@context\":\"https:\\\/\\\/schema.org\",\"@graph\":[{\"@type\":\"Article\",\"@id\":\"https:\\\/\\\/memurunsesi.net\\\/index.php\\\/2025\\\/06\\\/11\\\/diyarbakirda-akrabalar-arasinda-silahli-kavga-baba-oldu-oglu-yaralandi\\\/#article\",\"isPartOf\":{\"@id\":\"https:\\\/\\\/memurunsesi.net\\\/index.php\\\/2025\\\/06\\\/11\\\/diyarbakirda-akrabalar-arasinda-silahli-kavga-baba-oldu-oglu-yaralandi\\\/\"},\"author\":{\"name\":\"Memurun Sesi Haber Merkezi\",\"@id\":\"https:\\\/\\\/memurunsesi.net\\\/#\\\/schema\\\/person\\\/f21c2d73b89f6ee1d80b0a1803e38587\"},\"headline\":\"Diyarbak\u0131r&#8217;da akrabalar aras\u0131nda silahl\u0131 kavga: Baba \u00f6ld\u00fc, o\u011flu yaraland\u0131\",\"datePublished\":\"2025-06-11T19:20:30+00:00\",\"mainEntityOfPage\":{\"@id\":\"https:\\\/\\\/memurunsesi.net\\\/index.php\\\/2025\\\/06\\\/11\\\/diyarbakirda-akrabalar-arasinda-silahli-kavga-baba-oldu-oglu-yaralandi\\\/\"},\"wordCount\":135,\"commentCount\":0,\"publisher\":{\"@id\":\"https:\\\/\\\/memurunsesi.net\\\/#organization\"},\"image\":{\"@id\":\"https:\\\/\\\/memurunsesi.net\\\/index.php\\\/2025\\\/06\\\/11\\\/diyarbakirda-akrabalar-arasinda-silahli-kavga-baba-oldu-oglu-yaralandi\\\/#primaryimage\"},\"thumbnailUrl\":\"https:\\\/\\\/memurunsesi.net\\\/wp-content\\\/uploads\\\/2025\\\/06\\\/AW474198_01-1.jpg\",\"articleSection\":[\"G\u00fcndem\"],\"inLanguage\":\"tr\",\"potentialAction\":[{\"@type\":\"CommentAction\",\"name\":\"Comment\",\"target\":[\"https:\\\/\\\/memurunsesi.net\\\/index.php\\\/2025\\\/06\\\/11\\\/diyarbakirda-akrabalar-arasinda-silahli-kavga-baba-oldu-oglu-yaralandi\\\/#respond\"]}]},{\"@type\":\"WebPage\",\"@id\":\"https:\\\/\\\/memurunsesi.net\\\/index.php\\\/2025\\\/06\\\/11\\\/diyarbakirda-akrabalar-arasinda-silahli-kavga-baba-oldu-oglu-yaralandi\\\/\",\"url\":\"https:\\\/\\\/memurunsesi.net\\\/index.php\\\/2025\\\/06\\\/11\\\/diyarbakirda-akrabalar-arasinda-silahli-kavga-baba-oldu-oglu-yaralandi\\\/\",\"name\":\"Diyarbak\u0131r'da akrabalar aras\u0131nda silahl\u0131 kavga: Baba \u00f6ld\u00fc, o\u011flu yaraland\u0131 - Memurun Sesi\",\"isPartOf\":{\"@id\":\"https:\\\/\\\/memurunsesi.net\\\/#website\"},\"primaryImageOfPage\":{\"@id\":\"https:\\\/\\\/memurunsesi.net\\\/index.php\\\/2025\\\/06\\\/11\\\/diyarbakirda-akrabalar-arasinda-silahli-kavga-baba-oldu-oglu-yaralandi\\\/#primaryimage\"},\"image\":{\"@id\":\"https:\\\/\\\/memurunsesi.net\\\/index.php\\\/2025\\\/06\\\/11\\\/diyarbakirda-akrabalar-arasinda-silahli-kavga-baba-oldu-oglu-yaralandi\\\/#primaryimage\"},\"thumbnailUrl\":\"https:\\\/\\\/memurunsesi.net\\\/wp-content\\\/uploads\\\/2025\\\/06\\\/AW474198_01-1.jpg\",\"datePublished\":\"2025-06-11T19:20:30+00:00\",\"breadcrumb\":{\"@id\":\"https:\\\/\\\/memurunsesi.net\\\/index.php\\\/2025\\\/06\\\/11\\\/diyarbakirda-akrabalar-arasinda-silahli-kavga-baba-oldu-oglu-yaralandi\\\/#breadcrumb\"},\"inLanguage\":\"tr\",\"potentialAction\":[{\"@type\":\"ReadAction\",\"target\":[\"https:\\\/\\\/memurunsesi.net\\\/index.php\\\/2025\\\/06\\\/11\\\/diyarbakirda-akrabalar-arasinda-silahli-kavga-baba-oldu-oglu-yaralandi\\\/\"]}]},{\"@type\":\"ImageObject\",\"inLanguage\":\"tr\",\"@id\":\"https:\\\/\\\/memurunsesi.net\\\/index.php\\\/2025\\\/06\\\/11\\\/diyarbakirda-akrabalar-arasinda-silahli-kavga-baba-oldu-oglu-yaralandi\\\/#primaryimage\",\"url\":\"https:\\\/\\\/memurunsesi.net\\\/wp-content\\\/uploads\\\/2025\\\/06\\\/AW474198_01-1.jpg\",\"contentUrl\":\"https:\\\/\\\/memurunsesi.net\\\/wp-content\\\/uploads\\\/2025\\\/06\\\/AW474198_01-1.jpg\",\"width\":640,\"height\":480,\"caption\":\"D\u0130YARBAKIR'IN B\u0130SM\u0130L \u0130L\u00c7ES\u0130NDE AKRABALAR ARASINDA \u00c7IKAN S\u0130LAHLI KAVGADA BABA HAYATINI KAYBETT\u0130, O\u011eLU YARALANDI. (RIDVAN KILI\u00c7 - ZEHRA GAYRETL\u0130\\\/D\u0130YARBAKIR-\u0130HA) Diyarbak\u0131r'\u0131n Bismil il\u00e7esinde akrabalar aras\u0131nda \u00e7\u0131kan silahl\u0131 kavgada baba hayat\u0131n\u0131 kaybetti, o\u011flu yaraland\u0131.\"},{\"@type\":\"BreadcrumbList\",\"@id\":\"https:\\\/\\\/memurunsesi.net\\\/index.php\\\/2025\\\/06\\\/11\\\/diyarbakirda-akrabalar-arasinda-silahli-kavga-baba-oldu-oglu-yaralandi\\\/#breadcrumb\",\"itemListElement\":[{\"@type\":\"ListItem\",\"position\":1,\"name\":\"Anasayfa\",\"item\":\"https:\\\/\\\/memurunsesi.net\\\/\"},{\"@type\":\"ListItem\",\"position\":2,\"name\":\"Diyarbak\u0131r&#8217;da akrabalar aras\u0131nda silahl\u0131 kavga: Baba \u00f6ld\u00fc, o\u011flu yaraland\u0131\"}]},{\"@type\":\"WebSite\",\"@id\":\"https:\\\/\\\/memurunsesi.net\\\/#website\",\"url\":\"https:\\\/\\\/memurunsesi.net\\\/\",\"name\":\"Memurun Sesi\",\"description\":\"G\u00fcncel ve Do\u011fru Haber\",\"publisher\":{\"@id\":\"https:\\\/\\\/memurunsesi.net\\\/#organization\"},\"potentialAction\":[{\"@type\":\"SearchAction\",\"target\":{\"@type\":\"EntryPoint\",\"urlTemplate\":\"https:\\\/\\\/memurunsesi.net\\\/?s={search_term_string}\"},\"query-input\":{\"@type\":\"PropertyValueSpecification\",\"valueRequired\":true,\"valueName\":\"search_term_string\"}}],\"inLanguage\":\"tr\"},{\"@type\":\"Organization\",\"@id\":\"https:\\\/\\\/memurunsesi.net\\\/#organization\",\"name\":\"Memurun Sesi\",\"url\":\"https:\\\/\\\/memurunsesi.net\\\/\",\"logo\":{\"@type\":\"ImageObject\",\"inLanguage\":\"tr\",\"@id\":\"https:\\\/\\\/memurunsesi.net\\\/#\\\/schema\\\/logo\\\/image\\\/\",\"url\":\"https:\\\/\\\/memurunsesi.net\\\/wp-content\\\/uploads\\\/2025\\\/11\\\/cropped-MEMURUN-SESI.png\",\"contentUrl\":\"https:\\\/\\\/memurunsesi.net\\\/wp-content\\\/uploads\\\/2025\\\/11\\\/cropped-MEMURUN-SESI.png\",\"width\":238,\"height\":57,\"caption\":\"Memurun Sesi\"},\"image\":{\"@id\":\"https:\\\/\\\/memurunsesi.net\\\/#\\\/schema\\\/logo\\\/image\\\/\"},\"sameAs\":[\"https:\\\/\\\/www.facebook.com\\\/unipersen\\\/?locale=tr_TR\",\"https:\\\/\\\/x.com\\\/unipersen\"]},{\"@type\":\"Person\",\"@id\":\"https:\\\/\\\/memurunsesi.net\\\/#\\\/schema\\\/person\\\/f21c2d73b89f6ee1d80b0a1803e38587\",\"name\":\"Memurun Sesi Haber Merkezi\",\"image\":{\"@type\":\"ImageObject\",\"inLanguage\":\"tr\",\"@id\":\"https:\\\/\\\/secure.gravatar.com\\\/avatar\\\/6cf0505f452ee753f485014986fab09a434671d2b919ee76fc541025c5876a70?s=96&d=mm&r=g\",\"url\":\"https:\\\/\\\/secure.gravatar.com\\\/avatar\\\/6cf0505f452ee753f485014986fab09a434671d2b919ee76fc541025c5876a70?s=96&d=mm&r=g\",\"contentUrl\":\"https:\\\/\\\/secure.gravatar.com\\\/avatar\\\/6cf0505f452ee753f485014986fab09a434671d2b919ee76fc541025c5876a70?s=96&d=mm&r=g\",\"caption\":\"Memurun Sesi Haber Merkezi\"},\"sameAs\":[\"https:\\\/\\\/memurunsesi.net\"],\"url\":\"https:\\\/\\\/memurunsesi.net\\\/index.php\\\/author\\\/uniper\\\/\"}]}<\/script>\n<!-- \/ Yoast SEO plugin. -->","yoast_head_json":{"title":"Diyarbak\u0131r'da akrabalar aras\u0131nda silahl\u0131 kavga: Baba \u00f6ld\u00fc, o\u011flu yaraland\u0131 - Memurun Sesi","robots":{"index":"index","follow":"follow","max-snippet":"max-snippet:-1","max-image-preview":"max-image-preview:large","max-video-preview":"max-video-preview:-1"},"canonical":"https:\/\/memurunsesi.net\/index.php\/2025\/06\/11\/diyarbakirda-akrabalar-arasinda-silahli-kavga-baba-oldu-oglu-yaralandi\/","og_locale":"tr_TR","og_type":"article","og_title":"Diyarbak\u0131r'da akrabalar aras\u0131nda silahl\u0131 kavga: Baba \u00f6ld\u00fc, o\u011flu yaraland\u0131 - Memurun Sesi","og_description":"Diyarbak\u0131r&#8217;\u0131n Bismil il\u00e7esinde akrabalar aras\u0131nda \u00e7\u0131kan silahl\u0131 kavgada baba hayat\u0131n\u0131 kaybetti, o\u011flu yaraland\u0131. Edinilen bilgilere g\u00f6re, I\u015f\u0131klar Mahallesi&#8217;nde R.A., hen\u00fcz belirlenemeyen nedenle tart\u0131\u015ft\u0131\u011f\u0131 halas\u0131n\u0131n o\u011flu \u015e.S. (57) ile o\u011flu R.S&#8217;yi silahla yaralad\u0131. \u0130hbar \u00fczerine olay yerine jandarma ve sa\u011fl\u0131k ekibi sevk edildi. Yaral\u0131lar, sa\u011fl\u0131k ekiplerinin ilk m\u00fcdahalesinin ard\u0131ndan hastaneye sevk edildi. \u0130hbarla olay yerine sa\u011fl\u0131k [&hellip;]","og_url":"https:\/\/memurunsesi.net\/index.php\/2025\/06\/11\/diyarbakirda-akrabalar-arasinda-silahli-kavga-baba-oldu-oglu-yaralandi\/","og_site_name":"Memurun Sesi","article_publisher":"https:\/\/www.facebook.com\/unipersen\/?locale=tr_TR","article_published_time":"2025-06-11T19:20:30+00:00","og_image":[{"width":640,"height":480,"url":"https:\/\/memurunsesi.net\/wp-content\/uploads\/2025\/06\/AW474198_01-1.jpg","type":"image\/jpeg"}],"author":"Memurun Sesi Haber Merkezi","twitter_card":"summary_large_image","twitter_creator":"@unipersen","twitter_site":"@unipersen","twitter_misc":{"Yazan:":"Memurun Sesi Haber Merkezi","Tahmini okuma s\u00fcresi":"1 dakika"},"schema":{"@context":"https:\/\/schema.org","@graph":[{"@type":"Article","@id":"https:\/\/memurunsesi.net\/index.php\/2025\/06\/11\/diyarbakirda-akrabalar-arasinda-silahli-kavga-baba-oldu-oglu-yaralandi\/#article","isPartOf":{"@id":"https:\/\/memurunsesi.net\/index.php\/2025\/06\/11\/diyarbakirda-akrabalar-arasinda-silahli-kavga-baba-oldu-oglu-yaralandi\/"},"author":{"name":"Memurun Sesi Haber Merkezi","@id":"https:\/\/memurunsesi.net\/#\/schema\/person\/f21c2d73b89f6ee1d80b0a1803e38587"},"headline":"Diyarbak\u0131r&#8217;da akrabalar aras\u0131nda silahl\u0131 kavga: Baba \u00f6ld\u00fc, o\u011flu yaraland\u0131","datePublished":"2025-06-11T19:20:30+00:00","mainEntityOfPage":{"@id":"https:\/\/memurunsesi.net\/index.php\/2025\/06\/11\/diyarbakirda-akrabalar-arasinda-silahli-kavga-baba-oldu-oglu-yaralandi\/"},"wordCount":135,"commentCount":0,"publisher":{"@id":"https:\/\/memurunsesi.net\/#organization"},"image":{"@id":"https:\/\/memurunsesi.net\/index.php\/2025\/06\/11\/diyarbakirda-akrabalar-arasinda-silahli-kavga-baba-oldu-oglu-yaralandi\/#primaryimage"},"thumbnailUrl":"https:\/\/memurunsesi.net\/wp-content\/uploads\/2025\/06\/AW474198_01-1.jpg","articleSection":["G\u00fcndem"],"inLanguage":"tr","potentialAction":[{"@type":"CommentAction","name":"Comment","target":["https:\/\/memurunsesi.net\/index.php\/2025\/06\/11\/diyarbakirda-akrabalar-arasinda-silahli-kavga-baba-oldu-oglu-yaralandi\/#respond"]}]},{"@type":"WebPage","@id":"https:\/\/memurunsesi.net\/index.php\/2025\/06\/11\/diyarbakirda-akrabalar-arasinda-silahli-kavga-baba-oldu-oglu-yaralandi\/","url":"https:\/\/memurunsesi.net\/index.php\/2025\/06\/11\/diyarbakirda-akrabalar-arasinda-silahli-kavga-baba-oldu-oglu-yaralandi\/","name":"Diyarbak\u0131r'da akrabalar aras\u0131nda silahl\u0131 kavga: Baba \u00f6ld\u00fc, o\u011flu yaraland\u0131 - Memurun Sesi","isPartOf":{"@id":"https:\/\/memurunsesi.net\/#website"},"primaryImageOfPage":{"@id":"https:\/\/memurunsesi.net\/index.php\/2025\/06\/11\/diyarbakirda-akrabalar-arasinda-silahli-kavga-baba-oldu-oglu-yaralandi\/#primaryimage"},"image":{"@id":"https:\/\/memurunsesi.net\/index.php\/2025\/06\/11\/diyarbakirda-akrabalar-arasinda-silahli-kavga-baba-oldu-oglu-yaralandi\/#primaryimage"},"thumbnailUrl":"https:\/\/memurunsesi.net\/wp-content\/uploads\/2025\/06\/AW474198_01-1.jpg","datePublished":"2025-06-11T19:20:30+00:00","breadcrumb":{"@id":"https:\/\/memurunsesi.net\/index.php\/2025\/06\/11\/diyarbakirda-akrabalar-arasinda-silahli-kavga-baba-oldu-oglu-yaralandi\/#breadcrumb"},"inLanguage":"tr","potentialAction":[{"@type":"ReadAction","target":["https:\/\/memurunsesi.net\/index.php\/2025\/06\/11\/diyarbakirda-akrabalar-arasinda-silahli-kavga-baba-oldu-oglu-yaralandi\/"]}]},{"@type":"ImageObject","inLanguage":"tr","@id":"https:\/\/memurunsesi.net\/index.php\/2025\/06\/11\/diyarbakirda-akrabalar-arasinda-silahli-kavga-baba-oldu-oglu-yaralandi\/#primaryimage","url":"https:\/\/memurunsesi.net\/wp-content\/uploads\/2025\/06\/AW474198_01-1.jpg","contentUrl":"https:\/\/memurunsesi.net\/wp-content\/uploads\/2025\/06\/AW474198_01-1.jpg","width":640,"height":480,"caption":"D\u0130YARBAKIR'IN B\u0130SM\u0130L \u0130L\u00c7ES\u0130NDE AKRABALAR ARASINDA \u00c7IKAN S\u0130LAHLI KAVGADA BABA HAYATINI KAYBETT\u0130, O\u011eLU YARALANDI. (RIDVAN KILI\u00c7 - ZEHRA GAYRETL\u0130\/D\u0130YARBAKIR-\u0130HA) Diyarbak\u0131r'\u0131n Bismil il\u00e7esinde akrabalar aras\u0131nda \u00e7\u0131kan silahl\u0131 kavgada baba hayat\u0131n\u0131 kaybetti, o\u011flu yaraland\u0131."},{"@type":"BreadcrumbList","@id":"https:\/\/memurunsesi.net\/index.php\/2025\/06\/11\/diyarbakirda-akrabalar-arasinda-silahli-kavga-baba-oldu-oglu-yaralandi\/#breadcrumb","itemListElement":[{"@type":"ListItem","position":1,"name":"Anasayfa","item":"https:\/\/memurunsesi.net\/"},{"@type":"ListItem","position":2,"name":"Diyarbak\u0131r&#8217;da akrabalar aras\u0131nda silahl\u0131 kavga: Baba \u00f6ld\u00fc, o\u011flu yaraland\u0131"}]},{"@type":"WebSite","@id":"https:\/\/memurunsesi.net\/#website","url":"https:\/\/memurunsesi.net\/","name":"Memurun Sesi","description":"G\u00fcncel ve Do\u011fru Haber","publisher":{"@id":"https:\/\/memurunsesi.net\/#organization"},"potentialAction":[{"@type":"SearchAction","target":{"@type":"EntryPoint","urlTemplate":"https:\/\/memurunsesi.net\/?s={search_term_string}"},"query-input":{"@type":"PropertyValueSpecification","valueRequired":true,"valueName":"search_term_string"}}],"inLanguage":"tr"},{"@type":"Organization","@id":"https:\/\/memurunsesi.net\/#organization","name":"Memurun Sesi","url":"https:\/\/memurunsesi.net\/","logo":{"@type":"ImageObject","inLanguage":"tr","@id":"https:\/\/memurunsesi.net\/#\/schema\/logo\/image\/","url":"https:\/\/memurunsesi.net\/wp-content\/uploads\/2025\/11\/cropped-MEMURUN-SESI.png","contentUrl":"https:\/\/memurunsesi.net\/wp-content\/uploads\/2025\/11\/cropped-MEMURUN-SESI.png","width":238,"height":57,"caption":"Memurun Sesi"},"image":{"@id":"https:\/\/memurunsesi.net\/#\/schema\/logo\/image\/"},"sameAs":["https:\/\/www.facebook.com\/unipersen\/?locale=tr_TR","https:\/\/x.com\/unipersen"]},{"@type":"Person","@id":"https:\/\/memurunsesi.net\/#\/schema\/person\/f21c2d73b89f6ee1d80b0a1803e38587","name":"Memurun Sesi Haber Merkezi","image":{"@type":"ImageObject","inLanguage":"tr","@id":"https:\/\/secure.gravatar.com\/avatar\/6cf0505f452ee753f485014986fab09a434671d2b919ee76fc541025c5876a70?s=96&d=mm&r=g","url":"https:\/\/secure.gravatar.com\/avatar\/6cf0505f452ee753f485014986fab09a434671d2b919ee76fc541025c5876a70?s=96&d=mm&r=g","contentUrl":"https:\/\/secure.gravatar.com\/avatar\/6cf0505f452ee753f485014986fab09a434671d2b919ee76fc541025c5876a70?s=96&d=mm&r=g","caption":"Memurun Sesi Haber Merkezi"},"sameAs":["https:\/\/memurunsesi.net"],"url":"https:\/\/memurunsesi.net\/index.php\/author\/uniper\/"}]}},"_links":{"self":[{"href":"https:\/\/memurunsesi.net\/index.php\/wp-json\/wp\/v2\/posts\/7908","targetHints":{"allow":["GET"]}}],"collection":[{"href":"https:\/\/memurunsesi.net\/index.php\/wp-json\/wp\/v2\/posts"}],"about":[{"href":"https:\/\/memurunsesi.net\/index.php\/wp-json\/wp\/v2\/types\/post"}],"author":[{"embeddable":true,"href":"https:\/\/memurunsesi.net\/index.php\/wp-json\/wp\/v2\/users\/1"}],"replies":[{"embeddable":true,"href":"https:\/\/memurunsesi.net\/index.php\/wp-json\/wp\/v2\/comments?post=7908"}],"version-history":[{"count":1,"href":"https:\/\/memurunsesi.net\/index.php\/wp-json\/wp\/v2\/posts\/7908\/revisions"}],"predecessor-version":[{"id":7911,"href":"https:\/\/memurunsesi.net\/index.php\/wp-json\/wp\/v2\/posts\/7908\/revisions\/7911"}],"wp:featuredmedia":[{"embeddable":true,"href":"https:\/\/memurunsesi.net\/index.php\/wp-json\/wp\/v2\/media\/7910"}],"wp:attachment":[{"href":"https:\/\/memurunsesi.net\/index.php\/wp-json\/wp\/v2\/media?parent=7908"}],"wp:term":[{"taxonomy":"category","embeddable":true,"href":"https:\/\/memurunsesi.net\/index.php\/wp-json\/wp\/v2\/categories?post=7908"},{"taxonomy":"post_tag","embeddable":true,"href":"https:\/\/memurunsesi.net\/index.php\/wp-json\/wp\/v2\/tags?post=7908"}],"curies":[{"name":"wp","href":"https:\/\/api.w.org\/{rel}","templated":true}]}}