{"id":7916,"date":"2025-06-11T22:37:57","date_gmt":"2025-06-11T19:37:57","guid":{"rendered":"https:\/\/memurunsesi.net\/?p=7916"},"modified":"2025-06-11T22:37:57","modified_gmt":"2025-06-11T19:37:57","slug":"gaziantepte-iki-otomobil-carpisti-1-olu-2-yarali","status":"publish","type":"post","link":"https:\/\/memurunsesi.net\/index.php\/2025\/06\/11\/gaziantepte-iki-otomobil-carpisti-1-olu-2-yarali\/","title":{"rendered":"Gaziantep&#8217;te iki otomobil \u00e7arp\u0131\u015ft\u0131: 1 \u00f6l\u00fc, 2 yaral\u0131"},"content":{"rendered":"<p>  &#8211; Olay yerinde dakikalarca kalp masaj\u0131 yap\u0131lan s\u00fcr\u00fcc\u00fc kurtar\u0131lamad\u0131  <\/p>\n<p>  Gaziantep&#8217;in Nurda\u011f\u0131 il\u00e7esinde iki arac\u0131n \u00e7arp\u0131\u015fmas\u0131 sonucu meydana gelen kazada a\u011f\u0131r yaralanan ve olay yerinde dakikalarca kalp masaj\u0131 yap\u0131lan 1 ki\u015fi hayat\u0131n\u0131 kaybetti, 2 ki\u015fi yaraland\u0131.<br \/>\n  Kaza, ak\u015fam saatlerine do\u011fru Nurda\u011f\u0131-\u0130slahiye karayolu Kozdere kav\u015fa\u011f\u0131nda meydana geldi. \u0130ddiaya g\u00f6re, \u0130.\u00d6. (40) idaresindeki 41 AUZ 913 plakal\u0131 BMW marka otomobil ile tali yoldan kav\u015fa\u011fa kontrols\u00fcz \u00e7\u0131kt\u0131\u011f\u0131 \u00f6ne s\u00fcr\u00fclen \u0130brahim Halil G\u00fcng\u00f6r (70) idaresindeki 27 SP 585 plakal\u0131 otomobil \u00e7arp\u0131\u015ft\u0131. Kazada s\u00fcr\u00fcc\u00fclerden \u0130brahim Halil G\u00fcng\u00f6r a\u011f\u0131r yaralan\u0131rken 2 ki\u015fi de hafif yaraland\u0131. <\/p>\n<p>  Dakikalarca kalp masaj\u0131 yap\u0131lan s\u00fcr\u00fcc\u00fc kurtar\u0131lamad\u0131<br \/>\n  Olay yerinde dakikalarca kalp masaj\u0131 yap\u0131ld\u0131ktan sonra hastaneye kald\u0131r\u0131lan G\u00fcng\u00f6r, yap\u0131lan t\u00fcm m\u00fcdahalelere ra\u011fmen kurtar\u0131lamayarak hayat\u0131n\u0131 kaybetti. Yaral\u0131 2 ki\u015finin tedavisinin ise s\u00fcrd\u00fc\u011f\u00fc \u00f6\u011frenildi.<br \/>\n  Kaza ile ilgili soru\u015fturma ba\u015flat\u0131ld\u0131. <\/p>\n<p>11.06.2025                         <\/p>\n","protected":false},"excerpt":{"rendered":"<p>&#8211; Olay yerinde dakikalarca kalp masaj\u0131 yap\u0131lan s\u00fcr\u00fcc\u00fc kurtar\u0131lamad\u0131 Gaziantep&#8217;in Nurda\u011f\u0131 il\u00e7esinde iki arac\u0131n \u00e7arp\u0131\u015fmas\u0131 sonucu meydana gelen kazada a\u011f\u0131r yaralanan ve olay yerinde dakikalarca kalp masaj\u0131 yap\u0131lan 1 ki\u015fi hayat\u0131n\u0131 kaybetti, 2 ki\u015fi yaraland\u0131. Kaza, ak\u015fam saatlerine do\u011fru Nurda\u011f\u0131-\u0130slahiye karayolu Kozdere kav\u015fa\u011f\u0131nda meydana geldi. \u0130ddiaya g\u00f6re, \u0130.\u00d6. (40) idaresindeki 41 AUZ 913 plakal\u0131 BMW [&hellip;]<\/p>\n","protected":false},"author":1,"featured_media":7917,"comment_status":"open","ping_status":"open","sticky":false,"template":"","format":"standard","meta":{"footnotes":""},"categories":[1],"tags":[],"class_list":["post-7916","post","type-post","status-publish","format-standard","has-post-thumbnail","hentry","category-genel"],"yoast_head":"<!-- This site is optimized with the Yoast SEO plugin v27.4 - https:\/\/yoast.com\/product\/yoast-seo-wordpress\/ -->\n<title>Gaziantep&#039;te iki otomobil \u00e7arp\u0131\u015ft\u0131: 1 \u00f6l\u00fc, 2 yaral\u0131 - Memurun Sesi<\/title>\n<meta name=\"robots\" content=\"index, follow, max-snippet:-1, max-image-preview:large, max-video-preview:-1\" \/>\n<link rel=\"canonical\" href=\"https:\/\/memurunsesi.net\/index.php\/2025\/06\/11\/gaziantepte-iki-otomobil-carpisti-1-olu-2-yarali\/\" \/>\n<meta property=\"og:locale\" content=\"tr_TR\" \/>\n<meta property=\"og:type\" content=\"article\" \/>\n<meta property=\"og:title\" content=\"Gaziantep&#039;te iki otomobil \u00e7arp\u0131\u015ft\u0131: 1 \u00f6l\u00fc, 2 yaral\u0131 - Memurun Sesi\" \/>\n<meta property=\"og:description\" content=\"&#8211; Olay yerinde dakikalarca kalp masaj\u0131 yap\u0131lan s\u00fcr\u00fcc\u00fc kurtar\u0131lamad\u0131 Gaziantep&#8217;in Nurda\u011f\u0131 il\u00e7esinde iki arac\u0131n \u00e7arp\u0131\u015fmas\u0131 sonucu meydana gelen kazada a\u011f\u0131r yaralanan ve olay yerinde dakikalarca kalp masaj\u0131 yap\u0131lan 1 ki\u015fi hayat\u0131n\u0131 kaybetti, 2 ki\u015fi yaraland\u0131. Kaza, ak\u015fam saatlerine do\u011fru Nurda\u011f\u0131-\u0130slahiye karayolu Kozdere kav\u015fa\u011f\u0131nda meydana geldi. \u0130ddiaya g\u00f6re, \u0130.\u00d6. (40) idaresindeki 41 AUZ 913 plakal\u0131 BMW [&hellip;]\" \/>\n<meta property=\"og:url\" content=\"https:\/\/memurunsesi.net\/index.php\/2025\/06\/11\/gaziantepte-iki-otomobil-carpisti-1-olu-2-yarali\/\" \/>\n<meta property=\"og:site_name\" content=\"Memurun Sesi\" \/>\n<meta property=\"article:publisher\" content=\"https:\/\/www.facebook.com\/unipersen\/?locale=tr_TR\" \/>\n<meta property=\"article:published_time\" content=\"2025-06-11T19:37:57+00:00\" \/>\n<meta property=\"og:image\" content=\"https:\/\/memurunsesi.net\/wp-content\/uploads\/2025\/06\/AW474215_01-1.jpg\" \/>\n\t<meta property=\"og:image:width\" content=\"833\" \/>\n\t<meta property=\"og:image:height\" content=\"498\" \/>\n\t<meta property=\"og:image:type\" content=\"image\/jpeg\" \/>\n<meta name=\"author\" content=\"Memurun Sesi Haber Merkezi\" \/>\n<meta name=\"twitter:card\" content=\"summary_large_image\" \/>\n<meta name=\"twitter:creator\" content=\"@unipersen\" \/>\n<meta name=\"twitter:site\" content=\"@unipersen\" \/>\n<meta name=\"twitter:label1\" content=\"Yazan:\" \/>\n\t<meta name=\"twitter:data1\" content=\"Memurun Sesi Haber Merkezi\" \/>\n\t<meta name=\"twitter:label2\" content=\"Tahmini okuma s\u00fcresi\" \/>\n\t<meta name=\"twitter:data2\" content=\"1 dakika\" \/>\n<script type=\"application\/ld+json\" class=\"yoast-schema-graph\">{\"@context\":\"https:\\\/\\\/schema.org\",\"@graph\":[{\"@type\":\"Article\",\"@id\":\"https:\\\/\\\/memurunsesi.net\\\/index.php\\\/2025\\\/06\\\/11\\\/gaziantepte-iki-otomobil-carpisti-1-olu-2-yarali\\\/#article\",\"isPartOf\":{\"@id\":\"https:\\\/\\\/memurunsesi.net\\\/index.php\\\/2025\\\/06\\\/11\\\/gaziantepte-iki-otomobil-carpisti-1-olu-2-yarali\\\/\"},\"author\":{\"name\":\"Memurun Sesi Haber Merkezi\",\"@id\":\"https:\\\/\\\/memurunsesi.net\\\/#\\\/schema\\\/person\\\/f21c2d73b89f6ee1d80b0a1803e38587\"},\"headline\":\"Gaziantep&#8217;te iki otomobil \u00e7arp\u0131\u015ft\u0131: 1 \u00f6l\u00fc, 2 yaral\u0131\",\"datePublished\":\"2025-06-11T19:37:57+00:00\",\"mainEntityOfPage\":{\"@id\":\"https:\\\/\\\/memurunsesi.net\\\/index.php\\\/2025\\\/06\\\/11\\\/gaziantepte-iki-otomobil-carpisti-1-olu-2-yarali\\\/\"},\"wordCount\":177,\"commentCount\":0,\"publisher\":{\"@id\":\"https:\\\/\\\/memurunsesi.net\\\/#organization\"},\"image\":{\"@id\":\"https:\\\/\\\/memurunsesi.net\\\/index.php\\\/2025\\\/06\\\/11\\\/gaziantepte-iki-otomobil-carpisti-1-olu-2-yarali\\\/#primaryimage\"},\"thumbnailUrl\":\"https:\\\/\\\/memurunsesi.net\\\/wp-content\\\/uploads\\\/2025\\\/06\\\/AW474215_01-1.jpg\",\"inLanguage\":\"tr\",\"potentialAction\":[{\"@type\":\"CommentAction\",\"name\":\"Comment\",\"target\":[\"https:\\\/\\\/memurunsesi.net\\\/index.php\\\/2025\\\/06\\\/11\\\/gaziantepte-iki-otomobil-carpisti-1-olu-2-yarali\\\/#respond\"]}]},{\"@type\":\"WebPage\",\"@id\":\"https:\\\/\\\/memurunsesi.net\\\/index.php\\\/2025\\\/06\\\/11\\\/gaziantepte-iki-otomobil-carpisti-1-olu-2-yarali\\\/\",\"url\":\"https:\\\/\\\/memurunsesi.net\\\/index.php\\\/2025\\\/06\\\/11\\\/gaziantepte-iki-otomobil-carpisti-1-olu-2-yarali\\\/\",\"name\":\"Gaziantep'te iki otomobil \u00e7arp\u0131\u015ft\u0131: 1 \u00f6l\u00fc, 2 yaral\u0131 - Memurun Sesi\",\"isPartOf\":{\"@id\":\"https:\\\/\\\/memurunsesi.net\\\/#website\"},\"primaryImageOfPage\":{\"@id\":\"https:\\\/\\\/memurunsesi.net\\\/index.php\\\/2025\\\/06\\\/11\\\/gaziantepte-iki-otomobil-carpisti-1-olu-2-yarali\\\/#primaryimage\"},\"image\":{\"@id\":\"https:\\\/\\\/memurunsesi.net\\\/index.php\\\/2025\\\/06\\\/11\\\/gaziantepte-iki-otomobil-carpisti-1-olu-2-yarali\\\/#primaryimage\"},\"thumbnailUrl\":\"https:\\\/\\\/memurunsesi.net\\\/wp-content\\\/uploads\\\/2025\\\/06\\\/AW474215_01-1.jpg\",\"datePublished\":\"2025-06-11T19:37:57+00:00\",\"breadcrumb\":{\"@id\":\"https:\\\/\\\/memurunsesi.net\\\/index.php\\\/2025\\\/06\\\/11\\\/gaziantepte-iki-otomobil-carpisti-1-olu-2-yarali\\\/#breadcrumb\"},\"inLanguage\":\"tr\",\"potentialAction\":[{\"@type\":\"ReadAction\",\"target\":[\"https:\\\/\\\/memurunsesi.net\\\/index.php\\\/2025\\\/06\\\/11\\\/gaziantepte-iki-otomobil-carpisti-1-olu-2-yarali\\\/\"]}]},{\"@type\":\"ImageObject\",\"inLanguage\":\"tr\",\"@id\":\"https:\\\/\\\/memurunsesi.net\\\/index.php\\\/2025\\\/06\\\/11\\\/gaziantepte-iki-otomobil-carpisti-1-olu-2-yarali\\\/#primaryimage\",\"url\":\"https:\\\/\\\/memurunsesi.net\\\/wp-content\\\/uploads\\\/2025\\\/06\\\/AW474215_01-1.jpg\",\"contentUrl\":\"https:\\\/\\\/memurunsesi.net\\\/wp-content\\\/uploads\\\/2025\\\/06\\\/AW474215_01-1.jpg\",\"width\":833,\"height\":498,\"caption\":\"GAZ\u0130ANTEP'TE \u0130K\u0130 OTOMOB\u0130L \u00c7ARPI\u015eTI: 1 \u00d6L\u00dc, 2 YARALI (RECEP TUNCER\\\/GAZ\u0130ANTEP-\u0130HA) Gaziantep'in Nurda\u011f\u0131 il\u00e7esinde iki arac\u0131n \u00e7arp\u0131\u015fmas\u0131 sonucu meydana gelen kazada a\u011f\u0131r yaralanan ve olay yerinde dakikalarca kalp masaj\u0131 yap\u0131lan 1 ki\u015fi hayat\u0131n\u0131 kaybetti, 2 ki\u015fi yaraland\u0131.\"},{\"@type\":\"BreadcrumbList\",\"@id\":\"https:\\\/\\\/memurunsesi.net\\\/index.php\\\/2025\\\/06\\\/11\\\/gaziantepte-iki-otomobil-carpisti-1-olu-2-yarali\\\/#breadcrumb\",\"itemListElement\":[{\"@type\":\"ListItem\",\"position\":1,\"name\":\"Anasayfa\",\"item\":\"https:\\\/\\\/memurunsesi.net\\\/\"},{\"@type\":\"ListItem\",\"position\":2,\"name\":\"Gaziantep&#8217;te iki otomobil \u00e7arp\u0131\u015ft\u0131: 1 \u00f6l\u00fc, 2 yaral\u0131\"}]},{\"@type\":\"WebSite\",\"@id\":\"https:\\\/\\\/memurunsesi.net\\\/#website\",\"url\":\"https:\\\/\\\/memurunsesi.net\\\/\",\"name\":\"Memurun Sesi\",\"description\":\"G\u00fcncel ve Do\u011fru Haber\",\"publisher\":{\"@id\":\"https:\\\/\\\/memurunsesi.net\\\/#organization\"},\"potentialAction\":[{\"@type\":\"SearchAction\",\"target\":{\"@type\":\"EntryPoint\",\"urlTemplate\":\"https:\\\/\\\/memurunsesi.net\\\/?s={search_term_string}\"},\"query-input\":{\"@type\":\"PropertyValueSpecification\",\"valueRequired\":true,\"valueName\":\"search_term_string\"}}],\"inLanguage\":\"tr\"},{\"@type\":\"Organization\",\"@id\":\"https:\\\/\\\/memurunsesi.net\\\/#organization\",\"name\":\"Memurun Sesi\",\"url\":\"https:\\\/\\\/memurunsesi.net\\\/\",\"logo\":{\"@type\":\"ImageObject\",\"inLanguage\":\"tr\",\"@id\":\"https:\\\/\\\/memurunsesi.net\\\/#\\\/schema\\\/logo\\\/image\\\/\",\"url\":\"https:\\\/\\\/memurunsesi.net\\\/wp-content\\\/uploads\\\/2025\\\/11\\\/cropped-MEMURUN-SESI.png\",\"contentUrl\":\"https:\\\/\\\/memurunsesi.net\\\/wp-content\\\/uploads\\\/2025\\\/11\\\/cropped-MEMURUN-SESI.png\",\"width\":238,\"height\":57,\"caption\":\"Memurun Sesi\"},\"image\":{\"@id\":\"https:\\\/\\\/memurunsesi.net\\\/#\\\/schema\\\/logo\\\/image\\\/\"},\"sameAs\":[\"https:\\\/\\\/www.facebook.com\\\/unipersen\\\/?locale=tr_TR\",\"https:\\\/\\\/x.com\\\/unipersen\"]},{\"@type\":\"Person\",\"@id\":\"https:\\\/\\\/memurunsesi.net\\\/#\\\/schema\\\/person\\\/f21c2d73b89f6ee1d80b0a1803e38587\",\"name\":\"Memurun Sesi Haber Merkezi\",\"image\":{\"@type\":\"ImageObject\",\"inLanguage\":\"tr\",\"@id\":\"https:\\\/\\\/secure.gravatar.com\\\/avatar\\\/6cf0505f452ee753f485014986fab09a434671d2b919ee76fc541025c5876a70?s=96&d=mm&r=g\",\"url\":\"https:\\\/\\\/secure.gravatar.com\\\/avatar\\\/6cf0505f452ee753f485014986fab09a434671d2b919ee76fc541025c5876a70?s=96&d=mm&r=g\",\"contentUrl\":\"https:\\\/\\\/secure.gravatar.com\\\/avatar\\\/6cf0505f452ee753f485014986fab09a434671d2b919ee76fc541025c5876a70?s=96&d=mm&r=g\",\"caption\":\"Memurun Sesi Haber Merkezi\"},\"sameAs\":[\"https:\\\/\\\/memurunsesi.net\"],\"url\":\"https:\\\/\\\/memurunsesi.net\\\/index.php\\\/author\\\/uniper\\\/\"}]}<\/script>\n<!-- \/ Yoast SEO plugin. -->","yoast_head_json":{"title":"Gaziantep'te iki otomobil \u00e7arp\u0131\u015ft\u0131: 1 \u00f6l\u00fc, 2 yaral\u0131 - Memurun Sesi","robots":{"index":"index","follow":"follow","max-snippet":"max-snippet:-1","max-image-preview":"max-image-preview:large","max-video-preview":"max-video-preview:-1"},"canonical":"https:\/\/memurunsesi.net\/index.php\/2025\/06\/11\/gaziantepte-iki-otomobil-carpisti-1-olu-2-yarali\/","og_locale":"tr_TR","og_type":"article","og_title":"Gaziantep'te iki otomobil \u00e7arp\u0131\u015ft\u0131: 1 \u00f6l\u00fc, 2 yaral\u0131 - Memurun Sesi","og_description":"&#8211; Olay yerinde dakikalarca kalp masaj\u0131 yap\u0131lan s\u00fcr\u00fcc\u00fc kurtar\u0131lamad\u0131 Gaziantep&#8217;in Nurda\u011f\u0131 il\u00e7esinde iki arac\u0131n \u00e7arp\u0131\u015fmas\u0131 sonucu meydana gelen kazada a\u011f\u0131r yaralanan ve olay yerinde dakikalarca kalp masaj\u0131 yap\u0131lan 1 ki\u015fi hayat\u0131n\u0131 kaybetti, 2 ki\u015fi yaraland\u0131. Kaza, ak\u015fam saatlerine do\u011fru Nurda\u011f\u0131-\u0130slahiye karayolu Kozdere kav\u015fa\u011f\u0131nda meydana geldi. \u0130ddiaya g\u00f6re, \u0130.\u00d6. (40) idaresindeki 41 AUZ 913 plakal\u0131 BMW [&hellip;]","og_url":"https:\/\/memurunsesi.net\/index.php\/2025\/06\/11\/gaziantepte-iki-otomobil-carpisti-1-olu-2-yarali\/","og_site_name":"Memurun Sesi","article_publisher":"https:\/\/www.facebook.com\/unipersen\/?locale=tr_TR","article_published_time":"2025-06-11T19:37:57+00:00","og_image":[{"width":833,"height":498,"url":"https:\/\/memurunsesi.net\/wp-content\/uploads\/2025\/06\/AW474215_01-1.jpg","type":"image\/jpeg"}],"author":"Memurun Sesi Haber Merkezi","twitter_card":"summary_large_image","twitter_creator":"@unipersen","twitter_site":"@unipersen","twitter_misc":{"Yazan:":"Memurun Sesi Haber Merkezi","Tahmini okuma s\u00fcresi":"1 dakika"},"schema":{"@context":"https:\/\/schema.org","@graph":[{"@type":"Article","@id":"https:\/\/memurunsesi.net\/index.php\/2025\/06\/11\/gaziantepte-iki-otomobil-carpisti-1-olu-2-yarali\/#article","isPartOf":{"@id":"https:\/\/memurunsesi.net\/index.php\/2025\/06\/11\/gaziantepte-iki-otomobil-carpisti-1-olu-2-yarali\/"},"author":{"name":"Memurun Sesi Haber Merkezi","@id":"https:\/\/memurunsesi.net\/#\/schema\/person\/f21c2d73b89f6ee1d80b0a1803e38587"},"headline":"Gaziantep&#8217;te iki otomobil \u00e7arp\u0131\u015ft\u0131: 1 \u00f6l\u00fc, 2 yaral\u0131","datePublished":"2025-06-11T19:37:57+00:00","mainEntityOfPage":{"@id":"https:\/\/memurunsesi.net\/index.php\/2025\/06\/11\/gaziantepte-iki-otomobil-carpisti-1-olu-2-yarali\/"},"wordCount":177,"commentCount":0,"publisher":{"@id":"https:\/\/memurunsesi.net\/#organization"},"image":{"@id":"https:\/\/memurunsesi.net\/index.php\/2025\/06\/11\/gaziantepte-iki-otomobil-carpisti-1-olu-2-yarali\/#primaryimage"},"thumbnailUrl":"https:\/\/memurunsesi.net\/wp-content\/uploads\/2025\/06\/AW474215_01-1.jpg","inLanguage":"tr","potentialAction":[{"@type":"CommentAction","name":"Comment","target":["https:\/\/memurunsesi.net\/index.php\/2025\/06\/11\/gaziantepte-iki-otomobil-carpisti-1-olu-2-yarali\/#respond"]}]},{"@type":"WebPage","@id":"https:\/\/memurunsesi.net\/index.php\/2025\/06\/11\/gaziantepte-iki-otomobil-carpisti-1-olu-2-yarali\/","url":"https:\/\/memurunsesi.net\/index.php\/2025\/06\/11\/gaziantepte-iki-otomobil-carpisti-1-olu-2-yarali\/","name":"Gaziantep'te iki otomobil \u00e7arp\u0131\u015ft\u0131: 1 \u00f6l\u00fc, 2 yaral\u0131 - Memurun Sesi","isPartOf":{"@id":"https:\/\/memurunsesi.net\/#website"},"primaryImageOfPage":{"@id":"https:\/\/memurunsesi.net\/index.php\/2025\/06\/11\/gaziantepte-iki-otomobil-carpisti-1-olu-2-yarali\/#primaryimage"},"image":{"@id":"https:\/\/memurunsesi.net\/index.php\/2025\/06\/11\/gaziantepte-iki-otomobil-carpisti-1-olu-2-yarali\/#primaryimage"},"thumbnailUrl":"https:\/\/memurunsesi.net\/wp-content\/uploads\/2025\/06\/AW474215_01-1.jpg","datePublished":"2025-06-11T19:37:57+00:00","breadcrumb":{"@id":"https:\/\/memurunsesi.net\/index.php\/2025\/06\/11\/gaziantepte-iki-otomobil-carpisti-1-olu-2-yarali\/#breadcrumb"},"inLanguage":"tr","potentialAction":[{"@type":"ReadAction","target":["https:\/\/memurunsesi.net\/index.php\/2025\/06\/11\/gaziantepte-iki-otomobil-carpisti-1-olu-2-yarali\/"]}]},{"@type":"ImageObject","inLanguage":"tr","@id":"https:\/\/memurunsesi.net\/index.php\/2025\/06\/11\/gaziantepte-iki-otomobil-carpisti-1-olu-2-yarali\/#primaryimage","url":"https:\/\/memurunsesi.net\/wp-content\/uploads\/2025\/06\/AW474215_01-1.jpg","contentUrl":"https:\/\/memurunsesi.net\/wp-content\/uploads\/2025\/06\/AW474215_01-1.jpg","width":833,"height":498,"caption":"GAZ\u0130ANTEP'TE \u0130K\u0130 OTOMOB\u0130L \u00c7ARPI\u015eTI: 1 \u00d6L\u00dc, 2 YARALI (RECEP TUNCER\/GAZ\u0130ANTEP-\u0130HA) Gaziantep'in Nurda\u011f\u0131 il\u00e7esinde iki arac\u0131n \u00e7arp\u0131\u015fmas\u0131 sonucu meydana gelen kazada a\u011f\u0131r yaralanan ve olay yerinde dakikalarca kalp masaj\u0131 yap\u0131lan 1 ki\u015fi hayat\u0131n\u0131 kaybetti, 2 ki\u015fi yaraland\u0131."},{"@type":"BreadcrumbList","@id":"https:\/\/memurunsesi.net\/index.php\/2025\/06\/11\/gaziantepte-iki-otomobil-carpisti-1-olu-2-yarali\/#breadcrumb","itemListElement":[{"@type":"ListItem","position":1,"name":"Anasayfa","item":"https:\/\/memurunsesi.net\/"},{"@type":"ListItem","position":2,"name":"Gaziantep&#8217;te iki otomobil \u00e7arp\u0131\u015ft\u0131: 1 \u00f6l\u00fc, 2 yaral\u0131"}]},{"@type":"WebSite","@id":"https:\/\/memurunsesi.net\/#website","url":"https:\/\/memurunsesi.net\/","name":"Memurun Sesi","description":"G\u00fcncel ve Do\u011fru Haber","publisher":{"@id":"https:\/\/memurunsesi.net\/#organization"},"potentialAction":[{"@type":"SearchAction","target":{"@type":"EntryPoint","urlTemplate":"https:\/\/memurunsesi.net\/?s={search_term_string}"},"query-input":{"@type":"PropertyValueSpecification","valueRequired":true,"valueName":"search_term_string"}}],"inLanguage":"tr"},{"@type":"Organization","@id":"https:\/\/memurunsesi.net\/#organization","name":"Memurun Sesi","url":"https:\/\/memurunsesi.net\/","logo":{"@type":"ImageObject","inLanguage":"tr","@id":"https:\/\/memurunsesi.net\/#\/schema\/logo\/image\/","url":"https:\/\/memurunsesi.net\/wp-content\/uploads\/2025\/11\/cropped-MEMURUN-SESI.png","contentUrl":"https:\/\/memurunsesi.net\/wp-content\/uploads\/2025\/11\/cropped-MEMURUN-SESI.png","width":238,"height":57,"caption":"Memurun Sesi"},"image":{"@id":"https:\/\/memurunsesi.net\/#\/schema\/logo\/image\/"},"sameAs":["https:\/\/www.facebook.com\/unipersen\/?locale=tr_TR","https:\/\/x.com\/unipersen"]},{"@type":"Person","@id":"https:\/\/memurunsesi.net\/#\/schema\/person\/f21c2d73b89f6ee1d80b0a1803e38587","name":"Memurun Sesi Haber Merkezi","image":{"@type":"ImageObject","inLanguage":"tr","@id":"https:\/\/secure.gravatar.com\/avatar\/6cf0505f452ee753f485014986fab09a434671d2b919ee76fc541025c5876a70?s=96&d=mm&r=g","url":"https:\/\/secure.gravatar.com\/avatar\/6cf0505f452ee753f485014986fab09a434671d2b919ee76fc541025c5876a70?s=96&d=mm&r=g","contentUrl":"https:\/\/secure.gravatar.com\/avatar\/6cf0505f452ee753f485014986fab09a434671d2b919ee76fc541025c5876a70?s=96&d=mm&r=g","caption":"Memurun Sesi Haber Merkezi"},"sameAs":["https:\/\/memurunsesi.net"],"url":"https:\/\/memurunsesi.net\/index.php\/author\/uniper\/"}]}},"_links":{"self":[{"href":"https:\/\/memurunsesi.net\/index.php\/wp-json\/wp\/v2\/posts\/7916","targetHints":{"allow":["GET"]}}],"collection":[{"href":"https:\/\/memurunsesi.net\/index.php\/wp-json\/wp\/v2\/posts"}],"about":[{"href":"https:\/\/memurunsesi.net\/index.php\/wp-json\/wp\/v2\/types\/post"}],"author":[{"embeddable":true,"href":"https:\/\/memurunsesi.net\/index.php\/wp-json\/wp\/v2\/users\/1"}],"replies":[{"embeddable":true,"href":"https:\/\/memurunsesi.net\/index.php\/wp-json\/wp\/v2\/comments?post=7916"}],"version-history":[{"count":1,"href":"https:\/\/memurunsesi.net\/index.php\/wp-json\/wp\/v2\/posts\/7916\/revisions"}],"predecessor-version":[{"id":7918,"href":"https:\/\/memurunsesi.net\/index.php\/wp-json\/wp\/v2\/posts\/7916\/revisions\/7918"}],"wp:featuredmedia":[{"embeddable":true,"href":"https:\/\/memurunsesi.net\/index.php\/wp-json\/wp\/v2\/media\/7917"}],"wp:attachment":[{"href":"https:\/\/memurunsesi.net\/index.php\/wp-json\/wp\/v2\/media?parent=7916"}],"wp:term":[{"taxonomy":"category","embeddable":true,"href":"https:\/\/memurunsesi.net\/index.php\/wp-json\/wp\/v2\/categories?post=7916"},{"taxonomy":"post_tag","embeddable":true,"href":"https:\/\/memurunsesi.net\/index.php\/wp-json\/wp\/v2\/tags?post=7916"}],"curies":[{"name":"wp","href":"https:\/\/api.w.org\/{rel}","templated":true}]}}