{"id":7929,"date":"2025-06-11T22:44:47","date_gmt":"2025-06-11T19:44:47","guid":{"rendered":"https:\/\/memurunsesi.net\/?p=7929"},"modified":"2025-06-11T22:44:47","modified_gmt":"2025-06-11T19:44:47","slug":"samsunda-renkli-bilim-fuari-roket-ucurdular-projelerini-sergilediler","status":"publish","type":"post","link":"https:\/\/memurunsesi.net\/index.php\/2025\/06\/11\/samsunda-renkli-bilim-fuari-roket-ucurdular-projelerini-sergilediler\/","title":{"rendered":"Samsun&#8217;da renkli bilim fuar\u0131: Roket u\u00e7urdular, projelerini sergilediler"},"content":{"rendered":"<p>   Samsun&#8217;un Atakum il\u00e7esinde d\u00fczenlenen bilim fuar\u0131nda \u00f6\u011frenciler hem projelerini sergiledi hem de \u00e7evre bilinci i\u00e7in sahneye \u00e7\u0131kt\u0131. Etkinlikte roket u\u00e7uran, \u015fark\u0131 s\u00f6yleyen ve bilimsel \u00e7al\u0131\u015fmalar\u0131n\u0131 payla\u015fan \u00f6\u011frenciler b\u00fcy\u00fck ilgi g\u00f6rd\u00fc.<br \/>\n  Atakum \u0130l\u00e7e Milli E\u011fitim M\u00fcd\u00fcrl\u00fc\u011f\u00fc taraf\u0131ndan \u00c7obanl\u0131 \u0130skelesi&#8217;nde ger\u00e7ekle\u015ftirilen bilim fuar\u0131 renkli anlara sahne oldu. T\u00dcB\u0130TAK taraf\u0131ndan desteklenen lise ve ortaokul projelerinin sergilendi\u011fi etkinlikte \u00f6\u011frenciler; iklim de\u011fi\u015fikli\u011fiyle ilgili yazd\u0131klar\u0131 \u015fark\u0131y\u0131 seslendirdi, spor g\u00f6sterileri yapt\u0131 ve sevdikleri hikayelerdeki kahramanlar\u0131n kost\u00fcmlerini giydi. Fuarda geri d\u00f6n\u00fc\u015f\u00fcm, co\u011frafya ve tarih gibi alanlarda haz\u0131rlanan projeler kat\u0131l\u0131mc\u0131larla bulu\u015fturuldu.<br \/>\n  Atakum \u0130l\u00e7e Milli E\u011fitim M\u00fcd\u00fcr\u00fc Y\u00fcksel Ayd\u0131n, &#8220;Bug\u00fcnk\u00fc etkinlikte 16 okulumuzun yapt\u0131\u011f\u0131 116 projeyi sergileyerek festival havas\u0131na d\u00f6n\u00fc\u015ft\u00fcrmek istedik. Amac\u0131m\u0131z bu t\u00fcr etkinliklerle \u00e7ocuklar\u0131m\u0131z\u0131n bilimsel d\u00fc\u015f\u00fcnceyle tan\u0131\u015fmas\u0131d\u0131r. \u00c7ocuklar\u0131m\u0131z\u0131n soru sormalar\u0131n\u0131, ara\u015ft\u0131rmalar\u0131n\u0131 istiyoruz. Bu t\u00fcr etkinlikleri \u00e7ocuklar\u0131m\u0131z\u0131n bilimsel d\u00fc\u015f\u00fcncelerini geli\u015ftirme noktas\u0131nda b\u00fcy\u00fck bir avantaj olarak g\u00f6r\u00fcyoruz. Ayr\u0131ca Atakum \u0130l\u00e7e Milli E\u011fitimi M\u00fcd\u00fcrl\u00fc\u011f\u00fc olarak bug\u00fcn festivalle birlikte vatanda\u015flar\u0131, \u00f6\u011frencilerimiz yapt\u0131\u011f\u0131 sanatsal etkinlikler bulu\u015fturmay\u0131 hedefliyoruz. Bu festivalimizde MEB Uluslararas\u0131 Robot Yar\u0131\u015fmas\u0131&#8217;nda tasarla \u00f6\u011fren kategorisinde birinci olan projelerimizde yer almaktad\u0131r. Okullar\u0131m\u0131zda 4006 kapsam\u0131nda yap\u0131lan, bilimsel fuarlarda sergilenen projelerimizi halk\u0131m\u0131za tan\u0131t\u0131m\u0131 yapmak istiyoruz. Geri d\u00f6n\u00fc\u015f\u00fcm, co\u011frafya ve tarih alan\u0131nda yap\u0131lan projeler burada yer al\u0131yor&#8221; dedi.<br \/>\n  Samsun \u0130l Milli E\u011fitim M\u00fcd\u00fcr\u00fc Murat A\u011far da fuar\u0131 ziyaret ederek \u00f6\u011frencilerden projeler hakk\u0131nda bilgi ald\u0131. <\/p>\n<p>11.06.2025                                 <\/p>\n","protected":false},"excerpt":{"rendered":"<p>Samsun&#8217;un Atakum il\u00e7esinde d\u00fczenlenen bilim fuar\u0131nda \u00f6\u011frenciler hem projelerini sergiledi hem de \u00e7evre bilinci i\u00e7in sahneye \u00e7\u0131kt\u0131. Etkinlikte roket u\u00e7uran, \u015fark\u0131 s\u00f6yleyen ve bilimsel \u00e7al\u0131\u015fmalar\u0131n\u0131 payla\u015fan \u00f6\u011frenciler b\u00fcy\u00fck ilgi g\u00f6rd\u00fc. Atakum \u0130l\u00e7e Milli E\u011fitim M\u00fcd\u00fcrl\u00fc\u011f\u00fc taraf\u0131ndan \u00c7obanl\u0131 \u0130skelesi&#8217;nde ger\u00e7ekle\u015ftirilen bilim fuar\u0131 renkli anlara sahne oldu. T\u00dcB\u0130TAK taraf\u0131ndan desteklenen lise ve ortaokul projelerinin sergilendi\u011fi etkinlikte \u00f6\u011frenciler; [&hellip;]<\/p>\n","protected":false},"author":1,"featured_media":7930,"comment_status":"open","ping_status":"open","sticky":false,"template":"","format":"standard","meta":{"footnotes":""},"categories":[51],"tags":[],"class_list":["post-7929","post","type-post","status-publish","format-standard","has-post-thumbnail","hentry","category-teknoloji"],"yoast_head":"<!-- This site is optimized with the Yoast SEO plugin v27.4 - https:\/\/yoast.com\/product\/yoast-seo-wordpress\/ -->\n<title>Samsun&#039;da renkli bilim fuar\u0131: Roket u\u00e7urdular, projelerini sergilediler - Memurun Sesi<\/title>\n<meta name=\"robots\" content=\"index, follow, max-snippet:-1, max-image-preview:large, max-video-preview:-1\" \/>\n<link rel=\"canonical\" href=\"https:\/\/memurunsesi.net\/index.php\/2025\/06\/11\/samsunda-renkli-bilim-fuari-roket-ucurdular-projelerini-sergilediler\/\" \/>\n<meta property=\"og:locale\" content=\"tr_TR\" \/>\n<meta property=\"og:type\" content=\"article\" \/>\n<meta property=\"og:title\" content=\"Samsun&#039;da renkli bilim fuar\u0131: Roket u\u00e7urdular, projelerini sergilediler - Memurun Sesi\" \/>\n<meta property=\"og:description\" content=\"Samsun&#8217;un Atakum il\u00e7esinde d\u00fczenlenen bilim fuar\u0131nda \u00f6\u011frenciler hem projelerini sergiledi hem de \u00e7evre bilinci i\u00e7in sahneye \u00e7\u0131kt\u0131. Etkinlikte roket u\u00e7uran, \u015fark\u0131 s\u00f6yleyen ve bilimsel \u00e7al\u0131\u015fmalar\u0131n\u0131 payla\u015fan \u00f6\u011frenciler b\u00fcy\u00fck ilgi g\u00f6rd\u00fc. Atakum \u0130l\u00e7e Milli E\u011fitim M\u00fcd\u00fcrl\u00fc\u011f\u00fc taraf\u0131ndan \u00c7obanl\u0131 \u0130skelesi&#8217;nde ger\u00e7ekle\u015ftirilen bilim fuar\u0131 renkli anlara sahne oldu. T\u00dcB\u0130TAK taraf\u0131ndan desteklenen lise ve ortaokul projelerinin sergilendi\u011fi etkinlikte \u00f6\u011frenciler; [&hellip;]\" \/>\n<meta property=\"og:url\" content=\"https:\/\/memurunsesi.net\/index.php\/2025\/06\/11\/samsunda-renkli-bilim-fuari-roket-ucurdular-projelerini-sergilediler\/\" \/>\n<meta property=\"og:site_name\" content=\"Memurun Sesi\" \/>\n<meta property=\"article:publisher\" content=\"https:\/\/www.facebook.com\/unipersen\/?locale=tr_TR\" \/>\n<meta property=\"article:published_time\" content=\"2025-06-11T19:44:47+00:00\" \/>\n<meta property=\"og:image\" content=\"https:\/\/memurunsesi.net\/wp-content\/uploads\/2025\/06\/AW473940_01-scaled.jpg\" \/>\n\t<meta property=\"og:image:width\" content=\"2560\" \/>\n\t<meta property=\"og:image:height\" content=\"1440\" \/>\n\t<meta property=\"og:image:type\" content=\"image\/jpeg\" \/>\n<meta name=\"author\" content=\"Memurun Sesi Haber Merkezi\" \/>\n<meta name=\"twitter:card\" content=\"summary_large_image\" \/>\n<meta name=\"twitter:creator\" content=\"@unipersen\" \/>\n<meta name=\"twitter:site\" content=\"@unipersen\" \/>\n<meta name=\"twitter:label1\" content=\"Yazan:\" \/>\n\t<meta name=\"twitter:data1\" content=\"Memurun Sesi Haber Merkezi\" \/>\n\t<meta name=\"twitter:label2\" content=\"Tahmini okuma s\u00fcresi\" \/>\n\t<meta name=\"twitter:data2\" content=\"1 dakika\" \/>\n<script type=\"application\/ld+json\" class=\"yoast-schema-graph\">{\"@context\":\"https:\\\/\\\/schema.org\",\"@graph\":[{\"@type\":\"Article\",\"@id\":\"https:\\\/\\\/memurunsesi.net\\\/index.php\\\/2025\\\/06\\\/11\\\/samsunda-renkli-bilim-fuari-roket-ucurdular-projelerini-sergilediler\\\/#article\",\"isPartOf\":{\"@id\":\"https:\\\/\\\/memurunsesi.net\\\/index.php\\\/2025\\\/06\\\/11\\\/samsunda-renkli-bilim-fuari-roket-ucurdular-projelerini-sergilediler\\\/\"},\"author\":{\"name\":\"Memurun Sesi Haber Merkezi\",\"@id\":\"https:\\\/\\\/memurunsesi.net\\\/#\\\/schema\\\/person\\\/f21c2d73b89f6ee1d80b0a1803e38587\"},\"headline\":\"Samsun&#8217;da renkli bilim fuar\u0131: Roket u\u00e7urdular, projelerini sergilediler\",\"datePublished\":\"2025-06-11T19:44:47+00:00\",\"mainEntityOfPage\":{\"@id\":\"https:\\\/\\\/memurunsesi.net\\\/index.php\\\/2025\\\/06\\\/11\\\/samsunda-renkli-bilim-fuari-roket-ucurdular-projelerini-sergilediler\\\/\"},\"wordCount\":315,\"commentCount\":0,\"publisher\":{\"@id\":\"https:\\\/\\\/memurunsesi.net\\\/#organization\"},\"image\":{\"@id\":\"https:\\\/\\\/memurunsesi.net\\\/index.php\\\/2025\\\/06\\\/11\\\/samsunda-renkli-bilim-fuari-roket-ucurdular-projelerini-sergilediler\\\/#primaryimage\"},\"thumbnailUrl\":\"https:\\\/\\\/memurunsesi.net\\\/wp-content\\\/uploads\\\/2025\\\/06\\\/AW473940_01-scaled.jpg\",\"articleSection\":[\"Teknoloji\"],\"inLanguage\":\"tr\",\"potentialAction\":[{\"@type\":\"CommentAction\",\"name\":\"Comment\",\"target\":[\"https:\\\/\\\/memurunsesi.net\\\/index.php\\\/2025\\\/06\\\/11\\\/samsunda-renkli-bilim-fuari-roket-ucurdular-projelerini-sergilediler\\\/#respond\"]}]},{\"@type\":\"WebPage\",\"@id\":\"https:\\\/\\\/memurunsesi.net\\\/index.php\\\/2025\\\/06\\\/11\\\/samsunda-renkli-bilim-fuari-roket-ucurdular-projelerini-sergilediler\\\/\",\"url\":\"https:\\\/\\\/memurunsesi.net\\\/index.php\\\/2025\\\/06\\\/11\\\/samsunda-renkli-bilim-fuari-roket-ucurdular-projelerini-sergilediler\\\/\",\"name\":\"Samsun'da renkli bilim fuar\u0131: Roket u\u00e7urdular, projelerini sergilediler - Memurun Sesi\",\"isPartOf\":{\"@id\":\"https:\\\/\\\/memurunsesi.net\\\/#website\"},\"primaryImageOfPage\":{\"@id\":\"https:\\\/\\\/memurunsesi.net\\\/index.php\\\/2025\\\/06\\\/11\\\/samsunda-renkli-bilim-fuari-roket-ucurdular-projelerini-sergilediler\\\/#primaryimage\"},\"image\":{\"@id\":\"https:\\\/\\\/memurunsesi.net\\\/index.php\\\/2025\\\/06\\\/11\\\/samsunda-renkli-bilim-fuari-roket-ucurdular-projelerini-sergilediler\\\/#primaryimage\"},\"thumbnailUrl\":\"https:\\\/\\\/memurunsesi.net\\\/wp-content\\\/uploads\\\/2025\\\/06\\\/AW473940_01-scaled.jpg\",\"datePublished\":\"2025-06-11T19:44:47+00:00\",\"breadcrumb\":{\"@id\":\"https:\\\/\\\/memurunsesi.net\\\/index.php\\\/2025\\\/06\\\/11\\\/samsunda-renkli-bilim-fuari-roket-ucurdular-projelerini-sergilediler\\\/#breadcrumb\"},\"inLanguage\":\"tr\",\"potentialAction\":[{\"@type\":\"ReadAction\",\"target\":[\"https:\\\/\\\/memurunsesi.net\\\/index.php\\\/2025\\\/06\\\/11\\\/samsunda-renkli-bilim-fuari-roket-ucurdular-projelerini-sergilediler\\\/\"]}]},{\"@type\":\"ImageObject\",\"inLanguage\":\"tr\",\"@id\":\"https:\\\/\\\/memurunsesi.net\\\/index.php\\\/2025\\\/06\\\/11\\\/samsunda-renkli-bilim-fuari-roket-ucurdular-projelerini-sergilediler\\\/#primaryimage\",\"url\":\"https:\\\/\\\/memurunsesi.net\\\/wp-content\\\/uploads\\\/2025\\\/06\\\/AW473940_01-scaled.jpg\",\"contentUrl\":\"https:\\\/\\\/memurunsesi.net\\\/wp-content\\\/uploads\\\/2025\\\/06\\\/AW473940_01-scaled.jpg\",\"width\":2560,\"height\":1440,\"caption\":\"SAMSUN'DA ATAKUM \u0130L\u00c7E M\u0130LL\u0130 E\u011e\u0130T\u0130M M\u00dcD\u00dcRL\u00dc\u011e\u00dc TARAFINDAN D\u00dcZENLENEN B\u0130L\u0130M FUARI RENKL\u0130 G\u00d6R\u00dcNT\u00dcLERE SAHNE OLDU. (FURKAN ABREK \u00dcNAL\\\/SAMSUN-\u0130HA) Samsun'un Atakum il\u00e7esinde d\u00fczenlenen bilim fuar\u0131nda \u00f6\u011frenciler hem projelerini sergiledi hem de \u00e7evre bilinci i\u00e7in sahneye \u00e7\u0131kt\u0131. Etkinlikte roket u\u00e7uran, \u015fark\u0131 s\u00f6yleyen ve bilimsel \u00e7al\u0131\u015fmalar\u0131n\u0131 payla\u015fan \u00f6\u011frenciler b\u00fcy\u00fck ilgi g\u00f6rd\u00fc.\"},{\"@type\":\"BreadcrumbList\",\"@id\":\"https:\\\/\\\/memurunsesi.net\\\/index.php\\\/2025\\\/06\\\/11\\\/samsunda-renkli-bilim-fuari-roket-ucurdular-projelerini-sergilediler\\\/#breadcrumb\",\"itemListElement\":[{\"@type\":\"ListItem\",\"position\":1,\"name\":\"Anasayfa\",\"item\":\"https:\\\/\\\/memurunsesi.net\\\/\"},{\"@type\":\"ListItem\",\"position\":2,\"name\":\"Samsun&#8217;da renkli bilim fuar\u0131: Roket u\u00e7urdular, projelerini sergilediler\"}]},{\"@type\":\"WebSite\",\"@id\":\"https:\\\/\\\/memurunsesi.net\\\/#website\",\"url\":\"https:\\\/\\\/memurunsesi.net\\\/\",\"name\":\"Memurun Sesi\",\"description\":\"G\u00fcncel ve Do\u011fru Haber\",\"publisher\":{\"@id\":\"https:\\\/\\\/memurunsesi.net\\\/#organization\"},\"potentialAction\":[{\"@type\":\"SearchAction\",\"target\":{\"@type\":\"EntryPoint\",\"urlTemplate\":\"https:\\\/\\\/memurunsesi.net\\\/?s={search_term_string}\"},\"query-input\":{\"@type\":\"PropertyValueSpecification\",\"valueRequired\":true,\"valueName\":\"search_term_string\"}}],\"inLanguage\":\"tr\"},{\"@type\":\"Organization\",\"@id\":\"https:\\\/\\\/memurunsesi.net\\\/#organization\",\"name\":\"Memurun Sesi\",\"url\":\"https:\\\/\\\/memurunsesi.net\\\/\",\"logo\":{\"@type\":\"ImageObject\",\"inLanguage\":\"tr\",\"@id\":\"https:\\\/\\\/memurunsesi.net\\\/#\\\/schema\\\/logo\\\/image\\\/\",\"url\":\"https:\\\/\\\/memurunsesi.net\\\/wp-content\\\/uploads\\\/2025\\\/11\\\/cropped-MEMURUN-SESI.png\",\"contentUrl\":\"https:\\\/\\\/memurunsesi.net\\\/wp-content\\\/uploads\\\/2025\\\/11\\\/cropped-MEMURUN-SESI.png\",\"width\":238,\"height\":57,\"caption\":\"Memurun Sesi\"},\"image\":{\"@id\":\"https:\\\/\\\/memurunsesi.net\\\/#\\\/schema\\\/logo\\\/image\\\/\"},\"sameAs\":[\"https:\\\/\\\/www.facebook.com\\\/unipersen\\\/?locale=tr_TR\",\"https:\\\/\\\/x.com\\\/unipersen\"]},{\"@type\":\"Person\",\"@id\":\"https:\\\/\\\/memurunsesi.net\\\/#\\\/schema\\\/person\\\/f21c2d73b89f6ee1d80b0a1803e38587\",\"name\":\"Memurun Sesi Haber Merkezi\",\"image\":{\"@type\":\"ImageObject\",\"inLanguage\":\"tr\",\"@id\":\"https:\\\/\\\/secure.gravatar.com\\\/avatar\\\/6cf0505f452ee753f485014986fab09a434671d2b919ee76fc541025c5876a70?s=96&d=mm&r=g\",\"url\":\"https:\\\/\\\/secure.gravatar.com\\\/avatar\\\/6cf0505f452ee753f485014986fab09a434671d2b919ee76fc541025c5876a70?s=96&d=mm&r=g\",\"contentUrl\":\"https:\\\/\\\/secure.gravatar.com\\\/avatar\\\/6cf0505f452ee753f485014986fab09a434671d2b919ee76fc541025c5876a70?s=96&d=mm&r=g\",\"caption\":\"Memurun Sesi Haber Merkezi\"},\"sameAs\":[\"https:\\\/\\\/memurunsesi.net\"],\"url\":\"https:\\\/\\\/memurunsesi.net\\\/index.php\\\/author\\\/uniper\\\/\"}]}<\/script>\n<!-- \/ Yoast SEO plugin. -->","yoast_head_json":{"title":"Samsun'da renkli bilim fuar\u0131: Roket u\u00e7urdular, projelerini sergilediler - Memurun Sesi","robots":{"index":"index","follow":"follow","max-snippet":"max-snippet:-1","max-image-preview":"max-image-preview:large","max-video-preview":"max-video-preview:-1"},"canonical":"https:\/\/memurunsesi.net\/index.php\/2025\/06\/11\/samsunda-renkli-bilim-fuari-roket-ucurdular-projelerini-sergilediler\/","og_locale":"tr_TR","og_type":"article","og_title":"Samsun'da renkli bilim fuar\u0131: Roket u\u00e7urdular, projelerini sergilediler - Memurun Sesi","og_description":"Samsun&#8217;un Atakum il\u00e7esinde d\u00fczenlenen bilim fuar\u0131nda \u00f6\u011frenciler hem projelerini sergiledi hem de \u00e7evre bilinci i\u00e7in sahneye \u00e7\u0131kt\u0131. Etkinlikte roket u\u00e7uran, \u015fark\u0131 s\u00f6yleyen ve bilimsel \u00e7al\u0131\u015fmalar\u0131n\u0131 payla\u015fan \u00f6\u011frenciler b\u00fcy\u00fck ilgi g\u00f6rd\u00fc. Atakum \u0130l\u00e7e Milli E\u011fitim M\u00fcd\u00fcrl\u00fc\u011f\u00fc taraf\u0131ndan \u00c7obanl\u0131 \u0130skelesi&#8217;nde ger\u00e7ekle\u015ftirilen bilim fuar\u0131 renkli anlara sahne oldu. T\u00dcB\u0130TAK taraf\u0131ndan desteklenen lise ve ortaokul projelerinin sergilendi\u011fi etkinlikte \u00f6\u011frenciler; [&hellip;]","og_url":"https:\/\/memurunsesi.net\/index.php\/2025\/06\/11\/samsunda-renkli-bilim-fuari-roket-ucurdular-projelerini-sergilediler\/","og_site_name":"Memurun Sesi","article_publisher":"https:\/\/www.facebook.com\/unipersen\/?locale=tr_TR","article_published_time":"2025-06-11T19:44:47+00:00","og_image":[{"width":2560,"height":1440,"url":"https:\/\/memurunsesi.net\/wp-content\/uploads\/2025\/06\/AW473940_01-scaled.jpg","type":"image\/jpeg"}],"author":"Memurun Sesi Haber Merkezi","twitter_card":"summary_large_image","twitter_creator":"@unipersen","twitter_site":"@unipersen","twitter_misc":{"Yazan:":"Memurun Sesi Haber Merkezi","Tahmini okuma s\u00fcresi":"1 dakika"},"schema":{"@context":"https:\/\/schema.org","@graph":[{"@type":"Article","@id":"https:\/\/memurunsesi.net\/index.php\/2025\/06\/11\/samsunda-renkli-bilim-fuari-roket-ucurdular-projelerini-sergilediler\/#article","isPartOf":{"@id":"https:\/\/memurunsesi.net\/index.php\/2025\/06\/11\/samsunda-renkli-bilim-fuari-roket-ucurdular-projelerini-sergilediler\/"},"author":{"name":"Memurun Sesi Haber Merkezi","@id":"https:\/\/memurunsesi.net\/#\/schema\/person\/f21c2d73b89f6ee1d80b0a1803e38587"},"headline":"Samsun&#8217;da renkli bilim fuar\u0131: Roket u\u00e7urdular, projelerini sergilediler","datePublished":"2025-06-11T19:44:47+00:00","mainEntityOfPage":{"@id":"https:\/\/memurunsesi.net\/index.php\/2025\/06\/11\/samsunda-renkli-bilim-fuari-roket-ucurdular-projelerini-sergilediler\/"},"wordCount":315,"commentCount":0,"publisher":{"@id":"https:\/\/memurunsesi.net\/#organization"},"image":{"@id":"https:\/\/memurunsesi.net\/index.php\/2025\/06\/11\/samsunda-renkli-bilim-fuari-roket-ucurdular-projelerini-sergilediler\/#primaryimage"},"thumbnailUrl":"https:\/\/memurunsesi.net\/wp-content\/uploads\/2025\/06\/AW473940_01-scaled.jpg","articleSection":["Teknoloji"],"inLanguage":"tr","potentialAction":[{"@type":"CommentAction","name":"Comment","target":["https:\/\/memurunsesi.net\/index.php\/2025\/06\/11\/samsunda-renkli-bilim-fuari-roket-ucurdular-projelerini-sergilediler\/#respond"]}]},{"@type":"WebPage","@id":"https:\/\/memurunsesi.net\/index.php\/2025\/06\/11\/samsunda-renkli-bilim-fuari-roket-ucurdular-projelerini-sergilediler\/","url":"https:\/\/memurunsesi.net\/index.php\/2025\/06\/11\/samsunda-renkli-bilim-fuari-roket-ucurdular-projelerini-sergilediler\/","name":"Samsun'da renkli bilim fuar\u0131: Roket u\u00e7urdular, projelerini sergilediler - Memurun Sesi","isPartOf":{"@id":"https:\/\/memurunsesi.net\/#website"},"primaryImageOfPage":{"@id":"https:\/\/memurunsesi.net\/index.php\/2025\/06\/11\/samsunda-renkli-bilim-fuari-roket-ucurdular-projelerini-sergilediler\/#primaryimage"},"image":{"@id":"https:\/\/memurunsesi.net\/index.php\/2025\/06\/11\/samsunda-renkli-bilim-fuari-roket-ucurdular-projelerini-sergilediler\/#primaryimage"},"thumbnailUrl":"https:\/\/memurunsesi.net\/wp-content\/uploads\/2025\/06\/AW473940_01-scaled.jpg","datePublished":"2025-06-11T19:44:47+00:00","breadcrumb":{"@id":"https:\/\/memurunsesi.net\/index.php\/2025\/06\/11\/samsunda-renkli-bilim-fuari-roket-ucurdular-projelerini-sergilediler\/#breadcrumb"},"inLanguage":"tr","potentialAction":[{"@type":"ReadAction","target":["https:\/\/memurunsesi.net\/index.php\/2025\/06\/11\/samsunda-renkli-bilim-fuari-roket-ucurdular-projelerini-sergilediler\/"]}]},{"@type":"ImageObject","inLanguage":"tr","@id":"https:\/\/memurunsesi.net\/index.php\/2025\/06\/11\/samsunda-renkli-bilim-fuari-roket-ucurdular-projelerini-sergilediler\/#primaryimage","url":"https:\/\/memurunsesi.net\/wp-content\/uploads\/2025\/06\/AW473940_01-scaled.jpg","contentUrl":"https:\/\/memurunsesi.net\/wp-content\/uploads\/2025\/06\/AW473940_01-scaled.jpg","width":2560,"height":1440,"caption":"SAMSUN'DA ATAKUM \u0130L\u00c7E M\u0130LL\u0130 E\u011e\u0130T\u0130M M\u00dcD\u00dcRL\u00dc\u011e\u00dc TARAFINDAN D\u00dcZENLENEN B\u0130L\u0130M FUARI RENKL\u0130 G\u00d6R\u00dcNT\u00dcLERE SAHNE OLDU. (FURKAN ABREK \u00dcNAL\/SAMSUN-\u0130HA) Samsun'un Atakum il\u00e7esinde d\u00fczenlenen bilim fuar\u0131nda \u00f6\u011frenciler hem projelerini sergiledi hem de \u00e7evre bilinci i\u00e7in sahneye \u00e7\u0131kt\u0131. Etkinlikte roket u\u00e7uran, \u015fark\u0131 s\u00f6yleyen ve bilimsel \u00e7al\u0131\u015fmalar\u0131n\u0131 payla\u015fan \u00f6\u011frenciler b\u00fcy\u00fck ilgi g\u00f6rd\u00fc."},{"@type":"BreadcrumbList","@id":"https:\/\/memurunsesi.net\/index.php\/2025\/06\/11\/samsunda-renkli-bilim-fuari-roket-ucurdular-projelerini-sergilediler\/#breadcrumb","itemListElement":[{"@type":"ListItem","position":1,"name":"Anasayfa","item":"https:\/\/memurunsesi.net\/"},{"@type":"ListItem","position":2,"name":"Samsun&#8217;da renkli bilim fuar\u0131: Roket u\u00e7urdular, projelerini sergilediler"}]},{"@type":"WebSite","@id":"https:\/\/memurunsesi.net\/#website","url":"https:\/\/memurunsesi.net\/","name":"Memurun Sesi","description":"G\u00fcncel ve Do\u011fru Haber","publisher":{"@id":"https:\/\/memurunsesi.net\/#organization"},"potentialAction":[{"@type":"SearchAction","target":{"@type":"EntryPoint","urlTemplate":"https:\/\/memurunsesi.net\/?s={search_term_string}"},"query-input":{"@type":"PropertyValueSpecification","valueRequired":true,"valueName":"search_term_string"}}],"inLanguage":"tr"},{"@type":"Organization","@id":"https:\/\/memurunsesi.net\/#organization","name":"Memurun Sesi","url":"https:\/\/memurunsesi.net\/","logo":{"@type":"ImageObject","inLanguage":"tr","@id":"https:\/\/memurunsesi.net\/#\/schema\/logo\/image\/","url":"https:\/\/memurunsesi.net\/wp-content\/uploads\/2025\/11\/cropped-MEMURUN-SESI.png","contentUrl":"https:\/\/memurunsesi.net\/wp-content\/uploads\/2025\/11\/cropped-MEMURUN-SESI.png","width":238,"height":57,"caption":"Memurun Sesi"},"image":{"@id":"https:\/\/memurunsesi.net\/#\/schema\/logo\/image\/"},"sameAs":["https:\/\/www.facebook.com\/unipersen\/?locale=tr_TR","https:\/\/x.com\/unipersen"]},{"@type":"Person","@id":"https:\/\/memurunsesi.net\/#\/schema\/person\/f21c2d73b89f6ee1d80b0a1803e38587","name":"Memurun Sesi Haber Merkezi","image":{"@type":"ImageObject","inLanguage":"tr","@id":"https:\/\/secure.gravatar.com\/avatar\/6cf0505f452ee753f485014986fab09a434671d2b919ee76fc541025c5876a70?s=96&d=mm&r=g","url":"https:\/\/secure.gravatar.com\/avatar\/6cf0505f452ee753f485014986fab09a434671d2b919ee76fc541025c5876a70?s=96&d=mm&r=g","contentUrl":"https:\/\/secure.gravatar.com\/avatar\/6cf0505f452ee753f485014986fab09a434671d2b919ee76fc541025c5876a70?s=96&d=mm&r=g","caption":"Memurun Sesi Haber Merkezi"},"sameAs":["https:\/\/memurunsesi.net"],"url":"https:\/\/memurunsesi.net\/index.php\/author\/uniper\/"}]}},"_links":{"self":[{"href":"https:\/\/memurunsesi.net\/index.php\/wp-json\/wp\/v2\/posts\/7929","targetHints":{"allow":["GET"]}}],"collection":[{"href":"https:\/\/memurunsesi.net\/index.php\/wp-json\/wp\/v2\/posts"}],"about":[{"href":"https:\/\/memurunsesi.net\/index.php\/wp-json\/wp\/v2\/types\/post"}],"author":[{"embeddable":true,"href":"https:\/\/memurunsesi.net\/index.php\/wp-json\/wp\/v2\/users\/1"}],"replies":[{"embeddable":true,"href":"https:\/\/memurunsesi.net\/index.php\/wp-json\/wp\/v2\/comments?post=7929"}],"version-history":[{"count":1,"href":"https:\/\/memurunsesi.net\/index.php\/wp-json\/wp\/v2\/posts\/7929\/revisions"}],"predecessor-version":[{"id":7931,"href":"https:\/\/memurunsesi.net\/index.php\/wp-json\/wp\/v2\/posts\/7929\/revisions\/7931"}],"wp:featuredmedia":[{"embeddable":true,"href":"https:\/\/memurunsesi.net\/index.php\/wp-json\/wp\/v2\/media\/7930"}],"wp:attachment":[{"href":"https:\/\/memurunsesi.net\/index.php\/wp-json\/wp\/v2\/media?parent=7929"}],"wp:term":[{"taxonomy":"category","embeddable":true,"href":"https:\/\/memurunsesi.net\/index.php\/wp-json\/wp\/v2\/categories?post=7929"},{"taxonomy":"post_tag","embeddable":true,"href":"https:\/\/memurunsesi.net\/index.php\/wp-json\/wp\/v2\/tags?post=7929"}],"curies":[{"name":"wp","href":"https:\/\/api.w.org\/{rel}","templated":true}]}}