{"id":7938,"date":"2025-06-12T08:42:14","date_gmt":"2025-06-12T05:42:14","guid":{"rendered":"https:\/\/memurunsesi.net\/?p=7938"},"modified":"2025-06-12T08:42:14","modified_gmt":"2025-06-12T05:42:14","slug":"pendikte-ormana-girdikten-sonra-kaybolan-sahis-bulundu","status":"publish","type":"post","link":"https:\/\/memurunsesi.net\/index.php\/2025\/06\/12\/pendikte-ormana-girdikten-sonra-kaybolan-sahis-bulundu\/","title":{"rendered":"Pendik&#8217;te ormana girdikten sonra kaybolan \u015fah\u0131s bulundu"},"content":{"rendered":"<p>   Pendik&#8217;te Aydos Orman\u0131&#8217;na girdikten sonra kendisinden haber al\u0131namayan 49 ya\u015f\u0131ndaki \u015eaban Aksoy, iki g\u00fcnd\u00fcr s\u00fcren arama \u00e7al\u0131\u015fmalar\u0131n\u0131n ard\u0131ndan ak\u015fam saatlerinde arkada\u015f\u0131 taraf\u0131ndan bulundu. Aksoy&#8217;un sa\u011fl\u0131k durumunun iyi oldu\u011fu ve \u015fu anda Sancaktepe&#8217;deki evinde bulundu\u011fu \u00f6\u011frenildi.   <\/p>\n<p> Olay, d\u00fcn \u00f6\u011fle saatlerinde Pendik Veli Baba Mahallesi Aydos Orman\u0131 yolu \u00fczerinde meydana geldi. Edinilen bilgilere g\u00f6re, \u015eaban Aksoy (49), 34 LD 0515 plakal\u0131 arac\u0131n\u0131 yol kenar\u0131na park ederek Aydos Orman\u0131&#8217;na girdi. Uzun s\u00fcre haber alamayan ailesi durumu ekiplere bildirdi. \u0130hbar \u00fczerine b\u00f6lgeye AFAD, UMKE, itfaiye ve sa\u011fl\u0131k ekipleri sevk edildi. Ekipler, dron ve iz takip k\u00f6pe\u011fiyle ormanda geni\u015f \u00e7apl\u0131 arama ba\u015flatt\u0131. <\/p>\n<p>  D\u00fcn ve bug\u00fcn s\u00fcren \u00e7al\u0131\u015fmalar\u0131n ard\u0131ndan \u015eaban Aksoy&#8217;un, ak\u015fam saatlerinde bir arkada\u015f\u0131 taraf\u0131ndan bulundu\u011fu \u00f6\u011frenildi. Aksoy&#8217;un sa\u011fl\u0131k durumunun iyi oldu\u011fu ve \u015fu anda Sancaktepe&#8217;deki evinde bulundu\u011fu belirtildi. <\/p>\n<p>  Olayla ilgili inceleme s\u00fcr\u00fcyor. <\/p>\n<p>12.06.2025                                 <\/p>\n","protected":false},"excerpt":{"rendered":"<p>Pendik&#8217;te Aydos Orman\u0131&#8217;na girdikten sonra kendisinden haber al\u0131namayan 49 ya\u015f\u0131ndaki \u015eaban Aksoy, iki g\u00fcnd\u00fcr s\u00fcren arama \u00e7al\u0131\u015fmalar\u0131n\u0131n ard\u0131ndan ak\u015fam saatlerinde arkada\u015f\u0131 taraf\u0131ndan bulundu. Aksoy&#8217;un sa\u011fl\u0131k durumunun iyi oldu\u011fu ve \u015fu anda Sancaktepe&#8217;deki evinde bulundu\u011fu \u00f6\u011frenildi. Olay, d\u00fcn \u00f6\u011fle saatlerinde Pendik Veli Baba Mahallesi Aydos Orman\u0131 yolu \u00fczerinde meydana geldi. Edinilen bilgilere g\u00f6re, \u015eaban Aksoy (49), [&hellip;]<\/p>\n","protected":false},"author":1,"featured_media":7939,"comment_status":"open","ping_status":"open","sticky":false,"template":"","format":"standard","meta":{"footnotes":""},"categories":[1],"tags":[],"class_list":["post-7938","post","type-post","status-publish","format-standard","has-post-thumbnail","hentry","category-genel"],"yoast_head":"<!-- This site is optimized with the Yoast SEO plugin v27.4 - https:\/\/yoast.com\/product\/yoast-seo-wordpress\/ -->\n<title>Pendik&#039;te ormana girdikten sonra kaybolan \u015fah\u0131s bulundu - Memurun Sesi<\/title>\n<meta name=\"robots\" content=\"index, follow, max-snippet:-1, max-image-preview:large, max-video-preview:-1\" \/>\n<link rel=\"canonical\" href=\"https:\/\/memurunsesi.net\/index.php\/2025\/06\/12\/pendikte-ormana-girdikten-sonra-kaybolan-sahis-bulundu\/\" \/>\n<meta property=\"og:locale\" content=\"tr_TR\" \/>\n<meta property=\"og:type\" content=\"article\" \/>\n<meta property=\"og:title\" content=\"Pendik&#039;te ormana girdikten sonra kaybolan \u015fah\u0131s bulundu - Memurun Sesi\" \/>\n<meta property=\"og:description\" content=\"Pendik&#8217;te Aydos Orman\u0131&#8217;na girdikten sonra kendisinden haber al\u0131namayan 49 ya\u015f\u0131ndaki \u015eaban Aksoy, iki g\u00fcnd\u00fcr s\u00fcren arama \u00e7al\u0131\u015fmalar\u0131n\u0131n ard\u0131ndan ak\u015fam saatlerinde arkada\u015f\u0131 taraf\u0131ndan bulundu. Aksoy&#8217;un sa\u011fl\u0131k durumunun iyi oldu\u011fu ve \u015fu anda Sancaktepe&#8217;deki evinde bulundu\u011fu \u00f6\u011frenildi. Olay, d\u00fcn \u00f6\u011fle saatlerinde Pendik Veli Baba Mahallesi Aydos Orman\u0131 yolu \u00fczerinde meydana geldi. Edinilen bilgilere g\u00f6re, \u015eaban Aksoy (49), [&hellip;]\" \/>\n<meta property=\"og:url\" content=\"https:\/\/memurunsesi.net\/index.php\/2025\/06\/12\/pendikte-ormana-girdikten-sonra-kaybolan-sahis-bulundu\/\" \/>\n<meta property=\"og:site_name\" content=\"Memurun Sesi\" \/>\n<meta property=\"article:publisher\" content=\"https:\/\/www.facebook.com\/unipersen\/?locale=tr_TR\" \/>\n<meta property=\"article:published_time\" content=\"2025-06-12T05:42:14+00:00\" \/>\n<meta property=\"og:image\" content=\"https:\/\/memurunsesi.net\/wp-content\/uploads\/2025\/06\/AW474262_03-scaled.jpg\" \/>\n\t<meta property=\"og:image:width\" content=\"2560\" \/>\n\t<meta property=\"og:image:height\" content=\"1920\" \/>\n\t<meta property=\"og:image:type\" content=\"image\/jpeg\" \/>\n<meta name=\"author\" content=\"Memurun Sesi Haber Merkezi\" \/>\n<meta name=\"twitter:card\" content=\"summary_large_image\" \/>\n<meta name=\"twitter:creator\" content=\"@unipersen\" \/>\n<meta name=\"twitter:site\" content=\"@unipersen\" \/>\n<meta name=\"twitter:label1\" content=\"Yazan:\" \/>\n\t<meta name=\"twitter:data1\" content=\"Memurun Sesi Haber Merkezi\" \/>\n\t<meta name=\"twitter:label2\" content=\"Tahmini okuma s\u00fcresi\" \/>\n\t<meta name=\"twitter:data2\" content=\"1 dakika\" \/>\n<script type=\"application\/ld+json\" class=\"yoast-schema-graph\">{\"@context\":\"https:\\\/\\\/schema.org\",\"@graph\":[{\"@type\":\"Article\",\"@id\":\"https:\\\/\\\/memurunsesi.net\\\/index.php\\\/2025\\\/06\\\/12\\\/pendikte-ormana-girdikten-sonra-kaybolan-sahis-bulundu\\\/#article\",\"isPartOf\":{\"@id\":\"https:\\\/\\\/memurunsesi.net\\\/index.php\\\/2025\\\/06\\\/12\\\/pendikte-ormana-girdikten-sonra-kaybolan-sahis-bulundu\\\/\"},\"author\":{\"name\":\"Memurun Sesi Haber Merkezi\",\"@id\":\"https:\\\/\\\/memurunsesi.net\\\/#\\\/schema\\\/person\\\/f21c2d73b89f6ee1d80b0a1803e38587\"},\"headline\":\"Pendik&#8217;te ormana girdikten sonra kaybolan \u015fah\u0131s bulundu\",\"datePublished\":\"2025-06-12T05:42:14+00:00\",\"mainEntityOfPage\":{\"@id\":\"https:\\\/\\\/memurunsesi.net\\\/index.php\\\/2025\\\/06\\\/12\\\/pendikte-ormana-girdikten-sonra-kaybolan-sahis-bulundu\\\/\"},\"wordCount\":182,\"commentCount\":0,\"publisher\":{\"@id\":\"https:\\\/\\\/memurunsesi.net\\\/#organization\"},\"image\":{\"@id\":\"https:\\\/\\\/memurunsesi.net\\\/index.php\\\/2025\\\/06\\\/12\\\/pendikte-ormana-girdikten-sonra-kaybolan-sahis-bulundu\\\/#primaryimage\"},\"thumbnailUrl\":\"https:\\\/\\\/memurunsesi.net\\\/wp-content\\\/uploads\\\/2025\\\/06\\\/AW474262_03-scaled.jpg\",\"inLanguage\":\"tr\",\"potentialAction\":[{\"@type\":\"CommentAction\",\"name\":\"Comment\",\"target\":[\"https:\\\/\\\/memurunsesi.net\\\/index.php\\\/2025\\\/06\\\/12\\\/pendikte-ormana-girdikten-sonra-kaybolan-sahis-bulundu\\\/#respond\"]}]},{\"@type\":\"WebPage\",\"@id\":\"https:\\\/\\\/memurunsesi.net\\\/index.php\\\/2025\\\/06\\\/12\\\/pendikte-ormana-girdikten-sonra-kaybolan-sahis-bulundu\\\/\",\"url\":\"https:\\\/\\\/memurunsesi.net\\\/index.php\\\/2025\\\/06\\\/12\\\/pendikte-ormana-girdikten-sonra-kaybolan-sahis-bulundu\\\/\",\"name\":\"Pendik'te ormana girdikten sonra kaybolan \u015fah\u0131s bulundu - Memurun Sesi\",\"isPartOf\":{\"@id\":\"https:\\\/\\\/memurunsesi.net\\\/#website\"},\"primaryImageOfPage\":{\"@id\":\"https:\\\/\\\/memurunsesi.net\\\/index.php\\\/2025\\\/06\\\/12\\\/pendikte-ormana-girdikten-sonra-kaybolan-sahis-bulundu\\\/#primaryimage\"},\"image\":{\"@id\":\"https:\\\/\\\/memurunsesi.net\\\/index.php\\\/2025\\\/06\\\/12\\\/pendikte-ormana-girdikten-sonra-kaybolan-sahis-bulundu\\\/#primaryimage\"},\"thumbnailUrl\":\"https:\\\/\\\/memurunsesi.net\\\/wp-content\\\/uploads\\\/2025\\\/06\\\/AW474262_03-scaled.jpg\",\"datePublished\":\"2025-06-12T05:42:14+00:00\",\"breadcrumb\":{\"@id\":\"https:\\\/\\\/memurunsesi.net\\\/index.php\\\/2025\\\/06\\\/12\\\/pendikte-ormana-girdikten-sonra-kaybolan-sahis-bulundu\\\/#breadcrumb\"},\"inLanguage\":\"tr\",\"potentialAction\":[{\"@type\":\"ReadAction\",\"target\":[\"https:\\\/\\\/memurunsesi.net\\\/index.php\\\/2025\\\/06\\\/12\\\/pendikte-ormana-girdikten-sonra-kaybolan-sahis-bulundu\\\/\"]}]},{\"@type\":\"ImageObject\",\"inLanguage\":\"tr\",\"@id\":\"https:\\\/\\\/memurunsesi.net\\\/index.php\\\/2025\\\/06\\\/12\\\/pendikte-ormana-girdikten-sonra-kaybolan-sahis-bulundu\\\/#primaryimage\",\"url\":\"https:\\\/\\\/memurunsesi.net\\\/wp-content\\\/uploads\\\/2025\\\/06\\\/AW474262_03-scaled.jpg\",\"contentUrl\":\"https:\\\/\\\/memurunsesi.net\\\/wp-content\\\/uploads\\\/2025\\\/06\\\/AW474262_03-scaled.jpg\",\"width\":2560,\"height\":1920,\"caption\":\"AFAD EK\u0130PLER\u0130 (SELAM\u0130 BERKE KAYA\\\/\u0130STANBUL-\u0130HA) Pendik'te Aydos Orman\u0131'na girdikten sonra kendisinden haber al\u0131namayan 49 ya\u015f\u0131ndaki \u015eaban Aksoy, iki g\u00fcnd\u00fcr s\u00fcren arama \u00e7al\u0131\u015fmalar\u0131n\u0131n ard\u0131ndan ak\u015fam saatlerinde arkada\u015f\u0131 taraf\u0131ndan bulundu. Aksoy'un sa\u011fl\u0131k durumunun iyi oldu\u011fu ve \u015fu anda Sancaktepe'deki evinde bulundu\u011fu \u00f6\u011frenildi.\"},{\"@type\":\"BreadcrumbList\",\"@id\":\"https:\\\/\\\/memurunsesi.net\\\/index.php\\\/2025\\\/06\\\/12\\\/pendikte-ormana-girdikten-sonra-kaybolan-sahis-bulundu\\\/#breadcrumb\",\"itemListElement\":[{\"@type\":\"ListItem\",\"position\":1,\"name\":\"Anasayfa\",\"item\":\"https:\\\/\\\/memurunsesi.net\\\/\"},{\"@type\":\"ListItem\",\"position\":2,\"name\":\"Pendik&#8217;te ormana girdikten sonra kaybolan \u015fah\u0131s bulundu\"}]},{\"@type\":\"WebSite\",\"@id\":\"https:\\\/\\\/memurunsesi.net\\\/#website\",\"url\":\"https:\\\/\\\/memurunsesi.net\\\/\",\"name\":\"Memurun Sesi\",\"description\":\"G\u00fcncel ve Do\u011fru Haber\",\"publisher\":{\"@id\":\"https:\\\/\\\/memurunsesi.net\\\/#organization\"},\"potentialAction\":[{\"@type\":\"SearchAction\",\"target\":{\"@type\":\"EntryPoint\",\"urlTemplate\":\"https:\\\/\\\/memurunsesi.net\\\/?s={search_term_string}\"},\"query-input\":{\"@type\":\"PropertyValueSpecification\",\"valueRequired\":true,\"valueName\":\"search_term_string\"}}],\"inLanguage\":\"tr\"},{\"@type\":\"Organization\",\"@id\":\"https:\\\/\\\/memurunsesi.net\\\/#organization\",\"name\":\"Memurun Sesi\",\"url\":\"https:\\\/\\\/memurunsesi.net\\\/\",\"logo\":{\"@type\":\"ImageObject\",\"inLanguage\":\"tr\",\"@id\":\"https:\\\/\\\/memurunsesi.net\\\/#\\\/schema\\\/logo\\\/image\\\/\",\"url\":\"https:\\\/\\\/memurunsesi.net\\\/wp-content\\\/uploads\\\/2025\\\/11\\\/cropped-MEMURUN-SESI.png\",\"contentUrl\":\"https:\\\/\\\/memurunsesi.net\\\/wp-content\\\/uploads\\\/2025\\\/11\\\/cropped-MEMURUN-SESI.png\",\"width\":238,\"height\":57,\"caption\":\"Memurun Sesi\"},\"image\":{\"@id\":\"https:\\\/\\\/memurunsesi.net\\\/#\\\/schema\\\/logo\\\/image\\\/\"},\"sameAs\":[\"https:\\\/\\\/www.facebook.com\\\/unipersen\\\/?locale=tr_TR\",\"https:\\\/\\\/x.com\\\/unipersen\"]},{\"@type\":\"Person\",\"@id\":\"https:\\\/\\\/memurunsesi.net\\\/#\\\/schema\\\/person\\\/f21c2d73b89f6ee1d80b0a1803e38587\",\"name\":\"Memurun Sesi Haber Merkezi\",\"image\":{\"@type\":\"ImageObject\",\"inLanguage\":\"tr\",\"@id\":\"https:\\\/\\\/secure.gravatar.com\\\/avatar\\\/6cf0505f452ee753f485014986fab09a434671d2b919ee76fc541025c5876a70?s=96&d=mm&r=g\",\"url\":\"https:\\\/\\\/secure.gravatar.com\\\/avatar\\\/6cf0505f452ee753f485014986fab09a434671d2b919ee76fc541025c5876a70?s=96&d=mm&r=g\",\"contentUrl\":\"https:\\\/\\\/secure.gravatar.com\\\/avatar\\\/6cf0505f452ee753f485014986fab09a434671d2b919ee76fc541025c5876a70?s=96&d=mm&r=g\",\"caption\":\"Memurun Sesi Haber Merkezi\"},\"sameAs\":[\"https:\\\/\\\/memurunsesi.net\"],\"url\":\"https:\\\/\\\/memurunsesi.net\\\/index.php\\\/author\\\/uniper\\\/\"}]}<\/script>\n<!-- \/ Yoast SEO plugin. -->","yoast_head_json":{"title":"Pendik'te ormana girdikten sonra kaybolan \u015fah\u0131s bulundu - Memurun Sesi","robots":{"index":"index","follow":"follow","max-snippet":"max-snippet:-1","max-image-preview":"max-image-preview:large","max-video-preview":"max-video-preview:-1"},"canonical":"https:\/\/memurunsesi.net\/index.php\/2025\/06\/12\/pendikte-ormana-girdikten-sonra-kaybolan-sahis-bulundu\/","og_locale":"tr_TR","og_type":"article","og_title":"Pendik'te ormana girdikten sonra kaybolan \u015fah\u0131s bulundu - Memurun Sesi","og_description":"Pendik&#8217;te Aydos Orman\u0131&#8217;na girdikten sonra kendisinden haber al\u0131namayan 49 ya\u015f\u0131ndaki \u015eaban Aksoy, iki g\u00fcnd\u00fcr s\u00fcren arama \u00e7al\u0131\u015fmalar\u0131n\u0131n ard\u0131ndan ak\u015fam saatlerinde arkada\u015f\u0131 taraf\u0131ndan bulundu. Aksoy&#8217;un sa\u011fl\u0131k durumunun iyi oldu\u011fu ve \u015fu anda Sancaktepe&#8217;deki evinde bulundu\u011fu \u00f6\u011frenildi. Olay, d\u00fcn \u00f6\u011fle saatlerinde Pendik Veli Baba Mahallesi Aydos Orman\u0131 yolu \u00fczerinde meydana geldi. Edinilen bilgilere g\u00f6re, \u015eaban Aksoy (49), [&hellip;]","og_url":"https:\/\/memurunsesi.net\/index.php\/2025\/06\/12\/pendikte-ormana-girdikten-sonra-kaybolan-sahis-bulundu\/","og_site_name":"Memurun Sesi","article_publisher":"https:\/\/www.facebook.com\/unipersen\/?locale=tr_TR","article_published_time":"2025-06-12T05:42:14+00:00","og_image":[{"width":2560,"height":1920,"url":"https:\/\/memurunsesi.net\/wp-content\/uploads\/2025\/06\/AW474262_03-scaled.jpg","type":"image\/jpeg"}],"author":"Memurun Sesi Haber Merkezi","twitter_card":"summary_large_image","twitter_creator":"@unipersen","twitter_site":"@unipersen","twitter_misc":{"Yazan:":"Memurun Sesi Haber Merkezi","Tahmini okuma s\u00fcresi":"1 dakika"},"schema":{"@context":"https:\/\/schema.org","@graph":[{"@type":"Article","@id":"https:\/\/memurunsesi.net\/index.php\/2025\/06\/12\/pendikte-ormana-girdikten-sonra-kaybolan-sahis-bulundu\/#article","isPartOf":{"@id":"https:\/\/memurunsesi.net\/index.php\/2025\/06\/12\/pendikte-ormana-girdikten-sonra-kaybolan-sahis-bulundu\/"},"author":{"name":"Memurun Sesi Haber Merkezi","@id":"https:\/\/memurunsesi.net\/#\/schema\/person\/f21c2d73b89f6ee1d80b0a1803e38587"},"headline":"Pendik&#8217;te ormana girdikten sonra kaybolan \u015fah\u0131s bulundu","datePublished":"2025-06-12T05:42:14+00:00","mainEntityOfPage":{"@id":"https:\/\/memurunsesi.net\/index.php\/2025\/06\/12\/pendikte-ormana-girdikten-sonra-kaybolan-sahis-bulundu\/"},"wordCount":182,"commentCount":0,"publisher":{"@id":"https:\/\/memurunsesi.net\/#organization"},"image":{"@id":"https:\/\/memurunsesi.net\/index.php\/2025\/06\/12\/pendikte-ormana-girdikten-sonra-kaybolan-sahis-bulundu\/#primaryimage"},"thumbnailUrl":"https:\/\/memurunsesi.net\/wp-content\/uploads\/2025\/06\/AW474262_03-scaled.jpg","inLanguage":"tr","potentialAction":[{"@type":"CommentAction","name":"Comment","target":["https:\/\/memurunsesi.net\/index.php\/2025\/06\/12\/pendikte-ormana-girdikten-sonra-kaybolan-sahis-bulundu\/#respond"]}]},{"@type":"WebPage","@id":"https:\/\/memurunsesi.net\/index.php\/2025\/06\/12\/pendikte-ormana-girdikten-sonra-kaybolan-sahis-bulundu\/","url":"https:\/\/memurunsesi.net\/index.php\/2025\/06\/12\/pendikte-ormana-girdikten-sonra-kaybolan-sahis-bulundu\/","name":"Pendik'te ormana girdikten sonra kaybolan \u015fah\u0131s bulundu - Memurun Sesi","isPartOf":{"@id":"https:\/\/memurunsesi.net\/#website"},"primaryImageOfPage":{"@id":"https:\/\/memurunsesi.net\/index.php\/2025\/06\/12\/pendikte-ormana-girdikten-sonra-kaybolan-sahis-bulundu\/#primaryimage"},"image":{"@id":"https:\/\/memurunsesi.net\/index.php\/2025\/06\/12\/pendikte-ormana-girdikten-sonra-kaybolan-sahis-bulundu\/#primaryimage"},"thumbnailUrl":"https:\/\/memurunsesi.net\/wp-content\/uploads\/2025\/06\/AW474262_03-scaled.jpg","datePublished":"2025-06-12T05:42:14+00:00","breadcrumb":{"@id":"https:\/\/memurunsesi.net\/index.php\/2025\/06\/12\/pendikte-ormana-girdikten-sonra-kaybolan-sahis-bulundu\/#breadcrumb"},"inLanguage":"tr","potentialAction":[{"@type":"ReadAction","target":["https:\/\/memurunsesi.net\/index.php\/2025\/06\/12\/pendikte-ormana-girdikten-sonra-kaybolan-sahis-bulundu\/"]}]},{"@type":"ImageObject","inLanguage":"tr","@id":"https:\/\/memurunsesi.net\/index.php\/2025\/06\/12\/pendikte-ormana-girdikten-sonra-kaybolan-sahis-bulundu\/#primaryimage","url":"https:\/\/memurunsesi.net\/wp-content\/uploads\/2025\/06\/AW474262_03-scaled.jpg","contentUrl":"https:\/\/memurunsesi.net\/wp-content\/uploads\/2025\/06\/AW474262_03-scaled.jpg","width":2560,"height":1920,"caption":"AFAD EK\u0130PLER\u0130 (SELAM\u0130 BERKE KAYA\/\u0130STANBUL-\u0130HA) Pendik'te Aydos Orman\u0131'na girdikten sonra kendisinden haber al\u0131namayan 49 ya\u015f\u0131ndaki \u015eaban Aksoy, iki g\u00fcnd\u00fcr s\u00fcren arama \u00e7al\u0131\u015fmalar\u0131n\u0131n ard\u0131ndan ak\u015fam saatlerinde arkada\u015f\u0131 taraf\u0131ndan bulundu. Aksoy'un sa\u011fl\u0131k durumunun iyi oldu\u011fu ve \u015fu anda Sancaktepe'deki evinde bulundu\u011fu \u00f6\u011frenildi."},{"@type":"BreadcrumbList","@id":"https:\/\/memurunsesi.net\/index.php\/2025\/06\/12\/pendikte-ormana-girdikten-sonra-kaybolan-sahis-bulundu\/#breadcrumb","itemListElement":[{"@type":"ListItem","position":1,"name":"Anasayfa","item":"https:\/\/memurunsesi.net\/"},{"@type":"ListItem","position":2,"name":"Pendik&#8217;te ormana girdikten sonra kaybolan \u015fah\u0131s bulundu"}]},{"@type":"WebSite","@id":"https:\/\/memurunsesi.net\/#website","url":"https:\/\/memurunsesi.net\/","name":"Memurun Sesi","description":"G\u00fcncel ve Do\u011fru Haber","publisher":{"@id":"https:\/\/memurunsesi.net\/#organization"},"potentialAction":[{"@type":"SearchAction","target":{"@type":"EntryPoint","urlTemplate":"https:\/\/memurunsesi.net\/?s={search_term_string}"},"query-input":{"@type":"PropertyValueSpecification","valueRequired":true,"valueName":"search_term_string"}}],"inLanguage":"tr"},{"@type":"Organization","@id":"https:\/\/memurunsesi.net\/#organization","name":"Memurun Sesi","url":"https:\/\/memurunsesi.net\/","logo":{"@type":"ImageObject","inLanguage":"tr","@id":"https:\/\/memurunsesi.net\/#\/schema\/logo\/image\/","url":"https:\/\/memurunsesi.net\/wp-content\/uploads\/2025\/11\/cropped-MEMURUN-SESI.png","contentUrl":"https:\/\/memurunsesi.net\/wp-content\/uploads\/2025\/11\/cropped-MEMURUN-SESI.png","width":238,"height":57,"caption":"Memurun Sesi"},"image":{"@id":"https:\/\/memurunsesi.net\/#\/schema\/logo\/image\/"},"sameAs":["https:\/\/www.facebook.com\/unipersen\/?locale=tr_TR","https:\/\/x.com\/unipersen"]},{"@type":"Person","@id":"https:\/\/memurunsesi.net\/#\/schema\/person\/f21c2d73b89f6ee1d80b0a1803e38587","name":"Memurun Sesi Haber Merkezi","image":{"@type":"ImageObject","inLanguage":"tr","@id":"https:\/\/secure.gravatar.com\/avatar\/6cf0505f452ee753f485014986fab09a434671d2b919ee76fc541025c5876a70?s=96&d=mm&r=g","url":"https:\/\/secure.gravatar.com\/avatar\/6cf0505f452ee753f485014986fab09a434671d2b919ee76fc541025c5876a70?s=96&d=mm&r=g","contentUrl":"https:\/\/secure.gravatar.com\/avatar\/6cf0505f452ee753f485014986fab09a434671d2b919ee76fc541025c5876a70?s=96&d=mm&r=g","caption":"Memurun Sesi Haber Merkezi"},"sameAs":["https:\/\/memurunsesi.net"],"url":"https:\/\/memurunsesi.net\/index.php\/author\/uniper\/"}]}},"_links":{"self":[{"href":"https:\/\/memurunsesi.net\/index.php\/wp-json\/wp\/v2\/posts\/7938","targetHints":{"allow":["GET"]}}],"collection":[{"href":"https:\/\/memurunsesi.net\/index.php\/wp-json\/wp\/v2\/posts"}],"about":[{"href":"https:\/\/memurunsesi.net\/index.php\/wp-json\/wp\/v2\/types\/post"}],"author":[{"embeddable":true,"href":"https:\/\/memurunsesi.net\/index.php\/wp-json\/wp\/v2\/users\/1"}],"replies":[{"embeddable":true,"href":"https:\/\/memurunsesi.net\/index.php\/wp-json\/wp\/v2\/comments?post=7938"}],"version-history":[{"count":1,"href":"https:\/\/memurunsesi.net\/index.php\/wp-json\/wp\/v2\/posts\/7938\/revisions"}],"predecessor-version":[{"id":7940,"href":"https:\/\/memurunsesi.net\/index.php\/wp-json\/wp\/v2\/posts\/7938\/revisions\/7940"}],"wp:featuredmedia":[{"embeddable":true,"href":"https:\/\/memurunsesi.net\/index.php\/wp-json\/wp\/v2\/media\/7939"}],"wp:attachment":[{"href":"https:\/\/memurunsesi.net\/index.php\/wp-json\/wp\/v2\/media?parent=7938"}],"wp:term":[{"taxonomy":"category","embeddable":true,"href":"https:\/\/memurunsesi.net\/index.php\/wp-json\/wp\/v2\/categories?post=7938"},{"taxonomy":"post_tag","embeddable":true,"href":"https:\/\/memurunsesi.net\/index.php\/wp-json\/wp\/v2\/tags?post=7938"}],"curies":[{"name":"wp","href":"https:\/\/api.w.org\/{rel}","templated":true}]}}