{"id":7941,"date":"2025-06-12T08:43:32","date_gmt":"2025-06-12T05:43:32","guid":{"rendered":"https:\/\/memurunsesi.net\/?p=7941"},"modified":"2025-06-12T08:43:32","modified_gmt":"2025-06-12T05:43:32","slug":"akyurt-cumhuriyet-meydaninda-gece-saatlerinde-korkutan-kaza","status":"publish","type":"post","link":"https:\/\/memurunsesi.net\/index.php\/2025\/06\/12\/akyurt-cumhuriyet-meydaninda-gece-saatlerinde-korkutan-kaza\/","title":{"rendered":"Akyurt Cumhuriyet Meydan\u0131\u2019nda gece saatlerinde korkutan kaza"},"content":{"rendered":"<p> Ankara\u2019n\u0131n Akyurt il\u00e7esinde bir otomobil Cumhuriyet Meydan\u0131\u2019nda \u00e7ay oca\u011f\u0131n\u0131n bulundu\u011fu alana d\u00fc\u015ft\u00fc.<br \/>\nEdinilen bilgilere g\u00f6re olay gece saatlerinde Akyurt il\u00e7esinde meydana geldi. Hen\u00fcz nedeni belirlenemeyen \u015fekilde kontrol\u00fcn\u00fc kaybeden otomobil, kald\u0131r\u0131ma \u00e7\u0131karak b\u00fcy\u00fck bir g\u00fcr\u00fclt\u00fcyle Cumhuriyet Meydan\u0131\u2019nda bulunan pasaj\u0131n \u00f6n\u00fcndeki \u00e7ay oca\u011f\u0131n\u0131n \u00f6n\u00fcne d\u00fc\u015ft\u00fc \u00e7arpt\u0131. Kazan\u0131n gece ge\u00e7 saatlerde ya\u015fanmas\u0131, olay yerinde yaya veya m\u00fc\u015fteri bulunmamas\u0131 nedeniyle can kayb\u0131 ya da yaralanma olmad\u0131. \u00c7ay oca\u011f\u0131n\u0131n bo\u015f olmas\u0131 muhtemel bir faciay\u0131 \u00f6nlerken, ara\u00e7ta maddi hasar meydana geldi. Kazan\u0131n ard\u0131ndan olay yerine gelen polis ekipleri inceleme yaparken, ara\u00e7 daha sonra \u00e7ekici yard\u0131m\u0131yla kald\u0131r\u0131ld\u0131. Kazayla ilgili inceleme ba\u015flat\u0131ld\u0131. <\/p>\n<p>12.06.2025                               <\/p>\n","protected":false},"excerpt":{"rendered":"<p>Ankara\u2019n\u0131n Akyurt il\u00e7esinde bir otomobil Cumhuriyet Meydan\u0131\u2019nda \u00e7ay oca\u011f\u0131n\u0131n bulundu\u011fu alana d\u00fc\u015ft\u00fc. Edinilen bilgilere g\u00f6re olay gece saatlerinde Akyurt il\u00e7esinde meydana geldi. Hen\u00fcz nedeni belirlenemeyen \u015fekilde kontrol\u00fcn\u00fc kaybeden otomobil, kald\u0131r\u0131ma \u00e7\u0131karak b\u00fcy\u00fck bir g\u00fcr\u00fclt\u00fcyle Cumhuriyet Meydan\u0131\u2019nda bulunan pasaj\u0131n \u00f6n\u00fcndeki \u00e7ay oca\u011f\u0131n\u0131n \u00f6n\u00fcne d\u00fc\u015ft\u00fc \u00e7arpt\u0131. Kazan\u0131n gece ge\u00e7 saatlerde ya\u015fanmas\u0131, olay yerinde yaya veya m\u00fc\u015fteri bulunmamas\u0131 [&hellip;]<\/p>\n","protected":false},"author":1,"featured_media":7942,"comment_status":"open","ping_status":"open","sticky":false,"template":"","format":"standard","meta":{"footnotes":""},"categories":[45],"tags":[],"class_list":["post-7941","post","type-post","status-publish","format-standard","has-post-thumbnail","hentry","category-gundem"],"yoast_head":"<!-- This site is optimized with the Yoast SEO plugin v27.4 - https:\/\/yoast.com\/product\/yoast-seo-wordpress\/ -->\n<title>Akyurt Cumhuriyet Meydan\u0131\u2019nda gece saatlerinde korkutan kaza - Memurun Sesi<\/title>\n<meta name=\"robots\" content=\"index, follow, max-snippet:-1, max-image-preview:large, max-video-preview:-1\" \/>\n<link rel=\"canonical\" href=\"https:\/\/memurunsesi.net\/index.php\/2025\/06\/12\/akyurt-cumhuriyet-meydaninda-gece-saatlerinde-korkutan-kaza\/\" \/>\n<meta property=\"og:locale\" content=\"tr_TR\" \/>\n<meta property=\"og:type\" content=\"article\" \/>\n<meta property=\"og:title\" content=\"Akyurt Cumhuriyet Meydan\u0131\u2019nda gece saatlerinde korkutan kaza - Memurun Sesi\" \/>\n<meta property=\"og:description\" content=\"Ankara\u2019n\u0131n Akyurt il\u00e7esinde bir otomobil Cumhuriyet Meydan\u0131\u2019nda \u00e7ay oca\u011f\u0131n\u0131n bulundu\u011fu alana d\u00fc\u015ft\u00fc. Edinilen bilgilere g\u00f6re olay gece saatlerinde Akyurt il\u00e7esinde meydana geldi. Hen\u00fcz nedeni belirlenemeyen \u015fekilde kontrol\u00fcn\u00fc kaybeden otomobil, kald\u0131r\u0131ma \u00e7\u0131karak b\u00fcy\u00fck bir g\u00fcr\u00fclt\u00fcyle Cumhuriyet Meydan\u0131\u2019nda bulunan pasaj\u0131n \u00f6n\u00fcndeki \u00e7ay oca\u011f\u0131n\u0131n \u00f6n\u00fcne d\u00fc\u015ft\u00fc \u00e7arpt\u0131. Kazan\u0131n gece ge\u00e7 saatlerde ya\u015fanmas\u0131, olay yerinde yaya veya m\u00fc\u015fteri bulunmamas\u0131 [&hellip;]\" \/>\n<meta property=\"og:url\" content=\"https:\/\/memurunsesi.net\/index.php\/2025\/06\/12\/akyurt-cumhuriyet-meydaninda-gece-saatlerinde-korkutan-kaza\/\" \/>\n<meta property=\"og:site_name\" content=\"Memurun Sesi\" \/>\n<meta property=\"article:publisher\" content=\"https:\/\/www.facebook.com\/unipersen\/?locale=tr_TR\" \/>\n<meta property=\"article:published_time\" content=\"2025-06-12T05:43:32+00:00\" \/>\n<meta property=\"og:image\" content=\"https:\/\/memurunsesi.net\/wp-content\/uploads\/2025\/06\/AW474257_01-scaled.jpg\" \/>\n\t<meta property=\"og:image:width\" content=\"1920\" \/>\n\t<meta property=\"og:image:height\" content=\"2560\" \/>\n\t<meta property=\"og:image:type\" content=\"image\/jpeg\" \/>\n<meta name=\"author\" content=\"Memurun Sesi Haber Merkezi\" \/>\n<meta name=\"twitter:card\" content=\"summary_large_image\" \/>\n<meta name=\"twitter:creator\" content=\"@unipersen\" \/>\n<meta name=\"twitter:site\" content=\"@unipersen\" \/>\n<meta name=\"twitter:label1\" content=\"Yazan:\" \/>\n\t<meta name=\"twitter:data1\" content=\"Memurun Sesi Haber Merkezi\" \/>\n\t<meta name=\"twitter:label2\" content=\"Tahmini okuma s\u00fcresi\" \/>\n\t<meta name=\"twitter:data2\" content=\"1 dakika\" \/>\n<script type=\"application\/ld+json\" class=\"yoast-schema-graph\">{\"@context\":\"https:\\\/\\\/schema.org\",\"@graph\":[{\"@type\":\"Article\",\"@id\":\"https:\\\/\\\/memurunsesi.net\\\/index.php\\\/2025\\\/06\\\/12\\\/akyurt-cumhuriyet-meydaninda-gece-saatlerinde-korkutan-kaza\\\/#article\",\"isPartOf\":{\"@id\":\"https:\\\/\\\/memurunsesi.net\\\/index.php\\\/2025\\\/06\\\/12\\\/akyurt-cumhuriyet-meydaninda-gece-saatlerinde-korkutan-kaza\\\/\"},\"author\":{\"name\":\"Memurun Sesi Haber Merkezi\",\"@id\":\"https:\\\/\\\/memurunsesi.net\\\/#\\\/schema\\\/person\\\/f21c2d73b89f6ee1d80b0a1803e38587\"},\"headline\":\"Akyurt Cumhuriyet Meydan\u0131\u2019nda gece saatlerinde korkutan kaza\",\"datePublished\":\"2025-06-12T05:43:32+00:00\",\"mainEntityOfPage\":{\"@id\":\"https:\\\/\\\/memurunsesi.net\\\/index.php\\\/2025\\\/06\\\/12\\\/akyurt-cumhuriyet-meydaninda-gece-saatlerinde-korkutan-kaza\\\/\"},\"wordCount\":142,\"commentCount\":0,\"publisher\":{\"@id\":\"https:\\\/\\\/memurunsesi.net\\\/#organization\"},\"image\":{\"@id\":\"https:\\\/\\\/memurunsesi.net\\\/index.php\\\/2025\\\/06\\\/12\\\/akyurt-cumhuriyet-meydaninda-gece-saatlerinde-korkutan-kaza\\\/#primaryimage\"},\"thumbnailUrl\":\"https:\\\/\\\/memurunsesi.net\\\/wp-content\\\/uploads\\\/2025\\\/06\\\/AW474257_01-scaled.jpg\",\"articleSection\":[\"G\u00fcndem\"],\"inLanguage\":\"tr\",\"potentialAction\":[{\"@type\":\"CommentAction\",\"name\":\"Comment\",\"target\":[\"https:\\\/\\\/memurunsesi.net\\\/index.php\\\/2025\\\/06\\\/12\\\/akyurt-cumhuriyet-meydaninda-gece-saatlerinde-korkutan-kaza\\\/#respond\"]}]},{\"@type\":\"WebPage\",\"@id\":\"https:\\\/\\\/memurunsesi.net\\\/index.php\\\/2025\\\/06\\\/12\\\/akyurt-cumhuriyet-meydaninda-gece-saatlerinde-korkutan-kaza\\\/\",\"url\":\"https:\\\/\\\/memurunsesi.net\\\/index.php\\\/2025\\\/06\\\/12\\\/akyurt-cumhuriyet-meydaninda-gece-saatlerinde-korkutan-kaza\\\/\",\"name\":\"Akyurt Cumhuriyet Meydan\u0131\u2019nda gece saatlerinde korkutan kaza - Memurun Sesi\",\"isPartOf\":{\"@id\":\"https:\\\/\\\/memurunsesi.net\\\/#website\"},\"primaryImageOfPage\":{\"@id\":\"https:\\\/\\\/memurunsesi.net\\\/index.php\\\/2025\\\/06\\\/12\\\/akyurt-cumhuriyet-meydaninda-gece-saatlerinde-korkutan-kaza\\\/#primaryimage\"},\"image\":{\"@id\":\"https:\\\/\\\/memurunsesi.net\\\/index.php\\\/2025\\\/06\\\/12\\\/akyurt-cumhuriyet-meydaninda-gece-saatlerinde-korkutan-kaza\\\/#primaryimage\"},\"thumbnailUrl\":\"https:\\\/\\\/memurunsesi.net\\\/wp-content\\\/uploads\\\/2025\\\/06\\\/AW474257_01-scaled.jpg\",\"datePublished\":\"2025-06-12T05:43:32+00:00\",\"breadcrumb\":{\"@id\":\"https:\\\/\\\/memurunsesi.net\\\/index.php\\\/2025\\\/06\\\/12\\\/akyurt-cumhuriyet-meydaninda-gece-saatlerinde-korkutan-kaza\\\/#breadcrumb\"},\"inLanguage\":\"tr\",\"potentialAction\":[{\"@type\":\"ReadAction\",\"target\":[\"https:\\\/\\\/memurunsesi.net\\\/index.php\\\/2025\\\/06\\\/12\\\/akyurt-cumhuriyet-meydaninda-gece-saatlerinde-korkutan-kaza\\\/\"]}]},{\"@type\":\"ImageObject\",\"inLanguage\":\"tr\",\"@id\":\"https:\\\/\\\/memurunsesi.net\\\/index.php\\\/2025\\\/06\\\/12\\\/akyurt-cumhuriyet-meydaninda-gece-saatlerinde-korkutan-kaza\\\/#primaryimage\",\"url\":\"https:\\\/\\\/memurunsesi.net\\\/wp-content\\\/uploads\\\/2025\\\/06\\\/AW474257_01-scaled.jpg\",\"contentUrl\":\"https:\\\/\\\/memurunsesi.net\\\/wp-content\\\/uploads\\\/2025\\\/06\\\/AW474257_01-scaled.jpg\",\"width\":1920,\"height\":2560,\"caption\":\"ANKARA'NIN AKYURT \u0130L\u00c7ES\u0130NDE B\u0130R OTOMOB\u0130L CUMHUR\u0130YET MEYDANI'NDA \u00c7AY OCA\u011eININ BULUNDU\u011eU ALANA D\u00dc\u015eT\u00dc. (YUNUS EMRE KARADA\u015e\\\/ANKARA-\u0130HA) Ankara'n\u0131n Akyurt il\u00e7esinde bir otomobil Cumhuriyet Meydan\u0131'nda \u00e7ay oca\u011f\u0131n\u0131n bulundu\u011fu alana d\u00fc\u015ft\u00fc.\"},{\"@type\":\"BreadcrumbList\",\"@id\":\"https:\\\/\\\/memurunsesi.net\\\/index.php\\\/2025\\\/06\\\/12\\\/akyurt-cumhuriyet-meydaninda-gece-saatlerinde-korkutan-kaza\\\/#breadcrumb\",\"itemListElement\":[{\"@type\":\"ListItem\",\"position\":1,\"name\":\"Anasayfa\",\"item\":\"https:\\\/\\\/memurunsesi.net\\\/\"},{\"@type\":\"ListItem\",\"position\":2,\"name\":\"Akyurt Cumhuriyet Meydan\u0131\u2019nda gece saatlerinde korkutan kaza\"}]},{\"@type\":\"WebSite\",\"@id\":\"https:\\\/\\\/memurunsesi.net\\\/#website\",\"url\":\"https:\\\/\\\/memurunsesi.net\\\/\",\"name\":\"Memurun Sesi\",\"description\":\"G\u00fcncel ve Do\u011fru Haber\",\"publisher\":{\"@id\":\"https:\\\/\\\/memurunsesi.net\\\/#organization\"},\"potentialAction\":[{\"@type\":\"SearchAction\",\"target\":{\"@type\":\"EntryPoint\",\"urlTemplate\":\"https:\\\/\\\/memurunsesi.net\\\/?s={search_term_string}\"},\"query-input\":{\"@type\":\"PropertyValueSpecification\",\"valueRequired\":true,\"valueName\":\"search_term_string\"}}],\"inLanguage\":\"tr\"},{\"@type\":\"Organization\",\"@id\":\"https:\\\/\\\/memurunsesi.net\\\/#organization\",\"name\":\"Memurun Sesi\",\"url\":\"https:\\\/\\\/memurunsesi.net\\\/\",\"logo\":{\"@type\":\"ImageObject\",\"inLanguage\":\"tr\",\"@id\":\"https:\\\/\\\/memurunsesi.net\\\/#\\\/schema\\\/logo\\\/image\\\/\",\"url\":\"https:\\\/\\\/memurunsesi.net\\\/wp-content\\\/uploads\\\/2025\\\/11\\\/cropped-MEMURUN-SESI.png\",\"contentUrl\":\"https:\\\/\\\/memurunsesi.net\\\/wp-content\\\/uploads\\\/2025\\\/11\\\/cropped-MEMURUN-SESI.png\",\"width\":238,\"height\":57,\"caption\":\"Memurun Sesi\"},\"image\":{\"@id\":\"https:\\\/\\\/memurunsesi.net\\\/#\\\/schema\\\/logo\\\/image\\\/\"},\"sameAs\":[\"https:\\\/\\\/www.facebook.com\\\/unipersen\\\/?locale=tr_TR\",\"https:\\\/\\\/x.com\\\/unipersen\"]},{\"@type\":\"Person\",\"@id\":\"https:\\\/\\\/memurunsesi.net\\\/#\\\/schema\\\/person\\\/f21c2d73b89f6ee1d80b0a1803e38587\",\"name\":\"Memurun Sesi Haber Merkezi\",\"image\":{\"@type\":\"ImageObject\",\"inLanguage\":\"tr\",\"@id\":\"https:\\\/\\\/secure.gravatar.com\\\/avatar\\\/6cf0505f452ee753f485014986fab09a434671d2b919ee76fc541025c5876a70?s=96&d=mm&r=g\",\"url\":\"https:\\\/\\\/secure.gravatar.com\\\/avatar\\\/6cf0505f452ee753f485014986fab09a434671d2b919ee76fc541025c5876a70?s=96&d=mm&r=g\",\"contentUrl\":\"https:\\\/\\\/secure.gravatar.com\\\/avatar\\\/6cf0505f452ee753f485014986fab09a434671d2b919ee76fc541025c5876a70?s=96&d=mm&r=g\",\"caption\":\"Memurun Sesi Haber Merkezi\"},\"sameAs\":[\"https:\\\/\\\/memurunsesi.net\"],\"url\":\"https:\\\/\\\/memurunsesi.net\\\/index.php\\\/author\\\/uniper\\\/\"}]}<\/script>\n<!-- \/ Yoast SEO plugin. -->","yoast_head_json":{"title":"Akyurt Cumhuriyet Meydan\u0131\u2019nda gece saatlerinde korkutan kaza - Memurun Sesi","robots":{"index":"index","follow":"follow","max-snippet":"max-snippet:-1","max-image-preview":"max-image-preview:large","max-video-preview":"max-video-preview:-1"},"canonical":"https:\/\/memurunsesi.net\/index.php\/2025\/06\/12\/akyurt-cumhuriyet-meydaninda-gece-saatlerinde-korkutan-kaza\/","og_locale":"tr_TR","og_type":"article","og_title":"Akyurt Cumhuriyet Meydan\u0131\u2019nda gece saatlerinde korkutan kaza - Memurun Sesi","og_description":"Ankara\u2019n\u0131n Akyurt il\u00e7esinde bir otomobil Cumhuriyet Meydan\u0131\u2019nda \u00e7ay oca\u011f\u0131n\u0131n bulundu\u011fu alana d\u00fc\u015ft\u00fc. Edinilen bilgilere g\u00f6re olay gece saatlerinde Akyurt il\u00e7esinde meydana geldi. Hen\u00fcz nedeni belirlenemeyen \u015fekilde kontrol\u00fcn\u00fc kaybeden otomobil, kald\u0131r\u0131ma \u00e7\u0131karak b\u00fcy\u00fck bir g\u00fcr\u00fclt\u00fcyle Cumhuriyet Meydan\u0131\u2019nda bulunan pasaj\u0131n \u00f6n\u00fcndeki \u00e7ay oca\u011f\u0131n\u0131n \u00f6n\u00fcne d\u00fc\u015ft\u00fc \u00e7arpt\u0131. Kazan\u0131n gece ge\u00e7 saatlerde ya\u015fanmas\u0131, olay yerinde yaya veya m\u00fc\u015fteri bulunmamas\u0131 [&hellip;]","og_url":"https:\/\/memurunsesi.net\/index.php\/2025\/06\/12\/akyurt-cumhuriyet-meydaninda-gece-saatlerinde-korkutan-kaza\/","og_site_name":"Memurun Sesi","article_publisher":"https:\/\/www.facebook.com\/unipersen\/?locale=tr_TR","article_published_time":"2025-06-12T05:43:32+00:00","og_image":[{"width":1920,"height":2560,"url":"https:\/\/memurunsesi.net\/wp-content\/uploads\/2025\/06\/AW474257_01-scaled.jpg","type":"image\/jpeg"}],"author":"Memurun Sesi Haber Merkezi","twitter_card":"summary_large_image","twitter_creator":"@unipersen","twitter_site":"@unipersen","twitter_misc":{"Yazan:":"Memurun Sesi Haber Merkezi","Tahmini okuma s\u00fcresi":"1 dakika"},"schema":{"@context":"https:\/\/schema.org","@graph":[{"@type":"Article","@id":"https:\/\/memurunsesi.net\/index.php\/2025\/06\/12\/akyurt-cumhuriyet-meydaninda-gece-saatlerinde-korkutan-kaza\/#article","isPartOf":{"@id":"https:\/\/memurunsesi.net\/index.php\/2025\/06\/12\/akyurt-cumhuriyet-meydaninda-gece-saatlerinde-korkutan-kaza\/"},"author":{"name":"Memurun Sesi Haber Merkezi","@id":"https:\/\/memurunsesi.net\/#\/schema\/person\/f21c2d73b89f6ee1d80b0a1803e38587"},"headline":"Akyurt Cumhuriyet Meydan\u0131\u2019nda gece saatlerinde korkutan kaza","datePublished":"2025-06-12T05:43:32+00:00","mainEntityOfPage":{"@id":"https:\/\/memurunsesi.net\/index.php\/2025\/06\/12\/akyurt-cumhuriyet-meydaninda-gece-saatlerinde-korkutan-kaza\/"},"wordCount":142,"commentCount":0,"publisher":{"@id":"https:\/\/memurunsesi.net\/#organization"},"image":{"@id":"https:\/\/memurunsesi.net\/index.php\/2025\/06\/12\/akyurt-cumhuriyet-meydaninda-gece-saatlerinde-korkutan-kaza\/#primaryimage"},"thumbnailUrl":"https:\/\/memurunsesi.net\/wp-content\/uploads\/2025\/06\/AW474257_01-scaled.jpg","articleSection":["G\u00fcndem"],"inLanguage":"tr","potentialAction":[{"@type":"CommentAction","name":"Comment","target":["https:\/\/memurunsesi.net\/index.php\/2025\/06\/12\/akyurt-cumhuriyet-meydaninda-gece-saatlerinde-korkutan-kaza\/#respond"]}]},{"@type":"WebPage","@id":"https:\/\/memurunsesi.net\/index.php\/2025\/06\/12\/akyurt-cumhuriyet-meydaninda-gece-saatlerinde-korkutan-kaza\/","url":"https:\/\/memurunsesi.net\/index.php\/2025\/06\/12\/akyurt-cumhuriyet-meydaninda-gece-saatlerinde-korkutan-kaza\/","name":"Akyurt Cumhuriyet Meydan\u0131\u2019nda gece saatlerinde korkutan kaza - Memurun Sesi","isPartOf":{"@id":"https:\/\/memurunsesi.net\/#website"},"primaryImageOfPage":{"@id":"https:\/\/memurunsesi.net\/index.php\/2025\/06\/12\/akyurt-cumhuriyet-meydaninda-gece-saatlerinde-korkutan-kaza\/#primaryimage"},"image":{"@id":"https:\/\/memurunsesi.net\/index.php\/2025\/06\/12\/akyurt-cumhuriyet-meydaninda-gece-saatlerinde-korkutan-kaza\/#primaryimage"},"thumbnailUrl":"https:\/\/memurunsesi.net\/wp-content\/uploads\/2025\/06\/AW474257_01-scaled.jpg","datePublished":"2025-06-12T05:43:32+00:00","breadcrumb":{"@id":"https:\/\/memurunsesi.net\/index.php\/2025\/06\/12\/akyurt-cumhuriyet-meydaninda-gece-saatlerinde-korkutan-kaza\/#breadcrumb"},"inLanguage":"tr","potentialAction":[{"@type":"ReadAction","target":["https:\/\/memurunsesi.net\/index.php\/2025\/06\/12\/akyurt-cumhuriyet-meydaninda-gece-saatlerinde-korkutan-kaza\/"]}]},{"@type":"ImageObject","inLanguage":"tr","@id":"https:\/\/memurunsesi.net\/index.php\/2025\/06\/12\/akyurt-cumhuriyet-meydaninda-gece-saatlerinde-korkutan-kaza\/#primaryimage","url":"https:\/\/memurunsesi.net\/wp-content\/uploads\/2025\/06\/AW474257_01-scaled.jpg","contentUrl":"https:\/\/memurunsesi.net\/wp-content\/uploads\/2025\/06\/AW474257_01-scaled.jpg","width":1920,"height":2560,"caption":"ANKARA'NIN AKYURT \u0130L\u00c7ES\u0130NDE B\u0130R OTOMOB\u0130L CUMHUR\u0130YET MEYDANI'NDA \u00c7AY OCA\u011eININ BULUNDU\u011eU ALANA D\u00dc\u015eT\u00dc. (YUNUS EMRE KARADA\u015e\/ANKARA-\u0130HA) Ankara'n\u0131n Akyurt il\u00e7esinde bir otomobil Cumhuriyet Meydan\u0131'nda \u00e7ay oca\u011f\u0131n\u0131n bulundu\u011fu alana d\u00fc\u015ft\u00fc."},{"@type":"BreadcrumbList","@id":"https:\/\/memurunsesi.net\/index.php\/2025\/06\/12\/akyurt-cumhuriyet-meydaninda-gece-saatlerinde-korkutan-kaza\/#breadcrumb","itemListElement":[{"@type":"ListItem","position":1,"name":"Anasayfa","item":"https:\/\/memurunsesi.net\/"},{"@type":"ListItem","position":2,"name":"Akyurt Cumhuriyet Meydan\u0131\u2019nda gece saatlerinde korkutan kaza"}]},{"@type":"WebSite","@id":"https:\/\/memurunsesi.net\/#website","url":"https:\/\/memurunsesi.net\/","name":"Memurun Sesi","description":"G\u00fcncel ve Do\u011fru Haber","publisher":{"@id":"https:\/\/memurunsesi.net\/#organization"},"potentialAction":[{"@type":"SearchAction","target":{"@type":"EntryPoint","urlTemplate":"https:\/\/memurunsesi.net\/?s={search_term_string}"},"query-input":{"@type":"PropertyValueSpecification","valueRequired":true,"valueName":"search_term_string"}}],"inLanguage":"tr"},{"@type":"Organization","@id":"https:\/\/memurunsesi.net\/#organization","name":"Memurun Sesi","url":"https:\/\/memurunsesi.net\/","logo":{"@type":"ImageObject","inLanguage":"tr","@id":"https:\/\/memurunsesi.net\/#\/schema\/logo\/image\/","url":"https:\/\/memurunsesi.net\/wp-content\/uploads\/2025\/11\/cropped-MEMURUN-SESI.png","contentUrl":"https:\/\/memurunsesi.net\/wp-content\/uploads\/2025\/11\/cropped-MEMURUN-SESI.png","width":238,"height":57,"caption":"Memurun Sesi"},"image":{"@id":"https:\/\/memurunsesi.net\/#\/schema\/logo\/image\/"},"sameAs":["https:\/\/www.facebook.com\/unipersen\/?locale=tr_TR","https:\/\/x.com\/unipersen"]},{"@type":"Person","@id":"https:\/\/memurunsesi.net\/#\/schema\/person\/f21c2d73b89f6ee1d80b0a1803e38587","name":"Memurun Sesi Haber Merkezi","image":{"@type":"ImageObject","inLanguage":"tr","@id":"https:\/\/secure.gravatar.com\/avatar\/6cf0505f452ee753f485014986fab09a434671d2b919ee76fc541025c5876a70?s=96&d=mm&r=g","url":"https:\/\/secure.gravatar.com\/avatar\/6cf0505f452ee753f485014986fab09a434671d2b919ee76fc541025c5876a70?s=96&d=mm&r=g","contentUrl":"https:\/\/secure.gravatar.com\/avatar\/6cf0505f452ee753f485014986fab09a434671d2b919ee76fc541025c5876a70?s=96&d=mm&r=g","caption":"Memurun Sesi Haber Merkezi"},"sameAs":["https:\/\/memurunsesi.net"],"url":"https:\/\/memurunsesi.net\/index.php\/author\/uniper\/"}]}},"_links":{"self":[{"href":"https:\/\/memurunsesi.net\/index.php\/wp-json\/wp\/v2\/posts\/7941","targetHints":{"allow":["GET"]}}],"collection":[{"href":"https:\/\/memurunsesi.net\/index.php\/wp-json\/wp\/v2\/posts"}],"about":[{"href":"https:\/\/memurunsesi.net\/index.php\/wp-json\/wp\/v2\/types\/post"}],"author":[{"embeddable":true,"href":"https:\/\/memurunsesi.net\/index.php\/wp-json\/wp\/v2\/users\/1"}],"replies":[{"embeddable":true,"href":"https:\/\/memurunsesi.net\/index.php\/wp-json\/wp\/v2\/comments?post=7941"}],"version-history":[{"count":1,"href":"https:\/\/memurunsesi.net\/index.php\/wp-json\/wp\/v2\/posts\/7941\/revisions"}],"predecessor-version":[{"id":7943,"href":"https:\/\/memurunsesi.net\/index.php\/wp-json\/wp\/v2\/posts\/7941\/revisions\/7943"}],"wp:featuredmedia":[{"embeddable":true,"href":"https:\/\/memurunsesi.net\/index.php\/wp-json\/wp\/v2\/media\/7942"}],"wp:attachment":[{"href":"https:\/\/memurunsesi.net\/index.php\/wp-json\/wp\/v2\/media?parent=7941"}],"wp:term":[{"taxonomy":"category","embeddable":true,"href":"https:\/\/memurunsesi.net\/index.php\/wp-json\/wp\/v2\/categories?post=7941"},{"taxonomy":"post_tag","embeddable":true,"href":"https:\/\/memurunsesi.net\/index.php\/wp-json\/wp\/v2\/tags?post=7941"}],"curies":[{"name":"wp","href":"https:\/\/api.w.org\/{rel}","templated":true}]}}