{"id":7944,"date":"2025-06-12T08:44:38","date_gmt":"2025-06-12T05:44:38","guid":{"rendered":"https:\/\/memurunsesi.net\/?p=7944"},"modified":"2025-06-12T08:44:38","modified_gmt":"2025-06-12T05:44:38","slug":"forkliftten-dusen-isci-hayatini-kaybetti","status":"publish","type":"post","link":"https:\/\/memurunsesi.net\/index.php\/2025\/06\/12\/forkliftten-dusen-isci-hayatini-kaybetti\/","title":{"rendered":"Forkliftten d\u00fc\u015fen i\u015f\u00e7i hayat\u0131n\u0131 kaybetti"},"content":{"rendered":"<p>  Bart\u0131n&#8217;da 2 ay \u00f6nce kau\u00e7uk fabrikas\u0131nda i\u015fe ba\u015flayan 38 ya\u015f\u0131mdaki \u00f6zg\u00fcr \u00c7elik, forkliftten d\u00fc\u015ferek hayat\u0131n\u0131 kaybetti.<br \/>\nBart\u0131n Organize Sanayi B\u00f6lgesi&#8217;ndeki bir kau\u00e7uk fabrikas\u0131nda bak\u0131m personeli olarak \u00e7al\u0131\u015fan 38 ya\u015f\u0131ndaki \u00d6zg\u00fcr \u00c7elik, bak\u0131m\u0131n\u0131 yapt\u0131\u011f\u0131 forkliftten d\u00fc\u015ferek a\u011f\u0131r yaraland\u0131. A\u011f\u0131r yaralanan \u00c7elik, kald\u0131r\u0131ld\u0131\u011f\u0131 Bart\u0131n Devlet Hastanesi&#8217;nde t\u00fcm m\u00fcdahalelere ra\u011fmen kurtar\u0131lamad\u0131.<br \/>\n  Hayat\u0131n\u0131 kaybeden \u00c7elik&#8217;in bekar oldu\u011fu ve 2 ay \u00f6nce kau\u00e7uk fabrikas\u0131nda i\u015fe ba\u015flad\u0131\u011f\u0131 \u00f6\u011frenildi. <\/p>\n<p>12.06.2025                               <\/p>\n","protected":false},"excerpt":{"rendered":"<p>Bart\u0131n&#8217;da 2 ay \u00f6nce kau\u00e7uk fabrikas\u0131nda i\u015fe ba\u015flayan 38 ya\u015f\u0131mdaki \u00f6zg\u00fcr \u00c7elik, forkliftten d\u00fc\u015ferek hayat\u0131n\u0131 kaybetti. Bart\u0131n Organize Sanayi B\u00f6lgesi&#8217;ndeki bir kau\u00e7uk fabrikas\u0131nda bak\u0131m personeli olarak \u00e7al\u0131\u015fan 38 ya\u015f\u0131ndaki \u00d6zg\u00fcr \u00c7elik, bak\u0131m\u0131n\u0131 yapt\u0131\u011f\u0131 forkliftten d\u00fc\u015ferek a\u011f\u0131r yaraland\u0131. A\u011f\u0131r yaralanan \u00c7elik, kald\u0131r\u0131ld\u0131\u011f\u0131 Bart\u0131n Devlet Hastanesi&#8217;nde t\u00fcm m\u00fcdahalelere ra\u011fmen kurtar\u0131lamad\u0131. Hayat\u0131n\u0131 kaybeden \u00c7elik&#8217;in bekar oldu\u011fu ve 2 [&hellip;]<\/p>\n","protected":false},"author":1,"featured_media":7945,"comment_status":"open","ping_status":"open","sticky":false,"template":"","format":"standard","meta":{"footnotes":""},"categories":[50],"tags":[],"class_list":["post-7944","post","type-post","status-publish","format-standard","has-post-thumbnail","hentry","category-tum-haberler"],"yoast_head":"<!-- This site is optimized with the Yoast SEO plugin v27.4 - https:\/\/yoast.com\/product\/yoast-seo-wordpress\/ -->\n<title>Forkliftten d\u00fc\u015fen i\u015f\u00e7i hayat\u0131n\u0131 kaybetti - Memurun Sesi<\/title>\n<meta name=\"robots\" content=\"index, follow, max-snippet:-1, max-image-preview:large, max-video-preview:-1\" \/>\n<link rel=\"canonical\" href=\"https:\/\/memurunsesi.net\/index.php\/2025\/06\/12\/forkliftten-dusen-isci-hayatini-kaybetti\/\" \/>\n<meta property=\"og:locale\" content=\"tr_TR\" \/>\n<meta property=\"og:type\" content=\"article\" \/>\n<meta property=\"og:title\" content=\"Forkliftten d\u00fc\u015fen i\u015f\u00e7i hayat\u0131n\u0131 kaybetti - Memurun Sesi\" \/>\n<meta property=\"og:description\" content=\"Bart\u0131n&#8217;da 2 ay \u00f6nce kau\u00e7uk fabrikas\u0131nda i\u015fe ba\u015flayan 38 ya\u015f\u0131mdaki \u00f6zg\u00fcr \u00c7elik, forkliftten d\u00fc\u015ferek hayat\u0131n\u0131 kaybetti. Bart\u0131n Organize Sanayi B\u00f6lgesi&#8217;ndeki bir kau\u00e7uk fabrikas\u0131nda bak\u0131m personeli olarak \u00e7al\u0131\u015fan 38 ya\u015f\u0131ndaki \u00d6zg\u00fcr \u00c7elik, bak\u0131m\u0131n\u0131 yapt\u0131\u011f\u0131 forkliftten d\u00fc\u015ferek a\u011f\u0131r yaraland\u0131. A\u011f\u0131r yaralanan \u00c7elik, kald\u0131r\u0131ld\u0131\u011f\u0131 Bart\u0131n Devlet Hastanesi&#8217;nde t\u00fcm m\u00fcdahalelere ra\u011fmen kurtar\u0131lamad\u0131. Hayat\u0131n\u0131 kaybeden \u00c7elik&#8217;in bekar oldu\u011fu ve 2 [&hellip;]\" \/>\n<meta property=\"og:url\" content=\"https:\/\/memurunsesi.net\/index.php\/2025\/06\/12\/forkliftten-dusen-isci-hayatini-kaybetti\/\" \/>\n<meta property=\"og:site_name\" content=\"Memurun Sesi\" \/>\n<meta property=\"article:publisher\" content=\"https:\/\/www.facebook.com\/unipersen\/?locale=tr_TR\" \/>\n<meta property=\"article:published_time\" content=\"2025-06-12T05:44:38+00:00\" \/>\n<meta property=\"og:image\" content=\"https:\/\/memurunsesi.net\/wp-content\/uploads\/2025\/06\/AW474255_01.jpg\" \/>\n\t<meta property=\"og:image:width\" content=\"960\" \/>\n\t<meta property=\"og:image:height\" content=\"960\" \/>\n\t<meta property=\"og:image:type\" content=\"image\/jpeg\" \/>\n<meta name=\"author\" content=\"Memurun Sesi Haber Merkezi\" \/>\n<meta name=\"twitter:card\" content=\"summary_large_image\" \/>\n<meta name=\"twitter:creator\" content=\"@unipersen\" \/>\n<meta name=\"twitter:site\" content=\"@unipersen\" \/>\n<meta name=\"twitter:label1\" content=\"Yazan:\" \/>\n\t<meta name=\"twitter:data1\" content=\"Memurun Sesi Haber Merkezi\" \/>\n\t<meta name=\"twitter:label2\" content=\"Tahmini okuma s\u00fcresi\" \/>\n\t<meta name=\"twitter:data2\" content=\"1 dakika\" \/>\n<script type=\"application\/ld+json\" class=\"yoast-schema-graph\">{\"@context\":\"https:\\\/\\\/schema.org\",\"@graph\":[{\"@type\":\"Article\",\"@id\":\"https:\\\/\\\/memurunsesi.net\\\/index.php\\\/2025\\\/06\\\/12\\\/forkliftten-dusen-isci-hayatini-kaybetti\\\/#article\",\"isPartOf\":{\"@id\":\"https:\\\/\\\/memurunsesi.net\\\/index.php\\\/2025\\\/06\\\/12\\\/forkliftten-dusen-isci-hayatini-kaybetti\\\/\"},\"author\":{\"name\":\"Memurun Sesi Haber Merkezi\",\"@id\":\"https:\\\/\\\/memurunsesi.net\\\/#\\\/schema\\\/person\\\/f21c2d73b89f6ee1d80b0a1803e38587\"},\"headline\":\"Forkliftten d\u00fc\u015fen i\u015f\u00e7i hayat\u0131n\u0131 kaybetti\",\"datePublished\":\"2025-06-12T05:44:38+00:00\",\"mainEntityOfPage\":{\"@id\":\"https:\\\/\\\/memurunsesi.net\\\/index.php\\\/2025\\\/06\\\/12\\\/forkliftten-dusen-isci-hayatini-kaybetti\\\/\"},\"wordCount\":105,\"commentCount\":0,\"publisher\":{\"@id\":\"https:\\\/\\\/memurunsesi.net\\\/#organization\"},\"image\":{\"@id\":\"https:\\\/\\\/memurunsesi.net\\\/index.php\\\/2025\\\/06\\\/12\\\/forkliftten-dusen-isci-hayatini-kaybetti\\\/#primaryimage\"},\"thumbnailUrl\":\"https:\\\/\\\/memurunsesi.net\\\/wp-content\\\/uploads\\\/2025\\\/06\\\/AW474255_01.jpg\",\"articleSection\":[\"T\u00fcm Haberler\"],\"inLanguage\":\"tr\",\"potentialAction\":[{\"@type\":\"CommentAction\",\"name\":\"Comment\",\"target\":[\"https:\\\/\\\/memurunsesi.net\\\/index.php\\\/2025\\\/06\\\/12\\\/forkliftten-dusen-isci-hayatini-kaybetti\\\/#respond\"]}]},{\"@type\":\"WebPage\",\"@id\":\"https:\\\/\\\/memurunsesi.net\\\/index.php\\\/2025\\\/06\\\/12\\\/forkliftten-dusen-isci-hayatini-kaybetti\\\/\",\"url\":\"https:\\\/\\\/memurunsesi.net\\\/index.php\\\/2025\\\/06\\\/12\\\/forkliftten-dusen-isci-hayatini-kaybetti\\\/\",\"name\":\"Forkliftten d\u00fc\u015fen i\u015f\u00e7i hayat\u0131n\u0131 kaybetti - Memurun Sesi\",\"isPartOf\":{\"@id\":\"https:\\\/\\\/memurunsesi.net\\\/#website\"},\"primaryImageOfPage\":{\"@id\":\"https:\\\/\\\/memurunsesi.net\\\/index.php\\\/2025\\\/06\\\/12\\\/forkliftten-dusen-isci-hayatini-kaybetti\\\/#primaryimage\"},\"image\":{\"@id\":\"https:\\\/\\\/memurunsesi.net\\\/index.php\\\/2025\\\/06\\\/12\\\/forkliftten-dusen-isci-hayatini-kaybetti\\\/#primaryimage\"},\"thumbnailUrl\":\"https:\\\/\\\/memurunsesi.net\\\/wp-content\\\/uploads\\\/2025\\\/06\\\/AW474255_01.jpg\",\"datePublished\":\"2025-06-12T05:44:38+00:00\",\"breadcrumb\":{\"@id\":\"https:\\\/\\\/memurunsesi.net\\\/index.php\\\/2025\\\/06\\\/12\\\/forkliftten-dusen-isci-hayatini-kaybetti\\\/#breadcrumb\"},\"inLanguage\":\"tr\",\"potentialAction\":[{\"@type\":\"ReadAction\",\"target\":[\"https:\\\/\\\/memurunsesi.net\\\/index.php\\\/2025\\\/06\\\/12\\\/forkliftten-dusen-isci-hayatini-kaybetti\\\/\"]}]},{\"@type\":\"ImageObject\",\"inLanguage\":\"tr\",\"@id\":\"https:\\\/\\\/memurunsesi.net\\\/index.php\\\/2025\\\/06\\\/12\\\/forkliftten-dusen-isci-hayatini-kaybetti\\\/#primaryimage\",\"url\":\"https:\\\/\\\/memurunsesi.net\\\/wp-content\\\/uploads\\\/2025\\\/06\\\/AW474255_01.jpg\",\"contentUrl\":\"https:\\\/\\\/memurunsesi.net\\\/wp-content\\\/uploads\\\/2025\\\/06\\\/AW474255_01.jpg\",\"width\":960,\"height\":960,\"caption\":\"BARTIN'DA 2 AY \u00d6NCE KAU\u00c7UK FABR\u0130KASINDA \u0130\u015eE BA\u015eLAYAN 38 YA\u015eIMDAK\u0130 \u00d6ZG\u00dcR \u00c7EL\u0130K, FORKL\u0130FTTEN D\u00dc\u015eEREK HAYATINI KAYBETT\u0130. (SERHAT DEM\u0130R\\\/BARTIN-\u0130HA) Bart\u0131n'da 2 ay \u00f6nce kau\u00e7uk fabrikas\u0131nda i\u015fe ba\u015flayan 38 ya\u015f\u0131mdaki \u00f6zg\u00fcr \u00c7elik, forkliftten d\u00fc\u015ferek hayat\u0131n\u0131 kaybetti.\"},{\"@type\":\"BreadcrumbList\",\"@id\":\"https:\\\/\\\/memurunsesi.net\\\/index.php\\\/2025\\\/06\\\/12\\\/forkliftten-dusen-isci-hayatini-kaybetti\\\/#breadcrumb\",\"itemListElement\":[{\"@type\":\"ListItem\",\"position\":1,\"name\":\"Anasayfa\",\"item\":\"https:\\\/\\\/memurunsesi.net\\\/\"},{\"@type\":\"ListItem\",\"position\":2,\"name\":\"Forkliftten d\u00fc\u015fen i\u015f\u00e7i hayat\u0131n\u0131 kaybetti\"}]},{\"@type\":\"WebSite\",\"@id\":\"https:\\\/\\\/memurunsesi.net\\\/#website\",\"url\":\"https:\\\/\\\/memurunsesi.net\\\/\",\"name\":\"Memurun Sesi\",\"description\":\"G\u00fcncel ve Do\u011fru Haber\",\"publisher\":{\"@id\":\"https:\\\/\\\/memurunsesi.net\\\/#organization\"},\"potentialAction\":[{\"@type\":\"SearchAction\",\"target\":{\"@type\":\"EntryPoint\",\"urlTemplate\":\"https:\\\/\\\/memurunsesi.net\\\/?s={search_term_string}\"},\"query-input\":{\"@type\":\"PropertyValueSpecification\",\"valueRequired\":true,\"valueName\":\"search_term_string\"}}],\"inLanguage\":\"tr\"},{\"@type\":\"Organization\",\"@id\":\"https:\\\/\\\/memurunsesi.net\\\/#organization\",\"name\":\"Memurun Sesi\",\"url\":\"https:\\\/\\\/memurunsesi.net\\\/\",\"logo\":{\"@type\":\"ImageObject\",\"inLanguage\":\"tr\",\"@id\":\"https:\\\/\\\/memurunsesi.net\\\/#\\\/schema\\\/logo\\\/image\\\/\",\"url\":\"https:\\\/\\\/memurunsesi.net\\\/wp-content\\\/uploads\\\/2025\\\/11\\\/cropped-MEMURUN-SESI.png\",\"contentUrl\":\"https:\\\/\\\/memurunsesi.net\\\/wp-content\\\/uploads\\\/2025\\\/11\\\/cropped-MEMURUN-SESI.png\",\"width\":238,\"height\":57,\"caption\":\"Memurun Sesi\"},\"image\":{\"@id\":\"https:\\\/\\\/memurunsesi.net\\\/#\\\/schema\\\/logo\\\/image\\\/\"},\"sameAs\":[\"https:\\\/\\\/www.facebook.com\\\/unipersen\\\/?locale=tr_TR\",\"https:\\\/\\\/x.com\\\/unipersen\"]},{\"@type\":\"Person\",\"@id\":\"https:\\\/\\\/memurunsesi.net\\\/#\\\/schema\\\/person\\\/f21c2d73b89f6ee1d80b0a1803e38587\",\"name\":\"Memurun Sesi Haber Merkezi\",\"image\":{\"@type\":\"ImageObject\",\"inLanguage\":\"tr\",\"@id\":\"https:\\\/\\\/secure.gravatar.com\\\/avatar\\\/6cf0505f452ee753f485014986fab09a434671d2b919ee76fc541025c5876a70?s=96&d=mm&r=g\",\"url\":\"https:\\\/\\\/secure.gravatar.com\\\/avatar\\\/6cf0505f452ee753f485014986fab09a434671d2b919ee76fc541025c5876a70?s=96&d=mm&r=g\",\"contentUrl\":\"https:\\\/\\\/secure.gravatar.com\\\/avatar\\\/6cf0505f452ee753f485014986fab09a434671d2b919ee76fc541025c5876a70?s=96&d=mm&r=g\",\"caption\":\"Memurun Sesi Haber Merkezi\"},\"sameAs\":[\"https:\\\/\\\/memurunsesi.net\"],\"url\":\"https:\\\/\\\/memurunsesi.net\\\/index.php\\\/author\\\/uniper\\\/\"}]}<\/script>\n<!-- \/ Yoast SEO plugin. -->","yoast_head_json":{"title":"Forkliftten d\u00fc\u015fen i\u015f\u00e7i hayat\u0131n\u0131 kaybetti - Memurun Sesi","robots":{"index":"index","follow":"follow","max-snippet":"max-snippet:-1","max-image-preview":"max-image-preview:large","max-video-preview":"max-video-preview:-1"},"canonical":"https:\/\/memurunsesi.net\/index.php\/2025\/06\/12\/forkliftten-dusen-isci-hayatini-kaybetti\/","og_locale":"tr_TR","og_type":"article","og_title":"Forkliftten d\u00fc\u015fen i\u015f\u00e7i hayat\u0131n\u0131 kaybetti - Memurun Sesi","og_description":"Bart\u0131n&#8217;da 2 ay \u00f6nce kau\u00e7uk fabrikas\u0131nda i\u015fe ba\u015flayan 38 ya\u015f\u0131mdaki \u00f6zg\u00fcr \u00c7elik, forkliftten d\u00fc\u015ferek hayat\u0131n\u0131 kaybetti. Bart\u0131n Organize Sanayi B\u00f6lgesi&#8217;ndeki bir kau\u00e7uk fabrikas\u0131nda bak\u0131m personeli olarak \u00e7al\u0131\u015fan 38 ya\u015f\u0131ndaki \u00d6zg\u00fcr \u00c7elik, bak\u0131m\u0131n\u0131 yapt\u0131\u011f\u0131 forkliftten d\u00fc\u015ferek a\u011f\u0131r yaraland\u0131. A\u011f\u0131r yaralanan \u00c7elik, kald\u0131r\u0131ld\u0131\u011f\u0131 Bart\u0131n Devlet Hastanesi&#8217;nde t\u00fcm m\u00fcdahalelere ra\u011fmen kurtar\u0131lamad\u0131. Hayat\u0131n\u0131 kaybeden \u00c7elik&#8217;in bekar oldu\u011fu ve 2 [&hellip;]","og_url":"https:\/\/memurunsesi.net\/index.php\/2025\/06\/12\/forkliftten-dusen-isci-hayatini-kaybetti\/","og_site_name":"Memurun Sesi","article_publisher":"https:\/\/www.facebook.com\/unipersen\/?locale=tr_TR","article_published_time":"2025-06-12T05:44:38+00:00","og_image":[{"width":960,"height":960,"url":"https:\/\/memurunsesi.net\/wp-content\/uploads\/2025\/06\/AW474255_01.jpg","type":"image\/jpeg"}],"author":"Memurun Sesi Haber Merkezi","twitter_card":"summary_large_image","twitter_creator":"@unipersen","twitter_site":"@unipersen","twitter_misc":{"Yazan:":"Memurun Sesi Haber Merkezi","Tahmini okuma s\u00fcresi":"1 dakika"},"schema":{"@context":"https:\/\/schema.org","@graph":[{"@type":"Article","@id":"https:\/\/memurunsesi.net\/index.php\/2025\/06\/12\/forkliftten-dusen-isci-hayatini-kaybetti\/#article","isPartOf":{"@id":"https:\/\/memurunsesi.net\/index.php\/2025\/06\/12\/forkliftten-dusen-isci-hayatini-kaybetti\/"},"author":{"name":"Memurun Sesi Haber Merkezi","@id":"https:\/\/memurunsesi.net\/#\/schema\/person\/f21c2d73b89f6ee1d80b0a1803e38587"},"headline":"Forkliftten d\u00fc\u015fen i\u015f\u00e7i hayat\u0131n\u0131 kaybetti","datePublished":"2025-06-12T05:44:38+00:00","mainEntityOfPage":{"@id":"https:\/\/memurunsesi.net\/index.php\/2025\/06\/12\/forkliftten-dusen-isci-hayatini-kaybetti\/"},"wordCount":105,"commentCount":0,"publisher":{"@id":"https:\/\/memurunsesi.net\/#organization"},"image":{"@id":"https:\/\/memurunsesi.net\/index.php\/2025\/06\/12\/forkliftten-dusen-isci-hayatini-kaybetti\/#primaryimage"},"thumbnailUrl":"https:\/\/memurunsesi.net\/wp-content\/uploads\/2025\/06\/AW474255_01.jpg","articleSection":["T\u00fcm Haberler"],"inLanguage":"tr","potentialAction":[{"@type":"CommentAction","name":"Comment","target":["https:\/\/memurunsesi.net\/index.php\/2025\/06\/12\/forkliftten-dusen-isci-hayatini-kaybetti\/#respond"]}]},{"@type":"WebPage","@id":"https:\/\/memurunsesi.net\/index.php\/2025\/06\/12\/forkliftten-dusen-isci-hayatini-kaybetti\/","url":"https:\/\/memurunsesi.net\/index.php\/2025\/06\/12\/forkliftten-dusen-isci-hayatini-kaybetti\/","name":"Forkliftten d\u00fc\u015fen i\u015f\u00e7i hayat\u0131n\u0131 kaybetti - Memurun Sesi","isPartOf":{"@id":"https:\/\/memurunsesi.net\/#website"},"primaryImageOfPage":{"@id":"https:\/\/memurunsesi.net\/index.php\/2025\/06\/12\/forkliftten-dusen-isci-hayatini-kaybetti\/#primaryimage"},"image":{"@id":"https:\/\/memurunsesi.net\/index.php\/2025\/06\/12\/forkliftten-dusen-isci-hayatini-kaybetti\/#primaryimage"},"thumbnailUrl":"https:\/\/memurunsesi.net\/wp-content\/uploads\/2025\/06\/AW474255_01.jpg","datePublished":"2025-06-12T05:44:38+00:00","breadcrumb":{"@id":"https:\/\/memurunsesi.net\/index.php\/2025\/06\/12\/forkliftten-dusen-isci-hayatini-kaybetti\/#breadcrumb"},"inLanguage":"tr","potentialAction":[{"@type":"ReadAction","target":["https:\/\/memurunsesi.net\/index.php\/2025\/06\/12\/forkliftten-dusen-isci-hayatini-kaybetti\/"]}]},{"@type":"ImageObject","inLanguage":"tr","@id":"https:\/\/memurunsesi.net\/index.php\/2025\/06\/12\/forkliftten-dusen-isci-hayatini-kaybetti\/#primaryimage","url":"https:\/\/memurunsesi.net\/wp-content\/uploads\/2025\/06\/AW474255_01.jpg","contentUrl":"https:\/\/memurunsesi.net\/wp-content\/uploads\/2025\/06\/AW474255_01.jpg","width":960,"height":960,"caption":"BARTIN'DA 2 AY \u00d6NCE KAU\u00c7UK FABR\u0130KASINDA \u0130\u015eE BA\u015eLAYAN 38 YA\u015eIMDAK\u0130 \u00d6ZG\u00dcR \u00c7EL\u0130K, FORKL\u0130FTTEN D\u00dc\u015eEREK HAYATINI KAYBETT\u0130. (SERHAT DEM\u0130R\/BARTIN-\u0130HA) Bart\u0131n'da 2 ay \u00f6nce kau\u00e7uk fabrikas\u0131nda i\u015fe ba\u015flayan 38 ya\u015f\u0131mdaki \u00f6zg\u00fcr \u00c7elik, forkliftten d\u00fc\u015ferek hayat\u0131n\u0131 kaybetti."},{"@type":"BreadcrumbList","@id":"https:\/\/memurunsesi.net\/index.php\/2025\/06\/12\/forkliftten-dusen-isci-hayatini-kaybetti\/#breadcrumb","itemListElement":[{"@type":"ListItem","position":1,"name":"Anasayfa","item":"https:\/\/memurunsesi.net\/"},{"@type":"ListItem","position":2,"name":"Forkliftten d\u00fc\u015fen i\u015f\u00e7i hayat\u0131n\u0131 kaybetti"}]},{"@type":"WebSite","@id":"https:\/\/memurunsesi.net\/#website","url":"https:\/\/memurunsesi.net\/","name":"Memurun Sesi","description":"G\u00fcncel ve Do\u011fru Haber","publisher":{"@id":"https:\/\/memurunsesi.net\/#organization"},"potentialAction":[{"@type":"SearchAction","target":{"@type":"EntryPoint","urlTemplate":"https:\/\/memurunsesi.net\/?s={search_term_string}"},"query-input":{"@type":"PropertyValueSpecification","valueRequired":true,"valueName":"search_term_string"}}],"inLanguage":"tr"},{"@type":"Organization","@id":"https:\/\/memurunsesi.net\/#organization","name":"Memurun Sesi","url":"https:\/\/memurunsesi.net\/","logo":{"@type":"ImageObject","inLanguage":"tr","@id":"https:\/\/memurunsesi.net\/#\/schema\/logo\/image\/","url":"https:\/\/memurunsesi.net\/wp-content\/uploads\/2025\/11\/cropped-MEMURUN-SESI.png","contentUrl":"https:\/\/memurunsesi.net\/wp-content\/uploads\/2025\/11\/cropped-MEMURUN-SESI.png","width":238,"height":57,"caption":"Memurun Sesi"},"image":{"@id":"https:\/\/memurunsesi.net\/#\/schema\/logo\/image\/"},"sameAs":["https:\/\/www.facebook.com\/unipersen\/?locale=tr_TR","https:\/\/x.com\/unipersen"]},{"@type":"Person","@id":"https:\/\/memurunsesi.net\/#\/schema\/person\/f21c2d73b89f6ee1d80b0a1803e38587","name":"Memurun Sesi Haber Merkezi","image":{"@type":"ImageObject","inLanguage":"tr","@id":"https:\/\/secure.gravatar.com\/avatar\/6cf0505f452ee753f485014986fab09a434671d2b919ee76fc541025c5876a70?s=96&d=mm&r=g","url":"https:\/\/secure.gravatar.com\/avatar\/6cf0505f452ee753f485014986fab09a434671d2b919ee76fc541025c5876a70?s=96&d=mm&r=g","contentUrl":"https:\/\/secure.gravatar.com\/avatar\/6cf0505f452ee753f485014986fab09a434671d2b919ee76fc541025c5876a70?s=96&d=mm&r=g","caption":"Memurun Sesi Haber Merkezi"},"sameAs":["https:\/\/memurunsesi.net"],"url":"https:\/\/memurunsesi.net\/index.php\/author\/uniper\/"}]}},"_links":{"self":[{"href":"https:\/\/memurunsesi.net\/index.php\/wp-json\/wp\/v2\/posts\/7944","targetHints":{"allow":["GET"]}}],"collection":[{"href":"https:\/\/memurunsesi.net\/index.php\/wp-json\/wp\/v2\/posts"}],"about":[{"href":"https:\/\/memurunsesi.net\/index.php\/wp-json\/wp\/v2\/types\/post"}],"author":[{"embeddable":true,"href":"https:\/\/memurunsesi.net\/index.php\/wp-json\/wp\/v2\/users\/1"}],"replies":[{"embeddable":true,"href":"https:\/\/memurunsesi.net\/index.php\/wp-json\/wp\/v2\/comments?post=7944"}],"version-history":[{"count":1,"href":"https:\/\/memurunsesi.net\/index.php\/wp-json\/wp\/v2\/posts\/7944\/revisions"}],"predecessor-version":[{"id":7946,"href":"https:\/\/memurunsesi.net\/index.php\/wp-json\/wp\/v2\/posts\/7944\/revisions\/7946"}],"wp:featuredmedia":[{"embeddable":true,"href":"https:\/\/memurunsesi.net\/index.php\/wp-json\/wp\/v2\/media\/7945"}],"wp:attachment":[{"href":"https:\/\/memurunsesi.net\/index.php\/wp-json\/wp\/v2\/media?parent=7944"}],"wp:term":[{"taxonomy":"category","embeddable":true,"href":"https:\/\/memurunsesi.net\/index.php\/wp-json\/wp\/v2\/categories?post=7944"},{"taxonomy":"post_tag","embeddable":true,"href":"https:\/\/memurunsesi.net\/index.php\/wp-json\/wp\/v2\/tags?post=7944"}],"curies":[{"name":"wp","href":"https:\/\/api.w.org\/{rel}","templated":true}]}}