{"id":7947,"date":"2025-06-12T08:46:30","date_gmt":"2025-06-12T05:46:30","guid":{"rendered":"https:\/\/memurunsesi.net\/?p=7947"},"modified":"2025-06-12T08:46:30","modified_gmt":"2025-06-12T05:46:30","slug":"7947","status":"publish","type":"post","link":"https:\/\/memurunsesi.net\/index.php\/2025\/06\/12\/7947\/","title":{"rendered":""},"content":{"rendered":"<p>   Kayseri\u2019nin Develi il\u00e7esinde ma\u011farada 1 ki\u015finin \u00f6ld\u00fcr\u00fcld\u00fc\u011f\u00fc olayla ilgili 6 san\u0131k Yarg\u0131tay\u2019\u0131n bozma karar\u0131n\u0131n ard\u0131ndan yeniden hakim kar\u015f\u0131s\u0131na \u00e7\u0131karken, Kayseri 4. A\u011f\u0131r Ceza mahkemesi 6 san\u0131\u011fa ayr\u0131 ayr\u0131 25\u2019er y\u0131l hapis cezas\u0131 verdi.<br \/>\n  Kayseri\u2019nin Develi il\u00e7esinde Emrah Balka\u015f\u2019\u0131n bir ma\u011farada \u00f6ld\u00fcr\u00fcld\u00fckten sonra g\u00f6m\u00fcld\u00fc\u011f\u00fc olay\u0131n san\u0131klar\u0131 Yarg\u0131tay 1. Ceza Dairesi\u2019nin bozma karar\u0131n\u0131n ard\u0131ndan Kayseri 4. A\u011f\u0131r Ceza Mahkemesi\u2019nde bir kez daha hakim kar\u015f\u0131s\u0131na \u00e7\u0131kt\u0131. Tutuklu san\u0131klar jandarma e\u015fli\u011finde duru\u015fmaya kat\u0131ld\u0131. San\u0131klar yapt\u0131klar\u0131 savunmada su\u00e7suz olduklar\u0131n\u0131 belirterek, olay\u0131n ard\u0131ndan intihar eden Ey\u00fcp Y\u0131ld\u0131z\u2019\u0131n psikopat oldu\u011funu, Emrah Balka\u015f\u2019a zarar vermemesi i\u00e7in \u00e7abalad\u0131klar\u0131n\u0131 ancak ba\u015faramad\u0131klar\u0131n\u0131 belirterek, Ey\u00fcp Y\u0131ld\u0131z\u2019\u0131n kendileri ma\u011faradan \u00e7\u0131kt\u0131ktan sonra Emrah Balka\u015f\u2019\u0131 \u00f6ld\u00fcrd\u00fcklerini \u00f6ne s\u00fcrd\u00fc. San\u0131klar i\u015flemedikleri bir su\u00e7 nedeniyle yakla\u015f\u0131k 4 y\u0131ld\u0131r cezaevinde olduklar\u0131n\u0131 belirterek, beraatlerini talep etti.<br \/>\n  Yap\u0131lan yarg\u0131laman\u0131n ard\u0131ndan mahkeme heyeti san\u0131klar F.A., A.A., M.K., M.\u0130., \u015e.B. ve M.Y.  i\u015ftirak halinde adam \u00f6ld\u00fcrme su\u00e7undan ayr\u0131 ayr\u0131  25\u2019er y\u0131l hapis cezas\u0131na h\u00fckmederek, tutukluluklar\u0131n\u0131n devam\u0131na karar verdi.<br \/>\n  30 Mart 2021 tarihinde meydana gelen olayda, iddiaya g\u00f6re cezaevinden \u00e7\u0131kan Emrah Balkas, arkada\u015f grubu ile bir ma\u011farada bulu\u015ftu. \u00c7\u0131kan tart\u0131\u015fmada Emrah Balka\u015f, Ey\u00fcp Y\u0131ld\u0131z taraf\u0131ndan tabanca ile \u00f6ld\u00fcr\u00fcld\u00fc. Olay\u0131n ard\u0131ndan ka\u00e7an Ey\u00fcp Y\u0131ld\u0131z, Yukar\u0131 Fenese Mahallesi\u2019nde sakland\u0131\u011f\u0131 evde polis ekipleri taraf\u0131ndan k\u0131st\u0131r\u0131l\u0131nca, teslim olmayarak tabanca ile intihar etti. <\/p>\n<p>12.06.2025                              <\/p>\n","protected":false},"excerpt":{"rendered":"<p>Kayseri\u2019nin Develi il\u00e7esinde ma\u011farada 1 ki\u015finin \u00f6ld\u00fcr\u00fcld\u00fc\u011f\u00fc olayla ilgili 6 san\u0131k Yarg\u0131tay\u2019\u0131n bozma karar\u0131n\u0131n ard\u0131ndan yeniden hakim kar\u015f\u0131s\u0131na \u00e7\u0131karken, Kayseri 4. A\u011f\u0131r Ceza mahkemesi 6 san\u0131\u011fa ayr\u0131 ayr\u0131 25\u2019er y\u0131l hapis cezas\u0131 verdi. Kayseri\u2019nin Develi il\u00e7esinde Emrah Balka\u015f\u2019\u0131n bir ma\u011farada \u00f6ld\u00fcr\u00fcld\u00fckten sonra g\u00f6m\u00fcld\u00fc\u011f\u00fc olay\u0131n san\u0131klar\u0131 Yarg\u0131tay 1. Ceza Dairesi\u2019nin bozma karar\u0131n\u0131n ard\u0131ndan Kayseri 4. A\u011f\u0131r [&hellip;]<\/p>\n","protected":false},"author":1,"featured_media":7948,"comment_status":"open","ping_status":"open","sticky":false,"template":"","format":"standard","meta":{"footnotes":""},"categories":[45],"tags":[],"class_list":["post-7947","post","type-post","status-publish","format-standard","has-post-thumbnail","hentry","category-gundem"],"yoast_head":"<!-- This site is optimized with the Yoast SEO plugin v27.4 - https:\/\/yoast.com\/product\/yoast-seo-wordpress\/ -->\n<title>- Memurun Sesi<\/title>\n<meta name=\"robots\" content=\"index, follow, max-snippet:-1, max-image-preview:large, max-video-preview:-1\" \/>\n<link rel=\"canonical\" href=\"https:\/\/memurunsesi.net\/index.php\/2025\/06\/12\/7947\/\" \/>\n<meta property=\"og:locale\" content=\"tr_TR\" \/>\n<meta property=\"og:type\" content=\"article\" \/>\n<meta property=\"og:title\" content=\"- Memurun Sesi\" \/>\n<meta property=\"og:description\" content=\"Kayseri\u2019nin Develi il\u00e7esinde ma\u011farada 1 ki\u015finin \u00f6ld\u00fcr\u00fcld\u00fc\u011f\u00fc olayla ilgili 6 san\u0131k Yarg\u0131tay\u2019\u0131n bozma karar\u0131n\u0131n ard\u0131ndan yeniden hakim kar\u015f\u0131s\u0131na \u00e7\u0131karken, Kayseri 4. A\u011f\u0131r Ceza mahkemesi 6 san\u0131\u011fa ayr\u0131 ayr\u0131 25\u2019er y\u0131l hapis cezas\u0131 verdi. Kayseri\u2019nin Develi il\u00e7esinde Emrah Balka\u015f\u2019\u0131n bir ma\u011farada \u00f6ld\u00fcr\u00fcld\u00fckten sonra g\u00f6m\u00fcld\u00fc\u011f\u00fc olay\u0131n san\u0131klar\u0131 Yarg\u0131tay 1. Ceza Dairesi\u2019nin bozma karar\u0131n\u0131n ard\u0131ndan Kayseri 4. A\u011f\u0131r [&hellip;]\" \/>\n<meta property=\"og:url\" content=\"https:\/\/memurunsesi.net\/index.php\/2025\/06\/12\/7947\/\" \/>\n<meta property=\"og:site_name\" content=\"Memurun Sesi\" \/>\n<meta property=\"article:publisher\" content=\"https:\/\/www.facebook.com\/unipersen\/?locale=tr_TR\" \/>\n<meta property=\"article:published_time\" content=\"2025-06-12T05:46:30+00:00\" \/>\n<meta property=\"og:image\" content=\"https:\/\/memurunsesi.net\/wp-content\/uploads\/2025\/06\/AW474266_01.jpg\" \/>\n\t<meta property=\"og:image:width\" content=\"999\" \/>\n\t<meta property=\"og:image:height\" content=\"639\" \/>\n\t<meta property=\"og:image:type\" content=\"image\/jpeg\" \/>\n<meta name=\"author\" content=\"Memurun Sesi Haber Merkezi\" \/>\n<meta name=\"twitter:card\" content=\"summary_large_image\" \/>\n<meta name=\"twitter:creator\" content=\"@unipersen\" \/>\n<meta name=\"twitter:site\" content=\"@unipersen\" \/>\n<meta name=\"twitter:label1\" content=\"Yazan:\" \/>\n\t<meta name=\"twitter:data1\" content=\"Memurun Sesi Haber Merkezi\" \/>\n\t<meta name=\"twitter:label2\" content=\"Tahmini okuma s\u00fcresi\" \/>\n\t<meta name=\"twitter:data2\" content=\"1 dakika\" \/>\n<script type=\"application\/ld+json\" class=\"yoast-schema-graph\">{\"@context\":\"https:\\\/\\\/schema.org\",\"@graph\":[{\"@type\":\"Article\",\"@id\":\"https:\\\/\\\/memurunsesi.net\\\/index.php\\\/2025\\\/06\\\/12\\\/7947\\\/#article\",\"isPartOf\":{\"@id\":\"https:\\\/\\\/memurunsesi.net\\\/index.php\\\/2025\\\/06\\\/12\\\/7947\\\/\"},\"author\":{\"name\":\"Memurun Sesi Haber Merkezi\",\"@id\":\"https:\\\/\\\/memurunsesi.net\\\/#\\\/schema\\\/person\\\/f21c2d73b89f6ee1d80b0a1803e38587\"},\"headline\":\"Ba\u015fl\u0131k yok\",\"datePublished\":\"2025-06-12T05:46:30+00:00\",\"mainEntityOfPage\":{\"@id\":\"https:\\\/\\\/memurunsesi.net\\\/index.php\\\/2025\\\/06\\\/12\\\/7947\\\/\"},\"wordCount\":301,\"commentCount\":0,\"publisher\":{\"@id\":\"https:\\\/\\\/memurunsesi.net\\\/#organization\"},\"image\":{\"@id\":\"https:\\\/\\\/memurunsesi.net\\\/index.php\\\/2025\\\/06\\\/12\\\/7947\\\/#primaryimage\"},\"thumbnailUrl\":\"https:\\\/\\\/memurunsesi.net\\\/wp-content\\\/uploads\\\/2025\\\/06\\\/AW474266_01.jpg\",\"articleSection\":[\"G\u00fcndem\"],\"inLanguage\":\"tr\",\"potentialAction\":[{\"@type\":\"CommentAction\",\"name\":\"Comment\",\"target\":[\"https:\\\/\\\/memurunsesi.net\\\/index.php\\\/2025\\\/06\\\/12\\\/7947\\\/#respond\"]}]},{\"@type\":\"WebPage\",\"@id\":\"https:\\\/\\\/memurunsesi.net\\\/index.php\\\/2025\\\/06\\\/12\\\/7947\\\/\",\"url\":\"https:\\\/\\\/memurunsesi.net\\\/index.php\\\/2025\\\/06\\\/12\\\/7947\\\/\",\"name\":\"- Memurun Sesi\",\"isPartOf\":{\"@id\":\"https:\\\/\\\/memurunsesi.net\\\/#website\"},\"primaryImageOfPage\":{\"@id\":\"https:\\\/\\\/memurunsesi.net\\\/index.php\\\/2025\\\/06\\\/12\\\/7947\\\/#primaryimage\"},\"image\":{\"@id\":\"https:\\\/\\\/memurunsesi.net\\\/index.php\\\/2025\\\/06\\\/12\\\/7947\\\/#primaryimage\"},\"thumbnailUrl\":\"https:\\\/\\\/memurunsesi.net\\\/wp-content\\\/uploads\\\/2025\\\/06\\\/AW474266_01.jpg\",\"datePublished\":\"2025-06-12T05:46:30+00:00\",\"inLanguage\":\"tr\",\"potentialAction\":[{\"@type\":\"ReadAction\",\"target\":[\"https:\\\/\\\/memurunsesi.net\\\/index.php\\\/2025\\\/06\\\/12\\\/7947\\\/\"]}]},{\"@type\":\"ImageObject\",\"inLanguage\":\"tr\",\"@id\":\"https:\\\/\\\/memurunsesi.net\\\/index.php\\\/2025\\\/06\\\/12\\\/7947\\\/#primaryimage\",\"url\":\"https:\\\/\\\/memurunsesi.net\\\/wp-content\\\/uploads\\\/2025\\\/06\\\/AW474266_01.jpg\",\"contentUrl\":\"https:\\\/\\\/memurunsesi.net\\\/wp-content\\\/uploads\\\/2025\\\/06\\\/AW474266_01.jpg\",\"width\":999,\"height\":639,\"caption\":\"KAYSER\u0130 ADALET SARAYI (NEJDET KALA\\\/KAYSER\u0130-\u0130HA) Kayseri'nin Develi il\u00e7esinde ma\u011farada 1 ki\u015finin \u00f6ld\u00fcr\u00fcld\u00fc\u011f\u00fc olayla ilgili 6 san\u0131k Yarg\u0131tay'\u0131n bozma karar\u0131n\u0131n ard\u0131ndan yeniden hakim kar\u015f\u0131s\u0131na \u00e7\u0131karken, Kayseri 4. A\u011f\u0131r Ceza mahkemesi 6 san\u0131\u011fa ayr\u0131 ayr\u0131 25'er y\u0131l hapis cezas\u0131 verdi.\"},{\"@type\":\"WebSite\",\"@id\":\"https:\\\/\\\/memurunsesi.net\\\/#website\",\"url\":\"https:\\\/\\\/memurunsesi.net\\\/\",\"name\":\"Memurun Sesi\",\"description\":\"G\u00fcncel ve Do\u011fru Haber\",\"publisher\":{\"@id\":\"https:\\\/\\\/memurunsesi.net\\\/#organization\"},\"potentialAction\":[{\"@type\":\"SearchAction\",\"target\":{\"@type\":\"EntryPoint\",\"urlTemplate\":\"https:\\\/\\\/memurunsesi.net\\\/?s={search_term_string}\"},\"query-input\":{\"@type\":\"PropertyValueSpecification\",\"valueRequired\":true,\"valueName\":\"search_term_string\"}}],\"inLanguage\":\"tr\"},{\"@type\":\"Organization\",\"@id\":\"https:\\\/\\\/memurunsesi.net\\\/#organization\",\"name\":\"Memurun Sesi\",\"url\":\"https:\\\/\\\/memurunsesi.net\\\/\",\"logo\":{\"@type\":\"ImageObject\",\"inLanguage\":\"tr\",\"@id\":\"https:\\\/\\\/memurunsesi.net\\\/#\\\/schema\\\/logo\\\/image\\\/\",\"url\":\"https:\\\/\\\/memurunsesi.net\\\/wp-content\\\/uploads\\\/2025\\\/11\\\/cropped-MEMURUN-SESI.png\",\"contentUrl\":\"https:\\\/\\\/memurunsesi.net\\\/wp-content\\\/uploads\\\/2025\\\/11\\\/cropped-MEMURUN-SESI.png\",\"width\":238,\"height\":57,\"caption\":\"Memurun Sesi\"},\"image\":{\"@id\":\"https:\\\/\\\/memurunsesi.net\\\/#\\\/schema\\\/logo\\\/image\\\/\"},\"sameAs\":[\"https:\\\/\\\/www.facebook.com\\\/unipersen\\\/?locale=tr_TR\",\"https:\\\/\\\/x.com\\\/unipersen\"]},{\"@type\":\"Person\",\"@id\":\"https:\\\/\\\/memurunsesi.net\\\/#\\\/schema\\\/person\\\/f21c2d73b89f6ee1d80b0a1803e38587\",\"name\":\"Memurun Sesi Haber Merkezi\",\"image\":{\"@type\":\"ImageObject\",\"inLanguage\":\"tr\",\"@id\":\"https:\\\/\\\/secure.gravatar.com\\\/avatar\\\/6cf0505f452ee753f485014986fab09a434671d2b919ee76fc541025c5876a70?s=96&d=mm&r=g\",\"url\":\"https:\\\/\\\/secure.gravatar.com\\\/avatar\\\/6cf0505f452ee753f485014986fab09a434671d2b919ee76fc541025c5876a70?s=96&d=mm&r=g\",\"contentUrl\":\"https:\\\/\\\/secure.gravatar.com\\\/avatar\\\/6cf0505f452ee753f485014986fab09a434671d2b919ee76fc541025c5876a70?s=96&d=mm&r=g\",\"caption\":\"Memurun Sesi Haber Merkezi\"},\"sameAs\":[\"https:\\\/\\\/memurunsesi.net\"],\"url\":\"https:\\\/\\\/memurunsesi.net\\\/index.php\\\/author\\\/uniper\\\/\"}]}<\/script>\n<!-- \/ Yoast SEO plugin. -->","yoast_head_json":{"title":"- Memurun Sesi","robots":{"index":"index","follow":"follow","max-snippet":"max-snippet:-1","max-image-preview":"max-image-preview:large","max-video-preview":"max-video-preview:-1"},"canonical":"https:\/\/memurunsesi.net\/index.php\/2025\/06\/12\/7947\/","og_locale":"tr_TR","og_type":"article","og_title":"- Memurun Sesi","og_description":"Kayseri\u2019nin Develi il\u00e7esinde ma\u011farada 1 ki\u015finin \u00f6ld\u00fcr\u00fcld\u00fc\u011f\u00fc olayla ilgili 6 san\u0131k Yarg\u0131tay\u2019\u0131n bozma karar\u0131n\u0131n ard\u0131ndan yeniden hakim kar\u015f\u0131s\u0131na \u00e7\u0131karken, Kayseri 4. A\u011f\u0131r Ceza mahkemesi 6 san\u0131\u011fa ayr\u0131 ayr\u0131 25\u2019er y\u0131l hapis cezas\u0131 verdi. Kayseri\u2019nin Develi il\u00e7esinde Emrah Balka\u015f\u2019\u0131n bir ma\u011farada \u00f6ld\u00fcr\u00fcld\u00fckten sonra g\u00f6m\u00fcld\u00fc\u011f\u00fc olay\u0131n san\u0131klar\u0131 Yarg\u0131tay 1. Ceza Dairesi\u2019nin bozma karar\u0131n\u0131n ard\u0131ndan Kayseri 4. A\u011f\u0131r [&hellip;]","og_url":"https:\/\/memurunsesi.net\/index.php\/2025\/06\/12\/7947\/","og_site_name":"Memurun Sesi","article_publisher":"https:\/\/www.facebook.com\/unipersen\/?locale=tr_TR","article_published_time":"2025-06-12T05:46:30+00:00","og_image":[{"width":999,"height":639,"url":"https:\/\/memurunsesi.net\/wp-content\/uploads\/2025\/06\/AW474266_01.jpg","type":"image\/jpeg"}],"author":"Memurun Sesi Haber Merkezi","twitter_card":"summary_large_image","twitter_creator":"@unipersen","twitter_site":"@unipersen","twitter_misc":{"Yazan:":"Memurun Sesi Haber Merkezi","Tahmini okuma s\u00fcresi":"1 dakika"},"schema":{"@context":"https:\/\/schema.org","@graph":[{"@type":"Article","@id":"https:\/\/memurunsesi.net\/index.php\/2025\/06\/12\/7947\/#article","isPartOf":{"@id":"https:\/\/memurunsesi.net\/index.php\/2025\/06\/12\/7947\/"},"author":{"name":"Memurun Sesi Haber Merkezi","@id":"https:\/\/memurunsesi.net\/#\/schema\/person\/f21c2d73b89f6ee1d80b0a1803e38587"},"headline":"Ba\u015fl\u0131k yok","datePublished":"2025-06-12T05:46:30+00:00","mainEntityOfPage":{"@id":"https:\/\/memurunsesi.net\/index.php\/2025\/06\/12\/7947\/"},"wordCount":301,"commentCount":0,"publisher":{"@id":"https:\/\/memurunsesi.net\/#organization"},"image":{"@id":"https:\/\/memurunsesi.net\/index.php\/2025\/06\/12\/7947\/#primaryimage"},"thumbnailUrl":"https:\/\/memurunsesi.net\/wp-content\/uploads\/2025\/06\/AW474266_01.jpg","articleSection":["G\u00fcndem"],"inLanguage":"tr","potentialAction":[{"@type":"CommentAction","name":"Comment","target":["https:\/\/memurunsesi.net\/index.php\/2025\/06\/12\/7947\/#respond"]}]},{"@type":"WebPage","@id":"https:\/\/memurunsesi.net\/index.php\/2025\/06\/12\/7947\/","url":"https:\/\/memurunsesi.net\/index.php\/2025\/06\/12\/7947\/","name":"- Memurun Sesi","isPartOf":{"@id":"https:\/\/memurunsesi.net\/#website"},"primaryImageOfPage":{"@id":"https:\/\/memurunsesi.net\/index.php\/2025\/06\/12\/7947\/#primaryimage"},"image":{"@id":"https:\/\/memurunsesi.net\/index.php\/2025\/06\/12\/7947\/#primaryimage"},"thumbnailUrl":"https:\/\/memurunsesi.net\/wp-content\/uploads\/2025\/06\/AW474266_01.jpg","datePublished":"2025-06-12T05:46:30+00:00","inLanguage":"tr","potentialAction":[{"@type":"ReadAction","target":["https:\/\/memurunsesi.net\/index.php\/2025\/06\/12\/7947\/"]}]},{"@type":"ImageObject","inLanguage":"tr","@id":"https:\/\/memurunsesi.net\/index.php\/2025\/06\/12\/7947\/#primaryimage","url":"https:\/\/memurunsesi.net\/wp-content\/uploads\/2025\/06\/AW474266_01.jpg","contentUrl":"https:\/\/memurunsesi.net\/wp-content\/uploads\/2025\/06\/AW474266_01.jpg","width":999,"height":639,"caption":"KAYSER\u0130 ADALET SARAYI (NEJDET KALA\/KAYSER\u0130-\u0130HA) Kayseri'nin Develi il\u00e7esinde ma\u011farada 1 ki\u015finin \u00f6ld\u00fcr\u00fcld\u00fc\u011f\u00fc olayla ilgili 6 san\u0131k Yarg\u0131tay'\u0131n bozma karar\u0131n\u0131n ard\u0131ndan yeniden hakim kar\u015f\u0131s\u0131na \u00e7\u0131karken, Kayseri 4. A\u011f\u0131r Ceza mahkemesi 6 san\u0131\u011fa ayr\u0131 ayr\u0131 25'er y\u0131l hapis cezas\u0131 verdi."},{"@type":"WebSite","@id":"https:\/\/memurunsesi.net\/#website","url":"https:\/\/memurunsesi.net\/","name":"Memurun Sesi","description":"G\u00fcncel ve Do\u011fru Haber","publisher":{"@id":"https:\/\/memurunsesi.net\/#organization"},"potentialAction":[{"@type":"SearchAction","target":{"@type":"EntryPoint","urlTemplate":"https:\/\/memurunsesi.net\/?s={search_term_string}"},"query-input":{"@type":"PropertyValueSpecification","valueRequired":true,"valueName":"search_term_string"}}],"inLanguage":"tr"},{"@type":"Organization","@id":"https:\/\/memurunsesi.net\/#organization","name":"Memurun Sesi","url":"https:\/\/memurunsesi.net\/","logo":{"@type":"ImageObject","inLanguage":"tr","@id":"https:\/\/memurunsesi.net\/#\/schema\/logo\/image\/","url":"https:\/\/memurunsesi.net\/wp-content\/uploads\/2025\/11\/cropped-MEMURUN-SESI.png","contentUrl":"https:\/\/memurunsesi.net\/wp-content\/uploads\/2025\/11\/cropped-MEMURUN-SESI.png","width":238,"height":57,"caption":"Memurun Sesi"},"image":{"@id":"https:\/\/memurunsesi.net\/#\/schema\/logo\/image\/"},"sameAs":["https:\/\/www.facebook.com\/unipersen\/?locale=tr_TR","https:\/\/x.com\/unipersen"]},{"@type":"Person","@id":"https:\/\/memurunsesi.net\/#\/schema\/person\/f21c2d73b89f6ee1d80b0a1803e38587","name":"Memurun Sesi Haber Merkezi","image":{"@type":"ImageObject","inLanguage":"tr","@id":"https:\/\/secure.gravatar.com\/avatar\/6cf0505f452ee753f485014986fab09a434671d2b919ee76fc541025c5876a70?s=96&d=mm&r=g","url":"https:\/\/secure.gravatar.com\/avatar\/6cf0505f452ee753f485014986fab09a434671d2b919ee76fc541025c5876a70?s=96&d=mm&r=g","contentUrl":"https:\/\/secure.gravatar.com\/avatar\/6cf0505f452ee753f485014986fab09a434671d2b919ee76fc541025c5876a70?s=96&d=mm&r=g","caption":"Memurun Sesi Haber Merkezi"},"sameAs":["https:\/\/memurunsesi.net"],"url":"https:\/\/memurunsesi.net\/index.php\/author\/uniper\/"}]}},"_links":{"self":[{"href":"https:\/\/memurunsesi.net\/index.php\/wp-json\/wp\/v2\/posts\/7947","targetHints":{"allow":["GET"]}}],"collection":[{"href":"https:\/\/memurunsesi.net\/index.php\/wp-json\/wp\/v2\/posts"}],"about":[{"href":"https:\/\/memurunsesi.net\/index.php\/wp-json\/wp\/v2\/types\/post"}],"author":[{"embeddable":true,"href":"https:\/\/memurunsesi.net\/index.php\/wp-json\/wp\/v2\/users\/1"}],"replies":[{"embeddable":true,"href":"https:\/\/memurunsesi.net\/index.php\/wp-json\/wp\/v2\/comments?post=7947"}],"version-history":[{"count":1,"href":"https:\/\/memurunsesi.net\/index.php\/wp-json\/wp\/v2\/posts\/7947\/revisions"}],"predecessor-version":[{"id":7949,"href":"https:\/\/memurunsesi.net\/index.php\/wp-json\/wp\/v2\/posts\/7947\/revisions\/7949"}],"wp:featuredmedia":[{"embeddable":true,"href":"https:\/\/memurunsesi.net\/index.php\/wp-json\/wp\/v2\/media\/7948"}],"wp:attachment":[{"href":"https:\/\/memurunsesi.net\/index.php\/wp-json\/wp\/v2\/media?parent=7947"}],"wp:term":[{"taxonomy":"category","embeddable":true,"href":"https:\/\/memurunsesi.net\/index.php\/wp-json\/wp\/v2\/categories?post=7947"},{"taxonomy":"post_tag","embeddable":true,"href":"https:\/\/memurunsesi.net\/index.php\/wp-json\/wp\/v2\/tags?post=7947"}],"curies":[{"name":"wp","href":"https:\/\/api.w.org\/{rel}","templated":true}]}}