{"id":7950,"date":"2025-06-12T08:48:59","date_gmt":"2025-06-12T05:48:59","guid":{"rendered":"https:\/\/memurunsesi.net\/?p=7950"},"modified":"2025-06-12T08:48:59","modified_gmt":"2025-06-12T05:48:59","slug":"5-yildizli-oteldeki-yanginda-tahliye-edilen-622-turist-civar-otellere-yerlestirildi","status":"publish","type":"post","link":"https:\/\/memurunsesi.net\/index.php\/2025\/06\/12\/5-yildizli-oteldeki-yanginda-tahliye-edilen-622-turist-civar-otellere-yerlestirildi\/","title":{"rendered":"5 y\u0131ld\u0131zl\u0131 oteldeki yang\u0131nda tahliye edilen 622 turist civar otellere yerle\u015ftirildi"},"content":{"rendered":"<p>  &#8211; Dumandan etkilenen 3 turist hastaneye sevk edildi<br \/>\n  &#8211; 40 itfaiye personelinin h\u0131zl\u0131 m\u00fcdahalesi muhtemel \u00f6l\u00fcm ve a\u011f\u0131r yaralanmalar\u0131n \u00f6n\u00fcne ge\u00e7ti   <\/p>\n<p> Antalya&#8217;n\u0131n Alanya il\u00e7esinde bulunan 8 katl\u0131 bir otelin eksi 1&#8217;inci kat\u0131nda \u00e7\u0131kan yang\u0131n pani\u011fe neden oldu. Yang\u0131nda otelin \u00fcst katlar\u0131 yo\u011fun dumanla kaplan\u0131rken, i\u00e7eride mahsur kalan 622 turist itfaiye ekipleri taraf\u0131ndan tahliye edildi. 3 turist olay yerindeki ilk m\u00fcdahalenin ard\u0131ndan hastaneye sevk edilirken dumandan etkilenen baz\u0131 turistlere ise olay yerinde haz\u0131r bekleyen sa\u011fl\u0131k ekipleri taraf\u0131ndan m\u00fcdahale edildi. <\/p>\n<p>Yang\u0131n, gece saatlerinde Alanya&#8217;n\u0131n T\u00fcrkler Mahallesi Atat\u00fcrk Caddesi \u00fczerinde, bulunan 5 y\u0131ld\u0131zl\u0131 bir otelin bodrum kat\u0131nda ba\u015flad\u0131. Bodrum kattaki hamam-sauna b\u00f6l\u00fcm\u00fcndeki y\u0131kama ve kurutma makinelerinin bulundu\u011fu b\u00f6l\u00fcmde elektrik konta\u011f\u0131ndan \u00e7\u0131kt\u0131\u011f\u0131 ihtimali \u00fczerinde durulan yang\u0131n\u0131 fark eden otel \u00e7al\u0131\u015fanlar\u0131 durumu 112 Acil \u00c7a\u011fr\u0131 Merkezi&#8217;ne bildirdi. \u0130hbar \u00fczerine  b\u00f6lgeye Antalya B\u00fcy\u00fck\u015fehir Belediyesi \u0130tfaiyesi Alanya Birimi ile birlikte Payallar, \u0130ncekum, Manavgat ve Gazipa\u015fa itfaiye istasyonlar\u0131ndan \u00e7ok say\u0131da ekip ve ambulans sevk edildi. K\u0131sa s\u00fcrede olay yerine ula\u015fan ekipler, yo\u011fun duman nedeniyle \u00fcst katlarda mahsur kalan turistleri kurtarmak i\u00e7in seferber oldu. Yakla\u015f\u0131k 1 saat s\u00fcren \u00e7al\u0131\u015fmalar\u0131n ard\u0131ndan i\u00e7eride bulunan yakla\u015f\u0131k 622 turist g\u00fcvenli bir \u015fekilde tahliye edildi. Ast\u0131m hastal\u0131\u011f\u0131 bulunan 3 turist olay yerindeki ilk m\u00fcdahalenin ard\u0131ndan hastaneye sevk edilirken dumandan etkilenenlere ise otel \u00e7evresinde konu\u015fland\u0131r\u0131lan ambulanslarda ilk m\u00fcdahale yap\u0131ld\u0131. <\/p>\n<p>10 itfaiye arac\u0131 ve 40 personel ile m\u00fcdahale<br \/>\nYang\u0131n\u0131n \u00e7\u0131kmas\u0131n\u0131n hemen ard\u0131ndan olay yerine intikal eden Antalya B\u00fcy\u00fck\u015fehir Belediyesine ba\u011fl\u0131 Alanya \u0130tfaiye ekipleri toplamda 10 itfaiye arac\u0131, 40 personel ve Alanya Belediyesine ba\u011fl\u0131 sulama tankeri yang\u0131na m\u00fcdahale etti. <\/p>\n<p>Dumandan etkilenenlere ayran verildi<br \/>\nYang\u0131n\u0131n \u00e7\u0131kmas\u0131n\u0131n ard\u0131ndan itfaiye ekipleri ve otel personelleri turistlerin g\u00fcvenli bir \u015fekilde otelden ayr\u0131lmalar\u0131n\u0131 sa\u011flarken, baz\u0131 \u00e7al\u0131\u015fan otel personelleri ise dumandan etkilenen turistlere ve g\u00f6revli personellere ayran ikram etti.<br \/>\nTahliyenin ard\u0131ndan itfaiye ekipleri 2 gruba ayr\u0131ld\u0131. \u0130lk ekip otelin hamam b\u00f6lgesinde \u00e7\u0131kan yang\u0131na so\u011futma \u00e7al\u0131\u015fmas\u0131 yaparken di\u011fer grup ise otel odalar\u0131n\u0131 tek tek kontrol ederek i\u00e7eride mahsur kalan ba\u015fka ki\u015fi olup olmad\u0131\u011f\u0131n\u0131 ara\u015ft\u0131rd\u0131.  <\/p>\n<p>Otelden tahliye edilen ancak duman ve koku nedeniyle odalar\u0131na giremeyen turistlerin bir k\u0131sm\u0131 otelin havuz kenar\u0131ndaki \u015fezlonglara ge\u00e7erek beklemeyi tercih etti. Otelden tahliye edilen turistlerin bir k\u0131sm\u0131 civarda bulunan otellere sevk edilirken, bir k\u0131sm\u0131 ise minib\u00fcs ve otob\u00fcsler ile farkl\u0131 otellere g\u00f6t\u00fcr\u00fcld\u00fc.<br \/>\nYang\u0131n\u0131n, otelin zemin kat\u0131nda, hamam-sauna b\u00f6l\u00fcm\u00fcndeki y\u0131kama ve kurutma makinelerinin bulundu\u011fu b\u00f6l\u00fcmde elektrik konta\u011f\u0131ndan \u00e7\u0131kt\u0131\u011f\u0131 \u015f\u00fcphesi \u00fczerinde duruluyor. <\/p>\n<p>12.06.2025                                <\/p>\n","protected":false},"excerpt":{"rendered":"<p>&#8211; Dumandan etkilenen 3 turist hastaneye sevk edildi &#8211; 40 itfaiye personelinin h\u0131zl\u0131 m\u00fcdahalesi muhtemel \u00f6l\u00fcm ve a\u011f\u0131r yaralanmalar\u0131n \u00f6n\u00fcne ge\u00e7ti Antalya&#8217;n\u0131n Alanya il\u00e7esinde bulunan 8 katl\u0131 bir otelin eksi 1&#8217;inci kat\u0131nda \u00e7\u0131kan yang\u0131n pani\u011fe neden oldu. Yang\u0131nda otelin \u00fcst katlar\u0131 yo\u011fun dumanla kaplan\u0131rken, i\u00e7eride mahsur kalan 622 turist itfaiye ekipleri taraf\u0131ndan tahliye edildi. 3 [&hellip;]<\/p>\n","protected":false},"author":1,"featured_media":7951,"comment_status":"open","ping_status":"open","sticky":false,"template":"","format":"standard","meta":{"footnotes":""},"categories":[1],"tags":[],"class_list":["post-7950","post","type-post","status-publish","format-standard","has-post-thumbnail","hentry","category-genel"],"yoast_head":"<!-- This site is optimized with the Yoast SEO plugin v27.4 - https:\/\/yoast.com\/product\/yoast-seo-wordpress\/ -->\n<title>5 y\u0131ld\u0131zl\u0131 oteldeki yang\u0131nda tahliye edilen 622 turist civar otellere yerle\u015ftirildi - Memurun Sesi<\/title>\n<meta name=\"robots\" content=\"index, follow, max-snippet:-1, max-image-preview:large, max-video-preview:-1\" \/>\n<link rel=\"canonical\" href=\"https:\/\/memurunsesi.net\/index.php\/2025\/06\/12\/5-yildizli-oteldeki-yanginda-tahliye-edilen-622-turist-civar-otellere-yerlestirildi\/\" \/>\n<meta property=\"og:locale\" content=\"tr_TR\" \/>\n<meta property=\"og:type\" content=\"article\" \/>\n<meta property=\"og:title\" content=\"5 y\u0131ld\u0131zl\u0131 oteldeki yang\u0131nda tahliye edilen 622 turist civar otellere yerle\u015ftirildi - Memurun Sesi\" \/>\n<meta property=\"og:description\" content=\"&#8211; Dumandan etkilenen 3 turist hastaneye sevk edildi &#8211; 40 itfaiye personelinin h\u0131zl\u0131 m\u00fcdahalesi muhtemel \u00f6l\u00fcm ve a\u011f\u0131r yaralanmalar\u0131n \u00f6n\u00fcne ge\u00e7ti Antalya&#8217;n\u0131n Alanya il\u00e7esinde bulunan 8 katl\u0131 bir otelin eksi 1&#8217;inci kat\u0131nda \u00e7\u0131kan yang\u0131n pani\u011fe neden oldu. Yang\u0131nda otelin \u00fcst katlar\u0131 yo\u011fun dumanla kaplan\u0131rken, i\u00e7eride mahsur kalan 622 turist itfaiye ekipleri taraf\u0131ndan tahliye edildi. 3 [&hellip;]\" \/>\n<meta property=\"og:url\" content=\"https:\/\/memurunsesi.net\/index.php\/2025\/06\/12\/5-yildizli-oteldeki-yanginda-tahliye-edilen-622-turist-civar-otellere-yerlestirildi\/\" \/>\n<meta property=\"og:site_name\" content=\"Memurun Sesi\" \/>\n<meta property=\"article:publisher\" content=\"https:\/\/www.facebook.com\/unipersen\/?locale=tr_TR\" \/>\n<meta property=\"article:published_time\" content=\"2025-06-12T05:48:59+00:00\" \/>\n<meta property=\"og:image\" content=\"https:\/\/memurunsesi.net\/wp-content\/uploads\/2025\/06\/AW474254_01-scaled.jpg\" \/>\n\t<meta property=\"og:image:width\" content=\"2560\" \/>\n\t<meta property=\"og:image:height\" content=\"1920\" \/>\n\t<meta property=\"og:image:type\" content=\"image\/jpeg\" \/>\n<meta name=\"author\" content=\"Memurun Sesi Haber Merkezi\" \/>\n<meta name=\"twitter:card\" content=\"summary_large_image\" \/>\n<meta name=\"twitter:creator\" content=\"@unipersen\" \/>\n<meta name=\"twitter:site\" content=\"@unipersen\" \/>\n<meta name=\"twitter:label1\" content=\"Yazan:\" \/>\n\t<meta name=\"twitter:data1\" content=\"Memurun Sesi Haber Merkezi\" \/>\n\t<meta name=\"twitter:label2\" content=\"Tahmini okuma s\u00fcresi\" \/>\n\t<meta name=\"twitter:data2\" content=\"1 dakika\" \/>\n<script type=\"application\/ld+json\" class=\"yoast-schema-graph\">{\"@context\":\"https:\\\/\\\/schema.org\",\"@graph\":[{\"@type\":\"Article\",\"@id\":\"https:\\\/\\\/memurunsesi.net\\\/index.php\\\/2025\\\/06\\\/12\\\/5-yildizli-oteldeki-yanginda-tahliye-edilen-622-turist-civar-otellere-yerlestirildi\\\/#article\",\"isPartOf\":{\"@id\":\"https:\\\/\\\/memurunsesi.net\\\/index.php\\\/2025\\\/06\\\/12\\\/5-yildizli-oteldeki-yanginda-tahliye-edilen-622-turist-civar-otellere-yerlestirildi\\\/\"},\"author\":{\"name\":\"Memurun Sesi Haber Merkezi\",\"@id\":\"https:\\\/\\\/memurunsesi.net\\\/#\\\/schema\\\/person\\\/f21c2d73b89f6ee1d80b0a1803e38587\"},\"headline\":\"5 y\u0131ld\u0131zl\u0131 oteldeki yang\u0131nda tahliye edilen 622 turist civar otellere yerle\u015ftirildi\",\"datePublished\":\"2025-06-12T05:48:59+00:00\",\"mainEntityOfPage\":{\"@id\":\"https:\\\/\\\/memurunsesi.net\\\/index.php\\\/2025\\\/06\\\/12\\\/5-yildizli-oteldeki-yanginda-tahliye-edilen-622-turist-civar-otellere-yerlestirildi\\\/\"},\"wordCount\":501,\"commentCount\":0,\"publisher\":{\"@id\":\"https:\\\/\\\/memurunsesi.net\\\/#organization\"},\"image\":{\"@id\":\"https:\\\/\\\/memurunsesi.net\\\/index.php\\\/2025\\\/06\\\/12\\\/5-yildizli-oteldeki-yanginda-tahliye-edilen-622-turist-civar-otellere-yerlestirildi\\\/#primaryimage\"},\"thumbnailUrl\":\"https:\\\/\\\/memurunsesi.net\\\/wp-content\\\/uploads\\\/2025\\\/06\\\/AW474254_01-scaled.jpg\",\"inLanguage\":\"tr\",\"potentialAction\":[{\"@type\":\"CommentAction\",\"name\":\"Comment\",\"target\":[\"https:\\\/\\\/memurunsesi.net\\\/index.php\\\/2025\\\/06\\\/12\\\/5-yildizli-oteldeki-yanginda-tahliye-edilen-622-turist-civar-otellere-yerlestirildi\\\/#respond\"]}]},{\"@type\":\"WebPage\",\"@id\":\"https:\\\/\\\/memurunsesi.net\\\/index.php\\\/2025\\\/06\\\/12\\\/5-yildizli-oteldeki-yanginda-tahliye-edilen-622-turist-civar-otellere-yerlestirildi\\\/\",\"url\":\"https:\\\/\\\/memurunsesi.net\\\/index.php\\\/2025\\\/06\\\/12\\\/5-yildizli-oteldeki-yanginda-tahliye-edilen-622-turist-civar-otellere-yerlestirildi\\\/\",\"name\":\"5 y\u0131ld\u0131zl\u0131 oteldeki yang\u0131nda tahliye edilen 622 turist civar otellere yerle\u015ftirildi - Memurun Sesi\",\"isPartOf\":{\"@id\":\"https:\\\/\\\/memurunsesi.net\\\/#website\"},\"primaryImageOfPage\":{\"@id\":\"https:\\\/\\\/memurunsesi.net\\\/index.php\\\/2025\\\/06\\\/12\\\/5-yildizli-oteldeki-yanginda-tahliye-edilen-622-turist-civar-otellere-yerlestirildi\\\/#primaryimage\"},\"image\":{\"@id\":\"https:\\\/\\\/memurunsesi.net\\\/index.php\\\/2025\\\/06\\\/12\\\/5-yildizli-oteldeki-yanginda-tahliye-edilen-622-turist-civar-otellere-yerlestirildi\\\/#primaryimage\"},\"thumbnailUrl\":\"https:\\\/\\\/memurunsesi.net\\\/wp-content\\\/uploads\\\/2025\\\/06\\\/AW474254_01-scaled.jpg\",\"datePublished\":\"2025-06-12T05:48:59+00:00\",\"breadcrumb\":{\"@id\":\"https:\\\/\\\/memurunsesi.net\\\/index.php\\\/2025\\\/06\\\/12\\\/5-yildizli-oteldeki-yanginda-tahliye-edilen-622-turist-civar-otellere-yerlestirildi\\\/#breadcrumb\"},\"inLanguage\":\"tr\",\"potentialAction\":[{\"@type\":\"ReadAction\",\"target\":[\"https:\\\/\\\/memurunsesi.net\\\/index.php\\\/2025\\\/06\\\/12\\\/5-yildizli-oteldeki-yanginda-tahliye-edilen-622-turist-civar-otellere-yerlestirildi\\\/\"]}]},{\"@type\":\"ImageObject\",\"inLanguage\":\"tr\",\"@id\":\"https:\\\/\\\/memurunsesi.net\\\/index.php\\\/2025\\\/06\\\/12\\\/5-yildizli-oteldeki-yanginda-tahliye-edilen-622-turist-civar-otellere-yerlestirildi\\\/#primaryimage\",\"url\":\"https:\\\/\\\/memurunsesi.net\\\/wp-content\\\/uploads\\\/2025\\\/06\\\/AW474254_01-scaled.jpg\",\"contentUrl\":\"https:\\\/\\\/memurunsesi.net\\\/wp-content\\\/uploads\\\/2025\\\/06\\\/AW474254_01-scaled.jpg\",\"width\":2560,\"height\":1920,\"caption\":\"ANTALYA'NIN ALANYA \u0130L\u00c7ES\u0130NDE BULUNAN 8 KATLI B\u0130R OTEL\u0130N EKS\u0130 1'\u0130NC\u0130 KATINDA \u00c7IKAN YANGIN PAN\u0130\u011eE NEDEN OLDU. YANGINDA OTEL\u0130N \u00dcST KATLARI YO\u011eUN DUMANLA KAPLANIRKEN, \u0130\u00c7ER\u0130DE MAHSUR KALAN 600 TUR\u0130ST \u0130TFA\u0130YE EK\u0130PLER\u0130 TARAFINDAN TAHL\u0130YE ED\u0130LD\u0130. DUMANDAN ETK\u0130LENEN BAZI TUR\u0130STLERE \u0130SE OLAY YER\u0130NDE HAZIR BEKLEYEN SA\u011eLIK EK\u0130PLER\u0130 TARAFINDAN M\u00dcDAHALE ED\u0130LD\u0130. (RECEP KARCI\\\/ANTALYA-\u0130HA) Antalya'n\u0131n Alanya il\u00e7esinde bulunan 8 katl\u0131 bir otelin eksi 1'inci kat\u0131nda \u00e7\u0131kan yang\u0131n pani\u011fe neden oldu. Yang\u0131nda otelin \u00fcst katlar\u0131 yo\u011fun dumanla kaplan\u0131rken, i\u00e7eride mahsur kalan 622 turist itfaiye ekipleri taraf\u0131ndan tahliye edildi. 3 turist olay yerindeki ilk m\u00fcdahalenin ard\u0131ndan hastaneye sevk edilirken dumandan etkilenen baz\u0131 turistlere ise olay yerinde haz\u0131r bekleyen sa\u011fl\u0131k ekipleri taraf\u0131ndan m\u00fcdahale edildi.\"},{\"@type\":\"BreadcrumbList\",\"@id\":\"https:\\\/\\\/memurunsesi.net\\\/index.php\\\/2025\\\/06\\\/12\\\/5-yildizli-oteldeki-yanginda-tahliye-edilen-622-turist-civar-otellere-yerlestirildi\\\/#breadcrumb\",\"itemListElement\":[{\"@type\":\"ListItem\",\"position\":1,\"name\":\"Anasayfa\",\"item\":\"https:\\\/\\\/memurunsesi.net\\\/\"},{\"@type\":\"ListItem\",\"position\":2,\"name\":\"5 y\u0131ld\u0131zl\u0131 oteldeki yang\u0131nda tahliye edilen 622 turist civar otellere yerle\u015ftirildi\"}]},{\"@type\":\"WebSite\",\"@id\":\"https:\\\/\\\/memurunsesi.net\\\/#website\",\"url\":\"https:\\\/\\\/memurunsesi.net\\\/\",\"name\":\"Memurun Sesi\",\"description\":\"G\u00fcncel ve Do\u011fru Haber\",\"publisher\":{\"@id\":\"https:\\\/\\\/memurunsesi.net\\\/#organization\"},\"potentialAction\":[{\"@type\":\"SearchAction\",\"target\":{\"@type\":\"EntryPoint\",\"urlTemplate\":\"https:\\\/\\\/memurunsesi.net\\\/?s={search_term_string}\"},\"query-input\":{\"@type\":\"PropertyValueSpecification\",\"valueRequired\":true,\"valueName\":\"search_term_string\"}}],\"inLanguage\":\"tr\"},{\"@type\":\"Organization\",\"@id\":\"https:\\\/\\\/memurunsesi.net\\\/#organization\",\"name\":\"Memurun Sesi\",\"url\":\"https:\\\/\\\/memurunsesi.net\\\/\",\"logo\":{\"@type\":\"ImageObject\",\"inLanguage\":\"tr\",\"@id\":\"https:\\\/\\\/memurunsesi.net\\\/#\\\/schema\\\/logo\\\/image\\\/\",\"url\":\"https:\\\/\\\/memurunsesi.net\\\/wp-content\\\/uploads\\\/2025\\\/11\\\/cropped-MEMURUN-SESI.png\",\"contentUrl\":\"https:\\\/\\\/memurunsesi.net\\\/wp-content\\\/uploads\\\/2025\\\/11\\\/cropped-MEMURUN-SESI.png\",\"width\":238,\"height\":57,\"caption\":\"Memurun Sesi\"},\"image\":{\"@id\":\"https:\\\/\\\/memurunsesi.net\\\/#\\\/schema\\\/logo\\\/image\\\/\"},\"sameAs\":[\"https:\\\/\\\/www.facebook.com\\\/unipersen\\\/?locale=tr_TR\",\"https:\\\/\\\/x.com\\\/unipersen\"]},{\"@type\":\"Person\",\"@id\":\"https:\\\/\\\/memurunsesi.net\\\/#\\\/schema\\\/person\\\/f21c2d73b89f6ee1d80b0a1803e38587\",\"name\":\"Memurun Sesi Haber Merkezi\",\"image\":{\"@type\":\"ImageObject\",\"inLanguage\":\"tr\",\"@id\":\"https:\\\/\\\/secure.gravatar.com\\\/avatar\\\/6cf0505f452ee753f485014986fab09a434671d2b919ee76fc541025c5876a70?s=96&d=mm&r=g\",\"url\":\"https:\\\/\\\/secure.gravatar.com\\\/avatar\\\/6cf0505f452ee753f485014986fab09a434671d2b919ee76fc541025c5876a70?s=96&d=mm&r=g\",\"contentUrl\":\"https:\\\/\\\/secure.gravatar.com\\\/avatar\\\/6cf0505f452ee753f485014986fab09a434671d2b919ee76fc541025c5876a70?s=96&d=mm&r=g\",\"caption\":\"Memurun Sesi Haber Merkezi\"},\"sameAs\":[\"https:\\\/\\\/memurunsesi.net\"],\"url\":\"https:\\\/\\\/memurunsesi.net\\\/index.php\\\/author\\\/uniper\\\/\"}]}<\/script>\n<!-- \/ Yoast SEO plugin. -->","yoast_head_json":{"title":"5 y\u0131ld\u0131zl\u0131 oteldeki yang\u0131nda tahliye edilen 622 turist civar otellere yerle\u015ftirildi - Memurun Sesi","robots":{"index":"index","follow":"follow","max-snippet":"max-snippet:-1","max-image-preview":"max-image-preview:large","max-video-preview":"max-video-preview:-1"},"canonical":"https:\/\/memurunsesi.net\/index.php\/2025\/06\/12\/5-yildizli-oteldeki-yanginda-tahliye-edilen-622-turist-civar-otellere-yerlestirildi\/","og_locale":"tr_TR","og_type":"article","og_title":"5 y\u0131ld\u0131zl\u0131 oteldeki yang\u0131nda tahliye edilen 622 turist civar otellere yerle\u015ftirildi - Memurun Sesi","og_description":"&#8211; Dumandan etkilenen 3 turist hastaneye sevk edildi &#8211; 40 itfaiye personelinin h\u0131zl\u0131 m\u00fcdahalesi muhtemel \u00f6l\u00fcm ve a\u011f\u0131r yaralanmalar\u0131n \u00f6n\u00fcne ge\u00e7ti Antalya&#8217;n\u0131n Alanya il\u00e7esinde bulunan 8 katl\u0131 bir otelin eksi 1&#8217;inci kat\u0131nda \u00e7\u0131kan yang\u0131n pani\u011fe neden oldu. Yang\u0131nda otelin \u00fcst katlar\u0131 yo\u011fun dumanla kaplan\u0131rken, i\u00e7eride mahsur kalan 622 turist itfaiye ekipleri taraf\u0131ndan tahliye edildi. 3 [&hellip;]","og_url":"https:\/\/memurunsesi.net\/index.php\/2025\/06\/12\/5-yildizli-oteldeki-yanginda-tahliye-edilen-622-turist-civar-otellere-yerlestirildi\/","og_site_name":"Memurun Sesi","article_publisher":"https:\/\/www.facebook.com\/unipersen\/?locale=tr_TR","article_published_time":"2025-06-12T05:48:59+00:00","og_image":[{"width":2560,"height":1920,"url":"https:\/\/memurunsesi.net\/wp-content\/uploads\/2025\/06\/AW474254_01-scaled.jpg","type":"image\/jpeg"}],"author":"Memurun Sesi Haber Merkezi","twitter_card":"summary_large_image","twitter_creator":"@unipersen","twitter_site":"@unipersen","twitter_misc":{"Yazan:":"Memurun Sesi Haber Merkezi","Tahmini okuma s\u00fcresi":"1 dakika"},"schema":{"@context":"https:\/\/schema.org","@graph":[{"@type":"Article","@id":"https:\/\/memurunsesi.net\/index.php\/2025\/06\/12\/5-yildizli-oteldeki-yanginda-tahliye-edilen-622-turist-civar-otellere-yerlestirildi\/#article","isPartOf":{"@id":"https:\/\/memurunsesi.net\/index.php\/2025\/06\/12\/5-yildizli-oteldeki-yanginda-tahliye-edilen-622-turist-civar-otellere-yerlestirildi\/"},"author":{"name":"Memurun Sesi Haber Merkezi","@id":"https:\/\/memurunsesi.net\/#\/schema\/person\/f21c2d73b89f6ee1d80b0a1803e38587"},"headline":"5 y\u0131ld\u0131zl\u0131 oteldeki yang\u0131nda tahliye edilen 622 turist civar otellere yerle\u015ftirildi","datePublished":"2025-06-12T05:48:59+00:00","mainEntityOfPage":{"@id":"https:\/\/memurunsesi.net\/index.php\/2025\/06\/12\/5-yildizli-oteldeki-yanginda-tahliye-edilen-622-turist-civar-otellere-yerlestirildi\/"},"wordCount":501,"commentCount":0,"publisher":{"@id":"https:\/\/memurunsesi.net\/#organization"},"image":{"@id":"https:\/\/memurunsesi.net\/index.php\/2025\/06\/12\/5-yildizli-oteldeki-yanginda-tahliye-edilen-622-turist-civar-otellere-yerlestirildi\/#primaryimage"},"thumbnailUrl":"https:\/\/memurunsesi.net\/wp-content\/uploads\/2025\/06\/AW474254_01-scaled.jpg","inLanguage":"tr","potentialAction":[{"@type":"CommentAction","name":"Comment","target":["https:\/\/memurunsesi.net\/index.php\/2025\/06\/12\/5-yildizli-oteldeki-yanginda-tahliye-edilen-622-turist-civar-otellere-yerlestirildi\/#respond"]}]},{"@type":"WebPage","@id":"https:\/\/memurunsesi.net\/index.php\/2025\/06\/12\/5-yildizli-oteldeki-yanginda-tahliye-edilen-622-turist-civar-otellere-yerlestirildi\/","url":"https:\/\/memurunsesi.net\/index.php\/2025\/06\/12\/5-yildizli-oteldeki-yanginda-tahliye-edilen-622-turist-civar-otellere-yerlestirildi\/","name":"5 y\u0131ld\u0131zl\u0131 oteldeki yang\u0131nda tahliye edilen 622 turist civar otellere yerle\u015ftirildi - Memurun Sesi","isPartOf":{"@id":"https:\/\/memurunsesi.net\/#website"},"primaryImageOfPage":{"@id":"https:\/\/memurunsesi.net\/index.php\/2025\/06\/12\/5-yildizli-oteldeki-yanginda-tahliye-edilen-622-turist-civar-otellere-yerlestirildi\/#primaryimage"},"image":{"@id":"https:\/\/memurunsesi.net\/index.php\/2025\/06\/12\/5-yildizli-oteldeki-yanginda-tahliye-edilen-622-turist-civar-otellere-yerlestirildi\/#primaryimage"},"thumbnailUrl":"https:\/\/memurunsesi.net\/wp-content\/uploads\/2025\/06\/AW474254_01-scaled.jpg","datePublished":"2025-06-12T05:48:59+00:00","breadcrumb":{"@id":"https:\/\/memurunsesi.net\/index.php\/2025\/06\/12\/5-yildizli-oteldeki-yanginda-tahliye-edilen-622-turist-civar-otellere-yerlestirildi\/#breadcrumb"},"inLanguage":"tr","potentialAction":[{"@type":"ReadAction","target":["https:\/\/memurunsesi.net\/index.php\/2025\/06\/12\/5-yildizli-oteldeki-yanginda-tahliye-edilen-622-turist-civar-otellere-yerlestirildi\/"]}]},{"@type":"ImageObject","inLanguage":"tr","@id":"https:\/\/memurunsesi.net\/index.php\/2025\/06\/12\/5-yildizli-oteldeki-yanginda-tahliye-edilen-622-turist-civar-otellere-yerlestirildi\/#primaryimage","url":"https:\/\/memurunsesi.net\/wp-content\/uploads\/2025\/06\/AW474254_01-scaled.jpg","contentUrl":"https:\/\/memurunsesi.net\/wp-content\/uploads\/2025\/06\/AW474254_01-scaled.jpg","width":2560,"height":1920,"caption":"ANTALYA'NIN ALANYA \u0130L\u00c7ES\u0130NDE BULUNAN 8 KATLI B\u0130R OTEL\u0130N EKS\u0130 1'\u0130NC\u0130 KATINDA \u00c7IKAN YANGIN PAN\u0130\u011eE NEDEN OLDU. YANGINDA OTEL\u0130N \u00dcST KATLARI YO\u011eUN DUMANLA KAPLANIRKEN, \u0130\u00c7ER\u0130DE MAHSUR KALAN 600 TUR\u0130ST \u0130TFA\u0130YE EK\u0130PLER\u0130 TARAFINDAN TAHL\u0130YE ED\u0130LD\u0130. DUMANDAN ETK\u0130LENEN BAZI TUR\u0130STLERE \u0130SE OLAY YER\u0130NDE HAZIR BEKLEYEN SA\u011eLIK EK\u0130PLER\u0130 TARAFINDAN M\u00dcDAHALE ED\u0130LD\u0130. (RECEP KARCI\/ANTALYA-\u0130HA) Antalya'n\u0131n Alanya il\u00e7esinde bulunan 8 katl\u0131 bir otelin eksi 1'inci kat\u0131nda \u00e7\u0131kan yang\u0131n pani\u011fe neden oldu. Yang\u0131nda otelin \u00fcst katlar\u0131 yo\u011fun dumanla kaplan\u0131rken, i\u00e7eride mahsur kalan 622 turist itfaiye ekipleri taraf\u0131ndan tahliye edildi. 3 turist olay yerindeki ilk m\u00fcdahalenin ard\u0131ndan hastaneye sevk edilirken dumandan etkilenen baz\u0131 turistlere ise olay yerinde haz\u0131r bekleyen sa\u011fl\u0131k ekipleri taraf\u0131ndan m\u00fcdahale edildi."},{"@type":"BreadcrumbList","@id":"https:\/\/memurunsesi.net\/index.php\/2025\/06\/12\/5-yildizli-oteldeki-yanginda-tahliye-edilen-622-turist-civar-otellere-yerlestirildi\/#breadcrumb","itemListElement":[{"@type":"ListItem","position":1,"name":"Anasayfa","item":"https:\/\/memurunsesi.net\/"},{"@type":"ListItem","position":2,"name":"5 y\u0131ld\u0131zl\u0131 oteldeki yang\u0131nda tahliye edilen 622 turist civar otellere yerle\u015ftirildi"}]},{"@type":"WebSite","@id":"https:\/\/memurunsesi.net\/#website","url":"https:\/\/memurunsesi.net\/","name":"Memurun Sesi","description":"G\u00fcncel ve Do\u011fru Haber","publisher":{"@id":"https:\/\/memurunsesi.net\/#organization"},"potentialAction":[{"@type":"SearchAction","target":{"@type":"EntryPoint","urlTemplate":"https:\/\/memurunsesi.net\/?s={search_term_string}"},"query-input":{"@type":"PropertyValueSpecification","valueRequired":true,"valueName":"search_term_string"}}],"inLanguage":"tr"},{"@type":"Organization","@id":"https:\/\/memurunsesi.net\/#organization","name":"Memurun Sesi","url":"https:\/\/memurunsesi.net\/","logo":{"@type":"ImageObject","inLanguage":"tr","@id":"https:\/\/memurunsesi.net\/#\/schema\/logo\/image\/","url":"https:\/\/memurunsesi.net\/wp-content\/uploads\/2025\/11\/cropped-MEMURUN-SESI.png","contentUrl":"https:\/\/memurunsesi.net\/wp-content\/uploads\/2025\/11\/cropped-MEMURUN-SESI.png","width":238,"height":57,"caption":"Memurun Sesi"},"image":{"@id":"https:\/\/memurunsesi.net\/#\/schema\/logo\/image\/"},"sameAs":["https:\/\/www.facebook.com\/unipersen\/?locale=tr_TR","https:\/\/x.com\/unipersen"]},{"@type":"Person","@id":"https:\/\/memurunsesi.net\/#\/schema\/person\/f21c2d73b89f6ee1d80b0a1803e38587","name":"Memurun Sesi Haber Merkezi","image":{"@type":"ImageObject","inLanguage":"tr","@id":"https:\/\/secure.gravatar.com\/avatar\/6cf0505f452ee753f485014986fab09a434671d2b919ee76fc541025c5876a70?s=96&d=mm&r=g","url":"https:\/\/secure.gravatar.com\/avatar\/6cf0505f452ee753f485014986fab09a434671d2b919ee76fc541025c5876a70?s=96&d=mm&r=g","contentUrl":"https:\/\/secure.gravatar.com\/avatar\/6cf0505f452ee753f485014986fab09a434671d2b919ee76fc541025c5876a70?s=96&d=mm&r=g","caption":"Memurun Sesi Haber Merkezi"},"sameAs":["https:\/\/memurunsesi.net"],"url":"https:\/\/memurunsesi.net\/index.php\/author\/uniper\/"}]}},"_links":{"self":[{"href":"https:\/\/memurunsesi.net\/index.php\/wp-json\/wp\/v2\/posts\/7950","targetHints":{"allow":["GET"]}}],"collection":[{"href":"https:\/\/memurunsesi.net\/index.php\/wp-json\/wp\/v2\/posts"}],"about":[{"href":"https:\/\/memurunsesi.net\/index.php\/wp-json\/wp\/v2\/types\/post"}],"author":[{"embeddable":true,"href":"https:\/\/memurunsesi.net\/index.php\/wp-json\/wp\/v2\/users\/1"}],"replies":[{"embeddable":true,"href":"https:\/\/memurunsesi.net\/index.php\/wp-json\/wp\/v2\/comments?post=7950"}],"version-history":[{"count":1,"href":"https:\/\/memurunsesi.net\/index.php\/wp-json\/wp\/v2\/posts\/7950\/revisions"}],"predecessor-version":[{"id":7952,"href":"https:\/\/memurunsesi.net\/index.php\/wp-json\/wp\/v2\/posts\/7950\/revisions\/7952"}],"wp:featuredmedia":[{"embeddable":true,"href":"https:\/\/memurunsesi.net\/index.php\/wp-json\/wp\/v2\/media\/7951"}],"wp:attachment":[{"href":"https:\/\/memurunsesi.net\/index.php\/wp-json\/wp\/v2\/media?parent=7950"}],"wp:term":[{"taxonomy":"category","embeddable":true,"href":"https:\/\/memurunsesi.net\/index.php\/wp-json\/wp\/v2\/categories?post=7950"},{"taxonomy":"post_tag","embeddable":true,"href":"https:\/\/memurunsesi.net\/index.php\/wp-json\/wp\/v2\/tags?post=7950"}],"curies":[{"name":"wp","href":"https:\/\/api.w.org\/{rel}","templated":true}]}}