{"id":7953,"date":"2025-06-12T12:46:31","date_gmt":"2025-06-12T09:46:31","guid":{"rendered":"https:\/\/memurunsesi.net\/?p=7953"},"modified":"2025-06-12T12:46:31","modified_gmt":"2025-06-12T09:46:31","slug":"malatyada-is-makinesi-alev-alev-yandi","status":"publish","type":"post","link":"https:\/\/memurunsesi.net\/index.php\/2025\/06\/12\/malatyada-is-makinesi-alev-alev-yandi\/","title":{"rendered":"Malatya&#8217;da i\u015f makinesi alev alev yand\u0131"},"content":{"rendered":"<p>   Malatya&#8217;n\u0131n Ak\u00e7ada\u011f il\u00e7esinde bir beton santralinde \u00e7al\u0131\u015fma yapan i\u015f makinesi, hen\u00fcz bilinmeyen bir nedenden dolay\u0131 alev ald\u0131. K\u0131sa s\u00fcrede b\u00fcy\u00fcyen yang\u0131nda ara\u00e7 kullan\u0131lamaz hale geldi.<br \/>\n  Olay, Ak\u00e7ada\u011f il\u00e7esine ba\u011fl\u0131 Tataru\u015fa\u011f\u0131 Mahallesi\u2019nde meydana geldi. \u0130ddiaya g\u00f6re beton santralinde \u00e7al\u0131\u015fma s\u0131ras\u0131nda i\u015f makinesi aniden yanmaya ba\u015flad\u0131. Alevler k\u0131sa s\u00fcrede t\u00fcm arac\u0131 sard\u0131. \u00c7evredekilerin ihbar\u0131 \u00fczerine olay yerine itfaiye ekipleri sevk edildi.<br \/>\n  \u0130tfaiye ekiplerinin m\u00fcdahalesiyle yang\u0131n kontrol alt\u0131na al\u0131narak s\u00f6nd\u00fcr\u00fcld\u00fc. Yang\u0131nda can kayb\u0131 ya da yaralanma ya\u015fanmazken, i\u015f makinesi tamamen kullan\u0131lamaz hale geldi.<br \/>\n  Olayla ilgili inceleme ba\u015flat\u0131ld\u0131. <\/p>\n<p>12.06.2025                                <\/p>\n","protected":false},"excerpt":{"rendered":"<p>Malatya&#8217;n\u0131n Ak\u00e7ada\u011f il\u00e7esinde bir beton santralinde \u00e7al\u0131\u015fma yapan i\u015f makinesi, hen\u00fcz bilinmeyen bir nedenden dolay\u0131 alev ald\u0131. K\u0131sa s\u00fcrede b\u00fcy\u00fcyen yang\u0131nda ara\u00e7 kullan\u0131lamaz hale geldi. Olay, Ak\u00e7ada\u011f il\u00e7esine ba\u011fl\u0131 Tataru\u015fa\u011f\u0131 Mahallesi\u2019nde meydana geldi. \u0130ddiaya g\u00f6re beton santralinde \u00e7al\u0131\u015fma s\u0131ras\u0131nda i\u015f makinesi aniden yanmaya ba\u015flad\u0131. Alevler k\u0131sa s\u00fcrede t\u00fcm arac\u0131 sard\u0131. \u00c7evredekilerin ihbar\u0131 \u00fczerine olay yerine [&hellip;]<\/p>\n","protected":false},"author":1,"featured_media":7954,"comment_status":"open","ping_status":"open","sticky":false,"template":"","format":"standard","meta":{"footnotes":""},"categories":[45],"tags":[],"class_list":["post-7953","post","type-post","status-publish","format-standard","has-post-thumbnail","hentry","category-gundem"],"yoast_head":"<!-- This site is optimized with the Yoast SEO plugin v27.4 - https:\/\/yoast.com\/product\/yoast-seo-wordpress\/ -->\n<title>Malatya&#039;da i\u015f makinesi alev alev yand\u0131 - Memurun Sesi<\/title>\n<meta name=\"robots\" content=\"index, follow, max-snippet:-1, max-image-preview:large, max-video-preview:-1\" \/>\n<link rel=\"canonical\" href=\"https:\/\/memurunsesi.net\/index.php\/2025\/06\/12\/malatyada-is-makinesi-alev-alev-yandi\/\" \/>\n<meta property=\"og:locale\" content=\"tr_TR\" \/>\n<meta property=\"og:type\" content=\"article\" \/>\n<meta property=\"og:title\" content=\"Malatya&#039;da i\u015f makinesi alev alev yand\u0131 - Memurun Sesi\" \/>\n<meta property=\"og:description\" content=\"Malatya&#8217;n\u0131n Ak\u00e7ada\u011f il\u00e7esinde bir beton santralinde \u00e7al\u0131\u015fma yapan i\u015f makinesi, hen\u00fcz bilinmeyen bir nedenden dolay\u0131 alev ald\u0131. K\u0131sa s\u00fcrede b\u00fcy\u00fcyen yang\u0131nda ara\u00e7 kullan\u0131lamaz hale geldi. Olay, Ak\u00e7ada\u011f il\u00e7esine ba\u011fl\u0131 Tataru\u015fa\u011f\u0131 Mahallesi\u2019nde meydana geldi. \u0130ddiaya g\u00f6re beton santralinde \u00e7al\u0131\u015fma s\u0131ras\u0131nda i\u015f makinesi aniden yanmaya ba\u015flad\u0131. Alevler k\u0131sa s\u00fcrede t\u00fcm arac\u0131 sard\u0131. \u00c7evredekilerin ihbar\u0131 \u00fczerine olay yerine [&hellip;]\" \/>\n<meta property=\"og:url\" content=\"https:\/\/memurunsesi.net\/index.php\/2025\/06\/12\/malatyada-is-makinesi-alev-alev-yandi\/\" \/>\n<meta property=\"og:site_name\" content=\"Memurun Sesi\" \/>\n<meta property=\"article:publisher\" content=\"https:\/\/www.facebook.com\/unipersen\/?locale=tr_TR\" \/>\n<meta property=\"article:published_time\" content=\"2025-06-12T09:46:31+00:00\" \/>\n<meta property=\"og:image\" content=\"https:\/\/memurunsesi.net\/wp-content\/uploads\/2025\/06\/AW474559_01.jpg\" \/>\n\t<meta property=\"og:image:width\" content=\"698\" \/>\n\t<meta property=\"og:image:height\" content=\"572\" \/>\n\t<meta property=\"og:image:type\" content=\"image\/jpeg\" \/>\n<meta name=\"author\" content=\"Memurun Sesi Haber Merkezi\" \/>\n<meta name=\"twitter:card\" content=\"summary_large_image\" \/>\n<meta name=\"twitter:creator\" content=\"@unipersen\" \/>\n<meta name=\"twitter:site\" content=\"@unipersen\" \/>\n<meta name=\"twitter:label1\" content=\"Yazan:\" \/>\n\t<meta name=\"twitter:data1\" content=\"Memurun Sesi Haber Merkezi\" \/>\n\t<meta name=\"twitter:label2\" content=\"Tahmini okuma s\u00fcresi\" \/>\n\t<meta name=\"twitter:data2\" content=\"1 dakika\" \/>\n<script type=\"application\/ld+json\" class=\"yoast-schema-graph\">{\"@context\":\"https:\\\/\\\/schema.org\",\"@graph\":[{\"@type\":\"Article\",\"@id\":\"https:\\\/\\\/memurunsesi.net\\\/index.php\\\/2025\\\/06\\\/12\\\/malatyada-is-makinesi-alev-alev-yandi\\\/#article\",\"isPartOf\":{\"@id\":\"https:\\\/\\\/memurunsesi.net\\\/index.php\\\/2025\\\/06\\\/12\\\/malatyada-is-makinesi-alev-alev-yandi\\\/\"},\"author\":{\"name\":\"Memurun Sesi Haber Merkezi\",\"@id\":\"https:\\\/\\\/memurunsesi.net\\\/#\\\/schema\\\/person\\\/f21c2d73b89f6ee1d80b0a1803e38587\"},\"headline\":\"Malatya&#8217;da i\u015f makinesi alev alev yand\u0131\",\"datePublished\":\"2025-06-12T09:46:31+00:00\",\"mainEntityOfPage\":{\"@id\":\"https:\\\/\\\/memurunsesi.net\\\/index.php\\\/2025\\\/06\\\/12\\\/malatyada-is-makinesi-alev-alev-yandi\\\/\"},\"wordCount\":128,\"commentCount\":0,\"publisher\":{\"@id\":\"https:\\\/\\\/memurunsesi.net\\\/#organization\"},\"image\":{\"@id\":\"https:\\\/\\\/memurunsesi.net\\\/index.php\\\/2025\\\/06\\\/12\\\/malatyada-is-makinesi-alev-alev-yandi\\\/#primaryimage\"},\"thumbnailUrl\":\"https:\\\/\\\/memurunsesi.net\\\/wp-content\\\/uploads\\\/2025\\\/06\\\/AW474559_01.jpg\",\"articleSection\":[\"G\u00fcndem\"],\"inLanguage\":\"tr\",\"potentialAction\":[{\"@type\":\"CommentAction\",\"name\":\"Comment\",\"target\":[\"https:\\\/\\\/memurunsesi.net\\\/index.php\\\/2025\\\/06\\\/12\\\/malatyada-is-makinesi-alev-alev-yandi\\\/#respond\"]}]},{\"@type\":\"WebPage\",\"@id\":\"https:\\\/\\\/memurunsesi.net\\\/index.php\\\/2025\\\/06\\\/12\\\/malatyada-is-makinesi-alev-alev-yandi\\\/\",\"url\":\"https:\\\/\\\/memurunsesi.net\\\/index.php\\\/2025\\\/06\\\/12\\\/malatyada-is-makinesi-alev-alev-yandi\\\/\",\"name\":\"Malatya'da i\u015f makinesi alev alev yand\u0131 - Memurun Sesi\",\"isPartOf\":{\"@id\":\"https:\\\/\\\/memurunsesi.net\\\/#website\"},\"primaryImageOfPage\":{\"@id\":\"https:\\\/\\\/memurunsesi.net\\\/index.php\\\/2025\\\/06\\\/12\\\/malatyada-is-makinesi-alev-alev-yandi\\\/#primaryimage\"},\"image\":{\"@id\":\"https:\\\/\\\/memurunsesi.net\\\/index.php\\\/2025\\\/06\\\/12\\\/malatyada-is-makinesi-alev-alev-yandi\\\/#primaryimage\"},\"thumbnailUrl\":\"https:\\\/\\\/memurunsesi.net\\\/wp-content\\\/uploads\\\/2025\\\/06\\\/AW474559_01.jpg\",\"datePublished\":\"2025-06-12T09:46:31+00:00\",\"breadcrumb\":{\"@id\":\"https:\\\/\\\/memurunsesi.net\\\/index.php\\\/2025\\\/06\\\/12\\\/malatyada-is-makinesi-alev-alev-yandi\\\/#breadcrumb\"},\"inLanguage\":\"tr\",\"potentialAction\":[{\"@type\":\"ReadAction\",\"target\":[\"https:\\\/\\\/memurunsesi.net\\\/index.php\\\/2025\\\/06\\\/12\\\/malatyada-is-makinesi-alev-alev-yandi\\\/\"]}]},{\"@type\":\"ImageObject\",\"inLanguage\":\"tr\",\"@id\":\"https:\\\/\\\/memurunsesi.net\\\/index.php\\\/2025\\\/06\\\/12\\\/malatyada-is-makinesi-alev-alev-yandi\\\/#primaryimage\",\"url\":\"https:\\\/\\\/memurunsesi.net\\\/wp-content\\\/uploads\\\/2025\\\/06\\\/AW474559_01.jpg\",\"contentUrl\":\"https:\\\/\\\/memurunsesi.net\\\/wp-content\\\/uploads\\\/2025\\\/06\\\/AW474559_01.jpg\",\"width\":698,\"height\":572,\"caption\":\"\u0130\u015e MAK\u0130NES\u0130, HEN\u00dcZ B\u0130L\u0130NMEYEN B\u0130R NEDENDEN DOLAYI ALEV ALDI (HASAN ERYILMAZ\\\/MALATYA-\u0130HA) Malatya'n\u0131n Ak\u00e7ada\u011f il\u00e7esinde bir beton santralinde \u00e7al\u0131\u015fma yapan i\u015f makinesi, hen\u00fcz bilinmeyen bir nedenden dolay\u0131 alev ald\u0131. K\u0131sa s\u00fcrede b\u00fcy\u00fcyen yang\u0131nda ara\u00e7 kullan\u0131lamaz hale geldi.\"},{\"@type\":\"BreadcrumbList\",\"@id\":\"https:\\\/\\\/memurunsesi.net\\\/index.php\\\/2025\\\/06\\\/12\\\/malatyada-is-makinesi-alev-alev-yandi\\\/#breadcrumb\",\"itemListElement\":[{\"@type\":\"ListItem\",\"position\":1,\"name\":\"Anasayfa\",\"item\":\"https:\\\/\\\/memurunsesi.net\\\/\"},{\"@type\":\"ListItem\",\"position\":2,\"name\":\"Malatya&#8217;da i\u015f makinesi alev alev yand\u0131\"}]},{\"@type\":\"WebSite\",\"@id\":\"https:\\\/\\\/memurunsesi.net\\\/#website\",\"url\":\"https:\\\/\\\/memurunsesi.net\\\/\",\"name\":\"Memurun Sesi\",\"description\":\"G\u00fcncel ve Do\u011fru Haber\",\"publisher\":{\"@id\":\"https:\\\/\\\/memurunsesi.net\\\/#organization\"},\"potentialAction\":[{\"@type\":\"SearchAction\",\"target\":{\"@type\":\"EntryPoint\",\"urlTemplate\":\"https:\\\/\\\/memurunsesi.net\\\/?s={search_term_string}\"},\"query-input\":{\"@type\":\"PropertyValueSpecification\",\"valueRequired\":true,\"valueName\":\"search_term_string\"}}],\"inLanguage\":\"tr\"},{\"@type\":\"Organization\",\"@id\":\"https:\\\/\\\/memurunsesi.net\\\/#organization\",\"name\":\"Memurun Sesi\",\"url\":\"https:\\\/\\\/memurunsesi.net\\\/\",\"logo\":{\"@type\":\"ImageObject\",\"inLanguage\":\"tr\",\"@id\":\"https:\\\/\\\/memurunsesi.net\\\/#\\\/schema\\\/logo\\\/image\\\/\",\"url\":\"https:\\\/\\\/memurunsesi.net\\\/wp-content\\\/uploads\\\/2025\\\/11\\\/cropped-MEMURUN-SESI.png\",\"contentUrl\":\"https:\\\/\\\/memurunsesi.net\\\/wp-content\\\/uploads\\\/2025\\\/11\\\/cropped-MEMURUN-SESI.png\",\"width\":238,\"height\":57,\"caption\":\"Memurun Sesi\"},\"image\":{\"@id\":\"https:\\\/\\\/memurunsesi.net\\\/#\\\/schema\\\/logo\\\/image\\\/\"},\"sameAs\":[\"https:\\\/\\\/www.facebook.com\\\/unipersen\\\/?locale=tr_TR\",\"https:\\\/\\\/x.com\\\/unipersen\"]},{\"@type\":\"Person\",\"@id\":\"https:\\\/\\\/memurunsesi.net\\\/#\\\/schema\\\/person\\\/f21c2d73b89f6ee1d80b0a1803e38587\",\"name\":\"Memurun Sesi Haber Merkezi\",\"image\":{\"@type\":\"ImageObject\",\"inLanguage\":\"tr\",\"@id\":\"https:\\\/\\\/secure.gravatar.com\\\/avatar\\\/6cf0505f452ee753f485014986fab09a434671d2b919ee76fc541025c5876a70?s=96&d=mm&r=g\",\"url\":\"https:\\\/\\\/secure.gravatar.com\\\/avatar\\\/6cf0505f452ee753f485014986fab09a434671d2b919ee76fc541025c5876a70?s=96&d=mm&r=g\",\"contentUrl\":\"https:\\\/\\\/secure.gravatar.com\\\/avatar\\\/6cf0505f452ee753f485014986fab09a434671d2b919ee76fc541025c5876a70?s=96&d=mm&r=g\",\"caption\":\"Memurun Sesi Haber Merkezi\"},\"sameAs\":[\"https:\\\/\\\/memurunsesi.net\"],\"url\":\"https:\\\/\\\/memurunsesi.net\\\/index.php\\\/author\\\/uniper\\\/\"}]}<\/script>\n<!-- \/ Yoast SEO plugin. -->","yoast_head_json":{"title":"Malatya'da i\u015f makinesi alev alev yand\u0131 - Memurun Sesi","robots":{"index":"index","follow":"follow","max-snippet":"max-snippet:-1","max-image-preview":"max-image-preview:large","max-video-preview":"max-video-preview:-1"},"canonical":"https:\/\/memurunsesi.net\/index.php\/2025\/06\/12\/malatyada-is-makinesi-alev-alev-yandi\/","og_locale":"tr_TR","og_type":"article","og_title":"Malatya'da i\u015f makinesi alev alev yand\u0131 - Memurun Sesi","og_description":"Malatya&#8217;n\u0131n Ak\u00e7ada\u011f il\u00e7esinde bir beton santralinde \u00e7al\u0131\u015fma yapan i\u015f makinesi, hen\u00fcz bilinmeyen bir nedenden dolay\u0131 alev ald\u0131. K\u0131sa s\u00fcrede b\u00fcy\u00fcyen yang\u0131nda ara\u00e7 kullan\u0131lamaz hale geldi. Olay, Ak\u00e7ada\u011f il\u00e7esine ba\u011fl\u0131 Tataru\u015fa\u011f\u0131 Mahallesi\u2019nde meydana geldi. \u0130ddiaya g\u00f6re beton santralinde \u00e7al\u0131\u015fma s\u0131ras\u0131nda i\u015f makinesi aniden yanmaya ba\u015flad\u0131. Alevler k\u0131sa s\u00fcrede t\u00fcm arac\u0131 sard\u0131. \u00c7evredekilerin ihbar\u0131 \u00fczerine olay yerine [&hellip;]","og_url":"https:\/\/memurunsesi.net\/index.php\/2025\/06\/12\/malatyada-is-makinesi-alev-alev-yandi\/","og_site_name":"Memurun Sesi","article_publisher":"https:\/\/www.facebook.com\/unipersen\/?locale=tr_TR","article_published_time":"2025-06-12T09:46:31+00:00","og_image":[{"width":698,"height":572,"url":"https:\/\/memurunsesi.net\/wp-content\/uploads\/2025\/06\/AW474559_01.jpg","type":"image\/jpeg"}],"author":"Memurun Sesi Haber Merkezi","twitter_card":"summary_large_image","twitter_creator":"@unipersen","twitter_site":"@unipersen","twitter_misc":{"Yazan:":"Memurun Sesi Haber Merkezi","Tahmini okuma s\u00fcresi":"1 dakika"},"schema":{"@context":"https:\/\/schema.org","@graph":[{"@type":"Article","@id":"https:\/\/memurunsesi.net\/index.php\/2025\/06\/12\/malatyada-is-makinesi-alev-alev-yandi\/#article","isPartOf":{"@id":"https:\/\/memurunsesi.net\/index.php\/2025\/06\/12\/malatyada-is-makinesi-alev-alev-yandi\/"},"author":{"name":"Memurun Sesi Haber Merkezi","@id":"https:\/\/memurunsesi.net\/#\/schema\/person\/f21c2d73b89f6ee1d80b0a1803e38587"},"headline":"Malatya&#8217;da i\u015f makinesi alev alev yand\u0131","datePublished":"2025-06-12T09:46:31+00:00","mainEntityOfPage":{"@id":"https:\/\/memurunsesi.net\/index.php\/2025\/06\/12\/malatyada-is-makinesi-alev-alev-yandi\/"},"wordCount":128,"commentCount":0,"publisher":{"@id":"https:\/\/memurunsesi.net\/#organization"},"image":{"@id":"https:\/\/memurunsesi.net\/index.php\/2025\/06\/12\/malatyada-is-makinesi-alev-alev-yandi\/#primaryimage"},"thumbnailUrl":"https:\/\/memurunsesi.net\/wp-content\/uploads\/2025\/06\/AW474559_01.jpg","articleSection":["G\u00fcndem"],"inLanguage":"tr","potentialAction":[{"@type":"CommentAction","name":"Comment","target":["https:\/\/memurunsesi.net\/index.php\/2025\/06\/12\/malatyada-is-makinesi-alev-alev-yandi\/#respond"]}]},{"@type":"WebPage","@id":"https:\/\/memurunsesi.net\/index.php\/2025\/06\/12\/malatyada-is-makinesi-alev-alev-yandi\/","url":"https:\/\/memurunsesi.net\/index.php\/2025\/06\/12\/malatyada-is-makinesi-alev-alev-yandi\/","name":"Malatya'da i\u015f makinesi alev alev yand\u0131 - Memurun Sesi","isPartOf":{"@id":"https:\/\/memurunsesi.net\/#website"},"primaryImageOfPage":{"@id":"https:\/\/memurunsesi.net\/index.php\/2025\/06\/12\/malatyada-is-makinesi-alev-alev-yandi\/#primaryimage"},"image":{"@id":"https:\/\/memurunsesi.net\/index.php\/2025\/06\/12\/malatyada-is-makinesi-alev-alev-yandi\/#primaryimage"},"thumbnailUrl":"https:\/\/memurunsesi.net\/wp-content\/uploads\/2025\/06\/AW474559_01.jpg","datePublished":"2025-06-12T09:46:31+00:00","breadcrumb":{"@id":"https:\/\/memurunsesi.net\/index.php\/2025\/06\/12\/malatyada-is-makinesi-alev-alev-yandi\/#breadcrumb"},"inLanguage":"tr","potentialAction":[{"@type":"ReadAction","target":["https:\/\/memurunsesi.net\/index.php\/2025\/06\/12\/malatyada-is-makinesi-alev-alev-yandi\/"]}]},{"@type":"ImageObject","inLanguage":"tr","@id":"https:\/\/memurunsesi.net\/index.php\/2025\/06\/12\/malatyada-is-makinesi-alev-alev-yandi\/#primaryimage","url":"https:\/\/memurunsesi.net\/wp-content\/uploads\/2025\/06\/AW474559_01.jpg","contentUrl":"https:\/\/memurunsesi.net\/wp-content\/uploads\/2025\/06\/AW474559_01.jpg","width":698,"height":572,"caption":"\u0130\u015e MAK\u0130NES\u0130, HEN\u00dcZ B\u0130L\u0130NMEYEN B\u0130R NEDENDEN DOLAYI ALEV ALDI (HASAN ERYILMAZ\/MALATYA-\u0130HA) Malatya'n\u0131n Ak\u00e7ada\u011f il\u00e7esinde bir beton santralinde \u00e7al\u0131\u015fma yapan i\u015f makinesi, hen\u00fcz bilinmeyen bir nedenden dolay\u0131 alev ald\u0131. K\u0131sa s\u00fcrede b\u00fcy\u00fcyen yang\u0131nda ara\u00e7 kullan\u0131lamaz hale geldi."},{"@type":"BreadcrumbList","@id":"https:\/\/memurunsesi.net\/index.php\/2025\/06\/12\/malatyada-is-makinesi-alev-alev-yandi\/#breadcrumb","itemListElement":[{"@type":"ListItem","position":1,"name":"Anasayfa","item":"https:\/\/memurunsesi.net\/"},{"@type":"ListItem","position":2,"name":"Malatya&#8217;da i\u015f makinesi alev alev yand\u0131"}]},{"@type":"WebSite","@id":"https:\/\/memurunsesi.net\/#website","url":"https:\/\/memurunsesi.net\/","name":"Memurun Sesi","description":"G\u00fcncel ve Do\u011fru Haber","publisher":{"@id":"https:\/\/memurunsesi.net\/#organization"},"potentialAction":[{"@type":"SearchAction","target":{"@type":"EntryPoint","urlTemplate":"https:\/\/memurunsesi.net\/?s={search_term_string}"},"query-input":{"@type":"PropertyValueSpecification","valueRequired":true,"valueName":"search_term_string"}}],"inLanguage":"tr"},{"@type":"Organization","@id":"https:\/\/memurunsesi.net\/#organization","name":"Memurun Sesi","url":"https:\/\/memurunsesi.net\/","logo":{"@type":"ImageObject","inLanguage":"tr","@id":"https:\/\/memurunsesi.net\/#\/schema\/logo\/image\/","url":"https:\/\/memurunsesi.net\/wp-content\/uploads\/2025\/11\/cropped-MEMURUN-SESI.png","contentUrl":"https:\/\/memurunsesi.net\/wp-content\/uploads\/2025\/11\/cropped-MEMURUN-SESI.png","width":238,"height":57,"caption":"Memurun Sesi"},"image":{"@id":"https:\/\/memurunsesi.net\/#\/schema\/logo\/image\/"},"sameAs":["https:\/\/www.facebook.com\/unipersen\/?locale=tr_TR","https:\/\/x.com\/unipersen"]},{"@type":"Person","@id":"https:\/\/memurunsesi.net\/#\/schema\/person\/f21c2d73b89f6ee1d80b0a1803e38587","name":"Memurun Sesi Haber Merkezi","image":{"@type":"ImageObject","inLanguage":"tr","@id":"https:\/\/secure.gravatar.com\/avatar\/6cf0505f452ee753f485014986fab09a434671d2b919ee76fc541025c5876a70?s=96&d=mm&r=g","url":"https:\/\/secure.gravatar.com\/avatar\/6cf0505f452ee753f485014986fab09a434671d2b919ee76fc541025c5876a70?s=96&d=mm&r=g","contentUrl":"https:\/\/secure.gravatar.com\/avatar\/6cf0505f452ee753f485014986fab09a434671d2b919ee76fc541025c5876a70?s=96&d=mm&r=g","caption":"Memurun Sesi Haber Merkezi"},"sameAs":["https:\/\/memurunsesi.net"],"url":"https:\/\/memurunsesi.net\/index.php\/author\/uniper\/"}]}},"_links":{"self":[{"href":"https:\/\/memurunsesi.net\/index.php\/wp-json\/wp\/v2\/posts\/7953","targetHints":{"allow":["GET"]}}],"collection":[{"href":"https:\/\/memurunsesi.net\/index.php\/wp-json\/wp\/v2\/posts"}],"about":[{"href":"https:\/\/memurunsesi.net\/index.php\/wp-json\/wp\/v2\/types\/post"}],"author":[{"embeddable":true,"href":"https:\/\/memurunsesi.net\/index.php\/wp-json\/wp\/v2\/users\/1"}],"replies":[{"embeddable":true,"href":"https:\/\/memurunsesi.net\/index.php\/wp-json\/wp\/v2\/comments?post=7953"}],"version-history":[{"count":1,"href":"https:\/\/memurunsesi.net\/index.php\/wp-json\/wp\/v2\/posts\/7953\/revisions"}],"predecessor-version":[{"id":7955,"href":"https:\/\/memurunsesi.net\/index.php\/wp-json\/wp\/v2\/posts\/7953\/revisions\/7955"}],"wp:featuredmedia":[{"embeddable":true,"href":"https:\/\/memurunsesi.net\/index.php\/wp-json\/wp\/v2\/media\/7954"}],"wp:attachment":[{"href":"https:\/\/memurunsesi.net\/index.php\/wp-json\/wp\/v2\/media?parent=7953"}],"wp:term":[{"taxonomy":"category","embeddable":true,"href":"https:\/\/memurunsesi.net\/index.php\/wp-json\/wp\/v2\/categories?post=7953"},{"taxonomy":"post_tag","embeddable":true,"href":"https:\/\/memurunsesi.net\/index.php\/wp-json\/wp\/v2\/tags?post=7953"}],"curies":[{"name":"wp","href":"https:\/\/api.w.org\/{rel}","templated":true}]}}