{"id":7956,"date":"2025-06-13T08:55:11","date_gmt":"2025-06-13T05:55:11","guid":{"rendered":"https:\/\/memurunsesi.net\/?p=7956"},"modified":"2025-06-13T08:55:11","modified_gmt":"2025-06-13T05:55:11","slug":"kutahyada-aci-olay-15-yasindaki-cocuk-silahla-oynarken-ablasini-vurdu","status":"publish","type":"post","link":"https:\/\/memurunsesi.net\/index.php\/2025\/06\/13\/kutahyada-aci-olay-15-yasindaki-cocuk-silahla-oynarken-ablasini-vurdu\/","title":{"rendered":"K\u00fctahya&#8217;da ac\u0131 olay: 15 ya\u015f\u0131ndaki \u00e7ocuk, silahla oynarken ablas\u0131n\u0131 vurdu"},"content":{"rendered":"<p>\n <div style=\"width: 512px;\" class=\"wp-video\"><video class=\"wp-video-shortcode\" id=\"video-7956-1\" width=\"512\" height=\"288\" preload=\"metadata\" controls=\"controls\"><source type=\"video\/mp4\" src=\"https:\/\/memurunsesi.net\/wp-content\/uploads\/2025\/06\/95BDBC21-2A7A-48A0-9006-F1738D8B6663.mp4?_=1\" \/><a href=\"https:\/\/memurunsesi.net\/wp-content\/uploads\/2025\/06\/95BDBC21-2A7A-48A0-9006-F1738D8B6663.mp4\">https:\/\/memurunsesi.net\/wp-content\/uploads\/2025\/06\/95BDBC21-2A7A-48A0-9006-F1738D8B6663.mp4<\/a><\/video><\/div> K\u00fctahya&#8217;n\u0131n Tav\u015fanl\u0131 il\u00e7esinde silahla oynayan 15 ya\u015f\u0131ndaki erkek karde\u015f, ablas\u0131n\u0131 yanl\u0131\u015fl\u0131kla vurarak \u00f6l\u00fcm\u00fcne neden oldu.<br \/>\nEdinilen bilgilere g\u00f6re Bursa&#8217;da \u00e7al\u0131\u015fan Y.Y. (23), sal\u0131 ak\u015fam\u0131 ailesini ziyaret etmek i\u00e7in Moymul Mahallesi Huzur Caddesi&#8217;ndeki ikametine geldi. \u0130ddialara g\u00f6re, Y.Y. eve geldi\u011finde silah\u0131n\u0131 masan\u0131n \u00fczerine b\u0131rakt\u0131. Bu s\u0131rada 15 ya\u015f\u0131ndaki k\u00fc\u00e7\u00fck karde\u015fi O.Y., masan\u0131n \u00fczerindeki tabancay\u0131 alarak mutfakta bulunan ablas\u0131 Nisanur Yak\u0131n&#8217;a (19) yanl\u0131\u015fl\u0131kla ate\u015f etti. Silah sesini duyan aile bireyleri, Nisanur Yak\u0131n&#8217;\u0131 kanlar i\u00e7inde buldu. Olay yerinde hayat\u0131n\u0131 kaybeden Nisanur Yak\u0131n savc\u0131l\u0131k incelemesinin ard\u0131ndan Tav\u015fanl\u0131 Do\u00e7. Dr. Mustafa Kalemli Devlet Hastane morguna kald\u0131r\u0131ld\u0131.<br \/>\nOlayla ilgili soru\u015fturma ba\u015flat\u0131ld\u0131.                                         <\/p>\n","protected":false},"excerpt":{"rendered":"<p>K\u00fctahya&#8217;n\u0131n Tav\u015fanl\u0131 il\u00e7esinde silahla oynayan 15 ya\u015f\u0131ndaki erkek karde\u015f, ablas\u0131n\u0131 yanl\u0131\u015fl\u0131kla vurarak \u00f6l\u00fcm\u00fcne neden oldu. Edinilen bilgilere g\u00f6re Bursa&#8217;da \u00e7al\u0131\u015fan Y.Y. (23), sal\u0131 ak\u015fam\u0131 ailesini ziyaret etmek i\u00e7in Moymul Mahallesi Huzur Caddesi&#8217;ndeki ikametine geldi. \u0130ddialara g\u00f6re, Y.Y. eve geldi\u011finde silah\u0131n\u0131 masan\u0131n \u00fczerine b\u0131rakt\u0131. Bu s\u0131rada 15 ya\u015f\u0131ndaki k\u00fc\u00e7\u00fck karde\u015fi O.Y., masan\u0131n \u00fczerindeki tabancay\u0131 alarak mutfakta [&hellip;]<\/p>\n","protected":false},"author":1,"featured_media":0,"comment_status":"open","ping_status":"open","sticky":false,"template":"","format":"standard","meta":{"footnotes":""},"categories":[45],"tags":[],"class_list":["post-7956","post","type-post","status-publish","format-standard","hentry","category-gundem"],"yoast_head":"<!-- This site is optimized with the Yoast SEO plugin v27.4 - https:\/\/yoast.com\/product\/yoast-seo-wordpress\/ -->\n<title>K\u00fctahya&#039;da ac\u0131 olay: 15 ya\u015f\u0131ndaki \u00e7ocuk, silahla oynarken ablas\u0131n\u0131 vurdu - Memurun Sesi<\/title>\n<meta name=\"robots\" content=\"index, follow, max-snippet:-1, max-image-preview:large, max-video-preview:-1\" \/>\n<link rel=\"canonical\" href=\"https:\/\/memurunsesi.net\/index.php\/2025\/06\/13\/kutahyada-aci-olay-15-yasindaki-cocuk-silahla-oynarken-ablasini-vurdu\/\" \/>\n<meta property=\"og:locale\" content=\"tr_TR\" \/>\n<meta property=\"og:type\" content=\"article\" \/>\n<meta property=\"og:title\" content=\"K\u00fctahya&#039;da ac\u0131 olay: 15 ya\u015f\u0131ndaki \u00e7ocuk, silahla oynarken ablas\u0131n\u0131 vurdu - Memurun Sesi\" \/>\n<meta property=\"og:description\" content=\"K\u00fctahya&#8217;n\u0131n Tav\u015fanl\u0131 il\u00e7esinde silahla oynayan 15 ya\u015f\u0131ndaki erkek karde\u015f, ablas\u0131n\u0131 yanl\u0131\u015fl\u0131kla vurarak \u00f6l\u00fcm\u00fcne neden oldu. Edinilen bilgilere g\u00f6re Bursa&#8217;da \u00e7al\u0131\u015fan Y.Y. (23), sal\u0131 ak\u015fam\u0131 ailesini ziyaret etmek i\u00e7in Moymul Mahallesi Huzur Caddesi&#8217;ndeki ikametine geldi. \u0130ddialara g\u00f6re, Y.Y. eve geldi\u011finde silah\u0131n\u0131 masan\u0131n \u00fczerine b\u0131rakt\u0131. Bu s\u0131rada 15 ya\u015f\u0131ndaki k\u00fc\u00e7\u00fck karde\u015fi O.Y., masan\u0131n \u00fczerindeki tabancay\u0131 alarak mutfakta [&hellip;]\" \/>\n<meta property=\"og:url\" content=\"https:\/\/memurunsesi.net\/index.php\/2025\/06\/13\/kutahyada-aci-olay-15-yasindaki-cocuk-silahla-oynarken-ablasini-vurdu\/\" \/>\n<meta property=\"og:site_name\" content=\"Memurun Sesi\" \/>\n<meta property=\"article:publisher\" content=\"https:\/\/www.facebook.com\/unipersen\/?locale=tr_TR\" \/>\n<meta property=\"article:published_time\" content=\"2025-06-13T05:55:11+00:00\" \/>\n<meta name=\"author\" content=\"Memurun Sesi Haber Merkezi\" \/>\n<meta name=\"twitter:card\" content=\"summary_large_image\" \/>\n<meta name=\"twitter:creator\" content=\"@unipersen\" \/>\n<meta name=\"twitter:site\" content=\"@unipersen\" \/>\n<meta name=\"twitter:label1\" content=\"Yazan:\" \/>\n\t<meta name=\"twitter:data1\" content=\"Memurun Sesi Haber Merkezi\" \/>\n<script type=\"application\/ld+json\" class=\"yoast-schema-graph\">{\"@context\":\"https:\\\/\\\/schema.org\",\"@graph\":[{\"@type\":\"Article\",\"@id\":\"https:\\\/\\\/memurunsesi.net\\\/index.php\\\/2025\\\/06\\\/13\\\/kutahyada-aci-olay-15-yasindaki-cocuk-silahla-oynarken-ablasini-vurdu\\\/#article\",\"isPartOf\":{\"@id\":\"https:\\\/\\\/memurunsesi.net\\\/index.php\\\/2025\\\/06\\\/13\\\/kutahyada-aci-olay-15-yasindaki-cocuk-silahla-oynarken-ablasini-vurdu\\\/\"},\"author\":{\"name\":\"Memurun Sesi Haber Merkezi\",\"@id\":\"https:\\\/\\\/memurunsesi.net\\\/#\\\/schema\\\/person\\\/f21c2d73b89f6ee1d80b0a1803e38587\"},\"headline\":\"K\u00fctahya&#8217;da ac\u0131 olay: 15 ya\u015f\u0131ndaki \u00e7ocuk, silahla oynarken ablas\u0131n\u0131 vurdu\",\"datePublished\":\"2025-06-13T05:55:11+00:00\",\"mainEntityOfPage\":{\"@id\":\"https:\\\/\\\/memurunsesi.net\\\/index.php\\\/2025\\\/06\\\/13\\\/kutahyada-aci-olay-15-yasindaki-cocuk-silahla-oynarken-ablasini-vurdu\\\/\"},\"wordCount\":171,\"commentCount\":0,\"publisher\":{\"@id\":\"https:\\\/\\\/memurunsesi.net\\\/#organization\"},\"articleSection\":[\"G\u00fcndem\"],\"inLanguage\":\"tr\",\"potentialAction\":[{\"@type\":\"CommentAction\",\"name\":\"Comment\",\"target\":[\"https:\\\/\\\/memurunsesi.net\\\/index.php\\\/2025\\\/06\\\/13\\\/kutahyada-aci-olay-15-yasindaki-cocuk-silahla-oynarken-ablasini-vurdu\\\/#respond\"]}]},{\"@type\":\"WebPage\",\"@id\":\"https:\\\/\\\/memurunsesi.net\\\/index.php\\\/2025\\\/06\\\/13\\\/kutahyada-aci-olay-15-yasindaki-cocuk-silahla-oynarken-ablasini-vurdu\\\/\",\"url\":\"https:\\\/\\\/memurunsesi.net\\\/index.php\\\/2025\\\/06\\\/13\\\/kutahyada-aci-olay-15-yasindaki-cocuk-silahla-oynarken-ablasini-vurdu\\\/\",\"name\":\"K\u00fctahya'da ac\u0131 olay: 15 ya\u015f\u0131ndaki \u00e7ocuk, silahla oynarken ablas\u0131n\u0131 vurdu - Memurun Sesi\",\"isPartOf\":{\"@id\":\"https:\\\/\\\/memurunsesi.net\\\/#website\"},\"datePublished\":\"2025-06-13T05:55:11+00:00\",\"breadcrumb\":{\"@id\":\"https:\\\/\\\/memurunsesi.net\\\/index.php\\\/2025\\\/06\\\/13\\\/kutahyada-aci-olay-15-yasindaki-cocuk-silahla-oynarken-ablasini-vurdu\\\/#breadcrumb\"},\"inLanguage\":\"tr\",\"potentialAction\":[{\"@type\":\"ReadAction\",\"target\":[\"https:\\\/\\\/memurunsesi.net\\\/index.php\\\/2025\\\/06\\\/13\\\/kutahyada-aci-olay-15-yasindaki-cocuk-silahla-oynarken-ablasini-vurdu\\\/\"]}]},{\"@type\":\"BreadcrumbList\",\"@id\":\"https:\\\/\\\/memurunsesi.net\\\/index.php\\\/2025\\\/06\\\/13\\\/kutahyada-aci-olay-15-yasindaki-cocuk-silahla-oynarken-ablasini-vurdu\\\/#breadcrumb\",\"itemListElement\":[{\"@type\":\"ListItem\",\"position\":1,\"name\":\"Anasayfa\",\"item\":\"https:\\\/\\\/memurunsesi.net\\\/\"},{\"@type\":\"ListItem\",\"position\":2,\"name\":\"K\u00fctahya&#8217;da ac\u0131 olay: 15 ya\u015f\u0131ndaki \u00e7ocuk, silahla oynarken ablas\u0131n\u0131 vurdu\"}]},{\"@type\":\"WebSite\",\"@id\":\"https:\\\/\\\/memurunsesi.net\\\/#website\",\"url\":\"https:\\\/\\\/memurunsesi.net\\\/\",\"name\":\"Memurun Sesi\",\"description\":\"G\u00fcncel ve Do\u011fru Haber\",\"publisher\":{\"@id\":\"https:\\\/\\\/memurunsesi.net\\\/#organization\"},\"potentialAction\":[{\"@type\":\"SearchAction\",\"target\":{\"@type\":\"EntryPoint\",\"urlTemplate\":\"https:\\\/\\\/memurunsesi.net\\\/?s={search_term_string}\"},\"query-input\":{\"@type\":\"PropertyValueSpecification\",\"valueRequired\":true,\"valueName\":\"search_term_string\"}}],\"inLanguage\":\"tr\"},{\"@type\":\"Organization\",\"@id\":\"https:\\\/\\\/memurunsesi.net\\\/#organization\",\"name\":\"Memurun Sesi\",\"url\":\"https:\\\/\\\/memurunsesi.net\\\/\",\"logo\":{\"@type\":\"ImageObject\",\"inLanguage\":\"tr\",\"@id\":\"https:\\\/\\\/memurunsesi.net\\\/#\\\/schema\\\/logo\\\/image\\\/\",\"url\":\"https:\\\/\\\/memurunsesi.net\\\/wp-content\\\/uploads\\\/2025\\\/11\\\/cropped-MEMURUN-SESI.png\",\"contentUrl\":\"https:\\\/\\\/memurunsesi.net\\\/wp-content\\\/uploads\\\/2025\\\/11\\\/cropped-MEMURUN-SESI.png\",\"width\":238,\"height\":57,\"caption\":\"Memurun Sesi\"},\"image\":{\"@id\":\"https:\\\/\\\/memurunsesi.net\\\/#\\\/schema\\\/logo\\\/image\\\/\"},\"sameAs\":[\"https:\\\/\\\/www.facebook.com\\\/unipersen\\\/?locale=tr_TR\",\"https:\\\/\\\/x.com\\\/unipersen\"]},{\"@type\":\"Person\",\"@id\":\"https:\\\/\\\/memurunsesi.net\\\/#\\\/schema\\\/person\\\/f21c2d73b89f6ee1d80b0a1803e38587\",\"name\":\"Memurun Sesi Haber Merkezi\",\"image\":{\"@type\":\"ImageObject\",\"inLanguage\":\"tr\",\"@id\":\"https:\\\/\\\/secure.gravatar.com\\\/avatar\\\/6cf0505f452ee753f485014986fab09a434671d2b919ee76fc541025c5876a70?s=96&d=mm&r=g\",\"url\":\"https:\\\/\\\/secure.gravatar.com\\\/avatar\\\/6cf0505f452ee753f485014986fab09a434671d2b919ee76fc541025c5876a70?s=96&d=mm&r=g\",\"contentUrl\":\"https:\\\/\\\/secure.gravatar.com\\\/avatar\\\/6cf0505f452ee753f485014986fab09a434671d2b919ee76fc541025c5876a70?s=96&d=mm&r=g\",\"caption\":\"Memurun Sesi Haber Merkezi\"},\"sameAs\":[\"https:\\\/\\\/memurunsesi.net\"],\"url\":\"https:\\\/\\\/memurunsesi.net\\\/index.php\\\/author\\\/uniper\\\/\"}]}<\/script>\n<!-- \/ Yoast SEO plugin. -->","yoast_head_json":{"title":"K\u00fctahya'da ac\u0131 olay: 15 ya\u015f\u0131ndaki \u00e7ocuk, silahla oynarken ablas\u0131n\u0131 vurdu - Memurun Sesi","robots":{"index":"index","follow":"follow","max-snippet":"max-snippet:-1","max-image-preview":"max-image-preview:large","max-video-preview":"max-video-preview:-1"},"canonical":"https:\/\/memurunsesi.net\/index.php\/2025\/06\/13\/kutahyada-aci-olay-15-yasindaki-cocuk-silahla-oynarken-ablasini-vurdu\/","og_locale":"tr_TR","og_type":"article","og_title":"K\u00fctahya'da ac\u0131 olay: 15 ya\u015f\u0131ndaki \u00e7ocuk, silahla oynarken ablas\u0131n\u0131 vurdu - Memurun Sesi","og_description":"K\u00fctahya&#8217;n\u0131n Tav\u015fanl\u0131 il\u00e7esinde silahla oynayan 15 ya\u015f\u0131ndaki erkek karde\u015f, ablas\u0131n\u0131 yanl\u0131\u015fl\u0131kla vurarak \u00f6l\u00fcm\u00fcne neden oldu. Edinilen bilgilere g\u00f6re Bursa&#8217;da \u00e7al\u0131\u015fan Y.Y. (23), sal\u0131 ak\u015fam\u0131 ailesini ziyaret etmek i\u00e7in Moymul Mahallesi Huzur Caddesi&#8217;ndeki ikametine geldi. \u0130ddialara g\u00f6re, Y.Y. eve geldi\u011finde silah\u0131n\u0131 masan\u0131n \u00fczerine b\u0131rakt\u0131. Bu s\u0131rada 15 ya\u015f\u0131ndaki k\u00fc\u00e7\u00fck karde\u015fi O.Y., masan\u0131n \u00fczerindeki tabancay\u0131 alarak mutfakta [&hellip;]","og_url":"https:\/\/memurunsesi.net\/index.php\/2025\/06\/13\/kutahyada-aci-olay-15-yasindaki-cocuk-silahla-oynarken-ablasini-vurdu\/","og_site_name":"Memurun Sesi","article_publisher":"https:\/\/www.facebook.com\/unipersen\/?locale=tr_TR","article_published_time":"2025-06-13T05:55:11+00:00","author":"Memurun Sesi Haber Merkezi","twitter_card":"summary_large_image","twitter_creator":"@unipersen","twitter_site":"@unipersen","twitter_misc":{"Yazan:":"Memurun Sesi Haber Merkezi"},"schema":{"@context":"https:\/\/schema.org","@graph":[{"@type":"Article","@id":"https:\/\/memurunsesi.net\/index.php\/2025\/06\/13\/kutahyada-aci-olay-15-yasindaki-cocuk-silahla-oynarken-ablasini-vurdu\/#article","isPartOf":{"@id":"https:\/\/memurunsesi.net\/index.php\/2025\/06\/13\/kutahyada-aci-olay-15-yasindaki-cocuk-silahla-oynarken-ablasini-vurdu\/"},"author":{"name":"Memurun Sesi Haber Merkezi","@id":"https:\/\/memurunsesi.net\/#\/schema\/person\/f21c2d73b89f6ee1d80b0a1803e38587"},"headline":"K\u00fctahya&#8217;da ac\u0131 olay: 15 ya\u015f\u0131ndaki \u00e7ocuk, silahla oynarken ablas\u0131n\u0131 vurdu","datePublished":"2025-06-13T05:55:11+00:00","mainEntityOfPage":{"@id":"https:\/\/memurunsesi.net\/index.php\/2025\/06\/13\/kutahyada-aci-olay-15-yasindaki-cocuk-silahla-oynarken-ablasini-vurdu\/"},"wordCount":171,"commentCount":0,"publisher":{"@id":"https:\/\/memurunsesi.net\/#organization"},"articleSection":["G\u00fcndem"],"inLanguage":"tr","potentialAction":[{"@type":"CommentAction","name":"Comment","target":["https:\/\/memurunsesi.net\/index.php\/2025\/06\/13\/kutahyada-aci-olay-15-yasindaki-cocuk-silahla-oynarken-ablasini-vurdu\/#respond"]}]},{"@type":"WebPage","@id":"https:\/\/memurunsesi.net\/index.php\/2025\/06\/13\/kutahyada-aci-olay-15-yasindaki-cocuk-silahla-oynarken-ablasini-vurdu\/","url":"https:\/\/memurunsesi.net\/index.php\/2025\/06\/13\/kutahyada-aci-olay-15-yasindaki-cocuk-silahla-oynarken-ablasini-vurdu\/","name":"K\u00fctahya'da ac\u0131 olay: 15 ya\u015f\u0131ndaki \u00e7ocuk, silahla oynarken ablas\u0131n\u0131 vurdu - Memurun Sesi","isPartOf":{"@id":"https:\/\/memurunsesi.net\/#website"},"datePublished":"2025-06-13T05:55:11+00:00","breadcrumb":{"@id":"https:\/\/memurunsesi.net\/index.php\/2025\/06\/13\/kutahyada-aci-olay-15-yasindaki-cocuk-silahla-oynarken-ablasini-vurdu\/#breadcrumb"},"inLanguage":"tr","potentialAction":[{"@type":"ReadAction","target":["https:\/\/memurunsesi.net\/index.php\/2025\/06\/13\/kutahyada-aci-olay-15-yasindaki-cocuk-silahla-oynarken-ablasini-vurdu\/"]}]},{"@type":"BreadcrumbList","@id":"https:\/\/memurunsesi.net\/index.php\/2025\/06\/13\/kutahyada-aci-olay-15-yasindaki-cocuk-silahla-oynarken-ablasini-vurdu\/#breadcrumb","itemListElement":[{"@type":"ListItem","position":1,"name":"Anasayfa","item":"https:\/\/memurunsesi.net\/"},{"@type":"ListItem","position":2,"name":"K\u00fctahya&#8217;da ac\u0131 olay: 15 ya\u015f\u0131ndaki \u00e7ocuk, silahla oynarken ablas\u0131n\u0131 vurdu"}]},{"@type":"WebSite","@id":"https:\/\/memurunsesi.net\/#website","url":"https:\/\/memurunsesi.net\/","name":"Memurun Sesi","description":"G\u00fcncel ve Do\u011fru Haber","publisher":{"@id":"https:\/\/memurunsesi.net\/#organization"},"potentialAction":[{"@type":"SearchAction","target":{"@type":"EntryPoint","urlTemplate":"https:\/\/memurunsesi.net\/?s={search_term_string}"},"query-input":{"@type":"PropertyValueSpecification","valueRequired":true,"valueName":"search_term_string"}}],"inLanguage":"tr"},{"@type":"Organization","@id":"https:\/\/memurunsesi.net\/#organization","name":"Memurun Sesi","url":"https:\/\/memurunsesi.net\/","logo":{"@type":"ImageObject","inLanguage":"tr","@id":"https:\/\/memurunsesi.net\/#\/schema\/logo\/image\/","url":"https:\/\/memurunsesi.net\/wp-content\/uploads\/2025\/11\/cropped-MEMURUN-SESI.png","contentUrl":"https:\/\/memurunsesi.net\/wp-content\/uploads\/2025\/11\/cropped-MEMURUN-SESI.png","width":238,"height":57,"caption":"Memurun Sesi"},"image":{"@id":"https:\/\/memurunsesi.net\/#\/schema\/logo\/image\/"},"sameAs":["https:\/\/www.facebook.com\/unipersen\/?locale=tr_TR","https:\/\/x.com\/unipersen"]},{"@type":"Person","@id":"https:\/\/memurunsesi.net\/#\/schema\/person\/f21c2d73b89f6ee1d80b0a1803e38587","name":"Memurun Sesi Haber Merkezi","image":{"@type":"ImageObject","inLanguage":"tr","@id":"https:\/\/secure.gravatar.com\/avatar\/6cf0505f452ee753f485014986fab09a434671d2b919ee76fc541025c5876a70?s=96&d=mm&r=g","url":"https:\/\/secure.gravatar.com\/avatar\/6cf0505f452ee753f485014986fab09a434671d2b919ee76fc541025c5876a70?s=96&d=mm&r=g","contentUrl":"https:\/\/secure.gravatar.com\/avatar\/6cf0505f452ee753f485014986fab09a434671d2b919ee76fc541025c5876a70?s=96&d=mm&r=g","caption":"Memurun Sesi Haber Merkezi"},"sameAs":["https:\/\/memurunsesi.net"],"url":"https:\/\/memurunsesi.net\/index.php\/author\/uniper\/"}]}},"_links":{"self":[{"href":"https:\/\/memurunsesi.net\/index.php\/wp-json\/wp\/v2\/posts\/7956","targetHints":{"allow":["GET"]}}],"collection":[{"href":"https:\/\/memurunsesi.net\/index.php\/wp-json\/wp\/v2\/posts"}],"about":[{"href":"https:\/\/memurunsesi.net\/index.php\/wp-json\/wp\/v2\/types\/post"}],"author":[{"embeddable":true,"href":"https:\/\/memurunsesi.net\/index.php\/wp-json\/wp\/v2\/users\/1"}],"replies":[{"embeddable":true,"href":"https:\/\/memurunsesi.net\/index.php\/wp-json\/wp\/v2\/comments?post=7956"}],"version-history":[{"count":1,"href":"https:\/\/memurunsesi.net\/index.php\/wp-json\/wp\/v2\/posts\/7956\/revisions"}],"predecessor-version":[{"id":7958,"href":"https:\/\/memurunsesi.net\/index.php\/wp-json\/wp\/v2\/posts\/7956\/revisions\/7958"}],"wp:attachment":[{"href":"https:\/\/memurunsesi.net\/index.php\/wp-json\/wp\/v2\/media?parent=7956"}],"wp:term":[{"taxonomy":"category","embeddable":true,"href":"https:\/\/memurunsesi.net\/index.php\/wp-json\/wp\/v2\/categories?post=7956"},{"taxonomy":"post_tag","embeddable":true,"href":"https:\/\/memurunsesi.net\/index.php\/wp-json\/wp\/v2\/tags?post=7956"}],"curies":[{"name":"wp","href":"https:\/\/api.w.org\/{rel}","templated":true}]}}