{"id":7959,"date":"2025-06-13T10:39:20","date_gmt":"2025-06-13T07:39:20","guid":{"rendered":"https:\/\/memurunsesi.net\/?p=7959"},"modified":"2025-06-13T10:39:20","modified_gmt":"2025-06-13T07:39:20","slug":"ilk-esinin-kendini-astigini-iddia-etmisti-ikinci-esi-de-ayni-sekilde-olu-bulunan-sanigin-10-yil-hapsine-hukmedildi","status":"publish","type":"post","link":"https:\/\/memurunsesi.net\/index.php\/2025\/06\/13\/ilk-esinin-kendini-astigini-iddia-etmisti-ikinci-esi-de-ayni-sekilde-olu-bulunan-sanigin-10-yil-hapsine-hukmedildi\/","title":{"rendered":"\u0130lk e\u015finin kendini ast\u0131\u011f\u0131n\u0131 iddia etmi\u015fti, ikinci e\u015fi de ayn\u0131 \u015fekilde \u00f6l\u00fc bulunan san\u0131\u011f\u0131n 10 y\u0131l hapsine h\u00fckmedildi"},"content":{"rendered":"<p>   Bak\u0131rk\u00f6y\u2019de 2023 y\u0131l\u0131nda bir ipe as\u0131l\u0131 \u015fekilde bulunan Vesile Bing\u00f6l\u2019\u00fcn \u00f6l\u00fcm\u00fcne ili\u015fkin e\u015fi \u0130smet Bing\u00f6l\u2019\u00fcn yarg\u0131land\u0131\u011f\u0131 davada karar a\u00e7\u0131kland\u0131. Mahkeme heyeti, san\u0131k Bing\u00f6l&#8217;\u00fcn 10 y\u0131l hapisle cezaland\u0131r\u0131lmas\u0131na karar verdi.<br \/>\n  Bak\u0131rk\u00f6y\u2019de 24 Temmuz 2023\u2019te meydana gelen olayda Vesile Bing\u00f6l, e\u015fi ile ya\u015fad\u0131\u011f\u0131 evde bir ipe as\u0131l\u0131 \u015fekilde \u00f6l\u00fc bulunmu\u015ftu. Olaya ili\u015fkin Bak\u0131rk\u00f6y Cumhuriyet Ba\u015fsavc\u0131l\u0131\u011f\u0131 taraf\u0131ndan y\u00fcr\u00fct\u00fclen soru\u015fturma tamamlanarak iddianame haz\u0131rlanm\u0131\u015ft\u0131. \u0130ddianamede Vesile Bing\u00f6l\u2019\u00fcn e\u015fi \u0130smet Bing\u00f6l hakk\u0131nda \u2018kasten \u00f6ld\u00fcrme\u2019 su\u00e7undan dava a\u00e7\u0131lmazken \u2018intihara y\u00f6nlendirme\u2019 su\u00e7undan 4 y\u0131ldan 10 y\u0131la kadar, \u2018e\u015fe kar\u015f\u0131 eziyet\u2019 su\u00e7undan ise 3 y\u0131ldan 8 y\u0131la kadar hapisle cezaland\u0131r\u0131lmas\u0131 talep edilmi\u015fti. \u00d6te yandan iddianamede \u0130smet Bing\u00f6l hakk\u0131nda ilk e\u015finin \u00f6l\u00fcm\u00fcne ili\u015fkin somut bir neden bulunamad\u0131\u011f\u0131ndan beraat karar\u0131 verildi\u011fi ifade edilmi\u015fti. Tutuksuz san\u0131k \u0130smet Bing\u00f6l\u2019\u00fcn yarg\u0131land\u0131\u011f\u0131 davan\u0131n karar duru\u015fmas\u0131 g\u00f6r\u00fcld\u00fc.<br \/>\n  Bak\u0131rk\u00f6y 4. A\u011f\u0131r Ceza Mahkemesi\u2019nde g\u00f6r\u00fclen duru\u015fmada tutuksuz san\u0131k \u0130smet Bing\u00f6l SEGB\u0130S sistemi ile haz\u0131r edildi. Duru\u015fmaya maktul Vesile Bing\u00f6l\u2019\u00fcn ailesi de kat\u0131ld\u0131. Duru\u015fmada son s\u00f6z\u00fc sorulan san\u0131k \u0130smet Bing\u00f6l, &#8220;Hayat\u0131n\u0131 \u00e7ocuklar\u0131na adam\u0131\u015f bir babay\u0131m. Adalete g\u00fcveniyorum. Su\u00e7lamalar\u0131 kabul etmiyorum&#8221; dedi. Karar\u0131n\u0131 a\u00e7\u0131klayan mahkeme heyeti, san\u0131k \u0130smet Bing\u00f6l&#8217;\u00fcn \u2018intihara y\u00f6nlendirme\u2019 ve \u2018eziyet\u2019 su\u00e7lar\u0131ndan toplam 10 y\u0131l hapisle cezaland\u0131r\u0131lmas\u0131na karar verdi. San\u0131\u011f\u0131n h\u00fck\u00fcmle birlikte tutuklanmas\u0131 talebini reddeden mahkeme, \u0130smet Bing\u00f6l hakk\u0131ndaki adli kontrol \u015fart\u0131n\u0131n devam\u0131na h\u00fckmetti. <\/p>\n<p>  \u0130ddianameden<br \/>\n  Bak\u0131rk\u00f6y Cumhuriyet Ba\u015fsavc\u0131l\u0131\u011f\u0131 taraf\u0131ndan haz\u0131rlanan iddianamede 24 Temmuz 2023 g\u00fcn\u00fc Bak\u0131rk\u00f6y\u2019de kolluk birimlerine intihar ihbar\u0131n\u0131n ula\u015ft\u0131\u011f\u0131 ve polislerin olay yerine gitti\u011fi aktar\u0131ld\u0131. Hayat\u0131n\u0131 kaybeden Vesile Bing\u00f6l\u2019\u00fcn \u00f6l\u00fc bir \u015fekilde ambulansa bindirildi\u011fi de iddianamede kaydedildi. \u0130ddianamede ifadesine yer verilen ve ablas\u0131 Vesile Bing\u00f6l ile ayn\u0131 apartmanda oturan \u015eaban A. &#8220;\u0130smet Bing\u00f6l olay g\u00fcn\u00fc sabah saatlerinde \u2018\u015eaban ko\u015f ko\u015f\u2019 diye ba\u011f\u0131rd\u0131. Karde\u015fim yerde yatar haldeydi. Televizyonun sesi fazlaca y\u00fcksekti. \u0130smet Bing\u00f6l tamamen giyinikti ev haliyle de\u011fildi. \u0130smet Bing\u00f6l ilk e\u015fini \u00f6ld\u00fcrmekten cezaevine girdi. Vesile\u2019ye zaman zaman \u015fiddet uygulard\u0131&#8221; dedi. \u0130ddianamede, \u0130smet Bing\u00f6l\u2019\u00fcn ilk e\u015finin \u00f6l\u00fcm\u00fc ile yarg\u0131lama s\u00fcreci de aktar\u0131ld\u0131. \u0130ddianamede &#8220;\u0130smet Bing\u00f6l\u2019\u00fcn t\u0131pk\u0131 bu olayda oldu\u011fu gibi sabah uyand\u0131\u011f\u0131nda vefat eden ilk e\u015fi ile tart\u0131\u015ft\u0131\u011f\u0131n\u0131 ve t\u0131pk\u0131 bu olayda oldu\u011fu gibi e\u015finin ba\u015fka odaya ge\u00e7erek intihar etti\u011fini s\u00f6yledi\u011fi, yine t\u0131pk\u0131 bu olayda oldu\u011fu gibi e\u015fini g\u00f6r\u00fcnce sinir krizi ge\u00e7irdi\u011fini ve yak\u0131nlar\u0131na seslendi\u011fini, t\u0131pk\u0131 bu olayda oldu\u011fu gibi vefat edenin intihar etmesi i\u00e7in somut bir neden bulunamad\u0131\u011f\u0131 ve \u0130smet Bing\u00f6l hakk\u0131nda beraat karar\u0131 verildi\u011fi&#8221; ifadelerine yer verildi. \u00d6te yandan evde yap\u0131lan incelemelerde Vesile Bing\u00f6l\u2019\u00fcn kendini ast\u0131\u011f\u0131 ipin d\u00fc\u011f\u00fcm\u00fcn\u00fcn gev\u015fek oldu\u011fu ve as\u0131lma durumunda d\u00fc\u011f\u00fcmlerin s\u0131k\u0131 hale gelmesi gerekti\u011fi belirtildi. Adli T\u0131p Kurumu taraf\u0131ndan haz\u0131rlanan raporda ise Vesile Bing\u00f6l\u2019\u00fcn as\u0131lma d\u0131\u015f\u0131nda \u00f6l\u00fcm ger\u00e7ekle\u015fti\u011fine dair t\u0131bbi bir delil bulunmad\u0131\u011f\u0131 kaydedildi. \u0130ddianamede Vesile Bing\u00f6l\u2019\u00fcn kendini asmad\u0131\u011f\u0131 ancak e\u015fi taraf\u0131ndan olaya intihar s\u00fcs\u00fc verdi\u011fi iddias\u0131n\u0131n olu\u015ftu\u011fu belirtilerek &#8220;Ancak nihayetinde bilimsel ve aksi sabit olmayan Adli T\u0131p Kurumu raporu ile bilirki\u015fi raporunda \u2018vefat edenin as\u0131 \u015feklinde intihar\u0131\u2019 olarak ortaya konuldu\u011fu&#8221; belirtildi. Cumhuriyet savc\u0131s\u0131, \u0130smet Bing\u00f6l\u2019\u00fcn ilk e\u015finden sonra ikinci e\u015fini de \u00f6ld\u00fcrd\u00fc\u011f\u00fcne dair somut bir delile ula\u015f\u0131lamad\u0131\u011f\u0131n\u0131 ve ikinci e\u015fi olan Vesile Bing\u00f6l\u2019\u00fcn de intihar etti\u011finin kabul\u00fcn\u00fcn gerekti\u011fini a\u00e7\u0131klad\u0131. San\u0131k \u0130smet Bing\u00f6l hakk\u0131nda bu nedenle \u2018kasten \u00f6ld\u00fcrme\u2019 su\u00e7undan kovu\u015fturmaya yer olmad\u0131\u011f\u0131na dair karar verildi. \u0130ddianamede \u0130smet Bing\u00f6l\u2019\u00fcn e\u015fi Vesile Bing\u00f6l\u2019e y\u00f6nelik gurur k\u0131r\u0131c\u0131 eylemlerde bulundu\u011fu, fiziksel ve psikolojik \u015fiddet uygulad\u0131\u011f\u0131, uyu\u015fturucu kullanmas\u0131n\u0131n etkisi ile Vesile Bing\u00f6l\u2019\u00fcn hayat\u0131n\u0131 temelinden sarst\u0131\u011f\u0131 ve evden d\u0131\u015far\u0131 \u00e7\u0131kmas\u0131na izin vermedi\u011fi kaydedildi. Cumhuriyet savc\u0131s\u0131 \u0130smet Bing\u00f6l\u2019\u00fcn ilk e\u015finin de intihar etti\u011finin iddia edildi\u011fini belirterek, amac\u0131n\u0131n ilk e\u015finde oldu\u011fu gibi Vesile Bing\u00f6l\u2019\u00fc intihar etmeye s\u00fcr\u00fcklemek oldu\u011funu a\u00e7\u0131klad\u0131. Savc\u0131, Vesile Bing\u00f6l\u2019\u00fcn hi\u00e7bir sebep yokken aldatma ithamlar\u0131na maruz b\u0131rak\u0131ld\u0131\u011f\u0131n\u0131 da belirterek &#8221; \u0130smet Bing\u00f6l\u2019\u00fcn e\u015finin vefat etmesini istedi\u011fi ve bu ruh haline s\u00fcr\u00fckledi\u011fi, eziyet i\u00e7eren sistematik eylemleri ile ayn\u0131 zamanda intihara y\u00f6nlendirdi\u011fi&#8221; ifadelerine yer verdi. \u0130smet Bing\u00f6l hakk\u0131nda \u2018kasten \u00f6ld\u00fcrme\u2019 su\u00e7undan dava a\u00e7\u0131lmazken \u2018intihara y\u00f6nlendirme\u2019 su\u00e7undan 4 y\u0131ldan 10 y\u0131la kadar, \u2018e\u015fe kar\u015f\u0131 eziyet\u2019 su\u00e7undan ise 3 y\u0131ldan 8 y\u0131la kadar hapisle cezaland\u0131r\u0131lmas\u0131 talep edildi. <\/p>\n<p>13.06.2025                               <\/p>\n","protected":false},"excerpt":{"rendered":"<p>Bak\u0131rk\u00f6y\u2019de 2023 y\u0131l\u0131nda bir ipe as\u0131l\u0131 \u015fekilde bulunan Vesile Bing\u00f6l\u2019\u00fcn \u00f6l\u00fcm\u00fcne ili\u015fkin e\u015fi \u0130smet Bing\u00f6l\u2019\u00fcn yarg\u0131land\u0131\u011f\u0131 davada karar a\u00e7\u0131kland\u0131. Mahkeme heyeti, san\u0131k Bing\u00f6l&#8217;\u00fcn 10 y\u0131l hapisle cezaland\u0131r\u0131lmas\u0131na karar verdi. Bak\u0131rk\u00f6y\u2019de 24 Temmuz 2023\u2019te meydana gelen olayda Vesile Bing\u00f6l, e\u015fi ile ya\u015fad\u0131\u011f\u0131 evde bir ipe as\u0131l\u0131 \u015fekilde \u00f6l\u00fc bulunmu\u015ftu. Olaya ili\u015fkin Bak\u0131rk\u00f6y Cumhuriyet Ba\u015fsavc\u0131l\u0131\u011f\u0131 taraf\u0131ndan y\u00fcr\u00fct\u00fclen [&hellip;]<\/p>\n","protected":false},"author":1,"featured_media":7960,"comment_status":"open","ping_status":"open","sticky":false,"template":"","format":"standard","meta":{"footnotes":""},"categories":[1],"tags":[],"class_list":["post-7959","post","type-post","status-publish","format-standard","has-post-thumbnail","hentry","category-genel"],"yoast_head":"<!-- This site is optimized with the Yoast SEO plugin v27.4 - https:\/\/yoast.com\/product\/yoast-seo-wordpress\/ -->\n<title>\u0130lk e\u015finin kendini ast\u0131\u011f\u0131n\u0131 iddia etmi\u015fti, ikinci e\u015fi de ayn\u0131 \u015fekilde \u00f6l\u00fc bulunan san\u0131\u011f\u0131n 10 y\u0131l hapsine h\u00fckmedildi - Memurun Sesi<\/title>\n<meta name=\"robots\" content=\"index, follow, max-snippet:-1, max-image-preview:large, max-video-preview:-1\" \/>\n<link rel=\"canonical\" href=\"https:\/\/memurunsesi.net\/index.php\/2025\/06\/13\/ilk-esinin-kendini-astigini-iddia-etmisti-ikinci-esi-de-ayni-sekilde-olu-bulunan-sanigin-10-yil-hapsine-hukmedildi\/\" \/>\n<meta property=\"og:locale\" content=\"tr_TR\" \/>\n<meta property=\"og:type\" content=\"article\" \/>\n<meta property=\"og:title\" content=\"\u0130lk e\u015finin kendini ast\u0131\u011f\u0131n\u0131 iddia etmi\u015fti, ikinci e\u015fi de ayn\u0131 \u015fekilde \u00f6l\u00fc bulunan san\u0131\u011f\u0131n 10 y\u0131l hapsine h\u00fckmedildi - Memurun Sesi\" \/>\n<meta property=\"og:description\" content=\"Bak\u0131rk\u00f6y\u2019de 2023 y\u0131l\u0131nda bir ipe as\u0131l\u0131 \u015fekilde bulunan Vesile Bing\u00f6l\u2019\u00fcn \u00f6l\u00fcm\u00fcne ili\u015fkin e\u015fi \u0130smet Bing\u00f6l\u2019\u00fcn yarg\u0131land\u0131\u011f\u0131 davada karar a\u00e7\u0131kland\u0131. Mahkeme heyeti, san\u0131k Bing\u00f6l&#8217;\u00fcn 10 y\u0131l hapisle cezaland\u0131r\u0131lmas\u0131na karar verdi. Bak\u0131rk\u00f6y\u2019de 24 Temmuz 2023\u2019te meydana gelen olayda Vesile Bing\u00f6l, e\u015fi ile ya\u015fad\u0131\u011f\u0131 evde bir ipe as\u0131l\u0131 \u015fekilde \u00f6l\u00fc bulunmu\u015ftu. Olaya ili\u015fkin Bak\u0131rk\u00f6y Cumhuriyet Ba\u015fsavc\u0131l\u0131\u011f\u0131 taraf\u0131ndan y\u00fcr\u00fct\u00fclen [&hellip;]\" \/>\n<meta property=\"og:url\" content=\"https:\/\/memurunsesi.net\/index.php\/2025\/06\/13\/ilk-esinin-kendini-astigini-iddia-etmisti-ikinci-esi-de-ayni-sekilde-olu-bulunan-sanigin-10-yil-hapsine-hukmedildi\/\" \/>\n<meta property=\"og:site_name\" content=\"Memurun Sesi\" \/>\n<meta property=\"article:publisher\" content=\"https:\/\/www.facebook.com\/unipersen\/?locale=tr_TR\" \/>\n<meta property=\"article:published_time\" content=\"2025-06-13T07:39:20+00:00\" \/>\n<meta property=\"og:image\" content=\"https:\/\/memurunsesi.net\/wp-content\/uploads\/2025\/06\/AW475149_01.jpg\" \/>\n\t<meta property=\"og:image:width\" content=\"1600\" \/>\n\t<meta property=\"og:image:height\" content=\"951\" \/>\n\t<meta property=\"og:image:type\" content=\"image\/jpeg\" \/>\n<meta name=\"author\" content=\"Memurun Sesi Haber Merkezi\" \/>\n<meta name=\"twitter:card\" content=\"summary_large_image\" \/>\n<meta name=\"twitter:creator\" content=\"@unipersen\" \/>\n<meta name=\"twitter:site\" content=\"@unipersen\" \/>\n<meta name=\"twitter:label1\" content=\"Yazan:\" \/>\n\t<meta name=\"twitter:data1\" content=\"Memurun Sesi Haber Merkezi\" \/>\n\t<meta name=\"twitter:label2\" content=\"Tahmini okuma s\u00fcresi\" \/>\n\t<meta name=\"twitter:data2\" content=\"1 dakika\" \/>\n<script type=\"application\/ld+json\" class=\"yoast-schema-graph\">{\"@context\":\"https:\\\/\\\/schema.org\",\"@graph\":[{\"@type\":\"Article\",\"@id\":\"https:\\\/\\\/memurunsesi.net\\\/index.php\\\/2025\\\/06\\\/13\\\/ilk-esinin-kendini-astigini-iddia-etmisti-ikinci-esi-de-ayni-sekilde-olu-bulunan-sanigin-10-yil-hapsine-hukmedildi\\\/#article\",\"isPartOf\":{\"@id\":\"https:\\\/\\\/memurunsesi.net\\\/index.php\\\/2025\\\/06\\\/13\\\/ilk-esinin-kendini-astigini-iddia-etmisti-ikinci-esi-de-ayni-sekilde-olu-bulunan-sanigin-10-yil-hapsine-hukmedildi\\\/\"},\"author\":{\"name\":\"Memurun Sesi Haber Merkezi\",\"@id\":\"https:\\\/\\\/memurunsesi.net\\\/#\\\/schema\\\/person\\\/f21c2d73b89f6ee1d80b0a1803e38587\"},\"headline\":\"\u0130lk e\u015finin kendini ast\u0131\u011f\u0131n\u0131 iddia etmi\u015fti, ikinci e\u015fi de ayn\u0131 \u015fekilde \u00f6l\u00fc bulunan san\u0131\u011f\u0131n 10 y\u0131l hapsine h\u00fckmedildi\",\"datePublished\":\"2025-06-13T07:39:20+00:00\",\"mainEntityOfPage\":{\"@id\":\"https:\\\/\\\/memurunsesi.net\\\/index.php\\\/2025\\\/06\\\/13\\\/ilk-esinin-kendini-astigini-iddia-etmisti-ikinci-esi-de-ayni-sekilde-olu-bulunan-sanigin-10-yil-hapsine-hukmedildi\\\/\"},\"wordCount\":934,\"commentCount\":0,\"publisher\":{\"@id\":\"https:\\\/\\\/memurunsesi.net\\\/#organization\"},\"image\":{\"@id\":\"https:\\\/\\\/memurunsesi.net\\\/index.php\\\/2025\\\/06\\\/13\\\/ilk-esinin-kendini-astigini-iddia-etmisti-ikinci-esi-de-ayni-sekilde-olu-bulunan-sanigin-10-yil-hapsine-hukmedildi\\\/#primaryimage\"},\"thumbnailUrl\":\"https:\\\/\\\/memurunsesi.net\\\/wp-content\\\/uploads\\\/2025\\\/06\\\/AW475149_01.jpg\",\"inLanguage\":\"tr\",\"potentialAction\":[{\"@type\":\"CommentAction\",\"name\":\"Comment\",\"target\":[\"https:\\\/\\\/memurunsesi.net\\\/index.php\\\/2025\\\/06\\\/13\\\/ilk-esinin-kendini-astigini-iddia-etmisti-ikinci-esi-de-ayni-sekilde-olu-bulunan-sanigin-10-yil-hapsine-hukmedildi\\\/#respond\"]}]},{\"@type\":\"WebPage\",\"@id\":\"https:\\\/\\\/memurunsesi.net\\\/index.php\\\/2025\\\/06\\\/13\\\/ilk-esinin-kendini-astigini-iddia-etmisti-ikinci-esi-de-ayni-sekilde-olu-bulunan-sanigin-10-yil-hapsine-hukmedildi\\\/\",\"url\":\"https:\\\/\\\/memurunsesi.net\\\/index.php\\\/2025\\\/06\\\/13\\\/ilk-esinin-kendini-astigini-iddia-etmisti-ikinci-esi-de-ayni-sekilde-olu-bulunan-sanigin-10-yil-hapsine-hukmedildi\\\/\",\"name\":\"\u0130lk e\u015finin kendini ast\u0131\u011f\u0131n\u0131 iddia etmi\u015fti, ikinci e\u015fi de ayn\u0131 \u015fekilde \u00f6l\u00fc bulunan san\u0131\u011f\u0131n 10 y\u0131l hapsine h\u00fckmedildi - Memurun Sesi\",\"isPartOf\":{\"@id\":\"https:\\\/\\\/memurunsesi.net\\\/#website\"},\"primaryImageOfPage\":{\"@id\":\"https:\\\/\\\/memurunsesi.net\\\/index.php\\\/2025\\\/06\\\/13\\\/ilk-esinin-kendini-astigini-iddia-etmisti-ikinci-esi-de-ayni-sekilde-olu-bulunan-sanigin-10-yil-hapsine-hukmedildi\\\/#primaryimage\"},\"image\":{\"@id\":\"https:\\\/\\\/memurunsesi.net\\\/index.php\\\/2025\\\/06\\\/13\\\/ilk-esinin-kendini-astigini-iddia-etmisti-ikinci-esi-de-ayni-sekilde-olu-bulunan-sanigin-10-yil-hapsine-hukmedildi\\\/#primaryimage\"},\"thumbnailUrl\":\"https:\\\/\\\/memurunsesi.net\\\/wp-content\\\/uploads\\\/2025\\\/06\\\/AW475149_01.jpg\",\"datePublished\":\"2025-06-13T07:39:20+00:00\",\"breadcrumb\":{\"@id\":\"https:\\\/\\\/memurunsesi.net\\\/index.php\\\/2025\\\/06\\\/13\\\/ilk-esinin-kendini-astigini-iddia-etmisti-ikinci-esi-de-ayni-sekilde-olu-bulunan-sanigin-10-yil-hapsine-hukmedildi\\\/#breadcrumb\"},\"inLanguage\":\"tr\",\"potentialAction\":[{\"@type\":\"ReadAction\",\"target\":[\"https:\\\/\\\/memurunsesi.net\\\/index.php\\\/2025\\\/06\\\/13\\\/ilk-esinin-kendini-astigini-iddia-etmisti-ikinci-esi-de-ayni-sekilde-olu-bulunan-sanigin-10-yil-hapsine-hukmedildi\\\/\"]}]},{\"@type\":\"ImageObject\",\"inLanguage\":\"tr\",\"@id\":\"https:\\\/\\\/memurunsesi.net\\\/index.php\\\/2025\\\/06\\\/13\\\/ilk-esinin-kendini-astigini-iddia-etmisti-ikinci-esi-de-ayni-sekilde-olu-bulunan-sanigin-10-yil-hapsine-hukmedildi\\\/#primaryimage\",\"url\":\"https:\\\/\\\/memurunsesi.net\\\/wp-content\\\/uploads\\\/2025\\\/06\\\/AW475149_01.jpg\",\"contentUrl\":\"https:\\\/\\\/memurunsesi.net\\\/wp-content\\\/uploads\\\/2025\\\/06\\\/AW475149_01.jpg\",\"width\":1600,\"height\":951,\"caption\":\"AR\u015e\u0130V (MEL\u0130KE \u0130NAL\\\/\u0130STANBUL-\u0130HA)\"},{\"@type\":\"BreadcrumbList\",\"@id\":\"https:\\\/\\\/memurunsesi.net\\\/index.php\\\/2025\\\/06\\\/13\\\/ilk-esinin-kendini-astigini-iddia-etmisti-ikinci-esi-de-ayni-sekilde-olu-bulunan-sanigin-10-yil-hapsine-hukmedildi\\\/#breadcrumb\",\"itemListElement\":[{\"@type\":\"ListItem\",\"position\":1,\"name\":\"Anasayfa\",\"item\":\"https:\\\/\\\/memurunsesi.net\\\/\"},{\"@type\":\"ListItem\",\"position\":2,\"name\":\"\u0130lk e\u015finin kendini ast\u0131\u011f\u0131n\u0131 iddia etmi\u015fti, ikinci e\u015fi de ayn\u0131 \u015fekilde \u00f6l\u00fc bulunan san\u0131\u011f\u0131n 10 y\u0131l hapsine h\u00fckmedildi\"}]},{\"@type\":\"WebSite\",\"@id\":\"https:\\\/\\\/memurunsesi.net\\\/#website\",\"url\":\"https:\\\/\\\/memurunsesi.net\\\/\",\"name\":\"Memurun Sesi\",\"description\":\"G\u00fcncel ve Do\u011fru Haber\",\"publisher\":{\"@id\":\"https:\\\/\\\/memurunsesi.net\\\/#organization\"},\"potentialAction\":[{\"@type\":\"SearchAction\",\"target\":{\"@type\":\"EntryPoint\",\"urlTemplate\":\"https:\\\/\\\/memurunsesi.net\\\/?s={search_term_string}\"},\"query-input\":{\"@type\":\"PropertyValueSpecification\",\"valueRequired\":true,\"valueName\":\"search_term_string\"}}],\"inLanguage\":\"tr\"},{\"@type\":\"Organization\",\"@id\":\"https:\\\/\\\/memurunsesi.net\\\/#organization\",\"name\":\"Memurun Sesi\",\"url\":\"https:\\\/\\\/memurunsesi.net\\\/\",\"logo\":{\"@type\":\"ImageObject\",\"inLanguage\":\"tr\",\"@id\":\"https:\\\/\\\/memurunsesi.net\\\/#\\\/schema\\\/logo\\\/image\\\/\",\"url\":\"https:\\\/\\\/memurunsesi.net\\\/wp-content\\\/uploads\\\/2025\\\/11\\\/cropped-MEMURUN-SESI.png\",\"contentUrl\":\"https:\\\/\\\/memurunsesi.net\\\/wp-content\\\/uploads\\\/2025\\\/11\\\/cropped-MEMURUN-SESI.png\",\"width\":238,\"height\":57,\"caption\":\"Memurun Sesi\"},\"image\":{\"@id\":\"https:\\\/\\\/memurunsesi.net\\\/#\\\/schema\\\/logo\\\/image\\\/\"},\"sameAs\":[\"https:\\\/\\\/www.facebook.com\\\/unipersen\\\/?locale=tr_TR\",\"https:\\\/\\\/x.com\\\/unipersen\"]},{\"@type\":\"Person\",\"@id\":\"https:\\\/\\\/memurunsesi.net\\\/#\\\/schema\\\/person\\\/f21c2d73b89f6ee1d80b0a1803e38587\",\"name\":\"Memurun Sesi Haber Merkezi\",\"image\":{\"@type\":\"ImageObject\",\"inLanguage\":\"tr\",\"@id\":\"https:\\\/\\\/secure.gravatar.com\\\/avatar\\\/6cf0505f452ee753f485014986fab09a434671d2b919ee76fc541025c5876a70?s=96&d=mm&r=g\",\"url\":\"https:\\\/\\\/secure.gravatar.com\\\/avatar\\\/6cf0505f452ee753f485014986fab09a434671d2b919ee76fc541025c5876a70?s=96&d=mm&r=g\",\"contentUrl\":\"https:\\\/\\\/secure.gravatar.com\\\/avatar\\\/6cf0505f452ee753f485014986fab09a434671d2b919ee76fc541025c5876a70?s=96&d=mm&r=g\",\"caption\":\"Memurun Sesi Haber Merkezi\"},\"sameAs\":[\"https:\\\/\\\/memurunsesi.net\"],\"url\":\"https:\\\/\\\/memurunsesi.net\\\/index.php\\\/author\\\/uniper\\\/\"}]}<\/script>\n<!-- \/ Yoast SEO plugin. -->","yoast_head_json":{"title":"\u0130lk e\u015finin kendini ast\u0131\u011f\u0131n\u0131 iddia etmi\u015fti, ikinci e\u015fi de ayn\u0131 \u015fekilde \u00f6l\u00fc bulunan san\u0131\u011f\u0131n 10 y\u0131l hapsine h\u00fckmedildi - Memurun Sesi","robots":{"index":"index","follow":"follow","max-snippet":"max-snippet:-1","max-image-preview":"max-image-preview:large","max-video-preview":"max-video-preview:-1"},"canonical":"https:\/\/memurunsesi.net\/index.php\/2025\/06\/13\/ilk-esinin-kendini-astigini-iddia-etmisti-ikinci-esi-de-ayni-sekilde-olu-bulunan-sanigin-10-yil-hapsine-hukmedildi\/","og_locale":"tr_TR","og_type":"article","og_title":"\u0130lk e\u015finin kendini ast\u0131\u011f\u0131n\u0131 iddia etmi\u015fti, ikinci e\u015fi de ayn\u0131 \u015fekilde \u00f6l\u00fc bulunan san\u0131\u011f\u0131n 10 y\u0131l hapsine h\u00fckmedildi - Memurun Sesi","og_description":"Bak\u0131rk\u00f6y\u2019de 2023 y\u0131l\u0131nda bir ipe as\u0131l\u0131 \u015fekilde bulunan Vesile Bing\u00f6l\u2019\u00fcn \u00f6l\u00fcm\u00fcne ili\u015fkin e\u015fi \u0130smet Bing\u00f6l\u2019\u00fcn yarg\u0131land\u0131\u011f\u0131 davada karar a\u00e7\u0131kland\u0131. Mahkeme heyeti, san\u0131k Bing\u00f6l&#8217;\u00fcn 10 y\u0131l hapisle cezaland\u0131r\u0131lmas\u0131na karar verdi. Bak\u0131rk\u00f6y\u2019de 24 Temmuz 2023\u2019te meydana gelen olayda Vesile Bing\u00f6l, e\u015fi ile ya\u015fad\u0131\u011f\u0131 evde bir ipe as\u0131l\u0131 \u015fekilde \u00f6l\u00fc bulunmu\u015ftu. Olaya ili\u015fkin Bak\u0131rk\u00f6y Cumhuriyet Ba\u015fsavc\u0131l\u0131\u011f\u0131 taraf\u0131ndan y\u00fcr\u00fct\u00fclen [&hellip;]","og_url":"https:\/\/memurunsesi.net\/index.php\/2025\/06\/13\/ilk-esinin-kendini-astigini-iddia-etmisti-ikinci-esi-de-ayni-sekilde-olu-bulunan-sanigin-10-yil-hapsine-hukmedildi\/","og_site_name":"Memurun Sesi","article_publisher":"https:\/\/www.facebook.com\/unipersen\/?locale=tr_TR","article_published_time":"2025-06-13T07:39:20+00:00","og_image":[{"width":1600,"height":951,"url":"https:\/\/memurunsesi.net\/wp-content\/uploads\/2025\/06\/AW475149_01.jpg","type":"image\/jpeg"}],"author":"Memurun Sesi Haber Merkezi","twitter_card":"summary_large_image","twitter_creator":"@unipersen","twitter_site":"@unipersen","twitter_misc":{"Yazan:":"Memurun Sesi Haber Merkezi","Tahmini okuma s\u00fcresi":"1 dakika"},"schema":{"@context":"https:\/\/schema.org","@graph":[{"@type":"Article","@id":"https:\/\/memurunsesi.net\/index.php\/2025\/06\/13\/ilk-esinin-kendini-astigini-iddia-etmisti-ikinci-esi-de-ayni-sekilde-olu-bulunan-sanigin-10-yil-hapsine-hukmedildi\/#article","isPartOf":{"@id":"https:\/\/memurunsesi.net\/index.php\/2025\/06\/13\/ilk-esinin-kendini-astigini-iddia-etmisti-ikinci-esi-de-ayni-sekilde-olu-bulunan-sanigin-10-yil-hapsine-hukmedildi\/"},"author":{"name":"Memurun Sesi Haber Merkezi","@id":"https:\/\/memurunsesi.net\/#\/schema\/person\/f21c2d73b89f6ee1d80b0a1803e38587"},"headline":"\u0130lk e\u015finin kendini ast\u0131\u011f\u0131n\u0131 iddia etmi\u015fti, ikinci e\u015fi de ayn\u0131 \u015fekilde \u00f6l\u00fc bulunan san\u0131\u011f\u0131n 10 y\u0131l hapsine h\u00fckmedildi","datePublished":"2025-06-13T07:39:20+00:00","mainEntityOfPage":{"@id":"https:\/\/memurunsesi.net\/index.php\/2025\/06\/13\/ilk-esinin-kendini-astigini-iddia-etmisti-ikinci-esi-de-ayni-sekilde-olu-bulunan-sanigin-10-yil-hapsine-hukmedildi\/"},"wordCount":934,"commentCount":0,"publisher":{"@id":"https:\/\/memurunsesi.net\/#organization"},"image":{"@id":"https:\/\/memurunsesi.net\/index.php\/2025\/06\/13\/ilk-esinin-kendini-astigini-iddia-etmisti-ikinci-esi-de-ayni-sekilde-olu-bulunan-sanigin-10-yil-hapsine-hukmedildi\/#primaryimage"},"thumbnailUrl":"https:\/\/memurunsesi.net\/wp-content\/uploads\/2025\/06\/AW475149_01.jpg","inLanguage":"tr","potentialAction":[{"@type":"CommentAction","name":"Comment","target":["https:\/\/memurunsesi.net\/index.php\/2025\/06\/13\/ilk-esinin-kendini-astigini-iddia-etmisti-ikinci-esi-de-ayni-sekilde-olu-bulunan-sanigin-10-yil-hapsine-hukmedildi\/#respond"]}]},{"@type":"WebPage","@id":"https:\/\/memurunsesi.net\/index.php\/2025\/06\/13\/ilk-esinin-kendini-astigini-iddia-etmisti-ikinci-esi-de-ayni-sekilde-olu-bulunan-sanigin-10-yil-hapsine-hukmedildi\/","url":"https:\/\/memurunsesi.net\/index.php\/2025\/06\/13\/ilk-esinin-kendini-astigini-iddia-etmisti-ikinci-esi-de-ayni-sekilde-olu-bulunan-sanigin-10-yil-hapsine-hukmedildi\/","name":"\u0130lk e\u015finin kendini ast\u0131\u011f\u0131n\u0131 iddia etmi\u015fti, ikinci e\u015fi de ayn\u0131 \u015fekilde \u00f6l\u00fc bulunan san\u0131\u011f\u0131n 10 y\u0131l hapsine h\u00fckmedildi - Memurun Sesi","isPartOf":{"@id":"https:\/\/memurunsesi.net\/#website"},"primaryImageOfPage":{"@id":"https:\/\/memurunsesi.net\/index.php\/2025\/06\/13\/ilk-esinin-kendini-astigini-iddia-etmisti-ikinci-esi-de-ayni-sekilde-olu-bulunan-sanigin-10-yil-hapsine-hukmedildi\/#primaryimage"},"image":{"@id":"https:\/\/memurunsesi.net\/index.php\/2025\/06\/13\/ilk-esinin-kendini-astigini-iddia-etmisti-ikinci-esi-de-ayni-sekilde-olu-bulunan-sanigin-10-yil-hapsine-hukmedildi\/#primaryimage"},"thumbnailUrl":"https:\/\/memurunsesi.net\/wp-content\/uploads\/2025\/06\/AW475149_01.jpg","datePublished":"2025-06-13T07:39:20+00:00","breadcrumb":{"@id":"https:\/\/memurunsesi.net\/index.php\/2025\/06\/13\/ilk-esinin-kendini-astigini-iddia-etmisti-ikinci-esi-de-ayni-sekilde-olu-bulunan-sanigin-10-yil-hapsine-hukmedildi\/#breadcrumb"},"inLanguage":"tr","potentialAction":[{"@type":"ReadAction","target":["https:\/\/memurunsesi.net\/index.php\/2025\/06\/13\/ilk-esinin-kendini-astigini-iddia-etmisti-ikinci-esi-de-ayni-sekilde-olu-bulunan-sanigin-10-yil-hapsine-hukmedildi\/"]}]},{"@type":"ImageObject","inLanguage":"tr","@id":"https:\/\/memurunsesi.net\/index.php\/2025\/06\/13\/ilk-esinin-kendini-astigini-iddia-etmisti-ikinci-esi-de-ayni-sekilde-olu-bulunan-sanigin-10-yil-hapsine-hukmedildi\/#primaryimage","url":"https:\/\/memurunsesi.net\/wp-content\/uploads\/2025\/06\/AW475149_01.jpg","contentUrl":"https:\/\/memurunsesi.net\/wp-content\/uploads\/2025\/06\/AW475149_01.jpg","width":1600,"height":951,"caption":"AR\u015e\u0130V (MEL\u0130KE \u0130NAL\/\u0130STANBUL-\u0130HA)"},{"@type":"BreadcrumbList","@id":"https:\/\/memurunsesi.net\/index.php\/2025\/06\/13\/ilk-esinin-kendini-astigini-iddia-etmisti-ikinci-esi-de-ayni-sekilde-olu-bulunan-sanigin-10-yil-hapsine-hukmedildi\/#breadcrumb","itemListElement":[{"@type":"ListItem","position":1,"name":"Anasayfa","item":"https:\/\/memurunsesi.net\/"},{"@type":"ListItem","position":2,"name":"\u0130lk e\u015finin kendini ast\u0131\u011f\u0131n\u0131 iddia etmi\u015fti, ikinci e\u015fi de ayn\u0131 \u015fekilde \u00f6l\u00fc bulunan san\u0131\u011f\u0131n 10 y\u0131l hapsine h\u00fckmedildi"}]},{"@type":"WebSite","@id":"https:\/\/memurunsesi.net\/#website","url":"https:\/\/memurunsesi.net\/","name":"Memurun Sesi","description":"G\u00fcncel ve Do\u011fru Haber","publisher":{"@id":"https:\/\/memurunsesi.net\/#organization"},"potentialAction":[{"@type":"SearchAction","target":{"@type":"EntryPoint","urlTemplate":"https:\/\/memurunsesi.net\/?s={search_term_string}"},"query-input":{"@type":"PropertyValueSpecification","valueRequired":true,"valueName":"search_term_string"}}],"inLanguage":"tr"},{"@type":"Organization","@id":"https:\/\/memurunsesi.net\/#organization","name":"Memurun Sesi","url":"https:\/\/memurunsesi.net\/","logo":{"@type":"ImageObject","inLanguage":"tr","@id":"https:\/\/memurunsesi.net\/#\/schema\/logo\/image\/","url":"https:\/\/memurunsesi.net\/wp-content\/uploads\/2025\/11\/cropped-MEMURUN-SESI.png","contentUrl":"https:\/\/memurunsesi.net\/wp-content\/uploads\/2025\/11\/cropped-MEMURUN-SESI.png","width":238,"height":57,"caption":"Memurun Sesi"},"image":{"@id":"https:\/\/memurunsesi.net\/#\/schema\/logo\/image\/"},"sameAs":["https:\/\/www.facebook.com\/unipersen\/?locale=tr_TR","https:\/\/x.com\/unipersen"]},{"@type":"Person","@id":"https:\/\/memurunsesi.net\/#\/schema\/person\/f21c2d73b89f6ee1d80b0a1803e38587","name":"Memurun Sesi Haber Merkezi","image":{"@type":"ImageObject","inLanguage":"tr","@id":"https:\/\/secure.gravatar.com\/avatar\/6cf0505f452ee753f485014986fab09a434671d2b919ee76fc541025c5876a70?s=96&d=mm&r=g","url":"https:\/\/secure.gravatar.com\/avatar\/6cf0505f452ee753f485014986fab09a434671d2b919ee76fc541025c5876a70?s=96&d=mm&r=g","contentUrl":"https:\/\/secure.gravatar.com\/avatar\/6cf0505f452ee753f485014986fab09a434671d2b919ee76fc541025c5876a70?s=96&d=mm&r=g","caption":"Memurun Sesi Haber Merkezi"},"sameAs":["https:\/\/memurunsesi.net"],"url":"https:\/\/memurunsesi.net\/index.php\/author\/uniper\/"}]}},"_links":{"self":[{"href":"https:\/\/memurunsesi.net\/index.php\/wp-json\/wp\/v2\/posts\/7959","targetHints":{"allow":["GET"]}}],"collection":[{"href":"https:\/\/memurunsesi.net\/index.php\/wp-json\/wp\/v2\/posts"}],"about":[{"href":"https:\/\/memurunsesi.net\/index.php\/wp-json\/wp\/v2\/types\/post"}],"author":[{"embeddable":true,"href":"https:\/\/memurunsesi.net\/index.php\/wp-json\/wp\/v2\/users\/1"}],"replies":[{"embeddable":true,"href":"https:\/\/memurunsesi.net\/index.php\/wp-json\/wp\/v2\/comments?post=7959"}],"version-history":[{"count":1,"href":"https:\/\/memurunsesi.net\/index.php\/wp-json\/wp\/v2\/posts\/7959\/revisions"}],"predecessor-version":[{"id":7961,"href":"https:\/\/memurunsesi.net\/index.php\/wp-json\/wp\/v2\/posts\/7959\/revisions\/7961"}],"wp:featuredmedia":[{"embeddable":true,"href":"https:\/\/memurunsesi.net\/index.php\/wp-json\/wp\/v2\/media\/7960"}],"wp:attachment":[{"href":"https:\/\/memurunsesi.net\/index.php\/wp-json\/wp\/v2\/media?parent=7959"}],"wp:term":[{"taxonomy":"category","embeddable":true,"href":"https:\/\/memurunsesi.net\/index.php\/wp-json\/wp\/v2\/categories?post=7959"},{"taxonomy":"post_tag","embeddable":true,"href":"https:\/\/memurunsesi.net\/index.php\/wp-json\/wp\/v2\/tags?post=7959"}],"curies":[{"name":"wp","href":"https:\/\/api.w.org\/{rel}","templated":true}]}}