{"id":7962,"date":"2025-06-13T10:43:32","date_gmt":"2025-06-13T07:43:32","guid":{"rendered":"https:\/\/memurunsesi.net\/?p=7962"},"modified":"2025-06-13T10:43:32","modified_gmt":"2025-06-13T07:43:32","slug":"yabanci-cobanlar-icin-calisma-izni-basvurulari-basladi","status":"publish","type":"post","link":"https:\/\/memurunsesi.net\/index.php\/2025\/06\/13\/yabanci-cobanlar-icin-calisma-izni-basvurulari-basladi\/","title":{"rendered":"Yabanc\u0131 \u00e7obanlar i\u00e7in \u00e7al\u0131\u015fma izni ba\u015fvurular\u0131 ba\u015flad\u0131"},"content":{"rendered":"<p>   Hayvanc\u0131l\u0131k i\u015fletmelerinde istihdam edilecek yabanc\u0131 \u00e7oban ve hayvan bak\u0131c\u0131lar\u0131 i\u00e7in \u00e7al\u0131\u015fma izni ba\u015fvurular\u0131 ba\u015flad\u0131<br \/>\n\u00c7al\u0131\u015fma ve sosyal G\u00fcvenlik Bakanl\u0131\u011f\u0131 taraf\u0131ndan hayvanc\u0131l\u0131k sekt\u00f6r\u00fcn\u00fcn geli\u015fmesi ve yerli \u00fcretimin devaml\u0131l\u0131\u011f\u0131 i\u00e7in ihtiyac\u0131n yerli i\u015fg\u00fcc\u00fcyle kar\u015f\u0131lanamad\u0131\u011f\u0131 durumlarda, deneyimli yabanc\u0131 \u00e7obanlar\u0131n \u00e7al\u0131\u015fma izinlerine ili\u015fkin a\u00e7\u0131klama yay\u0131mland\u0131.<br \/>\n  A\u00e7\u0131klama \u00e7er\u00e7evesinde kapsamda Tar\u0131m ve Orman Bakanl\u0131\u011f\u0131 i\u015fbirli\u011finde hayvanc\u0131l\u0131k sekt\u00f6r\u00fcnde b\u00fcy\u00fckba\u015f veya k\u00fc\u00e7\u00fckba\u015f hayvan\u0131 bulunan ve Hayvan Bilgi Sistemine kay\u0131tl\u0131 hayvanc\u0131l\u0131k i\u015fletmelerinde istihdam edilecek \u00e7obanlara ve hayvan bak\u0131c\u0131lar\u0131na ili\u015fkin \u00e7al\u0131\u015fma izni ba\u015fvurular\u0131n\u0131n de\u011ferlendirilmesinde belirlenen kriterler kapsam\u0131nda \u00e7al\u0131\u015fma izni ba\u015fvurular\u0131 12 Hazinran tarihi itibar\u0131yla al\u0131nmaya ba\u015fland\u0131\u011f\u0131 belirtildi.<br \/>\n  Bu kapsamda T\u00fcrkiye&#8217;de bulunan ve en az 6 ay s\u00fcreyle d\u00fczenlenmi\u015f ge\u00e7erli ikameti olan yabanc\u0131lar ile yurt d\u0131\u015f\u0131ndan T\u00fcrkiye&#8217;de \u00e7al\u0131\u015fmak i\u00e7in gelecek yabanc\u0131lar i\u00e7in i\u015fverenler taraf\u0131ndan ba\u015fvuruda bulunulabilecek. <\/p>\n<p>  \u0130\u015fletmeler i\u00e7in ba\u015fvuru \u015fartlar\u0131 ise \u015fu \u015fekilde s\u0131raland\u0131:<br \/>\n  &#8220;K\u00fc\u00e7\u00fckba\u015f hayvanc\u0131l\u0131k i\u015fletmesinin en az 200 k\u00fc\u00e7\u00fckba\u015f hayvan varl\u0131\u011f\u0131na sahip olmas\u0131 veya,<br \/>\n  Besi hayvanc\u0131l\u0131k i\u015fletmesinin en az 100 b\u00fcy\u00fckba\u015f hayvan varl\u0131\u011f\u0131na sahip olmas\u0131 veya,<br \/>\n  S\u00fct hayvanc\u0131l\u0131k i\u015fletmesinin en az 50 b\u00fcy\u00fckba\u015f hayvan varl\u0131\u011f\u0131na sahip olmas\u0131 veya,<br \/>\n  Karma (besi ve s\u00fct) hayvanc\u0131l\u0131k i\u015fletmesinin ise en az 75 b\u00fcy\u00fckba\u015f hayvan varl\u0131\u011f\u0131na sahip olmas\u0131, gerekmekte.&#8221;<br \/>\n  Ayr\u0131ca kriterlerin her bir kat\u0131 i\u00e7in bir \u00e7oban\/s\u00fcr\u00fc y\u00f6neticisi olmak \u00fczere ayn\u0131 hayvanc\u0131l\u0131k i\u015fletmesinde en fazla 3 yabanc\u0131ya kadar \u00e7al\u0131\u015fma izni d\u00fczenlenebilecek. <\/p>\n<p>13.06.2025                               <\/p>\n","protected":false},"excerpt":{"rendered":"<p>Hayvanc\u0131l\u0131k i\u015fletmelerinde istihdam edilecek yabanc\u0131 \u00e7oban ve hayvan bak\u0131c\u0131lar\u0131 i\u00e7in \u00e7al\u0131\u015fma izni ba\u015fvurular\u0131 ba\u015flad\u0131 \u00c7al\u0131\u015fma ve sosyal G\u00fcvenlik Bakanl\u0131\u011f\u0131 taraf\u0131ndan hayvanc\u0131l\u0131k sekt\u00f6r\u00fcn\u00fcn geli\u015fmesi ve yerli \u00fcretimin devaml\u0131l\u0131\u011f\u0131 i\u00e7in ihtiyac\u0131n yerli i\u015fg\u00fcc\u00fcyle kar\u015f\u0131lanamad\u0131\u011f\u0131 durumlarda, deneyimli yabanc\u0131 \u00e7obanlar\u0131n \u00e7al\u0131\u015fma izinlerine ili\u015fkin a\u00e7\u0131klama yay\u0131mland\u0131. A\u00e7\u0131klama \u00e7er\u00e7evesinde kapsamda Tar\u0131m ve Orman Bakanl\u0131\u011f\u0131 i\u015fbirli\u011finde hayvanc\u0131l\u0131k sekt\u00f6r\u00fcnde b\u00fcy\u00fckba\u015f veya k\u00fc\u00e7\u00fckba\u015f hayvan\u0131 [&hellip;]<\/p>\n","protected":false},"author":1,"featured_media":7963,"comment_status":"open","ping_status":"open","sticky":false,"template":"","format":"standard","meta":{"footnotes":""},"categories":[50],"tags":[],"class_list":["post-7962","post","type-post","status-publish","format-standard","has-post-thumbnail","hentry","category-tum-haberler"],"yoast_head":"<!-- This site is optimized with the Yoast SEO plugin v27.4 - https:\/\/yoast.com\/product\/yoast-seo-wordpress\/ -->\n<title>Yabanc\u0131 \u00e7obanlar i\u00e7in \u00e7al\u0131\u015fma izni ba\u015fvurular\u0131 ba\u015flad\u0131 - Memurun Sesi<\/title>\n<meta name=\"robots\" content=\"index, follow, max-snippet:-1, max-image-preview:large, max-video-preview:-1\" \/>\n<link rel=\"canonical\" href=\"https:\/\/memurunsesi.net\/index.php\/2025\/06\/13\/yabanci-cobanlar-icin-calisma-izni-basvurulari-basladi\/\" \/>\n<meta property=\"og:locale\" content=\"tr_TR\" \/>\n<meta property=\"og:type\" content=\"article\" \/>\n<meta property=\"og:title\" content=\"Yabanc\u0131 \u00e7obanlar i\u00e7in \u00e7al\u0131\u015fma izni ba\u015fvurular\u0131 ba\u015flad\u0131 - Memurun Sesi\" \/>\n<meta property=\"og:description\" content=\"Hayvanc\u0131l\u0131k i\u015fletmelerinde istihdam edilecek yabanc\u0131 \u00e7oban ve hayvan bak\u0131c\u0131lar\u0131 i\u00e7in \u00e7al\u0131\u015fma izni ba\u015fvurular\u0131 ba\u015flad\u0131 \u00c7al\u0131\u015fma ve sosyal G\u00fcvenlik Bakanl\u0131\u011f\u0131 taraf\u0131ndan hayvanc\u0131l\u0131k sekt\u00f6r\u00fcn\u00fcn geli\u015fmesi ve yerli \u00fcretimin devaml\u0131l\u0131\u011f\u0131 i\u00e7in ihtiyac\u0131n yerli i\u015fg\u00fcc\u00fcyle kar\u015f\u0131lanamad\u0131\u011f\u0131 durumlarda, deneyimli yabanc\u0131 \u00e7obanlar\u0131n \u00e7al\u0131\u015fma izinlerine ili\u015fkin a\u00e7\u0131klama yay\u0131mland\u0131. A\u00e7\u0131klama \u00e7er\u00e7evesinde kapsamda Tar\u0131m ve Orman Bakanl\u0131\u011f\u0131 i\u015fbirli\u011finde hayvanc\u0131l\u0131k sekt\u00f6r\u00fcnde b\u00fcy\u00fckba\u015f veya k\u00fc\u00e7\u00fckba\u015f hayvan\u0131 [&hellip;]\" \/>\n<meta property=\"og:url\" content=\"https:\/\/memurunsesi.net\/index.php\/2025\/06\/13\/yabanci-cobanlar-icin-calisma-izni-basvurulari-basladi\/\" \/>\n<meta property=\"og:site_name\" content=\"Memurun Sesi\" \/>\n<meta property=\"article:publisher\" content=\"https:\/\/www.facebook.com\/unipersen\/?locale=tr_TR\" \/>\n<meta property=\"article:published_time\" content=\"2025-06-13T07:43:32+00:00\" \/>\n<meta property=\"og:image\" content=\"https:\/\/memurunsesi.net\/wp-content\/uploads\/2025\/06\/AW475152_01-scaled.jpg\" \/>\n\t<meta property=\"og:image:width\" content=\"2047\" \/>\n\t<meta property=\"og:image:height\" content=\"2560\" \/>\n\t<meta property=\"og:image:type\" content=\"image\/jpeg\" \/>\n<meta name=\"author\" content=\"Memurun Sesi Haber Merkezi\" \/>\n<meta name=\"twitter:card\" content=\"summary_large_image\" \/>\n<meta name=\"twitter:creator\" content=\"@unipersen\" \/>\n<meta name=\"twitter:site\" content=\"@unipersen\" \/>\n<meta name=\"twitter:label1\" content=\"Yazan:\" \/>\n\t<meta name=\"twitter:data1\" content=\"Memurun Sesi Haber Merkezi\" \/>\n\t<meta name=\"twitter:label2\" content=\"Tahmini okuma s\u00fcresi\" \/>\n\t<meta name=\"twitter:data2\" content=\"1 dakika\" \/>\n<script type=\"application\/ld+json\" class=\"yoast-schema-graph\">{\"@context\":\"https:\\\/\\\/schema.org\",\"@graph\":[{\"@type\":\"Article\",\"@id\":\"https:\\\/\\\/memurunsesi.net\\\/index.php\\\/2025\\\/06\\\/13\\\/yabanci-cobanlar-icin-calisma-izni-basvurulari-basladi\\\/#article\",\"isPartOf\":{\"@id\":\"https:\\\/\\\/memurunsesi.net\\\/index.php\\\/2025\\\/06\\\/13\\\/yabanci-cobanlar-icin-calisma-izni-basvurulari-basladi\\\/\"},\"author\":{\"name\":\"Memurun Sesi Haber Merkezi\",\"@id\":\"https:\\\/\\\/memurunsesi.net\\\/#\\\/schema\\\/person\\\/f21c2d73b89f6ee1d80b0a1803e38587\"},\"headline\":\"Yabanc\u0131 \u00e7obanlar i\u00e7in \u00e7al\u0131\u015fma izni ba\u015fvurular\u0131 ba\u015flad\u0131\",\"datePublished\":\"2025-06-13T07:43:32+00:00\",\"mainEntityOfPage\":{\"@id\":\"https:\\\/\\\/memurunsesi.net\\\/index.php\\\/2025\\\/06\\\/13\\\/yabanci-cobanlar-icin-calisma-izni-basvurulari-basladi\\\/\"},\"wordCount\":318,\"commentCount\":0,\"publisher\":{\"@id\":\"https:\\\/\\\/memurunsesi.net\\\/#organization\"},\"image\":{\"@id\":\"https:\\\/\\\/memurunsesi.net\\\/index.php\\\/2025\\\/06\\\/13\\\/yabanci-cobanlar-icin-calisma-izni-basvurulari-basladi\\\/#primaryimage\"},\"thumbnailUrl\":\"https:\\\/\\\/memurunsesi.net\\\/wp-content\\\/uploads\\\/2025\\\/06\\\/AW475152_01-scaled.jpg\",\"articleSection\":[\"T\u00fcm Haberler\"],\"inLanguage\":\"tr\",\"potentialAction\":[{\"@type\":\"CommentAction\",\"name\":\"Comment\",\"target\":[\"https:\\\/\\\/memurunsesi.net\\\/index.php\\\/2025\\\/06\\\/13\\\/yabanci-cobanlar-icin-calisma-izni-basvurulari-basladi\\\/#respond\"]}]},{\"@type\":\"WebPage\",\"@id\":\"https:\\\/\\\/memurunsesi.net\\\/index.php\\\/2025\\\/06\\\/13\\\/yabanci-cobanlar-icin-calisma-izni-basvurulari-basladi\\\/\",\"url\":\"https:\\\/\\\/memurunsesi.net\\\/index.php\\\/2025\\\/06\\\/13\\\/yabanci-cobanlar-icin-calisma-izni-basvurulari-basladi\\\/\",\"name\":\"Yabanc\u0131 \u00e7obanlar i\u00e7in \u00e7al\u0131\u015fma izni ba\u015fvurular\u0131 ba\u015flad\u0131 - Memurun Sesi\",\"isPartOf\":{\"@id\":\"https:\\\/\\\/memurunsesi.net\\\/#website\"},\"primaryImageOfPage\":{\"@id\":\"https:\\\/\\\/memurunsesi.net\\\/index.php\\\/2025\\\/06\\\/13\\\/yabanci-cobanlar-icin-calisma-izni-basvurulari-basladi\\\/#primaryimage\"},\"image\":{\"@id\":\"https:\\\/\\\/memurunsesi.net\\\/index.php\\\/2025\\\/06\\\/13\\\/yabanci-cobanlar-icin-calisma-izni-basvurulari-basladi\\\/#primaryimage\"},\"thumbnailUrl\":\"https:\\\/\\\/memurunsesi.net\\\/wp-content\\\/uploads\\\/2025\\\/06\\\/AW475152_01-scaled.jpg\",\"datePublished\":\"2025-06-13T07:43:32+00:00\",\"breadcrumb\":{\"@id\":\"https:\\\/\\\/memurunsesi.net\\\/index.php\\\/2025\\\/06\\\/13\\\/yabanci-cobanlar-icin-calisma-izni-basvurulari-basladi\\\/#breadcrumb\"},\"inLanguage\":\"tr\",\"potentialAction\":[{\"@type\":\"ReadAction\",\"target\":[\"https:\\\/\\\/memurunsesi.net\\\/index.php\\\/2025\\\/06\\\/13\\\/yabanci-cobanlar-icin-calisma-izni-basvurulari-basladi\\\/\"]}]},{\"@type\":\"ImageObject\",\"inLanguage\":\"tr\",\"@id\":\"https:\\\/\\\/memurunsesi.net\\\/index.php\\\/2025\\\/06\\\/13\\\/yabanci-cobanlar-icin-calisma-izni-basvurulari-basladi\\\/#primaryimage\",\"url\":\"https:\\\/\\\/memurunsesi.net\\\/wp-content\\\/uploads\\\/2025\\\/06\\\/AW475152_01-scaled.jpg\",\"contentUrl\":\"https:\\\/\\\/memurunsesi.net\\\/wp-content\\\/uploads\\\/2025\\\/06\\\/AW475152_01-scaled.jpg\",\"width\":2047,\"height\":2560,\"caption\":\"HAYVANCILIK \u0130\u015eLETMELER\u0130NDE \u0130ST\u0130HDAM ED\u0130LECEK YABANCI \u00c7OBAN VE HAYVAN BAKICILARI \u0130\u00c7\u0130N \u00c7ALI\u015eMA \u0130ZN\u0130 BA\u015eVURULARI BA\u015eLADI (\u0130HA\\\/ANKARA-\u0130HA) Hayvanc\u0131l\u0131k i\u015fletmelerinde istihdam edilecek yabanc\u0131 \u00e7oban ve hayvan bak\u0131c\u0131lar\u0131 i\u00e7in \u00e7al\u0131\u015fma izni ba\u015fvurular\u0131 ba\u015flad\u0131\"},{\"@type\":\"BreadcrumbList\",\"@id\":\"https:\\\/\\\/memurunsesi.net\\\/index.php\\\/2025\\\/06\\\/13\\\/yabanci-cobanlar-icin-calisma-izni-basvurulari-basladi\\\/#breadcrumb\",\"itemListElement\":[{\"@type\":\"ListItem\",\"position\":1,\"name\":\"Anasayfa\",\"item\":\"https:\\\/\\\/memurunsesi.net\\\/\"},{\"@type\":\"ListItem\",\"position\":2,\"name\":\"Yabanc\u0131 \u00e7obanlar i\u00e7in \u00e7al\u0131\u015fma izni ba\u015fvurular\u0131 ba\u015flad\u0131\"}]},{\"@type\":\"WebSite\",\"@id\":\"https:\\\/\\\/memurunsesi.net\\\/#website\",\"url\":\"https:\\\/\\\/memurunsesi.net\\\/\",\"name\":\"Memurun Sesi\",\"description\":\"G\u00fcncel ve Do\u011fru Haber\",\"publisher\":{\"@id\":\"https:\\\/\\\/memurunsesi.net\\\/#organization\"},\"potentialAction\":[{\"@type\":\"SearchAction\",\"target\":{\"@type\":\"EntryPoint\",\"urlTemplate\":\"https:\\\/\\\/memurunsesi.net\\\/?s={search_term_string}\"},\"query-input\":{\"@type\":\"PropertyValueSpecification\",\"valueRequired\":true,\"valueName\":\"search_term_string\"}}],\"inLanguage\":\"tr\"},{\"@type\":\"Organization\",\"@id\":\"https:\\\/\\\/memurunsesi.net\\\/#organization\",\"name\":\"Memurun Sesi\",\"url\":\"https:\\\/\\\/memurunsesi.net\\\/\",\"logo\":{\"@type\":\"ImageObject\",\"inLanguage\":\"tr\",\"@id\":\"https:\\\/\\\/memurunsesi.net\\\/#\\\/schema\\\/logo\\\/image\\\/\",\"url\":\"https:\\\/\\\/memurunsesi.net\\\/wp-content\\\/uploads\\\/2025\\\/11\\\/cropped-MEMURUN-SESI.png\",\"contentUrl\":\"https:\\\/\\\/memurunsesi.net\\\/wp-content\\\/uploads\\\/2025\\\/11\\\/cropped-MEMURUN-SESI.png\",\"width\":238,\"height\":57,\"caption\":\"Memurun Sesi\"},\"image\":{\"@id\":\"https:\\\/\\\/memurunsesi.net\\\/#\\\/schema\\\/logo\\\/image\\\/\"},\"sameAs\":[\"https:\\\/\\\/www.facebook.com\\\/unipersen\\\/?locale=tr_TR\",\"https:\\\/\\\/x.com\\\/unipersen\"]},{\"@type\":\"Person\",\"@id\":\"https:\\\/\\\/memurunsesi.net\\\/#\\\/schema\\\/person\\\/f21c2d73b89f6ee1d80b0a1803e38587\",\"name\":\"Memurun Sesi Haber Merkezi\",\"image\":{\"@type\":\"ImageObject\",\"inLanguage\":\"tr\",\"@id\":\"https:\\\/\\\/secure.gravatar.com\\\/avatar\\\/6cf0505f452ee753f485014986fab09a434671d2b919ee76fc541025c5876a70?s=96&d=mm&r=g\",\"url\":\"https:\\\/\\\/secure.gravatar.com\\\/avatar\\\/6cf0505f452ee753f485014986fab09a434671d2b919ee76fc541025c5876a70?s=96&d=mm&r=g\",\"contentUrl\":\"https:\\\/\\\/secure.gravatar.com\\\/avatar\\\/6cf0505f452ee753f485014986fab09a434671d2b919ee76fc541025c5876a70?s=96&d=mm&r=g\",\"caption\":\"Memurun Sesi Haber Merkezi\"},\"sameAs\":[\"https:\\\/\\\/memurunsesi.net\"],\"url\":\"https:\\\/\\\/memurunsesi.net\\\/index.php\\\/author\\\/uniper\\\/\"}]}<\/script>\n<!-- \/ Yoast SEO plugin. -->","yoast_head_json":{"title":"Yabanc\u0131 \u00e7obanlar i\u00e7in \u00e7al\u0131\u015fma izni ba\u015fvurular\u0131 ba\u015flad\u0131 - Memurun Sesi","robots":{"index":"index","follow":"follow","max-snippet":"max-snippet:-1","max-image-preview":"max-image-preview:large","max-video-preview":"max-video-preview:-1"},"canonical":"https:\/\/memurunsesi.net\/index.php\/2025\/06\/13\/yabanci-cobanlar-icin-calisma-izni-basvurulari-basladi\/","og_locale":"tr_TR","og_type":"article","og_title":"Yabanc\u0131 \u00e7obanlar i\u00e7in \u00e7al\u0131\u015fma izni ba\u015fvurular\u0131 ba\u015flad\u0131 - Memurun Sesi","og_description":"Hayvanc\u0131l\u0131k i\u015fletmelerinde istihdam edilecek yabanc\u0131 \u00e7oban ve hayvan bak\u0131c\u0131lar\u0131 i\u00e7in \u00e7al\u0131\u015fma izni ba\u015fvurular\u0131 ba\u015flad\u0131 \u00c7al\u0131\u015fma ve sosyal G\u00fcvenlik Bakanl\u0131\u011f\u0131 taraf\u0131ndan hayvanc\u0131l\u0131k sekt\u00f6r\u00fcn\u00fcn geli\u015fmesi ve yerli \u00fcretimin devaml\u0131l\u0131\u011f\u0131 i\u00e7in ihtiyac\u0131n yerli i\u015fg\u00fcc\u00fcyle kar\u015f\u0131lanamad\u0131\u011f\u0131 durumlarda, deneyimli yabanc\u0131 \u00e7obanlar\u0131n \u00e7al\u0131\u015fma izinlerine ili\u015fkin a\u00e7\u0131klama yay\u0131mland\u0131. A\u00e7\u0131klama \u00e7er\u00e7evesinde kapsamda Tar\u0131m ve Orman Bakanl\u0131\u011f\u0131 i\u015fbirli\u011finde hayvanc\u0131l\u0131k sekt\u00f6r\u00fcnde b\u00fcy\u00fckba\u015f veya k\u00fc\u00e7\u00fckba\u015f hayvan\u0131 [&hellip;]","og_url":"https:\/\/memurunsesi.net\/index.php\/2025\/06\/13\/yabanci-cobanlar-icin-calisma-izni-basvurulari-basladi\/","og_site_name":"Memurun Sesi","article_publisher":"https:\/\/www.facebook.com\/unipersen\/?locale=tr_TR","article_published_time":"2025-06-13T07:43:32+00:00","og_image":[{"width":2047,"height":2560,"url":"https:\/\/memurunsesi.net\/wp-content\/uploads\/2025\/06\/AW475152_01-scaled.jpg","type":"image\/jpeg"}],"author":"Memurun Sesi Haber Merkezi","twitter_card":"summary_large_image","twitter_creator":"@unipersen","twitter_site":"@unipersen","twitter_misc":{"Yazan:":"Memurun Sesi Haber Merkezi","Tahmini okuma s\u00fcresi":"1 dakika"},"schema":{"@context":"https:\/\/schema.org","@graph":[{"@type":"Article","@id":"https:\/\/memurunsesi.net\/index.php\/2025\/06\/13\/yabanci-cobanlar-icin-calisma-izni-basvurulari-basladi\/#article","isPartOf":{"@id":"https:\/\/memurunsesi.net\/index.php\/2025\/06\/13\/yabanci-cobanlar-icin-calisma-izni-basvurulari-basladi\/"},"author":{"name":"Memurun Sesi Haber Merkezi","@id":"https:\/\/memurunsesi.net\/#\/schema\/person\/f21c2d73b89f6ee1d80b0a1803e38587"},"headline":"Yabanc\u0131 \u00e7obanlar i\u00e7in \u00e7al\u0131\u015fma izni ba\u015fvurular\u0131 ba\u015flad\u0131","datePublished":"2025-06-13T07:43:32+00:00","mainEntityOfPage":{"@id":"https:\/\/memurunsesi.net\/index.php\/2025\/06\/13\/yabanci-cobanlar-icin-calisma-izni-basvurulari-basladi\/"},"wordCount":318,"commentCount":0,"publisher":{"@id":"https:\/\/memurunsesi.net\/#organization"},"image":{"@id":"https:\/\/memurunsesi.net\/index.php\/2025\/06\/13\/yabanci-cobanlar-icin-calisma-izni-basvurulari-basladi\/#primaryimage"},"thumbnailUrl":"https:\/\/memurunsesi.net\/wp-content\/uploads\/2025\/06\/AW475152_01-scaled.jpg","articleSection":["T\u00fcm Haberler"],"inLanguage":"tr","potentialAction":[{"@type":"CommentAction","name":"Comment","target":["https:\/\/memurunsesi.net\/index.php\/2025\/06\/13\/yabanci-cobanlar-icin-calisma-izni-basvurulari-basladi\/#respond"]}]},{"@type":"WebPage","@id":"https:\/\/memurunsesi.net\/index.php\/2025\/06\/13\/yabanci-cobanlar-icin-calisma-izni-basvurulari-basladi\/","url":"https:\/\/memurunsesi.net\/index.php\/2025\/06\/13\/yabanci-cobanlar-icin-calisma-izni-basvurulari-basladi\/","name":"Yabanc\u0131 \u00e7obanlar i\u00e7in \u00e7al\u0131\u015fma izni ba\u015fvurular\u0131 ba\u015flad\u0131 - Memurun Sesi","isPartOf":{"@id":"https:\/\/memurunsesi.net\/#website"},"primaryImageOfPage":{"@id":"https:\/\/memurunsesi.net\/index.php\/2025\/06\/13\/yabanci-cobanlar-icin-calisma-izni-basvurulari-basladi\/#primaryimage"},"image":{"@id":"https:\/\/memurunsesi.net\/index.php\/2025\/06\/13\/yabanci-cobanlar-icin-calisma-izni-basvurulari-basladi\/#primaryimage"},"thumbnailUrl":"https:\/\/memurunsesi.net\/wp-content\/uploads\/2025\/06\/AW475152_01-scaled.jpg","datePublished":"2025-06-13T07:43:32+00:00","breadcrumb":{"@id":"https:\/\/memurunsesi.net\/index.php\/2025\/06\/13\/yabanci-cobanlar-icin-calisma-izni-basvurulari-basladi\/#breadcrumb"},"inLanguage":"tr","potentialAction":[{"@type":"ReadAction","target":["https:\/\/memurunsesi.net\/index.php\/2025\/06\/13\/yabanci-cobanlar-icin-calisma-izni-basvurulari-basladi\/"]}]},{"@type":"ImageObject","inLanguage":"tr","@id":"https:\/\/memurunsesi.net\/index.php\/2025\/06\/13\/yabanci-cobanlar-icin-calisma-izni-basvurulari-basladi\/#primaryimage","url":"https:\/\/memurunsesi.net\/wp-content\/uploads\/2025\/06\/AW475152_01-scaled.jpg","contentUrl":"https:\/\/memurunsesi.net\/wp-content\/uploads\/2025\/06\/AW475152_01-scaled.jpg","width":2047,"height":2560,"caption":"HAYVANCILIK \u0130\u015eLETMELER\u0130NDE \u0130ST\u0130HDAM ED\u0130LECEK YABANCI \u00c7OBAN VE HAYVAN BAKICILARI \u0130\u00c7\u0130N \u00c7ALI\u015eMA \u0130ZN\u0130 BA\u015eVURULARI BA\u015eLADI (\u0130HA\/ANKARA-\u0130HA) Hayvanc\u0131l\u0131k i\u015fletmelerinde istihdam edilecek yabanc\u0131 \u00e7oban ve hayvan bak\u0131c\u0131lar\u0131 i\u00e7in \u00e7al\u0131\u015fma izni ba\u015fvurular\u0131 ba\u015flad\u0131"},{"@type":"BreadcrumbList","@id":"https:\/\/memurunsesi.net\/index.php\/2025\/06\/13\/yabanci-cobanlar-icin-calisma-izni-basvurulari-basladi\/#breadcrumb","itemListElement":[{"@type":"ListItem","position":1,"name":"Anasayfa","item":"https:\/\/memurunsesi.net\/"},{"@type":"ListItem","position":2,"name":"Yabanc\u0131 \u00e7obanlar i\u00e7in \u00e7al\u0131\u015fma izni ba\u015fvurular\u0131 ba\u015flad\u0131"}]},{"@type":"WebSite","@id":"https:\/\/memurunsesi.net\/#website","url":"https:\/\/memurunsesi.net\/","name":"Memurun Sesi","description":"G\u00fcncel ve Do\u011fru Haber","publisher":{"@id":"https:\/\/memurunsesi.net\/#organization"},"potentialAction":[{"@type":"SearchAction","target":{"@type":"EntryPoint","urlTemplate":"https:\/\/memurunsesi.net\/?s={search_term_string}"},"query-input":{"@type":"PropertyValueSpecification","valueRequired":true,"valueName":"search_term_string"}}],"inLanguage":"tr"},{"@type":"Organization","@id":"https:\/\/memurunsesi.net\/#organization","name":"Memurun Sesi","url":"https:\/\/memurunsesi.net\/","logo":{"@type":"ImageObject","inLanguage":"tr","@id":"https:\/\/memurunsesi.net\/#\/schema\/logo\/image\/","url":"https:\/\/memurunsesi.net\/wp-content\/uploads\/2025\/11\/cropped-MEMURUN-SESI.png","contentUrl":"https:\/\/memurunsesi.net\/wp-content\/uploads\/2025\/11\/cropped-MEMURUN-SESI.png","width":238,"height":57,"caption":"Memurun Sesi"},"image":{"@id":"https:\/\/memurunsesi.net\/#\/schema\/logo\/image\/"},"sameAs":["https:\/\/www.facebook.com\/unipersen\/?locale=tr_TR","https:\/\/x.com\/unipersen"]},{"@type":"Person","@id":"https:\/\/memurunsesi.net\/#\/schema\/person\/f21c2d73b89f6ee1d80b0a1803e38587","name":"Memurun Sesi Haber Merkezi","image":{"@type":"ImageObject","inLanguage":"tr","@id":"https:\/\/secure.gravatar.com\/avatar\/6cf0505f452ee753f485014986fab09a434671d2b919ee76fc541025c5876a70?s=96&d=mm&r=g","url":"https:\/\/secure.gravatar.com\/avatar\/6cf0505f452ee753f485014986fab09a434671d2b919ee76fc541025c5876a70?s=96&d=mm&r=g","contentUrl":"https:\/\/secure.gravatar.com\/avatar\/6cf0505f452ee753f485014986fab09a434671d2b919ee76fc541025c5876a70?s=96&d=mm&r=g","caption":"Memurun Sesi Haber Merkezi"},"sameAs":["https:\/\/memurunsesi.net"],"url":"https:\/\/memurunsesi.net\/index.php\/author\/uniper\/"}]}},"_links":{"self":[{"href":"https:\/\/memurunsesi.net\/index.php\/wp-json\/wp\/v2\/posts\/7962","targetHints":{"allow":["GET"]}}],"collection":[{"href":"https:\/\/memurunsesi.net\/index.php\/wp-json\/wp\/v2\/posts"}],"about":[{"href":"https:\/\/memurunsesi.net\/index.php\/wp-json\/wp\/v2\/types\/post"}],"author":[{"embeddable":true,"href":"https:\/\/memurunsesi.net\/index.php\/wp-json\/wp\/v2\/users\/1"}],"replies":[{"embeddable":true,"href":"https:\/\/memurunsesi.net\/index.php\/wp-json\/wp\/v2\/comments?post=7962"}],"version-history":[{"count":1,"href":"https:\/\/memurunsesi.net\/index.php\/wp-json\/wp\/v2\/posts\/7962\/revisions"}],"predecessor-version":[{"id":7964,"href":"https:\/\/memurunsesi.net\/index.php\/wp-json\/wp\/v2\/posts\/7962\/revisions\/7964"}],"wp:featuredmedia":[{"embeddable":true,"href":"https:\/\/memurunsesi.net\/index.php\/wp-json\/wp\/v2\/media\/7963"}],"wp:attachment":[{"href":"https:\/\/memurunsesi.net\/index.php\/wp-json\/wp\/v2\/media?parent=7962"}],"wp:term":[{"taxonomy":"category","embeddable":true,"href":"https:\/\/memurunsesi.net\/index.php\/wp-json\/wp\/v2\/categories?post=7962"},{"taxonomy":"post_tag","embeddable":true,"href":"https:\/\/memurunsesi.net\/index.php\/wp-json\/wp\/v2\/tags?post=7962"}],"curies":[{"name":"wp","href":"https:\/\/api.w.org\/{rel}","templated":true}]}}