{"id":7968,"date":"2025-06-13T14:15:11","date_gmt":"2025-06-13T11:15:11","guid":{"rendered":"https:\/\/memurunsesi.net\/?p=7968"},"modified":"2025-06-13T14:15:11","modified_gmt":"2025-06-13T11:15:11","slug":"tbmm-zirai-don-olayini-arastirma-komisyonu-duzcede","status":"publish","type":"post","link":"https:\/\/memurunsesi.net\/index.php\/2025\/06\/13\/tbmm-zirai-don-olayini-arastirma-komisyonu-duzcede\/","title":{"rendered":"TBMM Zirai Don Olay\u0131n\u0131 Ara\u015ft\u0131rma Komisyonu D\u00fczce&#8217;de"},"content":{"rendered":"<p>   T\u00fcrkiye B\u00fcy\u00fck Millet Meclisi (TBMM) Zirai Don Olay\u0131n\u0131 Ara\u015ft\u0131rma Komisyonu \u00fcyeleri, D\u00fczce&#8217;de zirai dondan etkilenen alanlarda inceleme yapt\u0131.<br \/>\nGe\u00e7ti\u011fimiz Nisan ay\u0131nda etkili olan zirai don olay\u0131ndan D\u00fczce de etkilendi. TBMM Zirai Don Olay\u0131n\u0131 Ara\u015ft\u0131rma Komisyonu, bug\u00fcn kente gelerek Kayna\u015fl\u0131 il\u00e7esine ba\u011fl\u0131 Tavak k\u00f6y\u00fcndeki f\u0131nd\u0131k bah\u00e7elerinde incelemelerde bulundu. Komisyon \u00fcyelerine D\u00fczce Tar\u0131m ve Orman \u0130l M\u00fcd\u00fcr\u00fc Esra Uzun e\u015flik etti. Ayr\u0131ca \u00fcyeler, \u00e7ift\u00e7ilerle de bir araya geldi. Gazetecilere a\u00e7\u0131klamalarda bulunan \u0130l M\u00fcd\u00fcr\u00fc Esra Uzun, &#8220;10-12 Nisan tarihlerinde ilimizde meydana gelen zirai don olay\u0131ndan kademeli olarak zarar g\u00f6r\u00fcld\u00fc. 400 rak\u0131m\u0131n \u00fczerindeki b\u00f6lgelerde zarar oranlar\u0131 de\u011fi\u015fmekle birlikte, 800 ila 1000 rak\u0131m aras\u0131nda zararlar s\u00f6z konusu. Bulundu\u011fumuz alan 650 rak\u0131mda yer al\u0131yor ve bah\u00e7enin tamam\u0131 zarar g\u00f6rm\u00fc\u015f durumda. Kayna\u015fl\u0131 il\u00e7emizde 720 \u00e7ift\u00e7iden dilek\u00e7e ald\u0131k. Zarar tespit \u00e7al\u0131\u015fmalar\u0131 yap\u0131larak Bakanl\u0131\u011f\u0131m\u0131za bildirildi&#8221; ifadelerini kulland\u0131. <\/p>\n<p>13.06.2025                               <\/p>\n","protected":false},"excerpt":{"rendered":"<p>T\u00fcrkiye B\u00fcy\u00fck Millet Meclisi (TBMM) Zirai Don Olay\u0131n\u0131 Ara\u015ft\u0131rma Komisyonu \u00fcyeleri, D\u00fczce&#8217;de zirai dondan etkilenen alanlarda inceleme yapt\u0131. Ge\u00e7ti\u011fimiz Nisan ay\u0131nda etkili olan zirai don olay\u0131ndan D\u00fczce de etkilendi. TBMM Zirai Don Olay\u0131n\u0131 Ara\u015ft\u0131rma Komisyonu, bug\u00fcn kente gelerek Kayna\u015fl\u0131 il\u00e7esine ba\u011fl\u0131 Tavak k\u00f6y\u00fcndeki f\u0131nd\u0131k bah\u00e7elerinde incelemelerde bulundu. Komisyon \u00fcyelerine D\u00fczce Tar\u0131m ve Orman \u0130l M\u00fcd\u00fcr\u00fc [&hellip;]<\/p>\n","protected":false},"author":1,"featured_media":7969,"comment_status":"open","ping_status":"open","sticky":false,"template":"","format":"standard","meta":{"footnotes":""},"categories":[50],"tags":[],"class_list":["post-7968","post","type-post","status-publish","format-standard","has-post-thumbnail","hentry","category-tum-haberler"],"yoast_head":"<!-- This site is optimized with the Yoast SEO plugin v27.4 - https:\/\/yoast.com\/product\/yoast-seo-wordpress\/ -->\n<title>TBMM Zirai Don Olay\u0131n\u0131 Ara\u015ft\u0131rma Komisyonu D\u00fczce&#039;de - Memurun Sesi<\/title>\n<meta name=\"robots\" content=\"index, follow, max-snippet:-1, max-image-preview:large, max-video-preview:-1\" \/>\n<link rel=\"canonical\" href=\"https:\/\/memurunsesi.net\/index.php\/2025\/06\/13\/tbmm-zirai-don-olayini-arastirma-komisyonu-duzcede\/\" \/>\n<meta property=\"og:locale\" content=\"tr_TR\" \/>\n<meta property=\"og:type\" content=\"article\" \/>\n<meta property=\"og:title\" content=\"TBMM Zirai Don Olay\u0131n\u0131 Ara\u015ft\u0131rma Komisyonu D\u00fczce&#039;de - Memurun Sesi\" \/>\n<meta property=\"og:description\" content=\"T\u00fcrkiye B\u00fcy\u00fck Millet Meclisi (TBMM) Zirai Don Olay\u0131n\u0131 Ara\u015ft\u0131rma Komisyonu \u00fcyeleri, D\u00fczce&#8217;de zirai dondan etkilenen alanlarda inceleme yapt\u0131. Ge\u00e7ti\u011fimiz Nisan ay\u0131nda etkili olan zirai don olay\u0131ndan D\u00fczce de etkilendi. TBMM Zirai Don Olay\u0131n\u0131 Ara\u015ft\u0131rma Komisyonu, bug\u00fcn kente gelerek Kayna\u015fl\u0131 il\u00e7esine ba\u011fl\u0131 Tavak k\u00f6y\u00fcndeki f\u0131nd\u0131k bah\u00e7elerinde incelemelerde bulundu. Komisyon \u00fcyelerine D\u00fczce Tar\u0131m ve Orman \u0130l M\u00fcd\u00fcr\u00fc [&hellip;]\" \/>\n<meta property=\"og:url\" content=\"https:\/\/memurunsesi.net\/index.php\/2025\/06\/13\/tbmm-zirai-don-olayini-arastirma-komisyonu-duzcede\/\" \/>\n<meta property=\"og:site_name\" content=\"Memurun Sesi\" \/>\n<meta property=\"article:publisher\" content=\"https:\/\/www.facebook.com\/unipersen\/?locale=tr_TR\" \/>\n<meta property=\"article:published_time\" content=\"2025-06-13T11:15:11+00:00\" \/>\n<meta property=\"og:image\" content=\"https:\/\/memurunsesi.net\/wp-content\/uploads\/2025\/06\/AW475398_01-scaled.jpg\" \/>\n\t<meta property=\"og:image:width\" content=\"2560\" \/>\n\t<meta property=\"og:image:height\" content=\"1440\" \/>\n\t<meta property=\"og:image:type\" content=\"image\/jpeg\" \/>\n<meta name=\"author\" content=\"Memurun Sesi Haber Merkezi\" \/>\n<meta name=\"twitter:card\" content=\"summary_large_image\" \/>\n<meta name=\"twitter:creator\" content=\"@unipersen\" \/>\n<meta name=\"twitter:site\" content=\"@unipersen\" \/>\n<meta name=\"twitter:label1\" content=\"Yazan:\" \/>\n\t<meta name=\"twitter:data1\" content=\"Memurun Sesi Haber Merkezi\" \/>\n\t<meta name=\"twitter:label2\" content=\"Tahmini okuma s\u00fcresi\" \/>\n\t<meta name=\"twitter:data2\" content=\"1 dakika\" \/>\n<script type=\"application\/ld+json\" class=\"yoast-schema-graph\">{\"@context\":\"https:\\\/\\\/schema.org\",\"@graph\":[{\"@type\":\"Article\",\"@id\":\"https:\\\/\\\/memurunsesi.net\\\/index.php\\\/2025\\\/06\\\/13\\\/tbmm-zirai-don-olayini-arastirma-komisyonu-duzcede\\\/#article\",\"isPartOf\":{\"@id\":\"https:\\\/\\\/memurunsesi.net\\\/index.php\\\/2025\\\/06\\\/13\\\/tbmm-zirai-don-olayini-arastirma-komisyonu-duzcede\\\/\"},\"author\":{\"name\":\"Memurun Sesi Haber Merkezi\",\"@id\":\"https:\\\/\\\/memurunsesi.net\\\/#\\\/schema\\\/person\\\/f21c2d73b89f6ee1d80b0a1803e38587\"},\"headline\":\"TBMM Zirai Don Olay\u0131n\u0131 Ara\u015ft\u0131rma Komisyonu D\u00fczce&#8217;de\",\"datePublished\":\"2025-06-13T11:15:11+00:00\",\"mainEntityOfPage\":{\"@id\":\"https:\\\/\\\/memurunsesi.net\\\/index.php\\\/2025\\\/06\\\/13\\\/tbmm-zirai-don-olayini-arastirma-komisyonu-duzcede\\\/\"},\"wordCount\":195,\"commentCount\":0,\"publisher\":{\"@id\":\"https:\\\/\\\/memurunsesi.net\\\/#organization\"},\"image\":{\"@id\":\"https:\\\/\\\/memurunsesi.net\\\/index.php\\\/2025\\\/06\\\/13\\\/tbmm-zirai-don-olayini-arastirma-komisyonu-duzcede\\\/#primaryimage\"},\"thumbnailUrl\":\"https:\\\/\\\/memurunsesi.net\\\/wp-content\\\/uploads\\\/2025\\\/06\\\/AW475398_01-scaled.jpg\",\"articleSection\":[\"T\u00fcm Haberler\"],\"inLanguage\":\"tr\",\"potentialAction\":[{\"@type\":\"CommentAction\",\"name\":\"Comment\",\"target\":[\"https:\\\/\\\/memurunsesi.net\\\/index.php\\\/2025\\\/06\\\/13\\\/tbmm-zirai-don-olayini-arastirma-komisyonu-duzcede\\\/#respond\"]}]},{\"@type\":\"WebPage\",\"@id\":\"https:\\\/\\\/memurunsesi.net\\\/index.php\\\/2025\\\/06\\\/13\\\/tbmm-zirai-don-olayini-arastirma-komisyonu-duzcede\\\/\",\"url\":\"https:\\\/\\\/memurunsesi.net\\\/index.php\\\/2025\\\/06\\\/13\\\/tbmm-zirai-don-olayini-arastirma-komisyonu-duzcede\\\/\",\"name\":\"TBMM Zirai Don Olay\u0131n\u0131 Ara\u015ft\u0131rma Komisyonu D\u00fczce'de - Memurun Sesi\",\"isPartOf\":{\"@id\":\"https:\\\/\\\/memurunsesi.net\\\/#website\"},\"primaryImageOfPage\":{\"@id\":\"https:\\\/\\\/memurunsesi.net\\\/index.php\\\/2025\\\/06\\\/13\\\/tbmm-zirai-don-olayini-arastirma-komisyonu-duzcede\\\/#primaryimage\"},\"image\":{\"@id\":\"https:\\\/\\\/memurunsesi.net\\\/index.php\\\/2025\\\/06\\\/13\\\/tbmm-zirai-don-olayini-arastirma-komisyonu-duzcede\\\/#primaryimage\"},\"thumbnailUrl\":\"https:\\\/\\\/memurunsesi.net\\\/wp-content\\\/uploads\\\/2025\\\/06\\\/AW475398_01-scaled.jpg\",\"datePublished\":\"2025-06-13T11:15:11+00:00\",\"breadcrumb\":{\"@id\":\"https:\\\/\\\/memurunsesi.net\\\/index.php\\\/2025\\\/06\\\/13\\\/tbmm-zirai-don-olayini-arastirma-komisyonu-duzcede\\\/#breadcrumb\"},\"inLanguage\":\"tr\",\"potentialAction\":[{\"@type\":\"ReadAction\",\"target\":[\"https:\\\/\\\/memurunsesi.net\\\/index.php\\\/2025\\\/06\\\/13\\\/tbmm-zirai-don-olayini-arastirma-komisyonu-duzcede\\\/\"]}]},{\"@type\":\"ImageObject\",\"inLanguage\":\"tr\",\"@id\":\"https:\\\/\\\/memurunsesi.net\\\/index.php\\\/2025\\\/06\\\/13\\\/tbmm-zirai-don-olayini-arastirma-komisyonu-duzcede\\\/#primaryimage\",\"url\":\"https:\\\/\\\/memurunsesi.net\\\/wp-content\\\/uploads\\\/2025\\\/06\\\/AW475398_01-scaled.jpg\",\"contentUrl\":\"https:\\\/\\\/memurunsesi.net\\\/wp-content\\\/uploads\\\/2025\\\/06\\\/AW475398_01-scaled.jpg\",\"width\":2560,\"height\":1440,\"caption\":\"T\u00dcRK\u0130YE B\u00dcY\u00dcK M\u0130LLET MECL\u0130S\u0130 (TBMM) Z\u0130RA\u0130 DON OLAYINI ARA\u015eTIRMA KOM\u0130SYONU \u00dcYELER\u0130, D\u00dcZCE'DE Z\u0130RA\u0130 DONDAN ETK\u0130LENEN ALANLARDA \u0130NCELEME YAPTI. (AL\u0130 YILDIZ - ENES BEKTA\u015e\\\/D\u00dcZCE-\u0130HA) T\u00fcrkiye B\u00fcy\u00fck Millet Meclisi (TBMM) Zirai Don Olay\u0131n\u0131 Ara\u015ft\u0131rma Komisyonu \u00fcyeleri, D\u00fczce'de zirai dondan etkilenen alanlarda inceleme yapt\u0131.\"},{\"@type\":\"BreadcrumbList\",\"@id\":\"https:\\\/\\\/memurunsesi.net\\\/index.php\\\/2025\\\/06\\\/13\\\/tbmm-zirai-don-olayini-arastirma-komisyonu-duzcede\\\/#breadcrumb\",\"itemListElement\":[{\"@type\":\"ListItem\",\"position\":1,\"name\":\"Anasayfa\",\"item\":\"https:\\\/\\\/memurunsesi.net\\\/\"},{\"@type\":\"ListItem\",\"position\":2,\"name\":\"TBMM Zirai Don Olay\u0131n\u0131 Ara\u015ft\u0131rma Komisyonu D\u00fczce&#8217;de\"}]},{\"@type\":\"WebSite\",\"@id\":\"https:\\\/\\\/memurunsesi.net\\\/#website\",\"url\":\"https:\\\/\\\/memurunsesi.net\\\/\",\"name\":\"Memurun Sesi\",\"description\":\"G\u00fcncel ve Do\u011fru Haber\",\"publisher\":{\"@id\":\"https:\\\/\\\/memurunsesi.net\\\/#organization\"},\"potentialAction\":[{\"@type\":\"SearchAction\",\"target\":{\"@type\":\"EntryPoint\",\"urlTemplate\":\"https:\\\/\\\/memurunsesi.net\\\/?s={search_term_string}\"},\"query-input\":{\"@type\":\"PropertyValueSpecification\",\"valueRequired\":true,\"valueName\":\"search_term_string\"}}],\"inLanguage\":\"tr\"},{\"@type\":\"Organization\",\"@id\":\"https:\\\/\\\/memurunsesi.net\\\/#organization\",\"name\":\"Memurun Sesi\",\"url\":\"https:\\\/\\\/memurunsesi.net\\\/\",\"logo\":{\"@type\":\"ImageObject\",\"inLanguage\":\"tr\",\"@id\":\"https:\\\/\\\/memurunsesi.net\\\/#\\\/schema\\\/logo\\\/image\\\/\",\"url\":\"https:\\\/\\\/memurunsesi.net\\\/wp-content\\\/uploads\\\/2025\\\/11\\\/cropped-MEMURUN-SESI.png\",\"contentUrl\":\"https:\\\/\\\/memurunsesi.net\\\/wp-content\\\/uploads\\\/2025\\\/11\\\/cropped-MEMURUN-SESI.png\",\"width\":238,\"height\":57,\"caption\":\"Memurun Sesi\"},\"image\":{\"@id\":\"https:\\\/\\\/memurunsesi.net\\\/#\\\/schema\\\/logo\\\/image\\\/\"},\"sameAs\":[\"https:\\\/\\\/www.facebook.com\\\/unipersen\\\/?locale=tr_TR\",\"https:\\\/\\\/x.com\\\/unipersen\"]},{\"@type\":\"Person\",\"@id\":\"https:\\\/\\\/memurunsesi.net\\\/#\\\/schema\\\/person\\\/f21c2d73b89f6ee1d80b0a1803e38587\",\"name\":\"Memurun Sesi Haber Merkezi\",\"image\":{\"@type\":\"ImageObject\",\"inLanguage\":\"tr\",\"@id\":\"https:\\\/\\\/secure.gravatar.com\\\/avatar\\\/6cf0505f452ee753f485014986fab09a434671d2b919ee76fc541025c5876a70?s=96&d=mm&r=g\",\"url\":\"https:\\\/\\\/secure.gravatar.com\\\/avatar\\\/6cf0505f452ee753f485014986fab09a434671d2b919ee76fc541025c5876a70?s=96&d=mm&r=g\",\"contentUrl\":\"https:\\\/\\\/secure.gravatar.com\\\/avatar\\\/6cf0505f452ee753f485014986fab09a434671d2b919ee76fc541025c5876a70?s=96&d=mm&r=g\",\"caption\":\"Memurun Sesi Haber Merkezi\"},\"sameAs\":[\"https:\\\/\\\/memurunsesi.net\"],\"url\":\"https:\\\/\\\/memurunsesi.net\\\/index.php\\\/author\\\/uniper\\\/\"}]}<\/script>\n<!-- \/ Yoast SEO plugin. -->","yoast_head_json":{"title":"TBMM Zirai Don Olay\u0131n\u0131 Ara\u015ft\u0131rma Komisyonu D\u00fczce'de - Memurun Sesi","robots":{"index":"index","follow":"follow","max-snippet":"max-snippet:-1","max-image-preview":"max-image-preview:large","max-video-preview":"max-video-preview:-1"},"canonical":"https:\/\/memurunsesi.net\/index.php\/2025\/06\/13\/tbmm-zirai-don-olayini-arastirma-komisyonu-duzcede\/","og_locale":"tr_TR","og_type":"article","og_title":"TBMM Zirai Don Olay\u0131n\u0131 Ara\u015ft\u0131rma Komisyonu D\u00fczce'de - Memurun Sesi","og_description":"T\u00fcrkiye B\u00fcy\u00fck Millet Meclisi (TBMM) Zirai Don Olay\u0131n\u0131 Ara\u015ft\u0131rma Komisyonu \u00fcyeleri, D\u00fczce&#8217;de zirai dondan etkilenen alanlarda inceleme yapt\u0131. Ge\u00e7ti\u011fimiz Nisan ay\u0131nda etkili olan zirai don olay\u0131ndan D\u00fczce de etkilendi. TBMM Zirai Don Olay\u0131n\u0131 Ara\u015ft\u0131rma Komisyonu, bug\u00fcn kente gelerek Kayna\u015fl\u0131 il\u00e7esine ba\u011fl\u0131 Tavak k\u00f6y\u00fcndeki f\u0131nd\u0131k bah\u00e7elerinde incelemelerde bulundu. Komisyon \u00fcyelerine D\u00fczce Tar\u0131m ve Orman \u0130l M\u00fcd\u00fcr\u00fc [&hellip;]","og_url":"https:\/\/memurunsesi.net\/index.php\/2025\/06\/13\/tbmm-zirai-don-olayini-arastirma-komisyonu-duzcede\/","og_site_name":"Memurun Sesi","article_publisher":"https:\/\/www.facebook.com\/unipersen\/?locale=tr_TR","article_published_time":"2025-06-13T11:15:11+00:00","og_image":[{"width":2560,"height":1440,"url":"https:\/\/memurunsesi.net\/wp-content\/uploads\/2025\/06\/AW475398_01-scaled.jpg","type":"image\/jpeg"}],"author":"Memurun Sesi Haber Merkezi","twitter_card":"summary_large_image","twitter_creator":"@unipersen","twitter_site":"@unipersen","twitter_misc":{"Yazan:":"Memurun Sesi Haber Merkezi","Tahmini okuma s\u00fcresi":"1 dakika"},"schema":{"@context":"https:\/\/schema.org","@graph":[{"@type":"Article","@id":"https:\/\/memurunsesi.net\/index.php\/2025\/06\/13\/tbmm-zirai-don-olayini-arastirma-komisyonu-duzcede\/#article","isPartOf":{"@id":"https:\/\/memurunsesi.net\/index.php\/2025\/06\/13\/tbmm-zirai-don-olayini-arastirma-komisyonu-duzcede\/"},"author":{"name":"Memurun Sesi Haber Merkezi","@id":"https:\/\/memurunsesi.net\/#\/schema\/person\/f21c2d73b89f6ee1d80b0a1803e38587"},"headline":"TBMM Zirai Don Olay\u0131n\u0131 Ara\u015ft\u0131rma Komisyonu D\u00fczce&#8217;de","datePublished":"2025-06-13T11:15:11+00:00","mainEntityOfPage":{"@id":"https:\/\/memurunsesi.net\/index.php\/2025\/06\/13\/tbmm-zirai-don-olayini-arastirma-komisyonu-duzcede\/"},"wordCount":195,"commentCount":0,"publisher":{"@id":"https:\/\/memurunsesi.net\/#organization"},"image":{"@id":"https:\/\/memurunsesi.net\/index.php\/2025\/06\/13\/tbmm-zirai-don-olayini-arastirma-komisyonu-duzcede\/#primaryimage"},"thumbnailUrl":"https:\/\/memurunsesi.net\/wp-content\/uploads\/2025\/06\/AW475398_01-scaled.jpg","articleSection":["T\u00fcm Haberler"],"inLanguage":"tr","potentialAction":[{"@type":"CommentAction","name":"Comment","target":["https:\/\/memurunsesi.net\/index.php\/2025\/06\/13\/tbmm-zirai-don-olayini-arastirma-komisyonu-duzcede\/#respond"]}]},{"@type":"WebPage","@id":"https:\/\/memurunsesi.net\/index.php\/2025\/06\/13\/tbmm-zirai-don-olayini-arastirma-komisyonu-duzcede\/","url":"https:\/\/memurunsesi.net\/index.php\/2025\/06\/13\/tbmm-zirai-don-olayini-arastirma-komisyonu-duzcede\/","name":"TBMM Zirai Don Olay\u0131n\u0131 Ara\u015ft\u0131rma Komisyonu D\u00fczce'de - Memurun Sesi","isPartOf":{"@id":"https:\/\/memurunsesi.net\/#website"},"primaryImageOfPage":{"@id":"https:\/\/memurunsesi.net\/index.php\/2025\/06\/13\/tbmm-zirai-don-olayini-arastirma-komisyonu-duzcede\/#primaryimage"},"image":{"@id":"https:\/\/memurunsesi.net\/index.php\/2025\/06\/13\/tbmm-zirai-don-olayini-arastirma-komisyonu-duzcede\/#primaryimage"},"thumbnailUrl":"https:\/\/memurunsesi.net\/wp-content\/uploads\/2025\/06\/AW475398_01-scaled.jpg","datePublished":"2025-06-13T11:15:11+00:00","breadcrumb":{"@id":"https:\/\/memurunsesi.net\/index.php\/2025\/06\/13\/tbmm-zirai-don-olayini-arastirma-komisyonu-duzcede\/#breadcrumb"},"inLanguage":"tr","potentialAction":[{"@type":"ReadAction","target":["https:\/\/memurunsesi.net\/index.php\/2025\/06\/13\/tbmm-zirai-don-olayini-arastirma-komisyonu-duzcede\/"]}]},{"@type":"ImageObject","inLanguage":"tr","@id":"https:\/\/memurunsesi.net\/index.php\/2025\/06\/13\/tbmm-zirai-don-olayini-arastirma-komisyonu-duzcede\/#primaryimage","url":"https:\/\/memurunsesi.net\/wp-content\/uploads\/2025\/06\/AW475398_01-scaled.jpg","contentUrl":"https:\/\/memurunsesi.net\/wp-content\/uploads\/2025\/06\/AW475398_01-scaled.jpg","width":2560,"height":1440,"caption":"T\u00dcRK\u0130YE B\u00dcY\u00dcK M\u0130LLET MECL\u0130S\u0130 (TBMM) Z\u0130RA\u0130 DON OLAYINI ARA\u015eTIRMA KOM\u0130SYONU \u00dcYELER\u0130, D\u00dcZCE'DE Z\u0130RA\u0130 DONDAN ETK\u0130LENEN ALANLARDA \u0130NCELEME YAPTI. (AL\u0130 YILDIZ - ENES BEKTA\u015e\/D\u00dcZCE-\u0130HA) T\u00fcrkiye B\u00fcy\u00fck Millet Meclisi (TBMM) Zirai Don Olay\u0131n\u0131 Ara\u015ft\u0131rma Komisyonu \u00fcyeleri, D\u00fczce'de zirai dondan etkilenen alanlarda inceleme yapt\u0131."},{"@type":"BreadcrumbList","@id":"https:\/\/memurunsesi.net\/index.php\/2025\/06\/13\/tbmm-zirai-don-olayini-arastirma-komisyonu-duzcede\/#breadcrumb","itemListElement":[{"@type":"ListItem","position":1,"name":"Anasayfa","item":"https:\/\/memurunsesi.net\/"},{"@type":"ListItem","position":2,"name":"TBMM Zirai Don Olay\u0131n\u0131 Ara\u015ft\u0131rma Komisyonu D\u00fczce&#8217;de"}]},{"@type":"WebSite","@id":"https:\/\/memurunsesi.net\/#website","url":"https:\/\/memurunsesi.net\/","name":"Memurun Sesi","description":"G\u00fcncel ve Do\u011fru Haber","publisher":{"@id":"https:\/\/memurunsesi.net\/#organization"},"potentialAction":[{"@type":"SearchAction","target":{"@type":"EntryPoint","urlTemplate":"https:\/\/memurunsesi.net\/?s={search_term_string}"},"query-input":{"@type":"PropertyValueSpecification","valueRequired":true,"valueName":"search_term_string"}}],"inLanguage":"tr"},{"@type":"Organization","@id":"https:\/\/memurunsesi.net\/#organization","name":"Memurun Sesi","url":"https:\/\/memurunsesi.net\/","logo":{"@type":"ImageObject","inLanguage":"tr","@id":"https:\/\/memurunsesi.net\/#\/schema\/logo\/image\/","url":"https:\/\/memurunsesi.net\/wp-content\/uploads\/2025\/11\/cropped-MEMURUN-SESI.png","contentUrl":"https:\/\/memurunsesi.net\/wp-content\/uploads\/2025\/11\/cropped-MEMURUN-SESI.png","width":238,"height":57,"caption":"Memurun Sesi"},"image":{"@id":"https:\/\/memurunsesi.net\/#\/schema\/logo\/image\/"},"sameAs":["https:\/\/www.facebook.com\/unipersen\/?locale=tr_TR","https:\/\/x.com\/unipersen"]},{"@type":"Person","@id":"https:\/\/memurunsesi.net\/#\/schema\/person\/f21c2d73b89f6ee1d80b0a1803e38587","name":"Memurun Sesi Haber Merkezi","image":{"@type":"ImageObject","inLanguage":"tr","@id":"https:\/\/secure.gravatar.com\/avatar\/6cf0505f452ee753f485014986fab09a434671d2b919ee76fc541025c5876a70?s=96&d=mm&r=g","url":"https:\/\/secure.gravatar.com\/avatar\/6cf0505f452ee753f485014986fab09a434671d2b919ee76fc541025c5876a70?s=96&d=mm&r=g","contentUrl":"https:\/\/secure.gravatar.com\/avatar\/6cf0505f452ee753f485014986fab09a434671d2b919ee76fc541025c5876a70?s=96&d=mm&r=g","caption":"Memurun Sesi Haber Merkezi"},"sameAs":["https:\/\/memurunsesi.net"],"url":"https:\/\/memurunsesi.net\/index.php\/author\/uniper\/"}]}},"_links":{"self":[{"href":"https:\/\/memurunsesi.net\/index.php\/wp-json\/wp\/v2\/posts\/7968","targetHints":{"allow":["GET"]}}],"collection":[{"href":"https:\/\/memurunsesi.net\/index.php\/wp-json\/wp\/v2\/posts"}],"about":[{"href":"https:\/\/memurunsesi.net\/index.php\/wp-json\/wp\/v2\/types\/post"}],"author":[{"embeddable":true,"href":"https:\/\/memurunsesi.net\/index.php\/wp-json\/wp\/v2\/users\/1"}],"replies":[{"embeddable":true,"href":"https:\/\/memurunsesi.net\/index.php\/wp-json\/wp\/v2\/comments?post=7968"}],"version-history":[{"count":1,"href":"https:\/\/memurunsesi.net\/index.php\/wp-json\/wp\/v2\/posts\/7968\/revisions"}],"predecessor-version":[{"id":7970,"href":"https:\/\/memurunsesi.net\/index.php\/wp-json\/wp\/v2\/posts\/7968\/revisions\/7970"}],"wp:featuredmedia":[{"embeddable":true,"href":"https:\/\/memurunsesi.net\/index.php\/wp-json\/wp\/v2\/media\/7969"}],"wp:attachment":[{"href":"https:\/\/memurunsesi.net\/index.php\/wp-json\/wp\/v2\/media?parent=7968"}],"wp:term":[{"taxonomy":"category","embeddable":true,"href":"https:\/\/memurunsesi.net\/index.php\/wp-json\/wp\/v2\/categories?post=7968"},{"taxonomy":"post_tag","embeddable":true,"href":"https:\/\/memurunsesi.net\/index.php\/wp-json\/wp\/v2\/tags?post=7968"}],"curies":[{"name":"wp","href":"https:\/\/api.w.org\/{rel}","templated":true}]}}